{"id":352320,"date":"2017-12-22T00:00:00","date_gmt":"2017-12-22T04:00:00","guid":{"rendered":"https:\/\/casadecampoliving.com\/george-olivo-gana-el-2o-open-internacional-de-golf-el-ser-libre-y-feliz-2017\/"},"modified":"2022-11-10T10:08:55","modified_gmt":"2022-11-10T14:08:55","slug":"george-olivo-gana-el-2o-open-internacional-de-golf-el-ser-libre-y-feliz-2017","status":"publish","type":"post","link":"https:\/\/casadecampoliving.com\/es\/george-olivo-gana-el-2o-open-internacional-de-golf-el-ser-libre-y-feliz-2017\/","title":{"rendered":"George Olivo gana el 2\u00ba Open Internacional de Golf El Ser Libre y Feliz 2017"},"content":{"rendered":"<p>El 2\u00ba Open Internacional de Golf El Ser Libre y Feliz 2017, que cont\u00f3 con el apoyo institucional del Programa de las Naciones Unidas para el Desarrollo (PNUD) y el Consejo Nacional de Discapacidad (CONADIS), se llev\u00f3 a cabo en el campo de golf The Link en Casa de Campo. Con el apoyo de numerosos jugadores, este torneo se organiza en beneficio de la Escuela de Educaci\u00f3n Especial Padre Sebasti\u00e1n Cavalotto donde hay m\u00e1s de 200 estudiantes con discapacidades.<br \/>\n<!--more--><\/p>\n<p><img data-recalc-dims=\"1\" loading=\"lazy\" decoding=\"async\" class=\"aligncenter wp-image-151874 size-full\" src=\"https:\/\/i0.wp.com\/casadecampoliving.com\/wp-content\/uploads\/2022\/10\/IMG_1339.jpg?resize=1000%2C562&#038;ssl=1\" alt=\"\" width=\"1000\" height=\"562\"><\/p>\n<p>El torneo, dirigido por Joaqu\u00edn Montero, comenz\u00f3 a las 12:30 p.m. y cont\u00f3 con la participaci\u00f3n de m\u00e1s de 70 jugadores, compuestos por miembros de la comunidad de Casa de Campo e invitados externos. Este a\u00f1o estuvo dedicado al doctor y golfista, Abel &#8216;Cayo&#8217; Gonz\u00e1lez, quien no solo es un cirujano notable en Santo Domingo sino tambi\u00e9n un \u00e1vido golfista de m\u00e1s de 40 a\u00f1os, con el r\u00e9cord nacional, puertorrique\u00f1o y caribe\u00f1o de doce \u00abhoyos en Uno\u00bb.<\/p>\n<section class=\"social-sharing-top\"><\/section>\n<p><img data-recalc-dims=\"1\" loading=\"lazy\" decoding=\"async\" class=\"aligncenter size-full wp-image-151876\" src=\"https:\/\/i0.wp.com\/casadecampoliving.com\/wp-content\/uploads\/2022\/10\/IMG_1436.jpg?resize=1000%2C667&#038;ssl=1\" alt=\"\" width=\"1000\" height=\"667\"><\/p>\n<p>Un momento especial en el torneo fue la participaci\u00f3n de varios representantes de CONADIS quienes tambi\u00e9n tuvieron la oportunidad de aprender a jugar al golf, que como podemos ver en las im\u00e1genes fue algo que disfrutaron mucho. La fundaci\u00f3n El Ser Libre y Feliz, dirigida por Andr\u00e9s V\u00e9lez Cordero,<a href=\"https:\/\/casadecampoliving.com\/es\/el-ser-libre-y-feliz-por-la-escuela-padre-sebastian-cavalotto\/\" target=\"_blank\" rel=\"noopener\"> que se inaugur\u00f3 el a\u00f1o pasado en la Marina,<\/a> es un proyecto que consiste en mejorar la inclusi\u00f3n educativa de ni\u00f1os y adolescentes con necesidades especiales y tiene como objetivo prepararlos para liderar proyectos productivos y vidas independientes.<\/p>\n<p><img data-recalc-dims=\"1\" loading=\"lazy\" decoding=\"async\" class=\"aligncenter size-full wp-image-151875\" src=\"https:\/\/i0.wp.com\/casadecampoliving.com\/wp-content\/uploads\/2022\/10\/IMG_1373.jpg?resize=1000%2C667&#038;ssl=1\" alt=\"\" width=\"1000\" height=\"667\"><\/p>\n<p>George Olivo gan\u00f3 el mejor puntaje &#8216;Gross&#8217; del torneo, terminando el d\u00eda con un total de 68 golpes, seguido de cerca por Enrique Rodr\u00edguez que termin\u00f3 con 75. Adem\u00e1s, el mejor puntaje neto en la categor\u00eda A fue para Alex Balbuena con un puntaje de 69, seguido de Kevin Rodr\u00edguez, 71. En la divisi\u00f3n B, Mandy Gonz\u00e1lez gan\u00f3 con 64, seguido de Federico F\u00e9lix (66). Marie Lee Coudray, que termin\u00f3 con un puntaje de 67, gan\u00f3 la dama m\u00e1s destacada en el torneo internacional. Tambi\u00e9n hubo varias competiciones en el torneo, el<em> drive m\u00e1s largo<\/em> lo gan\u00f3 Casimiro Rodr\u00edguez, mientras que Juan Carlos Pichardo gan\u00f3 <em>m\u00e1s cercano a la bandera<\/em> en el hoyo 16. Despu\u00e9s del torneo, se celebr\u00f3 una cena de entrega de premios en el Club Caza y Pesca en La Romana.<\/p>\n<p><img data-recalc-dims=\"1\" loading=\"lazy\" decoding=\"async\" class=\"aligncenter size-full wp-image-151878\" src=\"https:\/\/i0.wp.com\/casadecampoliving.com\/wp-content\/uploads\/2022\/10\/IMG_2807.jpg?resize=1000%2C662&#038;ssl=1\" alt=\"\" width=\"1000\" height=\"662\"><\/p>\n<p id=\"tw-target-text\" class=\"tw-data-text tw-ta tw-text-small\" dir=\"ltr\" data-placeholder=\"Translation\"><span lang=\"es\">Durante el evento, Andr\u00e9s V\u00e9lez Cordero, presidente de la asociaci\u00f3n sin \u00e1nimo de lucro &#8216;El Ser Libre Y Feliz&#8217;, instituci\u00f3n coordinadora del torneo, agradeci\u00f3 el apoyo de sus patrocinadores:&nbsp;<\/span>ARS&nbsp;SIMAG,&nbsp; Casa de Campo Resort &amp; Villas, Central Romana Corporation, Ltd, Productos Hig\u00fceral,Grisol\u00eda &amp; Asociados (Abogados),&nbsp; Atlantic Motors, Raas Solar, Cl\u00ednicas Canela, Galenia, Especialidades M\u00e9dicas, escuchamiRADIO.com, Brugal &amp; Cia, Eventos &amp; Catering (by Gladys Qui\u00f1ones),&nbsp; Medios Fiebre de Golf, Casa de Campo Living, Casa Life Magazine, Golfistas Dominicanos, Club de Caza y Pesca Romana, Inc.,<span class=\"m_1064385074549607037m_841189767879940887gmail-m3244285683704042141gmail-apple-converted-space\">&nbsp;<\/span>C\u00e1ceres &amp; Asociados, Agente de Cambio Quezada, Banco Prom\u00e9rica, National Car Rental \/ Alamo, Ferreter\u00eda El Detallista, Ristorante&nbsp;La Casita, Dom Ham y&nbsp;Agua El Ed\u00e9n.<\/p>\n<p id=\"tw-target-text\" class=\"tw-data-text tw-ta tw-text-small\" dir=\"ltr\" data-placeholder=\"Translation\"><span lang=\"es\">La siguiente galer\u00eda de fotos es cortes\u00eda de la fundaci\u00f3n El Ser Libre y Feliz, tomadas durante el torneo de golf el s\u00e1bado, 9 de diciembre en los Links y el Club Caza y Pesca en La Romana:<\/span><\/p>\n<p>[nggallery id = 3035]<\/p>\n<blockquote>\n<h3>\u00abEl Ser Libre y Feliz\u00bb<\/h3>\n<p><span style=\"font-weight: 400;\"><img data-recalc-dims=\"1\" loading=\"lazy\" decoding=\"async\" class=\"size-full wp-image-118538 alignright\" src=\"https:\/\/i0.wp.com\/casadecampoliving.com\/wp-content\/uploads\/2022\/10\/ElSerLibreyFelizlogo-e1460904887363.png?resize=200%2C200&#038;ssl=1\" alt=\"El Ser Libre y Feliz\" width=\"200\" height=\"200\"><span style=\"text-align: justify;\">El Ser Libre y Feliz est\u00e1 dirigido a ayudar a instituciones de escasos recursos dedicadas a la educaci\u00f3n, la protecci\u00f3n y el desarrollo de los ni\u00f1os con discapacidades o que est\u00e1n en riesgo. Su visi\u00f3n es la de reducir la discriminaci\u00f3n para as\u00ed&nbsp;facilitar la inclusion de los ni\u00f1os y los adultos j\u00f3venes en la sociedad. Su deseo es que pueden llevar vidas productivas e independientes con alta autoestima y crecer sin limitaciones en un ambiente de aceptaci\u00f3n y respeto.<\/span><\/span><\/p>\n<p><span style=\"text-align: justify;\">Andr\u00e9s Velez, Presidente<\/span><\/p>\n<p><strong style=\"text-align: justify;\">N\u00famero de tel\u00e9fono:<\/strong><span style=\"text-align: justify;\"> (809) 390-4905<\/span><\/p>\n<p><span style=\"text-align: justify;\">William V\u00e9lez, VP y Director de Comunicaciones<\/span><\/p>\n<p><strong style=\"text-align: justify;\">N\u00famero de tel\u00e9fono:<\/strong><span style=\"text-align: justify;\"> (809) 756-0196<\/span><\/p>\n<p><strong style=\"text-align: justify;\">Contacto:<\/strong><\/p>\n<p><strong style=\"text-align: justify;\">Correo electronico:<\/strong>&nbsp;<a href=\"mailto:info@elserlibreyfeliz.org\" target=\"_blank\" rel=\"noopener\">i<\/a><a href=\"mailto:info@elserlibreyfeliz.org\" target=\"_blank\" rel=\"noopener\">nf<\/a><a href=\"mailto:info@elserlibreyfeliz.org\" target=\"_blank\" rel=\"noopener\">o@elserlibreyfeliz.org<\/a><\/p>\n<p><strong style=\"text-align: justify;\">P\u00e1gina Web: <\/strong><a style=\"text-align: justify;\" href=\"http:\/\/www.elserlibreyfeliz.org\/\" target=\"_blank\" rel=\"noopener\">www.elserlibreyfeliz.org<\/a><\/p>\n<p><strong style=\"text-align: justify;\">Facebook: <\/strong><a style=\"text-align: justify;\" href=\"https:\/\/www.facebook.com\/elserlibreyfeliz\/info\/?tab=page_info\" target=\"_blank\" rel=\"noopener\">Fundaci\u00f3n El Ser Libre y Feliz<\/a><\/p>\n<p><strong>Twitter:&nbsp;<\/strong><a href=\"https:\/\/twitter.com\/elserlibre\" target=\"_blank\" rel=\"noopener\">@elserlibre<\/a><\/p><\/blockquote>\n","protected":false},"excerpt":{"rendered":"<p>El 2\u00ba Open Internacional de Golf El Ser Libre y Feliz 2017, que cont\u00f3 con el apoyo institucional del Programa de las Naciones Unidas para el Desarrollo (PNUD) y el Consejo Nacional de Discapacidad (CONADIS), se llev\u00f3 a cabo en el campo de golf The Link en Casa de Campo. Con el apoyo de numerosos [&hellip;]<\/p>\n","protected":false},"author":36682,"featured_media":302222,"comment_status":"closed","ping_status":"closed","sticky":false,"template":"","format":"standard","meta":{"newspack_ads_suppress_ads":false,"newspack_popups_has_disabled_popups":false,"newspack_sponsor_sponsorship_scope":"","newspack_sponsor_native_byline_display":"inherit","newspack_sponsor_native_category_display":"inherit","newspack_sponsor_underwriter_style":"inherit","newspack_sponsor_underwriter_placement":"inherit","_newspack_byline_active":false,"_newspack_byline":"","newspack_hide_updated_date":false,"newspack_show_updated_date":false,"newspack_content_restriction_is_exempt":false,"newspack_featured_image_position":"","newspack_post_subtitle":"","newspack_article_summary_title":"Overview:","newspack_article_summary":"","_jetpack_memberships_contains_paid_content":false,"footnotes":"","jetpack_publicize_message":"","jetpack_publicize_feature_enabled":true,"jetpack_social_post_already_shared":false,"jetpack_social_options":{"image_generator_settings":{"template":"highway","default_image_id":0,"font":"","enabled":false},"version":2},"_wpas_customize_per_network":false},"categories":[2525,14631,2522,2514,2507,2506,14625,2521,26822,2498],"tags":[19395,17272,18209,1549,14836,14736,3680,18932,8676,7830],"newspack_spnsrs_tax":[],"class_list":["post-352320","post","type-post","status-publish","format-standard","has-post-thumbnail","hentry","category-golf-deportes-es","category-estilo-de-vida","category-eventos-es","category-fundaciones-es","category-la-romana-es","category-mas-alla-de-casa-es","category-noticias-locales","category-republica-dominicana-2","category-resort-casa-de-campo","category-uncategorized-es","tag-andres-velez-cordero-es","tag-apoyo","tag-ayuda","tag-club-caza-y-pesca","tag-el-ser-libre-y-feliz-es","tag-featured-topview-es","tag-golf-es","tag-la-romana-es-4","tag-ninos","tag-torneo","entry"],"yoast_head":"<!-- This site is optimized with the Yoast SEO plugin v27.5 - https:\/\/yoast.com\/product\/yoast-seo-wordpress\/ -->\n<title>George Olivo gana el 2\u00ba Open Internacional de Golf El Ser Libre y Feliz 2017 | Casa de Campo Living<\/title>\n<meta name=\"description\" content=\"El 2\u00ba Open Internacional de Golf El Ser Libre y Feliz 2017, que cont\u00f3 con el apoyo institucional del Programa de las Naciones Unidas para el Desarrollo\" \/>\n<meta name=\"robots\" content=\"index, follow, max-snippet:-1, max-image-preview:large, max-video-preview:-1\" \/>\n<link rel=\"canonical\" href=\"https:\/\/casadecampoliving.com\/es\/george-olivo-gana-el-2o-open-internacional-de-golf-el-ser-libre-y-feliz-2017\/\" \/>\n<meta property=\"og:locale\" content=\"es_ES\" \/>\n<meta property=\"og:type\" content=\"article\" \/>\n<meta property=\"og:title\" content=\"George Olivo gana el 2\u00ba Open Internacional de Golf El Ser Libre y Feliz 2017 | Casa de Campo Living\" \/>\n<meta property=\"og:description\" content=\"El 2\u00ba Open Internacional de Golf El Ser Libre y Feliz 2017, que cont\u00f3 con el apoyo institucional del Programa de las Naciones Unidas para el Desarrollo\" \/>\n<meta property=\"og:url\" content=\"https:\/\/casadecampoliving.com\/es\/george-olivo-gana-el-2o-open-internacional-de-golf-el-ser-libre-y-feliz-2017\/\" \/>\n<meta property=\"og:site_name\" content=\"Casa de Campo Living\" \/>\n<meta property=\"article:publisher\" content=\"https:\/\/www.facebook.com\/casadecampoliving\" \/>\n<meta property=\"article:published_time\" content=\"2017-12-22T04:00:00+00:00\" \/>\n<meta property=\"article:modified_time\" content=\"2022-11-10T14:08:55+00:00\" \/>\n<meta property=\"og:image\" content=\"https:\/\/i0.wp.com\/casadecampoliving.com\/wp-content\/uploads\/2022\/10\/IMG_2805.jpg?fit=1000%2C662&ssl=1\" \/>\n\t<meta property=\"og:image:width\" content=\"1000\" \/>\n\t<meta property=\"og:image:height\" content=\"662\" \/>\n\t<meta property=\"og:image:type\" content=\"image\/jpeg\" \/>\n<meta name=\"author\" content=\"Marlenys Guzm\u00e1n Casta\u00f1os\" \/>\n<meta name=\"twitter:card\" content=\"summary_large_image\" \/>\n<meta name=\"twitter:creator\" content=\"@cdcliving\" \/>\n<meta name=\"twitter:site\" content=\"@cdcliving\" \/>\n<meta name=\"twitter:label1\" content=\"Escrito por\" \/>\n\t<meta name=\"twitter:data1\" content=\"Marlenys Guzm\u00e1n Casta\u00f1os\" \/>\n\t<meta name=\"twitter:label2\" content=\"Tiempo de lectura\" \/>\n\t<meta name=\"twitter:data2\" content=\"4 minutos\" \/>\n<script type=\"application\/ld+json\" class=\"yoast-schema-graph\">{\"@context\":\"https:\\\/\\\/schema.org\",\"@graph\":[{\"@type\":\"Article\",\"@id\":\"https:\\\/\\\/casadecampoliving.com\\\/es\\\/george-olivo-gana-el-2o-open-internacional-de-golf-el-ser-libre-y-feliz-2017\\\/#article\",\"isPartOf\":{\"@id\":\"https:\\\/\\\/casadecampoliving.com\\\/es\\\/george-olivo-gana-el-2o-open-internacional-de-golf-el-ser-libre-y-feliz-2017\\\/\"},\"author\":{\"name\":\"Marlenys Guzm\u00e1n Casta\u00f1os\",\"@id\":\"https:\\\/\\\/casadecampoliving.com\\\/es\\\/#\\\/schema\\\/person\\\/b6606bd87f9cec8f5903e2141cafda24\"},\"headline\":\"George Olivo gana el 2\u00ba Open Internacional de Golf El Ser Libre y Feliz 2017\",\"datePublished\":\"2017-12-22T04:00:00+00:00\",\"dateModified\":\"2022-11-10T14:08:55+00:00\",\"mainEntityOfPage\":{\"@id\":\"https:\\\/\\\/casadecampoliving.com\\\/es\\\/george-olivo-gana-el-2o-open-internacional-de-golf-el-ser-libre-y-feliz-2017\\\/\"},\"wordCount\":735,\"publisher\":{\"@id\":\"https:\\\/\\\/casadecampoliving.com\\\/es\\\/#organization\"},\"image\":{\"@id\":\"https:\\\/\\\/casadecampoliving.com\\\/es\\\/george-olivo-gana-el-2o-open-internacional-de-golf-el-ser-libre-y-feliz-2017\\\/#primaryimage\"},\"thumbnailUrl\":\"https:\\\/\\\/i0.wp.com\\\/casadecampoliving.com\\\/wp-content\\\/uploads\\\/2022\\\/10\\\/IMG_2805.jpg?fit=1000%2C662&ssl=1\",\"keywords\":[\"Andr\u00e9s V\u00e9lez Cordero @es\",\"apoyo\",\"Ayuda\",\"club caza y pesca\",\"El Ser Libre y Feliz @es\",\"Featured-TopView @es\",\"golf @es\",\"La Romana\",\"ni\u00f1os\",\"torneo\"],\"articleSection\":[\"Deportes\",\"Estilo de Vida\",\"Eventos\",\"Fundaciones\",\"La Romana @es\",\"M\u00e1s all\u00e1 de Casa\",\"Noticias Locales\",\"Rep\u00fablica Dominicana @es\",\"Resort Casa de Campo\",\"Uncategorized @es\"],\"inLanguage\":\"es\"},{\"@type\":\"WebPage\",\"@id\":\"https:\\\/\\\/casadecampoliving.com\\\/es\\\/george-olivo-gana-el-2o-open-internacional-de-golf-el-ser-libre-y-feliz-2017\\\/\",\"url\":\"https:\\\/\\\/casadecampoliving.com\\\/es\\\/george-olivo-gana-el-2o-open-internacional-de-golf-el-ser-libre-y-feliz-2017\\\/\",\"name\":\"George Olivo gana el 2\u00ba Open Internacional de Golf El Ser Libre y Feliz 2017 | Casa de Campo Living\",\"isPartOf\":{\"@id\":\"https:\\\/\\\/casadecampoliving.com\\\/es\\\/#website\"},\"primaryImageOfPage\":{\"@id\":\"https:\\\/\\\/casadecampoliving.com\\\/es\\\/george-olivo-gana-el-2o-open-internacional-de-golf-el-ser-libre-y-feliz-2017\\\/#primaryimage\"},\"image\":{\"@id\":\"https:\\\/\\\/casadecampoliving.com\\\/es\\\/george-olivo-gana-el-2o-open-internacional-de-golf-el-ser-libre-y-feliz-2017\\\/#primaryimage\"},\"thumbnailUrl\":\"https:\\\/\\\/i0.wp.com\\\/casadecampoliving.com\\\/wp-content\\\/uploads\\\/2022\\\/10\\\/IMG_2805.jpg?fit=1000%2C662&ssl=1\",\"datePublished\":\"2017-12-22T04:00:00+00:00\",\"dateModified\":\"2022-11-10T14:08:55+00:00\",\"description\":\"El 2\u00ba Open Internacional de Golf El Ser Libre y Feliz 2017, que cont\u00f3 con el apoyo institucional del Programa de las Naciones Unidas para el Desarrollo\",\"breadcrumb\":{\"@id\":\"https:\\\/\\\/casadecampoliving.com\\\/es\\\/george-olivo-gana-el-2o-open-internacional-de-golf-el-ser-libre-y-feliz-2017\\\/#breadcrumb\"},\"inLanguage\":\"es\",\"potentialAction\":[{\"@type\":\"ReadAction\",\"target\":[\"https:\\\/\\\/casadecampoliving.com\\\/es\\\/george-olivo-gana-el-2o-open-internacional-de-golf-el-ser-libre-y-feliz-2017\\\/\"]}]},{\"@type\":\"ImageObject\",\"inLanguage\":\"es\",\"@id\":\"https:\\\/\\\/casadecampoliving.com\\\/es\\\/george-olivo-gana-el-2o-open-internacional-de-golf-el-ser-libre-y-feliz-2017\\\/#primaryimage\",\"url\":\"https:\\\/\\\/i0.wp.com\\\/casadecampoliving.com\\\/wp-content\\\/uploads\\\/2022\\\/10\\\/IMG_2805.jpg?fit=1000%2C662&ssl=1\",\"contentUrl\":\"https:\\\/\\\/i0.wp.com\\\/casadecampoliving.com\\\/wp-content\\\/uploads\\\/2022\\\/10\\\/IMG_2805.jpg?fit=1000%2C662&ssl=1\",\"width\":1000,\"height\":662},{\"@type\":\"BreadcrumbList\",\"@id\":\"https:\\\/\\\/casadecampoliving.com\\\/es\\\/george-olivo-gana-el-2o-open-internacional-de-golf-el-ser-libre-y-feliz-2017\\\/#breadcrumb\",\"itemListElement\":[{\"@type\":\"ListItem\",\"position\":1,\"name\":\"Home\",\"item\":\"https:\\\/\\\/casadecampoliving.com\\\/es\\\/\"},{\"@type\":\"ListItem\",\"position\":2,\"name\":\"George Olivo gana el 2\u00ba Open Internacional de Golf El Ser Libre y Feliz 2017\"}]},{\"@type\":\"WebSite\",\"@id\":\"https:\\\/\\\/casadecampoliving.com\\\/es\\\/#website\",\"url\":\"https:\\\/\\\/casadecampoliving.com\\\/es\\\/\",\"name\":\"Casa de Campo Living\",\"description\":\"Resort community news and resources.\",\"publisher\":{\"@id\":\"https:\\\/\\\/casadecampoliving.com\\\/es\\\/#organization\"},\"potentialAction\":[{\"@type\":\"SearchAction\",\"target\":{\"@type\":\"EntryPoint\",\"urlTemplate\":\"https:\\\/\\\/casadecampoliving.com\\\/es\\\/?s={search_term_string}\"},\"query-input\":{\"@type\":\"PropertyValueSpecification\",\"valueRequired\":true,\"valueName\":\"search_term_string\"}}],\"inLanguage\":\"es\"},{\"@type\":\"Organization\",\"@id\":\"https:\\\/\\\/casadecampoliving.com\\\/es\\\/#organization\",\"name\":\"Casa de Campo Living\",\"url\":\"https:\\\/\\\/casadecampoliving.com\\\/es\\\/\",\"logo\":{\"@type\":\"ImageObject\",\"inLanguage\":\"es\",\"@id\":\"https:\\\/\\\/casadecampoliving.com\\\/es\\\/#\\\/schema\\\/logo\\\/image\\\/\",\"url\":\"https:\\\/\\\/i0.wp.com\\\/casadecampoliving.com\\\/wp-content\\\/uploads\\\/2022\\\/07\\\/CDCLivingLogo_V1-white-sized.png?fit=800%2C214&ssl=1\",\"contentUrl\":\"https:\\\/\\\/i0.wp.com\\\/casadecampoliving.com\\\/wp-content\\\/uploads\\\/2022\\\/07\\\/CDCLivingLogo_V1-white-sized.png?fit=800%2C214&ssl=1\",\"width\":800,\"height\":214,\"caption\":\"Casa de Campo Living\"},\"image\":{\"@id\":\"https:\\\/\\\/casadecampoliving.com\\\/es\\\/#\\\/schema\\\/logo\\\/image\\\/\"},\"sameAs\":[\"https:\\\/\\\/www.facebook.com\\\/casadecampoliving\",\"https:\\\/\\\/x.com\\\/cdcliving\"]},{\"@type\":\"Person\",\"@id\":\"https:\\\/\\\/casadecampoliving.com\\\/es\\\/#\\\/schema\\\/person\\\/b6606bd87f9cec8f5903e2141cafda24\",\"name\":\"Marlenys Guzm\u00e1n Casta\u00f1os\",\"image\":{\"@type\":\"ImageObject\",\"inLanguage\":\"es\",\"@id\":\"https:\\\/\\\/secure.gravatar.com\\\/avatar\\\/72f3f86b8e6b3ec744201aeadf11d4a6055e8af194aecd9ad30ffff4437878ee?s=96&d=mm&r=g\",\"url\":\"https:\\\/\\\/secure.gravatar.com\\\/avatar\\\/72f3f86b8e6b3ec744201aeadf11d4a6055e8af194aecd9ad30ffff4437878ee?s=96&d=mm&r=g\",\"contentUrl\":\"https:\\\/\\\/secure.gravatar.com\\\/avatar\\\/72f3f86b8e6b3ec744201aeadf11d4a6055e8af194aecd9ad30ffff4437878ee?s=96&d=mm&r=g\",\"caption\":\"Marlenys Guzm\u00e1n Casta\u00f1os\"},\"url\":\"https:\\\/\\\/casadecampoliving.com\\\/es\\\/author\\\/mguzman\\\/\"}]}<\/script>\n<!-- \/ Yoast SEO plugin. -->","yoast_head_json":{"title":"George Olivo gana el 2\u00ba Open Internacional de Golf El Ser Libre y Feliz 2017 | Casa de Campo Living","description":"El 2\u00ba Open Internacional de Golf El Ser Libre y Feliz 2017, que cont\u00f3 con el apoyo institucional del Programa de las Naciones Unidas para el Desarrollo","robots":{"index":"index","follow":"follow","max-snippet":"max-snippet:-1","max-image-preview":"max-image-preview:large","max-video-preview":"max-video-preview:-1"},"canonical":"https:\/\/casadecampoliving.com\/es\/george-olivo-gana-el-2o-open-internacional-de-golf-el-ser-libre-y-feliz-2017\/","og_locale":"es_ES","og_type":"article","og_title":"George Olivo gana el 2\u00ba Open Internacional de Golf El Ser Libre y Feliz 2017 | Casa de Campo Living","og_description":"El 2\u00ba Open Internacional de Golf El Ser Libre y Feliz 2017, que cont\u00f3 con el apoyo institucional del Programa de las Naciones Unidas para el Desarrollo","og_url":"https:\/\/casadecampoliving.com\/es\/george-olivo-gana-el-2o-open-internacional-de-golf-el-ser-libre-y-feliz-2017\/","og_site_name":"Casa de Campo Living","article_publisher":"https:\/\/www.facebook.com\/casadecampoliving","article_published_time":"2017-12-22T04:00:00+00:00","article_modified_time":"2022-11-10T14:08:55+00:00","og_image":[{"width":1000,"height":662,"url":"https:\/\/i0.wp.com\/casadecampoliving.com\/wp-content\/uploads\/2022\/10\/IMG_2805.jpg?fit=1000%2C662&ssl=1","type":"image\/jpeg"}],"author":"Marlenys Guzm\u00e1n Casta\u00f1os","twitter_card":"summary_large_image","twitter_creator":"@cdcliving","twitter_site":"@cdcliving","twitter_misc":{"Escrito por":"Marlenys Guzm\u00e1n Casta\u00f1os","Tiempo de lectura":"4 minutos"},"schema":{"@context":"https:\/\/schema.org","@graph":[{"@type":"Article","@id":"https:\/\/casadecampoliving.com\/es\/george-olivo-gana-el-2o-open-internacional-de-golf-el-ser-libre-y-feliz-2017\/#article","isPartOf":{"@id":"https:\/\/casadecampoliving.com\/es\/george-olivo-gana-el-2o-open-internacional-de-golf-el-ser-libre-y-feliz-2017\/"},"author":{"name":"Marlenys Guzm\u00e1n Casta\u00f1os","@id":"https:\/\/casadecampoliving.com\/es\/#\/schema\/person\/b6606bd87f9cec8f5903e2141cafda24"},"headline":"George Olivo gana el 2\u00ba Open Internacional de Golf El Ser Libre y Feliz 2017","datePublished":"2017-12-22T04:00:00+00:00","dateModified":"2022-11-10T14:08:55+00:00","mainEntityOfPage":{"@id":"https:\/\/casadecampoliving.com\/es\/george-olivo-gana-el-2o-open-internacional-de-golf-el-ser-libre-y-feliz-2017\/"},"wordCount":735,"publisher":{"@id":"https:\/\/casadecampoliving.com\/es\/#organization"},"image":{"@id":"https:\/\/casadecampoliving.com\/es\/george-olivo-gana-el-2o-open-internacional-de-golf-el-ser-libre-y-feliz-2017\/#primaryimage"},"thumbnailUrl":"https:\/\/i0.wp.com\/casadecampoliving.com\/wp-content\/uploads\/2022\/10\/IMG_2805.jpg?fit=1000%2C662&ssl=1","keywords":["Andr\u00e9s V\u00e9lez Cordero @es","apoyo","Ayuda","club caza y pesca","El Ser Libre y Feliz @es","Featured-TopView @es","golf @es","La Romana","ni\u00f1os","torneo"],"articleSection":["Deportes","Estilo de Vida","Eventos","Fundaciones","La Romana @es","M\u00e1s all\u00e1 de Casa","Noticias Locales","Rep\u00fablica Dominicana @es","Resort Casa de Campo","Uncategorized @es"],"inLanguage":"es"},{"@type":"WebPage","@id":"https:\/\/casadecampoliving.com\/es\/george-olivo-gana-el-2o-open-internacional-de-golf-el-ser-libre-y-feliz-2017\/","url":"https:\/\/casadecampoliving.com\/es\/george-olivo-gana-el-2o-open-internacional-de-golf-el-ser-libre-y-feliz-2017\/","name":"George Olivo gana el 2\u00ba Open Internacional de Golf El Ser Libre y Feliz 2017 | Casa de Campo Living","isPartOf":{"@id":"https:\/\/casadecampoliving.com\/es\/#website"},"primaryImageOfPage":{"@id":"https:\/\/casadecampoliving.com\/es\/george-olivo-gana-el-2o-open-internacional-de-golf-el-ser-libre-y-feliz-2017\/#primaryimage"},"image":{"@id":"https:\/\/casadecampoliving.com\/es\/george-olivo-gana-el-2o-open-internacional-de-golf-el-ser-libre-y-feliz-2017\/#primaryimage"},"thumbnailUrl":"https:\/\/i0.wp.com\/casadecampoliving.com\/wp-content\/uploads\/2022\/10\/IMG_2805.jpg?fit=1000%2C662&ssl=1","datePublished":"2017-12-22T04:00:00+00:00","dateModified":"2022-11-10T14:08:55+00:00","description":"El 2\u00ba Open Internacional de Golf El Ser Libre y Feliz 2017, que cont\u00f3 con el apoyo institucional del Programa de las Naciones Unidas para el Desarrollo","breadcrumb":{"@id":"https:\/\/casadecampoliving.com\/es\/george-olivo-gana-el-2o-open-internacional-de-golf-el-ser-libre-y-feliz-2017\/#breadcrumb"},"inLanguage":"es","potentialAction":[{"@type":"ReadAction","target":["https:\/\/casadecampoliving.com\/es\/george-olivo-gana-el-2o-open-internacional-de-golf-el-ser-libre-y-feliz-2017\/"]}]},{"@type":"ImageObject","inLanguage":"es","@id":"https:\/\/casadecampoliving.com\/es\/george-olivo-gana-el-2o-open-internacional-de-golf-el-ser-libre-y-feliz-2017\/#primaryimage","url":"https:\/\/i0.wp.com\/casadecampoliving.com\/wp-content\/uploads\/2022\/10\/IMG_2805.jpg?fit=1000%2C662&ssl=1","contentUrl":"https:\/\/i0.wp.com\/casadecampoliving.com\/wp-content\/uploads\/2022\/10\/IMG_2805.jpg?fit=1000%2C662&ssl=1","width":1000,"height":662},{"@type":"BreadcrumbList","@id":"https:\/\/casadecampoliving.com\/es\/george-olivo-gana-el-2o-open-internacional-de-golf-el-ser-libre-y-feliz-2017\/#breadcrumb","itemListElement":[{"@type":"ListItem","position":1,"name":"Home","item":"https:\/\/casadecampoliving.com\/es\/"},{"@type":"ListItem","position":2,"name":"George Olivo gana el 2\u00ba Open Internacional de Golf El Ser Libre y Feliz 2017"}]},{"@type":"WebSite","@id":"https:\/\/casadecampoliving.com\/es\/#website","url":"https:\/\/casadecampoliving.com\/es\/","name":"Casa de Campo Living","description":"Resort community news and resources.","publisher":{"@id":"https:\/\/casadecampoliving.com\/es\/#organization"},"potentialAction":[{"@type":"SearchAction","target":{"@type":"EntryPoint","urlTemplate":"https:\/\/casadecampoliving.com\/es\/?s={search_term_string}"},"query-input":{"@type":"PropertyValueSpecification","valueRequired":true,"valueName":"search_term_string"}}],"inLanguage":"es"},{"@type":"Organization","@id":"https:\/\/casadecampoliving.com\/es\/#organization","name":"Casa de Campo Living","url":"https:\/\/casadecampoliving.com\/es\/","logo":{"@type":"ImageObject","inLanguage":"es","@id":"https:\/\/casadecampoliving.com\/es\/#\/schema\/logo\/image\/","url":"https:\/\/i0.wp.com\/casadecampoliving.com\/wp-content\/uploads\/2022\/07\/CDCLivingLogo_V1-white-sized.png?fit=800%2C214&ssl=1","contentUrl":"https:\/\/i0.wp.com\/casadecampoliving.com\/wp-content\/uploads\/2022\/07\/CDCLivingLogo_V1-white-sized.png?fit=800%2C214&ssl=1","width":800,"height":214,"caption":"Casa de Campo Living"},"image":{"@id":"https:\/\/casadecampoliving.com\/es\/#\/schema\/logo\/image\/"},"sameAs":["https:\/\/www.facebook.com\/casadecampoliving","https:\/\/x.com\/cdcliving"]},{"@type":"Person","@id":"https:\/\/casadecampoliving.com\/es\/#\/schema\/person\/b6606bd87f9cec8f5903e2141cafda24","name":"Marlenys Guzm\u00e1n Casta\u00f1os","image":{"@type":"ImageObject","inLanguage":"es","@id":"https:\/\/secure.gravatar.com\/avatar\/72f3f86b8e6b3ec744201aeadf11d4a6055e8af194aecd9ad30ffff4437878ee?s=96&d=mm&r=g","url":"https:\/\/secure.gravatar.com\/avatar\/72f3f86b8e6b3ec744201aeadf11d4a6055e8af194aecd9ad30ffff4437878ee?s=96&d=mm&r=g","contentUrl":"https:\/\/secure.gravatar.com\/avatar\/72f3f86b8e6b3ec744201aeadf11d4a6055e8af194aecd9ad30ffff4437878ee?s=96&d=mm&r=g","caption":"Marlenys Guzm\u00e1n Casta\u00f1os"},"url":"https:\/\/casadecampoliving.com\/es\/author\/mguzman\/"}]}},"parsely":{"version":"1.1.0","canonical_url":"https:\/\/casadecampoliving.com\/es\/george-olivo-gana-el-2o-open-internacional-de-golf-el-ser-libre-y-feliz-2017\/","smart_links":{"inbound":0,"outbound":0},"traffic_boost_suggestions_count":0,"meta":{"@context":"https:\/\/schema.org","@type":"NewsArticle","headline":"George Olivo gana el 2\u00ba Open Internacional de Golf El Ser Libre y Feliz 2017","url":"http:\/\/casadecampoliving.com\/es\/george-olivo-gana-el-2o-open-internacional-de-golf-el-ser-libre-y-feliz-2017\/","mainEntityOfPage":{"@type":"WebPage","@id":"http:\/\/casadecampoliving.com\/es\/george-olivo-gana-el-2o-open-internacional-de-golf-el-ser-libre-y-feliz-2017\/"},"thumbnailUrl":"https:\/\/i0.wp.com\/casadecampoliving.com\/wp-content\/uploads\/2022\/10\/IMG_2805.jpg?resize=150%2C150&ssl=1","image":{"@type":"ImageObject","url":"https:\/\/i0.wp.com\/casadecampoliving.com\/wp-content\/uploads\/2022\/10\/IMG_2805.jpg?fit=1000%2C662&ssl=1"},"articleSection":"Deportes","author":[{"@type":"Person","name":"Marlenys Guzm\u00e1n Casta\u00f1os"}],"creator":["Marlenys Guzm\u00e1n Casta\u00f1os"],"publisher":{"@type":"Organization","name":"Casa de Campo Living","logo":"https:\/\/casadecampoliving.com\/wp-content\/uploads\/2022\/07\/CDCLivingLogo_V1-white-sized.png"},"keywords":["andr\u00e9s v\u00e9lez cordero @es","apoyo","ayuda","club caza y pesca","el ser libre y feliz @es","featured-topview @es","golf @es","la romana","ni\u00f1os","torneo"],"dateCreated":"2017-12-22T04:00:00Z","datePublished":"2017-12-22T04:00:00Z","dateModified":"2022-11-10T14:08:55Z"},"rendered":"<script type=\"application\/ld+json\" class=\"wp-parsely-metadata\">{\"@context\":\"https:\\\/\\\/schema.org\",\"@type\":\"NewsArticle\",\"headline\":\"George Olivo gana el 2\\u00ba Open Internacional de Golf El Ser Libre y Feliz 2017\",\"url\":\"http:\\\/\\\/casadecampoliving.com\\\/es\\\/george-olivo-gana-el-2o-open-internacional-de-golf-el-ser-libre-y-feliz-2017\\\/\",\"mainEntityOfPage\":{\"@type\":\"WebPage\",\"@id\":\"http:\\\/\\\/casadecampoliving.com\\\/es\\\/george-olivo-gana-el-2o-open-internacional-de-golf-el-ser-libre-y-feliz-2017\\\/\"},\"thumbnailUrl\":\"https:\\\/\\\/i0.wp.com\\\/casadecampoliving.com\\\/wp-content\\\/uploads\\\/2022\\\/10\\\/IMG_2805.jpg?resize=150%2C150&ssl=1\",\"image\":{\"@type\":\"ImageObject\",\"url\":\"https:\\\/\\\/i0.wp.com\\\/casadecampoliving.com\\\/wp-content\\\/uploads\\\/2022\\\/10\\\/IMG_2805.jpg?fit=1000%2C662&ssl=1\"},\"articleSection\":\"Deportes\",\"author\":[{\"@type\":\"Person\",\"name\":\"Marlenys Guzm\\u00e1n Casta\\u00f1os\"}],\"creator\":[\"Marlenys Guzm\\u00e1n Casta\\u00f1os\"],\"publisher\":{\"@type\":\"Organization\",\"name\":\"Casa de Campo Living\",\"logo\":\"https:\\\/\\\/casadecampoliving.com\\\/wp-content\\\/uploads\\\/2022\\\/07\\\/CDCLivingLogo_V1-white-sized.png\"},\"keywords\":[\"andr\\u00e9s v\\u00e9lez cordero @es\",\"apoyo\",\"ayuda\",\"club caza y pesca\",\"el ser libre y feliz @es\",\"featured-topview @es\",\"golf @es\",\"la romana\",\"ni\\u00f1os\",\"torneo\"],\"dateCreated\":\"2017-12-22T04:00:00Z\",\"datePublished\":\"2017-12-22T04:00:00Z\",\"dateModified\":\"2022-11-10T14:08:55Z\"}<\/script>","tracker_url":"https:\/\/cdn.parsely.com\/keys\/casadecampoliving.com\/p.js"},"jetpack_publicize_connections":[],"jetpack_featured_media_url":"https:\/\/i0.wp.com\/casadecampoliving.com\/wp-content\/uploads\/2022\/10\/IMG_2805.jpg?fit=1000%2C662&ssl=1","jetpack-related-posts":[{"id":352842,"url":"https:\/\/casadecampoliving.com\/es\/registrese-para-el-3er-open-internacional-de-golf-el-ser-libre-y-feliz-en-casa-de-campo\/","url_meta":{"origin":352320,"position":0},"title":"\u00a1Reg\u00edstrese para el 3er Open Internacional de Golf El Ser Libre y Feliz en Casa de Campo!","author":"Marlenys Guzm\u00e1n Casta\u00f1os","date":"29 Ago, 2018","format":false,"excerpt":"Como muchos de ustedes ya seguro se habr\u00e1n dado cuenta, \u00a1el golf en Casa nunca se detiene! Este a\u00f1o, la fundaci\u00f3n El Ser Libre y Feliz celebrar\u00e1 su tercer\u00a0Open Internacional de Golf el s\u00e1bado 20 de octubre\u00a0(actualizado) domingo 2 de diciembre en Casa de Campo. El evento est\u00e1 organizado con\u2026","rel":"","context":"En \u00abDeportes\u00bb","block_context":{"text":"Deportes","link":"https:\/\/casadecampoliving.com\/es\/category\/golf-deportes-es\/"},"img":{"alt_text":"","src":"https:\/\/i0.wp.com\/casadecampoliving.com\/wp-content\/uploads\/2018\/08\/IMG_1346.jpg?resize=350%2C200&ssl=1","width":350,"height":200,"srcset":"https:\/\/i0.wp.com\/casadecampoliving.com\/wp-content\/uploads\/2018\/08\/IMG_1346.jpg?resize=350%2C200&ssl=1 1x, https:\/\/i0.wp.com\/casadecampoliving.com\/wp-content\/uploads\/2018\/08\/IMG_1346.jpg?resize=525%2C300&ssl=1 1.5x, https:\/\/i0.wp.com\/casadecampoliving.com\/wp-content\/uploads\/2018\/08\/IMG_1346.jpg?resize=700%2C400&ssl=1 2x"},"classes":[]},{"id":352276,"url":"https:\/\/casadecampoliving.com\/es\/ultima-oportunidad-para-inscribirse-en-la-2a-edicion-del-open-internacional-de-golf-el-ser-libre-y-feliz-manana\/","url_meta":{"origin":352320,"position":1},"title":"\u00a1\u00daLTIMA OPORTUNIDAD para inscribirse en la 2\u00aa edici\u00f3n del Open Internacional de Golf El Ser Libre y Feliz ma\u00f1ana!","author":"Heather Lincoln","date":"8 Dic, 2017","format":false,"excerpt":"Los eventos deportivos relacionados con la caridad en Casa de Campo no son una rareza. Recientemente, hemos visto celebridades de renombre como Big Papi disfrutar de rondas en el Teeth of the Dog con muchos de sus amigos para el David Ortiz Children\u2019s Fund, y no mucho antes cientos de\u2026","rel":"","context":"En \u00abDeportes\u00bb","block_context":{"text":"Deportes","link":"https:\/\/casadecampoliving.com\/es\/category\/golf-deportes-es\/"},"img":{"alt_text":"El Ser Libre y Feliz Golf Tournament","src":"https:\/\/i0.wp.com\/casadecampoliving.com\/wp-content\/uploads\/2022\/10\/IMG_2922-e1512754691446.jpg?fit=1000%2C600&ssl=1&resize=350%2C200","width":350,"height":200,"srcset":"https:\/\/i0.wp.com\/casadecampoliving.com\/wp-content\/uploads\/2022\/10\/IMG_2922-e1512754691446.jpg?fit=1000%2C600&ssl=1&resize=350%2C200 1x, https:\/\/i0.wp.com\/casadecampoliving.com\/wp-content\/uploads\/2022\/10\/IMG_2922-e1512754691446.jpg?fit=1000%2C600&ssl=1&resize=525%2C300 1.5x, https:\/\/i0.wp.com\/casadecampoliving.com\/wp-content\/uploads\/2022\/10\/IMG_2922-e1512754691446.jpg?fit=1000%2C600&ssl=1&resize=700%2C400 2x"},"classes":[]},{"id":350632,"url":"https:\/\/casadecampoliving.com\/es\/1er-torneo-el-ser-libre-y-feliz-international-golf-open\/","url_meta":{"origin":352320,"position":2},"title":"\u00a1El 1er torneo \u201cEl Ser Libre y Feliz International Golf Open\u201d en Casa de Campo ser\u00e1 la pr\u00f3xima semana!","author":"Marlenys Guzm\u00e1n Casta\u00f1os","date":"13 Oct, 2016","format":false,"excerpt":"El Golf nunca se detiene en Casa, y cuando usted juega el deporte\u00a0que ama y puede ayudar a contribuir a una buena causa, \u00a1hace que sea\u00a0a\u00fan mejor! La fundaci\u00f3n El Ser Libre y Feliz fundada\u00a0por Andr\u00e9s V\u00e9lez Cordero a principios de este a\u00f1o estar\u00e1 celebrando su primer Abierto de Golf\u2026","rel":"","context":"En \u00abCasa de Campo Living @es\u00bb","block_context":{"text":"Casa de Campo Living @es","link":"https:\/\/casadecampoliving.com\/category\/casa-de-campo-living-es\/"},"img":{"alt_text":"","src":"https:\/\/i0.wp.com\/casadecampoliving.com\/wp-content\/uploads\/2022\/10\/Dye-Fore-10_golfers.jpg?fit=1000%2C600&ssl=1&resize=350%2C200","width":350,"height":200,"srcset":"https:\/\/i0.wp.com\/casadecampoliving.com\/wp-content\/uploads\/2022\/10\/Dye-Fore-10_golfers.jpg?fit=1000%2C600&ssl=1&resize=350%2C200 1x, https:\/\/i0.wp.com\/casadecampoliving.com\/wp-content\/uploads\/2022\/10\/Dye-Fore-10_golfers.jpg?fit=1000%2C600&ssl=1&resize=525%2C300 1.5x, https:\/\/i0.wp.com\/casadecampoliving.com\/wp-content\/uploads\/2022\/10\/Dye-Fore-10_golfers.jpg?fit=1000%2C600&ssl=1&resize=700%2C400 2x"},"classes":[]},{"id":353021,"url":"https:\/\/casadecampoliving.com\/es\/la-2a-edicion-del-elserlibreyfeliz-internacional-golf-open-2018-sera-dedicado-george-bell\/","url_meta":{"origin":352320,"position":3},"title":"La 3\u00aa edicion del \u2018ElSerLibreYFeliz Internacional Golf Open 2018&#8243; ser\u00e1 dedicado a George Bell","author":"Casa de Campo Living","date":"29 Nov, 2018","format":false,"excerpt":"Destacados jugadores caballeros, damas y ni\u00f1os, participar\u00e1n en el Torneo \u201cElSerLibreYFeliz International Golf Open 2018\u201d el pr\u00f3ximo domingo 2 de diciembre en el retador campo Los Links de Casa de Campo Resort & Villas. Todo est\u00e1 preparado para la tradicional justa, que lleva especial dedicatoria al prestigioso deportista dominicano, ex-liga\u2026","rel":"","context":"En \u00abDeportes\u00bb","block_context":{"text":"Deportes","link":"https:\/\/casadecampoliving.com\/es\/category\/golf-deportes-es\/"},"img":{"alt_text":"","src":"https:\/\/i0.wp.com\/casadecampoliving.com\/wp-content\/uploads\/2018\/11\/IMG_2982.jpg?resize=350%2C200&ssl=1","width":350,"height":200,"srcset":"https:\/\/i0.wp.com\/casadecampoliving.com\/wp-content\/uploads\/2018\/11\/IMG_2982.jpg?resize=350%2C200&ssl=1 1x, https:\/\/i0.wp.com\/casadecampoliving.com\/wp-content\/uploads\/2018\/11\/IMG_2982.jpg?resize=525%2C300&ssl=1 1.5x, https:\/\/i0.wp.com\/casadecampoliving.com\/wp-content\/uploads\/2018\/11\/IMG_2982.jpg?resize=700%2C400&ssl=1 2x"},"classes":[]},{"id":350702,"url":"https:\/\/casadecampoliving.com\/es\/el-ser-libre-y-feliz-international-golf-open-3\/","url_meta":{"origin":352320,"position":4},"title":"George Bell, Kevin Rodr\u00edguez y Mary Ledesma conquistan Primer torneo ElSerLibreYFeliz International Golf Open 2016","author":"Marlenys Guzm\u00e1n Casta\u00f1os","date":"31 Oct, 2016","format":false,"excerpt":"El evento ben\u00e9fico internacional se realiz\u00f3 en el campo Dye Fore, de Casa de Campo Resort & Villas a beneficio de la Escuela de Educaci\u00f3n Especial Padre Sebasti\u00e1n Cavalotto en la que hay m\u00e1s de 200 estudiantes con discapacidad.\u00a0Andr\u00e9s V\u00e9lez Cordero, presidente de la Asociaci\u00f3n El Ser Libre y Feliz,\u2026","rel":"","context":"En \u00abAltos de Chavon @es\u00bb","block_context":{"text":"Altos de Chavon @es","link":"https:\/\/casadecampoliving.com\/category\/altos-de-chavon-es\/"},"img":{"alt_text":"","src":"https:\/\/i0.wp.com\/casadecampoliving.com\/wp-content\/uploads\/2022\/10\/DSC_0857.jpg?fit=1000%2C667&ssl=1&resize=350%2C200","width":350,"height":200,"srcset":"https:\/\/i0.wp.com\/casadecampoliving.com\/wp-content\/uploads\/2022\/10\/DSC_0857.jpg?fit=1000%2C667&ssl=1&resize=350%2C200 1x, https:\/\/i0.wp.com\/casadecampoliving.com\/wp-content\/uploads\/2022\/10\/DSC_0857.jpg?fit=1000%2C667&ssl=1&resize=525%2C300 1.5x, https:\/\/i0.wp.com\/casadecampoliving.com\/wp-content\/uploads\/2022\/10\/DSC_0857.jpg?fit=1000%2C667&ssl=1&resize=700%2C400 2x"},"classes":[]},{"id":352069,"url":"https:\/\/casadecampoliving.com\/es\/2ndo-open-internacional-de-golf-el-ser-libre-y-feliz\/","url_meta":{"origin":352320,"position":5},"title":"*ACTUALIZACION: NUEVA FECHA* \u00a1Inscr\u00edbase en la 2\u00aa edici\u00f3n del Open Internacional de Golf El Ser Libre y Feliz en Casa de Campo!","author":"Marlenys Guzm\u00e1n Casta\u00f1os","date":"10 Oct, 2017","format":false,"excerpt":"\u00a1Muchos seguro ya se habr\u00e1n dado cuenta que el golf en Casa de Campo nunca se detiene! Este a\u00f1o, la fundaci\u00f3n El Ser Libre y Feliz celebrar\u00e1 su segundo torneo internacional de golf el s\u00e1bado 18 de noviembre 9 de diciembre en el campo de golf Links. El evento est\u00e1\u2026","rel":"","context":"En \u00abRep\u00fablica Dominicana @es\u00bb","block_context":{"text":"Rep\u00fablica Dominicana @es","link":"https:\/\/casadecampoliving.com\/es\/category\/republica-dominicana-2\/"},"img":{"alt_text":"","src":"https:\/\/i0.wp.com\/casadecampoliving.com\/wp-content\/uploads\/2022\/10\/IMG_2930.jpg?fit=1000%2C667&ssl=1&resize=350%2C200","width":350,"height":200,"srcset":"https:\/\/i0.wp.com\/casadecampoliving.com\/wp-content\/uploads\/2022\/10\/IMG_2930.jpg?fit=1000%2C667&ssl=1&resize=350%2C200 1x, https:\/\/i0.wp.com\/casadecampoliving.com\/wp-content\/uploads\/2022\/10\/IMG_2930.jpg?fit=1000%2C667&ssl=1&resize=525%2C300 1.5x, https:\/\/i0.wp.com\/casadecampoliving.com\/wp-content\/uploads\/2022\/10\/IMG_2930.jpg?fit=1000%2C667&ssl=1&resize=700%2C400 2x"},"classes":[]}],"jetpack_sharing_enabled":true,"_links":{"self":[{"href":"https:\/\/casadecampoliving.com\/es\/wp-json\/wp\/v2\/posts\/352320","targetHints":{"allow":["GET"]}}],"collection":[{"href":"https:\/\/casadecampoliving.com\/es\/wp-json\/wp\/v2\/posts"}],"about":[{"href":"https:\/\/casadecampoliving.com\/es\/wp-json\/wp\/v2\/types\/post"}],"author":[{"embeddable":true,"href":"https:\/\/casadecampoliving.com\/es\/wp-json\/wp\/v2\/users\/36682"}],"replies":[{"embeddable":true,"href":"https:\/\/casadecampoliving.com\/es\/wp-json\/wp\/v2\/comments?post=352320"}],"version-history":[{"count":1,"href":"https:\/\/casadecampoliving.com\/es\/wp-json\/wp\/v2\/posts\/352320\/revisions"}],"predecessor-version":[{"id":352321,"href":"https:\/\/casadecampoliving.com\/es\/wp-json\/wp\/v2\/posts\/352320\/revisions\/352321"}],"wp:featuredmedia":[{"embeddable":true,"href":"https:\/\/casadecampoliving.com\/es\/wp-json\/wp\/v2\/media\/302222"}],"wp:attachment":[{"href":"https:\/\/casadecampoliving.com\/es\/wp-json\/wp\/v2\/media?parent=352320"}],"wp:term":[{"taxonomy":"category","embeddable":true,"href":"https:\/\/casadecampoliving.com\/es\/wp-json\/wp\/v2\/categories?post=352320"},{"taxonomy":"post_tag","embeddable":true,"href":"https:\/\/casadecampoliving.com\/es\/wp-json\/wp\/v2\/tags?post=352320"},{"taxonomy":"newspack_spnsrs_tax","embeddable":true,"href":"https:\/\/casadecampoliving.com\/es\/wp-json\/wp\/v2\/newspack_spnsrs_tax?post=352320"}],"curies":[{"name":"wp","href":"https:\/\/api.w.org\/{rel}","templated":true}]}}