{"id":352270,"date":"2017-12-08T00:00:00","date_gmt":"2017-12-08T04:00:00","guid":{"rendered":"https:\/\/casadecampoliving.com\/exposicion-fotografica-los-almendrones-en-la-galeria\/"},"modified":"2022-10-21T19:10:19","modified_gmt":"2022-10-21T23:10:19","slug":"exposicion-fotografica-los-almendrones-en-la-galeria","status":"publish","type":"post","link":"https:\/\/casadecampoliving.com\/es\/exposicion-fotografica-los-almendrones-en-la-galeria\/","title":{"rendered":"Exposici\u00f3n fotogr\u00e1fica \u00abLos Almendrones\u00bb en La Galer\u00eda"},"content":{"rendered":"\n<p>La Galer\u00eda Principal de Altos de Chav\u00f3n presentar\u00e1 el s\u00e1bado 16 de diciembre de 2017 la exposici\u00f3n fotogr\u00e1fica \u201cLos Almendrones\u201d de los artistas, Clara Mart\u00ednez Thedy , Mary Rosa Jim\u00e9nez, Carlos Acero y Sandra Garip.<\/p>\n\n\n\n<!--more-->\n\n\n\n<p>\u201cLas ciudades manifiestan su vitalidad en diferentes formas, a trav\u00e9s de su gente, costumbres, ritos, s\u00edmbolos y realidades. Es lo que definen como su identidad. Pero las ciudades tienen tambi\u00e9n su propia personalidad y la Habana, cuba, es inquieta y juguetona, calurosa y colorida. Y hablando de colores, viene al tema esta muestra fotogr\u00e1fica: \u201cLos Almendrones\u201d, que alude al nombre afectuoso y un poco ir\u00f3nico que le dan los cubanos a sus viejos carros, que es sugestivo tanto a la forma almendrada de sus carrocer\u00edas como a la vital determinaci\u00f3n con que siguen funcionando a trav\u00e9s de los a\u00f1os, duros de romper como el cascaron de una almendra\u201d. \u2013&nbsp;Mary&nbsp;Rosa&nbsp;Jim\u00e9nez<\/p>\n\n\n\n<p>Los artistas desean que a trav\u00e9s de cada pieza los asistentes enciendan el motor de la imaginaci\u00f3n, pisen el acelerador de la aventura y escapen de la realidad dando un viaje por el tiempo.<\/p>\n\n\n\n<p>La exposici\u00f3n permanecer\u00e1 abierta al p\u00fablico hasta el lunes 29 de enero de 2018.<\/p>\n\n\n\n<blockquote><h4>\u201cLos Almendrones\u201d en&nbsp;La Galer\u00eda<\/h4><figure><img decoding=\"async\" loading=\"lazy\" class=\"aligncenter size-full wp-image-151034\" src=\"https:\/\/i0.wp.com\/casadecampoliving.com\/wp-content\/uploads\/2022\/10\/Screen-Shot-2017-12-08-at-10.07.44-AM.png?resize=941%2C608&amp;ssl=1\" alt=\"\" width=\"941\" height=\"608\"><\/figure><p><strong>Cu\u00e1ndo:<\/strong> S\u00e1bado 16 de diciembre, 7:30pm<\/p><p><strong>D\u00f3nde:<\/strong> La Galer\u00eda, Altos de Chav\u00f3n<\/p><\/blockquote>\n\n\n\n<p><em>* Informaci\u00f3n cortes\u00eda de la Fundaci\u00f3n Centro Cultural Altos de Chav\u00f3n<\/em><\/p>\n","protected":false},"excerpt":{"rendered":"<p>La Galer\u00eda Principal de Altos de Chav\u00f3n presentar\u00e1 el s\u00e1bado 16 de diciembre de 2017 la exposici\u00f3n fotogr\u00e1fica \u201cLos Almendrones\u201d de los artistas, Clara Mart\u00ednez Thedy , Mary Rosa Jim\u00e9nez, Carlos Acero y Sandra Garip.<\/p>\n","protected":false},"author":36791,"featured_media":300006,"comment_status":"closed","ping_status":"closed","sticky":false,"template":"","format":"standard","meta":{"newspack_ads_suppress_ads":false,"newspack_popups_has_disabled_popups":false,"newspack_sponsor_sponsorship_scope":"","newspack_sponsor_native_byline_display":"inherit","newspack_sponsor_native_category_display":"inherit","newspack_sponsor_underwriter_style":"inherit","newspack_sponsor_underwriter_placement":"inherit","_newspack_byline_active":false,"_newspack_byline":"","newspack_hide_updated_date":false,"newspack_show_updated_date":false,"newspack_content_restriction_is_exempt":false,"newspack_featured_image_position":"","newspack_post_subtitle":"","newspack_article_summary_title":"Overview:","newspack_article_summary":"","_jetpack_memberships_contains_paid_content":false,"footnotes":"","jetpack_publicize_message":"","jetpack_publicize_feature_enabled":true,"jetpack_social_post_already_shared":false,"jetpack_social_options":{"image_generator_settings":{"template":"highway","default_image_id":0,"font":"","enabled":false},"version":2},"_wpas_customize_per_network":false},"categories":[26819,26823,14631,2522,14627,2521],"tags":[15387,19177,11578,5726,14736,3100,11577],"newspack_spnsrs_tax":[],"class_list":["post-352270","post","type-post","status-publish","format-standard","has-post-thumbnail","hentry","category-altos-de-chavon-es","category-arte-y-cultura","category-estilo-de-vida","category-eventos-es","category-proximamente","category-republica-dominicana-2","tag-altos-de-chavon-es","tag-carlos-acero-es","tag-clara-martinez-thedy-es","tag-exposicion","tag-featured-topview-es","tag-fotografia","tag-mary-rosa-jimenez-es","entry"],"yoast_head":"<!-- This site is optimized with the Yoast SEO plugin v27.4 - https:\/\/yoast.com\/product\/yoast-seo-wordpress\/ -->\n<title>Exposici\u00f3n fotogr\u00e1fica &quot;Los Almendrones&quot; en La Galer\u00eda | Casa de Campo Living<\/title>\n<meta name=\"description\" content=\"La Galer\u00eda Principal de Altos de Chav\u00f3n presentar\u00e1 el s\u00e1bado 16 de diciembre de 2017 la exposici\u00f3n fotogr\u00e1fica \u201cLos Almendrones\u201d de los artistas, Clara\" \/>\n<meta name=\"robots\" content=\"index, follow, max-snippet:-1, max-image-preview:large, max-video-preview:-1\" \/>\n<link rel=\"canonical\" href=\"https:\/\/casadecampoliving.com\/es\/exposicion-fotografica-los-almendrones-en-la-galeria\/\" \/>\n<meta property=\"og:locale\" content=\"es_ES\" \/>\n<meta property=\"og:type\" content=\"article\" \/>\n<meta property=\"og:title\" content=\"Exposici\u00f3n fotogr\u00e1fica &quot;Los Almendrones&quot; en La Galer\u00eda | Casa de Campo Living\" \/>\n<meta property=\"og:description\" content=\"La Galer\u00eda Principal de Altos de Chav\u00f3n presentar\u00e1 el s\u00e1bado 16 de diciembre de 2017 la exposici\u00f3n fotogr\u00e1fica \u201cLos Almendrones\u201d de los artistas, Clara\" \/>\n<meta property=\"og:url\" content=\"https:\/\/casadecampoliving.com\/es\/exposicion-fotografica-los-almendrones-en-la-galeria\/\" \/>\n<meta property=\"og:site_name\" content=\"Casa de Campo Living\" \/>\n<meta property=\"article:publisher\" content=\"https:\/\/www.facebook.com\/casadecampoliving\" \/>\n<meta property=\"article:published_time\" content=\"2017-12-08T04:00:00+00:00\" \/>\n<meta property=\"article:modified_time\" content=\"2022-10-21T23:10:19+00:00\" \/>\n<meta property=\"og:image\" content=\"https:\/\/i0.wp.com\/casadecampoliving.com\/wp-content\/uploads\/2022\/10\/Los-Alemdrones-1.jpg?fit=1000%2C591&ssl=1\" \/>\n\t<meta property=\"og:image:width\" content=\"1000\" \/>\n\t<meta property=\"og:image:height\" content=\"591\" \/>\n\t<meta property=\"og:image:type\" content=\"image\/jpeg\" \/>\n<meta name=\"author\" content=\"Casa de Campo Living\" \/>\n<meta name=\"twitter:card\" content=\"summary_large_image\" \/>\n<meta name=\"twitter:creator\" content=\"@cdcliving\" \/>\n<meta name=\"twitter:site\" content=\"@cdcliving\" \/>\n<meta name=\"twitter:label1\" content=\"Escrito por\" \/>\n\t<meta name=\"twitter:data1\" content=\"Casa de Campo Living\" \/>\n\t<meta name=\"twitter:label2\" content=\"Tiempo de lectura\" \/>\n\t<meta name=\"twitter:data2\" content=\"1 minuto\" \/>\n<script type=\"application\/ld+json\" class=\"yoast-schema-graph\">{\"@context\":\"https:\\\/\\\/schema.org\",\"@graph\":[{\"@type\":\"Article\",\"@id\":\"https:\\\/\\\/casadecampoliving.com\\\/es\\\/exposicion-fotografica-los-almendrones-en-la-galeria\\\/#article\",\"isPartOf\":{\"@id\":\"https:\\\/\\\/casadecampoliving.com\\\/es\\\/exposicion-fotografica-los-almendrones-en-la-galeria\\\/\"},\"author\":{\"name\":\"Casa de Campo Living\",\"@id\":\"https:\\\/\\\/casadecampoliving.com\\\/es\\\/#\\\/schema\\\/person\\\/5d2171637a9d11e0e43ce6b8555f9422\"},\"headline\":\"Exposici\u00f3n fotogr\u00e1fica \u00abLos Almendrones\u00bb en La Galer\u00eda\",\"datePublished\":\"2017-12-08T04:00:00+00:00\",\"dateModified\":\"2022-10-21T23:10:19+00:00\",\"mainEntityOfPage\":{\"@id\":\"https:\\\/\\\/casadecampoliving.com\\\/es\\\/exposicion-fotografica-los-almendrones-en-la-galeria\\\/\"},\"wordCount\":260,\"publisher\":{\"@id\":\"https:\\\/\\\/casadecampoliving.com\\\/es\\\/#organization\"},\"image\":{\"@id\":\"https:\\\/\\\/casadecampoliving.com\\\/es\\\/exposicion-fotografica-los-almendrones-en-la-galeria\\\/#primaryimage\"},\"thumbnailUrl\":\"https:\\\/\\\/i0.wp.com\\\/casadecampoliving.com\\\/wp-content\\\/uploads\\\/2022\\\/10\\\/Los-Alemdrones-1.jpg?fit=1000%2C591&ssl=1\",\"keywords\":[\"Altos de Chavon\",\"Carlos Acero @es\",\"Clara Martinez Thedy @es\",\"exposici\u00f3n\",\"Featured-TopView @es\",\"fotografia\",\"Mary Rosa Jimenez @es\"],\"articleSection\":[\"Altos de Chavon @es\",\"Arte y cultura\",\"Estilo de Vida\",\"Eventos\",\"Proximamente\",\"Rep\u00fablica Dominicana @es\"],\"inLanguage\":\"es\"},{\"@type\":\"WebPage\",\"@id\":\"https:\\\/\\\/casadecampoliving.com\\\/es\\\/exposicion-fotografica-los-almendrones-en-la-galeria\\\/\",\"url\":\"https:\\\/\\\/casadecampoliving.com\\\/es\\\/exposicion-fotografica-los-almendrones-en-la-galeria\\\/\",\"name\":\"Exposici\u00f3n fotogr\u00e1fica \\\"Los Almendrones\\\" en La Galer\u00eda | Casa de Campo Living\",\"isPartOf\":{\"@id\":\"https:\\\/\\\/casadecampoliving.com\\\/es\\\/#website\"},\"primaryImageOfPage\":{\"@id\":\"https:\\\/\\\/casadecampoliving.com\\\/es\\\/exposicion-fotografica-los-almendrones-en-la-galeria\\\/#primaryimage\"},\"image\":{\"@id\":\"https:\\\/\\\/casadecampoliving.com\\\/es\\\/exposicion-fotografica-los-almendrones-en-la-galeria\\\/#primaryimage\"},\"thumbnailUrl\":\"https:\\\/\\\/i0.wp.com\\\/casadecampoliving.com\\\/wp-content\\\/uploads\\\/2022\\\/10\\\/Los-Alemdrones-1.jpg?fit=1000%2C591&ssl=1\",\"datePublished\":\"2017-12-08T04:00:00+00:00\",\"dateModified\":\"2022-10-21T23:10:19+00:00\",\"description\":\"La Galer\u00eda Principal de Altos de Chav\u00f3n presentar\u00e1 el s\u00e1bado 16 de diciembre de 2017 la exposici\u00f3n fotogr\u00e1fica \u201cLos Almendrones\u201d de los artistas, Clara\",\"breadcrumb\":{\"@id\":\"https:\\\/\\\/casadecampoliving.com\\\/es\\\/exposicion-fotografica-los-almendrones-en-la-galeria\\\/#breadcrumb\"},\"inLanguage\":\"es\",\"potentialAction\":[{\"@type\":\"ReadAction\",\"target\":[\"https:\\\/\\\/casadecampoliving.com\\\/es\\\/exposicion-fotografica-los-almendrones-en-la-galeria\\\/\"]}]},{\"@type\":\"ImageObject\",\"inLanguage\":\"es\",\"@id\":\"https:\\\/\\\/casadecampoliving.com\\\/es\\\/exposicion-fotografica-los-almendrones-en-la-galeria\\\/#primaryimage\",\"url\":\"https:\\\/\\\/i0.wp.com\\\/casadecampoliving.com\\\/wp-content\\\/uploads\\\/2022\\\/10\\\/Los-Alemdrones-1.jpg?fit=1000%2C591&ssl=1\",\"contentUrl\":\"https:\\\/\\\/i0.wp.com\\\/casadecampoliving.com\\\/wp-content\\\/uploads\\\/2022\\\/10\\\/Los-Alemdrones-1.jpg?fit=1000%2C591&ssl=1\",\"width\":1000,\"height\":591},{\"@type\":\"BreadcrumbList\",\"@id\":\"https:\\\/\\\/casadecampoliving.com\\\/es\\\/exposicion-fotografica-los-almendrones-en-la-galeria\\\/#breadcrumb\",\"itemListElement\":[{\"@type\":\"ListItem\",\"position\":1,\"name\":\"Home\",\"item\":\"https:\\\/\\\/casadecampoliving.com\\\/es\\\/\"},{\"@type\":\"ListItem\",\"position\":2,\"name\":\"Exposici\u00f3n fotogr\u00e1fica &#8220;Los Almendrones&#8221; en La Galer\u00eda\"}]},{\"@type\":\"WebSite\",\"@id\":\"https:\\\/\\\/casadecampoliving.com\\\/es\\\/#website\",\"url\":\"https:\\\/\\\/casadecampoliving.com\\\/es\\\/\",\"name\":\"Casa de Campo Living\",\"description\":\"Resort community news and resources.\",\"publisher\":{\"@id\":\"https:\\\/\\\/casadecampoliving.com\\\/es\\\/#organization\"},\"potentialAction\":[{\"@type\":\"SearchAction\",\"target\":{\"@type\":\"EntryPoint\",\"urlTemplate\":\"https:\\\/\\\/casadecampoliving.com\\\/es\\\/?s={search_term_string}\"},\"query-input\":{\"@type\":\"PropertyValueSpecification\",\"valueRequired\":true,\"valueName\":\"search_term_string\"}}],\"inLanguage\":\"es\"},{\"@type\":\"Organization\",\"@id\":\"https:\\\/\\\/casadecampoliving.com\\\/es\\\/#organization\",\"name\":\"Casa de Campo Living\",\"url\":\"https:\\\/\\\/casadecampoliving.com\\\/es\\\/\",\"logo\":{\"@type\":\"ImageObject\",\"inLanguage\":\"es\",\"@id\":\"https:\\\/\\\/casadecampoliving.com\\\/es\\\/#\\\/schema\\\/logo\\\/image\\\/\",\"url\":\"https:\\\/\\\/i0.wp.com\\\/casadecampoliving.com\\\/wp-content\\\/uploads\\\/2022\\\/07\\\/CDCLivingLogo_V1-white-sized.png?fit=800%2C214&ssl=1\",\"contentUrl\":\"https:\\\/\\\/i0.wp.com\\\/casadecampoliving.com\\\/wp-content\\\/uploads\\\/2022\\\/07\\\/CDCLivingLogo_V1-white-sized.png?fit=800%2C214&ssl=1\",\"width\":800,\"height\":214,\"caption\":\"Casa de Campo Living\"},\"image\":{\"@id\":\"https:\\\/\\\/casadecampoliving.com\\\/es\\\/#\\\/schema\\\/logo\\\/image\\\/\"},\"sameAs\":[\"https:\\\/\\\/www.facebook.com\\\/casadecampoliving\",\"https:\\\/\\\/x.com\\\/cdcliving\"]},{\"@type\":\"Person\",\"@id\":\"https:\\\/\\\/casadecampoliving.com\\\/es\\\/#\\\/schema\\\/person\\\/5d2171637a9d11e0e43ce6b8555f9422\",\"name\":\"Casa de Campo Living\",\"image\":{\"@type\":\"ImageObject\",\"inLanguage\":\"es\",\"@id\":\"https:\\\/\\\/secure.gravatar.com\\\/avatar\\\/d04101fa4a9fd431e939953b1500fdc7a73cd35029f86d98712fd8ccdaebaf9a?s=96&d=mm&r=g\",\"url\":\"https:\\\/\\\/secure.gravatar.com\\\/avatar\\\/d04101fa4a9fd431e939953b1500fdc7a73cd35029f86d98712fd8ccdaebaf9a?s=96&d=mm&r=g\",\"contentUrl\":\"https:\\\/\\\/secure.gravatar.com\\\/avatar\\\/d04101fa4a9fd431e939953b1500fdc7a73cd35029f86d98712fd8ccdaebaf9a?s=96&d=mm&r=g\",\"caption\":\"Casa de Campo Living\"},\"url\":\"https:\\\/\\\/casadecampoliving.com\\\/es\\\/author\\\/casa-de-campo-living\\\/\"}]}<\/script>\n<!-- \/ Yoast SEO plugin. -->","yoast_head_json":{"title":"Exposici\u00f3n fotogr\u00e1fica \"Los Almendrones\" en La Galer\u00eda | Casa de Campo Living","description":"La Galer\u00eda Principal de Altos de Chav\u00f3n presentar\u00e1 el s\u00e1bado 16 de diciembre de 2017 la exposici\u00f3n fotogr\u00e1fica \u201cLos Almendrones\u201d de los artistas, Clara","robots":{"index":"index","follow":"follow","max-snippet":"max-snippet:-1","max-image-preview":"max-image-preview:large","max-video-preview":"max-video-preview:-1"},"canonical":"https:\/\/casadecampoliving.com\/es\/exposicion-fotografica-los-almendrones-en-la-galeria\/","og_locale":"es_ES","og_type":"article","og_title":"Exposici\u00f3n fotogr\u00e1fica \"Los Almendrones\" en La Galer\u00eda | Casa de Campo Living","og_description":"La Galer\u00eda Principal de Altos de Chav\u00f3n presentar\u00e1 el s\u00e1bado 16 de diciembre de 2017 la exposici\u00f3n fotogr\u00e1fica \u201cLos Almendrones\u201d de los artistas, Clara","og_url":"https:\/\/casadecampoliving.com\/es\/exposicion-fotografica-los-almendrones-en-la-galeria\/","og_site_name":"Casa de Campo Living","article_publisher":"https:\/\/www.facebook.com\/casadecampoliving","article_published_time":"2017-12-08T04:00:00+00:00","article_modified_time":"2022-10-21T23:10:19+00:00","og_image":[{"width":1000,"height":591,"url":"https:\/\/i0.wp.com\/casadecampoliving.com\/wp-content\/uploads\/2022\/10\/Los-Alemdrones-1.jpg?fit=1000%2C591&ssl=1","type":"image\/jpeg"}],"author":"Casa de Campo Living","twitter_card":"summary_large_image","twitter_creator":"@cdcliving","twitter_site":"@cdcliving","twitter_misc":{"Escrito por":"Casa de Campo Living","Tiempo de lectura":"1 minuto"},"schema":{"@context":"https:\/\/schema.org","@graph":[{"@type":"Article","@id":"https:\/\/casadecampoliving.com\/es\/exposicion-fotografica-los-almendrones-en-la-galeria\/#article","isPartOf":{"@id":"https:\/\/casadecampoliving.com\/es\/exposicion-fotografica-los-almendrones-en-la-galeria\/"},"author":{"name":"Casa de Campo Living","@id":"https:\/\/casadecampoliving.com\/es\/#\/schema\/person\/5d2171637a9d11e0e43ce6b8555f9422"},"headline":"Exposici\u00f3n fotogr\u00e1fica \u00abLos Almendrones\u00bb en La Galer\u00eda","datePublished":"2017-12-08T04:00:00+00:00","dateModified":"2022-10-21T23:10:19+00:00","mainEntityOfPage":{"@id":"https:\/\/casadecampoliving.com\/es\/exposicion-fotografica-los-almendrones-en-la-galeria\/"},"wordCount":260,"publisher":{"@id":"https:\/\/casadecampoliving.com\/es\/#organization"},"image":{"@id":"https:\/\/casadecampoliving.com\/es\/exposicion-fotografica-los-almendrones-en-la-galeria\/#primaryimage"},"thumbnailUrl":"https:\/\/i0.wp.com\/casadecampoliving.com\/wp-content\/uploads\/2022\/10\/Los-Alemdrones-1.jpg?fit=1000%2C591&ssl=1","keywords":["Altos de Chavon","Carlos Acero @es","Clara Martinez Thedy @es","exposici\u00f3n","Featured-TopView @es","fotografia","Mary Rosa Jimenez @es"],"articleSection":["Altos de Chavon @es","Arte y cultura","Estilo de Vida","Eventos","Proximamente","Rep\u00fablica Dominicana @es"],"inLanguage":"es"},{"@type":"WebPage","@id":"https:\/\/casadecampoliving.com\/es\/exposicion-fotografica-los-almendrones-en-la-galeria\/","url":"https:\/\/casadecampoliving.com\/es\/exposicion-fotografica-los-almendrones-en-la-galeria\/","name":"Exposici\u00f3n fotogr\u00e1fica \"Los Almendrones\" en La Galer\u00eda | Casa de Campo Living","isPartOf":{"@id":"https:\/\/casadecampoliving.com\/es\/#website"},"primaryImageOfPage":{"@id":"https:\/\/casadecampoliving.com\/es\/exposicion-fotografica-los-almendrones-en-la-galeria\/#primaryimage"},"image":{"@id":"https:\/\/casadecampoliving.com\/es\/exposicion-fotografica-los-almendrones-en-la-galeria\/#primaryimage"},"thumbnailUrl":"https:\/\/i0.wp.com\/casadecampoliving.com\/wp-content\/uploads\/2022\/10\/Los-Alemdrones-1.jpg?fit=1000%2C591&ssl=1","datePublished":"2017-12-08T04:00:00+00:00","dateModified":"2022-10-21T23:10:19+00:00","description":"La Galer\u00eda Principal de Altos de Chav\u00f3n presentar\u00e1 el s\u00e1bado 16 de diciembre de 2017 la exposici\u00f3n fotogr\u00e1fica \u201cLos Almendrones\u201d de los artistas, Clara","breadcrumb":{"@id":"https:\/\/casadecampoliving.com\/es\/exposicion-fotografica-los-almendrones-en-la-galeria\/#breadcrumb"},"inLanguage":"es","potentialAction":[{"@type":"ReadAction","target":["https:\/\/casadecampoliving.com\/es\/exposicion-fotografica-los-almendrones-en-la-galeria\/"]}]},{"@type":"ImageObject","inLanguage":"es","@id":"https:\/\/casadecampoliving.com\/es\/exposicion-fotografica-los-almendrones-en-la-galeria\/#primaryimage","url":"https:\/\/i0.wp.com\/casadecampoliving.com\/wp-content\/uploads\/2022\/10\/Los-Alemdrones-1.jpg?fit=1000%2C591&ssl=1","contentUrl":"https:\/\/i0.wp.com\/casadecampoliving.com\/wp-content\/uploads\/2022\/10\/Los-Alemdrones-1.jpg?fit=1000%2C591&ssl=1","width":1000,"height":591},{"@type":"BreadcrumbList","@id":"https:\/\/casadecampoliving.com\/es\/exposicion-fotografica-los-almendrones-en-la-galeria\/#breadcrumb","itemListElement":[{"@type":"ListItem","position":1,"name":"Home","item":"https:\/\/casadecampoliving.com\/es\/"},{"@type":"ListItem","position":2,"name":"Exposici\u00f3n fotogr\u00e1fica &#8220;Los Almendrones&#8221; en La Galer\u00eda"}]},{"@type":"WebSite","@id":"https:\/\/casadecampoliving.com\/es\/#website","url":"https:\/\/casadecampoliving.com\/es\/","name":"Casa de Campo Living","description":"Resort community news and resources.","publisher":{"@id":"https:\/\/casadecampoliving.com\/es\/#organization"},"potentialAction":[{"@type":"SearchAction","target":{"@type":"EntryPoint","urlTemplate":"https:\/\/casadecampoliving.com\/es\/?s={search_term_string}"},"query-input":{"@type":"PropertyValueSpecification","valueRequired":true,"valueName":"search_term_string"}}],"inLanguage":"es"},{"@type":"Organization","@id":"https:\/\/casadecampoliving.com\/es\/#organization","name":"Casa de Campo Living","url":"https:\/\/casadecampoliving.com\/es\/","logo":{"@type":"ImageObject","inLanguage":"es","@id":"https:\/\/casadecampoliving.com\/es\/#\/schema\/logo\/image\/","url":"https:\/\/i0.wp.com\/casadecampoliving.com\/wp-content\/uploads\/2022\/07\/CDCLivingLogo_V1-white-sized.png?fit=800%2C214&ssl=1","contentUrl":"https:\/\/i0.wp.com\/casadecampoliving.com\/wp-content\/uploads\/2022\/07\/CDCLivingLogo_V1-white-sized.png?fit=800%2C214&ssl=1","width":800,"height":214,"caption":"Casa de Campo Living"},"image":{"@id":"https:\/\/casadecampoliving.com\/es\/#\/schema\/logo\/image\/"},"sameAs":["https:\/\/www.facebook.com\/casadecampoliving","https:\/\/x.com\/cdcliving"]},{"@type":"Person","@id":"https:\/\/casadecampoliving.com\/es\/#\/schema\/person\/5d2171637a9d11e0e43ce6b8555f9422","name":"Casa de Campo Living","image":{"@type":"ImageObject","inLanguage":"es","@id":"https:\/\/secure.gravatar.com\/avatar\/d04101fa4a9fd431e939953b1500fdc7a73cd35029f86d98712fd8ccdaebaf9a?s=96&d=mm&r=g","url":"https:\/\/secure.gravatar.com\/avatar\/d04101fa4a9fd431e939953b1500fdc7a73cd35029f86d98712fd8ccdaebaf9a?s=96&d=mm&r=g","contentUrl":"https:\/\/secure.gravatar.com\/avatar\/d04101fa4a9fd431e939953b1500fdc7a73cd35029f86d98712fd8ccdaebaf9a?s=96&d=mm&r=g","caption":"Casa de Campo Living"},"url":"https:\/\/casadecampoliving.com\/es\/author\/casa-de-campo-living\/"}]}},"parsely":{"version":"1.1.0","canonical_url":"https:\/\/casadecampoliving.com\/es\/exposicion-fotografica-los-almendrones-en-la-galeria\/","smart_links":{"inbound":0,"outbound":0},"traffic_boost_suggestions_count":0,"meta":{"@context":"https:\/\/schema.org","@type":"NewsArticle","headline":"Exposici\u00f3n fotogr\u00e1fica \u00abLos Almendrones\u00bb en La Galer\u00eda","url":"http:\/\/casadecampoliving.com\/es\/exposicion-fotografica-los-almendrones-en-la-galeria\/","mainEntityOfPage":{"@type":"WebPage","@id":"http:\/\/casadecampoliving.com\/es\/exposicion-fotografica-los-almendrones-en-la-galeria\/"},"thumbnailUrl":"https:\/\/i0.wp.com\/casadecampoliving.com\/wp-content\/uploads\/2022\/10\/Los-Alemdrones-1.jpg?resize=150%2C150&ssl=1","image":{"@type":"ImageObject","url":"https:\/\/i0.wp.com\/casadecampoliving.com\/wp-content\/uploads\/2022\/10\/Los-Alemdrones-1.jpg?fit=1000%2C591&ssl=1"},"articleSection":"Altos de Chavon @es","author":[{"@type":"Person","name":"Casa de Campo Living"}],"creator":["Casa de Campo Living"],"publisher":{"@type":"Organization","name":"Casa de Campo Living","logo":"https:\/\/casadecampoliving.com\/wp-content\/uploads\/2022\/07\/CDCLivingLogo_V1-white-sized.png"},"keywords":["altos de chavon","carlos acero @es","clara martinez thedy @es","exposici\u00f3n","featured-topview @es","fotografia","mary rosa jimenez @es"],"dateCreated":"2017-12-08T04:00:00Z","datePublished":"2017-12-08T04:00:00Z","dateModified":"2022-10-21T23:10:19Z"},"rendered":"<script type=\"application\/ld+json\" class=\"wp-parsely-metadata\">{\"@context\":\"https:\\\/\\\/schema.org\",\"@type\":\"NewsArticle\",\"headline\":\"Exposici\\u00f3n fotogr\\u00e1fica \\u00abLos Almendrones\\u00bb en La Galer\\u00eda\",\"url\":\"http:\\\/\\\/casadecampoliving.com\\\/es\\\/exposicion-fotografica-los-almendrones-en-la-galeria\\\/\",\"mainEntityOfPage\":{\"@type\":\"WebPage\",\"@id\":\"http:\\\/\\\/casadecampoliving.com\\\/es\\\/exposicion-fotografica-los-almendrones-en-la-galeria\\\/\"},\"thumbnailUrl\":\"https:\\\/\\\/i0.wp.com\\\/casadecampoliving.com\\\/wp-content\\\/uploads\\\/2022\\\/10\\\/Los-Alemdrones-1.jpg?resize=150%2C150&ssl=1\",\"image\":{\"@type\":\"ImageObject\",\"url\":\"https:\\\/\\\/i0.wp.com\\\/casadecampoliving.com\\\/wp-content\\\/uploads\\\/2022\\\/10\\\/Los-Alemdrones-1.jpg?fit=1000%2C591&ssl=1\"},\"articleSection\":\"Altos de Chavon @es\",\"author\":[{\"@type\":\"Person\",\"name\":\"Casa de Campo Living\"}],\"creator\":[\"Casa de Campo Living\"],\"publisher\":{\"@type\":\"Organization\",\"name\":\"Casa de Campo Living\",\"logo\":\"https:\\\/\\\/casadecampoliving.com\\\/wp-content\\\/uploads\\\/2022\\\/07\\\/CDCLivingLogo_V1-white-sized.png\"},\"keywords\":[\"altos de chavon\",\"carlos acero @es\",\"clara martinez thedy @es\",\"exposici\\u00f3n\",\"featured-topview @es\",\"fotografia\",\"mary rosa jimenez @es\"],\"dateCreated\":\"2017-12-08T04:00:00Z\",\"datePublished\":\"2017-12-08T04:00:00Z\",\"dateModified\":\"2022-10-21T23:10:19Z\"}<\/script>","tracker_url":"https:\/\/cdn.parsely.com\/keys\/casadecampoliving.com\/p.js"},"jetpack_publicize_connections":[],"jetpack_featured_media_url":"https:\/\/i0.wp.com\/casadecampoliving.com\/wp-content\/uploads\/2022\/10\/Los-Alemdrones-1.jpg?fit=1000%2C591&ssl=1","jetpack-related-posts":[{"id":352336,"url":"https:\/\/casadecampoliving.com\/es\/no-te-pierdas-la-exposicion-fotografica-los-almendrones-en-la-galeria\/","url_meta":{"origin":352270,"position":0},"title":"No te pierdas la exposici\u00f3n fotogr\u00e1fica \u00abLos Almendrones\u00bb en La Galer\u00eda","author":"Marlenys Guzm\u00e1n Casta\u00f1os","date":"26 Dic, 2017","format":false,"excerpt":"El s\u00e1bado 16 de diciembre, la galer\u00eda principal de Altos de Chav\u00f3n fue la sede de la inauguraci\u00f3n de la exposici\u00f3n fotogr\u00e1fica \"Los Almendrones\" de los artistas Clara Mart\u00ednez Thedy, Mary Rosa Jim\u00e9nez, Carlos Acero y Sandra Garip. Las impresionantes fotograf\u00edas se dispersaron por las paredes del primer piso de\u2026","rel":"","context":"En \u00abAltos de Chavon @es\u00bb","block_context":{"text":"Altos de Chavon @es","link":"https:\/\/casadecampoliving.com\/category\/altos-de-chavon-es\/"},"img":{"alt_text":"","src":"https:\/\/i0.wp.com\/casadecampoliving.com\/wp-content\/uploads\/2022\/10\/DSCN40051.jpg?fit=1000%2C563&ssl=1&resize=350%2C200","width":350,"height":200,"srcset":"https:\/\/i0.wp.com\/casadecampoliving.com\/wp-content\/uploads\/2022\/10\/DSCN40051.jpg?fit=1000%2C563&ssl=1&resize=350%2C200 1x, https:\/\/i0.wp.com\/casadecampoliving.com\/wp-content\/uploads\/2022\/10\/DSCN40051.jpg?fit=1000%2C563&ssl=1&resize=525%2C300 1.5x, https:\/\/i0.wp.com\/casadecampoliving.com\/wp-content\/uploads\/2022\/10\/DSCN40051.jpg?fit=1000%2C563&ssl=1&resize=700%2C400 2x"},"classes":[]},{"id":433460,"url":"https:\/\/casadecampoliving.com\/es\/no-se-pierdan-el-increible-tributo-a-frank-sinatra-para-celebrar-el-40-aniversario-del-anfiteatro-altos-de-chavon\/","url_meta":{"origin":352270,"position":1},"title":"No se pierdan el incre\u00edble tributo a Frank Sinatra para celebrar el 40 aniversario del\u00a0Anfiteatro Altos de Chav\u00f3n","author":"Casa de Campo Living","date":"20 Oct, 2022","format":false,"excerpt":"Siendo uno de los escenarios m\u00e1s emblem\u00e1ticos del pa\u00eds, Casa de Campo Resort\u00ae & Villas celebra las cuatro d\u00e9cadas de aniversario de Altos de Chav\u00f3n con un tributo al gran Frank Sinatra, protagonizado por artistas invitados y una big band tal cual la que acompa\u00f1\u00f3 al artista hace 40 a\u00f1os\u2026","rel":"","context":"En \u00abUncategorized @es\u00bb","block_context":{"text":"Uncategorized @es","link":"https:\/\/casadecampoliving.com\/es\/category\/uncategorized-es\/"},"img":{"alt_text":"","src":"https:\/\/i0.wp.com\/casadecampoliving.com\/wp-content\/uploads\/2022\/10\/Tributo-Frank-Sinatra-Foto-Principal-Amaury-Sanchez-Danilo-Ginebra-Andres-Pichardo-y-Jose-Gabriel-Perez-.jpg?fit=1200%2C873&ssl=1&resize=350%2C200","width":350,"height":200,"srcset":"https:\/\/i0.wp.com\/casadecampoliving.com\/wp-content\/uploads\/2022\/10\/Tributo-Frank-Sinatra-Foto-Principal-Amaury-Sanchez-Danilo-Ginebra-Andres-Pichardo-y-Jose-Gabriel-Perez-.jpg?fit=1200%2C873&ssl=1&resize=350%2C200 1x, https:\/\/i0.wp.com\/casadecampoliving.com\/wp-content\/uploads\/2022\/10\/Tributo-Frank-Sinatra-Foto-Principal-Amaury-Sanchez-Danilo-Ginebra-Andres-Pichardo-y-Jose-Gabriel-Perez-.jpg?fit=1200%2C873&ssl=1&resize=525%2C300 1.5x, https:\/\/i0.wp.com\/casadecampoliving.com\/wp-content\/uploads\/2022\/10\/Tributo-Frank-Sinatra-Foto-Principal-Amaury-Sanchez-Danilo-Ginebra-Andres-Pichardo-y-Jose-Gabriel-Perez-.jpg?fit=1200%2C873&ssl=1&resize=700%2C400 2x, https:\/\/i0.wp.com\/casadecampoliving.com\/wp-content\/uploads\/2022\/10\/Tributo-Frank-Sinatra-Foto-Principal-Amaury-Sanchez-Danilo-Ginebra-Andres-Pichardo-y-Jose-Gabriel-Perez-.jpg?fit=1200%2C873&ssl=1&resize=1050%2C600 3x"},"classes":[]},{"id":329878,"url":"https:\/\/casadecampoliving.com\/photographic-exhibition-los-almendrones-la-galeria\/","url_meta":{"origin":352270,"position":2},"title":"Photographic exhibition \u00abLos Almendrones\u00bb in The Gallery","author":"Casa de Campo Living","date":"8 Dic, 2017","format":false,"excerpt":"The main Gallery of Altos de Chav\u00f3n will present next Saturday, December 16th, 2017, the photographic exhibition \u201cLos Almendrones\u201d by artists, Clara Mart\u00ednez Thedy, Mary Rosa Jim\u00e9nez, Carlos Acero, and Sandra Garip. \u201cCities manifest their vitality in different ways, through their people, customs, rites, symbols, and realities. It is what\u2026","rel":"","context":"En \u00abAltos de Chavon\u00bb","block_context":{"text":"Altos de Chavon","link":"https:\/\/casadecampoliving.com\/category\/altos-de-chavon\/"},"img":{"alt_text":"","src":"https:\/\/i0.wp.com\/casadecampoliving.com\/wp-content\/uploads\/2022\/10\/Los-Alemdrones-1.jpg?fit=1000%2C591&ssl=1&resize=350%2C200","width":350,"height":200,"srcset":"https:\/\/i0.wp.com\/casadecampoliving.com\/wp-content\/uploads\/2022\/10\/Los-Alemdrones-1.jpg?fit=1000%2C591&ssl=1&resize=350%2C200 1x, https:\/\/i0.wp.com\/casadecampoliving.com\/wp-content\/uploads\/2022\/10\/Los-Alemdrones-1.jpg?fit=1000%2C591&ssl=1&resize=525%2C300 1.5x, https:\/\/i0.wp.com\/casadecampoliving.com\/wp-content\/uploads\/2022\/10\/Los-Alemdrones-1.jpg?fit=1000%2C591&ssl=1&resize=700%2C400 2x"},"classes":[]},{"id":329918,"url":"https:\/\/casadecampoliving.com\/dont-miss-photographic-exhibition-los-almendrones-gallery\/","url_meta":{"origin":352270,"position":3},"title":"Don&#8217;t miss the photographic exhibition \u201cLos Almendrones\u201d in The Gallery","author":"Marlenys Guzm\u00e1n Casta\u00f1os","date":"26 Dic, 2017","format":false,"excerpt":"On Saturday, December 16th the main gallery in Altos de Chav\u00f3n hosted the opening of the photographic exhibition,\u00a0\u201cLos Almendrones\u201d by artists, Clara Mart\u00ednez Thedy, Mary Rosa Jim\u00e9nez, Carlos Acero, and Sandra Garip.\u00a0The impressive photographs were dispersed throughout the walls of the first floor of the gallery, where many members of\u2026","rel":"","context":"En \u00abAltos de Chavon\u00bb","block_context":{"text":"Altos de Chavon","link":"https:\/\/casadecampoliving.com\/category\/altos-de-chavon\/"},"img":{"alt_text":"","src":"https:\/\/i0.wp.com\/casadecampoliving.com\/wp-content\/uploads\/2022\/10\/DSCN40051.jpg?fit=1000%2C563&ssl=1&resize=350%2C200","width":350,"height":200,"srcset":"https:\/\/i0.wp.com\/casadecampoliving.com\/wp-content\/uploads\/2022\/10\/DSCN40051.jpg?fit=1000%2C563&ssl=1&resize=350%2C200 1x, https:\/\/i0.wp.com\/casadecampoliving.com\/wp-content\/uploads\/2022\/10\/DSCN40051.jpg?fit=1000%2C563&ssl=1&resize=525%2C300 1.5x, https:\/\/i0.wp.com\/casadecampoliving.com\/wp-content\/uploads\/2022\/10\/DSCN40051.jpg?fit=1000%2C563&ssl=1&resize=700%2C400 2x"},"classes":[]},{"id":346126,"url":"https:\/\/casadecampoliving.com\/es\/exhibicion-colectiv-5\/","url_meta":{"origin":352270,"position":4},"title":"Exhibici\u00f3n Colectiv@ 5","author":"Maria Isabel B\u00e1ez","date":"29 Nov, 2014","format":false,"excerpt":"El Viernes 12 de diciembre, est\u00e1 cordialmente invitado a la apertura de \u201cColectiv@ 5\u201d una exhibici\u00f3n fotogr\u00e1fica que representa los trabajos colectivos de 5 artistas, America Olivo, Lowell Whipple, Mary Rosa Jimenez, Clara Martinez Thedy y \u00c1ngel Ricardo Rivera.La exhibici\u00f3n ha sido organizada por el due\u00f1o de villa en Casa\u2026","rel":"","context":"En \u00abArte y cultura\u00bb","block_context":{"text":"Arte y cultura","link":"https:\/\/casadecampoliving.com\/category\/arte-y-cultura\/"},"img":{"alt_text":"","src":"https:\/\/i0.wp.com\/casadecampoliving.com\/wp-content\/uploads\/2022\/10\/colectiv%40-5-1-e1417004117637-1.jpeg?fit=646%2C409&ssl=1&resize=350%2C200","width":350,"height":200,"srcset":"https:\/\/i0.wp.com\/casadecampoliving.com\/wp-content\/uploads\/2022\/10\/colectiv%40-5-1-e1417004117637-1.jpeg?fit=646%2C409&ssl=1&resize=350%2C200 1x, https:\/\/i0.wp.com\/casadecampoliving.com\/wp-content\/uploads\/2022\/10\/colectiv%40-5-1-e1417004117637-1.jpeg?fit=646%2C409&ssl=1&resize=525%2C300 1.5x"},"classes":[]},{"id":346972,"url":"https:\/\/casadecampoliving.com\/es\/exhibicion-fotografica-resiliencia-en-el-museo-de-la-altagracia\/","url_meta":{"origin":352270,"position":5},"title":"Exhibici\u00f3n fotografica \u00abResiliencia\u00bb en el Museo de La Altagracia","author":"Perkin Agramonte","date":"18 Mar, 2015","format":false,"excerpt":"Este viernes 20 de marzo est\u00e1n todos cordialmente invitados a disfrutar de una excelente exhibici\u00f3n fotogr\u00e1fica con el nombre \u201cResiliencia\u201d. Est\u00e1 exposici\u00f3n colectiva itinerante se presentar\u00e1 en el Museo \u00a0de La Altagracia en la ciudad de Hig\u00fcey, localizada en la regi\u00f3n Este de la Rep\u00fablica Dominicana; a tan solo 33\u2026","rel":"","context":"En \u00abArte y cultura\u00bb","block_context":{"text":"Arte y cultura","link":"https:\/\/casadecampoliving.com\/category\/arte-y-cultura\/"},"img":{"alt_text":"","src":"https:\/\/i0.wp.com\/casadecampoliving.com\/wp-content\/uploads\/2022\/10\/Resiliencia_Museo_La_Altagracia-1.jpg?fit=792%2C511&ssl=1&resize=350%2C200","width":350,"height":200,"srcset":"https:\/\/i0.wp.com\/casadecampoliving.com\/wp-content\/uploads\/2022\/10\/Resiliencia_Museo_La_Altagracia-1.jpg?fit=792%2C511&ssl=1&resize=350%2C200 1x, https:\/\/i0.wp.com\/casadecampoliving.com\/wp-content\/uploads\/2022\/10\/Resiliencia_Museo_La_Altagracia-1.jpg?fit=792%2C511&ssl=1&resize=525%2C300 1.5x, https:\/\/i0.wp.com\/casadecampoliving.com\/wp-content\/uploads\/2022\/10\/Resiliencia_Museo_La_Altagracia-1.jpg?fit=792%2C511&ssl=1&resize=700%2C400 2x"},"classes":[]}],"jetpack_sharing_enabled":true,"_links":{"self":[{"href":"https:\/\/casadecampoliving.com\/es\/wp-json\/wp\/v2\/posts\/352270","targetHints":{"allow":["GET"]}}],"collection":[{"href":"https:\/\/casadecampoliving.com\/es\/wp-json\/wp\/v2\/posts"}],"about":[{"href":"https:\/\/casadecampoliving.com\/es\/wp-json\/wp\/v2\/types\/post"}],"author":[{"embeddable":true,"href":"https:\/\/casadecampoliving.com\/es\/wp-json\/wp\/v2\/users\/36791"}],"replies":[{"embeddable":true,"href":"https:\/\/casadecampoliving.com\/es\/wp-json\/wp\/v2\/comments?post=352270"}],"version-history":[{"count":1,"href":"https:\/\/casadecampoliving.com\/es\/wp-json\/wp\/v2\/posts\/352270\/revisions"}],"predecessor-version":[{"id":352271,"href":"https:\/\/casadecampoliving.com\/es\/wp-json\/wp\/v2\/posts\/352270\/revisions\/352271"}],"wp:featuredmedia":[{"embeddable":true,"href":"https:\/\/casadecampoliving.com\/es\/wp-json\/wp\/v2\/media\/300006"}],"wp:attachment":[{"href":"https:\/\/casadecampoliving.com\/es\/wp-json\/wp\/v2\/media?parent=352270"}],"wp:term":[{"taxonomy":"category","embeddable":true,"href":"https:\/\/casadecampoliving.com\/es\/wp-json\/wp\/v2\/categories?post=352270"},{"taxonomy":"post_tag","embeddable":true,"href":"https:\/\/casadecampoliving.com\/es\/wp-json\/wp\/v2\/tags?post=352270"},{"taxonomy":"newspack_spnsrs_tax","embeddable":true,"href":"https:\/\/casadecampoliving.com\/es\/wp-json\/wp\/v2\/newspack_spnsrs_tax?post=352270"}],"curies":[{"name":"wp","href":"https:\/\/api.w.org\/{rel}","templated":true}]}}