{"id":352168,"date":"2017-11-08T00:00:00","date_gmt":"2017-11-08T04:00:00","guid":{"rendered":"https:\/\/casadecampoliving.com\/buenas-noticias-amantes-del-tenis-victor-estrella-y-nicolas-almagro-jugaran-en-la-terraza-este-sabado\/"},"modified":"2022-10-21T19:03:52","modified_gmt":"2022-10-21T23:03:52","slug":"buenas-noticias-amantes-del-tenis-victor-estrella-y-nicolas-almagro-jugaran-en-la-terraza-este-sabado","status":"publish","type":"post","link":"https:\/\/casadecampoliving.com\/es\/buenas-noticias-amantes-del-tenis-victor-estrella-y-nicolas-almagro-jugaran-en-la-terraza-este-sabado\/","title":{"rendered":"\u00a1Buenas noticias amantes del tenis! \u00a1Victor Estrella y Nicolas Almagro jugar\u00e1n en La Terraza este s\u00e1bado!"},"content":{"rendered":"\n<p>\u00bfRecuerdas en agosto cuando el campe\u00f3n dominicano de tenis Victor Estrella jug\u00f3 contra el profesional del tenis espa\u00f1ol Nicol\u00e1s Almagro en un partido de exhibici\u00f3n en Santo Domingo? Bueno,\u00a1EN TRES D\u00cdAS traer\u00e1n su juego de tenis a CASA DE CAMPO!<\/p>\n\n\n\n<!--more-->\n\n\n\n<p>Estrella, clasificado en el 80 puesto en el Ranking Emirates ATP, se convirti\u00f3 en profesional hace 15 a\u00f1os y as\u00ed como tambi\u00e9n en el primer dominicano en llegar al TOP 100. En 2015, gan\u00f3 su primer t\u00edtulo de campe\u00f3n ATP World Tour en el Abierto de Ecuador en Quito, y desde entonces ha ganado dos m\u00e1s all\u00ed, ganando en febrero de este a\u00f1o contra el espa\u00f1ol Paolo Lorenzi. Recientemente, Estrella se enfrent\u00f3 al profesional bosnio Damir Dzumhur en el ATP Challenger Tour 2017 en Santo Domingo, y para deleite de todos los dominicanos se llev\u00f3 a casa el trofeo Milex Open, junto con $ 125,000 en premios.<\/p>\n\n\n<div class=\"wp-block-image\">\n<figure class=\"aligncenter is-resized\"><img loading=\"lazy\" decoding=\"async\" src=\"https:\/\/i0.wp.com\/casadecampoliving.com\/wp-content\/uploads\/2022\/10\/Almagro_38.jpg?resize=1000%2C626&amp;ssl=1\" alt=\"Almagro\" class=\"wp-image-146164\" height=\"626\" width=\"1000\"\/><\/figure>\n<\/div>\n\n\n<p>En cuanto a Almagro, esta no ser\u00e1 su primera visita a Casa de Campo. El jugador, ahora n\u00famero 146, de Murcia visit\u00f3 el complejo despu\u00e9s de su partido de exhibici\u00f3n con Estrella y les dio cl\u00ednicas de tenis a los ni\u00f1os. Celebr\u00f3 su cumplea\u00f1os n\u00famero 32 aqu\u00ed y <a href=\"https:\/\/casadecampoliving.com\/es\/nicolas-almagro-juega-tenis-con-los-ninos-en-casa-de-campo\/\" target=\"_blank\" rel=\"noopener\">se detuvo para platicar con <em>Casa de Campo Living<\/em> sobre sus memorables momentos de carrera<\/a>, como jugar contra Nadal en Barcelona en 2014. El a\u00f1o pasado, en mayo de 2016, Almagro gan\u00f3 su 13\u00b0 t\u00edtulo ATP World Tour en el Millennium Estoril Open contra su compa\u00f1ero espa\u00f1ol Pablo Carre\u00f1o Busta.<\/p>\n\n\n\n<p><strong>\u00a1Ven a ver a Nicolas Almagro y V\u00edctor Estrella para un segundo partido de exhibici\u00f3n en la Rep\u00fablica Dominicana, esta vez en el La Terraza Tennis Center!<\/strong> Este s\u00e1bado, 11 de noviembre, m\u00e1s de 60 ni\u00f1os est\u00e1n ansiosos por participar en las cl\u00ednicas de tenis que comienzan a las 4:00 p.m. para luego continuar con el partido. Traiga a los ni\u00f1os y no olvide ponerlo en tu calendario para una incre\u00edble tarde de s\u00e1bado en la cancha.<\/p>\n\n\n\n<blockquote><figure><img decoding=\"async\" loading=\"lazy\" class=\"aligncenter size-full wp-image-149218\" src=\"https:\/\/i0.wp.com\/casadecampoliving.com\/wp-content\/uploads\/2022\/10\/Exhibicion-Almagro-Estrella.jpg?resize=618%2C770&amp;ssl=1\" alt=\"Almagro - Estrella tennis match\" width=\"618\" height=\"770\"><\/figure><p><strong>Qu\u00e9<\/strong>: Gran partido de exhibici\u00f3n entre Nicol\u00e1s Almagro y V\u00edctor Estrella<\/p><p><strong>D\u00f3nde<\/strong>: Centro de tenis La Terraza, Casa de Campo<\/p><p><strong>Cu\u00e1ndo<\/strong>: S\u00e1bado, 11 de noviembre<\/p><p><strong>Costo: <\/strong>\u00a1GRATIS!<\/p><p><strong>Cl\u00ednicas de tenis:<\/strong> \u00a1Trae a los ni\u00f1os a una cl\u00ednica de tenis de 45 minutos con los profesionales, a partir de las 4:00 p.m.!<\/p><\/blockquote>\n\n\n\n<p><em>* Imagen principal de atpworldtour.com.<\/em><\/p>\n","protected":false},"excerpt":{"rendered":"<p>\u00bfRecuerdas en agosto cuando el campe\u00f3n dominicano de tenis Victor Estrella jug\u00f3 contra el profesional del tenis espa\u00f1ol Nicol\u00e1s Almagro en un partido de exhibici\u00f3n en Santo Domingo? Bueno,\u00a1EN TRES D\u00cdAS traer\u00e1n su juego de tenis a CASA DE CAMPO!<\/p>\n","protected":false},"author":36681,"featured_media":294896,"comment_status":"closed","ping_status":"closed","sticky":false,"template":"","format":"standard","meta":{"newspack_ads_suppress_ads":false,"newspack_popups_has_disabled_popups":false,"newspack_sponsor_sponsorship_scope":"","newspack_sponsor_native_byline_display":"inherit","newspack_sponsor_native_category_display":"inherit","newspack_sponsor_underwriter_style":"inherit","newspack_sponsor_underwriter_placement":"inherit","_newspack_byline_active":false,"_newspack_byline":"","newspack_hide_updated_date":false,"newspack_show_updated_date":false,"newspack_content_restriction_is_exempt":false,"newspack_featured_image_position":"","newspack_post_subtitle":"","newspack_article_summary_title":"Overview:","newspack_article_summary":"","_jetpack_memberships_contains_paid_content":false,"footnotes":"","jetpack_publicize_message":"","jetpack_publicize_feature_enabled":true,"jetpack_social_post_already_shared":false,"jetpack_social_options":{"image_generator_settings":{"template":"highway","default_image_id":0,"font":"","enabled":false},"version":2},"_wpas_customize_per_network":false},"categories":[2525,14631,2522,14627,2521,26822,2498],"tags":[23815,10051,21462,14736,21452,21386,2637,22069],"newspack_spnsrs_tax":[],"class_list":["post-352168","post","type-post","status-publish","format-standard","has-post-thumbnail","hentry","category-golf-deportes-es","category-estilo-de-vida","category-eventos-es","category-proximamente","category-republica-dominicana-2","category-resort-casa-de-campo","category-uncategorized-es","tag-casa-de-campo-es-17","tag-centro-de-tenis-la-terraza","tag-clinicas-de-tennis","tag-featured-topview-es","tag-nicolas-almagro","tag-profesional","tag-tenis","tag-victor-estrella","entry"],"yoast_head":"<!-- This site is optimized with the Yoast SEO plugin v27.4 - https:\/\/yoast.com\/product\/yoast-seo-wordpress\/ -->\n<title>\u00a1Buenas noticias amantes del tenis! \u00a1Victor Estrella y Nicolas Almagro jugar\u00e1n en La Terraza este s\u00e1bado! | Casa de Campo Living<\/title>\n<meta name=\"description\" content=\"\u00bfRecuerdas en agosto cuando el campe\u00f3n dominicano de tenis Victor Estrella jug\u00f3 contra el profesional del tenis espa\u00f1ol Nicol\u00e1s Almagro en un partido de\" \/>\n<meta name=\"robots\" content=\"index, follow, max-snippet:-1, max-image-preview:large, max-video-preview:-1\" \/>\n<link rel=\"canonical\" href=\"https:\/\/casadecampoliving.com\/es\/buenas-noticias-amantes-del-tenis-victor-estrella-y-nicolas-almagro-jugaran-en-la-terraza-este-sabado\/\" \/>\n<meta property=\"og:locale\" content=\"es_ES\" \/>\n<meta property=\"og:type\" content=\"article\" \/>\n<meta property=\"og:title\" content=\"\u00a1Buenas noticias amantes del tenis! \u00a1Victor Estrella y Nicolas Almagro jugar\u00e1n en La Terraza este s\u00e1bado! | Casa de Campo Living\" \/>\n<meta property=\"og:description\" content=\"\u00bfRecuerdas en agosto cuando el campe\u00f3n dominicano de tenis Victor Estrella jug\u00f3 contra el profesional del tenis espa\u00f1ol Nicol\u00e1s Almagro en un partido de\" \/>\n<meta property=\"og:url\" content=\"https:\/\/casadecampoliving.com\/es\/buenas-noticias-amantes-del-tenis-victor-estrella-y-nicolas-almagro-jugaran-en-la-terraza-este-sabado\/\" \/>\n<meta property=\"og:site_name\" content=\"Casa de Campo Living\" \/>\n<meta property=\"article:publisher\" content=\"https:\/\/www.facebook.com\/casadecampoliving\" \/>\n<meta property=\"article:published_time\" content=\"2017-11-08T04:00:00+00:00\" \/>\n<meta property=\"article:modified_time\" content=\"2022-10-21T23:03:52+00:00\" \/>\n<meta property=\"og:image\" content=\"https:\/\/i0.wp.com\/casadecampoliving.com\/wp-content\/uploads\/2022\/10\/victor-estrella-e1510155353776.jpg?fit=1000%2C563&ssl=1\" \/>\n\t<meta property=\"og:image:width\" content=\"1000\" \/>\n\t<meta property=\"og:image:height\" content=\"563\" \/>\n\t<meta property=\"og:image:type\" content=\"image\/jpeg\" \/>\n<meta name=\"author\" content=\"Heather Lincoln\" \/>\n<meta name=\"twitter:card\" content=\"summary_large_image\" \/>\n<meta name=\"twitter:creator\" content=\"@cdcliving\" \/>\n<meta name=\"twitter:site\" content=\"@cdcliving\" \/>\n<meta name=\"twitter:label1\" content=\"Escrito por\" \/>\n\t<meta name=\"twitter:data1\" content=\"Heather Lincoln\" \/>\n\t<meta name=\"twitter:label2\" content=\"Tiempo de lectura\" \/>\n\t<meta name=\"twitter:data2\" content=\"2 minutos\" \/>\n<script type=\"application\/ld+json\" class=\"yoast-schema-graph\">{\"@context\":\"https:\\\/\\\/schema.org\",\"@graph\":[{\"@type\":\"Article\",\"@id\":\"https:\\\/\\\/casadecampoliving.com\\\/es\\\/buenas-noticias-amantes-del-tenis-victor-estrella-y-nicolas-almagro-jugaran-en-la-terraza-este-sabado\\\/#article\",\"isPartOf\":{\"@id\":\"https:\\\/\\\/casadecampoliving.com\\\/es\\\/buenas-noticias-amantes-del-tenis-victor-estrella-y-nicolas-almagro-jugaran-en-la-terraza-este-sabado\\\/\"},\"author\":{\"name\":\"Heather Lincoln\",\"@id\":\"https:\\\/\\\/casadecampoliving.com\\\/es\\\/#\\\/schema\\\/person\\\/e3abfc63c1478fd703266a6f33a3145d\"},\"headline\":\"\u00a1Buenas noticias amantes del tenis! \u00a1Victor Estrella y Nicolas Almagro jugar\u00e1n en La Terraza este s\u00e1bado!\",\"datePublished\":\"2017-11-08T04:00:00+00:00\",\"dateModified\":\"2022-10-21T23:03:52+00:00\",\"mainEntityOfPage\":{\"@id\":\"https:\\\/\\\/casadecampoliving.com\\\/es\\\/buenas-noticias-amantes-del-tenis-victor-estrella-y-nicolas-almagro-jugaran-en-la-terraza-este-sabado\\\/\"},\"wordCount\":426,\"publisher\":{\"@id\":\"https:\\\/\\\/casadecampoliving.com\\\/es\\\/#organization\"},\"image\":{\"@id\":\"https:\\\/\\\/casadecampoliving.com\\\/es\\\/buenas-noticias-amantes-del-tenis-victor-estrella-y-nicolas-almagro-jugaran-en-la-terraza-este-sabado\\\/#primaryimage\"},\"thumbnailUrl\":\"https:\\\/\\\/i0.wp.com\\\/casadecampoliving.com\\\/wp-content\\\/uploads\\\/2022\\\/10\\\/victor-estrella-e1510155353776.jpg?fit=1000%2C563&ssl=1\",\"keywords\":[\"Casa de Campo\",\"Centro de Tenis La Terraza\",\"Clinicas de tennis\",\"Featured-TopView @es\",\"Nicolas Almagro\",\"profesional\",\"tenis\",\"Victor Estrella\"],\"articleSection\":[\"Deportes\",\"Estilo de Vida\",\"Eventos\",\"Proximamente\",\"Rep\u00fablica Dominicana @es\",\"Resort Casa de Campo\",\"Uncategorized @es\"],\"inLanguage\":\"es\"},{\"@type\":\"WebPage\",\"@id\":\"https:\\\/\\\/casadecampoliving.com\\\/es\\\/buenas-noticias-amantes-del-tenis-victor-estrella-y-nicolas-almagro-jugaran-en-la-terraza-este-sabado\\\/\",\"url\":\"https:\\\/\\\/casadecampoliving.com\\\/es\\\/buenas-noticias-amantes-del-tenis-victor-estrella-y-nicolas-almagro-jugaran-en-la-terraza-este-sabado\\\/\",\"name\":\"\u00a1Buenas noticias amantes del tenis! \u00a1Victor Estrella y Nicolas Almagro jugar\u00e1n en La Terraza este s\u00e1bado! | Casa de Campo Living\",\"isPartOf\":{\"@id\":\"https:\\\/\\\/casadecampoliving.com\\\/es\\\/#website\"},\"primaryImageOfPage\":{\"@id\":\"https:\\\/\\\/casadecampoliving.com\\\/es\\\/buenas-noticias-amantes-del-tenis-victor-estrella-y-nicolas-almagro-jugaran-en-la-terraza-este-sabado\\\/#primaryimage\"},\"image\":{\"@id\":\"https:\\\/\\\/casadecampoliving.com\\\/es\\\/buenas-noticias-amantes-del-tenis-victor-estrella-y-nicolas-almagro-jugaran-en-la-terraza-este-sabado\\\/#primaryimage\"},\"thumbnailUrl\":\"https:\\\/\\\/i0.wp.com\\\/casadecampoliving.com\\\/wp-content\\\/uploads\\\/2022\\\/10\\\/victor-estrella-e1510155353776.jpg?fit=1000%2C563&ssl=1\",\"datePublished\":\"2017-11-08T04:00:00+00:00\",\"dateModified\":\"2022-10-21T23:03:52+00:00\",\"description\":\"\u00bfRecuerdas en agosto cuando el campe\u00f3n dominicano de tenis Victor Estrella jug\u00f3 contra el profesional del tenis espa\u00f1ol Nicol\u00e1s Almagro en un partido de\",\"breadcrumb\":{\"@id\":\"https:\\\/\\\/casadecampoliving.com\\\/es\\\/buenas-noticias-amantes-del-tenis-victor-estrella-y-nicolas-almagro-jugaran-en-la-terraza-este-sabado\\\/#breadcrumb\"},\"inLanguage\":\"es\",\"potentialAction\":[{\"@type\":\"ReadAction\",\"target\":[\"https:\\\/\\\/casadecampoliving.com\\\/es\\\/buenas-noticias-amantes-del-tenis-victor-estrella-y-nicolas-almagro-jugaran-en-la-terraza-este-sabado\\\/\"]}]},{\"@type\":\"ImageObject\",\"inLanguage\":\"es\",\"@id\":\"https:\\\/\\\/casadecampoliving.com\\\/es\\\/buenas-noticias-amantes-del-tenis-victor-estrella-y-nicolas-almagro-jugaran-en-la-terraza-este-sabado\\\/#primaryimage\",\"url\":\"https:\\\/\\\/i0.wp.com\\\/casadecampoliving.com\\\/wp-content\\\/uploads\\\/2022\\\/10\\\/victor-estrella-e1510155353776.jpg?fit=1000%2C563&ssl=1\",\"contentUrl\":\"https:\\\/\\\/i0.wp.com\\\/casadecampoliving.com\\\/wp-content\\\/uploads\\\/2022\\\/10\\\/victor-estrella-e1510155353776.jpg?fit=1000%2C563&ssl=1\",\"width\":1000,\"height\":563},{\"@type\":\"BreadcrumbList\",\"@id\":\"https:\\\/\\\/casadecampoliving.com\\\/es\\\/buenas-noticias-amantes-del-tenis-victor-estrella-y-nicolas-almagro-jugaran-en-la-terraza-este-sabado\\\/#breadcrumb\",\"itemListElement\":[{\"@type\":\"ListItem\",\"position\":1,\"name\":\"Home\",\"item\":\"https:\\\/\\\/casadecampoliving.com\\\/es\\\/\"},{\"@type\":\"ListItem\",\"position\":2,\"name\":\"\u00a1Buenas noticias amantes del tenis! \u00a1Victor Estrella y Nicolas Almagro jugar\u00e1n en La Terraza este s\u00e1bado!\"}]},{\"@type\":\"WebSite\",\"@id\":\"https:\\\/\\\/casadecampoliving.com\\\/es\\\/#website\",\"url\":\"https:\\\/\\\/casadecampoliving.com\\\/es\\\/\",\"name\":\"Casa de Campo Living\",\"description\":\"Resort community news and resources.\",\"publisher\":{\"@id\":\"https:\\\/\\\/casadecampoliving.com\\\/es\\\/#organization\"},\"potentialAction\":[{\"@type\":\"SearchAction\",\"target\":{\"@type\":\"EntryPoint\",\"urlTemplate\":\"https:\\\/\\\/casadecampoliving.com\\\/es\\\/?s={search_term_string}\"},\"query-input\":{\"@type\":\"PropertyValueSpecification\",\"valueRequired\":true,\"valueName\":\"search_term_string\"}}],\"inLanguage\":\"es\"},{\"@type\":\"Organization\",\"@id\":\"https:\\\/\\\/casadecampoliving.com\\\/es\\\/#organization\",\"name\":\"Casa de Campo Living\",\"url\":\"https:\\\/\\\/casadecampoliving.com\\\/es\\\/\",\"logo\":{\"@type\":\"ImageObject\",\"inLanguage\":\"es\",\"@id\":\"https:\\\/\\\/casadecampoliving.com\\\/es\\\/#\\\/schema\\\/logo\\\/image\\\/\",\"url\":\"https:\\\/\\\/i0.wp.com\\\/casadecampoliving.com\\\/wp-content\\\/uploads\\\/2022\\\/07\\\/CDCLivingLogo_V1-white-sized.png?fit=800%2C214&ssl=1\",\"contentUrl\":\"https:\\\/\\\/i0.wp.com\\\/casadecampoliving.com\\\/wp-content\\\/uploads\\\/2022\\\/07\\\/CDCLivingLogo_V1-white-sized.png?fit=800%2C214&ssl=1\",\"width\":800,\"height\":214,\"caption\":\"Casa de Campo Living\"},\"image\":{\"@id\":\"https:\\\/\\\/casadecampoliving.com\\\/es\\\/#\\\/schema\\\/logo\\\/image\\\/\"},\"sameAs\":[\"https:\\\/\\\/www.facebook.com\\\/casadecampoliving\",\"https:\\\/\\\/x.com\\\/cdcliving\"]},{\"@type\":\"Person\",\"@id\":\"https:\\\/\\\/casadecampoliving.com\\\/es\\\/#\\\/schema\\\/person\\\/e3abfc63c1478fd703266a6f33a3145d\",\"name\":\"Heather Lincoln\",\"image\":{\"@type\":\"ImageObject\",\"inLanguage\":\"es\",\"@id\":\"https:\\\/\\\/secure.gravatar.com\\\/avatar\\\/e8fc1ce4ad50385675908137b0d8d66be281d034bf072b4700460237638ea6d0?s=96&d=mm&r=g\",\"url\":\"https:\\\/\\\/secure.gravatar.com\\\/avatar\\\/e8fc1ce4ad50385675908137b0d8d66be281d034bf072b4700460237638ea6d0?s=96&d=mm&r=g\",\"contentUrl\":\"https:\\\/\\\/secure.gravatar.com\\\/avatar\\\/e8fc1ce4ad50385675908137b0d8d66be281d034bf072b4700460237638ea6d0?s=96&d=mm&r=g\",\"caption\":\"Heather Lincoln\"},\"url\":\"https:\\\/\\\/casadecampoliving.com\\\/es\\\/author\\\/hcastillo\\\/\"}]}<\/script>\n<!-- \/ Yoast SEO plugin. -->","yoast_head_json":{"title":"\u00a1Buenas noticias amantes del tenis! \u00a1Victor Estrella y Nicolas Almagro jugar\u00e1n en La Terraza este s\u00e1bado! | Casa de Campo Living","description":"\u00bfRecuerdas en agosto cuando el campe\u00f3n dominicano de tenis Victor Estrella jug\u00f3 contra el profesional del tenis espa\u00f1ol Nicol\u00e1s Almagro en un partido de","robots":{"index":"index","follow":"follow","max-snippet":"max-snippet:-1","max-image-preview":"max-image-preview:large","max-video-preview":"max-video-preview:-1"},"canonical":"https:\/\/casadecampoliving.com\/es\/buenas-noticias-amantes-del-tenis-victor-estrella-y-nicolas-almagro-jugaran-en-la-terraza-este-sabado\/","og_locale":"es_ES","og_type":"article","og_title":"\u00a1Buenas noticias amantes del tenis! \u00a1Victor Estrella y Nicolas Almagro jugar\u00e1n en La Terraza este s\u00e1bado! | Casa de Campo Living","og_description":"\u00bfRecuerdas en agosto cuando el campe\u00f3n dominicano de tenis Victor Estrella jug\u00f3 contra el profesional del tenis espa\u00f1ol Nicol\u00e1s Almagro en un partido de","og_url":"https:\/\/casadecampoliving.com\/es\/buenas-noticias-amantes-del-tenis-victor-estrella-y-nicolas-almagro-jugaran-en-la-terraza-este-sabado\/","og_site_name":"Casa de Campo Living","article_publisher":"https:\/\/www.facebook.com\/casadecampoliving","article_published_time":"2017-11-08T04:00:00+00:00","article_modified_time":"2022-10-21T23:03:52+00:00","og_image":[{"width":1000,"height":563,"url":"https:\/\/i0.wp.com\/casadecampoliving.com\/wp-content\/uploads\/2022\/10\/victor-estrella-e1510155353776.jpg?fit=1000%2C563&ssl=1","type":"image\/jpeg"}],"author":"Heather Lincoln","twitter_card":"summary_large_image","twitter_creator":"@cdcliving","twitter_site":"@cdcliving","twitter_misc":{"Escrito por":"Heather Lincoln","Tiempo de lectura":"2 minutos"},"schema":{"@context":"https:\/\/schema.org","@graph":[{"@type":"Article","@id":"https:\/\/casadecampoliving.com\/es\/buenas-noticias-amantes-del-tenis-victor-estrella-y-nicolas-almagro-jugaran-en-la-terraza-este-sabado\/#article","isPartOf":{"@id":"https:\/\/casadecampoliving.com\/es\/buenas-noticias-amantes-del-tenis-victor-estrella-y-nicolas-almagro-jugaran-en-la-terraza-este-sabado\/"},"author":{"name":"Heather Lincoln","@id":"https:\/\/casadecampoliving.com\/es\/#\/schema\/person\/e3abfc63c1478fd703266a6f33a3145d"},"headline":"\u00a1Buenas noticias amantes del tenis! \u00a1Victor Estrella y Nicolas Almagro jugar\u00e1n en La Terraza este s\u00e1bado!","datePublished":"2017-11-08T04:00:00+00:00","dateModified":"2022-10-21T23:03:52+00:00","mainEntityOfPage":{"@id":"https:\/\/casadecampoliving.com\/es\/buenas-noticias-amantes-del-tenis-victor-estrella-y-nicolas-almagro-jugaran-en-la-terraza-este-sabado\/"},"wordCount":426,"publisher":{"@id":"https:\/\/casadecampoliving.com\/es\/#organization"},"image":{"@id":"https:\/\/casadecampoliving.com\/es\/buenas-noticias-amantes-del-tenis-victor-estrella-y-nicolas-almagro-jugaran-en-la-terraza-este-sabado\/#primaryimage"},"thumbnailUrl":"https:\/\/i0.wp.com\/casadecampoliving.com\/wp-content\/uploads\/2022\/10\/victor-estrella-e1510155353776.jpg?fit=1000%2C563&ssl=1","keywords":["Casa de Campo","Centro de Tenis La Terraza","Clinicas de tennis","Featured-TopView @es","Nicolas Almagro","profesional","tenis","Victor Estrella"],"articleSection":["Deportes","Estilo de Vida","Eventos","Proximamente","Rep\u00fablica Dominicana @es","Resort Casa de Campo","Uncategorized @es"],"inLanguage":"es"},{"@type":"WebPage","@id":"https:\/\/casadecampoliving.com\/es\/buenas-noticias-amantes-del-tenis-victor-estrella-y-nicolas-almagro-jugaran-en-la-terraza-este-sabado\/","url":"https:\/\/casadecampoliving.com\/es\/buenas-noticias-amantes-del-tenis-victor-estrella-y-nicolas-almagro-jugaran-en-la-terraza-este-sabado\/","name":"\u00a1Buenas noticias amantes del tenis! \u00a1Victor Estrella y Nicolas Almagro jugar\u00e1n en La Terraza este s\u00e1bado! | Casa de Campo Living","isPartOf":{"@id":"https:\/\/casadecampoliving.com\/es\/#website"},"primaryImageOfPage":{"@id":"https:\/\/casadecampoliving.com\/es\/buenas-noticias-amantes-del-tenis-victor-estrella-y-nicolas-almagro-jugaran-en-la-terraza-este-sabado\/#primaryimage"},"image":{"@id":"https:\/\/casadecampoliving.com\/es\/buenas-noticias-amantes-del-tenis-victor-estrella-y-nicolas-almagro-jugaran-en-la-terraza-este-sabado\/#primaryimage"},"thumbnailUrl":"https:\/\/i0.wp.com\/casadecampoliving.com\/wp-content\/uploads\/2022\/10\/victor-estrella-e1510155353776.jpg?fit=1000%2C563&ssl=1","datePublished":"2017-11-08T04:00:00+00:00","dateModified":"2022-10-21T23:03:52+00:00","description":"\u00bfRecuerdas en agosto cuando el campe\u00f3n dominicano de tenis Victor Estrella jug\u00f3 contra el profesional del tenis espa\u00f1ol Nicol\u00e1s Almagro en un partido de","breadcrumb":{"@id":"https:\/\/casadecampoliving.com\/es\/buenas-noticias-amantes-del-tenis-victor-estrella-y-nicolas-almagro-jugaran-en-la-terraza-este-sabado\/#breadcrumb"},"inLanguage":"es","potentialAction":[{"@type":"ReadAction","target":["https:\/\/casadecampoliving.com\/es\/buenas-noticias-amantes-del-tenis-victor-estrella-y-nicolas-almagro-jugaran-en-la-terraza-este-sabado\/"]}]},{"@type":"ImageObject","inLanguage":"es","@id":"https:\/\/casadecampoliving.com\/es\/buenas-noticias-amantes-del-tenis-victor-estrella-y-nicolas-almagro-jugaran-en-la-terraza-este-sabado\/#primaryimage","url":"https:\/\/i0.wp.com\/casadecampoliving.com\/wp-content\/uploads\/2022\/10\/victor-estrella-e1510155353776.jpg?fit=1000%2C563&ssl=1","contentUrl":"https:\/\/i0.wp.com\/casadecampoliving.com\/wp-content\/uploads\/2022\/10\/victor-estrella-e1510155353776.jpg?fit=1000%2C563&ssl=1","width":1000,"height":563},{"@type":"BreadcrumbList","@id":"https:\/\/casadecampoliving.com\/es\/buenas-noticias-amantes-del-tenis-victor-estrella-y-nicolas-almagro-jugaran-en-la-terraza-este-sabado\/#breadcrumb","itemListElement":[{"@type":"ListItem","position":1,"name":"Home","item":"https:\/\/casadecampoliving.com\/es\/"},{"@type":"ListItem","position":2,"name":"\u00a1Buenas noticias amantes del tenis! \u00a1Victor Estrella y Nicolas Almagro jugar\u00e1n en La Terraza este s\u00e1bado!"}]},{"@type":"WebSite","@id":"https:\/\/casadecampoliving.com\/es\/#website","url":"https:\/\/casadecampoliving.com\/es\/","name":"Casa de Campo Living","description":"Resort community news and resources.","publisher":{"@id":"https:\/\/casadecampoliving.com\/es\/#organization"},"potentialAction":[{"@type":"SearchAction","target":{"@type":"EntryPoint","urlTemplate":"https:\/\/casadecampoliving.com\/es\/?s={search_term_string}"},"query-input":{"@type":"PropertyValueSpecification","valueRequired":true,"valueName":"search_term_string"}}],"inLanguage":"es"},{"@type":"Organization","@id":"https:\/\/casadecampoliving.com\/es\/#organization","name":"Casa de Campo Living","url":"https:\/\/casadecampoliving.com\/es\/","logo":{"@type":"ImageObject","inLanguage":"es","@id":"https:\/\/casadecampoliving.com\/es\/#\/schema\/logo\/image\/","url":"https:\/\/i0.wp.com\/casadecampoliving.com\/wp-content\/uploads\/2022\/07\/CDCLivingLogo_V1-white-sized.png?fit=800%2C214&ssl=1","contentUrl":"https:\/\/i0.wp.com\/casadecampoliving.com\/wp-content\/uploads\/2022\/07\/CDCLivingLogo_V1-white-sized.png?fit=800%2C214&ssl=1","width":800,"height":214,"caption":"Casa de Campo Living"},"image":{"@id":"https:\/\/casadecampoliving.com\/es\/#\/schema\/logo\/image\/"},"sameAs":["https:\/\/www.facebook.com\/casadecampoliving","https:\/\/x.com\/cdcliving"]},{"@type":"Person","@id":"https:\/\/casadecampoliving.com\/es\/#\/schema\/person\/e3abfc63c1478fd703266a6f33a3145d","name":"Heather Lincoln","image":{"@type":"ImageObject","inLanguage":"es","@id":"https:\/\/secure.gravatar.com\/avatar\/e8fc1ce4ad50385675908137b0d8d66be281d034bf072b4700460237638ea6d0?s=96&d=mm&r=g","url":"https:\/\/secure.gravatar.com\/avatar\/e8fc1ce4ad50385675908137b0d8d66be281d034bf072b4700460237638ea6d0?s=96&d=mm&r=g","contentUrl":"https:\/\/secure.gravatar.com\/avatar\/e8fc1ce4ad50385675908137b0d8d66be281d034bf072b4700460237638ea6d0?s=96&d=mm&r=g","caption":"Heather Lincoln"},"url":"https:\/\/casadecampoliving.com\/es\/author\/hcastillo\/"}]}},"parsely":{"version":"1.1.0","canonical_url":"https:\/\/casadecampoliving.com\/es\/buenas-noticias-amantes-del-tenis-victor-estrella-y-nicolas-almagro-jugaran-en-la-terraza-este-sabado\/","smart_links":{"inbound":0,"outbound":0},"traffic_boost_suggestions_count":0,"meta":{"@context":"https:\/\/schema.org","@type":"NewsArticle","headline":"\u00a1Buenas noticias amantes del tenis! \u00a1Victor Estrella y Nicolas Almagro jugar\u00e1n en La Terraza este s\u00e1bado!","url":"http:\/\/casadecampoliving.com\/es\/buenas-noticias-amantes-del-tenis-victor-estrella-y-nicolas-almagro-jugaran-en-la-terraza-este-sabado\/","mainEntityOfPage":{"@type":"WebPage","@id":"http:\/\/casadecampoliving.com\/es\/buenas-noticias-amantes-del-tenis-victor-estrella-y-nicolas-almagro-jugaran-en-la-terraza-este-sabado\/"},"thumbnailUrl":"https:\/\/i0.wp.com\/casadecampoliving.com\/wp-content\/uploads\/2022\/10\/victor-estrella-e1510155353776.jpg?resize=150%2C150&ssl=1","image":{"@type":"ImageObject","url":"https:\/\/i0.wp.com\/casadecampoliving.com\/wp-content\/uploads\/2022\/10\/victor-estrella-e1510155353776.jpg?fit=1000%2C563&ssl=1"},"articleSection":"Deportes","author":[{"@type":"Person","name":"Heather Lincoln"}],"creator":["Heather Lincoln"],"publisher":{"@type":"Organization","name":"Casa de Campo Living","logo":"https:\/\/casadecampoliving.com\/wp-content\/uploads\/2022\/07\/CDCLivingLogo_V1-white-sized.png"},"keywords":["casa de campo","centro de tenis la terraza","clinicas de tennis","featured-topview @es","nicolas almagro","profesional","tenis","victor estrella"],"dateCreated":"2017-11-08T04:00:00Z","datePublished":"2017-11-08T04:00:00Z","dateModified":"2022-10-21T23:03:52Z"},"rendered":"<script type=\"application\/ld+json\" class=\"wp-parsely-metadata\">{\"@context\":\"https:\\\/\\\/schema.org\",\"@type\":\"NewsArticle\",\"headline\":\"\\u00a1Buenas noticias amantes del tenis! \\u00a1Victor Estrella y Nicolas Almagro jugar\\u00e1n en La Terraza este s\\u00e1bado!\",\"url\":\"http:\\\/\\\/casadecampoliving.com\\\/es\\\/buenas-noticias-amantes-del-tenis-victor-estrella-y-nicolas-almagro-jugaran-en-la-terraza-este-sabado\\\/\",\"mainEntityOfPage\":{\"@type\":\"WebPage\",\"@id\":\"http:\\\/\\\/casadecampoliving.com\\\/es\\\/buenas-noticias-amantes-del-tenis-victor-estrella-y-nicolas-almagro-jugaran-en-la-terraza-este-sabado\\\/\"},\"thumbnailUrl\":\"https:\\\/\\\/i0.wp.com\\\/casadecampoliving.com\\\/wp-content\\\/uploads\\\/2022\\\/10\\\/victor-estrella-e1510155353776.jpg?resize=150%2C150&ssl=1\",\"image\":{\"@type\":\"ImageObject\",\"url\":\"https:\\\/\\\/i0.wp.com\\\/casadecampoliving.com\\\/wp-content\\\/uploads\\\/2022\\\/10\\\/victor-estrella-e1510155353776.jpg?fit=1000%2C563&ssl=1\"},\"articleSection\":\"Deportes\",\"author\":[{\"@type\":\"Person\",\"name\":\"Heather Lincoln\"}],\"creator\":[\"Heather Lincoln\"],\"publisher\":{\"@type\":\"Organization\",\"name\":\"Casa de Campo Living\",\"logo\":\"https:\\\/\\\/casadecampoliving.com\\\/wp-content\\\/uploads\\\/2022\\\/07\\\/CDCLivingLogo_V1-white-sized.png\"},\"keywords\":[\"casa de campo\",\"centro de tenis la terraza\",\"clinicas de tennis\",\"featured-topview @es\",\"nicolas almagro\",\"profesional\",\"tenis\",\"victor estrella\"],\"dateCreated\":\"2017-11-08T04:00:00Z\",\"datePublished\":\"2017-11-08T04:00:00Z\",\"dateModified\":\"2022-10-21T23:03:52Z\"}<\/script>","tracker_url":"https:\/\/cdn.parsely.com\/keys\/casadecampoliving.com\/p.js"},"jetpack_publicize_connections":[],"jetpack_featured_media_url":"https:\/\/i0.wp.com\/casadecampoliving.com\/wp-content\/uploads\/2022\/10\/victor-estrella-e1510155353776.jpg?fit=1000%2C563&ssl=1","jetpack-related-posts":[{"id":351878,"url":"https:\/\/casadecampoliving.com\/es\/nicolas-almagro-esta-hoy-en-casa-de-campo\/","url_meta":{"origin":352168,"position":0},"title":"\u00a1Nicol\u00e1s Almagro est\u00e1 dando una cl\u00ednica GRATUITA de tenis a los ni\u00f1os HOY en Casa de Campo!","author":"Heather Lincoln","date":"21 Ago, 2017","format":false,"excerpt":"*ACTUALIZACI\u00d3N: HOY, martes 22 de agosto, las cl\u00ednicas de tenis ser\u00e1n a las 6:00 p.m \u00a1No te pierdas HOY un muy emocionante evento de tenis en Casa de Campo! Nicol\u00e1s Almagro, que ocupa el puesto # 78 en el ranking mundial ATP, \u00a1estar\u00e1 en el Centro de Tenis La Terraza\u2026","rel":"","context":"En \u00abCelebridades\u00bb","block_context":{"text":"Celebridades","link":"https:\/\/casadecampoliving.com\/es\/category\/celebridades-es\/"},"img":{"alt_text":"Nicolas Almagro","src":"https:\/\/i0.wp.com\/casadecampoliving.com\/wp-content\/uploads\/2022\/10\/atp-almagro-e1503324898960.jpg?fit=1000%2C563&ssl=1&resize=350%2C200","width":350,"height":200,"srcset":"https:\/\/i0.wp.com\/casadecampoliving.com\/wp-content\/uploads\/2022\/10\/atp-almagro-e1503324898960.jpg?fit=1000%2C563&ssl=1&resize=350%2C200 1x, https:\/\/i0.wp.com\/casadecampoliving.com\/wp-content\/uploads\/2022\/10\/atp-almagro-e1503324898960.jpg?fit=1000%2C563&ssl=1&resize=525%2C300 1.5x, https:\/\/i0.wp.com\/casadecampoliving.com\/wp-content\/uploads\/2022\/10\/atp-almagro-e1503324898960.jpg?fit=1000%2C563&ssl=1&resize=700%2C400 2x"},"classes":[]},{"id":352189,"url":"https:\/\/casadecampoliving.com\/es\/nicolas-almagro-vence-a-victor-estrella-en-la-terraza\/","url_meta":{"origin":352168,"position":1},"title":"Nicolas Almagro vence a Victor Estrella en La Terraza en un partido de tenis de clase mundial","author":"Heather Lincoln","date":"13 Nov, 2017","format":false,"excerpt":"El partido de exhibici\u00f3n entre los profesionales del tenis del ranking mundial, Nicol\u00e1s Almagro y V\u00edctor Estrella, se confirm\u00f3 unos d\u00edas antes de que el partido se llevara a cabo, pero sin embargo atrajo a un n\u00famero de fan\u00e1ticos y entusiastas del tenis a las canchas. La Terraza fue la\u2026","rel":"","context":"En \u00abRep\u00fablica Dominicana @es\u00bb","block_context":{"text":"Rep\u00fablica Dominicana @es","link":"https:\/\/casadecampoliving.com\/es\/category\/republica-dominicana-2\/"},"img":{"alt_text":"Nicolas Almagro vs. Victor Estrella, Casa de Campo","src":"https:\/\/i0.wp.com\/casadecampoliving.com\/wp-content\/uploads\/2022\/10\/Almagro.v.Estrella_tennismatch01-e1510594338274.jpg?fit=1000%2C600&ssl=1&resize=350%2C200","width":350,"height":200,"srcset":"https:\/\/i0.wp.com\/casadecampoliving.com\/wp-content\/uploads\/2022\/10\/Almagro.v.Estrella_tennismatch01-e1510594338274.jpg?fit=1000%2C600&ssl=1&resize=350%2C200 1x, https:\/\/i0.wp.com\/casadecampoliving.com\/wp-content\/uploads\/2022\/10\/Almagro.v.Estrella_tennismatch01-e1510594338274.jpg?fit=1000%2C600&ssl=1&resize=525%2C300 1.5x, https:\/\/i0.wp.com\/casadecampoliving.com\/wp-content\/uploads\/2022\/10\/Almagro.v.Estrella_tennismatch01-e1510594338274.jpg?fit=1000%2C600&ssl=1&resize=700%2C400 2x"},"classes":[]},{"id":353900,"url":"https:\/\/casadecampoliving.com\/es\/no-puede-perderselo-nicolas-almagro-esta-dando-clinicas-de-tenis-en-casa-de-campo-hasta-el-4-de-noviembre\/","url_meta":{"origin":352168,"position":2},"title":"\u00a1No puede perderselo! \u00a1Nicol\u00e1s Almagro est\u00e1 dando cl\u00ednicas de tenis en Casa de Campo hasta el 4 de noviembre!","author":"Casa de Campo Living","date":"31 Oct, 2020","format":false,"excerpt":"\u00a1No puede perderselo! \u00a1Nicol\u00e1s Almagro, clasificado # 78 en el ranking mundial ATP, estar\u00e1 en La Terraza Tennis Center dando tenis a la comunidad de Casa de Campo! Un tenista profesional desde 2003, Nicol\u00e1s una vez ocup\u00f3 el puesto n\u00famero 9 en el mundo, Almagro ha tenido una carrera competitiva\u2026","rel":"","context":"En \u00abCasa de Campo Living @es\u00bb","block_context":{"text":"Casa de Campo Living @es","link":"https:\/\/casadecampoliving.com\/category\/casa-de-campo-living-es\/"},"img":{"alt_text":"Almagro","src":"https:\/\/i0.wp.com\/casadecampoliving.com\/wp-content\/uploads\/2022\/10\/Almagro_45-e1503952542743.jpg?fit=1000%2C600&ssl=1&resize=350%2C200","width":350,"height":200,"srcset":"https:\/\/i0.wp.com\/casadecampoliving.com\/wp-content\/uploads\/2022\/10\/Almagro_45-e1503952542743.jpg?fit=1000%2C600&ssl=1&resize=350%2C200 1x, https:\/\/i0.wp.com\/casadecampoliving.com\/wp-content\/uploads\/2022\/10\/Almagro_45-e1503952542743.jpg?fit=1000%2C600&ssl=1&resize=525%2C300 1.5x, https:\/\/i0.wp.com\/casadecampoliving.com\/wp-content\/uploads\/2022\/10\/Almagro_45-e1503952542743.jpg?fit=1000%2C600&ssl=1&resize=700%2C400 2x"},"classes":[]},{"id":353067,"url":"https:\/\/casadecampoliving.com\/es\/victor-estrella-defeats-nicolas-almagro-la-terraza-world-class-tennis-exhibition-match\/","url_meta":{"origin":352168,"position":3},"title":"Victor Estrella vence a Nicolas Almagro en La Terraza en un partido de exhibici\u00f3n de tenis de clase mundial","author":"Casa de Campo Living","date":"21 Dic, 2018","format":false,"excerpt":"El partido de exhibici\u00f3n entre los profesionales del tenis clasificados mundialmente, Nicol\u00e1s Almagro y V\u00edctor Estrella, se confirm\u00f3 apenas unos d\u00edas antes de que se celebrara el partido, pero sin embargo atrajo a varios fan\u00e1ticos entusiastas del tenis a las canchas. La Terraza fue la sede del segundo partido de\u2026","rel":"","context":"En \u00abCostasur Dominicana @es\u00bb","block_context":{"text":"Costasur Dominicana @es","link":"https:\/\/casadecampoliving.com\/es\/category\/costasur-dominicana-es\/"},"img":{"alt_text":"Antonio Martinez, Antonio Martinez jr, Antonio Canovas","src":"https:\/\/i0.wp.com\/casadecampoliving.com\/wp-content\/uploads\/2022\/10\/Antonio-Martinez-Antonio-Martinez-jr-Antonio-Canovas.jpg?resize=350%2C200","width":350,"height":200,"srcset":"https:\/\/i0.wp.com\/casadecampoliving.com\/wp-content\/uploads\/2022\/10\/Antonio-Martinez-Antonio-Martinez-jr-Antonio-Canovas.jpg?resize=350%2C200 1x, https:\/\/i0.wp.com\/casadecampoliving.com\/wp-content\/uploads\/2022\/10\/Antonio-Martinez-Antonio-Martinez-jr-Antonio-Canovas.jpg?resize=525%2C300 1.5x, https:\/\/i0.wp.com\/casadecampoliving.com\/wp-content\/uploads\/2022\/10\/Antonio-Martinez-Antonio-Martinez-jr-Antonio-Canovas.jpg?resize=700%2C400 2x"},"classes":[]},{"id":351908,"url":"https:\/\/casadecampoliving.com\/es\/nicolas-almagro-juega-tenis-con-los-ninos-en-casa-de-campo\/","url_meta":{"origin":352168,"position":4},"title":"El tenista internacional Nicolas Almagro juega tenis con los ni\u00f1os en Casa de Campo","author":"Heather Lincoln","date":"28 Ago, 2017","format":false,"excerpt":"Cuando o\u00edmos que Nicol\u00e1s Almagro estar\u00eda dando cl\u00ednicas de tenis a los ni\u00f1os de Casa de Campo, fuimos r\u00e1pidamente a las canchas del Centro de Tenis La Terraza, al igual que varios ni\u00f1os y adolescentes listos para jugar con sus familias all\u00ed como espectadores. Despu\u00e9s de todo, no es todos\u2026","rel":"","context":"En \u00abCelebridades\u00bb","block_context":{"text":"Celebridades","link":"https:\/\/casadecampoliving.com\/es\/category\/celebridades-es\/"},"img":{"alt_text":"Almagro","src":"https:\/\/i0.wp.com\/casadecampoliving.com\/wp-content\/uploads\/2022\/10\/Almagro_45-e1503952542743.jpg?fit=1000%2C600&ssl=1&resize=350%2C200","width":350,"height":200,"srcset":"https:\/\/i0.wp.com\/casadecampoliving.com\/wp-content\/uploads\/2022\/10\/Almagro_45-e1503952542743.jpg?fit=1000%2C600&ssl=1&resize=350%2C200 1x, https:\/\/i0.wp.com\/casadecampoliving.com\/wp-content\/uploads\/2022\/10\/Almagro_45-e1503952542743.jpg?fit=1000%2C600&ssl=1&resize=525%2C300 1.5x, https:\/\/i0.wp.com\/casadecampoliving.com\/wp-content\/uploads\/2022\/10\/Almagro_45-e1503952542743.jpg?fit=1000%2C600&ssl=1&resize=700%2C400 2x"},"classes":[]},{"id":329810,"url":"https:\/\/casadecampoliving.com\/nicolas-almagro-and-victor-estrella-play-at-la-terraza-casa-de-campo\/","url_meta":{"origin":352168,"position":5},"title":"Good news tennis lovers! Victor Estrella and Nicolas Almagro to play at La Terraza this Saturday!","author":"Heather Lincoln","date":"8 Nov, 2017","format":false,"excerpt":"Remember back in August when Dominican tennis champion Victor Estrella played\u00a0Spanish tennis pro Nicolas Almagro in an exhibition match in Santo Domingo? Well, IN THREE DAYS they\u2019re bringing their tennis game to CASA DE CAMPO!!! It\u2019s game on for the two world ranked players. Estrella, ranked #80 in the\u00a0Emirates ATP\u2026","rel":"","context":"En \u00abCasa de Campo Resort\u00bb","block_context":{"text":"Casa de Campo Resort","link":"https:\/\/casadecampoliving.com\/category\/casa-de-campo-resort\/"},"img":{"alt_text":"","src":"https:\/\/i0.wp.com\/casadecampoliving.com\/wp-content\/uploads\/2022\/10\/victor-estrella-e1510155353776.jpg?fit=1000%2C563&ssl=1&resize=350%2C200","width":350,"height":200,"srcset":"https:\/\/i0.wp.com\/casadecampoliving.com\/wp-content\/uploads\/2022\/10\/victor-estrella-e1510155353776.jpg?fit=1000%2C563&ssl=1&resize=350%2C200 1x, https:\/\/i0.wp.com\/casadecampoliving.com\/wp-content\/uploads\/2022\/10\/victor-estrella-e1510155353776.jpg?fit=1000%2C563&ssl=1&resize=525%2C300 1.5x, https:\/\/i0.wp.com\/casadecampoliving.com\/wp-content\/uploads\/2022\/10\/victor-estrella-e1510155353776.jpg?fit=1000%2C563&ssl=1&resize=700%2C400 2x"},"classes":[]}],"jetpack_sharing_enabled":true,"_links":{"self":[{"href":"https:\/\/casadecampoliving.com\/es\/wp-json\/wp\/v2\/posts\/352168","targetHints":{"allow":["GET"]}}],"collection":[{"href":"https:\/\/casadecampoliving.com\/es\/wp-json\/wp\/v2\/posts"}],"about":[{"href":"https:\/\/casadecampoliving.com\/es\/wp-json\/wp\/v2\/types\/post"}],"author":[{"embeddable":true,"href":"https:\/\/casadecampoliving.com\/es\/wp-json\/wp\/v2\/users\/36681"}],"replies":[{"embeddable":true,"href":"https:\/\/casadecampoliving.com\/es\/wp-json\/wp\/v2\/comments?post=352168"}],"version-history":[{"count":1,"href":"https:\/\/casadecampoliving.com\/es\/wp-json\/wp\/v2\/posts\/352168\/revisions"}],"predecessor-version":[{"id":352169,"href":"https:\/\/casadecampoliving.com\/es\/wp-json\/wp\/v2\/posts\/352168\/revisions\/352169"}],"wp:featuredmedia":[{"embeddable":true,"href":"https:\/\/casadecampoliving.com\/es\/wp-json\/wp\/v2\/media\/294896"}],"wp:attachment":[{"href":"https:\/\/casadecampoliving.com\/es\/wp-json\/wp\/v2\/media?parent=352168"}],"wp:term":[{"taxonomy":"category","embeddable":true,"href":"https:\/\/casadecampoliving.com\/es\/wp-json\/wp\/v2\/categories?post=352168"},{"taxonomy":"post_tag","embeddable":true,"href":"https:\/\/casadecampoliving.com\/es\/wp-json\/wp\/v2\/tags?post=352168"},{"taxonomy":"newspack_spnsrs_tax","embeddable":true,"href":"https:\/\/casadecampoliving.com\/es\/wp-json\/wp\/v2\/newspack_spnsrs_tax?post=352168"}],"curies":[{"name":"wp","href":"https:\/\/api.w.org\/{rel}","templated":true}]}}