{"id":352156,"date":"2017-11-03T00:00:00","date_gmt":"2017-11-03T04:00:00","guid":{"rendered":"https:\/\/casadecampoliving.com\/flavors-world-presenta-nueva-york-con-el-chef-marco-canora\/"},"modified":"2022-10-21T19:03:17","modified_gmt":"2022-10-21T23:03:17","slug":"flavors-world-presenta-nueva-york-con-el-chef-marco-canora","status":"publish","type":"post","link":"https:\/\/casadecampoliving.com\/es\/flavors-world-presenta-nueva-york-con-el-chef-marco-canora\/","title":{"rendered":"\u00a1El \u00faltimo del a\u00f1o! Flavors of the World presenta a Nueva York con el chef Marco Canora"},"content":{"rendered":"\n<p>\u00a1Este es el final del segundo a\u00f1o para Flavors of the World en Casa de Campo y ha sido verdaderamente exquisito! Esta serie de eventos gastron\u00f3micos es un viaje el cual todos deber\u00edan intentar hacer la mayor cantidad de veces posible. En 2017, hemos visto chefs de <a href=\"https:\/\/casadecampoliving.com\/es\/flavors-of-the-world-bogota-cena-inaugural-en-minitas-casa-de-campo\/\">Bogot\u00e1<\/a>, <a href=\"https:\/\/casadecampoliving.com\/es\/flavors-world-roses-casadecampo\/\" target=\"_blank\" rel=\"noopener\">Rosas<\/a>, <a href=\"https:\/\/casadecampoliving.com\/es\/casa-de-campo-savors-alyn-williams-sold-flavors-world-london\/\" target=\"_blank\" rel=\"noopener\">Londres<\/a>, <a href=\"https:\/\/casadecampoliving.com\/es\/chef-fernando-rivarola-de-flavors-world-buenos-aires-elaboro-%E2%80%8B%E2%80%8Bla-mejor-experiencia-rural-argentina\/\" target=\"_blank\" rel=\"noopener\">Buenos Aires<\/a> y, m\u00e1s recientemente, <a href=\"https:\/\/casadecampoliving.com\/es\/flavors-of-the-world-nueva-orleans\/\" target=\"_blank\" rel=\"noopener\">Nueva Orleans.<\/a> La \u00faltima edici\u00f3n del a\u00f1o destacar\u00e1 los sabores de Nueva York con el famoso chef, Marco Canora.<br>\n<\/p>\n\n\n\n<!--more-->\n\n\n<div class=\"wp-block-image wp-image-149056\">\n<figure class=\"alignright is-resized\"><img loading=\"lazy\" decoding=\"async\" src=\"https:\/\/i0.wp.com\/casadecampoliving.com\/wp-content\/uploads\/2022\/10\/Screen-Shot-2017-11-03-at-4.05.21-PM.png?resize=400%2C399&amp;ssl=1\" alt=\"\" class=\"wp-image-149056\" height=\"399\" width=\"400\"\/><figcaption>Image from @hearthrestaurant<\/figcaption><\/figure>\n<\/div>\n\n\n<p><a href=\"http:\/\/marcocanora.com\/about\/bio.php\" target=\"_blank\" rel=\"noopener\">Chef Canora<\/a> ha sido aclamado por su refinada y sencilla forma de cocinar comida de inspiraci\u00f3n italiana, y fue galardonado como el Mejor Chef \u2013 Nueva York por la Fundaci\u00f3n James Beard. Desde preparar una comida completa para el presidente Bill Clinton en su primer restaurante en Martha\u2019s Vineyard hasta ense\u00f1ar sus secretos y consejos a trav\u00e9s de libros, videos en l\u00ednea y clases anuales en la Toscana, Canora tiene un camino incansable de excelencia. Sus muchos esfuerzos incluyen comisariar los men\u00fas de dos bares de vinos, Terroir East Village y Terroir Tribeca, operando el Restaurante Insieme con estrellas Michelin, y actualmente se encuentra en frente del <a href=\"https:\/\/www.restauranthearth.com\/\" target=\"_blank\" rel=\"noopener\">restaurante Hearth<\/a>, donde se dice que Marco est\u00e1<a href=\"https:\/\/www.wellandgood.com\/good-food\/how-bone-broth-pioneer-marco-canora-is-now-reinventing-healthy-fine-dining-at-hearth\/\" target=\"_blank\" rel=\"noopener\"> \u201creinventando\u201d la buena comida saludable<\/a> como as\u00ed como impresionando a sus invitados con el sabor insuperable de sus platos.<\/p>\n\n\n\n<p>Si no has asistido a uno de los eventos de este a\u00f1o, \u00a1esta es tu \u00faltima oportunidad! Mientras investigabamos sobre este nuevo chef, hemos le\u00eddo excelentes cr\u00edticas sobre su caldo de huesos \u201cBrodo\u201d, Black Wild bass en Papillote\u201d, su panceta de cerdo curada con hinojo marinado y su \u201cVariety Burger\u201d. \u00a1Solo nos queda preguntarnos qu\u00e9 tiene reservado para nosotros la pr\u00f3xima semana aqu\u00ed en Casa de Campo!<\/p>\n\n\n\n<p>El fin de semana culinario Flavors of the World contar\u00e1 con dos men\u00fas de degustaci\u00f3n de chef viernes y s\u00e1bado por la noche, seguido de un brunch dominical a la carta, todo en el restaurante La Piazzetta. Prep\u00e1rese para concluir esta serie con alimentos saludables de primer nivel de parte de este reconocido chef de la ciudad de Nueva York.<\/p>\n\n\n\n<blockquote><h3>Flavors of the World New York<\/h3><figure><img decoding=\"async\" loading=\"lazy\" class=\"aligncenter wp-image-149054\" src=\"https:\/\/i0.wp.com\/casadecampoliving.com\/wp-content\/uploads\/2022\/10\/FOTW_newyork_Flyer-01.jpg?resize=1000%2C870&amp;ssl=1\" alt=\"\" width=\"1000\" height=\"870\"><\/figure><p><strong>Qu\u00e9<\/strong>: \u201cSabores del mundo Nueva York\u201d con el chef Marco Canora<\/p><p><strong>Cu\u00e1ndo<\/strong>: Viernes, 10 de noviembre \u2013 Domingo, 12 de noviembre<\/p><p><strong>Reservas<\/strong>: Haga su reserva llamando a <em>concierge<\/em> de Casa de Campo al 809.523.3165, a partir de las 8:00 p.m en adelante. Brunch dominical de 11:30 a.m. \u2013 4:00 p.m.<\/p><\/blockquote>\n\n\n\n<p><em>Imagen principal de jamesbeard.org<\/em><\/p>\n","protected":false},"excerpt":{"rendered":"<p>\u00a1Este es el final del segundo a\u00f1o para Flavors of the World en Casa de Campo y ha sido verdaderamente exquisito! Esta serie de eventos gastron\u00f3micos es un viaje el cual todos deber\u00edan intentar hacer la mayor cantidad de veces posible. En 2017, hemos visto chefs de Bogot\u00e1, Rosas, Londres, Buenos Aires y, m\u00e1s recientemente, [&hellip;]<\/p>\n","protected":false},"author":36682,"featured_media":294332,"comment_status":"closed","ping_status":"closed","sticky":false,"template":"","format":"standard","meta":{"newspack_ads_suppress_ads":false,"newspack_popups_has_disabled_popups":false,"newspack_sponsor_sponsorship_scope":"","newspack_sponsor_native_byline_display":"inherit","newspack_sponsor_native_category_display":"inherit","newspack_sponsor_underwriter_style":"inherit","newspack_sponsor_underwriter_placement":"inherit","_newspack_byline_active":false,"_newspack_byline":"","newspack_hide_updated_date":false,"newspack_show_updated_date":false,"newspack_content_restriction_is_exempt":false,"newspack_featured_image_position":"","newspack_post_subtitle":"","newspack_article_summary_title":"Overview:","newspack_article_summary":"","_jetpack_memberships_contains_paid_content":false,"footnotes":"","jetpack_publicize_message":"","jetpack_publicize_feature_enabled":true,"jetpack_social_post_already_shared":false,"jetpack_social_options":{"image_generator_settings":{"template":"highway","default_image_id":0,"font":"","enabled":false},"version":2},"_wpas_customize_per_network":false},"categories":[26819,14629,14631,2522,14625,14627,2521,26822,2520],"tags":[15387,18408,6775,7291,10470],"newspack_spnsrs_tax":[],"class_list":["post-352156","post","type-post","status-publish","format-standard","has-post-thumbnail","hentry","category-altos-de-chavon-es","category-comidas-bebidas","category-estilo-de-vida","category-eventos-es","category-noticias-locales","category-proximamente","category-republica-dominicana-2","category-resort-casa-de-campo","category-restaurantes-es","tag-altos-de-chavon-es","tag-flavors-of-the-world-es","tag-la-piazzetta-es","tag-new-york-es","tag-saludable","entry"],"yoast_head":"<!-- This site is optimized with the Yoast SEO plugin v27.4 - https:\/\/yoast.com\/product\/yoast-seo-wordpress\/ -->\n<title>\u00a1El \u00faltimo del a\u00f1o! Flavors of the World presenta a Nueva York con el chef Marco Canora | Casa de Campo Living<\/title>\n<meta name=\"description\" content=\"\u00a1Este es el final del segundo a\u00f1o para Flavors of the World en Casa de Campo y ha sido verdaderamente exquisito! Esta serie de eventos gastron\u00f3micos es un\" \/>\n<meta name=\"robots\" content=\"index, follow, max-snippet:-1, max-image-preview:large, max-video-preview:-1\" \/>\n<link rel=\"canonical\" href=\"https:\/\/casadecampoliving.com\/es\/flavors-world-presenta-nueva-york-con-el-chef-marco-canora\/\" \/>\n<meta property=\"og:locale\" content=\"es_ES\" \/>\n<meta property=\"og:type\" content=\"article\" \/>\n<meta property=\"og:title\" content=\"\u00a1El \u00faltimo del a\u00f1o! Flavors of the World presenta a Nueva York con el chef Marco Canora | Casa de Campo Living\" \/>\n<meta property=\"og:description\" content=\"\u00a1Este es el final del segundo a\u00f1o para Flavors of the World en Casa de Campo y ha sido verdaderamente exquisito! Esta serie de eventos gastron\u00f3micos es un\" \/>\n<meta property=\"og:url\" content=\"https:\/\/casadecampoliving.com\/es\/flavors-world-presenta-nueva-york-con-el-chef-marco-canora\/\" \/>\n<meta property=\"og:site_name\" content=\"Casa de Campo Living\" \/>\n<meta property=\"article:publisher\" content=\"https:\/\/www.facebook.com\/casadecampoliving\" \/>\n<meta property=\"article:published_time\" content=\"2017-11-03T04:00:00+00:00\" \/>\n<meta property=\"article:modified_time\" content=\"2022-10-21T23:03:17+00:00\" \/>\n<meta property=\"og:image\" content=\"https:\/\/i0.wp.com\/casadecampoliving.com\/wp-content\/uploads\/2022\/10\/Marco-Canora.jpg?fit=1000%2C605&ssl=1\" \/>\n\t<meta property=\"og:image:width\" content=\"1000\" \/>\n\t<meta property=\"og:image:height\" content=\"605\" \/>\n\t<meta property=\"og:image:type\" content=\"image\/jpeg\" \/>\n<meta name=\"author\" content=\"Marlenys Guzm\u00e1n Casta\u00f1os\" \/>\n<meta name=\"twitter:card\" content=\"summary_large_image\" \/>\n<meta name=\"twitter:creator\" content=\"@cdcliving\" \/>\n<meta name=\"twitter:site\" content=\"@cdcliving\" \/>\n<meta name=\"twitter:label1\" content=\"Escrito por\" \/>\n\t<meta name=\"twitter:data1\" content=\"Marlenys Guzm\u00e1n Casta\u00f1os\" \/>\n\t<meta name=\"twitter:label2\" content=\"Tiempo de lectura\" \/>\n\t<meta name=\"twitter:data2\" content=\"2 minutos\" \/>\n<script type=\"application\/ld+json\" class=\"yoast-schema-graph\">{\"@context\":\"https:\\\/\\\/schema.org\",\"@graph\":[{\"@type\":\"Article\",\"@id\":\"https:\\\/\\\/casadecampoliving.com\\\/es\\\/flavors-world-presenta-nueva-york-con-el-chef-marco-canora\\\/#article\",\"isPartOf\":{\"@id\":\"https:\\\/\\\/casadecampoliving.com\\\/es\\\/flavors-world-presenta-nueva-york-con-el-chef-marco-canora\\\/\"},\"author\":{\"name\":\"Marlenys Guzm\u00e1n Casta\u00f1os\",\"@id\":\"https:\\\/\\\/casadecampoliving.com\\\/es\\\/#\\\/schema\\\/person\\\/b6606bd87f9cec8f5903e2141cafda24\"},\"headline\":\"\u00a1El \u00faltimo del a\u00f1o! Flavors of the World presenta a Nueva York con el chef Marco Canora\",\"datePublished\":\"2017-11-03T04:00:00+00:00\",\"dateModified\":\"2022-10-21T23:03:17+00:00\",\"mainEntityOfPage\":{\"@id\":\"https:\\\/\\\/casadecampoliving.com\\\/es\\\/flavors-world-presenta-nueva-york-con-el-chef-marco-canora\\\/\"},\"wordCount\":432,\"publisher\":{\"@id\":\"https:\\\/\\\/casadecampoliving.com\\\/es\\\/#organization\"},\"image\":{\"@id\":\"https:\\\/\\\/casadecampoliving.com\\\/es\\\/flavors-world-presenta-nueva-york-con-el-chef-marco-canora\\\/#primaryimage\"},\"thumbnailUrl\":\"https:\\\/\\\/i0.wp.com\\\/casadecampoliving.com\\\/wp-content\\\/uploads\\\/2022\\\/10\\\/Marco-Canora.jpg?fit=1000%2C605&ssl=1\",\"keywords\":[\"Altos de Chavon\",\"Flavors of the World @es\",\"la piazzetta @es\",\"new york @es\",\"saludable\"],\"articleSection\":[\"Altos de Chavon @es\",\"Comidas &amp; Bebidas\",\"Estilo de Vida\",\"Eventos\",\"Noticias Locales\",\"Proximamente\",\"Rep\u00fablica Dominicana @es\",\"Resort Casa de Campo\",\"Restaurantes\"],\"inLanguage\":\"es\"},{\"@type\":\"WebPage\",\"@id\":\"https:\\\/\\\/casadecampoliving.com\\\/es\\\/flavors-world-presenta-nueva-york-con-el-chef-marco-canora\\\/\",\"url\":\"https:\\\/\\\/casadecampoliving.com\\\/es\\\/flavors-world-presenta-nueva-york-con-el-chef-marco-canora\\\/\",\"name\":\"\u00a1El \u00faltimo del a\u00f1o! Flavors of the World presenta a Nueva York con el chef Marco Canora | Casa de Campo Living\",\"isPartOf\":{\"@id\":\"https:\\\/\\\/casadecampoliving.com\\\/es\\\/#website\"},\"primaryImageOfPage\":{\"@id\":\"https:\\\/\\\/casadecampoliving.com\\\/es\\\/flavors-world-presenta-nueva-york-con-el-chef-marco-canora\\\/#primaryimage\"},\"image\":{\"@id\":\"https:\\\/\\\/casadecampoliving.com\\\/es\\\/flavors-world-presenta-nueva-york-con-el-chef-marco-canora\\\/#primaryimage\"},\"thumbnailUrl\":\"https:\\\/\\\/i0.wp.com\\\/casadecampoliving.com\\\/wp-content\\\/uploads\\\/2022\\\/10\\\/Marco-Canora.jpg?fit=1000%2C605&ssl=1\",\"datePublished\":\"2017-11-03T04:00:00+00:00\",\"dateModified\":\"2022-10-21T23:03:17+00:00\",\"description\":\"\u00a1Este es el final del segundo a\u00f1o para Flavors of the World en Casa de Campo y ha sido verdaderamente exquisito! Esta serie de eventos gastron\u00f3micos es un\",\"breadcrumb\":{\"@id\":\"https:\\\/\\\/casadecampoliving.com\\\/es\\\/flavors-world-presenta-nueva-york-con-el-chef-marco-canora\\\/#breadcrumb\"},\"inLanguage\":\"es\",\"potentialAction\":[{\"@type\":\"ReadAction\",\"target\":[\"https:\\\/\\\/casadecampoliving.com\\\/es\\\/flavors-world-presenta-nueva-york-con-el-chef-marco-canora\\\/\"]}]},{\"@type\":\"ImageObject\",\"inLanguage\":\"es\",\"@id\":\"https:\\\/\\\/casadecampoliving.com\\\/es\\\/flavors-world-presenta-nueva-york-con-el-chef-marco-canora\\\/#primaryimage\",\"url\":\"https:\\\/\\\/i0.wp.com\\\/casadecampoliving.com\\\/wp-content\\\/uploads\\\/2022\\\/10\\\/Marco-Canora.jpg?fit=1000%2C605&ssl=1\",\"contentUrl\":\"https:\\\/\\\/i0.wp.com\\\/casadecampoliving.com\\\/wp-content\\\/uploads\\\/2022\\\/10\\\/Marco-Canora.jpg?fit=1000%2C605&ssl=1\",\"width\":1000,\"height\":605},{\"@type\":\"BreadcrumbList\",\"@id\":\"https:\\\/\\\/casadecampoliving.com\\\/es\\\/flavors-world-presenta-nueva-york-con-el-chef-marco-canora\\\/#breadcrumb\",\"itemListElement\":[{\"@type\":\"ListItem\",\"position\":1,\"name\":\"Home\",\"item\":\"https:\\\/\\\/casadecampoliving.com\\\/es\\\/\"},{\"@type\":\"ListItem\",\"position\":2,\"name\":\"\u00a1El \u00faltimo del a\u00f1o! Flavors of the World presenta a Nueva York con el chef Marco Canora\"}]},{\"@type\":\"WebSite\",\"@id\":\"https:\\\/\\\/casadecampoliving.com\\\/es\\\/#website\",\"url\":\"https:\\\/\\\/casadecampoliving.com\\\/es\\\/\",\"name\":\"Casa de Campo Living\",\"description\":\"Resort community news and resources.\",\"publisher\":{\"@id\":\"https:\\\/\\\/casadecampoliving.com\\\/es\\\/#organization\"},\"potentialAction\":[{\"@type\":\"SearchAction\",\"target\":{\"@type\":\"EntryPoint\",\"urlTemplate\":\"https:\\\/\\\/casadecampoliving.com\\\/es\\\/?s={search_term_string}\"},\"query-input\":{\"@type\":\"PropertyValueSpecification\",\"valueRequired\":true,\"valueName\":\"search_term_string\"}}],\"inLanguage\":\"es\"},{\"@type\":\"Organization\",\"@id\":\"https:\\\/\\\/casadecampoliving.com\\\/es\\\/#organization\",\"name\":\"Casa de Campo Living\",\"url\":\"https:\\\/\\\/casadecampoliving.com\\\/es\\\/\",\"logo\":{\"@type\":\"ImageObject\",\"inLanguage\":\"es\",\"@id\":\"https:\\\/\\\/casadecampoliving.com\\\/es\\\/#\\\/schema\\\/logo\\\/image\\\/\",\"url\":\"https:\\\/\\\/i0.wp.com\\\/casadecampoliving.com\\\/wp-content\\\/uploads\\\/2022\\\/07\\\/CDCLivingLogo_V1-white-sized.png?fit=800%2C214&ssl=1\",\"contentUrl\":\"https:\\\/\\\/i0.wp.com\\\/casadecampoliving.com\\\/wp-content\\\/uploads\\\/2022\\\/07\\\/CDCLivingLogo_V1-white-sized.png?fit=800%2C214&ssl=1\",\"width\":800,\"height\":214,\"caption\":\"Casa de Campo Living\"},\"image\":{\"@id\":\"https:\\\/\\\/casadecampoliving.com\\\/es\\\/#\\\/schema\\\/logo\\\/image\\\/\"},\"sameAs\":[\"https:\\\/\\\/www.facebook.com\\\/casadecampoliving\",\"https:\\\/\\\/x.com\\\/cdcliving\"]},{\"@type\":\"Person\",\"@id\":\"https:\\\/\\\/casadecampoliving.com\\\/es\\\/#\\\/schema\\\/person\\\/b6606bd87f9cec8f5903e2141cafda24\",\"name\":\"Marlenys Guzm\u00e1n Casta\u00f1os\",\"image\":{\"@type\":\"ImageObject\",\"inLanguage\":\"es\",\"@id\":\"https:\\\/\\\/secure.gravatar.com\\\/avatar\\\/72f3f86b8e6b3ec744201aeadf11d4a6055e8af194aecd9ad30ffff4437878ee?s=96&d=mm&r=g\",\"url\":\"https:\\\/\\\/secure.gravatar.com\\\/avatar\\\/72f3f86b8e6b3ec744201aeadf11d4a6055e8af194aecd9ad30ffff4437878ee?s=96&d=mm&r=g\",\"contentUrl\":\"https:\\\/\\\/secure.gravatar.com\\\/avatar\\\/72f3f86b8e6b3ec744201aeadf11d4a6055e8af194aecd9ad30ffff4437878ee?s=96&d=mm&r=g\",\"caption\":\"Marlenys Guzm\u00e1n Casta\u00f1os\"},\"url\":\"https:\\\/\\\/casadecampoliving.com\\\/es\\\/author\\\/mguzman\\\/\"}]}<\/script>\n<!-- \/ Yoast SEO plugin. -->","yoast_head_json":{"title":"\u00a1El \u00faltimo del a\u00f1o! Flavors of the World presenta a Nueva York con el chef Marco Canora | Casa de Campo Living","description":"\u00a1Este es el final del segundo a\u00f1o para Flavors of the World en Casa de Campo y ha sido verdaderamente exquisito! Esta serie de eventos gastron\u00f3micos es un","robots":{"index":"index","follow":"follow","max-snippet":"max-snippet:-1","max-image-preview":"max-image-preview:large","max-video-preview":"max-video-preview:-1"},"canonical":"https:\/\/casadecampoliving.com\/es\/flavors-world-presenta-nueva-york-con-el-chef-marco-canora\/","og_locale":"es_ES","og_type":"article","og_title":"\u00a1El \u00faltimo del a\u00f1o! Flavors of the World presenta a Nueva York con el chef Marco Canora | Casa de Campo Living","og_description":"\u00a1Este es el final del segundo a\u00f1o para Flavors of the World en Casa de Campo y ha sido verdaderamente exquisito! Esta serie de eventos gastron\u00f3micos es un","og_url":"https:\/\/casadecampoliving.com\/es\/flavors-world-presenta-nueva-york-con-el-chef-marco-canora\/","og_site_name":"Casa de Campo Living","article_publisher":"https:\/\/www.facebook.com\/casadecampoliving","article_published_time":"2017-11-03T04:00:00+00:00","article_modified_time":"2022-10-21T23:03:17+00:00","og_image":[{"width":1000,"height":605,"url":"https:\/\/i0.wp.com\/casadecampoliving.com\/wp-content\/uploads\/2022\/10\/Marco-Canora.jpg?fit=1000%2C605&ssl=1","type":"image\/jpeg"}],"author":"Marlenys Guzm\u00e1n Casta\u00f1os","twitter_card":"summary_large_image","twitter_creator":"@cdcliving","twitter_site":"@cdcliving","twitter_misc":{"Escrito por":"Marlenys Guzm\u00e1n Casta\u00f1os","Tiempo de lectura":"2 minutos"},"schema":{"@context":"https:\/\/schema.org","@graph":[{"@type":"Article","@id":"https:\/\/casadecampoliving.com\/es\/flavors-world-presenta-nueva-york-con-el-chef-marco-canora\/#article","isPartOf":{"@id":"https:\/\/casadecampoliving.com\/es\/flavors-world-presenta-nueva-york-con-el-chef-marco-canora\/"},"author":{"name":"Marlenys Guzm\u00e1n Casta\u00f1os","@id":"https:\/\/casadecampoliving.com\/es\/#\/schema\/person\/b6606bd87f9cec8f5903e2141cafda24"},"headline":"\u00a1El \u00faltimo del a\u00f1o! Flavors of the World presenta a Nueva York con el chef Marco Canora","datePublished":"2017-11-03T04:00:00+00:00","dateModified":"2022-10-21T23:03:17+00:00","mainEntityOfPage":{"@id":"https:\/\/casadecampoliving.com\/es\/flavors-world-presenta-nueva-york-con-el-chef-marco-canora\/"},"wordCount":432,"publisher":{"@id":"https:\/\/casadecampoliving.com\/es\/#organization"},"image":{"@id":"https:\/\/casadecampoliving.com\/es\/flavors-world-presenta-nueva-york-con-el-chef-marco-canora\/#primaryimage"},"thumbnailUrl":"https:\/\/i0.wp.com\/casadecampoliving.com\/wp-content\/uploads\/2022\/10\/Marco-Canora.jpg?fit=1000%2C605&ssl=1","keywords":["Altos de Chavon","Flavors of the World @es","la piazzetta @es","new york @es","saludable"],"articleSection":["Altos de Chavon @es","Comidas &amp; Bebidas","Estilo de Vida","Eventos","Noticias Locales","Proximamente","Rep\u00fablica Dominicana @es","Resort Casa de Campo","Restaurantes"],"inLanguage":"es"},{"@type":"WebPage","@id":"https:\/\/casadecampoliving.com\/es\/flavors-world-presenta-nueva-york-con-el-chef-marco-canora\/","url":"https:\/\/casadecampoliving.com\/es\/flavors-world-presenta-nueva-york-con-el-chef-marco-canora\/","name":"\u00a1El \u00faltimo del a\u00f1o! Flavors of the World presenta a Nueva York con el chef Marco Canora | Casa de Campo Living","isPartOf":{"@id":"https:\/\/casadecampoliving.com\/es\/#website"},"primaryImageOfPage":{"@id":"https:\/\/casadecampoliving.com\/es\/flavors-world-presenta-nueva-york-con-el-chef-marco-canora\/#primaryimage"},"image":{"@id":"https:\/\/casadecampoliving.com\/es\/flavors-world-presenta-nueva-york-con-el-chef-marco-canora\/#primaryimage"},"thumbnailUrl":"https:\/\/i0.wp.com\/casadecampoliving.com\/wp-content\/uploads\/2022\/10\/Marco-Canora.jpg?fit=1000%2C605&ssl=1","datePublished":"2017-11-03T04:00:00+00:00","dateModified":"2022-10-21T23:03:17+00:00","description":"\u00a1Este es el final del segundo a\u00f1o para Flavors of the World en Casa de Campo y ha sido verdaderamente exquisito! Esta serie de eventos gastron\u00f3micos es un","breadcrumb":{"@id":"https:\/\/casadecampoliving.com\/es\/flavors-world-presenta-nueva-york-con-el-chef-marco-canora\/#breadcrumb"},"inLanguage":"es","potentialAction":[{"@type":"ReadAction","target":["https:\/\/casadecampoliving.com\/es\/flavors-world-presenta-nueva-york-con-el-chef-marco-canora\/"]}]},{"@type":"ImageObject","inLanguage":"es","@id":"https:\/\/casadecampoliving.com\/es\/flavors-world-presenta-nueva-york-con-el-chef-marco-canora\/#primaryimage","url":"https:\/\/i0.wp.com\/casadecampoliving.com\/wp-content\/uploads\/2022\/10\/Marco-Canora.jpg?fit=1000%2C605&ssl=1","contentUrl":"https:\/\/i0.wp.com\/casadecampoliving.com\/wp-content\/uploads\/2022\/10\/Marco-Canora.jpg?fit=1000%2C605&ssl=1","width":1000,"height":605},{"@type":"BreadcrumbList","@id":"https:\/\/casadecampoliving.com\/es\/flavors-world-presenta-nueva-york-con-el-chef-marco-canora\/#breadcrumb","itemListElement":[{"@type":"ListItem","position":1,"name":"Home","item":"https:\/\/casadecampoliving.com\/es\/"},{"@type":"ListItem","position":2,"name":"\u00a1El \u00faltimo del a\u00f1o! Flavors of the World presenta a Nueva York con el chef Marco Canora"}]},{"@type":"WebSite","@id":"https:\/\/casadecampoliving.com\/es\/#website","url":"https:\/\/casadecampoliving.com\/es\/","name":"Casa de Campo Living","description":"Resort community news and resources.","publisher":{"@id":"https:\/\/casadecampoliving.com\/es\/#organization"},"potentialAction":[{"@type":"SearchAction","target":{"@type":"EntryPoint","urlTemplate":"https:\/\/casadecampoliving.com\/es\/?s={search_term_string}"},"query-input":{"@type":"PropertyValueSpecification","valueRequired":true,"valueName":"search_term_string"}}],"inLanguage":"es"},{"@type":"Organization","@id":"https:\/\/casadecampoliving.com\/es\/#organization","name":"Casa de Campo Living","url":"https:\/\/casadecampoliving.com\/es\/","logo":{"@type":"ImageObject","inLanguage":"es","@id":"https:\/\/casadecampoliving.com\/es\/#\/schema\/logo\/image\/","url":"https:\/\/i0.wp.com\/casadecampoliving.com\/wp-content\/uploads\/2022\/07\/CDCLivingLogo_V1-white-sized.png?fit=800%2C214&ssl=1","contentUrl":"https:\/\/i0.wp.com\/casadecampoliving.com\/wp-content\/uploads\/2022\/07\/CDCLivingLogo_V1-white-sized.png?fit=800%2C214&ssl=1","width":800,"height":214,"caption":"Casa de Campo Living"},"image":{"@id":"https:\/\/casadecampoliving.com\/es\/#\/schema\/logo\/image\/"},"sameAs":["https:\/\/www.facebook.com\/casadecampoliving","https:\/\/x.com\/cdcliving"]},{"@type":"Person","@id":"https:\/\/casadecampoliving.com\/es\/#\/schema\/person\/b6606bd87f9cec8f5903e2141cafda24","name":"Marlenys Guzm\u00e1n Casta\u00f1os","image":{"@type":"ImageObject","inLanguage":"es","@id":"https:\/\/secure.gravatar.com\/avatar\/72f3f86b8e6b3ec744201aeadf11d4a6055e8af194aecd9ad30ffff4437878ee?s=96&d=mm&r=g","url":"https:\/\/secure.gravatar.com\/avatar\/72f3f86b8e6b3ec744201aeadf11d4a6055e8af194aecd9ad30ffff4437878ee?s=96&d=mm&r=g","contentUrl":"https:\/\/secure.gravatar.com\/avatar\/72f3f86b8e6b3ec744201aeadf11d4a6055e8af194aecd9ad30ffff4437878ee?s=96&d=mm&r=g","caption":"Marlenys Guzm\u00e1n Casta\u00f1os"},"url":"https:\/\/casadecampoliving.com\/es\/author\/mguzman\/"}]}},"parsely":{"version":"1.1.0","canonical_url":"https:\/\/casadecampoliving.com\/es\/flavors-world-presenta-nueva-york-con-el-chef-marco-canora\/","smart_links":{"inbound":0,"outbound":0},"traffic_boost_suggestions_count":0,"meta":{"@context":"https:\/\/schema.org","@type":"NewsArticle","headline":"\u00a1El \u00faltimo del a\u00f1o! Flavors of the World presenta a Nueva York con el chef Marco Canora","url":"http:\/\/casadecampoliving.com\/es\/flavors-world-presenta-nueva-york-con-el-chef-marco-canora\/","mainEntityOfPage":{"@type":"WebPage","@id":"http:\/\/casadecampoliving.com\/es\/flavors-world-presenta-nueva-york-con-el-chef-marco-canora\/"},"thumbnailUrl":"https:\/\/i0.wp.com\/casadecampoliving.com\/wp-content\/uploads\/2022\/10\/Marco-Canora.jpg?resize=150%2C150&ssl=1","image":{"@type":"ImageObject","url":"https:\/\/i0.wp.com\/casadecampoliving.com\/wp-content\/uploads\/2022\/10\/Marco-Canora.jpg?fit=1000%2C605&ssl=1"},"articleSection":"Altos de Chavon @es","author":[{"@type":"Person","name":"Marlenys Guzm\u00e1n Casta\u00f1os"}],"creator":["Marlenys Guzm\u00e1n Casta\u00f1os"],"publisher":{"@type":"Organization","name":"Casa de Campo Living","logo":"https:\/\/casadecampoliving.com\/wp-content\/uploads\/2022\/07\/CDCLivingLogo_V1-white-sized.png"},"keywords":["altos de chavon","flavors of the world @es","la piazzetta @es","new york @es","saludable"],"dateCreated":"2017-11-03T04:00:00Z","datePublished":"2017-11-03T04:00:00Z","dateModified":"2022-10-21T23:03:17Z"},"rendered":"<script type=\"application\/ld+json\" class=\"wp-parsely-metadata\">{\"@context\":\"https:\\\/\\\/schema.org\",\"@type\":\"NewsArticle\",\"headline\":\"\\u00a1El \\u00faltimo del a\\u00f1o! Flavors of the World presenta a Nueva York con el chef Marco Canora\",\"url\":\"http:\\\/\\\/casadecampoliving.com\\\/es\\\/flavors-world-presenta-nueva-york-con-el-chef-marco-canora\\\/\",\"mainEntityOfPage\":{\"@type\":\"WebPage\",\"@id\":\"http:\\\/\\\/casadecampoliving.com\\\/es\\\/flavors-world-presenta-nueva-york-con-el-chef-marco-canora\\\/\"},\"thumbnailUrl\":\"https:\\\/\\\/i0.wp.com\\\/casadecampoliving.com\\\/wp-content\\\/uploads\\\/2022\\\/10\\\/Marco-Canora.jpg?resize=150%2C150&ssl=1\",\"image\":{\"@type\":\"ImageObject\",\"url\":\"https:\\\/\\\/i0.wp.com\\\/casadecampoliving.com\\\/wp-content\\\/uploads\\\/2022\\\/10\\\/Marco-Canora.jpg?fit=1000%2C605&ssl=1\"},\"articleSection\":\"Altos de Chavon @es\",\"author\":[{\"@type\":\"Person\",\"name\":\"Marlenys Guzm\\u00e1n Casta\\u00f1os\"}],\"creator\":[\"Marlenys Guzm\\u00e1n Casta\\u00f1os\"],\"publisher\":{\"@type\":\"Organization\",\"name\":\"Casa de Campo Living\",\"logo\":\"https:\\\/\\\/casadecampoliving.com\\\/wp-content\\\/uploads\\\/2022\\\/07\\\/CDCLivingLogo_V1-white-sized.png\"},\"keywords\":[\"altos de chavon\",\"flavors of the world @es\",\"la piazzetta @es\",\"new york @es\",\"saludable\"],\"dateCreated\":\"2017-11-03T04:00:00Z\",\"datePublished\":\"2017-11-03T04:00:00Z\",\"dateModified\":\"2022-10-21T23:03:17Z\"}<\/script>","tracker_url":"https:\/\/cdn.parsely.com\/keys\/casadecampoliving.com\/p.js"},"jetpack_publicize_connections":[],"jetpack_featured_media_url":"https:\/\/i0.wp.com\/casadecampoliving.com\/wp-content\/uploads\/2022\/10\/Marco-Canora.jpg?fit=1000%2C605&ssl=1","jetpack-related-posts":[{"id":433460,"url":"https:\/\/casadecampoliving.com\/es\/no-se-pierdan-el-increible-tributo-a-frank-sinatra-para-celebrar-el-40-aniversario-del-anfiteatro-altos-de-chavon\/","url_meta":{"origin":352156,"position":0},"title":"No se pierdan el incre\u00edble tributo a Frank Sinatra para celebrar el 40 aniversario del\u00a0Anfiteatro Altos de Chav\u00f3n","author":"Casa de Campo Living","date":"20 Oct, 2022","format":false,"excerpt":"Siendo uno de los escenarios m\u00e1s emblem\u00e1ticos del pa\u00eds, Casa de Campo Resort\u00ae & Villas celebra las cuatro d\u00e9cadas de aniversario de Altos de Chav\u00f3n con un tributo al gran Frank Sinatra, protagonizado por artistas invitados y una big band tal cual la que acompa\u00f1\u00f3 al artista hace 40 a\u00f1os\u2026","rel":"","context":"En \u00abUncategorized @es\u00bb","block_context":{"text":"Uncategorized @es","link":"https:\/\/casadecampoliving.com\/es\/category\/uncategorized-es\/"},"img":{"alt_text":"","src":"https:\/\/i0.wp.com\/casadecampoliving.com\/wp-content\/uploads\/2022\/10\/Tributo-Frank-Sinatra-Foto-Principal-Amaury-Sanchez-Danilo-Ginebra-Andres-Pichardo-y-Jose-Gabriel-Perez-.jpg?fit=1200%2C873&ssl=1&resize=350%2C200","width":350,"height":200,"srcset":"https:\/\/i0.wp.com\/casadecampoliving.com\/wp-content\/uploads\/2022\/10\/Tributo-Frank-Sinatra-Foto-Principal-Amaury-Sanchez-Danilo-Ginebra-Andres-Pichardo-y-Jose-Gabriel-Perez-.jpg?fit=1200%2C873&ssl=1&resize=350%2C200 1x, https:\/\/i0.wp.com\/casadecampoliving.com\/wp-content\/uploads\/2022\/10\/Tributo-Frank-Sinatra-Foto-Principal-Amaury-Sanchez-Danilo-Ginebra-Andres-Pichardo-y-Jose-Gabriel-Perez-.jpg?fit=1200%2C873&ssl=1&resize=525%2C300 1.5x, https:\/\/i0.wp.com\/casadecampoliving.com\/wp-content\/uploads\/2022\/10\/Tributo-Frank-Sinatra-Foto-Principal-Amaury-Sanchez-Danilo-Ginebra-Andres-Pichardo-y-Jose-Gabriel-Perez-.jpg?fit=1200%2C873&ssl=1&resize=700%2C400 2x, https:\/\/i0.wp.com\/casadecampoliving.com\/wp-content\/uploads\/2022\/10\/Tributo-Frank-Sinatra-Foto-Principal-Amaury-Sanchez-Danilo-Ginebra-Andres-Pichardo-y-Jose-Gabriel-Perez-.jpg?fit=1200%2C873&ssl=1&resize=1050%2C600 3x"},"classes":[]},{"id":352115,"url":"https:\/\/casadecampoliving.com\/es\/haga-sus-reservaciones-para-flavors-of-the-world-nueva-orleans\/","url_meta":{"origin":352156,"position":1},"title":"\u00a1Haga sus reservaciones para Flavors of the World Nueva Orleans!","author":"Heather Lincoln","date":"20 Oct, 2017","format":false,"excerpt":"Si ha estado al pendiente de los eventos en Casa, el pr\u00f3ximo fin de semana ser\u00e1 uno bastante ocupado. Apenas una semana despu\u00e9s del Oktoberfest de Altos de Chav\u00f3n y Casa de Campo (\u00a1por cierto, ma\u00f1ana!) La multitud se reunir\u00e1 de nuevo en la villa de inspiraci\u00f3n mediterr\u00e1nea del siglo\u2026","rel":"","context":"En \u00abComidas &amp; Bebidas\u00bb","block_context":{"text":"Comidas &amp; Bebidas","link":"https:\/\/casadecampoliving.com\/es\/category\/comidas-bebidas\/"},"img":{"alt_text":"La Piazzetta","src":"https:\/\/i0.wp.com\/casadecampoliving.com\/wp-content\/uploads\/2022\/10\/LaPiazzetta-e1508526038829.jpg?fit=1000%2C600&ssl=1&resize=350%2C200","width":350,"height":200,"srcset":"https:\/\/i0.wp.com\/casadecampoliving.com\/wp-content\/uploads\/2022\/10\/LaPiazzetta-e1508526038829.jpg?fit=1000%2C600&ssl=1&resize=350%2C200 1x, https:\/\/i0.wp.com\/casadecampoliving.com\/wp-content\/uploads\/2022\/10\/LaPiazzetta-e1508526038829.jpg?fit=1000%2C600&ssl=1&resize=525%2C300 1.5x, https:\/\/i0.wp.com\/casadecampoliving.com\/wp-content\/uploads\/2022\/10\/LaPiazzetta-e1508526038829.jpg?fit=1000%2C600&ssl=1&resize=700%2C400 2x"},"classes":[]},{"id":352200,"url":"https:\/\/casadecampoliving.com\/es\/una-manera-abundante-y-deliciosa-de-terminar-este-ano-con-flavors-of-the-world\/","url_meta":{"origin":352156,"position":2},"title":"Una manera abundante y deliciosa de terminar este a\u00f1o con Flavors of the World","author":"Marlenys Guzm\u00e1n Casta\u00f1os","date":"15 Nov, 2017","format":false,"excerpt":"Flavors of the World Nueva York fue definitivamente la manera perfecta de terminar la serie de gastronom\u00eda de este a\u00f1o. Despu\u00e9s de un primer a\u00f1o exitoso y un segundo inolvidable, los eventos culinarios de Casa de Campo terminaron en una nota alta el pasado fin de semana con el chef\u2026","rel":"","context":"En \u00abAltos de Chavon @es\u00bb","block_context":{"text":"Altos de Chavon @es","link":"https:\/\/casadecampoliving.com\/category\/altos-de-chavon-es\/"},"img":{"alt_text":"","src":"https:\/\/i0.wp.com\/casadecampoliving.com\/wp-content\/uploads\/2022\/10\/Gala-Lopez-Pedro-Ruiz-Rafaela-Lardin-Nicolas-Almagro.jpg?fit=1000%2C667&ssl=1&resize=350%2C200","width":350,"height":200,"srcset":"https:\/\/i0.wp.com\/casadecampoliving.com\/wp-content\/uploads\/2022\/10\/Gala-Lopez-Pedro-Ruiz-Rafaela-Lardin-Nicolas-Almagro.jpg?fit=1000%2C667&ssl=1&resize=350%2C200 1x, https:\/\/i0.wp.com\/casadecampoliving.com\/wp-content\/uploads\/2022\/10\/Gala-Lopez-Pedro-Ruiz-Rafaela-Lardin-Nicolas-Almagro.jpg?fit=1000%2C667&ssl=1&resize=525%2C300 1.5x, https:\/\/i0.wp.com\/casadecampoliving.com\/wp-content\/uploads\/2022\/10\/Gala-Lopez-Pedro-Ruiz-Rafaela-Lardin-Nicolas-Almagro.jpg?fit=1000%2C667&ssl=1&resize=700%2C400 2x"},"classes":[]},{"id":353481,"url":"https:\/\/casadecampoliving.com\/es\/a-new-edition-of-flavors-starts-next-week-at-casa-de-campo-2\/","url_meta":{"origin":352156,"position":3},"title":"Una nueva edici\u00f3n del Flavors inicia la semana que viene en Casa de Campo","author":"Casa de Campo Living","date":"11 Jun, 2019","format":false,"excerpt":"Todo est\u00e1 a punto para que Flavors, las experiencias gastron\u00f3micas de Casa de Campo, se pongan en marcha por cuarto a\u00f1o consecutivo. Desde ahora hasta diciembre, un fin de semana de cada mes hay una cita con la cocina del m\u00e1s alto nivel en el resort de La Romana. Este\u2026","rel":"","context":"En \u00abCasa de Campo Living @es\u00bb","block_context":{"text":"Casa de Campo Living @es","link":"https:\/\/casadecampoliving.com\/category\/casa-de-campo-living-es\/"},"img":{"alt_text":"","src":"https:\/\/i0.wp.com\/casadecampoliving.com\/wp-content\/uploads\/2022\/10\/021-2-1000x600-1.jpg?fit=1000%2C600&ssl=1&resize=350%2C200","width":350,"height":200,"srcset":"https:\/\/i0.wp.com\/casadecampoliving.com\/wp-content\/uploads\/2022\/10\/021-2-1000x600-1.jpg?fit=1000%2C600&ssl=1&resize=350%2C200 1x, https:\/\/i0.wp.com\/casadecampoliving.com\/wp-content\/uploads\/2022\/10\/021-2-1000x600-1.jpg?fit=1000%2C600&ssl=1&resize=525%2C300 1.5x, https:\/\/i0.wp.com\/casadecampoliving.com\/wp-content\/uploads\/2022\/10\/021-2-1000x600-1.jpg?fit=1000%2C600&ssl=1&resize=700%2C400 2x"},"classes":[]},{"id":330577,"url":"https:\/\/casadecampoliving.com\/es\/a-new-edition-of-flavors-starts-next-week-at-casa-de-campo-2-2\/","url_meta":{"origin":352156,"position":4},"title":"Una nueva edici\u00f3n del Flavors inicia la semana que viene en Casa de Campo","author":"Amy Mal","date":"5 Jun, 2019","format":false,"excerpt":"Todo est\u00e1 a punto para que Flavors, las experiencias gastron\u00f3micas de Casa de Campo, se pongan en marcha por cuarto a\u00f1o consecutivo. Desde ahora hasta diciembre, un fin de semana de cada mes hay una cita con la cocina del m\u00e1s alto nivel en el resort de La Romana. Este\u2026","rel":"","context":"En \u00abBars and Nightlife\u00bb","block_context":{"text":"Bars and Nightlife","link":"https:\/\/casadecampoliving.com\/category\/bars-and-nightlife\/"},"img":{"alt_text":"","src":"https:\/\/i0.wp.com\/casadecampoliving.com\/wp-content\/uploads\/2022\/10\/021-2-1000x600-1.jpg?fit=1000%2C600&ssl=1&resize=350%2C200","width":350,"height":200,"srcset":"https:\/\/i0.wp.com\/casadecampoliving.com\/wp-content\/uploads\/2022\/10\/021-2-1000x600-1.jpg?fit=1000%2C600&ssl=1&resize=350%2C200 1x, https:\/\/i0.wp.com\/casadecampoliving.com\/wp-content\/uploads\/2022\/10\/021-2-1000x600-1.jpg?fit=1000%2C600&ssl=1&resize=525%2C300 1.5x, https:\/\/i0.wp.com\/casadecampoliving.com\/wp-content\/uploads\/2022\/10\/021-2-1000x600-1.jpg?fit=1000%2C600&ssl=1&resize=700%2C400 2x"},"classes":[]},{"id":352148,"url":"https:\/\/casadecampoliving.com\/es\/flavors-of-the-world-nueva-orleans\/","url_meta":{"origin":352156,"position":5},"title":"El chef Tory McPhail trae platos hist\u00f3ricos a \u00abFlavors of the World: Nueva Orleans\u00bb","author":"Heather Lincoln","date":"31 Oct, 2017","format":false,"excerpt":"Mientras Minitas Beach Club est\u00e1 en construcci\u00f3n, hemos visto como los \u00faltimos tres eventos de Flavors of the World se realizan en La Piazzetta en Altos de Chav\u00f3n. El pasado fin de semana cont\u00f3 con los sabrosos sabores de Nueva Orleans, mientras que en agosto disfrutamos del los\u00a0ingredientes rurales de\u2026","rel":"","context":"En \u00abAltos de Chavon @es\u00bb","block_context":{"text":"Altos de Chavon @es","link":"https:\/\/casadecampoliving.com\/category\/altos-de-chavon-es\/"},"img":{"alt_text":"Flavors of the World New Orleans","src":"https:\/\/i0.wp.com\/casadecampoliving.com\/wp-content\/uploads\/2022\/10\/FOTW_NewOrleans_22-e1509564785898.jpg?fit=1000%2C600&ssl=1&resize=350%2C200","width":350,"height":200,"srcset":"https:\/\/i0.wp.com\/casadecampoliving.com\/wp-content\/uploads\/2022\/10\/FOTW_NewOrleans_22-e1509564785898.jpg?fit=1000%2C600&ssl=1&resize=350%2C200 1x, https:\/\/i0.wp.com\/casadecampoliving.com\/wp-content\/uploads\/2022\/10\/FOTW_NewOrleans_22-e1509564785898.jpg?fit=1000%2C600&ssl=1&resize=525%2C300 1.5x, https:\/\/i0.wp.com\/casadecampoliving.com\/wp-content\/uploads\/2022\/10\/FOTW_NewOrleans_22-e1509564785898.jpg?fit=1000%2C600&ssl=1&resize=700%2C400 2x"},"classes":[]}],"jetpack_sharing_enabled":true,"_links":{"self":[{"href":"https:\/\/casadecampoliving.com\/es\/wp-json\/wp\/v2\/posts\/352156","targetHints":{"allow":["GET"]}}],"collection":[{"href":"https:\/\/casadecampoliving.com\/es\/wp-json\/wp\/v2\/posts"}],"about":[{"href":"https:\/\/casadecampoliving.com\/es\/wp-json\/wp\/v2\/types\/post"}],"author":[{"embeddable":true,"href":"https:\/\/casadecampoliving.com\/es\/wp-json\/wp\/v2\/users\/36682"}],"replies":[{"embeddable":true,"href":"https:\/\/casadecampoliving.com\/es\/wp-json\/wp\/v2\/comments?post=352156"}],"version-history":[{"count":1,"href":"https:\/\/casadecampoliving.com\/es\/wp-json\/wp\/v2\/posts\/352156\/revisions"}],"predecessor-version":[{"id":352157,"href":"https:\/\/casadecampoliving.com\/es\/wp-json\/wp\/v2\/posts\/352156\/revisions\/352157"}],"wp:featuredmedia":[{"embeddable":true,"href":"https:\/\/casadecampoliving.com\/es\/wp-json\/wp\/v2\/media\/294332"}],"wp:attachment":[{"href":"https:\/\/casadecampoliving.com\/es\/wp-json\/wp\/v2\/media?parent=352156"}],"wp:term":[{"taxonomy":"category","embeddable":true,"href":"https:\/\/casadecampoliving.com\/es\/wp-json\/wp\/v2\/categories?post=352156"},{"taxonomy":"post_tag","embeddable":true,"href":"https:\/\/casadecampoliving.com\/es\/wp-json\/wp\/v2\/tags?post=352156"},{"taxonomy":"newspack_spnsrs_tax","embeddable":true,"href":"https:\/\/casadecampoliving.com\/es\/wp-json\/wp\/v2\/newspack_spnsrs_tax?post=352156"}],"curies":[{"name":"wp","href":"https:\/\/api.w.org\/{rel}","templated":true}]}}