{"id":352131,"date":"2017-10-26T00:00:00","date_gmt":"2017-10-26T04:00:00","guid":{"rendered":"https:\/\/casadecampoliving.com\/carlos-comic-estara-en-casa-el-24-de-noviembre\/"},"modified":"2022-10-21T19:13:49","modified_gmt":"2022-10-21T23:13:49","slug":"carlos-comic-estara-en-casa-el-24-de-noviembre","status":"publish","type":"post","link":"https:\/\/casadecampoliving.com\/es\/carlos-comic-estara-en-casa-el-24-de-noviembre\/","title":{"rendered":"\u00a1Carlos Comic estar\u00e1 en Casa el 24 de noviembre!"},"content":{"rendered":"\n<p>\u00a1El comediante Carlos S\u00e1nchez vendr\u00e1 a Casa de Campo! Puede que recuerde su actuaci\u00f3n en el complejo <a href=\"https:\/\/casadecampoliving.com\/es\/criando-carajitos-carlos-sanchez\/\" target=\"_blank\" rel=\"noopener\">el a\u00f1o pasado en Onno\u2019s Bar &amp; Restaurant<\/a>, donde este hombre de la familia amante de la diversi\u00f3n hizo bromas sobre ser pap\u00e1. Ahora, Carlos regresa esta vez al escenario de Genesis Nightclub en Altos de Chav\u00f3n, donde sin dudas ofrecer\u00e1 otro espect\u00e1culo hilarante.<\/p>\n\n\n\n<!--more-->\n\n\n\n<p>Carlos le dice a<em> Casa de Campo Living<\/em> que ha estado involucrado con el Hogar del Ni\u00f1o por varios a\u00f1os,<a href=\"https:\/\/casadecampoliving.com\/es\/felix-sanchez-vino-a-apoyar-el-3er-casa-de-campo-corre-para-el-hogar-del-nino\/\" target=\"_blank\" rel=\"noopener\"> sirviendo como anfitri\u00f3n de Casa de Campo Corre<\/a>, pero es su primer show en beneficio de la organizaci\u00f3n. Con el tema \u201c100 chistes\u201d, la rutina de comedia usa una pantalla en el fondo que cuenta hasta el n\u00famero cien y cuando se cuentan todos los chistes, \u00a1eso es todo! Es simple, pero muy divertido y entretenido. El famoso comediante dice que ha tenido muy buenos resultados con el tema en el pasado y espera llevarlo a Casa de Campo. Con la multitud internacional del resort, incluso he preguntado si lanzar\u00e1 algunas bromas inglesas al acto\u2026 \u00a1Crucen los dedos!<\/p>\n\n\n\n<p>Del Hogar del Ni\u00f1o, Carlos nos dice que realmente le gusta el trabajo que est\u00e1n haciendo y lo que sea que necesiten \u00e9l esta dispuesto a ayudar. <strong>\u201cEs una gran causa que todos deben apoyar. Tenemos que recordar lo afortunados que somos y que hay muchos que no son tan afortunados. Todos tenemos problemas, independientemente de los ingresos, pero si tenemos alimentos, refugio, familia y salud, todo despu\u00e9s de eso es extra. Est\u00e1n aquellos que viven sin necesidades b\u00e1sicas, y veo que la caridad es dar algo de nuestra suerte a otras personas que no la han tenido \u201c.<\/strong><\/p>\n\n\n\n<p>Marque sus calendarios para el viernes, 24 de noviembre, para la rutina de comedia de Carlos Comic. \u00a1A tan solo dos d\u00edas del Casa de Campo Corre de 2017, donde tambi\u00e9n alentamos su participaci\u00f3n! Prep\u00e1rese para re\u00edr mucho porque con 100 chistes, \u00a1podemos estar seguros que estaremos muertos de la risa antes de que pase demasiado tiempo!<\/p>\n\n\n\n<p>Para ver algunos clips c\u00f3micos divertidos de los actos de Carlos S\u00e1nchez, visite&nbsp;<a href=\"http:\/\/carloscomic.com\/\" target=\"_blank\" rel=\"noopener\">carloscomic.com<\/a> o s\u00edguelo en Instagram en&nbsp;<a href=\"https:\/\/www.instagram.com\/carloscomic\/\" target=\"_blank\" rel=\"noopener\">@carloscomic<\/a>.<\/p>\n\n\n\n<blockquote><figure><img decoding=\"async\" loading=\"lazy\" class=\"aligncenter wp-image-148612 size-full\" src=\"https:\/\/i0.wp.com\/casadecampoliving.com\/wp-content\/uploads\/2022\/10\/Screen-Shot-2017-10-26-at-5.31.20-PM.png?resize=748%2C746&amp;ssl=1\" alt=\"\" width=\"748\" height=\"746\"><\/figure><p><strong>Qu\u00e9<\/strong>: Comedia de Carlos Comic para beneficiar al Hogar del Ni\u00f1o<\/p><p><strong>D\u00f3nde<\/strong>: Genesis Nightclub, Altos de Chav\u00f3n<\/p><p><strong>Cu\u00e1ndo<\/strong>: Viernes, 24 de noviembre<\/p><p><strong>Hora<\/strong>: 8:00 p.m.<\/p><p><strong>Boletas<\/strong>: RD $ 1,000. \u00a1Compre sus entradas desde el Hogar del Ni\u00f1o en La Romana o en la puerta la noche del espect\u00e1culo!<\/p><\/blockquote>\n\n\n\n<blockquote><p><strong><a href=\"https:\/\/casadecampoliving.com\/hogardelnino\/\">Hogar del Ni\u00f1o<\/a><\/strong><\/p><figure><img decoding=\"async\" loading=\"lazy\" class=\"alignright\" title=\"hogar_del_nino\" src=\"https:\/\/i0.wp.com\/casadecampoliving.com\/wp-content\/uploads\/2022\/10\/hogar_del_nino-28.jpg?resize=200%2C105&amp;ssl=1\" alt=\"hogar del nino \" width=\"200\" height=\"105\"><\/figure><p>El Hogar del Ni\u00f1o es un centro educacional y de cuidado para m\u00e1s de 1,500 ni\u00f1os, ubicado en el pueblo de La Romana, justo a las afueras de Casa de Campo. Ni\u00f1os que van desde los pocas semanas de nacidos hasta los 18 a\u00f1os de edad, son cuidados y educados a diario desde las 5:30am las 7pm.<\/p><p>La organizaci\u00f3n tambi\u00e9n provee educaci\u00f3n especial para ni\u00f1os especiales que padecen de ceguera o con limitaciones auditivas, al igual que una escuela vocacional en la que m\u00e1s de 235 estudiantes reciben educaci\u00f3n en las distintas \u00e1reas como: costura, preparaci\u00f3n industrial, mantenimiento e instalaci\u00f3n el\u00e9ctrica; manejo de programas de c\u00f3mputos.<\/p><p><strong>Comun\u00edquese con el Hogar del Ni\u00f1o al:<br>\nTel:&nbsp;<\/strong>(809) 523-8901<strong>&nbsp;<\/strong>o al (809) 556-3181<strong><br>\nEmail:&nbsp;<\/strong><a href=\"mailto:info@pbo.org.do\" target=\"_blank\" rel=\"noopener noreferrer\">info@pbo.org.do<\/a><strong><br>\nSitio Web:&nbsp;<\/strong><a href=\"http:\/\/pbo.org.do\/site\/es\/\" target=\"_blank\" rel=\"noopener noreferrer\">pbo.org.do<\/a><\/p><\/blockquote>\n","protected":false},"excerpt":{"rendered":"<p>\u00a1El comediante Carlos S\u00e1nchez vendr\u00e1 a Casa de Campo! Puede que recuerde su actuaci\u00f3n en el complejo el a\u00f1o pasado en Onno\u2019s Bar &amp; Restaurant, donde este hombre de la familia amante de la diversi\u00f3n hizo bromas sobre ser pap\u00e1. Ahora, Carlos regresa esta vez al escenario de Genesis Nightclub en Altos de Chav\u00f3n, donde [&hellip;]<\/p>\n","protected":false},"author":36681,"featured_media":292864,"comment_status":"closed","ping_status":"closed","sticky":false,"template":"","format":"standard","meta":{"newspack_ads_suppress_ads":false,"newspack_popups_has_disabled_popups":false,"newspack_sponsor_sponsorship_scope":"","newspack_sponsor_native_byline_display":"inherit","newspack_sponsor_native_category_display":"inherit","newspack_sponsor_underwriter_style":"inherit","newspack_sponsor_underwriter_placement":"inherit","_newspack_byline_active":false,"_newspack_byline":"","newspack_hide_updated_date":false,"newspack_show_updated_date":false,"newspack_content_restriction_is_exempt":false,"newspack_featured_image_position":"","newspack_post_subtitle":"","newspack_article_summary_title":"Overview:","newspack_article_summary":"","_jetpack_memberships_contains_paid_content":false,"footnotes":"","jetpack_publicize_message":"","jetpack_publicize_feature_enabled":true,"jetpack_social_post_already_shared":false,"jetpack_social_options":{"image_generator_settings":{"template":"highway","default_image_id":0,"font":"","enabled":false},"version":2},"_wpas_customize_per_network":false},"categories":[26819,26823,2513,14631,2522,2514,2516,14627,2521,26822],"tags":[19930,22012,12670,9026,18055,14736,14876,7701,14159],"newspack_spnsrs_tax":[],"class_list":["post-352131","post","type-post","status-publish","format-standard","has-post-thumbnail","hentry","category-altos-de-chavon-es","category-arte-y-cultura","category-celebridades-es","category-estilo-de-vida","category-eventos-es","category-fundaciones-es","category-hogar-del-nino-es","category-proximamente","category-republica-dominicana-2","category-resort-casa-de-campo","tag-beneficio","tag-carlos-comic-es","tag-carlos-sanchez-es","tag-casa-de-campo-corre-es","tag-comedia","tag-featured-topview-es","tag-hogar-del-nino-es","tag-patronato-benefico-oriental-es","tag-presentacion","entry"],"yoast_head":"<!-- This site is optimized with the Yoast SEO plugin v27.5 - https:\/\/yoast.com\/product\/yoast-seo-wordpress\/ -->\n<title>\u00a1Carlos Comic estar\u00e1 en Casa el 24 de noviembre! | Casa de Campo Living<\/title>\n<meta name=\"description\" content=\"\u00a1El comediante Carlos S\u00e1nchez vendr\u00e1 a Casa de Campo! Puede que recuerde su actuaci\u00f3n en el complejo el a\u00f1o pasado en Onno\u2019s Bar &amp; Restaurant, donde\" \/>\n<meta name=\"robots\" content=\"index, follow, max-snippet:-1, max-image-preview:large, max-video-preview:-1\" \/>\n<link rel=\"canonical\" href=\"https:\/\/casadecampoliving.com\/es\/carlos-comic-estara-en-casa-el-24-de-noviembre\/\" \/>\n<meta property=\"og:locale\" content=\"es_ES\" \/>\n<meta property=\"og:type\" content=\"article\" \/>\n<meta property=\"og:title\" content=\"\u00a1Carlos Comic estar\u00e1 en Casa el 24 de noviembre! | Casa de Campo Living\" \/>\n<meta property=\"og:description\" content=\"\u00a1El comediante Carlos S\u00e1nchez vendr\u00e1 a Casa de Campo! Puede que recuerde su actuaci\u00f3n en el complejo el a\u00f1o pasado en Onno\u2019s Bar &amp; Restaurant, donde\" \/>\n<meta property=\"og:url\" content=\"https:\/\/casadecampoliving.com\/es\/carlos-comic-estara-en-casa-el-24-de-noviembre\/\" \/>\n<meta property=\"og:site_name\" content=\"Casa de Campo Living\" \/>\n<meta property=\"article:publisher\" content=\"https:\/\/www.facebook.com\/casadecampoliving\" \/>\n<meta property=\"article:published_time\" content=\"2017-10-26T04:00:00+00:00\" \/>\n<meta property=\"article:modified_time\" content=\"2022-10-21T23:13:49+00:00\" \/>\n<meta property=\"og:image\" content=\"https:\/\/i0.wp.com\/casadecampoliving.com\/wp-content\/uploads\/2022\/10\/carlos_sanchez1-2-e1509050804975.jpg?fit=1000%2C563&ssl=1\" \/>\n\t<meta property=\"og:image:width\" content=\"1000\" \/>\n\t<meta property=\"og:image:height\" content=\"563\" \/>\n\t<meta property=\"og:image:type\" content=\"image\/jpeg\" \/>\n<meta name=\"author\" content=\"Heather Lincoln\" \/>\n<meta name=\"twitter:card\" content=\"summary_large_image\" \/>\n<meta name=\"twitter:creator\" content=\"@cdcliving\" \/>\n<meta name=\"twitter:site\" content=\"@cdcliving\" \/>\n<meta name=\"twitter:label1\" content=\"Escrito por\" \/>\n\t<meta name=\"twitter:data1\" content=\"Heather Lincoln\" \/>\n\t<meta name=\"twitter:label2\" content=\"Tiempo de lectura\" \/>\n\t<meta name=\"twitter:data2\" content=\"3 minutos\" \/>\n<script type=\"application\/ld+json\" class=\"yoast-schema-graph\">{\"@context\":\"https:\\\/\\\/schema.org\",\"@graph\":[{\"@type\":\"Article\",\"@id\":\"https:\\\/\\\/casadecampoliving.com\\\/es\\\/carlos-comic-estara-en-casa-el-24-de-noviembre\\\/#article\",\"isPartOf\":{\"@id\":\"https:\\\/\\\/casadecampoliving.com\\\/es\\\/carlos-comic-estara-en-casa-el-24-de-noviembre\\\/\"},\"author\":{\"name\":\"Heather Lincoln\",\"@id\":\"https:\\\/\\\/casadecampoliving.com\\\/es\\\/#\\\/schema\\\/person\\\/e3abfc63c1478fd703266a6f33a3145d\"},\"headline\":\"\u00a1Carlos Comic estar\u00e1 en Casa el 24 de noviembre!\",\"datePublished\":\"2017-10-26T04:00:00+00:00\",\"dateModified\":\"2022-10-21T23:13:49+00:00\",\"mainEntityOfPage\":{\"@id\":\"https:\\\/\\\/casadecampoliving.com\\\/es\\\/carlos-comic-estara-en-casa-el-24-de-noviembre\\\/\"},\"wordCount\":587,\"publisher\":{\"@id\":\"https:\\\/\\\/casadecampoliving.com\\\/es\\\/#organization\"},\"image\":{\"@id\":\"https:\\\/\\\/casadecampoliving.com\\\/es\\\/carlos-comic-estara-en-casa-el-24-de-noviembre\\\/#primaryimage\"},\"thumbnailUrl\":\"https:\\\/\\\/i0.wp.com\\\/casadecampoliving.com\\\/wp-content\\\/uploads\\\/2022\\\/10\\\/carlos_sanchez1-2-e1509050804975.jpg?fit=1000%2C563&ssl=1\",\"keywords\":[\"beneficio\",\"carlos comic @es\",\"Carlos S\u00e1nchez @es\",\"Casa de Campo Corre @es\",\"comedia\",\"Featured-TopView @es\",\"hogar del nino\",\"patronato benefico oriental @es\",\"Presentaci\u00f3n\"],\"articleSection\":[\"Altos de Chavon @es\",\"Arte y cultura\",\"Celebridades\",\"Estilo de Vida\",\"Eventos\",\"Fundaciones\",\"Hogar del Ni\u00f1o @es\",\"Proximamente\",\"Rep\u00fablica Dominicana @es\",\"Resort Casa de Campo\"],\"inLanguage\":\"es\"},{\"@type\":\"WebPage\",\"@id\":\"https:\\\/\\\/casadecampoliving.com\\\/es\\\/carlos-comic-estara-en-casa-el-24-de-noviembre\\\/\",\"url\":\"https:\\\/\\\/casadecampoliving.com\\\/es\\\/carlos-comic-estara-en-casa-el-24-de-noviembre\\\/\",\"name\":\"\u00a1Carlos Comic estar\u00e1 en Casa el 24 de noviembre! | Casa de Campo Living\",\"isPartOf\":{\"@id\":\"https:\\\/\\\/casadecampoliving.com\\\/es\\\/#website\"},\"primaryImageOfPage\":{\"@id\":\"https:\\\/\\\/casadecampoliving.com\\\/es\\\/carlos-comic-estara-en-casa-el-24-de-noviembre\\\/#primaryimage\"},\"image\":{\"@id\":\"https:\\\/\\\/casadecampoliving.com\\\/es\\\/carlos-comic-estara-en-casa-el-24-de-noviembre\\\/#primaryimage\"},\"thumbnailUrl\":\"https:\\\/\\\/i0.wp.com\\\/casadecampoliving.com\\\/wp-content\\\/uploads\\\/2022\\\/10\\\/carlos_sanchez1-2-e1509050804975.jpg?fit=1000%2C563&ssl=1\",\"datePublished\":\"2017-10-26T04:00:00+00:00\",\"dateModified\":\"2022-10-21T23:13:49+00:00\",\"description\":\"\u00a1El comediante Carlos S\u00e1nchez vendr\u00e1 a Casa de Campo! Puede que recuerde su actuaci\u00f3n en el complejo el a\u00f1o pasado en Onno\u2019s Bar &amp; Restaurant, donde\",\"breadcrumb\":{\"@id\":\"https:\\\/\\\/casadecampoliving.com\\\/es\\\/carlos-comic-estara-en-casa-el-24-de-noviembre\\\/#breadcrumb\"},\"inLanguage\":\"es\",\"potentialAction\":[{\"@type\":\"ReadAction\",\"target\":[\"https:\\\/\\\/casadecampoliving.com\\\/es\\\/carlos-comic-estara-en-casa-el-24-de-noviembre\\\/\"]}]},{\"@type\":\"ImageObject\",\"inLanguage\":\"es\",\"@id\":\"https:\\\/\\\/casadecampoliving.com\\\/es\\\/carlos-comic-estara-en-casa-el-24-de-noviembre\\\/#primaryimage\",\"url\":\"https:\\\/\\\/i0.wp.com\\\/casadecampoliving.com\\\/wp-content\\\/uploads\\\/2022\\\/10\\\/carlos_sanchez1-2-e1509050804975.jpg?fit=1000%2C563&ssl=1\",\"contentUrl\":\"https:\\\/\\\/i0.wp.com\\\/casadecampoliving.com\\\/wp-content\\\/uploads\\\/2022\\\/10\\\/carlos_sanchez1-2-e1509050804975.jpg?fit=1000%2C563&ssl=1\",\"width\":1000,\"height\":563,\"caption\":\"Carlos Comic\"},{\"@type\":\"BreadcrumbList\",\"@id\":\"https:\\\/\\\/casadecampoliving.com\\\/es\\\/carlos-comic-estara-en-casa-el-24-de-noviembre\\\/#breadcrumb\",\"itemListElement\":[{\"@type\":\"ListItem\",\"position\":1,\"name\":\"Home\",\"item\":\"https:\\\/\\\/casadecampoliving.com\\\/es\\\/\"},{\"@type\":\"ListItem\",\"position\":2,\"name\":\"\u00a1Carlos Comic estar\u00e1 en Casa el 24 de noviembre!\"}]},{\"@type\":\"WebSite\",\"@id\":\"https:\\\/\\\/casadecampoliving.com\\\/es\\\/#website\",\"url\":\"https:\\\/\\\/casadecampoliving.com\\\/es\\\/\",\"name\":\"Casa de Campo Living\",\"description\":\"Resort community news and resources.\",\"publisher\":{\"@id\":\"https:\\\/\\\/casadecampoliving.com\\\/es\\\/#organization\"},\"potentialAction\":[{\"@type\":\"SearchAction\",\"target\":{\"@type\":\"EntryPoint\",\"urlTemplate\":\"https:\\\/\\\/casadecampoliving.com\\\/es\\\/?s={search_term_string}\"},\"query-input\":{\"@type\":\"PropertyValueSpecification\",\"valueRequired\":true,\"valueName\":\"search_term_string\"}}],\"inLanguage\":\"es\"},{\"@type\":\"Organization\",\"@id\":\"https:\\\/\\\/casadecampoliving.com\\\/es\\\/#organization\",\"name\":\"Casa de Campo Living\",\"url\":\"https:\\\/\\\/casadecampoliving.com\\\/es\\\/\",\"logo\":{\"@type\":\"ImageObject\",\"inLanguage\":\"es\",\"@id\":\"https:\\\/\\\/casadecampoliving.com\\\/es\\\/#\\\/schema\\\/logo\\\/image\\\/\",\"url\":\"https:\\\/\\\/i0.wp.com\\\/casadecampoliving.com\\\/wp-content\\\/uploads\\\/2022\\\/07\\\/CDCLivingLogo_V1-white-sized.png?fit=800%2C214&ssl=1\",\"contentUrl\":\"https:\\\/\\\/i0.wp.com\\\/casadecampoliving.com\\\/wp-content\\\/uploads\\\/2022\\\/07\\\/CDCLivingLogo_V1-white-sized.png?fit=800%2C214&ssl=1\",\"width\":800,\"height\":214,\"caption\":\"Casa de Campo Living\"},\"image\":{\"@id\":\"https:\\\/\\\/casadecampoliving.com\\\/es\\\/#\\\/schema\\\/logo\\\/image\\\/\"},\"sameAs\":[\"https:\\\/\\\/www.facebook.com\\\/casadecampoliving\",\"https:\\\/\\\/x.com\\\/cdcliving\"]},{\"@type\":\"Person\",\"@id\":\"https:\\\/\\\/casadecampoliving.com\\\/es\\\/#\\\/schema\\\/person\\\/e3abfc63c1478fd703266a6f33a3145d\",\"name\":\"Heather Lincoln\",\"image\":{\"@type\":\"ImageObject\",\"inLanguage\":\"es\",\"@id\":\"https:\\\/\\\/secure.gravatar.com\\\/avatar\\\/e8fc1ce4ad50385675908137b0d8d66be281d034bf072b4700460237638ea6d0?s=96&d=mm&r=g\",\"url\":\"https:\\\/\\\/secure.gravatar.com\\\/avatar\\\/e8fc1ce4ad50385675908137b0d8d66be281d034bf072b4700460237638ea6d0?s=96&d=mm&r=g\",\"contentUrl\":\"https:\\\/\\\/secure.gravatar.com\\\/avatar\\\/e8fc1ce4ad50385675908137b0d8d66be281d034bf072b4700460237638ea6d0?s=96&d=mm&r=g\",\"caption\":\"Heather Lincoln\"},\"url\":\"https:\\\/\\\/casadecampoliving.com\\\/es\\\/author\\\/hcastillo\\\/\"}]}<\/script>\n<!-- \/ Yoast SEO plugin. -->","yoast_head_json":{"title":"\u00a1Carlos Comic estar\u00e1 en Casa el 24 de noviembre! | Casa de Campo Living","description":"\u00a1El comediante Carlos S\u00e1nchez vendr\u00e1 a Casa de Campo! Puede que recuerde su actuaci\u00f3n en el complejo el a\u00f1o pasado en Onno\u2019s Bar &amp; Restaurant, donde","robots":{"index":"index","follow":"follow","max-snippet":"max-snippet:-1","max-image-preview":"max-image-preview:large","max-video-preview":"max-video-preview:-1"},"canonical":"https:\/\/casadecampoliving.com\/es\/carlos-comic-estara-en-casa-el-24-de-noviembre\/","og_locale":"es_ES","og_type":"article","og_title":"\u00a1Carlos Comic estar\u00e1 en Casa el 24 de noviembre! | Casa de Campo Living","og_description":"\u00a1El comediante Carlos S\u00e1nchez vendr\u00e1 a Casa de Campo! Puede que recuerde su actuaci\u00f3n en el complejo el a\u00f1o pasado en Onno\u2019s Bar &amp; Restaurant, donde","og_url":"https:\/\/casadecampoliving.com\/es\/carlos-comic-estara-en-casa-el-24-de-noviembre\/","og_site_name":"Casa de Campo Living","article_publisher":"https:\/\/www.facebook.com\/casadecampoliving","article_published_time":"2017-10-26T04:00:00+00:00","article_modified_time":"2022-10-21T23:13:49+00:00","og_image":[{"width":1000,"height":563,"url":"https:\/\/i0.wp.com\/casadecampoliving.com\/wp-content\/uploads\/2022\/10\/carlos_sanchez1-2-e1509050804975.jpg?fit=1000%2C563&ssl=1","type":"image\/jpeg"}],"author":"Heather Lincoln","twitter_card":"summary_large_image","twitter_creator":"@cdcliving","twitter_site":"@cdcliving","twitter_misc":{"Escrito por":"Heather Lincoln","Tiempo de lectura":"3 minutos"},"schema":{"@context":"https:\/\/schema.org","@graph":[{"@type":"Article","@id":"https:\/\/casadecampoliving.com\/es\/carlos-comic-estara-en-casa-el-24-de-noviembre\/#article","isPartOf":{"@id":"https:\/\/casadecampoliving.com\/es\/carlos-comic-estara-en-casa-el-24-de-noviembre\/"},"author":{"name":"Heather Lincoln","@id":"https:\/\/casadecampoliving.com\/es\/#\/schema\/person\/e3abfc63c1478fd703266a6f33a3145d"},"headline":"\u00a1Carlos Comic estar\u00e1 en Casa el 24 de noviembre!","datePublished":"2017-10-26T04:00:00+00:00","dateModified":"2022-10-21T23:13:49+00:00","mainEntityOfPage":{"@id":"https:\/\/casadecampoliving.com\/es\/carlos-comic-estara-en-casa-el-24-de-noviembre\/"},"wordCount":587,"publisher":{"@id":"https:\/\/casadecampoliving.com\/es\/#organization"},"image":{"@id":"https:\/\/casadecampoliving.com\/es\/carlos-comic-estara-en-casa-el-24-de-noviembre\/#primaryimage"},"thumbnailUrl":"https:\/\/i0.wp.com\/casadecampoliving.com\/wp-content\/uploads\/2022\/10\/carlos_sanchez1-2-e1509050804975.jpg?fit=1000%2C563&ssl=1","keywords":["beneficio","carlos comic @es","Carlos S\u00e1nchez @es","Casa de Campo Corre @es","comedia","Featured-TopView @es","hogar del nino","patronato benefico oriental @es","Presentaci\u00f3n"],"articleSection":["Altos de Chavon @es","Arte y cultura","Celebridades","Estilo de Vida","Eventos","Fundaciones","Hogar del Ni\u00f1o @es","Proximamente","Rep\u00fablica Dominicana @es","Resort Casa de Campo"],"inLanguage":"es"},{"@type":"WebPage","@id":"https:\/\/casadecampoliving.com\/es\/carlos-comic-estara-en-casa-el-24-de-noviembre\/","url":"https:\/\/casadecampoliving.com\/es\/carlos-comic-estara-en-casa-el-24-de-noviembre\/","name":"\u00a1Carlos Comic estar\u00e1 en Casa el 24 de noviembre! | Casa de Campo Living","isPartOf":{"@id":"https:\/\/casadecampoliving.com\/es\/#website"},"primaryImageOfPage":{"@id":"https:\/\/casadecampoliving.com\/es\/carlos-comic-estara-en-casa-el-24-de-noviembre\/#primaryimage"},"image":{"@id":"https:\/\/casadecampoliving.com\/es\/carlos-comic-estara-en-casa-el-24-de-noviembre\/#primaryimage"},"thumbnailUrl":"https:\/\/i0.wp.com\/casadecampoliving.com\/wp-content\/uploads\/2022\/10\/carlos_sanchez1-2-e1509050804975.jpg?fit=1000%2C563&ssl=1","datePublished":"2017-10-26T04:00:00+00:00","dateModified":"2022-10-21T23:13:49+00:00","description":"\u00a1El comediante Carlos S\u00e1nchez vendr\u00e1 a Casa de Campo! Puede que recuerde su actuaci\u00f3n en el complejo el a\u00f1o pasado en Onno\u2019s Bar &amp; Restaurant, donde","breadcrumb":{"@id":"https:\/\/casadecampoliving.com\/es\/carlos-comic-estara-en-casa-el-24-de-noviembre\/#breadcrumb"},"inLanguage":"es","potentialAction":[{"@type":"ReadAction","target":["https:\/\/casadecampoliving.com\/es\/carlos-comic-estara-en-casa-el-24-de-noviembre\/"]}]},{"@type":"ImageObject","inLanguage":"es","@id":"https:\/\/casadecampoliving.com\/es\/carlos-comic-estara-en-casa-el-24-de-noviembre\/#primaryimage","url":"https:\/\/i0.wp.com\/casadecampoliving.com\/wp-content\/uploads\/2022\/10\/carlos_sanchez1-2-e1509050804975.jpg?fit=1000%2C563&ssl=1","contentUrl":"https:\/\/i0.wp.com\/casadecampoliving.com\/wp-content\/uploads\/2022\/10\/carlos_sanchez1-2-e1509050804975.jpg?fit=1000%2C563&ssl=1","width":1000,"height":563,"caption":"Carlos Comic"},{"@type":"BreadcrumbList","@id":"https:\/\/casadecampoliving.com\/es\/carlos-comic-estara-en-casa-el-24-de-noviembre\/#breadcrumb","itemListElement":[{"@type":"ListItem","position":1,"name":"Home","item":"https:\/\/casadecampoliving.com\/es\/"},{"@type":"ListItem","position":2,"name":"\u00a1Carlos Comic estar\u00e1 en Casa el 24 de noviembre!"}]},{"@type":"WebSite","@id":"https:\/\/casadecampoliving.com\/es\/#website","url":"https:\/\/casadecampoliving.com\/es\/","name":"Casa de Campo Living","description":"Resort community news and resources.","publisher":{"@id":"https:\/\/casadecampoliving.com\/es\/#organization"},"potentialAction":[{"@type":"SearchAction","target":{"@type":"EntryPoint","urlTemplate":"https:\/\/casadecampoliving.com\/es\/?s={search_term_string}"},"query-input":{"@type":"PropertyValueSpecification","valueRequired":true,"valueName":"search_term_string"}}],"inLanguage":"es"},{"@type":"Organization","@id":"https:\/\/casadecampoliving.com\/es\/#organization","name":"Casa de Campo Living","url":"https:\/\/casadecampoliving.com\/es\/","logo":{"@type":"ImageObject","inLanguage":"es","@id":"https:\/\/casadecampoliving.com\/es\/#\/schema\/logo\/image\/","url":"https:\/\/i0.wp.com\/casadecampoliving.com\/wp-content\/uploads\/2022\/07\/CDCLivingLogo_V1-white-sized.png?fit=800%2C214&ssl=1","contentUrl":"https:\/\/i0.wp.com\/casadecampoliving.com\/wp-content\/uploads\/2022\/07\/CDCLivingLogo_V1-white-sized.png?fit=800%2C214&ssl=1","width":800,"height":214,"caption":"Casa de Campo Living"},"image":{"@id":"https:\/\/casadecampoliving.com\/es\/#\/schema\/logo\/image\/"},"sameAs":["https:\/\/www.facebook.com\/casadecampoliving","https:\/\/x.com\/cdcliving"]},{"@type":"Person","@id":"https:\/\/casadecampoliving.com\/es\/#\/schema\/person\/e3abfc63c1478fd703266a6f33a3145d","name":"Heather Lincoln","image":{"@type":"ImageObject","inLanguage":"es","@id":"https:\/\/secure.gravatar.com\/avatar\/e8fc1ce4ad50385675908137b0d8d66be281d034bf072b4700460237638ea6d0?s=96&d=mm&r=g","url":"https:\/\/secure.gravatar.com\/avatar\/e8fc1ce4ad50385675908137b0d8d66be281d034bf072b4700460237638ea6d0?s=96&d=mm&r=g","contentUrl":"https:\/\/secure.gravatar.com\/avatar\/e8fc1ce4ad50385675908137b0d8d66be281d034bf072b4700460237638ea6d0?s=96&d=mm&r=g","caption":"Heather Lincoln"},"url":"https:\/\/casadecampoliving.com\/es\/author\/hcastillo\/"}]}},"parsely":{"version":"1.1.0","canonical_url":"https:\/\/casadecampoliving.com\/es\/carlos-comic-estara-en-casa-el-24-de-noviembre\/","smart_links":{"inbound":0,"outbound":0},"traffic_boost_suggestions_count":0,"meta":{"@context":"https:\/\/schema.org","@type":"NewsArticle","headline":"\u00a1Carlos Comic estar\u00e1 en Casa el 24 de noviembre!","url":"http:\/\/casadecampoliving.com\/es\/carlos-comic-estara-en-casa-el-24-de-noviembre\/","mainEntityOfPage":{"@type":"WebPage","@id":"http:\/\/casadecampoliving.com\/es\/carlos-comic-estara-en-casa-el-24-de-noviembre\/"},"thumbnailUrl":"https:\/\/i0.wp.com\/casadecampoliving.com\/wp-content\/uploads\/2022\/10\/carlos_sanchez1-2-e1509050804975.jpg?resize=150%2C150&ssl=1","image":{"@type":"ImageObject","url":"https:\/\/i0.wp.com\/casadecampoliving.com\/wp-content\/uploads\/2022\/10\/carlos_sanchez1-2-e1509050804975.jpg?fit=1000%2C563&ssl=1"},"articleSection":"Altos de Chavon @es","author":[{"@type":"Person","name":"Heather Lincoln"}],"creator":["Heather Lincoln"],"publisher":{"@type":"Organization","name":"Casa de Campo Living","logo":"https:\/\/casadecampoliving.com\/wp-content\/uploads\/2022\/07\/CDCLivingLogo_V1-white-sized.png"},"keywords":["beneficio","carlos comic @es","carlos s\u00e1nchez @es","casa de campo corre @es","comedia","featured-topview @es","hogar del nino","patronato benefico oriental @es","presentaci\u00f3n"],"dateCreated":"2017-10-26T04:00:00Z","datePublished":"2017-10-26T04:00:00Z","dateModified":"2022-10-21T23:13:49Z"},"rendered":"<script type=\"application\/ld+json\" class=\"wp-parsely-metadata\">{\"@context\":\"https:\\\/\\\/schema.org\",\"@type\":\"NewsArticle\",\"headline\":\"\\u00a1Carlos Comic estar\\u00e1 en Casa el 24 de noviembre!\",\"url\":\"http:\\\/\\\/casadecampoliving.com\\\/es\\\/carlos-comic-estara-en-casa-el-24-de-noviembre\\\/\",\"mainEntityOfPage\":{\"@type\":\"WebPage\",\"@id\":\"http:\\\/\\\/casadecampoliving.com\\\/es\\\/carlos-comic-estara-en-casa-el-24-de-noviembre\\\/\"},\"thumbnailUrl\":\"https:\\\/\\\/i0.wp.com\\\/casadecampoliving.com\\\/wp-content\\\/uploads\\\/2022\\\/10\\\/carlos_sanchez1-2-e1509050804975.jpg?resize=150%2C150&ssl=1\",\"image\":{\"@type\":\"ImageObject\",\"url\":\"https:\\\/\\\/i0.wp.com\\\/casadecampoliving.com\\\/wp-content\\\/uploads\\\/2022\\\/10\\\/carlos_sanchez1-2-e1509050804975.jpg?fit=1000%2C563&ssl=1\"},\"articleSection\":\"Altos de Chavon @es\",\"author\":[{\"@type\":\"Person\",\"name\":\"Heather Lincoln\"}],\"creator\":[\"Heather Lincoln\"],\"publisher\":{\"@type\":\"Organization\",\"name\":\"Casa de Campo Living\",\"logo\":\"https:\\\/\\\/casadecampoliving.com\\\/wp-content\\\/uploads\\\/2022\\\/07\\\/CDCLivingLogo_V1-white-sized.png\"},\"keywords\":[\"beneficio\",\"carlos comic @es\",\"carlos s\\u00e1nchez @es\",\"casa de campo corre @es\",\"comedia\",\"featured-topview @es\",\"hogar del nino\",\"patronato benefico oriental @es\",\"presentaci\\u00f3n\"],\"dateCreated\":\"2017-10-26T04:00:00Z\",\"datePublished\":\"2017-10-26T04:00:00Z\",\"dateModified\":\"2022-10-21T23:13:49Z\"}<\/script>","tracker_url":"https:\/\/cdn.parsely.com\/keys\/casadecampoliving.com\/p.js"},"jetpack_publicize_connections":[],"jetpack_featured_media_url":"https:\/\/i0.wp.com\/casadecampoliving.com\/wp-content\/uploads\/2022\/10\/carlos_sanchez1-2-e1509050804975.jpg?fit=1000%2C563&ssl=1","jetpack-related-posts":[{"id":353479,"url":"https:\/\/casadecampoliving.com\/es\/carlos-sanchez-is-coming-back-to-casa-get-your-tickets-before-they-sell-out-2\/","url_meta":{"origin":352131,"position":0},"title":"\u00a1Carlos S\u00e1nchez vuelve a Casa! \u00a1Compre sus entradas antes de que se agoten!!","author":"Casa de Campo Living","date":"11 Jun, 2019","format":false,"excerpt":"\u00a1El comediante Carlos Sanchez regresa a Casa de Campo!!! Tal vez recuerdes la \u00faltima vez que actu\u00f3 en Casa, el hombre de la familia, amante de la diversi\u00f3n, hizo exactamente 100 chistes en una presentaci\u00f3n que benefici\u00f3 al Hogar del Ni\u00f1o. Ahora, Carlos regresa esta vez al Caf\u00e9 Marietta en\u2026","rel":"","context":"En \u00abAltos de Chavon @es\u00bb","block_context":{"text":"Altos de Chavon @es","link":"https:\/\/casadecampoliving.com\/category\/altos-de-chavon-es\/"},"img":{"alt_text":"","src":"https:\/\/i0.wp.com\/casadecampoliving.com\/wp-content\/uploads\/2022\/10\/carlos-comic-1000x600-1.jpg?fit=1000%2C600&ssl=1&resize=350%2C200","width":350,"height":200,"srcset":"https:\/\/i0.wp.com\/casadecampoliving.com\/wp-content\/uploads\/2022\/10\/carlos-comic-1000x600-1.jpg?fit=1000%2C600&ssl=1&resize=350%2C200 1x, https:\/\/i0.wp.com\/casadecampoliving.com\/wp-content\/uploads\/2022\/10\/carlos-comic-1000x600-1.jpg?fit=1000%2C600&ssl=1&resize=525%2C300 1.5x, https:\/\/i0.wp.com\/casadecampoliving.com\/wp-content\/uploads\/2022\/10\/carlos-comic-1000x600-1.jpg?fit=1000%2C600&ssl=1&resize=700%2C400 2x"},"classes":[]},{"id":330573,"url":"https:\/\/casadecampoliving.com\/es\/carlos-sanchez-is-coming-back-to-casa-get-your-tickets-before-they-sell-out-2-2\/","url_meta":{"origin":352131,"position":1},"title":"\u00a1Carlos S\u00e1nchez vuelve a Casa! \u00a1Compre sus entradas antes de que se agoten!!","author":"Amy Mal","date":"3 Jun, 2019","format":false,"excerpt":"\u00a1El comediante Carlos Sanchez regresa a Casa de Campo!!! Tal vez recuerdes la \u00faltima vez que actu\u00f3 en Casa, el hombre de la familia, amante de la diversi\u00f3n, hizo exactamente 100 chistes en una presentaci\u00f3n que benefici\u00f3 al Hogar del Ni\u00f1o. Ahora, Carlos regresa esta vez al Caf\u00e9 Marietta en\u2026","rel":"","context":"En \u00abAltos de Chavon\u00bb","block_context":{"text":"Altos de Chavon","link":"https:\/\/casadecampoliving.com\/category\/altos-de-chavon\/"},"img":{"alt_text":"","src":"https:\/\/i0.wp.com\/casadecampoliving.com\/wp-content\/uploads\/2022\/10\/carlos-comic-1000x600-1.jpg?fit=1000%2C600&ssl=1&resize=350%2C200","width":350,"height":200,"srcset":"https:\/\/i0.wp.com\/casadecampoliving.com\/wp-content\/uploads\/2022\/10\/carlos-comic-1000x600-1.jpg?fit=1000%2C600&ssl=1&resize=350%2C200 1x, https:\/\/i0.wp.com\/casadecampoliving.com\/wp-content\/uploads\/2022\/10\/carlos-comic-1000x600-1.jpg?fit=1000%2C600&ssl=1&resize=525%2C300 1.5x, https:\/\/i0.wp.com\/casadecampoliving.com\/wp-content\/uploads\/2022\/10\/carlos-comic-1000x600-1.jpg?fit=1000%2C600&ssl=1&resize=700%2C400 2x"},"classes":[]},{"id":351880,"url":"https:\/\/casadecampoliving.com\/es\/reserven-la-fecha-para-casa-de-campo-corre-por-el-hogar-del-nino-2017\/","url_meta":{"origin":352131,"position":2},"title":"Reserven la fecha para Casa de Campo Corre por el Hogar del Ni\u00f1o 2017","author":"Marlenys Guzm\u00e1n Casta\u00f1os","date":"21 Ago, 2017","format":false,"excerpt":"Estamos seguros de que ya est\u00e1n entrenando para el pr\u00f3ximo Bayahibe 10k, lo cual es genial, \u00a1ya que el PBO ha fijado una fecha para el pr\u00f3ximo Casa de Campo Corre! El 4\u00ba evento anual se llevar\u00e1 a cabo el domingo 26 de noviembre, y no podr\u00edamos estar m\u00e1s emocionados\u2026","rel":"","context":"En \u00abRep\u00fablica Dominicana @es\u00bb","block_context":{"text":"Rep\u00fablica Dominicana @es","link":"https:\/\/casadecampoliving.com\/es\/category\/republica-dominicana-2\/"},"img":{"alt_text":"","src":"https:\/\/i0.wp.com\/casadecampoliving.com\/wp-content\/uploads\/2022\/10\/Casa-de-Campo-Corre-2017-Featured-1.jpg?fit=1000%2C600&ssl=1&resize=350%2C200","width":350,"height":200,"srcset":"https:\/\/i0.wp.com\/casadecampoliving.com\/wp-content\/uploads\/2022\/10\/Casa-de-Campo-Corre-2017-Featured-1.jpg?fit=1000%2C600&ssl=1&resize=350%2C200 1x, https:\/\/i0.wp.com\/casadecampoliving.com\/wp-content\/uploads\/2022\/10\/Casa-de-Campo-Corre-2017-Featured-1.jpg?fit=1000%2C600&ssl=1&resize=525%2C300 1.5x, https:\/\/i0.wp.com\/casadecampoliving.com\/wp-content\/uploads\/2022\/10\/Casa-de-Campo-Corre-2017-Featured-1.jpg?fit=1000%2C600&ssl=1&resize=700%2C400 2x"},"classes":[]},{"id":352254,"url":"https:\/\/casadecampoliving.com\/es\/comenzando-el-fin-de-semana-riendo-con-carlos-comic\/","url_meta":{"origin":352131,"position":3},"title":"\u00a1Comenzando el fin de semana riendo con Carlos Comic!","author":"Marlenys Guzm\u00e1n Casta\u00f1os","date":"30 Nov, 2017","format":false,"excerpt":"\u00bfHay algo mejor que re\u00edr? \u00a1Una risa profunda que te haga dolor la barriga es siempre una buena sensaci\u00f3n! Puede unir a las personas y crear conexiones incre\u00edbles con los dem\u00e1s, incluso si no los conoces tan bien. Esto es exactamente lo que sucedi\u00f3 el viernes 24 de noviembre en\u2026","rel":"","context":"En \u00abAltos de Chavon @es\u00bb","block_context":{"text":"Altos de Chavon @es","link":"https:\/\/casadecampoliving.com\/category\/altos-de-chavon-es\/"},"img":{"alt_text":"","src":"https:\/\/i0.wp.com\/casadecampoliving.com\/wp-content\/uploads\/2022\/10\/DSC_0515.jpg?fit=1000%2C664&ssl=1&resize=350%2C200","width":350,"height":200,"srcset":"https:\/\/i0.wp.com\/casadecampoliving.com\/wp-content\/uploads\/2022\/10\/DSC_0515.jpg?fit=1000%2C664&ssl=1&resize=350%2C200 1x, https:\/\/i0.wp.com\/casadecampoliving.com\/wp-content\/uploads\/2022\/10\/DSC_0515.jpg?fit=1000%2C664&ssl=1&resize=525%2C300 1.5x, https:\/\/i0.wp.com\/casadecampoliving.com\/wp-content\/uploads\/2022\/10\/DSC_0515.jpg?fit=1000%2C664&ssl=1&resize=700%2C400 2x"},"classes":[]},{"id":352801,"url":"https:\/\/casadecampoliving.com\/es\/guarde-la-fecha-para-el-casa-de-campo-corre-por-el-hogar-del-nino-de-este-ano\/","url_meta":{"origin":352131,"position":4},"title":"\u00a1Guarde la fecha para el Casa de Campo Corre por el Hogar del Ni\u00f1o de este a\u00f1o!","author":"Marlenys Guzm\u00e1n Casta\u00f1os","date":"4 Ago, 2018","format":false,"excerpt":"\u00a1El Patronato Ben\u00e9fico Oriental ha anunciado la fecha de la 5\u00aa edici\u00f3n de la edici\u00f3n anual de Casa de Campo Corre! El 5\u00b0 evento anual se llevar\u00e1 a cabo el domingo 25 de noviembre y como ya est\u00e1 entrenando para el Bayahibe 10k de septiembre, \u00a1estamos seguros de que estar\u00e1\u2026","rel":"","context":"En \u00abRep\u00fablica Dominicana @es\u00bb","block_context":{"text":"Rep\u00fablica Dominicana @es","link":"https:\/\/casadecampoliving.com\/es\/category\/republica-dominicana-2\/"},"img":{"alt_text":"","src":"https:\/\/i0.wp.com\/casadecampoliving.com\/wp-content\/uploads\/2022\/10\/GRB06318-1024x683-2.jpg?fit=1024%2C683&ssl=1&resize=350%2C200","width":350,"height":200,"srcset":"https:\/\/i0.wp.com\/casadecampoliving.com\/wp-content\/uploads\/2022\/10\/GRB06318-1024x683-2.jpg?fit=1024%2C683&ssl=1&resize=350%2C200 1x, https:\/\/i0.wp.com\/casadecampoliving.com\/wp-content\/uploads\/2022\/10\/GRB06318-1024x683-2.jpg?fit=1024%2C683&ssl=1&resize=525%2C300 1.5x, https:\/\/i0.wp.com\/casadecampoliving.com\/wp-content\/uploads\/2022\/10\/GRB06318-1024x683-2.jpg?fit=1024%2C683&ssl=1&resize=700%2C400 2x"},"classes":[]},{"id":433460,"url":"https:\/\/casadecampoliving.com\/es\/no-se-pierdan-el-increible-tributo-a-frank-sinatra-para-celebrar-el-40-aniversario-del-anfiteatro-altos-de-chavon\/","url_meta":{"origin":352131,"position":5},"title":"No se pierdan el incre\u00edble tributo a Frank Sinatra para celebrar el 40 aniversario del\u00a0Anfiteatro Altos de Chav\u00f3n","author":"Casa de Campo Living","date":"20 Oct, 2022","format":false,"excerpt":"Siendo uno de los escenarios m\u00e1s emblem\u00e1ticos del pa\u00eds, Casa de Campo Resort\u00ae & Villas celebra las cuatro d\u00e9cadas de aniversario de Altos de Chav\u00f3n con un tributo al gran Frank Sinatra, protagonizado por artistas invitados y una big band tal cual la que acompa\u00f1\u00f3 al artista hace 40 a\u00f1os\u2026","rel":"","context":"En \u00abUncategorized @es\u00bb","block_context":{"text":"Uncategorized @es","link":"https:\/\/casadecampoliving.com\/es\/category\/uncategorized-es\/"},"img":{"alt_text":"","src":"https:\/\/i0.wp.com\/casadecampoliving.com\/wp-content\/uploads\/2022\/10\/Tributo-Frank-Sinatra-Foto-Principal-Amaury-Sanchez-Danilo-Ginebra-Andres-Pichardo-y-Jose-Gabriel-Perez-.jpg?fit=1200%2C873&ssl=1&resize=350%2C200","width":350,"height":200,"srcset":"https:\/\/i0.wp.com\/casadecampoliving.com\/wp-content\/uploads\/2022\/10\/Tributo-Frank-Sinatra-Foto-Principal-Amaury-Sanchez-Danilo-Ginebra-Andres-Pichardo-y-Jose-Gabriel-Perez-.jpg?fit=1200%2C873&ssl=1&resize=350%2C200 1x, https:\/\/i0.wp.com\/casadecampoliving.com\/wp-content\/uploads\/2022\/10\/Tributo-Frank-Sinatra-Foto-Principal-Amaury-Sanchez-Danilo-Ginebra-Andres-Pichardo-y-Jose-Gabriel-Perez-.jpg?fit=1200%2C873&ssl=1&resize=525%2C300 1.5x, https:\/\/i0.wp.com\/casadecampoliving.com\/wp-content\/uploads\/2022\/10\/Tributo-Frank-Sinatra-Foto-Principal-Amaury-Sanchez-Danilo-Ginebra-Andres-Pichardo-y-Jose-Gabriel-Perez-.jpg?fit=1200%2C873&ssl=1&resize=700%2C400 2x, https:\/\/i0.wp.com\/casadecampoliving.com\/wp-content\/uploads\/2022\/10\/Tributo-Frank-Sinatra-Foto-Principal-Amaury-Sanchez-Danilo-Ginebra-Andres-Pichardo-y-Jose-Gabriel-Perez-.jpg?fit=1200%2C873&ssl=1&resize=1050%2C600 3x"},"classes":[]}],"jetpack_sharing_enabled":true,"_links":{"self":[{"href":"https:\/\/casadecampoliving.com\/es\/wp-json\/wp\/v2\/posts\/352131","targetHints":{"allow":["GET"]}}],"collection":[{"href":"https:\/\/casadecampoliving.com\/es\/wp-json\/wp\/v2\/posts"}],"about":[{"href":"https:\/\/casadecampoliving.com\/es\/wp-json\/wp\/v2\/types\/post"}],"author":[{"embeddable":true,"href":"https:\/\/casadecampoliving.com\/es\/wp-json\/wp\/v2\/users\/36681"}],"replies":[{"embeddable":true,"href":"https:\/\/casadecampoliving.com\/es\/wp-json\/wp\/v2\/comments?post=352131"}],"version-history":[{"count":1,"href":"https:\/\/casadecampoliving.com\/es\/wp-json\/wp\/v2\/posts\/352131\/revisions"}],"predecessor-version":[{"id":352132,"href":"https:\/\/casadecampoliving.com\/es\/wp-json\/wp\/v2\/posts\/352131\/revisions\/352132"}],"wp:featuredmedia":[{"embeddable":true,"href":"https:\/\/casadecampoliving.com\/es\/wp-json\/wp\/v2\/media\/292864"}],"wp:attachment":[{"href":"https:\/\/casadecampoliving.com\/es\/wp-json\/wp\/v2\/media?parent=352131"}],"wp:term":[{"taxonomy":"category","embeddable":true,"href":"https:\/\/casadecampoliving.com\/es\/wp-json\/wp\/v2\/categories?post=352131"},{"taxonomy":"post_tag","embeddable":true,"href":"https:\/\/casadecampoliving.com\/es\/wp-json\/wp\/v2\/tags?post=352131"},{"taxonomy":"newspack_spnsrs_tax","embeddable":true,"href":"https:\/\/casadecampoliving.com\/es\/wp-json\/wp\/v2\/newspack_spnsrs_tax?post=352131"}],"curies":[{"name":"wp","href":"https:\/\/api.w.org\/{rel}","templated":true}]}}