{"id":352104,"date":"2017-10-19T00:00:00","date_gmt":"2017-10-19T04:00:00","guid":{"rendered":"https:\/\/casadecampoliving.com\/primera-proyeccion-cine-al-aire-libre-altos-de-chavon\/"},"modified":"2022-10-21T19:11:48","modified_gmt":"2022-10-21T23:11:48","slug":"primera-proyeccion-cine-al-aire-libre-altos-de-chavon","status":"publish","type":"post","link":"https:\/\/casadecampoliving.com\/es\/primera-proyeccion-cine-al-aire-libre-altos-de-chavon\/","title":{"rendered":"\u00a1No te pierdas la primera proyecci\u00f3n del Cine al Aire Libre de Altos de Chav\u00f3n!"},"content":{"rendered":"\n<p>\u00a1La Direcci\u00f3n General de Cine y Chav\u00f3n Escuela de Dise\u00f1o nos invitan al primer teatro al aire libre en Altos de Chav\u00f3n! Un tema desde hace alg\u00fan tiempo, la escuela comenzar\u00e1 a proyectar pel\u00edculas usando el ic\u00f3nico anfiteatro como su ubicaci\u00f3n. Tanya Valette, directora de cine de la escuela, dice: \u201cEl requisito principal para estudiar cine en Chav\u00f3n es amar el cine de forma apasionada\u201d. No es un secreto que la escuela ha estado sobresaliendo este a\u00f1o, prueba de ello es que fue incluida en el listado de<a href=\"https:\/\/casadecampoliving.com\/es\/el-trabajo-de-chavon-escuela-de-diseno-es-reconocido-internacionalmente\/\" target=\"_blank\" rel=\"noopener\"> \u201cStellar Film Schools of Variety de 2017.\u201d<\/a><br>\n<\/p>\n\n\n\n<!--more-->\n\n\n<div class=\"wp-block-image size-full wp-image-148266\">\n<figure class=\"aligncenter is-resized\"><img loading=\"lazy\" decoding=\"async\" src=\"https:\/\/i0.wp.com\/casadecampoliving.com\/wp-content\/uploads\/2022\/10\/Jose-Maria-cabral-Film.jpg?resize=947%2C684&amp;ssl=1\" alt=\"\" class=\"wp-image-148266\" height=\"684\" width=\"947\"\/><figcaption>Image from Jos\u00e9 Mar\u00eda Cabral\u2019s Facebook page taken whilst filming carpinteros<\/figcaption><figcaption> Image from Jos\u00e9 Mar\u00eda Cabral&#8217;s Facebook page taken whilst filming carpinteros<\/figcaption><\/figure>\n<\/div>\n\n\n<p>La escuela y Tanya han recibido el apoyo total de la Direcci\u00f3n General de Cine y su directora Yvette Marichal para la implementaci\u00f3n de un cine al aire libre, siguiendo su reciente \u00e9xito con la sexta edici\u00f3n anual del <a href=\"https:\/\/casadecampoliving.com\/es\/chavon-escuela-de-diseno-fue-sede-de-la-6ta-edicion-de-los-talleres-de-narrativa-doctv-latinoamerica\/\" target=\"_blank\" rel=\"noopener\">DOCTV Latinoam\u00e9rica<\/a>, donde un grupo de 16 directores y productores de diversos pa\u00edses de Am\u00e9rica Latina participaron en talleres en Altos de Chav\u00f3n.<\/p>\n\n\n\n<p>Para inaugurar el cine al aire libre, la Escuela de Dise\u00f1o de Chav\u00f3n proyectar\u00e1 \u201cCarpinteros\u201d del joven y talentoso director, guionista y productor dominicano, Jos\u00e9 Mar\u00eda Cabral. \u00a1Ha sido seleccionada como una de las 92 pel\u00edculas que compiten para ser nominadas para ganar un Oscar a la mejor pel\u00edcula de lengua extranjera! La pel\u00edcula se proyect\u00f3 en la secci\u00f3n World Cinema Dramatic Competition del Festival de Cine de Sundance 2017 y ha sido la primera pel\u00edcula dominicana seleccionada por Sundance.<\/p>\n\n\n\n<p class=\"has-text-align-center\"><iframe loading=\"lazy\" src=\"https:\/\/www.youtube.com\/embed\/hw9hA9SWbCk\" width=\"800\" height=\"450\" frameborder=\"0\" allowfullscreen=\"allowfullscreen\" data-mce-fragment=\"1\"><\/iframe><\/p>\n\n\n\n<p>La pel\u00edcula nos cuenta la historia de Juli\u00e1n que encuentra el amor y una raz\u00f3n para vivir en el \u00faltimo lugar imaginable: la prisi\u00f3n Najayo de la Rep\u00fablica Dominicana. Su romance, con otra prisionera de nombre Yanelly, se desarrolla a trav\u00e9s del lenguaje de se\u00f1as y sin el conocimiento de docenas de guardias. Esta no es la primera entrada de Cabral a la categor\u00eda de Mejor pel\u00edcula de lengua extranjera. En 2012, su pel\u00edcula, \u201cJaque Mate\u201d, tambi\u00e9n fue seleccionada como la representante del pais en los 85 \u00b0 Premios de la Academia.<\/p>\n\n\n\n<p>Todos est\u00e1n invitados al c\u00f3ctel de apertura y proyecci\u00f3n de \u201cCarpinteros\u201d el jueves, 2 de noviembre. \u00a1Es una gran manera de apoyar la creciente industria cinematogr\u00e1fica de la Rep\u00fablica Dominicana y la prometedora carrera de cine de Chav\u00f3n! La carrera de cine es un programa de dos a\u00f1os que ofrece estudios tanto en el campo te\u00f3rico como pr\u00e1ctico, con un plan de estudios centrado en talleres, clases magistrales y proyectos individuales guiados por disciplinas de cineastas y artistas establecidos. \u00a1Muchas cosas buenas est\u00e1n en camino para la escuela y esperamos su apoyo continuo para alentar su \u00e9xito!<\/p>\n\n\n\n<blockquote><p><strong>Cine al aire libre Altos de Chav\u00f3n<\/strong><\/p><figure><img decoding=\"async\" loading=\"lazy\" class=\"aligncenter wp-image-148276\" src=\"https:\/\/i0.wp.com\/casadecampoliving.com\/wp-content\/uploads\/2022\/10\/Carpinteros-INVI-1-2.png?resize=900%2C720&amp;ssl=1\" alt=\"\" width=\"900\" height=\"720\"><\/figure><p><strong>Qu\u00e9:<\/strong> Proyecci\u00f3n de pel\u00edculas \u201cCarpinteros\u201d<\/p><p><strong>Cu\u00e1ndo:<\/strong> jueves, 2 de noviembre<\/p><p><strong>Hora:<\/strong> 6:30 p.m.<\/p><p><strong>D\u00f3nde:<\/strong> Anfiteatro Altos de Chav\u00f3n<\/p><p><strong>Proyecci\u00f3n:<\/strong> \u201cCarpinteros\u201d de Jos\u00e9 Mar\u00eda Cabral<\/p><\/blockquote>\n\n\n\n<p><em>* Im\u00e1genes de los estudiantes cortes\u00eda de Chav\u00f3n Escuela de Dise\u00f1o<\/em><\/p>\n","protected":false},"excerpt":{"rendered":"<p>\u00a1La Direcci\u00f3n General de Cine y Chav\u00f3n Escuela de Dise\u00f1o nos invitan al primer teatro al aire libre en Altos de Chav\u00f3n! Un tema desde hace alg\u00fan tiempo, la escuela comenzar\u00e1 a proyectar pel\u00edculas usando el ic\u00f3nico anfiteatro como su ubicaci\u00f3n. Tanya Valette, directora de cine de la escuela, dice: \u201cEl requisito principal para estudiar [&hellip;]<\/p>\n","protected":false},"author":36682,"featured_media":291547,"comment_status":"closed","ping_status":"closed","sticky":false,"template":"","format":"standard","meta":{"newspack_ads_suppress_ads":false,"newspack_popups_has_disabled_popups":false,"newspack_sponsor_sponsorship_scope":"","newspack_sponsor_native_byline_display":"inherit","newspack_sponsor_native_category_display":"inherit","newspack_sponsor_underwriter_style":"inherit","newspack_sponsor_underwriter_placement":"inherit","_newspack_byline_active":false,"_newspack_byline":"","newspack_hide_updated_date":false,"newspack_show_updated_date":false,"newspack_content_restriction_is_exempt":false,"newspack_featured_image_position":"","newspack_post_subtitle":"","newspack_article_summary_title":"Overview:","newspack_article_summary":"","_jetpack_memberships_contains_paid_content":false,"footnotes":"","jetpack_publicize_message":"","jetpack_publicize_feature_enabled":true,"jetpack_social_post_already_shared":false,"jetpack_social_options":{"image_generator_settings":{"template":"highway","default_image_id":0,"font":"","enabled":false},"version":2},"_wpas_customize_per_network":false},"categories":[26819,26823,14631,2522,14625,14627,2521,19622,2531],"tags":[15387,2814,19715,21961,21966,4743,14736,10305,21597,13337,21967],"newspack_spnsrs_tax":[],"class_list":["post-352104","post","type-post","status-publish","format-standard","has-post-thumbnail","hentry","category-altos-de-chavon-es","category-arte-y-cultura","category-estilo-de-vida","category-eventos-es","category-noticias-locales","category-proximamente","category-republica-dominicana-2","category-video-es-2","category-video-es","tag-altos-de-chavon-es","tag-anfiteatro","tag-chavon-escuela-de-diseno","tag-cine-al-aire-libre","tag-direccion-general-de-cine","tag-escuela-de-diseno","tag-featured-topview-es","tag-premios-oscar","tag-tanya-valette-es","tag-teatro","tag-yvette-marichal-es","entry"],"yoast_head":"<!-- This site is optimized with the Yoast SEO plugin v27.4 - https:\/\/yoast.com\/product\/yoast-seo-wordpress\/ -->\n<title>\u00a1No te pierdas la primera proyecci\u00f3n del Cine al Aire Libre de Altos de Chav\u00f3n! | Casa de Campo Living<\/title>\n<meta name=\"description\" content=\"\u00a1La Direcci\u00f3n General de Cine y Chav\u00f3n Escuela de Dise\u00f1o nos invitan al primer teatro al aire libre en Altos de Chav\u00f3n! Un tema desde hace alg\u00fan tiempo,\" \/>\n<meta name=\"robots\" content=\"index, follow, max-snippet:-1, max-image-preview:large, max-video-preview:-1\" \/>\n<link rel=\"canonical\" href=\"https:\/\/casadecampoliving.com\/es\/primera-proyeccion-cine-al-aire-libre-altos-de-chavon\/\" \/>\n<meta property=\"og:locale\" content=\"es_ES\" \/>\n<meta property=\"og:type\" content=\"article\" \/>\n<meta property=\"og:title\" content=\"\u00a1No te pierdas la primera proyecci\u00f3n del Cine al Aire Libre de Altos de Chav\u00f3n! | Casa de Campo Living\" \/>\n<meta property=\"og:description\" content=\"\u00a1La Direcci\u00f3n General de Cine y Chav\u00f3n Escuela de Dise\u00f1o nos invitan al primer teatro al aire libre en Altos de Chav\u00f3n! Un tema desde hace alg\u00fan tiempo,\" \/>\n<meta property=\"og:url\" content=\"https:\/\/casadecampoliving.com\/es\/primera-proyeccion-cine-al-aire-libre-altos-de-chavon\/\" \/>\n<meta property=\"og:site_name\" content=\"Casa de Campo Living\" \/>\n<meta property=\"article:publisher\" content=\"https:\/\/www.facebook.com\/casadecampoliving\" \/>\n<meta property=\"article:published_time\" content=\"2017-10-19T04:00:00+00:00\" \/>\n<meta property=\"article:modified_time\" content=\"2022-10-21T23:11:48+00:00\" \/>\n<meta property=\"og:image\" content=\"https:\/\/i0.wp.com\/casadecampoliving.com\/wp-content\/uploads\/2022\/10\/Foto-1-1.png?fit=1000%2C607&ssl=1\" \/>\n\t<meta property=\"og:image:width\" content=\"1000\" \/>\n\t<meta property=\"og:image:height\" content=\"607\" \/>\n\t<meta property=\"og:image:type\" content=\"image\/png\" \/>\n<meta name=\"author\" content=\"Marlenys Guzm\u00e1n Casta\u00f1os\" \/>\n<meta name=\"twitter:card\" content=\"summary_large_image\" \/>\n<meta name=\"twitter:creator\" content=\"@cdcliving\" \/>\n<meta name=\"twitter:site\" content=\"@cdcliving\" \/>\n<meta name=\"twitter:label1\" content=\"Escrito por\" \/>\n\t<meta name=\"twitter:data1\" content=\"Marlenys Guzm\u00e1n Casta\u00f1os\" \/>\n\t<meta name=\"twitter:label2\" content=\"Tiempo de lectura\" \/>\n\t<meta name=\"twitter:data2\" content=\"3 minutos\" \/>\n<script type=\"application\/ld+json\" class=\"yoast-schema-graph\">{\"@context\":\"https:\\\/\\\/schema.org\",\"@graph\":[{\"@type\":\"Article\",\"@id\":\"https:\\\/\\\/casadecampoliving.com\\\/es\\\/primera-proyeccion-cine-al-aire-libre-altos-de-chavon\\\/#article\",\"isPartOf\":{\"@id\":\"https:\\\/\\\/casadecampoliving.com\\\/es\\\/primera-proyeccion-cine-al-aire-libre-altos-de-chavon\\\/\"},\"author\":{\"name\":\"Marlenys Guzm\u00e1n Casta\u00f1os\",\"@id\":\"https:\\\/\\\/casadecampoliving.com\\\/es\\\/#\\\/schema\\\/person\\\/b6606bd87f9cec8f5903e2141cafda24\"},\"headline\":\"\u00a1No te pierdas la primera proyecci\u00f3n del Cine al Aire Libre de Altos de Chav\u00f3n!\",\"datePublished\":\"2017-10-19T04:00:00+00:00\",\"dateModified\":\"2022-10-21T23:11:48+00:00\",\"mainEntityOfPage\":{\"@id\":\"https:\\\/\\\/casadecampoliving.com\\\/es\\\/primera-proyeccion-cine-al-aire-libre-altos-de-chavon\\\/\"},\"wordCount\":559,\"publisher\":{\"@id\":\"https:\\\/\\\/casadecampoliving.com\\\/es\\\/#organization\"},\"image\":{\"@id\":\"https:\\\/\\\/casadecampoliving.com\\\/es\\\/primera-proyeccion-cine-al-aire-libre-altos-de-chavon\\\/#primaryimage\"},\"thumbnailUrl\":\"https:\\\/\\\/i0.wp.com\\\/casadecampoliving.com\\\/wp-content\\\/uploads\\\/2022\\\/10\\\/Foto-1-1.png?fit=1000%2C607&ssl=1\",\"keywords\":[\"Altos de Chavon\",\"anfiteatro\",\"Chavon escuela de dise\u00f1o\",\"cine al aire libre\",\"direccion general de cine\",\"escuela de dise\u00f1o\",\"Featured-TopView @es\",\"premios Oscar\",\"tanya valette @es\",\"Teatro\",\"yvette marichal @es\"],\"articleSection\":[\"Altos de Chavon @es\",\"Arte y cultura\",\"Estilo de Vida\",\"Eventos\",\"Noticias Locales\",\"Proximamente\",\"Rep\u00fablica Dominicana @es\",\"Video\",\"Video @es\"],\"inLanguage\":\"es\"},{\"@type\":\"WebPage\",\"@id\":\"https:\\\/\\\/casadecampoliving.com\\\/es\\\/primera-proyeccion-cine-al-aire-libre-altos-de-chavon\\\/\",\"url\":\"https:\\\/\\\/casadecampoliving.com\\\/es\\\/primera-proyeccion-cine-al-aire-libre-altos-de-chavon\\\/\",\"name\":\"\u00a1No te pierdas la primera proyecci\u00f3n del Cine al Aire Libre de Altos de Chav\u00f3n! | Casa de Campo Living\",\"isPartOf\":{\"@id\":\"https:\\\/\\\/casadecampoliving.com\\\/es\\\/#website\"},\"primaryImageOfPage\":{\"@id\":\"https:\\\/\\\/casadecampoliving.com\\\/es\\\/primera-proyeccion-cine-al-aire-libre-altos-de-chavon\\\/#primaryimage\"},\"image\":{\"@id\":\"https:\\\/\\\/casadecampoliving.com\\\/es\\\/primera-proyeccion-cine-al-aire-libre-altos-de-chavon\\\/#primaryimage\"},\"thumbnailUrl\":\"https:\\\/\\\/i0.wp.com\\\/casadecampoliving.com\\\/wp-content\\\/uploads\\\/2022\\\/10\\\/Foto-1-1.png?fit=1000%2C607&ssl=1\",\"datePublished\":\"2017-10-19T04:00:00+00:00\",\"dateModified\":\"2022-10-21T23:11:48+00:00\",\"description\":\"\u00a1La Direcci\u00f3n General de Cine y Chav\u00f3n Escuela de Dise\u00f1o nos invitan al primer teatro al aire libre en Altos de Chav\u00f3n! Un tema desde hace alg\u00fan tiempo,\",\"breadcrumb\":{\"@id\":\"https:\\\/\\\/casadecampoliving.com\\\/es\\\/primera-proyeccion-cine-al-aire-libre-altos-de-chavon\\\/#breadcrumb\"},\"inLanguage\":\"es\",\"potentialAction\":[{\"@type\":\"ReadAction\",\"target\":[\"https:\\\/\\\/casadecampoliving.com\\\/es\\\/primera-proyeccion-cine-al-aire-libre-altos-de-chavon\\\/\"]}]},{\"@type\":\"ImageObject\",\"inLanguage\":\"es\",\"@id\":\"https:\\\/\\\/casadecampoliving.com\\\/es\\\/primera-proyeccion-cine-al-aire-libre-altos-de-chavon\\\/#primaryimage\",\"url\":\"https:\\\/\\\/i0.wp.com\\\/casadecampoliving.com\\\/wp-content\\\/uploads\\\/2022\\\/10\\\/Foto-1-1.png?fit=1000%2C607&ssl=1\",\"contentUrl\":\"https:\\\/\\\/i0.wp.com\\\/casadecampoliving.com\\\/wp-content\\\/uploads\\\/2022\\\/10\\\/Foto-1-1.png?fit=1000%2C607&ssl=1\",\"width\":1000,\"height\":607},{\"@type\":\"BreadcrumbList\",\"@id\":\"https:\\\/\\\/casadecampoliving.com\\\/es\\\/primera-proyeccion-cine-al-aire-libre-altos-de-chavon\\\/#breadcrumb\",\"itemListElement\":[{\"@type\":\"ListItem\",\"position\":1,\"name\":\"Home\",\"item\":\"https:\\\/\\\/casadecampoliving.com\\\/es\\\/\"},{\"@type\":\"ListItem\",\"position\":2,\"name\":\"\u00a1No te pierdas la primera proyecci\u00f3n del Cine al Aire Libre de Altos de Chav\u00f3n!\"}]},{\"@type\":\"WebSite\",\"@id\":\"https:\\\/\\\/casadecampoliving.com\\\/es\\\/#website\",\"url\":\"https:\\\/\\\/casadecampoliving.com\\\/es\\\/\",\"name\":\"Casa de Campo Living\",\"description\":\"Resort community news and resources.\",\"publisher\":{\"@id\":\"https:\\\/\\\/casadecampoliving.com\\\/es\\\/#organization\"},\"potentialAction\":[{\"@type\":\"SearchAction\",\"target\":{\"@type\":\"EntryPoint\",\"urlTemplate\":\"https:\\\/\\\/casadecampoliving.com\\\/es\\\/?s={search_term_string}\"},\"query-input\":{\"@type\":\"PropertyValueSpecification\",\"valueRequired\":true,\"valueName\":\"search_term_string\"}}],\"inLanguage\":\"es\"},{\"@type\":\"Organization\",\"@id\":\"https:\\\/\\\/casadecampoliving.com\\\/es\\\/#organization\",\"name\":\"Casa de Campo Living\",\"url\":\"https:\\\/\\\/casadecampoliving.com\\\/es\\\/\",\"logo\":{\"@type\":\"ImageObject\",\"inLanguage\":\"es\",\"@id\":\"https:\\\/\\\/casadecampoliving.com\\\/es\\\/#\\\/schema\\\/logo\\\/image\\\/\",\"url\":\"https:\\\/\\\/i0.wp.com\\\/casadecampoliving.com\\\/wp-content\\\/uploads\\\/2022\\\/07\\\/CDCLivingLogo_V1-white-sized.png?fit=800%2C214&ssl=1\",\"contentUrl\":\"https:\\\/\\\/i0.wp.com\\\/casadecampoliving.com\\\/wp-content\\\/uploads\\\/2022\\\/07\\\/CDCLivingLogo_V1-white-sized.png?fit=800%2C214&ssl=1\",\"width\":800,\"height\":214,\"caption\":\"Casa de Campo Living\"},\"image\":{\"@id\":\"https:\\\/\\\/casadecampoliving.com\\\/es\\\/#\\\/schema\\\/logo\\\/image\\\/\"},\"sameAs\":[\"https:\\\/\\\/www.facebook.com\\\/casadecampoliving\",\"https:\\\/\\\/x.com\\\/cdcliving\"]},{\"@type\":\"Person\",\"@id\":\"https:\\\/\\\/casadecampoliving.com\\\/es\\\/#\\\/schema\\\/person\\\/b6606bd87f9cec8f5903e2141cafda24\",\"name\":\"Marlenys Guzm\u00e1n Casta\u00f1os\",\"image\":{\"@type\":\"ImageObject\",\"inLanguage\":\"es\",\"@id\":\"https:\\\/\\\/secure.gravatar.com\\\/avatar\\\/72f3f86b8e6b3ec744201aeadf11d4a6055e8af194aecd9ad30ffff4437878ee?s=96&d=mm&r=g\",\"url\":\"https:\\\/\\\/secure.gravatar.com\\\/avatar\\\/72f3f86b8e6b3ec744201aeadf11d4a6055e8af194aecd9ad30ffff4437878ee?s=96&d=mm&r=g\",\"contentUrl\":\"https:\\\/\\\/secure.gravatar.com\\\/avatar\\\/72f3f86b8e6b3ec744201aeadf11d4a6055e8af194aecd9ad30ffff4437878ee?s=96&d=mm&r=g\",\"caption\":\"Marlenys Guzm\u00e1n Casta\u00f1os\"},\"url\":\"https:\\\/\\\/casadecampoliving.com\\\/es\\\/author\\\/mguzman\\\/\"}]}<\/script>\n<!-- \/ Yoast SEO plugin. -->","yoast_head_json":{"title":"\u00a1No te pierdas la primera proyecci\u00f3n del Cine al Aire Libre de Altos de Chav\u00f3n! | Casa de Campo Living","description":"\u00a1La Direcci\u00f3n General de Cine y Chav\u00f3n Escuela de Dise\u00f1o nos invitan al primer teatro al aire libre en Altos de Chav\u00f3n! Un tema desde hace alg\u00fan tiempo,","robots":{"index":"index","follow":"follow","max-snippet":"max-snippet:-1","max-image-preview":"max-image-preview:large","max-video-preview":"max-video-preview:-1"},"canonical":"https:\/\/casadecampoliving.com\/es\/primera-proyeccion-cine-al-aire-libre-altos-de-chavon\/","og_locale":"es_ES","og_type":"article","og_title":"\u00a1No te pierdas la primera proyecci\u00f3n del Cine al Aire Libre de Altos de Chav\u00f3n! | Casa de Campo Living","og_description":"\u00a1La Direcci\u00f3n General de Cine y Chav\u00f3n Escuela de Dise\u00f1o nos invitan al primer teatro al aire libre en Altos de Chav\u00f3n! Un tema desde hace alg\u00fan tiempo,","og_url":"https:\/\/casadecampoliving.com\/es\/primera-proyeccion-cine-al-aire-libre-altos-de-chavon\/","og_site_name":"Casa de Campo Living","article_publisher":"https:\/\/www.facebook.com\/casadecampoliving","article_published_time":"2017-10-19T04:00:00+00:00","article_modified_time":"2022-10-21T23:11:48+00:00","og_image":[{"width":1000,"height":607,"url":"https:\/\/i0.wp.com\/casadecampoliving.com\/wp-content\/uploads\/2022\/10\/Foto-1-1.png?fit=1000%2C607&ssl=1","type":"image\/png"}],"author":"Marlenys Guzm\u00e1n Casta\u00f1os","twitter_card":"summary_large_image","twitter_creator":"@cdcliving","twitter_site":"@cdcliving","twitter_misc":{"Escrito por":"Marlenys Guzm\u00e1n Casta\u00f1os","Tiempo de lectura":"3 minutos"},"schema":{"@context":"https:\/\/schema.org","@graph":[{"@type":"Article","@id":"https:\/\/casadecampoliving.com\/es\/primera-proyeccion-cine-al-aire-libre-altos-de-chavon\/#article","isPartOf":{"@id":"https:\/\/casadecampoliving.com\/es\/primera-proyeccion-cine-al-aire-libre-altos-de-chavon\/"},"author":{"name":"Marlenys Guzm\u00e1n Casta\u00f1os","@id":"https:\/\/casadecampoliving.com\/es\/#\/schema\/person\/b6606bd87f9cec8f5903e2141cafda24"},"headline":"\u00a1No te pierdas la primera proyecci\u00f3n del Cine al Aire Libre de Altos de Chav\u00f3n!","datePublished":"2017-10-19T04:00:00+00:00","dateModified":"2022-10-21T23:11:48+00:00","mainEntityOfPage":{"@id":"https:\/\/casadecampoliving.com\/es\/primera-proyeccion-cine-al-aire-libre-altos-de-chavon\/"},"wordCount":559,"publisher":{"@id":"https:\/\/casadecampoliving.com\/es\/#organization"},"image":{"@id":"https:\/\/casadecampoliving.com\/es\/primera-proyeccion-cine-al-aire-libre-altos-de-chavon\/#primaryimage"},"thumbnailUrl":"https:\/\/i0.wp.com\/casadecampoliving.com\/wp-content\/uploads\/2022\/10\/Foto-1-1.png?fit=1000%2C607&ssl=1","keywords":["Altos de Chavon","anfiteatro","Chavon escuela de dise\u00f1o","cine al aire libre","direccion general de cine","escuela de dise\u00f1o","Featured-TopView @es","premios Oscar","tanya valette @es","Teatro","yvette marichal @es"],"articleSection":["Altos de Chavon @es","Arte y cultura","Estilo de Vida","Eventos","Noticias Locales","Proximamente","Rep\u00fablica Dominicana @es","Video","Video @es"],"inLanguage":"es"},{"@type":"WebPage","@id":"https:\/\/casadecampoliving.com\/es\/primera-proyeccion-cine-al-aire-libre-altos-de-chavon\/","url":"https:\/\/casadecampoliving.com\/es\/primera-proyeccion-cine-al-aire-libre-altos-de-chavon\/","name":"\u00a1No te pierdas la primera proyecci\u00f3n del Cine al Aire Libre de Altos de Chav\u00f3n! | Casa de Campo Living","isPartOf":{"@id":"https:\/\/casadecampoliving.com\/es\/#website"},"primaryImageOfPage":{"@id":"https:\/\/casadecampoliving.com\/es\/primera-proyeccion-cine-al-aire-libre-altos-de-chavon\/#primaryimage"},"image":{"@id":"https:\/\/casadecampoliving.com\/es\/primera-proyeccion-cine-al-aire-libre-altos-de-chavon\/#primaryimage"},"thumbnailUrl":"https:\/\/i0.wp.com\/casadecampoliving.com\/wp-content\/uploads\/2022\/10\/Foto-1-1.png?fit=1000%2C607&ssl=1","datePublished":"2017-10-19T04:00:00+00:00","dateModified":"2022-10-21T23:11:48+00:00","description":"\u00a1La Direcci\u00f3n General de Cine y Chav\u00f3n Escuela de Dise\u00f1o nos invitan al primer teatro al aire libre en Altos de Chav\u00f3n! Un tema desde hace alg\u00fan tiempo,","breadcrumb":{"@id":"https:\/\/casadecampoliving.com\/es\/primera-proyeccion-cine-al-aire-libre-altos-de-chavon\/#breadcrumb"},"inLanguage":"es","potentialAction":[{"@type":"ReadAction","target":["https:\/\/casadecampoliving.com\/es\/primera-proyeccion-cine-al-aire-libre-altos-de-chavon\/"]}]},{"@type":"ImageObject","inLanguage":"es","@id":"https:\/\/casadecampoliving.com\/es\/primera-proyeccion-cine-al-aire-libre-altos-de-chavon\/#primaryimage","url":"https:\/\/i0.wp.com\/casadecampoliving.com\/wp-content\/uploads\/2022\/10\/Foto-1-1.png?fit=1000%2C607&ssl=1","contentUrl":"https:\/\/i0.wp.com\/casadecampoliving.com\/wp-content\/uploads\/2022\/10\/Foto-1-1.png?fit=1000%2C607&ssl=1","width":1000,"height":607},{"@type":"BreadcrumbList","@id":"https:\/\/casadecampoliving.com\/es\/primera-proyeccion-cine-al-aire-libre-altos-de-chavon\/#breadcrumb","itemListElement":[{"@type":"ListItem","position":1,"name":"Home","item":"https:\/\/casadecampoliving.com\/es\/"},{"@type":"ListItem","position":2,"name":"\u00a1No te pierdas la primera proyecci\u00f3n del Cine al Aire Libre de Altos de Chav\u00f3n!"}]},{"@type":"WebSite","@id":"https:\/\/casadecampoliving.com\/es\/#website","url":"https:\/\/casadecampoliving.com\/es\/","name":"Casa de Campo Living","description":"Resort community news and resources.","publisher":{"@id":"https:\/\/casadecampoliving.com\/es\/#organization"},"potentialAction":[{"@type":"SearchAction","target":{"@type":"EntryPoint","urlTemplate":"https:\/\/casadecampoliving.com\/es\/?s={search_term_string}"},"query-input":{"@type":"PropertyValueSpecification","valueRequired":true,"valueName":"search_term_string"}}],"inLanguage":"es"},{"@type":"Organization","@id":"https:\/\/casadecampoliving.com\/es\/#organization","name":"Casa de Campo Living","url":"https:\/\/casadecampoliving.com\/es\/","logo":{"@type":"ImageObject","inLanguage":"es","@id":"https:\/\/casadecampoliving.com\/es\/#\/schema\/logo\/image\/","url":"https:\/\/i0.wp.com\/casadecampoliving.com\/wp-content\/uploads\/2022\/07\/CDCLivingLogo_V1-white-sized.png?fit=800%2C214&ssl=1","contentUrl":"https:\/\/i0.wp.com\/casadecampoliving.com\/wp-content\/uploads\/2022\/07\/CDCLivingLogo_V1-white-sized.png?fit=800%2C214&ssl=1","width":800,"height":214,"caption":"Casa de Campo Living"},"image":{"@id":"https:\/\/casadecampoliving.com\/es\/#\/schema\/logo\/image\/"},"sameAs":["https:\/\/www.facebook.com\/casadecampoliving","https:\/\/x.com\/cdcliving"]},{"@type":"Person","@id":"https:\/\/casadecampoliving.com\/es\/#\/schema\/person\/b6606bd87f9cec8f5903e2141cafda24","name":"Marlenys Guzm\u00e1n Casta\u00f1os","image":{"@type":"ImageObject","inLanguage":"es","@id":"https:\/\/secure.gravatar.com\/avatar\/72f3f86b8e6b3ec744201aeadf11d4a6055e8af194aecd9ad30ffff4437878ee?s=96&d=mm&r=g","url":"https:\/\/secure.gravatar.com\/avatar\/72f3f86b8e6b3ec744201aeadf11d4a6055e8af194aecd9ad30ffff4437878ee?s=96&d=mm&r=g","contentUrl":"https:\/\/secure.gravatar.com\/avatar\/72f3f86b8e6b3ec744201aeadf11d4a6055e8af194aecd9ad30ffff4437878ee?s=96&d=mm&r=g","caption":"Marlenys Guzm\u00e1n Casta\u00f1os"},"url":"https:\/\/casadecampoliving.com\/es\/author\/mguzman\/"}]}},"parsely":{"version":"1.1.0","canonical_url":"https:\/\/casadecampoliving.com\/es\/primera-proyeccion-cine-al-aire-libre-altos-de-chavon\/","smart_links":{"inbound":0,"outbound":0},"traffic_boost_suggestions_count":0,"meta":{"@context":"https:\/\/schema.org","@type":"NewsArticle","headline":"\u00a1No te pierdas la primera proyecci\u00f3n del Cine al Aire Libre de Altos de Chav\u00f3n!","url":"http:\/\/casadecampoliving.com\/es\/primera-proyeccion-cine-al-aire-libre-altos-de-chavon\/","mainEntityOfPage":{"@type":"WebPage","@id":"http:\/\/casadecampoliving.com\/es\/primera-proyeccion-cine-al-aire-libre-altos-de-chavon\/"},"thumbnailUrl":"https:\/\/i0.wp.com\/casadecampoliving.com\/wp-content\/uploads\/2022\/10\/Foto-1-1.png?resize=150%2C150&ssl=1","image":{"@type":"ImageObject","url":"https:\/\/i0.wp.com\/casadecampoliving.com\/wp-content\/uploads\/2022\/10\/Foto-1-1.png?fit=1000%2C607&ssl=1"},"articleSection":"Altos de Chavon @es","author":[{"@type":"Person","name":"Marlenys Guzm\u00e1n Casta\u00f1os"}],"creator":["Marlenys Guzm\u00e1n Casta\u00f1os"],"publisher":{"@type":"Organization","name":"Casa de Campo Living","logo":"https:\/\/casadecampoliving.com\/wp-content\/uploads\/2022\/07\/CDCLivingLogo_V1-white-sized.png"},"keywords":["altos de chavon","anfiteatro","chavon escuela de dise\u00f1o","cine al aire libre","direccion general de cine","escuela de dise\u00f1o","featured-topview @es","premios oscar","tanya valette @es","teatro","yvette marichal @es"],"dateCreated":"2017-10-19T04:00:00Z","datePublished":"2017-10-19T04:00:00Z","dateModified":"2022-10-21T23:11:48Z"},"rendered":"<script type=\"application\/ld+json\" class=\"wp-parsely-metadata\">{\"@context\":\"https:\\\/\\\/schema.org\",\"@type\":\"NewsArticle\",\"headline\":\"\\u00a1No te pierdas la primera proyecci\\u00f3n del Cine al Aire Libre de Altos de Chav\\u00f3n!\",\"url\":\"http:\\\/\\\/casadecampoliving.com\\\/es\\\/primera-proyeccion-cine-al-aire-libre-altos-de-chavon\\\/\",\"mainEntityOfPage\":{\"@type\":\"WebPage\",\"@id\":\"http:\\\/\\\/casadecampoliving.com\\\/es\\\/primera-proyeccion-cine-al-aire-libre-altos-de-chavon\\\/\"},\"thumbnailUrl\":\"https:\\\/\\\/i0.wp.com\\\/casadecampoliving.com\\\/wp-content\\\/uploads\\\/2022\\\/10\\\/Foto-1-1.png?resize=150%2C150&ssl=1\",\"image\":{\"@type\":\"ImageObject\",\"url\":\"https:\\\/\\\/i0.wp.com\\\/casadecampoliving.com\\\/wp-content\\\/uploads\\\/2022\\\/10\\\/Foto-1-1.png?fit=1000%2C607&ssl=1\"},\"articleSection\":\"Altos de Chavon @es\",\"author\":[{\"@type\":\"Person\",\"name\":\"Marlenys Guzm\\u00e1n Casta\\u00f1os\"}],\"creator\":[\"Marlenys Guzm\\u00e1n Casta\\u00f1os\"],\"publisher\":{\"@type\":\"Organization\",\"name\":\"Casa de Campo Living\",\"logo\":\"https:\\\/\\\/casadecampoliving.com\\\/wp-content\\\/uploads\\\/2022\\\/07\\\/CDCLivingLogo_V1-white-sized.png\"},\"keywords\":[\"altos de chavon\",\"anfiteatro\",\"chavon escuela de dise\\u00f1o\",\"cine al aire libre\",\"direccion general de cine\",\"escuela de dise\\u00f1o\",\"featured-topview @es\",\"premios oscar\",\"tanya valette @es\",\"teatro\",\"yvette marichal @es\"],\"dateCreated\":\"2017-10-19T04:00:00Z\",\"datePublished\":\"2017-10-19T04:00:00Z\",\"dateModified\":\"2022-10-21T23:11:48Z\"}<\/script>","tracker_url":"https:\/\/cdn.parsely.com\/keys\/casadecampoliving.com\/p.js"},"jetpack_publicize_connections":[],"jetpack_featured_media_url":"https:\/\/i0.wp.com\/casadecampoliving.com\/wp-content\/uploads\/2022\/10\/Foto-1-1.png?fit=1000%2C607&ssl=1","jetpack-related-posts":[{"id":352166,"url":"https:\/\/casadecampoliving.com\/es\/el-cine-al-aire-libre-de-altos-de-chavon-carpinteros\/","url_meta":{"origin":352104,"position":0},"title":"El cine al aire libre de Altos de Chav\u00f3n debut\u00f3 con \u00abCarpinteros\u00bb de Jos\u00e9 Mar\u00eda Cabral","author":"Marlenys Guzm\u00e1n Casta\u00f1os","date":"7 Nov, 2017","format":false,"excerpt":"El pasado jueves 2 de noviembre la Direcci\u00f3n General de Cine (DGCINE), Chav\u00f3n Escuela de Dise\u00f1o y Casa de Campo presentaron el primer Cine al Aire Libre en Altos de Chav\u00f3n con la proyecci\u00f3n de la pel\u00edcula dominicana \"Carpinteros\" de Jos\u00e9 Mar\u00eda Cabral. Con palomitas de ma\u00edz, vino y bebidas,\u2026","rel":"","context":"En \u00abAltos de Chavon @es\u00bb","block_context":{"text":"Altos de Chavon @es","link":"https:\/\/casadecampoliving.com\/category\/altos-de-chavon-es\/"},"img":{"alt_text":"","src":"https:\/\/i0.wp.com\/casadecampoliving.com\/wp-content\/uploads\/2022\/10\/IMG_7342-e1510084370569.jpg?fit=1000%2C667&ssl=1&resize=350%2C200","width":350,"height":200,"srcset":"https:\/\/i0.wp.com\/casadecampoliving.com\/wp-content\/uploads\/2022\/10\/IMG_7342-e1510084370569.jpg?fit=1000%2C667&ssl=1&resize=350%2C200 1x, https:\/\/i0.wp.com\/casadecampoliving.com\/wp-content\/uploads\/2022\/10\/IMG_7342-e1510084370569.jpg?fit=1000%2C667&ssl=1&resize=525%2C300 1.5x, https:\/\/i0.wp.com\/casadecampoliving.com\/wp-content\/uploads\/2022\/10\/IMG_7342-e1510084370569.jpg?fit=1000%2C667&ssl=1&resize=700%2C400 2x"},"classes":[]},{"id":352934,"url":"https:\/\/casadecampoliving.com\/es\/facultad-de-cine-de-chavon-escuela-de-diseno\/","url_meta":{"origin":352104,"position":1},"title":"Facultad de Cine de Chav\u00f3n Escuela de Dise\u00f1o","author":"Casa de Campo Living","date":"11 Oct, 2018","format":false,"excerpt":"Hace poco m\u00e1s de un a\u00f1o, en febrero de 2017, Chav\u00f3n Escuela de Dise\u00f1o abri\u00f3 un nuevo programa de Cinematograf\u00eda en el campus de Altos de Chav\u00f3n. El programa de dos a\u00f1os cuenta con profesores invitados con trayectorias impresionantes en la industria cinematogr\u00e1fica. El programa ense\u00f1a de manera te\u00f3rica pero\u2026","rel":"","context":"En \u00abAltos de Chavon @es\u00bb","block_context":{"text":"Altos de Chavon @es","link":"https:\/\/casadecampoliving.com\/category\/altos-de-chavon-es\/"},"img":{"alt_text":"","src":"https:\/\/i0.wp.com\/casadecampoliving.com\/wp-content\/uploads\/2022\/10\/1069373_10153061816630164_1122926614_n-1.jpg?fit=400%2C400&ssl=1&resize=350%2C200","width":350,"height":200},"classes":[]},{"id":352505,"url":"https:\/\/casadecampoliving.com\/es\/jeffrey-viene-al-cine-aire-libre\/","url_meta":{"origin":352104,"position":2},"title":"\u201cJeffrey\u201d viene al cine al aire libre!","author":"Gallagher Foxworthy","date":"8 Mar, 2018","format":false,"excerpt":"\u00a1La Direcci\u00f3n General de Cine, la Escuela de Dise\u00f1o de Chavon y Casa de Campo lo invitan a disfrutar de otra proyecci\u00f3n bajo las estrellas en el anfiteatro de renombre mundial! \u00a1El cine al aire libre mostrar\u00e1 a Jeffrey el jueves 15 de marzo! Jeffrey, escrita, dirigida y producida por\u2026","rel":"","context":"En \u00abAltos de Chavon @es\u00bb","block_context":{"text":"Altos de Chavon @es","link":"https:\/\/casadecampoliving.com\/category\/altos-de-chavon-es\/"},"img":{"alt_text":"","src":"https:\/\/i0.wp.com\/casadecampoliving-wp.s3-accelerate.amazonaws.com\/2018\/03\/Screen-Shot-2018-03-08-at-12.45.17-PM.png?resize=350%2C200&ssl=1","width":350,"height":200},"classes":[]},{"id":352892,"url":"https:\/\/casadecampoliving.com\/es\/las-proyecciones-de-altos-de-chavon-open-air-cinema-vuelven-con-veneno-de-tabare-blanchard\/","url_meta":{"origin":352104,"position":3},"title":"Las proyecciones de Altos de Chav\u00f3n Open Air Cinema vuelven con Veneno de Tabar\u00e9 Blanchard","author":"Marlenys Guzm\u00e1n Casta\u00f1os","date":"25 Sep, 2018","format":false,"excerpt":"\u00a1La pr\u00f3xima semana damos la bienvenida a un nuevo mes y con \u00e9l el regreso del cine al aire libre de Altos de Chav\u00f3n! La Comisi\u00f3n de Cine RD, Chav\u00f3n Escuela de Dise\u00f1o y Casa de Campo Resort nos invitan a la primera proyecci\u00f3n de la temporada en el anfiteatro\u2026","rel":"","context":"En \u00abAltos de Chavon @es\u00bb","block_context":{"text":"Altos de Chavon @es","link":"https:\/\/casadecampoliving.com\/category\/altos-de-chavon-es\/"},"img":{"alt_text":"","src":"https:\/\/i0.wp.com\/casadecampoliving.com\/wp-content\/uploads\/2018\/09\/venenoimage1-e1537880113212.jpg?resize=350%2C200&ssl=1","width":350,"height":200,"srcset":"https:\/\/i0.wp.com\/casadecampoliving.com\/wp-content\/uploads\/2018\/09\/venenoimage1-e1537880113212.jpg?resize=350%2C200&ssl=1 1x, https:\/\/i0.wp.com\/casadecampoliving.com\/wp-content\/uploads\/2018\/09\/venenoimage1-e1537880113212.jpg?resize=525%2C300&ssl=1 1.5x, https:\/\/i0.wp.com\/casadecampoliving.com\/wp-content\/uploads\/2018\/09\/venenoimage1-e1537880113212.jpg?resize=700%2C400&ssl=1 2x"},"classes":[]},{"id":352377,"url":"https:\/\/casadecampoliving.com\/es\/chavon-escuela-de-diseno-tiene-dos-nuevos-talleres-de-cine-este-mes\/","url_meta":{"origin":352104,"position":4},"title":"\u00a1Chav\u00f3n Escuela de Dise\u00f1o tiene dos nuevos talleres de cine este mes!","author":"Marlenys Guzm\u00e1n Casta\u00f1os","date":"8 Ene, 2018","format":false,"excerpt":"La industria del cine en la Rep\u00fablica Dominicana est\u00e1 creciendo r\u00e1pidamente y de igual manera tambi\u00e9n la nueva carrera cinematogr\u00e1fica aqu\u00ed en Chav\u00f3n Escuela de Dise\u00f1o. Esta nueva carrera de 2 a\u00f1os, abri\u00f3 el a\u00f1o pasado en febrero y ya tiene dos grupos, el primero se estar\u00e1 graduando el pr\u00f3ximo\u2026","rel":"","context":"En \u00abAltos de Chavon @es\u00bb","block_context":{"text":"Altos de Chavon @es","link":"https:\/\/casadecampoliving.com\/category\/altos-de-chavon-es\/"},"img":{"alt_text":"","src":"https:\/\/i0.wp.com\/casadecampoliving-wp.s3-accelerate.amazonaws.com\/2018\/01\/19467739_10158913077260164_7485352314038892899_o.jpg?resize=350%2C200&ssl=1","width":350,"height":200,"srcset":"https:\/\/i0.wp.com\/casadecampoliving-wp.s3-accelerate.amazonaws.com\/2018\/01\/19467739_10158913077260164_7485352314038892899_o.jpg?resize=350%2C200&ssl=1 1x, https:\/\/i0.wp.com\/casadecampoliving-wp.s3-accelerate.amazonaws.com\/2018\/01\/19467739_10158913077260164_7485352314038892899_o.jpg?resize=525%2C300&ssl=1 1.5x, https:\/\/i0.wp.com\/casadecampoliving-wp.s3-accelerate.amazonaws.com\/2018\/01\/19467739_10158913077260164_7485352314038892899_o.jpg?resize=700%2C400&ssl=1 2x"},"classes":[]},{"id":351948,"url":"https:\/\/casadecampoliving.com\/es\/un-futuro-muy-prometedor-para-los-estudiantes-de-cine-de-chavon-escuela-de-diseno\/","url_meta":{"origin":352104,"position":5},"title":"Un futuro muy prometedor para los estudiantes de cine de Chav\u00f3n Escuela de Dise\u00f1o","author":"Marlenys Guzm\u00e1n Casta\u00f1os","date":"5 Sep, 2017","format":false,"excerpt":"La industria del cine en Rep\u00fablica Dominicana se ve muy prometedora. Podemos verlo en las pel\u00edculas que se estrenaron recientemente, entre ellas \"Todas las Mujeres Son Iguales\", dirigida por uno de los miembros de nuestra comunidad, David Maler y protagonizada por su esposa Nashla Bogeart, tambi\u00e9n al ver que Chav\u00f3n\u2026","rel":"","context":"En \u00abAltos de Chavon @es\u00bb","block_context":{"text":"Altos de Chavon @es","link":"https:\/\/casadecampoliving.com\/category\/altos-de-chavon-es\/"},"img":{"alt_text":"","src":"https:\/\/i0.wp.com\/casadecampoliving.com\/wp-content\/uploads\/2022\/10\/Film-Chavon-School-of-Design.jpeg?fit=1000%2C601&ssl=1&resize=350%2C200","width":350,"height":200,"srcset":"https:\/\/i0.wp.com\/casadecampoliving.com\/wp-content\/uploads\/2022\/10\/Film-Chavon-School-of-Design.jpeg?fit=1000%2C601&ssl=1&resize=350%2C200 1x, https:\/\/i0.wp.com\/casadecampoliving.com\/wp-content\/uploads\/2022\/10\/Film-Chavon-School-of-Design.jpeg?fit=1000%2C601&ssl=1&resize=525%2C300 1.5x, https:\/\/i0.wp.com\/casadecampoliving.com\/wp-content\/uploads\/2022\/10\/Film-Chavon-School-of-Design.jpeg?fit=1000%2C601&ssl=1&resize=700%2C400 2x"},"classes":[]}],"jetpack_sharing_enabled":true,"_links":{"self":[{"href":"https:\/\/casadecampoliving.com\/es\/wp-json\/wp\/v2\/posts\/352104","targetHints":{"allow":["GET"]}}],"collection":[{"href":"https:\/\/casadecampoliving.com\/es\/wp-json\/wp\/v2\/posts"}],"about":[{"href":"https:\/\/casadecampoliving.com\/es\/wp-json\/wp\/v2\/types\/post"}],"author":[{"embeddable":true,"href":"https:\/\/casadecampoliving.com\/es\/wp-json\/wp\/v2\/users\/36682"}],"replies":[{"embeddable":true,"href":"https:\/\/casadecampoliving.com\/es\/wp-json\/wp\/v2\/comments?post=352104"}],"version-history":[{"count":1,"href":"https:\/\/casadecampoliving.com\/es\/wp-json\/wp\/v2\/posts\/352104\/revisions"}],"predecessor-version":[{"id":352107,"href":"https:\/\/casadecampoliving.com\/es\/wp-json\/wp\/v2\/posts\/352104\/revisions\/352107"}],"wp:featuredmedia":[{"embeddable":true,"href":"https:\/\/casadecampoliving.com\/es\/wp-json\/wp\/v2\/media\/291547"}],"wp:attachment":[{"href":"https:\/\/casadecampoliving.com\/es\/wp-json\/wp\/v2\/media?parent=352104"}],"wp:term":[{"taxonomy":"category","embeddable":true,"href":"https:\/\/casadecampoliving.com\/es\/wp-json\/wp\/v2\/categories?post=352104"},{"taxonomy":"post_tag","embeddable":true,"href":"https:\/\/casadecampoliving.com\/es\/wp-json\/wp\/v2\/tags?post=352104"},{"taxonomy":"newspack_spnsrs_tax","embeddable":true,"href":"https:\/\/casadecampoliving.com\/es\/wp-json\/wp\/v2\/newspack_spnsrs_tax?post=352104"}],"curies":[{"name":"wp","href":"https:\/\/api.w.org\/{rel}","templated":true}]}}