{"id":352069,"date":"2017-10-10T00:00:00","date_gmt":"2017-10-10T04:00:00","guid":{"rendered":"https:\/\/casadecampoliving.com\/2ndo-open-internacional-de-golf-el-ser-libre-y-feliz\/"},"modified":"2022-11-10T10:41:00","modified_gmt":"2022-11-10T14:41:00","slug":"2ndo-open-internacional-de-golf-el-ser-libre-y-feliz","status":"publish","type":"post","link":"https:\/\/casadecampoliving.com\/es\/2ndo-open-internacional-de-golf-el-ser-libre-y-feliz\/","title":{"rendered":"*ACTUALIZACION: NUEVA FECHA* \u00a1Inscr\u00edbase en la 2\u00aa edici\u00f3n del Open Internacional de Golf El Ser Libre y Feliz en Casa de Campo!"},"content":{"rendered":"\u00a1Muchos seguro ya se habr\u00e1n dado cuenta que el golf en Casa de Campo nunca se detiene! Este a\u00f1o, la fundaci\u00f3n El Ser Libre y Feliz celebrar\u00e1 su segundo torneo internacional de golf el s\u00e1bado <del>18 de noviembre<\/del> 9 de diciembre en el campo de golf Links. El evento est\u00e1 organizado con el apoyo del Programa de las Naciones Unidas para el Desarrollo (UNDP)\u00a0y el Consejo Nacional de Discapacidad (CONADIS) y beneficiar\u00e1 el proyecto piloto de la fundaci\u00f3n, la Escuela de Educaci\u00f3n Especial Padre Sebasti\u00e1n Cavalotto, ayudando a m\u00e1s de 200 estudiantes.\n\n<!--more-->\n\n<img data-recalc-dims=\"1\" loading=\"lazy\" decoding=\"async\" class=\"aligncenter size-full wp-image-125783\" src=\"https:\/\/i0.wp.com\/casadecampoliving.com\/wp-content\/uploads\/2022\/10\/DSC_0692-2.jpg?resize=1000%2C600&#038;ssl=1\" alt=\"\" width=\"1000\" height=\"600\" \/>\n\nLa fundaci\u00f3n El Ser Libre y Feliz, encabezada por Andr\u00e9s V\u00e9lez Cordero, que se <a href=\"https:\/\/casadecampoliving.com\/es\/el-ser-libre-y-feliz-por-la-escuela-padre-sebastian-cavalotto\/\" target=\"_blank\" rel=\"noopener\">inaugur\u00f3 el a\u00f1o pasado en la Marina, <\/a>explic\u00f3 que este proyecto consiste en mejorar la inclusi\u00f3n educativa de ni\u00f1os y adolescentes con necesidades especiales y tiene como objetivo prepararlos para llevar vidas productivos y independientes.\n\n<img data-recalc-dims=\"1\" loading=\"lazy\" decoding=\"async\" class=\"aligncenter size-full wp-image-148101\" src=\"https:\/\/i0.wp.com\/casadecampoliving.com\/wp-content\/uploads\/2022\/10\/IMG_2926.jpg?resize=1000%2C667&#038;ssl=1\" alt=\"\" width=\"1000\" height=\"667\" \/>\n\nEl \u00abEl Open Internacional de Golf El Ser Libre y Feliz 2017\u00bb se jugar\u00e1 en uno de los campos dise\u00f1ados por Pete Dye, The Links en formato <em>Stableford<\/em> dividido en categor\u00edas A y B. El evento estar\u00e1 dedicado al Dr. Abel \u00abCayo\u00bb Gonz\u00e1lez, reconocido m\u00e9dico en Santo Domingo, adem\u00e1s de un \u00e1vido jugador de golf. El director del torneo es el Sr. Joaqu\u00edn Montero, que podr\u00edas recordar como el ganador de los dos \u00faltimos torneos de padres e hijos junto con su hijo.\n\nEl a\u00f1o pasado, fuimos testigos de toda la diversi\u00f3n que tuvieron los jugadores durante el evento de caridad, \u00a1as\u00ed que les animamos a inscribirse y participar en una competencia amistosa! <a href=\"https:\/\/casadecampoliving.com\/es\/el-ser-libre-y-feliz-international-golf-open-3\/\" target=\"_blank\" rel=\"noopener\">El ex jugador de Grandes ligas, George Bell, fue quien gan\u00f3 el mejor puntaje<\/a> &#8216;Gross&#8217; del concurso en la categor\u00eda A en la \u00faltima edici\u00f3n, terminando el d\u00eda con un total de 35 puntos.\n\n<img data-recalc-dims=\"1\" loading=\"lazy\" decoding=\"async\" class=\"aligncenter wp-image-126374 size-full\" src=\"https:\/\/i0.wp.com\/casadecampoliving.com\/wp-content\/uploads\/2022\/10\/DSC_0857-1.jpg?resize=1000%2C667&#038;ssl=1\" alt=\"\" width=\"1000\" height=\"667\" \/>\n\nEl torneo de golf tendr\u00e1 un costo de RD $ 6,000 por participante y est\u00e1 abierto tanto a hombres como a mujeres, incluso a los j\u00f3venes golfistas. Si est\u00e1 interesado en participar por favor env\u00ede por correo electr\u00f3nico su nombre completo, handicap, y n\u00famero de tel\u00e9fono a <a href=\"mailto:info@elserlibreyfeliz.org\" target=\"_blank\" rel=\"noopener\">info@elserlibreyfeliz.org<\/a>. Los cupos son limitados, as\u00ed que \u00a1REGISTRESE AHORA! Adem\u00e1s, cualquier empresa interesada en apoyar esta importante causa puede ponerse en contacto con la fundaci\u00f3n llamando al 809-390-4905 y por correo electr\u00f3nico.\n\nEncuentra a continuaci\u00f3n los volantes con toda la informaci\u00f3n del torneo:\n\n\n<figure class=\"wp-block-gallery has-nested-images columns-default is-cropped wp-block-gallery-1 is-layout-flex wp-block-gallery-is-layout-flex\">\n<figure class=\"wp-block-image size-large\"><img data-recalc-dims=\"1\" loading=\"lazy\" decoding=\"async\" width=\"647\" height=\"1000\" data-id=\"500286\" src=\"https:\/\/i0.wp.com\/casadecampoliving.com\/wp-content\/uploads\/2022\/10\/Premiaciones-Reglamentos-%E2%80%A2-ElSerLibreYFeliz-International-Golf-Open-2017.jpg?resize=647%2C1000&#038;ssl=1\" alt=\"\" class=\"wp-image-500286\" srcset=\"https:\/\/i0.wp.com\/casadecampoliving.com\/wp-content\/uploads\/2022\/10\/Premiaciones-Reglamentos-%E2%80%A2-ElSerLibreYFeliz-International-Golf-Open-2017.jpg?w=647&amp;ssl=1 647w, https:\/\/i0.wp.com\/casadecampoliving.com\/wp-content\/uploads\/2022\/10\/Premiaciones-Reglamentos-%E2%80%A2-ElSerLibreYFeliz-International-Golf-Open-2017.jpg?resize=194%2C300&amp;ssl=1 194w, https:\/\/i0.wp.com\/casadecampoliving.com\/wp-content\/uploads\/2022\/10\/Premiaciones-Reglamentos-%E2%80%A2-ElSerLibreYFeliz-International-Golf-Open-2017.jpg?resize=400%2C618&amp;ssl=1 400w, https:\/\/i0.wp.com\/casadecampoliving.com\/wp-content\/uploads\/2022\/10\/Premiaciones-Reglamentos-%E2%80%A2-ElSerLibreYFeliz-International-Golf-Open-2017.jpg?resize=150%2C232&amp;ssl=1 150w, https:\/\/i0.wp.com\/casadecampoliving.com\/wp-content\/uploads\/2022\/10\/Premiaciones-Reglamentos-%E2%80%A2-ElSerLibreYFeliz-International-Golf-Open-2017.jpg?w=370&amp;ssl=1 370w\" sizes=\"auto, (max-width: 647px) 100vw, 647px\" \/><\/figure>\n\n\n\n<figure class=\"wp-block-image size-large\"><img data-recalc-dims=\"1\" loading=\"lazy\" decoding=\"async\" width=\"647\" height=\"1000\" data-id=\"500290\" src=\"https:\/\/i0.wp.com\/casadecampoliving.com\/wp-content\/uploads\/2022\/10\/Informacio%CC%81n-General-%E2%80%A2-ElSerLibreYFeliz-International-Golf-Open-2017.jpg?resize=647%2C1000&#038;ssl=1\" alt=\"\" class=\"wp-image-500290\" srcset=\"https:\/\/i0.wp.com\/casadecampoliving.com\/wp-content\/uploads\/2022\/10\/Informacio%CC%81n-General-%E2%80%A2-ElSerLibreYFeliz-International-Golf-Open-2017.jpg?w=647&amp;ssl=1 647w, https:\/\/i0.wp.com\/casadecampoliving.com\/wp-content\/uploads\/2022\/10\/Informacio%CC%81n-General-%E2%80%A2-ElSerLibreYFeliz-International-Golf-Open-2017.jpg?resize=194%2C300&amp;ssl=1 194w, https:\/\/i0.wp.com\/casadecampoliving.com\/wp-content\/uploads\/2022\/10\/Informacio%CC%81n-General-%E2%80%A2-ElSerLibreYFeliz-International-Golf-Open-2017.jpg?resize=400%2C618&amp;ssl=1 400w, https:\/\/i0.wp.com\/casadecampoliving.com\/wp-content\/uploads\/2022\/10\/Informacio%CC%81n-General-%E2%80%A2-ElSerLibreYFeliz-International-Golf-Open-2017.jpg?resize=150%2C232&amp;ssl=1 150w, https:\/\/i0.wp.com\/casadecampoliving.com\/wp-content\/uploads\/2022\/10\/Informacio%CC%81n-General-%E2%80%A2-ElSerLibreYFeliz-International-Golf-Open-2017.jpg?w=370&amp;ssl=1 370w\" sizes=\"auto, (max-width: 647px) 100vw, 647px\" \/><\/figure>\n<\/figure>\n\n<blockquote>\n<h4 style=\"text-align: justify;\"><strong>2ndo Open Internacional de Golf El Ser Libre y Feliz 2017<\/strong><\/h4>\n<img data-recalc-dims=\"1\" loading=\"lazy\" decoding=\"async\" class=\"aligncenter size-full wp-image-148224\" src=\"https:\/\/i0.wp.com\/casadecampoliving.com\/wp-content\/uploads\/2022\/10\/Contactos-ElSerLibreYFeliz-International-Golf-Open-2017.jpg?resize=1000%2C1000&#038;ssl=1\" alt=\"\" width=\"1000\" height=\"1000\" \/>\n\n<strong>Cu\u00e1ndo:<\/strong> <del>18 de noviembre<\/del>\u00a0s\u00e1bado, 9 de diciembre\n\n<strong>D\u00f3nde:<\/strong> Enlaces, Casa de Campo\n\n<strong>Qu\u00e9:<\/strong> El segundo Torneo Internacional de Golf de la fundaci\u00f3n en beneficio de ni\u00f1os con necesidades especiales\n\n<strong>Costo:<\/strong> RD $ 6,000 por participante\n\n<em>* Los cupos son limitadas; reg\u00edstrate ahora<\/em>\n\nCualquier empresa interesada en apoyar esta causa puede hacerlo llamando al Tel .: 809-742-0617, o por correo electr\u00f3nico\u00a0<a style=\"text-align: justify;\" href=\"mailto:info@elserlibreyfeliz.org\" target=\"_blank\" rel=\"noopener\">info@elserlibreyfeliz.org<\/a><span style=\"text-align: justify;\">\u00a0 y\/o\u00a0<\/span><a style=\"text-align: justify;\" href=\"mailto:william.velez@elserlibreyfeliz.org\" target=\"_blank\" rel=\"noopener\">william.velez@elserlibreyfeliz.org<\/a><span style=\"text-align: justify;\">.<\/span><\/blockquote>\n<blockquote>\n<h3>\u00abEl Ser Libre y Feliz\u00bb<\/h3>\n<span style=\"font-weight: 400;\"><img data-recalc-dims=\"1\" loading=\"lazy\" decoding=\"async\" class=\"size-full wp-image-118538 alignright\" src=\"https:\/\/i0.wp.com\/casadecampoliving.com\/wp-content\/uploads\/2022\/10\/ElSerLibreyFelizlogo-e1460904887363.png?resize=200%2C200&#038;ssl=1\" alt=\"El Ser Libre y Feliz\" width=\"200\" height=\"200\" \/><span style=\"text-align: justify;\">El Ser Libre y Feliz est\u00e1 dirigido a ayudar a instituciones de escasos recursos dedicadas a la educaci\u00f3n, la protecci\u00f3n y el desarrollo de los ni\u00f1os con discapacidades o que est\u00e1n en riesgo. Su visi\u00f3n es la de reducir la discriminaci\u00f3n para as\u00ed\u00a0facilitar la inclusion de los ni\u00f1os y los adultos j\u00f3venes en la sociedad. Su deseo es que pueden llevar vidas productivas e independientes con alta autoestima y crecer sin limitaciones en un ambiente de aceptaci\u00f3n y respeto.<\/span><\/span>\n\n<span style=\"text-align: justify;\">Andr\u00e9s Velez, Presidente<\/span>\n\n<strong style=\"text-align: justify;\">N\u00famero de tel\u00e9fono:<\/strong><span style=\"text-align: justify;\"> (809) 390-4905<\/span>\n\n<span style=\"text-align: justify;\">William V\u00e9lez, VP y Director de Comunicaciones<\/span>\n\n<strong style=\"text-align: justify;\">N\u00famero de tel\u00e9fono:<\/strong><span style=\"text-align: justify;\"> (809) 756-0196<\/span>\n\n<strong style=\"text-align: justify;\">Contacto:<\/strong>\n\n<strong style=\"text-align: justify;\">Correo electronico:<\/strong>\u00a0<a href=\"mailto:info@elserlibreyfeliz.org\" target=\"_blank\" rel=\"noopener\">i<\/a><a href=\"mailto:info@elserlibreyfeliz.org\" target=\"_blank\" rel=\"noopener\">nf<\/a><a href=\"mailto:info@elserlibreyfeliz.org\" target=\"_blank\" rel=\"noopener\">o@elserlibreyfeliz.org<\/a>\n\n<strong style=\"text-align: justify;\">P\u00e1gina Web: <\/strong><a style=\"text-align: justify;\" href=\"http:\/\/www.elserlibreyfeliz.org\/\" target=\"_blank\" rel=\"noopener\">www.elserlibreyfeliz.org<\/a>\n\n<strong style=\"text-align: justify;\">Facebook: <\/strong><a style=\"text-align: justify;\" href=\"https:\/\/www.facebook.com\/elserlibreyfeliz\/info\/?tab=page_info\" target=\"_blank\" rel=\"noopener\">Fundaci\u00f3n El Ser Libre y Feliz<\/a>\n\n<strong>Twitter:\u00a0<\/strong><a href=\"https:\/\/twitter.com\/elserlibre\" target=\"_blank\" rel=\"noopener\">@elserlibre<\/a><\/blockquote>","protected":false},"excerpt":{"rendered":"<p>\u00a1Muchos seguro ya se habr\u00e1n dado cuenta que el golf en Casa de Campo nunca se detiene! Este a\u00f1o, la fundaci\u00f3n El Ser Libre y Feliz celebrar\u00e1 su segundo torneo internacional de golf el s\u00e1bado 18 de noviembre 9 de diciembre en el campo de golf Links. El evento est\u00e1 organizado con el apoyo del [&hellip;]<\/p>\n","protected":false},"author":36682,"featured_media":311901,"comment_status":"closed","ping_status":"closed","sticky":false,"template":"","format":"standard","meta":{"newspack_ads_suppress_ads":false,"newspack_popups_has_disabled_popups":false,"newspack_sponsor_sponsorship_scope":"","newspack_sponsor_native_byline_display":"inherit","newspack_sponsor_native_category_display":"inherit","newspack_sponsor_underwriter_style":"inherit","newspack_sponsor_underwriter_placement":"inherit","_newspack_byline_active":false,"_newspack_byline":"","newspack_hide_updated_date":false,"newspack_show_updated_date":false,"newspack_content_restriction_is_exempt":false,"newspack_featured_image_position":"","newspack_post_subtitle":"","newspack_article_summary_title":"Overview:","newspack_article_summary":"","_jetpack_memberships_contains_paid_content":false,"footnotes":"","jetpack_publicize_message":"","jetpack_publicize_feature_enabled":true,"jetpack_social_post_already_shared":false,"jetpack_social_options":{"image_generator_settings":{"template":"highway","default_image_id":0,"font":"","enabled":false},"version":2},"_wpas_customize_per_network":false},"categories":[2521,2522,14631,14625,2514,2525,14627],"tags":[21855,19395,17272,18209,14836,14736,21857,3680,18932,8676,7830],"newspack_spnsrs_tax":[],"class_list":["post-352069","post","type-post","status-publish","format-standard","has-post-thumbnail","hentry","category-republica-dominicana-2","category-eventos-es","category-estilo-de-vida","category-noticias-locales","category-fundaciones-es","category-golf-deportes-es","category-proximamente","tag-abel-cayo-gonzalez-es","tag-andres-velez-cordero-es","tag-apoyo","tag-ayuda","tag-el-ser-libre-y-feliz-es","tag-featured-topview-es","tag-george-bell-es","tag-golf-es","tag-la-romana-es-4","tag-ninos","tag-torneo","entry"],"yoast_head":"<!-- This site is optimized with the Yoast SEO plugin v27.5 - https:\/\/yoast.com\/product\/yoast-seo-wordpress\/ -->\n<title>*ACTUALIZACION: NUEVA FECHA* \u00a1Inscr\u00edbase en la 2\u00aa edici\u00f3n del Open Internacional de Golf El Ser Libre y Feliz en Casa de Campo! | Casa de Campo Living<\/title>\n<meta name=\"description\" content=\"\u00a1Muchos seguro ya se habr\u00e1n dado cuenta que el golf en Casa de Campo nunca se detiene! Este a\u00f1o, la fundaci\u00f3n El Ser Libre y Feliz celebrar\u00e1 su segundo\" \/>\n<meta name=\"robots\" content=\"index, follow, max-snippet:-1, max-image-preview:large, max-video-preview:-1\" \/>\n<link rel=\"canonical\" href=\"https:\/\/casadecampoliving.com\/es\/2ndo-open-internacional-de-golf-el-ser-libre-y-feliz\/\" \/>\n<meta property=\"og:locale\" content=\"es_ES\" \/>\n<meta property=\"og:type\" content=\"article\" \/>\n<meta property=\"og:title\" content=\"*ACTUALIZACION: NUEVA FECHA* \u00a1Inscr\u00edbase en la 2\u00aa edici\u00f3n del Open Internacional de Golf El Ser Libre y Feliz en Casa de Campo! | Casa de Campo Living\" \/>\n<meta property=\"og:description\" content=\"\u00a1Muchos seguro ya se habr\u00e1n dado cuenta que el golf en Casa de Campo nunca se detiene! Este a\u00f1o, la fundaci\u00f3n El Ser Libre y Feliz celebrar\u00e1 su segundo\" \/>\n<meta property=\"og:url\" content=\"https:\/\/casadecampoliving.com\/es\/2ndo-open-internacional-de-golf-el-ser-libre-y-feliz\/\" \/>\n<meta property=\"og:site_name\" content=\"Casa de Campo Living\" \/>\n<meta property=\"article:publisher\" content=\"https:\/\/www.facebook.com\/casadecampoliving\" \/>\n<meta property=\"article:published_time\" content=\"2017-10-10T04:00:00+00:00\" \/>\n<meta property=\"article:modified_time\" content=\"2022-11-10T14:41:00+00:00\" \/>\n<meta property=\"og:image\" content=\"https:\/\/i0.wp.com\/casadecampoliving.com\/wp-content\/uploads\/2022\/10\/IMG_2930.jpg?fit=1000%2C667&ssl=1\" \/>\n\t<meta property=\"og:image:width\" content=\"1000\" \/>\n\t<meta property=\"og:image:height\" content=\"667\" \/>\n\t<meta property=\"og:image:type\" content=\"image\/jpeg\" \/>\n<meta name=\"author\" content=\"Marlenys Guzm\u00e1n Casta\u00f1os\" \/>\n<meta name=\"twitter:card\" content=\"summary_large_image\" \/>\n<meta name=\"twitter:creator\" content=\"@cdcliving\" \/>\n<meta name=\"twitter:site\" content=\"@cdcliving\" \/>\n<meta name=\"twitter:label1\" content=\"Escrito por\" \/>\n\t<meta name=\"twitter:data1\" content=\"Marlenys Guzm\u00e1n Casta\u00f1os\" \/>\n\t<meta name=\"twitter:label2\" content=\"Tiempo de lectura\" \/>\n\t<meta name=\"twitter:data2\" content=\"3 minutos\" \/>\n<script type=\"application\/ld+json\" class=\"yoast-schema-graph\">{\"@context\":\"https:\\\/\\\/schema.org\",\"@graph\":[{\"@type\":\"Article\",\"@id\":\"https:\\\/\\\/casadecampoliving.com\\\/es\\\/2ndo-open-internacional-de-golf-el-ser-libre-y-feliz\\\/#article\",\"isPartOf\":{\"@id\":\"https:\\\/\\\/casadecampoliving.com\\\/es\\\/2ndo-open-internacional-de-golf-el-ser-libre-y-feliz\\\/\"},\"author\":{\"name\":\"Marlenys Guzm\u00e1n Casta\u00f1os\",\"@id\":\"https:\\\/\\\/casadecampoliving.com\\\/es\\\/#\\\/schema\\\/person\\\/b6606bd87f9cec8f5903e2141cafda24\"},\"headline\":\"*ACTUALIZACION: NUEVA FECHA* \u00a1Inscr\u00edbase en la 2\u00aa edici\u00f3n del Open Internacional de Golf El Ser Libre y Feliz en Casa de Campo!\",\"datePublished\":\"2017-10-10T04:00:00+00:00\",\"dateModified\":\"2022-11-10T14:41:00+00:00\",\"mainEntityOfPage\":{\"@id\":\"https:\\\/\\\/casadecampoliving.com\\\/es\\\/2ndo-open-internacional-de-golf-el-ser-libre-y-feliz\\\/\"},\"wordCount\":658,\"publisher\":{\"@id\":\"https:\\\/\\\/casadecampoliving.com\\\/es\\\/#organization\"},\"image\":{\"@id\":\"https:\\\/\\\/casadecampoliving.com\\\/es\\\/2ndo-open-internacional-de-golf-el-ser-libre-y-feliz\\\/#primaryimage\"},\"thumbnailUrl\":\"https:\\\/\\\/i0.wp.com\\\/casadecampoliving.com\\\/wp-content\\\/uploads\\\/2022\\\/10\\\/IMG_2930.jpg?fit=1000%2C667&ssl=1\",\"keywords\":[\"Abel \\\"Cayo\\\" Gonz\u00e1lez @es\",\"Andr\u00e9s V\u00e9lez Cordero @es\",\"apoyo\",\"Ayuda\",\"El Ser Libre y Feliz @es\",\"Featured-TopView @es\",\"george bell @es\",\"golf @es\",\"La Romana\",\"ni\u00f1os\",\"torneo\"],\"articleSection\":[\"Rep\u00fablica Dominicana @es\",\"Eventos\",\"Estilo de Vida\",\"Noticias Locales\",\"Fundaciones\",\"Deportes\",\"Proximamente\"],\"inLanguage\":\"es\"},{\"@type\":\"WebPage\",\"@id\":\"https:\\\/\\\/casadecampoliving.com\\\/es\\\/2ndo-open-internacional-de-golf-el-ser-libre-y-feliz\\\/\",\"url\":\"https:\\\/\\\/casadecampoliving.com\\\/es\\\/2ndo-open-internacional-de-golf-el-ser-libre-y-feliz\\\/\",\"name\":\"*ACTUALIZACION: NUEVA FECHA* \u00a1Inscr\u00edbase en la 2\u00aa edici\u00f3n del Open Internacional de Golf El Ser Libre y Feliz en Casa de Campo! | Casa de Campo Living\",\"isPartOf\":{\"@id\":\"https:\\\/\\\/casadecampoliving.com\\\/es\\\/#website\"},\"primaryImageOfPage\":{\"@id\":\"https:\\\/\\\/casadecampoliving.com\\\/es\\\/2ndo-open-internacional-de-golf-el-ser-libre-y-feliz\\\/#primaryimage\"},\"image\":{\"@id\":\"https:\\\/\\\/casadecampoliving.com\\\/es\\\/2ndo-open-internacional-de-golf-el-ser-libre-y-feliz\\\/#primaryimage\"},\"thumbnailUrl\":\"https:\\\/\\\/i0.wp.com\\\/casadecampoliving.com\\\/wp-content\\\/uploads\\\/2022\\\/10\\\/IMG_2930.jpg?fit=1000%2C667&ssl=1\",\"datePublished\":\"2017-10-10T04:00:00+00:00\",\"dateModified\":\"2022-11-10T14:41:00+00:00\",\"description\":\"\u00a1Muchos seguro ya se habr\u00e1n dado cuenta que el golf en Casa de Campo nunca se detiene! Este a\u00f1o, la fundaci\u00f3n El Ser Libre y Feliz celebrar\u00e1 su segundo\",\"breadcrumb\":{\"@id\":\"https:\\\/\\\/casadecampoliving.com\\\/es\\\/2ndo-open-internacional-de-golf-el-ser-libre-y-feliz\\\/#breadcrumb\"},\"inLanguage\":\"es\",\"potentialAction\":[{\"@type\":\"ReadAction\",\"target\":[\"https:\\\/\\\/casadecampoliving.com\\\/es\\\/2ndo-open-internacional-de-golf-el-ser-libre-y-feliz\\\/\"]}]},{\"@type\":\"ImageObject\",\"inLanguage\":\"es\",\"@id\":\"https:\\\/\\\/casadecampoliving.com\\\/es\\\/2ndo-open-internacional-de-golf-el-ser-libre-y-feliz\\\/#primaryimage\",\"url\":\"https:\\\/\\\/i0.wp.com\\\/casadecampoliving.com\\\/wp-content\\\/uploads\\\/2022\\\/10\\\/IMG_2930.jpg?fit=1000%2C667&ssl=1\",\"contentUrl\":\"https:\\\/\\\/i0.wp.com\\\/casadecampoliving.com\\\/wp-content\\\/uploads\\\/2022\\\/10\\\/IMG_2930.jpg?fit=1000%2C667&ssl=1\",\"width\":1000,\"height\":667},{\"@type\":\"BreadcrumbList\",\"@id\":\"https:\\\/\\\/casadecampoliving.com\\\/es\\\/2ndo-open-internacional-de-golf-el-ser-libre-y-feliz\\\/#breadcrumb\",\"itemListElement\":[{\"@type\":\"ListItem\",\"position\":1,\"name\":\"Home\",\"item\":\"https:\\\/\\\/casadecampoliving.com\\\/es\\\/\"},{\"@type\":\"ListItem\",\"position\":2,\"name\":\"*ACTUALIZACION: NUEVA FECHA* \u00a1Inscr\u00edbase en la 2\u00aa edici\u00f3n del Open Internacional de Golf El Ser Libre y Feliz en Casa de Campo!\"}]},{\"@type\":\"WebSite\",\"@id\":\"https:\\\/\\\/casadecampoliving.com\\\/es\\\/#website\",\"url\":\"https:\\\/\\\/casadecampoliving.com\\\/es\\\/\",\"name\":\"Casa de Campo Living\",\"description\":\"Resort community news and resources.\",\"publisher\":{\"@id\":\"https:\\\/\\\/casadecampoliving.com\\\/es\\\/#organization\"},\"potentialAction\":[{\"@type\":\"SearchAction\",\"target\":{\"@type\":\"EntryPoint\",\"urlTemplate\":\"https:\\\/\\\/casadecampoliving.com\\\/es\\\/?s={search_term_string}\"},\"query-input\":{\"@type\":\"PropertyValueSpecification\",\"valueRequired\":true,\"valueName\":\"search_term_string\"}}],\"inLanguage\":\"es\"},{\"@type\":\"Organization\",\"@id\":\"https:\\\/\\\/casadecampoliving.com\\\/es\\\/#organization\",\"name\":\"Casa de Campo Living\",\"url\":\"https:\\\/\\\/casadecampoliving.com\\\/es\\\/\",\"logo\":{\"@type\":\"ImageObject\",\"inLanguage\":\"es\",\"@id\":\"https:\\\/\\\/casadecampoliving.com\\\/es\\\/#\\\/schema\\\/logo\\\/image\\\/\",\"url\":\"https:\\\/\\\/i0.wp.com\\\/casadecampoliving.com\\\/wp-content\\\/uploads\\\/2022\\\/07\\\/CDCLivingLogo_V1-white-sized.png?fit=800%2C214&ssl=1\",\"contentUrl\":\"https:\\\/\\\/i0.wp.com\\\/casadecampoliving.com\\\/wp-content\\\/uploads\\\/2022\\\/07\\\/CDCLivingLogo_V1-white-sized.png?fit=800%2C214&ssl=1\",\"width\":800,\"height\":214,\"caption\":\"Casa de Campo Living\"},\"image\":{\"@id\":\"https:\\\/\\\/casadecampoliving.com\\\/es\\\/#\\\/schema\\\/logo\\\/image\\\/\"},\"sameAs\":[\"https:\\\/\\\/www.facebook.com\\\/casadecampoliving\",\"https:\\\/\\\/x.com\\\/cdcliving\"]},{\"@type\":\"Person\",\"@id\":\"https:\\\/\\\/casadecampoliving.com\\\/es\\\/#\\\/schema\\\/person\\\/b6606bd87f9cec8f5903e2141cafda24\",\"name\":\"Marlenys Guzm\u00e1n Casta\u00f1os\",\"image\":{\"@type\":\"ImageObject\",\"inLanguage\":\"es\",\"@id\":\"https:\\\/\\\/secure.gravatar.com\\\/avatar\\\/72f3f86b8e6b3ec744201aeadf11d4a6055e8af194aecd9ad30ffff4437878ee?s=96&d=mm&r=g\",\"url\":\"https:\\\/\\\/secure.gravatar.com\\\/avatar\\\/72f3f86b8e6b3ec744201aeadf11d4a6055e8af194aecd9ad30ffff4437878ee?s=96&d=mm&r=g\",\"contentUrl\":\"https:\\\/\\\/secure.gravatar.com\\\/avatar\\\/72f3f86b8e6b3ec744201aeadf11d4a6055e8af194aecd9ad30ffff4437878ee?s=96&d=mm&r=g\",\"caption\":\"Marlenys Guzm\u00e1n Casta\u00f1os\"},\"url\":\"https:\\\/\\\/casadecampoliving.com\\\/es\\\/author\\\/mguzman\\\/\"}]}<\/script>\n<!-- \/ Yoast SEO plugin. -->","yoast_head_json":{"title":"*ACTUALIZACION: NUEVA FECHA* \u00a1Inscr\u00edbase en la 2\u00aa edici\u00f3n del Open Internacional de Golf El Ser Libre y Feliz en Casa de Campo! | Casa de Campo Living","description":"\u00a1Muchos seguro ya se habr\u00e1n dado cuenta que el golf en Casa de Campo nunca se detiene! Este a\u00f1o, la fundaci\u00f3n El Ser Libre y Feliz celebrar\u00e1 su segundo","robots":{"index":"index","follow":"follow","max-snippet":"max-snippet:-1","max-image-preview":"max-image-preview:large","max-video-preview":"max-video-preview:-1"},"canonical":"https:\/\/casadecampoliving.com\/es\/2ndo-open-internacional-de-golf-el-ser-libre-y-feliz\/","og_locale":"es_ES","og_type":"article","og_title":"*ACTUALIZACION: NUEVA FECHA* \u00a1Inscr\u00edbase en la 2\u00aa edici\u00f3n del Open Internacional de Golf El Ser Libre y Feliz en Casa de Campo! | Casa de Campo Living","og_description":"\u00a1Muchos seguro ya se habr\u00e1n dado cuenta que el golf en Casa de Campo nunca se detiene! Este a\u00f1o, la fundaci\u00f3n El Ser Libre y Feliz celebrar\u00e1 su segundo","og_url":"https:\/\/casadecampoliving.com\/es\/2ndo-open-internacional-de-golf-el-ser-libre-y-feliz\/","og_site_name":"Casa de Campo Living","article_publisher":"https:\/\/www.facebook.com\/casadecampoliving","article_published_time":"2017-10-10T04:00:00+00:00","article_modified_time":"2022-11-10T14:41:00+00:00","og_image":[{"width":1000,"height":667,"url":"https:\/\/i0.wp.com\/casadecampoliving.com\/wp-content\/uploads\/2022\/10\/IMG_2930.jpg?fit=1000%2C667&ssl=1","type":"image\/jpeg"}],"author":"Marlenys Guzm\u00e1n Casta\u00f1os","twitter_card":"summary_large_image","twitter_creator":"@cdcliving","twitter_site":"@cdcliving","twitter_misc":{"Escrito por":"Marlenys Guzm\u00e1n Casta\u00f1os","Tiempo de lectura":"3 minutos"},"schema":{"@context":"https:\/\/schema.org","@graph":[{"@type":"Article","@id":"https:\/\/casadecampoliving.com\/es\/2ndo-open-internacional-de-golf-el-ser-libre-y-feliz\/#article","isPartOf":{"@id":"https:\/\/casadecampoliving.com\/es\/2ndo-open-internacional-de-golf-el-ser-libre-y-feliz\/"},"author":{"name":"Marlenys Guzm\u00e1n Casta\u00f1os","@id":"https:\/\/casadecampoliving.com\/es\/#\/schema\/person\/b6606bd87f9cec8f5903e2141cafda24"},"headline":"*ACTUALIZACION: NUEVA FECHA* \u00a1Inscr\u00edbase en la 2\u00aa edici\u00f3n del Open Internacional de Golf El Ser Libre y Feliz en Casa de Campo!","datePublished":"2017-10-10T04:00:00+00:00","dateModified":"2022-11-10T14:41:00+00:00","mainEntityOfPage":{"@id":"https:\/\/casadecampoliving.com\/es\/2ndo-open-internacional-de-golf-el-ser-libre-y-feliz\/"},"wordCount":658,"publisher":{"@id":"https:\/\/casadecampoliving.com\/es\/#organization"},"image":{"@id":"https:\/\/casadecampoliving.com\/es\/2ndo-open-internacional-de-golf-el-ser-libre-y-feliz\/#primaryimage"},"thumbnailUrl":"https:\/\/i0.wp.com\/casadecampoliving.com\/wp-content\/uploads\/2022\/10\/IMG_2930.jpg?fit=1000%2C667&ssl=1","keywords":["Abel \"Cayo\" Gonz\u00e1lez @es","Andr\u00e9s V\u00e9lez Cordero @es","apoyo","Ayuda","El Ser Libre y Feliz @es","Featured-TopView @es","george bell @es","golf @es","La Romana","ni\u00f1os","torneo"],"articleSection":["Rep\u00fablica Dominicana @es","Eventos","Estilo de Vida","Noticias Locales","Fundaciones","Deportes","Proximamente"],"inLanguage":"es"},{"@type":"WebPage","@id":"https:\/\/casadecampoliving.com\/es\/2ndo-open-internacional-de-golf-el-ser-libre-y-feliz\/","url":"https:\/\/casadecampoliving.com\/es\/2ndo-open-internacional-de-golf-el-ser-libre-y-feliz\/","name":"*ACTUALIZACION: NUEVA FECHA* \u00a1Inscr\u00edbase en la 2\u00aa edici\u00f3n del Open Internacional de Golf El Ser Libre y Feliz en Casa de Campo! | Casa de Campo Living","isPartOf":{"@id":"https:\/\/casadecampoliving.com\/es\/#website"},"primaryImageOfPage":{"@id":"https:\/\/casadecampoliving.com\/es\/2ndo-open-internacional-de-golf-el-ser-libre-y-feliz\/#primaryimage"},"image":{"@id":"https:\/\/casadecampoliving.com\/es\/2ndo-open-internacional-de-golf-el-ser-libre-y-feliz\/#primaryimage"},"thumbnailUrl":"https:\/\/i0.wp.com\/casadecampoliving.com\/wp-content\/uploads\/2022\/10\/IMG_2930.jpg?fit=1000%2C667&ssl=1","datePublished":"2017-10-10T04:00:00+00:00","dateModified":"2022-11-10T14:41:00+00:00","description":"\u00a1Muchos seguro ya se habr\u00e1n dado cuenta que el golf en Casa de Campo nunca se detiene! Este a\u00f1o, la fundaci\u00f3n El Ser Libre y Feliz celebrar\u00e1 su segundo","breadcrumb":{"@id":"https:\/\/casadecampoliving.com\/es\/2ndo-open-internacional-de-golf-el-ser-libre-y-feliz\/#breadcrumb"},"inLanguage":"es","potentialAction":[{"@type":"ReadAction","target":["https:\/\/casadecampoliving.com\/es\/2ndo-open-internacional-de-golf-el-ser-libre-y-feliz\/"]}]},{"@type":"ImageObject","inLanguage":"es","@id":"https:\/\/casadecampoliving.com\/es\/2ndo-open-internacional-de-golf-el-ser-libre-y-feliz\/#primaryimage","url":"https:\/\/i0.wp.com\/casadecampoliving.com\/wp-content\/uploads\/2022\/10\/IMG_2930.jpg?fit=1000%2C667&ssl=1","contentUrl":"https:\/\/i0.wp.com\/casadecampoliving.com\/wp-content\/uploads\/2022\/10\/IMG_2930.jpg?fit=1000%2C667&ssl=1","width":1000,"height":667},{"@type":"BreadcrumbList","@id":"https:\/\/casadecampoliving.com\/es\/2ndo-open-internacional-de-golf-el-ser-libre-y-feliz\/#breadcrumb","itemListElement":[{"@type":"ListItem","position":1,"name":"Home","item":"https:\/\/casadecampoliving.com\/es\/"},{"@type":"ListItem","position":2,"name":"*ACTUALIZACION: NUEVA FECHA* \u00a1Inscr\u00edbase en la 2\u00aa edici\u00f3n del Open Internacional de Golf El Ser Libre y Feliz en Casa de Campo!"}]},{"@type":"WebSite","@id":"https:\/\/casadecampoliving.com\/es\/#website","url":"https:\/\/casadecampoliving.com\/es\/","name":"Casa de Campo Living","description":"Resort community news and resources.","publisher":{"@id":"https:\/\/casadecampoliving.com\/es\/#organization"},"potentialAction":[{"@type":"SearchAction","target":{"@type":"EntryPoint","urlTemplate":"https:\/\/casadecampoliving.com\/es\/?s={search_term_string}"},"query-input":{"@type":"PropertyValueSpecification","valueRequired":true,"valueName":"search_term_string"}}],"inLanguage":"es"},{"@type":"Organization","@id":"https:\/\/casadecampoliving.com\/es\/#organization","name":"Casa de Campo Living","url":"https:\/\/casadecampoliving.com\/es\/","logo":{"@type":"ImageObject","inLanguage":"es","@id":"https:\/\/casadecampoliving.com\/es\/#\/schema\/logo\/image\/","url":"https:\/\/i0.wp.com\/casadecampoliving.com\/wp-content\/uploads\/2022\/07\/CDCLivingLogo_V1-white-sized.png?fit=800%2C214&ssl=1","contentUrl":"https:\/\/i0.wp.com\/casadecampoliving.com\/wp-content\/uploads\/2022\/07\/CDCLivingLogo_V1-white-sized.png?fit=800%2C214&ssl=1","width":800,"height":214,"caption":"Casa de Campo Living"},"image":{"@id":"https:\/\/casadecampoliving.com\/es\/#\/schema\/logo\/image\/"},"sameAs":["https:\/\/www.facebook.com\/casadecampoliving","https:\/\/x.com\/cdcliving"]},{"@type":"Person","@id":"https:\/\/casadecampoliving.com\/es\/#\/schema\/person\/b6606bd87f9cec8f5903e2141cafda24","name":"Marlenys Guzm\u00e1n Casta\u00f1os","image":{"@type":"ImageObject","inLanguage":"es","@id":"https:\/\/secure.gravatar.com\/avatar\/72f3f86b8e6b3ec744201aeadf11d4a6055e8af194aecd9ad30ffff4437878ee?s=96&d=mm&r=g","url":"https:\/\/secure.gravatar.com\/avatar\/72f3f86b8e6b3ec744201aeadf11d4a6055e8af194aecd9ad30ffff4437878ee?s=96&d=mm&r=g","contentUrl":"https:\/\/secure.gravatar.com\/avatar\/72f3f86b8e6b3ec744201aeadf11d4a6055e8af194aecd9ad30ffff4437878ee?s=96&d=mm&r=g","caption":"Marlenys Guzm\u00e1n Casta\u00f1os"},"url":"https:\/\/casadecampoliving.com\/es\/author\/mguzman\/"}]}},"parsely":{"version":"1.1.0","canonical_url":"https:\/\/casadecampoliving.com\/es\/2ndo-open-internacional-de-golf-el-ser-libre-y-feliz\/","smart_links":{"inbound":0,"outbound":0},"traffic_boost_suggestions_count":0,"meta":{"@context":"https:\/\/schema.org","@type":"NewsArticle","headline":"*ACTUALIZACION: NUEVA FECHA* \u00a1Inscr\u00edbase en la 2\u00aa edici\u00f3n del Open Internacional de Golf El Ser Libre y Feliz en Casa de Campo!","url":"http:\/\/casadecampoliving.com\/es\/2ndo-open-internacional-de-golf-el-ser-libre-y-feliz\/","mainEntityOfPage":{"@type":"WebPage","@id":"http:\/\/casadecampoliving.com\/es\/2ndo-open-internacional-de-golf-el-ser-libre-y-feliz\/"},"thumbnailUrl":"https:\/\/i0.wp.com\/casadecampoliving.com\/wp-content\/uploads\/2022\/10\/IMG_2930.jpg?resize=150%2C150&ssl=1","image":{"@type":"ImageObject","url":"https:\/\/i0.wp.com\/casadecampoliving.com\/wp-content\/uploads\/2022\/10\/IMG_2930.jpg?fit=1000%2C667&ssl=1"},"articleSection":"Rep\u00fablica Dominicana @es","author":[{"@type":"Person","name":"Marlenys Guzm\u00e1n Casta\u00f1os"}],"creator":["Marlenys Guzm\u00e1n Casta\u00f1os"],"publisher":{"@type":"Organization","name":"Casa de Campo Living","logo":"https:\/\/casadecampoliving.com\/wp-content\/uploads\/2022\/07\/CDCLivingLogo_V1-white-sized.png"},"keywords":["abel \"cayo\" gonz\u00e1lez @es","andr\u00e9s v\u00e9lez cordero @es","apoyo","ayuda","el ser libre y feliz @es","featured-topview @es","george bell @es","golf @es","la romana","ni\u00f1os","torneo"],"dateCreated":"2017-10-10T04:00:00Z","datePublished":"2017-10-10T04:00:00Z","dateModified":"2022-11-10T14:41:00Z"},"rendered":"<script type=\"application\/ld+json\" class=\"wp-parsely-metadata\">{\"@context\":\"https:\\\/\\\/schema.org\",\"@type\":\"NewsArticle\",\"headline\":\"*ACTUALIZACION: NUEVA FECHA* \\u00a1Inscr\\u00edbase en la 2\\u00aa edici\\u00f3n del Open Internacional de Golf El Ser Libre y Feliz en Casa de Campo!\",\"url\":\"http:\\\/\\\/casadecampoliving.com\\\/es\\\/2ndo-open-internacional-de-golf-el-ser-libre-y-feliz\\\/\",\"mainEntityOfPage\":{\"@type\":\"WebPage\",\"@id\":\"http:\\\/\\\/casadecampoliving.com\\\/es\\\/2ndo-open-internacional-de-golf-el-ser-libre-y-feliz\\\/\"},\"thumbnailUrl\":\"https:\\\/\\\/i0.wp.com\\\/casadecampoliving.com\\\/wp-content\\\/uploads\\\/2022\\\/10\\\/IMG_2930.jpg?resize=150%2C150&ssl=1\",\"image\":{\"@type\":\"ImageObject\",\"url\":\"https:\\\/\\\/i0.wp.com\\\/casadecampoliving.com\\\/wp-content\\\/uploads\\\/2022\\\/10\\\/IMG_2930.jpg?fit=1000%2C667&ssl=1\"},\"articleSection\":\"Rep\\u00fablica Dominicana @es\",\"author\":[{\"@type\":\"Person\",\"name\":\"Marlenys Guzm\\u00e1n Casta\\u00f1os\"}],\"creator\":[\"Marlenys Guzm\\u00e1n Casta\\u00f1os\"],\"publisher\":{\"@type\":\"Organization\",\"name\":\"Casa de Campo Living\",\"logo\":\"https:\\\/\\\/casadecampoliving.com\\\/wp-content\\\/uploads\\\/2022\\\/07\\\/CDCLivingLogo_V1-white-sized.png\"},\"keywords\":[\"abel \\\"cayo\\\" gonz\\u00e1lez @es\",\"andr\\u00e9s v\\u00e9lez cordero @es\",\"apoyo\",\"ayuda\",\"el ser libre y feliz @es\",\"featured-topview @es\",\"george bell @es\",\"golf @es\",\"la romana\",\"ni\\u00f1os\",\"torneo\"],\"dateCreated\":\"2017-10-10T04:00:00Z\",\"datePublished\":\"2017-10-10T04:00:00Z\",\"dateModified\":\"2022-11-10T14:41:00Z\"}<\/script>","tracker_url":"https:\/\/cdn.parsely.com\/keys\/casadecampoliving.com\/p.js"},"jetpack_publicize_connections":[],"jetpack_featured_media_url":"https:\/\/i0.wp.com\/casadecampoliving.com\/wp-content\/uploads\/2022\/10\/IMG_2930.jpg?fit=1000%2C667&ssl=1","jetpack-related-posts":[{"id":352842,"url":"https:\/\/casadecampoliving.com\/es\/registrese-para-el-3er-open-internacional-de-golf-el-ser-libre-y-feliz-en-casa-de-campo\/","url_meta":{"origin":352069,"position":0},"title":"\u00a1Reg\u00edstrese para el 3er Open Internacional de Golf El Ser Libre y Feliz en Casa de Campo!","author":"Marlenys Guzm\u00e1n Casta\u00f1os","date":"29 Ago, 2018","format":false,"excerpt":"Como muchos de ustedes ya seguro se habr\u00e1n dado cuenta, \u00a1el golf en Casa nunca se detiene! Este a\u00f1o, la fundaci\u00f3n El Ser Libre y Feliz celebrar\u00e1 su tercer\u00a0Open Internacional de Golf el s\u00e1bado 20 de octubre\u00a0(actualizado) domingo 2 de diciembre en Casa de Campo. El evento est\u00e1 organizado con\u2026","rel":"","context":"En \u00abDeportes\u00bb","block_context":{"text":"Deportes","link":"https:\/\/casadecampoliving.com\/es\/category\/golf-deportes-es\/"},"img":{"alt_text":"","src":"https:\/\/i0.wp.com\/casadecampoliving.com\/wp-content\/uploads\/2018\/08\/IMG_1346.jpg?resize=350%2C200&ssl=1","width":350,"height":200,"srcset":"https:\/\/i0.wp.com\/casadecampoliving.com\/wp-content\/uploads\/2018\/08\/IMG_1346.jpg?resize=350%2C200&ssl=1 1x, https:\/\/i0.wp.com\/casadecampoliving.com\/wp-content\/uploads\/2018\/08\/IMG_1346.jpg?resize=525%2C300&ssl=1 1.5x, https:\/\/i0.wp.com\/casadecampoliving.com\/wp-content\/uploads\/2018\/08\/IMG_1346.jpg?resize=700%2C400&ssl=1 2x"},"classes":[]},{"id":352276,"url":"https:\/\/casadecampoliving.com\/es\/ultima-oportunidad-para-inscribirse-en-la-2a-edicion-del-open-internacional-de-golf-el-ser-libre-y-feliz-manana\/","url_meta":{"origin":352069,"position":1},"title":"\u00a1\u00daLTIMA OPORTUNIDAD para inscribirse en la 2\u00aa edici\u00f3n del Open Internacional de Golf El Ser Libre y Feliz ma\u00f1ana!","author":"Heather Lincoln","date":"8 Dic, 2017","format":false,"excerpt":"Los eventos deportivos relacionados con la caridad en Casa de Campo no son una rareza. Recientemente, hemos visto celebridades de renombre como Big Papi disfrutar de rondas en el Teeth of the Dog con muchos de sus amigos para el David Ortiz Children\u2019s Fund, y no mucho antes cientos de\u2026","rel":"","context":"En \u00abDeportes\u00bb","block_context":{"text":"Deportes","link":"https:\/\/casadecampoliving.com\/es\/category\/golf-deportes-es\/"},"img":{"alt_text":"El Ser Libre y Feliz Golf Tournament","src":"https:\/\/i0.wp.com\/casadecampoliving.com\/wp-content\/uploads\/2022\/10\/IMG_2922-e1512754691446.jpg?fit=1000%2C600&ssl=1&resize=350%2C200","width":350,"height":200,"srcset":"https:\/\/i0.wp.com\/casadecampoliving.com\/wp-content\/uploads\/2022\/10\/IMG_2922-e1512754691446.jpg?fit=1000%2C600&ssl=1&resize=350%2C200 1x, https:\/\/i0.wp.com\/casadecampoliving.com\/wp-content\/uploads\/2022\/10\/IMG_2922-e1512754691446.jpg?fit=1000%2C600&ssl=1&resize=525%2C300 1.5x, https:\/\/i0.wp.com\/casadecampoliving.com\/wp-content\/uploads\/2022\/10\/IMG_2922-e1512754691446.jpg?fit=1000%2C600&ssl=1&resize=700%2C400 2x"},"classes":[]},{"id":350632,"url":"https:\/\/casadecampoliving.com\/es\/1er-torneo-el-ser-libre-y-feliz-international-golf-open\/","url_meta":{"origin":352069,"position":2},"title":"\u00a1El 1er torneo \u201cEl Ser Libre y Feliz International Golf Open\u201d en Casa de Campo ser\u00e1 la pr\u00f3xima semana!","author":"Marlenys Guzm\u00e1n Casta\u00f1os","date":"13 Oct, 2016","format":false,"excerpt":"El Golf nunca se detiene en Casa, y cuando usted juega el deporte\u00a0que ama y puede ayudar a contribuir a una buena causa, \u00a1hace que sea\u00a0a\u00fan mejor! La fundaci\u00f3n El Ser Libre y Feliz fundada\u00a0por Andr\u00e9s V\u00e9lez Cordero a principios de este a\u00f1o estar\u00e1 celebrando su primer Abierto de Golf\u2026","rel":"","context":"En \u00abCasa de Campo Living @es\u00bb","block_context":{"text":"Casa de Campo Living @es","link":"https:\/\/casadecampoliving.com\/category\/casa-de-campo-living-es\/"},"img":{"alt_text":"","src":"https:\/\/i0.wp.com\/casadecampoliving.com\/wp-content\/uploads\/2022\/10\/Dye-Fore-10_golfers.jpg?fit=1000%2C600&ssl=1&resize=350%2C200","width":350,"height":200,"srcset":"https:\/\/i0.wp.com\/casadecampoliving.com\/wp-content\/uploads\/2022\/10\/Dye-Fore-10_golfers.jpg?fit=1000%2C600&ssl=1&resize=350%2C200 1x, https:\/\/i0.wp.com\/casadecampoliving.com\/wp-content\/uploads\/2022\/10\/Dye-Fore-10_golfers.jpg?fit=1000%2C600&ssl=1&resize=525%2C300 1.5x, https:\/\/i0.wp.com\/casadecampoliving.com\/wp-content\/uploads\/2022\/10\/Dye-Fore-10_golfers.jpg?fit=1000%2C600&ssl=1&resize=700%2C400 2x"},"classes":[]},{"id":352320,"url":"https:\/\/casadecampoliving.com\/es\/george-olivo-gana-el-2o-open-internacional-de-golf-el-ser-libre-y-feliz-2017\/","url_meta":{"origin":352069,"position":3},"title":"George Olivo gana el 2\u00ba Open Internacional de Golf El Ser Libre y Feliz 2017","author":"Marlenys Guzm\u00e1n Casta\u00f1os","date":"22 Dic, 2017","format":false,"excerpt":"El 2\u00ba Open Internacional de Golf El Ser Libre y Feliz 2017, que cont\u00f3 con el apoyo institucional del Programa de las Naciones Unidas para el Desarrollo (PNUD) y el Consejo Nacional de Discapacidad (CONADIS), se llev\u00f3 a cabo en el campo de golf The Link en Casa de Campo.\u2026","rel":"","context":"En \u00abDeportes\u00bb","block_context":{"text":"Deportes","link":"https:\/\/casadecampoliving.com\/es\/category\/golf-deportes-es\/"},"img":{"alt_text":"","src":"https:\/\/i0.wp.com\/casadecampoliving.com\/wp-content\/uploads\/2022\/10\/IMG_2805.jpg?fit=1000%2C662&ssl=1&resize=350%2C200","width":350,"height":200,"srcset":"https:\/\/i0.wp.com\/casadecampoliving.com\/wp-content\/uploads\/2022\/10\/IMG_2805.jpg?fit=1000%2C662&ssl=1&resize=350%2C200 1x, https:\/\/i0.wp.com\/casadecampoliving.com\/wp-content\/uploads\/2022\/10\/IMG_2805.jpg?fit=1000%2C662&ssl=1&resize=525%2C300 1.5x, https:\/\/i0.wp.com\/casadecampoliving.com\/wp-content\/uploads\/2022\/10\/IMG_2805.jpg?fit=1000%2C662&ssl=1&resize=700%2C400 2x"},"classes":[]},{"id":350550,"url":"https:\/\/casadecampoliving.com\/es\/el-ser-libre-y-feliz-international-golf-open\/","url_meta":{"origin":352069,"position":4},"title":"\u00a1Inscr\u00edbase en el 1er torneo \u00abEl Ser Libre y Feliz International Golf Open\u00bb en Casa de Campo!","author":"Marlenys Guzm\u00e1n Casta\u00f1os","date":"28 Sep, 2016","format":false,"excerpt":"La Fundaci\u00f3n El Ser Libre y Feliz, dirigido por Andr\u00e9s V\u00e9lez Cordero, fundada a principios de este a\u00f1o e inaugurado el 1 de marzo en La Marina, estar\u00e1 celebrando su primer Torneo Internacional de Golf el domingo 23 de octubre en el campo\u00a0de golf Dye Fore. Esto ser\u00e1 seguido por\u2026","rel":"","context":"En \u00abCasa de Campo Living @es\u00bb","block_context":{"text":"Casa de Campo Living @es","link":"https:\/\/casadecampoliving.com\/category\/casa-de-campo-living-es\/"},"img":{"alt_text":"Dye Fore","src":"https:\/\/i0.wp.com\/casadecampoliving.com\/wp-content\/uploads\/2022\/10\/Dye_Fore_Chavon_1-e1475032350216.jpg?fit=1000%2C666&ssl=1&resize=350%2C200","width":350,"height":200,"srcset":"https:\/\/i0.wp.com\/casadecampoliving.com\/wp-content\/uploads\/2022\/10\/Dye_Fore_Chavon_1-e1475032350216.jpg?fit=1000%2C666&ssl=1&resize=350%2C200 1x, https:\/\/i0.wp.com\/casadecampoliving.com\/wp-content\/uploads\/2022\/10\/Dye_Fore_Chavon_1-e1475032350216.jpg?fit=1000%2C666&ssl=1&resize=525%2C300 1.5x, https:\/\/i0.wp.com\/casadecampoliving.com\/wp-content\/uploads\/2022\/10\/Dye_Fore_Chavon_1-e1475032350216.jpg?fit=1000%2C666&ssl=1&resize=700%2C400 2x"},"classes":[]},{"id":433460,"url":"https:\/\/casadecampoliving.com\/es\/no-se-pierdan-el-increible-tributo-a-frank-sinatra-para-celebrar-el-40-aniversario-del-anfiteatro-altos-de-chavon\/","url_meta":{"origin":352069,"position":5},"title":"No se pierdan el incre\u00edble tributo a Frank Sinatra para celebrar el 40 aniversario del\u00a0Anfiteatro Altos de Chav\u00f3n","author":"Casa de Campo Living","date":"20 Oct, 2022","format":false,"excerpt":"Siendo uno de los escenarios m\u00e1s emblem\u00e1ticos del pa\u00eds, Casa de Campo Resort\u00ae & Villas celebra las cuatro d\u00e9cadas de aniversario de Altos de Chav\u00f3n con un tributo al gran Frank Sinatra, protagonizado por artistas invitados y una big band tal cual la que acompa\u00f1\u00f3 al artista hace 40 a\u00f1os\u2026","rel":"","context":"En \u00abUncategorized @es\u00bb","block_context":{"text":"Uncategorized @es","link":"https:\/\/casadecampoliving.com\/es\/category\/uncategorized-es\/"},"img":{"alt_text":"","src":"https:\/\/i0.wp.com\/casadecampoliving.com\/wp-content\/uploads\/2022\/10\/Tributo-Frank-Sinatra-Foto-Principal-Amaury-Sanchez-Danilo-Ginebra-Andres-Pichardo-y-Jose-Gabriel-Perez-.jpg?fit=1200%2C873&ssl=1&resize=350%2C200","width":350,"height":200,"srcset":"https:\/\/i0.wp.com\/casadecampoliving.com\/wp-content\/uploads\/2022\/10\/Tributo-Frank-Sinatra-Foto-Principal-Amaury-Sanchez-Danilo-Ginebra-Andres-Pichardo-y-Jose-Gabriel-Perez-.jpg?fit=1200%2C873&ssl=1&resize=350%2C200 1x, https:\/\/i0.wp.com\/casadecampoliving.com\/wp-content\/uploads\/2022\/10\/Tributo-Frank-Sinatra-Foto-Principal-Amaury-Sanchez-Danilo-Ginebra-Andres-Pichardo-y-Jose-Gabriel-Perez-.jpg?fit=1200%2C873&ssl=1&resize=525%2C300 1.5x, https:\/\/i0.wp.com\/casadecampoliving.com\/wp-content\/uploads\/2022\/10\/Tributo-Frank-Sinatra-Foto-Principal-Amaury-Sanchez-Danilo-Ginebra-Andres-Pichardo-y-Jose-Gabriel-Perez-.jpg?fit=1200%2C873&ssl=1&resize=700%2C400 2x, https:\/\/i0.wp.com\/casadecampoliving.com\/wp-content\/uploads\/2022\/10\/Tributo-Frank-Sinatra-Foto-Principal-Amaury-Sanchez-Danilo-Ginebra-Andres-Pichardo-y-Jose-Gabriel-Perez-.jpg?fit=1200%2C873&ssl=1&resize=1050%2C600 3x"},"classes":[]}],"jetpack_sharing_enabled":true,"_links":{"self":[{"href":"https:\/\/casadecampoliving.com\/es\/wp-json\/wp\/v2\/posts\/352069","targetHints":{"allow":["GET"]}}],"collection":[{"href":"https:\/\/casadecampoliving.com\/es\/wp-json\/wp\/v2\/posts"}],"about":[{"href":"https:\/\/casadecampoliving.com\/es\/wp-json\/wp\/v2\/types\/post"}],"author":[{"embeddable":true,"href":"https:\/\/casadecampoliving.com\/es\/wp-json\/wp\/v2\/users\/36682"}],"replies":[{"embeddable":true,"href":"https:\/\/casadecampoliving.com\/es\/wp-json\/wp\/v2\/comments?post=352069"}],"version-history":[{"count":2,"href":"https:\/\/casadecampoliving.com\/es\/wp-json\/wp\/v2\/posts\/352069\/revisions"}],"predecessor-version":[{"id":509021,"href":"https:\/\/casadecampoliving.com\/es\/wp-json\/wp\/v2\/posts\/352069\/revisions\/509021"}],"wp:featuredmedia":[{"embeddable":true,"href":"https:\/\/casadecampoliving.com\/es\/wp-json\/wp\/v2\/media\/311901"}],"wp:attachment":[{"href":"https:\/\/casadecampoliving.com\/es\/wp-json\/wp\/v2\/media?parent=352069"}],"wp:term":[{"taxonomy":"category","embeddable":true,"href":"https:\/\/casadecampoliving.com\/es\/wp-json\/wp\/v2\/categories?post=352069"},{"taxonomy":"post_tag","embeddable":true,"href":"https:\/\/casadecampoliving.com\/es\/wp-json\/wp\/v2\/tags?post=352069"},{"taxonomy":"newspack_spnsrs_tax","embeddable":true,"href":"https:\/\/casadecampoliving.com\/es\/wp-json\/wp\/v2\/newspack_spnsrs_tax?post=352069"}],"curies":[{"name":"wp","href":"https:\/\/api.w.org\/{rel}","templated":true}]}}