{"id":352018,"date":"2017-09-25T00:00:00","date_gmt":"2017-09-25T04:00:00","guid":{"rendered":"https:\/\/casadecampoliving.com\/bailando-en-la-zona-con-el-grupo-bonye\/"},"modified":"2022-10-21T19:06:30","modified_gmt":"2022-10-21T23:06:30","slug":"bailando-en-la-zona-con-el-grupo-bonye","status":"publish","type":"post","link":"https:\/\/casadecampoliving.com\/es\/bailando-en-la-zona-con-el-grupo-bonye\/","title":{"rendered":"Bailando en La Zona con el Grupo Bony\u00e9"},"content":{"rendered":"\n<p>El concierto al aire libre de Grupo Bony\u00e9 en La Zona Colonial, frente a las ruinas de San Francisco, originalmente un monasterio franciscano construido a principios del siglo XVI, se ha realizado durante muchos a\u00f1os. Lo que empez\u00f3 como un grupo de amigos que se reunieron en El Sart\u00e9n, llamada La Catedral de la M\u00fasica Caribe\u00f1a y el Hogar del Hijo, para tocar m\u00fasica por diversi\u00f3n se ha convertido en una tradici\u00f3n de los domingos por la noche realizada por el Ministerio de Turismo. El grupo formado por F\u00e9lix B\u00e1ez, N\u00e9stor S\u00e1nchez, Chino M\u00e9ndez, Franklin Soto y Roberto Bobadilla toca ritmos caribe\u00f1os para el creciente n\u00famero de lugare\u00f1os y turistas dispuestos a disfrutar de una noche de m\u00fasica y baile.<\/p>\n\n\n\n<!--more-->\n\n\n<div class=\"wp-block-image wp-image-147594 size-full\">\n<figure class=\"aligncenter is-resized\"><img loading=\"lazy\" decoding=\"async\" src=\"https:\/\/i0.wp.com\/casadecampoliving.com\/wp-content\/uploads\/2022\/10\/grupo-bonye2-e1506361763593.jpg?resize=959%2C626&amp;ssl=1\" alt=\"Grupo Bony\u00e9\" class=\"wp-image-147594\" height=\"626\" width=\"959\"\/><figcaption>Grupo Bony\u00e9, image from their <a href=\"https:\/\/www.facebook.com\/pg\/GrupoBonye\/about\/?ref=page_internal\">Facebook page<\/a>.<\/figcaption><\/figure>\n<\/div>\n\n\n<p>Ansiosos por probar un poco de la cultura local, un amigo m\u00edo y yo visitamos el distrito hist\u00f3rico de Santo Domingo buscando justo eso. La noche caliente y h\u00fameda no impidi\u00f3 que las personas instalaran mesas y sillas alrededor del grupo y la plataforma de madera para bailar. Admirando los ritmos din\u00e1micos y animados de los artistas en la empinada colina de las ruinas, nos movimos al comp\u00e1s de la m\u00fasica en nuestros asientos. La belleza y la personificaci\u00f3n de la m\u00fasica eran visibles en toda la plaza, y un caballero muy talentoso vestido con el estilo \u201csonero\u201d cl\u00e1sico con sus pantalones blancos, zapatos de dos tonos y sombrero de ala ancha era una alegr\u00eda para ver mientras se movia al ritmo de la m\u00fasica con mucha habilidad.<\/p>\n\n\n\n<p class=\"has-text-align-center\"><iframe loading=\"lazy\" src=\"https:\/\/www.youtube.com\/embed\/LWfdRIpYXVI?rel=0\" width=\"853\" height=\"480\" frameborder=\"0\" allowfullscreen=\"allowfullscreen\" data-mce-fragment=\"1\"><\/iframe><\/p>\n\n\n\n<p>No pas\u00f3 mucho tiempo antes de que estuvi\u00e9ramos en la pista de baile bailando merengue hombro con hombro con muchas otras parejas. Recomendamos encarecidamente una visita a La Zona Colonial para que tambien vivan esta experiencia, todos los domingo de 6 p.m. \u2013 10 p.m. Despu\u00e9s de bailar varias canciones, salimos por un poco de aire fresco y a cenar en uno de los mejores restaurantes de la ciudad \u2013 Mes\u00f3n de Bari. <a href=\"https:\/\/youtu.be\/LWfdRIpYXVI\" target=\"_blank\" rel=\"noopener\">Haz clic en el video de arriba<\/a> para escuchar la m\u00fasica de Grupo Bony\u00e9 y hazte un favor y pase por la Zona por una noche de m\u00fasica y baile bajo las estrellas.<\/p>\n\n\n\n<p><em>* Foto de Ben Roberts para la revista Iberia Ronda<\/em><\/p>\n","protected":false},"excerpt":{"rendered":"<p>El concierto al aire libre de Grupo Bony\u00e9 en La Zona Colonial, frente a las ruinas de San Francisco, originalmente un monasterio franciscano construido a principios del siglo XVI, se ha realizado durante muchos a\u00f1os. Lo que empez\u00f3 como un grupo de amigos que se reunieron en El Sart\u00e9n, llamada La Catedral de la M\u00fasica [&hellip;]<\/p>\n","protected":false},"author":36681,"featured_media":310922,"comment_status":"closed","ping_status":"closed","sticky":false,"template":"","format":"standard","meta":{"newspack_ads_suppress_ads":false,"newspack_popups_has_disabled_popups":false,"newspack_sponsor_sponsorship_scope":"","newspack_sponsor_native_byline_display":"inherit","newspack_sponsor_native_category_display":"inherit","newspack_sponsor_underwriter_style":"inherit","newspack_sponsor_underwriter_placement":"inherit","_newspack_byline_active":false,"_newspack_byline":"","newspack_hide_updated_date":false,"newspack_show_updated_date":false,"newspack_content_restriction_is_exempt":false,"newspack_featured_image_position":"","newspack_post_subtitle":"","newspack_article_summary_title":"Overview:","newspack_article_summary":"","_jetpack_memberships_contains_paid_content":false,"footnotes":"","jetpack_publicize_message":"","jetpack_publicize_feature_enabled":true,"jetpack_social_post_already_shared":false,"jetpack_social_options":{"image_generator_settings":{"template":"highway","default_image_id":0,"font":"","enabled":false},"version":2},"_wpas_customize_per_network":false},"categories":[26823,2518,14631,2522,2506,2521,109,2498],"tags":[2916,2963,14736,20164,5751,5911],"newspack_spnsrs_tax":[],"class_list":["post-352018","post","type-post","status-publish","format-standard","has-post-thumbnail","hentry","category-arte-y-cultura","category-conciertos-es","category-estilo-de-vida","category-eventos-es","category-mas-alla-de-casa-es","category-republica-dominicana-2","category-santo-domingo","category-uncategorized-es","tag-baile","tag-concierto","tag-featured-topview-es","tag-grupo-bonye","tag-musica","tag-son","entry"],"yoast_head":"<!-- This site is optimized with the Yoast SEO plugin v27.4 - https:\/\/yoast.com\/product\/yoast-seo-wordpress\/ -->\n<title>Bailando en La Zona con el Grupo Bony\u00e9 | Casa de Campo Living<\/title>\n<meta name=\"description\" content=\"El concierto al aire libre de Grupo Bony\u00e9 en La Zona Colonial, frente a las ruinas de San Francisco, originalmente un monasterio franciscano construido a\" \/>\n<meta name=\"robots\" content=\"index, follow, max-snippet:-1, max-image-preview:large, max-video-preview:-1\" \/>\n<link rel=\"canonical\" href=\"https:\/\/casadecampoliving.com\/es\/bailando-en-la-zona-con-el-grupo-bonye\/\" \/>\n<meta property=\"og:locale\" content=\"es_ES\" \/>\n<meta property=\"og:type\" content=\"article\" \/>\n<meta property=\"og:title\" content=\"Bailando en La Zona con el Grupo Bony\u00e9 | Casa de Campo Living\" \/>\n<meta property=\"og:description\" content=\"El concierto al aire libre de Grupo Bony\u00e9 en La Zona Colonial, frente a las ruinas de San Francisco, originalmente un monasterio franciscano construido a\" \/>\n<meta property=\"og:url\" content=\"https:\/\/casadecampoliving.com\/es\/bailando-en-la-zona-con-el-grupo-bonye\/\" \/>\n<meta property=\"og:site_name\" content=\"Casa de Campo Living\" \/>\n<meta property=\"article:publisher\" content=\"https:\/\/www.facebook.com\/casadecampoliving\" \/>\n<meta property=\"article:published_time\" content=\"2017-09-25T04:00:00+00:00\" \/>\n<meta property=\"article:modified_time\" content=\"2022-10-21T23:06:30+00:00\" \/>\n<meta property=\"og:image\" content=\"https:\/\/i0.wp.com\/casadecampoliving.com\/wp-content\/uploads\/2022\/10\/grupo-bonye-e1506359048533.jpg?fit=1000%2C667&ssl=1\" \/>\n\t<meta property=\"og:image:width\" content=\"1000\" \/>\n\t<meta property=\"og:image:height\" content=\"667\" \/>\n\t<meta property=\"og:image:type\" content=\"image\/jpeg\" \/>\n<meta name=\"author\" content=\"Heather Lincoln\" \/>\n<meta name=\"twitter:card\" content=\"summary_large_image\" \/>\n<meta name=\"twitter:creator\" content=\"@cdcliving\" \/>\n<meta name=\"twitter:site\" content=\"@cdcliving\" \/>\n<meta name=\"twitter:label1\" content=\"Escrito por\" \/>\n\t<meta name=\"twitter:data1\" content=\"Heather Lincoln\" \/>\n\t<meta name=\"twitter:label2\" content=\"Tiempo de lectura\" \/>\n\t<meta name=\"twitter:data2\" content=\"2 minutos\" \/>\n<script type=\"application\/ld+json\" class=\"yoast-schema-graph\">{\"@context\":\"https:\\\/\\\/schema.org\",\"@graph\":[{\"@type\":\"Article\",\"@id\":\"https:\\\/\\\/casadecampoliving.com\\\/es\\\/bailando-en-la-zona-con-el-grupo-bonye\\\/#article\",\"isPartOf\":{\"@id\":\"https:\\\/\\\/casadecampoliving.com\\\/es\\\/bailando-en-la-zona-con-el-grupo-bonye\\\/\"},\"author\":{\"name\":\"Heather Lincoln\",\"@id\":\"https:\\\/\\\/casadecampoliving.com\\\/es\\\/#\\\/schema\\\/person\\\/e3abfc63c1478fd703266a6f33a3145d\"},\"headline\":\"Bailando en La Zona con el Grupo Bony\u00e9\",\"datePublished\":\"2017-09-25T04:00:00+00:00\",\"dateModified\":\"2022-10-21T23:06:30+00:00\",\"mainEntityOfPage\":{\"@id\":\"https:\\\/\\\/casadecampoliving.com\\\/es\\\/bailando-en-la-zona-con-el-grupo-bonye\\\/\"},\"wordCount\":408,\"publisher\":{\"@id\":\"https:\\\/\\\/casadecampoliving.com\\\/es\\\/#organization\"},\"image\":{\"@id\":\"https:\\\/\\\/casadecampoliving.com\\\/es\\\/bailando-en-la-zona-con-el-grupo-bonye\\\/#primaryimage\"},\"thumbnailUrl\":\"https:\\\/\\\/i0.wp.com\\\/casadecampoliving.com\\\/wp-content\\\/uploads\\\/2022\\\/10\\\/grupo-bonye-e1506359048533.jpg?fit=1000%2C667&ssl=1\",\"keywords\":[\"baile\",\"concierto\",\"Featured-TopView @es\",\"Grupo Bonye\",\"musica\",\"son\"],\"articleSection\":[\"Arte y cultura\",\"Conciertos\",\"Estilo de Vida\",\"Eventos\",\"M\u00e1s all\u00e1 de Casa\",\"Rep\u00fablica Dominicana @es\",\"Santo Domingo\",\"Uncategorized @es\"],\"inLanguage\":\"es\"},{\"@type\":\"WebPage\",\"@id\":\"https:\\\/\\\/casadecampoliving.com\\\/es\\\/bailando-en-la-zona-con-el-grupo-bonye\\\/\",\"url\":\"https:\\\/\\\/casadecampoliving.com\\\/es\\\/bailando-en-la-zona-con-el-grupo-bonye\\\/\",\"name\":\"Bailando en La Zona con el Grupo Bony\u00e9 | Casa de Campo Living\",\"isPartOf\":{\"@id\":\"https:\\\/\\\/casadecampoliving.com\\\/es\\\/#website\"},\"primaryImageOfPage\":{\"@id\":\"https:\\\/\\\/casadecampoliving.com\\\/es\\\/bailando-en-la-zona-con-el-grupo-bonye\\\/#primaryimage\"},\"image\":{\"@id\":\"https:\\\/\\\/casadecampoliving.com\\\/es\\\/bailando-en-la-zona-con-el-grupo-bonye\\\/#primaryimage\"},\"thumbnailUrl\":\"https:\\\/\\\/i0.wp.com\\\/casadecampoliving.com\\\/wp-content\\\/uploads\\\/2022\\\/10\\\/grupo-bonye-e1506359048533.jpg?fit=1000%2C667&ssl=1\",\"datePublished\":\"2017-09-25T04:00:00+00:00\",\"dateModified\":\"2022-10-21T23:06:30+00:00\",\"description\":\"El concierto al aire libre de Grupo Bony\u00e9 en La Zona Colonial, frente a las ruinas de San Francisco, originalmente un monasterio franciscano construido a\",\"breadcrumb\":{\"@id\":\"https:\\\/\\\/casadecampoliving.com\\\/es\\\/bailando-en-la-zona-con-el-grupo-bonye\\\/#breadcrumb\"},\"inLanguage\":\"es\",\"potentialAction\":[{\"@type\":\"ReadAction\",\"target\":[\"https:\\\/\\\/casadecampoliving.com\\\/es\\\/bailando-en-la-zona-con-el-grupo-bonye\\\/\"]}]},{\"@type\":\"ImageObject\",\"inLanguage\":\"es\",\"@id\":\"https:\\\/\\\/casadecampoliving.com\\\/es\\\/bailando-en-la-zona-con-el-grupo-bonye\\\/#primaryimage\",\"url\":\"https:\\\/\\\/i0.wp.com\\\/casadecampoliving.com\\\/wp-content\\\/uploads\\\/2022\\\/10\\\/grupo-bonye-e1506359048533.jpg?fit=1000%2C667&ssl=1\",\"contentUrl\":\"https:\\\/\\\/i0.wp.com\\\/casadecampoliving.com\\\/wp-content\\\/uploads\\\/2022\\\/10\\\/grupo-bonye-e1506359048533.jpg?fit=1000%2C667&ssl=1\",\"width\":1000,\"height\":667,\"caption\":\"Grupo Bony\u00e9\"},{\"@type\":\"BreadcrumbList\",\"@id\":\"https:\\\/\\\/casadecampoliving.com\\\/es\\\/bailando-en-la-zona-con-el-grupo-bonye\\\/#breadcrumb\",\"itemListElement\":[{\"@type\":\"ListItem\",\"position\":1,\"name\":\"Home\",\"item\":\"https:\\\/\\\/casadecampoliving.com\\\/es\\\/\"},{\"@type\":\"ListItem\",\"position\":2,\"name\":\"Bailando en La Zona con el Grupo Bony\u00e9\"}]},{\"@type\":\"WebSite\",\"@id\":\"https:\\\/\\\/casadecampoliving.com\\\/es\\\/#website\",\"url\":\"https:\\\/\\\/casadecampoliving.com\\\/es\\\/\",\"name\":\"Casa de Campo Living\",\"description\":\"Resort community news and resources.\",\"publisher\":{\"@id\":\"https:\\\/\\\/casadecampoliving.com\\\/es\\\/#organization\"},\"potentialAction\":[{\"@type\":\"SearchAction\",\"target\":{\"@type\":\"EntryPoint\",\"urlTemplate\":\"https:\\\/\\\/casadecampoliving.com\\\/es\\\/?s={search_term_string}\"},\"query-input\":{\"@type\":\"PropertyValueSpecification\",\"valueRequired\":true,\"valueName\":\"search_term_string\"}}],\"inLanguage\":\"es\"},{\"@type\":\"Organization\",\"@id\":\"https:\\\/\\\/casadecampoliving.com\\\/es\\\/#organization\",\"name\":\"Casa de Campo Living\",\"url\":\"https:\\\/\\\/casadecampoliving.com\\\/es\\\/\",\"logo\":{\"@type\":\"ImageObject\",\"inLanguage\":\"es\",\"@id\":\"https:\\\/\\\/casadecampoliving.com\\\/es\\\/#\\\/schema\\\/logo\\\/image\\\/\",\"url\":\"https:\\\/\\\/i0.wp.com\\\/casadecampoliving.com\\\/wp-content\\\/uploads\\\/2022\\\/07\\\/CDCLivingLogo_V1-white-sized.png?fit=800%2C214&ssl=1\",\"contentUrl\":\"https:\\\/\\\/i0.wp.com\\\/casadecampoliving.com\\\/wp-content\\\/uploads\\\/2022\\\/07\\\/CDCLivingLogo_V1-white-sized.png?fit=800%2C214&ssl=1\",\"width\":800,\"height\":214,\"caption\":\"Casa de Campo Living\"},\"image\":{\"@id\":\"https:\\\/\\\/casadecampoliving.com\\\/es\\\/#\\\/schema\\\/logo\\\/image\\\/\"},\"sameAs\":[\"https:\\\/\\\/www.facebook.com\\\/casadecampoliving\",\"https:\\\/\\\/x.com\\\/cdcliving\"]},{\"@type\":\"Person\",\"@id\":\"https:\\\/\\\/casadecampoliving.com\\\/es\\\/#\\\/schema\\\/person\\\/e3abfc63c1478fd703266a6f33a3145d\",\"name\":\"Heather Lincoln\",\"image\":{\"@type\":\"ImageObject\",\"inLanguage\":\"es\",\"@id\":\"https:\\\/\\\/secure.gravatar.com\\\/avatar\\\/e8fc1ce4ad50385675908137b0d8d66be281d034bf072b4700460237638ea6d0?s=96&d=mm&r=g\",\"url\":\"https:\\\/\\\/secure.gravatar.com\\\/avatar\\\/e8fc1ce4ad50385675908137b0d8d66be281d034bf072b4700460237638ea6d0?s=96&d=mm&r=g\",\"contentUrl\":\"https:\\\/\\\/secure.gravatar.com\\\/avatar\\\/e8fc1ce4ad50385675908137b0d8d66be281d034bf072b4700460237638ea6d0?s=96&d=mm&r=g\",\"caption\":\"Heather Lincoln\"},\"url\":\"https:\\\/\\\/casadecampoliving.com\\\/es\\\/author\\\/hcastillo\\\/\"}]}<\/script>\n<!-- \/ Yoast SEO plugin. -->","yoast_head_json":{"title":"Bailando en La Zona con el Grupo Bony\u00e9 | Casa de Campo Living","description":"El concierto al aire libre de Grupo Bony\u00e9 en La Zona Colonial, frente a las ruinas de San Francisco, originalmente un monasterio franciscano construido a","robots":{"index":"index","follow":"follow","max-snippet":"max-snippet:-1","max-image-preview":"max-image-preview:large","max-video-preview":"max-video-preview:-1"},"canonical":"https:\/\/casadecampoliving.com\/es\/bailando-en-la-zona-con-el-grupo-bonye\/","og_locale":"es_ES","og_type":"article","og_title":"Bailando en La Zona con el Grupo Bony\u00e9 | Casa de Campo Living","og_description":"El concierto al aire libre de Grupo Bony\u00e9 en La Zona Colonial, frente a las ruinas de San Francisco, originalmente un monasterio franciscano construido a","og_url":"https:\/\/casadecampoliving.com\/es\/bailando-en-la-zona-con-el-grupo-bonye\/","og_site_name":"Casa de Campo Living","article_publisher":"https:\/\/www.facebook.com\/casadecampoliving","article_published_time":"2017-09-25T04:00:00+00:00","article_modified_time":"2022-10-21T23:06:30+00:00","og_image":[{"width":1000,"height":667,"url":"https:\/\/i0.wp.com\/casadecampoliving.com\/wp-content\/uploads\/2022\/10\/grupo-bonye-e1506359048533.jpg?fit=1000%2C667&ssl=1","type":"image\/jpeg"}],"author":"Heather Lincoln","twitter_card":"summary_large_image","twitter_creator":"@cdcliving","twitter_site":"@cdcliving","twitter_misc":{"Escrito por":"Heather Lincoln","Tiempo de lectura":"2 minutos"},"schema":{"@context":"https:\/\/schema.org","@graph":[{"@type":"Article","@id":"https:\/\/casadecampoliving.com\/es\/bailando-en-la-zona-con-el-grupo-bonye\/#article","isPartOf":{"@id":"https:\/\/casadecampoliving.com\/es\/bailando-en-la-zona-con-el-grupo-bonye\/"},"author":{"name":"Heather Lincoln","@id":"https:\/\/casadecampoliving.com\/es\/#\/schema\/person\/e3abfc63c1478fd703266a6f33a3145d"},"headline":"Bailando en La Zona con el Grupo Bony\u00e9","datePublished":"2017-09-25T04:00:00+00:00","dateModified":"2022-10-21T23:06:30+00:00","mainEntityOfPage":{"@id":"https:\/\/casadecampoliving.com\/es\/bailando-en-la-zona-con-el-grupo-bonye\/"},"wordCount":408,"publisher":{"@id":"https:\/\/casadecampoliving.com\/es\/#organization"},"image":{"@id":"https:\/\/casadecampoliving.com\/es\/bailando-en-la-zona-con-el-grupo-bonye\/#primaryimage"},"thumbnailUrl":"https:\/\/i0.wp.com\/casadecampoliving.com\/wp-content\/uploads\/2022\/10\/grupo-bonye-e1506359048533.jpg?fit=1000%2C667&ssl=1","keywords":["baile","concierto","Featured-TopView @es","Grupo Bonye","musica","son"],"articleSection":["Arte y cultura","Conciertos","Estilo de Vida","Eventos","M\u00e1s all\u00e1 de Casa","Rep\u00fablica Dominicana @es","Santo Domingo","Uncategorized @es"],"inLanguage":"es"},{"@type":"WebPage","@id":"https:\/\/casadecampoliving.com\/es\/bailando-en-la-zona-con-el-grupo-bonye\/","url":"https:\/\/casadecampoliving.com\/es\/bailando-en-la-zona-con-el-grupo-bonye\/","name":"Bailando en La Zona con el Grupo Bony\u00e9 | Casa de Campo Living","isPartOf":{"@id":"https:\/\/casadecampoliving.com\/es\/#website"},"primaryImageOfPage":{"@id":"https:\/\/casadecampoliving.com\/es\/bailando-en-la-zona-con-el-grupo-bonye\/#primaryimage"},"image":{"@id":"https:\/\/casadecampoliving.com\/es\/bailando-en-la-zona-con-el-grupo-bonye\/#primaryimage"},"thumbnailUrl":"https:\/\/i0.wp.com\/casadecampoliving.com\/wp-content\/uploads\/2022\/10\/grupo-bonye-e1506359048533.jpg?fit=1000%2C667&ssl=1","datePublished":"2017-09-25T04:00:00+00:00","dateModified":"2022-10-21T23:06:30+00:00","description":"El concierto al aire libre de Grupo Bony\u00e9 en La Zona Colonial, frente a las ruinas de San Francisco, originalmente un monasterio franciscano construido a","breadcrumb":{"@id":"https:\/\/casadecampoliving.com\/es\/bailando-en-la-zona-con-el-grupo-bonye\/#breadcrumb"},"inLanguage":"es","potentialAction":[{"@type":"ReadAction","target":["https:\/\/casadecampoliving.com\/es\/bailando-en-la-zona-con-el-grupo-bonye\/"]}]},{"@type":"ImageObject","inLanguage":"es","@id":"https:\/\/casadecampoliving.com\/es\/bailando-en-la-zona-con-el-grupo-bonye\/#primaryimage","url":"https:\/\/i0.wp.com\/casadecampoliving.com\/wp-content\/uploads\/2022\/10\/grupo-bonye-e1506359048533.jpg?fit=1000%2C667&ssl=1","contentUrl":"https:\/\/i0.wp.com\/casadecampoliving.com\/wp-content\/uploads\/2022\/10\/grupo-bonye-e1506359048533.jpg?fit=1000%2C667&ssl=1","width":1000,"height":667,"caption":"Grupo Bony\u00e9"},{"@type":"BreadcrumbList","@id":"https:\/\/casadecampoliving.com\/es\/bailando-en-la-zona-con-el-grupo-bonye\/#breadcrumb","itemListElement":[{"@type":"ListItem","position":1,"name":"Home","item":"https:\/\/casadecampoliving.com\/es\/"},{"@type":"ListItem","position":2,"name":"Bailando en La Zona con el Grupo Bony\u00e9"}]},{"@type":"WebSite","@id":"https:\/\/casadecampoliving.com\/es\/#website","url":"https:\/\/casadecampoliving.com\/es\/","name":"Casa de Campo Living","description":"Resort community news and resources.","publisher":{"@id":"https:\/\/casadecampoliving.com\/es\/#organization"},"potentialAction":[{"@type":"SearchAction","target":{"@type":"EntryPoint","urlTemplate":"https:\/\/casadecampoliving.com\/es\/?s={search_term_string}"},"query-input":{"@type":"PropertyValueSpecification","valueRequired":true,"valueName":"search_term_string"}}],"inLanguage":"es"},{"@type":"Organization","@id":"https:\/\/casadecampoliving.com\/es\/#organization","name":"Casa de Campo Living","url":"https:\/\/casadecampoliving.com\/es\/","logo":{"@type":"ImageObject","inLanguage":"es","@id":"https:\/\/casadecampoliving.com\/es\/#\/schema\/logo\/image\/","url":"https:\/\/i0.wp.com\/casadecampoliving.com\/wp-content\/uploads\/2022\/07\/CDCLivingLogo_V1-white-sized.png?fit=800%2C214&ssl=1","contentUrl":"https:\/\/i0.wp.com\/casadecampoliving.com\/wp-content\/uploads\/2022\/07\/CDCLivingLogo_V1-white-sized.png?fit=800%2C214&ssl=1","width":800,"height":214,"caption":"Casa de Campo Living"},"image":{"@id":"https:\/\/casadecampoliving.com\/es\/#\/schema\/logo\/image\/"},"sameAs":["https:\/\/www.facebook.com\/casadecampoliving","https:\/\/x.com\/cdcliving"]},{"@type":"Person","@id":"https:\/\/casadecampoliving.com\/es\/#\/schema\/person\/e3abfc63c1478fd703266a6f33a3145d","name":"Heather Lincoln","image":{"@type":"ImageObject","inLanguage":"es","@id":"https:\/\/secure.gravatar.com\/avatar\/e8fc1ce4ad50385675908137b0d8d66be281d034bf072b4700460237638ea6d0?s=96&d=mm&r=g","url":"https:\/\/secure.gravatar.com\/avatar\/e8fc1ce4ad50385675908137b0d8d66be281d034bf072b4700460237638ea6d0?s=96&d=mm&r=g","contentUrl":"https:\/\/secure.gravatar.com\/avatar\/e8fc1ce4ad50385675908137b0d8d66be281d034bf072b4700460237638ea6d0?s=96&d=mm&r=g","caption":"Heather Lincoln"},"url":"https:\/\/casadecampoliving.com\/es\/author\/hcastillo\/"}]}},"parsely":{"version":"1.1.0","canonical_url":"https:\/\/casadecampoliving.com\/es\/bailando-en-la-zona-con-el-grupo-bonye\/","smart_links":{"inbound":0,"outbound":0},"traffic_boost_suggestions_count":0,"meta":{"@context":"https:\/\/schema.org","@type":"NewsArticle","headline":"Bailando en La Zona con el Grupo Bony\u00e9","url":"http:\/\/casadecampoliving.com\/es\/bailando-en-la-zona-con-el-grupo-bonye\/","mainEntityOfPage":{"@type":"WebPage","@id":"http:\/\/casadecampoliving.com\/es\/bailando-en-la-zona-con-el-grupo-bonye\/"},"thumbnailUrl":"https:\/\/i0.wp.com\/casadecampoliving.com\/wp-content\/uploads\/2022\/10\/grupo-bonye-e1506359048533.jpg?resize=150%2C150&ssl=1","image":{"@type":"ImageObject","url":"https:\/\/i0.wp.com\/casadecampoliving.com\/wp-content\/uploads\/2022\/10\/grupo-bonye-e1506359048533.jpg?fit=1000%2C667&ssl=1"},"articleSection":"Arte y cultura","author":[{"@type":"Person","name":"Heather Lincoln"}],"creator":["Heather Lincoln"],"publisher":{"@type":"Organization","name":"Casa de Campo Living","logo":"https:\/\/casadecampoliving.com\/wp-content\/uploads\/2022\/07\/CDCLivingLogo_V1-white-sized.png"},"keywords":["baile","concierto","featured-topview @es","grupo bonye","musica","son"],"dateCreated":"2017-09-25T04:00:00Z","datePublished":"2017-09-25T04:00:00Z","dateModified":"2022-10-21T23:06:30Z"},"rendered":"<script type=\"application\/ld+json\" class=\"wp-parsely-metadata\">{\"@context\":\"https:\\\/\\\/schema.org\",\"@type\":\"NewsArticle\",\"headline\":\"Bailando en La Zona con el Grupo Bony\\u00e9\",\"url\":\"http:\\\/\\\/casadecampoliving.com\\\/es\\\/bailando-en-la-zona-con-el-grupo-bonye\\\/\",\"mainEntityOfPage\":{\"@type\":\"WebPage\",\"@id\":\"http:\\\/\\\/casadecampoliving.com\\\/es\\\/bailando-en-la-zona-con-el-grupo-bonye\\\/\"},\"thumbnailUrl\":\"https:\\\/\\\/i0.wp.com\\\/casadecampoliving.com\\\/wp-content\\\/uploads\\\/2022\\\/10\\\/grupo-bonye-e1506359048533.jpg?resize=150%2C150&ssl=1\",\"image\":{\"@type\":\"ImageObject\",\"url\":\"https:\\\/\\\/i0.wp.com\\\/casadecampoliving.com\\\/wp-content\\\/uploads\\\/2022\\\/10\\\/grupo-bonye-e1506359048533.jpg?fit=1000%2C667&ssl=1\"},\"articleSection\":\"Arte y cultura\",\"author\":[{\"@type\":\"Person\",\"name\":\"Heather Lincoln\"}],\"creator\":[\"Heather Lincoln\"],\"publisher\":{\"@type\":\"Organization\",\"name\":\"Casa de Campo Living\",\"logo\":\"https:\\\/\\\/casadecampoliving.com\\\/wp-content\\\/uploads\\\/2022\\\/07\\\/CDCLivingLogo_V1-white-sized.png\"},\"keywords\":[\"baile\",\"concierto\",\"featured-topview @es\",\"grupo bonye\",\"musica\",\"son\"],\"dateCreated\":\"2017-09-25T04:00:00Z\",\"datePublished\":\"2017-09-25T04:00:00Z\",\"dateModified\":\"2022-10-21T23:06:30Z\"}<\/script>","tracker_url":"https:\/\/cdn.parsely.com\/keys\/casadecampoliving.com\/p.js"},"jetpack_publicize_connections":[],"jetpack_featured_media_url":"https:\/\/i0.wp.com\/casadecampoliving.com\/wp-content\/uploads\/2022\/10\/grupo-bonye-e1506359048533.jpg?fit=1000%2C667&ssl=1","jetpack-related-posts":[{"id":433460,"url":"https:\/\/casadecampoliving.com\/es\/no-se-pierdan-el-increible-tributo-a-frank-sinatra-para-celebrar-el-40-aniversario-del-anfiteatro-altos-de-chavon\/","url_meta":{"origin":352018,"position":0},"title":"No se pierdan el incre\u00edble tributo a Frank Sinatra para celebrar el 40 aniversario del\u00a0Anfiteatro Altos de Chav\u00f3n","author":"Casa de Campo Living","date":"20 Oct, 2022","format":false,"excerpt":"Siendo uno de los escenarios m\u00e1s emblem\u00e1ticos del pa\u00eds, Casa de Campo Resort\u00ae & Villas celebra las cuatro d\u00e9cadas de aniversario de Altos de Chav\u00f3n con un tributo al gran Frank Sinatra, protagonizado por artistas invitados y una big band tal cual la que acompa\u00f1\u00f3 al artista hace 40 a\u00f1os\u2026","rel":"","context":"En \u00abUncategorized @es\u00bb","block_context":{"text":"Uncategorized @es","link":"https:\/\/casadecampoliving.com\/es\/category\/uncategorized-es\/"},"img":{"alt_text":"","src":"https:\/\/i0.wp.com\/casadecampoliving.com\/wp-content\/uploads\/2022\/10\/Tributo-Frank-Sinatra-Foto-Principal-Amaury-Sanchez-Danilo-Ginebra-Andres-Pichardo-y-Jose-Gabriel-Perez-.jpg?fit=1200%2C873&ssl=1&resize=350%2C200","width":350,"height":200,"srcset":"https:\/\/i0.wp.com\/casadecampoliving.com\/wp-content\/uploads\/2022\/10\/Tributo-Frank-Sinatra-Foto-Principal-Amaury-Sanchez-Danilo-Ginebra-Andres-Pichardo-y-Jose-Gabriel-Perez-.jpg?fit=1200%2C873&ssl=1&resize=350%2C200 1x, https:\/\/i0.wp.com\/casadecampoliving.com\/wp-content\/uploads\/2022\/10\/Tributo-Frank-Sinatra-Foto-Principal-Amaury-Sanchez-Danilo-Ginebra-Andres-Pichardo-y-Jose-Gabriel-Perez-.jpg?fit=1200%2C873&ssl=1&resize=525%2C300 1.5x, https:\/\/i0.wp.com\/casadecampoliving.com\/wp-content\/uploads\/2022\/10\/Tributo-Frank-Sinatra-Foto-Principal-Amaury-Sanchez-Danilo-Ginebra-Andres-Pichardo-y-Jose-Gabriel-Perez-.jpg?fit=1200%2C873&ssl=1&resize=700%2C400 2x, https:\/\/i0.wp.com\/casadecampoliving.com\/wp-content\/uploads\/2022\/10\/Tributo-Frank-Sinatra-Foto-Principal-Amaury-Sanchez-Danilo-Ginebra-Andres-Pichardo-y-Jose-Gabriel-Perez-.jpg?fit=1200%2C873&ssl=1&resize=1050%2C600 3x"},"classes":[]},{"id":354336,"url":"https:\/\/casadecampoliving.com\/es\/grupo-bonye-estara-en-plaza-portofino-la-marina-el-jueves-14-de-abril-no-se-lo-pierda\/","url_meta":{"origin":352018,"position":1},"title":"Grupo Bony\u00e9 estar\u00e1 en Plaza Portofino La Marina el jueves 14 de abril, \u00a1no se lo pierda!","author":"Casa de Campo Living","date":"7 Abr, 2022","format":false,"excerpt":"El jueves 14 de abril, la Marina Casa de Campo te invita a disfrutar de una noche de m\u00fasica en vivo con Grupo Bony\u00e9 en la Plaza Portofino \u2013 \u00a1es una gran oportunidad para visitar La Marina y bailar toda la noche! Grupo Bony\u00e9,\u00a0una orquesta integrada por 14 m\u00fasicos formada\u2026","rel":"","context":"En \u00abCasa de Campo Living @es\u00bb","block_context":{"text":"Casa de Campo Living @es","link":"https:\/\/casadecampoliving.com\/category\/casa-de-campo-living-es\/"},"img":{"alt_text":"","src":"https:\/\/i0.wp.com\/casadecampoliving.com\/wp-content\/uploads\/2022\/10\/347b46d8-71bf-44d6-9628-a83f4c149fda-1.jpg?fit=1000%2C666&ssl=1&resize=350%2C200","width":350,"height":200,"srcset":"https:\/\/i0.wp.com\/casadecampoliving.com\/wp-content\/uploads\/2022\/10\/347b46d8-71bf-44d6-9628-a83f4c149fda-1.jpg?fit=1000%2C666&ssl=1&resize=350%2C200 1x, https:\/\/i0.wp.com\/casadecampoliving.com\/wp-content\/uploads\/2022\/10\/347b46d8-71bf-44d6-9628-a83f4c149fda-1.jpg?fit=1000%2C666&ssl=1&resize=525%2C300 1.5x, https:\/\/i0.wp.com\/casadecampoliving.com\/wp-content\/uploads\/2022\/10\/347b46d8-71bf-44d6-9628-a83f4c149fda-1.jpg?fit=1000%2C666&ssl=1&resize=700%2C400 2x"},"classes":[]},{"id":354246,"url":"https:\/\/casadecampoliving.com\/es\/grupo-bonye-estara-en-plaza-portofino-la-marina-el-viernes-21-de-enero-no-se-lo-pierda\/","url_meta":{"origin":352018,"position":2},"title":"Grupo Bony\u00e9 estar\u00e1 en Plaza Portofino La Marina el viernes 21 de enero, \u00a1no se lo pierda!","author":"Casa de Campo Living","date":"11 Ene, 2022","format":false,"excerpt":"Este viernes 21 de enero la Marina Casa de Campo te invita a disfrutar de una noche de m\u00fasica en vivo con Grupo Bony\u00e9 en la Plaza Portofino \u2013 \u00a1es una gran oportunidad para visitar La Marina y bailar toda la noche! Grupo Bony\u00e9, una orquesta integrada por 14 m\u00fasicos\u2026","rel":"","context":"En \u00abCasa de Campo Living @es\u00bb","block_context":{"text":"Casa de Campo Living @es","link":"https:\/\/casadecampoliving.com\/category\/casa-de-campo-living-es\/"},"img":{"alt_text":"","src":"https:\/\/i0.wp.com\/casadecampoliving.com\/wp-content\/uploads\/2022\/10\/20374404_1468076263254298_1767102864798499010_n-1.jpg?fit=853%2C599&ssl=1&resize=350%2C200","width":350,"height":200,"srcset":"https:\/\/i0.wp.com\/casadecampoliving.com\/wp-content\/uploads\/2022\/10\/20374404_1468076263254298_1767102864798499010_n-1.jpg?fit=853%2C599&ssl=1&resize=350%2C200 1x, https:\/\/i0.wp.com\/casadecampoliving.com\/wp-content\/uploads\/2022\/10\/20374404_1468076263254298_1767102864798499010_n-1.jpg?fit=853%2C599&ssl=1&resize=525%2C300 1.5x, https:\/\/i0.wp.com\/casadecampoliving.com\/wp-content\/uploads\/2022\/10\/20374404_1468076263254298_1767102864798499010_n-1.jpg?fit=853%2C599&ssl=1&resize=700%2C400 2x"},"classes":[]},{"id":542141,"url":"https:\/\/casadecampoliving.com\/es\/no-te-lo-pierdas-grupo-bonye-en-la-marina-el-21-de-junio\/","url_meta":{"origin":352018,"position":3},"title":"\u00a1No te lo pierdas! Grupo Bony\u00e9 en La Marina Casa de Campo el 21 de junio","author":"Casa de Campo Living","date":"17 Jun, 2025","format":false,"excerpt":"El s\u00e1bado 21 de enero, la Marina Casa de Campo te invita a disfrutar de una noche de m\u00fasica en vivo con Grupo Bony\u00e9 en la Plaza Portofino. \u00a1Es una excelente oportunidad para visitar La Marina y bailar toda la noche! Grupo Bony\u00e9, una orquesta de 14 m\u00fasicos formada en\u2026","rel":"","context":"En \u00abEstilo de Vida\u00bb","block_context":{"text":"Estilo de Vida","link":"https:\/\/casadecampoliving.com\/es\/category\/estilo-de-vida\/"},"img":{"alt_text":"","src":"https:\/\/i0.wp.com\/casadecampoliving.com\/wp-content\/uploads\/2025\/06\/whatsapp-image-2022-04-18-at-4.40.41-pm-3.jpeg?fit=1200%2C799&ssl=1&resize=350%2C200","width":350,"height":200,"srcset":"https:\/\/i0.wp.com\/casadecampoliving.com\/wp-content\/uploads\/2025\/06\/whatsapp-image-2022-04-18-at-4.40.41-pm-3.jpeg?fit=1200%2C799&ssl=1&resize=350%2C200 1x, https:\/\/i0.wp.com\/casadecampoliving.com\/wp-content\/uploads\/2025\/06\/whatsapp-image-2022-04-18-at-4.40.41-pm-3.jpeg?fit=1200%2C799&ssl=1&resize=525%2C300 1.5x, https:\/\/i0.wp.com\/casadecampoliving.com\/wp-content\/uploads\/2025\/06\/whatsapp-image-2022-04-18-at-4.40.41-pm-3.jpeg?fit=1200%2C799&ssl=1&resize=700%2C400 2x, https:\/\/i0.wp.com\/casadecampoliving.com\/wp-content\/uploads\/2025\/06\/whatsapp-image-2022-04-18-at-4.40.41-pm-3.jpeg?fit=1200%2C799&ssl=1&resize=1050%2C600 3x"},"classes":[]},{"id":525969,"url":"https:\/\/casadecampoliving.com\/es\/no-te-pierdas-la-presentacion-en-vivo-de-grupo-bonye-en-la-marina-el-27-de-enero\/","url_meta":{"origin":352018,"position":4},"title":"\u00a1No te pierdas la presentaci\u00f3n en vivo de Grupo Bony\u00e9 en La Marina el 27 de enero!","author":"Casa de Campo Living","date":"16 Ene, 2024","format":false,"excerpt":"El s\u00e1bado 27 de enero, la Marina Casa de Campo te invita a disfrutar de una noche de m\u00fasica en vivo con Grupo Bony\u00e9 en la Plaza Portofino. \u00a1Es una excelente oportunidad para visitar La Marina y bailar toda la noche! Grupo Bony\u00e9, una orquesta de 14 m\u00fasicos formada en\u2026","rel":"","context":"En \u00abEventos\u00bb","block_context":{"text":"Eventos","link":"https:\/\/casadecampoliving.com\/es\/category\/eventos-es\/"},"img":{"alt_text":"","src":"https:\/\/i0.wp.com\/casadecampoliving.com\/wp-content\/uploads\/2024\/01\/Grupo-Bonye.webp?fit=1200%2C800&ssl=1&resize=350%2C200","width":350,"height":200,"srcset":"https:\/\/i0.wp.com\/casadecampoliving.com\/wp-content\/uploads\/2024\/01\/Grupo-Bonye.webp?fit=1200%2C800&ssl=1&resize=350%2C200 1x, https:\/\/i0.wp.com\/casadecampoliving.com\/wp-content\/uploads\/2024\/01\/Grupo-Bonye.webp?fit=1200%2C800&ssl=1&resize=525%2C300 1.5x, https:\/\/i0.wp.com\/casadecampoliving.com\/wp-content\/uploads\/2024\/01\/Grupo-Bonye.webp?fit=1200%2C800&ssl=1&resize=700%2C400 2x, https:\/\/i0.wp.com\/casadecampoliving.com\/wp-content\/uploads\/2024\/01\/Grupo-Bonye.webp?fit=1200%2C800&ssl=1&resize=1050%2C600 3x"},"classes":[]},{"id":329690,"url":"https:\/\/casadecampoliving.com\/dancing-in-la-zona-colonial-with-grupo-bonye-santo-domingo\/","url_meta":{"origin":352018,"position":5},"title":"Dancing in La Zona with Grupo Bony\u00e9","author":"Heather Lincoln","date":"25 Sep, 2017","format":false,"excerpt":"Going on for many years is Grupo Bony\u00e9\u2019s open-air concert in La Zona Colonial,\u00a0in front of the ruins of San Francisco, originally a\u00a0Franciscan monastery built in the early 1500s. What began as just a group of friends who met at El Sart\u00e9n, dubbed \u201cLa Catedral de la M\u00fasica Caribe\u00f1a y\u2026","rel":"","context":"En \u00abArt and Culture\u00bb","block_context":{"text":"Art and Culture","link":"https:\/\/casadecampoliving.com\/category\/art-and-culture\/"},"img":{"alt_text":"Grupo Bony\u00e9","src":"https:\/\/i0.wp.com\/casadecampoliving.com\/wp-content\/uploads\/2022\/10\/grupo-bonye-e1506359048533.jpg?fit=1000%2C667&ssl=1&resize=350%2C200","width":350,"height":200,"srcset":"https:\/\/i0.wp.com\/casadecampoliving.com\/wp-content\/uploads\/2022\/10\/grupo-bonye-e1506359048533.jpg?fit=1000%2C667&ssl=1&resize=350%2C200 1x, https:\/\/i0.wp.com\/casadecampoliving.com\/wp-content\/uploads\/2022\/10\/grupo-bonye-e1506359048533.jpg?fit=1000%2C667&ssl=1&resize=525%2C300 1.5x, https:\/\/i0.wp.com\/casadecampoliving.com\/wp-content\/uploads\/2022\/10\/grupo-bonye-e1506359048533.jpg?fit=1000%2C667&ssl=1&resize=700%2C400 2x"},"classes":[]}],"jetpack_sharing_enabled":true,"_links":{"self":[{"href":"https:\/\/casadecampoliving.com\/es\/wp-json\/wp\/v2\/posts\/352018","targetHints":{"allow":["GET"]}}],"collection":[{"href":"https:\/\/casadecampoliving.com\/es\/wp-json\/wp\/v2\/posts"}],"about":[{"href":"https:\/\/casadecampoliving.com\/es\/wp-json\/wp\/v2\/types\/post"}],"author":[{"embeddable":true,"href":"https:\/\/casadecampoliving.com\/es\/wp-json\/wp\/v2\/users\/36681"}],"replies":[{"embeddable":true,"href":"https:\/\/casadecampoliving.com\/es\/wp-json\/wp\/v2\/comments?post=352018"}],"version-history":[{"count":1,"href":"https:\/\/casadecampoliving.com\/es\/wp-json\/wp\/v2\/posts\/352018\/revisions"}],"predecessor-version":[{"id":352019,"href":"https:\/\/casadecampoliving.com\/es\/wp-json\/wp\/v2\/posts\/352018\/revisions\/352019"}],"wp:featuredmedia":[{"embeddable":true,"href":"https:\/\/casadecampoliving.com\/es\/wp-json\/wp\/v2\/media\/310922"}],"wp:attachment":[{"href":"https:\/\/casadecampoliving.com\/es\/wp-json\/wp\/v2\/media?parent=352018"}],"wp:term":[{"taxonomy":"category","embeddable":true,"href":"https:\/\/casadecampoliving.com\/es\/wp-json\/wp\/v2\/categories?post=352018"},{"taxonomy":"post_tag","embeddable":true,"href":"https:\/\/casadecampoliving.com\/es\/wp-json\/wp\/v2\/tags?post=352018"},{"taxonomy":"newspack_spnsrs_tax","embeddable":true,"href":"https:\/\/casadecampoliving.com\/es\/wp-json\/wp\/v2\/newspack_spnsrs_tax?post=352018"}],"curies":[{"name":"wp","href":"https:\/\/api.w.org\/{rel}","templated":true}]}}