{"id":352016,"date":"2017-09-25T00:00:00","date_gmt":"2017-09-25T04:00:00","guid":{"rendered":"https:\/\/casadecampoliving.com\/republica-dominicana-celebra-el-dia-de-la-virgen-de-las-mercedes\/"},"modified":"2022-10-21T19:06:24","modified_gmt":"2022-10-21T23:06:24","slug":"republica-dominicana-celebra-el-dia-de-la-virgen-de-las-mercedes","status":"publish","type":"post","link":"https:\/\/casadecampoliving.com\/es\/republica-dominicana-celebra-el-dia-de-la-virgen-de-las-mercedes\/","title":{"rendered":"Rep\u00fablica Dominicana celebra el \u00abD\u00eda de la Virgen de las Mercedes\u00bb"},"content":{"rendered":"<div class=\"wp-block-image\">\n<figure class=\"aligncenter is-resized\"><img loading=\"lazy\" decoding=\"async\" src=\"https:\/\/i0.wp.com\/casadecampoliving.com\/wp-content\/uploads\/2022\/10\/santo_cerro-1.jpg?resize=875%2C581&amp;ssl=1\" alt=\"Santo Cerro - D\u00eda de las Mercedes\" class=\"wp-image-147588\" height=\"581\" width=\"875\"\/><\/figure>\n<\/div>\n\n\n<p>Ayer, 24 de septiembre, la Rep\u00fablica Dominicana celebr\u00f3 \u201cEl D\u00eda de las Mercedes\u201d. Su devoci\u00f3n por parte de la poblaci\u00f3n cat\u00f3lica del pa\u00eds comienza casi desde el descubrimiento de la isla, pero no fue hasta 1844, a\u00f1o de la Independencia Dominicana, que la Virgen de las Mercedes fue declarada \u201cPatrona de la Rep\u00fablica Dominicana\u201d y la fiesta comenz\u00f3 a celebrarse en este pa\u00eds.<br>\n<\/p>\n\n\n\n<!--more-->\n\n\n<div class=\"wp-block-image\">\n<figure class=\"alignright is-resized\"><img loading=\"lazy\" decoding=\"async\" src=\"https:\/\/i0.wp.com\/casadecampoliving.com\/wp-content\/uploads\/2022\/10\/virgen_de_las_mercedes1-300x202-2.jpg?resize=300%2C202&amp;ssl=1\" alt=\"\" class=\"wp-image-116298\" height=\"202\" width=\"300\"\/><\/figure>\n<\/div>\n\n\n<p>El santuario de la Virgen de las Mercedes est\u00e1 situado en el \u201cSanto Cerro\u201d, una peque\u00f1a colina en la que se ergu\u00eda la antigua ciudad de La Concepci\u00f3n de La Vega; este santo lugar est\u00e1 situado en el centro de la Rep\u00fablica Dominicana justo entre La Vega y Santiago. Muchas actividades se celebran en este d\u00eda; por ejemplo, ayer muchos caminaron desde la iglesia San Eduardo en La Romana hasta San Antonio de Padua en Buena Vista Norte donde se realiz\u00f3 una misa a su llegada. Adem\u00e1s, cientos de personas tienen la tradici\u00f3n de viajar hasta el \u201cSanto Cerro\u201d para rezar y ofrecer flores a la Virgen de las Mercedes, adem\u00e1s de ser parte de otras celebraciones que all\u00ed realizan.<\/p>\n\n\n\n<p>La Virgen de las Mercedes, considerada gu\u00eda espiritual de muchas ciudades del pa\u00eds, se celebra con gran devoci\u00f3n el 24 de septiembre, principalmente en las localidades de Cabrera, Constanza, Hato Mayor, Imbert, Pimentel y Sabana Grande de Palenque.<\/p>\n\n\n\n<p>Un hecho interesante y desconocido es que la Virgen de las Mercedes es tambi\u00e9n la patrona de todos los bomberos del pa\u00eds. En otros pa\u00edses cat\u00f3licos, la Virgen de las Mercedes tiene otra connotaci\u00f3n. En Venezuela, es la patrona de las personas que han sido encarceladas porque era costumbre perdonar a un grupo de prisioneros en esta fecha.<\/p>\n\n\n\n<p>\u00a1Esperamos que todos hayan tenido un maravilloso D\u00eda de Mercedes y disfrutaran del d\u00eda junto a su familia!<\/p>\n","protected":false},"excerpt":{"rendered":"<p>Ayer, 24 de septiembre, la Rep\u00fablica Dominicana celebr\u00f3 \u201cEl D\u00eda de las Mercedes\u201d. Su devoci\u00f3n por parte de la poblaci\u00f3n cat\u00f3lica del pa\u00eds comienza casi desde el descubrimiento de la isla, pero no fue hasta 1844, a\u00f1o de la Independencia Dominicana, que la Virgen de las Mercedes fue declarada \u201cPatrona de la Rep\u00fablica Dominicana\u201d y [&hellip;]<\/p>\n","protected":false},"author":36682,"featured_media":310896,"comment_status":"closed","ping_status":"closed","sticky":false,"template":"","format":"standard","meta":{"newspack_ads_suppress_ads":false,"newspack_popups_has_disabled_popups":false,"newspack_sponsor_sponsorship_scope":"","newspack_sponsor_native_byline_display":"inherit","newspack_sponsor_native_category_display":"inherit","newspack_sponsor_underwriter_style":"inherit","newspack_sponsor_underwriter_placement":"inherit","_newspack_byline_active":false,"_newspack_byline":"","newspack_hide_updated_date":false,"newspack_show_updated_date":false,"newspack_content_restriction_is_exempt":false,"newspack_featured_image_position":"","newspack_post_subtitle":"","newspack_article_summary_title":"Overview:","newspack_article_summary":"","_jetpack_memberships_contains_paid_content":false,"footnotes":"","jetpack_publicize_message":"","jetpack_publicize_feature_enabled":true,"jetpack_social_post_already_shared":false,"jetpack_social_options":{"image_generator_settings":{"template":"highway","default_image_id":0,"font":"","enabled":false},"version":2},"_wpas_customize_per_network":false},"categories":[2522,14625,7522,2521],"tags":[7528,4558,18629,7524,14777,5259],"newspack_spnsrs_tax":[],"class_list":["post-352016","post","type-post","status-publish","format-standard","has-post-thumbnail","hentry","category-eventos-es","category-noticias-locales","category-religion","category-republica-dominicana-2","tag-celebracion","tag-dia-feriado","tag-dominican-republic-es-5","tag-religion-2","tag-republica-dominicana-es-18","tag-virgen-de-las-mercedes","entry"],"yoast_head":"<!-- This site is optimized with the Yoast SEO plugin v27.4 - https:\/\/yoast.com\/product\/yoast-seo-wordpress\/ -->\n<title>Rep\u00fablica Dominicana celebra el &quot;D\u00eda de la Virgen de las Mercedes&quot; | Casa de Campo Living<\/title>\n<meta name=\"description\" content=\"Ayer, 24 de septiembre, la Rep\u00fablica Dominicana celebr\u00f3 \u201cEl D\u00eda de las Mercedes\u201d. Su devoci\u00f3n por parte de la poblaci\u00f3n cat\u00f3lica del pa\u00eds comienza casi\" \/>\n<meta name=\"robots\" content=\"index, follow, max-snippet:-1, max-image-preview:large, max-video-preview:-1\" \/>\n<link rel=\"canonical\" href=\"https:\/\/casadecampoliving.com\/es\/republica-dominicana-celebra-el-dia-de-la-virgen-de-las-mercedes\/\" \/>\n<meta property=\"og:locale\" content=\"es_ES\" \/>\n<meta property=\"og:type\" content=\"article\" \/>\n<meta property=\"og:title\" content=\"Rep\u00fablica Dominicana celebra el &quot;D\u00eda de la Virgen de las Mercedes&quot; | Casa de Campo Living\" \/>\n<meta property=\"og:description\" content=\"Ayer, 24 de septiembre, la Rep\u00fablica Dominicana celebr\u00f3 \u201cEl D\u00eda de las Mercedes\u201d. Su devoci\u00f3n por parte de la poblaci\u00f3n cat\u00f3lica del pa\u00eds comienza casi\" \/>\n<meta property=\"og:url\" content=\"https:\/\/casadecampoliving.com\/es\/republica-dominicana-celebra-el-dia-de-la-virgen-de-las-mercedes\/\" \/>\n<meta property=\"og:site_name\" content=\"Casa de Campo Living\" \/>\n<meta property=\"article:publisher\" content=\"https:\/\/www.facebook.com\/casadecampoliving\" \/>\n<meta property=\"article:published_time\" content=\"2017-09-25T04:00:00+00:00\" \/>\n<meta property=\"article:modified_time\" content=\"2022-10-21T23:06:24+00:00\" \/>\n<meta property=\"og:image\" content=\"https:\/\/i0.wp.com\/casadecampoliving.com\/wp-content\/uploads\/2022\/10\/santo_cerro-2.jpg?fit=875%2C581&ssl=1\" \/>\n\t<meta property=\"og:image:width\" content=\"875\" \/>\n\t<meta property=\"og:image:height\" content=\"581\" \/>\n\t<meta property=\"og:image:type\" content=\"image\/jpeg\" \/>\n<meta name=\"author\" content=\"Marlenys Guzm\u00e1n Casta\u00f1os\" \/>\n<meta name=\"twitter:card\" content=\"summary_large_image\" \/>\n<meta name=\"twitter:creator\" content=\"@cdcliving\" \/>\n<meta name=\"twitter:site\" content=\"@cdcliving\" \/>\n<meta name=\"twitter:label1\" content=\"Escrito por\" \/>\n\t<meta name=\"twitter:data1\" content=\"Marlenys Guzm\u00e1n Casta\u00f1os\" \/>\n\t<meta name=\"twitter:label2\" content=\"Tiempo de lectura\" \/>\n\t<meta name=\"twitter:data2\" content=\"2 minutos\" \/>\n<script type=\"application\/ld+json\" class=\"yoast-schema-graph\">{\"@context\":\"https:\\\/\\\/schema.org\",\"@graph\":[{\"@type\":\"Article\",\"@id\":\"https:\\\/\\\/casadecampoliving.com\\\/es\\\/republica-dominicana-celebra-el-dia-de-la-virgen-de-las-mercedes\\\/#article\",\"isPartOf\":{\"@id\":\"https:\\\/\\\/casadecampoliving.com\\\/es\\\/republica-dominicana-celebra-el-dia-de-la-virgen-de-las-mercedes\\\/\"},\"author\":{\"name\":\"Marlenys Guzm\u00e1n Casta\u00f1os\",\"@id\":\"https:\\\/\\\/casadecampoliving.com\\\/es\\\/#\\\/schema\\\/person\\\/b6606bd87f9cec8f5903e2141cafda24\"},\"headline\":\"Rep\u00fablica Dominicana celebra el \u00abD\u00eda de la Virgen de las Mercedes\u00bb\",\"datePublished\":\"2017-09-25T04:00:00+00:00\",\"dateModified\":\"2022-10-21T23:06:24+00:00\",\"mainEntityOfPage\":{\"@id\":\"https:\\\/\\\/casadecampoliving.com\\\/es\\\/republica-dominicana-celebra-el-dia-de-la-virgen-de-las-mercedes\\\/\"},\"wordCount\":334,\"publisher\":{\"@id\":\"https:\\\/\\\/casadecampoliving.com\\\/es\\\/#organization\"},\"image\":{\"@id\":\"https:\\\/\\\/casadecampoliving.com\\\/es\\\/republica-dominicana-celebra-el-dia-de-la-virgen-de-las-mercedes\\\/#primaryimage\"},\"thumbnailUrl\":\"https:\\\/\\\/i0.wp.com\\\/casadecampoliving.com\\\/wp-content\\\/uploads\\\/2022\\\/10\\\/santo_cerro-2.jpg?fit=875%2C581&ssl=1\",\"keywords\":[\"celebracion\",\"dia feriado\",\"Dominican Republic\",\"religion\",\"Republica Dominicana\",\"Virgen de las Mercedes\"],\"articleSection\":[\"Eventos\",\"Noticias Locales\",\"Religi\u00f3n\",\"Rep\u00fablica Dominicana @es\"],\"inLanguage\":\"es\"},{\"@type\":\"WebPage\",\"@id\":\"https:\\\/\\\/casadecampoliving.com\\\/es\\\/republica-dominicana-celebra-el-dia-de-la-virgen-de-las-mercedes\\\/\",\"url\":\"https:\\\/\\\/casadecampoliving.com\\\/es\\\/republica-dominicana-celebra-el-dia-de-la-virgen-de-las-mercedes\\\/\",\"name\":\"Rep\u00fablica Dominicana celebra el \\\"D\u00eda de la Virgen de las Mercedes\\\" | Casa de Campo Living\",\"isPartOf\":{\"@id\":\"https:\\\/\\\/casadecampoliving.com\\\/es\\\/#website\"},\"primaryImageOfPage\":{\"@id\":\"https:\\\/\\\/casadecampoliving.com\\\/es\\\/republica-dominicana-celebra-el-dia-de-la-virgen-de-las-mercedes\\\/#primaryimage\"},\"image\":{\"@id\":\"https:\\\/\\\/casadecampoliving.com\\\/es\\\/republica-dominicana-celebra-el-dia-de-la-virgen-de-las-mercedes\\\/#primaryimage\"},\"thumbnailUrl\":\"https:\\\/\\\/i0.wp.com\\\/casadecampoliving.com\\\/wp-content\\\/uploads\\\/2022\\\/10\\\/santo_cerro-2.jpg?fit=875%2C581&ssl=1\",\"datePublished\":\"2017-09-25T04:00:00+00:00\",\"dateModified\":\"2022-10-21T23:06:24+00:00\",\"description\":\"Ayer, 24 de septiembre, la Rep\u00fablica Dominicana celebr\u00f3 \u201cEl D\u00eda de las Mercedes\u201d. Su devoci\u00f3n por parte de la poblaci\u00f3n cat\u00f3lica del pa\u00eds comienza casi\",\"breadcrumb\":{\"@id\":\"https:\\\/\\\/casadecampoliving.com\\\/es\\\/republica-dominicana-celebra-el-dia-de-la-virgen-de-las-mercedes\\\/#breadcrumb\"},\"inLanguage\":\"es\",\"potentialAction\":[{\"@type\":\"ReadAction\",\"target\":[\"https:\\\/\\\/casadecampoliving.com\\\/es\\\/republica-dominicana-celebra-el-dia-de-la-virgen-de-las-mercedes\\\/\"]}]},{\"@type\":\"ImageObject\",\"inLanguage\":\"es\",\"@id\":\"https:\\\/\\\/casadecampoliving.com\\\/es\\\/republica-dominicana-celebra-el-dia-de-la-virgen-de-las-mercedes\\\/#primaryimage\",\"url\":\"https:\\\/\\\/i0.wp.com\\\/casadecampoliving.com\\\/wp-content\\\/uploads\\\/2022\\\/10\\\/santo_cerro-2.jpg?fit=875%2C581&ssl=1\",\"contentUrl\":\"https:\\\/\\\/i0.wp.com\\\/casadecampoliving.com\\\/wp-content\\\/uploads\\\/2022\\\/10\\\/santo_cerro-2.jpg?fit=875%2C581&ssl=1\",\"width\":875,\"height\":581,\"caption\":\"Santo Cerro - D\u00eda de las Mercedes\"},{\"@type\":\"BreadcrumbList\",\"@id\":\"https:\\\/\\\/casadecampoliving.com\\\/es\\\/republica-dominicana-celebra-el-dia-de-la-virgen-de-las-mercedes\\\/#breadcrumb\",\"itemListElement\":[{\"@type\":\"ListItem\",\"position\":1,\"name\":\"Home\",\"item\":\"https:\\\/\\\/casadecampoliving.com\\\/es\\\/\"},{\"@type\":\"ListItem\",\"position\":2,\"name\":\"Rep\u00fablica Dominicana celebra el &#8220;D\u00eda de la Virgen de las Mercedes&#8221;\"}]},{\"@type\":\"WebSite\",\"@id\":\"https:\\\/\\\/casadecampoliving.com\\\/es\\\/#website\",\"url\":\"https:\\\/\\\/casadecampoliving.com\\\/es\\\/\",\"name\":\"Casa de Campo Living\",\"description\":\"Resort community news and resources.\",\"publisher\":{\"@id\":\"https:\\\/\\\/casadecampoliving.com\\\/es\\\/#organization\"},\"potentialAction\":[{\"@type\":\"SearchAction\",\"target\":{\"@type\":\"EntryPoint\",\"urlTemplate\":\"https:\\\/\\\/casadecampoliving.com\\\/es\\\/?s={search_term_string}\"},\"query-input\":{\"@type\":\"PropertyValueSpecification\",\"valueRequired\":true,\"valueName\":\"search_term_string\"}}],\"inLanguage\":\"es\"},{\"@type\":\"Organization\",\"@id\":\"https:\\\/\\\/casadecampoliving.com\\\/es\\\/#organization\",\"name\":\"Casa de Campo Living\",\"url\":\"https:\\\/\\\/casadecampoliving.com\\\/es\\\/\",\"logo\":{\"@type\":\"ImageObject\",\"inLanguage\":\"es\",\"@id\":\"https:\\\/\\\/casadecampoliving.com\\\/es\\\/#\\\/schema\\\/logo\\\/image\\\/\",\"url\":\"https:\\\/\\\/i0.wp.com\\\/casadecampoliving.com\\\/wp-content\\\/uploads\\\/2022\\\/07\\\/CDCLivingLogo_V1-white-sized.png?fit=800%2C214&ssl=1\",\"contentUrl\":\"https:\\\/\\\/i0.wp.com\\\/casadecampoliving.com\\\/wp-content\\\/uploads\\\/2022\\\/07\\\/CDCLivingLogo_V1-white-sized.png?fit=800%2C214&ssl=1\",\"width\":800,\"height\":214,\"caption\":\"Casa de Campo Living\"},\"image\":{\"@id\":\"https:\\\/\\\/casadecampoliving.com\\\/es\\\/#\\\/schema\\\/logo\\\/image\\\/\"},\"sameAs\":[\"https:\\\/\\\/www.facebook.com\\\/casadecampoliving\",\"https:\\\/\\\/x.com\\\/cdcliving\"]},{\"@type\":\"Person\",\"@id\":\"https:\\\/\\\/casadecampoliving.com\\\/es\\\/#\\\/schema\\\/person\\\/b6606bd87f9cec8f5903e2141cafda24\",\"name\":\"Marlenys Guzm\u00e1n Casta\u00f1os\",\"image\":{\"@type\":\"ImageObject\",\"inLanguage\":\"es\",\"@id\":\"https:\\\/\\\/secure.gravatar.com\\\/avatar\\\/72f3f86b8e6b3ec744201aeadf11d4a6055e8af194aecd9ad30ffff4437878ee?s=96&d=mm&r=g\",\"url\":\"https:\\\/\\\/secure.gravatar.com\\\/avatar\\\/72f3f86b8e6b3ec744201aeadf11d4a6055e8af194aecd9ad30ffff4437878ee?s=96&d=mm&r=g\",\"contentUrl\":\"https:\\\/\\\/secure.gravatar.com\\\/avatar\\\/72f3f86b8e6b3ec744201aeadf11d4a6055e8af194aecd9ad30ffff4437878ee?s=96&d=mm&r=g\",\"caption\":\"Marlenys Guzm\u00e1n Casta\u00f1os\"},\"url\":\"https:\\\/\\\/casadecampoliving.com\\\/es\\\/author\\\/mguzman\\\/\"}]}<\/script>\n<!-- \/ Yoast SEO plugin. -->","yoast_head_json":{"title":"Rep\u00fablica Dominicana celebra el \"D\u00eda de la Virgen de las Mercedes\" | Casa de Campo Living","description":"Ayer, 24 de septiembre, la Rep\u00fablica Dominicana celebr\u00f3 \u201cEl D\u00eda de las Mercedes\u201d. Su devoci\u00f3n por parte de la poblaci\u00f3n cat\u00f3lica del pa\u00eds comienza casi","robots":{"index":"index","follow":"follow","max-snippet":"max-snippet:-1","max-image-preview":"max-image-preview:large","max-video-preview":"max-video-preview:-1"},"canonical":"https:\/\/casadecampoliving.com\/es\/republica-dominicana-celebra-el-dia-de-la-virgen-de-las-mercedes\/","og_locale":"es_ES","og_type":"article","og_title":"Rep\u00fablica Dominicana celebra el \"D\u00eda de la Virgen de las Mercedes\" | Casa de Campo Living","og_description":"Ayer, 24 de septiembre, la Rep\u00fablica Dominicana celebr\u00f3 \u201cEl D\u00eda de las Mercedes\u201d. Su devoci\u00f3n por parte de la poblaci\u00f3n cat\u00f3lica del pa\u00eds comienza casi","og_url":"https:\/\/casadecampoliving.com\/es\/republica-dominicana-celebra-el-dia-de-la-virgen-de-las-mercedes\/","og_site_name":"Casa de Campo Living","article_publisher":"https:\/\/www.facebook.com\/casadecampoliving","article_published_time":"2017-09-25T04:00:00+00:00","article_modified_time":"2022-10-21T23:06:24+00:00","og_image":[{"width":875,"height":581,"url":"https:\/\/i0.wp.com\/casadecampoliving.com\/wp-content\/uploads\/2022\/10\/santo_cerro-2.jpg?fit=875%2C581&ssl=1","type":"image\/jpeg"}],"author":"Marlenys Guzm\u00e1n Casta\u00f1os","twitter_card":"summary_large_image","twitter_creator":"@cdcliving","twitter_site":"@cdcliving","twitter_misc":{"Escrito por":"Marlenys Guzm\u00e1n Casta\u00f1os","Tiempo de lectura":"2 minutos"},"schema":{"@context":"https:\/\/schema.org","@graph":[{"@type":"Article","@id":"https:\/\/casadecampoliving.com\/es\/republica-dominicana-celebra-el-dia-de-la-virgen-de-las-mercedes\/#article","isPartOf":{"@id":"https:\/\/casadecampoliving.com\/es\/republica-dominicana-celebra-el-dia-de-la-virgen-de-las-mercedes\/"},"author":{"name":"Marlenys Guzm\u00e1n Casta\u00f1os","@id":"https:\/\/casadecampoliving.com\/es\/#\/schema\/person\/b6606bd87f9cec8f5903e2141cafda24"},"headline":"Rep\u00fablica Dominicana celebra el \u00abD\u00eda de la Virgen de las Mercedes\u00bb","datePublished":"2017-09-25T04:00:00+00:00","dateModified":"2022-10-21T23:06:24+00:00","mainEntityOfPage":{"@id":"https:\/\/casadecampoliving.com\/es\/republica-dominicana-celebra-el-dia-de-la-virgen-de-las-mercedes\/"},"wordCount":334,"publisher":{"@id":"https:\/\/casadecampoliving.com\/es\/#organization"},"image":{"@id":"https:\/\/casadecampoliving.com\/es\/republica-dominicana-celebra-el-dia-de-la-virgen-de-las-mercedes\/#primaryimage"},"thumbnailUrl":"https:\/\/i0.wp.com\/casadecampoliving.com\/wp-content\/uploads\/2022\/10\/santo_cerro-2.jpg?fit=875%2C581&ssl=1","keywords":["celebracion","dia feriado","Dominican Republic","religion","Republica Dominicana","Virgen de las Mercedes"],"articleSection":["Eventos","Noticias Locales","Religi\u00f3n","Rep\u00fablica Dominicana @es"],"inLanguage":"es"},{"@type":"WebPage","@id":"https:\/\/casadecampoliving.com\/es\/republica-dominicana-celebra-el-dia-de-la-virgen-de-las-mercedes\/","url":"https:\/\/casadecampoliving.com\/es\/republica-dominicana-celebra-el-dia-de-la-virgen-de-las-mercedes\/","name":"Rep\u00fablica Dominicana celebra el \"D\u00eda de la Virgen de las Mercedes\" | Casa de Campo Living","isPartOf":{"@id":"https:\/\/casadecampoliving.com\/es\/#website"},"primaryImageOfPage":{"@id":"https:\/\/casadecampoliving.com\/es\/republica-dominicana-celebra-el-dia-de-la-virgen-de-las-mercedes\/#primaryimage"},"image":{"@id":"https:\/\/casadecampoliving.com\/es\/republica-dominicana-celebra-el-dia-de-la-virgen-de-las-mercedes\/#primaryimage"},"thumbnailUrl":"https:\/\/i0.wp.com\/casadecampoliving.com\/wp-content\/uploads\/2022\/10\/santo_cerro-2.jpg?fit=875%2C581&ssl=1","datePublished":"2017-09-25T04:00:00+00:00","dateModified":"2022-10-21T23:06:24+00:00","description":"Ayer, 24 de septiembre, la Rep\u00fablica Dominicana celebr\u00f3 \u201cEl D\u00eda de las Mercedes\u201d. Su devoci\u00f3n por parte de la poblaci\u00f3n cat\u00f3lica del pa\u00eds comienza casi","breadcrumb":{"@id":"https:\/\/casadecampoliving.com\/es\/republica-dominicana-celebra-el-dia-de-la-virgen-de-las-mercedes\/#breadcrumb"},"inLanguage":"es","potentialAction":[{"@type":"ReadAction","target":["https:\/\/casadecampoliving.com\/es\/republica-dominicana-celebra-el-dia-de-la-virgen-de-las-mercedes\/"]}]},{"@type":"ImageObject","inLanguage":"es","@id":"https:\/\/casadecampoliving.com\/es\/republica-dominicana-celebra-el-dia-de-la-virgen-de-las-mercedes\/#primaryimage","url":"https:\/\/i0.wp.com\/casadecampoliving.com\/wp-content\/uploads\/2022\/10\/santo_cerro-2.jpg?fit=875%2C581&ssl=1","contentUrl":"https:\/\/i0.wp.com\/casadecampoliving.com\/wp-content\/uploads\/2022\/10\/santo_cerro-2.jpg?fit=875%2C581&ssl=1","width":875,"height":581,"caption":"Santo Cerro - D\u00eda de las Mercedes"},{"@type":"BreadcrumbList","@id":"https:\/\/casadecampoliving.com\/es\/republica-dominicana-celebra-el-dia-de-la-virgen-de-las-mercedes\/#breadcrumb","itemListElement":[{"@type":"ListItem","position":1,"name":"Home","item":"https:\/\/casadecampoliving.com\/es\/"},{"@type":"ListItem","position":2,"name":"Rep\u00fablica Dominicana celebra el &#8220;D\u00eda de la Virgen de las Mercedes&#8221;"}]},{"@type":"WebSite","@id":"https:\/\/casadecampoliving.com\/es\/#website","url":"https:\/\/casadecampoliving.com\/es\/","name":"Casa de Campo Living","description":"Resort community news and resources.","publisher":{"@id":"https:\/\/casadecampoliving.com\/es\/#organization"},"potentialAction":[{"@type":"SearchAction","target":{"@type":"EntryPoint","urlTemplate":"https:\/\/casadecampoliving.com\/es\/?s={search_term_string}"},"query-input":{"@type":"PropertyValueSpecification","valueRequired":true,"valueName":"search_term_string"}}],"inLanguage":"es"},{"@type":"Organization","@id":"https:\/\/casadecampoliving.com\/es\/#organization","name":"Casa de Campo Living","url":"https:\/\/casadecampoliving.com\/es\/","logo":{"@type":"ImageObject","inLanguage":"es","@id":"https:\/\/casadecampoliving.com\/es\/#\/schema\/logo\/image\/","url":"https:\/\/i0.wp.com\/casadecampoliving.com\/wp-content\/uploads\/2022\/07\/CDCLivingLogo_V1-white-sized.png?fit=800%2C214&ssl=1","contentUrl":"https:\/\/i0.wp.com\/casadecampoliving.com\/wp-content\/uploads\/2022\/07\/CDCLivingLogo_V1-white-sized.png?fit=800%2C214&ssl=1","width":800,"height":214,"caption":"Casa de Campo Living"},"image":{"@id":"https:\/\/casadecampoliving.com\/es\/#\/schema\/logo\/image\/"},"sameAs":["https:\/\/www.facebook.com\/casadecampoliving","https:\/\/x.com\/cdcliving"]},{"@type":"Person","@id":"https:\/\/casadecampoliving.com\/es\/#\/schema\/person\/b6606bd87f9cec8f5903e2141cafda24","name":"Marlenys Guzm\u00e1n Casta\u00f1os","image":{"@type":"ImageObject","inLanguage":"es","@id":"https:\/\/secure.gravatar.com\/avatar\/72f3f86b8e6b3ec744201aeadf11d4a6055e8af194aecd9ad30ffff4437878ee?s=96&d=mm&r=g","url":"https:\/\/secure.gravatar.com\/avatar\/72f3f86b8e6b3ec744201aeadf11d4a6055e8af194aecd9ad30ffff4437878ee?s=96&d=mm&r=g","contentUrl":"https:\/\/secure.gravatar.com\/avatar\/72f3f86b8e6b3ec744201aeadf11d4a6055e8af194aecd9ad30ffff4437878ee?s=96&d=mm&r=g","caption":"Marlenys Guzm\u00e1n Casta\u00f1os"},"url":"https:\/\/casadecampoliving.com\/es\/author\/mguzman\/"}]}},"parsely":{"version":"1.1.0","canonical_url":"https:\/\/casadecampoliving.com\/es\/republica-dominicana-celebra-el-dia-de-la-virgen-de-las-mercedes\/","smart_links":{"inbound":0,"outbound":0},"traffic_boost_suggestions_count":0,"meta":{"@context":"https:\/\/schema.org","@type":"NewsArticle","headline":"Rep\u00fablica Dominicana celebra el \u00abD\u00eda de la Virgen de las Mercedes\u00bb","url":"http:\/\/casadecampoliving.com\/es\/republica-dominicana-celebra-el-dia-de-la-virgen-de-las-mercedes\/","mainEntityOfPage":{"@type":"WebPage","@id":"http:\/\/casadecampoliving.com\/es\/republica-dominicana-celebra-el-dia-de-la-virgen-de-las-mercedes\/"},"thumbnailUrl":"https:\/\/i0.wp.com\/casadecampoliving.com\/wp-content\/uploads\/2022\/10\/santo_cerro-2.jpg?resize=150%2C150&ssl=1","image":{"@type":"ImageObject","url":"https:\/\/i0.wp.com\/casadecampoliving.com\/wp-content\/uploads\/2022\/10\/santo_cerro-2.jpg?fit=875%2C581&ssl=1"},"articleSection":"Eventos","author":[{"@type":"Person","name":"Marlenys Guzm\u00e1n Casta\u00f1os"}],"creator":["Marlenys Guzm\u00e1n Casta\u00f1os"],"publisher":{"@type":"Organization","name":"Casa de Campo Living","logo":"https:\/\/casadecampoliving.com\/wp-content\/uploads\/2022\/07\/CDCLivingLogo_V1-white-sized.png"},"keywords":["celebracion","dia feriado","dominican republic","religion","republica dominicana","virgen de las mercedes"],"dateCreated":"2017-09-25T04:00:00Z","datePublished":"2017-09-25T04:00:00Z","dateModified":"2022-10-21T23:06:24Z"},"rendered":"<script type=\"application\/ld+json\" class=\"wp-parsely-metadata\">{\"@context\":\"https:\\\/\\\/schema.org\",\"@type\":\"NewsArticle\",\"headline\":\"Rep\\u00fablica Dominicana celebra el \\u00abD\\u00eda de la Virgen de las Mercedes\\u00bb\",\"url\":\"http:\\\/\\\/casadecampoliving.com\\\/es\\\/republica-dominicana-celebra-el-dia-de-la-virgen-de-las-mercedes\\\/\",\"mainEntityOfPage\":{\"@type\":\"WebPage\",\"@id\":\"http:\\\/\\\/casadecampoliving.com\\\/es\\\/republica-dominicana-celebra-el-dia-de-la-virgen-de-las-mercedes\\\/\"},\"thumbnailUrl\":\"https:\\\/\\\/i0.wp.com\\\/casadecampoliving.com\\\/wp-content\\\/uploads\\\/2022\\\/10\\\/santo_cerro-2.jpg?resize=150%2C150&ssl=1\",\"image\":{\"@type\":\"ImageObject\",\"url\":\"https:\\\/\\\/i0.wp.com\\\/casadecampoliving.com\\\/wp-content\\\/uploads\\\/2022\\\/10\\\/santo_cerro-2.jpg?fit=875%2C581&ssl=1\"},\"articleSection\":\"Eventos\",\"author\":[{\"@type\":\"Person\",\"name\":\"Marlenys Guzm\\u00e1n Casta\\u00f1os\"}],\"creator\":[\"Marlenys Guzm\\u00e1n Casta\\u00f1os\"],\"publisher\":{\"@type\":\"Organization\",\"name\":\"Casa de Campo Living\",\"logo\":\"https:\\\/\\\/casadecampoliving.com\\\/wp-content\\\/uploads\\\/2022\\\/07\\\/CDCLivingLogo_V1-white-sized.png\"},\"keywords\":[\"celebracion\",\"dia feriado\",\"dominican republic\",\"religion\",\"republica dominicana\",\"virgen de las mercedes\"],\"dateCreated\":\"2017-09-25T04:00:00Z\",\"datePublished\":\"2017-09-25T04:00:00Z\",\"dateModified\":\"2022-10-21T23:06:24Z\"}<\/script>","tracker_url":"https:\/\/cdn.parsely.com\/keys\/casadecampoliving.com\/p.js"},"jetpack_publicize_connections":[],"jetpack_featured_media_url":"https:\/\/i0.wp.com\/casadecampoliving.com\/wp-content\/uploads\/2022\/10\/santo_cerro-2.jpg?fit=875%2C581&ssl=1","jetpack-related-posts":[{"id":345424,"url":"https:\/\/casadecampoliving.com\/es\/dia-de-la-virgen-de-las-mercedes\/","url_meta":{"origin":352016,"position":0},"title":"D\u00eda de la Virgen de las Mercedes","author":"Maria Isabel B\u00e1ez","date":"24 Sep, 2014","format":false,"excerpt":"Hoy, 24 de septiembre, \u00a1la Rep\u00fablica Dominicana celebra el D\u00eda de la Virgen de las Mercedes, como parte de su rica historia y predominantes creencias Cat\u00f3licas! Aunque este d\u00eda feriado se estableci\u00f3 originalmente en Espa\u00f1a en 1218, y la Rep\u00fablica Dominicana a\u00fan no era una colonia Espa\u00f1ola, no fue hasta\u2026","rel":"","context":"En \u00abCasa de Campo Living @es\u00bb","block_context":{"text":"Casa de Campo Living @es","link":"https:\/\/casadecampoliving.com\/category\/casa-de-campo-living-es\/"},"img":{"alt_text":"Virgen de las Mercedes","src":"https:\/\/i0.wp.com\/casadecampoliving.com\/wp-content\/uploads\/2022\/10\/virgen-de-las-mercedes-la-hermosona-1.jpg?fit=640%2C480&ssl=1&resize=350%2C200","width":350,"height":200,"srcset":"https:\/\/i0.wp.com\/casadecampoliving.com\/wp-content\/uploads\/2022\/10\/virgen-de-las-mercedes-la-hermosona-1.jpg?fit=640%2C480&ssl=1&resize=350%2C200 1x, https:\/\/i0.wp.com\/casadecampoliving.com\/wp-content\/uploads\/2022\/10\/virgen-de-las-mercedes-la-hermosona-1.jpg?fit=640%2C480&ssl=1&resize=525%2C300 1.5x"},"classes":[]},{"id":342946,"url":"https:\/\/casadecampoliving.com\/es\/hoy-la-republica-dominicana-celebra-el-dia-de-las-virgen-de-las-mercedes-2\/","url_meta":{"origin":352016,"position":1},"title":"\u00a1Hoy la Rep\u00fablica Dominicana celebra el D\u00eda de la Virgen de las Mercedes!","author":"Rebecca Silvestri","date":"24 Sep, 2013","format":false,"excerpt":"Hoy 24 de Septiembre de 2013, y desde la fundaci\u00f3n de una nueva Orden religiosa de mercenarios establecida en 1218 en Espa\u00f1a, la Rep\u00fablica Dominicana, como parte de su rica historia y creencias de la Iglesia Cat\u00f3lica, celebra el D\u00eda de la Virgen de las Mercedes! Tal y como fue\u2026","rel":"","context":"En \u00abDestacados\u00bb","block_context":{"text":"Destacados","link":"https:\/\/casadecampoliving.com\/es\/category\/destacados\/"},"img":{"alt_text":"Virgen de las Mercedes","src":"https:\/\/i0.wp.com\/casadecampoliving.com\/wp-content\/uploads\/2022\/10\/virgen-de-las-mercedes-la-hermosona-1.jpg?fit=640%2C480&ssl=1&resize=350%2C200","width":350,"height":200,"srcset":"https:\/\/i0.wp.com\/casadecampoliving.com\/wp-content\/uploads\/2022\/10\/virgen-de-las-mercedes-la-hermosona-1.jpg?fit=640%2C480&ssl=1&resize=350%2C200 1x, https:\/\/i0.wp.com\/casadecampoliving.com\/wp-content\/uploads\/2022\/10\/virgen-de-las-mercedes-la-hermosona-1.jpg?fit=640%2C480&ssl=1&resize=525%2C300 1.5x"},"classes":[]},{"id":339805,"url":"https:\/\/casadecampoliving.com\/es\/hoy-la-republica-dominicana-celebra-el-dia-de-las-virgen-de-las-mercedes\/","url_meta":{"origin":352016,"position":2},"title":"Hoy la Rep\u00fablica Dominicana celebra el D\u00eda de las Virgen de las Mercedes!","author":"","date":"24 Sep, 2012","format":false,"excerpt":"Hoy 24 de Septiembre de 2012, y desde la fundaci\u00f3n de una nueva Orden religiosa de mercenarios establecida en 1218 en Espa\u00f1a, la Rep\u00fablica Dominicana, como parte de su rica historia y creencias de la Iglesia Cat\u00f3lica, celebra el D\u00eda de la Virgen de las Mercedes! Tal y como fue\u2026","rel":"","context":"En \u00abEstilo de Vida\u00bb","block_context":{"text":"Estilo de Vida","link":"https:\/\/casadecampoliving.com\/es\/category\/estilo-de-vida\/"},"img":{"alt_text":"Virgen de las Mercedes","src":"https:\/\/i0.wp.com\/casadecampoliving.com\/wp-content\/uploads\/2022\/10\/virgen-de-las-mercedes-la-hermosona-1.jpg?fit=640%2C480&ssl=1&resize=350%2C200","width":350,"height":200,"srcset":"https:\/\/i0.wp.com\/casadecampoliving.com\/wp-content\/uploads\/2022\/10\/virgen-de-las-mercedes-la-hermosona-1.jpg?fit=640%2C480&ssl=1&resize=350%2C200 1x, https:\/\/i0.wp.com\/casadecampoliving.com\/wp-content\/uploads\/2022\/10\/virgen-de-las-mercedes-la-hermosona-1.jpg?fit=640%2C480&ssl=1&resize=525%2C300 1.5x"},"classes":[]},{"id":337943,"url":"https:\/\/casadecampoliving.com\/es\/dias-feriados-de-la-republica-dominicana-y-la-fascinante-historia-detras\/","url_meta":{"origin":352016,"position":3},"title":"D\u00edas Feriados de la Rep\u00fablica Dominicana y la fascinante historia detr\u00e1s!","author":"","date":"12 Ene, 2012","format":false,"excerpt":"La Rep\u00fablica Dominicana, cada a\u00f1o, a principios de enero, se convierte en una excusa fabulosa para actuar como un calendario y libro extraordinario de fechas de momentos, vivencias, luchas, guerras y protagonistas responsables de guiar nuestro pa\u00eds hacia una naci\u00f3n\u00a0libre, democr\u00e1tica y soberana. Acomp\u00e1\u00f1enos en este recorrido de la historia\u2026","rel":"","context":"En \u00abArte y cultura\u00bb","block_context":{"text":"Arte y cultura","link":"https:\/\/casadecampoliving.com\/category\/arte-y-cultura\/"},"img":{"alt_text":"independencia republica dominicana","src":"https:\/\/i0.wp.com\/casadecampoliving.com\/wp-content\/uploads\/2022\/10\/independencia_republica_dominicana-1.jpg?fit=650%2C374&ssl=1&resize=350%2C200","width":350,"height":200,"srcset":"https:\/\/i0.wp.com\/casadecampoliving.com\/wp-content\/uploads\/2022\/10\/independencia_republica_dominicana-1.jpg?fit=650%2C374&ssl=1&resize=350%2C200 1x, https:\/\/i0.wp.com\/casadecampoliving.com\/wp-content\/uploads\/2022\/10\/independencia_republica_dominicana-1.jpg?fit=650%2C374&ssl=1&resize=525%2C300 1.5x"},"classes":[]},{"id":346417,"url":"https:\/\/casadecampoliving.com\/es\/fiestas-nacionales-dominicanas-en-2015\/","url_meta":{"origin":352016,"position":4},"title":"Fiestas Nacionales Dominicanas en 2015","author":"Rebecca Hughes","date":"31 Dic, 2014","format":false,"excerpt":"\u00a1El comienzo de un nuevo a\u00f1o trae un nuevo calendario de actividades y fascinantes d\u00edas festivos dominicanos! Para aquellos de ustedes que viven en la Rep\u00fablica Dominicana (y no son dominicanos), las Fiestas Nacionales Dominicanas todav\u00eda puede ser un misterio para usted, as\u00ed que aqu\u00ed le traemos un calendario completo\u00a0de\u2026","rel":"","context":"En \u00abArte y cultura\u00bb","block_context":{"text":"Arte y cultura","link":"https:\/\/casadecampoliving.com\/category\/arte-y-cultura\/"},"img":{"alt_text":"Dominican flag","src":"https:\/\/i0.wp.com\/casadecampoliving.com\/wp-content\/uploads\/2022\/10\/Dominican_flag.jpg?fit=650%2C434&ssl=1&resize=350%2C200","width":350,"height":200,"srcset":"https:\/\/i0.wp.com\/casadecampoliving.com\/wp-content\/uploads\/2022\/10\/Dominican_flag.jpg?fit=650%2C434&ssl=1&resize=350%2C200 1x, https:\/\/i0.wp.com\/casadecampoliving.com\/wp-content\/uploads\/2022\/10\/Dominican_flag.jpg?fit=650%2C434&ssl=1&resize=525%2C300 1.5x"},"classes":[]},{"id":349045,"url":"https:\/\/casadecampoliving.com\/es\/dias-festivos-dominicanos-y-un-poco-de-nuestra-historia\/","url_meta":{"origin":352016,"position":5},"title":"\u00a1D\u00edas Feriados Dominicanos y un poco de nuestra historia!","author":"Marlenys Guzm\u00e1n Casta\u00f1os","date":"20 Ene, 2016","format":false,"excerpt":"Al inicio de cada a\u00f1o nuevo sacamos nuestros calendarios para verificar los d\u00edas feriados y muchos de nosotros comenzamos a planear nuestro tiempo alrededor de estas fechas ya sea para salir a visitar familiares, irnos de vacaciones, asistir a misa, o simplemente descansar. Estas fechas son parte de nuestra cultura\u2026","rel":"","context":"En \u00abAltos de Chavon @es\u00bb","block_context":{"text":"Altos de Chavon @es","link":"https:\/\/casadecampoliving.com\/category\/altos-de-chavon-es\/"},"img":{"alt_text":"Dominican Holidays 2016","src":"https:\/\/i0.wp.com\/casadecampoliving.com\/wp-content\/uploads\/2022\/10\/Dominican-Holidays-2016-1.jpg?fit=650%2C400&ssl=1&resize=350%2C200","width":350,"height":200,"srcset":"https:\/\/i0.wp.com\/casadecampoliving.com\/wp-content\/uploads\/2022\/10\/Dominican-Holidays-2016-1.jpg?fit=650%2C400&ssl=1&resize=350%2C200 1x, https:\/\/i0.wp.com\/casadecampoliving.com\/wp-content\/uploads\/2022\/10\/Dominican-Holidays-2016-1.jpg?fit=650%2C400&ssl=1&resize=525%2C300 1.5x"},"classes":[]}],"jetpack_sharing_enabled":true,"_links":{"self":[{"href":"https:\/\/casadecampoliving.com\/es\/wp-json\/wp\/v2\/posts\/352016","targetHints":{"allow":["GET"]}}],"collection":[{"href":"https:\/\/casadecampoliving.com\/es\/wp-json\/wp\/v2\/posts"}],"about":[{"href":"https:\/\/casadecampoliving.com\/es\/wp-json\/wp\/v2\/types\/post"}],"author":[{"embeddable":true,"href":"https:\/\/casadecampoliving.com\/es\/wp-json\/wp\/v2\/users\/36682"}],"replies":[{"embeddable":true,"href":"https:\/\/casadecampoliving.com\/es\/wp-json\/wp\/v2\/comments?post=352016"}],"version-history":[{"count":1,"href":"https:\/\/casadecampoliving.com\/es\/wp-json\/wp\/v2\/posts\/352016\/revisions"}],"predecessor-version":[{"id":352017,"href":"https:\/\/casadecampoliving.com\/es\/wp-json\/wp\/v2\/posts\/352016\/revisions\/352017"}],"wp:featuredmedia":[{"embeddable":true,"href":"https:\/\/casadecampoliving.com\/es\/wp-json\/wp\/v2\/media\/310896"}],"wp:attachment":[{"href":"https:\/\/casadecampoliving.com\/es\/wp-json\/wp\/v2\/media?parent=352016"}],"wp:term":[{"taxonomy":"category","embeddable":true,"href":"https:\/\/casadecampoliving.com\/es\/wp-json\/wp\/v2\/categories?post=352016"},{"taxonomy":"post_tag","embeddable":true,"href":"https:\/\/casadecampoliving.com\/es\/wp-json\/wp\/v2\/tags?post=352016"},{"taxonomy":"newspack_spnsrs_tax","embeddable":true,"href":"https:\/\/casadecampoliving.com\/es\/wp-json\/wp\/v2\/newspack_spnsrs_tax?post=352016"}],"curies":[{"name":"wp","href":"https:\/\/api.w.org\/{rel}","templated":true}]}}