{"id":351980,"date":"2017-09-14T00:00:00","date_gmt":"2017-09-14T04:00:00","guid":{"rendered":"https:\/\/casadecampoliving.com\/dos-noches-de-teatro-con-casa-de-teatro-en-genesis-nightclub-pbo\/"},"modified":"2022-10-21T19:04:04","modified_gmt":"2022-10-21T23:04:04","slug":"dos-noches-de-teatro-con-casa-de-teatro-en-genesis-nightclub-pbo","status":"publish","type":"post","link":"https:\/\/casadecampoliving.com\/es\/dos-noches-de-teatro-con-casa-de-teatro-en-genesis-nightclub-pbo\/","title":{"rendered":"* Actualizaci\u00f3n: \u00a1Nuevas fechas! * Dos noches de teatro con Casa de Teatro en Genesis Nightclub"},"content":{"rendered":"\n<p><strong>* ACTUALIZACI\u00d3N: Noches de Teatro tiene un nuevo horario. El mon\u00f3logo \u201cA veces Grito\u201d se llevar\u00e1 a cabo ma\u00f1ana en la noche, 23 de septiembre, y la presentaci\u00f3n \u201cElla Canta y El Cuenta\u201d se pospone para SIGUIENTE s\u00e1bado, 30 de septiembre. Adem\u00e1s, \u00a1los estudiantes reciben un 50% de descuento con su carnet de estudiante!<\/strong><\/p>\n\n\n\n<p>El Patronato Ben\u00e9fico Oriental (PBO) junto con Casa de Teatro ha organizado un nuevo y muy interesante evento para la comunidad. Las <em>Noches de Teatro<\/em> en Genesis Nightclub se celebrar\u00e1n los d\u00edas<del> 22 y 23 de septiembre<\/del>&nbsp;23 y 30 de septiembre. Este evento es algo diferente y cautivante que no hemos tenido en un tiempo; adem\u00e1s, apoyar\u00e1 dos causas muy buenas.<\/p>\n\n\n\n<!--more-->\n\n\n\n<p>El teatro es una de las practicas m\u00e1s importantes y antiguas del mundo. Fue muy importante en la historia de la antigua Grecia, cuna de algunos de los pensadores m\u00e1s destacados, dejando obras que han transcendido hasta nuestros d\u00edas como en el caso del rey Edipo, Medea, La Iliada, entre otros. Es un arte que est\u00e1 en constante evoluci\u00f3n, cambiando a lo largo de las d\u00e9cadas. El amor por el teatro trasciende a todas las edades y puede traer evocar diferentes sentimientos en todo el mundo. Cuando ves una buena obra, a menudo sales del teatro sintiendote una persona diferente a la que entr\u00f3. Piensas \u201che sido desafiado\u201d, y ves las cosas en una perspectiva diferente.<\/p>\n\n\n<div class=\"wp-block-image\">\n<figure class=\"aligncenter is-resized\"><img loading=\"lazy\" decoding=\"async\" src=\"https:\/\/i0.wp.com\/casadecampoliving.com\/wp-content\/uploads\/2022\/10\/A-Veces-Grito-1200x600-1.jpg?resize=1000%2C500&amp;ssl=1\" alt=\"\" class=\"wp-image-147009\" height=\"500\" width=\"1000\"\/><\/figure>\n<\/div>\n\n\n<p>El Patronato Ben\u00e9fico Oriental se ha unido a la Casa de Teatro de Santo Domingo para traernos dos d\u00edas de teatro. El viernes 22 de septiembre se presentar\u00e1 el mon\u00f3logo \u201cA veces Grito\u201d, escrito por Freddy Ginebra hace 49 a\u00f1os y con la actuaci\u00f3n del actor colombiano Alejandro V\u00e1squez. La obra tiene una producci\u00f3n internacional y se ha presentado con gran \u00e9xito en varios pa\u00edses en diferentes festivales alrededor del mundo. Este mon\u00f3logo fue montado en Rep\u00fablica Dominicana en febrero de 2011, y despu\u00e9s de ser realizado en todo el mundo regres\u00f3 al pa\u00eds en febrero de este a\u00f1o. Cuenta la historia de un hombre preocupado llamado Juan que viene a la oficina del psiquiatra. Su personaje est\u00e1 atrapado en los l\u00edmites de la locura,cargado de un pasado tr\u00e1gico, de un complicado entorno familiar, se presenta ante su propio delirio. La segunda noche presentar\u00e1 a Freddy Ginebra, en \u201cElla Canta y El Cuenta\u201d junto con Diomary La Mala, quien gan\u00f3 el premio Solista del a\u00f1o 2016 en los Soberanos.<\/p>\n\n\n\n<p>Freddy Ginebra es un agente cultural, escritor y periodista dominicano. En 1974, junto con un grupo de j\u00f3venes, fund\u00f3 Casa de Teatro, un centro cultural en la ciudad de Santo Domingo, y ha sido su director desde entonces. Estaban buscando un lugar donde pudieran realizar un teatro independiente e innovador. Era una \u00e9poca dif\u00edcil y represiva. Todo lo que parec\u00eda de vanguardia, o diferente, era tildado de roja o un problema. Despu\u00e9s de un largo tiempo de rechazos y de gente que no cre\u00eda en ellos, encontraron una casa en la Zona Colonial donde pudieron presentar sus ideas e historias, conquistando los corazones de muchos, y as\u00ed m\u00e1s gente comenz\u00f3 a apoyar su proyecto. M\u00e1s de 30 a\u00f1os han pasado y todav\u00eda es un lugar popular en Santo Domingo.<\/p>\n\n\n\n<p>Este evento apoya tanto a Casa de Teatro como los proyectos art\u00edsticos del Hogar del Ni\u00f1o. Si te encanta el teatro este es sin duda un evento al cual vale la pena ir; adem\u00e1s, estar\u00e1 apoyando a dos organizaciones que ayudan a construir y mantener vivo este antiguo arte.<\/p>\n\n\n\n<blockquote><h3>Noches de Teatro \u2013 Mon\u00f3logo \u201cA veces Grito\u201d<\/h3><figure><img decoding=\"async\" loading=\"lazy\" class=\"aligncenter wp-image-147522 size-full\" src=\"https:\/\/i0.wp.com\/casadecampoliving.com\/wp-content\/uploads\/2022\/10\/Noches_de_teatro-e1506099532436.jpeg?resize=647%2C1000&amp;ssl=1\" alt=\"Noches de Teatro\" width=\"647\" height=\"1000\"><\/figure><p><strong>Cu\u00e1ndo:<\/strong>&nbsp;s\u00e1bado, 23 de septiembre<\/p><p><strong>D\u00f3nde:<\/strong> Genesis Nightclub<\/p><p><strong>Costo:<\/strong> RD $ 2,500 para ambas presentaciones<br>\nRD $ 1,500 solo una presentaci\u00f3n<\/p><p><strong>Boletas disponibles en el PBO:<\/strong> llame al 809-523-8901 \/ 809-556-3181 o env\u00ede un correo electr\u00f3nico a <a href=\"mailto:info@pbo.org.do\">info@pbo.org.do<\/a><\/p><\/blockquote>\n\n\n\n<blockquote><h3>Noches de Teatro &nbsp;\u2013 Ella Canta y El Cuenta<\/h3><figure><img decoding=\"async\" loading=\"lazy\" class=\"aligncenter wp-image-147521 size-full\" src=\"https:\/\/i0.wp.com\/casadecampoliving.com\/wp-content\/uploads\/2022\/10\/Noches_de_teatro2-e1506099623990.jpeg?resize=647%2C1000&amp;ssl=1\" alt=\"Noches de Teatro\" width=\"647\" height=\"1000\"><\/figure><p><strong>Cu\u00e1ndo:<\/strong>&nbsp;s\u00e1bado, 30 de septiembre<\/p><p><strong>D\u00f3nde:<\/strong> Genesis Nightclub<\/p><p><strong>Costo:<\/strong> RD $ 2,500 para ambas presentaciones<br>\nRD $ 1,500 solo una presentaci\u00f3n<\/p><p><strong>Boletas disponibles en el PBO:<\/strong> llame al 809-523-8901 \/ 809-556-3181 o env\u00ede un correo electr\u00f3nico a <a href=\"mailto:info@pbo.org.do\">info@pbo.org.do<\/a><\/p><\/blockquote>\n","protected":false},"excerpt":{"rendered":"<p>* ACTUALIZACI\u00d3N: Noches de Teatro tiene un nuevo horario. El mon\u00f3logo \u201cA veces Grito\u201d se llevar\u00e1 a cabo ma\u00f1ana en la noche, 23 de septiembre, y la presentaci\u00f3n \u201cElla Canta y El Cuenta\u201d se pospone para SIGUIENTE s\u00e1bado, 30 de septiembre. Adem\u00e1s, \u00a1los estudiantes reciben un 50% de descuento con su carnet de estudiante! El [&hellip;]<\/p>\n","protected":false},"author":36682,"featured_media":310291,"comment_status":"closed","ping_status":"closed","sticky":false,"template":"","format":"standard","meta":{"newspack_ads_suppress_ads":false,"newspack_popups_has_disabled_popups":false,"newspack_sponsor_sponsorship_scope":"","newspack_sponsor_native_byline_display":"inherit","newspack_sponsor_native_category_display":"inherit","newspack_sponsor_underwriter_style":"inherit","newspack_sponsor_underwriter_placement":"inherit","_newspack_byline_active":false,"_newspack_byline":"","newspack_hide_updated_date":false,"newspack_show_updated_date":false,"newspack_content_restriction_is_exempt":false,"newspack_featured_image_position":"","newspack_post_subtitle":"","newspack_article_summary_title":"Overview:","newspack_article_summary":"","_jetpack_memberships_contains_paid_content":false,"footnotes":"","jetpack_publicize_message":"","jetpack_publicize_feature_enabled":true,"jetpack_social_post_already_shared":false,"jetpack_social_options":{"image_generator_settings":{"template":"highway","default_image_id":0,"font":"","enabled":false},"version":2},"_wpas_customize_per_network":false},"categories":[26819,26823,14631,2522,2515,2514,2516,2506,14627,2521],"tags":[3334,5391,4484,14736,10459,14876,9224,13822,13337],"newspack_spnsrs_tax":[],"class_list":["post-351980","post","type-post","status-publish","format-standard","has-post-thumbnail","hentry","category-altos-de-chavon-es","category-arte-y-cultura","category-estilo-de-vida","category-eventos-es","category-fundacion-mir-es","category-fundaciones-es","category-hogar-del-nino-es","category-mas-alla-de-casa-es","category-proximamente","category-republica-dominicana-2","tag-cultura","tag-culture","tag-el-hogar-del-nino","tag-featured-topview-es","tag-freddy-ginebra","tag-hogar-del-nino-es","tag-pbo-es","tag-santo-domingo","tag-teatro","entry"],"yoast_head":"<!-- This site is optimized with the Yoast SEO plugin v27.4 - https:\/\/yoast.com\/product\/yoast-seo-wordpress\/ -->\n<title>* Actualizaci\u00f3n: \u00a1Nuevas fechas! * Dos noches de teatro con Casa de Teatro en Genesis Nightclub | Casa de Campo Living<\/title>\n<meta name=\"description\" content=\"* ACTUALIZACI\u00d3N: Noches de Teatro tiene un nuevo horario. El mon\u00f3logo \u201cA veces Grito\u201d se llevar\u00e1 a cabo ma\u00f1ana en la noche, 23 de septiembre, y la\" \/>\n<meta name=\"robots\" content=\"index, follow, max-snippet:-1, max-image-preview:large, max-video-preview:-1\" \/>\n<link rel=\"canonical\" href=\"https:\/\/casadecampoliving.com\/es\/dos-noches-de-teatro-con-casa-de-teatro-en-genesis-nightclub-pbo\/\" \/>\n<meta property=\"og:locale\" content=\"es_ES\" \/>\n<meta property=\"og:type\" content=\"article\" \/>\n<meta property=\"og:title\" content=\"* Actualizaci\u00f3n: \u00a1Nuevas fechas! * Dos noches de teatro con Casa de Teatro en Genesis Nightclub | Casa de Campo Living\" \/>\n<meta property=\"og:description\" content=\"* ACTUALIZACI\u00d3N: Noches de Teatro tiene un nuevo horario. El mon\u00f3logo \u201cA veces Grito\u201d se llevar\u00e1 a cabo ma\u00f1ana en la noche, 23 de septiembre, y la\" \/>\n<meta property=\"og:url\" content=\"https:\/\/casadecampoliving.com\/es\/dos-noches-de-teatro-con-casa-de-teatro-en-genesis-nightclub-pbo\/\" \/>\n<meta property=\"og:site_name\" content=\"Casa de Campo Living\" \/>\n<meta property=\"article:publisher\" content=\"https:\/\/www.facebook.com\/casadecampoliving\" \/>\n<meta property=\"article:published_time\" content=\"2017-09-14T04:00:00+00:00\" \/>\n<meta property=\"article:modified_time\" content=\"2022-10-21T23:04:04+00:00\" \/>\n<meta property=\"og:image\" content=\"https:\/\/i0.wp.com\/casadecampoliving.com\/wp-content\/uploads\/2022\/10\/Diomary-la-mala-and-Freddy-Ginebra-e1505416531726.jpg?fit=1000%2C600&ssl=1\" \/>\n\t<meta property=\"og:image:width\" content=\"1000\" \/>\n\t<meta property=\"og:image:height\" content=\"600\" \/>\n\t<meta property=\"og:image:type\" content=\"image\/jpeg\" \/>\n<meta name=\"author\" content=\"Marlenys Guzm\u00e1n Casta\u00f1os\" \/>\n<meta name=\"twitter:card\" content=\"summary_large_image\" \/>\n<meta name=\"twitter:creator\" content=\"@cdcliving\" \/>\n<meta name=\"twitter:site\" content=\"@cdcliving\" \/>\n<meta name=\"twitter:label1\" content=\"Escrito por\" \/>\n\t<meta name=\"twitter:data1\" content=\"Marlenys Guzm\u00e1n Casta\u00f1os\" \/>\n\t<meta name=\"twitter:label2\" content=\"Tiempo de lectura\" \/>\n\t<meta name=\"twitter:data2\" content=\"4 minutos\" \/>\n<script type=\"application\/ld+json\" class=\"yoast-schema-graph\">{\"@context\":\"https:\\\/\\\/schema.org\",\"@graph\":[{\"@type\":\"Article\",\"@id\":\"https:\\\/\\\/casadecampoliving.com\\\/es\\\/dos-noches-de-teatro-con-casa-de-teatro-en-genesis-nightclub-pbo\\\/#article\",\"isPartOf\":{\"@id\":\"https:\\\/\\\/casadecampoliving.com\\\/es\\\/dos-noches-de-teatro-con-casa-de-teatro-en-genesis-nightclub-pbo\\\/\"},\"author\":{\"name\":\"Marlenys Guzm\u00e1n Casta\u00f1os\",\"@id\":\"https:\\\/\\\/casadecampoliving.com\\\/es\\\/#\\\/schema\\\/person\\\/b6606bd87f9cec8f5903e2141cafda24\"},\"headline\":\"* Actualizaci\u00f3n: \u00a1Nuevas fechas! * Dos noches de teatro con Casa de Teatro en Genesis Nightclub\",\"datePublished\":\"2017-09-14T04:00:00+00:00\",\"dateModified\":\"2022-10-21T23:04:04+00:00\",\"mainEntityOfPage\":{\"@id\":\"https:\\\/\\\/casadecampoliving.com\\\/es\\\/dos-noches-de-teatro-con-casa-de-teatro-en-genesis-nightclub-pbo\\\/\"},\"wordCount\":730,\"publisher\":{\"@id\":\"https:\\\/\\\/casadecampoliving.com\\\/es\\\/#organization\"},\"image\":{\"@id\":\"https:\\\/\\\/casadecampoliving.com\\\/es\\\/dos-noches-de-teatro-con-casa-de-teatro-en-genesis-nightclub-pbo\\\/#primaryimage\"},\"thumbnailUrl\":\"https:\\\/\\\/i0.wp.com\\\/casadecampoliving.com\\\/wp-content\\\/uploads\\\/2022\\\/10\\\/Diomary-la-mala-and-Freddy-Ginebra-e1505416531726.jpg?fit=1000%2C600&ssl=1\",\"keywords\":[\"cultura\",\"culture\",\"el hogar del nino\",\"Featured-TopView @es\",\"freddy ginebra\",\"hogar del nino\",\"PBO @es\",\"Santo Domingo\",\"Teatro\"],\"articleSection\":[\"Altos de Chavon @es\",\"Arte y cultura\",\"Estilo de Vida\",\"Eventos\",\"Fundaci\u00f3n MIR @es\",\"Fundaciones\",\"Hogar del Ni\u00f1o @es\",\"M\u00e1s all\u00e1 de Casa\",\"Proximamente\",\"Rep\u00fablica Dominicana @es\"],\"inLanguage\":\"es\"},{\"@type\":\"WebPage\",\"@id\":\"https:\\\/\\\/casadecampoliving.com\\\/es\\\/dos-noches-de-teatro-con-casa-de-teatro-en-genesis-nightclub-pbo\\\/\",\"url\":\"https:\\\/\\\/casadecampoliving.com\\\/es\\\/dos-noches-de-teatro-con-casa-de-teatro-en-genesis-nightclub-pbo\\\/\",\"name\":\"* Actualizaci\u00f3n: \u00a1Nuevas fechas! * Dos noches de teatro con Casa de Teatro en Genesis Nightclub | Casa de Campo Living\",\"isPartOf\":{\"@id\":\"https:\\\/\\\/casadecampoliving.com\\\/es\\\/#website\"},\"primaryImageOfPage\":{\"@id\":\"https:\\\/\\\/casadecampoliving.com\\\/es\\\/dos-noches-de-teatro-con-casa-de-teatro-en-genesis-nightclub-pbo\\\/#primaryimage\"},\"image\":{\"@id\":\"https:\\\/\\\/casadecampoliving.com\\\/es\\\/dos-noches-de-teatro-con-casa-de-teatro-en-genesis-nightclub-pbo\\\/#primaryimage\"},\"thumbnailUrl\":\"https:\\\/\\\/i0.wp.com\\\/casadecampoliving.com\\\/wp-content\\\/uploads\\\/2022\\\/10\\\/Diomary-la-mala-and-Freddy-Ginebra-e1505416531726.jpg?fit=1000%2C600&ssl=1\",\"datePublished\":\"2017-09-14T04:00:00+00:00\",\"dateModified\":\"2022-10-21T23:04:04+00:00\",\"description\":\"* ACTUALIZACI\u00d3N: Noches de Teatro tiene un nuevo horario. El mon\u00f3logo \u201cA veces Grito\u201d se llevar\u00e1 a cabo ma\u00f1ana en la noche, 23 de septiembre, y la\",\"breadcrumb\":{\"@id\":\"https:\\\/\\\/casadecampoliving.com\\\/es\\\/dos-noches-de-teatro-con-casa-de-teatro-en-genesis-nightclub-pbo\\\/#breadcrumb\"},\"inLanguage\":\"es\",\"potentialAction\":[{\"@type\":\"ReadAction\",\"target\":[\"https:\\\/\\\/casadecampoliving.com\\\/es\\\/dos-noches-de-teatro-con-casa-de-teatro-en-genesis-nightclub-pbo\\\/\"]}]},{\"@type\":\"ImageObject\",\"inLanguage\":\"es\",\"@id\":\"https:\\\/\\\/casadecampoliving.com\\\/es\\\/dos-noches-de-teatro-con-casa-de-teatro-en-genesis-nightclub-pbo\\\/#primaryimage\",\"url\":\"https:\\\/\\\/i0.wp.com\\\/casadecampoliving.com\\\/wp-content\\\/uploads\\\/2022\\\/10\\\/Diomary-la-mala-and-Freddy-Ginebra-e1505416531726.jpg?fit=1000%2C600&ssl=1\",\"contentUrl\":\"https:\\\/\\\/i0.wp.com\\\/casadecampoliving.com\\\/wp-content\\\/uploads\\\/2022\\\/10\\\/Diomary-la-mala-and-Freddy-Ginebra-e1505416531726.jpg?fit=1000%2C600&ssl=1\",\"width\":1000,\"height\":600,\"caption\":\"Diomary la mala and Freddy Ginebra\"},{\"@type\":\"BreadcrumbList\",\"@id\":\"https:\\\/\\\/casadecampoliving.com\\\/es\\\/dos-noches-de-teatro-con-casa-de-teatro-en-genesis-nightclub-pbo\\\/#breadcrumb\",\"itemListElement\":[{\"@type\":\"ListItem\",\"position\":1,\"name\":\"Home\",\"item\":\"https:\\\/\\\/casadecampoliving.com\\\/es\\\/\"},{\"@type\":\"ListItem\",\"position\":2,\"name\":\"* Actualizaci\u00f3n: \u00a1Nuevas fechas! * Dos noches de teatro con Casa de Teatro en Genesis Nightclub\"}]},{\"@type\":\"WebSite\",\"@id\":\"https:\\\/\\\/casadecampoliving.com\\\/es\\\/#website\",\"url\":\"https:\\\/\\\/casadecampoliving.com\\\/es\\\/\",\"name\":\"Casa de Campo Living\",\"description\":\"Resort community news and resources.\",\"publisher\":{\"@id\":\"https:\\\/\\\/casadecampoliving.com\\\/es\\\/#organization\"},\"potentialAction\":[{\"@type\":\"SearchAction\",\"target\":{\"@type\":\"EntryPoint\",\"urlTemplate\":\"https:\\\/\\\/casadecampoliving.com\\\/es\\\/?s={search_term_string}\"},\"query-input\":{\"@type\":\"PropertyValueSpecification\",\"valueRequired\":true,\"valueName\":\"search_term_string\"}}],\"inLanguage\":\"es\"},{\"@type\":\"Organization\",\"@id\":\"https:\\\/\\\/casadecampoliving.com\\\/es\\\/#organization\",\"name\":\"Casa de Campo Living\",\"url\":\"https:\\\/\\\/casadecampoliving.com\\\/es\\\/\",\"logo\":{\"@type\":\"ImageObject\",\"inLanguage\":\"es\",\"@id\":\"https:\\\/\\\/casadecampoliving.com\\\/es\\\/#\\\/schema\\\/logo\\\/image\\\/\",\"url\":\"https:\\\/\\\/i0.wp.com\\\/casadecampoliving.com\\\/wp-content\\\/uploads\\\/2022\\\/07\\\/CDCLivingLogo_V1-white-sized.png?fit=800%2C214&ssl=1\",\"contentUrl\":\"https:\\\/\\\/i0.wp.com\\\/casadecampoliving.com\\\/wp-content\\\/uploads\\\/2022\\\/07\\\/CDCLivingLogo_V1-white-sized.png?fit=800%2C214&ssl=1\",\"width\":800,\"height\":214,\"caption\":\"Casa de Campo Living\"},\"image\":{\"@id\":\"https:\\\/\\\/casadecampoliving.com\\\/es\\\/#\\\/schema\\\/logo\\\/image\\\/\"},\"sameAs\":[\"https:\\\/\\\/www.facebook.com\\\/casadecampoliving\",\"https:\\\/\\\/x.com\\\/cdcliving\"]},{\"@type\":\"Person\",\"@id\":\"https:\\\/\\\/casadecampoliving.com\\\/es\\\/#\\\/schema\\\/person\\\/b6606bd87f9cec8f5903e2141cafda24\",\"name\":\"Marlenys Guzm\u00e1n Casta\u00f1os\",\"image\":{\"@type\":\"ImageObject\",\"inLanguage\":\"es\",\"@id\":\"https:\\\/\\\/secure.gravatar.com\\\/avatar\\\/72f3f86b8e6b3ec744201aeadf11d4a6055e8af194aecd9ad30ffff4437878ee?s=96&d=mm&r=g\",\"url\":\"https:\\\/\\\/secure.gravatar.com\\\/avatar\\\/72f3f86b8e6b3ec744201aeadf11d4a6055e8af194aecd9ad30ffff4437878ee?s=96&d=mm&r=g\",\"contentUrl\":\"https:\\\/\\\/secure.gravatar.com\\\/avatar\\\/72f3f86b8e6b3ec744201aeadf11d4a6055e8af194aecd9ad30ffff4437878ee?s=96&d=mm&r=g\",\"caption\":\"Marlenys Guzm\u00e1n Casta\u00f1os\"},\"url\":\"https:\\\/\\\/casadecampoliving.com\\\/es\\\/author\\\/mguzman\\\/\"}]}<\/script>\n<!-- \/ Yoast SEO plugin. -->","yoast_head_json":{"title":"* Actualizaci\u00f3n: \u00a1Nuevas fechas! * Dos noches de teatro con Casa de Teatro en Genesis Nightclub | Casa de Campo Living","description":"* ACTUALIZACI\u00d3N: Noches de Teatro tiene un nuevo horario. El mon\u00f3logo \u201cA veces Grito\u201d se llevar\u00e1 a cabo ma\u00f1ana en la noche, 23 de septiembre, y la","robots":{"index":"index","follow":"follow","max-snippet":"max-snippet:-1","max-image-preview":"max-image-preview:large","max-video-preview":"max-video-preview:-1"},"canonical":"https:\/\/casadecampoliving.com\/es\/dos-noches-de-teatro-con-casa-de-teatro-en-genesis-nightclub-pbo\/","og_locale":"es_ES","og_type":"article","og_title":"* Actualizaci\u00f3n: \u00a1Nuevas fechas! * Dos noches de teatro con Casa de Teatro en Genesis Nightclub | Casa de Campo Living","og_description":"* ACTUALIZACI\u00d3N: Noches de Teatro tiene un nuevo horario. El mon\u00f3logo \u201cA veces Grito\u201d se llevar\u00e1 a cabo ma\u00f1ana en la noche, 23 de septiembre, y la","og_url":"https:\/\/casadecampoliving.com\/es\/dos-noches-de-teatro-con-casa-de-teatro-en-genesis-nightclub-pbo\/","og_site_name":"Casa de Campo Living","article_publisher":"https:\/\/www.facebook.com\/casadecampoliving","article_published_time":"2017-09-14T04:00:00+00:00","article_modified_time":"2022-10-21T23:04:04+00:00","og_image":[{"width":1000,"height":600,"url":"https:\/\/i0.wp.com\/casadecampoliving.com\/wp-content\/uploads\/2022\/10\/Diomary-la-mala-and-Freddy-Ginebra-e1505416531726.jpg?fit=1000%2C600&ssl=1","type":"image\/jpeg"}],"author":"Marlenys Guzm\u00e1n Casta\u00f1os","twitter_card":"summary_large_image","twitter_creator":"@cdcliving","twitter_site":"@cdcliving","twitter_misc":{"Escrito por":"Marlenys Guzm\u00e1n Casta\u00f1os","Tiempo de lectura":"4 minutos"},"schema":{"@context":"https:\/\/schema.org","@graph":[{"@type":"Article","@id":"https:\/\/casadecampoliving.com\/es\/dos-noches-de-teatro-con-casa-de-teatro-en-genesis-nightclub-pbo\/#article","isPartOf":{"@id":"https:\/\/casadecampoliving.com\/es\/dos-noches-de-teatro-con-casa-de-teatro-en-genesis-nightclub-pbo\/"},"author":{"name":"Marlenys Guzm\u00e1n Casta\u00f1os","@id":"https:\/\/casadecampoliving.com\/es\/#\/schema\/person\/b6606bd87f9cec8f5903e2141cafda24"},"headline":"* Actualizaci\u00f3n: \u00a1Nuevas fechas! * Dos noches de teatro con Casa de Teatro en Genesis Nightclub","datePublished":"2017-09-14T04:00:00+00:00","dateModified":"2022-10-21T23:04:04+00:00","mainEntityOfPage":{"@id":"https:\/\/casadecampoliving.com\/es\/dos-noches-de-teatro-con-casa-de-teatro-en-genesis-nightclub-pbo\/"},"wordCount":730,"publisher":{"@id":"https:\/\/casadecampoliving.com\/es\/#organization"},"image":{"@id":"https:\/\/casadecampoliving.com\/es\/dos-noches-de-teatro-con-casa-de-teatro-en-genesis-nightclub-pbo\/#primaryimage"},"thumbnailUrl":"https:\/\/i0.wp.com\/casadecampoliving.com\/wp-content\/uploads\/2022\/10\/Diomary-la-mala-and-Freddy-Ginebra-e1505416531726.jpg?fit=1000%2C600&ssl=1","keywords":["cultura","culture","el hogar del nino","Featured-TopView @es","freddy ginebra","hogar del nino","PBO @es","Santo Domingo","Teatro"],"articleSection":["Altos de Chavon @es","Arte y cultura","Estilo de Vida","Eventos","Fundaci\u00f3n MIR @es","Fundaciones","Hogar del Ni\u00f1o @es","M\u00e1s all\u00e1 de Casa","Proximamente","Rep\u00fablica Dominicana @es"],"inLanguage":"es"},{"@type":"WebPage","@id":"https:\/\/casadecampoliving.com\/es\/dos-noches-de-teatro-con-casa-de-teatro-en-genesis-nightclub-pbo\/","url":"https:\/\/casadecampoliving.com\/es\/dos-noches-de-teatro-con-casa-de-teatro-en-genesis-nightclub-pbo\/","name":"* Actualizaci\u00f3n: \u00a1Nuevas fechas! * Dos noches de teatro con Casa de Teatro en Genesis Nightclub | Casa de Campo Living","isPartOf":{"@id":"https:\/\/casadecampoliving.com\/es\/#website"},"primaryImageOfPage":{"@id":"https:\/\/casadecampoliving.com\/es\/dos-noches-de-teatro-con-casa-de-teatro-en-genesis-nightclub-pbo\/#primaryimage"},"image":{"@id":"https:\/\/casadecampoliving.com\/es\/dos-noches-de-teatro-con-casa-de-teatro-en-genesis-nightclub-pbo\/#primaryimage"},"thumbnailUrl":"https:\/\/i0.wp.com\/casadecampoliving.com\/wp-content\/uploads\/2022\/10\/Diomary-la-mala-and-Freddy-Ginebra-e1505416531726.jpg?fit=1000%2C600&ssl=1","datePublished":"2017-09-14T04:00:00+00:00","dateModified":"2022-10-21T23:04:04+00:00","description":"* ACTUALIZACI\u00d3N: Noches de Teatro tiene un nuevo horario. El mon\u00f3logo \u201cA veces Grito\u201d se llevar\u00e1 a cabo ma\u00f1ana en la noche, 23 de septiembre, y la","breadcrumb":{"@id":"https:\/\/casadecampoliving.com\/es\/dos-noches-de-teatro-con-casa-de-teatro-en-genesis-nightclub-pbo\/#breadcrumb"},"inLanguage":"es","potentialAction":[{"@type":"ReadAction","target":["https:\/\/casadecampoliving.com\/es\/dos-noches-de-teatro-con-casa-de-teatro-en-genesis-nightclub-pbo\/"]}]},{"@type":"ImageObject","inLanguage":"es","@id":"https:\/\/casadecampoliving.com\/es\/dos-noches-de-teatro-con-casa-de-teatro-en-genesis-nightclub-pbo\/#primaryimage","url":"https:\/\/i0.wp.com\/casadecampoliving.com\/wp-content\/uploads\/2022\/10\/Diomary-la-mala-and-Freddy-Ginebra-e1505416531726.jpg?fit=1000%2C600&ssl=1","contentUrl":"https:\/\/i0.wp.com\/casadecampoliving.com\/wp-content\/uploads\/2022\/10\/Diomary-la-mala-and-Freddy-Ginebra-e1505416531726.jpg?fit=1000%2C600&ssl=1","width":1000,"height":600,"caption":"Diomary la mala and Freddy Ginebra"},{"@type":"BreadcrumbList","@id":"https:\/\/casadecampoliving.com\/es\/dos-noches-de-teatro-con-casa-de-teatro-en-genesis-nightclub-pbo\/#breadcrumb","itemListElement":[{"@type":"ListItem","position":1,"name":"Home","item":"https:\/\/casadecampoliving.com\/es\/"},{"@type":"ListItem","position":2,"name":"* Actualizaci\u00f3n: \u00a1Nuevas fechas! * Dos noches de teatro con Casa de Teatro en Genesis Nightclub"}]},{"@type":"WebSite","@id":"https:\/\/casadecampoliving.com\/es\/#website","url":"https:\/\/casadecampoliving.com\/es\/","name":"Casa de Campo Living","description":"Resort community news and resources.","publisher":{"@id":"https:\/\/casadecampoliving.com\/es\/#organization"},"potentialAction":[{"@type":"SearchAction","target":{"@type":"EntryPoint","urlTemplate":"https:\/\/casadecampoliving.com\/es\/?s={search_term_string}"},"query-input":{"@type":"PropertyValueSpecification","valueRequired":true,"valueName":"search_term_string"}}],"inLanguage":"es"},{"@type":"Organization","@id":"https:\/\/casadecampoliving.com\/es\/#organization","name":"Casa de Campo Living","url":"https:\/\/casadecampoliving.com\/es\/","logo":{"@type":"ImageObject","inLanguage":"es","@id":"https:\/\/casadecampoliving.com\/es\/#\/schema\/logo\/image\/","url":"https:\/\/i0.wp.com\/casadecampoliving.com\/wp-content\/uploads\/2022\/07\/CDCLivingLogo_V1-white-sized.png?fit=800%2C214&ssl=1","contentUrl":"https:\/\/i0.wp.com\/casadecampoliving.com\/wp-content\/uploads\/2022\/07\/CDCLivingLogo_V1-white-sized.png?fit=800%2C214&ssl=1","width":800,"height":214,"caption":"Casa de Campo Living"},"image":{"@id":"https:\/\/casadecampoliving.com\/es\/#\/schema\/logo\/image\/"},"sameAs":["https:\/\/www.facebook.com\/casadecampoliving","https:\/\/x.com\/cdcliving"]},{"@type":"Person","@id":"https:\/\/casadecampoliving.com\/es\/#\/schema\/person\/b6606bd87f9cec8f5903e2141cafda24","name":"Marlenys Guzm\u00e1n Casta\u00f1os","image":{"@type":"ImageObject","inLanguage":"es","@id":"https:\/\/secure.gravatar.com\/avatar\/72f3f86b8e6b3ec744201aeadf11d4a6055e8af194aecd9ad30ffff4437878ee?s=96&d=mm&r=g","url":"https:\/\/secure.gravatar.com\/avatar\/72f3f86b8e6b3ec744201aeadf11d4a6055e8af194aecd9ad30ffff4437878ee?s=96&d=mm&r=g","contentUrl":"https:\/\/secure.gravatar.com\/avatar\/72f3f86b8e6b3ec744201aeadf11d4a6055e8af194aecd9ad30ffff4437878ee?s=96&d=mm&r=g","caption":"Marlenys Guzm\u00e1n Casta\u00f1os"},"url":"https:\/\/casadecampoliving.com\/es\/author\/mguzman\/"}]}},"parsely":{"version":"1.1.0","canonical_url":"https:\/\/casadecampoliving.com\/es\/dos-noches-de-teatro-con-casa-de-teatro-en-genesis-nightclub-pbo\/","smart_links":{"inbound":0,"outbound":0},"traffic_boost_suggestions_count":0,"meta":{"@context":"https:\/\/schema.org","@type":"NewsArticle","headline":"* Actualizaci\u00f3n: \u00a1Nuevas fechas! * Dos noches de teatro con Casa de Teatro en Genesis Nightclub","url":"http:\/\/casadecampoliving.com\/es\/dos-noches-de-teatro-con-casa-de-teatro-en-genesis-nightclub-pbo\/","mainEntityOfPage":{"@type":"WebPage","@id":"http:\/\/casadecampoliving.com\/es\/dos-noches-de-teatro-con-casa-de-teatro-en-genesis-nightclub-pbo\/"},"thumbnailUrl":"https:\/\/i0.wp.com\/casadecampoliving.com\/wp-content\/uploads\/2022\/10\/Diomary-la-mala-and-Freddy-Ginebra-e1505416531726.jpg?resize=150%2C150&ssl=1","image":{"@type":"ImageObject","url":"https:\/\/i0.wp.com\/casadecampoliving.com\/wp-content\/uploads\/2022\/10\/Diomary-la-mala-and-Freddy-Ginebra-e1505416531726.jpg?fit=1000%2C600&ssl=1"},"articleSection":"Altos de Chavon @es","author":[{"@type":"Person","name":"Marlenys Guzm\u00e1n Casta\u00f1os"}],"creator":["Marlenys Guzm\u00e1n Casta\u00f1os"],"publisher":{"@type":"Organization","name":"Casa de Campo Living","logo":"https:\/\/casadecampoliving.com\/wp-content\/uploads\/2022\/07\/CDCLivingLogo_V1-white-sized.png"},"keywords":["cultura","culture","el hogar del nino","featured-topview @es","freddy ginebra","hogar del nino","pbo @es","santo domingo","teatro"],"dateCreated":"2017-09-14T04:00:00Z","datePublished":"2017-09-14T04:00:00Z","dateModified":"2022-10-21T23:04:04Z"},"rendered":"<script type=\"application\/ld+json\" class=\"wp-parsely-metadata\">{\"@context\":\"https:\\\/\\\/schema.org\",\"@type\":\"NewsArticle\",\"headline\":\"* Actualizaci\\u00f3n: \\u00a1Nuevas fechas! * Dos noches de teatro con Casa de Teatro en Genesis Nightclub\",\"url\":\"http:\\\/\\\/casadecampoliving.com\\\/es\\\/dos-noches-de-teatro-con-casa-de-teatro-en-genesis-nightclub-pbo\\\/\",\"mainEntityOfPage\":{\"@type\":\"WebPage\",\"@id\":\"http:\\\/\\\/casadecampoliving.com\\\/es\\\/dos-noches-de-teatro-con-casa-de-teatro-en-genesis-nightclub-pbo\\\/\"},\"thumbnailUrl\":\"https:\\\/\\\/i0.wp.com\\\/casadecampoliving.com\\\/wp-content\\\/uploads\\\/2022\\\/10\\\/Diomary-la-mala-and-Freddy-Ginebra-e1505416531726.jpg?resize=150%2C150&ssl=1\",\"image\":{\"@type\":\"ImageObject\",\"url\":\"https:\\\/\\\/i0.wp.com\\\/casadecampoliving.com\\\/wp-content\\\/uploads\\\/2022\\\/10\\\/Diomary-la-mala-and-Freddy-Ginebra-e1505416531726.jpg?fit=1000%2C600&ssl=1\"},\"articleSection\":\"Altos de Chavon @es\",\"author\":[{\"@type\":\"Person\",\"name\":\"Marlenys Guzm\\u00e1n Casta\\u00f1os\"}],\"creator\":[\"Marlenys Guzm\\u00e1n Casta\\u00f1os\"],\"publisher\":{\"@type\":\"Organization\",\"name\":\"Casa de Campo Living\",\"logo\":\"https:\\\/\\\/casadecampoliving.com\\\/wp-content\\\/uploads\\\/2022\\\/07\\\/CDCLivingLogo_V1-white-sized.png\"},\"keywords\":[\"cultura\",\"culture\",\"el hogar del nino\",\"featured-topview @es\",\"freddy ginebra\",\"hogar del nino\",\"pbo @es\",\"santo domingo\",\"teatro\"],\"dateCreated\":\"2017-09-14T04:00:00Z\",\"datePublished\":\"2017-09-14T04:00:00Z\",\"dateModified\":\"2022-10-21T23:04:04Z\"}<\/script>","tracker_url":"https:\/\/cdn.parsely.com\/keys\/casadecampoliving.com\/p.js"},"jetpack_publicize_connections":[],"jetpack_featured_media_url":"https:\/\/i0.wp.com\/casadecampoliving.com\/wp-content\/uploads\/2022\/10\/Diomary-la-mala-and-Freddy-Ginebra-e1505416531726.jpg?fit=1000%2C600&ssl=1","jetpack-related-posts":[{"id":352026,"url":"https:\/\/casadecampoliving.com\/es\/el-monologo-de-freddy-ginebra-a-veces-grito-sorprende-los-asistentes-de-noches-de-teatro\/","url_meta":{"origin":351980,"position":0},"title":"El mon\u00f3logo de Freddy Ginebra \u00abA Veces Grito\u00bb sorprende a los asistentes de Noches de Teatro","author":"Heather Lincoln","date":"27 Sep, 2017","format":false,"excerpt":"\"A veces grito\" es una de esas actuaciones que te mantiene al borde de tu asiento y luchando por diferenciar la ficci\u00f3n de la realidad. El pasado s\u00e1bado por la noche, el estimado agente cultural, escritor y periodista dominicano, Freddy Ginebra nos present\u00f3 su popular mon\u00f3logo, escrito hace casi 50\u2026","rel":"","context":"En \u00abAltos de Chavon @es\u00bb","block_context":{"text":"Altos de Chavon @es","link":"https:\/\/casadecampoliving.com\/category\/altos-de-chavon-es\/"},"img":{"alt_text":"Freddy Ginebra \"A veces grito\"","src":"https:\/\/i0.wp.com\/casadecampoliving.com\/wp-content\/uploads\/2022\/10\/BDC_4752-BY-BDC-1.jpg?fit=1000%2C667&ssl=1&resize=350%2C200","width":350,"height":200,"srcset":"https:\/\/i0.wp.com\/casadecampoliving.com\/wp-content\/uploads\/2022\/10\/BDC_4752-BY-BDC-1.jpg?fit=1000%2C667&ssl=1&resize=350%2C200 1x, https:\/\/i0.wp.com\/casadecampoliving.com\/wp-content\/uploads\/2022\/10\/BDC_4752-BY-BDC-1.jpg?fit=1000%2C667&ssl=1&resize=525%2C300 1.5x, https:\/\/i0.wp.com\/casadecampoliving.com\/wp-content\/uploads\/2022\/10\/BDC_4752-BY-BDC-1.jpg?fit=1000%2C667&ssl=1&resize=700%2C400 2x"},"classes":[]},{"id":329657,"url":"https:\/\/casadecampoliving.com\/theater-night-casa-de-teatro-genesis-pbo\/","url_meta":{"origin":351980,"position":1},"title":"*Update: New Dates!* Two nights of theater with Casa de Teatro at Genesis Nightclub","author":"Marlenys Guzm\u00e1n Casta\u00f1os","date":"14 Sep, 2017","format":false,"excerpt":"* UPDATE: Noches de Teatro has a new schedule. The monologue \u201cA veces Grito\u201d will take place TOMORROW night, September 23rd, and the presentation \u201cElla Canta y El Cuenta\u201d is postponed for NEXT Saturday, September 30th. Plus, students receive a 50% off discount with their ID cards!!! The Patronato Ben\u00e9fico\u2026","rel":"","context":"En \u00abAltos de Chavon\u00bb","block_context":{"text":"Altos de Chavon","link":"https:\/\/casadecampoliving.com\/category\/altos-de-chavon\/"},"img":{"alt_text":"Diomary la mala and Freddy Ginebra","src":"https:\/\/i0.wp.com\/casadecampoliving.com\/wp-content\/uploads\/2022\/10\/Diomary-la-mala-and-Freddy-Ginebra-e1505416531726.jpg?fit=1000%2C600&ssl=1&resize=350%2C200","width":350,"height":200,"srcset":"https:\/\/i0.wp.com\/casadecampoliving.com\/wp-content\/uploads\/2022\/10\/Diomary-la-mala-and-Freddy-Ginebra-e1505416531726.jpg?fit=1000%2C600&ssl=1&resize=350%2C200 1x, https:\/\/i0.wp.com\/casadecampoliving.com\/wp-content\/uploads\/2022\/10\/Diomary-la-mala-and-Freddy-Ginebra-e1505416531726.jpg?fit=1000%2C600&ssl=1&resize=525%2C300 1.5x, https:\/\/i0.wp.com\/casadecampoliving.com\/wp-content\/uploads\/2022\/10\/Diomary-la-mala-and-Freddy-Ginebra-e1505416531726.jpg?fit=1000%2C600&ssl=1&resize=700%2C400 2x"},"classes":[]},{"id":433460,"url":"https:\/\/casadecampoliving.com\/es\/no-se-pierdan-el-increible-tributo-a-frank-sinatra-para-celebrar-el-40-aniversario-del-anfiteatro-altos-de-chavon\/","url_meta":{"origin":351980,"position":2},"title":"No se pierdan el incre\u00edble tributo a Frank Sinatra para celebrar el 40 aniversario del\u00a0Anfiteatro Altos de Chav\u00f3n","author":"Casa de Campo Living","date":"20 Oct, 2022","format":false,"excerpt":"Siendo uno de los escenarios m\u00e1s emblem\u00e1ticos del pa\u00eds, Casa de Campo Resort\u00ae & Villas celebra las cuatro d\u00e9cadas de aniversario de Altos de Chav\u00f3n con un tributo al gran Frank Sinatra, protagonizado por artistas invitados y una big band tal cual la que acompa\u00f1\u00f3 al artista hace 40 a\u00f1os\u2026","rel":"","context":"En \u00abUncategorized @es\u00bb","block_context":{"text":"Uncategorized @es","link":"https:\/\/casadecampoliving.com\/es\/category\/uncategorized-es\/"},"img":{"alt_text":"","src":"https:\/\/i0.wp.com\/casadecampoliving.com\/wp-content\/uploads\/2022\/10\/Tributo-Frank-Sinatra-Foto-Principal-Amaury-Sanchez-Danilo-Ginebra-Andres-Pichardo-y-Jose-Gabriel-Perez-.jpg?fit=1200%2C873&ssl=1&resize=350%2C200","width":350,"height":200,"srcset":"https:\/\/i0.wp.com\/casadecampoliving.com\/wp-content\/uploads\/2022\/10\/Tributo-Frank-Sinatra-Foto-Principal-Amaury-Sanchez-Danilo-Ginebra-Andres-Pichardo-y-Jose-Gabriel-Perez-.jpg?fit=1200%2C873&ssl=1&resize=350%2C200 1x, https:\/\/i0.wp.com\/casadecampoliving.com\/wp-content\/uploads\/2022\/10\/Tributo-Frank-Sinatra-Foto-Principal-Amaury-Sanchez-Danilo-Ginebra-Andres-Pichardo-y-Jose-Gabriel-Perez-.jpg?fit=1200%2C873&ssl=1&resize=525%2C300 1.5x, https:\/\/i0.wp.com\/casadecampoliving.com\/wp-content\/uploads\/2022\/10\/Tributo-Frank-Sinatra-Foto-Principal-Amaury-Sanchez-Danilo-Ginebra-Andres-Pichardo-y-Jose-Gabriel-Perez-.jpg?fit=1200%2C873&ssl=1&resize=700%2C400 2x, https:\/\/i0.wp.com\/casadecampoliving.com\/wp-content\/uploads\/2022\/10\/Tributo-Frank-Sinatra-Foto-Principal-Amaury-Sanchez-Danilo-Ginebra-Andres-Pichardo-y-Jose-Gabriel-Perez-.jpg?fit=1200%2C873&ssl=1&resize=1050%2C600 3x"},"classes":[]},{"id":319491,"url":"https:\/\/casadecampoliving.com\/es\/help-the-hogar-del-nino-decide\/","url_meta":{"origin":351980,"position":3},"title":"Help the Hogar del Ni\u00f1o decide!","author":"Rebecca Silvestri","date":"19 Nov, 2010","format":false,"excerpt":"As we hope you already know, Casa de Campo Living\u2019s \u2018Teatro de La Comunidad \u2013 Buscando el Talento Dominicano\u2019 is taking place on Saturday December the 4th at 7pm AND due to unforeseen circumstances the \u2018Juguemos\u00a0por Los Ni\u00f1os\u2019 \u00a0games night event has been moved to the same time! uh oh\u2026..\u2026","rel":"","context":"En \u00abEvents and Activities\u00bb","block_context":{"text":"Events and Activities","link":"https:\/\/casadecampoliving.com\/category\/events-and-activities\/"},"img":{"alt_text":"","src":"https:\/\/i0.wp.com\/casadecampoliving.com\/wp-content\/uploads\/2010\/11\/hogar_del_nino.jpg?resize=350%2C200&ssl=1","width":350,"height":200,"srcset":"https:\/\/i0.wp.com\/casadecampoliving.com\/wp-content\/uploads\/2010\/11\/hogar_del_nino.jpg?resize=350%2C200&ssl=1 1x, https:\/\/i0.wp.com\/casadecampoliving.com\/wp-content\/uploads\/2010\/11\/hogar_del_nino.jpg?resize=525%2C300&ssl=1 1.5x"},"classes":[]},{"id":339115,"url":"https:\/\/casadecampoliving.com\/es\/argenis-lebron-artista-de-altos-de-chavon-gana-premio-casa-de-teatro\/","url_meta":{"origin":351980,"position":4},"title":"Argenis Lebr\u00f3n, artista de Altos de Chav\u00f3n gana \u00abPremio a la Pintura\u00bb en Casa de Teatro","author":"","date":"15 Mar, 2011","format":false,"excerpt":"El pasado jueves 10 de febrero de 2011, el artista Argenis Lebr\u00f3n fue reconocido con el \u201cPremio a la Pintura\u201d en Casa de Teatro en Santo Domingo. Cada a\u00f1o, Casa de Teatro, un caf\u00e9 de arte en Santo Domingo, capital de la Rep\u00fablica Dominicana, organiza un concurso denominado \u201cPremio a\u2026","rel":"","context":"En \u00abAltos de Chavon @es\u00bb","block_context":{"text":"Altos de Chavon @es","link":"https:\/\/casadecampoliving.com\/category\/altos-de-chavon-es\/"},"img":{"alt_text":"","src":"https:\/\/i0.wp.com\/casadecampoliving.com\/wp-content\/uploads\/2022\/10\/argenis_lebron_casadecampo-1.jpg?fit=800%2C600&ssl=1&resize=350%2C200","width":350,"height":200,"srcset":"https:\/\/i0.wp.com\/casadecampoliving.com\/wp-content\/uploads\/2022\/10\/argenis_lebron_casadecampo-1.jpg?fit=800%2C600&ssl=1&resize=350%2C200 1x, https:\/\/i0.wp.com\/casadecampoliving.com\/wp-content\/uploads\/2022\/10\/argenis_lebron_casadecampo-1.jpg?fit=800%2C600&ssl=1&resize=525%2C300 1.5x, https:\/\/i0.wp.com\/casadecampoliving.com\/wp-content\/uploads\/2022\/10\/argenis_lebron_casadecampo-1.jpg?fit=800%2C600&ssl=1&resize=700%2C400 2x"},"classes":[]},{"id":352210,"url":"https:\/\/casadecampoliving.com\/es\/primer-concierto-de-ninos-y-ninas-hogar-del-nino\/","url_meta":{"origin":351980,"position":5},"title":"\u00a1\u00danete al Hogar del Ni\u00f1o para su primer Concierto de Ni\u00f1os y Ni\u00f1as en dos d\u00edas!","author":"Heather Lincoln","date":"20 Nov, 2017","format":false,"excerpt":"El Hogar del Ni\u00f1o los invita a su primer concierto de ni\u00f1os y ni\u00f1as este mi\u00e9rcoles a las 10:30 a.m. en la escuela. Esta actividad forma parte de su proyecto \u201cCultura y Deportes\u201d que iniciaron hace dos a\u00f1os bajo la direcci\u00f3n de Mario Galletto. Se han hecho grandes avances desde\u2026","rel":"","context":"En \u00abEventos\u00bb","block_context":{"text":"Eventos","link":"https:\/\/casadecampoliving.com\/es\/category\/eventos-es\/"},"img":{"alt_text":"","src":"https:\/\/i0.wp.com\/casadecampoliving.com\/wp-content\/uploads\/2022\/10\/BoMana2-e1511201136347.jpg?fit=1000%2C563&ssl=1&resize=350%2C200","width":350,"height":200,"srcset":"https:\/\/i0.wp.com\/casadecampoliving.com\/wp-content\/uploads\/2022\/10\/BoMana2-e1511201136347.jpg?fit=1000%2C563&ssl=1&resize=350%2C200 1x, https:\/\/i0.wp.com\/casadecampoliving.com\/wp-content\/uploads\/2022\/10\/BoMana2-e1511201136347.jpg?fit=1000%2C563&ssl=1&resize=525%2C300 1.5x, https:\/\/i0.wp.com\/casadecampoliving.com\/wp-content\/uploads\/2022\/10\/BoMana2-e1511201136347.jpg?fit=1000%2C563&ssl=1&resize=700%2C400 2x"},"classes":[]}],"jetpack_sharing_enabled":true,"_links":{"self":[{"href":"https:\/\/casadecampoliving.com\/es\/wp-json\/wp\/v2\/posts\/351980","targetHints":{"allow":["GET"]}}],"collection":[{"href":"https:\/\/casadecampoliving.com\/es\/wp-json\/wp\/v2\/posts"}],"about":[{"href":"https:\/\/casadecampoliving.com\/es\/wp-json\/wp\/v2\/types\/post"}],"author":[{"embeddable":true,"href":"https:\/\/casadecampoliving.com\/es\/wp-json\/wp\/v2\/users\/36682"}],"replies":[{"embeddable":true,"href":"https:\/\/casadecampoliving.com\/es\/wp-json\/wp\/v2\/comments?post=351980"}],"version-history":[{"count":1,"href":"https:\/\/casadecampoliving.com\/es\/wp-json\/wp\/v2\/posts\/351980\/revisions"}],"predecessor-version":[{"id":351981,"href":"https:\/\/casadecampoliving.com\/es\/wp-json\/wp\/v2\/posts\/351980\/revisions\/351981"}],"wp:featuredmedia":[{"embeddable":true,"href":"https:\/\/casadecampoliving.com\/es\/wp-json\/wp\/v2\/media\/310291"}],"wp:attachment":[{"href":"https:\/\/casadecampoliving.com\/es\/wp-json\/wp\/v2\/media?parent=351980"}],"wp:term":[{"taxonomy":"category","embeddable":true,"href":"https:\/\/casadecampoliving.com\/es\/wp-json\/wp\/v2\/categories?post=351980"},{"taxonomy":"post_tag","embeddable":true,"href":"https:\/\/casadecampoliving.com\/es\/wp-json\/wp\/v2\/tags?post=351980"},{"taxonomy":"newspack_spnsrs_tax","embeddable":true,"href":"https:\/\/casadecampoliving.com\/es\/wp-json\/wp\/v2\/newspack_spnsrs_tax?post=351980"}],"curies":[{"name":"wp","href":"https:\/\/api.w.org\/{rel}","templated":true}]}}