{"id":351971,"date":"2017-09-13T00:00:00","date_gmt":"2017-09-13T04:00:00","guid":{"rendered":"https:\/\/casadecampoliving.com\/la-belleza-de-casa-de-campo-inspira-extraordinarias-publicaciones-de-instagram\/"},"modified":"2022-10-21T19:03:34","modified_gmt":"2022-10-21T23:03:34","slug":"la-belleza-de-casa-de-campo-inspira-extraordinarias-publicaciones-de-instagram","status":"publish","type":"post","link":"https:\/\/casadecampoliving.com\/es\/la-belleza-de-casa-de-campo-inspira-extraordinarias-publicaciones-de-instagram\/","title":{"rendered":"La belleza de Casa de Campo inspira extraordinarias publicaciones de Instagram"},"content":{"rendered":"<div class=\"wp-block-image\">\n<figure class=\"aligncenter is-resized\"><img loading=\"lazy\" decoding=\"async\" src=\"https:\/\/i0.wp.com\/casadecampoliving.com\/wp-content\/uploads\/2022\/10\/Casa_de_Campo_sunset.jpg?resize=1069%2C600&amp;ssl=1\" alt=\"Casa de Campo sunset\" class=\"wp-image-146968\" height=\"600\" width=\"1069\"\/><\/figure>\n<\/div>\n\n\n<p>Tomar una foto galardonada de Casa de Campo puede ser tan f\u00e1cil como bajar la ventana en el camino a casa desde el trabajo y tomar una con su tel\u00e9fono celular. Durante todo el a\u00f1o el complejo tiene colores excepcionales y vivos que surgen en sus piedras, agua, exuberantes jardines y un cielo magn\u00edfico. A continuaci\u00f3n compartimos algunas capturas \u00e9picas que se han convertido en nuestras favoritas m\u00e1s recientes de Instagram y te animamos a parar, oler las rosas y disfrutar del magn\u00edfico entorno de Casa de Campo\u2026<\/p>\n\n\n\n<!--more-->\n\n\n\n<blockquote class=\"instagram-media\" style=\"background: #FFF; border: 0; border-radius: 3px; box-shadow: 0 0 1px 0 rgba(0,0,0,0.5),0 1px 10px 0 rgba(0,0,0,0.15); margin: 1px; max-width: 658px; padding: 0; width: calc(100% - 2px);\" data-instgrm-captioned=\"\" data-instgrm-version=\"7\"><div style=\"padding: 8px;\">\n<div style=\"background: #F8F8F8; line-height: 0; margin-top: 40px; padding: 32.12962962962963% 0; text-align: center; width: 100%;\">&nbsp;<\/div>\n<p style=\"margin: 8px 0 0 0; padding: 0 4px;\"><a style=\"color: #000; font-family: Arial,sans-serif; font-size: 14px; font-style: normal; font-weight: normal; line-height: 17px; text-decoration: none; word-wrap: break-word;\" href=\"https:\/\/www.instagram.com\/p\/BYvPWicgj7e\/\" target=\"_blank\" rel=\"noopener\">#tbt #tbthursday to #casadecampo #dr #dominicanrepublic thinking of the #caribbean #islands and #irma #travel #travelgram #travelscape #iphonography<\/a><\/p>\n<p style=\"color: #c9c8cd; font-family: Arial,sans-serif; font-size: 14px; line-height: 17px; margin-bottom: 0; margin-top: 8px; overflow: hidden; padding: 8px 0 7px; text-align: center; text-overflow: ellipsis; white-space: nowrap;\">A post shared by   Nassab   (@mag3photography) on <time style=\"font-family: Arial,sans-serif; font-size: 14px; line-height: 17px;\" datetime=\"2017-09-07T11:28:10+00:00\">Sep 7, 2017 at 4:28am PDT<\/time><\/p>\n<\/div><\/blockquote>\n\n\n\n<p><script async=\"\" defer=\"\" src=\"\/\/platform.instagram.com\/en_US\/embeds.js\"><\/script><\/p>\n\n\n\n<blockquote class=\"instagram-media\" style=\"background: #FFF; border: 0; border-radius: 3px; box-shadow: 0 0 1px 0 rgba(0,0,0,0.5),0 1px 10px 0 rgba(0,0,0,0.15); margin: 1px; max-width: 658px; padding: 0; width: calc(100% - 2px);\" data-instgrm-captioned=\"\" data-instgrm-version=\"7\"><div style=\"padding: 8px;\">\n<div style=\"background: #F8F8F8; line-height: 0; margin-top: 40px; padding: 50.0% 0; text-align: center; width: 100%;\">&nbsp;<\/div>\n<p style=\"margin: 8px 0 0 0; padding: 0 4px;\"><a style=\"color: #000; font-family: Arial,sans-serif; font-size: 14px; font-style: normal; font-weight: normal; line-height: 17px; text-decoration: none; word-wrap: break-word;\" href=\"https:\/\/www.instagram.com\/p\/BXDzAVgHL_V\/\" target=\"_blank\" rel=\"noopener\">My view   D\u00eda 4: palmas #tkisummerchallenge no quiero que acabe @thekeyitem para cuando el siguiente?   #funchallenge . . . . . #palms #palmstrees #bluesky #beach #view #summerdays #sunnyday #caribbean #paradise #beachlife #islandgirl #isle\u00f1a #dominican #eastcoast #vitaminsea #greenerdays #mindfullness #sun #thecoolliferd #thegoodlife #igers #lifestyle #igstyle #color #tropical #dominican #lifestyle #resort<\/a><\/p>\n<p style=\"color: #c9c8cd; font-family: Arial,sans-serif; font-size: 14px; line-height: 17px; margin-bottom: 0; margin-top: 8px; overflow: hidden; padding: 8px 0 7px; text-align: center; text-overflow: ellipsis; white-space: nowrap;\">A post shared by Maria E. Perez (@imarienp) on <time style=\"font-family: Arial,sans-serif; font-size: 14px; line-height: 17px;\" datetime=\"2017-07-27T18:01:43+00:00\">Jul 27, 2017 at 11:01am PDT<\/time><\/p>\n<\/div><\/blockquote>\n\n\n\n<p><script async=\"\" defer=\"\" src=\"\/\/platform.instagram.com\/en_US\/embeds.js\"><\/script><\/p>\n\n\n\n<blockquote class=\"instagram-media\" style=\"background: #FFF; border: 0; border-radius: 3px; box-shadow: 0 0 1px 0 rgba(0,0,0,0.5),0 1px 10px 0 rgba(0,0,0,0.15); margin: 1px; max-width: 658px; padding: 0; width: calc(100% - 2px);\" data-instgrm-captioned=\"\" data-instgrm-version=\"7\"><div style=\"padding: 8px;\">\n<div style=\"background: #F8F8F8; line-height: 0; margin-top: 40px; padding: 50.0% 0; text-align: center; width: 100%;\">&nbsp;<\/div>\n<p style=\"margin: 8px 0 0 0; padding: 0 4px;\"><a style=\"color: #000; font-family: Arial,sans-serif; font-size: 14px; font-style: normal; font-weight: normal; line-height: 17px; text-decoration: none; word-wrap: break-word;\" href=\"https:\/\/www.instagram.com\/p\/BV0hr24jvUa\/\" target=\"_blank\" rel=\"noopener\">Amazing sunset view #AltosdeChav\u00f3n #CasadeCampo #RioChavon #Sunset #caribbean #Destination Photo by: @cafemarietta<\/a><\/p>\n<p style=\"color: #c9c8cd; font-family: Arial,sans-serif; font-size: 14px; line-height: 17px; margin-bottom: 0; margin-top: 8px; overflow: hidden; padding: 8px 0 7px; text-align: center; text-overflow: ellipsis; white-space: nowrap;\">A post shared by Altos De Chav\u00f3n (@altosdechavondr) on <time style=\"font-family: Arial,sans-serif; font-size: 14px; line-height: 17px;\" datetime=\"2017-06-26T23:10:23+00:00\">Jun 26, 2017 at 4:10pm PDT<\/time><\/p>\n<\/div><\/blockquote>\n\n\n\n<p><script async=\"\" defer=\"\" src=\"\/\/platform.instagram.com\/en_US\/embeds.js\"><\/script><\/p>\n\n\n\n<blockquote class=\"instagram-media\" style=\"background: #FFF; border: 0; border-radius: 3px; box-shadow: 0 0 1px 0 rgba(0,0,0,0.5),0 1px 10px 0 rgba(0,0,0,0.15); margin: 1px; max-width: 658px; padding: 0; width: calc(100% - 2px);\" data-instgrm-captioned=\"\" data-instgrm-version=\"7\"><div style=\"padding: 8px;\">\n<div style=\"background: #F8F8F8; line-height: 0; margin-top: 40px; padding: 49.76851851851852% 0; text-align: center; width: 100%;\">&nbsp;<\/div>\n<p style=\"margin: 8px 0 0 0; padding: 0 4px;\"><a style=\"color: #000; font-family: Arial,sans-serif; font-size: 14px; font-style: normal; font-weight: normal; line-height: 17px; text-decoration: none; word-wrap: break-word;\" href=\"https:\/\/www.instagram.com\/p\/BYMfsYFHeMA\/\" target=\"_blank\" rel=\"noopener\">\u201cLa Marina\u201d excelent place in Casa de Campo #casadecampodr #republicadominicana<\/a><\/p>\n<p style=\"color: #c9c8cd; font-family: Arial,sans-serif; font-size: 14px; line-height: 17px; margin-bottom: 0; margin-top: 8px; overflow: hidden; padding: 8px 0 7px; text-align: center; text-overflow: ellipsis; white-space: nowrap;\">A post shared by Federico Stuhldreher (@fededreher) on <time style=\"font-family: Arial,sans-serif; font-size: 14px; line-height: 17px;\" datetime=\"2017-08-24T23:37:32+00:00\">Aug 24, 2017 at 4:37pm PDT<\/time><\/p>\n<\/div><\/blockquote>\n\n\n\n<p><script async=\"\" defer=\"\" src=\"\/\/platform.instagram.com\/en_US\/embeds.js\"><\/script><\/p>\n\n\n\n<blockquote class=\"instagram-media\" style=\"background: #FFF; border: 0; border-radius: 3px; box-shadow: 0 0 1px 0 rgba(0,0,0,0.5),0 1px 10px 0 rgba(0,0,0,0.15); margin: 1px; max-width: 658px; padding: 0; width: calc(100% - 2px);\" data-instgrm-captioned=\"\" data-instgrm-version=\"7\"><div style=\"padding: 8px;\">\n<div style=\"background: #F8F8F8; line-height: 0; margin-top: 40px; padding: 50.0% 0; text-align: center; width: 100%;\">&nbsp;<\/div>\n<p style=\"margin: 8px 0 0 0; padding: 0 4px;\"><a style=\"color: #000; font-family: Arial,sans-serif; font-size: 14px; font-style: normal; font-weight: normal; line-height: 17px; text-decoration: none; word-wrap: break-word;\" href=\"https:\/\/www.instagram.com\/p\/BSfCrh0FeDs\/\" target=\"_blank\" rel=\"noopener\">This gets right to my innermost  <\/a><\/p>\n<p style=\"color: #c9c8cd; font-family: Arial,sans-serif; font-size: 14px; line-height: 17px; margin-bottom: 0; margin-top: 8px; overflow: hidden; padding: 8px 0 7px; text-align: center; text-overflow: ellipsis; white-space: nowrap;\">A post shared by Martina (@martinaturally) on <time style=\"font-family: Arial,sans-serif; font-size: 14px; line-height: 17px;\" datetime=\"2017-04-05T01:21:13+00:00\">Apr 4, 2017 at 6:21pm PDT<\/time><\/p>\n<\/div><\/blockquote>\n\n\n\n<p><script async=\"\" defer=\"\" src=\"\/\/platform.instagram.com\/en_US\/embeds.js\"><\/script><\/p>\n\n\n\n<blockquote class=\"instagram-media\" style=\"background: #FFF; border: 0; border-radius: 3px; box-shadow: 0 0 1px 0 rgba(0,0,0,0.5),0 1px 10px 0 rgba(0,0,0,0.15); margin: 1px; max-width: 658px; padding: 0; width: calc(100% - 2px);\" data-instgrm-captioned=\"\" data-instgrm-version=\"7\"><div style=\"padding: 8px;\">\n<div style=\"background: #F8F8F8; line-height: 0; margin-top: 40px; padding: 50.0% 0; text-align: center; width: 100%;\">&nbsp;<\/div>\n<p style=\"margin: 8px 0 0 0; padding: 0 4px;\"><a style=\"color: #000; font-family: Arial,sans-serif; font-size: 14px; font-style: normal; font-weight: normal; line-height: 17px; text-decoration: none; word-wrap: break-word;\" href=\"https:\/\/www.instagram.com\/p\/BY6mVeIFkSf\/\" target=\"_blank\" rel=\"noopener\"> Altos de Chavon, Casa de Campo, Dominican Republic. A replica of a vibrant 16th century Mediterranean village in the heart of the Dominican countryside. Our own, Karen Essafi has recently returned from her visit- highly recommended! #travel #travelgram #casadecampo #altosdechavon #familyvacation #villas #domincanrepublic #wanderlust #beach #travelbug<\/a><\/p>\n<p style=\"color: #c9c8cd; font-family: Arial,sans-serif; font-size: 14px; line-height: 17px; margin-bottom: 0; margin-top: 8px; overflow: hidden; padding: 8px 0 7px; text-align: center; text-overflow: ellipsis; white-space: nowrap;\">A post shared by E. Clarke Travel (@e_clarke_travel) on <time style=\"font-family: Arial,sans-serif; font-size: 14px; line-height: 17px;\" datetime=\"2017-09-11T21:20:38+00:00\">Sep 11, 2017 at 2:20pm PDT<\/time><\/p>\n<\/div><\/blockquote>\n\n\n\n<p><script async=\"\" defer=\"\" src=\"\/\/platform.instagram.com\/en_US\/embeds.js\"><\/script><\/p>\n\n\n\n<blockquote class=\"instagram-media\" style=\"background: #FFF; border: 0; border-radius: 3px; box-shadow: 0 0 1px 0 rgba(0,0,0,0.5),0 1px 10px 0 rgba(0,0,0,0.15); margin: 1px; max-width: 658px; padding: 0; width: calc(100% - 2px);\" data-instgrm-captioned=\"\" data-instgrm-version=\"7\"><div style=\"padding: 8px;\">\n<div style=\"background: #F8F8F8; line-height: 0; margin-top: 40px; padding: 33.47222222222222% 0; text-align: center; width: 100%;\">&nbsp;<\/div>\n<p style=\"margin: 8px 0 0 0; padding: 0 4px;\"><a style=\"color: #000; font-family: Arial,sans-serif; font-size: 14px; font-style: normal; font-weight: normal; line-height: 17px; text-decoration: none; word-wrap: break-word;\" href=\"https:\/\/www.instagram.com\/p\/BX8UxwcF8Lf\/\" target=\"_blank\" rel=\"noopener\">Pa\u2019 recordar.<\/a><\/p>\n<p style=\"color: #c9c8cd; font-family: Arial,sans-serif; font-size: 14px; line-height: 17px; margin-bottom: 0; margin-top: 8px; overflow: hidden; padding: 8px 0 7px; text-align: center; text-overflow: ellipsis; white-space: nowrap;\">A post shared by Franvermontalvo49  (@franverphoto) on <time style=\"font-family: Arial,sans-serif; font-size: 14px; line-height: 17px;\" datetime=\"2017-08-18T16:54:18+00:00\">Aug 18, 2017 at 9:54am PDT<\/time><\/p>\n<\/div><\/blockquote>\n\n\n\n<p><script async=\"\" defer=\"\" src=\"\/\/platform.instagram.com\/en_US\/embeds.js\"><\/script><\/p>\n\n\n\n<blockquote class=\"instagram-media\" style=\"background: #FFF; border: 0; border-radius: 3px; box-shadow: 0 0 1px 0 rgba(0,0,0,0.5),0 1px 10px 0 rgba(0,0,0,0.15); margin: 1px; max-width: 658px; padding: 0; width: calc(100% - 2px);\" data-instgrm-version=\"7\"><div style=\"padding: 8px;\">\n<div style=\"background: #F8F8F8; line-height: 0; margin-top: 40px; padding: 37.5% 0; text-align: center; width: 100%;\">&nbsp;<\/div>\n<p style=\"color: #c9c8cd; font-family: Arial,sans-serif; font-size: 14px; line-height: 17px; margin-bottom: 0; margin-top: 8px; overflow: hidden; padding: 8px 0 7px; text-align: center; text-overflow: ellipsis; white-space: nowrap;\"><a style=\"color: #c9c8cd; font-family: Arial,sans-serif; font-size: 14px; font-style: normal; font-weight: normal; line-height: 17px; text-decoration: none;\" href=\"https:\/\/www.instagram.com\/p\/BXcp_DWH54c\/\" target=\"_blank\" rel=\"noopener\">A post shared by @viktoria.parma<\/a> on <time style=\"font-family: Arial,sans-serif; font-size: 14px; line-height: 17px;\" datetime=\"2017-08-06T09:43:55+00:00\">Aug 6, 2017 at 2:43am PDT<\/time><\/p>\n<\/div><\/blockquote>\n\n\n\n<p><script async=\"\" defer=\"\" src=\"\/\/platform.instagram.com\/en_US\/embeds.js\"><\/script><\/p>\n\n\n\n<blockquote class=\"instagram-media\" style=\"background: #FFF; border: 0; border-radius: 3px; box-shadow: 0 0 1px 0 rgba(0,0,0,0.5),0 1px 10px 0 rgba(0,0,0,0.15); margin: 1px; max-width: 658px; padding: 0; width: calc(100% - 2px);\" data-instgrm-captioned=\"\" data-instgrm-version=\"7\"><div style=\"padding: 8px;\">\n<div style=\"background: #F8F8F8; line-height: 0; margin-top: 40px; padding: 37.5% 0; text-align: center; width: 100%;\">&nbsp;<\/div>\n<p style=\"margin: 8px 0 0 0; padding: 0 4px;\"><a style=\"color: #000; font-family: Arial,sans-serif; font-size: 14px; font-style: normal; font-weight: normal; line-height: 17px; text-decoration: none; word-wrap: break-word;\" href=\"https:\/\/www.instagram.com\/p\/BYUAeTZgN7d\/\" target=\"_blank\" rel=\"noopener\">Casa de Campo #casadecampo #caribbean #dominicanrepublic #dominkanischerepublik #reoubliquedominicaine #republicadominicana #laromana #vacation #teethofthedog #golf #seaside #vacation #vacance #smallleadinghotels #green #beach #beachside<\/a><\/p>\n<p style=\"color: #c9c8cd; font-family: Arial,sans-serif; font-size: 14px; line-height: 17px; margin-bottom: 0; margin-top: 8px; overflow: hidden; padding: 8px 0 7px; text-align: center; text-overflow: ellipsis; white-space: nowrap;\">A post shared by SJP (@solidzebra) on <time style=\"font-family: Arial,sans-serif; font-size: 14px; line-height: 17px;\" datetime=\"2017-08-27T21:38:39+00:00\">Aug 27, 2017 at 2:38pm PDT<\/time><\/p>\n<\/div><\/blockquote>\n\n\n\n<p><script async=\"\" defer=\"\" src=\"\/\/platform.instagram.com\/en_US\/embeds.js\"><\/script><\/p>\n\n\n\n<blockquote class=\"instagram-media\" style=\"background: #FFF; border: 0; border-radius: 3px; box-shadow: 0 0 1px 0 rgba(0,0,0,0.5),0 1px 10px 0 rgba(0,0,0,0.15); margin: 1px; max-width: 658px; padding: 0; width: calc(100% - 2px);\" data-instgrm-captioned=\"\" data-instgrm-version=\"7\"><div style=\"padding: 8px;\">\n<div style=\"background: #F8F8F8; line-height: 0; margin-top: 40px; padding: 37.5% 0; text-align: center; width: 100%;\">&nbsp;<\/div>\n<p style=\"margin: 8px 0 0 0; padding: 0 4px;\"><a style=\"color: #000; font-family: Arial,sans-serif; font-size: 14px; font-style: normal; font-weight: normal; line-height: 17px; text-decoration: none; word-wrap: break-word;\" href=\"https:\/\/www.instagram.com\/p\/BTz4CSZFJ4I\/\" target=\"_blank\" rel=\"noopener\">#andnumbertwo #thankyoudearfriends #lifeisbeautiful #iloveit #cdcliving #casalife #amazingexperience #aroundtheworld<\/a><\/p>\n<p style=\"color: #c9c8cd; font-family: Arial,sans-serif; font-size: 14px; line-height: 17px; margin-bottom: 0; margin-top: 8px; overflow: hidden; padding: 8px 0 7px; text-align: center; text-overflow: ellipsis; white-space: nowrap;\">A post shared by Marusya (@strixpage) on <time style=\"font-family: Arial,sans-serif; font-size: 14px; line-height: 17px;\" datetime=\"2017-05-08T00:03:39+00:00\">May 7, 2017 at 5:03pm PDT<\/time><\/p>\n<\/div><\/blockquote>\n\n\n\n<p><script async=\"\" defer=\"\" src=\"\/\/platform.instagram.com\/en_US\/embeds.js\"><\/script><\/p>\n\n\n\n<blockquote class=\"instagram-media\" style=\"background: #FFF; border: 0; border-radius: 3px; box-shadow: 0 0 1px 0 rgba(0,0,0,0.5),0 1px 10px 0 rgba(0,0,0,0.15); margin: 1px; max-width: 658px; padding: 0; width: calc(100% - 2px);\" data-instgrm-captioned=\"\" data-instgrm-version=\"7\"><div style=\"padding: 8px;\">\n<div style=\"background: #F8F8F8; line-height: 0; margin-top: 40px; padding: 37.4537037037037% 0; text-align: center; width: 100%;\">&nbsp;<\/div>\n<p style=\"margin: 8px 0 0 0; padding: 0 4px;\"><a style=\"color: #000; font-family: Arial,sans-serif; font-size: 14px; font-style: normal; font-weight: normal; line-height: 17px; text-decoration: none; word-wrap: break-word;\" href=\"https:\/\/www.instagram.com\/p\/BYjmfdQB9Gh\/\" target=\"_blank\" rel=\"noopener\">Reset. \u270c  \u2022 #vueltaalavidanormal<\/a><\/p>\n<p style=\"color: #c9c8cd; font-family: Arial,sans-serif; font-size: 14px; line-height: 17px; margin-bottom: 0; margin-top: 8px; overflow: hidden; padding: 8px 0 7px; text-align: center; text-overflow: ellipsis; white-space: nowrap;\">A post shared by Charles Keusters (@charles.keusters) on <time style=\"font-family: Arial,sans-serif; font-size: 14px; line-height: 17px;\" datetime=\"2017-09-02T22:59:28+00:00\">Sep 2, 2017 at 3:59pm PDT<\/time><\/p>\n<\/div><\/blockquote>\n\n\n\n<p><script async=\"\" defer=\"\" src=\"\/\/platform.instagram.com\/en_US\/embeds.js\"><\/script><\/p>\n\n\n\n<blockquote class=\"instagram-media\" style=\"background: #FFF; border: 0; border-radius: 3px; box-shadow: 0 0 1px 0 rgba(0,0,0,0.5),0 1px 10px 0 rgba(0,0,0,0.15); margin: 1px; max-width: 658px; padding: 0; width: calc(100% - 2px);\" data-instgrm-captioned=\"\" data-instgrm-version=\"7\"><div style=\"padding: 8px;\">\n<div style=\"background: #F8F8F8; line-height: 0; margin-top: 40px; padding: 37.12871287128713% 0; text-align: center; width: 100%;\">&nbsp;<\/div>\n<p style=\"margin: 8px 0 0 0; padding: 0 4px;\"><a style=\"color: #000; font-family: Arial,sans-serif; font-size: 14px; font-style: normal; font-weight: normal; line-height: 17px; text-decoration: none; word-wrap: break-word;\" href=\"https:\/\/www.instagram.com\/p\/BV7sCLlF07e\/\" target=\"_blank\" rel=\"noopener\">Did you know? Teeth of The Dog is in the top 100 golf courses in the world according to Golf Digest. Just minutes away from #LaRomanaAirport, fly in and take a swing! Thank you for the great pic @godomrep #teethofthedog #casadecampo #laromanahasit #explorelaromana #dominicanrepublic #paradise #golfcourses #vacation #travel<\/a><\/p>\n<p style=\"color: #c9c8cd; font-family: Arial,sans-serif; font-size: 14px; line-height: 17px; margin-bottom: 0; margin-top: 8px; overflow: hidden; padding: 8px 0 7px; text-align: center; text-overflow: ellipsis; white-space: nowrap;\">A post shared by La Romana Airport (@laromanaairport) on <time style=\"font-family: Arial,sans-serif; font-size: 14px; line-height: 17px;\" datetime=\"2017-06-29T17:55:29+00:00\">Jun 29, 2017 at 10:55am PDT<\/time><\/p>\n<\/div><\/blockquote>\n\n\n\n<p><script async=\"\" defer=\"\" src=\"\/\/platform.instagram.com\/en_US\/embeds.js\"><\/script><br>\n&nbsp;<\/p>\n\n\n\n<blockquote><figure><img decoding=\"async\" loading=\"lazy\" class=\"aligncenter size-full wp-image-146969\" src=\"https:\/\/i0.wp.com\/casadecampoliving.com\/wp-content\/uploads\/2022\/10\/cdcliving_instagram-e1505323144992.jpg?resize=1000%2C771&amp;ssl=1\" alt=\"Casa de Campo Living\" width=\"1000\" height=\"771\"><\/figure><p><strong>\u00bfTienes una hermosa foto de Casa de Campo? Comp\u00e1rtalo con nosotros y podr\u00eda aparecer en nuestro pr\u00f3xima edici\u00f3n de la revista Casa de Campo Living. Basta con etiquetar sus posts #cdcliving y quien sabe, \u00a1tu foto podr\u00eda ser seleccionada!<\/strong><\/p><\/blockquote>\n","protected":false},"excerpt":{"rendered":"<p>Tomar una foto galardonada de Casa de Campo puede ser tan f\u00e1cil como bajar la ventana en el camino a casa desde el trabajo y tomar una con su tel\u00e9fono celular. Durante todo el a\u00f1o el complejo tiene colores excepcionales y vivos que surgen en sus piedras, agua, exuberantes jardines y un cielo magn\u00edfico. A [&hellip;]<\/p>\n","protected":false},"author":36681,"featured_media":310143,"comment_status":"closed","ping_status":"closed","sticky":false,"template":"","format":"standard","meta":{"newspack_ads_suppress_ads":false,"newspack_popups_has_disabled_popups":false,"newspack_sponsor_sponsorship_scope":"","newspack_sponsor_native_byline_display":"inherit","newspack_sponsor_native_category_display":"inherit","newspack_sponsor_underwriter_style":"inherit","newspack_sponsor_underwriter_placement":"inherit","_newspack_byline_active":false,"_newspack_byline":"","newspack_hide_updated_date":false,"newspack_show_updated_date":false,"newspack_content_restriction_is_exempt":false,"newspack_featured_image_position":"","newspack_post_subtitle":"","newspack_article_summary_title":"Overview:","newspack_article_summary":"","_jetpack_memberships_contains_paid_content":false,"footnotes":"","jetpack_publicize_message":"","jetpack_publicize_feature_enabled":true,"jetpack_social_post_already_shared":false,"jetpack_social_options":{"image_generator_settings":{"template":"highway","default_image_id":0,"font":"","enabled":false},"version":2},"_wpas_customize_per_network":false},"categories":[26936,14631,9719,2521,2498],"tags":[15387,3626,21648,14736,7463,9682,14787,20780],"newspack_spnsrs_tax":[],"class_list":["post-351971","post","type-post","status-publish","format-standard","has-post-thumbnail","hentry","category-casa-de-campo-living-es","category-estilo-de-vida","category-naturaleza-y-fauna","category-republica-dominicana-2","category-uncategorized-es","tag-altos-de-chavon-es","tag-casa-de-campo-es","tag-estilo-de-vida","tag-featured-topview-es","tag-fotos","tag-instagram-es","tag-la-marina-es-es-6","tag-lifestyle","entry"],"yoast_head":"<!-- This site is optimized with the Yoast SEO plugin v27.5 - https:\/\/yoast.com\/product\/yoast-seo-wordpress\/ -->\n<title>La belleza de Casa de Campo inspira extraordinarias publicaciones de Instagram | Casa de Campo Living<\/title>\n<meta name=\"description\" content=\"Tomar una foto galardonada de Casa de Campo puede ser tan f\u00e1cil como bajar la ventana en el camino a casa desde el trabajo y tomar una con su tel\u00e9fono\" \/>\n<meta name=\"robots\" content=\"index, follow, max-snippet:-1, max-image-preview:large, max-video-preview:-1\" \/>\n<link rel=\"canonical\" href=\"https:\/\/casadecampoliving.com\/es\/la-belleza-de-casa-de-campo-inspira-extraordinarias-publicaciones-de-instagram\/\" \/>\n<meta property=\"og:locale\" content=\"es_ES\" \/>\n<meta property=\"og:type\" content=\"article\" \/>\n<meta property=\"og:title\" content=\"La belleza de Casa de Campo inspira extraordinarias publicaciones de Instagram | Casa de Campo Living\" \/>\n<meta property=\"og:description\" content=\"Tomar una foto galardonada de Casa de Campo puede ser tan f\u00e1cil como bajar la ventana en el camino a casa desde el trabajo y tomar una con su tel\u00e9fono\" \/>\n<meta property=\"og:url\" content=\"https:\/\/casadecampoliving.com\/es\/la-belleza-de-casa-de-campo-inspira-extraordinarias-publicaciones-de-instagram\/\" \/>\n<meta property=\"og:site_name\" content=\"Casa de Campo Living\" \/>\n<meta property=\"article:publisher\" content=\"https:\/\/www.facebook.com\/casadecampoliving\" \/>\n<meta property=\"article:published_time\" content=\"2017-09-13T04:00:00+00:00\" \/>\n<meta property=\"article:modified_time\" content=\"2022-10-21T23:03:34+00:00\" \/>\n<meta property=\"og:image\" content=\"https:\/\/i0.wp.com\/casadecampoliving.com\/wp-content\/uploads\/2022\/10\/Casa_de_Campo_sunset-1.jpg?fit=1069%2C600&ssl=1\" \/>\n\t<meta property=\"og:image:width\" content=\"1069\" \/>\n\t<meta property=\"og:image:height\" content=\"600\" \/>\n\t<meta property=\"og:image:type\" content=\"image\/jpeg\" \/>\n<meta name=\"author\" content=\"Heather Lincoln\" \/>\n<meta name=\"twitter:card\" content=\"summary_large_image\" \/>\n<meta name=\"twitter:creator\" content=\"@cdcliving\" \/>\n<meta name=\"twitter:site\" content=\"@cdcliving\" \/>\n<meta name=\"twitter:label1\" content=\"Escrito por\" \/>\n\t<meta name=\"twitter:data1\" content=\"Heather Lincoln\" \/>\n\t<meta name=\"twitter:label2\" content=\"Tiempo de lectura\" \/>\n\t<meta name=\"twitter:data2\" content=\"3 minutos\" \/>\n<script type=\"application\/ld+json\" class=\"yoast-schema-graph\">{\"@context\":\"https:\\\/\\\/schema.org\",\"@graph\":[{\"@type\":\"Article\",\"@id\":\"https:\\\/\\\/casadecampoliving.com\\\/es\\\/la-belleza-de-casa-de-campo-inspira-extraordinarias-publicaciones-de-instagram\\\/#article\",\"isPartOf\":{\"@id\":\"https:\\\/\\\/casadecampoliving.com\\\/es\\\/la-belleza-de-casa-de-campo-inspira-extraordinarias-publicaciones-de-instagram\\\/\"},\"author\":{\"name\":\"Heather Lincoln\",\"@id\":\"https:\\\/\\\/casadecampoliving.com\\\/es\\\/#\\\/schema\\\/person\\\/e3abfc63c1478fd703266a6f33a3145d\"},\"headline\":\"La belleza de Casa de Campo inspira extraordinarias publicaciones de Instagram\",\"datePublished\":\"2017-09-13T04:00:00+00:00\",\"dateModified\":\"2022-10-21T23:03:34+00:00\",\"mainEntityOfPage\":{\"@id\":\"https:\\\/\\\/casadecampoliving.com\\\/es\\\/la-belleza-de-casa-de-campo-inspira-extraordinarias-publicaciones-de-instagram\\\/\"},\"wordCount\":526,\"publisher\":{\"@id\":\"https:\\\/\\\/casadecampoliving.com\\\/es\\\/#organization\"},\"image\":{\"@id\":\"https:\\\/\\\/casadecampoliving.com\\\/es\\\/la-belleza-de-casa-de-campo-inspira-extraordinarias-publicaciones-de-instagram\\\/#primaryimage\"},\"thumbnailUrl\":\"https:\\\/\\\/i0.wp.com\\\/casadecampoliving.com\\\/wp-content\\\/uploads\\\/2022\\\/10\\\/Casa_de_Campo_sunset-1.jpg?fit=1069%2C600&ssl=1\",\"keywords\":[\"Altos de Chavon\",\"casa de campo @es\",\"estilo de vida\",\"Featured-TopView @es\",\"fotos\",\"instagram es\",\"La Marina @es\",\"lifestyle\"],\"articleSection\":[\"Casa de Campo Living @es\",\"Estilo de Vida\",\"Naturaleza y Fauna\",\"Rep\u00fablica Dominicana @es\",\"Uncategorized @es\"],\"inLanguage\":\"es\"},{\"@type\":\"WebPage\",\"@id\":\"https:\\\/\\\/casadecampoliving.com\\\/es\\\/la-belleza-de-casa-de-campo-inspira-extraordinarias-publicaciones-de-instagram\\\/\",\"url\":\"https:\\\/\\\/casadecampoliving.com\\\/es\\\/la-belleza-de-casa-de-campo-inspira-extraordinarias-publicaciones-de-instagram\\\/\",\"name\":\"La belleza de Casa de Campo inspira extraordinarias publicaciones de Instagram | Casa de Campo Living\",\"isPartOf\":{\"@id\":\"https:\\\/\\\/casadecampoliving.com\\\/es\\\/#website\"},\"primaryImageOfPage\":{\"@id\":\"https:\\\/\\\/casadecampoliving.com\\\/es\\\/la-belleza-de-casa-de-campo-inspira-extraordinarias-publicaciones-de-instagram\\\/#primaryimage\"},\"image\":{\"@id\":\"https:\\\/\\\/casadecampoliving.com\\\/es\\\/la-belleza-de-casa-de-campo-inspira-extraordinarias-publicaciones-de-instagram\\\/#primaryimage\"},\"thumbnailUrl\":\"https:\\\/\\\/i0.wp.com\\\/casadecampoliving.com\\\/wp-content\\\/uploads\\\/2022\\\/10\\\/Casa_de_Campo_sunset-1.jpg?fit=1069%2C600&ssl=1\",\"datePublished\":\"2017-09-13T04:00:00+00:00\",\"dateModified\":\"2022-10-21T23:03:34+00:00\",\"description\":\"Tomar una foto galardonada de Casa de Campo puede ser tan f\u00e1cil como bajar la ventana en el camino a casa desde el trabajo y tomar una con su tel\u00e9fono\",\"breadcrumb\":{\"@id\":\"https:\\\/\\\/casadecampoliving.com\\\/es\\\/la-belleza-de-casa-de-campo-inspira-extraordinarias-publicaciones-de-instagram\\\/#breadcrumb\"},\"inLanguage\":\"es\",\"potentialAction\":[{\"@type\":\"ReadAction\",\"target\":[\"https:\\\/\\\/casadecampoliving.com\\\/es\\\/la-belleza-de-casa-de-campo-inspira-extraordinarias-publicaciones-de-instagram\\\/\"]}]},{\"@type\":\"ImageObject\",\"inLanguage\":\"es\",\"@id\":\"https:\\\/\\\/casadecampoliving.com\\\/es\\\/la-belleza-de-casa-de-campo-inspira-extraordinarias-publicaciones-de-instagram\\\/#primaryimage\",\"url\":\"https:\\\/\\\/i0.wp.com\\\/casadecampoliving.com\\\/wp-content\\\/uploads\\\/2022\\\/10\\\/Casa_de_Campo_sunset-1.jpg?fit=1069%2C600&ssl=1\",\"contentUrl\":\"https:\\\/\\\/i0.wp.com\\\/casadecampoliving.com\\\/wp-content\\\/uploads\\\/2022\\\/10\\\/Casa_de_Campo_sunset-1.jpg?fit=1069%2C600&ssl=1\",\"width\":1069,\"height\":600},{\"@type\":\"BreadcrumbList\",\"@id\":\"https:\\\/\\\/casadecampoliving.com\\\/es\\\/la-belleza-de-casa-de-campo-inspira-extraordinarias-publicaciones-de-instagram\\\/#breadcrumb\",\"itemListElement\":[{\"@type\":\"ListItem\",\"position\":1,\"name\":\"Home\",\"item\":\"https:\\\/\\\/casadecampoliving.com\\\/es\\\/\"},{\"@type\":\"ListItem\",\"position\":2,\"name\":\"La belleza de Casa de Campo inspira extraordinarias publicaciones de Instagram\"}]},{\"@type\":\"WebSite\",\"@id\":\"https:\\\/\\\/casadecampoliving.com\\\/es\\\/#website\",\"url\":\"https:\\\/\\\/casadecampoliving.com\\\/es\\\/\",\"name\":\"Casa de Campo Living\",\"description\":\"Resort community news and resources.\",\"publisher\":{\"@id\":\"https:\\\/\\\/casadecampoliving.com\\\/es\\\/#organization\"},\"potentialAction\":[{\"@type\":\"SearchAction\",\"target\":{\"@type\":\"EntryPoint\",\"urlTemplate\":\"https:\\\/\\\/casadecampoliving.com\\\/es\\\/?s={search_term_string}\"},\"query-input\":{\"@type\":\"PropertyValueSpecification\",\"valueRequired\":true,\"valueName\":\"search_term_string\"}}],\"inLanguage\":\"es\"},{\"@type\":\"Organization\",\"@id\":\"https:\\\/\\\/casadecampoliving.com\\\/es\\\/#organization\",\"name\":\"Casa de Campo Living\",\"url\":\"https:\\\/\\\/casadecampoliving.com\\\/es\\\/\",\"logo\":{\"@type\":\"ImageObject\",\"inLanguage\":\"es\",\"@id\":\"https:\\\/\\\/casadecampoliving.com\\\/es\\\/#\\\/schema\\\/logo\\\/image\\\/\",\"url\":\"https:\\\/\\\/i0.wp.com\\\/casadecampoliving.com\\\/wp-content\\\/uploads\\\/2022\\\/07\\\/CDCLivingLogo_V1-white-sized.png?fit=800%2C214&ssl=1\",\"contentUrl\":\"https:\\\/\\\/i0.wp.com\\\/casadecampoliving.com\\\/wp-content\\\/uploads\\\/2022\\\/07\\\/CDCLivingLogo_V1-white-sized.png?fit=800%2C214&ssl=1\",\"width\":800,\"height\":214,\"caption\":\"Casa de Campo Living\"},\"image\":{\"@id\":\"https:\\\/\\\/casadecampoliving.com\\\/es\\\/#\\\/schema\\\/logo\\\/image\\\/\"},\"sameAs\":[\"https:\\\/\\\/www.facebook.com\\\/casadecampoliving\",\"https:\\\/\\\/x.com\\\/cdcliving\"]},{\"@type\":\"Person\",\"@id\":\"https:\\\/\\\/casadecampoliving.com\\\/es\\\/#\\\/schema\\\/person\\\/e3abfc63c1478fd703266a6f33a3145d\",\"name\":\"Heather Lincoln\",\"image\":{\"@type\":\"ImageObject\",\"inLanguage\":\"es\",\"@id\":\"https:\\\/\\\/secure.gravatar.com\\\/avatar\\\/e8fc1ce4ad50385675908137b0d8d66be281d034bf072b4700460237638ea6d0?s=96&d=mm&r=g\",\"url\":\"https:\\\/\\\/secure.gravatar.com\\\/avatar\\\/e8fc1ce4ad50385675908137b0d8d66be281d034bf072b4700460237638ea6d0?s=96&d=mm&r=g\",\"contentUrl\":\"https:\\\/\\\/secure.gravatar.com\\\/avatar\\\/e8fc1ce4ad50385675908137b0d8d66be281d034bf072b4700460237638ea6d0?s=96&d=mm&r=g\",\"caption\":\"Heather Lincoln\"},\"url\":\"https:\\\/\\\/casadecampoliving.com\\\/es\\\/author\\\/hcastillo\\\/\"}]}<\/script>\n<!-- \/ Yoast SEO plugin. -->","yoast_head_json":{"title":"La belleza de Casa de Campo inspira extraordinarias publicaciones de Instagram | Casa de Campo Living","description":"Tomar una foto galardonada de Casa de Campo puede ser tan f\u00e1cil como bajar la ventana en el camino a casa desde el trabajo y tomar una con su tel\u00e9fono","robots":{"index":"index","follow":"follow","max-snippet":"max-snippet:-1","max-image-preview":"max-image-preview:large","max-video-preview":"max-video-preview:-1"},"canonical":"https:\/\/casadecampoliving.com\/es\/la-belleza-de-casa-de-campo-inspira-extraordinarias-publicaciones-de-instagram\/","og_locale":"es_ES","og_type":"article","og_title":"La belleza de Casa de Campo inspira extraordinarias publicaciones de Instagram | Casa de Campo Living","og_description":"Tomar una foto galardonada de Casa de Campo puede ser tan f\u00e1cil como bajar la ventana en el camino a casa desde el trabajo y tomar una con su tel\u00e9fono","og_url":"https:\/\/casadecampoliving.com\/es\/la-belleza-de-casa-de-campo-inspira-extraordinarias-publicaciones-de-instagram\/","og_site_name":"Casa de Campo Living","article_publisher":"https:\/\/www.facebook.com\/casadecampoliving","article_published_time":"2017-09-13T04:00:00+00:00","article_modified_time":"2022-10-21T23:03:34+00:00","og_image":[{"width":1069,"height":600,"url":"https:\/\/i0.wp.com\/casadecampoliving.com\/wp-content\/uploads\/2022\/10\/Casa_de_Campo_sunset-1.jpg?fit=1069%2C600&ssl=1","type":"image\/jpeg"}],"author":"Heather Lincoln","twitter_card":"summary_large_image","twitter_creator":"@cdcliving","twitter_site":"@cdcliving","twitter_misc":{"Escrito por":"Heather Lincoln","Tiempo de lectura":"3 minutos"},"schema":{"@context":"https:\/\/schema.org","@graph":[{"@type":"Article","@id":"https:\/\/casadecampoliving.com\/es\/la-belleza-de-casa-de-campo-inspira-extraordinarias-publicaciones-de-instagram\/#article","isPartOf":{"@id":"https:\/\/casadecampoliving.com\/es\/la-belleza-de-casa-de-campo-inspira-extraordinarias-publicaciones-de-instagram\/"},"author":{"name":"Heather Lincoln","@id":"https:\/\/casadecampoliving.com\/es\/#\/schema\/person\/e3abfc63c1478fd703266a6f33a3145d"},"headline":"La belleza de Casa de Campo inspira extraordinarias publicaciones de Instagram","datePublished":"2017-09-13T04:00:00+00:00","dateModified":"2022-10-21T23:03:34+00:00","mainEntityOfPage":{"@id":"https:\/\/casadecampoliving.com\/es\/la-belleza-de-casa-de-campo-inspira-extraordinarias-publicaciones-de-instagram\/"},"wordCount":526,"publisher":{"@id":"https:\/\/casadecampoliving.com\/es\/#organization"},"image":{"@id":"https:\/\/casadecampoliving.com\/es\/la-belleza-de-casa-de-campo-inspira-extraordinarias-publicaciones-de-instagram\/#primaryimage"},"thumbnailUrl":"https:\/\/i0.wp.com\/casadecampoliving.com\/wp-content\/uploads\/2022\/10\/Casa_de_Campo_sunset-1.jpg?fit=1069%2C600&ssl=1","keywords":["Altos de Chavon","casa de campo @es","estilo de vida","Featured-TopView @es","fotos","instagram es","La Marina @es","lifestyle"],"articleSection":["Casa de Campo Living @es","Estilo de Vida","Naturaleza y Fauna","Rep\u00fablica Dominicana @es","Uncategorized @es"],"inLanguage":"es"},{"@type":"WebPage","@id":"https:\/\/casadecampoliving.com\/es\/la-belleza-de-casa-de-campo-inspira-extraordinarias-publicaciones-de-instagram\/","url":"https:\/\/casadecampoliving.com\/es\/la-belleza-de-casa-de-campo-inspira-extraordinarias-publicaciones-de-instagram\/","name":"La belleza de Casa de Campo inspira extraordinarias publicaciones de Instagram | Casa de Campo Living","isPartOf":{"@id":"https:\/\/casadecampoliving.com\/es\/#website"},"primaryImageOfPage":{"@id":"https:\/\/casadecampoliving.com\/es\/la-belleza-de-casa-de-campo-inspira-extraordinarias-publicaciones-de-instagram\/#primaryimage"},"image":{"@id":"https:\/\/casadecampoliving.com\/es\/la-belleza-de-casa-de-campo-inspira-extraordinarias-publicaciones-de-instagram\/#primaryimage"},"thumbnailUrl":"https:\/\/i0.wp.com\/casadecampoliving.com\/wp-content\/uploads\/2022\/10\/Casa_de_Campo_sunset-1.jpg?fit=1069%2C600&ssl=1","datePublished":"2017-09-13T04:00:00+00:00","dateModified":"2022-10-21T23:03:34+00:00","description":"Tomar una foto galardonada de Casa de Campo puede ser tan f\u00e1cil como bajar la ventana en el camino a casa desde el trabajo y tomar una con su tel\u00e9fono","breadcrumb":{"@id":"https:\/\/casadecampoliving.com\/es\/la-belleza-de-casa-de-campo-inspira-extraordinarias-publicaciones-de-instagram\/#breadcrumb"},"inLanguage":"es","potentialAction":[{"@type":"ReadAction","target":["https:\/\/casadecampoliving.com\/es\/la-belleza-de-casa-de-campo-inspira-extraordinarias-publicaciones-de-instagram\/"]}]},{"@type":"ImageObject","inLanguage":"es","@id":"https:\/\/casadecampoliving.com\/es\/la-belleza-de-casa-de-campo-inspira-extraordinarias-publicaciones-de-instagram\/#primaryimage","url":"https:\/\/i0.wp.com\/casadecampoliving.com\/wp-content\/uploads\/2022\/10\/Casa_de_Campo_sunset-1.jpg?fit=1069%2C600&ssl=1","contentUrl":"https:\/\/i0.wp.com\/casadecampoliving.com\/wp-content\/uploads\/2022\/10\/Casa_de_Campo_sunset-1.jpg?fit=1069%2C600&ssl=1","width":1069,"height":600},{"@type":"BreadcrumbList","@id":"https:\/\/casadecampoliving.com\/es\/la-belleza-de-casa-de-campo-inspira-extraordinarias-publicaciones-de-instagram\/#breadcrumb","itemListElement":[{"@type":"ListItem","position":1,"name":"Home","item":"https:\/\/casadecampoliving.com\/es\/"},{"@type":"ListItem","position":2,"name":"La belleza de Casa de Campo inspira extraordinarias publicaciones de Instagram"}]},{"@type":"WebSite","@id":"https:\/\/casadecampoliving.com\/es\/#website","url":"https:\/\/casadecampoliving.com\/es\/","name":"Casa de Campo Living","description":"Resort community news and resources.","publisher":{"@id":"https:\/\/casadecampoliving.com\/es\/#organization"},"potentialAction":[{"@type":"SearchAction","target":{"@type":"EntryPoint","urlTemplate":"https:\/\/casadecampoliving.com\/es\/?s={search_term_string}"},"query-input":{"@type":"PropertyValueSpecification","valueRequired":true,"valueName":"search_term_string"}}],"inLanguage":"es"},{"@type":"Organization","@id":"https:\/\/casadecampoliving.com\/es\/#organization","name":"Casa de Campo Living","url":"https:\/\/casadecampoliving.com\/es\/","logo":{"@type":"ImageObject","inLanguage":"es","@id":"https:\/\/casadecampoliving.com\/es\/#\/schema\/logo\/image\/","url":"https:\/\/i0.wp.com\/casadecampoliving.com\/wp-content\/uploads\/2022\/07\/CDCLivingLogo_V1-white-sized.png?fit=800%2C214&ssl=1","contentUrl":"https:\/\/i0.wp.com\/casadecampoliving.com\/wp-content\/uploads\/2022\/07\/CDCLivingLogo_V1-white-sized.png?fit=800%2C214&ssl=1","width":800,"height":214,"caption":"Casa de Campo Living"},"image":{"@id":"https:\/\/casadecampoliving.com\/es\/#\/schema\/logo\/image\/"},"sameAs":["https:\/\/www.facebook.com\/casadecampoliving","https:\/\/x.com\/cdcliving"]},{"@type":"Person","@id":"https:\/\/casadecampoliving.com\/es\/#\/schema\/person\/e3abfc63c1478fd703266a6f33a3145d","name":"Heather Lincoln","image":{"@type":"ImageObject","inLanguage":"es","@id":"https:\/\/secure.gravatar.com\/avatar\/e8fc1ce4ad50385675908137b0d8d66be281d034bf072b4700460237638ea6d0?s=96&d=mm&r=g","url":"https:\/\/secure.gravatar.com\/avatar\/e8fc1ce4ad50385675908137b0d8d66be281d034bf072b4700460237638ea6d0?s=96&d=mm&r=g","contentUrl":"https:\/\/secure.gravatar.com\/avatar\/e8fc1ce4ad50385675908137b0d8d66be281d034bf072b4700460237638ea6d0?s=96&d=mm&r=g","caption":"Heather Lincoln"},"url":"https:\/\/casadecampoliving.com\/es\/author\/hcastillo\/"}]}},"parsely":{"version":"1.1.0","canonical_url":"https:\/\/casadecampoliving.com\/es\/la-belleza-de-casa-de-campo-inspira-extraordinarias-publicaciones-de-instagram\/","smart_links":{"inbound":0,"outbound":0},"traffic_boost_suggestions_count":0,"meta":{"@context":"https:\/\/schema.org","@type":"NewsArticle","headline":"La belleza de Casa de Campo inspira extraordinarias publicaciones de Instagram","url":"http:\/\/casadecampoliving.com\/es\/la-belleza-de-casa-de-campo-inspira-extraordinarias-publicaciones-de-instagram\/","mainEntityOfPage":{"@type":"WebPage","@id":"http:\/\/casadecampoliving.com\/es\/la-belleza-de-casa-de-campo-inspira-extraordinarias-publicaciones-de-instagram\/"},"thumbnailUrl":"https:\/\/i0.wp.com\/casadecampoliving.com\/wp-content\/uploads\/2022\/10\/Casa_de_Campo_sunset-1.jpg?resize=150%2C150&ssl=1","image":{"@type":"ImageObject","url":"https:\/\/i0.wp.com\/casadecampoliving.com\/wp-content\/uploads\/2022\/10\/Casa_de_Campo_sunset-1.jpg?fit=1069%2C600&ssl=1"},"articleSection":"Casa de Campo Living @es","author":[{"@type":"Person","name":"Heather Lincoln"}],"creator":["Heather Lincoln"],"publisher":{"@type":"Organization","name":"Casa de Campo Living","logo":"https:\/\/casadecampoliving.com\/wp-content\/uploads\/2022\/07\/CDCLivingLogo_V1-white-sized.png"},"keywords":["altos de chavon","casa de campo @es","estilo de vida","featured-topview @es","fotos","instagram es","la marina @es","lifestyle"],"dateCreated":"2017-09-13T04:00:00Z","datePublished":"2017-09-13T04:00:00Z","dateModified":"2022-10-21T23:03:34Z"},"rendered":"<script type=\"application\/ld+json\" class=\"wp-parsely-metadata\">{\"@context\":\"https:\\\/\\\/schema.org\",\"@type\":\"NewsArticle\",\"headline\":\"La belleza de Casa de Campo inspira extraordinarias publicaciones de Instagram\",\"url\":\"http:\\\/\\\/casadecampoliving.com\\\/es\\\/la-belleza-de-casa-de-campo-inspira-extraordinarias-publicaciones-de-instagram\\\/\",\"mainEntityOfPage\":{\"@type\":\"WebPage\",\"@id\":\"http:\\\/\\\/casadecampoliving.com\\\/es\\\/la-belleza-de-casa-de-campo-inspira-extraordinarias-publicaciones-de-instagram\\\/\"},\"thumbnailUrl\":\"https:\\\/\\\/i0.wp.com\\\/casadecampoliving.com\\\/wp-content\\\/uploads\\\/2022\\\/10\\\/Casa_de_Campo_sunset-1.jpg?resize=150%2C150&ssl=1\",\"image\":{\"@type\":\"ImageObject\",\"url\":\"https:\\\/\\\/i0.wp.com\\\/casadecampoliving.com\\\/wp-content\\\/uploads\\\/2022\\\/10\\\/Casa_de_Campo_sunset-1.jpg?fit=1069%2C600&ssl=1\"},\"articleSection\":\"Casa de Campo Living @es\",\"author\":[{\"@type\":\"Person\",\"name\":\"Heather Lincoln\"}],\"creator\":[\"Heather Lincoln\"],\"publisher\":{\"@type\":\"Organization\",\"name\":\"Casa de Campo Living\",\"logo\":\"https:\\\/\\\/casadecampoliving.com\\\/wp-content\\\/uploads\\\/2022\\\/07\\\/CDCLivingLogo_V1-white-sized.png\"},\"keywords\":[\"altos de chavon\",\"casa de campo @es\",\"estilo de vida\",\"featured-topview @es\",\"fotos\",\"instagram es\",\"la marina @es\",\"lifestyle\"],\"dateCreated\":\"2017-09-13T04:00:00Z\",\"datePublished\":\"2017-09-13T04:00:00Z\",\"dateModified\":\"2022-10-21T23:03:34Z\"}<\/script>","tracker_url":"https:\/\/cdn.parsely.com\/keys\/casadecampoliving.com\/p.js"},"jetpack_publicize_connections":[],"jetpack_featured_media_url":"https:\/\/i0.wp.com\/casadecampoliving.com\/wp-content\/uploads\/2022\/10\/Casa_de_Campo_sunset-1.jpg?fit=1069%2C600&ssl=1","jetpack-related-posts":[{"id":354148,"url":"https:\/\/casadecampoliving.com\/es\/la-belleza-de-casa-de-campo-inspira-fenomenales-publicaciones-en-instagram-3\/","url_meta":{"origin":351971,"position":0},"title":"La belleza de Casa de Campo inspira fenomenales publicaciones en Instagram","author":"Casa de Campo Living","date":"10 Sep, 2021","format":false,"excerpt":"Tomar una incre\u00edble foto de Casa de Campo puede ser tan f\u00e1cil como bajar la ventana en el camino a casa desde el trabajo y tomar una foto con su tel\u00e9fono celular. Durante todo el a\u00f1o, el complejo tiene colores vivos y excepcionales que resaltan en su arquitectura, agua, terrenos\u2026","rel":"","context":"En \u00abAltos de Chavon @es\u00bb","block_context":{"text":"Altos de Chavon @es","link":"https:\/\/casadecampoliving.com\/category\/altos-de-chavon-es\/"},"img":{"alt_text":"","src":"https:\/\/i0.wp.com\/casadecampoliving.com\/wp-content\/uploads\/2022\/10\/E5A40AA0-B7B5-4FEC-8734-E85F7091A0CE-1.jpg?fit=1000%2C650&ssl=1&resize=350%2C200","width":350,"height":200,"srcset":"https:\/\/i0.wp.com\/casadecampoliving.com\/wp-content\/uploads\/2022\/10\/E5A40AA0-B7B5-4FEC-8734-E85F7091A0CE-1.jpg?fit=1000%2C650&ssl=1&resize=350%2C200 1x, https:\/\/i0.wp.com\/casadecampoliving.com\/wp-content\/uploads\/2022\/10\/E5A40AA0-B7B5-4FEC-8734-E85F7091A0CE-1.jpg?fit=1000%2C650&ssl=1&resize=525%2C300 1.5x, https:\/\/i0.wp.com\/casadecampoliving.com\/wp-content\/uploads\/2022\/10\/E5A40AA0-B7B5-4FEC-8734-E85F7091A0CE-1.jpg?fit=1000%2C650&ssl=1&resize=700%2C400 2x"},"classes":[]},{"id":353998,"url":"https:\/\/casadecampoliving.com\/es\/la-belleza-de-casa-de-campo-inspira-fenomenales-publicaciones-en-instagram-2\/","url_meta":{"origin":351971,"position":1},"title":"La belleza de Casa de Campo inspira fenomenales publicaciones en Instagram","author":"Casa de Campo Living","date":"19 Mar, 2021","format":false,"excerpt":"Tomar una incre\u00edble foto de Casa de Campo puede ser tan f\u00e1cil como bajar la ventana en el camino a casa desde el trabajo y tomar una foto con su tel\u00e9fono celular. Durante todo el a\u00f1o, el complejo tiene colores vivos y excepcionales que resaltan en su arquitectura, agua, terrenos\u2026","rel":"","context":"En \u00abAltos de Chavon @es\u00bb","block_context":{"text":"Altos de Chavon @es","link":"https:\/\/casadecampoliving.com\/category\/altos-de-chavon-es\/"},"img":{"alt_text":"","src":"https:\/\/i0.wp.com\/casadecampoliving.com\/wp-content\/uploads\/2022\/10\/158955717_310444020601359_713476506738351065_n-1.jpg?fit=1080%2C817&ssl=1&resize=350%2C200","width":350,"height":200,"srcset":"https:\/\/i0.wp.com\/casadecampoliving.com\/wp-content\/uploads\/2022\/10\/158955717_310444020601359_713476506738351065_n-1.jpg?fit=1080%2C817&ssl=1&resize=350%2C200 1x, https:\/\/i0.wp.com\/casadecampoliving.com\/wp-content\/uploads\/2022\/10\/158955717_310444020601359_713476506738351065_n-1.jpg?fit=1080%2C817&ssl=1&resize=525%2C300 1.5x, https:\/\/i0.wp.com\/casadecampoliving.com\/wp-content\/uploads\/2022\/10\/158955717_310444020601359_713476506738351065_n-1.jpg?fit=1080%2C817&ssl=1&resize=700%2C400 2x, https:\/\/i0.wp.com\/casadecampoliving.com\/wp-content\/uploads\/2022\/10\/158955717_310444020601359_713476506738351065_n-1.jpg?fit=1080%2C817&ssl=1&resize=1050%2C600 3x"},"classes":[]},{"id":353926,"url":"https:\/\/casadecampoliving.com\/es\/la-belleza-de-casa-de-campo-inspira-fenomenales-publicaciones-en-instagram\/","url_meta":{"origin":351971,"position":2},"title":"La belleza de Casa de Campo inspira fenomenales publicaciones en Instagram","author":"Casa de Campo Living","date":"25 Nov, 2020","format":false,"excerpt":"Tomar una foto galardonada de Casa de Campo puede ser tan f\u00e1cil como bajar la ventana en el camino a casa desde el trabajo y tomar una foto con su tel\u00e9fono celular. Durante todo el a\u00f1o, el complejo tiene colores vivos y excepcionales que resaltan en su arquitectura, agua, terrenos\u2026","rel":"","context":"En \u00abAltos de Chavon @es\u00bb","block_context":{"text":"Altos de Chavon @es","link":"https:\/\/casadecampoliving.com\/category\/altos-de-chavon-es\/"},"img":{"alt_text":"","src":"https:\/\/i0.wp.com\/casadecampoliving.com\/wp-content\/uploads\/2022\/10\/117321790_3211795938865970_3545406542174168537_n-e1606335050165-1.jpg?fit=1000%2C592&ssl=1&resize=350%2C200","width":350,"height":200,"srcset":"https:\/\/i0.wp.com\/casadecampoliving.com\/wp-content\/uploads\/2022\/10\/117321790_3211795938865970_3545406542174168537_n-e1606335050165-1.jpg?fit=1000%2C592&ssl=1&resize=350%2C200 1x, https:\/\/i0.wp.com\/casadecampoliving.com\/wp-content\/uploads\/2022\/10\/117321790_3211795938865970_3545406542174168537_n-e1606335050165-1.jpg?fit=1000%2C592&ssl=1&resize=525%2C300 1.5x, https:\/\/i0.wp.com\/casadecampoliving.com\/wp-content\/uploads\/2022\/10\/117321790_3211795938865970_3545406542174168537_n-e1606335050165-1.jpg?fit=1000%2C592&ssl=1&resize=700%2C400 2x"},"classes":[]},{"id":433460,"url":"https:\/\/casadecampoliving.com\/es\/no-se-pierdan-el-increible-tributo-a-frank-sinatra-para-celebrar-el-40-aniversario-del-anfiteatro-altos-de-chavon\/","url_meta":{"origin":351971,"position":3},"title":"No se pierdan el incre\u00edble tributo a Frank Sinatra para celebrar el 40 aniversario del\u00a0Anfiteatro Altos de Chav\u00f3n","author":"Casa de Campo Living","date":"20 Oct, 2022","format":false,"excerpt":"Siendo uno de los escenarios m\u00e1s emblem\u00e1ticos del pa\u00eds, Casa de Campo Resort\u00ae & Villas celebra las cuatro d\u00e9cadas de aniversario de Altos de Chav\u00f3n con un tributo al gran Frank Sinatra, protagonizado por artistas invitados y una big band tal cual la que acompa\u00f1\u00f3 al artista hace 40 a\u00f1os\u2026","rel":"","context":"En \u00abUncategorized @es\u00bb","block_context":{"text":"Uncategorized @es","link":"https:\/\/casadecampoliving.com\/es\/category\/uncategorized-es\/"},"img":{"alt_text":"","src":"https:\/\/i0.wp.com\/casadecampoliving.com\/wp-content\/uploads\/2022\/10\/Tributo-Frank-Sinatra-Foto-Principal-Amaury-Sanchez-Danilo-Ginebra-Andres-Pichardo-y-Jose-Gabriel-Perez-.jpg?fit=1200%2C873&ssl=1&resize=350%2C200","width":350,"height":200,"srcset":"https:\/\/i0.wp.com\/casadecampoliving.com\/wp-content\/uploads\/2022\/10\/Tributo-Frank-Sinatra-Foto-Principal-Amaury-Sanchez-Danilo-Ginebra-Andres-Pichardo-y-Jose-Gabriel-Perez-.jpg?fit=1200%2C873&ssl=1&resize=350%2C200 1x, https:\/\/i0.wp.com\/casadecampoliving.com\/wp-content\/uploads\/2022\/10\/Tributo-Frank-Sinatra-Foto-Principal-Amaury-Sanchez-Danilo-Ginebra-Andres-Pichardo-y-Jose-Gabriel-Perez-.jpg?fit=1200%2C873&ssl=1&resize=525%2C300 1.5x, https:\/\/i0.wp.com\/casadecampoliving.com\/wp-content\/uploads\/2022\/10\/Tributo-Frank-Sinatra-Foto-Principal-Amaury-Sanchez-Danilo-Ginebra-Andres-Pichardo-y-Jose-Gabriel-Perez-.jpg?fit=1200%2C873&ssl=1&resize=700%2C400 2x, https:\/\/i0.wp.com\/casadecampoliving.com\/wp-content\/uploads\/2022\/10\/Tributo-Frank-Sinatra-Foto-Principal-Amaury-Sanchez-Danilo-Ginebra-Andres-Pichardo-y-Jose-Gabriel-Perez-.jpg?fit=1200%2C873&ssl=1&resize=1050%2C600 3x"},"classes":[]},{"id":354240,"url":"https:\/\/casadecampoliving.com\/es\/celebridades-en-casa-de-campo-para-nochevieja-martha-stewart-tamara-falco-amaury-nolasco-ozuna-y-mas\/","url_meta":{"origin":351971,"position":4},"title":"\u00a1Celebridades en Casa de Campo para Nochevieja! Martha Stewart, Tamara Falco, Amaury Nolasco, Ozuna y m\u00e1s.","author":"Casa de Campo Living","date":"3 Ene, 2022","format":false,"excerpt":"\u00a1A lo largo de esta temporada alta pasada en Casa de Campo, definitivamente ha habido muchos avistamientos de celebridades! \u00a1A qui\u00e9n no le encanta ver a una celebridad, y realmente nos ENCANTA, a\u00fan m\u00e1s, cuando eligen Casa de Campo como el para\u00edso id\u00edlico perfecto para vacacionar con sus familias! \u00bfQu\u00e9\u2026","rel":"","context":"En \u00abCasa de Campo Living @es\u00bb","block_context":{"text":"Casa de Campo Living @es","link":"https:\/\/casadecampoliving.com\/category\/casa-de-campo-living-es\/"},"img":{"alt_text":"","src":"https:\/\/i0.wp.com\/casadecampoliving.com\/wp-content\/uploads\/2022\/10\/271127546_787349185554613_2084672250401157380_n-1.jpg?fit=1000%2C594&ssl=1&resize=350%2C200","width":350,"height":200,"srcset":"https:\/\/i0.wp.com\/casadecampoliving.com\/wp-content\/uploads\/2022\/10\/271127546_787349185554613_2084672250401157380_n-1.jpg?fit=1000%2C594&ssl=1&resize=350%2C200 1x, https:\/\/i0.wp.com\/casadecampoliving.com\/wp-content\/uploads\/2022\/10\/271127546_787349185554613_2084672250401157380_n-1.jpg?fit=1000%2C594&ssl=1&resize=525%2C300 1.5x, https:\/\/i0.wp.com\/casadecampoliving.com\/wp-content\/uploads\/2022\/10\/271127546_787349185554613_2084672250401157380_n-1.jpg?fit=1000%2C594&ssl=1&resize=700%2C400 2x"},"classes":[]},{"id":354350,"url":"https:\/\/casadecampoliving.com\/es\/celebridades-en-casa-de-campo-durante-semana-santa-marc-anthony-nadia-ferreira-marta-gonzalez-y-mas\/","url_meta":{"origin":351971,"position":5},"title":"\u00a1Celebridades en Casa de Campo durante Semana Santa! Marc Anthony, Nadia Ferreira, Marta Gonzalez, \u00a1y m\u00e1s!","author":"Casa de Campo Living","date":"18 Abr, 2022","format":false,"excerpt":"\u00a1A lo largo de este feriado de Semana Santa en Casa de Campo, definitivamente ha habido muchos avistamientos de celebridades! \u00a1A qui\u00e9n no le encanta ver a una celebridad, y realmente nos ENCANTA, a\u00fan m\u00e1s, cuando eligen Casa de Campo como el para\u00edso id\u00edlico perfecto para vacacionar con sus familias!\u2026","rel":"","context":"En \u00abCasa de Campo Living @es\u00bb","block_context":{"text":"Casa de Campo Living @es","link":"https:\/\/casadecampoliving.com\/category\/casa-de-campo-living-es\/"},"img":{"alt_text":"","src":"https:\/\/i0.wp.com\/casadecampoliving.com\/wp-content\/uploads\/2022\/10\/278640442_1181514495988162_7186825447241664661_n-1.jpg?fit=1024%2C629&ssl=1&resize=350%2C200","width":350,"height":200,"srcset":"https:\/\/i0.wp.com\/casadecampoliving.com\/wp-content\/uploads\/2022\/10\/278640442_1181514495988162_7186825447241664661_n-1.jpg?fit=1024%2C629&ssl=1&resize=350%2C200 1x, https:\/\/i0.wp.com\/casadecampoliving.com\/wp-content\/uploads\/2022\/10\/278640442_1181514495988162_7186825447241664661_n-1.jpg?fit=1024%2C629&ssl=1&resize=525%2C300 1.5x, https:\/\/i0.wp.com\/casadecampoliving.com\/wp-content\/uploads\/2022\/10\/278640442_1181514495988162_7186825447241664661_n-1.jpg?fit=1024%2C629&ssl=1&resize=700%2C400 2x"},"classes":[]}],"jetpack_sharing_enabled":true,"_links":{"self":[{"href":"https:\/\/casadecampoliving.com\/es\/wp-json\/wp\/v2\/posts\/351971","targetHints":{"allow":["GET"]}}],"collection":[{"href":"https:\/\/casadecampoliving.com\/es\/wp-json\/wp\/v2\/posts"}],"about":[{"href":"https:\/\/casadecampoliving.com\/es\/wp-json\/wp\/v2\/types\/post"}],"author":[{"embeddable":true,"href":"https:\/\/casadecampoliving.com\/es\/wp-json\/wp\/v2\/users\/36681"}],"replies":[{"embeddable":true,"href":"https:\/\/casadecampoliving.com\/es\/wp-json\/wp\/v2\/comments?post=351971"}],"version-history":[{"count":1,"href":"https:\/\/casadecampoliving.com\/es\/wp-json\/wp\/v2\/posts\/351971\/revisions"}],"predecessor-version":[{"id":351972,"href":"https:\/\/casadecampoliving.com\/es\/wp-json\/wp\/v2\/posts\/351971\/revisions\/351972"}],"wp:featuredmedia":[{"embeddable":true,"href":"https:\/\/casadecampoliving.com\/es\/wp-json\/wp\/v2\/media\/310143"}],"wp:attachment":[{"href":"https:\/\/casadecampoliving.com\/es\/wp-json\/wp\/v2\/media?parent=351971"}],"wp:term":[{"taxonomy":"category","embeddable":true,"href":"https:\/\/casadecampoliving.com\/es\/wp-json\/wp\/v2\/categories?post=351971"},{"taxonomy":"post_tag","embeddable":true,"href":"https:\/\/casadecampoliving.com\/es\/wp-json\/wp\/v2\/tags?post=351971"},{"taxonomy":"newspack_spnsrs_tax","embeddable":true,"href":"https:\/\/casadecampoliving.com\/es\/wp-json\/wp\/v2\/newspack_spnsrs_tax?post=351971"}],"curies":[{"name":"wp","href":"https:\/\/api.w.org\/{rel}","templated":true}]}}