{"id":351967,"date":"2017-09-12T00:00:00","date_gmt":"2017-09-12T04:00:00","guid":{"rendered":"https:\/\/casadecampoliving.com\/nispero-una-pequena-fruta-deliciosamente-dulce\/"},"modified":"2022-10-21T19:03:21","modified_gmt":"2022-10-21T23:03:21","slug":"nispero-una-pequena-fruta-deliciosamente-dulce","status":"publish","type":"post","link":"https:\/\/casadecampoliving.com\/es\/nispero-una-pequena-fruta-deliciosamente-dulce\/","title":{"rendered":"N\u00edspero: \u00a1Una peque\u00f1a fruta deliciosamente dulce!"},"content":{"rendered":"\n<p>El n\u00edspero es un peque\u00f1o fruto estacional de c\u00e1scara marr\u00f3n con pulpa rojiza y semillas largas y negras. Esta fruta es suave y muy dulce con un sabor distintivo, mientras que su pulpa tiene una textura \u00fanica y se puede pelar y comer directo del \u00e1rbol. Esta fruta tropical contiene 14 por ciento de az\u00facar que lo hace ideal para hacer mermeladas y conservas. Cuando comemos fruta o cualquier tipo de alimento, no pensamos en las numerosas propiedades que tiene o los beneficios m\u00faltiples que pueden contribuir a nuestro cuerpo y salud; lo comemos porque disfrutamos del sabor.<br>\n<\/p>\n\n\n\n<!--more-->\n\n\n<div class=\"wp-block-image\">\n<figure class=\"aligncenter is-resized\"><img loading=\"lazy\" decoding=\"async\" src=\"https:\/\/i0.wp.com\/casadecampoliving.com\/wp-content\/uploads\/2022\/10\/20170912_113200-1.jpg?resize=1000%2C563&amp;ssl=1\" alt=\"\" class=\"wp-image-146941\" height=\"563\" width=\"1000\"\/><\/figure>\n<\/div>\n\n\n<p>El n\u00edspero es una fruta de origen japon\u00e9s y dependiendo de donde crece podr\u00e1s ver variaciones en c\u00f3mo se ve. Por ejemplo, aqu\u00ed en la Rep\u00fablica Dominicana, es de color marr\u00f3n con una piel con textura, mientras que en Jap\u00f3n, tiene una piel de color amarillo a naranja y suave. Una de las ventajas de consumir esta fruta durante la temporada de verano es que tiene un alto contenido de agua, adem\u00e1s de varias vitaminas esenciales. Adem\u00e1s tiene propiedades antioxidantes, as\u00ed como fibra soluble (pectinas), taninos, sustancias astringentes y numerosas sustancias arom\u00e1ticas como \u00e1cidos org\u00e1nicos (c\u00edtrico, tart\u00e1rico y m\u00e1lico) en su pulpa. Aunque es rica en az\u00facar, es baja en calor\u00edas (con alrededor de cincuenta por cien gramos). Tambi\u00e9n tiene potasio y \u2013 en menor cantidad \u2013 magnesio, calcio y hierro, as\u00ed como peque\u00f1as cantidades de vitaminas B y C.<\/p>\n\n\n<div class=\"wp-block-image\">\n<figure class=\"aligncenter is-resized\"><img loading=\"lazy\" decoding=\"async\" src=\"https:\/\/i0.wp.com\/casadecampoliving.com\/wp-content\/uploads\/2022\/10\/IMG_6924-1.jpg?resize=1000%2C750&amp;ssl=1\" alt=\"\" class=\"wp-image-146936\" height=\"750\" width=\"1000\"\/><\/figure>\n<\/div>\n\n\n<p>Se dice que el primer \u00e1rbol de n\u00edspero fue tra\u00eddo por Col\u00f3n y se puede encontrar en el Santo Cerro, La Vega. Es un \u00e1rbol hist\u00f3rico, pero no s\u00f3lo se cultiva all\u00ed, sino que se puede encontrar en diferentes regiones del pa\u00eds, incluso aqu\u00ed en Altos de Chav\u00f3n. Su denominaci\u00f3n bot\u00e1nica es Manilkara zapota o achra zaporta y pertenece a la familia de Sapotaceas, en la que se encuentran el Mamey o Zapote y Caimito. Hay nombres comunes: Chicozapote, N\u00edspero, Chico, Sapodilla y Sapoti. Llega a unos 20 metros de altura con ramas muy bajas y \u00e1speras. Las hojas son agudas en el \u00e1pice, gruesas, con la parte superior verde oscuro y brillante, y sus flores son blancas.<\/p>\n\n\n<div class=\"wp-block-image\">\n<figure class=\"aligncenter is-resized\"><img loading=\"lazy\" decoding=\"async\" src=\"https:\/\/i0.wp.com\/casadecampoliving.com\/wp-content\/uploads\/2022\/10\/20170912_113609.jpg?resize=1000%2C563&amp;ssl=1\" alt=\"\" class=\"wp-image-146939\" height=\"563\" width=\"1000\"\/><\/figure>\n<\/div>\n\n\n<p>El jugo de N\u00edspero se utiliza para hacer el jarabe o avaces la pulpa se agrega al hornear para dar sabor. De la fruta, usted puede hacer mermeladas, conservas, tartas, refrescos, vinos y batidos de leche! Si a usted le gusta los dulces como a nosotros, es posible que desee intentar hacer una mermelada o conserva de n\u00edspero; vea a continuaci\u00f3n las ideas de la p\u00e1gina web&nbsp;<a href=\"https:\/\/www.almanac.com\/content\/how-make-jams-and-preserves\" target=\"_blank\" rel=\"noopener\">The Old Farmers Almanac<\/a>. \u00a1Escuchamos que en vez de agregar lim\u00f3n a la reserva, algunas personas a\u00f1aden ron!\u2026 \u00a1Disfrute!<\/p>\n\n\n\n<ul class=\"wp-block-list\"><li>Lavar y quitar los tallos o semillas, si los hay. Pelar la fruta, si es necesario. Recuerde: para las mermeladas, corte o triture la fruta. Para conservas, use frutas enteras o corte en grandes trozos.<\/li><li>Haga mermeladas o conservas en peque\u00f1os lotes. De esta manera, la fruta se cocinar\u00e1 r\u00e1pidamente y el color y el sabor se conservar\u00e1n mejor.<\/li><li>Por cada taza de fruta, agregue \u00be taza de az\u00facar. (Nota: cuatro tazas de fruta hace un lote muy manejable, por lo que necesitar\u00eda 3 tazas de az\u00facar)<\/li><li>Si est\u00e1 usando fruta madura o particularmente dulce, agregue 1-2 cucharadas de jugo de lim\u00f3n. El \u00e1cido del jugo de lim\u00f3n ayudar\u00e1 a que el mermelada o conserva se espese.<\/li><li>Mientras hace mermeladas y conservas es probable que se caliente mucho o incluso queme un poco, as\u00ed que para evitar ese dilema, revuelva su mezcla a menudo por 15-40 minutos, dependiendo de la fruta. Esto puede arruinar una mermelada o conserva, pero es muy f\u00e1cil de prevenir.<\/li><li>Para probar su mermelada o conserva esta lista, tome una cucharada de la mezcla de la olla, y si mantiene su forma despu\u00e9s de un minuto, su mermelada o conserva est\u00e1 listo para envasar.&nbsp;<\/li><\/ul>\n","protected":false},"excerpt":{"rendered":"<p>El n\u00edspero es un peque\u00f1o fruto estacional de c\u00e1scara marr\u00f3n con pulpa rojiza y semillas largas y negras. Esta fruta es suave y muy dulce con un sabor distintivo, mientras que su pulpa tiene una textura \u00fanica y se puede pelar y comer directo del \u00e1rbol. Esta fruta tropical contiene 14 por ciento de az\u00facar [&hellip;]<\/p>\n","protected":false},"author":36682,"featured_media":309880,"comment_status":"closed","ping_status":"closed","sticky":false,"template":"","format":"standard","meta":{"newspack_ads_suppress_ads":false,"newspack_popups_has_disabled_popups":false,"newspack_sponsor_sponsorship_scope":"","newspack_sponsor_native_byline_display":"inherit","newspack_sponsor_native_category_display":"inherit","newspack_sponsor_underwriter_style":"inherit","newspack_sponsor_underwriter_placement":"inherit","_newspack_byline_active":false,"_newspack_byline":"","newspack_hide_updated_date":false,"newspack_show_updated_date":false,"newspack_content_restriction_is_exempt":false,"newspack_featured_image_position":"","newspack_post_subtitle":"","newspack_article_summary_title":"Overview:","newspack_article_summary":"","_jetpack_memberships_contains_paid_content":false,"footnotes":"","jetpack_publicize_message":"","jetpack_publicize_feature_enabled":true,"jetpack_social_post_already_shared":false,"jetpack_social_options":{"image_generator_settings":{"template":"highway","default_image_id":0,"font":"","enabled":false},"version":2},"_wpas_customize_per_network":false},"categories":[14629,9719,23856,14625,2521],"tags":[8501,9537],"newspack_spnsrs_tax":[],"class_list":["post-351967","post","type-post","status-publish","format-standard","has-post-thumbnail","hentry","category-comidas-bebidas","category-naturaleza-y-fauna","category-nature-es","category-noticias-locales","category-republica-dominicana-2","tag-fruta","tag-nispero","entry"],"yoast_head":"<!-- This site is optimized with the Yoast SEO plugin v27.4 - https:\/\/yoast.com\/product\/yoast-seo-wordpress\/ -->\n<title>N\u00edspero: \u00a1Una peque\u00f1a fruta deliciosamente dulce! | Casa de Campo Living<\/title>\n<meta name=\"description\" content=\"El n\u00edspero es un peque\u00f1o fruto estacional de c\u00e1scara marr\u00f3n con pulpa rojiza y semillas largas y negras. Esta fruta es suave y muy dulce con un sabor\" \/>\n<meta name=\"robots\" content=\"index, follow, max-snippet:-1, max-image-preview:large, max-video-preview:-1\" \/>\n<link rel=\"canonical\" href=\"https:\/\/casadecampoliving.com\/es\/nispero-una-pequena-fruta-deliciosamente-dulce\/\" \/>\n<meta property=\"og:locale\" content=\"es_ES\" \/>\n<meta property=\"og:type\" content=\"article\" \/>\n<meta property=\"og:title\" content=\"N\u00edspero: \u00a1Una peque\u00f1a fruta deliciosamente dulce! | Casa de Campo Living\" \/>\n<meta property=\"og:description\" content=\"El n\u00edspero es un peque\u00f1o fruto estacional de c\u00e1scara marr\u00f3n con pulpa rojiza y semillas largas y negras. Esta fruta es suave y muy dulce con un sabor\" \/>\n<meta property=\"og:url\" content=\"https:\/\/casadecampoliving.com\/es\/nispero-una-pequena-fruta-deliciosamente-dulce\/\" \/>\n<meta property=\"og:site_name\" content=\"Casa de Campo Living\" \/>\n<meta property=\"article:publisher\" content=\"https:\/\/www.facebook.com\/casadecampoliving\" \/>\n<meta property=\"article:published_time\" content=\"2017-09-12T04:00:00+00:00\" \/>\n<meta property=\"article:modified_time\" content=\"2022-10-21T23:03:21+00:00\" \/>\n<meta property=\"og:image\" content=\"https:\/\/i0.wp.com\/casadecampoliving.com\/wp-content\/uploads\/2022\/10\/IMG_6922.jpg?fit=1000%2C630&ssl=1\" \/>\n\t<meta property=\"og:image:width\" content=\"1000\" \/>\n\t<meta property=\"og:image:height\" content=\"630\" \/>\n\t<meta property=\"og:image:type\" content=\"image\/jpeg\" \/>\n<meta name=\"author\" content=\"Marlenys Guzm\u00e1n Casta\u00f1os\" \/>\n<meta name=\"twitter:card\" content=\"summary_large_image\" \/>\n<meta name=\"twitter:creator\" content=\"@cdcliving\" \/>\n<meta name=\"twitter:site\" content=\"@cdcliving\" \/>\n<meta name=\"twitter:label1\" content=\"Escrito por\" \/>\n\t<meta name=\"twitter:data1\" content=\"Marlenys Guzm\u00e1n Casta\u00f1os\" \/>\n\t<meta name=\"twitter:label2\" content=\"Tiempo de lectura\" \/>\n\t<meta name=\"twitter:data2\" content=\"3 minutos\" \/>\n<script type=\"application\/ld+json\" class=\"yoast-schema-graph\">{\"@context\":\"https:\\\/\\\/schema.org\",\"@graph\":[{\"@type\":\"Article\",\"@id\":\"https:\\\/\\\/casadecampoliving.com\\\/es\\\/nispero-una-pequena-fruta-deliciosamente-dulce\\\/#article\",\"isPartOf\":{\"@id\":\"https:\\\/\\\/casadecampoliving.com\\\/es\\\/nispero-una-pequena-fruta-deliciosamente-dulce\\\/\"},\"author\":{\"name\":\"Marlenys Guzm\u00e1n Casta\u00f1os\",\"@id\":\"https:\\\/\\\/casadecampoliving.com\\\/es\\\/#\\\/schema\\\/person\\\/b6606bd87f9cec8f5903e2141cafda24\"},\"headline\":\"N\u00edspero: \u00a1Una peque\u00f1a fruta deliciosamente dulce!\",\"datePublished\":\"2017-09-12T04:00:00+00:00\",\"dateModified\":\"2022-10-21T23:03:21+00:00\",\"mainEntityOfPage\":{\"@id\":\"https:\\\/\\\/casadecampoliving.com\\\/es\\\/nispero-una-pequena-fruta-deliciosamente-dulce\\\/\"},\"wordCount\":694,\"publisher\":{\"@id\":\"https:\\\/\\\/casadecampoliving.com\\\/es\\\/#organization\"},\"image\":{\"@id\":\"https:\\\/\\\/casadecampoliving.com\\\/es\\\/nispero-una-pequena-fruta-deliciosamente-dulce\\\/#primaryimage\"},\"thumbnailUrl\":\"https:\\\/\\\/i0.wp.com\\\/casadecampoliving.com\\\/wp-content\\\/uploads\\\/2022\\\/10\\\/IMG_6922.jpg?fit=1000%2C630&ssl=1\",\"keywords\":[\"fruta\",\"N\u00edspero\"],\"articleSection\":[\"Comidas &amp; Bebidas\",\"Naturaleza y Fauna\",\"Nature\",\"Noticias Locales\",\"Rep\u00fablica Dominicana @es\"],\"inLanguage\":\"es\"},{\"@type\":\"WebPage\",\"@id\":\"https:\\\/\\\/casadecampoliving.com\\\/es\\\/nispero-una-pequena-fruta-deliciosamente-dulce\\\/\",\"url\":\"https:\\\/\\\/casadecampoliving.com\\\/es\\\/nispero-una-pequena-fruta-deliciosamente-dulce\\\/\",\"name\":\"N\u00edspero: \u00a1Una peque\u00f1a fruta deliciosamente dulce! | Casa de Campo Living\",\"isPartOf\":{\"@id\":\"https:\\\/\\\/casadecampoliving.com\\\/es\\\/#website\"},\"primaryImageOfPage\":{\"@id\":\"https:\\\/\\\/casadecampoliving.com\\\/es\\\/nispero-una-pequena-fruta-deliciosamente-dulce\\\/#primaryimage\"},\"image\":{\"@id\":\"https:\\\/\\\/casadecampoliving.com\\\/es\\\/nispero-una-pequena-fruta-deliciosamente-dulce\\\/#primaryimage\"},\"thumbnailUrl\":\"https:\\\/\\\/i0.wp.com\\\/casadecampoliving.com\\\/wp-content\\\/uploads\\\/2022\\\/10\\\/IMG_6922.jpg?fit=1000%2C630&ssl=1\",\"datePublished\":\"2017-09-12T04:00:00+00:00\",\"dateModified\":\"2022-10-21T23:03:21+00:00\",\"description\":\"El n\u00edspero es un peque\u00f1o fruto estacional de c\u00e1scara marr\u00f3n con pulpa rojiza y semillas largas y negras. Esta fruta es suave y muy dulce con un sabor\",\"breadcrumb\":{\"@id\":\"https:\\\/\\\/casadecampoliving.com\\\/es\\\/nispero-una-pequena-fruta-deliciosamente-dulce\\\/#breadcrumb\"},\"inLanguage\":\"es\",\"potentialAction\":[{\"@type\":\"ReadAction\",\"target\":[\"https:\\\/\\\/casadecampoliving.com\\\/es\\\/nispero-una-pequena-fruta-deliciosamente-dulce\\\/\"]}]},{\"@type\":\"ImageObject\",\"inLanguage\":\"es\",\"@id\":\"https:\\\/\\\/casadecampoliving.com\\\/es\\\/nispero-una-pequena-fruta-deliciosamente-dulce\\\/#primaryimage\",\"url\":\"https:\\\/\\\/i0.wp.com\\\/casadecampoliving.com\\\/wp-content\\\/uploads\\\/2022\\\/10\\\/IMG_6922.jpg?fit=1000%2C630&ssl=1\",\"contentUrl\":\"https:\\\/\\\/i0.wp.com\\\/casadecampoliving.com\\\/wp-content\\\/uploads\\\/2022\\\/10\\\/IMG_6922.jpg?fit=1000%2C630&ssl=1\",\"width\":1000,\"height\":630},{\"@type\":\"BreadcrumbList\",\"@id\":\"https:\\\/\\\/casadecampoliving.com\\\/es\\\/nispero-una-pequena-fruta-deliciosamente-dulce\\\/#breadcrumb\",\"itemListElement\":[{\"@type\":\"ListItem\",\"position\":1,\"name\":\"Home\",\"item\":\"https:\\\/\\\/casadecampoliving.com\\\/es\\\/\"},{\"@type\":\"ListItem\",\"position\":2,\"name\":\"N\u00edspero: \u00a1Una peque\u00f1a fruta deliciosamente dulce!\"}]},{\"@type\":\"WebSite\",\"@id\":\"https:\\\/\\\/casadecampoliving.com\\\/es\\\/#website\",\"url\":\"https:\\\/\\\/casadecampoliving.com\\\/es\\\/\",\"name\":\"Casa de Campo Living\",\"description\":\"Resort community news and resources.\",\"publisher\":{\"@id\":\"https:\\\/\\\/casadecampoliving.com\\\/es\\\/#organization\"},\"potentialAction\":[{\"@type\":\"SearchAction\",\"target\":{\"@type\":\"EntryPoint\",\"urlTemplate\":\"https:\\\/\\\/casadecampoliving.com\\\/es\\\/?s={search_term_string}\"},\"query-input\":{\"@type\":\"PropertyValueSpecification\",\"valueRequired\":true,\"valueName\":\"search_term_string\"}}],\"inLanguage\":\"es\"},{\"@type\":\"Organization\",\"@id\":\"https:\\\/\\\/casadecampoliving.com\\\/es\\\/#organization\",\"name\":\"Casa de Campo Living\",\"url\":\"https:\\\/\\\/casadecampoliving.com\\\/es\\\/\",\"logo\":{\"@type\":\"ImageObject\",\"inLanguage\":\"es\",\"@id\":\"https:\\\/\\\/casadecampoliving.com\\\/es\\\/#\\\/schema\\\/logo\\\/image\\\/\",\"url\":\"https:\\\/\\\/i0.wp.com\\\/casadecampoliving.com\\\/wp-content\\\/uploads\\\/2022\\\/07\\\/CDCLivingLogo_V1-white-sized.png?fit=800%2C214&ssl=1\",\"contentUrl\":\"https:\\\/\\\/i0.wp.com\\\/casadecampoliving.com\\\/wp-content\\\/uploads\\\/2022\\\/07\\\/CDCLivingLogo_V1-white-sized.png?fit=800%2C214&ssl=1\",\"width\":800,\"height\":214,\"caption\":\"Casa de Campo Living\"},\"image\":{\"@id\":\"https:\\\/\\\/casadecampoliving.com\\\/es\\\/#\\\/schema\\\/logo\\\/image\\\/\"},\"sameAs\":[\"https:\\\/\\\/www.facebook.com\\\/casadecampoliving\",\"https:\\\/\\\/x.com\\\/cdcliving\"]},{\"@type\":\"Person\",\"@id\":\"https:\\\/\\\/casadecampoliving.com\\\/es\\\/#\\\/schema\\\/person\\\/b6606bd87f9cec8f5903e2141cafda24\",\"name\":\"Marlenys Guzm\u00e1n Casta\u00f1os\",\"image\":{\"@type\":\"ImageObject\",\"inLanguage\":\"es\",\"@id\":\"https:\\\/\\\/secure.gravatar.com\\\/avatar\\\/72f3f86b8e6b3ec744201aeadf11d4a6055e8af194aecd9ad30ffff4437878ee?s=96&d=mm&r=g\",\"url\":\"https:\\\/\\\/secure.gravatar.com\\\/avatar\\\/72f3f86b8e6b3ec744201aeadf11d4a6055e8af194aecd9ad30ffff4437878ee?s=96&d=mm&r=g\",\"contentUrl\":\"https:\\\/\\\/secure.gravatar.com\\\/avatar\\\/72f3f86b8e6b3ec744201aeadf11d4a6055e8af194aecd9ad30ffff4437878ee?s=96&d=mm&r=g\",\"caption\":\"Marlenys Guzm\u00e1n Casta\u00f1os\"},\"url\":\"https:\\\/\\\/casadecampoliving.com\\\/es\\\/author\\\/mguzman\\\/\"}]}<\/script>\n<!-- \/ Yoast SEO plugin. -->","yoast_head_json":{"title":"N\u00edspero: \u00a1Una peque\u00f1a fruta deliciosamente dulce! | Casa de Campo Living","description":"El n\u00edspero es un peque\u00f1o fruto estacional de c\u00e1scara marr\u00f3n con pulpa rojiza y semillas largas y negras. Esta fruta es suave y muy dulce con un sabor","robots":{"index":"index","follow":"follow","max-snippet":"max-snippet:-1","max-image-preview":"max-image-preview:large","max-video-preview":"max-video-preview:-1"},"canonical":"https:\/\/casadecampoliving.com\/es\/nispero-una-pequena-fruta-deliciosamente-dulce\/","og_locale":"es_ES","og_type":"article","og_title":"N\u00edspero: \u00a1Una peque\u00f1a fruta deliciosamente dulce! | Casa de Campo Living","og_description":"El n\u00edspero es un peque\u00f1o fruto estacional de c\u00e1scara marr\u00f3n con pulpa rojiza y semillas largas y negras. Esta fruta es suave y muy dulce con un sabor","og_url":"https:\/\/casadecampoliving.com\/es\/nispero-una-pequena-fruta-deliciosamente-dulce\/","og_site_name":"Casa de Campo Living","article_publisher":"https:\/\/www.facebook.com\/casadecampoliving","article_published_time":"2017-09-12T04:00:00+00:00","article_modified_time":"2022-10-21T23:03:21+00:00","og_image":[{"width":1000,"height":630,"url":"https:\/\/i0.wp.com\/casadecampoliving.com\/wp-content\/uploads\/2022\/10\/IMG_6922.jpg?fit=1000%2C630&ssl=1","type":"image\/jpeg"}],"author":"Marlenys Guzm\u00e1n Casta\u00f1os","twitter_card":"summary_large_image","twitter_creator":"@cdcliving","twitter_site":"@cdcliving","twitter_misc":{"Escrito por":"Marlenys Guzm\u00e1n Casta\u00f1os","Tiempo de lectura":"3 minutos"},"schema":{"@context":"https:\/\/schema.org","@graph":[{"@type":"Article","@id":"https:\/\/casadecampoliving.com\/es\/nispero-una-pequena-fruta-deliciosamente-dulce\/#article","isPartOf":{"@id":"https:\/\/casadecampoliving.com\/es\/nispero-una-pequena-fruta-deliciosamente-dulce\/"},"author":{"name":"Marlenys Guzm\u00e1n Casta\u00f1os","@id":"https:\/\/casadecampoliving.com\/es\/#\/schema\/person\/b6606bd87f9cec8f5903e2141cafda24"},"headline":"N\u00edspero: \u00a1Una peque\u00f1a fruta deliciosamente dulce!","datePublished":"2017-09-12T04:00:00+00:00","dateModified":"2022-10-21T23:03:21+00:00","mainEntityOfPage":{"@id":"https:\/\/casadecampoliving.com\/es\/nispero-una-pequena-fruta-deliciosamente-dulce\/"},"wordCount":694,"publisher":{"@id":"https:\/\/casadecampoliving.com\/es\/#organization"},"image":{"@id":"https:\/\/casadecampoliving.com\/es\/nispero-una-pequena-fruta-deliciosamente-dulce\/#primaryimage"},"thumbnailUrl":"https:\/\/i0.wp.com\/casadecampoliving.com\/wp-content\/uploads\/2022\/10\/IMG_6922.jpg?fit=1000%2C630&ssl=1","keywords":["fruta","N\u00edspero"],"articleSection":["Comidas &amp; Bebidas","Naturaleza y Fauna","Nature","Noticias Locales","Rep\u00fablica Dominicana @es"],"inLanguage":"es"},{"@type":"WebPage","@id":"https:\/\/casadecampoliving.com\/es\/nispero-una-pequena-fruta-deliciosamente-dulce\/","url":"https:\/\/casadecampoliving.com\/es\/nispero-una-pequena-fruta-deliciosamente-dulce\/","name":"N\u00edspero: \u00a1Una peque\u00f1a fruta deliciosamente dulce! | Casa de Campo Living","isPartOf":{"@id":"https:\/\/casadecampoliving.com\/es\/#website"},"primaryImageOfPage":{"@id":"https:\/\/casadecampoliving.com\/es\/nispero-una-pequena-fruta-deliciosamente-dulce\/#primaryimage"},"image":{"@id":"https:\/\/casadecampoliving.com\/es\/nispero-una-pequena-fruta-deliciosamente-dulce\/#primaryimage"},"thumbnailUrl":"https:\/\/i0.wp.com\/casadecampoliving.com\/wp-content\/uploads\/2022\/10\/IMG_6922.jpg?fit=1000%2C630&ssl=1","datePublished":"2017-09-12T04:00:00+00:00","dateModified":"2022-10-21T23:03:21+00:00","description":"El n\u00edspero es un peque\u00f1o fruto estacional de c\u00e1scara marr\u00f3n con pulpa rojiza y semillas largas y negras. Esta fruta es suave y muy dulce con un sabor","breadcrumb":{"@id":"https:\/\/casadecampoliving.com\/es\/nispero-una-pequena-fruta-deliciosamente-dulce\/#breadcrumb"},"inLanguage":"es","potentialAction":[{"@type":"ReadAction","target":["https:\/\/casadecampoliving.com\/es\/nispero-una-pequena-fruta-deliciosamente-dulce\/"]}]},{"@type":"ImageObject","inLanguage":"es","@id":"https:\/\/casadecampoliving.com\/es\/nispero-una-pequena-fruta-deliciosamente-dulce\/#primaryimage","url":"https:\/\/i0.wp.com\/casadecampoliving.com\/wp-content\/uploads\/2022\/10\/IMG_6922.jpg?fit=1000%2C630&ssl=1","contentUrl":"https:\/\/i0.wp.com\/casadecampoliving.com\/wp-content\/uploads\/2022\/10\/IMG_6922.jpg?fit=1000%2C630&ssl=1","width":1000,"height":630},{"@type":"BreadcrumbList","@id":"https:\/\/casadecampoliving.com\/es\/nispero-una-pequena-fruta-deliciosamente-dulce\/#breadcrumb","itemListElement":[{"@type":"ListItem","position":1,"name":"Home","item":"https:\/\/casadecampoliving.com\/es\/"},{"@type":"ListItem","position":2,"name":"N\u00edspero: \u00a1Una peque\u00f1a fruta deliciosamente dulce!"}]},{"@type":"WebSite","@id":"https:\/\/casadecampoliving.com\/es\/#website","url":"https:\/\/casadecampoliving.com\/es\/","name":"Casa de Campo Living","description":"Resort community news and resources.","publisher":{"@id":"https:\/\/casadecampoliving.com\/es\/#organization"},"potentialAction":[{"@type":"SearchAction","target":{"@type":"EntryPoint","urlTemplate":"https:\/\/casadecampoliving.com\/es\/?s={search_term_string}"},"query-input":{"@type":"PropertyValueSpecification","valueRequired":true,"valueName":"search_term_string"}}],"inLanguage":"es"},{"@type":"Organization","@id":"https:\/\/casadecampoliving.com\/es\/#organization","name":"Casa de Campo Living","url":"https:\/\/casadecampoliving.com\/es\/","logo":{"@type":"ImageObject","inLanguage":"es","@id":"https:\/\/casadecampoliving.com\/es\/#\/schema\/logo\/image\/","url":"https:\/\/i0.wp.com\/casadecampoliving.com\/wp-content\/uploads\/2022\/07\/CDCLivingLogo_V1-white-sized.png?fit=800%2C214&ssl=1","contentUrl":"https:\/\/i0.wp.com\/casadecampoliving.com\/wp-content\/uploads\/2022\/07\/CDCLivingLogo_V1-white-sized.png?fit=800%2C214&ssl=1","width":800,"height":214,"caption":"Casa de Campo Living"},"image":{"@id":"https:\/\/casadecampoliving.com\/es\/#\/schema\/logo\/image\/"},"sameAs":["https:\/\/www.facebook.com\/casadecampoliving","https:\/\/x.com\/cdcliving"]},{"@type":"Person","@id":"https:\/\/casadecampoliving.com\/es\/#\/schema\/person\/b6606bd87f9cec8f5903e2141cafda24","name":"Marlenys Guzm\u00e1n Casta\u00f1os","image":{"@type":"ImageObject","inLanguage":"es","@id":"https:\/\/secure.gravatar.com\/avatar\/72f3f86b8e6b3ec744201aeadf11d4a6055e8af194aecd9ad30ffff4437878ee?s=96&d=mm&r=g","url":"https:\/\/secure.gravatar.com\/avatar\/72f3f86b8e6b3ec744201aeadf11d4a6055e8af194aecd9ad30ffff4437878ee?s=96&d=mm&r=g","contentUrl":"https:\/\/secure.gravatar.com\/avatar\/72f3f86b8e6b3ec744201aeadf11d4a6055e8af194aecd9ad30ffff4437878ee?s=96&d=mm&r=g","caption":"Marlenys Guzm\u00e1n Casta\u00f1os"},"url":"https:\/\/casadecampoliving.com\/es\/author\/mguzman\/"}]}},"parsely":{"version":"1.1.0","canonical_url":"https:\/\/casadecampoliving.com\/es\/nispero-una-pequena-fruta-deliciosamente-dulce\/","smart_links":{"inbound":0,"outbound":0},"traffic_boost_suggestions_count":0,"meta":{"@context":"https:\/\/schema.org","@type":"NewsArticle","headline":"N\u00edspero: \u00a1Una peque\u00f1a fruta deliciosamente dulce!","url":"http:\/\/casadecampoliving.com\/es\/nispero-una-pequena-fruta-deliciosamente-dulce\/","mainEntityOfPage":{"@type":"WebPage","@id":"http:\/\/casadecampoliving.com\/es\/nispero-una-pequena-fruta-deliciosamente-dulce\/"},"thumbnailUrl":"https:\/\/i0.wp.com\/casadecampoliving.com\/wp-content\/uploads\/2022\/10\/IMG_6922.jpg?resize=150%2C150&ssl=1","image":{"@type":"ImageObject","url":"https:\/\/i0.wp.com\/casadecampoliving.com\/wp-content\/uploads\/2022\/10\/IMG_6922.jpg?fit=1000%2C630&ssl=1"},"articleSection":"Comidas &amp; Bebidas","author":[{"@type":"Person","name":"Marlenys Guzm\u00e1n Casta\u00f1os"}],"creator":["Marlenys Guzm\u00e1n Casta\u00f1os"],"publisher":{"@type":"Organization","name":"Casa de Campo Living","logo":"https:\/\/casadecampoliving.com\/wp-content\/uploads\/2022\/07\/CDCLivingLogo_V1-white-sized.png"},"keywords":["fruta","n\u00edspero"],"dateCreated":"2017-09-12T04:00:00Z","datePublished":"2017-09-12T04:00:00Z","dateModified":"2022-10-21T23:03:21Z"},"rendered":"<script type=\"application\/ld+json\" class=\"wp-parsely-metadata\">{\"@context\":\"https:\\\/\\\/schema.org\",\"@type\":\"NewsArticle\",\"headline\":\"N\\u00edspero: \\u00a1Una peque\\u00f1a fruta deliciosamente dulce!\",\"url\":\"http:\\\/\\\/casadecampoliving.com\\\/es\\\/nispero-una-pequena-fruta-deliciosamente-dulce\\\/\",\"mainEntityOfPage\":{\"@type\":\"WebPage\",\"@id\":\"http:\\\/\\\/casadecampoliving.com\\\/es\\\/nispero-una-pequena-fruta-deliciosamente-dulce\\\/\"},\"thumbnailUrl\":\"https:\\\/\\\/i0.wp.com\\\/casadecampoliving.com\\\/wp-content\\\/uploads\\\/2022\\\/10\\\/IMG_6922.jpg?resize=150%2C150&ssl=1\",\"image\":{\"@type\":\"ImageObject\",\"url\":\"https:\\\/\\\/i0.wp.com\\\/casadecampoliving.com\\\/wp-content\\\/uploads\\\/2022\\\/10\\\/IMG_6922.jpg?fit=1000%2C630&ssl=1\"},\"articleSection\":\"Comidas &amp; Bebidas\",\"author\":[{\"@type\":\"Person\",\"name\":\"Marlenys Guzm\\u00e1n Casta\\u00f1os\"}],\"creator\":[\"Marlenys Guzm\\u00e1n Casta\\u00f1os\"],\"publisher\":{\"@type\":\"Organization\",\"name\":\"Casa de Campo Living\",\"logo\":\"https:\\\/\\\/casadecampoliving.com\\\/wp-content\\\/uploads\\\/2022\\\/07\\\/CDCLivingLogo_V1-white-sized.png\"},\"keywords\":[\"fruta\",\"n\\u00edspero\"],\"dateCreated\":\"2017-09-12T04:00:00Z\",\"datePublished\":\"2017-09-12T04:00:00Z\",\"dateModified\":\"2022-10-21T23:03:21Z\"}<\/script>","tracker_url":"https:\/\/cdn.parsely.com\/keys\/casadecampoliving.com\/p.js"},"jetpack_publicize_connections":[],"jetpack_featured_media_url":"https:\/\/i0.wp.com\/casadecampoliving.com\/wp-content\/uploads\/2022\/10\/IMG_6922.jpg?fit=1000%2C630&ssl=1","jetpack-related-posts":[{"id":341111,"url":"https:\/\/casadecampoliving.com\/es\/flores-y-frutas-de-esta-temporada-primaveral-en-republica-dominicana\/","url_meta":{"origin":351967,"position":0},"title":"Flores y frutas de esta temporada primaveral en Rep\u00fablica Dominicana","author":"Mairobi Herrera","date":"26 Abr, 2013","format":false,"excerpt":"La primavera es una realidad y junto a ella aparece una gran \u00a0variedad de hermosas flores y deliciosos frutos para deleitar la vista, el gusto, el olfato y el tacto de todos aquellos que viven o se pasean por la Rep\u00fablica Dominicana. Esta es la temporada de flores conocidas como\u2026","rel":"","context":"En \u00abDestacados\u00bb","block_context":{"text":"Destacados","link":"https:\/\/casadecampoliving.com\/es\/category\/destacados\/"},"img":{"alt_text":"frutas y flores","src":"https:\/\/i0.wp.com\/casadecampoliving.com\/wp-content\/uploads\/2022\/10\/frutas-flores-1.jpg?fit=650%2C400&ssl=1&resize=350%2C200","width":350,"height":200,"srcset":"https:\/\/i0.wp.com\/casadecampoliving.com\/wp-content\/uploads\/2022\/10\/frutas-flores-1.jpg?fit=650%2C400&ssl=1&resize=350%2C200 1x, https:\/\/i0.wp.com\/casadecampoliving.com\/wp-content\/uploads\/2022\/10\/frutas-flores-1.jpg?fit=650%2C400&ssl=1&resize=525%2C300 1.5x"},"classes":[]},{"id":345021,"url":"https:\/\/casadecampoliving.com\/es\/bienvenidos-agosto\/","url_meta":{"origin":351967,"position":1},"title":"Bienvenidos a Agosto","author":"Perkin Agramonte","date":"1 Ago, 2014","format":false,"excerpt":"\u00a1Bienvenido Agosto! El mes donde Casa de Campo brilla con Flamboyanes\u2026Y el mes que marca el inicio de la etapa m\u00e1s activa de la temporada de huracanes. A continuaci\u00f3n, les traemos un resumen completo de todo lo que puede esperar en este mes, en cuanto a clima, frutas, flores, d\u00edas\u2026","rel":"","context":"En \u00abCasa de Campo Living @es\u00bb","block_context":{"text":"Casa de Campo Living @es","link":"https:\/\/casadecampoliving.com\/category\/casa-de-campo-living-es\/"},"img":{"alt_text":"Rainbow Minitas Beach Casa de Campo","src":"https:\/\/i0.wp.com\/casadecampoliving.com\/wp-content\/uploads\/2022\/10\/rainbow_minitas_beach_casa_de_campo-e1402689465281.jpg?fit=646%2C377&ssl=1&resize=350%2C200","width":350,"height":200,"srcset":"https:\/\/i0.wp.com\/casadecampoliving.com\/wp-content\/uploads\/2022\/10\/rainbow_minitas_beach_casa_de_campo-e1402689465281.jpg?fit=646%2C377&ssl=1&resize=350%2C200 1x, https:\/\/i0.wp.com\/casadecampoliving.com\/wp-content\/uploads\/2022\/10\/rainbow_minitas_beach_casa_de_campo-e1402689465281.jpg?fit=646%2C377&ssl=1&resize=525%2C300 1.5x"},"classes":[]},{"id":344700,"url":"https:\/\/casadecampoliving.com\/es\/bienvenidos-julio\/","url_meta":{"origin":351967,"position":2},"title":"Bienvenidos a Julio","author":"Perkin Agramonte","date":"1 Jul, 2014","format":false,"excerpt":"Con la llegada de julio nos damos cuenta que ya ha pasado un mes de la Temporada de Huracanes 2014 y que solo le quedan 5 meses. Adem\u00e1s, este mes trae consigo temperaturas elevadas, ya que el pasado mes (21 de junio) dimos la bienvenida a los calurosos meses de\u2026","rel":"","context":"En \u00abCasa de Campo Living @es\u00bb","block_context":{"text":"Casa de Campo Living @es","link":"https:\/\/casadecampoliving.com\/category\/casa-de-campo-living-es\/"},"img":{"alt_text":"flamboyant","src":"https:\/\/i0.wp.com\/casadecampoliving.com\/wp-content\/uploads\/2022\/10\/flamboyant-1.jpg?fit=650%2C510&ssl=1&resize=350%2C200","width":350,"height":200,"srcset":"https:\/\/i0.wp.com\/casadecampoliving.com\/wp-content\/uploads\/2022\/10\/flamboyant-1.jpg?fit=650%2C510&ssl=1&resize=350%2C200 1x, https:\/\/i0.wp.com\/casadecampoliving.com\/wp-content\/uploads\/2022\/10\/flamboyant-1.jpg?fit=650%2C510&ssl=1&resize=525%2C300 1.5x"},"classes":[]},{"id":345227,"url":"https:\/\/casadecampoliving.com\/es\/bienvenidos-septiembre\/","url_meta":{"origin":351967,"position":3},"title":"\u00a1Bienvenidos a septiembre!","author":"Daniela Medina","date":"1 Sep, 2014","format":false,"excerpt":"\u00a1Bienvenido septiembre! Este es el mes donde se empieza a sentir un poco m\u00e1s fresco, pero tambi\u00e9n es un mes donde los viajeros de Casa de Campo empiezan a regresar \u00bfY qu\u00e9 significa esto? Diversi\u00f3n. \u00a1Eso es lo que eso significa! \u00a1En Casa de Campo ciertamente se da el caso\u2026","rel":"","context":"En \u00abCasa de Campo Living @es\u00bb","block_context":{"text":"Casa de Campo Living @es","link":"https:\/\/casadecampoliving.com\/category\/casa-de-campo-living-es\/"},"img":{"alt_text":"","src":"https:\/\/i0.wp.com\/casadecampoliving.com\/wp-content\/uploads\/2022\/10\/Sunset-1.jpg?fit=580%2C435&ssl=1&resize=350%2C200","width":350,"height":200,"srcset":"https:\/\/i0.wp.com\/casadecampoliving.com\/wp-content\/uploads\/2022\/10\/Sunset-1.jpg?fit=580%2C435&ssl=1&resize=350%2C200 1x, https:\/\/i0.wp.com\/casadecampoliving.com\/wp-content\/uploads\/2022\/10\/Sunset-1.jpg?fit=580%2C435&ssl=1&resize=525%2C300 1.5x"},"classes":[]},{"id":322228,"url":"https:\/\/casadecampoliving.com\/springtime-flowers-and-fruits-of-the-dominican-republic\/","url_meta":{"origin":351967,"position":4},"title":"Springtime flowers and fruits of the Dominican Republic!","author":"Mairobi Herrera","date":"26 Abr, 2013","format":false,"excerpt":"The beautiful springtime is upon us bringing with it a variety of beautiful flowers and delicious fruits to delight the sight, taste, smell and feel of all those who live or visit the Dominican Republic. Spring is when the flowers known as Coralillo, Isabel Segunda, Trinitaria, Duranta, Saman and the\u2026","rel":"","context":"En \u00abDominican Republic\u00bb","block_context":{"text":"Dominican Republic","link":"https:\/\/casadecampoliving.com\/category\/dominican-republic\/"},"img":{"alt_text":"frutas y flores","src":"https:\/\/i0.wp.com\/casadecampoliving.com\/wp-content\/uploads\/2022\/10\/frutas-flores-1.jpg?fit=650%2C400&ssl=1&resize=350%2C200","width":350,"height":200,"srcset":"https:\/\/i0.wp.com\/casadecampoliving.com\/wp-content\/uploads\/2022\/10\/frutas-flores-1.jpg?fit=650%2C400&ssl=1&resize=350%2C200 1x, https:\/\/i0.wp.com\/casadecampoliving.com\/wp-content\/uploads\/2022\/10\/frutas-flores-1.jpg?fit=650%2C400&ssl=1&resize=525%2C300 1.5x"},"classes":[]},{"id":352063,"url":"https:\/\/casadecampoliving.com\/es\/azucar-escurridiza-este-atento-estos-nombres-en-su-comida\/","url_meta":{"origin":351967,"position":5},"title":"Azucar Escurridiza: Est\u00e9 atento a estos nombres en su comida","author":"Martina Avanzini","date":"9 Oct, 2017","format":false,"excerpt":"\u00a1El az\u00facar, el az\u00facar est\u00e1 en todas partes! En paquetes que dicen ser naturales y saludables, a menudo hay 3 a 4 tipos diferentes de az\u00facar. En las frutas deshidratadas, las empresas a\u00f1aden az\u00facar adicional, las vitaminas por lo regular est\u00e1n llenas de ella tambi\u00e9n, incluso en nuestro ketchup. Damas\u2026","rel":"","context":"En \u00abComidas &amp; Bebidas\u00bb","block_context":{"text":"Comidas &amp; Bebidas","link":"https:\/\/casadecampoliving.com\/es\/category\/comidas-bebidas\/"},"img":{"alt_text":"Sugar","src":"https:\/\/i0.wp.com\/casadecampoliving.com\/wp-content\/uploads\/2022\/10\/sugar-e1507552318293.jpg?fit=900%2C600&ssl=1&resize=350%2C200","width":350,"height":200,"srcset":"https:\/\/i0.wp.com\/casadecampoliving.com\/wp-content\/uploads\/2022\/10\/sugar-e1507552318293.jpg?fit=900%2C600&ssl=1&resize=350%2C200 1x, https:\/\/i0.wp.com\/casadecampoliving.com\/wp-content\/uploads\/2022\/10\/sugar-e1507552318293.jpg?fit=900%2C600&ssl=1&resize=525%2C300 1.5x, https:\/\/i0.wp.com\/casadecampoliving.com\/wp-content\/uploads\/2022\/10\/sugar-e1507552318293.jpg?fit=900%2C600&ssl=1&resize=700%2C400 2x"},"classes":[]}],"jetpack_sharing_enabled":true,"_links":{"self":[{"href":"https:\/\/casadecampoliving.com\/es\/wp-json\/wp\/v2\/posts\/351967","targetHints":{"allow":["GET"]}}],"collection":[{"href":"https:\/\/casadecampoliving.com\/es\/wp-json\/wp\/v2\/posts"}],"about":[{"href":"https:\/\/casadecampoliving.com\/es\/wp-json\/wp\/v2\/types\/post"}],"author":[{"embeddable":true,"href":"https:\/\/casadecampoliving.com\/es\/wp-json\/wp\/v2\/users\/36682"}],"replies":[{"embeddable":true,"href":"https:\/\/casadecampoliving.com\/es\/wp-json\/wp\/v2\/comments?post=351967"}],"version-history":[{"count":1,"href":"https:\/\/casadecampoliving.com\/es\/wp-json\/wp\/v2\/posts\/351967\/revisions"}],"predecessor-version":[{"id":351968,"href":"https:\/\/casadecampoliving.com\/es\/wp-json\/wp\/v2\/posts\/351967\/revisions\/351968"}],"wp:featuredmedia":[{"embeddable":true,"href":"https:\/\/casadecampoliving.com\/es\/wp-json\/wp\/v2\/media\/309880"}],"wp:attachment":[{"href":"https:\/\/casadecampoliving.com\/es\/wp-json\/wp\/v2\/media?parent=351967"}],"wp:term":[{"taxonomy":"category","embeddable":true,"href":"https:\/\/casadecampoliving.com\/es\/wp-json\/wp\/v2\/categories?post=351967"},{"taxonomy":"post_tag","embeddable":true,"href":"https:\/\/casadecampoliving.com\/es\/wp-json\/wp\/v2\/tags?post=351967"},{"taxonomy":"newspack_spnsrs_tax","embeddable":true,"href":"https:\/\/casadecampoliving.com\/es\/wp-json\/wp\/v2\/newspack_spnsrs_tax?post=351967"}],"curies":[{"name":"wp","href":"https:\/\/api.w.org\/{rel}","templated":true}]}}