{"id":351955,"date":"2017-09-08T00:00:00","date_gmt":"2017-09-08T04:00:00","guid":{"rendered":"https:\/\/casadecampoliving.com\/marque-la-fecha-para-el-fin-de-semana-de-duenos-de-este-ano\/"},"modified":"2022-10-21T19:02:44","modified_gmt":"2022-10-21T23:02:44","slug":"marque-la-fecha-para-el-fin-de-semana-de-duenos-de-este-ano","status":"publish","type":"post","link":"https:\/\/casadecampoliving.com\/es\/marque-la-fecha-para-el-fin-de-semana-de-duenos-de-este-ano\/","title":{"rendered":"\u00a1Marque la fecha para el fin de semana de Due\u00f1os de este a\u00f1o!"},"content":{"rendered":"\n<p>\u00a1Estamos emocionados de traerle una excelente noticia despu\u00e9s de todas las preocupaciones del hurac\u00e1n! Las fechas de uno de los eventos anuales favoritos de Casa han sido anunciadas. La celebraci\u00f3n anual de Due\u00f1os en Casa de Campo est\u00e1 a dos meses de distancia. El viernes 17 \u2013 s\u00e1bado 18 de noviembre se estar\u00e1 realizando este evento que viene con muchisimas actividades divertidas, \u00a1adem\u00e1s de algunas cosas nuevas que estamos seguros de que no querr\u00e1 perderse!<br>\n<\/p>\n\n\n\n<!--more-->\n\n\n<div class=\"wp-block-image\">\n<figure class=\"aligncenter is-resized\"><img loading=\"lazy\" decoding=\"async\" src=\"https:\/\/i0.wp.com\/casadecampoliving.com\/wp-content\/uploads\/2022\/10\/DSC_1446.jpg?resize=1000%2C664&amp;ssl=1\" alt=\"\" class=\"wp-image-146754\" height=\"664\" width=\"1000\"\/><\/figure>\n<\/div>\n\n\n<p>Organizado por Costasur y Casa de Campo, la celebraci\u00f3n de <em>Due\u00f1os<\/em> marca uno de las mayores fiestas del a\u00f1o y agradece a los due\u00f1os de villas por su leal apoyo a Casa de Campo. Los eventos del fin de semana incluyen una variedad de actividades deportivas como golf,<em> Night Golf<\/em>, lecciones de golf, un Casathon, montar a caballo, tiro, tenis, polo, tardes en el Spa, Camp Frost, y La Vecindad; por no mencionar el hecho de que tambi\u00e9n nos han dicho que \u00a1<a href=\"https:\/\/casadecampoliving.com\/es\/nueva-cancha-multiusos-vista-lagos\/\" target=\"_blank\" rel=\"noopener\">Costasur est\u00e1 planeando inaugurar su Vista Lagos Parkland el fin de semana Due\u00f1os <\/a>!!!<\/p>\n\n\n<div class=\"wp-block-image\">\n<figure class=\"aligncenter is-resized\"><img loading=\"lazy\" decoding=\"async\" src=\"https:\/\/i0.wp.com\/casadecampoliving.com\/wp-content\/uploads\/2022\/10\/DSC_0362.jpg?resize=1000%2C665&amp;ssl=1\" alt=\"\" class=\"wp-image-146752\" height=\"665\" width=\"1000\"\/><\/figure>\n<\/div>\n\n\n<p>Coma ya es tradici\u00f3n, las celebraciones comienzan con la <a href=\"https:\/\/casadecampoliving.com\/es\/recepcion-de-bienvenida-de-duenos-2016\/\" target=\"_blank\" rel=\"noopener\">Entrega de los Regalos <\/a>el viernes, donde los propietarios de villas reciben bolsas de regalos y son disfrutan de entretenimiento, comida y bebidas proporcionados por el hotel Casa de Campo. El fin de semana termina en una fiesta bailable espectacular que sin duda es una de las mejores de Casa de Campo cada a\u00f1o \u2013 \u00a1con Due\u00f1os viajando de todo el mundo para participar! El a\u00f1o pasado, <a href=\"https:\/\/casadecampoliving.com\/es\/el-torito-en-la-fiesta-de-playa-de-duenos-2016\/\" target=\"_blank\" rel=\"noopener\">la ceremonia de clausura tuvo lugar en Minitas con nada menos que El Torito como entretenimiento musical!<\/a><\/p>\n\n\n<div class=\"wp-block-image\">\n<figure class=\"aligncenter is-resized\"><img loading=\"lazy\" decoding=\"async\" src=\"https:\/\/i0.wp.com\/casadecampoliving.com\/wp-content\/uploads\/2022\/10\/DSC_7185.jpg?resize=1000%2C662&amp;ssl=1\" alt=\"\" class=\"wp-image-127949\" height=\"662\" width=\"1000\"\/><\/figure>\n<\/div>\n\n\n<p>\u00a1Recuerde MARCAR LA FECHA! Para participar en todas las actividades debe ser propietario de villa en Casa de Campo. Para actividades deportivas, deber\u00e1 registrarse con antelaci\u00f3n. \u00a1Mant\u00e9ngase atento mientras le traemos m\u00e1s detalles sobre el horario de las distintas actividades del fin de semana de noviembre!<\/p>\n\n\n\n<blockquote><p><strong>Fin de semana Due\u00f1os 2017<\/strong><\/p><figure><img decoding=\"async\" loading=\"lazy\" class=\"aligncenter wp-image-146847\" src=\"https:\/\/i0.wp.com\/casadecampoliving.com\/wp-content\/uploads\/2022\/10\/Duenos-2017-STD_Artboard-1.jpg?resize=800%2C536&amp;ssl=1\" alt=\"\" width=\"800\" height=\"536\"><\/figure><p><strong>Cu\u00e1ndo:<\/strong> Viernes, 17 de noviembre \u2013 S\u00e1bado, 18 de noviembre<\/p><p><strong>D\u00f3nde:<\/strong> Casa de Campo, La Romana<\/p><\/blockquote>\n","protected":false},"excerpt":{"rendered":"<p>\u00a1Estamos emocionados de traerle una excelente noticia despu\u00e9s de todas las preocupaciones del hurac\u00e1n! Las fechas de uno de los eventos anuales favoritos de Casa han sido anunciadas. La celebraci\u00f3n anual de Due\u00f1os en Casa de Campo est\u00e1 a dos meses de distancia. El viernes 17 \u2013 s\u00e1bado 18 de noviembre se estar\u00e1 realizando este [&hellip;]<\/p>\n","protected":false},"author":36682,"featured_media":309801,"comment_status":"closed","ping_status":"closed","sticky":false,"template":"","format":"standard","meta":{"newspack_ads_suppress_ads":false,"newspack_popups_has_disabled_popups":false,"newspack_sponsor_sponsorship_scope":"","newspack_sponsor_native_byline_display":"inherit","newspack_sponsor_native_category_display":"inherit","newspack_sponsor_underwriter_style":"inherit","newspack_sponsor_underwriter_placement":"inherit","_newspack_byline_active":false,"_newspack_byline":"","newspack_hide_updated_date":false,"newspack_show_updated_date":false,"newspack_content_restriction_is_exempt":false,"newspack_featured_image_position":"","newspack_post_subtitle":"","newspack_article_summary_title":"Overview:","newspack_article_summary":"","_jetpack_memberships_contains_paid_content":false,"footnotes":"","jetpack_publicize_message":"","jetpack_publicize_feature_enabled":true,"jetpack_social_post_already_shared":false,"jetpack_social_options":{"image_generator_settings":{"template":"highway","default_image_id":0,"font":"","enabled":false},"version":2},"_wpas_customize_per_network":false},"categories":[14629,2519,14631,2522,14625,14627,2521,26822],"tags":[3626,7528,3890,4486,2740,14736,2652,15091],"newspack_spnsrs_tax":[],"class_list":["post-351955","post","type-post","status-publish","format-standard","has-post-thumbnail","hentry","category-comidas-bebidas","category-costasur-dominicana-es","category-estilo-de-vida","category-eventos-es","category-noticias-locales","category-proximamente","category-republica-dominicana-2","category-resort-casa-de-campo","tag-casa-de-campo-es","tag-celebracion","tag-deportes","tag-duenos-es","tag-eventos","tag-featured-topview-es","tag-fiesta","tag-proximamente","entry"],"yoast_head":"<!-- This site is optimized with the Yoast SEO plugin v27.4 - https:\/\/yoast.com\/product\/yoast-seo-wordpress\/ -->\n<title>\u00a1Marque la fecha para el fin de semana de Due\u00f1os de este a\u00f1o! | Casa de Campo Living<\/title>\n<meta name=\"description\" content=\"\u00a1Estamos emocionados de traerle una excelente noticia despu\u00e9s de todas las preocupaciones del hurac\u00e1n! Las fechas de uno de los eventos anuales favoritos\" \/>\n<meta name=\"robots\" content=\"index, follow, max-snippet:-1, max-image-preview:large, max-video-preview:-1\" \/>\n<link rel=\"canonical\" href=\"https:\/\/casadecampoliving.com\/es\/marque-la-fecha-para-el-fin-de-semana-de-duenos-de-este-ano\/\" \/>\n<meta property=\"og:locale\" content=\"es_ES\" \/>\n<meta property=\"og:type\" content=\"article\" \/>\n<meta property=\"og:title\" content=\"\u00a1Marque la fecha para el fin de semana de Due\u00f1os de este a\u00f1o! | Casa de Campo Living\" \/>\n<meta property=\"og:description\" content=\"\u00a1Estamos emocionados de traerle una excelente noticia despu\u00e9s de todas las preocupaciones del hurac\u00e1n! Las fechas de uno de los eventos anuales favoritos\" \/>\n<meta property=\"og:url\" content=\"https:\/\/casadecampoliving.com\/es\/marque-la-fecha-para-el-fin-de-semana-de-duenos-de-este-ano\/\" \/>\n<meta property=\"og:site_name\" content=\"Casa de Campo Living\" \/>\n<meta property=\"article:publisher\" content=\"https:\/\/www.facebook.com\/casadecampoliving\" \/>\n<meta property=\"article:published_time\" content=\"2017-09-08T04:00:00+00:00\" \/>\n<meta property=\"article:modified_time\" content=\"2022-10-21T23:02:44+00:00\" \/>\n<meta property=\"og:image\" content=\"https:\/\/i0.wp.com\/casadecampoliving.com\/wp-content\/uploads\/2022\/10\/DSC_1333-1.jpg?fit=1000%2C665&ssl=1\" \/>\n\t<meta property=\"og:image:width\" content=\"1000\" \/>\n\t<meta property=\"og:image:height\" content=\"665\" \/>\n\t<meta property=\"og:image:type\" content=\"image\/jpeg\" \/>\n<meta name=\"author\" content=\"Marlenys Guzm\u00e1n Casta\u00f1os\" \/>\n<meta name=\"twitter:card\" content=\"summary_large_image\" \/>\n<meta name=\"twitter:creator\" content=\"@cdcliving\" \/>\n<meta name=\"twitter:site\" content=\"@cdcliving\" \/>\n<meta name=\"twitter:label1\" content=\"Escrito por\" \/>\n\t<meta name=\"twitter:data1\" content=\"Marlenys Guzm\u00e1n Casta\u00f1os\" \/>\n\t<meta name=\"twitter:label2\" content=\"Tiempo de lectura\" \/>\n\t<meta name=\"twitter:data2\" content=\"2 minutos\" \/>\n<script type=\"application\/ld+json\" class=\"yoast-schema-graph\">{\"@context\":\"https:\\\/\\\/schema.org\",\"@graph\":[{\"@type\":\"Article\",\"@id\":\"https:\\\/\\\/casadecampoliving.com\\\/es\\\/marque-la-fecha-para-el-fin-de-semana-de-duenos-de-este-ano\\\/#article\",\"isPartOf\":{\"@id\":\"https:\\\/\\\/casadecampoliving.com\\\/es\\\/marque-la-fecha-para-el-fin-de-semana-de-duenos-de-este-ano\\\/\"},\"author\":{\"name\":\"Marlenys Guzm\u00e1n Casta\u00f1os\",\"@id\":\"https:\\\/\\\/casadecampoliving.com\\\/es\\\/#\\\/schema\\\/person\\\/b6606bd87f9cec8f5903e2141cafda24\"},\"headline\":\"\u00a1Marque la fecha para el fin de semana de Due\u00f1os de este a\u00f1o!\",\"datePublished\":\"2017-09-08T04:00:00+00:00\",\"dateModified\":\"2022-10-21T23:02:44+00:00\",\"mainEntityOfPage\":{\"@id\":\"https:\\\/\\\/casadecampoliving.com\\\/es\\\/marque-la-fecha-para-el-fin-de-semana-de-duenos-de-este-ano\\\/\"},\"wordCount\":360,\"publisher\":{\"@id\":\"https:\\\/\\\/casadecampoliving.com\\\/es\\\/#organization\"},\"image\":{\"@id\":\"https:\\\/\\\/casadecampoliving.com\\\/es\\\/marque-la-fecha-para-el-fin-de-semana-de-duenos-de-este-ano\\\/#primaryimage\"},\"thumbnailUrl\":\"https:\\\/\\\/i0.wp.com\\\/casadecampoliving.com\\\/wp-content\\\/uploads\\\/2022\\\/10\\\/DSC_1333-1.jpg?fit=1000%2C665&ssl=1\",\"keywords\":[\"casa de campo @es\",\"celebracion\",\"deportes\",\"duenos @es\",\"eventos\",\"Featured-TopView @es\",\"fiesta\",\"Proximamente\"],\"articleSection\":[\"Comidas &amp; Bebidas\",\"Costasur Dominicana @es\",\"Estilo de Vida\",\"Eventos\",\"Noticias Locales\",\"Proximamente\",\"Rep\u00fablica Dominicana @es\",\"Resort Casa de Campo\"],\"inLanguage\":\"es\"},{\"@type\":\"WebPage\",\"@id\":\"https:\\\/\\\/casadecampoliving.com\\\/es\\\/marque-la-fecha-para-el-fin-de-semana-de-duenos-de-este-ano\\\/\",\"url\":\"https:\\\/\\\/casadecampoliving.com\\\/es\\\/marque-la-fecha-para-el-fin-de-semana-de-duenos-de-este-ano\\\/\",\"name\":\"\u00a1Marque la fecha para el fin de semana de Due\u00f1os de este a\u00f1o! | Casa de Campo Living\",\"isPartOf\":{\"@id\":\"https:\\\/\\\/casadecampoliving.com\\\/es\\\/#website\"},\"primaryImageOfPage\":{\"@id\":\"https:\\\/\\\/casadecampoliving.com\\\/es\\\/marque-la-fecha-para-el-fin-de-semana-de-duenos-de-este-ano\\\/#primaryimage\"},\"image\":{\"@id\":\"https:\\\/\\\/casadecampoliving.com\\\/es\\\/marque-la-fecha-para-el-fin-de-semana-de-duenos-de-este-ano\\\/#primaryimage\"},\"thumbnailUrl\":\"https:\\\/\\\/i0.wp.com\\\/casadecampoliving.com\\\/wp-content\\\/uploads\\\/2022\\\/10\\\/DSC_1333-1.jpg?fit=1000%2C665&ssl=1\",\"datePublished\":\"2017-09-08T04:00:00+00:00\",\"dateModified\":\"2022-10-21T23:02:44+00:00\",\"description\":\"\u00a1Estamos emocionados de traerle una excelente noticia despu\u00e9s de todas las preocupaciones del hurac\u00e1n! Las fechas de uno de los eventos anuales favoritos\",\"breadcrumb\":{\"@id\":\"https:\\\/\\\/casadecampoliving.com\\\/es\\\/marque-la-fecha-para-el-fin-de-semana-de-duenos-de-este-ano\\\/#breadcrumb\"},\"inLanguage\":\"es\",\"potentialAction\":[{\"@type\":\"ReadAction\",\"target\":[\"https:\\\/\\\/casadecampoliving.com\\\/es\\\/marque-la-fecha-para-el-fin-de-semana-de-duenos-de-este-ano\\\/\"]}]},{\"@type\":\"ImageObject\",\"inLanguage\":\"es\",\"@id\":\"https:\\\/\\\/casadecampoliving.com\\\/es\\\/marque-la-fecha-para-el-fin-de-semana-de-duenos-de-este-ano\\\/#primaryimage\",\"url\":\"https:\\\/\\\/i0.wp.com\\\/casadecampoliving.com\\\/wp-content\\\/uploads\\\/2022\\\/10\\\/DSC_1333-1.jpg?fit=1000%2C665&ssl=1\",\"contentUrl\":\"https:\\\/\\\/i0.wp.com\\\/casadecampoliving.com\\\/wp-content\\\/uploads\\\/2022\\\/10\\\/DSC_1333-1.jpg?fit=1000%2C665&ssl=1\",\"width\":1000,\"height\":665},{\"@type\":\"BreadcrumbList\",\"@id\":\"https:\\\/\\\/casadecampoliving.com\\\/es\\\/marque-la-fecha-para-el-fin-de-semana-de-duenos-de-este-ano\\\/#breadcrumb\",\"itemListElement\":[{\"@type\":\"ListItem\",\"position\":1,\"name\":\"Home\",\"item\":\"https:\\\/\\\/casadecampoliving.com\\\/es\\\/\"},{\"@type\":\"ListItem\",\"position\":2,\"name\":\"\u00a1Marque la fecha para el fin de semana de Due\u00f1os de este a\u00f1o!\"}]},{\"@type\":\"WebSite\",\"@id\":\"https:\\\/\\\/casadecampoliving.com\\\/es\\\/#website\",\"url\":\"https:\\\/\\\/casadecampoliving.com\\\/es\\\/\",\"name\":\"Casa de Campo Living\",\"description\":\"Resort community news and resources.\",\"publisher\":{\"@id\":\"https:\\\/\\\/casadecampoliving.com\\\/es\\\/#organization\"},\"potentialAction\":[{\"@type\":\"SearchAction\",\"target\":{\"@type\":\"EntryPoint\",\"urlTemplate\":\"https:\\\/\\\/casadecampoliving.com\\\/es\\\/?s={search_term_string}\"},\"query-input\":{\"@type\":\"PropertyValueSpecification\",\"valueRequired\":true,\"valueName\":\"search_term_string\"}}],\"inLanguage\":\"es\"},{\"@type\":\"Organization\",\"@id\":\"https:\\\/\\\/casadecampoliving.com\\\/es\\\/#organization\",\"name\":\"Casa de Campo Living\",\"url\":\"https:\\\/\\\/casadecampoliving.com\\\/es\\\/\",\"logo\":{\"@type\":\"ImageObject\",\"inLanguage\":\"es\",\"@id\":\"https:\\\/\\\/casadecampoliving.com\\\/es\\\/#\\\/schema\\\/logo\\\/image\\\/\",\"url\":\"https:\\\/\\\/i0.wp.com\\\/casadecampoliving.com\\\/wp-content\\\/uploads\\\/2022\\\/07\\\/CDCLivingLogo_V1-white-sized.png?fit=800%2C214&ssl=1\",\"contentUrl\":\"https:\\\/\\\/i0.wp.com\\\/casadecampoliving.com\\\/wp-content\\\/uploads\\\/2022\\\/07\\\/CDCLivingLogo_V1-white-sized.png?fit=800%2C214&ssl=1\",\"width\":800,\"height\":214,\"caption\":\"Casa de Campo Living\"},\"image\":{\"@id\":\"https:\\\/\\\/casadecampoliving.com\\\/es\\\/#\\\/schema\\\/logo\\\/image\\\/\"},\"sameAs\":[\"https:\\\/\\\/www.facebook.com\\\/casadecampoliving\",\"https:\\\/\\\/x.com\\\/cdcliving\"]},{\"@type\":\"Person\",\"@id\":\"https:\\\/\\\/casadecampoliving.com\\\/es\\\/#\\\/schema\\\/person\\\/b6606bd87f9cec8f5903e2141cafda24\",\"name\":\"Marlenys Guzm\u00e1n Casta\u00f1os\",\"image\":{\"@type\":\"ImageObject\",\"inLanguage\":\"es\",\"@id\":\"https:\\\/\\\/secure.gravatar.com\\\/avatar\\\/72f3f86b8e6b3ec744201aeadf11d4a6055e8af194aecd9ad30ffff4437878ee?s=96&d=mm&r=g\",\"url\":\"https:\\\/\\\/secure.gravatar.com\\\/avatar\\\/72f3f86b8e6b3ec744201aeadf11d4a6055e8af194aecd9ad30ffff4437878ee?s=96&d=mm&r=g\",\"contentUrl\":\"https:\\\/\\\/secure.gravatar.com\\\/avatar\\\/72f3f86b8e6b3ec744201aeadf11d4a6055e8af194aecd9ad30ffff4437878ee?s=96&d=mm&r=g\",\"caption\":\"Marlenys Guzm\u00e1n Casta\u00f1os\"},\"url\":\"https:\\\/\\\/casadecampoliving.com\\\/es\\\/author\\\/mguzman\\\/\"}]}<\/script>\n<!-- \/ Yoast SEO plugin. -->","yoast_head_json":{"title":"\u00a1Marque la fecha para el fin de semana de Due\u00f1os de este a\u00f1o! | Casa de Campo Living","description":"\u00a1Estamos emocionados de traerle una excelente noticia despu\u00e9s de todas las preocupaciones del hurac\u00e1n! Las fechas de uno de los eventos anuales favoritos","robots":{"index":"index","follow":"follow","max-snippet":"max-snippet:-1","max-image-preview":"max-image-preview:large","max-video-preview":"max-video-preview:-1"},"canonical":"https:\/\/casadecampoliving.com\/es\/marque-la-fecha-para-el-fin-de-semana-de-duenos-de-este-ano\/","og_locale":"es_ES","og_type":"article","og_title":"\u00a1Marque la fecha para el fin de semana de Due\u00f1os de este a\u00f1o! | Casa de Campo Living","og_description":"\u00a1Estamos emocionados de traerle una excelente noticia despu\u00e9s de todas las preocupaciones del hurac\u00e1n! Las fechas de uno de los eventos anuales favoritos","og_url":"https:\/\/casadecampoliving.com\/es\/marque-la-fecha-para-el-fin-de-semana-de-duenos-de-este-ano\/","og_site_name":"Casa de Campo Living","article_publisher":"https:\/\/www.facebook.com\/casadecampoliving","article_published_time":"2017-09-08T04:00:00+00:00","article_modified_time":"2022-10-21T23:02:44+00:00","og_image":[{"width":1000,"height":665,"url":"https:\/\/i0.wp.com\/casadecampoliving.com\/wp-content\/uploads\/2022\/10\/DSC_1333-1.jpg?fit=1000%2C665&ssl=1","type":"image\/jpeg"}],"author":"Marlenys Guzm\u00e1n Casta\u00f1os","twitter_card":"summary_large_image","twitter_creator":"@cdcliving","twitter_site":"@cdcliving","twitter_misc":{"Escrito por":"Marlenys Guzm\u00e1n Casta\u00f1os","Tiempo de lectura":"2 minutos"},"schema":{"@context":"https:\/\/schema.org","@graph":[{"@type":"Article","@id":"https:\/\/casadecampoliving.com\/es\/marque-la-fecha-para-el-fin-de-semana-de-duenos-de-este-ano\/#article","isPartOf":{"@id":"https:\/\/casadecampoliving.com\/es\/marque-la-fecha-para-el-fin-de-semana-de-duenos-de-este-ano\/"},"author":{"name":"Marlenys Guzm\u00e1n Casta\u00f1os","@id":"https:\/\/casadecampoliving.com\/es\/#\/schema\/person\/b6606bd87f9cec8f5903e2141cafda24"},"headline":"\u00a1Marque la fecha para el fin de semana de Due\u00f1os de este a\u00f1o!","datePublished":"2017-09-08T04:00:00+00:00","dateModified":"2022-10-21T23:02:44+00:00","mainEntityOfPage":{"@id":"https:\/\/casadecampoliving.com\/es\/marque-la-fecha-para-el-fin-de-semana-de-duenos-de-este-ano\/"},"wordCount":360,"publisher":{"@id":"https:\/\/casadecampoliving.com\/es\/#organization"},"image":{"@id":"https:\/\/casadecampoliving.com\/es\/marque-la-fecha-para-el-fin-de-semana-de-duenos-de-este-ano\/#primaryimage"},"thumbnailUrl":"https:\/\/i0.wp.com\/casadecampoliving.com\/wp-content\/uploads\/2022\/10\/DSC_1333-1.jpg?fit=1000%2C665&ssl=1","keywords":["casa de campo @es","celebracion","deportes","duenos @es","eventos","Featured-TopView @es","fiesta","Proximamente"],"articleSection":["Comidas &amp; Bebidas","Costasur Dominicana @es","Estilo de Vida","Eventos","Noticias Locales","Proximamente","Rep\u00fablica Dominicana @es","Resort Casa de Campo"],"inLanguage":"es"},{"@type":"WebPage","@id":"https:\/\/casadecampoliving.com\/es\/marque-la-fecha-para-el-fin-de-semana-de-duenos-de-este-ano\/","url":"https:\/\/casadecampoliving.com\/es\/marque-la-fecha-para-el-fin-de-semana-de-duenos-de-este-ano\/","name":"\u00a1Marque la fecha para el fin de semana de Due\u00f1os de este a\u00f1o! | Casa de Campo Living","isPartOf":{"@id":"https:\/\/casadecampoliving.com\/es\/#website"},"primaryImageOfPage":{"@id":"https:\/\/casadecampoliving.com\/es\/marque-la-fecha-para-el-fin-de-semana-de-duenos-de-este-ano\/#primaryimage"},"image":{"@id":"https:\/\/casadecampoliving.com\/es\/marque-la-fecha-para-el-fin-de-semana-de-duenos-de-este-ano\/#primaryimage"},"thumbnailUrl":"https:\/\/i0.wp.com\/casadecampoliving.com\/wp-content\/uploads\/2022\/10\/DSC_1333-1.jpg?fit=1000%2C665&ssl=1","datePublished":"2017-09-08T04:00:00+00:00","dateModified":"2022-10-21T23:02:44+00:00","description":"\u00a1Estamos emocionados de traerle una excelente noticia despu\u00e9s de todas las preocupaciones del hurac\u00e1n! Las fechas de uno de los eventos anuales favoritos","breadcrumb":{"@id":"https:\/\/casadecampoliving.com\/es\/marque-la-fecha-para-el-fin-de-semana-de-duenos-de-este-ano\/#breadcrumb"},"inLanguage":"es","potentialAction":[{"@type":"ReadAction","target":["https:\/\/casadecampoliving.com\/es\/marque-la-fecha-para-el-fin-de-semana-de-duenos-de-este-ano\/"]}]},{"@type":"ImageObject","inLanguage":"es","@id":"https:\/\/casadecampoliving.com\/es\/marque-la-fecha-para-el-fin-de-semana-de-duenos-de-este-ano\/#primaryimage","url":"https:\/\/i0.wp.com\/casadecampoliving.com\/wp-content\/uploads\/2022\/10\/DSC_1333-1.jpg?fit=1000%2C665&ssl=1","contentUrl":"https:\/\/i0.wp.com\/casadecampoliving.com\/wp-content\/uploads\/2022\/10\/DSC_1333-1.jpg?fit=1000%2C665&ssl=1","width":1000,"height":665},{"@type":"BreadcrumbList","@id":"https:\/\/casadecampoliving.com\/es\/marque-la-fecha-para-el-fin-de-semana-de-duenos-de-este-ano\/#breadcrumb","itemListElement":[{"@type":"ListItem","position":1,"name":"Home","item":"https:\/\/casadecampoliving.com\/es\/"},{"@type":"ListItem","position":2,"name":"\u00a1Marque la fecha para el fin de semana de Due\u00f1os de este a\u00f1o!"}]},{"@type":"WebSite","@id":"https:\/\/casadecampoliving.com\/es\/#website","url":"https:\/\/casadecampoliving.com\/es\/","name":"Casa de Campo Living","description":"Resort community news and resources.","publisher":{"@id":"https:\/\/casadecampoliving.com\/es\/#organization"},"potentialAction":[{"@type":"SearchAction","target":{"@type":"EntryPoint","urlTemplate":"https:\/\/casadecampoliving.com\/es\/?s={search_term_string}"},"query-input":{"@type":"PropertyValueSpecification","valueRequired":true,"valueName":"search_term_string"}}],"inLanguage":"es"},{"@type":"Organization","@id":"https:\/\/casadecampoliving.com\/es\/#organization","name":"Casa de Campo Living","url":"https:\/\/casadecampoliving.com\/es\/","logo":{"@type":"ImageObject","inLanguage":"es","@id":"https:\/\/casadecampoliving.com\/es\/#\/schema\/logo\/image\/","url":"https:\/\/i0.wp.com\/casadecampoliving.com\/wp-content\/uploads\/2022\/07\/CDCLivingLogo_V1-white-sized.png?fit=800%2C214&ssl=1","contentUrl":"https:\/\/i0.wp.com\/casadecampoliving.com\/wp-content\/uploads\/2022\/07\/CDCLivingLogo_V1-white-sized.png?fit=800%2C214&ssl=1","width":800,"height":214,"caption":"Casa de Campo Living"},"image":{"@id":"https:\/\/casadecampoliving.com\/es\/#\/schema\/logo\/image\/"},"sameAs":["https:\/\/www.facebook.com\/casadecampoliving","https:\/\/x.com\/cdcliving"]},{"@type":"Person","@id":"https:\/\/casadecampoliving.com\/es\/#\/schema\/person\/b6606bd87f9cec8f5903e2141cafda24","name":"Marlenys Guzm\u00e1n Casta\u00f1os","image":{"@type":"ImageObject","inLanguage":"es","@id":"https:\/\/secure.gravatar.com\/avatar\/72f3f86b8e6b3ec744201aeadf11d4a6055e8af194aecd9ad30ffff4437878ee?s=96&d=mm&r=g","url":"https:\/\/secure.gravatar.com\/avatar\/72f3f86b8e6b3ec744201aeadf11d4a6055e8af194aecd9ad30ffff4437878ee?s=96&d=mm&r=g","contentUrl":"https:\/\/secure.gravatar.com\/avatar\/72f3f86b8e6b3ec744201aeadf11d4a6055e8af194aecd9ad30ffff4437878ee?s=96&d=mm&r=g","caption":"Marlenys Guzm\u00e1n Casta\u00f1os"},"url":"https:\/\/casadecampoliving.com\/es\/author\/mguzman\/"}]}},"parsely":{"version":"1.1.0","canonical_url":"https:\/\/casadecampoliving.com\/es\/marque-la-fecha-para-el-fin-de-semana-de-duenos-de-este-ano\/","smart_links":{"inbound":0,"outbound":0},"traffic_boost_suggestions_count":0,"meta":{"@context":"https:\/\/schema.org","@type":"NewsArticle","headline":"\u00a1Marque la fecha para el fin de semana de Due\u00f1os de este a\u00f1o!","url":"http:\/\/casadecampoliving.com\/es\/marque-la-fecha-para-el-fin-de-semana-de-duenos-de-este-ano\/","mainEntityOfPage":{"@type":"WebPage","@id":"http:\/\/casadecampoliving.com\/es\/marque-la-fecha-para-el-fin-de-semana-de-duenos-de-este-ano\/"},"thumbnailUrl":"https:\/\/i0.wp.com\/casadecampoliving.com\/wp-content\/uploads\/2022\/10\/DSC_1333-1.jpg?resize=150%2C150&ssl=1","image":{"@type":"ImageObject","url":"https:\/\/i0.wp.com\/casadecampoliving.com\/wp-content\/uploads\/2022\/10\/DSC_1333-1.jpg?fit=1000%2C665&ssl=1"},"articleSection":"Comidas &amp; Bebidas","author":[{"@type":"Person","name":"Marlenys Guzm\u00e1n Casta\u00f1os"}],"creator":["Marlenys Guzm\u00e1n Casta\u00f1os"],"publisher":{"@type":"Organization","name":"Casa de Campo Living","logo":"https:\/\/casadecampoliving.com\/wp-content\/uploads\/2022\/07\/CDCLivingLogo_V1-white-sized.png"},"keywords":["casa de campo @es","celebracion","deportes","duenos @es","eventos","featured-topview @es","fiesta","proximamente"],"dateCreated":"2017-09-08T04:00:00Z","datePublished":"2017-09-08T04:00:00Z","dateModified":"2022-10-21T23:02:44Z"},"rendered":"<script type=\"application\/ld+json\" class=\"wp-parsely-metadata\">{\"@context\":\"https:\\\/\\\/schema.org\",\"@type\":\"NewsArticle\",\"headline\":\"\\u00a1Marque la fecha para el fin de semana de Due\\u00f1os de este a\\u00f1o!\",\"url\":\"http:\\\/\\\/casadecampoliving.com\\\/es\\\/marque-la-fecha-para-el-fin-de-semana-de-duenos-de-este-ano\\\/\",\"mainEntityOfPage\":{\"@type\":\"WebPage\",\"@id\":\"http:\\\/\\\/casadecampoliving.com\\\/es\\\/marque-la-fecha-para-el-fin-de-semana-de-duenos-de-este-ano\\\/\"},\"thumbnailUrl\":\"https:\\\/\\\/i0.wp.com\\\/casadecampoliving.com\\\/wp-content\\\/uploads\\\/2022\\\/10\\\/DSC_1333-1.jpg?resize=150%2C150&ssl=1\",\"image\":{\"@type\":\"ImageObject\",\"url\":\"https:\\\/\\\/i0.wp.com\\\/casadecampoliving.com\\\/wp-content\\\/uploads\\\/2022\\\/10\\\/DSC_1333-1.jpg?fit=1000%2C665&ssl=1\"},\"articleSection\":\"Comidas &amp; Bebidas\",\"author\":[{\"@type\":\"Person\",\"name\":\"Marlenys Guzm\\u00e1n Casta\\u00f1os\"}],\"creator\":[\"Marlenys Guzm\\u00e1n Casta\\u00f1os\"],\"publisher\":{\"@type\":\"Organization\",\"name\":\"Casa de Campo Living\",\"logo\":\"https:\\\/\\\/casadecampoliving.com\\\/wp-content\\\/uploads\\\/2022\\\/07\\\/CDCLivingLogo_V1-white-sized.png\"},\"keywords\":[\"casa de campo @es\",\"celebracion\",\"deportes\",\"duenos @es\",\"eventos\",\"featured-topview @es\",\"fiesta\",\"proximamente\"],\"dateCreated\":\"2017-09-08T04:00:00Z\",\"datePublished\":\"2017-09-08T04:00:00Z\",\"dateModified\":\"2022-10-21T23:02:44Z\"}<\/script>","tracker_url":"https:\/\/cdn.parsely.com\/keys\/casadecampoliving.com\/p.js"},"jetpack_publicize_connections":[],"jetpack_featured_media_url":"https:\/\/i0.wp.com\/casadecampoliving.com\/wp-content\/uploads\/2022\/10\/DSC_1333-1.jpg?fit=1000%2C665&ssl=1","jetpack-related-posts":[{"id":345223,"url":"https:\/\/casadecampoliving.com\/es\/nueva-fecha-para-duenos-2014\/","url_meta":{"origin":351955,"position":0},"title":"\u00a1Nueva fecha para Due\u00f1os 2014!","author":"Maria Isabel B\u00e1ez","date":"29 Ago, 2014","format":false,"excerpt":"\u00a1Costasur Dominicana y Casa de Campo han anunciado que la fecha de la celebraci\u00f3n de Due\u00f1os 2014 ha sido cambiada! Due\u00f1os 2014 fue planeado originalmente para que fuese celebrado en el fin de semana 14 y 15 de Noviembre \u00a1pero ahora fue confirmado para el Viernes 21 y el S\u00e1bado\u2026","rel":"","context":"En \u00abCostasur Dominicana @es\u00bb","block_context":{"text":"Costasur Dominicana @es","link":"https:\/\/casadecampoliving.com\/es\/category\/costasur-dominicana-es\/"},"img":{"alt_text":"Alfonso Paniagua, Claudio Silvestri","src":"https:\/\/i0.wp.com\/casadecampoliving.com\/wp-content\/uploads\/2022\/10\/alfonso_paniagua_Claudio_silvestri-1.jpg?fit=650%2C436&ssl=1&resize=350%2C200","width":350,"height":200,"srcset":"https:\/\/i0.wp.com\/casadecampoliving.com\/wp-content\/uploads\/2022\/10\/alfonso_paniagua_Claudio_silvestri-1.jpg?fit=650%2C436&ssl=1&resize=350%2C200 1x, https:\/\/i0.wp.com\/casadecampoliving.com\/wp-content\/uploads\/2022\/10\/alfonso_paniagua_Claudio_silvestri-1.jpg?fit=650%2C436&ssl=1&resize=525%2C300 1.5x"},"classes":[]},{"id":353544,"url":"https:\/\/casadecampoliving.com\/es\/estas-invitado-reserva-la-fecha-para-el-fin-de-semana-duenos-2019\/","url_meta":{"origin":351955,"position":1},"title":"\u00a1Est\u00e1s invitado! \u00a1Reserva la fecha para el Fin de Semana Due\u00f1os 2019!","author":"Casa de Campo Living","date":"11 Sep, 2019","format":false,"excerpt":"\u00a1Estamos emocionados de traerte excelentes noticias! Las fechas de uno de nuestros eventos anuales favoritos acaban de anunciarse. La celebraci\u00f3n organizada por Costasur y Casa de Campo para los due\u00f1os de villas de Casa de Campo, \u201cDue\u00f1os 2019\u201d, se llevar\u00e1 a cabo del viernes 25 de octubre al s\u00e1bado 26\u2026","rel":"","context":"En \u00abCostasur Dominicana @es\u00bb","block_context":{"text":"Costasur Dominicana @es","link":"https:\/\/casadecampoliving.com\/es\/category\/costasur-dominicana-es\/"},"img":{"alt_text":"","src":"https:\/\/i0.wp.com\/casadecampoliving.com\/wp-content\/uploads\/2022\/10\/4-1-1.jpg?fit=1000%2C600&ssl=1&resize=350%2C200","width":350,"height":200,"srcset":"https:\/\/i0.wp.com\/casadecampoliving.com\/wp-content\/uploads\/2022\/10\/4-1-1.jpg?fit=1000%2C600&ssl=1&resize=350%2C200 1x, https:\/\/i0.wp.com\/casadecampoliving.com\/wp-content\/uploads\/2022\/10\/4-1-1.jpg?fit=1000%2C600&ssl=1&resize=525%2C300 1.5x, https:\/\/i0.wp.com\/casadecampoliving.com\/wp-content\/uploads\/2022\/10\/4-1-1.jpg?fit=1000%2C600&ssl=1&resize=700%2C400 2x"},"classes":[]},{"id":350569,"url":"https:\/\/casadecampoliving.com\/es\/2016-duenos-fin-de-semana\/","url_meta":{"origin":351955,"position":2},"title":"\u00a1Reserven la fecha para el fin de semana de Due\u00f1os 2016!","author":"Heather Lincoln","date":"30 Sep, 2016","format":false,"excerpt":"La celebraci\u00f3n anual para los due\u00f1os de villas de Casa de Campo ya tiene fecha \u00a1y ser\u00e1 el mes que viene! El viernes 28 de octubre y el s\u00e1bado 29, ser\u00e1 un fin de semana lleno\u00a0de diversi\u00f3n \u00a1que usted no querr\u00e1 perderse! Organizado por Costasur y Casa de Campo, la\u2026","rel":"","context":"En \u00abCostasur Dominicana @es\u00bb","block_context":{"text":"Costasur Dominicana @es","link":"https:\/\/casadecampoliving.com\/es\/category\/costasur-dominicana-es\/"},"img":{"alt_text":"Due\u00f1os Weekend","src":"https:\/\/i0.wp.com\/casadecampoliving.com\/wp-content\/uploads\/2022\/10\/DSC_0355-1-e1475268776538.jpg?fit=1000%2C667&ssl=1&resize=350%2C200","width":350,"height":200,"srcset":"https:\/\/i0.wp.com\/casadecampoliving.com\/wp-content\/uploads\/2022\/10\/DSC_0355-1-e1475268776538.jpg?fit=1000%2C667&ssl=1&resize=350%2C200 1x, https:\/\/i0.wp.com\/casadecampoliving.com\/wp-content\/uploads\/2022\/10\/DSC_0355-1-e1475268776538.jpg?fit=1000%2C667&ssl=1&resize=525%2C300 1.5x, https:\/\/i0.wp.com\/casadecampoliving.com\/wp-content\/uploads\/2022\/10\/DSC_0355-1-e1475268776538.jpg?fit=1000%2C667&ssl=1&resize=700%2C400 2x"},"classes":[]},{"id":344421,"url":"https:\/\/casadecampoliving.com\/es\/las-fechas-para-duenos-2014-han-sido-anunciadas\/","url_meta":{"origin":351955,"position":3},"title":"\u00a1Las fechas de Due\u00f1os 2014 han sido anunciadas!","author":"Eliana Alba","date":"21 May, 2014","format":false,"excerpt":"\u00a1Nos entusiasma traerles excelentes noticias! Las fechas de\u00a0uno de nuestros eventos anuales favoritos han sido anunciadas. La celebraci\u00f3n organizada por Costasur y Casa de Campo para los due\u00f1os de villa, \u201cDue\u00f1os 2014\u201d, tomar\u00e1 lugar del 14 a 15 de noviembre.\u00a0 Nos parece que al pasar de los a\u00f1os\u00a0estas celebraciones solamente\u2026","rel":"","context":"En \u00abCostasur Dominicana @es\u00bb","block_context":{"text":"Costasur Dominicana @es","link":"https:\/\/casadecampoliving.com\/es\/category\/costasur-dominicana-es\/"},"img":{"alt_text":"","src":"https:\/\/i0.wp.com\/casadecampoliving.com\/wp-content\/uploads\/2022\/10\/casa_de_campo_villa_owners_duenos_beach_party2-3.jpg?fit=650%2C433&ssl=1&resize=350%2C200","width":350,"height":200,"srcset":"https:\/\/i0.wp.com\/casadecampoliving.com\/wp-content\/uploads\/2022\/10\/casa_de_campo_villa_owners_duenos_beach_party2-3.jpg?fit=650%2C433&ssl=1&resize=350%2C200 1x, https:\/\/i0.wp.com\/casadecampoliving.com\/wp-content\/uploads\/2022\/10\/casa_de_campo_villa_owners_duenos_beach_party2-3.jpg?fit=650%2C433&ssl=1&resize=525%2C300 1.5x"},"classes":[]},{"id":348317,"url":"https:\/\/casadecampoliving.com\/es\/reserve-la-fecha-para-duenos-2015\/","url_meta":{"origin":351955,"position":4},"title":"\u00a1Reserve la fecha para Due\u00f1os 2015!","author":"Felix Guerrero","date":"25 Sep, 2015","format":false,"excerpt":"\u00a1Nos emociona traerles una excelente noticia! Uno de nuestros eventos anuales favoritas ya tiene fecha. La celebraci\u00f3n organizada por Costasur y Casa de Campo para los Due\u00f1os\u00a0de la villa de Casa de Campo, \u201cDue\u00f1os 2015\u201d, se llevar\u00e1 a cabo desde el viernes 30 de octubre al Domingo 1ro de noviembre.\u2026","rel":"","context":"En \u00abCasa de Campo Living @es\u00bb","block_context":{"text":"Casa de Campo Living @es","link":"https:\/\/casadecampoliving.com\/category\/casa-de-campo-living-es\/"},"img":{"alt_text":"","src":"https:\/\/i0.wp.com\/casadecampoliving.com\/wp-content\/uploads\/2022\/10\/Casa_de_Campo_Duenos_2014_shooting-1.jpg?fit=800%2C534&ssl=1&resize=350%2C200","width":350,"height":200,"srcset":"https:\/\/i0.wp.com\/casadecampoliving.com\/wp-content\/uploads\/2022\/10\/Casa_de_Campo_Duenos_2014_shooting-1.jpg?fit=800%2C534&ssl=1&resize=350%2C200 1x, https:\/\/i0.wp.com\/casadecampoliving.com\/wp-content\/uploads\/2022\/10\/Casa_de_Campo_Duenos_2014_shooting-1.jpg?fit=800%2C534&ssl=1&resize=525%2C300 1.5x, https:\/\/i0.wp.com\/casadecampoliving.com\/wp-content\/uploads\/2022\/10\/Casa_de_Campo_Duenos_2014_shooting-1.jpg?fit=800%2C534&ssl=1&resize=700%2C400 2x"},"classes":[]},{"id":342625,"url":"https:\/\/casadecampoliving.com\/es\/costasur-anuncia-las-fechas-de-duenos-2013\/","url_meta":{"origin":351955,"position":5},"title":"\u00a1Costasur anuncia las fechas de Due\u00f1os 2013!","author":"Eliana Alba","date":"31 Jul, 2013","format":false,"excerpt":"\u00a1Hurrah! La fecha de la anual celebraci\u00f3n de \u201cDue\u00f1os\u201d, organizada por Costasur y Casa de Campoo para los due\u00f1os de villa, acaba de ser anunciada\u2026 ser\u00e1 del 22 al 24 de noviembre del 2013. Lamentablemente todav\u00eda no han anunciado m\u00e1s detalles sobre \u201cDue\u00f1os \u201913\u201d \u2013 pero no cabe duda que\u2026","rel":"","context":"En \u00abCostasur Dominicana @es\u00bb","block_context":{"text":"Costasur Dominicana @es","link":"https:\/\/casadecampoliving.com\/es\/category\/costasur-dominicana-es\/"},"img":{"alt_text":"alfonso paniagua claudio silvestri","src":"https:\/\/i0.wp.com\/casadecampoliving.com\/wp-content\/uploads\/2022\/10\/alfonso_paniagua_claudio_silvestri-1.jpg?fit=650%2C436&ssl=1&resize=350%2C200","width":350,"height":200,"srcset":"https:\/\/i0.wp.com\/casadecampoliving.com\/wp-content\/uploads\/2022\/10\/alfonso_paniagua_claudio_silvestri-1.jpg?fit=650%2C436&ssl=1&resize=350%2C200 1x, https:\/\/i0.wp.com\/casadecampoliving.com\/wp-content\/uploads\/2022\/10\/alfonso_paniagua_claudio_silvestri-1.jpg?fit=650%2C436&ssl=1&resize=525%2C300 1.5x"},"classes":[]}],"jetpack_sharing_enabled":true,"_links":{"self":[{"href":"https:\/\/casadecampoliving.com\/es\/wp-json\/wp\/v2\/posts\/351955","targetHints":{"allow":["GET"]}}],"collection":[{"href":"https:\/\/casadecampoliving.com\/es\/wp-json\/wp\/v2\/posts"}],"about":[{"href":"https:\/\/casadecampoliving.com\/es\/wp-json\/wp\/v2\/types\/post"}],"author":[{"embeddable":true,"href":"https:\/\/casadecampoliving.com\/es\/wp-json\/wp\/v2\/users\/36682"}],"replies":[{"embeddable":true,"href":"https:\/\/casadecampoliving.com\/es\/wp-json\/wp\/v2\/comments?post=351955"}],"version-history":[{"count":1,"href":"https:\/\/casadecampoliving.com\/es\/wp-json\/wp\/v2\/posts\/351955\/revisions"}],"predecessor-version":[{"id":351956,"href":"https:\/\/casadecampoliving.com\/es\/wp-json\/wp\/v2\/posts\/351955\/revisions\/351956"}],"wp:featuredmedia":[{"embeddable":true,"href":"https:\/\/casadecampoliving.com\/es\/wp-json\/wp\/v2\/media\/309801"}],"wp:attachment":[{"href":"https:\/\/casadecampoliving.com\/es\/wp-json\/wp\/v2\/media?parent=351955"}],"wp:term":[{"taxonomy":"category","embeddable":true,"href":"https:\/\/casadecampoliving.com\/es\/wp-json\/wp\/v2\/categories?post=351955"},{"taxonomy":"post_tag","embeddable":true,"href":"https:\/\/casadecampoliving.com\/es\/wp-json\/wp\/v2\/tags?post=351955"},{"taxonomy":"newspack_spnsrs_tax","embeddable":true,"href":"https:\/\/casadecampoliving.com\/es\/wp-json\/wp\/v2\/newspack_spnsrs_tax?post=351955"}],"curies":[{"name":"wp","href":"https:\/\/api.w.org\/{rel}","templated":true}]}}