{"id":351930,"date":"2017-09-04T00:00:00","date_gmt":"2017-09-04T04:00:00","guid":{"rendered":"https:\/\/casadecampoliving.com\/asociacion-de-hoteles-la-romana-bayahibe-anuncia-quinta-edicion-del-bayahibe-10k\/"},"modified":"2022-10-21T19:12:19","modified_gmt":"2022-10-21T23:12:19","slug":"asociacion-de-hoteles-la-romana-bayahibe-anuncia-quinta-edicion-del-bayahibe-10k","status":"publish","type":"post","link":"https:\/\/casadecampoliving.com\/es\/asociacion-de-hoteles-la-romana-bayahibe-anuncia-quinta-edicion-del-bayahibe-10k\/","title":{"rendered":"Asociaci\u00f3n de Hoteles La Romana Bayah\u00edbe anuncia quinta edici\u00f3n del Bayahibe 10k"},"content":{"rendered":"\n<p>La Asociaci\u00f3n de Hoteles La Romana-Bayah\u00edbe y el Cl\u00faster Tur\u00edstico La Romana Bayahibe anunciaron la quinta edici\u00f3n de la carrera Bayah\u00edbe 10K, a celebrarse el domingo 17 de septiembre, a partir de la siete de la ma\u00f1ana. Ana Garcia-Sotoca Pascual, directora Ejecutiva de la Asociaci\u00f3n de Hoteles la Romana- Bayahibe, explic\u00f3 que la carrera saldr\u00e1 desde la Punta de Bayahibe y los fondos obtenidos ser\u00e1n destinados a la construcci\u00f3n de la estaci\u00f3n de bomberos de Bayahibe.<\/p>\n\n\n\n<!--more-->\n\n\n\n<p>Garcia-Sotoca, hizo el anuncio durante una rueda de prensa celebrado en el Centro Comercial Multiplaza La Romana, donde explic\u00f3 que el&nbsp;prop\u00f3sito&nbsp;de la carrera es impulsar el deporte en la zona de Bayahibe y promover la oportunidad de conocer el destino. Inform\u00f3 que la entrega de kits en Santo Domingo ser\u00e1 el 14 de septiembre en \u00c1gora Mall; el 15 en Multiplaza La Romana y el s\u00e1bado 16 en las oficinas del Cl\u00faster Tur\u00edstico La Romana- Bayahibe. La entrega de los kits en esos lugares ser\u00e1 de 10:00 de la ma\u00f1ana a 7:00 de la noche.<\/p>\n\n\n<div class=\"wp-block-image\">\n<figure class=\"aligncenter is-resized\"><img loading=\"lazy\" decoding=\"async\" src=\"https:\/\/i0.wp.com\/casadecampoliving.com\/wp-content\/uploads\/2022\/10\/Grupo-de-corredores-026-Runners-La-Romana.jpeg?resize=1000%2C666&amp;ssl=1\" alt=\"\" class=\"wp-image-146379\" height=\"666\" width=\"1000\"\/><\/figure>\n<\/div>\n\n\n<p>Explic\u00f3 que en la quinta carrera Bayah\u00edbe 10K, otorgar\u00e1n premios Overall y por categor\u00eda, y que reconocer\u00e1n con medallas a todos los participantes que completen la distancia de diez kil\u00f3metros. Asimismo, se llevar\u00e1 a cabo una rifa con premios que incluyen fines de semana en hoteles de La Romana y Bayahibe, boletos a\u00e9reos, bonos de regalo, entre otras sorpresas.<\/p>\n\n\n\n<p>El evento cuenta con el patrocinio del AFP Siembra, Jet Blue, ARS Universal, Orange Dominicana, Consorcio El\u00e9ctrico Punta Cana Macao, Universal de Seguros, Air Europa, Farmacia Carol, Gatorade, Central Romana, Luminos Lighting, Cool Heaven, Viva Wyndham Resorts, Be Live Collection Canoa, Iberostar Hacienda Dominicus, Casa de Campo, Catalonia Gran Dominicus, Catalonia Royal La Romana, Dreams La Romana y Dreams Dominicus La Romana. Adem\u00e1s, Banco del Progreso, Sportline America Dominicana, Gestiones Sanitarias &amp; Ambientales, Grupo Ramos, Operadora Caoba, Tony Transporte, Asociaci\u00f3n Romana de Ahorros &amp; Prestamos, Eventos y Catering, Vita Salud, Ayuntamiento de Bayahibe, Cuerpo especializado de seguridad tur\u00edstica (CESTUR), CICOM, Defensa Civil, La Romana Bayahibe News, Punto Italia La Romana, Scuba Fun, Saona Dreams, Turinter, MeloDrone, Restaurante Las Palmas, Club BTT La Romana, Silgon.<\/p>\n\n\n\n<blockquote><h3>Bayahibe 10k 2017<\/h3><figure><img decoding=\"async\" loading=\"lazy\" class=\"aligncenter wp-image-146664 size-full\" src=\"https:\/\/i0.wp.com\/casadecampoliving.com\/wp-content\/uploads\/2022\/10\/21231938_1717047948598471_5321532635589244915_n.jpg?resize=792%2C960&amp;ssl=1\" alt=\"\" width=\"792\" height=\"960\"><\/figure><p><strong>Cu\u00e1ndo:<\/strong> 17 de septiembre de 2017<\/p><p><strong>D\u00f3nde:<\/strong> Bayahibe<\/p><p><strong>Hora:<\/strong> 07:00 AM<\/p><\/blockquote>\n\n\n\n<p><em>*Informaci\u00f3n y Fotos corteria del Cl\u00faster Tur\u00edstico La Romana Bayahibe<\/em><\/p>\n","protected":false},"excerpt":{"rendered":"<p>La Asociaci\u00f3n de Hoteles La Romana-Bayah\u00edbe y el Cl\u00faster Tur\u00edstico La Romana Bayahibe anunciaron la quinta edici\u00f3n de la carrera Bayah\u00edbe 10K, a celebrarse el domingo 17 de septiembre, a partir de la siete de la ma\u00f1ana. Ana Garcia-Sotoca Pascual, directora Ejecutiva de la Asociaci\u00f3n de Hoteles la Romana- Bayahibe, explic\u00f3 que la carrera saldr\u00e1 [&hellip;]<\/p>\n","protected":false},"author":36791,"featured_media":309556,"comment_status":"closed","ping_status":"closed","sticky":false,"template":"","format":"standard","meta":{"newspack_ads_suppress_ads":false,"newspack_popups_has_disabled_popups":false,"newspack_sponsor_sponsorship_scope":"","newspack_sponsor_native_byline_display":"inherit","newspack_sponsor_native_category_display":"inherit","newspack_sponsor_underwriter_style":"inherit","newspack_sponsor_underwriter_placement":"inherit","_newspack_byline_active":false,"_newspack_byline":"","newspack_hide_updated_date":false,"newspack_show_updated_date":false,"newspack_content_restriction_is_exempt":false,"newspack_featured_image_position":"","newspack_post_subtitle":"","newspack_article_summary_title":"Overview:","newspack_article_summary":"","_jetpack_memberships_contains_paid_content":false,"footnotes":"","jetpack_publicize_message":"","jetpack_publicize_feature_enabled":true,"jetpack_social_post_already_shared":false,"jetpack_social_options":{"image_generator_settings":{"template":"highway","default_image_id":0,"font":"","enabled":false},"version":2},"_wpas_customize_per_network":false},"categories":[2525,14631,2522,2506,14627,2521],"tags":[4377,13207,2948],"newspack_spnsrs_tax":[],"class_list":["post-351930","post","type-post","status-publish","format-standard","has-post-thumbnail","hentry","category-golf-deportes-es","category-estilo-de-vida","category-eventos-es","category-mas-alla-de-casa-es","category-proximamente","category-republica-dominicana-2","tag-asociacion-de-hoteles-la-romana-bayahibe","tag-bayahibe-10k-es","tag-cluster-turistico-la-romana-bayahibe","entry"],"yoast_head":"<!-- This site is optimized with the Yoast SEO plugin v27.5 - https:\/\/yoast.com\/product\/yoast-seo-wordpress\/ -->\n<title>Asociaci\u00f3n de Hoteles La Romana Bayah\u00edbe anuncia quinta edici\u00f3n del Bayahibe 10k | Casa de Campo Living<\/title>\n<meta name=\"description\" content=\"La Asociaci\u00f3n de Hoteles La Romana-Bayah\u00edbe y el Cl\u00faster Tur\u00edstico La Romana Bayahibe anunciaron la quinta edici\u00f3n de la carrera Bayah\u00edbe 10K, a\" \/>\n<meta name=\"robots\" content=\"index, follow, max-snippet:-1, max-image-preview:large, max-video-preview:-1\" \/>\n<link rel=\"canonical\" href=\"https:\/\/casadecampoliving.com\/es\/asociacion-de-hoteles-la-romana-bayahibe-anuncia-quinta-edicion-del-bayahibe-10k\/\" \/>\n<meta property=\"og:locale\" content=\"es_ES\" \/>\n<meta property=\"og:type\" content=\"article\" \/>\n<meta property=\"og:title\" content=\"Asociaci\u00f3n de Hoteles La Romana Bayah\u00edbe anuncia quinta edici\u00f3n del Bayahibe 10k | Casa de Campo Living\" \/>\n<meta property=\"og:description\" content=\"La Asociaci\u00f3n de Hoteles La Romana-Bayah\u00edbe y el Cl\u00faster Tur\u00edstico La Romana Bayahibe anunciaron la quinta edici\u00f3n de la carrera Bayah\u00edbe 10K, a\" \/>\n<meta property=\"og:url\" content=\"https:\/\/casadecampoliving.com\/es\/asociacion-de-hoteles-la-romana-bayahibe-anuncia-quinta-edicion-del-bayahibe-10k\/\" \/>\n<meta property=\"og:site_name\" content=\"Casa de Campo Living\" \/>\n<meta property=\"article:publisher\" content=\"https:\/\/www.facebook.com\/casadecampoliving\" \/>\n<meta property=\"article:published_time\" content=\"2017-09-04T04:00:00+00:00\" \/>\n<meta property=\"article:modified_time\" content=\"2022-10-21T23:12:19+00:00\" \/>\n<meta property=\"og:image\" content=\"https:\/\/i0.wp.com\/casadecampoliving.com\/wp-content\/uploads\/2022\/10\/Antonio-de-Jesu\u0301s-Del-Rosario-Ana-Garcia-Sotoca-Andre\u0301s-Ferna\u0301ndez-Marlenny-Pen\u0303a-Luz-Polanco-Christian-Corporan-Cedano.jpeg?fit=1000%2C600&ssl=1\" \/>\n\t<meta property=\"og:image:width\" content=\"1000\" \/>\n\t<meta property=\"og:image:height\" content=\"600\" \/>\n\t<meta property=\"og:image:type\" content=\"image\/jpeg\" \/>\n<meta name=\"author\" content=\"Casa de Campo Living\" \/>\n<meta name=\"twitter:card\" content=\"summary_large_image\" \/>\n<meta name=\"twitter:creator\" content=\"@cdcliving\" \/>\n<meta name=\"twitter:site\" content=\"@cdcliving\" \/>\n<meta name=\"twitter:label1\" content=\"Escrito por\" \/>\n\t<meta name=\"twitter:data1\" content=\"Casa de Campo Living\" \/>\n\t<meta name=\"twitter:label2\" content=\"Tiempo de lectura\" \/>\n\t<meta name=\"twitter:data2\" content=\"2 minutos\" \/>\n<script type=\"application\/ld+json\" class=\"yoast-schema-graph\">{\"@context\":\"https:\\\/\\\/schema.org\",\"@graph\":[{\"@type\":\"Article\",\"@id\":\"https:\\\/\\\/casadecampoliving.com\\\/es\\\/asociacion-de-hoteles-la-romana-bayahibe-anuncia-quinta-edicion-del-bayahibe-10k\\\/#article\",\"isPartOf\":{\"@id\":\"https:\\\/\\\/casadecampoliving.com\\\/es\\\/asociacion-de-hoteles-la-romana-bayahibe-anuncia-quinta-edicion-del-bayahibe-10k\\\/\"},\"author\":{\"name\":\"Casa de Campo Living\",\"@id\":\"https:\\\/\\\/casadecampoliving.com\\\/es\\\/#\\\/schema\\\/person\\\/5d2171637a9d11e0e43ce6b8555f9422\"},\"headline\":\"Asociaci\u00f3n de Hoteles La Romana Bayah\u00edbe anuncia quinta edici\u00f3n del Bayahibe 10k\",\"datePublished\":\"2017-09-04T04:00:00+00:00\",\"dateModified\":\"2022-10-21T23:12:19+00:00\",\"mainEntityOfPage\":{\"@id\":\"https:\\\/\\\/casadecampoliving.com\\\/es\\\/asociacion-de-hoteles-la-romana-bayahibe-anuncia-quinta-edicion-del-bayahibe-10k\\\/\"},\"wordCount\":418,\"publisher\":{\"@id\":\"https:\\\/\\\/casadecampoliving.com\\\/es\\\/#organization\"},\"image\":{\"@id\":\"https:\\\/\\\/casadecampoliving.com\\\/es\\\/asociacion-de-hoteles-la-romana-bayahibe-anuncia-quinta-edicion-del-bayahibe-10k\\\/#primaryimage\"},\"thumbnailUrl\":\"https:\\\/\\\/i0.wp.com\\\/casadecampoliving.com\\\/wp-content\\\/uploads\\\/2022\\\/10\\\/Antonio-de-Jesu%CC%81s-Del-Rosario-Ana-Garcia-Sotoca-Andre%CC%81s-Ferna%CC%81ndez-Marlenny-Pen%CC%83a-Luz-Polanco-Christian-Corporan-Cedano.jpeg?fit=1000%2C600&ssl=1\",\"keywords\":[\"asociacion de hoteles la romana bayahibe\",\"Bayahibe 10k @es\",\"cluster turistico la romana bayahibe\"],\"articleSection\":[\"Deportes\",\"Estilo de Vida\",\"Eventos\",\"M\u00e1s all\u00e1 de Casa\",\"Proximamente\",\"Rep\u00fablica Dominicana @es\"],\"inLanguage\":\"es\"},{\"@type\":\"WebPage\",\"@id\":\"https:\\\/\\\/casadecampoliving.com\\\/es\\\/asociacion-de-hoteles-la-romana-bayahibe-anuncia-quinta-edicion-del-bayahibe-10k\\\/\",\"url\":\"https:\\\/\\\/casadecampoliving.com\\\/es\\\/asociacion-de-hoteles-la-romana-bayahibe-anuncia-quinta-edicion-del-bayahibe-10k\\\/\",\"name\":\"Asociaci\u00f3n de Hoteles La Romana Bayah\u00edbe anuncia quinta edici\u00f3n del Bayahibe 10k | Casa de Campo Living\",\"isPartOf\":{\"@id\":\"https:\\\/\\\/casadecampoliving.com\\\/es\\\/#website\"},\"primaryImageOfPage\":{\"@id\":\"https:\\\/\\\/casadecampoliving.com\\\/es\\\/asociacion-de-hoteles-la-romana-bayahibe-anuncia-quinta-edicion-del-bayahibe-10k\\\/#primaryimage\"},\"image\":{\"@id\":\"https:\\\/\\\/casadecampoliving.com\\\/es\\\/asociacion-de-hoteles-la-romana-bayahibe-anuncia-quinta-edicion-del-bayahibe-10k\\\/#primaryimage\"},\"thumbnailUrl\":\"https:\\\/\\\/i0.wp.com\\\/casadecampoliving.com\\\/wp-content\\\/uploads\\\/2022\\\/10\\\/Antonio-de-Jesu%CC%81s-Del-Rosario-Ana-Garcia-Sotoca-Andre%CC%81s-Ferna%CC%81ndez-Marlenny-Pen%CC%83a-Luz-Polanco-Christian-Corporan-Cedano.jpeg?fit=1000%2C600&ssl=1\",\"datePublished\":\"2017-09-04T04:00:00+00:00\",\"dateModified\":\"2022-10-21T23:12:19+00:00\",\"description\":\"La Asociaci\u00f3n de Hoteles La Romana-Bayah\u00edbe y el Cl\u00faster Tur\u00edstico La Romana Bayahibe anunciaron la quinta edici\u00f3n de la carrera Bayah\u00edbe 10K, a\",\"breadcrumb\":{\"@id\":\"https:\\\/\\\/casadecampoliving.com\\\/es\\\/asociacion-de-hoteles-la-romana-bayahibe-anuncia-quinta-edicion-del-bayahibe-10k\\\/#breadcrumb\"},\"inLanguage\":\"es\",\"potentialAction\":[{\"@type\":\"ReadAction\",\"target\":[\"https:\\\/\\\/casadecampoliving.com\\\/es\\\/asociacion-de-hoteles-la-romana-bayahibe-anuncia-quinta-edicion-del-bayahibe-10k\\\/\"]}]},{\"@type\":\"ImageObject\",\"inLanguage\":\"es\",\"@id\":\"https:\\\/\\\/casadecampoliving.com\\\/es\\\/asociacion-de-hoteles-la-romana-bayahibe-anuncia-quinta-edicion-del-bayahibe-10k\\\/#primaryimage\",\"url\":\"https:\\\/\\\/i0.wp.com\\\/casadecampoliving.com\\\/wp-content\\\/uploads\\\/2022\\\/10\\\/Antonio-de-Jesu%CC%81s-Del-Rosario-Ana-Garcia-Sotoca-Andre%CC%81s-Ferna%CC%81ndez-Marlenny-Pen%CC%83a-Luz-Polanco-Christian-Corporan-Cedano.jpeg?fit=1000%2C600&ssl=1\",\"contentUrl\":\"https:\\\/\\\/i0.wp.com\\\/casadecampoliving.com\\\/wp-content\\\/uploads\\\/2022\\\/10\\\/Antonio-de-Jesu%CC%81s-Del-Rosario-Ana-Garcia-Sotoca-Andre%CC%81s-Ferna%CC%81ndez-Marlenny-Pen%CC%83a-Luz-Polanco-Christian-Corporan-Cedano.jpeg?fit=1000%2C600&ssl=1\",\"width\":1000,\"height\":600},{\"@type\":\"BreadcrumbList\",\"@id\":\"https:\\\/\\\/casadecampoliving.com\\\/es\\\/asociacion-de-hoteles-la-romana-bayahibe-anuncia-quinta-edicion-del-bayahibe-10k\\\/#breadcrumb\",\"itemListElement\":[{\"@type\":\"ListItem\",\"position\":1,\"name\":\"Home\",\"item\":\"https:\\\/\\\/casadecampoliving.com\\\/es\\\/\"},{\"@type\":\"ListItem\",\"position\":2,\"name\":\"Asociaci\u00f3n de Hoteles La Romana Bayah\u00edbe anuncia quinta edici\u00f3n del Bayahibe 10k\"}]},{\"@type\":\"WebSite\",\"@id\":\"https:\\\/\\\/casadecampoliving.com\\\/es\\\/#website\",\"url\":\"https:\\\/\\\/casadecampoliving.com\\\/es\\\/\",\"name\":\"Casa de Campo Living\",\"description\":\"Resort community news and resources.\",\"publisher\":{\"@id\":\"https:\\\/\\\/casadecampoliving.com\\\/es\\\/#organization\"},\"potentialAction\":[{\"@type\":\"SearchAction\",\"target\":{\"@type\":\"EntryPoint\",\"urlTemplate\":\"https:\\\/\\\/casadecampoliving.com\\\/es\\\/?s={search_term_string}\"},\"query-input\":{\"@type\":\"PropertyValueSpecification\",\"valueRequired\":true,\"valueName\":\"search_term_string\"}}],\"inLanguage\":\"es\"},{\"@type\":\"Organization\",\"@id\":\"https:\\\/\\\/casadecampoliving.com\\\/es\\\/#organization\",\"name\":\"Casa de Campo Living\",\"url\":\"https:\\\/\\\/casadecampoliving.com\\\/es\\\/\",\"logo\":{\"@type\":\"ImageObject\",\"inLanguage\":\"es\",\"@id\":\"https:\\\/\\\/casadecampoliving.com\\\/es\\\/#\\\/schema\\\/logo\\\/image\\\/\",\"url\":\"https:\\\/\\\/i0.wp.com\\\/casadecampoliving.com\\\/wp-content\\\/uploads\\\/2022\\\/07\\\/CDCLivingLogo_V1-white-sized.png?fit=800%2C214&ssl=1\",\"contentUrl\":\"https:\\\/\\\/i0.wp.com\\\/casadecampoliving.com\\\/wp-content\\\/uploads\\\/2022\\\/07\\\/CDCLivingLogo_V1-white-sized.png?fit=800%2C214&ssl=1\",\"width\":800,\"height\":214,\"caption\":\"Casa de Campo Living\"},\"image\":{\"@id\":\"https:\\\/\\\/casadecampoliving.com\\\/es\\\/#\\\/schema\\\/logo\\\/image\\\/\"},\"sameAs\":[\"https:\\\/\\\/www.facebook.com\\\/casadecampoliving\",\"https:\\\/\\\/x.com\\\/cdcliving\"]},{\"@type\":\"Person\",\"@id\":\"https:\\\/\\\/casadecampoliving.com\\\/es\\\/#\\\/schema\\\/person\\\/5d2171637a9d11e0e43ce6b8555f9422\",\"name\":\"Casa de Campo Living\",\"image\":{\"@type\":\"ImageObject\",\"inLanguage\":\"es\",\"@id\":\"https:\\\/\\\/secure.gravatar.com\\\/avatar\\\/d04101fa4a9fd431e939953b1500fdc7a73cd35029f86d98712fd8ccdaebaf9a?s=96&d=mm&r=g\",\"url\":\"https:\\\/\\\/secure.gravatar.com\\\/avatar\\\/d04101fa4a9fd431e939953b1500fdc7a73cd35029f86d98712fd8ccdaebaf9a?s=96&d=mm&r=g\",\"contentUrl\":\"https:\\\/\\\/secure.gravatar.com\\\/avatar\\\/d04101fa4a9fd431e939953b1500fdc7a73cd35029f86d98712fd8ccdaebaf9a?s=96&d=mm&r=g\",\"caption\":\"Casa de Campo Living\"},\"url\":\"https:\\\/\\\/casadecampoliving.com\\\/es\\\/author\\\/casa-de-campo-living\\\/\"}]}<\/script>\n<!-- \/ Yoast SEO plugin. -->","yoast_head_json":{"title":"Asociaci\u00f3n de Hoteles La Romana Bayah\u00edbe anuncia quinta edici\u00f3n del Bayahibe 10k | Casa de Campo Living","description":"La Asociaci\u00f3n de Hoteles La Romana-Bayah\u00edbe y el Cl\u00faster Tur\u00edstico La Romana Bayahibe anunciaron la quinta edici\u00f3n de la carrera Bayah\u00edbe 10K, a","robots":{"index":"index","follow":"follow","max-snippet":"max-snippet:-1","max-image-preview":"max-image-preview:large","max-video-preview":"max-video-preview:-1"},"canonical":"https:\/\/casadecampoliving.com\/es\/asociacion-de-hoteles-la-romana-bayahibe-anuncia-quinta-edicion-del-bayahibe-10k\/","og_locale":"es_ES","og_type":"article","og_title":"Asociaci\u00f3n de Hoteles La Romana Bayah\u00edbe anuncia quinta edici\u00f3n del Bayahibe 10k | Casa de Campo Living","og_description":"La Asociaci\u00f3n de Hoteles La Romana-Bayah\u00edbe y el Cl\u00faster Tur\u00edstico La Romana Bayahibe anunciaron la quinta edici\u00f3n de la carrera Bayah\u00edbe 10K, a","og_url":"https:\/\/casadecampoliving.com\/es\/asociacion-de-hoteles-la-romana-bayahibe-anuncia-quinta-edicion-del-bayahibe-10k\/","og_site_name":"Casa de Campo Living","article_publisher":"https:\/\/www.facebook.com\/casadecampoliving","article_published_time":"2017-09-04T04:00:00+00:00","article_modified_time":"2022-10-21T23:12:19+00:00","og_image":[{"width":1000,"height":600,"url":"https:\/\/i0.wp.com\/casadecampoliving.com\/wp-content\/uploads\/2022\/10\/Antonio-de-Jesu\u0301s-Del-Rosario-Ana-Garcia-Sotoca-Andre\u0301s-Ferna\u0301ndez-Marlenny-Pen\u0303a-Luz-Polanco-Christian-Corporan-Cedano.jpeg?fit=1000%2C600&ssl=1","type":"image\/jpeg"}],"author":"Casa de Campo Living","twitter_card":"summary_large_image","twitter_creator":"@cdcliving","twitter_site":"@cdcliving","twitter_misc":{"Escrito por":"Casa de Campo Living","Tiempo de lectura":"2 minutos"},"schema":{"@context":"https:\/\/schema.org","@graph":[{"@type":"Article","@id":"https:\/\/casadecampoliving.com\/es\/asociacion-de-hoteles-la-romana-bayahibe-anuncia-quinta-edicion-del-bayahibe-10k\/#article","isPartOf":{"@id":"https:\/\/casadecampoliving.com\/es\/asociacion-de-hoteles-la-romana-bayahibe-anuncia-quinta-edicion-del-bayahibe-10k\/"},"author":{"name":"Casa de Campo Living","@id":"https:\/\/casadecampoliving.com\/es\/#\/schema\/person\/5d2171637a9d11e0e43ce6b8555f9422"},"headline":"Asociaci\u00f3n de Hoteles La Romana Bayah\u00edbe anuncia quinta edici\u00f3n del Bayahibe 10k","datePublished":"2017-09-04T04:00:00+00:00","dateModified":"2022-10-21T23:12:19+00:00","mainEntityOfPage":{"@id":"https:\/\/casadecampoliving.com\/es\/asociacion-de-hoteles-la-romana-bayahibe-anuncia-quinta-edicion-del-bayahibe-10k\/"},"wordCount":418,"publisher":{"@id":"https:\/\/casadecampoliving.com\/es\/#organization"},"image":{"@id":"https:\/\/casadecampoliving.com\/es\/asociacion-de-hoteles-la-romana-bayahibe-anuncia-quinta-edicion-del-bayahibe-10k\/#primaryimage"},"thumbnailUrl":"https:\/\/i0.wp.com\/casadecampoliving.com\/wp-content\/uploads\/2022\/10\/Antonio-de-Jesu%CC%81s-Del-Rosario-Ana-Garcia-Sotoca-Andre%CC%81s-Ferna%CC%81ndez-Marlenny-Pen%CC%83a-Luz-Polanco-Christian-Corporan-Cedano.jpeg?fit=1000%2C600&ssl=1","keywords":["asociacion de hoteles la romana bayahibe","Bayahibe 10k @es","cluster turistico la romana bayahibe"],"articleSection":["Deportes","Estilo de Vida","Eventos","M\u00e1s all\u00e1 de Casa","Proximamente","Rep\u00fablica Dominicana @es"],"inLanguage":"es"},{"@type":"WebPage","@id":"https:\/\/casadecampoliving.com\/es\/asociacion-de-hoteles-la-romana-bayahibe-anuncia-quinta-edicion-del-bayahibe-10k\/","url":"https:\/\/casadecampoliving.com\/es\/asociacion-de-hoteles-la-romana-bayahibe-anuncia-quinta-edicion-del-bayahibe-10k\/","name":"Asociaci\u00f3n de Hoteles La Romana Bayah\u00edbe anuncia quinta edici\u00f3n del Bayahibe 10k | Casa de Campo Living","isPartOf":{"@id":"https:\/\/casadecampoliving.com\/es\/#website"},"primaryImageOfPage":{"@id":"https:\/\/casadecampoliving.com\/es\/asociacion-de-hoteles-la-romana-bayahibe-anuncia-quinta-edicion-del-bayahibe-10k\/#primaryimage"},"image":{"@id":"https:\/\/casadecampoliving.com\/es\/asociacion-de-hoteles-la-romana-bayahibe-anuncia-quinta-edicion-del-bayahibe-10k\/#primaryimage"},"thumbnailUrl":"https:\/\/i0.wp.com\/casadecampoliving.com\/wp-content\/uploads\/2022\/10\/Antonio-de-Jesu%CC%81s-Del-Rosario-Ana-Garcia-Sotoca-Andre%CC%81s-Ferna%CC%81ndez-Marlenny-Pen%CC%83a-Luz-Polanco-Christian-Corporan-Cedano.jpeg?fit=1000%2C600&ssl=1","datePublished":"2017-09-04T04:00:00+00:00","dateModified":"2022-10-21T23:12:19+00:00","description":"La Asociaci\u00f3n de Hoteles La Romana-Bayah\u00edbe y el Cl\u00faster Tur\u00edstico La Romana Bayahibe anunciaron la quinta edici\u00f3n de la carrera Bayah\u00edbe 10K, a","breadcrumb":{"@id":"https:\/\/casadecampoliving.com\/es\/asociacion-de-hoteles-la-romana-bayahibe-anuncia-quinta-edicion-del-bayahibe-10k\/#breadcrumb"},"inLanguage":"es","potentialAction":[{"@type":"ReadAction","target":["https:\/\/casadecampoliving.com\/es\/asociacion-de-hoteles-la-romana-bayahibe-anuncia-quinta-edicion-del-bayahibe-10k\/"]}]},{"@type":"ImageObject","inLanguage":"es","@id":"https:\/\/casadecampoliving.com\/es\/asociacion-de-hoteles-la-romana-bayahibe-anuncia-quinta-edicion-del-bayahibe-10k\/#primaryimage","url":"https:\/\/i0.wp.com\/casadecampoliving.com\/wp-content\/uploads\/2022\/10\/Antonio-de-Jesu%CC%81s-Del-Rosario-Ana-Garcia-Sotoca-Andre%CC%81s-Ferna%CC%81ndez-Marlenny-Pen%CC%83a-Luz-Polanco-Christian-Corporan-Cedano.jpeg?fit=1000%2C600&ssl=1","contentUrl":"https:\/\/i0.wp.com\/casadecampoliving.com\/wp-content\/uploads\/2022\/10\/Antonio-de-Jesu%CC%81s-Del-Rosario-Ana-Garcia-Sotoca-Andre%CC%81s-Ferna%CC%81ndez-Marlenny-Pen%CC%83a-Luz-Polanco-Christian-Corporan-Cedano.jpeg?fit=1000%2C600&ssl=1","width":1000,"height":600},{"@type":"BreadcrumbList","@id":"https:\/\/casadecampoliving.com\/es\/asociacion-de-hoteles-la-romana-bayahibe-anuncia-quinta-edicion-del-bayahibe-10k\/#breadcrumb","itemListElement":[{"@type":"ListItem","position":1,"name":"Home","item":"https:\/\/casadecampoliving.com\/es\/"},{"@type":"ListItem","position":2,"name":"Asociaci\u00f3n de Hoteles La Romana Bayah\u00edbe anuncia quinta edici\u00f3n del Bayahibe 10k"}]},{"@type":"WebSite","@id":"https:\/\/casadecampoliving.com\/es\/#website","url":"https:\/\/casadecampoliving.com\/es\/","name":"Casa de Campo Living","description":"Resort community news and resources.","publisher":{"@id":"https:\/\/casadecampoliving.com\/es\/#organization"},"potentialAction":[{"@type":"SearchAction","target":{"@type":"EntryPoint","urlTemplate":"https:\/\/casadecampoliving.com\/es\/?s={search_term_string}"},"query-input":{"@type":"PropertyValueSpecification","valueRequired":true,"valueName":"search_term_string"}}],"inLanguage":"es"},{"@type":"Organization","@id":"https:\/\/casadecampoliving.com\/es\/#organization","name":"Casa de Campo Living","url":"https:\/\/casadecampoliving.com\/es\/","logo":{"@type":"ImageObject","inLanguage":"es","@id":"https:\/\/casadecampoliving.com\/es\/#\/schema\/logo\/image\/","url":"https:\/\/i0.wp.com\/casadecampoliving.com\/wp-content\/uploads\/2022\/07\/CDCLivingLogo_V1-white-sized.png?fit=800%2C214&ssl=1","contentUrl":"https:\/\/i0.wp.com\/casadecampoliving.com\/wp-content\/uploads\/2022\/07\/CDCLivingLogo_V1-white-sized.png?fit=800%2C214&ssl=1","width":800,"height":214,"caption":"Casa de Campo Living"},"image":{"@id":"https:\/\/casadecampoliving.com\/es\/#\/schema\/logo\/image\/"},"sameAs":["https:\/\/www.facebook.com\/casadecampoliving","https:\/\/x.com\/cdcliving"]},{"@type":"Person","@id":"https:\/\/casadecampoliving.com\/es\/#\/schema\/person\/5d2171637a9d11e0e43ce6b8555f9422","name":"Casa de Campo Living","image":{"@type":"ImageObject","inLanguage":"es","@id":"https:\/\/secure.gravatar.com\/avatar\/d04101fa4a9fd431e939953b1500fdc7a73cd35029f86d98712fd8ccdaebaf9a?s=96&d=mm&r=g","url":"https:\/\/secure.gravatar.com\/avatar\/d04101fa4a9fd431e939953b1500fdc7a73cd35029f86d98712fd8ccdaebaf9a?s=96&d=mm&r=g","contentUrl":"https:\/\/secure.gravatar.com\/avatar\/d04101fa4a9fd431e939953b1500fdc7a73cd35029f86d98712fd8ccdaebaf9a?s=96&d=mm&r=g","caption":"Casa de Campo Living"},"url":"https:\/\/casadecampoliving.com\/es\/author\/casa-de-campo-living\/"}]}},"parsely":{"version":"1.1.0","canonical_url":"https:\/\/casadecampoliving.com\/es\/asociacion-de-hoteles-la-romana-bayahibe-anuncia-quinta-edicion-del-bayahibe-10k\/","smart_links":{"inbound":0,"outbound":0},"traffic_boost_suggestions_count":0,"meta":{"@context":"https:\/\/schema.org","@type":"NewsArticle","headline":"Asociaci\u00f3n de Hoteles La Romana Bayah\u00edbe anuncia quinta edici\u00f3n del Bayahibe 10k","url":"http:\/\/casadecampoliving.com\/es\/asociacion-de-hoteles-la-romana-bayahibe-anuncia-quinta-edicion-del-bayahibe-10k\/","mainEntityOfPage":{"@type":"WebPage","@id":"http:\/\/casadecampoliving.com\/es\/asociacion-de-hoteles-la-romana-bayahibe-anuncia-quinta-edicion-del-bayahibe-10k\/"},"thumbnailUrl":"https:\/\/i0.wp.com\/casadecampoliving.com\/wp-content\/uploads\/2022\/10\/Antonio-de-Jesu%CC%81s-Del-Rosario-Ana-Garcia-Sotoca-Andre%CC%81s-Ferna%CC%81ndez-Marlenny-Pen%CC%83a-Luz-Polanco-Christian-Corporan-Cedano.jpeg?resize=150%2C150&ssl=1","image":{"@type":"ImageObject","url":"https:\/\/i0.wp.com\/casadecampoliving.com\/wp-content\/uploads\/2022\/10\/Antonio-de-Jesu%CC%81s-Del-Rosario-Ana-Garcia-Sotoca-Andre%CC%81s-Ferna%CC%81ndez-Marlenny-Pen%CC%83a-Luz-Polanco-Christian-Corporan-Cedano.jpeg?fit=1000%2C600&ssl=1"},"articleSection":"Deportes","author":[{"@type":"Person","name":"Casa de Campo Living"}],"creator":["Casa de Campo Living"],"publisher":{"@type":"Organization","name":"Casa de Campo Living","logo":"https:\/\/casadecampoliving.com\/wp-content\/uploads\/2022\/07\/CDCLivingLogo_V1-white-sized.png"},"keywords":["asociacion de hoteles la romana bayahibe","bayahibe 10k @es","cluster turistico la romana bayahibe"],"dateCreated":"2017-09-04T04:00:00Z","datePublished":"2017-09-04T04:00:00Z","dateModified":"2022-10-21T23:12:19Z"},"rendered":"<script type=\"application\/ld+json\" class=\"wp-parsely-metadata\">{\"@context\":\"https:\\\/\\\/schema.org\",\"@type\":\"NewsArticle\",\"headline\":\"Asociaci\\u00f3n de Hoteles La Romana Bayah\\u00edbe anuncia quinta edici\\u00f3n del Bayahibe 10k\",\"url\":\"http:\\\/\\\/casadecampoliving.com\\\/es\\\/asociacion-de-hoteles-la-romana-bayahibe-anuncia-quinta-edicion-del-bayahibe-10k\\\/\",\"mainEntityOfPage\":{\"@type\":\"WebPage\",\"@id\":\"http:\\\/\\\/casadecampoliving.com\\\/es\\\/asociacion-de-hoteles-la-romana-bayahibe-anuncia-quinta-edicion-del-bayahibe-10k\\\/\"},\"thumbnailUrl\":\"https:\\\/\\\/i0.wp.com\\\/casadecampoliving.com\\\/wp-content\\\/uploads\\\/2022\\\/10\\\/Antonio-de-Jesu%CC%81s-Del-Rosario-Ana-Garcia-Sotoca-Andre%CC%81s-Ferna%CC%81ndez-Marlenny-Pen%CC%83a-Luz-Polanco-Christian-Corporan-Cedano.jpeg?resize=150%2C150&ssl=1\",\"image\":{\"@type\":\"ImageObject\",\"url\":\"https:\\\/\\\/i0.wp.com\\\/casadecampoliving.com\\\/wp-content\\\/uploads\\\/2022\\\/10\\\/Antonio-de-Jesu%CC%81s-Del-Rosario-Ana-Garcia-Sotoca-Andre%CC%81s-Ferna%CC%81ndez-Marlenny-Pen%CC%83a-Luz-Polanco-Christian-Corporan-Cedano.jpeg?fit=1000%2C600&ssl=1\"},\"articleSection\":\"Deportes\",\"author\":[{\"@type\":\"Person\",\"name\":\"Casa de Campo Living\"}],\"creator\":[\"Casa de Campo Living\"],\"publisher\":{\"@type\":\"Organization\",\"name\":\"Casa de Campo Living\",\"logo\":\"https:\\\/\\\/casadecampoliving.com\\\/wp-content\\\/uploads\\\/2022\\\/07\\\/CDCLivingLogo_V1-white-sized.png\"},\"keywords\":[\"asociacion de hoteles la romana bayahibe\",\"bayahibe 10k @es\",\"cluster turistico la romana bayahibe\"],\"dateCreated\":\"2017-09-04T04:00:00Z\",\"datePublished\":\"2017-09-04T04:00:00Z\",\"dateModified\":\"2022-10-21T23:12:19Z\"}<\/script>","tracker_url":"https:\/\/cdn.parsely.com\/keys\/casadecampoliving.com\/p.js"},"jetpack_publicize_connections":[],"jetpack_featured_media_url":"https:\/\/i0.wp.com\/casadecampoliving.com\/wp-content\/uploads\/2022\/10\/Antonio-de-Jesu%CC%81s-Del-Rosario-Ana-Garcia-Sotoca-Andre%CC%81s-Ferna%CC%81ndez-Marlenny-Pen%CC%83a-Luz-Polanco-Christian-Corporan-Cedano.jpeg?fit=1000%2C600&ssl=1","jetpack-related-posts":[{"id":350492,"url":"https:\/\/casadecampoliving.com\/es\/4ta-edicion-de-bayahibe-10k-domingo-18-de-septiembre\/","url_meta":{"origin":351930,"position":0},"title":"La 4ta edici\u00f3n de Bayahibe 10k ser\u00e1 ESTE domingo 18 de septiembre","author":"Marlenys Guzm\u00e1n Casta\u00f1os","date":"14 Sep, 2016","format":false,"excerpt":"La Asociaci\u00f3n de Hoteles (AHRB) y el Cl\u00faster Tur\u00edstico La Romana Bayahibe (CTRB), celebrar\u00e1n la cuarta edici\u00f3n de la carrera Bayah\u00edbe 10K, el domingo 18 de septiembre, partiendo desde la punta de Bayahibe.\u00a0Bayahibe 10K 2016 ser\u00e1 a beneficio del\u00a0Hogar de Ancianos Padre Abreu de La Romana, como parte de la\u2026","rel":"","context":"En \u00abM\u00e1s all\u00e1 de Casa\u00bb","block_context":{"text":"M\u00e1s all\u00e1 de Casa","link":"https:\/\/casadecampoliving.com\/es\/category\/mas-alla-de-casa-es\/"},"img":{"alt_text":"","src":"https:\/\/i0.wp.com\/casadecampoliving.com\/wp-content\/uploads\/2022\/10\/IMG_6276-copy.jpg?fit=1000%2C601&ssl=1&resize=350%2C200","width":350,"height":200,"srcset":"https:\/\/i0.wp.com\/casadecampoliving.com\/wp-content\/uploads\/2022\/10\/IMG_6276-copy.jpg?fit=1000%2C601&ssl=1&resize=350%2C200 1x, https:\/\/i0.wp.com\/casadecampoliving.com\/wp-content\/uploads\/2022\/10\/IMG_6276-copy.jpg?fit=1000%2C601&ssl=1&resize=525%2C300 1.5x, https:\/\/i0.wp.com\/casadecampoliving.com\/wp-content\/uploads\/2022\/10\/IMG_6276-copy.jpg?fit=1000%2C601&ssl=1&resize=700%2C400 2x"},"classes":[]},{"id":353550,"url":"https:\/\/casadecampoliving.com\/es\/5ta-edicion-del-bayahibe-10k-corre-a-beneficio-de-la-fundacion-oncologica-del-este\/","url_meta":{"origin":351930,"position":1},"title":"7ta edici\u00f3n del Bayahibe 10k corre a beneficio de la Fundaci\u00f3n Oncol\u00f3gica del Este","author":"Casa de Campo Living","date":"17 Sep, 2019","format":false,"excerpt":"La Asociaci\u00f3n y el Cl\u00faster de Hoteles La Romana Bayahibe celebraron la s\u00e9ptima edici\u00f3n de la carrera Bayahibe 10k con la participaci\u00f3n de m\u00e1s de 600 corredores, dedicada a la conservaci\u00f3n de los arrecifes coralinos. En el primer lugar overall masculino result\u00f3 ganador Amaury Rodr\u00edguez, en el segundo lugar Jilberto\u2026","rel":"","context":"En \u00abDeportes\u00bb","block_context":{"text":"Deportes","link":"https:\/\/casadecampoliving.com\/es\/category\/golf-deportes-es\/"},"img":{"alt_text":"","src":"https:\/\/i0.wp.com\/casadecampoliving.com\/wp-content\/uploads\/2022\/10\/Soranyi-Rodriguez-Jordania-Di%CC%81az-y-Deimi-Padilla.jpg?fit=1000%2C666&ssl=1&resize=350%2C200","width":350,"height":200,"srcset":"https:\/\/i0.wp.com\/casadecampoliving.com\/wp-content\/uploads\/2022\/10\/Soranyi-Rodriguez-Jordania-Di%CC%81az-y-Deimi-Padilla.jpg?fit=1000%2C666&ssl=1&resize=350%2C200 1x, https:\/\/i0.wp.com\/casadecampoliving.com\/wp-content\/uploads\/2022\/10\/Soranyi-Rodriguez-Jordania-Di%CC%81az-y-Deimi-Padilla.jpg?fit=1000%2C666&ssl=1&resize=525%2C300 1.5x, https:\/\/i0.wp.com\/casadecampoliving.com\/wp-content\/uploads\/2022\/10\/Soranyi-Rodriguez-Jordania-Di%CC%81az-y-Deimi-Padilla.jpg?fit=1000%2C666&ssl=1&resize=700%2C400 2x"},"classes":[]},{"id":352904,"url":"https:\/\/casadecampoliving.com\/es\/6ta-edicion-del-bayahibe-10k-corre-en-beneficio-de-la-escuela-cavalotto\/","url_meta":{"origin":351930,"position":2},"title":"6ta edici\u00f3n del Bayahibe 10k corre en beneficio de la escuela Cavalotto","author":"Casa de Campo Living","date":"28 Sep, 2018","format":false,"excerpt":"El domingo 23 de septiembre, la Asociaci\u00f3n de Hoteles y el Cl\u00faster Tur\u00edstico La Romana Bayahibe celebraron la sexta edici\u00f3n de la carrera Bayahibe 10k, con la participaci\u00f3n de m\u00e1s de\u00a0600\u00a0corredores, a beneficio de la Escuela de Educaci\u00f3n Especial Padre Sebasti\u00e1n Cavalotto. En el primer lugar overall masculino result\u00f3 ganador\u2026","rel":"","context":"En \u00abDeportes\u00bb","block_context":{"text":"Deportes","link":"https:\/\/casadecampoliving.com\/es\/category\/golf-deportes-es\/"},"img":{"alt_text":"","src":"https:\/\/i0.wp.com\/casadecampoliving-wp.s3-accelerate.amazonaws.com\/2018\/09\/OVERALL-FEMENINO.jpg?resize=350%2C200&ssl=1","width":350,"height":200,"srcset":"https:\/\/i0.wp.com\/casadecampoliving-wp.s3-accelerate.amazonaws.com\/2018\/09\/OVERALL-FEMENINO.jpg?resize=350%2C200&ssl=1 1x, https:\/\/i0.wp.com\/casadecampoliving-wp.s3-accelerate.amazonaws.com\/2018\/09\/OVERALL-FEMENINO.jpg?resize=525%2C300&ssl=1 1.5x, https:\/\/i0.wp.com\/casadecampoliving-wp.s3-accelerate.amazonaws.com\/2018\/09\/OVERALL-FEMENINO.jpg?resize=700%2C400&ssl=1 2x"},"classes":[]},{"id":352857,"url":"https:\/\/casadecampoliving.com\/es\/la-6a-edicion-de-bayahibe-10k-es-este-mes\/","url_meta":{"origin":351930,"position":3},"title":"\u00a1La 6\u00aa edici\u00f3n de Bayahibe 10K es ESTE mes!","author":"Casa de Campo Living","date":"6 Sep, 2018","format":false,"excerpt":"La Asociaci\u00f3n de Hoteles (AHRB) y el Cl\u00faster Tur\u00edstico La Romana Bayahibe (CTRB), celebrar\u00e1n la sexta edici\u00f3n de la carrera Bayah\u00edbe 10K, el domingo 18 de septiembre, partiendo desde la punta de Bayahibe a las 6:30am. Bayahibe 10K 2018 beneficiar\u00e1 a la Escuela de Educaci\u00f3n Especial Padre Sebasti\u00e1n Cavalotto, instituci\u00f3n\u2026","rel":"","context":"En \u00abDeportes\u00bb","block_context":{"text":"Deportes","link":"https:\/\/casadecampoliving.com\/es\/category\/golf-deportes-es\/"},"img":{"alt_text":"","src":"https:\/\/i0.wp.com\/casadecampoliving.com\/wp-content\/uploads\/2018\/09\/Pasada-edicio%CC%81n-bayahibe-10K-2017.jpg?resize=350%2C200&ssl=1","width":350,"height":200,"srcset":"https:\/\/i0.wp.com\/casadecampoliving.com\/wp-content\/uploads\/2018\/09\/Pasada-edicio%CC%81n-bayahibe-10K-2017.jpg?resize=350%2C200&ssl=1 1x, https:\/\/i0.wp.com\/casadecampoliving.com\/wp-content\/uploads\/2018\/09\/Pasada-edicio%CC%81n-bayahibe-10K-2017.jpg?resize=525%2C300&ssl=1 1.5x, https:\/\/i0.wp.com\/casadecampoliving.com\/wp-content\/uploads\/2018\/09\/Pasada-edicio%CC%81n-bayahibe-10K-2017.jpg?resize=700%2C400&ssl=1 2x"},"classes":[]},{"id":350534,"url":"https:\/\/casadecampoliving.com\/es\/pedro-herrera-jaisa-sanchez-ganadores-overall-bayahibe-10k\/","url_meta":{"origin":351930,"position":4},"title":"*Nuevo video* \u00a1Pedro Herrera y Jaisa S\u00e1nchez son los ganadores Overall de la 4ta edici\u00f3n del Bayahibe 10K!","author":"Marlenys Guzm\u00e1n Casta\u00f1os","date":"24 Sep, 2016","format":false,"excerpt":"El pasado\u00a0domingo 18 de septiembre, la cuarta edici\u00f3n del Bayahibe 10k, organizado por la Asociaci\u00f3n de Hoteles Romana Bayahibe y el Cl\u00faster Tur\u00edstico fue todo un \u00e9xito gracias a\u00a0la participaci\u00f3n de numerosos\u00a0locales y visitantes. Este a\u00f1o, \u00a1felicitamos a Pedro Herrera y Jaisa S\u00e1nchez quienes ganar\u00f3n los primeros lugares overall! 500\u2026","rel":"","context":"En \u00abM\u00e1s all\u00e1 de Casa\u00bb","block_context":{"text":"M\u00e1s all\u00e1 de Casa","link":"https:\/\/casadecampoliving.com\/es\/category\/mas-alla-de-casa-es\/"},"img":{"alt_text":"","src":"https:\/\/i0.wp.com\/casadecampoliving.com\/wp-content\/uploads\/2022\/10\/32.jpg?fit=1000%2C602&ssl=1&resize=350%2C200","width":350,"height":200,"srcset":"https:\/\/i0.wp.com\/casadecampoliving.com\/wp-content\/uploads\/2022\/10\/32.jpg?fit=1000%2C602&ssl=1&resize=350%2C200 1x, https:\/\/i0.wp.com\/casadecampoliving.com\/wp-content\/uploads\/2022\/10\/32.jpg?fit=1000%2C602&ssl=1&resize=525%2C300 1.5x, https:\/\/i0.wp.com\/casadecampoliving.com\/wp-content\/uploads\/2022\/10\/32.jpg?fit=1000%2C602&ssl=1&resize=700%2C400 2x"},"classes":[]},{"id":352020,"url":"https:\/\/casadecampoliving.com\/es\/la-5a-edicion-del-bayahibe-10k-fue-una-competencia-renida\/","url_meta":{"origin":351930,"position":5},"title":"La 5\u00aa edici\u00f3n del Bayahibe 10k fue una competencia re\u00f1ida","author":"Heather Lincoln","date":"25 Sep, 2017","format":false,"excerpt":"El 17 de septiembre, m\u00e1s de 500 corredores visitaron Bayahibe temprano para participar en la carrera 10k. Organizado por la Asociaci\u00f3n de Hoteles Romana Bayahibe y el Cl\u00faster de Turismo, el evento fue tan divertido tanto para corredores como para espectadores en la hermosa zona de Dominicus. Los \u00e1nimos estaban\u2026","rel":"","context":"En \u00abM\u00e1s all\u00e1 de Casa\u00bb","block_context":{"text":"M\u00e1s all\u00e1 de Casa","link":"https:\/\/casadecampoliving.com\/es\/category\/mas-alla-de-casa-es\/"},"img":{"alt_text":"5th edition Bayahibe 10k","src":"https:\/\/i0.wp.com\/casadecampoliving.com\/wp-content\/uploads\/2022\/10\/IMG_2475-e1506373005526.jpg?fit=1000%2C600&ssl=1&resize=350%2C200","width":350,"height":200,"srcset":"https:\/\/i0.wp.com\/casadecampoliving.com\/wp-content\/uploads\/2022\/10\/IMG_2475-e1506373005526.jpg?fit=1000%2C600&ssl=1&resize=350%2C200 1x, https:\/\/i0.wp.com\/casadecampoliving.com\/wp-content\/uploads\/2022\/10\/IMG_2475-e1506373005526.jpg?fit=1000%2C600&ssl=1&resize=525%2C300 1.5x, https:\/\/i0.wp.com\/casadecampoliving.com\/wp-content\/uploads\/2022\/10\/IMG_2475-e1506373005526.jpg?fit=1000%2C600&ssl=1&resize=700%2C400 2x"},"classes":[]}],"jetpack_sharing_enabled":true,"_links":{"self":[{"href":"https:\/\/casadecampoliving.com\/es\/wp-json\/wp\/v2\/posts\/351930","targetHints":{"allow":["GET"]}}],"collection":[{"href":"https:\/\/casadecampoliving.com\/es\/wp-json\/wp\/v2\/posts"}],"about":[{"href":"https:\/\/casadecampoliving.com\/es\/wp-json\/wp\/v2\/types\/post"}],"author":[{"embeddable":true,"href":"https:\/\/casadecampoliving.com\/es\/wp-json\/wp\/v2\/users\/36791"}],"replies":[{"embeddable":true,"href":"https:\/\/casadecampoliving.com\/es\/wp-json\/wp\/v2\/comments?post=351930"}],"version-history":[{"count":1,"href":"https:\/\/casadecampoliving.com\/es\/wp-json\/wp\/v2\/posts\/351930\/revisions"}],"predecessor-version":[{"id":351931,"href":"https:\/\/casadecampoliving.com\/es\/wp-json\/wp\/v2\/posts\/351930\/revisions\/351931"}],"wp:featuredmedia":[{"embeddable":true,"href":"https:\/\/casadecampoliving.com\/es\/wp-json\/wp\/v2\/media\/309556"}],"wp:attachment":[{"href":"https:\/\/casadecampoliving.com\/es\/wp-json\/wp\/v2\/media?parent=351930"}],"wp:term":[{"taxonomy":"category","embeddable":true,"href":"https:\/\/casadecampoliving.com\/es\/wp-json\/wp\/v2\/categories?post=351930"},{"taxonomy":"post_tag","embeddable":true,"href":"https:\/\/casadecampoliving.com\/es\/wp-json\/wp\/v2\/tags?post=351930"},{"taxonomy":"newspack_spnsrs_tax","embeddable":true,"href":"https:\/\/casadecampoliving.com\/es\/wp-json\/wp\/v2\/newspack_spnsrs_tax?post=351930"}],"curies":[{"name":"wp","href":"https:\/\/api.w.org\/{rel}","templated":true}]}}