{"id":351912,"date":"2017-08-29T00:00:00","date_gmt":"2017-08-29T04:00:00","guid":{"rendered":"https:\/\/casadecampoliving.com\/campamento-esperanza-alegria-2017-clinica-de-familia-la-romana\/"},"modified":"2022-10-21T19:10:58","modified_gmt":"2022-10-21T23:10:58","slug":"campamento-esperanza-alegria-2017-clinica-de-familia-la-romana","status":"publish","type":"post","link":"https:\/\/casadecampoliving.com\/es\/campamento-esperanza-alegria-2017-clinica-de-familia-la-romana\/","title":{"rendered":"Campamento de Verano de Superh\u00e9roes Campo Esperanza y Alegr\u00eda 2017"},"content":{"rendered":"\n<p>El 4 de agosto culmin\u00f3 el Campamento Esperanza y Alegr\u00eda 2017, el campamento de verano para ni\u00f1os y adolescentes vulnerables de escasos recursos de la regi\u00f3n este del pa\u00eds que organiza desde hace trece a\u00f1os por Cl\u00ednica de Familia La Romana.&nbsp;El Campamento Esperanza y Alegr\u00eda es un ambiente seguro y alegre para ni\u00f1os y adolescentes vulnerables, donde reciben apoyo, amor, cari\u00f1o y respeto de un equipo de t\u00edos que son delicadamente seleccionados y quienes tambi\u00e9n hacen donaciones y aportes especiales al Campamento. Los campistas realizan diversas actividades como pintura, deporte, trabajo comunitario, canciones, dramas, juegos y manualidades, cuya finalidad es fortalecer sus habilidades y la confianza en s\u00ed mismos para tener una vida pr\u00f3spera y saludable.<\/p>\n\n\n\n<!--more-->\n\n\n\n<p>Setenta y siete campistas participaron en el campamento en Jarabacoa este a\u00f1o, bajo el lema \u201cYo Soy un H\u00e9roe\u201d. El broche de cierre de campamento es el gran show de talentos durante el cual los campistas y t\u00edos, disfrazados como su superh\u00e9roe favorito, mostraron cuales eran sus mejores superpoderes actuando, bailando y cantando.&nbsp;La cara de los campistas se pone radiante cuando empiezan a hablar de sus experiencias en el campamento. Con su energ\u00eda y alegr\u00eda, es dif\u00edcil imaginar que a diario viven con muchas precariedades y en entornos familiares complejos. Al regresar de campamento, los campistas dieron testimonios emotivos sobre qu\u00e9 tan importante ha sido el campamento en sus vidas. Una de las campistas coment\u00f3 que,&nbsp;<strong>\u201cEste a\u00f1o pudimos ser superh\u00e9roes y vivir la experiencia de disfrutar en un ambiente maravilloso, siendo protagonistas de nuestras propias aventuras, trabajando en equipo y siendo \u2018S\u00faper Esperanza y S\u00faper Alegr\u00eda.\u2019\u201d<\/strong> A\u00fan no hab\u00eda terminado el campamento y ya est\u00e1 campista est\u00e1 ansiosa de volver a vivir otra gran experiencia en el Campamento Esperanza y Alegr\u00eda 2018.<\/p>\n\n\n<div class=\"wp-block-image\">\n<figure class=\"aligncenter is-resized\"><img loading=\"lazy\" decoding=\"async\" src=\"https:\/\/i0.wp.com\/casadecampoliving.com\/wp-content\/uploads\/2022\/10\/clinicadefamilia01-e1504039081726.jpg?resize=1000%2C647&amp;ssl=1\" alt=\"Cl\u00ednica de la Familia\" class=\"wp-image-146225\" height=\"647\" width=\"1000\"\/><\/figure>\n<\/div>\n\n\n<p>Gracias al trabajo el departamento de recaudaci\u00f3n de fondos y las campa\u00f1as de promoci\u00f3n, este a\u00f1o pudimos casi triplicar el monto recaudado el a\u00f1o anterior. Esto nos llena de satisfacci\u00f3n puesto que cada a\u00f1o poco a poco un mayor n\u00famero de personas y patrocinadores, tanto locales como internacionales, se sensibilizan e identifican con la celebraci\u00f3n de esta actividad y sobre la importancia y la necesidad de que nuestros ni\u00f1os y adolescentes asistan al Campamento Esperanza y Alegr\u00eda.<\/p>\n\n\n\n<blockquote><h4><strong>CL\u00cdNICA DE FAMILIA LA ROMANA<\/strong><\/h4><figure><img decoding=\"async\" loading=\"lazy\" class=\"alignright size-full wp-image-119650\" src=\"https:\/\/i0.wp.com\/casadecampoliving.com\/wp-content\/uploads\/2022\/10\/clinica_de_familia-4.png?resize=218%2C168&amp;ssl=1\" alt=\"clinica_de_familia\" width=\"218\" height=\"168\"><\/figure><p><b>Direcci\u00f3n:&nbsp;<\/b>Calle Gregorio Luper\u00f3n, esquina Calle Gast\u00f3n Fernando Deligne #168 (next to Iglesia Sagrado Coraz\u00f3n de Jes\u00fas), La Aviaci\u00f3n, La Romana<\/p><p><b>Horario:&nbsp;<\/b>Lunes, Miercoles&nbsp;y Jueves: 7AM \u2013 5PM<\/p><p>Martes: 7AM \u2013 7PM (Extended schedule!)<\/p><p>Viernes: 7AM \u2013 4PM<\/p><p><b>Tel\u00e9fono\/whatsapp:&nbsp;<\/b>809-813-2934<\/p><p><b>Fax:&nbsp;<\/b>809-556-3193<\/p><p><b>Sitio web:&nbsp;<\/b><a href=\"http:\/\/www.clinicadefamilia.org.do\/\">www.clinicadefamilia.org.do<\/a><\/p><p><b>Email:&nbsp;<\/b><a href=\"mailto:info@clinicadefamilia.org.do\">info@clinicadefamilia.org.do<\/a><\/p><p><b>Facebook:&nbsp;<\/b><a href=\"https:\/\/www.facebook.com\/ClinicaDeFamiliaLR\">https:\/\/www.facebook.com\/ClinicaDeFamiliaLR<\/a><\/p><p>Tambi\u00e9n puede ver un&nbsp;v\u00eddeo<b>&nbsp;<\/b>informativo de 18 minutos en Ingl\u00e9s acerca de los programas y servicios de la Cl\u00ednica de Familia en:<a href=\"http:\/\/www.clinicadefamilia.org.do\/video\">http:\/\/www.clinicadefamilia.org.do\/video<\/a><\/p><\/blockquote>\n\n\n\n<p><em>* Este art\u00edculo fue contribuido por la Cl\u00ednica de Familia La Romana<\/em><\/p>\n","protected":false},"excerpt":{"rendered":"<p>El 4 de agosto culmin\u00f3 el Campamento Esperanza y Alegr\u00eda 2017, el campamento de verano para ni\u00f1os y adolescentes vulnerables de escasos recursos de la regi\u00f3n este del pa\u00eds que organiza desde hace trece a\u00f1os por Cl\u00ednica de Familia La Romana.&nbsp;El Campamento Esperanza y Alegr\u00eda es un ambiente seguro y alegre para ni\u00f1os y adolescentes [&hellip;]<\/p>\n","protected":false},"author":36681,"featured_media":309229,"comment_status":"closed","ping_status":"closed","sticky":false,"template":"","format":"standard","meta":{"newspack_ads_suppress_ads":false,"newspack_popups_has_disabled_popups":false,"newspack_sponsor_sponsorship_scope":"","newspack_sponsor_native_byline_display":"inherit","newspack_sponsor_native_category_display":"inherit","newspack_sponsor_underwriter_style":"inherit","newspack_sponsor_underwriter_placement":"inherit","_newspack_byline_active":false,"_newspack_byline":"","newspack_hide_updated_date":false,"newspack_show_updated_date":false,"newspack_content_restriction_is_exempt":false,"newspack_featured_image_position":"","newspack_post_subtitle":"","newspack_article_summary_title":"Overview:","newspack_article_summary":"","_jetpack_memberships_contains_paid_content":false,"footnotes":"","jetpack_publicize_message":"","jetpack_publicize_feature_enabled":true,"jetpack_social_post_already_shared":false,"jetpack_social_options":{"image_generator_settings":{"template":"highway","default_image_id":0,"font":"","enabled":false},"version":2},"_wpas_customize_per_network":false},"categories":[2514,2507,2506,14625,2521],"tags":[6877,7465,14542,5887,6164],"newspack_spnsrs_tax":[],"class_list":["post-351912","post","type-post","status-publish","format-standard","has-post-thumbnail","hentry","category-fundaciones-es","category-la-romana-es","category-mas-alla-de-casa-es","category-noticias-locales","category-republica-dominicana-2","tag-campamento-esperanza-y-alegria","tag-clinica-de-familia-es","tag-la-romana-es","tag-sida","tag-vih","entry"],"yoast_head":"<!-- This site is optimized with the Yoast SEO plugin v27.5 - https:\/\/yoast.com\/product\/yoast-seo-wordpress\/ -->\n<title>Campamento de Verano de Superh\u00e9roes Campo Esperanza y Alegr\u00eda 2017 | Casa de Campo Living<\/title>\n<meta name=\"description\" content=\"El 4 de agosto culmin\u00f3 el Campamento Esperanza y Alegr\u00eda 2017, el campamento de verano para ni\u00f1os y adolescentes vulnerables de escasos recursos de la\" \/>\n<meta name=\"robots\" content=\"index, follow, max-snippet:-1, max-image-preview:large, max-video-preview:-1\" \/>\n<link rel=\"canonical\" href=\"https:\/\/casadecampoliving.com\/es\/campamento-esperanza-alegria-2017-clinica-de-familia-la-romana\/\" \/>\n<meta property=\"og:locale\" content=\"es_ES\" \/>\n<meta property=\"og:type\" content=\"article\" \/>\n<meta property=\"og:title\" content=\"Campamento de Verano de Superh\u00e9roes Campo Esperanza y Alegr\u00eda 2017 | Casa de Campo Living\" \/>\n<meta property=\"og:description\" content=\"El 4 de agosto culmin\u00f3 el Campamento Esperanza y Alegr\u00eda 2017, el campamento de verano para ni\u00f1os y adolescentes vulnerables de escasos recursos de la\" \/>\n<meta property=\"og:url\" content=\"https:\/\/casadecampoliving.com\/es\/campamento-esperanza-alegria-2017-clinica-de-familia-la-romana\/\" \/>\n<meta property=\"og:site_name\" content=\"Casa de Campo Living\" \/>\n<meta property=\"article:publisher\" content=\"https:\/\/www.facebook.com\/casadecampoliving\" \/>\n<meta property=\"article:published_time\" content=\"2017-08-29T04:00:00+00:00\" \/>\n<meta property=\"article:modified_time\" content=\"2022-10-21T23:10:58+00:00\" \/>\n<meta property=\"og:image\" content=\"https:\/\/i0.wp.com\/casadecampoliving.com\/wp-content\/uploads\/2022\/10\/clinicadefamilia05-e1504038341242.jpg?fit=1000%2C600&ssl=1\" \/>\n\t<meta property=\"og:image:width\" content=\"1000\" \/>\n\t<meta property=\"og:image:height\" content=\"600\" \/>\n\t<meta property=\"og:image:type\" content=\"image\/jpeg\" \/>\n<meta name=\"author\" content=\"Heather Lincoln\" \/>\n<meta name=\"twitter:card\" content=\"summary_large_image\" \/>\n<meta name=\"twitter:creator\" content=\"@cdcliving\" \/>\n<meta name=\"twitter:site\" content=\"@cdcliving\" \/>\n<meta name=\"twitter:label1\" content=\"Escrito por\" \/>\n\t<meta name=\"twitter:data1\" content=\"Heather Lincoln\" \/>\n\t<meta name=\"twitter:label2\" content=\"Tiempo de lectura\" \/>\n\t<meta name=\"twitter:data2\" content=\"3 minutos\" \/>\n<script type=\"application\/ld+json\" class=\"yoast-schema-graph\">{\"@context\":\"https:\\\/\\\/schema.org\",\"@graph\":[{\"@type\":\"Article\",\"@id\":\"https:\\\/\\\/casadecampoliving.com\\\/es\\\/campamento-esperanza-alegria-2017-clinica-de-familia-la-romana\\\/#article\",\"isPartOf\":{\"@id\":\"https:\\\/\\\/casadecampoliving.com\\\/es\\\/campamento-esperanza-alegria-2017-clinica-de-familia-la-romana\\\/\"},\"author\":{\"name\":\"Heather Lincoln\",\"@id\":\"https:\\\/\\\/casadecampoliving.com\\\/es\\\/#\\\/schema\\\/person\\\/e3abfc63c1478fd703266a6f33a3145d\"},\"headline\":\"Campamento de Verano de Superh\u00e9roes Campo Esperanza y Alegr\u00eda 2017\",\"datePublished\":\"2017-08-29T04:00:00+00:00\",\"dateModified\":\"2022-10-21T23:10:58+00:00\",\"mainEntityOfPage\":{\"@id\":\"https:\\\/\\\/casadecampoliving.com\\\/es\\\/campamento-esperanza-alegria-2017-clinica-de-familia-la-romana\\\/\"},\"wordCount\":544,\"publisher\":{\"@id\":\"https:\\\/\\\/casadecampoliving.com\\\/es\\\/#organization\"},\"image\":{\"@id\":\"https:\\\/\\\/casadecampoliving.com\\\/es\\\/campamento-esperanza-alegria-2017-clinica-de-familia-la-romana\\\/#primaryimage\"},\"thumbnailUrl\":\"https:\\\/\\\/i0.wp.com\\\/casadecampoliving.com\\\/wp-content\\\/uploads\\\/2022\\\/10\\\/clinicadefamilia05-e1504038341242.jpg?fit=1000%2C600&ssl=1\",\"keywords\":[\"campamento esperanza y alegria\",\"clinica de familia @es\",\"La Romana @es\",\"sida\",\"vih\"],\"articleSection\":[\"Fundaciones\",\"La Romana @es\",\"M\u00e1s all\u00e1 de Casa\",\"Noticias Locales\",\"Rep\u00fablica Dominicana @es\"],\"inLanguage\":\"es\"},{\"@type\":\"WebPage\",\"@id\":\"https:\\\/\\\/casadecampoliving.com\\\/es\\\/campamento-esperanza-alegria-2017-clinica-de-familia-la-romana\\\/\",\"url\":\"https:\\\/\\\/casadecampoliving.com\\\/es\\\/campamento-esperanza-alegria-2017-clinica-de-familia-la-romana\\\/\",\"name\":\"Campamento de Verano de Superh\u00e9roes Campo Esperanza y Alegr\u00eda 2017 | Casa de Campo Living\",\"isPartOf\":{\"@id\":\"https:\\\/\\\/casadecampoliving.com\\\/es\\\/#website\"},\"primaryImageOfPage\":{\"@id\":\"https:\\\/\\\/casadecampoliving.com\\\/es\\\/campamento-esperanza-alegria-2017-clinica-de-familia-la-romana\\\/#primaryimage\"},\"image\":{\"@id\":\"https:\\\/\\\/casadecampoliving.com\\\/es\\\/campamento-esperanza-alegria-2017-clinica-de-familia-la-romana\\\/#primaryimage\"},\"thumbnailUrl\":\"https:\\\/\\\/i0.wp.com\\\/casadecampoliving.com\\\/wp-content\\\/uploads\\\/2022\\\/10\\\/clinicadefamilia05-e1504038341242.jpg?fit=1000%2C600&ssl=1\",\"datePublished\":\"2017-08-29T04:00:00+00:00\",\"dateModified\":\"2022-10-21T23:10:58+00:00\",\"description\":\"El 4 de agosto culmin\u00f3 el Campamento Esperanza y Alegr\u00eda 2017, el campamento de verano para ni\u00f1os y adolescentes vulnerables de escasos recursos de la\",\"breadcrumb\":{\"@id\":\"https:\\\/\\\/casadecampoliving.com\\\/es\\\/campamento-esperanza-alegria-2017-clinica-de-familia-la-romana\\\/#breadcrumb\"},\"inLanguage\":\"es\",\"potentialAction\":[{\"@type\":\"ReadAction\",\"target\":[\"https:\\\/\\\/casadecampoliving.com\\\/es\\\/campamento-esperanza-alegria-2017-clinica-de-familia-la-romana\\\/\"]}]},{\"@type\":\"ImageObject\",\"inLanguage\":\"es\",\"@id\":\"https:\\\/\\\/casadecampoliving.com\\\/es\\\/campamento-esperanza-alegria-2017-clinica-de-familia-la-romana\\\/#primaryimage\",\"url\":\"https:\\\/\\\/i0.wp.com\\\/casadecampoliving.com\\\/wp-content\\\/uploads\\\/2022\\\/10\\\/clinicadefamilia05-e1504038341242.jpg?fit=1000%2C600&ssl=1\",\"contentUrl\":\"https:\\\/\\\/i0.wp.com\\\/casadecampoliving.com\\\/wp-content\\\/uploads\\\/2022\\\/10\\\/clinicadefamilia05-e1504038341242.jpg?fit=1000%2C600&ssl=1\",\"width\":1000,\"height\":600,\"caption\":\"Cl\u00ednica de la Familia\"},{\"@type\":\"BreadcrumbList\",\"@id\":\"https:\\\/\\\/casadecampoliving.com\\\/es\\\/campamento-esperanza-alegria-2017-clinica-de-familia-la-romana\\\/#breadcrumb\",\"itemListElement\":[{\"@type\":\"ListItem\",\"position\":1,\"name\":\"Home\",\"item\":\"https:\\\/\\\/casadecampoliving.com\\\/es\\\/\"},{\"@type\":\"ListItem\",\"position\":2,\"name\":\"Campamento de Verano de Superh\u00e9roes Campo Esperanza y Alegr\u00eda 2017\"}]},{\"@type\":\"WebSite\",\"@id\":\"https:\\\/\\\/casadecampoliving.com\\\/es\\\/#website\",\"url\":\"https:\\\/\\\/casadecampoliving.com\\\/es\\\/\",\"name\":\"Casa de Campo Living\",\"description\":\"Resort community news and resources.\",\"publisher\":{\"@id\":\"https:\\\/\\\/casadecampoliving.com\\\/es\\\/#organization\"},\"potentialAction\":[{\"@type\":\"SearchAction\",\"target\":{\"@type\":\"EntryPoint\",\"urlTemplate\":\"https:\\\/\\\/casadecampoliving.com\\\/es\\\/?s={search_term_string}\"},\"query-input\":{\"@type\":\"PropertyValueSpecification\",\"valueRequired\":true,\"valueName\":\"search_term_string\"}}],\"inLanguage\":\"es\"},{\"@type\":\"Organization\",\"@id\":\"https:\\\/\\\/casadecampoliving.com\\\/es\\\/#organization\",\"name\":\"Casa de Campo Living\",\"url\":\"https:\\\/\\\/casadecampoliving.com\\\/es\\\/\",\"logo\":{\"@type\":\"ImageObject\",\"inLanguage\":\"es\",\"@id\":\"https:\\\/\\\/casadecampoliving.com\\\/es\\\/#\\\/schema\\\/logo\\\/image\\\/\",\"url\":\"https:\\\/\\\/i0.wp.com\\\/casadecampoliving.com\\\/wp-content\\\/uploads\\\/2022\\\/07\\\/CDCLivingLogo_V1-white-sized.png?fit=800%2C214&ssl=1\",\"contentUrl\":\"https:\\\/\\\/i0.wp.com\\\/casadecampoliving.com\\\/wp-content\\\/uploads\\\/2022\\\/07\\\/CDCLivingLogo_V1-white-sized.png?fit=800%2C214&ssl=1\",\"width\":800,\"height\":214,\"caption\":\"Casa de Campo Living\"},\"image\":{\"@id\":\"https:\\\/\\\/casadecampoliving.com\\\/es\\\/#\\\/schema\\\/logo\\\/image\\\/\"},\"sameAs\":[\"https:\\\/\\\/www.facebook.com\\\/casadecampoliving\",\"https:\\\/\\\/x.com\\\/cdcliving\"]},{\"@type\":\"Person\",\"@id\":\"https:\\\/\\\/casadecampoliving.com\\\/es\\\/#\\\/schema\\\/person\\\/e3abfc63c1478fd703266a6f33a3145d\",\"name\":\"Heather Lincoln\",\"image\":{\"@type\":\"ImageObject\",\"inLanguage\":\"es\",\"@id\":\"https:\\\/\\\/secure.gravatar.com\\\/avatar\\\/e8fc1ce4ad50385675908137b0d8d66be281d034bf072b4700460237638ea6d0?s=96&d=mm&r=g\",\"url\":\"https:\\\/\\\/secure.gravatar.com\\\/avatar\\\/e8fc1ce4ad50385675908137b0d8d66be281d034bf072b4700460237638ea6d0?s=96&d=mm&r=g\",\"contentUrl\":\"https:\\\/\\\/secure.gravatar.com\\\/avatar\\\/e8fc1ce4ad50385675908137b0d8d66be281d034bf072b4700460237638ea6d0?s=96&d=mm&r=g\",\"caption\":\"Heather Lincoln\"},\"url\":\"https:\\\/\\\/casadecampoliving.com\\\/es\\\/author\\\/hcastillo\\\/\"}]}<\/script>\n<!-- \/ Yoast SEO plugin. -->","yoast_head_json":{"title":"Campamento de Verano de Superh\u00e9roes Campo Esperanza y Alegr\u00eda 2017 | Casa de Campo Living","description":"El 4 de agosto culmin\u00f3 el Campamento Esperanza y Alegr\u00eda 2017, el campamento de verano para ni\u00f1os y adolescentes vulnerables de escasos recursos de la","robots":{"index":"index","follow":"follow","max-snippet":"max-snippet:-1","max-image-preview":"max-image-preview:large","max-video-preview":"max-video-preview:-1"},"canonical":"https:\/\/casadecampoliving.com\/es\/campamento-esperanza-alegria-2017-clinica-de-familia-la-romana\/","og_locale":"es_ES","og_type":"article","og_title":"Campamento de Verano de Superh\u00e9roes Campo Esperanza y Alegr\u00eda 2017 | Casa de Campo Living","og_description":"El 4 de agosto culmin\u00f3 el Campamento Esperanza y Alegr\u00eda 2017, el campamento de verano para ni\u00f1os y adolescentes vulnerables de escasos recursos de la","og_url":"https:\/\/casadecampoliving.com\/es\/campamento-esperanza-alegria-2017-clinica-de-familia-la-romana\/","og_site_name":"Casa de Campo Living","article_publisher":"https:\/\/www.facebook.com\/casadecampoliving","article_published_time":"2017-08-29T04:00:00+00:00","article_modified_time":"2022-10-21T23:10:58+00:00","og_image":[{"width":1000,"height":600,"url":"https:\/\/i0.wp.com\/casadecampoliving.com\/wp-content\/uploads\/2022\/10\/clinicadefamilia05-e1504038341242.jpg?fit=1000%2C600&ssl=1","type":"image\/jpeg"}],"author":"Heather Lincoln","twitter_card":"summary_large_image","twitter_creator":"@cdcliving","twitter_site":"@cdcliving","twitter_misc":{"Escrito por":"Heather Lincoln","Tiempo de lectura":"3 minutos"},"schema":{"@context":"https:\/\/schema.org","@graph":[{"@type":"Article","@id":"https:\/\/casadecampoliving.com\/es\/campamento-esperanza-alegria-2017-clinica-de-familia-la-romana\/#article","isPartOf":{"@id":"https:\/\/casadecampoliving.com\/es\/campamento-esperanza-alegria-2017-clinica-de-familia-la-romana\/"},"author":{"name":"Heather Lincoln","@id":"https:\/\/casadecampoliving.com\/es\/#\/schema\/person\/e3abfc63c1478fd703266a6f33a3145d"},"headline":"Campamento de Verano de Superh\u00e9roes Campo Esperanza y Alegr\u00eda 2017","datePublished":"2017-08-29T04:00:00+00:00","dateModified":"2022-10-21T23:10:58+00:00","mainEntityOfPage":{"@id":"https:\/\/casadecampoliving.com\/es\/campamento-esperanza-alegria-2017-clinica-de-familia-la-romana\/"},"wordCount":544,"publisher":{"@id":"https:\/\/casadecampoliving.com\/es\/#organization"},"image":{"@id":"https:\/\/casadecampoliving.com\/es\/campamento-esperanza-alegria-2017-clinica-de-familia-la-romana\/#primaryimage"},"thumbnailUrl":"https:\/\/i0.wp.com\/casadecampoliving.com\/wp-content\/uploads\/2022\/10\/clinicadefamilia05-e1504038341242.jpg?fit=1000%2C600&ssl=1","keywords":["campamento esperanza y alegria","clinica de familia @es","La Romana @es","sida","vih"],"articleSection":["Fundaciones","La Romana @es","M\u00e1s all\u00e1 de Casa","Noticias Locales","Rep\u00fablica Dominicana @es"],"inLanguage":"es"},{"@type":"WebPage","@id":"https:\/\/casadecampoliving.com\/es\/campamento-esperanza-alegria-2017-clinica-de-familia-la-romana\/","url":"https:\/\/casadecampoliving.com\/es\/campamento-esperanza-alegria-2017-clinica-de-familia-la-romana\/","name":"Campamento de Verano de Superh\u00e9roes Campo Esperanza y Alegr\u00eda 2017 | Casa de Campo Living","isPartOf":{"@id":"https:\/\/casadecampoliving.com\/es\/#website"},"primaryImageOfPage":{"@id":"https:\/\/casadecampoliving.com\/es\/campamento-esperanza-alegria-2017-clinica-de-familia-la-romana\/#primaryimage"},"image":{"@id":"https:\/\/casadecampoliving.com\/es\/campamento-esperanza-alegria-2017-clinica-de-familia-la-romana\/#primaryimage"},"thumbnailUrl":"https:\/\/i0.wp.com\/casadecampoliving.com\/wp-content\/uploads\/2022\/10\/clinicadefamilia05-e1504038341242.jpg?fit=1000%2C600&ssl=1","datePublished":"2017-08-29T04:00:00+00:00","dateModified":"2022-10-21T23:10:58+00:00","description":"El 4 de agosto culmin\u00f3 el Campamento Esperanza y Alegr\u00eda 2017, el campamento de verano para ni\u00f1os y adolescentes vulnerables de escasos recursos de la","breadcrumb":{"@id":"https:\/\/casadecampoliving.com\/es\/campamento-esperanza-alegria-2017-clinica-de-familia-la-romana\/#breadcrumb"},"inLanguage":"es","potentialAction":[{"@type":"ReadAction","target":["https:\/\/casadecampoliving.com\/es\/campamento-esperanza-alegria-2017-clinica-de-familia-la-romana\/"]}]},{"@type":"ImageObject","inLanguage":"es","@id":"https:\/\/casadecampoliving.com\/es\/campamento-esperanza-alegria-2017-clinica-de-familia-la-romana\/#primaryimage","url":"https:\/\/i0.wp.com\/casadecampoliving.com\/wp-content\/uploads\/2022\/10\/clinicadefamilia05-e1504038341242.jpg?fit=1000%2C600&ssl=1","contentUrl":"https:\/\/i0.wp.com\/casadecampoliving.com\/wp-content\/uploads\/2022\/10\/clinicadefamilia05-e1504038341242.jpg?fit=1000%2C600&ssl=1","width":1000,"height":600,"caption":"Cl\u00ednica de la Familia"},{"@type":"BreadcrumbList","@id":"https:\/\/casadecampoliving.com\/es\/campamento-esperanza-alegria-2017-clinica-de-familia-la-romana\/#breadcrumb","itemListElement":[{"@type":"ListItem","position":1,"name":"Home","item":"https:\/\/casadecampoliving.com\/es\/"},{"@type":"ListItem","position":2,"name":"Campamento de Verano de Superh\u00e9roes Campo Esperanza y Alegr\u00eda 2017"}]},{"@type":"WebSite","@id":"https:\/\/casadecampoliving.com\/es\/#website","url":"https:\/\/casadecampoliving.com\/es\/","name":"Casa de Campo Living","description":"Resort community news and resources.","publisher":{"@id":"https:\/\/casadecampoliving.com\/es\/#organization"},"potentialAction":[{"@type":"SearchAction","target":{"@type":"EntryPoint","urlTemplate":"https:\/\/casadecampoliving.com\/es\/?s={search_term_string}"},"query-input":{"@type":"PropertyValueSpecification","valueRequired":true,"valueName":"search_term_string"}}],"inLanguage":"es"},{"@type":"Organization","@id":"https:\/\/casadecampoliving.com\/es\/#organization","name":"Casa de Campo Living","url":"https:\/\/casadecampoliving.com\/es\/","logo":{"@type":"ImageObject","inLanguage":"es","@id":"https:\/\/casadecampoliving.com\/es\/#\/schema\/logo\/image\/","url":"https:\/\/i0.wp.com\/casadecampoliving.com\/wp-content\/uploads\/2022\/07\/CDCLivingLogo_V1-white-sized.png?fit=800%2C214&ssl=1","contentUrl":"https:\/\/i0.wp.com\/casadecampoliving.com\/wp-content\/uploads\/2022\/07\/CDCLivingLogo_V1-white-sized.png?fit=800%2C214&ssl=1","width":800,"height":214,"caption":"Casa de Campo Living"},"image":{"@id":"https:\/\/casadecampoliving.com\/es\/#\/schema\/logo\/image\/"},"sameAs":["https:\/\/www.facebook.com\/casadecampoliving","https:\/\/x.com\/cdcliving"]},{"@type":"Person","@id":"https:\/\/casadecampoliving.com\/es\/#\/schema\/person\/e3abfc63c1478fd703266a6f33a3145d","name":"Heather Lincoln","image":{"@type":"ImageObject","inLanguage":"es","@id":"https:\/\/secure.gravatar.com\/avatar\/e8fc1ce4ad50385675908137b0d8d66be281d034bf072b4700460237638ea6d0?s=96&d=mm&r=g","url":"https:\/\/secure.gravatar.com\/avatar\/e8fc1ce4ad50385675908137b0d8d66be281d034bf072b4700460237638ea6d0?s=96&d=mm&r=g","contentUrl":"https:\/\/secure.gravatar.com\/avatar\/e8fc1ce4ad50385675908137b0d8d66be281d034bf072b4700460237638ea6d0?s=96&d=mm&r=g","caption":"Heather Lincoln"},"url":"https:\/\/casadecampoliving.com\/es\/author\/hcastillo\/"}]}},"parsely":{"version":"1.1.0","canonical_url":"https:\/\/casadecampoliving.com\/es\/campamento-esperanza-alegria-2017-clinica-de-familia-la-romana\/","smart_links":{"inbound":0,"outbound":0},"traffic_boost_suggestions_count":0,"meta":{"@context":"https:\/\/schema.org","@type":"NewsArticle","headline":"Campamento de Verano de Superh\u00e9roes Campo Esperanza y Alegr\u00eda 2017","url":"http:\/\/casadecampoliving.com\/es\/campamento-esperanza-alegria-2017-clinica-de-familia-la-romana\/","mainEntityOfPage":{"@type":"WebPage","@id":"http:\/\/casadecampoliving.com\/es\/campamento-esperanza-alegria-2017-clinica-de-familia-la-romana\/"},"thumbnailUrl":"https:\/\/i0.wp.com\/casadecampoliving.com\/wp-content\/uploads\/2022\/10\/clinicadefamilia05-e1504038341242.jpg?resize=150%2C150&ssl=1","image":{"@type":"ImageObject","url":"https:\/\/i0.wp.com\/casadecampoliving.com\/wp-content\/uploads\/2022\/10\/clinicadefamilia05-e1504038341242.jpg?fit=1000%2C600&ssl=1"},"articleSection":"Fundaciones","author":[{"@type":"Person","name":"Heather Lincoln"}],"creator":["Heather Lincoln"],"publisher":{"@type":"Organization","name":"Casa de Campo Living","logo":"https:\/\/casadecampoliving.com\/wp-content\/uploads\/2022\/07\/CDCLivingLogo_V1-white-sized.png"},"keywords":["campamento esperanza y alegria","clinica de familia @es","la romana @es","sida","vih"],"dateCreated":"2017-08-29T04:00:00Z","datePublished":"2017-08-29T04:00:00Z","dateModified":"2022-10-21T23:10:58Z"},"rendered":"<script type=\"application\/ld+json\" class=\"wp-parsely-metadata\">{\"@context\":\"https:\\\/\\\/schema.org\",\"@type\":\"NewsArticle\",\"headline\":\"Campamento de Verano de Superh\\u00e9roes Campo Esperanza y Alegr\\u00eda 2017\",\"url\":\"http:\\\/\\\/casadecampoliving.com\\\/es\\\/campamento-esperanza-alegria-2017-clinica-de-familia-la-romana\\\/\",\"mainEntityOfPage\":{\"@type\":\"WebPage\",\"@id\":\"http:\\\/\\\/casadecampoliving.com\\\/es\\\/campamento-esperanza-alegria-2017-clinica-de-familia-la-romana\\\/\"},\"thumbnailUrl\":\"https:\\\/\\\/i0.wp.com\\\/casadecampoliving.com\\\/wp-content\\\/uploads\\\/2022\\\/10\\\/clinicadefamilia05-e1504038341242.jpg?resize=150%2C150&ssl=1\",\"image\":{\"@type\":\"ImageObject\",\"url\":\"https:\\\/\\\/i0.wp.com\\\/casadecampoliving.com\\\/wp-content\\\/uploads\\\/2022\\\/10\\\/clinicadefamilia05-e1504038341242.jpg?fit=1000%2C600&ssl=1\"},\"articleSection\":\"Fundaciones\",\"author\":[{\"@type\":\"Person\",\"name\":\"Heather Lincoln\"}],\"creator\":[\"Heather Lincoln\"],\"publisher\":{\"@type\":\"Organization\",\"name\":\"Casa de Campo Living\",\"logo\":\"https:\\\/\\\/casadecampoliving.com\\\/wp-content\\\/uploads\\\/2022\\\/07\\\/CDCLivingLogo_V1-white-sized.png\"},\"keywords\":[\"campamento esperanza y alegria\",\"clinica de familia @es\",\"la romana @es\",\"sida\",\"vih\"],\"dateCreated\":\"2017-08-29T04:00:00Z\",\"datePublished\":\"2017-08-29T04:00:00Z\",\"dateModified\":\"2022-10-21T23:10:58Z\"}<\/script>","tracker_url":"https:\/\/cdn.parsely.com\/keys\/casadecampoliving.com\/p.js"},"jetpack_publicize_connections":[],"jetpack_featured_media_url":"https:\/\/i0.wp.com\/casadecampoliving.com\/wp-content\/uploads\/2022\/10\/clinicadefamilia05-e1504038341242.jpg?fit=1000%2C600&ssl=1","jetpack-related-posts":[{"id":352726,"url":"https:\/\/casadecampoliving.com\/es\/ayudemos-la-clinica-de-familia-llevar-esperanza-y-alegria-los-ninos-de-la-romana\/","url_meta":{"origin":351912,"position":0},"title":"Ayudemos a la Cl\u00ednica de Familia a llevar \u00abEsperanza y Alegr\u00eda\u00bb a los ni\u00f1os de La Romana","author":"Marlenys Guzm\u00e1n Casta\u00f1os","date":"20 Jun, 2018","format":false,"excerpt":"La Cl\u00ednica de Familia La Romana (Cl\u00ednica Familiar) es una organizaci\u00f3n no gubernamental y sin fines de lucro que brinda servicios de atenci\u00f3n m\u00e9dica, con una metodolog\u00eda centrada en la familia desde hace m\u00e1s de 17 a\u00f1os. Trabajan con las poblaciones m\u00e1s vulnerables de la comunidad de La Romana y\u2026","rel":"","context":"En \u00abEventos\u00bb","block_context":{"text":"Eventos","link":"https:\/\/casadecampoliving.com\/es\/category\/eventos-es\/"},"img":{"alt_text":"","src":"https:\/\/i0.wp.com\/casadecampoliving.com\/wp-content\/uploads\/2022\/10\/Clinica-de-Familia-Camp-Hope-and-Joy-1.jpg?fit=1000%2C650&ssl=1&resize=350%2C200","width":350,"height":200,"srcset":"https:\/\/i0.wp.com\/casadecampoliving.com\/wp-content\/uploads\/2022\/10\/Clinica-de-Familia-Camp-Hope-and-Joy-1.jpg?fit=1000%2C650&ssl=1&resize=350%2C200 1x, https:\/\/i0.wp.com\/casadecampoliving.com\/wp-content\/uploads\/2022\/10\/Clinica-de-Familia-Camp-Hope-and-Joy-1.jpg?fit=1000%2C650&ssl=1&resize=525%2C300 1.5x, https:\/\/i0.wp.com\/casadecampoliving.com\/wp-content\/uploads\/2022\/10\/Clinica-de-Familia-Camp-Hope-and-Joy-1.jpg?fit=1000%2C650&ssl=1&resize=700%2C400 2x"},"classes":[]},{"id":342202,"url":"https:\/\/casadecampoliving.com\/es\/clinica-familia-organiza-el-campamento-esperanza-y-alegria-para-80-ninos-vih-positivo-julio-26-agosto-9\/","url_meta":{"origin":351912,"position":1},"title":"Cl\u00ednica Familia organiza el \u00abCampamento Esperanza y Alegr\u00eda\u00bb para 80 ni\u00f1os VIH positivo: julio 26-agosto 9","author":"Mairobi Herrera","date":"3 Jul, 2013","format":false,"excerpt":"Desde el 26 de julio al 9 de agosto, la Cl\u00ednica de Familia, un centro dedicado a la prestaci\u00f3n de asistencia m\u00e9dica a las mujeres y los ni\u00f1os con el virus del VIH, as\u00ed como numerosos programas de apoyo dirigidos a la comunidad de La Romana, realizar\u00e1n su campamento anual\u2026","rel":"","context":"En \u00abDestacados\u00bb","block_context":{"text":"Destacados","link":"https:\/\/casadecampoliving.com\/es\/category\/destacados\/"},"img":{"alt_text":"dominican republic","src":"https:\/\/i0.wp.com\/casadecampoliving.com\/wp-content\/uploads\/2022\/10\/dominican_republic-3.jpg?fit=650%2C314&ssl=1&resize=350%2C200","width":350,"height":200,"srcset":"https:\/\/i0.wp.com\/casadecampoliving.com\/wp-content\/uploads\/2022\/10\/dominican_republic-3.jpg?fit=650%2C314&ssl=1&resize=350%2C200 1x, https:\/\/i0.wp.com\/casadecampoliving.com\/wp-content\/uploads\/2022\/10\/dominican_republic-3.jpg?fit=650%2C314&ssl=1&resize=525%2C300 1.5x"},"classes":[]},{"id":353517,"url":"https:\/\/casadecampoliving.com\/es\/vive-la-fiesta-campamento-esperanza-y-alegria-2019-celebra-15-anos\/","url_meta":{"origin":351912,"position":2},"title":"\u00ab\u00a1Vive la fiesta!\u00bb Campamento Esperanza y Alegr\u00eda 2019 celebra 15 a\u00f1os","author":"Casa de Campo Living","date":"9 Ago, 2019","format":false,"excerpt":"El pasado viernes, 2 de agosto culmin\u00f3 Campamento Esperanza y Alegr\u00eda 2019, el campamento de verano para ni\u00f1os y adolescentes vulnerables de escasos recursos de la regi\u00f3n este del pa\u00eds que organiza desde hace quince a\u00f1os Cl\u00ednica de Familia La Romana. El Campamento Esperanza y Alegr\u00eda es un ambiente seguro\u2026","rel":"","context":"En \u00abFundaciones\u00bb","block_context":{"text":"Fundaciones","link":"https:\/\/casadecampoliving.com\/es\/category\/fundaciones-es\/"},"img":{"alt_text":"","src":"https:\/\/i0.wp.com\/casadecampoliving.com\/wp-content\/uploads\/2022\/10\/IMG_0805.jpg?fit=1000%2C608&ssl=1&resize=350%2C200","width":350,"height":200,"srcset":"https:\/\/i0.wp.com\/casadecampoliving.com\/wp-content\/uploads\/2022\/10\/IMG_0805.jpg?fit=1000%2C608&ssl=1&resize=350%2C200 1x, https:\/\/i0.wp.com\/casadecampoliving.com\/wp-content\/uploads\/2022\/10\/IMG_0805.jpg?fit=1000%2C608&ssl=1&resize=525%2C300 1.5x, https:\/\/i0.wp.com\/casadecampoliving.com\/wp-content\/uploads\/2022\/10\/IMG_0805.jpg?fit=1000%2C608&ssl=1&resize=700%2C400 2x"},"classes":[]},{"id":352844,"url":"https:\/\/casadecampoliving.com\/es\/campamento-de-verano-campo-esperanza-y-alegria-2018-conquistando-mi-proxima-meta\/","url_meta":{"origin":351912,"position":3},"title":"Campamento de Verano Campo Esperanza y Alegr\u00eda 2018 &#8211; \u201cConquistando Mi Pr\u00f3xima Meta\u201d","author":"Casa de Campo Living","date":"29 Ago, 2018","format":false,"excerpt":"El viernes 3 de agosto culmin\u00f3 Campamento Esperanza y Alegr\u00eda 2018, el campamento de verano para ni\u00f1os y adolescentes vulnerables de escasos recursos de la regi\u00f3n este del pa\u00eds que organiza desde hace catorce a\u00f1os Cl\u00ednica de Familia La Romana.\u00a0 El Campamento Esperanza y Alegr\u00eda es un ambiente seguro y\u2026","rel":"","context":"En \u00abFundaciones\u00bb","block_context":{"text":"Fundaciones","link":"https:\/\/casadecampoliving.com\/es\/category\/fundaciones-es\/"},"img":{"alt_text":"","src":"https:\/\/i0.wp.com\/casadecampoliving.com\/wp-content\/uploads\/2018\/08\/DSC07375-1.jpg?resize=350%2C200&ssl=1","width":350,"height":200,"srcset":"https:\/\/i0.wp.com\/casadecampoliving.com\/wp-content\/uploads\/2018\/08\/DSC07375-1.jpg?resize=350%2C200&ssl=1 1x, https:\/\/i0.wp.com\/casadecampoliving.com\/wp-content\/uploads\/2018\/08\/DSC07375-1.jpg?resize=525%2C300&ssl=1 1.5x, https:\/\/i0.wp.com\/casadecampoliving.com\/wp-content\/uploads\/2018\/08\/DSC07375-1.jpg?resize=700%2C400&ssl=1 2x"},"classes":[]},{"id":351715,"url":"https:\/\/casadecampoliving.com\/es\/ayudemos-la-clinica-de-familia-acoger-este-ano-el-campamento-de-esperanza-y-alegria\/","url_meta":{"origin":351912,"position":4},"title":"Ayudemos a la Cl\u00ednica de Familia a acoger este a\u00f1o \u00abEl Campamento de Esperanza y Alegr\u00eda\u00bb","author":"Heather Lincoln","date":"13 Jul, 2017","format":false,"excerpt":"Este mes, a partir del 21 de julio, la Cl\u00ednica de Familia, un centro dedicado a brindar asistencia m\u00e9dica a mujeres y ni\u00f1os con VIH, as\u00ed como de apoyar numerosos programas en beneficio del mejoramiento del \u00e1rea de La Romana, est\u00e1 auspiciando este a\u00f1o su campamento anual \u00a8Esperanza y Alegr\u00eda\u00a8.\u2026","rel":"","context":"En \u00abFundaciones\u00bb","block_context":{"text":"Fundaciones","link":"https:\/\/casadecampoliving.com\/es\/category\/fundaciones-es\/"},"img":{"alt_text":"Clinica de Familia Camp Hope and Joy","src":"https:\/\/i0.wp.com\/casadecampoliving.com\/wp-content\/uploads\/2022\/10\/Clinica-de-Familia-Camp-Hope-and-Joy.jpg?fit=1000%2C650&ssl=1&resize=350%2C200","width":350,"height":200,"srcset":"https:\/\/i0.wp.com\/casadecampoliving.com\/wp-content\/uploads\/2022\/10\/Clinica-de-Familia-Camp-Hope-and-Joy.jpg?fit=1000%2C650&ssl=1&resize=350%2C200 1x, https:\/\/i0.wp.com\/casadecampoliving.com\/wp-content\/uploads\/2022\/10\/Clinica-de-Familia-Camp-Hope-and-Joy.jpg?fit=1000%2C650&ssl=1&resize=525%2C300 1.5x, https:\/\/i0.wp.com\/casadecampoliving.com\/wp-content\/uploads\/2022\/10\/Clinica-de-Familia-Camp-Hope-and-Joy.jpg?fit=1000%2C650&ssl=1&resize=700%2C400 2x"},"classes":[]},{"id":350449,"url":"https:\/\/casadecampoliving.com\/es\/campamento-esperanza-y-alegria-de-la-clinica-de-familia\/","url_meta":{"origin":351912,"position":5},"title":"El campamento de verano de la Cl\u00ednica de Familia le brindo esperanza y alegr\u00eda a los ni\u00f1os m\u00e1s necesitados","author":"Heather Lincoln","date":"3 Sep, 2016","format":false,"excerpt":"La Cl\u00ednica de Familia\u00a0ha compartido con\u00a0Casa de Campo Living un mensaje especial de parte de su campamento Esperanza y Alegr\u00eda que se realiz\u00f3 durante el verano a principios del mes pasado. Esta\u00a0organizaci\u00f3n le brind\u00f3 un ambiente lleno de alegr\u00eda y esperanza a los ni\u00f1os vulnerables de\u00a0la regi\u00f3n este\u00a0de la Rep\u00fablica\u2026","rel":"","context":"En \u00abFundaciones\u00bb","block_context":{"text":"Fundaciones","link":"https:\/\/casadecampoliving.com\/es\/category\/fundaciones-es\/"},"img":{"alt_text":"Camp Hope and Joy","src":"https:\/\/i0.wp.com\/casadecampoliving.com\/wp-content\/uploads\/2022\/10\/DSCN8403-e1472833130629-1.jpg?fit=1000%2C750&ssl=1&resize=350%2C200","width":350,"height":200,"srcset":"https:\/\/i0.wp.com\/casadecampoliving.com\/wp-content\/uploads\/2022\/10\/DSCN8403-e1472833130629-1.jpg?fit=1000%2C750&ssl=1&resize=350%2C200 1x, https:\/\/i0.wp.com\/casadecampoliving.com\/wp-content\/uploads\/2022\/10\/DSCN8403-e1472833130629-1.jpg?fit=1000%2C750&ssl=1&resize=525%2C300 1.5x, https:\/\/i0.wp.com\/casadecampoliving.com\/wp-content\/uploads\/2022\/10\/DSCN8403-e1472833130629-1.jpg?fit=1000%2C750&ssl=1&resize=700%2C400 2x"},"classes":[]}],"jetpack_sharing_enabled":true,"_links":{"self":[{"href":"https:\/\/casadecampoliving.com\/es\/wp-json\/wp\/v2\/posts\/351912","targetHints":{"allow":["GET"]}}],"collection":[{"href":"https:\/\/casadecampoliving.com\/es\/wp-json\/wp\/v2\/posts"}],"about":[{"href":"https:\/\/casadecampoliving.com\/es\/wp-json\/wp\/v2\/types\/post"}],"author":[{"embeddable":true,"href":"https:\/\/casadecampoliving.com\/es\/wp-json\/wp\/v2\/users\/36681"}],"replies":[{"embeddable":true,"href":"https:\/\/casadecampoliving.com\/es\/wp-json\/wp\/v2\/comments?post=351912"}],"version-history":[{"count":1,"href":"https:\/\/casadecampoliving.com\/es\/wp-json\/wp\/v2\/posts\/351912\/revisions"}],"predecessor-version":[{"id":351913,"href":"https:\/\/casadecampoliving.com\/es\/wp-json\/wp\/v2\/posts\/351912\/revisions\/351913"}],"wp:featuredmedia":[{"embeddable":true,"href":"https:\/\/casadecampoliving.com\/es\/wp-json\/wp\/v2\/media\/309229"}],"wp:attachment":[{"href":"https:\/\/casadecampoliving.com\/es\/wp-json\/wp\/v2\/media?parent=351912"}],"wp:term":[{"taxonomy":"category","embeddable":true,"href":"https:\/\/casadecampoliving.com\/es\/wp-json\/wp\/v2\/categories?post=351912"},{"taxonomy":"post_tag","embeddable":true,"href":"https:\/\/casadecampoliving.com\/es\/wp-json\/wp\/v2\/tags?post=351912"},{"taxonomy":"newspack_spnsrs_tax","embeddable":true,"href":"https:\/\/casadecampoliving.com\/es\/wp-json\/wp\/v2\/newspack_spnsrs_tax?post=351912"}],"curies":[{"name":"wp","href":"https:\/\/api.w.org\/{rel}","templated":true}]}}