{"id":351910,"date":"2017-08-29T00:00:00","date_gmt":"2017-08-29T04:00:00","guid":{"rendered":"https:\/\/casadecampoliving.com\/un-verano-en-parsons-the-new-school-for-design\/"},"modified":"2022-11-10T10:00:21","modified_gmt":"2022-11-10T14:00:21","slug":"un-verano-en-parsons-the-new-school-for-design","status":"publish","type":"post","link":"https:\/\/casadecampoliving.com\/es\/un-verano-en-parsons-the-new-school-for-design\/","title":{"rendered":"Estudiantes de Chav\u00f3n completan un verano en Parsons The New School for Design"},"content":{"rendered":"<p>Cada a\u00f1o, un n\u00famero de estudiantes esperanzados solicitan becas a Parsons The New School for Design, ya sea para el verano o para continuar sus estudios despu\u00e9s de la graduaci\u00f3n. Para ser seleccionados deben llenar una solicitud y presentar sus portafolios. Este a\u00f1o, dos estudiantes fueron seleccionadas para asistir a uno de los cursos de verano ofrecidos por la escuela: Mar\u00eda Gonz\u00e1lez y Sulamita Javier.<br \/>\n<!--more--><\/p>\n<p>Desde 1983, la Escuela de Dise\u00f1o Altos de Chav\u00f3n ha estado afiliada a la prestigiosa Parsons The New School for Design, una instituci\u00f3n educativa fundada en 1896 que goza de una gran reputaci\u00f3n internacional por su dedicaci\u00f3n a la excelencia en el campo del arte y el dise\u00f1o. Parsons ofrece programas de verano para los estudiantes desde el 3er grado hasta posgrado. Los estudiantes de Chav\u00f3n participaron en los programas de Estudios Intensivos de Verano, ofrecidos en Nueva York, que son tres semanas de arduo entrenamiento en arte y dise\u00f1o abiertos a estudiantes pre-universitarios (16 a\u00f1os y mayores), estudiantes universitarios y adultos. Los Intensivos de Verano ofrecen clases acad\u00e9micamente rigurosas en ambientes art\u00edsticamente estimulantes.<\/p>\n<figure id=\"attachment_146173\" aria-describedby=\"caption-attachment-146173\" style=\"width: 1000px\" class=\"wp-caption aligncenter\"><img data-recalc-dims=\"1\" loading=\"lazy\" decoding=\"async\" class=\"wp-image-146173 size-full\" src=\"https:\/\/i0.wp.com\/casadecampoliving.com\/wp-content\/uploads\/2022\/10\/experiencia-SS2017-maria-gonzalez.jpeg?resize=1000%2C750&#038;ssl=1\" alt=\"\" width=\"1000\" height=\"750\"><figcaption id=\"caption-attachment-146173\" class=\"wp-caption-text\">Grupo de Dise\u00f1o y Gesti\u00f3n<\/figcaption><\/figure>\n<p>Sulamita Javier opt\u00f3 por participar en el curso de Dise\u00f1o y Gesti\u00f3n. <a href=\"https:\/\/www.newschool.edu\/parsons\/summer-ny\/?show=program-courses\" target=\"_blank\" rel=\"noopener\">Parsons<\/a> ofrece la siguiente descripci\u00f3n del curso: \u00abEl curso ofrece una visi\u00f3n general de los temas centrales del programa de dise\u00f1o y gesti\u00f3n estrat\u00e9gica, con \u00e9nfasis en las relaciones entre dise\u00f1o, experiencia, cambios sociales y econ\u00f3micos. Por supuesto, expone a los estudiantes a la enorme variedad de formas de funciones de dise\u00f1o en contextos de negocios y les ayuda a entender los roles que juegan los dise\u00f1adores en las industrias creativas a trav\u00e9s de lecturas cr\u00edticas y discusiones, estudios de casos, conferencias invitadas, excursiones y proyectos colaborativos y pr\u00e1cticos. Mediante la investigaci\u00f3n, el prototipado, la experimentaci\u00f3n, la autorreflexi\u00f3n y las actividades de toma de decisiones, los estudiantes se convierten en profesionales de recursos y empresarios creativos. La naturaleza intensiva de la clase da lugar a una curva de aprendizaje empinada, las diversas nacionalidades y antecedentes de los estudiantes promoven nuevas perspectivas, y la inmersi\u00f3n en el aula y en la ciudad fomenta nuevas amistades y experiencias \u00ab.<\/p>\n<p>Sulamita comparti\u00f3 con nosotros algunas fotos de su tiempo all\u00ed; y dice: <strong>\u00abNo s\u00f3lo uno aprende una nueva habilidad o profundiza su conocimiento del tema, sino que tambi\u00e9n uno&nbsp;llega&nbsp;a compartir la experiencia con un n\u00famero de personas de diferentes or\u00edgenes y culturas&nbsp;\u00a1y qu\u00e9 mejor lugar que en Nueva York!\u00bb<\/strong><\/p>\n<p>[nggallery id = 2960]&nbsp;<\/p>\n<p>&nbsp;<\/p>\n<p>Mar\u00eda Gonz\u00e1lez opt\u00f3 por participar en el curso Fotograf\u00eda: Digital y Anal\u00f3gica. Los paisajes urbanos de Nueva York ofrecieron a los estudiantes la inspiraci\u00f3n perfecta a medida que desarrollaban sus habilidades en fotograf\u00eda documental y de bellas artes. La clase incluy\u00f3 sessiones en diferente lugares, trabajos de laboratorio, cr\u00edticas y conferencias y todo el trabajo se realiz\u00f3 en blanco y negro. Puedes ver fotos de las obras de Mar\u00eda en la galer\u00eda de abajo y una cita de su experiencia en el extranjero.<\/p>\n<figure id=\"attachment_146186\" aria-describedby=\"caption-attachment-146186\" style=\"width: 1000px\" class=\"wp-caption aligncenter\"><img data-recalc-dims=\"1\" loading=\"lazy\" decoding=\"async\" class=\"wp-image-146186 size-full\" src=\"https:\/\/i0.wp.com\/casadecampoliving.com\/wp-content\/uploads\/2022\/10\/foto-grupal.jpg?resize=1000%2C745&#038;ssl=1\" alt=\"\" width=\"1000\" height=\"745\"><figcaption id=\"caption-attachment-146186\" class=\"wp-caption-text\">Grupo de Fotograf\u00eda Digital y Anal\u00f3gica<\/figcaption><\/figure>\n<blockquote><p>Este verano, tuve el honor de recibir un cupo para un intensivo en Parsons The New School, escog\u00ed el curso \u00abFotograf\u00eda Digital y Anal\u00f3gica: College-Adults\u00bb pues es la especializaci\u00f3n que tomar\u00e9 en Chav\u00f3n el siguiente semestre.<\/p>\n<p>Al llegar el lunes 10 para una breve orientaci\u00f3n de inicio de clases, me recibi\u00f3 una escuela con instalaciones impecables y modernas, un staff amigable y dispuesto a ayudar y un grupo de compa\u00f1eros de diversas edades y procedencias. Las siguientes tres semanas&nbsp;estuvieron llenas de actividad y fue una excelente oportunidad para reconectarme con mi c\u00e1mara y el h\u00e1bito de llevarla a todos lados. Todos los laboratorios digitales y anal\u00f3gicos estuvieron siempre a mi disposici\u00f3n y fueron de gran ayuda para completar mis asignaciones y proyecto final,&nbsp;una serie de 10 fotograf\u00edas que expondr\u00edamos&nbsp;en peque\u00f1o y gran formato.<\/p>\n<p>El resultado final fue muy gratificante, en menos de un mes hab\u00eda logrado un cuerpo de trabajo del que me sent\u00eda orgullosa y pose\u00eda una experiencia que llevar\u00eda presente en el resto de mi b\u00fasqueda como fot\u00f3grafa.<\/p>\n<p>Quedo muy agradecida por la oportunidad.<\/p>\n<p>&#8211; Mar\u00eda Gonz\u00e1lez&nbsp;<\/p><\/blockquote>\n<p>[nggallery id = 2961]&nbsp;<\/p>\n<p>&nbsp;<\/p>\n<p>\u00a1Felicidades a estos estudiantes! Esperamos que hayan disfrutado su tiempo all\u00ed \u00a1y animamos al resto del cuerpo estudiantil a aplicar a estos programas cuando tengan la oportunidad ya que les beneficiar\u00e1 de varias maneras!<\/p>\n","protected":false},"excerpt":{"rendered":"<p>Cada a\u00f1o, un n\u00famero de estudiantes esperanzados solicitan becas a Parsons The New School for Design, ya sea para el verano o para continuar sus estudios despu\u00e9s de la graduaci\u00f3n. Para ser seleccionados deben llenar una solicitud y presentar sus portafolios. Este a\u00f1o, dos estudiantes fueron seleccionadas para asistir a uno de los cursos de [&hellip;]<\/p>\n","protected":false},"author":36682,"featured_media":309140,"comment_status":"closed","ping_status":"closed","sticky":false,"template":"","format":"standard","meta":{"newspack_ads_suppress_ads":false,"newspack_popups_has_disabled_popups":false,"newspack_sponsor_sponsorship_scope":"","newspack_sponsor_native_byline_display":"inherit","newspack_sponsor_native_category_display":"inherit","newspack_sponsor_underwriter_style":"inherit","newspack_sponsor_underwriter_placement":"inherit","_newspack_byline_active":false,"_newspack_byline":"","newspack_hide_updated_date":false,"newspack_show_updated_date":false,"newspack_content_restriction_is_exempt":false,"newspack_featured_image_position":"","newspack_post_subtitle":"","newspack_article_summary_title":"Overview:","newspack_article_summary":"","_jetpack_memberships_contains_paid_content":false,"footnotes":"","jetpack_publicize_message":"","jetpack_publicize_feature_enabled":true,"jetpack_social_post_already_shared":false,"jetpack_social_options":{"image_generator_settings":{"template":"highway","default_image_id":0,"font":"","enabled":false},"version":2},"_wpas_customize_per_network":false},"categories":[26819,26823,2506,14625,2498],"tags":[15387,3575,8641,18444,4743,2535,14736,2804,9469],"newspack_spnsrs_tax":[],"class_list":["post-351910","post","type-post","status-publish","format-standard","has-post-thumbnail","hentry","category-altos-de-chavon-es","category-arte-y-cultura","category-mas-alla-de-casa-es","category-noticias-locales","category-uncategorized-es","tag-altos-de-chavon-es","tag-altos-de-chavon-es-2","tag-becas","tag-curso","tag-escuela-de-diseno","tag-estudiantes","tag-featured-topview-es","tag-nueva-york","tag-verano","entry"],"yoast_head":"<!-- This site is optimized with the Yoast SEO plugin v27.4 - https:\/\/yoast.com\/product\/yoast-seo-wordpress\/ -->\n<title>Estudiantes de Chav\u00f3n completan un verano en Parsons The New School for Design | Casa de Campo Living<\/title>\n<meta name=\"description\" content=\"Cada a\u00f1o, un n\u00famero de estudiantes esperanzados solicitan becas a Parsons The New School for Design, ya sea para el verano o para continuar sus estudios\" \/>\n<meta name=\"robots\" content=\"index, follow, max-snippet:-1, max-image-preview:large, max-video-preview:-1\" \/>\n<link rel=\"canonical\" href=\"https:\/\/casadecampoliving.com\/es\/un-verano-en-parsons-the-new-school-for-design\/\" \/>\n<meta property=\"og:locale\" content=\"es_ES\" \/>\n<meta property=\"og:type\" content=\"article\" \/>\n<meta property=\"og:title\" content=\"Estudiantes de Chav\u00f3n completan un verano en Parsons The New School for Design | Casa de Campo Living\" \/>\n<meta property=\"og:description\" content=\"Cada a\u00f1o, un n\u00famero de estudiantes esperanzados solicitan becas a Parsons The New School for Design, ya sea para el verano o para continuar sus estudios\" \/>\n<meta property=\"og:url\" content=\"https:\/\/casadecampoliving.com\/es\/un-verano-en-parsons-the-new-school-for-design\/\" \/>\n<meta property=\"og:site_name\" content=\"Casa de Campo Living\" \/>\n<meta property=\"article:publisher\" content=\"https:\/\/www.facebook.com\/casadecampoliving\" \/>\n<meta property=\"article:published_time\" content=\"2017-08-29T04:00:00+00:00\" \/>\n<meta property=\"article:modified_time\" content=\"2022-11-10T14:00:21+00:00\" \/>\n<meta property=\"og:image\" content=\"https:\/\/i0.wp.com\/casadecampoliving.com\/wp-content\/uploads\/2022\/10\/proyecto-final-2.jpg?fit=1000%2C667&ssl=1\" \/>\n\t<meta property=\"og:image:width\" content=\"1000\" \/>\n\t<meta property=\"og:image:height\" content=\"667\" \/>\n\t<meta property=\"og:image:type\" content=\"image\/jpeg\" \/>\n<meta name=\"author\" content=\"Marlenys Guzm\u00e1n Casta\u00f1os\" \/>\n<meta name=\"twitter:card\" content=\"summary_large_image\" \/>\n<meta name=\"twitter:creator\" content=\"@cdcliving\" \/>\n<meta name=\"twitter:site\" content=\"@cdcliving\" \/>\n<meta name=\"twitter:label1\" content=\"Escrito por\" \/>\n\t<meta name=\"twitter:data1\" content=\"Marlenys Guzm\u00e1n Casta\u00f1os\" \/>\n\t<meta name=\"twitter:label2\" content=\"Tiempo de lectura\" \/>\n\t<meta name=\"twitter:data2\" content=\"4 minutos\" \/>\n<script type=\"application\/ld+json\" class=\"yoast-schema-graph\">{\"@context\":\"https:\\\/\\\/schema.org\",\"@graph\":[{\"@type\":\"Article\",\"@id\":\"https:\\\/\\\/casadecampoliving.com\\\/es\\\/un-verano-en-parsons-the-new-school-for-design\\\/#article\",\"isPartOf\":{\"@id\":\"https:\\\/\\\/casadecampoliving.com\\\/es\\\/un-verano-en-parsons-the-new-school-for-design\\\/\"},\"author\":{\"name\":\"Marlenys Guzm\u00e1n Casta\u00f1os\",\"@id\":\"https:\\\/\\\/casadecampoliving.com\\\/es\\\/#\\\/schema\\\/person\\\/b6606bd87f9cec8f5903e2141cafda24\"},\"headline\":\"Estudiantes de Chav\u00f3n completan un verano en Parsons The New School for Design\",\"datePublished\":\"2017-08-29T04:00:00+00:00\",\"dateModified\":\"2022-11-10T14:00:21+00:00\",\"mainEntityOfPage\":{\"@id\":\"https:\\\/\\\/casadecampoliving.com\\\/es\\\/un-verano-en-parsons-the-new-school-for-design\\\/\"},\"wordCount\":821,\"publisher\":{\"@id\":\"https:\\\/\\\/casadecampoliving.com\\\/es\\\/#organization\"},\"image\":{\"@id\":\"https:\\\/\\\/casadecampoliving.com\\\/es\\\/un-verano-en-parsons-the-new-school-for-design\\\/#primaryimage\"},\"thumbnailUrl\":\"https:\\\/\\\/i0.wp.com\\\/casadecampoliving.com\\\/wp-content\\\/uploads\\\/2022\\\/10\\\/proyecto-final-2.jpg?fit=1000%2C667&ssl=1\",\"keywords\":[\"Altos de Chavon\",\"Altos de Chavon -es\",\"becas\",\"curso\",\"escuela de dise\u00f1o\",\"estudiantes\",\"Featured-TopView @es\",\"nueva york\",\"Verano\"],\"articleSection\":[\"Altos de Chavon @es\",\"Arte y cultura\",\"M\u00e1s all\u00e1 de Casa\",\"Noticias Locales\",\"Uncategorized @es\"],\"inLanguage\":\"es\"},{\"@type\":\"WebPage\",\"@id\":\"https:\\\/\\\/casadecampoliving.com\\\/es\\\/un-verano-en-parsons-the-new-school-for-design\\\/\",\"url\":\"https:\\\/\\\/casadecampoliving.com\\\/es\\\/un-verano-en-parsons-the-new-school-for-design\\\/\",\"name\":\"Estudiantes de Chav\u00f3n completan un verano en Parsons The New School for Design | Casa de Campo Living\",\"isPartOf\":{\"@id\":\"https:\\\/\\\/casadecampoliving.com\\\/es\\\/#website\"},\"primaryImageOfPage\":{\"@id\":\"https:\\\/\\\/casadecampoliving.com\\\/es\\\/un-verano-en-parsons-the-new-school-for-design\\\/#primaryimage\"},\"image\":{\"@id\":\"https:\\\/\\\/casadecampoliving.com\\\/es\\\/un-verano-en-parsons-the-new-school-for-design\\\/#primaryimage\"},\"thumbnailUrl\":\"https:\\\/\\\/i0.wp.com\\\/casadecampoliving.com\\\/wp-content\\\/uploads\\\/2022\\\/10\\\/proyecto-final-2.jpg?fit=1000%2C667&ssl=1\",\"datePublished\":\"2017-08-29T04:00:00+00:00\",\"dateModified\":\"2022-11-10T14:00:21+00:00\",\"description\":\"Cada a\u00f1o, un n\u00famero de estudiantes esperanzados solicitan becas a Parsons The New School for Design, ya sea para el verano o para continuar sus estudios\",\"breadcrumb\":{\"@id\":\"https:\\\/\\\/casadecampoliving.com\\\/es\\\/un-verano-en-parsons-the-new-school-for-design\\\/#breadcrumb\"},\"inLanguage\":\"es\",\"potentialAction\":[{\"@type\":\"ReadAction\",\"target\":[\"https:\\\/\\\/casadecampoliving.com\\\/es\\\/un-verano-en-parsons-the-new-school-for-design\\\/\"]}]},{\"@type\":\"ImageObject\",\"inLanguage\":\"es\",\"@id\":\"https:\\\/\\\/casadecampoliving.com\\\/es\\\/un-verano-en-parsons-the-new-school-for-design\\\/#primaryimage\",\"url\":\"https:\\\/\\\/i0.wp.com\\\/casadecampoliving.com\\\/wp-content\\\/uploads\\\/2022\\\/10\\\/proyecto-final-2.jpg?fit=1000%2C667&ssl=1\",\"contentUrl\":\"https:\\\/\\\/i0.wp.com\\\/casadecampoliving.com\\\/wp-content\\\/uploads\\\/2022\\\/10\\\/proyecto-final-2.jpg?fit=1000%2C667&ssl=1\",\"width\":1000,\"height\":667},{\"@type\":\"BreadcrumbList\",\"@id\":\"https:\\\/\\\/casadecampoliving.com\\\/es\\\/un-verano-en-parsons-the-new-school-for-design\\\/#breadcrumb\",\"itemListElement\":[{\"@type\":\"ListItem\",\"position\":1,\"name\":\"Home\",\"item\":\"https:\\\/\\\/casadecampoliving.com\\\/es\\\/\"},{\"@type\":\"ListItem\",\"position\":2,\"name\":\"Estudiantes de Chav\u00f3n completan un verano en Parsons The New School for Design\"}]},{\"@type\":\"WebSite\",\"@id\":\"https:\\\/\\\/casadecampoliving.com\\\/es\\\/#website\",\"url\":\"https:\\\/\\\/casadecampoliving.com\\\/es\\\/\",\"name\":\"Casa de Campo Living\",\"description\":\"Resort community news and resources.\",\"publisher\":{\"@id\":\"https:\\\/\\\/casadecampoliving.com\\\/es\\\/#organization\"},\"potentialAction\":[{\"@type\":\"SearchAction\",\"target\":{\"@type\":\"EntryPoint\",\"urlTemplate\":\"https:\\\/\\\/casadecampoliving.com\\\/es\\\/?s={search_term_string}\"},\"query-input\":{\"@type\":\"PropertyValueSpecification\",\"valueRequired\":true,\"valueName\":\"search_term_string\"}}],\"inLanguage\":\"es\"},{\"@type\":\"Organization\",\"@id\":\"https:\\\/\\\/casadecampoliving.com\\\/es\\\/#organization\",\"name\":\"Casa de Campo Living\",\"url\":\"https:\\\/\\\/casadecampoliving.com\\\/es\\\/\",\"logo\":{\"@type\":\"ImageObject\",\"inLanguage\":\"es\",\"@id\":\"https:\\\/\\\/casadecampoliving.com\\\/es\\\/#\\\/schema\\\/logo\\\/image\\\/\",\"url\":\"https:\\\/\\\/i0.wp.com\\\/casadecampoliving.com\\\/wp-content\\\/uploads\\\/2022\\\/07\\\/CDCLivingLogo_V1-white-sized.png?fit=800%2C214&ssl=1\",\"contentUrl\":\"https:\\\/\\\/i0.wp.com\\\/casadecampoliving.com\\\/wp-content\\\/uploads\\\/2022\\\/07\\\/CDCLivingLogo_V1-white-sized.png?fit=800%2C214&ssl=1\",\"width\":800,\"height\":214,\"caption\":\"Casa de Campo Living\"},\"image\":{\"@id\":\"https:\\\/\\\/casadecampoliving.com\\\/es\\\/#\\\/schema\\\/logo\\\/image\\\/\"},\"sameAs\":[\"https:\\\/\\\/www.facebook.com\\\/casadecampoliving\",\"https:\\\/\\\/x.com\\\/cdcliving\"]},{\"@type\":\"Person\",\"@id\":\"https:\\\/\\\/casadecampoliving.com\\\/es\\\/#\\\/schema\\\/person\\\/b6606bd87f9cec8f5903e2141cafda24\",\"name\":\"Marlenys Guzm\u00e1n Casta\u00f1os\",\"image\":{\"@type\":\"ImageObject\",\"inLanguage\":\"es\",\"@id\":\"https:\\\/\\\/secure.gravatar.com\\\/avatar\\\/72f3f86b8e6b3ec744201aeadf11d4a6055e8af194aecd9ad30ffff4437878ee?s=96&d=mm&r=g\",\"url\":\"https:\\\/\\\/secure.gravatar.com\\\/avatar\\\/72f3f86b8e6b3ec744201aeadf11d4a6055e8af194aecd9ad30ffff4437878ee?s=96&d=mm&r=g\",\"contentUrl\":\"https:\\\/\\\/secure.gravatar.com\\\/avatar\\\/72f3f86b8e6b3ec744201aeadf11d4a6055e8af194aecd9ad30ffff4437878ee?s=96&d=mm&r=g\",\"caption\":\"Marlenys Guzm\u00e1n Casta\u00f1os\"},\"url\":\"https:\\\/\\\/casadecampoliving.com\\\/es\\\/author\\\/mguzman\\\/\"}]}<\/script>\n<!-- \/ Yoast SEO plugin. -->","yoast_head_json":{"title":"Estudiantes de Chav\u00f3n completan un verano en Parsons The New School for Design | Casa de Campo Living","description":"Cada a\u00f1o, un n\u00famero de estudiantes esperanzados solicitan becas a Parsons The New School for Design, ya sea para el verano o para continuar sus estudios","robots":{"index":"index","follow":"follow","max-snippet":"max-snippet:-1","max-image-preview":"max-image-preview:large","max-video-preview":"max-video-preview:-1"},"canonical":"https:\/\/casadecampoliving.com\/es\/un-verano-en-parsons-the-new-school-for-design\/","og_locale":"es_ES","og_type":"article","og_title":"Estudiantes de Chav\u00f3n completan un verano en Parsons The New School for Design | Casa de Campo Living","og_description":"Cada a\u00f1o, un n\u00famero de estudiantes esperanzados solicitan becas a Parsons The New School for Design, ya sea para el verano o para continuar sus estudios","og_url":"https:\/\/casadecampoliving.com\/es\/un-verano-en-parsons-the-new-school-for-design\/","og_site_name":"Casa de Campo Living","article_publisher":"https:\/\/www.facebook.com\/casadecampoliving","article_published_time":"2017-08-29T04:00:00+00:00","article_modified_time":"2022-11-10T14:00:21+00:00","og_image":[{"width":1000,"height":667,"url":"https:\/\/i0.wp.com\/casadecampoliving.com\/wp-content\/uploads\/2022\/10\/proyecto-final-2.jpg?fit=1000%2C667&ssl=1","type":"image\/jpeg"}],"author":"Marlenys Guzm\u00e1n Casta\u00f1os","twitter_card":"summary_large_image","twitter_creator":"@cdcliving","twitter_site":"@cdcliving","twitter_misc":{"Escrito por":"Marlenys Guzm\u00e1n Casta\u00f1os","Tiempo de lectura":"4 minutos"},"schema":{"@context":"https:\/\/schema.org","@graph":[{"@type":"Article","@id":"https:\/\/casadecampoliving.com\/es\/un-verano-en-parsons-the-new-school-for-design\/#article","isPartOf":{"@id":"https:\/\/casadecampoliving.com\/es\/un-verano-en-parsons-the-new-school-for-design\/"},"author":{"name":"Marlenys Guzm\u00e1n Casta\u00f1os","@id":"https:\/\/casadecampoliving.com\/es\/#\/schema\/person\/b6606bd87f9cec8f5903e2141cafda24"},"headline":"Estudiantes de Chav\u00f3n completan un verano en Parsons The New School for Design","datePublished":"2017-08-29T04:00:00+00:00","dateModified":"2022-11-10T14:00:21+00:00","mainEntityOfPage":{"@id":"https:\/\/casadecampoliving.com\/es\/un-verano-en-parsons-the-new-school-for-design\/"},"wordCount":821,"publisher":{"@id":"https:\/\/casadecampoliving.com\/es\/#organization"},"image":{"@id":"https:\/\/casadecampoliving.com\/es\/un-verano-en-parsons-the-new-school-for-design\/#primaryimage"},"thumbnailUrl":"https:\/\/i0.wp.com\/casadecampoliving.com\/wp-content\/uploads\/2022\/10\/proyecto-final-2.jpg?fit=1000%2C667&ssl=1","keywords":["Altos de Chavon","Altos de Chavon -es","becas","curso","escuela de dise\u00f1o","estudiantes","Featured-TopView @es","nueva york","Verano"],"articleSection":["Altos de Chavon @es","Arte y cultura","M\u00e1s all\u00e1 de Casa","Noticias Locales","Uncategorized @es"],"inLanguage":"es"},{"@type":"WebPage","@id":"https:\/\/casadecampoliving.com\/es\/un-verano-en-parsons-the-new-school-for-design\/","url":"https:\/\/casadecampoliving.com\/es\/un-verano-en-parsons-the-new-school-for-design\/","name":"Estudiantes de Chav\u00f3n completan un verano en Parsons The New School for Design | Casa de Campo Living","isPartOf":{"@id":"https:\/\/casadecampoliving.com\/es\/#website"},"primaryImageOfPage":{"@id":"https:\/\/casadecampoliving.com\/es\/un-verano-en-parsons-the-new-school-for-design\/#primaryimage"},"image":{"@id":"https:\/\/casadecampoliving.com\/es\/un-verano-en-parsons-the-new-school-for-design\/#primaryimage"},"thumbnailUrl":"https:\/\/i0.wp.com\/casadecampoliving.com\/wp-content\/uploads\/2022\/10\/proyecto-final-2.jpg?fit=1000%2C667&ssl=1","datePublished":"2017-08-29T04:00:00+00:00","dateModified":"2022-11-10T14:00:21+00:00","description":"Cada a\u00f1o, un n\u00famero de estudiantes esperanzados solicitan becas a Parsons The New School for Design, ya sea para el verano o para continuar sus estudios","breadcrumb":{"@id":"https:\/\/casadecampoliving.com\/es\/un-verano-en-parsons-the-new-school-for-design\/#breadcrumb"},"inLanguage":"es","potentialAction":[{"@type":"ReadAction","target":["https:\/\/casadecampoliving.com\/es\/un-verano-en-parsons-the-new-school-for-design\/"]}]},{"@type":"ImageObject","inLanguage":"es","@id":"https:\/\/casadecampoliving.com\/es\/un-verano-en-parsons-the-new-school-for-design\/#primaryimage","url":"https:\/\/i0.wp.com\/casadecampoliving.com\/wp-content\/uploads\/2022\/10\/proyecto-final-2.jpg?fit=1000%2C667&ssl=1","contentUrl":"https:\/\/i0.wp.com\/casadecampoliving.com\/wp-content\/uploads\/2022\/10\/proyecto-final-2.jpg?fit=1000%2C667&ssl=1","width":1000,"height":667},{"@type":"BreadcrumbList","@id":"https:\/\/casadecampoliving.com\/es\/un-verano-en-parsons-the-new-school-for-design\/#breadcrumb","itemListElement":[{"@type":"ListItem","position":1,"name":"Home","item":"https:\/\/casadecampoliving.com\/es\/"},{"@type":"ListItem","position":2,"name":"Estudiantes de Chav\u00f3n completan un verano en Parsons The New School for Design"}]},{"@type":"WebSite","@id":"https:\/\/casadecampoliving.com\/es\/#website","url":"https:\/\/casadecampoliving.com\/es\/","name":"Casa de Campo Living","description":"Resort community news and resources.","publisher":{"@id":"https:\/\/casadecampoliving.com\/es\/#organization"},"potentialAction":[{"@type":"SearchAction","target":{"@type":"EntryPoint","urlTemplate":"https:\/\/casadecampoliving.com\/es\/?s={search_term_string}"},"query-input":{"@type":"PropertyValueSpecification","valueRequired":true,"valueName":"search_term_string"}}],"inLanguage":"es"},{"@type":"Organization","@id":"https:\/\/casadecampoliving.com\/es\/#organization","name":"Casa de Campo Living","url":"https:\/\/casadecampoliving.com\/es\/","logo":{"@type":"ImageObject","inLanguage":"es","@id":"https:\/\/casadecampoliving.com\/es\/#\/schema\/logo\/image\/","url":"https:\/\/i0.wp.com\/casadecampoliving.com\/wp-content\/uploads\/2022\/07\/CDCLivingLogo_V1-white-sized.png?fit=800%2C214&ssl=1","contentUrl":"https:\/\/i0.wp.com\/casadecampoliving.com\/wp-content\/uploads\/2022\/07\/CDCLivingLogo_V1-white-sized.png?fit=800%2C214&ssl=1","width":800,"height":214,"caption":"Casa de Campo Living"},"image":{"@id":"https:\/\/casadecampoliving.com\/es\/#\/schema\/logo\/image\/"},"sameAs":["https:\/\/www.facebook.com\/casadecampoliving","https:\/\/x.com\/cdcliving"]},{"@type":"Person","@id":"https:\/\/casadecampoliving.com\/es\/#\/schema\/person\/b6606bd87f9cec8f5903e2141cafda24","name":"Marlenys Guzm\u00e1n Casta\u00f1os","image":{"@type":"ImageObject","inLanguage":"es","@id":"https:\/\/secure.gravatar.com\/avatar\/72f3f86b8e6b3ec744201aeadf11d4a6055e8af194aecd9ad30ffff4437878ee?s=96&d=mm&r=g","url":"https:\/\/secure.gravatar.com\/avatar\/72f3f86b8e6b3ec744201aeadf11d4a6055e8af194aecd9ad30ffff4437878ee?s=96&d=mm&r=g","contentUrl":"https:\/\/secure.gravatar.com\/avatar\/72f3f86b8e6b3ec744201aeadf11d4a6055e8af194aecd9ad30ffff4437878ee?s=96&d=mm&r=g","caption":"Marlenys Guzm\u00e1n Casta\u00f1os"},"url":"https:\/\/casadecampoliving.com\/es\/author\/mguzman\/"}]}},"parsely":{"version":"1.1.0","canonical_url":"https:\/\/casadecampoliving.com\/es\/un-verano-en-parsons-the-new-school-for-design\/","smart_links":{"inbound":0,"outbound":0},"traffic_boost_suggestions_count":0,"meta":{"@context":"https:\/\/schema.org","@type":"NewsArticle","headline":"Estudiantes de Chav\u00f3n completan un verano en Parsons The New School for Design","url":"http:\/\/casadecampoliving.com\/es\/un-verano-en-parsons-the-new-school-for-design\/","mainEntityOfPage":{"@type":"WebPage","@id":"http:\/\/casadecampoliving.com\/es\/un-verano-en-parsons-the-new-school-for-design\/"},"thumbnailUrl":"https:\/\/i0.wp.com\/casadecampoliving.com\/wp-content\/uploads\/2022\/10\/proyecto-final-2.jpg?resize=150%2C150&ssl=1","image":{"@type":"ImageObject","url":"https:\/\/i0.wp.com\/casadecampoliving.com\/wp-content\/uploads\/2022\/10\/proyecto-final-2.jpg?fit=1000%2C667&ssl=1"},"articleSection":"Altos de Chavon @es","author":[{"@type":"Person","name":"Marlenys Guzm\u00e1n Casta\u00f1os"}],"creator":["Marlenys Guzm\u00e1n Casta\u00f1os"],"publisher":{"@type":"Organization","name":"Casa de Campo Living","logo":"https:\/\/casadecampoliving.com\/wp-content\/uploads\/2022\/07\/CDCLivingLogo_V1-white-sized.png"},"keywords":["altos de chavon","altos de chavon -es","becas","curso","escuela de dise\u00f1o","estudiantes","featured-topview @es","nueva york","verano"],"dateCreated":"2017-08-29T04:00:00Z","datePublished":"2017-08-29T04:00:00Z","dateModified":"2022-11-10T14:00:21Z"},"rendered":"<script type=\"application\/ld+json\" class=\"wp-parsely-metadata\">{\"@context\":\"https:\\\/\\\/schema.org\",\"@type\":\"NewsArticle\",\"headline\":\"Estudiantes de Chav\\u00f3n completan un verano en Parsons The New School for Design\",\"url\":\"http:\\\/\\\/casadecampoliving.com\\\/es\\\/un-verano-en-parsons-the-new-school-for-design\\\/\",\"mainEntityOfPage\":{\"@type\":\"WebPage\",\"@id\":\"http:\\\/\\\/casadecampoliving.com\\\/es\\\/un-verano-en-parsons-the-new-school-for-design\\\/\"},\"thumbnailUrl\":\"https:\\\/\\\/i0.wp.com\\\/casadecampoliving.com\\\/wp-content\\\/uploads\\\/2022\\\/10\\\/proyecto-final-2.jpg?resize=150%2C150&ssl=1\",\"image\":{\"@type\":\"ImageObject\",\"url\":\"https:\\\/\\\/i0.wp.com\\\/casadecampoliving.com\\\/wp-content\\\/uploads\\\/2022\\\/10\\\/proyecto-final-2.jpg?fit=1000%2C667&ssl=1\"},\"articleSection\":\"Altos de Chavon @es\",\"author\":[{\"@type\":\"Person\",\"name\":\"Marlenys Guzm\\u00e1n Casta\\u00f1os\"}],\"creator\":[\"Marlenys Guzm\\u00e1n Casta\\u00f1os\"],\"publisher\":{\"@type\":\"Organization\",\"name\":\"Casa de Campo Living\",\"logo\":\"https:\\\/\\\/casadecampoliving.com\\\/wp-content\\\/uploads\\\/2022\\\/07\\\/CDCLivingLogo_V1-white-sized.png\"},\"keywords\":[\"altos de chavon\",\"altos de chavon -es\",\"becas\",\"curso\",\"escuela de dise\\u00f1o\",\"estudiantes\",\"featured-topview @es\",\"nueva york\",\"verano\"],\"dateCreated\":\"2017-08-29T04:00:00Z\",\"datePublished\":\"2017-08-29T04:00:00Z\",\"dateModified\":\"2022-11-10T14:00:21Z\"}<\/script>","tracker_url":"https:\/\/cdn.parsely.com\/keys\/casadecampoliving.com\/p.js"},"jetpack_publicize_connections":[],"jetpack_featured_media_url":"https:\/\/i0.wp.com\/casadecampoliving.com\/wp-content\/uploads\/2022\/10\/proyecto-final-2.jpg?fit=1000%2C667&ssl=1","jetpack-related-posts":[{"id":343512,"url":"https:\/\/casadecampoliving.com\/es\/chavoneros-historia-de-richard-delgado\/","url_meta":{"origin":351910,"position":0},"title":"Historia de Chavoneros: \u201cSacrificio, oportunidad y desaf\u00edo\u201d &#8211; Richard Delgado","author":"Perkin Agramonte","date":"9 Mar, 2014","format":false,"excerpt":"La prestigiosa Escuela de Arte y Dise\u00f1o Altos de Chav\u00f3n, la cual ha estado graduando estudiantes desde el a\u00f1o 1983, se ha convertido en la casa de muchos artistas y dise\u00f1adores dominicanos como tambi\u00e9n extranjeros ahora reconocidos por su importante trabajo dentro del mundo de la Moda, Dise\u00f1o Gr\u00e1fico y\u2026","rel":"","context":"En \u00abAltos de Chavon @es\u00bb","block_context":{"text":"Altos de Chavon @es","link":"https:\/\/casadecampoliving.com\/category\/altos-de-chavon-es\/"},"img":{"alt_text":"Richard Delgado","src":"https:\/\/i0.wp.com\/casadecampoliving.com\/wp-content\/uploads\/2022\/10\/Richars-3x3-2-scaled.jpg?fit=1200%2C583&ssl=1&resize=350%2C200","width":350,"height":200,"srcset":"https:\/\/i0.wp.com\/casadecampoliving.com\/wp-content\/uploads\/2022\/10\/Richars-3x3-2-scaled.jpg?fit=1200%2C583&ssl=1&resize=350%2C200 1x, https:\/\/i0.wp.com\/casadecampoliving.com\/wp-content\/uploads\/2022\/10\/Richars-3x3-2-scaled.jpg?fit=1200%2C583&ssl=1&resize=525%2C300 1.5x, https:\/\/i0.wp.com\/casadecampoliving.com\/wp-content\/uploads\/2022\/10\/Richars-3x3-2-scaled.jpg?fit=1200%2C583&ssl=1&resize=700%2C400 2x, https:\/\/i0.wp.com\/casadecampoliving.com\/wp-content\/uploads\/2022\/10\/Richars-3x3-2-scaled.jpg?fit=1200%2C583&ssl=1&resize=1050%2C600 3x"},"classes":[]},{"id":352602,"url":"https:\/\/casadecampoliving.com\/es\/aproveche-los-cursos-de-verano-de-chavon-escuela-de-diseno-de-este-ano\/","url_meta":{"origin":351910,"position":1},"title":"\u00a1Aproveche los cursos de verano de Chav\u00f3n Escuela de Dise\u00f1o de este a\u00f1o!","author":"Marlenys Guzm\u00e1n Casta\u00f1os","date":"16 Abr, 2018","format":false,"excerpt":"Chav\u00f3n Escuela de Dise\u00f1o contin\u00faa ofreciendo excelentes programas en su campus de Altos de Chav\u00f3n. Este verano, la escuela ha preparado una gama de cursos excepcionales, \u00a1hay algo para todos, desde adolescentes, estudiantes universitarios y profesionales! Altos de Chav\u00f3n siempre ha sido el hogar del arte y se considera una\u2026","rel":"","context":"En \u00abAltos de Chavon @es\u00bb","block_context":{"text":"Altos de Chavon @es","link":"https:\/\/casadecampoliving.com\/category\/altos-de-chavon-es\/"},"img":{"alt_text":"","src":"https:\/\/i0.wp.com\/casadecampoliving.com\/wp-content\/uploads\/2018\/04\/Chavoneros_2016_Davidoff-3-e1523890157791.jpg?resize=350%2C200&ssl=1","width":350,"height":200,"srcset":"https:\/\/i0.wp.com\/casadecampoliving.com\/wp-content\/uploads\/2018\/04\/Chavoneros_2016_Davidoff-3-e1523890157791.jpg?resize=350%2C200&ssl=1 1x, https:\/\/i0.wp.com\/casadecampoliving.com\/wp-content\/uploads\/2018\/04\/Chavoneros_2016_Davidoff-3-e1523890157791.jpg?resize=525%2C300&ssl=1 1.5x, https:\/\/i0.wp.com\/casadecampoliving.com\/wp-content\/uploads\/2018\/04\/Chavoneros_2016_Davidoff-3-e1523890157791.jpg?resize=700%2C400&ssl=1 2x"},"classes":[]},{"id":350198,"url":"https:\/\/casadecampoliving.com\/es\/20-de-descuento-verano-internacional-chavon\/","url_meta":{"origin":351910,"position":2},"title":"\u00a1\u00a120% DE DESCUENTO!! Aprovecha esta incre\u00edble oferta para los Talleres Verano Internacional de Chav\u00f3n Julio 18-22","author":"Marlenys Guzm\u00e1n Casta\u00f1os","date":"15 Jul, 2016","format":false,"excerpt":"La Escuela de Dise\u00f1o Altos de Chav\u00f3n nos invita a participar en un gran n\u00famero de cursos que se estar\u00e1n realizando durante todo el verano. Hoy es el \u00faltimo d\u00eda del taller de dibujo intensivo que comenz\u00f3 el 4 de julio, \u00a1pero todav\u00eda hay tiempo para inscribirse en algunos cursos\u2026","rel":"","context":"En \u00abAltos de Chavon @es\u00bb","block_context":{"text":"Altos de Chavon @es","link":"https:\/\/casadecampoliving.com\/category\/altos-de-chavon-es\/"},"img":{"alt_text":"Featured Image Chavon International Summer","src":"https:\/\/i0.wp.com\/casadecampoliving.com\/wp-content\/uploads\/2022\/10\/Featured-Image-Chavon-International-Summer-1.jpg?fit=1000%2C600&ssl=1&resize=350%2C200","width":350,"height":200,"srcset":"https:\/\/i0.wp.com\/casadecampoliving.com\/wp-content\/uploads\/2022\/10\/Featured-Image-Chavon-International-Summer-1.jpg?fit=1000%2C600&ssl=1&resize=350%2C200 1x, https:\/\/i0.wp.com\/casadecampoliving.com\/wp-content\/uploads\/2022\/10\/Featured-Image-Chavon-International-Summer-1.jpg?fit=1000%2C600&ssl=1&resize=525%2C300 1.5x, https:\/\/i0.wp.com\/casadecampoliving.com\/wp-content\/uploads\/2022\/10\/Featured-Image-Chavon-International-Summer-1.jpg?fit=1000%2C600&ssl=1&resize=700%2C400 2x"},"classes":[]},{"id":350407,"url":"https:\/\/casadecampoliving.com\/es\/cursos-intensivos-verano-la-escuela-de-diseno-altos-de-chavon\/","url_meta":{"origin":351910,"position":3},"title":"\u00a1Inscr\u00edbase en los cursos intensivos de verano de la Escuela de Dise\u00f1o Altos de Chav\u00f3n que contin\u00faan ma\u00f1ana!","author":"Marlenys Guzm\u00e1n Casta\u00f1os","date":"21 Ago, 2016","format":false,"excerpt":"Junto a sus talleres de Chav\u00f3n Verano Internacional, la Escuela de Dise\u00f1o de Altos de Chav\u00f3n tambi\u00e9n estar\u00e1 realizando\u00a0sus cursos intensivos de 3 d\u00edas dise\u00f1ados para desarrollar las t\u00e9cnicas y habilidades de los estudiantes adem\u00e1s de su creatividad. Los cursos comenzaron Viernes 19 de agosto y cubrir\u00e1n una variedad de\u2026","rel":"","context":"En \u00abAltos de Chavon @es\u00bb","block_context":{"text":"Altos de Chavon @es","link":"https:\/\/casadecampoliving.com\/category\/altos-de-chavon-es\/"},"img":{"alt_text":"Chav\u00f3n School of Design","src":"https:\/\/i0.wp.com\/casadecampoliving.com\/wp-content\/uploads\/2022\/10\/IMG_1093-e1471784561774.jpg?fit=1000%2C667&ssl=1&resize=350%2C200","width":350,"height":200,"srcset":"https:\/\/i0.wp.com\/casadecampoliving.com\/wp-content\/uploads\/2022\/10\/IMG_1093-e1471784561774.jpg?fit=1000%2C667&ssl=1&resize=350%2C200 1x, https:\/\/i0.wp.com\/casadecampoliving.com\/wp-content\/uploads\/2022\/10\/IMG_1093-e1471784561774.jpg?fit=1000%2C667&ssl=1&resize=525%2C300 1.5x, https:\/\/i0.wp.com\/casadecampoliving.com\/wp-content\/uploads\/2022\/10\/IMG_1093-e1471784561774.jpg?fit=1000%2C667&ssl=1&resize=700%2C400 2x"},"classes":[]},{"id":351764,"url":"https:\/\/casadecampoliving.com\/es\/los-cursos-intensivos-de-3-dias-de-chavon-escuela-de-diseno-comienzan-pronto-inscribete\/","url_meta":{"origin":351910,"position":4},"title":"\u00a1Los cursos intensivos de 3 d\u00edas de Chav\u00f3n Escuela de Dise\u00f1o comienzan pronto! \u00a1Inscr\u00edbete!","author":"Marlenys Guzm\u00e1n Casta\u00f1os","date":"26 Jul, 2017","format":false,"excerpt":"Junto a sus talleres Chav\u00f3n Verano Internacional, la Escuela de Dise\u00f1o Altos de Chav\u00f3n tambi\u00e9n tendr\u00e1 sus cursos intensivos regulares de 3 d\u00edas dise\u00f1ados para desarrollar la t\u00e9cnica y la creatividad estudiantil. Estos cursos, que comienzan el lunes, 7 de agosto, abarcar\u00e1n una variedad de temas entre los que encontrar\u00e1\u2026","rel":"","context":"En \u00abAltos de Chavon @es\u00bb","block_context":{"text":"Altos de Chavon @es","link":"https:\/\/casadecampoliving.com\/category\/altos-de-chavon-es\/"},"img":{"alt_text":"","src":"https:\/\/i0.wp.com\/casadecampoliving.com\/wp-content\/uploads\/2022\/10\/IMG_0946-1.jpg?fit=1000%2C596&ssl=1&resize=350%2C200","width":350,"height":200,"srcset":"https:\/\/i0.wp.com\/casadecampoliving.com\/wp-content\/uploads\/2022\/10\/IMG_0946-1.jpg?fit=1000%2C596&ssl=1&resize=350%2C200 1x, https:\/\/i0.wp.com\/casadecampoliving.com\/wp-content\/uploads\/2022\/10\/IMG_0946-1.jpg?fit=1000%2C596&ssl=1&resize=525%2C300 1.5x, https:\/\/i0.wp.com\/casadecampoliving.com\/wp-content\/uploads\/2022\/10\/IMG_0946-1.jpg?fit=1000%2C596&ssl=1&resize=700%2C400 2x"},"classes":[]},{"id":350102,"url":"https:\/\/casadecampoliving.com\/es\/verano-internacional-chavon\/","url_meta":{"origin":351910,"position":5},"title":"\u00a1Los cursos Verano Internacional de Chav\u00f3n comenzar\u00e1n la pr\u00f3xima semana!","author":"Marlenys Guzm\u00e1n Casta\u00f1os","date":"1 Jul, 2016","format":false,"excerpt":"\u00bfBusca algo divertido y enriquecedor que\u00a0hacer este verano? Pues no busque m\u00e1s, la Escuela de Dise\u00f1o de Altos de Chav\u00f3n nos invita a participar en un gran n\u00famero de cursos que se estar\u00e1n realizando durante todo el verano. Los cursos de arte y dise\u00f1o \u201cVerano Internacional\u201d cubrir\u00e1n \u00e1reas de dise\u00f1o\u2026","rel":"","context":"En \u00abAltos de Chavon @es\u00bb","block_context":{"text":"Altos de Chavon @es","link":"https:\/\/casadecampoliving.com\/category\/altos-de-chavon-es\/"},"img":{"alt_text":"Featured Image Chavon International Summer","src":"https:\/\/i0.wp.com\/casadecampoliving.com\/wp-content\/uploads\/2022\/10\/Featured-Image-Chavon-International-Summer-2.jpg?fit=1000%2C600&ssl=1&resize=350%2C200","width":350,"height":200,"srcset":"https:\/\/i0.wp.com\/casadecampoliving.com\/wp-content\/uploads\/2022\/10\/Featured-Image-Chavon-International-Summer-2.jpg?fit=1000%2C600&ssl=1&resize=350%2C200 1x, https:\/\/i0.wp.com\/casadecampoliving.com\/wp-content\/uploads\/2022\/10\/Featured-Image-Chavon-International-Summer-2.jpg?fit=1000%2C600&ssl=1&resize=525%2C300 1.5x, https:\/\/i0.wp.com\/casadecampoliving.com\/wp-content\/uploads\/2022\/10\/Featured-Image-Chavon-International-Summer-2.jpg?fit=1000%2C600&ssl=1&resize=700%2C400 2x"},"classes":[]}],"jetpack_sharing_enabled":true,"_links":{"self":[{"href":"https:\/\/casadecampoliving.com\/es\/wp-json\/wp\/v2\/posts\/351910","targetHints":{"allow":["GET"]}}],"collection":[{"href":"https:\/\/casadecampoliving.com\/es\/wp-json\/wp\/v2\/posts"}],"about":[{"href":"https:\/\/casadecampoliving.com\/es\/wp-json\/wp\/v2\/types\/post"}],"author":[{"embeddable":true,"href":"https:\/\/casadecampoliving.com\/es\/wp-json\/wp\/v2\/users\/36682"}],"replies":[{"embeddable":true,"href":"https:\/\/casadecampoliving.com\/es\/wp-json\/wp\/v2\/comments?post=351910"}],"version-history":[{"count":1,"href":"https:\/\/casadecampoliving.com\/es\/wp-json\/wp\/v2\/posts\/351910\/revisions"}],"predecessor-version":[{"id":351911,"href":"https:\/\/casadecampoliving.com\/es\/wp-json\/wp\/v2\/posts\/351910\/revisions\/351911"}],"wp:featuredmedia":[{"embeddable":true,"href":"https:\/\/casadecampoliving.com\/es\/wp-json\/wp\/v2\/media\/309140"}],"wp:attachment":[{"href":"https:\/\/casadecampoliving.com\/es\/wp-json\/wp\/v2\/media?parent=351910"}],"wp:term":[{"taxonomy":"category","embeddable":true,"href":"https:\/\/casadecampoliving.com\/es\/wp-json\/wp\/v2\/categories?post=351910"},{"taxonomy":"post_tag","embeddable":true,"href":"https:\/\/casadecampoliving.com\/es\/wp-json\/wp\/v2\/tags?post=351910"},{"taxonomy":"newspack_spnsrs_tax","embeddable":true,"href":"https:\/\/casadecampoliving.com\/es\/wp-json\/wp\/v2\/newspack_spnsrs_tax?post=351910"}],"curies":[{"name":"wp","href":"https:\/\/api.w.org\/{rel}","templated":true}]}}