{"id":351868,"date":"2017-08-17T00:00:00","date_gmt":"2017-08-17T04:00:00","guid":{"rendered":"https:\/\/casadecampoliving.com\/la-3a-edicion-del-america-latina-pro-celebra-su-final-en-la-terraza-dye-fore\/"},"modified":"2022-11-10T10:41:49","modified_gmt":"2022-11-10T14:41:49","slug":"la-3a-edicion-del-america-latina-pro-celebra-su-final-en-la-terraza-dye-fore","status":"publish","type":"post","link":"https:\/\/casadecampoliving.com\/es\/la-3a-edicion-del-america-latina-pro-celebra-su-final-en-la-terraza-dye-fore\/","title":{"rendered":"La 3\u00aa edici\u00f3n del Am\u00e9rica Latina Pro-Am celebra su final en La Terraza Dye Fore"},"content":{"rendered":"En honor al <a href=\"https:\/\/casadecampoliving.com\/es\/gran-entusiasmo-por-el-inicio-del-3-a-anual-latin-america-pro-am\/\">3er Torneo Anual Am\u00e9rica Latina&nbsp;Golf Pro-Am,<\/a> cien aficionados y profesionales vinieron a Casa de Campo la semana pasada para jugar en el Teeth of the Dog del 8 al 12 de agosto. Jugando en el formato Best Ball Net y Gross, veinte equipos compuestos por familiares y amigos compitieron con otros pa\u00edses de Am\u00e9rica Latina. Un cielo soleado se extend\u00eda para ellos brind\u00e1ndole una de las m\u00e1s magn\u00edficas vistas del resort sobre el green.\n\n<!--more-->\n\n<img data-recalc-dims=\"1\" loading=\"lazy\" decoding=\"async\" class=\"aligncenter size-full wp-image-145569\" src=\"https:\/\/i0.wp.com\/casadecampoliving.com\/wp-content\/uploads\/2022\/10\/1st_marina.jpg?resize=1000%2C667&#038;ssl=1\" alt=\"3rd annual Latin America Pro-Am\" width=\"1000\" height=\"667\">\n\nEn la categor\u00eda profesional, Rafael Guerrero Lauria gan\u00f3 el primer lugar, mientras que Julio Zapata lleg\u00f3 en segundo lugar, Gerardo Ruiz en 3er y Francisco Bide en quinto. El equipo campe\u00f3n del torneo incluy\u00f3 al golf pro, Teobaldo P\u00e9rez con Rolando Nieves, Bill Swenson, Adrian Rodr\u00edguez y Cesar L\u00f3pez. Vea el desglose de las puntuaciones totales de cada equipo ganador y la galer\u00eda de abajo de su ceremonia de premiaci\u00f3n celebrada en La Terraza Dye Fore.\n\nEl departamento de golf extiende un agradecimiento especial a todos los que jugaron e hicieron este a\u00f1o inolvidable: <strong>\u00abFue un placer para nosotros tenerlos aqu\u00ed y pasar la semana con ustedes. Esperamos verlos a todos en la IV America Latina Pro-Am el pr\u00f3ximo a\u00f1o. \u00ab<\/strong>\n<blockquote>\n<h3>GANADORES 3 \u00b0 AM\u00c9RICA LATINA PRO-AM<\/h3>\n<strong>Campe\u00f3n General :&nbsp;<\/strong>Trump National Golf Club, 296 \u2014 Teobaldo Perez, Rolando Nieves, Bill Swenson, Adrian Rodriguez, and Cesar Lopez\n\n<span style=\"text-decoration: underline;\"><strong>Grupo Marina&nbsp;<\/strong><\/span>\n\n<strong>1er lugar: <\/strong>Club Campestre de Puebla, 315 \u2014 Gerardo Ruiz, Herve Genestier, Oscar Hidalgo, Jaime Garcia, and Rodrigo Sanchez Aguirre\n\n<strong>2do lugar:&nbsp;<\/strong>Summit Golf &amp; Country Club, 315 \u2014&nbsp;James Seymour, Ward Seymour, Mike Seymour, Jeff Seymour, and Tom Seymour\n\n<strong>3er lugar:&nbsp;<\/strong>Visalia Country Club, 316 \u2014&nbsp;Francisco Bide, Bill Adams, Paul Parreira, Raul Bide, and Mark Heald\n\n<span style=\"text-decoration: underline;\"><strong>Grupo Chav\u00f3n&nbsp;<\/strong><\/span>\n\n<strong>1er lugar:&nbsp;<\/strong>Las Lomas Golf Club II, 313 \u2014 Armando Lopez Ron, Mauricio Robles Se\u00f1rowski, Jose Luis Velasquez, Yoshinori Moriya, and Jan Giha\n\n<strong>2do lugar:&nbsp;<\/strong>El Rejunte Golf Club, 327 \u2014 Gustavo Acosta, Juan Driussi, Oscar Roberto Sartor, Ruben Vedrovnik, and Rodrigo Miotti\n\n<strong>3er lugar:&nbsp;<\/strong>Las Lomas Golf Club III, 328 \u2014&nbsp;Diego Baez, Jose Luis Pe\u00f1a Ochoa, Alejandro Perez, Guillermo De La Madrid, and Arturo Rubio Rodriguez\n\n<span style=\"text-decoration: underline;\"><strong>Grupo Lagos&nbsp;<\/strong><\/span>\n\n<strong>1er lugar:&nbsp;<\/strong>Albany Golf &amp; Resort &#8211; Bahamas, 299 \u2014&nbsp;Facundo Villanueva, Patricio Rosental, Alberto Eduardo Azar, Leticia Azar, and Diego Azar\n\n<strong>2dp lugar:&nbsp;<\/strong>Lagunita Country Club &#8211; Venezuela, 307 \u2014&nbsp;Rafael Guerrero Lauria, Alberto Lauria, Ernesto Santiago Sabal Betancourt, Ysaias Barnola, and Leopoldo Arevalo\n\n<strong>3er lugar:&nbsp;<\/strong>Las Lomas Golf Club I, 315 \u2014&nbsp;Juan Diego Plasencia, Humberto Corona, Virginia Sanchez, Mario Porraz Gomez, and Hortencia Porraz Medrano\n\n<strong>M\u00e1s cercano al pin:<\/strong>\n\n<strong>D\u00eda 1:&nbsp;<\/strong>Juan Berastegui\n\n<strong>D\u00eda 2:&nbsp;<\/strong>Facundo Villanueva\n\n<strong>D\u00eda 3:&nbsp;<\/strong>Juan Berastegui<\/blockquote>\nVer m\u00e1s fotos de la 3\u00aa edici\u00f3n de la ceremonia anual de entrega de premios Am\u00e9rica Latina Pro-Am el viernes 11 de agosto por Mairobi Herrera en La Terraza Dye Fore:\n\n\n<figure class=\"wp-block-gallery has-nested-images columns-default is-cropped wp-block-gallery-1 is-layout-flex wp-block-gallery-is-layout-flex\">\n<figure class=\"wp-block-image size-large\"><img data-recalc-dims=\"1\" loading=\"lazy\" decoding=\"async\" width=\"1000\" height=\"667\" data-id=\"486657\" src=\"https:\/\/i0.wp.com\/casadecampoliving.com\/wp-content\/uploads\/2022\/10\/3rd_annual_Latin_America_Pro-Am01.jpg?resize=1000%2C667&#038;ssl=1\" alt=\"\" class=\"wp-image-486657\" srcset=\"https:\/\/i0.wp.com\/casadecampoliving.com\/wp-content\/uploads\/2022\/10\/3rd_annual_Latin_America_Pro-Am01.jpg?w=1000&amp;ssl=1 1000w, https:\/\/i0.wp.com\/casadecampoliving.com\/wp-content\/uploads\/2022\/10\/3rd_annual_Latin_America_Pro-Am01.jpg?resize=300%2C200&amp;ssl=1 300w, https:\/\/i0.wp.com\/casadecampoliving.com\/wp-content\/uploads\/2022\/10\/3rd_annual_Latin_America_Pro-Am01.jpg?resize=768%2C512&amp;ssl=1 768w, https:\/\/i0.wp.com\/casadecampoliving.com\/wp-content\/uploads\/2022\/10\/3rd_annual_Latin_America_Pro-Am01.jpg?resize=400%2C267&amp;ssl=1 400w, https:\/\/i0.wp.com\/casadecampoliving.com\/wp-content\/uploads\/2022\/10\/3rd_annual_Latin_America_Pro-Am01.jpg?resize=706%2C471&amp;ssl=1 706w, https:\/\/i0.wp.com\/casadecampoliving.com\/wp-content\/uploads\/2022\/10\/3rd_annual_Latin_America_Pro-Am01.jpg?resize=150%2C100&amp;ssl=1 150w, https:\/\/i0.wp.com\/casadecampoliving.com\/wp-content\/uploads\/2022\/10\/3rd_annual_Latin_America_Pro-Am01.jpg?w=370&amp;ssl=1 370w\" sizes=\"auto, (max-width: 1000px) 100vw, 1000px\" \/><\/figure>\n\n\n\n<figure class=\"wp-block-image size-large\"><img data-recalc-dims=\"1\" loading=\"lazy\" decoding=\"async\" width=\"1000\" height=\"667\" data-id=\"486664\" src=\"https:\/\/i0.wp.com\/casadecampoliving.com\/wp-content\/uploads\/2022\/10\/3rd_annual_Latin_America_Pro-Am02.jpg?resize=1000%2C667&#038;ssl=1\" alt=\"\" class=\"wp-image-486664\" srcset=\"https:\/\/i0.wp.com\/casadecampoliving.com\/wp-content\/uploads\/2022\/10\/3rd_annual_Latin_America_Pro-Am02.jpg?w=1000&amp;ssl=1 1000w, https:\/\/i0.wp.com\/casadecampoliving.com\/wp-content\/uploads\/2022\/10\/3rd_annual_Latin_America_Pro-Am02.jpg?resize=300%2C200&amp;ssl=1 300w, https:\/\/i0.wp.com\/casadecampoliving.com\/wp-content\/uploads\/2022\/10\/3rd_annual_Latin_America_Pro-Am02.jpg?resize=768%2C512&amp;ssl=1 768w, https:\/\/i0.wp.com\/casadecampoliving.com\/wp-content\/uploads\/2022\/10\/3rd_annual_Latin_America_Pro-Am02.jpg?resize=400%2C267&amp;ssl=1 400w, https:\/\/i0.wp.com\/casadecampoliving.com\/wp-content\/uploads\/2022\/10\/3rd_annual_Latin_America_Pro-Am02.jpg?resize=706%2C471&amp;ssl=1 706w, https:\/\/i0.wp.com\/casadecampoliving.com\/wp-content\/uploads\/2022\/10\/3rd_annual_Latin_America_Pro-Am02.jpg?resize=150%2C100&amp;ssl=1 150w, https:\/\/i0.wp.com\/casadecampoliving.com\/wp-content\/uploads\/2022\/10\/3rd_annual_Latin_America_Pro-Am02.jpg?w=370&amp;ssl=1 370w\" sizes=\"auto, (max-width: 1000px) 100vw, 1000px\" \/><\/figure>\n\n\n\n<figure class=\"wp-block-image size-large\"><img data-recalc-dims=\"1\" loading=\"lazy\" decoding=\"async\" width=\"1000\" height=\"667\" data-id=\"486671\" src=\"https:\/\/i0.wp.com\/casadecampoliving.com\/wp-content\/uploads\/2022\/10\/3rd_annual_Latin_America_Pro-Am03.jpg?resize=1000%2C667&#038;ssl=1\" alt=\"\" class=\"wp-image-486671\" srcset=\"https:\/\/i0.wp.com\/casadecampoliving.com\/wp-content\/uploads\/2022\/10\/3rd_annual_Latin_America_Pro-Am03.jpg?w=1000&amp;ssl=1 1000w, https:\/\/i0.wp.com\/casadecampoliving.com\/wp-content\/uploads\/2022\/10\/3rd_annual_Latin_America_Pro-Am03.jpg?resize=300%2C200&amp;ssl=1 300w, https:\/\/i0.wp.com\/casadecampoliving.com\/wp-content\/uploads\/2022\/10\/3rd_annual_Latin_America_Pro-Am03.jpg?resize=768%2C512&amp;ssl=1 768w, https:\/\/i0.wp.com\/casadecampoliving.com\/wp-content\/uploads\/2022\/10\/3rd_annual_Latin_America_Pro-Am03.jpg?resize=400%2C267&amp;ssl=1 400w, https:\/\/i0.wp.com\/casadecampoliving.com\/wp-content\/uploads\/2022\/10\/3rd_annual_Latin_America_Pro-Am03.jpg?resize=706%2C471&amp;ssl=1 706w, https:\/\/i0.wp.com\/casadecampoliving.com\/wp-content\/uploads\/2022\/10\/3rd_annual_Latin_America_Pro-Am03.jpg?resize=150%2C100&amp;ssl=1 150w, https:\/\/i0.wp.com\/casadecampoliving.com\/wp-content\/uploads\/2022\/10\/3rd_annual_Latin_America_Pro-Am03.jpg?w=370&amp;ssl=1 370w\" sizes=\"auto, (max-width: 1000px) 100vw, 1000px\" \/><\/figure>\n\n\n\n<figure class=\"wp-block-image size-large\"><img data-recalc-dims=\"1\" loading=\"lazy\" decoding=\"async\" width=\"1000\" height=\"667\" data-id=\"486679\" src=\"https:\/\/i0.wp.com\/casadecampoliving.com\/wp-content\/uploads\/2022\/10\/3rd_annual_Latin_America_Pro-Am04.jpg?resize=1000%2C667&#038;ssl=1\" alt=\"\" class=\"wp-image-486679\" srcset=\"https:\/\/i0.wp.com\/casadecampoliving.com\/wp-content\/uploads\/2022\/10\/3rd_annual_Latin_America_Pro-Am04.jpg?w=1000&amp;ssl=1 1000w, https:\/\/i0.wp.com\/casadecampoliving.com\/wp-content\/uploads\/2022\/10\/3rd_annual_Latin_America_Pro-Am04.jpg?resize=300%2C200&amp;ssl=1 300w, https:\/\/i0.wp.com\/casadecampoliving.com\/wp-content\/uploads\/2022\/10\/3rd_annual_Latin_America_Pro-Am04.jpg?resize=768%2C512&amp;ssl=1 768w, https:\/\/i0.wp.com\/casadecampoliving.com\/wp-content\/uploads\/2022\/10\/3rd_annual_Latin_America_Pro-Am04.jpg?resize=400%2C267&amp;ssl=1 400w, https:\/\/i0.wp.com\/casadecampoliving.com\/wp-content\/uploads\/2022\/10\/3rd_annual_Latin_America_Pro-Am04.jpg?resize=706%2C471&amp;ssl=1 706w, https:\/\/i0.wp.com\/casadecampoliving.com\/wp-content\/uploads\/2022\/10\/3rd_annual_Latin_America_Pro-Am04.jpg?resize=150%2C100&amp;ssl=1 150w, https:\/\/i0.wp.com\/casadecampoliving.com\/wp-content\/uploads\/2022\/10\/3rd_annual_Latin_America_Pro-Am04.jpg?w=370&amp;ssl=1 370w\" sizes=\"auto, (max-width: 1000px) 100vw, 1000px\" \/><\/figure>\n\n\n\n<figure class=\"wp-block-image size-large\"><img data-recalc-dims=\"1\" loading=\"lazy\" decoding=\"async\" width=\"1000\" height=\"667\" data-id=\"486687\" src=\"https:\/\/i0.wp.com\/casadecampoliving.com\/wp-content\/uploads\/2022\/10\/3rd_annual_Latin_America_Pro-Am05.jpg?resize=1000%2C667&#038;ssl=1\" alt=\"\" class=\"wp-image-486687\" srcset=\"https:\/\/i0.wp.com\/casadecampoliving.com\/wp-content\/uploads\/2022\/10\/3rd_annual_Latin_America_Pro-Am05.jpg?w=1000&amp;ssl=1 1000w, https:\/\/i0.wp.com\/casadecampoliving.com\/wp-content\/uploads\/2022\/10\/3rd_annual_Latin_America_Pro-Am05.jpg?resize=300%2C200&amp;ssl=1 300w, https:\/\/i0.wp.com\/casadecampoliving.com\/wp-content\/uploads\/2022\/10\/3rd_annual_Latin_America_Pro-Am05.jpg?resize=768%2C512&amp;ssl=1 768w, https:\/\/i0.wp.com\/casadecampoliving.com\/wp-content\/uploads\/2022\/10\/3rd_annual_Latin_America_Pro-Am05.jpg?resize=400%2C267&amp;ssl=1 400w, https:\/\/i0.wp.com\/casadecampoliving.com\/wp-content\/uploads\/2022\/10\/3rd_annual_Latin_America_Pro-Am05.jpg?resize=706%2C471&amp;ssl=1 706w, https:\/\/i0.wp.com\/casadecampoliving.com\/wp-content\/uploads\/2022\/10\/3rd_annual_Latin_America_Pro-Am05.jpg?resize=150%2C100&amp;ssl=1 150w, https:\/\/i0.wp.com\/casadecampoliving.com\/wp-content\/uploads\/2022\/10\/3rd_annual_Latin_America_Pro-Am05.jpg?w=370&amp;ssl=1 370w\" sizes=\"auto, (max-width: 1000px) 100vw, 1000px\" \/><\/figure>\n\n\n\n<figure class=\"wp-block-image size-large\"><img data-recalc-dims=\"1\" loading=\"lazy\" decoding=\"async\" width=\"1000\" height=\"667\" data-id=\"486692\" src=\"https:\/\/i0.wp.com\/casadecampoliving.com\/wp-content\/uploads\/2022\/10\/3rd_annual_Latin_America_Pro-Am06.jpg?resize=1000%2C667&#038;ssl=1\" alt=\"\" class=\"wp-image-486692\" srcset=\"https:\/\/i0.wp.com\/casadecampoliving.com\/wp-content\/uploads\/2022\/10\/3rd_annual_Latin_America_Pro-Am06.jpg?w=1000&amp;ssl=1 1000w, https:\/\/i0.wp.com\/casadecampoliving.com\/wp-content\/uploads\/2022\/10\/3rd_annual_Latin_America_Pro-Am06.jpg?resize=300%2C200&amp;ssl=1 300w, https:\/\/i0.wp.com\/casadecampoliving.com\/wp-content\/uploads\/2022\/10\/3rd_annual_Latin_America_Pro-Am06.jpg?resize=768%2C512&amp;ssl=1 768w, https:\/\/i0.wp.com\/casadecampoliving.com\/wp-content\/uploads\/2022\/10\/3rd_annual_Latin_America_Pro-Am06.jpg?resize=400%2C267&amp;ssl=1 400w, https:\/\/i0.wp.com\/casadecampoliving.com\/wp-content\/uploads\/2022\/10\/3rd_annual_Latin_America_Pro-Am06.jpg?resize=706%2C471&amp;ssl=1 706w, https:\/\/i0.wp.com\/casadecampoliving.com\/wp-content\/uploads\/2022\/10\/3rd_annual_Latin_America_Pro-Am06.jpg?resize=150%2C100&amp;ssl=1 150w, https:\/\/i0.wp.com\/casadecampoliving.com\/wp-content\/uploads\/2022\/10\/3rd_annual_Latin_America_Pro-Am06.jpg?w=370&amp;ssl=1 370w\" sizes=\"auto, (max-width: 1000px) 100vw, 1000px\" \/><\/figure>\n\n\n\n<figure class=\"wp-block-image size-large\"><img data-recalc-dims=\"1\" loading=\"lazy\" decoding=\"async\" width=\"1000\" height=\"667\" data-id=\"486697\" src=\"https:\/\/i0.wp.com\/casadecampoliving.com\/wp-content\/uploads\/2022\/10\/3rd_annual_Latin_America_Pro-Am07.jpg?resize=1000%2C667&#038;ssl=1\" alt=\"\" class=\"wp-image-486697\" srcset=\"https:\/\/i0.wp.com\/casadecampoliving.com\/wp-content\/uploads\/2022\/10\/3rd_annual_Latin_America_Pro-Am07.jpg?w=1000&amp;ssl=1 1000w, https:\/\/i0.wp.com\/casadecampoliving.com\/wp-content\/uploads\/2022\/10\/3rd_annual_Latin_America_Pro-Am07.jpg?resize=300%2C200&amp;ssl=1 300w, https:\/\/i0.wp.com\/casadecampoliving.com\/wp-content\/uploads\/2022\/10\/3rd_annual_Latin_America_Pro-Am07.jpg?resize=768%2C512&amp;ssl=1 768w, https:\/\/i0.wp.com\/casadecampoliving.com\/wp-content\/uploads\/2022\/10\/3rd_annual_Latin_America_Pro-Am07.jpg?resize=400%2C267&amp;ssl=1 400w, https:\/\/i0.wp.com\/casadecampoliving.com\/wp-content\/uploads\/2022\/10\/3rd_annual_Latin_America_Pro-Am07.jpg?resize=706%2C471&amp;ssl=1 706w, https:\/\/i0.wp.com\/casadecampoliving.com\/wp-content\/uploads\/2022\/10\/3rd_annual_Latin_America_Pro-Am07.jpg?resize=150%2C100&amp;ssl=1 150w, https:\/\/i0.wp.com\/casadecampoliving.com\/wp-content\/uploads\/2022\/10\/3rd_annual_Latin_America_Pro-Am07.jpg?w=370&amp;ssl=1 370w\" sizes=\"auto, (max-width: 1000px) 100vw, 1000px\" \/><\/figure>\n\n\n\n<figure class=\"wp-block-image size-large\"><img data-recalc-dims=\"1\" loading=\"lazy\" decoding=\"async\" width=\"1000\" height=\"667\" data-id=\"486705\" src=\"https:\/\/i0.wp.com\/casadecampoliving.com\/wp-content\/uploads\/2022\/10\/3rd_annual_Latin_America_Pro-Am08.jpg?resize=1000%2C667&#038;ssl=1\" alt=\"\" class=\"wp-image-486705\" srcset=\"https:\/\/i0.wp.com\/casadecampoliving.com\/wp-content\/uploads\/2022\/10\/3rd_annual_Latin_America_Pro-Am08.jpg?w=1000&amp;ssl=1 1000w, https:\/\/i0.wp.com\/casadecampoliving.com\/wp-content\/uploads\/2022\/10\/3rd_annual_Latin_America_Pro-Am08.jpg?resize=300%2C200&amp;ssl=1 300w, https:\/\/i0.wp.com\/casadecampoliving.com\/wp-content\/uploads\/2022\/10\/3rd_annual_Latin_America_Pro-Am08.jpg?resize=768%2C512&amp;ssl=1 768w, https:\/\/i0.wp.com\/casadecampoliving.com\/wp-content\/uploads\/2022\/10\/3rd_annual_Latin_America_Pro-Am08.jpg?resize=400%2C267&amp;ssl=1 400w, https:\/\/i0.wp.com\/casadecampoliving.com\/wp-content\/uploads\/2022\/10\/3rd_annual_Latin_America_Pro-Am08.jpg?resize=706%2C471&amp;ssl=1 706w, https:\/\/i0.wp.com\/casadecampoliving.com\/wp-content\/uploads\/2022\/10\/3rd_annual_Latin_America_Pro-Am08.jpg?resize=150%2C100&amp;ssl=1 150w, https:\/\/i0.wp.com\/casadecampoliving.com\/wp-content\/uploads\/2022\/10\/3rd_annual_Latin_America_Pro-Am08.jpg?w=370&amp;ssl=1 370w\" sizes=\"auto, (max-width: 1000px) 100vw, 1000px\" \/><\/figure>\n\n\n\n<figure class=\"wp-block-image size-large\"><img data-recalc-dims=\"1\" loading=\"lazy\" decoding=\"async\" width=\"667\" height=\"1000\" data-id=\"486713\" src=\"https:\/\/i0.wp.com\/casadecampoliving.com\/wp-content\/uploads\/2022\/10\/3rd_annual_Latin_America_Pro-Am09.jpg?resize=667%2C1000&#038;ssl=1\" alt=\"\" class=\"wp-image-486713\" srcset=\"https:\/\/i0.wp.com\/casadecampoliving.com\/wp-content\/uploads\/2022\/10\/3rd_annual_Latin_America_Pro-Am09.jpg?w=667&amp;ssl=1 667w, https:\/\/i0.wp.com\/casadecampoliving.com\/wp-content\/uploads\/2022\/10\/3rd_annual_Latin_America_Pro-Am09.jpg?resize=200%2C300&amp;ssl=1 200w, https:\/\/i0.wp.com\/casadecampoliving.com\/wp-content\/uploads\/2022\/10\/3rd_annual_Latin_America_Pro-Am09.jpg?resize=400%2C600&amp;ssl=1 400w, https:\/\/i0.wp.com\/casadecampoliving.com\/wp-content\/uploads\/2022\/10\/3rd_annual_Latin_America_Pro-Am09.jpg?resize=150%2C225&amp;ssl=1 150w, https:\/\/i0.wp.com\/casadecampoliving.com\/wp-content\/uploads\/2022\/10\/3rd_annual_Latin_America_Pro-Am09.jpg?w=370&amp;ssl=1 370w\" sizes=\"auto, (max-width: 667px) 100vw, 667px\" \/><\/figure>\n\n\n\n<figure class=\"wp-block-image size-large\"><img data-recalc-dims=\"1\" loading=\"lazy\" decoding=\"async\" width=\"1000\" height=\"667\" data-id=\"486715\" src=\"https:\/\/i0.wp.com\/casadecampoliving.com\/wp-content\/uploads\/2022\/10\/3rd_annual_Latin_America_Pro-Am10.jpg?resize=1000%2C667&#038;ssl=1\" alt=\"\" class=\"wp-image-486715\" srcset=\"https:\/\/i0.wp.com\/casadecampoliving.com\/wp-content\/uploads\/2022\/10\/3rd_annual_Latin_America_Pro-Am10.jpg?w=1000&amp;ssl=1 1000w, https:\/\/i0.wp.com\/casadecampoliving.com\/wp-content\/uploads\/2022\/10\/3rd_annual_Latin_America_Pro-Am10.jpg?resize=300%2C200&amp;ssl=1 300w, https:\/\/i0.wp.com\/casadecampoliving.com\/wp-content\/uploads\/2022\/10\/3rd_annual_Latin_America_Pro-Am10.jpg?resize=768%2C512&amp;ssl=1 768w, https:\/\/i0.wp.com\/casadecampoliving.com\/wp-content\/uploads\/2022\/10\/3rd_annual_Latin_America_Pro-Am10.jpg?resize=400%2C267&amp;ssl=1 400w, https:\/\/i0.wp.com\/casadecampoliving.com\/wp-content\/uploads\/2022\/10\/3rd_annual_Latin_America_Pro-Am10.jpg?resize=706%2C471&amp;ssl=1 706w, https:\/\/i0.wp.com\/casadecampoliving.com\/wp-content\/uploads\/2022\/10\/3rd_annual_Latin_America_Pro-Am10.jpg?resize=150%2C100&amp;ssl=1 150w, https:\/\/i0.wp.com\/casadecampoliving.com\/wp-content\/uploads\/2022\/10\/3rd_annual_Latin_America_Pro-Am10.jpg?w=370&amp;ssl=1 370w\" sizes=\"auto, (max-width: 1000px) 100vw, 1000px\" \/><\/figure>\n\n\n\n<figure class=\"wp-block-image size-large\"><img data-recalc-dims=\"1\" loading=\"lazy\" decoding=\"async\" width=\"1000\" height=\"667\" data-id=\"486723\" src=\"https:\/\/i0.wp.com\/casadecampoliving.com\/wp-content\/uploads\/2022\/10\/3rd_annual_Latin_America_Pro-Am11.jpg?resize=1000%2C667&#038;ssl=1\" alt=\"\" class=\"wp-image-486723\" srcset=\"https:\/\/i0.wp.com\/casadecampoliving.com\/wp-content\/uploads\/2022\/10\/3rd_annual_Latin_America_Pro-Am11.jpg?w=1000&amp;ssl=1 1000w, https:\/\/i0.wp.com\/casadecampoliving.com\/wp-content\/uploads\/2022\/10\/3rd_annual_Latin_America_Pro-Am11.jpg?resize=300%2C200&amp;ssl=1 300w, https:\/\/i0.wp.com\/casadecampoliving.com\/wp-content\/uploads\/2022\/10\/3rd_annual_Latin_America_Pro-Am11.jpg?resize=768%2C512&amp;ssl=1 768w, https:\/\/i0.wp.com\/casadecampoliving.com\/wp-content\/uploads\/2022\/10\/3rd_annual_Latin_America_Pro-Am11.jpg?resize=400%2C267&amp;ssl=1 400w, https:\/\/i0.wp.com\/casadecampoliving.com\/wp-content\/uploads\/2022\/10\/3rd_annual_Latin_America_Pro-Am11.jpg?resize=706%2C471&amp;ssl=1 706w, https:\/\/i0.wp.com\/casadecampoliving.com\/wp-content\/uploads\/2022\/10\/3rd_annual_Latin_America_Pro-Am11.jpg?resize=150%2C100&amp;ssl=1 150w, https:\/\/i0.wp.com\/casadecampoliving.com\/wp-content\/uploads\/2022\/10\/3rd_annual_Latin_America_Pro-Am11.jpg?w=370&amp;ssl=1 370w\" sizes=\"auto, (max-width: 1000px) 100vw, 1000px\" \/><\/figure>\n\n\n\n<figure class=\"wp-block-image size-large\"><img data-recalc-dims=\"1\" loading=\"lazy\" decoding=\"async\" width=\"1000\" height=\"667\" data-id=\"486731\" src=\"https:\/\/i0.wp.com\/casadecampoliving.com\/wp-content\/uploads\/2022\/10\/3rd_annual_Latin_America_Pro-Am12.jpg?resize=1000%2C667&#038;ssl=1\" alt=\"\" class=\"wp-image-486731\" srcset=\"https:\/\/i0.wp.com\/casadecampoliving.com\/wp-content\/uploads\/2022\/10\/3rd_annual_Latin_America_Pro-Am12.jpg?w=1000&amp;ssl=1 1000w, https:\/\/i0.wp.com\/casadecampoliving.com\/wp-content\/uploads\/2022\/10\/3rd_annual_Latin_America_Pro-Am12.jpg?resize=300%2C200&amp;ssl=1 300w, https:\/\/i0.wp.com\/casadecampoliving.com\/wp-content\/uploads\/2022\/10\/3rd_annual_Latin_America_Pro-Am12.jpg?resize=768%2C512&amp;ssl=1 768w, https:\/\/i0.wp.com\/casadecampoliving.com\/wp-content\/uploads\/2022\/10\/3rd_annual_Latin_America_Pro-Am12.jpg?resize=400%2C267&amp;ssl=1 400w, https:\/\/i0.wp.com\/casadecampoliving.com\/wp-content\/uploads\/2022\/10\/3rd_annual_Latin_America_Pro-Am12.jpg?resize=706%2C471&amp;ssl=1 706w, https:\/\/i0.wp.com\/casadecampoliving.com\/wp-content\/uploads\/2022\/10\/3rd_annual_Latin_America_Pro-Am12.jpg?resize=150%2C100&amp;ssl=1 150w, https:\/\/i0.wp.com\/casadecampoliving.com\/wp-content\/uploads\/2022\/10\/3rd_annual_Latin_America_Pro-Am12.jpg?w=370&amp;ssl=1 370w\" sizes=\"auto, (max-width: 1000px) 100vw, 1000px\" \/><\/figure>\n\n\n\n<figure class=\"wp-block-image size-large\"><img data-recalc-dims=\"1\" loading=\"lazy\" decoding=\"async\" width=\"1000\" height=\"667\" data-id=\"486735\" src=\"https:\/\/i0.wp.com\/casadecampoliving.com\/wp-content\/uploads\/2022\/10\/3rd_annual_Latin_America_Pro-Am13.jpg?resize=1000%2C667&#038;ssl=1\" alt=\"\" class=\"wp-image-486735\" srcset=\"https:\/\/i0.wp.com\/casadecampoliving.com\/wp-content\/uploads\/2022\/10\/3rd_annual_Latin_America_Pro-Am13.jpg?w=1000&amp;ssl=1 1000w, https:\/\/i0.wp.com\/casadecampoliving.com\/wp-content\/uploads\/2022\/10\/3rd_annual_Latin_America_Pro-Am13.jpg?resize=300%2C200&amp;ssl=1 300w, https:\/\/i0.wp.com\/casadecampoliving.com\/wp-content\/uploads\/2022\/10\/3rd_annual_Latin_America_Pro-Am13.jpg?resize=768%2C512&amp;ssl=1 768w, https:\/\/i0.wp.com\/casadecampoliving.com\/wp-content\/uploads\/2022\/10\/3rd_annual_Latin_America_Pro-Am13.jpg?resize=400%2C267&amp;ssl=1 400w, https:\/\/i0.wp.com\/casadecampoliving.com\/wp-content\/uploads\/2022\/10\/3rd_annual_Latin_America_Pro-Am13.jpg?resize=706%2C471&amp;ssl=1 706w, https:\/\/i0.wp.com\/casadecampoliving.com\/wp-content\/uploads\/2022\/10\/3rd_annual_Latin_America_Pro-Am13.jpg?resize=150%2C100&amp;ssl=1 150w, https:\/\/i0.wp.com\/casadecampoliving.com\/wp-content\/uploads\/2022\/10\/3rd_annual_Latin_America_Pro-Am13.jpg?w=370&amp;ssl=1 370w\" sizes=\"auto, (max-width: 1000px) 100vw, 1000px\" \/><\/figure>\n\n\n\n<figure class=\"wp-block-image size-large\"><img data-recalc-dims=\"1\" loading=\"lazy\" decoding=\"async\" width=\"1000\" height=\"667\" data-id=\"486741\" src=\"https:\/\/i0.wp.com\/casadecampoliving.com\/wp-content\/uploads\/2022\/10\/3rd_annual_Latin_America_Pro-Am14.jpg?resize=1000%2C667&#038;ssl=1\" alt=\"\" class=\"wp-image-486741\" srcset=\"https:\/\/i0.wp.com\/casadecampoliving.com\/wp-content\/uploads\/2022\/10\/3rd_annual_Latin_America_Pro-Am14.jpg?w=1000&amp;ssl=1 1000w, https:\/\/i0.wp.com\/casadecampoliving.com\/wp-content\/uploads\/2022\/10\/3rd_annual_Latin_America_Pro-Am14.jpg?resize=300%2C200&amp;ssl=1 300w, https:\/\/i0.wp.com\/casadecampoliving.com\/wp-content\/uploads\/2022\/10\/3rd_annual_Latin_America_Pro-Am14.jpg?resize=768%2C512&amp;ssl=1 768w, https:\/\/i0.wp.com\/casadecampoliving.com\/wp-content\/uploads\/2022\/10\/3rd_annual_Latin_America_Pro-Am14.jpg?resize=400%2C267&amp;ssl=1 400w, https:\/\/i0.wp.com\/casadecampoliving.com\/wp-content\/uploads\/2022\/10\/3rd_annual_Latin_America_Pro-Am14.jpg?resize=706%2C471&amp;ssl=1 706w, https:\/\/i0.wp.com\/casadecampoliving.com\/wp-content\/uploads\/2022\/10\/3rd_annual_Latin_America_Pro-Am14.jpg?resize=150%2C100&amp;ssl=1 150w, https:\/\/i0.wp.com\/casadecampoliving.com\/wp-content\/uploads\/2022\/10\/3rd_annual_Latin_America_Pro-Am14.jpg?w=370&amp;ssl=1 370w\" sizes=\"auto, (max-width: 1000px) 100vw, 1000px\" \/><\/figure>\n\n\n\n<figure class=\"wp-block-image size-large\"><img data-recalc-dims=\"1\" loading=\"lazy\" decoding=\"async\" width=\"1000\" height=\"667\" data-id=\"486749\" src=\"https:\/\/i0.wp.com\/casadecampoliving.com\/wp-content\/uploads\/2022\/10\/3rd_annual_Latin_America_Pro-Am15.jpg?resize=1000%2C667&#038;ssl=1\" alt=\"\" class=\"wp-image-486749\" srcset=\"https:\/\/i0.wp.com\/casadecampoliving.com\/wp-content\/uploads\/2022\/10\/3rd_annual_Latin_America_Pro-Am15.jpg?w=1000&amp;ssl=1 1000w, https:\/\/i0.wp.com\/casadecampoliving.com\/wp-content\/uploads\/2022\/10\/3rd_annual_Latin_America_Pro-Am15.jpg?resize=300%2C200&amp;ssl=1 300w, https:\/\/i0.wp.com\/casadecampoliving.com\/wp-content\/uploads\/2022\/10\/3rd_annual_Latin_America_Pro-Am15.jpg?resize=768%2C512&amp;ssl=1 768w, https:\/\/i0.wp.com\/casadecampoliving.com\/wp-content\/uploads\/2022\/10\/3rd_annual_Latin_America_Pro-Am15.jpg?resize=400%2C267&amp;ssl=1 400w, https:\/\/i0.wp.com\/casadecampoliving.com\/wp-content\/uploads\/2022\/10\/3rd_annual_Latin_America_Pro-Am15.jpg?resize=706%2C471&amp;ssl=1 706w, https:\/\/i0.wp.com\/casadecampoliving.com\/wp-content\/uploads\/2022\/10\/3rd_annual_Latin_America_Pro-Am15.jpg?resize=150%2C100&amp;ssl=1 150w, https:\/\/i0.wp.com\/casadecampoliving.com\/wp-content\/uploads\/2022\/10\/3rd_annual_Latin_America_Pro-Am15.jpg?w=370&amp;ssl=1 370w\" sizes=\"auto, (max-width: 1000px) 100vw, 1000px\" \/><\/figure>\n\n\n\n<figure class=\"wp-block-image size-large\"><img data-recalc-dims=\"1\" loading=\"lazy\" decoding=\"async\" width=\"1000\" height=\"667\" data-id=\"486757\" src=\"https:\/\/i0.wp.com\/casadecampoliving.com\/wp-content\/uploads\/2022\/10\/3rd_annual_Latin_America_Pro-Am16.jpg?resize=1000%2C667&#038;ssl=1\" alt=\"\" class=\"wp-image-486757\" srcset=\"https:\/\/i0.wp.com\/casadecampoliving.com\/wp-content\/uploads\/2022\/10\/3rd_annual_Latin_America_Pro-Am16.jpg?w=1000&amp;ssl=1 1000w, https:\/\/i0.wp.com\/casadecampoliving.com\/wp-content\/uploads\/2022\/10\/3rd_annual_Latin_America_Pro-Am16.jpg?resize=300%2C200&amp;ssl=1 300w, https:\/\/i0.wp.com\/casadecampoliving.com\/wp-content\/uploads\/2022\/10\/3rd_annual_Latin_America_Pro-Am16.jpg?resize=768%2C512&amp;ssl=1 768w, https:\/\/i0.wp.com\/casadecampoliving.com\/wp-content\/uploads\/2022\/10\/3rd_annual_Latin_America_Pro-Am16.jpg?resize=400%2C267&amp;ssl=1 400w, https:\/\/i0.wp.com\/casadecampoliving.com\/wp-content\/uploads\/2022\/10\/3rd_annual_Latin_America_Pro-Am16.jpg?resize=706%2C471&amp;ssl=1 706w, https:\/\/i0.wp.com\/casadecampoliving.com\/wp-content\/uploads\/2022\/10\/3rd_annual_Latin_America_Pro-Am16.jpg?resize=150%2C100&amp;ssl=1 150w, https:\/\/i0.wp.com\/casadecampoliving.com\/wp-content\/uploads\/2022\/10\/3rd_annual_Latin_America_Pro-Am16.jpg?w=370&amp;ssl=1 370w\" sizes=\"auto, (max-width: 1000px) 100vw, 1000px\" \/><\/figure>\n\n\n\n<figure class=\"wp-block-image size-large\"><img data-recalc-dims=\"1\" loading=\"lazy\" decoding=\"async\" width=\"1000\" height=\"667\" data-id=\"486761\" src=\"https:\/\/i0.wp.com\/casadecampoliving.com\/wp-content\/uploads\/2022\/10\/3rd_annual_Latin_America_Pro-Am17.jpg?resize=1000%2C667&#038;ssl=1\" alt=\"\" class=\"wp-image-486761\" srcset=\"https:\/\/i0.wp.com\/casadecampoliving.com\/wp-content\/uploads\/2022\/10\/3rd_annual_Latin_America_Pro-Am17.jpg?w=1000&amp;ssl=1 1000w, https:\/\/i0.wp.com\/casadecampoliving.com\/wp-content\/uploads\/2022\/10\/3rd_annual_Latin_America_Pro-Am17.jpg?resize=300%2C200&amp;ssl=1 300w, https:\/\/i0.wp.com\/casadecampoliving.com\/wp-content\/uploads\/2022\/10\/3rd_annual_Latin_America_Pro-Am17.jpg?resize=768%2C512&amp;ssl=1 768w, https:\/\/i0.wp.com\/casadecampoliving.com\/wp-content\/uploads\/2022\/10\/3rd_annual_Latin_America_Pro-Am17.jpg?resize=400%2C267&amp;ssl=1 400w, https:\/\/i0.wp.com\/casadecampoliving.com\/wp-content\/uploads\/2022\/10\/3rd_annual_Latin_America_Pro-Am17.jpg?resize=706%2C471&amp;ssl=1 706w, https:\/\/i0.wp.com\/casadecampoliving.com\/wp-content\/uploads\/2022\/10\/3rd_annual_Latin_America_Pro-Am17.jpg?resize=150%2C100&amp;ssl=1 150w, https:\/\/i0.wp.com\/casadecampoliving.com\/wp-content\/uploads\/2022\/10\/3rd_annual_Latin_America_Pro-Am17.jpg?w=370&amp;ssl=1 370w\" sizes=\"auto, (max-width: 1000px) 100vw, 1000px\" \/><\/figure>\n\n\n\n<figure class=\"wp-block-image size-large\"><img data-recalc-dims=\"1\" loading=\"lazy\" decoding=\"async\" width=\"667\" height=\"1000\" data-id=\"486767\" src=\"https:\/\/i0.wp.com\/casadecampoliving.com\/wp-content\/uploads\/2022\/10\/3rd_annual_Latin_America_Pro-Am18.jpg?resize=667%2C1000&#038;ssl=1\" alt=\"\" class=\"wp-image-486767\" srcset=\"https:\/\/i0.wp.com\/casadecampoliving.com\/wp-content\/uploads\/2022\/10\/3rd_annual_Latin_America_Pro-Am18.jpg?w=667&amp;ssl=1 667w, https:\/\/i0.wp.com\/casadecampoliving.com\/wp-content\/uploads\/2022\/10\/3rd_annual_Latin_America_Pro-Am18.jpg?resize=200%2C300&amp;ssl=1 200w, https:\/\/i0.wp.com\/casadecampoliving.com\/wp-content\/uploads\/2022\/10\/3rd_annual_Latin_America_Pro-Am18.jpg?resize=400%2C600&amp;ssl=1 400w, https:\/\/i0.wp.com\/casadecampoliving.com\/wp-content\/uploads\/2022\/10\/3rd_annual_Latin_America_Pro-Am18.jpg?resize=150%2C225&amp;ssl=1 150w, https:\/\/i0.wp.com\/casadecampoliving.com\/wp-content\/uploads\/2022\/10\/3rd_annual_Latin_America_Pro-Am18.jpg?w=370&amp;ssl=1 370w\" sizes=\"auto, (max-width: 667px) 100vw, 667px\" \/><\/figure>\n\n\n\n<figure class=\"wp-block-image size-large\"><img data-recalc-dims=\"1\" loading=\"lazy\" decoding=\"async\" width=\"1000\" height=\"667\" data-id=\"486775\" src=\"https:\/\/i0.wp.com\/casadecampoliving.com\/wp-content\/uploads\/2022\/10\/3rd_annual_Latin_America_Pro-Am19.jpg?resize=1000%2C667&#038;ssl=1\" alt=\"\" class=\"wp-image-486775\" srcset=\"https:\/\/i0.wp.com\/casadecampoliving.com\/wp-content\/uploads\/2022\/10\/3rd_annual_Latin_America_Pro-Am19.jpg?w=1000&amp;ssl=1 1000w, https:\/\/i0.wp.com\/casadecampoliving.com\/wp-content\/uploads\/2022\/10\/3rd_annual_Latin_America_Pro-Am19.jpg?resize=300%2C200&amp;ssl=1 300w, https:\/\/i0.wp.com\/casadecampoliving.com\/wp-content\/uploads\/2022\/10\/3rd_annual_Latin_America_Pro-Am19.jpg?resize=768%2C512&amp;ssl=1 768w, https:\/\/i0.wp.com\/casadecampoliving.com\/wp-content\/uploads\/2022\/10\/3rd_annual_Latin_America_Pro-Am19.jpg?resize=400%2C267&amp;ssl=1 400w, https:\/\/i0.wp.com\/casadecampoliving.com\/wp-content\/uploads\/2022\/10\/3rd_annual_Latin_America_Pro-Am19.jpg?resize=706%2C471&amp;ssl=1 706w, https:\/\/i0.wp.com\/casadecampoliving.com\/wp-content\/uploads\/2022\/10\/3rd_annual_Latin_America_Pro-Am19.jpg?resize=150%2C100&amp;ssl=1 150w, https:\/\/i0.wp.com\/casadecampoliving.com\/wp-content\/uploads\/2022\/10\/3rd_annual_Latin_America_Pro-Am19.jpg?w=370&amp;ssl=1 370w\" sizes=\"auto, (max-width: 1000px) 100vw, 1000px\" \/><\/figure>\n\n\n\n<figure class=\"wp-block-image size-large\"><img data-recalc-dims=\"1\" loading=\"lazy\" decoding=\"async\" width=\"1000\" height=\"667\" data-id=\"486783\" src=\"https:\/\/i0.wp.com\/casadecampoliving.com\/wp-content\/uploads\/2022\/10\/3rd_annual_Latin_America_Pro-Am20.jpg?resize=1000%2C667&#038;ssl=1\" alt=\"\" class=\"wp-image-486783\" srcset=\"https:\/\/i0.wp.com\/casadecampoliving.com\/wp-content\/uploads\/2022\/10\/3rd_annual_Latin_America_Pro-Am20.jpg?w=1000&amp;ssl=1 1000w, https:\/\/i0.wp.com\/casadecampoliving.com\/wp-content\/uploads\/2022\/10\/3rd_annual_Latin_America_Pro-Am20.jpg?resize=300%2C200&amp;ssl=1 300w, https:\/\/i0.wp.com\/casadecampoliving.com\/wp-content\/uploads\/2022\/10\/3rd_annual_Latin_America_Pro-Am20.jpg?resize=768%2C512&amp;ssl=1 768w, https:\/\/i0.wp.com\/casadecampoliving.com\/wp-content\/uploads\/2022\/10\/3rd_annual_Latin_America_Pro-Am20.jpg?resize=400%2C267&amp;ssl=1 400w, https:\/\/i0.wp.com\/casadecampoliving.com\/wp-content\/uploads\/2022\/10\/3rd_annual_Latin_America_Pro-Am20.jpg?resize=706%2C471&amp;ssl=1 706w, https:\/\/i0.wp.com\/casadecampoliving.com\/wp-content\/uploads\/2022\/10\/3rd_annual_Latin_America_Pro-Am20.jpg?resize=150%2C100&amp;ssl=1 150w, https:\/\/i0.wp.com\/casadecampoliving.com\/wp-content\/uploads\/2022\/10\/3rd_annual_Latin_America_Pro-Am20.jpg?w=370&amp;ssl=1 370w\" sizes=\"auto, (max-width: 1000px) 100vw, 1000px\" \/><\/figure>\n\n\n\n<figure class=\"wp-block-image size-large\"><img data-recalc-dims=\"1\" loading=\"lazy\" decoding=\"async\" width=\"1000\" height=\"667\" data-id=\"486789\" src=\"https:\/\/i0.wp.com\/casadecampoliving.com\/wp-content\/uploads\/2022\/10\/3rd_annual_Latin_America_Pro-Am21.jpg?resize=1000%2C667&#038;ssl=1\" alt=\"\" class=\"wp-image-486789\" srcset=\"https:\/\/i0.wp.com\/casadecampoliving.com\/wp-content\/uploads\/2022\/10\/3rd_annual_Latin_America_Pro-Am21.jpg?w=1000&amp;ssl=1 1000w, https:\/\/i0.wp.com\/casadecampoliving.com\/wp-content\/uploads\/2022\/10\/3rd_annual_Latin_America_Pro-Am21.jpg?resize=300%2C200&amp;ssl=1 300w, https:\/\/i0.wp.com\/casadecampoliving.com\/wp-content\/uploads\/2022\/10\/3rd_annual_Latin_America_Pro-Am21.jpg?resize=768%2C512&amp;ssl=1 768w, https:\/\/i0.wp.com\/casadecampoliving.com\/wp-content\/uploads\/2022\/10\/3rd_annual_Latin_America_Pro-Am21.jpg?resize=400%2C267&amp;ssl=1 400w, https:\/\/i0.wp.com\/casadecampoliving.com\/wp-content\/uploads\/2022\/10\/3rd_annual_Latin_America_Pro-Am21.jpg?resize=706%2C471&amp;ssl=1 706w, https:\/\/i0.wp.com\/casadecampoliving.com\/wp-content\/uploads\/2022\/10\/3rd_annual_Latin_America_Pro-Am21.jpg?resize=150%2C100&amp;ssl=1 150w, https:\/\/i0.wp.com\/casadecampoliving.com\/wp-content\/uploads\/2022\/10\/3rd_annual_Latin_America_Pro-Am21.jpg?w=370&amp;ssl=1 370w\" sizes=\"auto, (max-width: 1000px) 100vw, 1000px\" \/><\/figure>\n\n\n\n<figure class=\"wp-block-image size-large\"><img data-recalc-dims=\"1\" loading=\"lazy\" decoding=\"async\" width=\"1000\" height=\"667\" data-id=\"486795\" src=\"https:\/\/i0.wp.com\/casadecampoliving.com\/wp-content\/uploads\/2022\/10\/3rd_annual_Latin_America_Pro-Am22.jpg?resize=1000%2C667&#038;ssl=1\" alt=\"\" class=\"wp-image-486795\" srcset=\"https:\/\/i0.wp.com\/casadecampoliving.com\/wp-content\/uploads\/2022\/10\/3rd_annual_Latin_America_Pro-Am22.jpg?w=1000&amp;ssl=1 1000w, https:\/\/i0.wp.com\/casadecampoliving.com\/wp-content\/uploads\/2022\/10\/3rd_annual_Latin_America_Pro-Am22.jpg?resize=300%2C200&amp;ssl=1 300w, https:\/\/i0.wp.com\/casadecampoliving.com\/wp-content\/uploads\/2022\/10\/3rd_annual_Latin_America_Pro-Am22.jpg?resize=768%2C512&amp;ssl=1 768w, https:\/\/i0.wp.com\/casadecampoliving.com\/wp-content\/uploads\/2022\/10\/3rd_annual_Latin_America_Pro-Am22.jpg?resize=400%2C267&amp;ssl=1 400w, https:\/\/i0.wp.com\/casadecampoliving.com\/wp-content\/uploads\/2022\/10\/3rd_annual_Latin_America_Pro-Am22.jpg?resize=706%2C471&amp;ssl=1 706w, https:\/\/i0.wp.com\/casadecampoliving.com\/wp-content\/uploads\/2022\/10\/3rd_annual_Latin_America_Pro-Am22.jpg?resize=150%2C100&amp;ssl=1 150w, https:\/\/i0.wp.com\/casadecampoliving.com\/wp-content\/uploads\/2022\/10\/3rd_annual_Latin_America_Pro-Am22.jpg?w=370&amp;ssl=1 370w\" sizes=\"auto, (max-width: 1000px) 100vw, 1000px\" \/><\/figure>\n\n\n\n<figure class=\"wp-block-image size-large\"><img data-recalc-dims=\"1\" loading=\"lazy\" decoding=\"async\" width=\"667\" height=\"1000\" data-id=\"486801\" src=\"https:\/\/i0.wp.com\/casadecampoliving.com\/wp-content\/uploads\/2022\/10\/3rd_annual_Latin_America_Pro-Am23.jpg?resize=667%2C1000&#038;ssl=1\" alt=\"\" class=\"wp-image-486801\" srcset=\"https:\/\/i0.wp.com\/casadecampoliving.com\/wp-content\/uploads\/2022\/10\/3rd_annual_Latin_America_Pro-Am23.jpg?w=667&amp;ssl=1 667w, https:\/\/i0.wp.com\/casadecampoliving.com\/wp-content\/uploads\/2022\/10\/3rd_annual_Latin_America_Pro-Am23.jpg?resize=200%2C300&amp;ssl=1 200w, https:\/\/i0.wp.com\/casadecampoliving.com\/wp-content\/uploads\/2022\/10\/3rd_annual_Latin_America_Pro-Am23.jpg?resize=400%2C600&amp;ssl=1 400w, https:\/\/i0.wp.com\/casadecampoliving.com\/wp-content\/uploads\/2022\/10\/3rd_annual_Latin_America_Pro-Am23.jpg?resize=150%2C225&amp;ssl=1 150w, https:\/\/i0.wp.com\/casadecampoliving.com\/wp-content\/uploads\/2022\/10\/3rd_annual_Latin_America_Pro-Am23.jpg?w=370&amp;ssl=1 370w\" sizes=\"auto, (max-width: 667px) 100vw, 667px\" \/><\/figure>\n\n\n\n<figure class=\"wp-block-image size-large\"><img data-recalc-dims=\"1\" loading=\"lazy\" decoding=\"async\" width=\"1000\" height=\"667\" data-id=\"486809\" src=\"https:\/\/i0.wp.com\/casadecampoliving.com\/wp-content\/uploads\/2022\/10\/3rd_annual_Latin_America_Pro-Am24.jpg?resize=1000%2C667&#038;ssl=1\" alt=\"\" class=\"wp-image-486809\" srcset=\"https:\/\/i0.wp.com\/casadecampoliving.com\/wp-content\/uploads\/2022\/10\/3rd_annual_Latin_America_Pro-Am24.jpg?w=1000&amp;ssl=1 1000w, https:\/\/i0.wp.com\/casadecampoliving.com\/wp-content\/uploads\/2022\/10\/3rd_annual_Latin_America_Pro-Am24.jpg?resize=300%2C200&amp;ssl=1 300w, https:\/\/i0.wp.com\/casadecampoliving.com\/wp-content\/uploads\/2022\/10\/3rd_annual_Latin_America_Pro-Am24.jpg?resize=768%2C512&amp;ssl=1 768w, https:\/\/i0.wp.com\/casadecampoliving.com\/wp-content\/uploads\/2022\/10\/3rd_annual_Latin_America_Pro-Am24.jpg?resize=400%2C267&amp;ssl=1 400w, https:\/\/i0.wp.com\/casadecampoliving.com\/wp-content\/uploads\/2022\/10\/3rd_annual_Latin_America_Pro-Am24.jpg?resize=706%2C471&amp;ssl=1 706w, https:\/\/i0.wp.com\/casadecampoliving.com\/wp-content\/uploads\/2022\/10\/3rd_annual_Latin_America_Pro-Am24.jpg?resize=150%2C100&amp;ssl=1 150w, https:\/\/i0.wp.com\/casadecampoliving.com\/wp-content\/uploads\/2022\/10\/3rd_annual_Latin_America_Pro-Am24.jpg?w=370&amp;ssl=1 370w\" sizes=\"auto, (max-width: 1000px) 100vw, 1000px\" \/><\/figure>\n\n\n\n<figure class=\"wp-block-image size-large\"><img data-recalc-dims=\"1\" loading=\"lazy\" decoding=\"async\" width=\"1000\" height=\"667\" data-id=\"486816\" src=\"https:\/\/i0.wp.com\/casadecampoliving.com\/wp-content\/uploads\/2022\/10\/3rd_annual_Latin_America_Pro-Am25.jpg?resize=1000%2C667&#038;ssl=1\" alt=\"\" class=\"wp-image-486816\" srcset=\"https:\/\/i0.wp.com\/casadecampoliving.com\/wp-content\/uploads\/2022\/10\/3rd_annual_Latin_America_Pro-Am25.jpg?w=1000&amp;ssl=1 1000w, https:\/\/i0.wp.com\/casadecampoliving.com\/wp-content\/uploads\/2022\/10\/3rd_annual_Latin_America_Pro-Am25.jpg?resize=300%2C200&amp;ssl=1 300w, https:\/\/i0.wp.com\/casadecampoliving.com\/wp-content\/uploads\/2022\/10\/3rd_annual_Latin_America_Pro-Am25.jpg?resize=768%2C512&amp;ssl=1 768w, https:\/\/i0.wp.com\/casadecampoliving.com\/wp-content\/uploads\/2022\/10\/3rd_annual_Latin_America_Pro-Am25.jpg?resize=400%2C267&amp;ssl=1 400w, https:\/\/i0.wp.com\/casadecampoliving.com\/wp-content\/uploads\/2022\/10\/3rd_annual_Latin_America_Pro-Am25.jpg?resize=706%2C471&amp;ssl=1 706w, https:\/\/i0.wp.com\/casadecampoliving.com\/wp-content\/uploads\/2022\/10\/3rd_annual_Latin_America_Pro-Am25.jpg?resize=150%2C100&amp;ssl=1 150w, https:\/\/i0.wp.com\/casadecampoliving.com\/wp-content\/uploads\/2022\/10\/3rd_annual_Latin_America_Pro-Am25.jpg?w=370&amp;ssl=1 370w\" sizes=\"auto, (max-width: 1000px) 100vw, 1000px\" \/><\/figure>\n\n\n\n<figure class=\"wp-block-image size-large\"><img data-recalc-dims=\"1\" loading=\"lazy\" decoding=\"async\" width=\"1000\" height=\"667\" data-id=\"486823\" src=\"https:\/\/i0.wp.com\/casadecampoliving.com\/wp-content\/uploads\/2022\/10\/3rd_annual_Latin_America_Pro-Am26.jpg?resize=1000%2C667&#038;ssl=1\" alt=\"\" class=\"wp-image-486823\" srcset=\"https:\/\/i0.wp.com\/casadecampoliving.com\/wp-content\/uploads\/2022\/10\/3rd_annual_Latin_America_Pro-Am26.jpg?w=1000&amp;ssl=1 1000w, https:\/\/i0.wp.com\/casadecampoliving.com\/wp-content\/uploads\/2022\/10\/3rd_annual_Latin_America_Pro-Am26.jpg?resize=300%2C200&amp;ssl=1 300w, https:\/\/i0.wp.com\/casadecampoliving.com\/wp-content\/uploads\/2022\/10\/3rd_annual_Latin_America_Pro-Am26.jpg?resize=768%2C512&amp;ssl=1 768w, https:\/\/i0.wp.com\/casadecampoliving.com\/wp-content\/uploads\/2022\/10\/3rd_annual_Latin_America_Pro-Am26.jpg?resize=400%2C267&amp;ssl=1 400w, https:\/\/i0.wp.com\/casadecampoliving.com\/wp-content\/uploads\/2022\/10\/3rd_annual_Latin_America_Pro-Am26.jpg?resize=706%2C471&amp;ssl=1 706w, https:\/\/i0.wp.com\/casadecampoliving.com\/wp-content\/uploads\/2022\/10\/3rd_annual_Latin_America_Pro-Am26.jpg?resize=150%2C100&amp;ssl=1 150w, https:\/\/i0.wp.com\/casadecampoliving.com\/wp-content\/uploads\/2022\/10\/3rd_annual_Latin_America_Pro-Am26.jpg?w=370&amp;ssl=1 370w\" sizes=\"auto, (max-width: 1000px) 100vw, 1000px\" \/><\/figure>\n\n\n\n<figure class=\"wp-block-image size-large\"><img data-recalc-dims=\"1\" loading=\"lazy\" decoding=\"async\" width=\"1000\" height=\"667\" data-id=\"486827\" src=\"https:\/\/i0.wp.com\/casadecampoliving.com\/wp-content\/uploads\/2022\/10\/3rd_annual_Latin_America_Pro-Am27.jpg?resize=1000%2C667&#038;ssl=1\" alt=\"\" class=\"wp-image-486827\" srcset=\"https:\/\/i0.wp.com\/casadecampoliving.com\/wp-content\/uploads\/2022\/10\/3rd_annual_Latin_America_Pro-Am27.jpg?w=1000&amp;ssl=1 1000w, https:\/\/i0.wp.com\/casadecampoliving.com\/wp-content\/uploads\/2022\/10\/3rd_annual_Latin_America_Pro-Am27.jpg?resize=300%2C200&amp;ssl=1 300w, https:\/\/i0.wp.com\/casadecampoliving.com\/wp-content\/uploads\/2022\/10\/3rd_annual_Latin_America_Pro-Am27.jpg?resize=768%2C512&amp;ssl=1 768w, https:\/\/i0.wp.com\/casadecampoliving.com\/wp-content\/uploads\/2022\/10\/3rd_annual_Latin_America_Pro-Am27.jpg?resize=400%2C267&amp;ssl=1 400w, https:\/\/i0.wp.com\/casadecampoliving.com\/wp-content\/uploads\/2022\/10\/3rd_annual_Latin_America_Pro-Am27.jpg?resize=706%2C471&amp;ssl=1 706w, https:\/\/i0.wp.com\/casadecampoliving.com\/wp-content\/uploads\/2022\/10\/3rd_annual_Latin_America_Pro-Am27.jpg?resize=150%2C100&amp;ssl=1 150w, https:\/\/i0.wp.com\/casadecampoliving.com\/wp-content\/uploads\/2022\/10\/3rd_annual_Latin_America_Pro-Am27.jpg?w=370&amp;ssl=1 370w\" sizes=\"auto, (max-width: 1000px) 100vw, 1000px\" \/><\/figure>\n\n\n\n<figure class=\"wp-block-image size-large\"><img data-recalc-dims=\"1\" loading=\"lazy\" decoding=\"async\" width=\"1000\" height=\"667\" data-id=\"486835\" src=\"https:\/\/i0.wp.com\/casadecampoliving.com\/wp-content\/uploads\/2022\/10\/3rd_annual_Latin_America_Pro-Am28.jpg?resize=1000%2C667&#038;ssl=1\" alt=\"\" class=\"wp-image-486835\" srcset=\"https:\/\/i0.wp.com\/casadecampoliving.com\/wp-content\/uploads\/2022\/10\/3rd_annual_Latin_America_Pro-Am28.jpg?w=1000&amp;ssl=1 1000w, https:\/\/i0.wp.com\/casadecampoliving.com\/wp-content\/uploads\/2022\/10\/3rd_annual_Latin_America_Pro-Am28.jpg?resize=300%2C200&amp;ssl=1 300w, https:\/\/i0.wp.com\/casadecampoliving.com\/wp-content\/uploads\/2022\/10\/3rd_annual_Latin_America_Pro-Am28.jpg?resize=768%2C512&amp;ssl=1 768w, https:\/\/i0.wp.com\/casadecampoliving.com\/wp-content\/uploads\/2022\/10\/3rd_annual_Latin_America_Pro-Am28.jpg?resize=400%2C267&amp;ssl=1 400w, https:\/\/i0.wp.com\/casadecampoliving.com\/wp-content\/uploads\/2022\/10\/3rd_annual_Latin_America_Pro-Am28.jpg?resize=706%2C471&amp;ssl=1 706w, https:\/\/i0.wp.com\/casadecampoliving.com\/wp-content\/uploads\/2022\/10\/3rd_annual_Latin_America_Pro-Am28.jpg?resize=150%2C100&amp;ssl=1 150w, https:\/\/i0.wp.com\/casadecampoliving.com\/wp-content\/uploads\/2022\/10\/3rd_annual_Latin_America_Pro-Am28.jpg?w=370&amp;ssl=1 370w\" sizes=\"auto, (max-width: 1000px) 100vw, 1000px\" \/><\/figure>\n\n\n\n<figure class=\"wp-block-image size-large\"><img data-recalc-dims=\"1\" loading=\"lazy\" decoding=\"async\" width=\"1000\" height=\"667\" data-id=\"486843\" src=\"https:\/\/i0.wp.com\/casadecampoliving.com\/wp-content\/uploads\/2022\/10\/3rd_annual_Latin_America_Pro-Am29.jpg?resize=1000%2C667&#038;ssl=1\" alt=\"\" class=\"wp-image-486843\" srcset=\"https:\/\/i0.wp.com\/casadecampoliving.com\/wp-content\/uploads\/2022\/10\/3rd_annual_Latin_America_Pro-Am29.jpg?w=1000&amp;ssl=1 1000w, https:\/\/i0.wp.com\/casadecampoliving.com\/wp-content\/uploads\/2022\/10\/3rd_annual_Latin_America_Pro-Am29.jpg?resize=300%2C200&amp;ssl=1 300w, https:\/\/i0.wp.com\/casadecampoliving.com\/wp-content\/uploads\/2022\/10\/3rd_annual_Latin_America_Pro-Am29.jpg?resize=768%2C512&amp;ssl=1 768w, https:\/\/i0.wp.com\/casadecampoliving.com\/wp-content\/uploads\/2022\/10\/3rd_annual_Latin_America_Pro-Am29.jpg?resize=400%2C267&amp;ssl=1 400w, https:\/\/i0.wp.com\/casadecampoliving.com\/wp-content\/uploads\/2022\/10\/3rd_annual_Latin_America_Pro-Am29.jpg?resize=706%2C471&amp;ssl=1 706w, https:\/\/i0.wp.com\/casadecampoliving.com\/wp-content\/uploads\/2022\/10\/3rd_annual_Latin_America_Pro-Am29.jpg?resize=150%2C100&amp;ssl=1 150w, https:\/\/i0.wp.com\/casadecampoliving.com\/wp-content\/uploads\/2022\/10\/3rd_annual_Latin_America_Pro-Am29.jpg?w=370&amp;ssl=1 370w\" sizes=\"auto, (max-width: 1000px) 100vw, 1000px\" \/><\/figure>\n\n\n\n<figure class=\"wp-block-image size-large\"><img data-recalc-dims=\"1\" loading=\"lazy\" decoding=\"async\" width=\"1000\" height=\"667\" data-id=\"486851\" src=\"https:\/\/i0.wp.com\/casadecampoliving.com\/wp-content\/uploads\/2022\/10\/3rd_annual_Latin_America_Pro-Am30.jpg?resize=1000%2C667&#038;ssl=1\" alt=\"\" class=\"wp-image-486851\" srcset=\"https:\/\/i0.wp.com\/casadecampoliving.com\/wp-content\/uploads\/2022\/10\/3rd_annual_Latin_America_Pro-Am30.jpg?w=1000&amp;ssl=1 1000w, https:\/\/i0.wp.com\/casadecampoliving.com\/wp-content\/uploads\/2022\/10\/3rd_annual_Latin_America_Pro-Am30.jpg?resize=300%2C200&amp;ssl=1 300w, https:\/\/i0.wp.com\/casadecampoliving.com\/wp-content\/uploads\/2022\/10\/3rd_annual_Latin_America_Pro-Am30.jpg?resize=768%2C512&amp;ssl=1 768w, https:\/\/i0.wp.com\/casadecampoliving.com\/wp-content\/uploads\/2022\/10\/3rd_annual_Latin_America_Pro-Am30.jpg?resize=400%2C267&amp;ssl=1 400w, https:\/\/i0.wp.com\/casadecampoliving.com\/wp-content\/uploads\/2022\/10\/3rd_annual_Latin_America_Pro-Am30.jpg?resize=706%2C471&amp;ssl=1 706w, https:\/\/i0.wp.com\/casadecampoliving.com\/wp-content\/uploads\/2022\/10\/3rd_annual_Latin_America_Pro-Am30.jpg?resize=150%2C100&amp;ssl=1 150w, https:\/\/i0.wp.com\/casadecampoliving.com\/wp-content\/uploads\/2022\/10\/3rd_annual_Latin_America_Pro-Am30.jpg?w=370&amp;ssl=1 370w\" sizes=\"auto, (max-width: 1000px) 100vw, 1000px\" \/><\/figure>\n\n\n\n<figure class=\"wp-block-image size-large\"><img data-recalc-dims=\"1\" loading=\"lazy\" decoding=\"async\" width=\"1000\" height=\"667\" data-id=\"486858\" src=\"https:\/\/i0.wp.com\/casadecampoliving.com\/wp-content\/uploads\/2022\/10\/3rd_annual_Latin_America_Pro-Am31.jpg?resize=1000%2C667&#038;ssl=1\" alt=\"\" class=\"wp-image-486858\" srcset=\"https:\/\/i0.wp.com\/casadecampoliving.com\/wp-content\/uploads\/2022\/10\/3rd_annual_Latin_America_Pro-Am31.jpg?w=1000&amp;ssl=1 1000w, https:\/\/i0.wp.com\/casadecampoliving.com\/wp-content\/uploads\/2022\/10\/3rd_annual_Latin_America_Pro-Am31.jpg?resize=300%2C200&amp;ssl=1 300w, https:\/\/i0.wp.com\/casadecampoliving.com\/wp-content\/uploads\/2022\/10\/3rd_annual_Latin_America_Pro-Am31.jpg?resize=768%2C512&amp;ssl=1 768w, https:\/\/i0.wp.com\/casadecampoliving.com\/wp-content\/uploads\/2022\/10\/3rd_annual_Latin_America_Pro-Am31.jpg?resize=400%2C267&amp;ssl=1 400w, https:\/\/i0.wp.com\/casadecampoliving.com\/wp-content\/uploads\/2022\/10\/3rd_annual_Latin_America_Pro-Am31.jpg?resize=706%2C471&amp;ssl=1 706w, https:\/\/i0.wp.com\/casadecampoliving.com\/wp-content\/uploads\/2022\/10\/3rd_annual_Latin_America_Pro-Am31.jpg?resize=150%2C100&amp;ssl=1 150w, https:\/\/i0.wp.com\/casadecampoliving.com\/wp-content\/uploads\/2022\/10\/3rd_annual_Latin_America_Pro-Am31.jpg?w=370&amp;ssl=1 370w\" sizes=\"auto, (max-width: 1000px) 100vw, 1000px\" \/><\/figure>\n\n\n\n<figure class=\"wp-block-image size-large\"><img data-recalc-dims=\"1\" loading=\"lazy\" decoding=\"async\" width=\"1000\" height=\"667\" data-id=\"486865\" src=\"https:\/\/i0.wp.com\/casadecampoliving.com\/wp-content\/uploads\/2022\/10\/1st_chavon-1.jpg?resize=1000%2C667&#038;ssl=1\" alt=\"\" class=\"wp-image-486865\" srcset=\"https:\/\/i0.wp.com\/casadecampoliving.com\/wp-content\/uploads\/2022\/10\/1st_chavon-1.jpg?w=1000&amp;ssl=1 1000w, https:\/\/i0.wp.com\/casadecampoliving.com\/wp-content\/uploads\/2022\/10\/1st_chavon-1.jpg?resize=300%2C200&amp;ssl=1 300w, https:\/\/i0.wp.com\/casadecampoliving.com\/wp-content\/uploads\/2022\/10\/1st_chavon-1.jpg?resize=768%2C512&amp;ssl=1 768w, https:\/\/i0.wp.com\/casadecampoliving.com\/wp-content\/uploads\/2022\/10\/1st_chavon-1.jpg?resize=400%2C267&amp;ssl=1 400w, https:\/\/i0.wp.com\/casadecampoliving.com\/wp-content\/uploads\/2022\/10\/1st_chavon-1.jpg?resize=706%2C471&amp;ssl=1 706w, https:\/\/i0.wp.com\/casadecampoliving.com\/wp-content\/uploads\/2022\/10\/1st_chavon-1.jpg?resize=150%2C100&amp;ssl=1 150w, https:\/\/i0.wp.com\/casadecampoliving.com\/wp-content\/uploads\/2022\/10\/1st_chavon-1.jpg?w=370&amp;ssl=1 370w\" sizes=\"auto, (max-width: 1000px) 100vw, 1000px\" \/><\/figure>\n<\/figure>\n","protected":false},"excerpt":{"rendered":"<p>En honor al 3er Torneo Anual Am\u00e9rica Latina&nbsp;Golf Pro-Am, cien aficionados y profesionales vinieron a Casa de Campo la semana pasada para jugar en el Teeth of the Dog del 8 al 12 de agosto. Jugando en el formato Best Ball Net y Gross, veinte equipos compuestos por familiares y amigos compitieron con otros pa\u00edses [&hellip;]<\/p>\n","protected":false},"author":36681,"featured_media":308120,"comment_status":"closed","ping_status":"closed","sticky":false,"template":"","format":"standard","meta":{"newspack_ads_suppress_ads":false,"newspack_popups_has_disabled_popups":false,"newspack_sponsor_sponsorship_scope":"","newspack_sponsor_native_byline_display":"inherit","newspack_sponsor_native_category_display":"inherit","newspack_sponsor_underwriter_style":"inherit","newspack_sponsor_underwriter_placement":"inherit","_newspack_byline_active":false,"_newspack_byline":"","newspack_hide_updated_date":false,"newspack_show_updated_date":false,"newspack_content_restriction_is_exempt":false,"newspack_featured_image_position":"","newspack_post_subtitle":"","newspack_article_summary_title":"Overview:","newspack_article_summary":"","_jetpack_memberships_contains_paid_content":false,"footnotes":"","jetpack_publicize_message":"","jetpack_publicize_feature_enabled":true,"jetpack_social_post_already_shared":false,"jetpack_social_options":{"image_generator_settings":{"template":"highway","default_image_id":0,"font":"","enabled":false},"version":2},"_wpas_customize_per_network":false},"categories":[2521,2522,14631,14625,26822,2525],"tags":[1720,2576,23815,178,14736,8576,21438,12436,177,2599],"newspack_spnsrs_tax":[],"class_list":["post-351868","post","type-post","status-publish","format-standard","has-post-thumbnail","hentry","category-republica-dominicana-2","category-eventos-es","category-estilo-de-vida","category-noticias-locales","category-resort-casa-de-campo","category-golf-deportes-es","tag-campeones","tag-campos-de-golf","tag-casa-de-campo-es-17","tag-dye-fore","tag-featured-topview-es","tag-ganadores","tag-latino-america","tag-proam","tag-teeth-of-the-dog","tag-torneo-de-golf","entry"],"yoast_head":"<!-- This site is optimized with the Yoast SEO plugin v27.4 - https:\/\/yoast.com\/product\/yoast-seo-wordpress\/ -->\n<title>La 3\u00aa edici\u00f3n del Am\u00e9rica Latina Pro-Am celebra su final en La Terraza Dye Fore | Casa de Campo Living<\/title>\n<meta name=\"description\" content=\"En honor al 3er Torneo Anual Am\u00e9rica Latina&nbsp;Golf Pro-Am, cien aficionados y profesionales vinieron a Casa de Campo la semana pasada para jugar en el\" \/>\n<meta name=\"robots\" content=\"index, follow, max-snippet:-1, max-image-preview:large, max-video-preview:-1\" \/>\n<link rel=\"canonical\" href=\"https:\/\/casadecampoliving.com\/es\/la-3a-edicion-del-america-latina-pro-celebra-su-final-en-la-terraza-dye-fore\/\" \/>\n<meta property=\"og:locale\" content=\"es_ES\" \/>\n<meta property=\"og:type\" content=\"article\" \/>\n<meta property=\"og:title\" content=\"La 3\u00aa edici\u00f3n del Am\u00e9rica Latina Pro-Am celebra su final en La Terraza Dye Fore | Casa de Campo Living\" \/>\n<meta property=\"og:description\" content=\"En honor al 3er Torneo Anual Am\u00e9rica Latina&nbsp;Golf Pro-Am, cien aficionados y profesionales vinieron a Casa de Campo la semana pasada para jugar en el\" \/>\n<meta property=\"og:url\" content=\"https:\/\/casadecampoliving.com\/es\/la-3a-edicion-del-america-latina-pro-celebra-su-final-en-la-terraza-dye-fore\/\" \/>\n<meta property=\"og:site_name\" content=\"Casa de Campo Living\" \/>\n<meta property=\"article:publisher\" content=\"https:\/\/www.facebook.com\/casadecampoliving\" \/>\n<meta property=\"article:published_time\" content=\"2017-08-17T04:00:00+00:00\" \/>\n<meta property=\"article:modified_time\" content=\"2022-11-10T14:41:49+00:00\" \/>\n<meta property=\"og:image\" content=\"https:\/\/i0.wp.com\/casadecampoliving.com\/wp-content\/uploads\/2022\/10\/EJ4B9955-e1502984736307.jpg?fit=1000%2C600&ssl=1\" \/>\n\t<meta property=\"og:image:width\" content=\"1000\" \/>\n\t<meta property=\"og:image:height\" content=\"600\" \/>\n\t<meta property=\"og:image:type\" content=\"image\/jpeg\" \/>\n<meta name=\"author\" content=\"Heather Lincoln\" \/>\n<meta name=\"twitter:card\" content=\"summary_large_image\" \/>\n<meta name=\"twitter:creator\" content=\"@cdcliving\" \/>\n<meta name=\"twitter:site\" content=\"@cdcliving\" \/>\n<meta name=\"twitter:label1\" content=\"Escrito por\" \/>\n\t<meta name=\"twitter:data1\" content=\"Heather Lincoln\" \/>\n\t<meta name=\"twitter:label2\" content=\"Tiempo de lectura\" \/>\n\t<meta name=\"twitter:data2\" content=\"2 minutos\" \/>\n<script type=\"application\/ld+json\" class=\"yoast-schema-graph\">{\"@context\":\"https:\\\/\\\/schema.org\",\"@graph\":[{\"@type\":\"Article\",\"@id\":\"https:\\\/\\\/casadecampoliving.com\\\/es\\\/la-3a-edicion-del-america-latina-pro-celebra-su-final-en-la-terraza-dye-fore\\\/#article\",\"isPartOf\":{\"@id\":\"https:\\\/\\\/casadecampoliving.com\\\/es\\\/la-3a-edicion-del-america-latina-pro-celebra-su-final-en-la-terraza-dye-fore\\\/\"},\"author\":{\"name\":\"Heather Lincoln\",\"@id\":\"https:\\\/\\\/casadecampoliving.com\\\/es\\\/#\\\/schema\\\/person\\\/e3abfc63c1478fd703266a6f33a3145d\"},\"headline\":\"La 3\u00aa edici\u00f3n del Am\u00e9rica Latina Pro-Am celebra su final en La Terraza Dye Fore\",\"datePublished\":\"2017-08-17T04:00:00+00:00\",\"dateModified\":\"2022-11-10T14:41:49+00:00\",\"mainEntityOfPage\":{\"@id\":\"https:\\\/\\\/casadecampoliving.com\\\/es\\\/la-3a-edicion-del-america-latina-pro-celebra-su-final-en-la-terraza-dye-fore\\\/\"},\"wordCount\":508,\"publisher\":{\"@id\":\"https:\\\/\\\/casadecampoliving.com\\\/es\\\/#organization\"},\"image\":{\"@id\":\"https:\\\/\\\/casadecampoliving.com\\\/es\\\/la-3a-edicion-del-america-latina-pro-celebra-su-final-en-la-terraza-dye-fore\\\/#primaryimage\"},\"thumbnailUrl\":\"https:\\\/\\\/i0.wp.com\\\/casadecampoliving.com\\\/wp-content\\\/uploads\\\/2022\\\/10\\\/EJ4B9955-e1502984736307.jpg?fit=1000%2C600&ssl=1\",\"keywords\":[\"campeones\",\"campos de golf\",\"Casa de Campo\",\"Dye Fore\",\"Featured-TopView @es\",\"Ganadores\",\"latino america\",\"ProAm\",\"Teeth of the Dog\",\"torneo de golf\"],\"articleSection\":[\"Rep\u00fablica Dominicana @es\",\"Eventos\",\"Estilo de Vida\",\"Noticias Locales\",\"Resort Casa de Campo\",\"Deportes\"],\"inLanguage\":\"es\"},{\"@type\":\"WebPage\",\"@id\":\"https:\\\/\\\/casadecampoliving.com\\\/es\\\/la-3a-edicion-del-america-latina-pro-celebra-su-final-en-la-terraza-dye-fore\\\/\",\"url\":\"https:\\\/\\\/casadecampoliving.com\\\/es\\\/la-3a-edicion-del-america-latina-pro-celebra-su-final-en-la-terraza-dye-fore\\\/\",\"name\":\"La 3\u00aa edici\u00f3n del Am\u00e9rica Latina Pro-Am celebra su final en La Terraza Dye Fore | Casa de Campo Living\",\"isPartOf\":{\"@id\":\"https:\\\/\\\/casadecampoliving.com\\\/es\\\/#website\"},\"primaryImageOfPage\":{\"@id\":\"https:\\\/\\\/casadecampoliving.com\\\/es\\\/la-3a-edicion-del-america-latina-pro-celebra-su-final-en-la-terraza-dye-fore\\\/#primaryimage\"},\"image\":{\"@id\":\"https:\\\/\\\/casadecampoliving.com\\\/es\\\/la-3a-edicion-del-america-latina-pro-celebra-su-final-en-la-terraza-dye-fore\\\/#primaryimage\"},\"thumbnailUrl\":\"https:\\\/\\\/i0.wp.com\\\/casadecampoliving.com\\\/wp-content\\\/uploads\\\/2022\\\/10\\\/EJ4B9955-e1502984736307.jpg?fit=1000%2C600&ssl=1\",\"datePublished\":\"2017-08-17T04:00:00+00:00\",\"dateModified\":\"2022-11-10T14:41:49+00:00\",\"description\":\"En honor al 3er Torneo Anual Am\u00e9rica Latina&nbsp;Golf Pro-Am, cien aficionados y profesionales vinieron a Casa de Campo la semana pasada para jugar en el\",\"breadcrumb\":{\"@id\":\"https:\\\/\\\/casadecampoliving.com\\\/es\\\/la-3a-edicion-del-america-latina-pro-celebra-su-final-en-la-terraza-dye-fore\\\/#breadcrumb\"},\"inLanguage\":\"es\",\"potentialAction\":[{\"@type\":\"ReadAction\",\"target\":[\"https:\\\/\\\/casadecampoliving.com\\\/es\\\/la-3a-edicion-del-america-latina-pro-celebra-su-final-en-la-terraza-dye-fore\\\/\"]}]},{\"@type\":\"ImageObject\",\"inLanguage\":\"es\",\"@id\":\"https:\\\/\\\/casadecampoliving.com\\\/es\\\/la-3a-edicion-del-america-latina-pro-celebra-su-final-en-la-terraza-dye-fore\\\/#primaryimage\",\"url\":\"https:\\\/\\\/i0.wp.com\\\/casadecampoliving.com\\\/wp-content\\\/uploads\\\/2022\\\/10\\\/EJ4B9955-e1502984736307.jpg?fit=1000%2C600&ssl=1\",\"contentUrl\":\"https:\\\/\\\/i0.wp.com\\\/casadecampoliving.com\\\/wp-content\\\/uploads\\\/2022\\\/10\\\/EJ4B9955-e1502984736307.jpg?fit=1000%2C600&ssl=1\",\"width\":1000,\"height\":600,\"caption\":\"3rd annual Latin America Pro-Am\"},{\"@type\":\"BreadcrumbList\",\"@id\":\"https:\\\/\\\/casadecampoliving.com\\\/es\\\/la-3a-edicion-del-america-latina-pro-celebra-su-final-en-la-terraza-dye-fore\\\/#breadcrumb\",\"itemListElement\":[{\"@type\":\"ListItem\",\"position\":1,\"name\":\"Home\",\"item\":\"https:\\\/\\\/casadecampoliving.com\\\/es\\\/\"},{\"@type\":\"ListItem\",\"position\":2,\"name\":\"La 3\u00aa edici\u00f3n del Am\u00e9rica Latina Pro-Am celebra su final en La Terraza Dye Fore\"}]},{\"@type\":\"WebSite\",\"@id\":\"https:\\\/\\\/casadecampoliving.com\\\/es\\\/#website\",\"url\":\"https:\\\/\\\/casadecampoliving.com\\\/es\\\/\",\"name\":\"Casa de Campo Living\",\"description\":\"Resort community news and resources.\",\"publisher\":{\"@id\":\"https:\\\/\\\/casadecampoliving.com\\\/es\\\/#organization\"},\"potentialAction\":[{\"@type\":\"SearchAction\",\"target\":{\"@type\":\"EntryPoint\",\"urlTemplate\":\"https:\\\/\\\/casadecampoliving.com\\\/es\\\/?s={search_term_string}\"},\"query-input\":{\"@type\":\"PropertyValueSpecification\",\"valueRequired\":true,\"valueName\":\"search_term_string\"}}],\"inLanguage\":\"es\"},{\"@type\":\"Organization\",\"@id\":\"https:\\\/\\\/casadecampoliving.com\\\/es\\\/#organization\",\"name\":\"Casa de Campo Living\",\"url\":\"https:\\\/\\\/casadecampoliving.com\\\/es\\\/\",\"logo\":{\"@type\":\"ImageObject\",\"inLanguage\":\"es\",\"@id\":\"https:\\\/\\\/casadecampoliving.com\\\/es\\\/#\\\/schema\\\/logo\\\/image\\\/\",\"url\":\"https:\\\/\\\/i0.wp.com\\\/casadecampoliving.com\\\/wp-content\\\/uploads\\\/2022\\\/07\\\/CDCLivingLogo_V1-white-sized.png?fit=800%2C214&ssl=1\",\"contentUrl\":\"https:\\\/\\\/i0.wp.com\\\/casadecampoliving.com\\\/wp-content\\\/uploads\\\/2022\\\/07\\\/CDCLivingLogo_V1-white-sized.png?fit=800%2C214&ssl=1\",\"width\":800,\"height\":214,\"caption\":\"Casa de Campo Living\"},\"image\":{\"@id\":\"https:\\\/\\\/casadecampoliving.com\\\/es\\\/#\\\/schema\\\/logo\\\/image\\\/\"},\"sameAs\":[\"https:\\\/\\\/www.facebook.com\\\/casadecampoliving\",\"https:\\\/\\\/x.com\\\/cdcliving\"]},{\"@type\":\"Person\",\"@id\":\"https:\\\/\\\/casadecampoliving.com\\\/es\\\/#\\\/schema\\\/person\\\/e3abfc63c1478fd703266a6f33a3145d\",\"name\":\"Heather Lincoln\",\"image\":{\"@type\":\"ImageObject\",\"inLanguage\":\"es\",\"@id\":\"https:\\\/\\\/secure.gravatar.com\\\/avatar\\\/e8fc1ce4ad50385675908137b0d8d66be281d034bf072b4700460237638ea6d0?s=96&d=mm&r=g\",\"url\":\"https:\\\/\\\/secure.gravatar.com\\\/avatar\\\/e8fc1ce4ad50385675908137b0d8d66be281d034bf072b4700460237638ea6d0?s=96&d=mm&r=g\",\"contentUrl\":\"https:\\\/\\\/secure.gravatar.com\\\/avatar\\\/e8fc1ce4ad50385675908137b0d8d66be281d034bf072b4700460237638ea6d0?s=96&d=mm&r=g\",\"caption\":\"Heather Lincoln\"},\"url\":\"https:\\\/\\\/casadecampoliving.com\\\/es\\\/author\\\/hcastillo\\\/\"}]}<\/script>\n<!-- \/ Yoast SEO plugin. -->","yoast_head_json":{"title":"La 3\u00aa edici\u00f3n del Am\u00e9rica Latina Pro-Am celebra su final en La Terraza Dye Fore | Casa de Campo Living","description":"En honor al 3er Torneo Anual Am\u00e9rica Latina&nbsp;Golf Pro-Am, cien aficionados y profesionales vinieron a Casa de Campo la semana pasada para jugar en el","robots":{"index":"index","follow":"follow","max-snippet":"max-snippet:-1","max-image-preview":"max-image-preview:large","max-video-preview":"max-video-preview:-1"},"canonical":"https:\/\/casadecampoliving.com\/es\/la-3a-edicion-del-america-latina-pro-celebra-su-final-en-la-terraza-dye-fore\/","og_locale":"es_ES","og_type":"article","og_title":"La 3\u00aa edici\u00f3n del Am\u00e9rica Latina Pro-Am celebra su final en La Terraza Dye Fore | Casa de Campo Living","og_description":"En honor al 3er Torneo Anual Am\u00e9rica Latina&nbsp;Golf Pro-Am, cien aficionados y profesionales vinieron a Casa de Campo la semana pasada para jugar en el","og_url":"https:\/\/casadecampoliving.com\/es\/la-3a-edicion-del-america-latina-pro-celebra-su-final-en-la-terraza-dye-fore\/","og_site_name":"Casa de Campo Living","article_publisher":"https:\/\/www.facebook.com\/casadecampoliving","article_published_time":"2017-08-17T04:00:00+00:00","article_modified_time":"2022-11-10T14:41:49+00:00","og_image":[{"width":1000,"height":600,"url":"https:\/\/i0.wp.com\/casadecampoliving.com\/wp-content\/uploads\/2022\/10\/EJ4B9955-e1502984736307.jpg?fit=1000%2C600&ssl=1","type":"image\/jpeg"}],"author":"Heather Lincoln","twitter_card":"summary_large_image","twitter_creator":"@cdcliving","twitter_site":"@cdcliving","twitter_misc":{"Escrito por":"Heather Lincoln","Tiempo de lectura":"2 minutos"},"schema":{"@context":"https:\/\/schema.org","@graph":[{"@type":"Article","@id":"https:\/\/casadecampoliving.com\/es\/la-3a-edicion-del-america-latina-pro-celebra-su-final-en-la-terraza-dye-fore\/#article","isPartOf":{"@id":"https:\/\/casadecampoliving.com\/es\/la-3a-edicion-del-america-latina-pro-celebra-su-final-en-la-terraza-dye-fore\/"},"author":{"name":"Heather Lincoln","@id":"https:\/\/casadecampoliving.com\/es\/#\/schema\/person\/e3abfc63c1478fd703266a6f33a3145d"},"headline":"La 3\u00aa edici\u00f3n del Am\u00e9rica Latina Pro-Am celebra su final en La Terraza Dye Fore","datePublished":"2017-08-17T04:00:00+00:00","dateModified":"2022-11-10T14:41:49+00:00","mainEntityOfPage":{"@id":"https:\/\/casadecampoliving.com\/es\/la-3a-edicion-del-america-latina-pro-celebra-su-final-en-la-terraza-dye-fore\/"},"wordCount":508,"publisher":{"@id":"https:\/\/casadecampoliving.com\/es\/#organization"},"image":{"@id":"https:\/\/casadecampoliving.com\/es\/la-3a-edicion-del-america-latina-pro-celebra-su-final-en-la-terraza-dye-fore\/#primaryimage"},"thumbnailUrl":"https:\/\/i0.wp.com\/casadecampoliving.com\/wp-content\/uploads\/2022\/10\/EJ4B9955-e1502984736307.jpg?fit=1000%2C600&ssl=1","keywords":["campeones","campos de golf","Casa de Campo","Dye Fore","Featured-TopView @es","Ganadores","latino america","ProAm","Teeth of the Dog","torneo de golf"],"articleSection":["Rep\u00fablica Dominicana @es","Eventos","Estilo de Vida","Noticias Locales","Resort Casa de Campo","Deportes"],"inLanguage":"es"},{"@type":"WebPage","@id":"https:\/\/casadecampoliving.com\/es\/la-3a-edicion-del-america-latina-pro-celebra-su-final-en-la-terraza-dye-fore\/","url":"https:\/\/casadecampoliving.com\/es\/la-3a-edicion-del-america-latina-pro-celebra-su-final-en-la-terraza-dye-fore\/","name":"La 3\u00aa edici\u00f3n del Am\u00e9rica Latina Pro-Am celebra su final en La Terraza Dye Fore | Casa de Campo Living","isPartOf":{"@id":"https:\/\/casadecampoliving.com\/es\/#website"},"primaryImageOfPage":{"@id":"https:\/\/casadecampoliving.com\/es\/la-3a-edicion-del-america-latina-pro-celebra-su-final-en-la-terraza-dye-fore\/#primaryimage"},"image":{"@id":"https:\/\/casadecampoliving.com\/es\/la-3a-edicion-del-america-latina-pro-celebra-su-final-en-la-terraza-dye-fore\/#primaryimage"},"thumbnailUrl":"https:\/\/i0.wp.com\/casadecampoliving.com\/wp-content\/uploads\/2022\/10\/EJ4B9955-e1502984736307.jpg?fit=1000%2C600&ssl=1","datePublished":"2017-08-17T04:00:00+00:00","dateModified":"2022-11-10T14:41:49+00:00","description":"En honor al 3er Torneo Anual Am\u00e9rica Latina&nbsp;Golf Pro-Am, cien aficionados y profesionales vinieron a Casa de Campo la semana pasada para jugar en el","breadcrumb":{"@id":"https:\/\/casadecampoliving.com\/es\/la-3a-edicion-del-america-latina-pro-celebra-su-final-en-la-terraza-dye-fore\/#breadcrumb"},"inLanguage":"es","potentialAction":[{"@type":"ReadAction","target":["https:\/\/casadecampoliving.com\/es\/la-3a-edicion-del-america-latina-pro-celebra-su-final-en-la-terraza-dye-fore\/"]}]},{"@type":"ImageObject","inLanguage":"es","@id":"https:\/\/casadecampoliving.com\/es\/la-3a-edicion-del-america-latina-pro-celebra-su-final-en-la-terraza-dye-fore\/#primaryimage","url":"https:\/\/i0.wp.com\/casadecampoliving.com\/wp-content\/uploads\/2022\/10\/EJ4B9955-e1502984736307.jpg?fit=1000%2C600&ssl=1","contentUrl":"https:\/\/i0.wp.com\/casadecampoliving.com\/wp-content\/uploads\/2022\/10\/EJ4B9955-e1502984736307.jpg?fit=1000%2C600&ssl=1","width":1000,"height":600,"caption":"3rd annual Latin America Pro-Am"},{"@type":"BreadcrumbList","@id":"https:\/\/casadecampoliving.com\/es\/la-3a-edicion-del-america-latina-pro-celebra-su-final-en-la-terraza-dye-fore\/#breadcrumb","itemListElement":[{"@type":"ListItem","position":1,"name":"Home","item":"https:\/\/casadecampoliving.com\/es\/"},{"@type":"ListItem","position":2,"name":"La 3\u00aa edici\u00f3n del Am\u00e9rica Latina Pro-Am celebra su final en La Terraza Dye Fore"}]},{"@type":"WebSite","@id":"https:\/\/casadecampoliving.com\/es\/#website","url":"https:\/\/casadecampoliving.com\/es\/","name":"Casa de Campo Living","description":"Resort community news and resources.","publisher":{"@id":"https:\/\/casadecampoliving.com\/es\/#organization"},"potentialAction":[{"@type":"SearchAction","target":{"@type":"EntryPoint","urlTemplate":"https:\/\/casadecampoliving.com\/es\/?s={search_term_string}"},"query-input":{"@type":"PropertyValueSpecification","valueRequired":true,"valueName":"search_term_string"}}],"inLanguage":"es"},{"@type":"Organization","@id":"https:\/\/casadecampoliving.com\/es\/#organization","name":"Casa de Campo Living","url":"https:\/\/casadecampoliving.com\/es\/","logo":{"@type":"ImageObject","inLanguage":"es","@id":"https:\/\/casadecampoliving.com\/es\/#\/schema\/logo\/image\/","url":"https:\/\/i0.wp.com\/casadecampoliving.com\/wp-content\/uploads\/2022\/07\/CDCLivingLogo_V1-white-sized.png?fit=800%2C214&ssl=1","contentUrl":"https:\/\/i0.wp.com\/casadecampoliving.com\/wp-content\/uploads\/2022\/07\/CDCLivingLogo_V1-white-sized.png?fit=800%2C214&ssl=1","width":800,"height":214,"caption":"Casa de Campo Living"},"image":{"@id":"https:\/\/casadecampoliving.com\/es\/#\/schema\/logo\/image\/"},"sameAs":["https:\/\/www.facebook.com\/casadecampoliving","https:\/\/x.com\/cdcliving"]},{"@type":"Person","@id":"https:\/\/casadecampoliving.com\/es\/#\/schema\/person\/e3abfc63c1478fd703266a6f33a3145d","name":"Heather Lincoln","image":{"@type":"ImageObject","inLanguage":"es","@id":"https:\/\/secure.gravatar.com\/avatar\/e8fc1ce4ad50385675908137b0d8d66be281d034bf072b4700460237638ea6d0?s=96&d=mm&r=g","url":"https:\/\/secure.gravatar.com\/avatar\/e8fc1ce4ad50385675908137b0d8d66be281d034bf072b4700460237638ea6d0?s=96&d=mm&r=g","contentUrl":"https:\/\/secure.gravatar.com\/avatar\/e8fc1ce4ad50385675908137b0d8d66be281d034bf072b4700460237638ea6d0?s=96&d=mm&r=g","caption":"Heather Lincoln"},"url":"https:\/\/casadecampoliving.com\/es\/author\/hcastillo\/"}]}},"parsely":{"version":"1.1.0","canonical_url":"https:\/\/casadecampoliving.com\/es\/la-3a-edicion-del-america-latina-pro-celebra-su-final-en-la-terraza-dye-fore\/","smart_links":{"inbound":0,"outbound":0},"traffic_boost_suggestions_count":0,"meta":{"@context":"https:\/\/schema.org","@type":"NewsArticle","headline":"La 3\u00aa edici\u00f3n del Am\u00e9rica Latina Pro-Am celebra su final en La Terraza Dye Fore","url":"http:\/\/casadecampoliving.com\/es\/la-3a-edicion-del-america-latina-pro-celebra-su-final-en-la-terraza-dye-fore\/","mainEntityOfPage":{"@type":"WebPage","@id":"http:\/\/casadecampoliving.com\/es\/la-3a-edicion-del-america-latina-pro-celebra-su-final-en-la-terraza-dye-fore\/"},"thumbnailUrl":"https:\/\/i0.wp.com\/casadecampoliving.com\/wp-content\/uploads\/2022\/10\/EJ4B9955-e1502984736307.jpg?resize=150%2C150&ssl=1","image":{"@type":"ImageObject","url":"https:\/\/i0.wp.com\/casadecampoliving.com\/wp-content\/uploads\/2022\/10\/EJ4B9955-e1502984736307.jpg?fit=1000%2C600&ssl=1"},"articleSection":"Rep\u00fablica Dominicana @es","author":[{"@type":"Person","name":"Heather Lincoln"}],"creator":["Heather Lincoln"],"publisher":{"@type":"Organization","name":"Casa de Campo Living","logo":"https:\/\/casadecampoliving.com\/wp-content\/uploads\/2022\/07\/CDCLivingLogo_V1-white-sized.png"},"keywords":["campeones","campos de golf","casa de campo","dye fore","featured-topview @es","ganadores","latino america","proam","teeth of the dog","torneo de golf"],"dateCreated":"2017-08-17T04:00:00Z","datePublished":"2017-08-17T04:00:00Z","dateModified":"2022-11-10T14:41:49Z"},"rendered":"<script type=\"application\/ld+json\" class=\"wp-parsely-metadata\">{\"@context\":\"https:\\\/\\\/schema.org\",\"@type\":\"NewsArticle\",\"headline\":\"La 3\\u00aa edici\\u00f3n del Am\\u00e9rica Latina Pro-Am celebra su final en La Terraza Dye Fore\",\"url\":\"http:\\\/\\\/casadecampoliving.com\\\/es\\\/la-3a-edicion-del-america-latina-pro-celebra-su-final-en-la-terraza-dye-fore\\\/\",\"mainEntityOfPage\":{\"@type\":\"WebPage\",\"@id\":\"http:\\\/\\\/casadecampoliving.com\\\/es\\\/la-3a-edicion-del-america-latina-pro-celebra-su-final-en-la-terraza-dye-fore\\\/\"},\"thumbnailUrl\":\"https:\\\/\\\/i0.wp.com\\\/casadecampoliving.com\\\/wp-content\\\/uploads\\\/2022\\\/10\\\/EJ4B9955-e1502984736307.jpg?resize=150%2C150&ssl=1\",\"image\":{\"@type\":\"ImageObject\",\"url\":\"https:\\\/\\\/i0.wp.com\\\/casadecampoliving.com\\\/wp-content\\\/uploads\\\/2022\\\/10\\\/EJ4B9955-e1502984736307.jpg?fit=1000%2C600&ssl=1\"},\"articleSection\":\"Rep\\u00fablica Dominicana @es\",\"author\":[{\"@type\":\"Person\",\"name\":\"Heather Lincoln\"}],\"creator\":[\"Heather Lincoln\"],\"publisher\":{\"@type\":\"Organization\",\"name\":\"Casa de Campo Living\",\"logo\":\"https:\\\/\\\/casadecampoliving.com\\\/wp-content\\\/uploads\\\/2022\\\/07\\\/CDCLivingLogo_V1-white-sized.png\"},\"keywords\":[\"campeones\",\"campos de golf\",\"casa de campo\",\"dye fore\",\"featured-topview @es\",\"ganadores\",\"latino america\",\"proam\",\"teeth of the dog\",\"torneo de golf\"],\"dateCreated\":\"2017-08-17T04:00:00Z\",\"datePublished\":\"2017-08-17T04:00:00Z\",\"dateModified\":\"2022-11-10T14:41:49Z\"}<\/script>","tracker_url":"https:\/\/cdn.parsely.com\/keys\/casadecampoliving.com\/p.js"},"jetpack_publicize_connections":[],"jetpack_featured_media_url":"https:\/\/i0.wp.com\/casadecampoliving.com\/wp-content\/uploads\/2022\/10\/EJ4B9955-e1502984736307.jpg?fit=1000%2C600&ssl=1","jetpack-related-posts":[{"id":348817,"url":"https:\/\/casadecampoliving.com\/es\/proximos-torneos-de-golf-en-casa-de-campo-enero-marzo\/","url_meta":{"origin":351868,"position":0},"title":"Pr\u00f3ximos torneos de golf en Casa de Campo, Enero-Marzo","author":"Perkin Agramonte","date":"15 Dic, 2015","format":false,"excerpt":"\u00a1El golf nunca se detiene en Casa de Campo y eso nos encanta! Con un nuevo y moderno campo de pr\u00e1cticas y todos los campos en perfectas condiciones, el resort Casa de Campo est\u00e1 listo para alojar todos los torneos de golf que trae consigo el a\u00f1o 2016. El primero\u2026","rel":"","context":"En \u00abCasa de Campo Living @es\u00bb","block_context":{"text":"Casa de Campo Living @es","link":"https:\/\/casadecampoliving.com\/category\/casa-de-campo-living-es\/"},"img":{"alt_text":"","src":"https:\/\/i0.wp.com\/casadecampoliving.com\/wp-content\/uploads\/2022\/10\/Golf_Tournaments-1.jpg?fit=800%2C533&ssl=1&resize=350%2C200","width":350,"height":200,"srcset":"https:\/\/i0.wp.com\/casadecampoliving.com\/wp-content\/uploads\/2022\/10\/Golf_Tournaments-1.jpg?fit=800%2C533&ssl=1&resize=350%2C200 1x, https:\/\/i0.wp.com\/casadecampoliving.com\/wp-content\/uploads\/2022\/10\/Golf_Tournaments-1.jpg?fit=800%2C533&ssl=1&resize=525%2C300 1.5x, https:\/\/i0.wp.com\/casadecampoliving.com\/wp-content\/uploads\/2022\/10\/Golf_Tournaments-1.jpg?fit=800%2C533&ssl=1&resize=700%2C400 2x"},"classes":[]},{"id":350419,"url":"https:\/\/casadecampoliving.com\/es\/2da-edicion-del-pro-am-america-latina-en-teeth-of-the-dog\/","url_meta":{"origin":351868,"position":1},"title":"Casa de Campo celebra la 2da Edici\u00f3n del Pro-Am Am\u00e9rica Latina en Teeth of the Dog","author":"Marlenys Guzm\u00e1n Casta\u00f1os","date":"24 Ago, 2016","format":false,"excerpt":"Los d\u00edas soleados en Casa de Campo son maravillosos, y m\u00e1s aun si se combinan con\u00a0alguna actividad recreativa. Tal fue el caso de la semana pasada, ya que el mi\u00e9rcoles 17 de agosto marco el inicio de la 2da Edici\u00f3n del Pro-Am Am\u00e9rica Latina. Veinte equipos, compuestos por 4 aficionados\u2026","rel":"","context":"En \u00abRep\u00fablica Dominicana @es\u00bb","block_context":{"text":"Rep\u00fablica Dominicana @es","link":"https:\/\/casadecampoliving.com\/es\/category\/republica-dominicana-2\/"},"img":{"alt_text":"2nd Annual Latin America Pro-Am","src":"https:\/\/i0.wp.com\/casadecampoliving.com\/wp-content\/uploads\/2022\/10\/DSC_0326-e1472069002732.jpg?fit=1000%2C667&ssl=1&resize=350%2C200","width":350,"height":200,"srcset":"https:\/\/i0.wp.com\/casadecampoliving.com\/wp-content\/uploads\/2022\/10\/DSC_0326-e1472069002732.jpg?fit=1000%2C667&ssl=1&resize=350%2C200 1x, https:\/\/i0.wp.com\/casadecampoliving.com\/wp-content\/uploads\/2022\/10\/DSC_0326-e1472069002732.jpg?fit=1000%2C667&ssl=1&resize=525%2C300 1.5x, https:\/\/i0.wp.com\/casadecampoliving.com\/wp-content\/uploads\/2022\/10\/DSC_0326-e1472069002732.jpg?fit=1000%2C667&ssl=1&resize=700%2C400 2x"},"classes":[]},{"id":340544,"url":"https:\/\/casadecampoliving.com\/es\/casa-de-campo-celebra-el-xl-torneo-pro-am-internacional\/","url_meta":{"origin":351868,"position":2},"title":"Casa de Campo celebra el XL Torneo Pro-Am Internacional","author":"","date":"30 Ene, 2013","format":false,"excerpt":"El Resort Casa de Campo y el departamento de golf de Casa de Campo celebron con orgullo el XL Torneo de Golf Internacional Pro-Am desde el 13 al 20 de enero de 2013. El Torneo Internacional Pro-Am, realizado por primera vez en 1973 a menos de dos a\u00f1os de que\u2026","rel":"","context":"En \u00abDeportes\u00bb","block_context":{"text":"Deportes","link":"https:\/\/casadecampoliving.com\/es\/category\/golf-deportes-es\/"},"img":{"alt_text":"golf casa de campo","src":"https:\/\/i0.wp.com\/casadecampoliving.com\/wp-content\/uploads\/2022\/10\/golf_casa_de_campo-20.jpg?fit=650%2C419&ssl=1&resize=350%2C200","width":350,"height":200,"srcset":"https:\/\/i0.wp.com\/casadecampoliving.com\/wp-content\/uploads\/2022\/10\/golf_casa_de_campo-20.jpg?fit=650%2C419&ssl=1&resize=350%2C200 1x, https:\/\/i0.wp.com\/casadecampoliving.com\/wp-content\/uploads\/2022\/10\/golf_casa_de_campo-20.jpg?fit=650%2C419&ssl=1&resize=525%2C300 1.5x"},"classes":[]},{"id":519547,"url":"https:\/\/casadecampoliving.com\/es\/9na-edicion-del-latin-america-pro-am-listo-para-llevarse-a-cabo-en-casa-de-campo-del-14-al-19-de-agosto\/","url_meta":{"origin":351868,"position":3},"title":"9na edici\u00f3n del Latin America Pro-Am listo para llevarse a cabo en Casa de Campo del 14 al 19 de agosto","author":"Casa de Campo Living","date":"28 Jun, 2023","format":false,"excerpt":"La 9\u00aa edici\u00f3n del Latin America Pro-Am, que se llevar\u00e1 a cabo en Casa de Campo, tendr\u00e1 lugar del 14 al 19 de agosto. Este prestigioso torneo de golf contar\u00e1 con dos rondas en el reconocido campo Teeth of the Dog y dos rondas en el campo Dye Fore. Con\u2026","rel":"","context":"En \u00abEstilo de Vida\u00bb","block_context":{"text":"Estilo de Vida","link":"https:\/\/casadecampoliving.com\/es\/category\/estilo-de-vida\/"},"img":{"alt_text":"","src":"https:\/\/i0.wp.com\/casadecampoliving.com\/wp-content\/uploads\/2022\/10\/88732981N8A4147-1-1.jpg?fit=1000%2C900&ssl=1&resize=350%2C200","width":350,"height":200,"srcset":"https:\/\/i0.wp.com\/casadecampoliving.com\/wp-content\/uploads\/2022\/10\/88732981N8A4147-1-1.jpg?fit=1000%2C900&ssl=1&resize=350%2C200 1x, https:\/\/i0.wp.com\/casadecampoliving.com\/wp-content\/uploads\/2022\/10\/88732981N8A4147-1-1.jpg?fit=1000%2C900&ssl=1&resize=525%2C300 1.5x, https:\/\/i0.wp.com\/casadecampoliving.com\/wp-content\/uploads\/2022\/10\/88732981N8A4147-1-1.jpg?fit=1000%2C900&ssl=1&resize=700%2C400 2x"},"classes":[]},{"id":338887,"url":"https:\/\/casadecampoliving.com\/es\/un-emocionante-torneo-de-golf-spring-shootout-celebrado-en-los-campos-de-golf-teeth-of-the-dog-dye-fore-y-links\/","url_meta":{"origin":351868,"position":4},"title":"\u00a1Un emocionante torneo de golf \u00abSpring Shootout\u00bb celebrado en los campos de golf \u00abTeeth of the Dog\u00bb, \u00abDye Fore\u00bb y \u00abLinks\u00bb!","author":"","date":"1 May, 2012","format":false,"excerpt":"Del mi\u00e9rcoles 18 al domingo 22 de abril, el torneo de golf \u201cSpring Shootout\u201d, fue celebrado exitosamente en tres de los majestuosos campos de golf de Casa de Campo; \u201cTeeth of the Dog\u201d, \u201cDye Fore\u201d y \u201cLinks\u201d. La competencia fue jugada durante tres d\u00edas por 130 jugadores que jugar un\u2026","rel":"","context":"En \u00abDeportes\u00bb","block_context":{"text":"Deportes","link":"https:\/\/casadecampoliving.com\/es\/category\/golf-deportes-es\/"},"img":{"alt_text":"casa de campo golf","src":"https:\/\/i0.wp.com\/casadecampoliving.com\/wp-content\/uploads\/2022\/10\/casa_de_campo_golf-4.jpg?fit=650%2C315&ssl=1&resize=350%2C200","width":350,"height":200,"srcset":"https:\/\/i0.wp.com\/casadecampoliving.com\/wp-content\/uploads\/2022\/10\/casa_de_campo_golf-4.jpg?fit=650%2C315&ssl=1&resize=350%2C200 1x, https:\/\/i0.wp.com\/casadecampoliving.com\/wp-content\/uploads\/2022\/10\/casa_de_campo_golf-4.jpg?fit=650%2C315&ssl=1&resize=525%2C300 1.5x"},"classes":[]},{"id":340060,"url":"https:\/\/casadecampoliving.com\/es\/torneo-de-golf-casa-de-campo-fall-pro-am-se-celebra-con-exito-a-pesar-de-la-lluvia-provocada-por-el-huracan-sandy\/","url_meta":{"origin":351868,"position":5},"title":"Torneo de Golf \u00abCasa de Campo Fall Pro-Am\u00bb se celebra con \u00e9xito a pesar de la lluvia provocada por el hurac\u00e1n Sandy!","author":"","date":"3 Nov, 2012","format":false,"excerpt":"A pesar de las lluvias torrenciales y fuertes r\u00e1fagas de vientos provocadas por el paso (cercano) del hurac\u00e1n Sandy, el torneo \u201cCasa de Campo Fall Pro-Am\u201d, fue todo un \u00e9xito!\u00a0 Desde el mi\u00e9rcoles 24 de octubre hasta el s\u00e1bado 27, 10 equipos batallaron en los campos de golf Teeth of\u2026","rel":"","context":"En \u00abDeportes\u00bb","block_context":{"text":"Deportes","link":"https:\/\/casadecampoliving.com\/es\/category\/golf-deportes-es\/"},"img":{"alt_text":"golf teeth of the dog","src":"https:\/\/i0.wp.com\/casadecampoliving.com\/wp-content\/uploads\/2022\/10\/golf-teeth-of-the-dog-1.jpg?fit=650%2C423&ssl=1&resize=350%2C200","width":350,"height":200,"srcset":"https:\/\/i0.wp.com\/casadecampoliving.com\/wp-content\/uploads\/2022\/10\/golf-teeth-of-the-dog-1.jpg?fit=650%2C423&ssl=1&resize=350%2C200 1x, https:\/\/i0.wp.com\/casadecampoliving.com\/wp-content\/uploads\/2022\/10\/golf-teeth-of-the-dog-1.jpg?fit=650%2C423&ssl=1&resize=525%2C300 1.5x"},"classes":[]}],"jetpack_sharing_enabled":true,"_links":{"self":[{"href":"https:\/\/casadecampoliving.com\/es\/wp-json\/wp\/v2\/posts\/351868","targetHints":{"allow":["GET"]}}],"collection":[{"href":"https:\/\/casadecampoliving.com\/es\/wp-json\/wp\/v2\/posts"}],"about":[{"href":"https:\/\/casadecampoliving.com\/es\/wp-json\/wp\/v2\/types\/post"}],"author":[{"embeddable":true,"href":"https:\/\/casadecampoliving.com\/es\/wp-json\/wp\/v2\/users\/36681"}],"replies":[{"embeddable":true,"href":"https:\/\/casadecampoliving.com\/es\/wp-json\/wp\/v2\/comments?post=351868"}],"version-history":[{"count":2,"href":"https:\/\/casadecampoliving.com\/es\/wp-json\/wp\/v2\/posts\/351868\/revisions"}],"predecessor-version":[{"id":509189,"href":"https:\/\/casadecampoliving.com\/es\/wp-json\/wp\/v2\/posts\/351868\/revisions\/509189"}],"wp:featuredmedia":[{"embeddable":true,"href":"https:\/\/casadecampoliving.com\/es\/wp-json\/wp\/v2\/media\/308120"}],"wp:attachment":[{"href":"https:\/\/casadecampoliving.com\/es\/wp-json\/wp\/v2\/media?parent=351868"}],"wp:term":[{"taxonomy":"category","embeddable":true,"href":"https:\/\/casadecampoliving.com\/es\/wp-json\/wp\/v2\/categories?post=351868"},{"taxonomy":"post_tag","embeddable":true,"href":"https:\/\/casadecampoliving.com\/es\/wp-json\/wp\/v2\/tags?post=351868"},{"taxonomy":"newspack_spnsrs_tax","embeddable":true,"href":"https:\/\/casadecampoliving.com\/es\/wp-json\/wp\/v2\/newspack_spnsrs_tax?post=351868"}],"curies":[{"name":"wp","href":"https:\/\/api.w.org\/{rel}","templated":true}]}}