{"id":351799,"date":"2017-08-03T00:00:00","date_gmt":"2017-08-03T04:00:00","guid":{"rendered":"https:\/\/casadecampoliving.com\/marina-casa-de-campo-cartelera-de-peliculas-3-9-de-agosto\/"},"modified":"2022-10-21T19:05:20","modified_gmt":"2022-10-21T23:05:20","slug":"marina-casa-de-campo-cartelera-de-peliculas-3-9-de-agosto","status":"publish","type":"post","link":"https:\/\/casadecampoliving.com\/es\/marina-casa-de-campo-cartelera-de-peliculas-3-9-de-agosto\/","title":{"rendered":"Marina Casa de Campo Cartelera de pel\u00edculas: 3-9 de agosto"},"content":{"rendered":"\n<p>Esta semana se ve que ser\u00e1 muy divertida en la Marina Casa de Campo. Los nuevos estrenos incluyen <strong>\u201cLa pel\u00edcula de Emoji\u201d<\/strong> y <strong>\u201cLa guerra para el planeta de los simios\u201d<\/strong> mientras que se sigue proyectando a la pantalla: <strong>\u201cDunkirk\u201d<\/strong>, <strong>\u201cSpider-Man: Regreso a casa\u201d<\/strong> y <strong>\u201cMi Villano Favorito Me 3\u201d<\/strong>.<br>\n<\/p>\n\n\n\n<!--more-->\n\n\n\n<blockquote><h3>\u201c<strong>La guerra para el planeta de los simios<\/strong>\u201d<\/h3><p><strong>Proyecciones:<\/strong><\/p><ul>\n<li>Lunes \u2013 Viernes 6:30pm, 9:30pm<\/li>\n<li>S\u00e1bado \u2013 Domingo 3:50pm, 6:30pm, 9:30pm<\/li>\n<\/ul><p style=\"text-align: justify;\"><strong>Sinopsis: <\/strong><em>Despu\u00e9s de que los simios sufren p\u00e9rdidas inimaginables, C\u00e9sar lucha contra sus instintos m\u00e1s oscuros y comienza su propia b\u00fasqueda m\u00edtica para vengar a su clase.<\/em><\/p><p style=\"text-align: justify;\"><strong style=\"line-height: 1.5;\">Trailer:<\/strong><\/p><p><iframe loading=\"lazy\" src=\"https:\/\/www.youtube.com\/embed\/JDcAlo8i2y8?rel=0\" width=\"560\" height=\"315\" frameborder=\"0\" allowfullscreen=\"allowfullscreen\" data-mce-fragment=\"1\"><\/iframe><\/p><\/blockquote>\n\n\n\n<blockquote><h3>\u201c<strong>La pel\u00edcula de Emoji<\/strong>\u201d<\/h3><p><strong>Proyecciones:<\/strong><\/p><ul>\n<li>Lunes \u2013 Viernes &nbsp;7:00pm<\/li>\n<li>S\u00e1bado \u2013 Domingo 5:00pm, 7:00pm<\/li>\n<\/ul><p style=\"text-align: justify;\"><strong>Sinopsis:<\/strong><em> Gene, un emoji multi-expresivo, se embarca en un viaje para convertirse en un emoji normal.<\/em><\/p><p style=\"text-align: justify;\"><strong style=\"line-height: 1.5;\">Trailer:<\/strong><\/p><p><iframe loading=\"lazy\" src=\"https:\/\/www.youtube.com\/embed\/r8pJt4dK_s4?rel=0\" width=\"560\" height=\"315\" frameborder=\"0\" allowfullscreen=\"allowfullscreen\" data-mce-fragment=\"1\"><\/iframe><\/p><\/blockquote>\n\n\n\n<blockquote><h3>\u201c<strong>Dunkirk<\/strong>\u201d<\/h3><p><strong>Proyecciones:<\/strong><\/p><ul>\n<li>Lunes \u2013 Domingo 7:10pm, 9:30pm<\/li>\n<\/ul><p style=\"text-align: justify;\"><strong>Sinopsis:<\/strong>&nbsp;<em>Soldados aliados de B\u00e9lgica, el Imperio Brit\u00e1nico y Francia est\u00e1n rodeados por el ej\u00e9rcito alem\u00e1n y evacuados durante una feroz batalla en la Segunda Guerra Mundial.&nbsp;<\/em><em>&nbsp;<\/em><\/p><p style=\"text-align: justify;\"><strong style=\"line-height: 1.5;\">Trailer:<\/strong><\/p><p><iframe loading=\"lazy\" src=\"https:\/\/www.youtube.com\/embed\/F-eMt3SrfFU\" width=\"560\" height=\"315\" frameborder=\"0\" allowfullscreen=\"allowfullscreen\" data-mce-fragment=\"1\"><\/iframe><\/p><\/blockquote>\n\n\n\n<blockquote><h3>\u201cSpider-Man: Regreso a casa\u201d<\/h3><p><strong>Proyecciones:<\/strong><\/p><ul>\n<li>Lunes \u2013 Domingo 7:10, 9:00pm<\/li>\n<\/ul><p style=\"text-align: justify;\"><strong>Sinopsis:&nbsp;<\/strong><em>Varios meses despu\u00e9s de los acontecimientos de Capit\u00e1n Am\u00e9rica: la guerra civil, Peter Parker, con la ayuda de su mentor Tony Stark, intenta equilibrar su vida como un estudiante ordinario de la escuela secundaria en Queens, New York City mientras lucha contra el crimen con su otra personalidad de superh\u00e9roe El Hombre Ara\u00f1a, como una nueva amenaza, el Buitre, emerge.&nbsp;<\/em><\/p><p style=\"text-align: justify;\"><strong style=\"line-height: 1.5;\">Trailer:<\/strong><\/p><p><iframe loading=\"lazy\" src=\"https:\/\/www.youtube.com\/embed\/n9DwoQ7HWvI?rel=0\" width=\"560\" height=\"315\" frameborder=\"0\" allowfullscreen=\"allowfullscreen\" data-mce-fragment=\"1\"><\/iframe><\/p><\/blockquote>\n\n\n\n<blockquote><h3>\u201cMi Villano Favorito 3\u201d<\/h3><p><strong>Proyecciones:<\/strong><\/p><ul>\n<li>S\u00e1bado \u2013 Domingo 5:10pm<\/li>\n<\/ul><p style=\"text-align: justify;\"><strong>Sinopsis:&nbsp;<\/strong><em>Gru conoce a su hermano gemelo Dru, encantador, alegre y exitoso, que ha querido unirse a \u00e9l para un \u00faltimo robo.<\/em><\/p><p style=\"text-align: justify;\"><strong style=\"line-height: 1.5;\">Trailer:<\/strong><\/p><p><iframe loading=\"lazy\" src=\"https:\/\/www.youtube.com\/embed\/6DBi41reeF0?rel=0\" width=\"560\" height=\"315\" frameborder=\"0\" allowfullscreen=\"allowfullscreen\" data-mce-fragment=\"1\"><\/iframe><\/p><\/blockquote>\n\n\n\n<p><strong>NOTA: Publicamos los nuevos horarios de pel\u00edculas tan pronto como las recibimos \u2013 normalmente los jueves.&nbsp;<\/strong><\/p>\n","protected":false},"excerpt":{"rendered":"<p>Esta semana se ve que ser\u00e1 muy divertida en la Marina Casa de Campo. Los nuevos estrenos incluyen \u201cLa pel\u00edcula de Emoji\u201d y \u201cLa guerra para el planeta de los simios\u201d mientras que se sigue proyectando a la pantalla: \u201cDunkirk\u201d, \u201cSpider-Man: Regreso a casa\u201d y \u201cMi Villano Favorito Me 3\u201d.<\/p>\n","protected":false},"author":36681,"featured_media":306793,"comment_status":"closed","ping_status":"closed","sticky":false,"template":"","format":"standard","meta":{"newspack_ads_suppress_ads":false,"newspack_popups_has_disabled_popups":false,"newspack_sponsor_sponsorship_scope":"","newspack_sponsor_native_byline_display":"inherit","newspack_sponsor_native_category_display":"inherit","newspack_sponsor_underwriter_style":"inherit","newspack_sponsor_underwriter_placement":"inherit","_newspack_byline_active":false,"_newspack_byline":"","newspack_hide_updated_date":false,"newspack_show_updated_date":false,"newspack_content_restriction_is_exempt":false,"newspack_featured_image_position":"","newspack_post_subtitle":"","newspack_article_summary_title":"Overview:","newspack_article_summary":"","_jetpack_memberships_contains_paid_content":false,"footnotes":"","jetpack_publicize_message":"","jetpack_publicize_feature_enabled":true,"jetpack_social_post_already_shared":false,"jetpack_social_options":{"image_generator_settings":{"template":"highway","default_image_id":0,"font":"","enabled":false},"version":2},"_wpas_customize_per_network":false},"categories":[3126,14631,26581,14627,2521,19622,2531],"tags":[2780,2559,6818,2674,5718,21221,19623,4906,19625],"newspack_spnsrs_tax":[],"class_list":["post-351799","post","type-post","status-publish","format-standard","has-post-thumbnail","hentry","category-cine-3","category-estilo-de-vida","category-la-marina-casa-de-campo","category-proximamente","category-republica-dominicana-2","category-video-es-2","category-video-es","tag-cartelera","tag-cine","tag-disney","tag-estrenos","tag-la-marina","tag-mi-villano-favorito","tag-movie-times-es","tag-spiderman","tag-trailers-es","entry"],"yoast_head":"<!-- This site is optimized with the Yoast SEO plugin v27.5 - https:\/\/yoast.com\/product\/yoast-seo-wordpress\/ -->\n<title>Marina Casa de Campo Cartelera de pel\u00edculas: 3-9 de agosto | Casa de Campo Living<\/title>\n<meta name=\"description\" content=\"Esta semana se ve que ser\u00e1 muy divertida en la Marina Casa de Campo. Los nuevos estrenos incluyen \u201cLa pel\u00edcula de Emoji\u201d y \u201cLa guerra para el planeta de\" \/>\n<meta name=\"robots\" content=\"index, follow, max-snippet:-1, max-image-preview:large, max-video-preview:-1\" \/>\n<link rel=\"canonical\" href=\"https:\/\/casadecampoliving.com\/es\/marina-casa-de-campo-cartelera-de-peliculas-3-9-de-agosto\/\" \/>\n<meta property=\"og:locale\" content=\"es_ES\" \/>\n<meta property=\"og:type\" content=\"article\" \/>\n<meta property=\"og:title\" content=\"Marina Casa de Campo Cartelera de pel\u00edculas: 3-9 de agosto | Casa de Campo Living\" \/>\n<meta property=\"og:description\" content=\"Esta semana se ve que ser\u00e1 muy divertida en la Marina Casa de Campo. Los nuevos estrenos incluyen \u201cLa pel\u00edcula de Emoji\u201d y \u201cLa guerra para el planeta de\" \/>\n<meta property=\"og:url\" content=\"https:\/\/casadecampoliving.com\/es\/marina-casa-de-campo-cartelera-de-peliculas-3-9-de-agosto\/\" \/>\n<meta property=\"og:site_name\" content=\"Casa de Campo Living\" \/>\n<meta property=\"article:publisher\" content=\"https:\/\/www.facebook.com\/casadecampoliving\" \/>\n<meta property=\"article:published_time\" content=\"2017-08-03T04:00:00+00:00\" \/>\n<meta property=\"article:modified_time\" content=\"2022-10-21T23:05:20+00:00\" \/>\n<meta property=\"og:image\" content=\"https:\/\/i0.wp.com\/casadecampoliving.com\/wp-content\/uploads\/2022\/10\/CDCAMP-2-de-AGOSTO-1.jpg?fit=800%2C355&ssl=1\" \/>\n\t<meta property=\"og:image:width\" content=\"800\" \/>\n\t<meta property=\"og:image:height\" content=\"355\" \/>\n\t<meta property=\"og:image:type\" content=\"image\/jpeg\" \/>\n<meta name=\"author\" content=\"Heather Lincoln\" \/>\n<meta name=\"twitter:card\" content=\"summary_large_image\" \/>\n<meta name=\"twitter:creator\" content=\"@cdcliving\" \/>\n<meta name=\"twitter:site\" content=\"@cdcliving\" \/>\n<meta name=\"twitter:label1\" content=\"Escrito por\" \/>\n\t<meta name=\"twitter:data1\" content=\"Heather Lincoln\" \/>\n\t<meta name=\"twitter:label2\" content=\"Tiempo de lectura\" \/>\n\t<meta name=\"twitter:data2\" content=\"2 minutos\" \/>\n<script type=\"application\/ld+json\" class=\"yoast-schema-graph\">{\"@context\":\"https:\\\/\\\/schema.org\",\"@graph\":[{\"@type\":\"Article\",\"@id\":\"https:\\\/\\\/casadecampoliving.com\\\/es\\\/marina-casa-de-campo-cartelera-de-peliculas-3-9-de-agosto\\\/#article\",\"isPartOf\":{\"@id\":\"https:\\\/\\\/casadecampoliving.com\\\/es\\\/marina-casa-de-campo-cartelera-de-peliculas-3-9-de-agosto\\\/\"},\"author\":{\"name\":\"Heather Lincoln\",\"@id\":\"https:\\\/\\\/casadecampoliving.com\\\/es\\\/#\\\/schema\\\/person\\\/e3abfc63c1478fd703266a6f33a3145d\"},\"headline\":\"Marina Casa de Campo Cartelera de pel\u00edculas: 3-9 de agosto\",\"datePublished\":\"2017-08-03T04:00:00+00:00\",\"dateModified\":\"2022-10-21T23:05:20+00:00\",\"mainEntityOfPage\":{\"@id\":\"https:\\\/\\\/casadecampoliving.com\\\/es\\\/marina-casa-de-campo-cartelera-de-peliculas-3-9-de-agosto\\\/\"},\"wordCount\":314,\"publisher\":{\"@id\":\"https:\\\/\\\/casadecampoliving.com\\\/es\\\/#organization\"},\"image\":{\"@id\":\"https:\\\/\\\/casadecampoliving.com\\\/es\\\/marina-casa-de-campo-cartelera-de-peliculas-3-9-de-agosto\\\/#primaryimage\"},\"thumbnailUrl\":\"https:\\\/\\\/i0.wp.com\\\/casadecampoliving.com\\\/wp-content\\\/uploads\\\/2022\\\/10\\\/CDCAMP-2-de-AGOSTO-1.jpg?fit=800%2C355&ssl=1\",\"keywords\":[\"cartelera\",\"cine\",\"disney\",\"estrenos\",\"la marina\",\"mi villano favorito\",\"Movie Times\",\"spiderman\",\"trailers\"],\"articleSection\":[\"Cine @es\",\"Estilo de Vida\",\"La Marina Casa de Campo\",\"Proximamente\",\"Rep\u00fablica Dominicana @es\",\"Video\",\"Video @es\"],\"inLanguage\":\"es\"},{\"@type\":\"WebPage\",\"@id\":\"https:\\\/\\\/casadecampoliving.com\\\/es\\\/marina-casa-de-campo-cartelera-de-peliculas-3-9-de-agosto\\\/\",\"url\":\"https:\\\/\\\/casadecampoliving.com\\\/es\\\/marina-casa-de-campo-cartelera-de-peliculas-3-9-de-agosto\\\/\",\"name\":\"Marina Casa de Campo Cartelera de pel\u00edculas: 3-9 de agosto | Casa de Campo Living\",\"isPartOf\":{\"@id\":\"https:\\\/\\\/casadecampoliving.com\\\/es\\\/#website\"},\"primaryImageOfPage\":{\"@id\":\"https:\\\/\\\/casadecampoliving.com\\\/es\\\/marina-casa-de-campo-cartelera-de-peliculas-3-9-de-agosto\\\/#primaryimage\"},\"image\":{\"@id\":\"https:\\\/\\\/casadecampoliving.com\\\/es\\\/marina-casa-de-campo-cartelera-de-peliculas-3-9-de-agosto\\\/#primaryimage\"},\"thumbnailUrl\":\"https:\\\/\\\/i0.wp.com\\\/casadecampoliving.com\\\/wp-content\\\/uploads\\\/2022\\\/10\\\/CDCAMP-2-de-AGOSTO-1.jpg?fit=800%2C355&ssl=1\",\"datePublished\":\"2017-08-03T04:00:00+00:00\",\"dateModified\":\"2022-10-21T23:05:20+00:00\",\"description\":\"Esta semana se ve que ser\u00e1 muy divertida en la Marina Casa de Campo. Los nuevos estrenos incluyen \u201cLa pel\u00edcula de Emoji\u201d y \u201cLa guerra para el planeta de\",\"breadcrumb\":{\"@id\":\"https:\\\/\\\/casadecampoliving.com\\\/es\\\/marina-casa-de-campo-cartelera-de-peliculas-3-9-de-agosto\\\/#breadcrumb\"},\"inLanguage\":\"es\",\"potentialAction\":[{\"@type\":\"ReadAction\",\"target\":[\"https:\\\/\\\/casadecampoliving.com\\\/es\\\/marina-casa-de-campo-cartelera-de-peliculas-3-9-de-agosto\\\/\"]}]},{\"@type\":\"ImageObject\",\"inLanguage\":\"es\",\"@id\":\"https:\\\/\\\/casadecampoliving.com\\\/es\\\/marina-casa-de-campo-cartelera-de-peliculas-3-9-de-agosto\\\/#primaryimage\",\"url\":\"https:\\\/\\\/i0.wp.com\\\/casadecampoliving.com\\\/wp-content\\\/uploads\\\/2022\\\/10\\\/CDCAMP-2-de-AGOSTO-1.jpg?fit=800%2C355&ssl=1\",\"contentUrl\":\"https:\\\/\\\/i0.wp.com\\\/casadecampoliving.com\\\/wp-content\\\/uploads\\\/2022\\\/10\\\/CDCAMP-2-de-AGOSTO-1.jpg?fit=800%2C355&ssl=1\",\"width\":800,\"height\":355,\"caption\":\"movie times\"},{\"@type\":\"BreadcrumbList\",\"@id\":\"https:\\\/\\\/casadecampoliving.com\\\/es\\\/marina-casa-de-campo-cartelera-de-peliculas-3-9-de-agosto\\\/#breadcrumb\",\"itemListElement\":[{\"@type\":\"ListItem\",\"position\":1,\"name\":\"Home\",\"item\":\"https:\\\/\\\/casadecampoliving.com\\\/es\\\/\"},{\"@type\":\"ListItem\",\"position\":2,\"name\":\"Marina Casa de Campo Cartelera de pel\u00edculas: 3-9 de agosto\"}]},{\"@type\":\"WebSite\",\"@id\":\"https:\\\/\\\/casadecampoliving.com\\\/es\\\/#website\",\"url\":\"https:\\\/\\\/casadecampoliving.com\\\/es\\\/\",\"name\":\"Casa de Campo Living\",\"description\":\"Resort community news and resources.\",\"publisher\":{\"@id\":\"https:\\\/\\\/casadecampoliving.com\\\/es\\\/#organization\"},\"potentialAction\":[{\"@type\":\"SearchAction\",\"target\":{\"@type\":\"EntryPoint\",\"urlTemplate\":\"https:\\\/\\\/casadecampoliving.com\\\/es\\\/?s={search_term_string}\"},\"query-input\":{\"@type\":\"PropertyValueSpecification\",\"valueRequired\":true,\"valueName\":\"search_term_string\"}}],\"inLanguage\":\"es\"},{\"@type\":\"Organization\",\"@id\":\"https:\\\/\\\/casadecampoliving.com\\\/es\\\/#organization\",\"name\":\"Casa de Campo Living\",\"url\":\"https:\\\/\\\/casadecampoliving.com\\\/es\\\/\",\"logo\":{\"@type\":\"ImageObject\",\"inLanguage\":\"es\",\"@id\":\"https:\\\/\\\/casadecampoliving.com\\\/es\\\/#\\\/schema\\\/logo\\\/image\\\/\",\"url\":\"https:\\\/\\\/i0.wp.com\\\/casadecampoliving.com\\\/wp-content\\\/uploads\\\/2022\\\/07\\\/CDCLivingLogo_V1-white-sized.png?fit=800%2C214&ssl=1\",\"contentUrl\":\"https:\\\/\\\/i0.wp.com\\\/casadecampoliving.com\\\/wp-content\\\/uploads\\\/2022\\\/07\\\/CDCLivingLogo_V1-white-sized.png?fit=800%2C214&ssl=1\",\"width\":800,\"height\":214,\"caption\":\"Casa de Campo Living\"},\"image\":{\"@id\":\"https:\\\/\\\/casadecampoliving.com\\\/es\\\/#\\\/schema\\\/logo\\\/image\\\/\"},\"sameAs\":[\"https:\\\/\\\/www.facebook.com\\\/casadecampoliving\",\"https:\\\/\\\/x.com\\\/cdcliving\"]},{\"@type\":\"Person\",\"@id\":\"https:\\\/\\\/casadecampoliving.com\\\/es\\\/#\\\/schema\\\/person\\\/e3abfc63c1478fd703266a6f33a3145d\",\"name\":\"Heather Lincoln\",\"image\":{\"@type\":\"ImageObject\",\"inLanguage\":\"es\",\"@id\":\"https:\\\/\\\/secure.gravatar.com\\\/avatar\\\/e8fc1ce4ad50385675908137b0d8d66be281d034bf072b4700460237638ea6d0?s=96&d=mm&r=g\",\"url\":\"https:\\\/\\\/secure.gravatar.com\\\/avatar\\\/e8fc1ce4ad50385675908137b0d8d66be281d034bf072b4700460237638ea6d0?s=96&d=mm&r=g\",\"contentUrl\":\"https:\\\/\\\/secure.gravatar.com\\\/avatar\\\/e8fc1ce4ad50385675908137b0d8d66be281d034bf072b4700460237638ea6d0?s=96&d=mm&r=g\",\"caption\":\"Heather Lincoln\"},\"url\":\"https:\\\/\\\/casadecampoliving.com\\\/es\\\/author\\\/hcastillo\\\/\"}]}<\/script>\n<!-- \/ Yoast SEO plugin. -->","yoast_head_json":{"title":"Marina Casa de Campo Cartelera de pel\u00edculas: 3-9 de agosto | Casa de Campo Living","description":"Esta semana se ve que ser\u00e1 muy divertida en la Marina Casa de Campo. Los nuevos estrenos incluyen \u201cLa pel\u00edcula de Emoji\u201d y \u201cLa guerra para el planeta de","robots":{"index":"index","follow":"follow","max-snippet":"max-snippet:-1","max-image-preview":"max-image-preview:large","max-video-preview":"max-video-preview:-1"},"canonical":"https:\/\/casadecampoliving.com\/es\/marina-casa-de-campo-cartelera-de-peliculas-3-9-de-agosto\/","og_locale":"es_ES","og_type":"article","og_title":"Marina Casa de Campo Cartelera de pel\u00edculas: 3-9 de agosto | Casa de Campo Living","og_description":"Esta semana se ve que ser\u00e1 muy divertida en la Marina Casa de Campo. Los nuevos estrenos incluyen \u201cLa pel\u00edcula de Emoji\u201d y \u201cLa guerra para el planeta de","og_url":"https:\/\/casadecampoliving.com\/es\/marina-casa-de-campo-cartelera-de-peliculas-3-9-de-agosto\/","og_site_name":"Casa de Campo Living","article_publisher":"https:\/\/www.facebook.com\/casadecampoliving","article_published_time":"2017-08-03T04:00:00+00:00","article_modified_time":"2022-10-21T23:05:20+00:00","og_image":[{"width":800,"height":355,"url":"https:\/\/i0.wp.com\/casadecampoliving.com\/wp-content\/uploads\/2022\/10\/CDCAMP-2-de-AGOSTO-1.jpg?fit=800%2C355&ssl=1","type":"image\/jpeg"}],"author":"Heather Lincoln","twitter_card":"summary_large_image","twitter_creator":"@cdcliving","twitter_site":"@cdcliving","twitter_misc":{"Escrito por":"Heather Lincoln","Tiempo de lectura":"2 minutos"},"schema":{"@context":"https:\/\/schema.org","@graph":[{"@type":"Article","@id":"https:\/\/casadecampoliving.com\/es\/marina-casa-de-campo-cartelera-de-peliculas-3-9-de-agosto\/#article","isPartOf":{"@id":"https:\/\/casadecampoliving.com\/es\/marina-casa-de-campo-cartelera-de-peliculas-3-9-de-agosto\/"},"author":{"name":"Heather Lincoln","@id":"https:\/\/casadecampoliving.com\/es\/#\/schema\/person\/e3abfc63c1478fd703266a6f33a3145d"},"headline":"Marina Casa de Campo Cartelera de pel\u00edculas: 3-9 de agosto","datePublished":"2017-08-03T04:00:00+00:00","dateModified":"2022-10-21T23:05:20+00:00","mainEntityOfPage":{"@id":"https:\/\/casadecampoliving.com\/es\/marina-casa-de-campo-cartelera-de-peliculas-3-9-de-agosto\/"},"wordCount":314,"publisher":{"@id":"https:\/\/casadecampoliving.com\/es\/#organization"},"image":{"@id":"https:\/\/casadecampoliving.com\/es\/marina-casa-de-campo-cartelera-de-peliculas-3-9-de-agosto\/#primaryimage"},"thumbnailUrl":"https:\/\/i0.wp.com\/casadecampoliving.com\/wp-content\/uploads\/2022\/10\/CDCAMP-2-de-AGOSTO-1.jpg?fit=800%2C355&ssl=1","keywords":["cartelera","cine","disney","estrenos","la marina","mi villano favorito","Movie Times","spiderman","trailers"],"articleSection":["Cine @es","Estilo de Vida","La Marina Casa de Campo","Proximamente","Rep\u00fablica Dominicana @es","Video","Video @es"],"inLanguage":"es"},{"@type":"WebPage","@id":"https:\/\/casadecampoliving.com\/es\/marina-casa-de-campo-cartelera-de-peliculas-3-9-de-agosto\/","url":"https:\/\/casadecampoliving.com\/es\/marina-casa-de-campo-cartelera-de-peliculas-3-9-de-agosto\/","name":"Marina Casa de Campo Cartelera de pel\u00edculas: 3-9 de agosto | Casa de Campo Living","isPartOf":{"@id":"https:\/\/casadecampoliving.com\/es\/#website"},"primaryImageOfPage":{"@id":"https:\/\/casadecampoliving.com\/es\/marina-casa-de-campo-cartelera-de-peliculas-3-9-de-agosto\/#primaryimage"},"image":{"@id":"https:\/\/casadecampoliving.com\/es\/marina-casa-de-campo-cartelera-de-peliculas-3-9-de-agosto\/#primaryimage"},"thumbnailUrl":"https:\/\/i0.wp.com\/casadecampoliving.com\/wp-content\/uploads\/2022\/10\/CDCAMP-2-de-AGOSTO-1.jpg?fit=800%2C355&ssl=1","datePublished":"2017-08-03T04:00:00+00:00","dateModified":"2022-10-21T23:05:20+00:00","description":"Esta semana se ve que ser\u00e1 muy divertida en la Marina Casa de Campo. Los nuevos estrenos incluyen \u201cLa pel\u00edcula de Emoji\u201d y \u201cLa guerra para el planeta de","breadcrumb":{"@id":"https:\/\/casadecampoliving.com\/es\/marina-casa-de-campo-cartelera-de-peliculas-3-9-de-agosto\/#breadcrumb"},"inLanguage":"es","potentialAction":[{"@type":"ReadAction","target":["https:\/\/casadecampoliving.com\/es\/marina-casa-de-campo-cartelera-de-peliculas-3-9-de-agosto\/"]}]},{"@type":"ImageObject","inLanguage":"es","@id":"https:\/\/casadecampoliving.com\/es\/marina-casa-de-campo-cartelera-de-peliculas-3-9-de-agosto\/#primaryimage","url":"https:\/\/i0.wp.com\/casadecampoliving.com\/wp-content\/uploads\/2022\/10\/CDCAMP-2-de-AGOSTO-1.jpg?fit=800%2C355&ssl=1","contentUrl":"https:\/\/i0.wp.com\/casadecampoliving.com\/wp-content\/uploads\/2022\/10\/CDCAMP-2-de-AGOSTO-1.jpg?fit=800%2C355&ssl=1","width":800,"height":355,"caption":"movie times"},{"@type":"BreadcrumbList","@id":"https:\/\/casadecampoliving.com\/es\/marina-casa-de-campo-cartelera-de-peliculas-3-9-de-agosto\/#breadcrumb","itemListElement":[{"@type":"ListItem","position":1,"name":"Home","item":"https:\/\/casadecampoliving.com\/es\/"},{"@type":"ListItem","position":2,"name":"Marina Casa de Campo Cartelera de pel\u00edculas: 3-9 de agosto"}]},{"@type":"WebSite","@id":"https:\/\/casadecampoliving.com\/es\/#website","url":"https:\/\/casadecampoliving.com\/es\/","name":"Casa de Campo Living","description":"Resort community news and resources.","publisher":{"@id":"https:\/\/casadecampoliving.com\/es\/#organization"},"potentialAction":[{"@type":"SearchAction","target":{"@type":"EntryPoint","urlTemplate":"https:\/\/casadecampoliving.com\/es\/?s={search_term_string}"},"query-input":{"@type":"PropertyValueSpecification","valueRequired":true,"valueName":"search_term_string"}}],"inLanguage":"es"},{"@type":"Organization","@id":"https:\/\/casadecampoliving.com\/es\/#organization","name":"Casa de Campo Living","url":"https:\/\/casadecampoliving.com\/es\/","logo":{"@type":"ImageObject","inLanguage":"es","@id":"https:\/\/casadecampoliving.com\/es\/#\/schema\/logo\/image\/","url":"https:\/\/i0.wp.com\/casadecampoliving.com\/wp-content\/uploads\/2022\/07\/CDCLivingLogo_V1-white-sized.png?fit=800%2C214&ssl=1","contentUrl":"https:\/\/i0.wp.com\/casadecampoliving.com\/wp-content\/uploads\/2022\/07\/CDCLivingLogo_V1-white-sized.png?fit=800%2C214&ssl=1","width":800,"height":214,"caption":"Casa de Campo Living"},"image":{"@id":"https:\/\/casadecampoliving.com\/es\/#\/schema\/logo\/image\/"},"sameAs":["https:\/\/www.facebook.com\/casadecampoliving","https:\/\/x.com\/cdcliving"]},{"@type":"Person","@id":"https:\/\/casadecampoliving.com\/es\/#\/schema\/person\/e3abfc63c1478fd703266a6f33a3145d","name":"Heather Lincoln","image":{"@type":"ImageObject","inLanguage":"es","@id":"https:\/\/secure.gravatar.com\/avatar\/e8fc1ce4ad50385675908137b0d8d66be281d034bf072b4700460237638ea6d0?s=96&d=mm&r=g","url":"https:\/\/secure.gravatar.com\/avatar\/e8fc1ce4ad50385675908137b0d8d66be281d034bf072b4700460237638ea6d0?s=96&d=mm&r=g","contentUrl":"https:\/\/secure.gravatar.com\/avatar\/e8fc1ce4ad50385675908137b0d8d66be281d034bf072b4700460237638ea6d0?s=96&d=mm&r=g","caption":"Heather Lincoln"},"url":"https:\/\/casadecampoliving.com\/es\/author\/hcastillo\/"}]}},"parsely":{"version":"1.1.0","canonical_url":"https:\/\/casadecampoliving.com\/es\/marina-casa-de-campo-cartelera-de-peliculas-3-9-de-agosto\/","smart_links":{"inbound":0,"outbound":0},"traffic_boost_suggestions_count":0,"meta":{"@context":"https:\/\/schema.org","@type":"NewsArticle","headline":"Marina Casa de Campo Cartelera de pel\u00edculas: 3-9 de agosto","url":"http:\/\/casadecampoliving.com\/es\/marina-casa-de-campo-cartelera-de-peliculas-3-9-de-agosto\/","mainEntityOfPage":{"@type":"WebPage","@id":"http:\/\/casadecampoliving.com\/es\/marina-casa-de-campo-cartelera-de-peliculas-3-9-de-agosto\/"},"thumbnailUrl":"https:\/\/i0.wp.com\/casadecampoliving.com\/wp-content\/uploads\/2022\/10\/CDCAMP-2-de-AGOSTO-1.jpg?resize=150%2C150&ssl=1","image":{"@type":"ImageObject","url":"https:\/\/i0.wp.com\/casadecampoliving.com\/wp-content\/uploads\/2022\/10\/CDCAMP-2-de-AGOSTO-1.jpg?fit=800%2C355&ssl=1"},"articleSection":"Cine @es","author":[{"@type":"Person","name":"Heather Lincoln"}],"creator":["Heather Lincoln"],"publisher":{"@type":"Organization","name":"Casa de Campo Living","logo":"https:\/\/casadecampoliving.com\/wp-content\/uploads\/2022\/07\/CDCLivingLogo_V1-white-sized.png"},"keywords":["cartelera","cine","disney","estrenos","la marina","mi villano favorito","movie times","spiderman","trailers"],"dateCreated":"2017-08-03T04:00:00Z","datePublished":"2017-08-03T04:00:00Z","dateModified":"2022-10-21T23:05:20Z"},"rendered":"<script type=\"application\/ld+json\" class=\"wp-parsely-metadata\">{\"@context\":\"https:\\\/\\\/schema.org\",\"@type\":\"NewsArticle\",\"headline\":\"Marina Casa de Campo Cartelera de pel\\u00edculas: 3-9 de agosto\",\"url\":\"http:\\\/\\\/casadecampoliving.com\\\/es\\\/marina-casa-de-campo-cartelera-de-peliculas-3-9-de-agosto\\\/\",\"mainEntityOfPage\":{\"@type\":\"WebPage\",\"@id\":\"http:\\\/\\\/casadecampoliving.com\\\/es\\\/marina-casa-de-campo-cartelera-de-peliculas-3-9-de-agosto\\\/\"},\"thumbnailUrl\":\"https:\\\/\\\/i0.wp.com\\\/casadecampoliving.com\\\/wp-content\\\/uploads\\\/2022\\\/10\\\/CDCAMP-2-de-AGOSTO-1.jpg?resize=150%2C150&ssl=1\",\"image\":{\"@type\":\"ImageObject\",\"url\":\"https:\\\/\\\/i0.wp.com\\\/casadecampoliving.com\\\/wp-content\\\/uploads\\\/2022\\\/10\\\/CDCAMP-2-de-AGOSTO-1.jpg?fit=800%2C355&ssl=1\"},\"articleSection\":\"Cine @es\",\"author\":[{\"@type\":\"Person\",\"name\":\"Heather Lincoln\"}],\"creator\":[\"Heather Lincoln\"],\"publisher\":{\"@type\":\"Organization\",\"name\":\"Casa de Campo Living\",\"logo\":\"https:\\\/\\\/casadecampoliving.com\\\/wp-content\\\/uploads\\\/2022\\\/07\\\/CDCLivingLogo_V1-white-sized.png\"},\"keywords\":[\"cartelera\",\"cine\",\"disney\",\"estrenos\",\"la marina\",\"mi villano favorito\",\"movie times\",\"spiderman\",\"trailers\"],\"dateCreated\":\"2017-08-03T04:00:00Z\",\"datePublished\":\"2017-08-03T04:00:00Z\",\"dateModified\":\"2022-10-21T23:05:20Z\"}<\/script>","tracker_url":"https:\/\/cdn.parsely.com\/keys\/casadecampoliving.com\/p.js"},"jetpack_publicize_connections":[],"jetpack_featured_media_url":"https:\/\/i0.wp.com\/casadecampoliving.com\/wp-content\/uploads\/2022\/10\/CDCAMP-2-de-AGOSTO-1.jpg?fit=800%2C355&ssl=1","jetpack-related-posts":[{"id":351836,"url":"https:\/\/casadecampoliving.com\/es\/marina-casa-de-campo-cartelera-de-peliculas-10-16-de-agosto\/","url_meta":{"origin":351799,"position":0},"title":"Marina Casa de Campo Cartelera de pel\u00edculas: 10-16 de agosto","author":"Heather Lincoln","date":"9 Ago, 2017","format":false,"excerpt":"\u00bfListos para otra semana de nuevos estrenos? La Marina Casa de Campo presenta \u201cLas Aventuras del Captain Calzoncillos\u201d y \u201cBaby: El aprendiz del crimen\u201d, mientras sigue proyectando: \u201cLa pel\u00edcula Emoji\u201d, \u201cLa guerra por el planeta de los simios\u201d y \u201cDunkerque\u201d. \u201cLas Aventuras del Captain Calzoncillos\u201dProyecciones: Lunes \u2013 Viernes 7:15pm S\u00e1bado\u2026","rel":"","context":"En \u00abCine @es\u00bb","block_context":{"text":"Cine @es","link":"https:\/\/casadecampoliving.com\/es\/category\/cine-3\/"},"img":{"alt_text":"Casa de Campo movie times","src":"https:\/\/i0.wp.com\/casadecampoliving.com\/wp-content\/uploads\/2022\/10\/CDCAMP-2-de-AGOSTO-e1502312939612.jpg?fit=800%2C356&ssl=1&resize=350%2C200","width":350,"height":200,"srcset":"https:\/\/i0.wp.com\/casadecampoliving.com\/wp-content\/uploads\/2022\/10\/CDCAMP-2-de-AGOSTO-e1502312939612.jpg?fit=800%2C356&ssl=1&resize=350%2C200 1x, https:\/\/i0.wp.com\/casadecampoliving.com\/wp-content\/uploads\/2022\/10\/CDCAMP-2-de-AGOSTO-e1502312939612.jpg?fit=800%2C356&ssl=1&resize=525%2C300 1.5x, https:\/\/i0.wp.com\/casadecampoliving.com\/wp-content\/uploads\/2022\/10\/CDCAMP-2-de-AGOSTO-e1502312939612.jpg?fit=800%2C356&ssl=1&resize=700%2C400 2x"},"classes":[]},{"id":351768,"url":"https:\/\/casadecampoliving.com\/es\/marina-casa-de-campo-cartelera-de-peliculas-27-de-julio-2-de-agosto\/","url_meta":{"origin":351799,"position":1},"title":"Marina Casa de Campo Cartelera de pel\u00edculas: 27 de julio &#8211; 2 de agosto","author":"Marlenys Guzm\u00e1n Casta\u00f1os","date":"26 Jul, 2017","format":false,"excerpt":"Esta semana la Marina Casa de Campo agrega a su cartelera\u00a0la primera pel\u00edcula de Christopher Nolan basada en hechos hist\u00f3ricos, \u201cDunkirk\u201d mientras sigue proyectando, \u201cTransformer: El \u00daltimo Caballero\u201d,\u00a0\u00a0\u201cSpider-Man: Regreso a Casa\u201d, y\u00a0\u201cMi villano favorito Me 3\u201d. \u201cDunkirk\u201dProyecciones: Lunes \u2013 Viernes 7:10pm, 9:30pm S\u00e1bado \u2013 Domingo 4:50pm, 7:10pm, 9:30pm Sinopsis: Soldados\u2026","rel":"","context":"En \u00abCine @es\u00bb","block_context":{"text":"Cine @es","link":"https:\/\/casadecampoliving.com\/es\/category\/cine-3\/"},"img":{"alt_text":"movie times","src":"https:\/\/i0.wp.com\/casadecampoliving.com\/wp-content\/uploads\/2022\/10\/CDCAMP-27-de-Julio-e1501104942682.jpg?fit=800%2C358&ssl=1&resize=350%2C200","width":350,"height":200,"srcset":"https:\/\/i0.wp.com\/casadecampoliving.com\/wp-content\/uploads\/2022\/10\/CDCAMP-27-de-Julio-e1501104942682.jpg?fit=800%2C358&ssl=1&resize=350%2C200 1x, https:\/\/i0.wp.com\/casadecampoliving.com\/wp-content\/uploads\/2022\/10\/CDCAMP-27-de-Julio-e1501104942682.jpg?fit=800%2C358&ssl=1&resize=525%2C300 1.5x, https:\/\/i0.wp.com\/casadecampoliving.com\/wp-content\/uploads\/2022\/10\/CDCAMP-27-de-Julio-e1501104942682.jpg?fit=800%2C358&ssl=1&resize=700%2C400 2x"},"classes":[]},{"id":344940,"url":"https:\/\/casadecampoliving.com\/es\/cartelera-de-cine-del-24-al-29-de-julio\/","url_meta":{"origin":351799,"position":2},"title":"Cartelera de cine: del 24 al 29 de Julio","author":"Maria Isabel B\u00e1ez","date":"24 Jul, 2014","format":false,"excerpt":"Para esta semana el cine de la Marina Casa de Campo nos trae en cartelera 2 pel\u00edculas nuevas:\u00a0\u201cComando Especial 2\u201c\u00a0y\u00a0\u201cUn largo viaje\u201d,\u00a0mientras todav\u00eda en sala tenemos\u00a0\u201cEl amanecer del planeta de los simios\u201dy\u00a0\u201cAviones: Equipo de rescate\u201d.\u00a0Salvedad:\u00a0A partir de ahora el cine de la Marina Casa de Campo estar\u00e1 abierto\u00a0todos los d\u00edas\u2026","rel":"","context":"En \u00abArte y cultura\u00bb","block_context":{"text":"Arte y cultura","link":"https:\/\/casadecampoliving.com\/category\/arte-y-cultura\/"},"img":{"alt_text":"","src":"https:\/\/i0.wp.com\/casadecampoliving.com\/wp-content\/uploads\/2022\/10\/CDCAMP_24_julio_header-1.jpg?fit=650%2C282&ssl=1&resize=350%2C200","width":350,"height":200,"srcset":"https:\/\/i0.wp.com\/casadecampoliving.com\/wp-content\/uploads\/2022\/10\/CDCAMP_24_julio_header-1.jpg?fit=650%2C282&ssl=1&resize=350%2C200 1x, https:\/\/i0.wp.com\/casadecampoliving.com\/wp-content\/uploads\/2022\/10\/CDCAMP_24_julio_header-1.jpg?fit=650%2C282&ssl=1&resize=525%2C300 1.5x"},"classes":[]},{"id":351743,"url":"https:\/\/casadecampoliving.com\/es\/marina-casa-de-campo-cartelera-de-peliculas-20-26-de-julio\/","url_meta":{"origin":351799,"position":3},"title":"Marina Casa de Campo Cartelera de pel\u00edculas: 20 &#8211; 26 de julio","author":"Heather Lincoln","date":"20 Jul, 2017","format":false,"excerpt":"Es una semana en la que los ni\u00f1os tienen preferencia en el cine, \u00a1aunque muchos de nosotros tambi\u00e9n somos fans de los Transformers! La Marina Casa de Campo tiene como estreno de esta semana la ultima pelicula de la serie llena de acci\u00f3n, \u201cTransformer: El \u00daltimo Caballero\u201d, mientras sigue proyectando\u2026","rel":"","context":"En \u00abCine @es\u00bb","block_context":{"text":"Cine @es","link":"https:\/\/casadecampoliving.com\/es\/category\/cine-3\/"},"img":{"alt_text":"movie times","src":"https:\/\/i0.wp.com\/casadecampoliving.com\/wp-content\/uploads\/2022\/10\/CDCAMP-20-de-Julio-e1500561593321.jpg?fit=800%2C356&ssl=1&resize=350%2C200","width":350,"height":200,"srcset":"https:\/\/i0.wp.com\/casadecampoliving.com\/wp-content\/uploads\/2022\/10\/CDCAMP-20-de-Julio-e1500561593321.jpg?fit=800%2C356&ssl=1&resize=350%2C200 1x, https:\/\/i0.wp.com\/casadecampoliving.com\/wp-content\/uploads\/2022\/10\/CDCAMP-20-de-Julio-e1500561593321.jpg?fit=800%2C356&ssl=1&resize=525%2C300 1.5x, https:\/\/i0.wp.com\/casadecampoliving.com\/wp-content\/uploads\/2022\/10\/CDCAMP-20-de-Julio-e1500561593321.jpg?fit=800%2C356&ssl=1&resize=700%2C400 2x"},"classes":[]},{"id":344855,"url":"https:\/\/casadecampoliving.com\/es\/cartelera-de-cine-del-17-al-23-de-julio\/","url_meta":{"origin":351799,"position":4},"title":"Cartelera de Cine: del 17 al 23 de julio","author":"Perkin Agramonte","date":"17 Jul, 2014","format":false,"excerpt":"Para esta semana el cine de la Marina Casa de Campo nos trae en cartelera 2 pel\u00edculas nuevas:\u00a0\u201cEl amanecer del planeta de los simios\u201c\u00a0y \u201cAviones: Equipo de Rescate\u201d,\u00a0mientras todav\u00eda en sala tenemos\u00a0\u201cEl Inventor de Juegos\u201d,\u00a0\u201cChef\u201d y\u00a0\u201cUn Golpe Brillante\u201d.\u00a0Salvedad:\u00a0A partir de ahora el cine de la Marina Casa de Campo estar\u00e1\u2026","rel":"","context":"En \u00abArte y cultura\u00bb","block_context":{"text":"Arte y cultura","link":"https:\/\/casadecampoliving.com\/category\/arte-y-cultura\/"},"img":{"alt_text":"Marina Casa de Campo cinema","src":"https:\/\/i0.wp.com\/casadecampoliving.com\/wp-content\/uploads\/2022\/10\/marina_casa_de_campo_cinema-15.jpg?fit=637%2C345&ssl=1&resize=350%2C200","width":350,"height":200,"srcset":"https:\/\/i0.wp.com\/casadecampoliving.com\/wp-content\/uploads\/2022\/10\/marina_casa_de_campo_cinema-15.jpg?fit=637%2C345&ssl=1&resize=350%2C200 1x, https:\/\/i0.wp.com\/casadecampoliving.com\/wp-content\/uploads\/2022\/10\/marina_casa_de_campo_cinema-15.jpg?fit=637%2C345&ssl=1&resize=525%2C300 1.5x"},"classes":[]},{"id":351719,"url":"https:\/\/casadecampoliving.com\/es\/marina-casa-de-campo-cartelera-de-cine-13-de-julio-19-de-julio\/","url_meta":{"origin":351799,"position":5},"title":"Marina Casa de Campo Cartelera de Cine: 13 de julio \u2013 19 de julio","author":"Heather Lincoln","date":"14 Jul, 2017","format":false,"excerpt":"Esta semana el cine de la Marina Casa de Campo contin\u00faa proyectando \u201cSpider-Man: Regreso a casa\u201d, \u201cMi Villano favorito 3\u201d y \u201cCars 3\u201d,\u00a0y presenta la nueva versi\u00f3n de: \u201cLa Odisea\u201d. \u201cLa Odisea\u201dProyecciones: Lunes \u2013 S\u00e1bado 9:00pm Sinopsis:\u00a0Altamente influyente y un pionero, innovador, cineasta, investigador, conservacionista sin temor y ambicioso, la\u2026","rel":"","context":"En \u00abCine @es\u00bb","block_context":{"text":"Cine @es","link":"https:\/\/casadecampoliving.com\/es\/category\/cine-3\/"},"img":{"alt_text":"Movie Times","src":"https:\/\/i0.wp.com\/casadecampoliving.com\/wp-content\/uploads\/2022\/10\/CDCAMP-2-de-Junio-13-e1500047911434.jpg?fit=800%2C356&ssl=1&resize=350%2C200","width":350,"height":200,"srcset":"https:\/\/i0.wp.com\/casadecampoliving.com\/wp-content\/uploads\/2022\/10\/CDCAMP-2-de-Junio-13-e1500047911434.jpg?fit=800%2C356&ssl=1&resize=350%2C200 1x, https:\/\/i0.wp.com\/casadecampoliving.com\/wp-content\/uploads\/2022\/10\/CDCAMP-2-de-Junio-13-e1500047911434.jpg?fit=800%2C356&ssl=1&resize=525%2C300 1.5x, https:\/\/i0.wp.com\/casadecampoliving.com\/wp-content\/uploads\/2022\/10\/CDCAMP-2-de-Junio-13-e1500047911434.jpg?fit=800%2C356&ssl=1&resize=700%2C400 2x"},"classes":[]}],"jetpack_sharing_enabled":true,"_links":{"self":[{"href":"https:\/\/casadecampoliving.com\/es\/wp-json\/wp\/v2\/posts\/351799","targetHints":{"allow":["GET"]}}],"collection":[{"href":"https:\/\/casadecampoliving.com\/es\/wp-json\/wp\/v2\/posts"}],"about":[{"href":"https:\/\/casadecampoliving.com\/es\/wp-json\/wp\/v2\/types\/post"}],"author":[{"embeddable":true,"href":"https:\/\/casadecampoliving.com\/es\/wp-json\/wp\/v2\/users\/36681"}],"replies":[{"embeddable":true,"href":"https:\/\/casadecampoliving.com\/es\/wp-json\/wp\/v2\/comments?post=351799"}],"version-history":[{"count":0,"href":"https:\/\/casadecampoliving.com\/es\/wp-json\/wp\/v2\/posts\/351799\/revisions"}],"wp:featuredmedia":[{"embeddable":true,"href":"https:\/\/casadecampoliving.com\/es\/wp-json\/wp\/v2\/media\/306793"}],"wp:attachment":[{"href":"https:\/\/casadecampoliving.com\/es\/wp-json\/wp\/v2\/media?parent=351799"}],"wp:term":[{"taxonomy":"category","embeddable":true,"href":"https:\/\/casadecampoliving.com\/es\/wp-json\/wp\/v2\/categories?post=351799"},{"taxonomy":"post_tag","embeddable":true,"href":"https:\/\/casadecampoliving.com\/es\/wp-json\/wp\/v2\/tags?post=351799"},{"taxonomy":"newspack_spnsrs_tax","embeddable":true,"href":"https:\/\/casadecampoliving.com\/es\/wp-json\/wp\/v2\/newspack_spnsrs_tax?post=351799"}],"curies":[{"name":"wp","href":"https:\/\/api.w.org\/{rel}","templated":true}]}}