{"id":351791,"date":"2017-08-02T00:00:00","date_gmt":"2017-08-02T04:00:00","guid":{"rendered":"https:\/\/casadecampoliving.com\/conoce-el-reparto-detras-de-la-pelicula-todas-las-mujeres-son-iguales-filmada-aqui-en-casa-de-campo\/"},"modified":"2022-10-21T19:05:10","modified_gmt":"2022-10-21T23:05:10","slug":"conoce-el-reparto-detras-de-la-pelicula-todas-las-mujeres-son-iguales-filmada-aqui-en-casa-de-campo","status":"publish","type":"post","link":"https:\/\/casadecampoliving.com\/es\/conoce-el-reparto-detras-de-la-pelicula-todas-las-mujeres-son-iguales-filmada-aqui-en-casa-de-campo\/","title":{"rendered":"\u00a1Conoce el reparto detr\u00e1s de la pel\u00edcula \u00abTodas las Mujeres Son Iguales\u00bb filmada aqu\u00ed en Casa de Campo!"},"content":{"rendered":"\n<p>\u00bfRecuerdas <a href=\"https:\/\/casadecampoliving.com\/es\/el-director-de-cine-david-maler-esta-filmando-una-pelicula-en-casa-de-campo\/\">la pel\u00edcula que David Maler estaba rodando en Casa de Campo <\/a>hace un par de meses? Bueno, el estreno ser\u00e1 este mes el 31 de agosto, \u00a1y parece que va a ser super divertida!!! Al menos eso es lo que podemos predecir basado en los trailers que hemos visto en l\u00ednea \u2026 \u00a1echa un vistazo al video de abajo! Pero \u00bfqu\u00e9 sabes qu\u00e9 es a\u00fan mejor? \u00a1Usted puede conocer a los actores y obtener un aut\u00f3grafo el 2 de septiembre en Multiplaza La Romana!<br>\n<\/p>\n\n\n\n<!--more-->\n\n\n\n<blockquote class=\"instagram-media\" style=\"background: #FFF; border: 0; border-radius: 3px; box-shadow: 0 0 1px 0 rgba(0,0,0,0.5),0 1px 10px 0 rgba(0,0,0,0.15); margin: 1px; max-width: 658px; padding: 0; width: calc(100% - 2px);\" data-instgrm-captioned=\"\" data-instgrm-version=\"7\"><div style=\"padding: 8px;\">\n<div style=\"background: #F8F8F8; line-height: 0; margin-top: 40px; padding: 50.0% 0; text-align: center; width: 100%;\">&nbsp;<\/div>\n<p style=\"margin: 8px 0 0 0; padding: 0 4px;\"><a style=\"color: #000; font-family: Arial,sans-serif; font-size: 14px; font-style: normal; font-weight: normal; line-height: 17px; text-decoration: none; word-wrap: break-word;\" href=\"https:\/\/www.instagram.com\/p\/BXTJTZMF4Uy\/\" target=\"_blank\" rel=\"noopener\">Tu cara cuando crees que se te fue la mano #todaslasmujeressoniguales #agarrenbienasusesposas #4mujeres #unfindesemana #locuratotal #quemalditafieta @cheddyg @nashlabogaert @liabriones @irispeynado Todas las mujeres son iguales: estreno el Jueves 31 de Agosto en todos los cines del pais #Pachy #yoli #Julia #tiamary #rd <\/a><\/p>\n<p style=\"color: #c9c8cd; font-family: Arial,sans-serif; font-size: 14px; line-height: 17px; margin-bottom: 0; margin-top: 8px; overflow: hidden; padding: 8px 0 7px; text-align: center; text-overflow: ellipsis; white-space: nowrap;\">A post shared by Todas Las Mujeres Son Iguales (@todaslasmujeressoniguales) on <time style=\"font-family: Arial,sans-serif; font-size: 14px; line-height: 17px;\" datetime=\"2017-08-02T17:05:10+00:00\">Aug 2, 2017 at 10:05am PDT<\/time><\/p>\n<\/div><\/blockquote>\n\n\n\n<p><script async=\"\" defer=\"\" src=\"\/\/platform.instagram.com\/en_US\/embeds.js\"><\/script><br>\nEn marzo, cuando escuchamos por primera vez sobre la filmaci\u00f3n, no ten\u00edamos demasiada informaci\u00f3n sobre la trama; \u00a1ahora si! <em>\u201cTodas las mujeres son iguales\u201d<\/em> te har\u00e1 rodar de la risa viendo lo que puede suceder cuando un grupo de mujeres muy diferentes se re\u00fanen para un fin de semana libre de los hombres. Sigue un concepto similar a uno de los filmes m\u00e1s vistos del a\u00f1o pasado: <em>\u201cTodos los hombres son iguales\u201d<\/em>, protagonizada por Christian Meier, Frank Perozo y Nashla Bogaert.<\/p>\n\n\n\n<p class=\"has-text-align-center\"><iframe loading=\"lazy\" src=\"https:\/\/www.youtube.com\/embed\/6u34CulAQ9M\" width=\"800\" height=\"500\" frameborder=\"0\" allowfullscreen=\"allowfullscreen\" data-mce-fragment=\"1\"><\/iframe><\/p>\n\n\n\n<p>Con el miembro de la comunidad de Casa de Campo, David Maler, como director estamos seguros de que esta versi\u00f3n tendr\u00e1 un corte m\u00e1s moderno, posiblemente hasta m\u00e1s audaz tocando los temas que enfrentan las mujeres y su punto de vista. La pel\u00edcula anterior era ciertamente m\u00e1s orientada al hombre. \u00a1Estamos ansiosos por ver esta nueva y divertida comedia! David, junto con su esposa Nashla (quien es una de las protagonistas), han demostrado ser dos individuos talentosos y simpaticos que no podemos esperar para ver la trama.<\/p>\n\n\n\n<p><strong>\u00a1\u00a1No pierda la oportunidad de ver la pel\u00edcula en los cines el 31 de agosto y conocer a sus estrellas favoritas en persona durante la firma de aut\u00f3grafos del pr\u00f3ximo mes en Multiplaza La Romana!!!<\/strong><\/p>\n\n\n\n<blockquote><h3><strong>\u201cTodas las Mujeres son Iguales\u201d<\/strong><\/h3><p><strong>Estreno:<\/strong>&nbsp;31 de agosto en un cine cerca de usted&nbsp;<\/p><p><strong>Firma de aut\u00f3grafos:<\/strong>&nbsp;2 de septiembre, 7pm, Multiplaza La Romana<\/p><\/blockquote>\n\n\n\n<blockquote><p><a href=\"https:\/\/casadecampoliving.com\/movie-directed-david-maler-filmed-casa-de-campo\/\"><strong>\u00a1El director de cine David Maler est\u00e1 filmando una pel\u00edcula en Casa de Campo!<\/strong><\/a><\/p><figure><img decoding=\"async\" loading=\"lazy\" class=\"aligncenter size-full wp-image-137512\" src=\"https:\/\/i0.wp.com\/casadecampoliving.com\/wp-content\/uploads\/2022\/10\/Screen-Shot-2017-03-23-at-11.48.41-AM-1.png?resize=1053%2C771&amp;ssl=1\" alt=\"\" width=\"1053\" height=\"771\"><\/figure><p>\u00a1Las pel\u00edculas dominicanas est\u00e1n en alza! A\u00f1o tras a\u00f1o hemos visto c\u00f3mo las pel\u00edculas han evolucionado y c\u00f3mo la generaci\u00f3n m\u00e1s joven se est\u00e1 involucrando m\u00e1s. Prueba de ello es el nuevo programa de Cinematograf\u00eda de la Escuela de Dise\u00f1o Altos de Chav\u00f3n, para la cual la escuela recientemente remodel\u00f3 sus instalaciones para optimizar el espacio para el estudio del cine. Casa de Campo siempre ha sido un lugar favorito para la producci\u00f3n de pel\u00edculas. El a\u00f1o pasado, \u201cNadie Muere en Ambrosia\u201d fue filmada en Altos de Chav\u00f3n, y ahora \u201cTodas las mujeres son iguales\u201d est\u00e1 siendo filmada en Casa de Campo con el Director David Maler. <a href=\"https:\/\/casadecampoliving.com\/es\/el-director-de-cine-david-maler-esta-filmando-una-pelicula-en-casa-de-campo\/\">Seguir leyendo aqu\u00ed<\/a><\/p><\/blockquote>\n\n\n\n<p><em>*Fotos del Instagram oficial de&nbsp;<a href=\"https:\/\/www.instagram.com\/todaslasmujeressoniguales\/\" target=\"_blank\" rel=\"noopener\">Todas Las Mujeres Son Iguales<\/a>&nbsp;<\/em><\/p>\n","protected":false},"excerpt":{"rendered":"<p>\u00bfRecuerdas la pel\u00edcula que David Maler estaba rodando en Casa de Campo hace un par de meses? Bueno, el estreno ser\u00e1 este mes el 31 de agosto, \u00a1y parece que va a ser super divertida!!! Al menos eso es lo que podemos predecir basado en los trailers que hemos visto en l\u00ednea \u2026 \u00a1echa un [&hellip;]<\/p>\n","protected":false},"author":36682,"featured_media":306715,"comment_status":"closed","ping_status":"closed","sticky":false,"template":"","format":"standard","meta":{"newspack_ads_suppress_ads":false,"newspack_popups_has_disabled_popups":false,"newspack_sponsor_sponsorship_scope":"","newspack_sponsor_native_byline_display":"inherit","newspack_sponsor_native_category_display":"inherit","newspack_sponsor_underwriter_style":"inherit","newspack_sponsor_underwriter_placement":"inherit","_newspack_byline_active":false,"_newspack_byline":"","newspack_hide_updated_date":false,"newspack_show_updated_date":false,"newspack_content_restriction_is_exempt":false,"newspack_featured_image_position":"","newspack_post_subtitle":"","newspack_article_summary_title":"Overview:","newspack_article_summary":"","_jetpack_memberships_contains_paid_content":false,"footnotes":"","jetpack_publicize_message":"","jetpack_publicize_feature_enabled":true,"jetpack_social_post_already_shared":false,"jetpack_social_options":{"image_generator_settings":{"template":"highway","default_image_id":0,"font":"","enabled":false},"version":2},"_wpas_customize_per_network":false},"categories":[2513,2522,2506,14625,14627,2521,19622,2531],"tags":[23815,20571,9312,7596,20094],"newspack_spnsrs_tax":[],"class_list":["post-351791","post","type-post","status-publish","format-standard","has-post-thumbnail","hentry","category-celebridades-es","category-eventos-es","category-mas-alla-de-casa-es","category-noticias-locales","category-proximamente","category-republica-dominicana-2","category-video-es-2","category-video-es","tag-casa-de-campo-es-17","tag-grabacion","tag-multiplaza-la-romana","tag-pelicula","tag-trailer","entry"],"yoast_head":"<!-- This site is optimized with the Yoast SEO plugin v27.5 - https:\/\/yoast.com\/product\/yoast-seo-wordpress\/ -->\n<title>\u00a1Conoce el reparto detr\u00e1s de la pel\u00edcula &quot;Todas las Mujeres Son Iguales&quot; filmada aqu\u00ed en Casa de Campo! | Casa de Campo Living<\/title>\n<meta name=\"description\" content=\"\u00bfRecuerdas la pel\u00edcula que David Maler estaba rodando en Casa de Campo hace un par de meses? Bueno, el estreno ser\u00e1 este mes el 31 de agosto, \u00a1y parece\" \/>\n<meta name=\"robots\" content=\"index, follow, max-snippet:-1, max-image-preview:large, max-video-preview:-1\" \/>\n<link rel=\"canonical\" href=\"https:\/\/casadecampoliving.com\/es\/conoce-el-reparto-detras-de-la-pelicula-todas-las-mujeres-son-iguales-filmada-aqui-en-casa-de-campo\/\" \/>\n<meta property=\"og:locale\" content=\"es_ES\" \/>\n<meta property=\"og:type\" content=\"article\" \/>\n<meta property=\"og:title\" content=\"\u00a1Conoce el reparto detr\u00e1s de la pel\u00edcula &quot;Todas las Mujeres Son Iguales&quot; filmada aqu\u00ed en Casa de Campo! | Casa de Campo Living\" \/>\n<meta property=\"og:description\" content=\"\u00bfRecuerdas la pel\u00edcula que David Maler estaba rodando en Casa de Campo hace un par de meses? Bueno, el estreno ser\u00e1 este mes el 31 de agosto, \u00a1y parece\" \/>\n<meta property=\"og:url\" content=\"https:\/\/casadecampoliving.com\/es\/conoce-el-reparto-detras-de-la-pelicula-todas-las-mujeres-son-iguales-filmada-aqui-en-casa-de-campo\/\" \/>\n<meta property=\"og:site_name\" content=\"Casa de Campo Living\" \/>\n<meta property=\"article:publisher\" content=\"https:\/\/www.facebook.com\/casadecampoliving\" \/>\n<meta property=\"article:published_time\" content=\"2017-08-02T04:00:00+00:00\" \/>\n<meta property=\"article:modified_time\" content=\"2022-10-21T23:05:10+00:00\" \/>\n<meta property=\"og:image\" content=\"https:\/\/i0.wp.com\/casadecampoliving.com\/wp-content\/uploads\/2022\/10\/Screen-Shot-2017-08-02-at-4.09.09-PM.png?fit=1000%2C524&ssl=1\" \/>\n\t<meta property=\"og:image:width\" content=\"1000\" \/>\n\t<meta property=\"og:image:height\" content=\"524\" \/>\n\t<meta property=\"og:image:type\" content=\"image\/png\" \/>\n<meta name=\"author\" content=\"Marlenys Guzm\u00e1n Casta\u00f1os\" \/>\n<meta name=\"twitter:card\" content=\"summary_large_image\" \/>\n<meta name=\"twitter:creator\" content=\"@cdcliving\" \/>\n<meta name=\"twitter:site\" content=\"@cdcliving\" \/>\n<meta name=\"twitter:label1\" content=\"Escrito por\" \/>\n\t<meta name=\"twitter:data1\" content=\"Marlenys Guzm\u00e1n Casta\u00f1os\" \/>\n\t<meta name=\"twitter:label2\" content=\"Tiempo de lectura\" \/>\n\t<meta name=\"twitter:data2\" content=\"3 minutos\" \/>\n<script type=\"application\/ld+json\" class=\"yoast-schema-graph\">{\"@context\":\"https:\\\/\\\/schema.org\",\"@graph\":[{\"@type\":\"Article\",\"@id\":\"https:\\\/\\\/casadecampoliving.com\\\/es\\\/conoce-el-reparto-detras-de-la-pelicula-todas-las-mujeres-son-iguales-filmada-aqui-en-casa-de-campo\\\/#article\",\"isPartOf\":{\"@id\":\"https:\\\/\\\/casadecampoliving.com\\\/es\\\/conoce-el-reparto-detras-de-la-pelicula-todas-las-mujeres-son-iguales-filmada-aqui-en-casa-de-campo\\\/\"},\"author\":{\"name\":\"Marlenys Guzm\u00e1n Casta\u00f1os\",\"@id\":\"https:\\\/\\\/casadecampoliving.com\\\/es\\\/#\\\/schema\\\/person\\\/b6606bd87f9cec8f5903e2141cafda24\"},\"headline\":\"\u00a1Conoce el reparto detr\u00e1s de la pel\u00edcula \u00abTodas las Mujeres Son Iguales\u00bb filmada aqu\u00ed en Casa de Campo!\",\"datePublished\":\"2017-08-02T04:00:00+00:00\",\"dateModified\":\"2022-10-21T23:05:10+00:00\",\"mainEntityOfPage\":{\"@id\":\"https:\\\/\\\/casadecampoliving.com\\\/es\\\/conoce-el-reparto-detras-de-la-pelicula-todas-las-mujeres-son-iguales-filmada-aqui-en-casa-de-campo\\\/\"},\"wordCount\":560,\"publisher\":{\"@id\":\"https:\\\/\\\/casadecampoliving.com\\\/es\\\/#organization\"},\"image\":{\"@id\":\"https:\\\/\\\/casadecampoliving.com\\\/es\\\/conoce-el-reparto-detras-de-la-pelicula-todas-las-mujeres-son-iguales-filmada-aqui-en-casa-de-campo\\\/#primaryimage\"},\"thumbnailUrl\":\"https:\\\/\\\/i0.wp.com\\\/casadecampoliving.com\\\/wp-content\\\/uploads\\\/2022\\\/10\\\/Screen-Shot-2017-08-02-at-4.09.09-PM.png?fit=1000%2C524&ssl=1\",\"keywords\":[\"Casa de Campo\",\"grabaci\u00f3n\",\"multiplaza la romana\",\"pel\u00edcula\",\"trailer\"],\"articleSection\":[\"Celebridades\",\"Eventos\",\"M\u00e1s all\u00e1 de Casa\",\"Noticias Locales\",\"Proximamente\",\"Rep\u00fablica Dominicana @es\",\"Video\",\"Video @es\"],\"inLanguage\":\"es\"},{\"@type\":\"WebPage\",\"@id\":\"https:\\\/\\\/casadecampoliving.com\\\/es\\\/conoce-el-reparto-detras-de-la-pelicula-todas-las-mujeres-son-iguales-filmada-aqui-en-casa-de-campo\\\/\",\"url\":\"https:\\\/\\\/casadecampoliving.com\\\/es\\\/conoce-el-reparto-detras-de-la-pelicula-todas-las-mujeres-son-iguales-filmada-aqui-en-casa-de-campo\\\/\",\"name\":\"\u00a1Conoce el reparto detr\u00e1s de la pel\u00edcula \\\"Todas las Mujeres Son Iguales\\\" filmada aqu\u00ed en Casa de Campo! | Casa de Campo Living\",\"isPartOf\":{\"@id\":\"https:\\\/\\\/casadecampoliving.com\\\/es\\\/#website\"},\"primaryImageOfPage\":{\"@id\":\"https:\\\/\\\/casadecampoliving.com\\\/es\\\/conoce-el-reparto-detras-de-la-pelicula-todas-las-mujeres-son-iguales-filmada-aqui-en-casa-de-campo\\\/#primaryimage\"},\"image\":{\"@id\":\"https:\\\/\\\/casadecampoliving.com\\\/es\\\/conoce-el-reparto-detras-de-la-pelicula-todas-las-mujeres-son-iguales-filmada-aqui-en-casa-de-campo\\\/#primaryimage\"},\"thumbnailUrl\":\"https:\\\/\\\/i0.wp.com\\\/casadecampoliving.com\\\/wp-content\\\/uploads\\\/2022\\\/10\\\/Screen-Shot-2017-08-02-at-4.09.09-PM.png?fit=1000%2C524&ssl=1\",\"datePublished\":\"2017-08-02T04:00:00+00:00\",\"dateModified\":\"2022-10-21T23:05:10+00:00\",\"description\":\"\u00bfRecuerdas la pel\u00edcula que David Maler estaba rodando en Casa de Campo hace un par de meses? Bueno, el estreno ser\u00e1 este mes el 31 de agosto, \u00a1y parece\",\"breadcrumb\":{\"@id\":\"https:\\\/\\\/casadecampoliving.com\\\/es\\\/conoce-el-reparto-detras-de-la-pelicula-todas-las-mujeres-son-iguales-filmada-aqui-en-casa-de-campo\\\/#breadcrumb\"},\"inLanguage\":\"es\",\"potentialAction\":[{\"@type\":\"ReadAction\",\"target\":[\"https:\\\/\\\/casadecampoliving.com\\\/es\\\/conoce-el-reparto-detras-de-la-pelicula-todas-las-mujeres-son-iguales-filmada-aqui-en-casa-de-campo\\\/\"]}]},{\"@type\":\"ImageObject\",\"inLanguage\":\"es\",\"@id\":\"https:\\\/\\\/casadecampoliving.com\\\/es\\\/conoce-el-reparto-detras-de-la-pelicula-todas-las-mujeres-son-iguales-filmada-aqui-en-casa-de-campo\\\/#primaryimage\",\"url\":\"https:\\\/\\\/i0.wp.com\\\/casadecampoliving.com\\\/wp-content\\\/uploads\\\/2022\\\/10\\\/Screen-Shot-2017-08-02-at-4.09.09-PM.png?fit=1000%2C524&ssl=1\",\"contentUrl\":\"https:\\\/\\\/i0.wp.com\\\/casadecampoliving.com\\\/wp-content\\\/uploads\\\/2022\\\/10\\\/Screen-Shot-2017-08-02-at-4.09.09-PM.png?fit=1000%2C524&ssl=1\",\"width\":1000,\"height\":524},{\"@type\":\"BreadcrumbList\",\"@id\":\"https:\\\/\\\/casadecampoliving.com\\\/es\\\/conoce-el-reparto-detras-de-la-pelicula-todas-las-mujeres-son-iguales-filmada-aqui-en-casa-de-campo\\\/#breadcrumb\",\"itemListElement\":[{\"@type\":\"ListItem\",\"position\":1,\"name\":\"Home\",\"item\":\"https:\\\/\\\/casadecampoliving.com\\\/es\\\/\"},{\"@type\":\"ListItem\",\"position\":2,\"name\":\"\u00a1Conoce el reparto detr\u00e1s de la pel\u00edcula &#8220;Todas las Mujeres Son Iguales&#8221; filmada aqu\u00ed en Casa de Campo!\"}]},{\"@type\":\"WebSite\",\"@id\":\"https:\\\/\\\/casadecampoliving.com\\\/es\\\/#website\",\"url\":\"https:\\\/\\\/casadecampoliving.com\\\/es\\\/\",\"name\":\"Casa de Campo Living\",\"description\":\"Resort community news and resources.\",\"publisher\":{\"@id\":\"https:\\\/\\\/casadecampoliving.com\\\/es\\\/#organization\"},\"potentialAction\":[{\"@type\":\"SearchAction\",\"target\":{\"@type\":\"EntryPoint\",\"urlTemplate\":\"https:\\\/\\\/casadecampoliving.com\\\/es\\\/?s={search_term_string}\"},\"query-input\":{\"@type\":\"PropertyValueSpecification\",\"valueRequired\":true,\"valueName\":\"search_term_string\"}}],\"inLanguage\":\"es\"},{\"@type\":\"Organization\",\"@id\":\"https:\\\/\\\/casadecampoliving.com\\\/es\\\/#organization\",\"name\":\"Casa de Campo Living\",\"url\":\"https:\\\/\\\/casadecampoliving.com\\\/es\\\/\",\"logo\":{\"@type\":\"ImageObject\",\"inLanguage\":\"es\",\"@id\":\"https:\\\/\\\/casadecampoliving.com\\\/es\\\/#\\\/schema\\\/logo\\\/image\\\/\",\"url\":\"https:\\\/\\\/i0.wp.com\\\/casadecampoliving.com\\\/wp-content\\\/uploads\\\/2022\\\/07\\\/CDCLivingLogo_V1-white-sized.png?fit=800%2C214&ssl=1\",\"contentUrl\":\"https:\\\/\\\/i0.wp.com\\\/casadecampoliving.com\\\/wp-content\\\/uploads\\\/2022\\\/07\\\/CDCLivingLogo_V1-white-sized.png?fit=800%2C214&ssl=1\",\"width\":800,\"height\":214,\"caption\":\"Casa de Campo Living\"},\"image\":{\"@id\":\"https:\\\/\\\/casadecampoliving.com\\\/es\\\/#\\\/schema\\\/logo\\\/image\\\/\"},\"sameAs\":[\"https:\\\/\\\/www.facebook.com\\\/casadecampoliving\",\"https:\\\/\\\/x.com\\\/cdcliving\"]},{\"@type\":\"Person\",\"@id\":\"https:\\\/\\\/casadecampoliving.com\\\/es\\\/#\\\/schema\\\/person\\\/b6606bd87f9cec8f5903e2141cafda24\",\"name\":\"Marlenys Guzm\u00e1n Casta\u00f1os\",\"image\":{\"@type\":\"ImageObject\",\"inLanguage\":\"es\",\"@id\":\"https:\\\/\\\/secure.gravatar.com\\\/avatar\\\/72f3f86b8e6b3ec744201aeadf11d4a6055e8af194aecd9ad30ffff4437878ee?s=96&d=mm&r=g\",\"url\":\"https:\\\/\\\/secure.gravatar.com\\\/avatar\\\/72f3f86b8e6b3ec744201aeadf11d4a6055e8af194aecd9ad30ffff4437878ee?s=96&d=mm&r=g\",\"contentUrl\":\"https:\\\/\\\/secure.gravatar.com\\\/avatar\\\/72f3f86b8e6b3ec744201aeadf11d4a6055e8af194aecd9ad30ffff4437878ee?s=96&d=mm&r=g\",\"caption\":\"Marlenys Guzm\u00e1n Casta\u00f1os\"},\"url\":\"https:\\\/\\\/casadecampoliving.com\\\/es\\\/author\\\/mguzman\\\/\"}]}<\/script>\n<!-- \/ Yoast SEO plugin. -->","yoast_head_json":{"title":"\u00a1Conoce el reparto detr\u00e1s de la pel\u00edcula \"Todas las Mujeres Son Iguales\" filmada aqu\u00ed en Casa de Campo! | Casa de Campo Living","description":"\u00bfRecuerdas la pel\u00edcula que David Maler estaba rodando en Casa de Campo hace un par de meses? Bueno, el estreno ser\u00e1 este mes el 31 de agosto, \u00a1y parece","robots":{"index":"index","follow":"follow","max-snippet":"max-snippet:-1","max-image-preview":"max-image-preview:large","max-video-preview":"max-video-preview:-1"},"canonical":"https:\/\/casadecampoliving.com\/es\/conoce-el-reparto-detras-de-la-pelicula-todas-las-mujeres-son-iguales-filmada-aqui-en-casa-de-campo\/","og_locale":"es_ES","og_type":"article","og_title":"\u00a1Conoce el reparto detr\u00e1s de la pel\u00edcula \"Todas las Mujeres Son Iguales\" filmada aqu\u00ed en Casa de Campo! | Casa de Campo Living","og_description":"\u00bfRecuerdas la pel\u00edcula que David Maler estaba rodando en Casa de Campo hace un par de meses? Bueno, el estreno ser\u00e1 este mes el 31 de agosto, \u00a1y parece","og_url":"https:\/\/casadecampoliving.com\/es\/conoce-el-reparto-detras-de-la-pelicula-todas-las-mujeres-son-iguales-filmada-aqui-en-casa-de-campo\/","og_site_name":"Casa de Campo Living","article_publisher":"https:\/\/www.facebook.com\/casadecampoliving","article_published_time":"2017-08-02T04:00:00+00:00","article_modified_time":"2022-10-21T23:05:10+00:00","og_image":[{"width":1000,"height":524,"url":"https:\/\/i0.wp.com\/casadecampoliving.com\/wp-content\/uploads\/2022\/10\/Screen-Shot-2017-08-02-at-4.09.09-PM.png?fit=1000%2C524&ssl=1","type":"image\/png"}],"author":"Marlenys Guzm\u00e1n Casta\u00f1os","twitter_card":"summary_large_image","twitter_creator":"@cdcliving","twitter_site":"@cdcliving","twitter_misc":{"Escrito por":"Marlenys Guzm\u00e1n Casta\u00f1os","Tiempo de lectura":"3 minutos"},"schema":{"@context":"https:\/\/schema.org","@graph":[{"@type":"Article","@id":"https:\/\/casadecampoliving.com\/es\/conoce-el-reparto-detras-de-la-pelicula-todas-las-mujeres-son-iguales-filmada-aqui-en-casa-de-campo\/#article","isPartOf":{"@id":"https:\/\/casadecampoliving.com\/es\/conoce-el-reparto-detras-de-la-pelicula-todas-las-mujeres-son-iguales-filmada-aqui-en-casa-de-campo\/"},"author":{"name":"Marlenys Guzm\u00e1n Casta\u00f1os","@id":"https:\/\/casadecampoliving.com\/es\/#\/schema\/person\/b6606bd87f9cec8f5903e2141cafda24"},"headline":"\u00a1Conoce el reparto detr\u00e1s de la pel\u00edcula \u00abTodas las Mujeres Son Iguales\u00bb filmada aqu\u00ed en Casa de Campo!","datePublished":"2017-08-02T04:00:00+00:00","dateModified":"2022-10-21T23:05:10+00:00","mainEntityOfPage":{"@id":"https:\/\/casadecampoliving.com\/es\/conoce-el-reparto-detras-de-la-pelicula-todas-las-mujeres-son-iguales-filmada-aqui-en-casa-de-campo\/"},"wordCount":560,"publisher":{"@id":"https:\/\/casadecampoliving.com\/es\/#organization"},"image":{"@id":"https:\/\/casadecampoliving.com\/es\/conoce-el-reparto-detras-de-la-pelicula-todas-las-mujeres-son-iguales-filmada-aqui-en-casa-de-campo\/#primaryimage"},"thumbnailUrl":"https:\/\/i0.wp.com\/casadecampoliving.com\/wp-content\/uploads\/2022\/10\/Screen-Shot-2017-08-02-at-4.09.09-PM.png?fit=1000%2C524&ssl=1","keywords":["Casa de Campo","grabaci\u00f3n","multiplaza la romana","pel\u00edcula","trailer"],"articleSection":["Celebridades","Eventos","M\u00e1s all\u00e1 de Casa","Noticias Locales","Proximamente","Rep\u00fablica Dominicana @es","Video","Video @es"],"inLanguage":"es"},{"@type":"WebPage","@id":"https:\/\/casadecampoliving.com\/es\/conoce-el-reparto-detras-de-la-pelicula-todas-las-mujeres-son-iguales-filmada-aqui-en-casa-de-campo\/","url":"https:\/\/casadecampoliving.com\/es\/conoce-el-reparto-detras-de-la-pelicula-todas-las-mujeres-son-iguales-filmada-aqui-en-casa-de-campo\/","name":"\u00a1Conoce el reparto detr\u00e1s de la pel\u00edcula \"Todas las Mujeres Son Iguales\" filmada aqu\u00ed en Casa de Campo! | Casa de Campo Living","isPartOf":{"@id":"https:\/\/casadecampoliving.com\/es\/#website"},"primaryImageOfPage":{"@id":"https:\/\/casadecampoliving.com\/es\/conoce-el-reparto-detras-de-la-pelicula-todas-las-mujeres-son-iguales-filmada-aqui-en-casa-de-campo\/#primaryimage"},"image":{"@id":"https:\/\/casadecampoliving.com\/es\/conoce-el-reparto-detras-de-la-pelicula-todas-las-mujeres-son-iguales-filmada-aqui-en-casa-de-campo\/#primaryimage"},"thumbnailUrl":"https:\/\/i0.wp.com\/casadecampoliving.com\/wp-content\/uploads\/2022\/10\/Screen-Shot-2017-08-02-at-4.09.09-PM.png?fit=1000%2C524&ssl=1","datePublished":"2017-08-02T04:00:00+00:00","dateModified":"2022-10-21T23:05:10+00:00","description":"\u00bfRecuerdas la pel\u00edcula que David Maler estaba rodando en Casa de Campo hace un par de meses? Bueno, el estreno ser\u00e1 este mes el 31 de agosto, \u00a1y parece","breadcrumb":{"@id":"https:\/\/casadecampoliving.com\/es\/conoce-el-reparto-detras-de-la-pelicula-todas-las-mujeres-son-iguales-filmada-aqui-en-casa-de-campo\/#breadcrumb"},"inLanguage":"es","potentialAction":[{"@type":"ReadAction","target":["https:\/\/casadecampoliving.com\/es\/conoce-el-reparto-detras-de-la-pelicula-todas-las-mujeres-son-iguales-filmada-aqui-en-casa-de-campo\/"]}]},{"@type":"ImageObject","inLanguage":"es","@id":"https:\/\/casadecampoliving.com\/es\/conoce-el-reparto-detras-de-la-pelicula-todas-las-mujeres-son-iguales-filmada-aqui-en-casa-de-campo\/#primaryimage","url":"https:\/\/i0.wp.com\/casadecampoliving.com\/wp-content\/uploads\/2022\/10\/Screen-Shot-2017-08-02-at-4.09.09-PM.png?fit=1000%2C524&ssl=1","contentUrl":"https:\/\/i0.wp.com\/casadecampoliving.com\/wp-content\/uploads\/2022\/10\/Screen-Shot-2017-08-02-at-4.09.09-PM.png?fit=1000%2C524&ssl=1","width":1000,"height":524},{"@type":"BreadcrumbList","@id":"https:\/\/casadecampoliving.com\/es\/conoce-el-reparto-detras-de-la-pelicula-todas-las-mujeres-son-iguales-filmada-aqui-en-casa-de-campo\/#breadcrumb","itemListElement":[{"@type":"ListItem","position":1,"name":"Home","item":"https:\/\/casadecampoliving.com\/es\/"},{"@type":"ListItem","position":2,"name":"\u00a1Conoce el reparto detr\u00e1s de la pel\u00edcula &#8220;Todas las Mujeres Son Iguales&#8221; filmada aqu\u00ed en Casa de Campo!"}]},{"@type":"WebSite","@id":"https:\/\/casadecampoliving.com\/es\/#website","url":"https:\/\/casadecampoliving.com\/es\/","name":"Casa de Campo Living","description":"Resort community news and resources.","publisher":{"@id":"https:\/\/casadecampoliving.com\/es\/#organization"},"potentialAction":[{"@type":"SearchAction","target":{"@type":"EntryPoint","urlTemplate":"https:\/\/casadecampoliving.com\/es\/?s={search_term_string}"},"query-input":{"@type":"PropertyValueSpecification","valueRequired":true,"valueName":"search_term_string"}}],"inLanguage":"es"},{"@type":"Organization","@id":"https:\/\/casadecampoliving.com\/es\/#organization","name":"Casa de Campo Living","url":"https:\/\/casadecampoliving.com\/es\/","logo":{"@type":"ImageObject","inLanguage":"es","@id":"https:\/\/casadecampoliving.com\/es\/#\/schema\/logo\/image\/","url":"https:\/\/i0.wp.com\/casadecampoliving.com\/wp-content\/uploads\/2022\/07\/CDCLivingLogo_V1-white-sized.png?fit=800%2C214&ssl=1","contentUrl":"https:\/\/i0.wp.com\/casadecampoliving.com\/wp-content\/uploads\/2022\/07\/CDCLivingLogo_V1-white-sized.png?fit=800%2C214&ssl=1","width":800,"height":214,"caption":"Casa de Campo Living"},"image":{"@id":"https:\/\/casadecampoliving.com\/es\/#\/schema\/logo\/image\/"},"sameAs":["https:\/\/www.facebook.com\/casadecampoliving","https:\/\/x.com\/cdcliving"]},{"@type":"Person","@id":"https:\/\/casadecampoliving.com\/es\/#\/schema\/person\/b6606bd87f9cec8f5903e2141cafda24","name":"Marlenys Guzm\u00e1n Casta\u00f1os","image":{"@type":"ImageObject","inLanguage":"es","@id":"https:\/\/secure.gravatar.com\/avatar\/72f3f86b8e6b3ec744201aeadf11d4a6055e8af194aecd9ad30ffff4437878ee?s=96&d=mm&r=g","url":"https:\/\/secure.gravatar.com\/avatar\/72f3f86b8e6b3ec744201aeadf11d4a6055e8af194aecd9ad30ffff4437878ee?s=96&d=mm&r=g","contentUrl":"https:\/\/secure.gravatar.com\/avatar\/72f3f86b8e6b3ec744201aeadf11d4a6055e8af194aecd9ad30ffff4437878ee?s=96&d=mm&r=g","caption":"Marlenys Guzm\u00e1n Casta\u00f1os"},"url":"https:\/\/casadecampoliving.com\/es\/author\/mguzman\/"}]}},"parsely":{"version":"1.1.0","canonical_url":"https:\/\/casadecampoliving.com\/es\/conoce-el-reparto-detras-de-la-pelicula-todas-las-mujeres-son-iguales-filmada-aqui-en-casa-de-campo\/","smart_links":{"inbound":0,"outbound":0},"traffic_boost_suggestions_count":0,"meta":{"@context":"https:\/\/schema.org","@type":"NewsArticle","headline":"\u00a1Conoce el reparto detr\u00e1s de la pel\u00edcula \u00abTodas las Mujeres Son Iguales\u00bb filmada aqu\u00ed en Casa de Campo!","url":"http:\/\/casadecampoliving.com\/es\/conoce-el-reparto-detras-de-la-pelicula-todas-las-mujeres-son-iguales-filmada-aqui-en-casa-de-campo\/","mainEntityOfPage":{"@type":"WebPage","@id":"http:\/\/casadecampoliving.com\/es\/conoce-el-reparto-detras-de-la-pelicula-todas-las-mujeres-son-iguales-filmada-aqui-en-casa-de-campo\/"},"thumbnailUrl":"https:\/\/i0.wp.com\/casadecampoliving.com\/wp-content\/uploads\/2022\/10\/Screen-Shot-2017-08-02-at-4.09.09-PM.png?resize=150%2C150&ssl=1","image":{"@type":"ImageObject","url":"https:\/\/i0.wp.com\/casadecampoliving.com\/wp-content\/uploads\/2022\/10\/Screen-Shot-2017-08-02-at-4.09.09-PM.png?fit=1000%2C524&ssl=1"},"articleSection":"Celebridades","author":[{"@type":"Person","name":"Marlenys Guzm\u00e1n Casta\u00f1os"}],"creator":["Marlenys Guzm\u00e1n Casta\u00f1os"],"publisher":{"@type":"Organization","name":"Casa de Campo Living","logo":"https:\/\/casadecampoliving.com\/wp-content\/uploads\/2022\/07\/CDCLivingLogo_V1-white-sized.png"},"keywords":["casa de campo","grabaci\u00f3n","multiplaza la romana","pel\u00edcula","trailer"],"dateCreated":"2017-08-02T04:00:00Z","datePublished":"2017-08-02T04:00:00Z","dateModified":"2022-10-21T23:05:10Z"},"rendered":"<script type=\"application\/ld+json\" class=\"wp-parsely-metadata\">{\"@context\":\"https:\\\/\\\/schema.org\",\"@type\":\"NewsArticle\",\"headline\":\"\\u00a1Conoce el reparto detr\\u00e1s de la pel\\u00edcula \\u00abTodas las Mujeres Son Iguales\\u00bb filmada aqu\\u00ed en Casa de Campo!\",\"url\":\"http:\\\/\\\/casadecampoliving.com\\\/es\\\/conoce-el-reparto-detras-de-la-pelicula-todas-las-mujeres-son-iguales-filmada-aqui-en-casa-de-campo\\\/\",\"mainEntityOfPage\":{\"@type\":\"WebPage\",\"@id\":\"http:\\\/\\\/casadecampoliving.com\\\/es\\\/conoce-el-reparto-detras-de-la-pelicula-todas-las-mujeres-son-iguales-filmada-aqui-en-casa-de-campo\\\/\"},\"thumbnailUrl\":\"https:\\\/\\\/i0.wp.com\\\/casadecampoliving.com\\\/wp-content\\\/uploads\\\/2022\\\/10\\\/Screen-Shot-2017-08-02-at-4.09.09-PM.png?resize=150%2C150&ssl=1\",\"image\":{\"@type\":\"ImageObject\",\"url\":\"https:\\\/\\\/i0.wp.com\\\/casadecampoliving.com\\\/wp-content\\\/uploads\\\/2022\\\/10\\\/Screen-Shot-2017-08-02-at-4.09.09-PM.png?fit=1000%2C524&ssl=1\"},\"articleSection\":\"Celebridades\",\"author\":[{\"@type\":\"Person\",\"name\":\"Marlenys Guzm\\u00e1n Casta\\u00f1os\"}],\"creator\":[\"Marlenys Guzm\\u00e1n Casta\\u00f1os\"],\"publisher\":{\"@type\":\"Organization\",\"name\":\"Casa de Campo Living\",\"logo\":\"https:\\\/\\\/casadecampoliving.com\\\/wp-content\\\/uploads\\\/2022\\\/07\\\/CDCLivingLogo_V1-white-sized.png\"},\"keywords\":[\"casa de campo\",\"grabaci\\u00f3n\",\"multiplaza la romana\",\"pel\\u00edcula\",\"trailer\"],\"dateCreated\":\"2017-08-02T04:00:00Z\",\"datePublished\":\"2017-08-02T04:00:00Z\",\"dateModified\":\"2022-10-21T23:05:10Z\"}<\/script>","tracker_url":"https:\/\/cdn.parsely.com\/keys\/casadecampoliving.com\/p.js"},"jetpack_publicize_connections":[],"jetpack_featured_media_url":"https:\/\/i0.wp.com\/casadecampoliving.com\/wp-content\/uploads\/2022\/10\/Screen-Shot-2017-08-02-at-4.09.09-PM.png?fit=1000%2C524&ssl=1","jetpack-related-posts":[{"id":433460,"url":"https:\/\/casadecampoliving.com\/es\/no-se-pierdan-el-increible-tributo-a-frank-sinatra-para-celebrar-el-40-aniversario-del-anfiteatro-altos-de-chavon\/","url_meta":{"origin":351791,"position":0},"title":"No se pierdan el incre\u00edble tributo a Frank Sinatra para celebrar el 40 aniversario del\u00a0Anfiteatro Altos de Chav\u00f3n","author":"Casa de Campo Living","date":"20 Oct, 2022","format":false,"excerpt":"Siendo uno de los escenarios m\u00e1s emblem\u00e1ticos del pa\u00eds, Casa de Campo Resort\u00ae & Villas celebra las cuatro d\u00e9cadas de aniversario de Altos de Chav\u00f3n con un tributo al gran Frank Sinatra, protagonizado por artistas invitados y una big band tal cual la que acompa\u00f1\u00f3 al artista hace 40 a\u00f1os\u2026","rel":"","context":"En \u00abUncategorized @es\u00bb","block_context":{"text":"Uncategorized @es","link":"https:\/\/casadecampoliving.com\/es\/category\/uncategorized-es\/"},"img":{"alt_text":"","src":"https:\/\/i0.wp.com\/casadecampoliving.com\/wp-content\/uploads\/2022\/10\/Tributo-Frank-Sinatra-Foto-Principal-Amaury-Sanchez-Danilo-Ginebra-Andres-Pichardo-y-Jose-Gabriel-Perez-.jpg?fit=1200%2C873&ssl=1&resize=350%2C200","width":350,"height":200,"srcset":"https:\/\/i0.wp.com\/casadecampoliving.com\/wp-content\/uploads\/2022\/10\/Tributo-Frank-Sinatra-Foto-Principal-Amaury-Sanchez-Danilo-Ginebra-Andres-Pichardo-y-Jose-Gabriel-Perez-.jpg?fit=1200%2C873&ssl=1&resize=350%2C200 1x, https:\/\/i0.wp.com\/casadecampoliving.com\/wp-content\/uploads\/2022\/10\/Tributo-Frank-Sinatra-Foto-Principal-Amaury-Sanchez-Danilo-Ginebra-Andres-Pichardo-y-Jose-Gabriel-Perez-.jpg?fit=1200%2C873&ssl=1&resize=525%2C300 1.5x, https:\/\/i0.wp.com\/casadecampoliving.com\/wp-content\/uploads\/2022\/10\/Tributo-Frank-Sinatra-Foto-Principal-Amaury-Sanchez-Danilo-Ginebra-Andres-Pichardo-y-Jose-Gabriel-Perez-.jpg?fit=1200%2C873&ssl=1&resize=700%2C400 2x, https:\/\/i0.wp.com\/casadecampoliving.com\/wp-content\/uploads\/2022\/10\/Tributo-Frank-Sinatra-Foto-Principal-Amaury-Sanchez-Danilo-Ginebra-Andres-Pichardo-y-Jose-Gabriel-Perez-.jpg?fit=1200%2C873&ssl=1&resize=1050%2C600 3x"},"classes":[]},{"id":352824,"url":"https:\/\/casadecampoliving.com\/es\/cartelera-de-peliculas-16-22-de-agosto\/","url_meta":{"origin":351791,"position":1},"title":"Cartelera de pel\u00edculas: 16 &#8211; 22 de agosto","author":"Casa de Campo Living","date":"15 Ago, 2018","format":false,"excerpt":"No hay nada como sentarse con palomitas de ma\u00edz y una buena pel\u00edcula para disfrutar solo, con alguien especial o con amigos y familiares. Dada nuestra pasi\u00f3n por las pel\u00edculas, presentamos con orgullo un resumen de los nuevos estrenos de esta semana, de lo que todav\u00eda se proyecta y lo\u2026","rel":"","context":"En \u00abCine @es\u00bb","block_context":{"text":"Cine @es","link":"https:\/\/casadecampoliving.com\/es\/category\/cine-3\/"},"img":{"alt_text":"","src":"","width":0,"height":0},"classes":[]},{"id":353055,"url":"https:\/\/casadecampoliving.com\/es\/cartelera-de-peliculas-13-19-de-diciembre\/","url_meta":{"origin":351791,"position":2},"title":"Cartelera de pel\u00edculas: 13-19 de diciembre","author":"Casa de Campo Living","date":"13 Dic, 2018","format":false,"excerpt":"No hay nada como sentarse con palomitas de ma\u00edz y una buena pel\u00edcula para disfrutar solo, con alguien especial o con amigos y familiares. Dada nuestra pasi\u00f3n por las pel\u00edculas, presentamos con orgullo un resumen de los nuevos estrenos de esta semana, de lo que todav\u00eda se proyecta y lo\u2026","rel":"","context":"En \u00abCine @es\u00bb","block_context":{"text":"Cine @es","link":"https:\/\/casadecampoliving.com\/es\/category\/cine-3\/"},"img":{"alt_text":"","src":"","width":0,"height":0},"classes":[]},{"id":352837,"url":"https:\/\/casadecampoliving.com\/es\/cartelera-de-peliculas-23-29-de-agosto\/","url_meta":{"origin":351791,"position":3},"title":"Cartelera de pel\u00edculas: 23 &#8211; 29 de agosto","author":"Casa de Campo Living","date":"22 Ago, 2018","format":false,"excerpt":"No hay nada como sentarse con palomitas de ma\u00edz y una buena pel\u00edcula para disfrutar solo, con alguien especial o con amigos y familiares. Dada nuestra pasi\u00f3n por las pel\u00edculas, presentamos con orgullo un resumen de los nuevos estrenos de esta semana, de lo que todav\u00eda se proyecta y lo\u2026","rel":"","context":"En \u00abCine @es\u00bb","block_context":{"text":"Cine @es","link":"https:\/\/casadecampoliving.com\/es\/category\/cine-3\/"},"img":{"alt_text":"","src":"","width":0,"height":0},"classes":[]},{"id":352921,"url":"https:\/\/casadecampoliving.com\/es\/cartelera-de-peliculas-4-10-de-octubre\/","url_meta":{"origin":351791,"position":4},"title":"Cartelera de pel\u00edculas: 4-10 de octubre","author":"Casa de Campo Living","date":"4 Oct, 2018","format":false,"excerpt":"No hay nada como sentarse con palomitas de ma\u00edz y una buena pel\u00edcula para disfrutar solo, con alguien especial o con amigos y familiares. Dada nuestra pasi\u00f3n por las pel\u00edculas, presentamos con orgullo un resumen de los nuevos estrenos de esta semana, de lo que todav\u00eda se proyecta y lo\u2026","rel":"","context":"En \u00abCine @es\u00bb","block_context":{"text":"Cine @es","link":"https:\/\/casadecampoliving.com\/es\/category\/cine-3\/"},"img":{"alt_text":"","src":"","width":0,"height":0},"classes":[]},{"id":353600,"url":"https:\/\/casadecampoliving.com\/es\/cartelera-de-peliculas-7-13-de-noviembre\/","url_meta":{"origin":351791,"position":5},"title":"Cartelera de pel\u00edculas: 7 -13 de noviembre","author":"Casa de Campo Living","date":"8 Nov, 2019","format":false,"excerpt":"No hay nada como sentarse con palomitas de ma\u00edz y una buena pel\u00edcula para disfrutar solo, con alguien especial o con amigos y familiares. Dada nuestra pasi\u00f3n por las pel\u00edculas, presentamos con orgullo un resumen de los nuevos estrenos de esta semana, de lo que todav\u00eda se proyecta y lo\u2026","rel":"","context":"En \u00abCine @es\u00bb","block_context":{"text":"Cine @es","link":"https:\/\/casadecampoliving.com\/es\/category\/cine-3\/"},"img":{"alt_text":"","src":"","width":0,"height":0},"classes":[]}],"jetpack_sharing_enabled":true,"_links":{"self":[{"href":"https:\/\/casadecampoliving.com\/es\/wp-json\/wp\/v2\/posts\/351791","targetHints":{"allow":["GET"]}}],"collection":[{"href":"https:\/\/casadecampoliving.com\/es\/wp-json\/wp\/v2\/posts"}],"about":[{"href":"https:\/\/casadecampoliving.com\/es\/wp-json\/wp\/v2\/types\/post"}],"author":[{"embeddable":true,"href":"https:\/\/casadecampoliving.com\/es\/wp-json\/wp\/v2\/users\/36682"}],"replies":[{"embeddable":true,"href":"https:\/\/casadecampoliving.com\/es\/wp-json\/wp\/v2\/comments?post=351791"}],"version-history":[{"count":1,"href":"https:\/\/casadecampoliving.com\/es\/wp-json\/wp\/v2\/posts\/351791\/revisions"}],"predecessor-version":[{"id":351792,"href":"https:\/\/casadecampoliving.com\/es\/wp-json\/wp\/v2\/posts\/351791\/revisions\/351792"}],"wp:featuredmedia":[{"embeddable":true,"href":"https:\/\/casadecampoliving.com\/es\/wp-json\/wp\/v2\/media\/306715"}],"wp:attachment":[{"href":"https:\/\/casadecampoliving.com\/es\/wp-json\/wp\/v2\/media?parent=351791"}],"wp:term":[{"taxonomy":"category","embeddable":true,"href":"https:\/\/casadecampoliving.com\/es\/wp-json\/wp\/v2\/categories?post=351791"},{"taxonomy":"post_tag","embeddable":true,"href":"https:\/\/casadecampoliving.com\/es\/wp-json\/wp\/v2\/tags?post=351791"},{"taxonomy":"newspack_spnsrs_tax","embeddable":true,"href":"https:\/\/casadecampoliving.com\/es\/wp-json\/wp\/v2\/newspack_spnsrs_tax?post=351791"}],"curies":[{"name":"wp","href":"https:\/\/api.w.org\/{rel}","templated":true}]}}