{"id":351769,"date":"2017-07-27T00:00:00","date_gmt":"2017-07-27T04:00:00","guid":{"rendered":"https:\/\/casadecampoliving.com\/venezolanos-en-el-mundo-colectiva-de-arte-en-santo-domingo\/"},"modified":"2022-11-10T10:42:12","modified_gmt":"2022-11-10T14:42:12","slug":"venezolanos-en-el-mundo-colectiva-de-arte-en-santo-domingo","status":"publish","type":"post","link":"https:\/\/casadecampoliving.com\/es\/venezolanos-en-el-mundo-colectiva-de-arte-en-santo-domingo\/","title":{"rendered":"\u201cVenezolanos en el Mundo\u201d: Colectiva de arte en Santo Domingo"},"content":{"rendered":"Durante un c\u00f3ctel que aglutin\u00f3 a la clase de artistas pl\u00e1sticos dominicanos, comunicadores, empresarios y los principales medios de comunicaci\u00f3n de la ciudad, la Fundaci\u00f3nn De Valle y ART. Gallery abre sus puertas a la colectiva \u201cVenezolanos en el Mundo\u201d a partir del 20 de julio y hasta el 20 de octubre, estar\u00e1 abierta al publico lo que sera una muestra de arte curada como expresi\u00f3n colectiva que representa una nueva actividad, esp\u00edritu, tiempo y renacimiento del arte, la literatura y el aprendizaje en la era post-Ch\u00e1vez, alrededor del 2013, el r\u00e9gimen de Maduro comenz\u00f3 a marcar la existencia de Venezuela en el mundo moderno; su dictadura, represi\u00f3n y violencia ha creado lo que considero \u201cEl Renacimiento de Venezuela\u201d.<!--more-->\n\n<img data-recalc-dims=\"1\" loading=\"lazy\" decoding=\"async\" class=\"aligncenter size-full wp-image-144749\" src=\"https:\/\/i0.wp.com\/casadecampoliving.com\/wp-content\/uploads\/2022\/10\/VenezolanosEnElMundo_1-5470-1.jpg?resize=1000%2C800&#038;ssl=1\" alt=\"\" width=\"1000\" height=\"800\">\n\nEs un nuevo espacio en el tiempo donde la subcultura es la verdadera cultura venezolana. Han surgido nuevas expresiones en el arte, para leer y aprender sobre lo que es Venezuela y tal vez lo que nunca ser\u00e1, en esta ocasi\u00f3n nos acompa\u00f1an los siguientes artistas:\n\n<strong>Daniel Sanseveiro,<\/strong> nacido en Caracas en el 1978, Licenciado en Administraci\u00f3n de Empresas de Dise\u00f1o, cuenta con estudios de ilustraci\u00f3n en el Centro de Aerograf\u00eda Air Brush Studio Color, realizaci\u00f3n de Talleres de Orfebrer\u00eda en el Centro Cultural Corp. Banca, curso de esculturas con papel mach\u00e9, dictado por el artista Lu\u00eds Jim\u00e9nez. Realizaci\u00f3n del Curso de t\u00e9cnicas del Comics, en la Universidad Cat\u00f3lica Andes Bello, de taller de dibujo de la gura humana, con el maestro Abilio Padr\u00f3n, en el MBA y estudios en el taller de Sismara Ochoa.\n\n<strong>Migdalia Salazar,<\/strong> nacida en Caracas y actualmente residente en Miami, estudi\u00f3 Ingenier\u00eda Civil y Arquitectura &#8211; Nivel T\u00e9cnico. Realiz\u00f3 estudios de pintura en su ciudad natal y dise\u00f1o de moda en Mil\u00e1n y Londres. Durante los \u00faltimos 11 a\u00f1os ha estudiado fotograf\u00eda en diferentes ciudades alrededor del mundo.\n\n<img data-recalc-dims=\"1\" loading=\"lazy\" decoding=\"async\" class=\"aligncenter size-full wp-image-144753\" src=\"https:\/\/i0.wp.com\/casadecampoliving.com\/wp-content\/uploads\/2022\/10\/VenezolanosEnElMundo_3-6451-copia.jpg?resize=1000%2C800&#038;ssl=1\" alt=\"\" width=\"1000\" height=\"800\">\n\n<strong>Miguel Grillo,<\/strong> nacido en Caracas el 13 de diciembre de 1983, Arquitecto, egresado de la Facultad de Arquitectura y Urbanismo, Universidad Central de Venezuela y fundador del movimiento art\u00edstico en la Facultad de Arquitectura y Urbanismo de la Universidad Central de Venezuela, FAUHAUS. Productor de la base fotogr\u00e1fica y audiovisual para las obras del artista pl\u00e1stico Pancho Quilici, en la exposici\u00f3n TRAS CARACAS, 2009 en La Torre de la Previsora, Fundaci\u00f3nn La Previsora.\n\n<strong>Ram\u00f3n Aular<\/strong>, nacido en Valencia en el 1979, el Arte ha sido su pasi\u00f3n desde el principio cuando a muy corta edad conoci\u00f3 el trabajo de Salvador Dal\u00ed y Oswaldo Guayasam\u00edn. Sus padres coleccionaban obra de ambos maestros y Ram\u00f3n fue inspirado por sus colores, sus detalles y sus dimensiones. Ram\u00f3n se gradu\u00f3 como Artista Visual en la Universidad Crist\u00f3bal Rojas en Caracas y tambi\u00e9n como Dise\u00f1ador Gr\u00e1fico en el Instituto Venezolano de Dise\u00f1o. Once a\u00f1os despu\u00e9s\u00e9s Ram\u00f3n se mud\u00f3 a Miami y comenz\u00f3 a trabajar directamente con el artista mundialmente famoso Romero Britto. Ram\u00f3n ha viajado el mundo y colaborado con Britto en la creaci\u00f3n e varios proyectos que incluye la instalaci\u00f3n del Hyde Park de Londres del 2007.\n\n<img data-recalc-dims=\"1\" loading=\"lazy\" decoding=\"async\" class=\"aligncenter size-full wp-image-144750\" src=\"https:\/\/i0.wp.com\/casadecampoliving.com\/wp-content\/uploads\/2022\/10\/VenezolanosEnElMundo_1-5585-1.jpg?resize=1000%2C800&#038;ssl=1\" alt=\"\" width=\"1000\" height=\"800\">\n\n<strong>\u201cCon este colectivo, apunte a curar una colecci\u00f3n de artistas viviendo y trabajando dentro y fuera de Venezuela y c\u00f3mo no importa el estado actual de las cosas, la pasi\u00f3n contin\u00faa a \u201cPatriot\u201d y a promover el lado creativo de Venezuela\u201d &#8211; Sr. Edward De Valle II.<\/strong>\n\nLa guerra civil venezolana de 2017, que explot\u00f3 en el primer movimiento real para la gran mayor\u00eda, se est\u00e1 apoderando de lo que podr\u00eda traer el ma\u00f1ana, incluso a expensas de la vida de muchos adultos j\u00f3venes, cuya libertad ha sido considerada como imposible, a menos que su pasi\u00f3n se entreteja con la violencia expresada. Durante la inauguraci\u00f3n de la colectiva se proyecto \u201cLa Reconciliaci\u00f3n\u201d del artista Ailing Zubizarreta, un micro documental de car\u00e1cter experimental que narra, en t\u00e9rminos eminentemente visuales, aurales y musicales, la evoluci\u00f3n de los acontecimientos pol\u00edticos en Venezuela. \u201cLa Reconciliaci\u00f3n\u201d de manera expresiva presenta los hechos sin intervenci\u00f3n de locuci\u00f3n o moderador, dejando la narraci\u00f3n a im\u00e1genes documentales reales condicionadas con un ritmo de edici\u00f3n y m\u00fasica que apela a lo emocional. Es una denuncia a la brutal opresi\u00f3n que vive el pueblo venezolano y una apolog\u00eda la lucha de cientos de j\u00f3venes valientes que luchan por la libertad.\n\n<strong>Ailing Zubizarreta<\/strong>, nacida en La Habana Cuba en 1974, criada en Caracas Venezuela y Miami, es Directora Creativa Ejecutiva con m\u00e1s de 20 a\u00f1os en la industria de televisi\u00f3n y publicidad. Sus trabajos han abarcado cuentas como Coca Cola, Nissan, Nike, Disney, In nity, Toys, y ha trabajado para empresas como Viacom, Sinclair group y Univisi\u00f3n entre muchos otros.\n\n&nbsp;\n\nVea a continuaci\u00f3n una galer\u00eda de fotograf\u00edas tomadas durante la inauguraci\u00f3n de la exposici\u00f3n en ART. &nbsp;Santo Domingo el 19 de julio de 2017:\n\n\n<figure class=\"wp-block-gallery has-nested-images columns-default is-cropped wp-block-gallery-1 is-layout-flex wp-block-gallery-is-layout-flex\">\n<figure class=\"wp-block-image size-large\"><img data-recalc-dims=\"1\" loading=\"lazy\" decoding=\"async\" width=\"1000\" height=\"667\" data-id=\"485057\" src=\"https:\/\/i0.wp.com\/casadecampoliving.com\/wp-content\/uploads\/2022\/10\/VenezolanosEnElMundo_1-5450.jpg?resize=1000%2C667&#038;ssl=1\" alt=\"\" class=\"wp-image-485057\" srcset=\"https:\/\/i0.wp.com\/casadecampoliving.com\/wp-content\/uploads\/2022\/10\/VenezolanosEnElMundo_1-5450.jpg?w=1000&amp;ssl=1 1000w, https:\/\/i0.wp.com\/casadecampoliving.com\/wp-content\/uploads\/2022\/10\/VenezolanosEnElMundo_1-5450.jpg?resize=300%2C200&amp;ssl=1 300w, https:\/\/i0.wp.com\/casadecampoliving.com\/wp-content\/uploads\/2022\/10\/VenezolanosEnElMundo_1-5450.jpg?resize=768%2C512&amp;ssl=1 768w, https:\/\/i0.wp.com\/casadecampoliving.com\/wp-content\/uploads\/2022\/10\/VenezolanosEnElMundo_1-5450.jpg?resize=400%2C267&amp;ssl=1 400w, https:\/\/i0.wp.com\/casadecampoliving.com\/wp-content\/uploads\/2022\/10\/VenezolanosEnElMundo_1-5450.jpg?resize=706%2C471&amp;ssl=1 706w, https:\/\/i0.wp.com\/casadecampoliving.com\/wp-content\/uploads\/2022\/10\/VenezolanosEnElMundo_1-5450.jpg?resize=150%2C100&amp;ssl=1 150w, https:\/\/i0.wp.com\/casadecampoliving.com\/wp-content\/uploads\/2022\/10\/VenezolanosEnElMundo_1-5450.jpg?w=370&amp;ssl=1 370w\" sizes=\"auto, (max-width: 1000px) 100vw, 1000px\" \/><\/figure>\n\n\n\n<figure class=\"wp-block-image size-large\"><img data-recalc-dims=\"1\" loading=\"lazy\" decoding=\"async\" width=\"1000\" height=\"800\" data-id=\"485065\" src=\"https:\/\/i0.wp.com\/casadecampoliving.com\/wp-content\/uploads\/2022\/10\/VenezolanosEnElMundo_1-5461.jpg?resize=1000%2C800&#038;ssl=1\" alt=\"\" class=\"wp-image-485065\" srcset=\"https:\/\/i0.wp.com\/casadecampoliving.com\/wp-content\/uploads\/2022\/10\/VenezolanosEnElMundo_1-5461.jpg?w=1000&amp;ssl=1 1000w, https:\/\/i0.wp.com\/casadecampoliving.com\/wp-content\/uploads\/2022\/10\/VenezolanosEnElMundo_1-5461.jpg?resize=300%2C240&amp;ssl=1 300w, https:\/\/i0.wp.com\/casadecampoliving.com\/wp-content\/uploads\/2022\/10\/VenezolanosEnElMundo_1-5461.jpg?resize=768%2C614&amp;ssl=1 768w, https:\/\/i0.wp.com\/casadecampoliving.com\/wp-content\/uploads\/2022\/10\/VenezolanosEnElMundo_1-5461.jpg?resize=400%2C320&amp;ssl=1 400w, https:\/\/i0.wp.com\/casadecampoliving.com\/wp-content\/uploads\/2022\/10\/VenezolanosEnElMundo_1-5461.jpg?resize=706%2C565&amp;ssl=1 706w, https:\/\/i0.wp.com\/casadecampoliving.com\/wp-content\/uploads\/2022\/10\/VenezolanosEnElMundo_1-5461.jpg?resize=150%2C120&amp;ssl=1 150w, https:\/\/i0.wp.com\/casadecampoliving.com\/wp-content\/uploads\/2022\/10\/VenezolanosEnElMundo_1-5461.jpg?w=370&amp;ssl=1 370w\" sizes=\"auto, (max-width: 1000px) 100vw, 1000px\" \/><\/figure>\n\n\n\n<figure class=\"wp-block-image size-large\"><img data-recalc-dims=\"1\" loading=\"lazy\" decoding=\"async\" width=\"714\" height=\"1000\" data-id=\"485072\" src=\"https:\/\/i0.wp.com\/casadecampoliving.com\/wp-content\/uploads\/2022\/10\/VenezolanosEnElMundo_1-5491.jpg?resize=714%2C1000&#038;ssl=1\" alt=\"\" class=\"wp-image-485072\" srcset=\"https:\/\/i0.wp.com\/casadecampoliving.com\/wp-content\/uploads\/2022\/10\/VenezolanosEnElMundo_1-5491.jpg?w=714&amp;ssl=1 714w, https:\/\/i0.wp.com\/casadecampoliving.com\/wp-content\/uploads\/2022\/10\/VenezolanosEnElMundo_1-5491.jpg?resize=214%2C300&amp;ssl=1 214w, https:\/\/i0.wp.com\/casadecampoliving.com\/wp-content\/uploads\/2022\/10\/VenezolanosEnElMundo_1-5491.jpg?resize=400%2C560&amp;ssl=1 400w, https:\/\/i0.wp.com\/casadecampoliving.com\/wp-content\/uploads\/2022\/10\/VenezolanosEnElMundo_1-5491.jpg?resize=706%2C989&amp;ssl=1 706w, https:\/\/i0.wp.com\/casadecampoliving.com\/wp-content\/uploads\/2022\/10\/VenezolanosEnElMundo_1-5491.jpg?resize=150%2C210&amp;ssl=1 150w, https:\/\/i0.wp.com\/casadecampoliving.com\/wp-content\/uploads\/2022\/10\/VenezolanosEnElMundo_1-5491.jpg?w=370&amp;ssl=1 370w\" sizes=\"auto, (max-width: 714px) 100vw, 714px\" \/><\/figure>\n\n\n\n<figure class=\"wp-block-image size-large\"><img data-recalc-dims=\"1\" loading=\"lazy\" decoding=\"async\" width=\"1000\" height=\"800\" data-id=\"485080\" src=\"https:\/\/i0.wp.com\/casadecampoliving.com\/wp-content\/uploads\/2022\/10\/VenezolanosEnElMundo_1-5497.jpg?resize=1000%2C800&#038;ssl=1\" alt=\"\" class=\"wp-image-485080\" srcset=\"https:\/\/i0.wp.com\/casadecampoliving.com\/wp-content\/uploads\/2022\/10\/VenezolanosEnElMundo_1-5497.jpg?w=1000&amp;ssl=1 1000w, https:\/\/i0.wp.com\/casadecampoliving.com\/wp-content\/uploads\/2022\/10\/VenezolanosEnElMundo_1-5497.jpg?resize=300%2C240&amp;ssl=1 300w, https:\/\/i0.wp.com\/casadecampoliving.com\/wp-content\/uploads\/2022\/10\/VenezolanosEnElMundo_1-5497.jpg?resize=768%2C614&amp;ssl=1 768w, https:\/\/i0.wp.com\/casadecampoliving.com\/wp-content\/uploads\/2022\/10\/VenezolanosEnElMundo_1-5497.jpg?resize=400%2C320&amp;ssl=1 400w, https:\/\/i0.wp.com\/casadecampoliving.com\/wp-content\/uploads\/2022\/10\/VenezolanosEnElMundo_1-5497.jpg?resize=706%2C565&amp;ssl=1 706w, https:\/\/i0.wp.com\/casadecampoliving.com\/wp-content\/uploads\/2022\/10\/VenezolanosEnElMundo_1-5497.jpg?resize=150%2C120&amp;ssl=1 150w, https:\/\/i0.wp.com\/casadecampoliving.com\/wp-content\/uploads\/2022\/10\/VenezolanosEnElMundo_1-5497.jpg?w=370&amp;ssl=1 370w\" sizes=\"auto, (max-width: 1000px) 100vw, 1000px\" \/><\/figure>\n\n\n\n<figure class=\"wp-block-image size-large\"><img data-recalc-dims=\"1\" loading=\"lazy\" decoding=\"async\" width=\"1000\" height=\"800\" data-id=\"485088\" src=\"https:\/\/i0.wp.com\/casadecampoliving.com\/wp-content\/uploads\/2022\/10\/VenezolanosEnElMundo_1-5510.jpg?resize=1000%2C800&#038;ssl=1\" alt=\"\" class=\"wp-image-485088\" srcset=\"https:\/\/i0.wp.com\/casadecampoliving.com\/wp-content\/uploads\/2022\/10\/VenezolanosEnElMundo_1-5510.jpg?w=1000&amp;ssl=1 1000w, https:\/\/i0.wp.com\/casadecampoliving.com\/wp-content\/uploads\/2022\/10\/VenezolanosEnElMundo_1-5510.jpg?resize=300%2C240&amp;ssl=1 300w, https:\/\/i0.wp.com\/casadecampoliving.com\/wp-content\/uploads\/2022\/10\/VenezolanosEnElMundo_1-5510.jpg?resize=768%2C614&amp;ssl=1 768w, https:\/\/i0.wp.com\/casadecampoliving.com\/wp-content\/uploads\/2022\/10\/VenezolanosEnElMundo_1-5510.jpg?resize=400%2C320&amp;ssl=1 400w, https:\/\/i0.wp.com\/casadecampoliving.com\/wp-content\/uploads\/2022\/10\/VenezolanosEnElMundo_1-5510.jpg?resize=706%2C565&amp;ssl=1 706w, https:\/\/i0.wp.com\/casadecampoliving.com\/wp-content\/uploads\/2022\/10\/VenezolanosEnElMundo_1-5510.jpg?resize=150%2C120&amp;ssl=1 150w, https:\/\/i0.wp.com\/casadecampoliving.com\/wp-content\/uploads\/2022\/10\/VenezolanosEnElMundo_1-5510.jpg?w=370&amp;ssl=1 370w\" sizes=\"auto, (max-width: 1000px) 100vw, 1000px\" \/><\/figure>\n\n\n\n<figure class=\"wp-block-image size-large\"><img data-recalc-dims=\"1\" loading=\"lazy\" decoding=\"async\" width=\"1000\" height=\"800\" data-id=\"485095\" src=\"https:\/\/i0.wp.com\/casadecampoliving.com\/wp-content\/uploads\/2022\/10\/VenezolanosEnElMundo_1-5546.jpg?resize=1000%2C800&#038;ssl=1\" alt=\"\" class=\"wp-image-485095\" srcset=\"https:\/\/i0.wp.com\/casadecampoliving.com\/wp-content\/uploads\/2022\/10\/VenezolanosEnElMundo_1-5546.jpg?w=1000&amp;ssl=1 1000w, https:\/\/i0.wp.com\/casadecampoliving.com\/wp-content\/uploads\/2022\/10\/VenezolanosEnElMundo_1-5546.jpg?resize=300%2C240&amp;ssl=1 300w, https:\/\/i0.wp.com\/casadecampoliving.com\/wp-content\/uploads\/2022\/10\/VenezolanosEnElMundo_1-5546.jpg?resize=768%2C614&amp;ssl=1 768w, https:\/\/i0.wp.com\/casadecampoliving.com\/wp-content\/uploads\/2022\/10\/VenezolanosEnElMundo_1-5546.jpg?resize=400%2C320&amp;ssl=1 400w, https:\/\/i0.wp.com\/casadecampoliving.com\/wp-content\/uploads\/2022\/10\/VenezolanosEnElMundo_1-5546.jpg?resize=706%2C565&amp;ssl=1 706w, https:\/\/i0.wp.com\/casadecampoliving.com\/wp-content\/uploads\/2022\/10\/VenezolanosEnElMundo_1-5546.jpg?resize=150%2C120&amp;ssl=1 150w, https:\/\/i0.wp.com\/casadecampoliving.com\/wp-content\/uploads\/2022\/10\/VenezolanosEnElMundo_1-5546.jpg?w=370&amp;ssl=1 370w\" sizes=\"auto, (max-width: 1000px) 100vw, 1000px\" \/><\/figure>\n\n\n\n<figure class=\"wp-block-image size-large\"><img data-recalc-dims=\"1\" loading=\"lazy\" decoding=\"async\" width=\"1000\" height=\"800\" data-id=\"485104\" src=\"https:\/\/i0.wp.com\/casadecampoliving.com\/wp-content\/uploads\/2022\/10\/VenezolanosEnElMundo_1-5586.jpg?resize=1000%2C800&#038;ssl=1\" alt=\"\" class=\"wp-image-485104\" srcset=\"https:\/\/i0.wp.com\/casadecampoliving.com\/wp-content\/uploads\/2022\/10\/VenezolanosEnElMundo_1-5586.jpg?w=1000&amp;ssl=1 1000w, https:\/\/i0.wp.com\/casadecampoliving.com\/wp-content\/uploads\/2022\/10\/VenezolanosEnElMundo_1-5586.jpg?resize=300%2C240&amp;ssl=1 300w, https:\/\/i0.wp.com\/casadecampoliving.com\/wp-content\/uploads\/2022\/10\/VenezolanosEnElMundo_1-5586.jpg?resize=768%2C614&amp;ssl=1 768w, https:\/\/i0.wp.com\/casadecampoliving.com\/wp-content\/uploads\/2022\/10\/VenezolanosEnElMundo_1-5586.jpg?resize=400%2C320&amp;ssl=1 400w, https:\/\/i0.wp.com\/casadecampoliving.com\/wp-content\/uploads\/2022\/10\/VenezolanosEnElMundo_1-5586.jpg?resize=706%2C565&amp;ssl=1 706w, https:\/\/i0.wp.com\/casadecampoliving.com\/wp-content\/uploads\/2022\/10\/VenezolanosEnElMundo_1-5586.jpg?resize=150%2C120&amp;ssl=1 150w, https:\/\/i0.wp.com\/casadecampoliving.com\/wp-content\/uploads\/2022\/10\/VenezolanosEnElMundo_1-5586.jpg?w=370&amp;ssl=1 370w\" sizes=\"auto, (max-width: 1000px) 100vw, 1000px\" \/><\/figure>\n\n\n\n<figure class=\"wp-block-image size-large\"><img data-recalc-dims=\"1\" loading=\"lazy\" decoding=\"async\" width=\"1000\" height=\"800\" data-id=\"485112\" src=\"https:\/\/i0.wp.com\/casadecampoliving.com\/wp-content\/uploads\/2022\/10\/VenezolanosEnElMundo_1-5604.jpg?resize=1000%2C800&#038;ssl=1\" alt=\"\" class=\"wp-image-485112\" srcset=\"https:\/\/i0.wp.com\/casadecampoliving.com\/wp-content\/uploads\/2022\/10\/VenezolanosEnElMundo_1-5604.jpg?w=1000&amp;ssl=1 1000w, https:\/\/i0.wp.com\/casadecampoliving.com\/wp-content\/uploads\/2022\/10\/VenezolanosEnElMundo_1-5604.jpg?resize=300%2C240&amp;ssl=1 300w, https:\/\/i0.wp.com\/casadecampoliving.com\/wp-content\/uploads\/2022\/10\/VenezolanosEnElMundo_1-5604.jpg?resize=768%2C614&amp;ssl=1 768w, https:\/\/i0.wp.com\/casadecampoliving.com\/wp-content\/uploads\/2022\/10\/VenezolanosEnElMundo_1-5604.jpg?resize=400%2C320&amp;ssl=1 400w, https:\/\/i0.wp.com\/casadecampoliving.com\/wp-content\/uploads\/2022\/10\/VenezolanosEnElMundo_1-5604.jpg?resize=706%2C565&amp;ssl=1 706w, https:\/\/i0.wp.com\/casadecampoliving.com\/wp-content\/uploads\/2022\/10\/VenezolanosEnElMundo_1-5604.jpg?resize=150%2C120&amp;ssl=1 150w, https:\/\/i0.wp.com\/casadecampoliving.com\/wp-content\/uploads\/2022\/10\/VenezolanosEnElMundo_1-5604.jpg?w=370&amp;ssl=1 370w\" sizes=\"auto, (max-width: 1000px) 100vw, 1000px\" \/><\/figure>\n\n\n\n<figure class=\"wp-block-image size-large\"><img data-recalc-dims=\"1\" loading=\"lazy\" decoding=\"async\" width=\"1000\" height=\"800\" data-id=\"485122\" src=\"https:\/\/i0.wp.com\/casadecampoliving.com\/wp-content\/uploads\/2022\/10\/VenezolanosEnElMundo_1-5630.jpg?resize=1000%2C800&#038;ssl=1\" alt=\"\" class=\"wp-image-485122\" srcset=\"https:\/\/i0.wp.com\/casadecampoliving.com\/wp-content\/uploads\/2022\/10\/VenezolanosEnElMundo_1-5630.jpg?w=1000&amp;ssl=1 1000w, https:\/\/i0.wp.com\/casadecampoliving.com\/wp-content\/uploads\/2022\/10\/VenezolanosEnElMundo_1-5630.jpg?resize=300%2C240&amp;ssl=1 300w, https:\/\/i0.wp.com\/casadecampoliving.com\/wp-content\/uploads\/2022\/10\/VenezolanosEnElMundo_1-5630.jpg?resize=768%2C614&amp;ssl=1 768w, https:\/\/i0.wp.com\/casadecampoliving.com\/wp-content\/uploads\/2022\/10\/VenezolanosEnElMundo_1-5630.jpg?resize=400%2C320&amp;ssl=1 400w, https:\/\/i0.wp.com\/casadecampoliving.com\/wp-content\/uploads\/2022\/10\/VenezolanosEnElMundo_1-5630.jpg?resize=706%2C565&amp;ssl=1 706w, https:\/\/i0.wp.com\/casadecampoliving.com\/wp-content\/uploads\/2022\/10\/VenezolanosEnElMundo_1-5630.jpg?resize=150%2C120&amp;ssl=1 150w, https:\/\/i0.wp.com\/casadecampoliving.com\/wp-content\/uploads\/2022\/10\/VenezolanosEnElMundo_1-5630.jpg?w=370&amp;ssl=1 370w\" sizes=\"auto, (max-width: 1000px) 100vw, 1000px\" \/><\/figure>\n\n\n\n<figure class=\"wp-block-image size-large\"><img data-recalc-dims=\"1\" loading=\"lazy\" decoding=\"async\" width=\"800\" height=\"1000\" data-id=\"485129\" src=\"https:\/\/i0.wp.com\/casadecampoliving.com\/wp-content\/uploads\/2022\/10\/VenezolanosEnElMundo_2-5872-copia.jpg?resize=800%2C1000&#038;ssl=1\" alt=\"\" class=\"wp-image-485129\" srcset=\"https:\/\/i0.wp.com\/casadecampoliving.com\/wp-content\/uploads\/2022\/10\/VenezolanosEnElMundo_2-5872-copia.jpg?w=800&amp;ssl=1 800w, https:\/\/i0.wp.com\/casadecampoliving.com\/wp-content\/uploads\/2022\/10\/VenezolanosEnElMundo_2-5872-copia.jpg?resize=240%2C300&amp;ssl=1 240w, https:\/\/i0.wp.com\/casadecampoliving.com\/wp-content\/uploads\/2022\/10\/VenezolanosEnElMundo_2-5872-copia.jpg?resize=768%2C960&amp;ssl=1 768w, https:\/\/i0.wp.com\/casadecampoliving.com\/wp-content\/uploads\/2022\/10\/VenezolanosEnElMundo_2-5872-copia.jpg?resize=400%2C500&amp;ssl=1 400w, https:\/\/i0.wp.com\/casadecampoliving.com\/wp-content\/uploads\/2022\/10\/VenezolanosEnElMundo_2-5872-copia.jpg?resize=706%2C883&amp;ssl=1 706w, https:\/\/i0.wp.com\/casadecampoliving.com\/wp-content\/uploads\/2022\/10\/VenezolanosEnElMundo_2-5872-copia.jpg?resize=150%2C188&amp;ssl=1 150w, https:\/\/i0.wp.com\/casadecampoliving.com\/wp-content\/uploads\/2022\/10\/VenezolanosEnElMundo_2-5872-copia.jpg?w=370&amp;ssl=1 370w\" sizes=\"auto, (max-width: 800px) 100vw, 800px\" \/><\/figure>\n\n\n\n<figure class=\"wp-block-image size-large\"><img data-recalc-dims=\"1\" loading=\"lazy\" decoding=\"async\" width=\"1000\" height=\"800\" data-id=\"485138\" src=\"https:\/\/i0.wp.com\/casadecampoliving.com\/wp-content\/uploads\/2022\/10\/VenezolanosEnElMundo_2-5933-copia.jpg?resize=1000%2C800&#038;ssl=1\" alt=\"\" class=\"wp-image-485138\" srcset=\"https:\/\/i0.wp.com\/casadecampoliving.com\/wp-content\/uploads\/2022\/10\/VenezolanosEnElMundo_2-5933-copia.jpg?w=1000&amp;ssl=1 1000w, https:\/\/i0.wp.com\/casadecampoliving.com\/wp-content\/uploads\/2022\/10\/VenezolanosEnElMundo_2-5933-copia.jpg?resize=300%2C240&amp;ssl=1 300w, https:\/\/i0.wp.com\/casadecampoliving.com\/wp-content\/uploads\/2022\/10\/VenezolanosEnElMundo_2-5933-copia.jpg?resize=768%2C614&amp;ssl=1 768w, https:\/\/i0.wp.com\/casadecampoliving.com\/wp-content\/uploads\/2022\/10\/VenezolanosEnElMundo_2-5933-copia.jpg?resize=400%2C320&amp;ssl=1 400w, https:\/\/i0.wp.com\/casadecampoliving.com\/wp-content\/uploads\/2022\/10\/VenezolanosEnElMundo_2-5933-copia.jpg?resize=706%2C565&amp;ssl=1 706w, https:\/\/i0.wp.com\/casadecampoliving.com\/wp-content\/uploads\/2022\/10\/VenezolanosEnElMundo_2-5933-copia.jpg?resize=150%2C120&amp;ssl=1 150w, https:\/\/i0.wp.com\/casadecampoliving.com\/wp-content\/uploads\/2022\/10\/VenezolanosEnElMundo_2-5933-copia.jpg?w=370&amp;ssl=1 370w\" sizes=\"auto, (max-width: 1000px) 100vw, 1000px\" \/><\/figure>\n\n\n\n<figure class=\"wp-block-image size-large\"><img data-recalc-dims=\"1\" loading=\"lazy\" decoding=\"async\" width=\"1000\" height=\"667\" data-id=\"485146\" src=\"https:\/\/i0.wp.com\/casadecampoliving.com\/wp-content\/uploads\/2022\/10\/VenezolanosEnElMundo_2-6006-copia.jpg?resize=1000%2C667&#038;ssl=1\" alt=\"\" class=\"wp-image-485146\" srcset=\"https:\/\/i0.wp.com\/casadecampoliving.com\/wp-content\/uploads\/2022\/10\/VenezolanosEnElMundo_2-6006-copia.jpg?w=1000&amp;ssl=1 1000w, https:\/\/i0.wp.com\/casadecampoliving.com\/wp-content\/uploads\/2022\/10\/VenezolanosEnElMundo_2-6006-copia.jpg?resize=300%2C200&amp;ssl=1 300w, https:\/\/i0.wp.com\/casadecampoliving.com\/wp-content\/uploads\/2022\/10\/VenezolanosEnElMundo_2-6006-copia.jpg?resize=768%2C512&amp;ssl=1 768w, https:\/\/i0.wp.com\/casadecampoliving.com\/wp-content\/uploads\/2022\/10\/VenezolanosEnElMundo_2-6006-copia.jpg?resize=400%2C267&amp;ssl=1 400w, https:\/\/i0.wp.com\/casadecampoliving.com\/wp-content\/uploads\/2022\/10\/VenezolanosEnElMundo_2-6006-copia.jpg?resize=706%2C471&amp;ssl=1 706w, https:\/\/i0.wp.com\/casadecampoliving.com\/wp-content\/uploads\/2022\/10\/VenezolanosEnElMundo_2-6006-copia.jpg?resize=150%2C100&amp;ssl=1 150w, https:\/\/i0.wp.com\/casadecampoliving.com\/wp-content\/uploads\/2022\/10\/VenezolanosEnElMundo_2-6006-copia.jpg?w=370&amp;ssl=1 370w\" sizes=\"auto, (max-width: 1000px) 100vw, 1000px\" \/><\/figure>\n\n\n\n<figure class=\"wp-block-image size-large\"><img data-recalc-dims=\"1\" loading=\"lazy\" decoding=\"async\" width=\"1000\" height=\"800\" data-id=\"485154\" src=\"https:\/\/i0.wp.com\/casadecampoliving.com\/wp-content\/uploads\/2022\/10\/VenezolanosEnElMundo_2-6055-copia.jpg?resize=1000%2C800&#038;ssl=1\" alt=\"\" class=\"wp-image-485154\" srcset=\"https:\/\/i0.wp.com\/casadecampoliving.com\/wp-content\/uploads\/2022\/10\/VenezolanosEnElMundo_2-6055-copia.jpg?w=1000&amp;ssl=1 1000w, https:\/\/i0.wp.com\/casadecampoliving.com\/wp-content\/uploads\/2022\/10\/VenezolanosEnElMundo_2-6055-copia.jpg?resize=300%2C240&amp;ssl=1 300w, https:\/\/i0.wp.com\/casadecampoliving.com\/wp-content\/uploads\/2022\/10\/VenezolanosEnElMundo_2-6055-copia.jpg?resize=768%2C614&amp;ssl=1 768w, https:\/\/i0.wp.com\/casadecampoliving.com\/wp-content\/uploads\/2022\/10\/VenezolanosEnElMundo_2-6055-copia.jpg?resize=400%2C320&amp;ssl=1 400w, https:\/\/i0.wp.com\/casadecampoliving.com\/wp-content\/uploads\/2022\/10\/VenezolanosEnElMundo_2-6055-copia.jpg?resize=706%2C565&amp;ssl=1 706w, https:\/\/i0.wp.com\/casadecampoliving.com\/wp-content\/uploads\/2022\/10\/VenezolanosEnElMundo_2-6055-copia.jpg?resize=150%2C120&amp;ssl=1 150w, https:\/\/i0.wp.com\/casadecampoliving.com\/wp-content\/uploads\/2022\/10\/VenezolanosEnElMundo_2-6055-copia.jpg?w=370&amp;ssl=1 370w\" sizes=\"auto, (max-width: 1000px) 100vw, 1000px\" \/><\/figure>\n\n\n\n<figure class=\"wp-block-image size-large\"><img data-recalc-dims=\"1\" loading=\"lazy\" decoding=\"async\" width=\"1000\" height=\"800\" data-id=\"485162\" src=\"https:\/\/i0.wp.com\/casadecampoliving.com\/wp-content\/uploads\/2022\/10\/VenezolanosEnElMundo_2-6085-copia.jpg?resize=1000%2C800&#038;ssl=1\" alt=\"\" class=\"wp-image-485162\" srcset=\"https:\/\/i0.wp.com\/casadecampoliving.com\/wp-content\/uploads\/2022\/10\/VenezolanosEnElMundo_2-6085-copia.jpg?w=1000&amp;ssl=1 1000w, https:\/\/i0.wp.com\/casadecampoliving.com\/wp-content\/uploads\/2022\/10\/VenezolanosEnElMundo_2-6085-copia.jpg?resize=300%2C240&amp;ssl=1 300w, https:\/\/i0.wp.com\/casadecampoliving.com\/wp-content\/uploads\/2022\/10\/VenezolanosEnElMundo_2-6085-copia.jpg?resize=768%2C614&amp;ssl=1 768w, https:\/\/i0.wp.com\/casadecampoliving.com\/wp-content\/uploads\/2022\/10\/VenezolanosEnElMundo_2-6085-copia.jpg?resize=400%2C320&amp;ssl=1 400w, https:\/\/i0.wp.com\/casadecampoliving.com\/wp-content\/uploads\/2022\/10\/VenezolanosEnElMundo_2-6085-copia.jpg?resize=706%2C565&amp;ssl=1 706w, https:\/\/i0.wp.com\/casadecampoliving.com\/wp-content\/uploads\/2022\/10\/VenezolanosEnElMundo_2-6085-copia.jpg?resize=150%2C120&amp;ssl=1 150w, https:\/\/i0.wp.com\/casadecampoliving.com\/wp-content\/uploads\/2022\/10\/VenezolanosEnElMundo_2-6085-copia.jpg?w=370&amp;ssl=1 370w\" sizes=\"auto, (max-width: 1000px) 100vw, 1000px\" \/><\/figure>\n\n\n\n<figure class=\"wp-block-image size-large\"><img data-recalc-dims=\"1\" loading=\"lazy\" decoding=\"async\" width=\"1000\" height=\"800\" data-id=\"485170\" src=\"https:\/\/i0.wp.com\/casadecampoliving.com\/wp-content\/uploads\/2022\/10\/VenezolanosEnElMundo_3-6362-copia.jpg?resize=1000%2C800&#038;ssl=1\" alt=\"\" class=\"wp-image-485170\" srcset=\"https:\/\/i0.wp.com\/casadecampoliving.com\/wp-content\/uploads\/2022\/10\/VenezolanosEnElMundo_3-6362-copia.jpg?w=1000&amp;ssl=1 1000w, https:\/\/i0.wp.com\/casadecampoliving.com\/wp-content\/uploads\/2022\/10\/VenezolanosEnElMundo_3-6362-copia.jpg?resize=300%2C240&amp;ssl=1 300w, https:\/\/i0.wp.com\/casadecampoliving.com\/wp-content\/uploads\/2022\/10\/VenezolanosEnElMundo_3-6362-copia.jpg?resize=768%2C614&amp;ssl=1 768w, https:\/\/i0.wp.com\/casadecampoliving.com\/wp-content\/uploads\/2022\/10\/VenezolanosEnElMundo_3-6362-copia.jpg?resize=400%2C320&amp;ssl=1 400w, https:\/\/i0.wp.com\/casadecampoliving.com\/wp-content\/uploads\/2022\/10\/VenezolanosEnElMundo_3-6362-copia.jpg?resize=706%2C565&amp;ssl=1 706w, https:\/\/i0.wp.com\/casadecampoliving.com\/wp-content\/uploads\/2022\/10\/VenezolanosEnElMundo_3-6362-copia.jpg?resize=150%2C120&amp;ssl=1 150w, https:\/\/i0.wp.com\/casadecampoliving.com\/wp-content\/uploads\/2022\/10\/VenezolanosEnElMundo_3-6362-copia.jpg?w=370&amp;ssl=1 370w\" sizes=\"auto, (max-width: 1000px) 100vw, 1000px\" \/><\/figure>\n\n\n\n<figure class=\"wp-block-image size-large\"><img data-recalc-dims=\"1\" loading=\"lazy\" decoding=\"async\" width=\"1000\" height=\"800\" data-id=\"485178\" src=\"https:\/\/i0.wp.com\/casadecampoliving.com\/wp-content\/uploads\/2022\/10\/VenezolanosEnElMundo_3-6386-copia.jpg?resize=1000%2C800&#038;ssl=1\" alt=\"\" class=\"wp-image-485178\" srcset=\"https:\/\/i0.wp.com\/casadecampoliving.com\/wp-content\/uploads\/2022\/10\/VenezolanosEnElMundo_3-6386-copia.jpg?w=1000&amp;ssl=1 1000w, https:\/\/i0.wp.com\/casadecampoliving.com\/wp-content\/uploads\/2022\/10\/VenezolanosEnElMundo_3-6386-copia.jpg?resize=300%2C240&amp;ssl=1 300w, https:\/\/i0.wp.com\/casadecampoliving.com\/wp-content\/uploads\/2022\/10\/VenezolanosEnElMundo_3-6386-copia.jpg?resize=768%2C614&amp;ssl=1 768w, https:\/\/i0.wp.com\/casadecampoliving.com\/wp-content\/uploads\/2022\/10\/VenezolanosEnElMundo_3-6386-copia.jpg?resize=400%2C320&amp;ssl=1 400w, https:\/\/i0.wp.com\/casadecampoliving.com\/wp-content\/uploads\/2022\/10\/VenezolanosEnElMundo_3-6386-copia.jpg?resize=706%2C565&amp;ssl=1 706w, https:\/\/i0.wp.com\/casadecampoliving.com\/wp-content\/uploads\/2022\/10\/VenezolanosEnElMundo_3-6386-copia.jpg?resize=150%2C120&amp;ssl=1 150w, https:\/\/i0.wp.com\/casadecampoliving.com\/wp-content\/uploads\/2022\/10\/VenezolanosEnElMundo_3-6386-copia.jpg?w=370&amp;ssl=1 370w\" sizes=\"auto, (max-width: 1000px) 100vw, 1000px\" \/><\/figure>\n\n\n\n<figure class=\"wp-block-image size-large\"><img data-recalc-dims=\"1\" loading=\"lazy\" decoding=\"async\" width=\"1000\" height=\"800\" data-id=\"485186\" src=\"https:\/\/i0.wp.com\/casadecampoliving.com\/wp-content\/uploads\/2022\/10\/VenezolanosEnElMundo_3-6403-copia.jpg?resize=1000%2C800&#038;ssl=1\" alt=\"\" class=\"wp-image-485186\" srcset=\"https:\/\/i0.wp.com\/casadecampoliving.com\/wp-content\/uploads\/2022\/10\/VenezolanosEnElMundo_3-6403-copia.jpg?w=1000&amp;ssl=1 1000w, https:\/\/i0.wp.com\/casadecampoliving.com\/wp-content\/uploads\/2022\/10\/VenezolanosEnElMundo_3-6403-copia.jpg?resize=300%2C240&amp;ssl=1 300w, https:\/\/i0.wp.com\/casadecampoliving.com\/wp-content\/uploads\/2022\/10\/VenezolanosEnElMundo_3-6403-copia.jpg?resize=768%2C614&amp;ssl=1 768w, https:\/\/i0.wp.com\/casadecampoliving.com\/wp-content\/uploads\/2022\/10\/VenezolanosEnElMundo_3-6403-copia.jpg?resize=400%2C320&amp;ssl=1 400w, https:\/\/i0.wp.com\/casadecampoliving.com\/wp-content\/uploads\/2022\/10\/VenezolanosEnElMundo_3-6403-copia.jpg?resize=706%2C565&amp;ssl=1 706w, https:\/\/i0.wp.com\/casadecampoliving.com\/wp-content\/uploads\/2022\/10\/VenezolanosEnElMundo_3-6403-copia.jpg?resize=150%2C120&amp;ssl=1 150w, https:\/\/i0.wp.com\/casadecampoliving.com\/wp-content\/uploads\/2022\/10\/VenezolanosEnElMundo_3-6403-copia.jpg?w=370&amp;ssl=1 370w\" sizes=\"auto, (max-width: 1000px) 100vw, 1000px\" \/><\/figure>\n<\/figure>\n\n\n<em>* Art\u00edculo y fotos aportados por ART.<\/em>","protected":false},"excerpt":{"rendered":"<p>Durante un c\u00f3ctel que aglutin\u00f3 a la clase de artistas pl\u00e1sticos dominicanos, comunicadores, empresarios y los principales medios de comunicaci\u00f3n de la ciudad, la Fundaci\u00f3nn De Valle y ART. Gallery abre sus puertas a la colectiva \u201cVenezolanos en el Mundo\u201d a partir del 20 de julio y hasta el 20 de octubre, estar\u00e1 abierta al [&hellip;]<\/p>\n","protected":false},"author":36791,"featured_media":306326,"comment_status":"closed","ping_status":"closed","sticky":false,"template":"","format":"standard","meta":{"newspack_ads_suppress_ads":false,"newspack_popups_has_disabled_popups":false,"newspack_sponsor_sponsorship_scope":"","newspack_sponsor_native_byline_display":"inherit","newspack_sponsor_native_category_display":"inherit","newspack_sponsor_underwriter_style":"inherit","newspack_sponsor_underwriter_placement":"inherit","_newspack_byline_active":false,"_newspack_byline":"","newspack_hide_updated_date":false,"newspack_show_updated_date":false,"newspack_content_restriction_is_exempt":false,"newspack_featured_image_position":"","newspack_post_subtitle":"","newspack_article_summary_title":"Overview:","newspack_article_summary":"","_jetpack_memberships_contains_paid_content":false,"footnotes":"","jetpack_publicize_message":"","jetpack_publicize_feature_enabled":true,"jetpack_social_post_already_shared":false,"jetpack_social_options":{"image_generator_settings":{"template":"highway","default_image_id":0,"font":"","enabled":false},"version":2},"_wpas_customize_per_network":false},"categories":[26823,2506,2521,2522],"tags":[2733,476,2536,6474,10288],"newspack_spnsrs_tax":[],"class_list":["post-351769","post","type-post","status-publish","format-standard","has-post-thumbnail","hentry","category-arte-y-cultura","category-mas-alla-de-casa-es","category-republica-dominicana-2","category-eventos-es","tag-apertura","tag-art","tag-arte","tag-exhibicion","tag-opening","entry"],"yoast_head":"<!-- This site is optimized with the Yoast SEO plugin v27.4 - https:\/\/yoast.com\/product\/yoast-seo-wordpress\/ -->\n<title>\u201cVenezolanos en el Mundo\u201d: Colectiva de arte en Santo Domingo | Casa de Campo Living<\/title>\n<meta name=\"description\" content=\"Durante un c\u00f3ctel que aglutin\u00f3 a la clase de artistas pl\u00e1sticos dominicanos, comunicadores, empresarios y los principales medios de comunicaci\u00f3n de la\" \/>\n<meta name=\"robots\" content=\"index, follow, max-snippet:-1, max-image-preview:large, max-video-preview:-1\" \/>\n<link rel=\"canonical\" href=\"https:\/\/casadecampoliving.com\/es\/venezolanos-en-el-mundo-colectiva-de-arte-en-santo-domingo\/\" \/>\n<meta property=\"og:locale\" content=\"es_ES\" \/>\n<meta property=\"og:type\" content=\"article\" \/>\n<meta property=\"og:title\" content=\"\u201cVenezolanos en el Mundo\u201d: Colectiva de arte en Santo Domingo | Casa de Campo Living\" \/>\n<meta property=\"og:description\" content=\"Durante un c\u00f3ctel que aglutin\u00f3 a la clase de artistas pl\u00e1sticos dominicanos, comunicadores, empresarios y los principales medios de comunicaci\u00f3n de la\" \/>\n<meta property=\"og:url\" content=\"https:\/\/casadecampoliving.com\/es\/venezolanos-en-el-mundo-colectiva-de-arte-en-santo-domingo\/\" \/>\n<meta property=\"og:site_name\" content=\"Casa de Campo Living\" \/>\n<meta property=\"article:publisher\" content=\"https:\/\/www.facebook.com\/casadecampoliving\" \/>\n<meta property=\"article:published_time\" content=\"2017-07-27T04:00:00+00:00\" \/>\n<meta property=\"article:modified_time\" content=\"2022-11-10T14:42:12+00:00\" \/>\n<meta property=\"og:image\" content=\"https:\/\/i0.wp.com\/casadecampoliving.com\/wp-content\/uploads\/2022\/10\/VenezolanosEnElMundo_1-5668-1.jpg?fit=1000%2C601&ssl=1\" \/>\n\t<meta property=\"og:image:width\" content=\"1000\" \/>\n\t<meta property=\"og:image:height\" content=\"601\" \/>\n\t<meta property=\"og:image:type\" content=\"image\/jpeg\" \/>\n<meta name=\"author\" content=\"Casa de Campo Living\" \/>\n<meta name=\"twitter:card\" content=\"summary_large_image\" \/>\n<meta name=\"twitter:creator\" content=\"@cdcliving\" \/>\n<meta name=\"twitter:site\" content=\"@cdcliving\" \/>\n<meta name=\"twitter:label1\" content=\"Escrito por\" \/>\n\t<meta name=\"twitter:data1\" content=\"Casa de Campo Living\" \/>\n\t<meta name=\"twitter:label2\" content=\"Tiempo de lectura\" \/>\n\t<meta name=\"twitter:data2\" content=\"4 minutos\" \/>\n<script type=\"application\/ld+json\" class=\"yoast-schema-graph\">{\"@context\":\"https:\\\/\\\/schema.org\",\"@graph\":[{\"@type\":\"Article\",\"@id\":\"https:\\\/\\\/casadecampoliving.com\\\/es\\\/venezolanos-en-el-mundo-colectiva-de-arte-en-santo-domingo\\\/#article\",\"isPartOf\":{\"@id\":\"https:\\\/\\\/casadecampoliving.com\\\/es\\\/venezolanos-en-el-mundo-colectiva-de-arte-en-santo-domingo\\\/\"},\"author\":{\"name\":\"Casa de Campo Living\",\"@id\":\"https:\\\/\\\/casadecampoliving.com\\\/es\\\/#\\\/schema\\\/person\\\/5d2171637a9d11e0e43ce6b8555f9422\"},\"headline\":\"\u201cVenezolanos en el Mundo\u201d: Colectiva de arte en Santo Domingo\",\"datePublished\":\"2017-07-27T04:00:00+00:00\",\"dateModified\":\"2022-11-10T14:42:12+00:00\",\"mainEntityOfPage\":{\"@id\":\"https:\\\/\\\/casadecampoliving.com\\\/es\\\/venezolanos-en-el-mundo-colectiva-de-arte-en-santo-domingo\\\/\"},\"wordCount\":867,\"publisher\":{\"@id\":\"https:\\\/\\\/casadecampoliving.com\\\/es\\\/#organization\"},\"image\":{\"@id\":\"https:\\\/\\\/casadecampoliving.com\\\/es\\\/venezolanos-en-el-mundo-colectiva-de-arte-en-santo-domingo\\\/#primaryimage\"},\"thumbnailUrl\":\"https:\\\/\\\/i0.wp.com\\\/casadecampoliving.com\\\/wp-content\\\/uploads\\\/2022\\\/10\\\/VenezolanosEnElMundo_1-5668-1.jpg?fit=1000%2C601&ssl=1\",\"keywords\":[\"apertura\",\"art\",\"arte\",\"exhibicion\",\"Opening\"],\"articleSection\":[\"Arte y cultura\",\"M\u00e1s all\u00e1 de Casa\",\"Rep\u00fablica Dominicana @es\",\"Eventos\"],\"inLanguage\":\"es\"},{\"@type\":\"WebPage\",\"@id\":\"https:\\\/\\\/casadecampoliving.com\\\/es\\\/venezolanos-en-el-mundo-colectiva-de-arte-en-santo-domingo\\\/\",\"url\":\"https:\\\/\\\/casadecampoliving.com\\\/es\\\/venezolanos-en-el-mundo-colectiva-de-arte-en-santo-domingo\\\/\",\"name\":\"\u201cVenezolanos en el Mundo\u201d: Colectiva de arte en Santo Domingo | Casa de Campo Living\",\"isPartOf\":{\"@id\":\"https:\\\/\\\/casadecampoliving.com\\\/es\\\/#website\"},\"primaryImageOfPage\":{\"@id\":\"https:\\\/\\\/casadecampoliving.com\\\/es\\\/venezolanos-en-el-mundo-colectiva-de-arte-en-santo-domingo\\\/#primaryimage\"},\"image\":{\"@id\":\"https:\\\/\\\/casadecampoliving.com\\\/es\\\/venezolanos-en-el-mundo-colectiva-de-arte-en-santo-domingo\\\/#primaryimage\"},\"thumbnailUrl\":\"https:\\\/\\\/i0.wp.com\\\/casadecampoliving.com\\\/wp-content\\\/uploads\\\/2022\\\/10\\\/VenezolanosEnElMundo_1-5668-1.jpg?fit=1000%2C601&ssl=1\",\"datePublished\":\"2017-07-27T04:00:00+00:00\",\"dateModified\":\"2022-11-10T14:42:12+00:00\",\"description\":\"Durante un c\u00f3ctel que aglutin\u00f3 a la clase de artistas pl\u00e1sticos dominicanos, comunicadores, empresarios y los principales medios de comunicaci\u00f3n de la\",\"breadcrumb\":{\"@id\":\"https:\\\/\\\/casadecampoliving.com\\\/es\\\/venezolanos-en-el-mundo-colectiva-de-arte-en-santo-domingo\\\/#breadcrumb\"},\"inLanguage\":\"es\",\"potentialAction\":[{\"@type\":\"ReadAction\",\"target\":[\"https:\\\/\\\/casadecampoliving.com\\\/es\\\/venezolanos-en-el-mundo-colectiva-de-arte-en-santo-domingo\\\/\"]}]},{\"@type\":\"ImageObject\",\"inLanguage\":\"es\",\"@id\":\"https:\\\/\\\/casadecampoliving.com\\\/es\\\/venezolanos-en-el-mundo-colectiva-de-arte-en-santo-domingo\\\/#primaryimage\",\"url\":\"https:\\\/\\\/i0.wp.com\\\/casadecampoliving.com\\\/wp-content\\\/uploads\\\/2022\\\/10\\\/VenezolanosEnElMundo_1-5668-1.jpg?fit=1000%2C601&ssl=1\",\"contentUrl\":\"https:\\\/\\\/i0.wp.com\\\/casadecampoliving.com\\\/wp-content\\\/uploads\\\/2022\\\/10\\\/VenezolanosEnElMundo_1-5668-1.jpg?fit=1000%2C601&ssl=1\",\"width\":1000,\"height\":601},{\"@type\":\"BreadcrumbList\",\"@id\":\"https:\\\/\\\/casadecampoliving.com\\\/es\\\/venezolanos-en-el-mundo-colectiva-de-arte-en-santo-domingo\\\/#breadcrumb\",\"itemListElement\":[{\"@type\":\"ListItem\",\"position\":1,\"name\":\"Home\",\"item\":\"https:\\\/\\\/casadecampoliving.com\\\/es\\\/\"},{\"@type\":\"ListItem\",\"position\":2,\"name\":\"\u201cVenezolanos en el Mundo\u201d: Colectiva de arte en Santo Domingo\"}]},{\"@type\":\"WebSite\",\"@id\":\"https:\\\/\\\/casadecampoliving.com\\\/es\\\/#website\",\"url\":\"https:\\\/\\\/casadecampoliving.com\\\/es\\\/\",\"name\":\"Casa de Campo Living\",\"description\":\"Resort community news and resources.\",\"publisher\":{\"@id\":\"https:\\\/\\\/casadecampoliving.com\\\/es\\\/#organization\"},\"potentialAction\":[{\"@type\":\"SearchAction\",\"target\":{\"@type\":\"EntryPoint\",\"urlTemplate\":\"https:\\\/\\\/casadecampoliving.com\\\/es\\\/?s={search_term_string}\"},\"query-input\":{\"@type\":\"PropertyValueSpecification\",\"valueRequired\":true,\"valueName\":\"search_term_string\"}}],\"inLanguage\":\"es\"},{\"@type\":\"Organization\",\"@id\":\"https:\\\/\\\/casadecampoliving.com\\\/es\\\/#organization\",\"name\":\"Casa de Campo Living\",\"url\":\"https:\\\/\\\/casadecampoliving.com\\\/es\\\/\",\"logo\":{\"@type\":\"ImageObject\",\"inLanguage\":\"es\",\"@id\":\"https:\\\/\\\/casadecampoliving.com\\\/es\\\/#\\\/schema\\\/logo\\\/image\\\/\",\"url\":\"https:\\\/\\\/i0.wp.com\\\/casadecampoliving.com\\\/wp-content\\\/uploads\\\/2022\\\/07\\\/CDCLivingLogo_V1-white-sized.png?fit=800%2C214&ssl=1\",\"contentUrl\":\"https:\\\/\\\/i0.wp.com\\\/casadecampoliving.com\\\/wp-content\\\/uploads\\\/2022\\\/07\\\/CDCLivingLogo_V1-white-sized.png?fit=800%2C214&ssl=1\",\"width\":800,\"height\":214,\"caption\":\"Casa de Campo Living\"},\"image\":{\"@id\":\"https:\\\/\\\/casadecampoliving.com\\\/es\\\/#\\\/schema\\\/logo\\\/image\\\/\"},\"sameAs\":[\"https:\\\/\\\/www.facebook.com\\\/casadecampoliving\",\"https:\\\/\\\/x.com\\\/cdcliving\"]},{\"@type\":\"Person\",\"@id\":\"https:\\\/\\\/casadecampoliving.com\\\/es\\\/#\\\/schema\\\/person\\\/5d2171637a9d11e0e43ce6b8555f9422\",\"name\":\"Casa de Campo Living\",\"image\":{\"@type\":\"ImageObject\",\"inLanguage\":\"es\",\"@id\":\"https:\\\/\\\/secure.gravatar.com\\\/avatar\\\/d04101fa4a9fd431e939953b1500fdc7a73cd35029f86d98712fd8ccdaebaf9a?s=96&d=mm&r=g\",\"url\":\"https:\\\/\\\/secure.gravatar.com\\\/avatar\\\/d04101fa4a9fd431e939953b1500fdc7a73cd35029f86d98712fd8ccdaebaf9a?s=96&d=mm&r=g\",\"contentUrl\":\"https:\\\/\\\/secure.gravatar.com\\\/avatar\\\/d04101fa4a9fd431e939953b1500fdc7a73cd35029f86d98712fd8ccdaebaf9a?s=96&d=mm&r=g\",\"caption\":\"Casa de Campo Living\"},\"url\":\"https:\\\/\\\/casadecampoliving.com\\\/es\\\/author\\\/casa-de-campo-living\\\/\"}]}<\/script>\n<!-- \/ Yoast SEO plugin. -->","yoast_head_json":{"title":"\u201cVenezolanos en el Mundo\u201d: Colectiva de arte en Santo Domingo | Casa de Campo Living","description":"Durante un c\u00f3ctel que aglutin\u00f3 a la clase de artistas pl\u00e1sticos dominicanos, comunicadores, empresarios y los principales medios de comunicaci\u00f3n de la","robots":{"index":"index","follow":"follow","max-snippet":"max-snippet:-1","max-image-preview":"max-image-preview:large","max-video-preview":"max-video-preview:-1"},"canonical":"https:\/\/casadecampoliving.com\/es\/venezolanos-en-el-mundo-colectiva-de-arte-en-santo-domingo\/","og_locale":"es_ES","og_type":"article","og_title":"\u201cVenezolanos en el Mundo\u201d: Colectiva de arte en Santo Domingo | Casa de Campo Living","og_description":"Durante un c\u00f3ctel que aglutin\u00f3 a la clase de artistas pl\u00e1sticos dominicanos, comunicadores, empresarios y los principales medios de comunicaci\u00f3n de la","og_url":"https:\/\/casadecampoliving.com\/es\/venezolanos-en-el-mundo-colectiva-de-arte-en-santo-domingo\/","og_site_name":"Casa de Campo Living","article_publisher":"https:\/\/www.facebook.com\/casadecampoliving","article_published_time":"2017-07-27T04:00:00+00:00","article_modified_time":"2022-11-10T14:42:12+00:00","og_image":[{"width":1000,"height":601,"url":"https:\/\/i0.wp.com\/casadecampoliving.com\/wp-content\/uploads\/2022\/10\/VenezolanosEnElMundo_1-5668-1.jpg?fit=1000%2C601&ssl=1","type":"image\/jpeg"}],"author":"Casa de Campo Living","twitter_card":"summary_large_image","twitter_creator":"@cdcliving","twitter_site":"@cdcliving","twitter_misc":{"Escrito por":"Casa de Campo Living","Tiempo de lectura":"4 minutos"},"schema":{"@context":"https:\/\/schema.org","@graph":[{"@type":"Article","@id":"https:\/\/casadecampoliving.com\/es\/venezolanos-en-el-mundo-colectiva-de-arte-en-santo-domingo\/#article","isPartOf":{"@id":"https:\/\/casadecampoliving.com\/es\/venezolanos-en-el-mundo-colectiva-de-arte-en-santo-domingo\/"},"author":{"name":"Casa de Campo Living","@id":"https:\/\/casadecampoliving.com\/es\/#\/schema\/person\/5d2171637a9d11e0e43ce6b8555f9422"},"headline":"\u201cVenezolanos en el Mundo\u201d: Colectiva de arte en Santo Domingo","datePublished":"2017-07-27T04:00:00+00:00","dateModified":"2022-11-10T14:42:12+00:00","mainEntityOfPage":{"@id":"https:\/\/casadecampoliving.com\/es\/venezolanos-en-el-mundo-colectiva-de-arte-en-santo-domingo\/"},"wordCount":867,"publisher":{"@id":"https:\/\/casadecampoliving.com\/es\/#organization"},"image":{"@id":"https:\/\/casadecampoliving.com\/es\/venezolanos-en-el-mundo-colectiva-de-arte-en-santo-domingo\/#primaryimage"},"thumbnailUrl":"https:\/\/i0.wp.com\/casadecampoliving.com\/wp-content\/uploads\/2022\/10\/VenezolanosEnElMundo_1-5668-1.jpg?fit=1000%2C601&ssl=1","keywords":["apertura","art","arte","exhibicion","Opening"],"articleSection":["Arte y cultura","M\u00e1s all\u00e1 de Casa","Rep\u00fablica Dominicana @es","Eventos"],"inLanguage":"es"},{"@type":"WebPage","@id":"https:\/\/casadecampoliving.com\/es\/venezolanos-en-el-mundo-colectiva-de-arte-en-santo-domingo\/","url":"https:\/\/casadecampoliving.com\/es\/venezolanos-en-el-mundo-colectiva-de-arte-en-santo-domingo\/","name":"\u201cVenezolanos en el Mundo\u201d: Colectiva de arte en Santo Domingo | Casa de Campo Living","isPartOf":{"@id":"https:\/\/casadecampoliving.com\/es\/#website"},"primaryImageOfPage":{"@id":"https:\/\/casadecampoliving.com\/es\/venezolanos-en-el-mundo-colectiva-de-arte-en-santo-domingo\/#primaryimage"},"image":{"@id":"https:\/\/casadecampoliving.com\/es\/venezolanos-en-el-mundo-colectiva-de-arte-en-santo-domingo\/#primaryimage"},"thumbnailUrl":"https:\/\/i0.wp.com\/casadecampoliving.com\/wp-content\/uploads\/2022\/10\/VenezolanosEnElMundo_1-5668-1.jpg?fit=1000%2C601&ssl=1","datePublished":"2017-07-27T04:00:00+00:00","dateModified":"2022-11-10T14:42:12+00:00","description":"Durante un c\u00f3ctel que aglutin\u00f3 a la clase de artistas pl\u00e1sticos dominicanos, comunicadores, empresarios y los principales medios de comunicaci\u00f3n de la","breadcrumb":{"@id":"https:\/\/casadecampoliving.com\/es\/venezolanos-en-el-mundo-colectiva-de-arte-en-santo-domingo\/#breadcrumb"},"inLanguage":"es","potentialAction":[{"@type":"ReadAction","target":["https:\/\/casadecampoliving.com\/es\/venezolanos-en-el-mundo-colectiva-de-arte-en-santo-domingo\/"]}]},{"@type":"ImageObject","inLanguage":"es","@id":"https:\/\/casadecampoliving.com\/es\/venezolanos-en-el-mundo-colectiva-de-arte-en-santo-domingo\/#primaryimage","url":"https:\/\/i0.wp.com\/casadecampoliving.com\/wp-content\/uploads\/2022\/10\/VenezolanosEnElMundo_1-5668-1.jpg?fit=1000%2C601&ssl=1","contentUrl":"https:\/\/i0.wp.com\/casadecampoliving.com\/wp-content\/uploads\/2022\/10\/VenezolanosEnElMundo_1-5668-1.jpg?fit=1000%2C601&ssl=1","width":1000,"height":601},{"@type":"BreadcrumbList","@id":"https:\/\/casadecampoliving.com\/es\/venezolanos-en-el-mundo-colectiva-de-arte-en-santo-domingo\/#breadcrumb","itemListElement":[{"@type":"ListItem","position":1,"name":"Home","item":"https:\/\/casadecampoliving.com\/es\/"},{"@type":"ListItem","position":2,"name":"\u201cVenezolanos en el Mundo\u201d: Colectiva de arte en Santo Domingo"}]},{"@type":"WebSite","@id":"https:\/\/casadecampoliving.com\/es\/#website","url":"https:\/\/casadecampoliving.com\/es\/","name":"Casa de Campo Living","description":"Resort community news and resources.","publisher":{"@id":"https:\/\/casadecampoliving.com\/es\/#organization"},"potentialAction":[{"@type":"SearchAction","target":{"@type":"EntryPoint","urlTemplate":"https:\/\/casadecampoliving.com\/es\/?s={search_term_string}"},"query-input":{"@type":"PropertyValueSpecification","valueRequired":true,"valueName":"search_term_string"}}],"inLanguage":"es"},{"@type":"Organization","@id":"https:\/\/casadecampoliving.com\/es\/#organization","name":"Casa de Campo Living","url":"https:\/\/casadecampoliving.com\/es\/","logo":{"@type":"ImageObject","inLanguage":"es","@id":"https:\/\/casadecampoliving.com\/es\/#\/schema\/logo\/image\/","url":"https:\/\/i0.wp.com\/casadecampoliving.com\/wp-content\/uploads\/2022\/07\/CDCLivingLogo_V1-white-sized.png?fit=800%2C214&ssl=1","contentUrl":"https:\/\/i0.wp.com\/casadecampoliving.com\/wp-content\/uploads\/2022\/07\/CDCLivingLogo_V1-white-sized.png?fit=800%2C214&ssl=1","width":800,"height":214,"caption":"Casa de Campo Living"},"image":{"@id":"https:\/\/casadecampoliving.com\/es\/#\/schema\/logo\/image\/"},"sameAs":["https:\/\/www.facebook.com\/casadecampoliving","https:\/\/x.com\/cdcliving"]},{"@type":"Person","@id":"https:\/\/casadecampoliving.com\/es\/#\/schema\/person\/5d2171637a9d11e0e43ce6b8555f9422","name":"Casa de Campo Living","image":{"@type":"ImageObject","inLanguage":"es","@id":"https:\/\/secure.gravatar.com\/avatar\/d04101fa4a9fd431e939953b1500fdc7a73cd35029f86d98712fd8ccdaebaf9a?s=96&d=mm&r=g","url":"https:\/\/secure.gravatar.com\/avatar\/d04101fa4a9fd431e939953b1500fdc7a73cd35029f86d98712fd8ccdaebaf9a?s=96&d=mm&r=g","contentUrl":"https:\/\/secure.gravatar.com\/avatar\/d04101fa4a9fd431e939953b1500fdc7a73cd35029f86d98712fd8ccdaebaf9a?s=96&d=mm&r=g","caption":"Casa de Campo Living"},"url":"https:\/\/casadecampoliving.com\/es\/author\/casa-de-campo-living\/"}]}},"parsely":{"version":"1.1.0","canonical_url":"https:\/\/casadecampoliving.com\/es\/venezolanos-en-el-mundo-colectiva-de-arte-en-santo-domingo\/","smart_links":{"inbound":0,"outbound":0},"traffic_boost_suggestions_count":0,"meta":{"@context":"https:\/\/schema.org","@type":"NewsArticle","headline":"\u201cVenezolanos en el Mundo\u201d: Colectiva de arte en Santo Domingo","url":"http:\/\/casadecampoliving.com\/es\/venezolanos-en-el-mundo-colectiva-de-arte-en-santo-domingo\/","mainEntityOfPage":{"@type":"WebPage","@id":"http:\/\/casadecampoliving.com\/es\/venezolanos-en-el-mundo-colectiva-de-arte-en-santo-domingo\/"},"thumbnailUrl":"https:\/\/i0.wp.com\/casadecampoliving.com\/wp-content\/uploads\/2022\/10\/VenezolanosEnElMundo_1-5668-1.jpg?resize=150%2C150&ssl=1","image":{"@type":"ImageObject","url":"https:\/\/i0.wp.com\/casadecampoliving.com\/wp-content\/uploads\/2022\/10\/VenezolanosEnElMundo_1-5668-1.jpg?fit=1000%2C601&ssl=1"},"articleSection":"Arte y cultura","author":[{"@type":"Person","name":"Casa de Campo Living"}],"creator":["Casa de Campo Living"],"publisher":{"@type":"Organization","name":"Casa de Campo Living","logo":"https:\/\/casadecampoliving.com\/wp-content\/uploads\/2022\/07\/CDCLivingLogo_V1-white-sized.png"},"keywords":["apertura","art","arte","exhibicion","opening"],"dateCreated":"2017-07-27T04:00:00Z","datePublished":"2017-07-27T04:00:00Z","dateModified":"2022-11-10T14:42:12Z"},"rendered":"<script type=\"application\/ld+json\" class=\"wp-parsely-metadata\">{\"@context\":\"https:\\\/\\\/schema.org\",\"@type\":\"NewsArticle\",\"headline\":\"\\u201cVenezolanos en el Mundo\\u201d: Colectiva de arte en Santo Domingo\",\"url\":\"http:\\\/\\\/casadecampoliving.com\\\/es\\\/venezolanos-en-el-mundo-colectiva-de-arte-en-santo-domingo\\\/\",\"mainEntityOfPage\":{\"@type\":\"WebPage\",\"@id\":\"http:\\\/\\\/casadecampoliving.com\\\/es\\\/venezolanos-en-el-mundo-colectiva-de-arte-en-santo-domingo\\\/\"},\"thumbnailUrl\":\"https:\\\/\\\/i0.wp.com\\\/casadecampoliving.com\\\/wp-content\\\/uploads\\\/2022\\\/10\\\/VenezolanosEnElMundo_1-5668-1.jpg?resize=150%2C150&ssl=1\",\"image\":{\"@type\":\"ImageObject\",\"url\":\"https:\\\/\\\/i0.wp.com\\\/casadecampoliving.com\\\/wp-content\\\/uploads\\\/2022\\\/10\\\/VenezolanosEnElMundo_1-5668-1.jpg?fit=1000%2C601&ssl=1\"},\"articleSection\":\"Arte y cultura\",\"author\":[{\"@type\":\"Person\",\"name\":\"Casa de Campo Living\"}],\"creator\":[\"Casa de Campo Living\"],\"publisher\":{\"@type\":\"Organization\",\"name\":\"Casa de Campo Living\",\"logo\":\"https:\\\/\\\/casadecampoliving.com\\\/wp-content\\\/uploads\\\/2022\\\/07\\\/CDCLivingLogo_V1-white-sized.png\"},\"keywords\":[\"apertura\",\"art\",\"arte\",\"exhibicion\",\"opening\"],\"dateCreated\":\"2017-07-27T04:00:00Z\",\"datePublished\":\"2017-07-27T04:00:00Z\",\"dateModified\":\"2022-11-10T14:42:12Z\"}<\/script>","tracker_url":"https:\/\/cdn.parsely.com\/keys\/casadecampoliving.com\/p.js"},"jetpack_publicize_connections":[],"jetpack_featured_media_url":"https:\/\/i0.wp.com\/casadecampoliving.com\/wp-content\/uploads\/2022\/10\/VenezolanosEnElMundo_1-5668-1.jpg?fit=1000%2C601&ssl=1","jetpack-related-posts":[{"id":433460,"url":"https:\/\/casadecampoliving.com\/es\/no-se-pierdan-el-increible-tributo-a-frank-sinatra-para-celebrar-el-40-aniversario-del-anfiteatro-altos-de-chavon\/","url_meta":{"origin":351769,"position":0},"title":"No se pierdan el incre\u00edble tributo a Frank Sinatra para celebrar el 40 aniversario del\u00a0Anfiteatro Altos de Chav\u00f3n","author":"Casa de Campo Living","date":"20 Oct, 2022","format":false,"excerpt":"Siendo uno de los escenarios m\u00e1s emblem\u00e1ticos del pa\u00eds, Casa de Campo Resort\u00ae & Villas celebra las cuatro d\u00e9cadas de aniversario de Altos de Chav\u00f3n con un tributo al gran Frank Sinatra, protagonizado por artistas invitados y una big band tal cual la que acompa\u00f1\u00f3 al artista hace 40 a\u00f1os\u2026","rel":"","context":"En \u00abUncategorized @es\u00bb","block_context":{"text":"Uncategorized @es","link":"https:\/\/casadecampoliving.com\/es\/category\/uncategorized-es\/"},"img":{"alt_text":"","src":"https:\/\/i0.wp.com\/casadecampoliving.com\/wp-content\/uploads\/2022\/10\/Tributo-Frank-Sinatra-Foto-Principal-Amaury-Sanchez-Danilo-Ginebra-Andres-Pichardo-y-Jose-Gabriel-Perez-.jpg?fit=1200%2C873&ssl=1&resize=350%2C200","width":350,"height":200,"srcset":"https:\/\/i0.wp.com\/casadecampoliving.com\/wp-content\/uploads\/2022\/10\/Tributo-Frank-Sinatra-Foto-Principal-Amaury-Sanchez-Danilo-Ginebra-Andres-Pichardo-y-Jose-Gabriel-Perez-.jpg?fit=1200%2C873&ssl=1&resize=350%2C200 1x, https:\/\/i0.wp.com\/casadecampoliving.com\/wp-content\/uploads\/2022\/10\/Tributo-Frank-Sinatra-Foto-Principal-Amaury-Sanchez-Danilo-Ginebra-Andres-Pichardo-y-Jose-Gabriel-Perez-.jpg?fit=1200%2C873&ssl=1&resize=525%2C300 1.5x, https:\/\/i0.wp.com\/casadecampoliving.com\/wp-content\/uploads\/2022\/10\/Tributo-Frank-Sinatra-Foto-Principal-Amaury-Sanchez-Danilo-Ginebra-Andres-Pichardo-y-Jose-Gabriel-Perez-.jpg?fit=1200%2C873&ssl=1&resize=700%2C400 2x, https:\/\/i0.wp.com\/casadecampoliving.com\/wp-content\/uploads\/2022\/10\/Tributo-Frank-Sinatra-Foto-Principal-Amaury-Sanchez-Danilo-Ginebra-Andres-Pichardo-y-Jose-Gabriel-Perez-.jpg?fit=1200%2C873&ssl=1&resize=1050%2C600 3x"},"classes":[]},{"id":329533,"url":"https:\/\/casadecampoliving.com\/venezuelans-in-the-world-art-collective-in-santo-domingo\/","url_meta":{"origin":351769,"position":1},"title":"\u00abVenezuelans in the World\u00bb: Art collective in Santo Domingo","author":"Casa de Campo Living","date":"27 Jul, 2017","format":false,"excerpt":"During a cocktail that brought together various Dominican artists, communicators, entrepreneurs, and media of the city, Fundaci\u00f3n De Valle and ART. Gallery opened its doors to the collective \"Venezuelans in the World,\" on display for the public July 20th through October 20th. This curated exhibition is the representation of a\u2026","rel":"","context":"En \u00abArt and Culture\u00bb","block_context":{"text":"Art and Culture","link":"https:\/\/casadecampoliving.com\/category\/art-and-culture\/"},"img":{"alt_text":"","src":"https:\/\/i0.wp.com\/casadecampoliving.com\/wp-content\/uploads\/2022\/10\/VenezolanosEnElMundo_1-5668-1.jpg?fit=1000%2C601&ssl=1&resize=350%2C200","width":350,"height":200,"srcset":"https:\/\/i0.wp.com\/casadecampoliving.com\/wp-content\/uploads\/2022\/10\/VenezolanosEnElMundo_1-5668-1.jpg?fit=1000%2C601&ssl=1&resize=350%2C200 1x, https:\/\/i0.wp.com\/casadecampoliving.com\/wp-content\/uploads\/2022\/10\/VenezolanosEnElMundo_1-5668-1.jpg?fit=1000%2C601&ssl=1&resize=525%2C300 1.5x, https:\/\/i0.wp.com\/casadecampoliving.com\/wp-content\/uploads\/2022\/10\/VenezolanosEnElMundo_1-5668-1.jpg?fit=1000%2C601&ssl=1&resize=700%2C400 2x"},"classes":[]},{"id":345450,"url":"https:\/\/casadecampoliving.com\/es\/artista-venezolano-milton-becerra-en-santo-domingo\/","url_meta":{"origin":351769,"position":2},"title":"Artista Venezolano, Milton Becerra en Santo Domingo","author":"Daniela Medina","date":"28 Sep, 2014","format":false,"excerpt":"Para todos los fan\u00e1ticos del arte de Casa de Campo, les traemos las noticias de una nueva exhibici\u00f3n de arte en Santo Domingo \u2013 el destacado artista venezolano, Milton Becerra actualmente muestra su exhibici\u00f3n \u201cHaiku \u2013 La Manera de Construir el Mundo\u201d en Santo Domingo. Esta interesante exhibici\u00f3n se puede\u2026","rel":"","context":"En \u00abArte y cultura\u00bb","block_context":{"text":"Arte y cultura","link":"https:\/\/casadecampoliving.com\/category\/arte-y-cultura\/"},"img":{"alt_text":"","src":"https:\/\/i0.wp.com\/casadecampoliving.com\/wp-content\/uploads\/2022\/10\/Milton-Becerra-5-1.png?fit=1200%2C599&ssl=1&resize=350%2C200","width":350,"height":200,"srcset":"https:\/\/i0.wp.com\/casadecampoliving.com\/wp-content\/uploads\/2022\/10\/Milton-Becerra-5-1.png?fit=1200%2C599&ssl=1&resize=350%2C200 1x, https:\/\/i0.wp.com\/casadecampoliving.com\/wp-content\/uploads\/2022\/10\/Milton-Becerra-5-1.png?fit=1200%2C599&ssl=1&resize=525%2C300 1.5x, https:\/\/i0.wp.com\/casadecampoliving.com\/wp-content\/uploads\/2022\/10\/Milton-Becerra-5-1.png?fit=1200%2C599&ssl=1&resize=700%2C400 2x, https:\/\/i0.wp.com\/casadecampoliving.com\/wp-content\/uploads\/2022\/10\/Milton-Becerra-5-1.png?fit=1200%2C599&ssl=1&resize=1050%2C600 3x"},"classes":[]},{"id":354320,"url":"https:\/\/casadecampoliving.com\/es\/exposicion-internacional-colectiva-itinerante-de-mujeres-migrantes-el-arte-de-ser-mujer-en-wao-galeria-by-pbo\/","url_meta":{"origin":351769,"position":3},"title":"Exposici\u00f3n Internacional Colectiva Itinerante de Mujeres Migrantes \u00abEl Arte de Ser Mujer\u00bb en WAO Galeria by PBO","author":"Casa de Campo Living","date":"23 Mar, 2022","format":false,"excerpt":"En motivo del mes de la mujer, Arte Latino presenta una especial exposici\u00f3n colectiva de mujeres artistas alrededor del mundo. \u201cEn la Superficie\u201d por Marina Badenas \u201cEn la Superficie\u201d por Marina Badenas La colectiva incluye obras de las leyendas vivientes del Arte Latinoamericano Elsa N\u00fa\u00f1ez y Rosa Tavares, as\u00ed como\u2026","rel":"","context":"En \u00abAltos de Chavon @es\u00bb","block_context":{"text":"Altos de Chavon @es","link":"https:\/\/casadecampoliving.com\/category\/altos-de-chavon-es\/"},"img":{"alt_text":"","src":"https:\/\/i0.wp.com\/casadecampoliving.com\/wp-content\/uploads\/2022\/10\/elsa-nunez-duerme-tranquila-el-senor-tiene-el-control-acrilica-40x45-pulgadas-1.jpg?fit=960%2C834&ssl=1&resize=350%2C200","width":350,"height":200,"srcset":"https:\/\/i0.wp.com\/casadecampoliving.com\/wp-content\/uploads\/2022\/10\/elsa-nunez-duerme-tranquila-el-senor-tiene-el-control-acrilica-40x45-pulgadas-1.jpg?fit=960%2C834&ssl=1&resize=350%2C200 1x, https:\/\/i0.wp.com\/casadecampoliving.com\/wp-content\/uploads\/2022\/10\/elsa-nunez-duerme-tranquila-el-senor-tiene-el-control-acrilica-40x45-pulgadas-1.jpg?fit=960%2C834&ssl=1&resize=525%2C300 1.5x, https:\/\/i0.wp.com\/casadecampoliving.com\/wp-content\/uploads\/2022\/10\/elsa-nunez-duerme-tranquila-el-senor-tiene-el-control-acrilica-40x45-pulgadas-1.jpg?fit=960%2C834&ssl=1&resize=700%2C400 2x"},"classes":[]},{"id":354331,"url":"https:\/\/casadecampoliving.com\/es\/wao-gallery-abre-sus-puertas-a-la-exposicion-internacional-colectiva-itinerante-fisica-y-digital-de-mujeres-migrantes\/","url_meta":{"origin":351769,"position":4},"title":"WAO Gallery abre sus puertas a la Exposici\u00f3n Internacional Colectiva Itinerante F\u00edsica y Digital de Mujeres Migrantes","author":"Casa de Campo Living","date":"29 Mar, 2022","format":false,"excerpt":"El pasado viernes 25 de marzo de 2022, la Galer\u00eda y Centro Cultural WAO - We Are One - con el apoyo y colaboraci\u00f3n del Ministerio de la Mujer, presentaron una innovadora exposici\u00f3n itinerante de artistas internacionales que combina lo f\u00edsico con lo digital e introduce el mundo Crypto y\u2026","rel":"","context":"En \u00abAltos de Chavon @es\u00bb","block_context":{"text":"Altos de Chavon @es","link":"https:\/\/casadecampoliving.com\/category\/altos-de-chavon-es\/"},"img":{"alt_text":"","src":"https:\/\/i0.wp.com\/casadecampoliving.com\/wp-content\/uploads\/2022\/10\/DSC06391-1.jpg?fit=1000%2C667&ssl=1&resize=350%2C200","width":350,"height":200,"srcset":"https:\/\/i0.wp.com\/casadecampoliving.com\/wp-content\/uploads\/2022\/10\/DSC06391-1.jpg?fit=1000%2C667&ssl=1&resize=350%2C200 1x, https:\/\/i0.wp.com\/casadecampoliving.com\/wp-content\/uploads\/2022\/10\/DSC06391-1.jpg?fit=1000%2C667&ssl=1&resize=525%2C300 1.5x, https:\/\/i0.wp.com\/casadecampoliving.com\/wp-content\/uploads\/2022\/10\/DSC06391-1.jpg?fit=1000%2C667&ssl=1&resize=700%2C400 2x"},"classes":[]},{"id":353493,"url":"https:\/\/casadecampoliving.com\/es\/la-galeria-altos-de-chavon-presentara-la-exhicion-geometria-de-color-del-artista-javier-miranda\/","url_meta":{"origin":351769,"position":5},"title":"La Galer\u00eda Altos de Chav\u00f3n presentar\u00e1 la exhici\u00f3n \u201cGeometr\u00eda de color\u201d del artista Javier Miranda.","author":"Casa de Campo Living","date":"15 Jul, 2019","format":false,"excerpt":"La Galer\u00eda Altos de Chav\u00f3n presentar\u00e1 a partir del mi\u00e9rcoles 17 de julio hasta el 12 de agosto, la exhibici\u00f3n del artista venezolano destacado en el \u00e1rea de la escultura, Javier Miranda. Javier Miranda, a temprana edad, empieza a interesarse en el antiguo arte de plegar papeles llamado Origami, originando\u2026","rel":"","context":"En \u00abAltos de Chavon @es\u00bb","block_context":{"text":"Altos de Chavon @es","link":"https:\/\/casadecampoliving.com\/category\/altos-de-chavon-es\/"},"img":{"alt_text":"","src":"https:\/\/i0.wp.com\/casadecampoliving.com\/wp-content\/uploads\/2022\/10\/Javier-Miranda.jpg?fit=1000%2C662&ssl=1&resize=350%2C200","width":350,"height":200,"srcset":"https:\/\/i0.wp.com\/casadecampoliving.com\/wp-content\/uploads\/2022\/10\/Javier-Miranda.jpg?fit=1000%2C662&ssl=1&resize=350%2C200 1x, https:\/\/i0.wp.com\/casadecampoliving.com\/wp-content\/uploads\/2022\/10\/Javier-Miranda.jpg?fit=1000%2C662&ssl=1&resize=525%2C300 1.5x, https:\/\/i0.wp.com\/casadecampoliving.com\/wp-content\/uploads\/2022\/10\/Javier-Miranda.jpg?fit=1000%2C662&ssl=1&resize=700%2C400 2x"},"classes":[]}],"jetpack_sharing_enabled":true,"_links":{"self":[{"href":"https:\/\/casadecampoliving.com\/es\/wp-json\/wp\/v2\/posts\/351769","targetHints":{"allow":["GET"]}}],"collection":[{"href":"https:\/\/casadecampoliving.com\/es\/wp-json\/wp\/v2\/posts"}],"about":[{"href":"https:\/\/casadecampoliving.com\/es\/wp-json\/wp\/v2\/types\/post"}],"author":[{"embeddable":true,"href":"https:\/\/casadecampoliving.com\/es\/wp-json\/wp\/v2\/users\/36791"}],"replies":[{"embeddable":true,"href":"https:\/\/casadecampoliving.com\/es\/wp-json\/wp\/v2\/comments?post=351769"}],"version-history":[{"count":2,"href":"https:\/\/casadecampoliving.com\/es\/wp-json\/wp\/v2\/posts\/351769\/revisions"}],"predecessor-version":[{"id":509284,"href":"https:\/\/casadecampoliving.com\/es\/wp-json\/wp\/v2\/posts\/351769\/revisions\/509284"}],"wp:featuredmedia":[{"embeddable":true,"href":"https:\/\/casadecampoliving.com\/es\/wp-json\/wp\/v2\/media\/306326"}],"wp:attachment":[{"href":"https:\/\/casadecampoliving.com\/es\/wp-json\/wp\/v2\/media?parent=351769"}],"wp:term":[{"taxonomy":"category","embeddable":true,"href":"https:\/\/casadecampoliving.com\/es\/wp-json\/wp\/v2\/categories?post=351769"},{"taxonomy":"post_tag","embeddable":true,"href":"https:\/\/casadecampoliving.com\/es\/wp-json\/wp\/v2\/tags?post=351769"},{"taxonomy":"newspack_spnsrs_tax","embeddable":true,"href":"https:\/\/casadecampoliving.com\/es\/wp-json\/wp\/v2\/newspack_spnsrs_tax?post=351769"}],"curies":[{"name":"wp","href":"https:\/\/api.w.org\/{rel}","templated":true}]}}