{"id":351750,"date":"2017-07-21T00:00:00","date_gmt":"2017-07-21T04:00:00","guid":{"rendered":"https:\/\/casadecampoliving.com\/no-te-pierdas-la-fiesta-blanca-de-manana-con-musica-y-danza-en-la-plaza-portofino\/"},"modified":"2022-10-21T19:03:06","modified_gmt":"2022-10-21T23:03:06","slug":"no-te-pierdas-la-fiesta-blanca-de-manana-con-musica-y-danza-en-la-plaza-portofino","status":"publish","type":"post","link":"https:\/\/casadecampoliving.com\/es\/no-te-pierdas-la-fiesta-blanca-de-manana-con-musica-y-danza-en-la-plaza-portofino\/","title":{"rendered":"\u00a1No te pierdas la Fiesta Blanca de ma\u00f1ana con m\u00fasica y danza en la Plaza Portofino!"},"content":{"rendered":"\n<p>\u00a1Una \u201cFiesta de blanco\u201d es una manera popular de celebrar el verano! Este s\u00e1bado, 22 de julio la Marina Casa de Campo le invita a disfrutar de una noche de m\u00fasica en vivo con la artista italiana Elisabetta Catania en la Plaza Portofino \u2013 es una gran oportunidad para visitar La Marina y disfrutar de una c\u00e1lida noche de verano.<br>\n<\/p>\n\n\n\n<!--more-->\n\n\n\n<p>Elisabetta Catania, es una cantan habitual en Plaza Portofino. Hace unos meses, tuvo una presentaci\u00f3n muy animada que fue acompa\u00f1ada por los estudiantes de Stage Art Studio. Siempre ha tenido una pasi\u00f3n por el canto y cuando era adolescente pasaba sus d\u00edas en <em>Discomania<\/em>,&nbsp;<em>el templo de la m\u00fasica<\/em> en la calle Fillungo en Lucca. All\u00ed conoci\u00f3 a artistas populares italianos, entre ellos Vasco Rossi, Pooh, Renato Zero y Gianni Morandi. Hace 20 a\u00f1os comenz\u00f3 a cantar profesionalmente, y este pasado enero se present\u00f3 por primera vez en la Marina de Casa de Campo. Desde entonces, se ha convertido en una habitual en el restaurante La Ca\u00f1a.<\/p>\n\n\n\n<p class=\"has-text-align-center\"><iframe loading=\"lazy\" src=\"https:\/\/www.youtube.com\/embed\/-PVboEkDFOU\" width=\"560\" height=\"315\" frameborder=\"0\" allowfullscreen=\"allowfullscreen\" data-mce-fragment=\"1\"><\/iframe><\/p>\n\n\n\n<p class=\"has-text-align-left\">Con la actuaci\u00f3n que se lleva a cabo en la Plaza Portofino, puede cenar en el restaurante de su elecci\u00f3n y a\u00fan as\u00ed apreciar la m\u00fasica y compartir tiempo de calidad con sus amigos y familiares \u2013 \u00a1no te olvides de usar blanco!<\/p>\n\n\n\n<blockquote><h2>Fiesta de B<strong>lanco<\/strong><\/h2><figure><img decoding=\"async\" loading=\"lazy\" class=\"aligncenter size-full wp-image-144580\" src=\"https:\/\/i0.wp.com\/casadecampoliving.com\/wp-content\/uploads\/2022\/10\/Elisabetta-Catania-La-Marina-Casa-de-Campo.jpg?resize=900%2C506&amp;ssl=1\" alt=\"\" width=\"900\" height=\"506\"><\/figure><p><strong>Cu\u00e1ndo:<\/strong> S\u00e1bado 22 de julio, a partir de las 9:30 pm<\/p><p><strong>D\u00f3nde:<\/strong> Plaza Portofino, Marina Casa de Campo<\/p><p><strong>Costo<\/strong>: \u00a1Es gratis!<\/p><p><strong>Contacto<\/strong>: Limoncello, Peperoni, Azimut Caf\u00e9, o 30Sinco para m\u00e1s informaci\u00f3n<\/p><\/blockquote>\n","protected":false},"excerpt":{"rendered":"<p>\u00a1Una \u201cFiesta de blanco\u201d es una manera popular de celebrar el verano! Este s\u00e1bado, 22 de julio la Marina Casa de Campo le invita a disfrutar de una noche de m\u00fasica en vivo con la artista italiana Elisabetta Catania en la Plaza Portofino \u2013 es una gran oportunidad para visitar La Marina y disfrutar de [&hellip;]<\/p>\n","protected":false},"author":36682,"featured_media":305691,"comment_status":"closed","ping_status":"closed","sticky":false,"template":"","format":"standard","meta":{"newspack_ads_suppress_ads":false,"newspack_popups_has_disabled_popups":false,"newspack_sponsor_sponsorship_scope":"","newspack_sponsor_native_byline_display":"inherit","newspack_sponsor_native_category_display":"inherit","newspack_sponsor_underwriter_style":"inherit","newspack_sponsor_underwriter_placement":"inherit","_newspack_byline_active":false,"_newspack_byline":"","newspack_hide_updated_date":false,"newspack_show_updated_date":false,"newspack_content_restriction_is_exempt":false,"newspack_featured_image_position":"","newspack_post_subtitle":"","newspack_article_summary_title":"Overview:","newspack_article_summary":"","_jetpack_memberships_contains_paid_content":false,"footnotes":"","jetpack_publicize_message":"","jetpack_publicize_feature_enabled":true,"jetpack_social_post_already_shared":false,"jetpack_social_options":{"image_generator_settings":{"template":"highway","default_image_id":0,"font":"","enabled":false},"version":2},"_wpas_customize_per_network":false},"categories":[14631,2522,26581,14625,14627,2521,2498,19622,2531],"tags":[2916,6418,12971,2590,5751],"newspack_spnsrs_tax":[],"class_list":["post-351750","post","type-post","status-publish","format-standard","has-post-thumbnail","hentry","category-estilo-de-vida","category-eventos-es","category-la-marina-casa-de-campo","category-noticias-locales","category-proximamente","category-republica-dominicana-2","category-uncategorized-es","category-video-es-2","category-video-es","tag-baile","tag-danza","tag-diversion","tag-la-marina-casa-de-campo","tag-musica","entry"],"yoast_head":"<!-- This site is optimized with the Yoast SEO plugin v27.4 - https:\/\/yoast.com\/product\/yoast-seo-wordpress\/ -->\n<title>\u00a1No te pierdas la Fiesta Blanca de ma\u00f1ana con m\u00fasica y danza en la Plaza Portofino! | Casa de Campo Living<\/title>\n<meta name=\"description\" content=\"\u00a1Una \u201cFiesta de blanco\u201d es una manera popular de celebrar el verano! Este s\u00e1bado, 22 de julio la Marina Casa de Campo le invita a disfrutar de una noche\" \/>\n<meta name=\"robots\" content=\"index, follow, max-snippet:-1, max-image-preview:large, max-video-preview:-1\" \/>\n<link rel=\"canonical\" href=\"https:\/\/casadecampoliving.com\/es\/no-te-pierdas-la-fiesta-blanca-de-manana-con-musica-y-danza-en-la-plaza-portofino\/\" \/>\n<meta property=\"og:locale\" content=\"es_ES\" \/>\n<meta property=\"og:type\" content=\"article\" \/>\n<meta property=\"og:title\" content=\"\u00a1No te pierdas la Fiesta Blanca de ma\u00f1ana con m\u00fasica y danza en la Plaza Portofino! | Casa de Campo Living\" \/>\n<meta property=\"og:description\" content=\"\u00a1Una \u201cFiesta de blanco\u201d es una manera popular de celebrar el verano! Este s\u00e1bado, 22 de julio la Marina Casa de Campo le invita a disfrutar de una noche\" \/>\n<meta property=\"og:url\" content=\"https:\/\/casadecampoliving.com\/es\/no-te-pierdas-la-fiesta-blanca-de-manana-con-musica-y-danza-en-la-plaza-portofino\/\" \/>\n<meta property=\"og:site_name\" content=\"Casa de Campo Living\" \/>\n<meta property=\"article:publisher\" content=\"https:\/\/www.facebook.com\/casadecampoliving\" \/>\n<meta property=\"article:published_time\" content=\"2017-07-21T04:00:00+00:00\" \/>\n<meta property=\"article:modified_time\" content=\"2022-10-21T23:03:06+00:00\" \/>\n<meta property=\"og:image\" content=\"https:\/\/i0.wp.com\/casadecampoliving.com\/wp-content\/uploads\/2022\/10\/IMG_7639.jpg?fit=1000%2C604&ssl=1\" \/>\n\t<meta property=\"og:image:width\" content=\"1000\" \/>\n\t<meta property=\"og:image:height\" content=\"604\" \/>\n\t<meta property=\"og:image:type\" content=\"image\/jpeg\" \/>\n<meta name=\"author\" content=\"Marlenys Guzm\u00e1n Casta\u00f1os\" \/>\n<meta name=\"twitter:card\" content=\"summary_large_image\" \/>\n<meta name=\"twitter:creator\" content=\"@cdcliving\" \/>\n<meta name=\"twitter:site\" content=\"@cdcliving\" \/>\n<meta name=\"twitter:label1\" content=\"Escrito por\" \/>\n\t<meta name=\"twitter:data1\" content=\"Marlenys Guzm\u00e1n Casta\u00f1os\" \/>\n\t<meta name=\"twitter:label2\" content=\"Tiempo de lectura\" \/>\n\t<meta name=\"twitter:data2\" content=\"1 minuto\" \/>\n<script type=\"application\/ld+json\" class=\"yoast-schema-graph\">{\"@context\":\"https:\\\/\\\/schema.org\",\"@graph\":[{\"@type\":\"Article\",\"@id\":\"https:\\\/\\\/casadecampoliving.com\\\/es\\\/no-te-pierdas-la-fiesta-blanca-de-manana-con-musica-y-danza-en-la-plaza-portofino\\\/#article\",\"isPartOf\":{\"@id\":\"https:\\\/\\\/casadecampoliving.com\\\/es\\\/no-te-pierdas-la-fiesta-blanca-de-manana-con-musica-y-danza-en-la-plaza-portofino\\\/\"},\"author\":{\"name\":\"Marlenys Guzm\u00e1n Casta\u00f1os\",\"@id\":\"https:\\\/\\\/casadecampoliving.com\\\/es\\\/#\\\/schema\\\/person\\\/b6606bd87f9cec8f5903e2141cafda24\"},\"headline\":\"\u00a1No te pierdas la Fiesta Blanca de ma\u00f1ana con m\u00fasica y danza en la Plaza Portofino!\",\"datePublished\":\"2017-07-21T04:00:00+00:00\",\"dateModified\":\"2022-10-21T23:03:06+00:00\",\"mainEntityOfPage\":{\"@id\":\"https:\\\/\\\/casadecampoliving.com\\\/es\\\/no-te-pierdas-la-fiesta-blanca-de-manana-con-musica-y-danza-en-la-plaza-portofino\\\/\"},\"wordCount\":276,\"publisher\":{\"@id\":\"https:\\\/\\\/casadecampoliving.com\\\/es\\\/#organization\"},\"image\":{\"@id\":\"https:\\\/\\\/casadecampoliving.com\\\/es\\\/no-te-pierdas-la-fiesta-blanca-de-manana-con-musica-y-danza-en-la-plaza-portofino\\\/#primaryimage\"},\"thumbnailUrl\":\"https:\\\/\\\/i0.wp.com\\\/casadecampoliving.com\\\/wp-content\\\/uploads\\\/2022\\\/10\\\/IMG_7639.jpg?fit=1000%2C604&ssl=1\",\"keywords\":[\"baile\",\"danza\",\"Diversi\u00f3n\",\"la marina casa de campo\",\"musica\"],\"articleSection\":[\"Estilo de Vida\",\"Eventos\",\"La Marina Casa de Campo\",\"Noticias Locales\",\"Proximamente\",\"Rep\u00fablica Dominicana @es\",\"Uncategorized @es\",\"Video\",\"Video @es\"],\"inLanguage\":\"es\"},{\"@type\":\"WebPage\",\"@id\":\"https:\\\/\\\/casadecampoliving.com\\\/es\\\/no-te-pierdas-la-fiesta-blanca-de-manana-con-musica-y-danza-en-la-plaza-portofino\\\/\",\"url\":\"https:\\\/\\\/casadecampoliving.com\\\/es\\\/no-te-pierdas-la-fiesta-blanca-de-manana-con-musica-y-danza-en-la-plaza-portofino\\\/\",\"name\":\"\u00a1No te pierdas la Fiesta Blanca de ma\u00f1ana con m\u00fasica y danza en la Plaza Portofino! | Casa de Campo Living\",\"isPartOf\":{\"@id\":\"https:\\\/\\\/casadecampoliving.com\\\/es\\\/#website\"},\"primaryImageOfPage\":{\"@id\":\"https:\\\/\\\/casadecampoliving.com\\\/es\\\/no-te-pierdas-la-fiesta-blanca-de-manana-con-musica-y-danza-en-la-plaza-portofino\\\/#primaryimage\"},\"image\":{\"@id\":\"https:\\\/\\\/casadecampoliving.com\\\/es\\\/no-te-pierdas-la-fiesta-blanca-de-manana-con-musica-y-danza-en-la-plaza-portofino\\\/#primaryimage\"},\"thumbnailUrl\":\"https:\\\/\\\/i0.wp.com\\\/casadecampoliving.com\\\/wp-content\\\/uploads\\\/2022\\\/10\\\/IMG_7639.jpg?fit=1000%2C604&ssl=1\",\"datePublished\":\"2017-07-21T04:00:00+00:00\",\"dateModified\":\"2022-10-21T23:03:06+00:00\",\"description\":\"\u00a1Una \u201cFiesta de blanco\u201d es una manera popular de celebrar el verano! Este s\u00e1bado, 22 de julio la Marina Casa de Campo le invita a disfrutar de una noche\",\"breadcrumb\":{\"@id\":\"https:\\\/\\\/casadecampoliving.com\\\/es\\\/no-te-pierdas-la-fiesta-blanca-de-manana-con-musica-y-danza-en-la-plaza-portofino\\\/#breadcrumb\"},\"inLanguage\":\"es\",\"potentialAction\":[{\"@type\":\"ReadAction\",\"target\":[\"https:\\\/\\\/casadecampoliving.com\\\/es\\\/no-te-pierdas-la-fiesta-blanca-de-manana-con-musica-y-danza-en-la-plaza-portofino\\\/\"]}]},{\"@type\":\"ImageObject\",\"inLanguage\":\"es\",\"@id\":\"https:\\\/\\\/casadecampoliving.com\\\/es\\\/no-te-pierdas-la-fiesta-blanca-de-manana-con-musica-y-danza-en-la-plaza-portofino\\\/#primaryimage\",\"url\":\"https:\\\/\\\/i0.wp.com\\\/casadecampoliving.com\\\/wp-content\\\/uploads\\\/2022\\\/10\\\/IMG_7639.jpg?fit=1000%2C604&ssl=1\",\"contentUrl\":\"https:\\\/\\\/i0.wp.com\\\/casadecampoliving.com\\\/wp-content\\\/uploads\\\/2022\\\/10\\\/IMG_7639.jpg?fit=1000%2C604&ssl=1\",\"width\":1000,\"height\":604},{\"@type\":\"BreadcrumbList\",\"@id\":\"https:\\\/\\\/casadecampoliving.com\\\/es\\\/no-te-pierdas-la-fiesta-blanca-de-manana-con-musica-y-danza-en-la-plaza-portofino\\\/#breadcrumb\",\"itemListElement\":[{\"@type\":\"ListItem\",\"position\":1,\"name\":\"Home\",\"item\":\"https:\\\/\\\/casadecampoliving.com\\\/es\\\/\"},{\"@type\":\"ListItem\",\"position\":2,\"name\":\"\u00a1No te pierdas la Fiesta Blanca de ma\u00f1ana con m\u00fasica y danza en la Plaza Portofino!\"}]},{\"@type\":\"WebSite\",\"@id\":\"https:\\\/\\\/casadecampoliving.com\\\/es\\\/#website\",\"url\":\"https:\\\/\\\/casadecampoliving.com\\\/es\\\/\",\"name\":\"Casa de Campo Living\",\"description\":\"Resort community news and resources.\",\"publisher\":{\"@id\":\"https:\\\/\\\/casadecampoliving.com\\\/es\\\/#organization\"},\"potentialAction\":[{\"@type\":\"SearchAction\",\"target\":{\"@type\":\"EntryPoint\",\"urlTemplate\":\"https:\\\/\\\/casadecampoliving.com\\\/es\\\/?s={search_term_string}\"},\"query-input\":{\"@type\":\"PropertyValueSpecification\",\"valueRequired\":true,\"valueName\":\"search_term_string\"}}],\"inLanguage\":\"es\"},{\"@type\":\"Organization\",\"@id\":\"https:\\\/\\\/casadecampoliving.com\\\/es\\\/#organization\",\"name\":\"Casa de Campo Living\",\"url\":\"https:\\\/\\\/casadecampoliving.com\\\/es\\\/\",\"logo\":{\"@type\":\"ImageObject\",\"inLanguage\":\"es\",\"@id\":\"https:\\\/\\\/casadecampoliving.com\\\/es\\\/#\\\/schema\\\/logo\\\/image\\\/\",\"url\":\"https:\\\/\\\/i0.wp.com\\\/casadecampoliving.com\\\/wp-content\\\/uploads\\\/2022\\\/07\\\/CDCLivingLogo_V1-white-sized.png?fit=800%2C214&ssl=1\",\"contentUrl\":\"https:\\\/\\\/i0.wp.com\\\/casadecampoliving.com\\\/wp-content\\\/uploads\\\/2022\\\/07\\\/CDCLivingLogo_V1-white-sized.png?fit=800%2C214&ssl=1\",\"width\":800,\"height\":214,\"caption\":\"Casa de Campo Living\"},\"image\":{\"@id\":\"https:\\\/\\\/casadecampoliving.com\\\/es\\\/#\\\/schema\\\/logo\\\/image\\\/\"},\"sameAs\":[\"https:\\\/\\\/www.facebook.com\\\/casadecampoliving\",\"https:\\\/\\\/x.com\\\/cdcliving\"]},{\"@type\":\"Person\",\"@id\":\"https:\\\/\\\/casadecampoliving.com\\\/es\\\/#\\\/schema\\\/person\\\/b6606bd87f9cec8f5903e2141cafda24\",\"name\":\"Marlenys Guzm\u00e1n Casta\u00f1os\",\"image\":{\"@type\":\"ImageObject\",\"inLanguage\":\"es\",\"@id\":\"https:\\\/\\\/secure.gravatar.com\\\/avatar\\\/72f3f86b8e6b3ec744201aeadf11d4a6055e8af194aecd9ad30ffff4437878ee?s=96&d=mm&r=g\",\"url\":\"https:\\\/\\\/secure.gravatar.com\\\/avatar\\\/72f3f86b8e6b3ec744201aeadf11d4a6055e8af194aecd9ad30ffff4437878ee?s=96&d=mm&r=g\",\"contentUrl\":\"https:\\\/\\\/secure.gravatar.com\\\/avatar\\\/72f3f86b8e6b3ec744201aeadf11d4a6055e8af194aecd9ad30ffff4437878ee?s=96&d=mm&r=g\",\"caption\":\"Marlenys Guzm\u00e1n Casta\u00f1os\"},\"url\":\"https:\\\/\\\/casadecampoliving.com\\\/es\\\/author\\\/mguzman\\\/\"}]}<\/script>\n<!-- \/ Yoast SEO plugin. -->","yoast_head_json":{"title":"\u00a1No te pierdas la Fiesta Blanca de ma\u00f1ana con m\u00fasica y danza en la Plaza Portofino! | Casa de Campo Living","description":"\u00a1Una \u201cFiesta de blanco\u201d es una manera popular de celebrar el verano! Este s\u00e1bado, 22 de julio la Marina Casa de Campo le invita a disfrutar de una noche","robots":{"index":"index","follow":"follow","max-snippet":"max-snippet:-1","max-image-preview":"max-image-preview:large","max-video-preview":"max-video-preview:-1"},"canonical":"https:\/\/casadecampoliving.com\/es\/no-te-pierdas-la-fiesta-blanca-de-manana-con-musica-y-danza-en-la-plaza-portofino\/","og_locale":"es_ES","og_type":"article","og_title":"\u00a1No te pierdas la Fiesta Blanca de ma\u00f1ana con m\u00fasica y danza en la Plaza Portofino! | Casa de Campo Living","og_description":"\u00a1Una \u201cFiesta de blanco\u201d es una manera popular de celebrar el verano! Este s\u00e1bado, 22 de julio la Marina Casa de Campo le invita a disfrutar de una noche","og_url":"https:\/\/casadecampoliving.com\/es\/no-te-pierdas-la-fiesta-blanca-de-manana-con-musica-y-danza-en-la-plaza-portofino\/","og_site_name":"Casa de Campo Living","article_publisher":"https:\/\/www.facebook.com\/casadecampoliving","article_published_time":"2017-07-21T04:00:00+00:00","article_modified_time":"2022-10-21T23:03:06+00:00","og_image":[{"width":1000,"height":604,"url":"https:\/\/i0.wp.com\/casadecampoliving.com\/wp-content\/uploads\/2022\/10\/IMG_7639.jpg?fit=1000%2C604&ssl=1","type":"image\/jpeg"}],"author":"Marlenys Guzm\u00e1n Casta\u00f1os","twitter_card":"summary_large_image","twitter_creator":"@cdcliving","twitter_site":"@cdcliving","twitter_misc":{"Escrito por":"Marlenys Guzm\u00e1n Casta\u00f1os","Tiempo de lectura":"1 minuto"},"schema":{"@context":"https:\/\/schema.org","@graph":[{"@type":"Article","@id":"https:\/\/casadecampoliving.com\/es\/no-te-pierdas-la-fiesta-blanca-de-manana-con-musica-y-danza-en-la-plaza-portofino\/#article","isPartOf":{"@id":"https:\/\/casadecampoliving.com\/es\/no-te-pierdas-la-fiesta-blanca-de-manana-con-musica-y-danza-en-la-plaza-portofino\/"},"author":{"name":"Marlenys Guzm\u00e1n Casta\u00f1os","@id":"https:\/\/casadecampoliving.com\/es\/#\/schema\/person\/b6606bd87f9cec8f5903e2141cafda24"},"headline":"\u00a1No te pierdas la Fiesta Blanca de ma\u00f1ana con m\u00fasica y danza en la Plaza Portofino!","datePublished":"2017-07-21T04:00:00+00:00","dateModified":"2022-10-21T23:03:06+00:00","mainEntityOfPage":{"@id":"https:\/\/casadecampoliving.com\/es\/no-te-pierdas-la-fiesta-blanca-de-manana-con-musica-y-danza-en-la-plaza-portofino\/"},"wordCount":276,"publisher":{"@id":"https:\/\/casadecampoliving.com\/es\/#organization"},"image":{"@id":"https:\/\/casadecampoliving.com\/es\/no-te-pierdas-la-fiesta-blanca-de-manana-con-musica-y-danza-en-la-plaza-portofino\/#primaryimage"},"thumbnailUrl":"https:\/\/i0.wp.com\/casadecampoliving.com\/wp-content\/uploads\/2022\/10\/IMG_7639.jpg?fit=1000%2C604&ssl=1","keywords":["baile","danza","Diversi\u00f3n","la marina casa de campo","musica"],"articleSection":["Estilo de Vida","Eventos","La Marina Casa de Campo","Noticias Locales","Proximamente","Rep\u00fablica Dominicana @es","Uncategorized @es","Video","Video @es"],"inLanguage":"es"},{"@type":"WebPage","@id":"https:\/\/casadecampoliving.com\/es\/no-te-pierdas-la-fiesta-blanca-de-manana-con-musica-y-danza-en-la-plaza-portofino\/","url":"https:\/\/casadecampoliving.com\/es\/no-te-pierdas-la-fiesta-blanca-de-manana-con-musica-y-danza-en-la-plaza-portofino\/","name":"\u00a1No te pierdas la Fiesta Blanca de ma\u00f1ana con m\u00fasica y danza en la Plaza Portofino! | Casa de Campo Living","isPartOf":{"@id":"https:\/\/casadecampoliving.com\/es\/#website"},"primaryImageOfPage":{"@id":"https:\/\/casadecampoliving.com\/es\/no-te-pierdas-la-fiesta-blanca-de-manana-con-musica-y-danza-en-la-plaza-portofino\/#primaryimage"},"image":{"@id":"https:\/\/casadecampoliving.com\/es\/no-te-pierdas-la-fiesta-blanca-de-manana-con-musica-y-danza-en-la-plaza-portofino\/#primaryimage"},"thumbnailUrl":"https:\/\/i0.wp.com\/casadecampoliving.com\/wp-content\/uploads\/2022\/10\/IMG_7639.jpg?fit=1000%2C604&ssl=1","datePublished":"2017-07-21T04:00:00+00:00","dateModified":"2022-10-21T23:03:06+00:00","description":"\u00a1Una \u201cFiesta de blanco\u201d es una manera popular de celebrar el verano! Este s\u00e1bado, 22 de julio la Marina Casa de Campo le invita a disfrutar de una noche","breadcrumb":{"@id":"https:\/\/casadecampoliving.com\/es\/no-te-pierdas-la-fiesta-blanca-de-manana-con-musica-y-danza-en-la-plaza-portofino\/#breadcrumb"},"inLanguage":"es","potentialAction":[{"@type":"ReadAction","target":["https:\/\/casadecampoliving.com\/es\/no-te-pierdas-la-fiesta-blanca-de-manana-con-musica-y-danza-en-la-plaza-portofino\/"]}]},{"@type":"ImageObject","inLanguage":"es","@id":"https:\/\/casadecampoliving.com\/es\/no-te-pierdas-la-fiesta-blanca-de-manana-con-musica-y-danza-en-la-plaza-portofino\/#primaryimage","url":"https:\/\/i0.wp.com\/casadecampoliving.com\/wp-content\/uploads\/2022\/10\/IMG_7639.jpg?fit=1000%2C604&ssl=1","contentUrl":"https:\/\/i0.wp.com\/casadecampoliving.com\/wp-content\/uploads\/2022\/10\/IMG_7639.jpg?fit=1000%2C604&ssl=1","width":1000,"height":604},{"@type":"BreadcrumbList","@id":"https:\/\/casadecampoliving.com\/es\/no-te-pierdas-la-fiesta-blanca-de-manana-con-musica-y-danza-en-la-plaza-portofino\/#breadcrumb","itemListElement":[{"@type":"ListItem","position":1,"name":"Home","item":"https:\/\/casadecampoliving.com\/es\/"},{"@type":"ListItem","position":2,"name":"\u00a1No te pierdas la Fiesta Blanca de ma\u00f1ana con m\u00fasica y danza en la Plaza Portofino!"}]},{"@type":"WebSite","@id":"https:\/\/casadecampoliving.com\/es\/#website","url":"https:\/\/casadecampoliving.com\/es\/","name":"Casa de Campo Living","description":"Resort community news and resources.","publisher":{"@id":"https:\/\/casadecampoliving.com\/es\/#organization"},"potentialAction":[{"@type":"SearchAction","target":{"@type":"EntryPoint","urlTemplate":"https:\/\/casadecampoliving.com\/es\/?s={search_term_string}"},"query-input":{"@type":"PropertyValueSpecification","valueRequired":true,"valueName":"search_term_string"}}],"inLanguage":"es"},{"@type":"Organization","@id":"https:\/\/casadecampoliving.com\/es\/#organization","name":"Casa de Campo Living","url":"https:\/\/casadecampoliving.com\/es\/","logo":{"@type":"ImageObject","inLanguage":"es","@id":"https:\/\/casadecampoliving.com\/es\/#\/schema\/logo\/image\/","url":"https:\/\/i0.wp.com\/casadecampoliving.com\/wp-content\/uploads\/2022\/07\/CDCLivingLogo_V1-white-sized.png?fit=800%2C214&ssl=1","contentUrl":"https:\/\/i0.wp.com\/casadecampoliving.com\/wp-content\/uploads\/2022\/07\/CDCLivingLogo_V1-white-sized.png?fit=800%2C214&ssl=1","width":800,"height":214,"caption":"Casa de Campo Living"},"image":{"@id":"https:\/\/casadecampoliving.com\/es\/#\/schema\/logo\/image\/"},"sameAs":["https:\/\/www.facebook.com\/casadecampoliving","https:\/\/x.com\/cdcliving"]},{"@type":"Person","@id":"https:\/\/casadecampoliving.com\/es\/#\/schema\/person\/b6606bd87f9cec8f5903e2141cafda24","name":"Marlenys Guzm\u00e1n Casta\u00f1os","image":{"@type":"ImageObject","inLanguage":"es","@id":"https:\/\/secure.gravatar.com\/avatar\/72f3f86b8e6b3ec744201aeadf11d4a6055e8af194aecd9ad30ffff4437878ee?s=96&d=mm&r=g","url":"https:\/\/secure.gravatar.com\/avatar\/72f3f86b8e6b3ec744201aeadf11d4a6055e8af194aecd9ad30ffff4437878ee?s=96&d=mm&r=g","contentUrl":"https:\/\/secure.gravatar.com\/avatar\/72f3f86b8e6b3ec744201aeadf11d4a6055e8af194aecd9ad30ffff4437878ee?s=96&d=mm&r=g","caption":"Marlenys Guzm\u00e1n Casta\u00f1os"},"url":"https:\/\/casadecampoliving.com\/es\/author\/mguzman\/"}]}},"parsely":{"version":"1.1.0","canonical_url":"https:\/\/casadecampoliving.com\/es\/no-te-pierdas-la-fiesta-blanca-de-manana-con-musica-y-danza-en-la-plaza-portofino\/","smart_links":{"inbound":0,"outbound":0},"traffic_boost_suggestions_count":0,"meta":{"@context":"https:\/\/schema.org","@type":"NewsArticle","headline":"\u00a1No te pierdas la Fiesta Blanca de ma\u00f1ana con m\u00fasica y danza en la Plaza Portofino!","url":"http:\/\/casadecampoliving.com\/es\/no-te-pierdas-la-fiesta-blanca-de-manana-con-musica-y-danza-en-la-plaza-portofino\/","mainEntityOfPage":{"@type":"WebPage","@id":"http:\/\/casadecampoliving.com\/es\/no-te-pierdas-la-fiesta-blanca-de-manana-con-musica-y-danza-en-la-plaza-portofino\/"},"thumbnailUrl":"https:\/\/i0.wp.com\/casadecampoliving.com\/wp-content\/uploads\/2022\/10\/IMG_7639.jpg?resize=150%2C150&ssl=1","image":{"@type":"ImageObject","url":"https:\/\/i0.wp.com\/casadecampoliving.com\/wp-content\/uploads\/2022\/10\/IMG_7639.jpg?fit=1000%2C604&ssl=1"},"articleSection":"Estilo de Vida","author":[{"@type":"Person","name":"Marlenys Guzm\u00e1n Casta\u00f1os"}],"creator":["Marlenys Guzm\u00e1n Casta\u00f1os"],"publisher":{"@type":"Organization","name":"Casa de Campo Living","logo":"https:\/\/casadecampoliving.com\/wp-content\/uploads\/2022\/07\/CDCLivingLogo_V1-white-sized.png"},"keywords":["baile","danza","diversi\u00f3n","la marina casa de campo","musica"],"dateCreated":"2017-07-21T04:00:00Z","datePublished":"2017-07-21T04:00:00Z","dateModified":"2022-10-21T23:03:06Z"},"rendered":"<script type=\"application\/ld+json\" class=\"wp-parsely-metadata\">{\"@context\":\"https:\\\/\\\/schema.org\",\"@type\":\"NewsArticle\",\"headline\":\"\\u00a1No te pierdas la Fiesta Blanca de ma\\u00f1ana con m\\u00fasica y danza en la Plaza Portofino!\",\"url\":\"http:\\\/\\\/casadecampoliving.com\\\/es\\\/no-te-pierdas-la-fiesta-blanca-de-manana-con-musica-y-danza-en-la-plaza-portofino\\\/\",\"mainEntityOfPage\":{\"@type\":\"WebPage\",\"@id\":\"http:\\\/\\\/casadecampoliving.com\\\/es\\\/no-te-pierdas-la-fiesta-blanca-de-manana-con-musica-y-danza-en-la-plaza-portofino\\\/\"},\"thumbnailUrl\":\"https:\\\/\\\/i0.wp.com\\\/casadecampoliving.com\\\/wp-content\\\/uploads\\\/2022\\\/10\\\/IMG_7639.jpg?resize=150%2C150&ssl=1\",\"image\":{\"@type\":\"ImageObject\",\"url\":\"https:\\\/\\\/i0.wp.com\\\/casadecampoliving.com\\\/wp-content\\\/uploads\\\/2022\\\/10\\\/IMG_7639.jpg?fit=1000%2C604&ssl=1\"},\"articleSection\":\"Estilo de Vida\",\"author\":[{\"@type\":\"Person\",\"name\":\"Marlenys Guzm\\u00e1n Casta\\u00f1os\"}],\"creator\":[\"Marlenys Guzm\\u00e1n Casta\\u00f1os\"],\"publisher\":{\"@type\":\"Organization\",\"name\":\"Casa de Campo Living\",\"logo\":\"https:\\\/\\\/casadecampoliving.com\\\/wp-content\\\/uploads\\\/2022\\\/07\\\/CDCLivingLogo_V1-white-sized.png\"},\"keywords\":[\"baile\",\"danza\",\"diversi\\u00f3n\",\"la marina casa de campo\",\"musica\"],\"dateCreated\":\"2017-07-21T04:00:00Z\",\"datePublished\":\"2017-07-21T04:00:00Z\",\"dateModified\":\"2022-10-21T23:03:06Z\"}<\/script>","tracker_url":"https:\/\/cdn.parsely.com\/keys\/casadecampoliving.com\/p.js"},"jetpack_publicize_connections":[],"jetpack_featured_media_url":"https:\/\/i0.wp.com\/casadecampoliving.com\/wp-content\/uploads\/2022\/10\/IMG_7639.jpg?fit=1000%2C604&ssl=1","jetpack-related-posts":[{"id":354246,"url":"https:\/\/casadecampoliving.com\/es\/grupo-bonye-estara-en-plaza-portofino-la-marina-el-viernes-21-de-enero-no-se-lo-pierda\/","url_meta":{"origin":351750,"position":0},"title":"Grupo Bony\u00e9 estar\u00e1 en Plaza Portofino La Marina el viernes 21 de enero, \u00a1no se lo pierda!","author":"Casa de Campo Living","date":"11 Ene, 2022","format":false,"excerpt":"Este viernes 21 de enero la Marina Casa de Campo te invita a disfrutar de una noche de m\u00fasica en vivo con Grupo Bony\u00e9 en la Plaza Portofino \u2013 \u00a1es una gran oportunidad para visitar La Marina y bailar toda la noche! Grupo Bony\u00e9, una orquesta integrada por 14 m\u00fasicos\u2026","rel":"","context":"En \u00abCasa de Campo Living @es\u00bb","block_context":{"text":"Casa de Campo Living @es","link":"https:\/\/casadecampoliving.com\/category\/casa-de-campo-living-es\/"},"img":{"alt_text":"","src":"https:\/\/i0.wp.com\/casadecampoliving.com\/wp-content\/uploads\/2022\/10\/20374404_1468076263254298_1767102864798499010_n-1.jpg?fit=853%2C599&ssl=1&resize=350%2C200","width":350,"height":200,"srcset":"https:\/\/i0.wp.com\/casadecampoliving.com\/wp-content\/uploads\/2022\/10\/20374404_1468076263254298_1767102864798499010_n-1.jpg?fit=853%2C599&ssl=1&resize=350%2C200 1x, https:\/\/i0.wp.com\/casadecampoliving.com\/wp-content\/uploads\/2022\/10\/20374404_1468076263254298_1767102864798499010_n-1.jpg?fit=853%2C599&ssl=1&resize=525%2C300 1.5x, https:\/\/i0.wp.com\/casadecampoliving.com\/wp-content\/uploads\/2022\/10\/20374404_1468076263254298_1767102864798499010_n-1.jpg?fit=853%2C599&ssl=1&resize=700%2C400 2x"},"classes":[]},{"id":354336,"url":"https:\/\/casadecampoliving.com\/es\/grupo-bonye-estara-en-plaza-portofino-la-marina-el-jueves-14-de-abril-no-se-lo-pierda\/","url_meta":{"origin":351750,"position":1},"title":"Grupo Bony\u00e9 estar\u00e1 en Plaza Portofino La Marina el jueves 14 de abril, \u00a1no se lo pierda!","author":"Casa de Campo Living","date":"7 Abr, 2022","format":false,"excerpt":"El jueves 14 de abril, la Marina Casa de Campo te invita a disfrutar de una noche de m\u00fasica en vivo con Grupo Bony\u00e9 en la Plaza Portofino \u2013 \u00a1es una gran oportunidad para visitar La Marina y bailar toda la noche! Grupo Bony\u00e9,\u00a0una orquesta integrada por 14 m\u00fasicos formada\u2026","rel":"","context":"En \u00abCasa de Campo Living @es\u00bb","block_context":{"text":"Casa de Campo Living @es","link":"https:\/\/casadecampoliving.com\/category\/casa-de-campo-living-es\/"},"img":{"alt_text":"","src":"https:\/\/i0.wp.com\/casadecampoliving.com\/wp-content\/uploads\/2022\/10\/347b46d8-71bf-44d6-9628-a83f4c149fda-1.jpg?fit=1000%2C666&ssl=1&resize=350%2C200","width":350,"height":200,"srcset":"https:\/\/i0.wp.com\/casadecampoliving.com\/wp-content\/uploads\/2022\/10\/347b46d8-71bf-44d6-9628-a83f4c149fda-1.jpg?fit=1000%2C666&ssl=1&resize=350%2C200 1x, https:\/\/i0.wp.com\/casadecampoliving.com\/wp-content\/uploads\/2022\/10\/347b46d8-71bf-44d6-9628-a83f4c149fda-1.jpg?fit=1000%2C666&ssl=1&resize=525%2C300 1.5x, https:\/\/i0.wp.com\/casadecampoliving.com\/wp-content\/uploads\/2022\/10\/347b46d8-71bf-44d6-9628-a83f4c149fda-1.jpg?fit=1000%2C666&ssl=1&resize=700%2C400 2x"},"classes":[]},{"id":350763,"url":"https:\/\/casadecampoliving.com\/es\/el-ritmo-latino-de-cafe-caribe-encanto-los-visitantes-de-la-marina-casa-de-campo\/","url_meta":{"origin":351750,"position":2},"title":"El ritmo latino de Caf\u00e9 Caribe encant\u00f3 a los visitantes de La Marina Casa de Campo","author":"Heather Lincoln","date":"4 Nov, 2016","format":false,"excerpt":"Bajo un cielo estrellado, varios residentes de Casa de Campo e invitados presentes para el fin de semana Due\u00f1os 2016 y fiestas de Halloween en la Mansi\u00f3n Simply Haunted\u00a0y Genesis Nightclub llegaron a la Marina el viernes por la noche para cenar en la Plaza Portofino y disfrutar de la\u2026","rel":"","context":"En \u00abArte y cultura\u00bb","block_context":{"text":"Arte y cultura","link":"https:\/\/casadecampoliving.com\/category\/arte-y-cultura\/"},"img":{"alt_text":"Caf\u00e9 Caribe in the Marina","src":"https:\/\/i0.wp.com\/casadecampoliving.com\/wp-content\/uploads\/2022\/10\/DSC_0007-e1478286677552-1.jpg?fit=1000%2C667&ssl=1&resize=350%2C200","width":350,"height":200,"srcset":"https:\/\/i0.wp.com\/casadecampoliving.com\/wp-content\/uploads\/2022\/10\/DSC_0007-e1478286677552-1.jpg?fit=1000%2C667&ssl=1&resize=350%2C200 1x, https:\/\/i0.wp.com\/casadecampoliving.com\/wp-content\/uploads\/2022\/10\/DSC_0007-e1478286677552-1.jpg?fit=1000%2C667&ssl=1&resize=525%2C300 1.5x, https:\/\/i0.wp.com\/casadecampoliving.com\/wp-content\/uploads\/2022\/10\/DSC_0007-e1478286677552-1.jpg?fit=1000%2C667&ssl=1&resize=700%2C400 2x"},"classes":[]},{"id":352491,"url":"https:\/\/casadecampoliving.com\/es\/eddy-herrera-estara-hoy-en-plaza-portofino-no-se-lo-pierda\/","url_meta":{"origin":351750,"position":3},"title":"Eddy Herrera estar\u00e1 hoy en Plaza Portofino, \u00a1no se lo pierda!","author":"Marlenys Guzm\u00e1n Casta\u00f1os","date":"3 Mar, 2018","format":false,"excerpt":"Este s\u00e1bado, 3 de marzo, la Marina Casa de Campo lo invita a disfrutar de una noche de m\u00fasica en vivo con \u201cEl galan del merengue\u201d Eddy Herrera en Plaza Portofino. \u00a1Es una gran oportunidad para visitar La Marina y bailar toda la noche! Eddy Herrera es un merenguero dominicano\u2026","rel":"","context":"En \u00abCelebridades\u00bb","block_context":{"text":"Celebridades","link":"https:\/\/casadecampoliving.com\/es\/category\/celebridades-es\/"},"img":{"alt_text":"","src":"https:\/\/i0.wp.com\/casadecampoliving-wp.s3-accelerate.amazonaws.com\/2018\/03\/Arte-Eddy-Herrera-1-page-001-704x1024.jpg?resize=350%2C200&ssl=1","width":350,"height":200,"srcset":"https:\/\/i0.wp.com\/casadecampoliving-wp.s3-accelerate.amazonaws.com\/2018\/03\/Arte-Eddy-Herrera-1-page-001-704x1024.jpg?resize=350%2C200&ssl=1 1x, https:\/\/i0.wp.com\/casadecampoliving-wp.s3-accelerate.amazonaws.com\/2018\/03\/Arte-Eddy-Herrera-1-page-001-704x1024.jpg?resize=525%2C300&ssl=1 1.5x"},"classes":[]},{"id":329511,"url":"https:\/\/casadecampoliving.com\/dont-miss-tomorrows-music-dance-white-party-plaza-portofino\/","url_meta":{"origin":351750,"position":4},"title":"Don&#8217;t miss tomorrow&#8217;s music, dance and White Party at Plaza Portofino!","author":"Marlenys Guzm\u00e1n Casta\u00f1os","date":"21 Jul, 2017","format":false,"excerpt":"A \u201cWhite Party\u201d is a popular way to celebrate summer! This Saturday, July 22nd the Marina Casa de Campo invites you to enjoy a night of live music with Italian artist Elisabetta Catania in the Plaza Portofino \u2013 it\u2019s a great opportunity to visit La Marina and enjoy a warm\u2026","rel":"","context":"En \u00abDominican Republic\u00bb","block_context":{"text":"Dominican Republic","link":"https:\/\/casadecampoliving.com\/category\/dominican-republic\/"},"img":{"alt_text":"","src":"https:\/\/i0.wp.com\/casadecampoliving.com\/wp-content\/uploads\/2022\/10\/IMG_7639.jpg?fit=1000%2C604&ssl=1&resize=350%2C200","width":350,"height":200,"srcset":"https:\/\/i0.wp.com\/casadecampoliving.com\/wp-content\/uploads\/2022\/10\/IMG_7639.jpg?fit=1000%2C604&ssl=1&resize=350%2C200 1x, https:\/\/i0.wp.com\/casadecampoliving.com\/wp-content\/uploads\/2022\/10\/IMG_7639.jpg?fit=1000%2C604&ssl=1&resize=525%2C300 1.5x, https:\/\/i0.wp.com\/casadecampoliving.com\/wp-content\/uploads\/2022\/10\/IMG_7639.jpg?fit=1000%2C604&ssl=1&resize=700%2C400 2x"},"classes":[]},{"id":525969,"url":"https:\/\/casadecampoliving.com\/es\/no-te-pierdas-la-presentacion-en-vivo-de-grupo-bonye-en-la-marina-el-27-de-enero\/","url_meta":{"origin":351750,"position":5},"title":"\u00a1No te pierdas la presentaci\u00f3n en vivo de Grupo Bony\u00e9 en La Marina el 27 de enero!","author":"Casa de Campo Living","date":"16 Ene, 2024","format":false,"excerpt":"El s\u00e1bado 27 de enero, la Marina Casa de Campo te invita a disfrutar de una noche de m\u00fasica en vivo con Grupo Bony\u00e9 en la Plaza Portofino. \u00a1Es una excelente oportunidad para visitar La Marina y bailar toda la noche! Grupo Bony\u00e9, una orquesta de 14 m\u00fasicos formada en\u2026","rel":"","context":"En \u00abEventos\u00bb","block_context":{"text":"Eventos","link":"https:\/\/casadecampoliving.com\/es\/category\/eventos-es\/"},"img":{"alt_text":"","src":"https:\/\/i0.wp.com\/casadecampoliving.com\/wp-content\/uploads\/2024\/01\/Grupo-Bonye.webp?fit=1200%2C800&ssl=1&resize=350%2C200","width":350,"height":200,"srcset":"https:\/\/i0.wp.com\/casadecampoliving.com\/wp-content\/uploads\/2024\/01\/Grupo-Bonye.webp?fit=1200%2C800&ssl=1&resize=350%2C200 1x, https:\/\/i0.wp.com\/casadecampoliving.com\/wp-content\/uploads\/2024\/01\/Grupo-Bonye.webp?fit=1200%2C800&ssl=1&resize=525%2C300 1.5x, https:\/\/i0.wp.com\/casadecampoliving.com\/wp-content\/uploads\/2024\/01\/Grupo-Bonye.webp?fit=1200%2C800&ssl=1&resize=700%2C400 2x, https:\/\/i0.wp.com\/casadecampoliving.com\/wp-content\/uploads\/2024\/01\/Grupo-Bonye.webp?fit=1200%2C800&ssl=1&resize=1050%2C600 3x"},"classes":[]}],"jetpack_sharing_enabled":true,"_links":{"self":[{"href":"https:\/\/casadecampoliving.com\/es\/wp-json\/wp\/v2\/posts\/351750","targetHints":{"allow":["GET"]}}],"collection":[{"href":"https:\/\/casadecampoliving.com\/es\/wp-json\/wp\/v2\/posts"}],"about":[{"href":"https:\/\/casadecampoliving.com\/es\/wp-json\/wp\/v2\/types\/post"}],"author":[{"embeddable":true,"href":"https:\/\/casadecampoliving.com\/es\/wp-json\/wp\/v2\/users\/36682"}],"replies":[{"embeddable":true,"href":"https:\/\/casadecampoliving.com\/es\/wp-json\/wp\/v2\/comments?post=351750"}],"version-history":[{"count":1,"href":"https:\/\/casadecampoliving.com\/es\/wp-json\/wp\/v2\/posts\/351750\/revisions"}],"predecessor-version":[{"id":351751,"href":"https:\/\/casadecampoliving.com\/es\/wp-json\/wp\/v2\/posts\/351750\/revisions\/351751"}],"wp:featuredmedia":[{"embeddable":true,"href":"https:\/\/casadecampoliving.com\/es\/wp-json\/wp\/v2\/media\/305691"}],"wp:attachment":[{"href":"https:\/\/casadecampoliving.com\/es\/wp-json\/wp\/v2\/media?parent=351750"}],"wp:term":[{"taxonomy":"category","embeddable":true,"href":"https:\/\/casadecampoliving.com\/es\/wp-json\/wp\/v2\/categories?post=351750"},{"taxonomy":"post_tag","embeddable":true,"href":"https:\/\/casadecampoliving.com\/es\/wp-json\/wp\/v2\/tags?post=351750"},{"taxonomy":"newspack_spnsrs_tax","embeddable":true,"href":"https:\/\/casadecampoliving.com\/es\/wp-json\/wp\/v2\/newspack_spnsrs_tax?post=351750"}],"curies":[{"name":"wp","href":"https:\/\/api.w.org\/{rel}","templated":true}]}}