{"id":351673,"date":"2017-07-03T00:00:00","date_gmt":"2017-07-03T04:00:00","guid":{"rendered":"https:\/\/casadecampoliving.com\/noches-de-verano-con-musica-en-vivo-en-el-restaurante-la-cana\/"},"modified":"2022-10-21T19:10:08","modified_gmt":"2022-10-21T23:10:08","slug":"noches-de-verano-con-musica-en-vivo-en-el-restaurante-la-cana","status":"publish","type":"post","link":"https:\/\/casadecampoliving.com\/es\/noches-de-verano-con-musica-en-vivo-en-el-restaurante-la-cana\/","title":{"rendered":"Noches de Verano con M\u00fasica en Vivo en el Restaurante La Ca\u00f1a"},"content":{"rendered":"\n<p>A pesar de que ha llovido en los \u00faltimos d\u00edas, la temperatura sigue aumentando, lo que indica que el verano esta en pleno apogeo. Durante todo el mes de julio, el Restaurante La Ca\u00f1a seguir\u00e1 delietando a los asistentes con su programa de m\u00fasica en vivo en las noches. Situado en el hotel Casa de Campo con vistas a la piscina, la cena y el baile en La Ca\u00f1a es una de las muchas maneras de disfrutar de estas c\u00e1lidas noches de verano. A continuaci\u00f3n encontrar\u00e1 el calendario completo de entretenimiento para julio:<\/p>\n\n\n\n<!--more-->\n\n\n\n<blockquote class=\"wp-block-quote is-layout-flow wp-block-quote-is-layout-flow\"><p><strong>Lunes<\/strong>&nbsp;<strong>3<\/strong><\/p><p>8-11 pm, Duo Delgado<\/p><p><strong>Martes 4<\/strong><\/p><p>8 -11 pm, Daniel y su Piano<\/p><p><strong>Miercoles 5<\/strong><\/p><p>8-11 pm, Duo Dos en la Via<\/p><p><strong>Jueves 6<\/strong><\/p><p>8-11 pm, Duo Tavarez<\/p><p><strong>Viernes 7<\/strong><\/p><p>8-11 pm, Trio Internacional<\/p><p><strong>S\u00e1bado 8<\/strong><\/p><p>9-12 am, Grupo Los Ciudadanos<\/p><p><strong>Domingo 9<\/strong><\/p><p>8 -11 pm, Trio Internacional<\/p><p><strong>Lunes 10<\/strong><\/p><p>8-11 pm, Johan Delgado<\/p><p><strong>Martes 11<\/strong><\/p><p>8-11 pm, Duo Latino<\/p><p><strong>Mi\u00e9rcoles 12<\/strong><\/p><p>8-11 pm, Duo Dos en la Via<\/p><p><strong>Jueves 13<\/strong><\/p><p>8-11 pm, William y Piano<\/p><p><strong>Viernes 14<\/strong><\/p><p>8-11 pm, Grupo Caribe\u00f1o<\/p><p><strong>S\u00e1bado 15<\/strong><\/p><p>9-12 am, Quinteto Latino Dos en la Via<\/p><p><strong>Domingo 16<\/strong><\/p><p>9 -12 am, Grupo Los Ciudadanos<\/p><p><strong>Lunes 17<\/strong><\/p><p>8-11 pm, Johan Delgado<\/p><p><strong>Martes 18<\/strong><\/p><p>8-11 pm, Trio Internacional<\/p><p><strong>Mi\u00e9rcoles 19<\/strong><\/p><p>8-11 pm, Duo Internacional Dos en La Via&nbsp;<\/p><p><strong>Jueves 20<\/strong><\/p><p>8-11 pm, Elizabetha Catania&nbsp;<\/p><p><strong>Viernes<\/strong>&nbsp;<strong>21<\/strong><\/p><p>9-12 am, Cuarteto Johan Delgado<\/p><p><strong>S\u00e1bado 22<\/strong><\/p><p>9-12 am, Quinteto Bailable Dos en la Via<\/p><p><strong>Domingo 23<\/strong><\/p><p>8-11 pm, Cuarteto Tavarez<\/p><p><strong>Lunes 24<\/strong><\/p><p>8-11 pm, Duo Tavarez<\/p><p><strong>Martes 25<\/strong><\/p><p>8-11 pm, Trio Internacional<\/p><p><strong>Mi\u00e9rcoles 26<\/strong><\/p><p>8-11 pm, Duo Dos en la Via<\/p><p><strong>Jueves 27<\/strong><\/p><p>8-11 pm,&nbsp;Elizabetha Catania&nbsp;<\/p><p><strong>Viernes 28<\/strong><\/p><p>8-11 pm, Son en Casa<\/p><p><strong>S\u00e1bado 29<\/strong><\/p><p>9-12 am, Quinteto Bailable<\/p><p><strong>Domingo 30<\/strong><\/p><p>8-11 pm, Cuarteto Internacional Tavarez<\/p><p><strong>Lunes 31<\/strong><\/p><p>8-11 pm, Grupo Los Ciudadanos<\/p><\/blockquote>\n\n\n\n<blockquote><h4>RESTAURANTE CA\u00d1A&nbsp;<\/h4><p><strong>Almuerzo:<\/strong> 12pm \u2013 4pm<\/p><p><strong>Cena:<\/strong> 6pm \u2013 11pm<\/p><p><strong>Bar:<\/strong> 9am \u2013 1am<\/p><p><strong>Tel:<\/strong> (809) 523-3000<\/p><\/blockquote>\n","protected":false},"excerpt":{"rendered":"<p>A pesar de que ha llovido en los \u00faltimos d\u00edas, la temperatura sigue aumentando, lo que indica que el verano esta en pleno apogeo. Durante todo el mes de julio, el Restaurante La Ca\u00f1a seguir\u00e1 delietando a los asistentes con su programa de m\u00fasica en vivo en las noches. Situado en el hotel Casa de [&hellip;]<\/p>\n","protected":false},"author":36682,"featured_media":278945,"comment_status":"closed","ping_status":"closed","sticky":false,"template":"","format":"standard","meta":{"newspack_ads_suppress_ads":false,"newspack_popups_has_disabled_popups":false,"newspack_sponsor_sponsorship_scope":"","newspack_sponsor_native_byline_display":"inherit","newspack_sponsor_native_category_display":"inherit","newspack_sponsor_underwriter_style":"inherit","newspack_sponsor_underwriter_placement":"inherit","_newspack_byline_active":false,"_newspack_byline":"","newspack_hide_updated_date":false,"newspack_show_updated_date":false,"newspack_content_restriction_is_exempt":false,"newspack_featured_image_position":"","newspack_post_subtitle":"","newspack_article_summary_title":"Overview:","newspack_article_summary":"","_jetpack_memberships_contains_paid_content":false,"footnotes":"","jetpack_publicize_message":"","jetpack_publicize_feature_enabled":true,"jetpack_social_post_already_shared":false,"jetpack_social_options":{"image_generator_settings":{"template":"highway","default_image_id":0,"font":"","enabled":false},"version":2},"_wpas_customize_per_network":false},"categories":[14631,2522,14627,2521,26822,2520],"tags":[2916,23815,20186,20667,5751],"newspack_spnsrs_tax":[],"class_list":["post-351673","post","type-post","status-publish","format-standard","has-post-thumbnail","hentry","category-estilo-de-vida","category-eventos-es","category-proximamente","category-republica-dominicana-2","category-resort-casa-de-campo","category-restaurantes-es","tag-baile","tag-casa-de-campo-es-17","tag-en-vivo","tag-grupos","tag-musica","entry"],"yoast_head":"<!-- This site is optimized with the Yoast SEO plugin v27.5 - https:\/\/yoast.com\/product\/yoast-seo-wordpress\/ -->\n<title>Noches de Verano con M\u00fasica en Vivo en el Restaurante La Ca\u00f1a | Casa de Campo Living<\/title>\n<meta name=\"description\" content=\"A pesar de que ha llovido en los \u00faltimos d\u00edas, la temperatura sigue aumentando, lo que indica que el verano esta en pleno apogeo. Durante todo el mes de\" \/>\n<meta name=\"robots\" content=\"index, follow, max-snippet:-1, max-image-preview:large, max-video-preview:-1\" \/>\n<link rel=\"canonical\" href=\"https:\/\/casadecampoliving.com\/es\/noches-de-verano-con-musica-en-vivo-en-el-restaurante-la-cana\/\" \/>\n<meta property=\"og:locale\" content=\"es_ES\" \/>\n<meta property=\"og:type\" content=\"article\" \/>\n<meta property=\"og:title\" content=\"Noches de Verano con M\u00fasica en Vivo en el Restaurante La Ca\u00f1a | Casa de Campo Living\" \/>\n<meta property=\"og:description\" content=\"A pesar de que ha llovido en los \u00faltimos d\u00edas, la temperatura sigue aumentando, lo que indica que el verano esta en pleno apogeo. Durante todo el mes de\" \/>\n<meta property=\"og:url\" content=\"https:\/\/casadecampoliving.com\/es\/noches-de-verano-con-musica-en-vivo-en-el-restaurante-la-cana\/\" \/>\n<meta property=\"og:site_name\" content=\"Casa de Campo Living\" \/>\n<meta property=\"article:publisher\" content=\"https:\/\/www.facebook.com\/casadecampoliving\" \/>\n<meta property=\"article:published_time\" content=\"2017-07-03T04:00:00+00:00\" \/>\n<meta property=\"article:modified_time\" content=\"2022-10-21T23:10:08+00:00\" \/>\n<meta property=\"og:image\" content=\"https:\/\/i0.wp.com\/casadecampoliving.com\/wp-content\/uploads\/2022\/10\/La_cana_by_il_circo-1.jpg?fit=800%2C534&ssl=1\" \/>\n\t<meta property=\"og:image:width\" content=\"800\" \/>\n\t<meta property=\"og:image:height\" content=\"534\" \/>\n\t<meta property=\"og:image:type\" content=\"image\/jpeg\" \/>\n<meta name=\"author\" content=\"Marlenys Guzm\u00e1n Casta\u00f1os\" \/>\n<meta name=\"twitter:card\" content=\"summary_large_image\" \/>\n<meta name=\"twitter:creator\" content=\"@cdcliving\" \/>\n<meta name=\"twitter:site\" content=\"@cdcliving\" \/>\n<meta name=\"twitter:label1\" content=\"Escrito por\" \/>\n\t<meta name=\"twitter:data1\" content=\"Marlenys Guzm\u00e1n Casta\u00f1os\" \/>\n\t<meta name=\"twitter:label2\" content=\"Tiempo de lectura\" \/>\n\t<meta name=\"twitter:data2\" content=\"1 minuto\" \/>\n<script type=\"application\/ld+json\" class=\"yoast-schema-graph\">{\"@context\":\"https:\\\/\\\/schema.org\",\"@graph\":[{\"@type\":\"Article\",\"@id\":\"https:\\\/\\\/casadecampoliving.com\\\/es\\\/noches-de-verano-con-musica-en-vivo-en-el-restaurante-la-cana\\\/#article\",\"isPartOf\":{\"@id\":\"https:\\\/\\\/casadecampoliving.com\\\/es\\\/noches-de-verano-con-musica-en-vivo-en-el-restaurante-la-cana\\\/\"},\"author\":{\"name\":\"Marlenys Guzm\u00e1n Casta\u00f1os\",\"@id\":\"https:\\\/\\\/casadecampoliving.com\\\/es\\\/#\\\/schema\\\/person\\\/b6606bd87f9cec8f5903e2141cafda24\"},\"headline\":\"Noches de Verano con M\u00fasica en Vivo en el Restaurante La Ca\u00f1a\",\"datePublished\":\"2017-07-03T04:00:00+00:00\",\"dateModified\":\"2022-10-21T23:10:08+00:00\",\"mainEntityOfPage\":{\"@id\":\"https:\\\/\\\/casadecampoliving.com\\\/es\\\/noches-de-verano-con-musica-en-vivo-en-el-restaurante-la-cana\\\/\"},\"wordCount\":317,\"publisher\":{\"@id\":\"https:\\\/\\\/casadecampoliving.com\\\/es\\\/#organization\"},\"image\":{\"@id\":\"https:\\\/\\\/casadecampoliving.com\\\/es\\\/noches-de-verano-con-musica-en-vivo-en-el-restaurante-la-cana\\\/#primaryimage\"},\"thumbnailUrl\":\"https:\\\/\\\/i0.wp.com\\\/casadecampoliving.com\\\/wp-content\\\/uploads\\\/2022\\\/10\\\/La_cana_by_il_circo-1.jpg?fit=800%2C534&ssl=1\",\"keywords\":[\"baile\",\"Casa de Campo\",\"en vivo\",\"grupos\",\"musica\"],\"articleSection\":[\"Estilo de Vida\",\"Eventos\",\"Proximamente\",\"Rep\u00fablica Dominicana @es\",\"Resort Casa de Campo\",\"Restaurantes\"],\"inLanguage\":\"es\"},{\"@type\":\"WebPage\",\"@id\":\"https:\\\/\\\/casadecampoliving.com\\\/es\\\/noches-de-verano-con-musica-en-vivo-en-el-restaurante-la-cana\\\/\",\"url\":\"https:\\\/\\\/casadecampoliving.com\\\/es\\\/noches-de-verano-con-musica-en-vivo-en-el-restaurante-la-cana\\\/\",\"name\":\"Noches de Verano con M\u00fasica en Vivo en el Restaurante La Ca\u00f1a | Casa de Campo Living\",\"isPartOf\":{\"@id\":\"https:\\\/\\\/casadecampoliving.com\\\/es\\\/#website\"},\"primaryImageOfPage\":{\"@id\":\"https:\\\/\\\/casadecampoliving.com\\\/es\\\/noches-de-verano-con-musica-en-vivo-en-el-restaurante-la-cana\\\/#primaryimage\"},\"image\":{\"@id\":\"https:\\\/\\\/casadecampoliving.com\\\/es\\\/noches-de-verano-con-musica-en-vivo-en-el-restaurante-la-cana\\\/#primaryimage\"},\"thumbnailUrl\":\"https:\\\/\\\/i0.wp.com\\\/casadecampoliving.com\\\/wp-content\\\/uploads\\\/2022\\\/10\\\/La_cana_by_il_circo-1.jpg?fit=800%2C534&ssl=1\",\"datePublished\":\"2017-07-03T04:00:00+00:00\",\"dateModified\":\"2022-10-21T23:10:08+00:00\",\"description\":\"A pesar de que ha llovido en los \u00faltimos d\u00edas, la temperatura sigue aumentando, lo que indica que el verano esta en pleno apogeo. Durante todo el mes de\",\"breadcrumb\":{\"@id\":\"https:\\\/\\\/casadecampoliving.com\\\/es\\\/noches-de-verano-con-musica-en-vivo-en-el-restaurante-la-cana\\\/#breadcrumb\"},\"inLanguage\":\"es\",\"potentialAction\":[{\"@type\":\"ReadAction\",\"target\":[\"https:\\\/\\\/casadecampoliving.com\\\/es\\\/noches-de-verano-con-musica-en-vivo-en-el-restaurante-la-cana\\\/\"]}]},{\"@type\":\"ImageObject\",\"inLanguage\":\"es\",\"@id\":\"https:\\\/\\\/casadecampoliving.com\\\/es\\\/noches-de-verano-con-musica-en-vivo-en-el-restaurante-la-cana\\\/#primaryimage\",\"url\":\"https:\\\/\\\/i0.wp.com\\\/casadecampoliving.com\\\/wp-content\\\/uploads\\\/2022\\\/10\\\/La_cana_by_il_circo-1.jpg?fit=800%2C534&ssl=1\",\"contentUrl\":\"https:\\\/\\\/i0.wp.com\\\/casadecampoliving.com\\\/wp-content\\\/uploads\\\/2022\\\/10\\\/La_cana_by_il_circo-1.jpg?fit=800%2C534&ssl=1\",\"width\":800,\"height\":534},{\"@type\":\"BreadcrumbList\",\"@id\":\"https:\\\/\\\/casadecampoliving.com\\\/es\\\/noches-de-verano-con-musica-en-vivo-en-el-restaurante-la-cana\\\/#breadcrumb\",\"itemListElement\":[{\"@type\":\"ListItem\",\"position\":1,\"name\":\"Home\",\"item\":\"https:\\\/\\\/casadecampoliving.com\\\/es\\\/\"},{\"@type\":\"ListItem\",\"position\":2,\"name\":\"Noches de Verano con M\u00fasica en Vivo en el Restaurante La Ca\u00f1a\"}]},{\"@type\":\"WebSite\",\"@id\":\"https:\\\/\\\/casadecampoliving.com\\\/es\\\/#website\",\"url\":\"https:\\\/\\\/casadecampoliving.com\\\/es\\\/\",\"name\":\"Casa de Campo Living\",\"description\":\"Resort community news and resources.\",\"publisher\":{\"@id\":\"https:\\\/\\\/casadecampoliving.com\\\/es\\\/#organization\"},\"potentialAction\":[{\"@type\":\"SearchAction\",\"target\":{\"@type\":\"EntryPoint\",\"urlTemplate\":\"https:\\\/\\\/casadecampoliving.com\\\/es\\\/?s={search_term_string}\"},\"query-input\":{\"@type\":\"PropertyValueSpecification\",\"valueRequired\":true,\"valueName\":\"search_term_string\"}}],\"inLanguage\":\"es\"},{\"@type\":\"Organization\",\"@id\":\"https:\\\/\\\/casadecampoliving.com\\\/es\\\/#organization\",\"name\":\"Casa de Campo Living\",\"url\":\"https:\\\/\\\/casadecampoliving.com\\\/es\\\/\",\"logo\":{\"@type\":\"ImageObject\",\"inLanguage\":\"es\",\"@id\":\"https:\\\/\\\/casadecampoliving.com\\\/es\\\/#\\\/schema\\\/logo\\\/image\\\/\",\"url\":\"https:\\\/\\\/i0.wp.com\\\/casadecampoliving.com\\\/wp-content\\\/uploads\\\/2022\\\/07\\\/CDCLivingLogo_V1-white-sized.png?fit=800%2C214&ssl=1\",\"contentUrl\":\"https:\\\/\\\/i0.wp.com\\\/casadecampoliving.com\\\/wp-content\\\/uploads\\\/2022\\\/07\\\/CDCLivingLogo_V1-white-sized.png?fit=800%2C214&ssl=1\",\"width\":800,\"height\":214,\"caption\":\"Casa de Campo Living\"},\"image\":{\"@id\":\"https:\\\/\\\/casadecampoliving.com\\\/es\\\/#\\\/schema\\\/logo\\\/image\\\/\"},\"sameAs\":[\"https:\\\/\\\/www.facebook.com\\\/casadecampoliving\",\"https:\\\/\\\/x.com\\\/cdcliving\"]},{\"@type\":\"Person\",\"@id\":\"https:\\\/\\\/casadecampoliving.com\\\/es\\\/#\\\/schema\\\/person\\\/b6606bd87f9cec8f5903e2141cafda24\",\"name\":\"Marlenys Guzm\u00e1n Casta\u00f1os\",\"image\":{\"@type\":\"ImageObject\",\"inLanguage\":\"es\",\"@id\":\"https:\\\/\\\/secure.gravatar.com\\\/avatar\\\/72f3f86b8e6b3ec744201aeadf11d4a6055e8af194aecd9ad30ffff4437878ee?s=96&d=mm&r=g\",\"url\":\"https:\\\/\\\/secure.gravatar.com\\\/avatar\\\/72f3f86b8e6b3ec744201aeadf11d4a6055e8af194aecd9ad30ffff4437878ee?s=96&d=mm&r=g\",\"contentUrl\":\"https:\\\/\\\/secure.gravatar.com\\\/avatar\\\/72f3f86b8e6b3ec744201aeadf11d4a6055e8af194aecd9ad30ffff4437878ee?s=96&d=mm&r=g\",\"caption\":\"Marlenys Guzm\u00e1n Casta\u00f1os\"},\"url\":\"https:\\\/\\\/casadecampoliving.com\\\/es\\\/author\\\/mguzman\\\/\"}]}<\/script>\n<!-- \/ Yoast SEO plugin. -->","yoast_head_json":{"title":"Noches de Verano con M\u00fasica en Vivo en el Restaurante La Ca\u00f1a | Casa de Campo Living","description":"A pesar de que ha llovido en los \u00faltimos d\u00edas, la temperatura sigue aumentando, lo que indica que el verano esta en pleno apogeo. Durante todo el mes de","robots":{"index":"index","follow":"follow","max-snippet":"max-snippet:-1","max-image-preview":"max-image-preview:large","max-video-preview":"max-video-preview:-1"},"canonical":"https:\/\/casadecampoliving.com\/es\/noches-de-verano-con-musica-en-vivo-en-el-restaurante-la-cana\/","og_locale":"es_ES","og_type":"article","og_title":"Noches de Verano con M\u00fasica en Vivo en el Restaurante La Ca\u00f1a | Casa de Campo Living","og_description":"A pesar de que ha llovido en los \u00faltimos d\u00edas, la temperatura sigue aumentando, lo que indica que el verano esta en pleno apogeo. Durante todo el mes de","og_url":"https:\/\/casadecampoliving.com\/es\/noches-de-verano-con-musica-en-vivo-en-el-restaurante-la-cana\/","og_site_name":"Casa de Campo Living","article_publisher":"https:\/\/www.facebook.com\/casadecampoliving","article_published_time":"2017-07-03T04:00:00+00:00","article_modified_time":"2022-10-21T23:10:08+00:00","og_image":[{"width":800,"height":534,"url":"https:\/\/i0.wp.com\/casadecampoliving.com\/wp-content\/uploads\/2022\/10\/La_cana_by_il_circo-1.jpg?fit=800%2C534&ssl=1","type":"image\/jpeg"}],"author":"Marlenys Guzm\u00e1n Casta\u00f1os","twitter_card":"summary_large_image","twitter_creator":"@cdcliving","twitter_site":"@cdcliving","twitter_misc":{"Escrito por":"Marlenys Guzm\u00e1n Casta\u00f1os","Tiempo de lectura":"1 minuto"},"schema":{"@context":"https:\/\/schema.org","@graph":[{"@type":"Article","@id":"https:\/\/casadecampoliving.com\/es\/noches-de-verano-con-musica-en-vivo-en-el-restaurante-la-cana\/#article","isPartOf":{"@id":"https:\/\/casadecampoliving.com\/es\/noches-de-verano-con-musica-en-vivo-en-el-restaurante-la-cana\/"},"author":{"name":"Marlenys Guzm\u00e1n Casta\u00f1os","@id":"https:\/\/casadecampoliving.com\/es\/#\/schema\/person\/b6606bd87f9cec8f5903e2141cafda24"},"headline":"Noches de Verano con M\u00fasica en Vivo en el Restaurante La Ca\u00f1a","datePublished":"2017-07-03T04:00:00+00:00","dateModified":"2022-10-21T23:10:08+00:00","mainEntityOfPage":{"@id":"https:\/\/casadecampoliving.com\/es\/noches-de-verano-con-musica-en-vivo-en-el-restaurante-la-cana\/"},"wordCount":317,"publisher":{"@id":"https:\/\/casadecampoliving.com\/es\/#organization"},"image":{"@id":"https:\/\/casadecampoliving.com\/es\/noches-de-verano-con-musica-en-vivo-en-el-restaurante-la-cana\/#primaryimage"},"thumbnailUrl":"https:\/\/i0.wp.com\/casadecampoliving.com\/wp-content\/uploads\/2022\/10\/La_cana_by_il_circo-1.jpg?fit=800%2C534&ssl=1","keywords":["baile","Casa de Campo","en vivo","grupos","musica"],"articleSection":["Estilo de Vida","Eventos","Proximamente","Rep\u00fablica Dominicana @es","Resort Casa de Campo","Restaurantes"],"inLanguage":"es"},{"@type":"WebPage","@id":"https:\/\/casadecampoliving.com\/es\/noches-de-verano-con-musica-en-vivo-en-el-restaurante-la-cana\/","url":"https:\/\/casadecampoliving.com\/es\/noches-de-verano-con-musica-en-vivo-en-el-restaurante-la-cana\/","name":"Noches de Verano con M\u00fasica en Vivo en el Restaurante La Ca\u00f1a | Casa de Campo Living","isPartOf":{"@id":"https:\/\/casadecampoliving.com\/es\/#website"},"primaryImageOfPage":{"@id":"https:\/\/casadecampoliving.com\/es\/noches-de-verano-con-musica-en-vivo-en-el-restaurante-la-cana\/#primaryimage"},"image":{"@id":"https:\/\/casadecampoliving.com\/es\/noches-de-verano-con-musica-en-vivo-en-el-restaurante-la-cana\/#primaryimage"},"thumbnailUrl":"https:\/\/i0.wp.com\/casadecampoliving.com\/wp-content\/uploads\/2022\/10\/La_cana_by_il_circo-1.jpg?fit=800%2C534&ssl=1","datePublished":"2017-07-03T04:00:00+00:00","dateModified":"2022-10-21T23:10:08+00:00","description":"A pesar de que ha llovido en los \u00faltimos d\u00edas, la temperatura sigue aumentando, lo que indica que el verano esta en pleno apogeo. Durante todo el mes de","breadcrumb":{"@id":"https:\/\/casadecampoliving.com\/es\/noches-de-verano-con-musica-en-vivo-en-el-restaurante-la-cana\/#breadcrumb"},"inLanguage":"es","potentialAction":[{"@type":"ReadAction","target":["https:\/\/casadecampoliving.com\/es\/noches-de-verano-con-musica-en-vivo-en-el-restaurante-la-cana\/"]}]},{"@type":"ImageObject","inLanguage":"es","@id":"https:\/\/casadecampoliving.com\/es\/noches-de-verano-con-musica-en-vivo-en-el-restaurante-la-cana\/#primaryimage","url":"https:\/\/i0.wp.com\/casadecampoliving.com\/wp-content\/uploads\/2022\/10\/La_cana_by_il_circo-1.jpg?fit=800%2C534&ssl=1","contentUrl":"https:\/\/i0.wp.com\/casadecampoliving.com\/wp-content\/uploads\/2022\/10\/La_cana_by_il_circo-1.jpg?fit=800%2C534&ssl=1","width":800,"height":534},{"@type":"BreadcrumbList","@id":"https:\/\/casadecampoliving.com\/es\/noches-de-verano-con-musica-en-vivo-en-el-restaurante-la-cana\/#breadcrumb","itemListElement":[{"@type":"ListItem","position":1,"name":"Home","item":"https:\/\/casadecampoliving.com\/es\/"},{"@type":"ListItem","position":2,"name":"Noches de Verano con M\u00fasica en Vivo en el Restaurante La Ca\u00f1a"}]},{"@type":"WebSite","@id":"https:\/\/casadecampoliving.com\/es\/#website","url":"https:\/\/casadecampoliving.com\/es\/","name":"Casa de Campo Living","description":"Resort community news and resources.","publisher":{"@id":"https:\/\/casadecampoliving.com\/es\/#organization"},"potentialAction":[{"@type":"SearchAction","target":{"@type":"EntryPoint","urlTemplate":"https:\/\/casadecampoliving.com\/es\/?s={search_term_string}"},"query-input":{"@type":"PropertyValueSpecification","valueRequired":true,"valueName":"search_term_string"}}],"inLanguage":"es"},{"@type":"Organization","@id":"https:\/\/casadecampoliving.com\/es\/#organization","name":"Casa de Campo Living","url":"https:\/\/casadecampoliving.com\/es\/","logo":{"@type":"ImageObject","inLanguage":"es","@id":"https:\/\/casadecampoliving.com\/es\/#\/schema\/logo\/image\/","url":"https:\/\/i0.wp.com\/casadecampoliving.com\/wp-content\/uploads\/2022\/07\/CDCLivingLogo_V1-white-sized.png?fit=800%2C214&ssl=1","contentUrl":"https:\/\/i0.wp.com\/casadecampoliving.com\/wp-content\/uploads\/2022\/07\/CDCLivingLogo_V1-white-sized.png?fit=800%2C214&ssl=1","width":800,"height":214,"caption":"Casa de Campo Living"},"image":{"@id":"https:\/\/casadecampoliving.com\/es\/#\/schema\/logo\/image\/"},"sameAs":["https:\/\/www.facebook.com\/casadecampoliving","https:\/\/x.com\/cdcliving"]},{"@type":"Person","@id":"https:\/\/casadecampoliving.com\/es\/#\/schema\/person\/b6606bd87f9cec8f5903e2141cafda24","name":"Marlenys Guzm\u00e1n Casta\u00f1os","image":{"@type":"ImageObject","inLanguage":"es","@id":"https:\/\/secure.gravatar.com\/avatar\/72f3f86b8e6b3ec744201aeadf11d4a6055e8af194aecd9ad30ffff4437878ee?s=96&d=mm&r=g","url":"https:\/\/secure.gravatar.com\/avatar\/72f3f86b8e6b3ec744201aeadf11d4a6055e8af194aecd9ad30ffff4437878ee?s=96&d=mm&r=g","contentUrl":"https:\/\/secure.gravatar.com\/avatar\/72f3f86b8e6b3ec744201aeadf11d4a6055e8af194aecd9ad30ffff4437878ee?s=96&d=mm&r=g","caption":"Marlenys Guzm\u00e1n Casta\u00f1os"},"url":"https:\/\/casadecampoliving.com\/es\/author\/mguzman\/"}]}},"parsely":{"version":"1.1.0","canonical_url":"https:\/\/casadecampoliving.com\/es\/noches-de-verano-con-musica-en-vivo-en-el-restaurante-la-cana\/","smart_links":{"inbound":0,"outbound":0},"traffic_boost_suggestions_count":0,"meta":{"@context":"https:\/\/schema.org","@type":"NewsArticle","headline":"Noches de Verano con M\u00fasica en Vivo en el Restaurante La Ca\u00f1a","url":"http:\/\/casadecampoliving.com\/es\/noches-de-verano-con-musica-en-vivo-en-el-restaurante-la-cana\/","mainEntityOfPage":{"@type":"WebPage","@id":"http:\/\/casadecampoliving.com\/es\/noches-de-verano-con-musica-en-vivo-en-el-restaurante-la-cana\/"},"thumbnailUrl":"https:\/\/i0.wp.com\/casadecampoliving.com\/wp-content\/uploads\/2022\/10\/La_cana_by_il_circo-1.jpg?resize=150%2C150&ssl=1","image":{"@type":"ImageObject","url":"https:\/\/i0.wp.com\/casadecampoliving.com\/wp-content\/uploads\/2022\/10\/La_cana_by_il_circo-1.jpg?fit=800%2C534&ssl=1"},"articleSection":"Estilo de Vida","author":[{"@type":"Person","name":"Marlenys Guzm\u00e1n Casta\u00f1os"}],"creator":["Marlenys Guzm\u00e1n Casta\u00f1os"],"publisher":{"@type":"Organization","name":"Casa de Campo Living","logo":"https:\/\/casadecampoliving.com\/wp-content\/uploads\/2022\/07\/CDCLivingLogo_V1-white-sized.png"},"keywords":["baile","casa de campo","en vivo","grupos","musica"],"dateCreated":"2017-07-03T04:00:00Z","datePublished":"2017-07-03T04:00:00Z","dateModified":"2022-10-21T23:10:08Z"},"rendered":"<script type=\"application\/ld+json\" class=\"wp-parsely-metadata\">{\"@context\":\"https:\\\/\\\/schema.org\",\"@type\":\"NewsArticle\",\"headline\":\"Noches de Verano con M\\u00fasica en Vivo en el Restaurante La Ca\\u00f1a\",\"url\":\"http:\\\/\\\/casadecampoliving.com\\\/es\\\/noches-de-verano-con-musica-en-vivo-en-el-restaurante-la-cana\\\/\",\"mainEntityOfPage\":{\"@type\":\"WebPage\",\"@id\":\"http:\\\/\\\/casadecampoliving.com\\\/es\\\/noches-de-verano-con-musica-en-vivo-en-el-restaurante-la-cana\\\/\"},\"thumbnailUrl\":\"https:\\\/\\\/i0.wp.com\\\/casadecampoliving.com\\\/wp-content\\\/uploads\\\/2022\\\/10\\\/La_cana_by_il_circo-1.jpg?resize=150%2C150&ssl=1\",\"image\":{\"@type\":\"ImageObject\",\"url\":\"https:\\\/\\\/i0.wp.com\\\/casadecampoliving.com\\\/wp-content\\\/uploads\\\/2022\\\/10\\\/La_cana_by_il_circo-1.jpg?fit=800%2C534&ssl=1\"},\"articleSection\":\"Estilo de Vida\",\"author\":[{\"@type\":\"Person\",\"name\":\"Marlenys Guzm\\u00e1n Casta\\u00f1os\"}],\"creator\":[\"Marlenys Guzm\\u00e1n Casta\\u00f1os\"],\"publisher\":{\"@type\":\"Organization\",\"name\":\"Casa de Campo Living\",\"logo\":\"https:\\\/\\\/casadecampoliving.com\\\/wp-content\\\/uploads\\\/2022\\\/07\\\/CDCLivingLogo_V1-white-sized.png\"},\"keywords\":[\"baile\",\"casa de campo\",\"en vivo\",\"grupos\",\"musica\"],\"dateCreated\":\"2017-07-03T04:00:00Z\",\"datePublished\":\"2017-07-03T04:00:00Z\",\"dateModified\":\"2022-10-21T23:10:08Z\"}<\/script>","tracker_url":"https:\/\/cdn.parsely.com\/keys\/casadecampoliving.com\/p.js"},"jetpack_publicize_connections":[],"jetpack_featured_media_url":"https:\/\/i0.wp.com\/casadecampoliving.com\/wp-content\/uploads\/2022\/10\/La_cana_by_il_circo-1.jpg?fit=800%2C534&ssl=1","jetpack-related-posts":[{"id":351788,"url":"https:\/\/casadecampoliving.com\/es\/la-musica-en-vivo-continua-durante-todo-el-mes-de-agosto-en-la-cana-restaurante\/","url_meta":{"origin":351673,"position":0},"title":"La m\u00fasica en vivo contin\u00faa durante todo el mes de agosto en La Ca\u00f1a Restaurante","author":"Marlenys Guzm\u00e1n Casta\u00f1os","date":"1 Ago, 2017","format":false,"excerpt":"Cada noche a lo largo de agosto, junto con muchos otros eventos, Casa de Campo le invita a disfrutar de un programa lleno de diversi\u00f3n de m\u00fasica en vivo y baile en el restaurante La Ca\u00f1a. La Ca\u00f1a parece ser el preludio perfecto para una noche o incluso el entretenimiento\u2026","rel":"","context":"En \u00abEstilo de Vida\u00bb","block_context":{"text":"Estilo de Vida","link":"https:\/\/casadecampoliving.com\/es\/category\/estilo-de-vida\/"},"img":{"alt_text":"La Ca\u00f1a","src":"https:\/\/i0.wp.com\/casadecampoliving.com\/wp-content\/uploads\/2022\/10\/IMG_2126.jpg?fit=1000%2C602&ssl=1&resize=350%2C200","width":350,"height":200,"srcset":"https:\/\/i0.wp.com\/casadecampoliving.com\/wp-content\/uploads\/2022\/10\/IMG_2126.jpg?fit=1000%2C602&ssl=1&resize=350%2C200 1x, https:\/\/i0.wp.com\/casadecampoliving.com\/wp-content\/uploads\/2022\/10\/IMG_2126.jpg?fit=1000%2C602&ssl=1&resize=525%2C300 1.5x, https:\/\/i0.wp.com\/casadecampoliving.com\/wp-content\/uploads\/2022\/10\/IMG_2126.jpg?fit=1000%2C602&ssl=1&resize=700%2C400 2x"},"classes":[]},{"id":351480,"url":"https:\/\/casadecampoliving.com\/es\/musica-en-vivo-en-la-cana-by-il-circo-todo-el-mes-de-mayo\/","url_meta":{"origin":351673,"position":1},"title":"M\u00fasica en vivo en el Restaurante La Ca\u00f1a todo el mes de mayo","author":"Marlenys Guzm\u00e1n Casta\u00f1os","date":"9 May, 2017","format":false,"excerpt":"Es un nuevo mes y todas las noches de mayo, adem\u00e1s de muchos eventos m\u00e1s, Casa de Campo le invita a disfrutar un programa cargado de diversi\u00f3n, baile y m\u00fasica en vivo en La Ca\u00f1a Restaurant. El siguiente es un itinerario completo de los eventos en vivo para mayo 2017:\u2026","rel":"","context":"En \u00abEstilo de Vida\u00bb","block_context":{"text":"Estilo de Vida","link":"https:\/\/casadecampoliving.com\/es\/category\/estilo-de-vida\/"},"img":{"alt_text":"La Ca\u00f1a","src":"https:\/\/i0.wp.com\/casadecampoliving.com\/wp-content\/uploads\/2022\/10\/3D5A4030.jpg?fit=1000%2C598&ssl=1&resize=350%2C200","width":350,"height":200,"srcset":"https:\/\/i0.wp.com\/casadecampoliving.com\/wp-content\/uploads\/2022\/10\/3D5A4030.jpg?fit=1000%2C598&ssl=1&resize=350%2C200 1x, https:\/\/i0.wp.com\/casadecampoliving.com\/wp-content\/uploads\/2022\/10\/3D5A4030.jpg?fit=1000%2C598&ssl=1&resize=525%2C300 1.5x, https:\/\/i0.wp.com\/casadecampoliving.com\/wp-content\/uploads\/2022\/10\/3D5A4030.jpg?fit=1000%2C598&ssl=1&resize=700%2C400 2x"},"classes":[]},{"id":349846,"url":"https:\/\/casadecampoliving.com\/es\/itinerario-la-cana-by-il-circo-mayo-2016\/","url_meta":{"origin":351673,"position":2},"title":"\u00a1La Ca\u00f1a Restaurant &#038; Lounge By Il Circo tiene noches de m\u00fasica en vivo!","author":"Felix Guerrero","date":"21 May, 2016","format":false,"excerpt":"\u00a1El mes de mayo est\u00e1 lleno actividades! Tantas cosas divertidas que hacer en Casa de Campo\u2026 \u00bfSab\u00edas que hay m\u00fasica en vivo en La Ca\u00f1a Restaurante y Sal\u00f3n de Il Circo cada noche?! \u00a1Disfrute de una buena copa por la noche acompa\u00f1ado de buena m\u00fasica en vivo! A continuaci\u00f3n la\u2026","rel":"","context":"En \u00abConciertos\u00bb","block_context":{"text":"Conciertos","link":"https:\/\/casadecampoliving.com\/es\/category\/conciertos-es\/"},"img":{"alt_text":"La Cana by Il Circo Casa de Campo","src":"https:\/\/i0.wp.com\/casadecampoliving.com\/wp-content\/uploads\/2022\/10\/La_Cana_by_Il_Circo_Casa_de_Campo1.jpg?fit=885%2C663&ssl=1&resize=350%2C200","width":350,"height":200,"srcset":"https:\/\/i0.wp.com\/casadecampoliving.com\/wp-content\/uploads\/2022\/10\/La_Cana_by_Il_Circo_Casa_de_Campo1.jpg?fit=885%2C663&ssl=1&resize=350%2C200 1x, https:\/\/i0.wp.com\/casadecampoliving.com\/wp-content\/uploads\/2022\/10\/La_Cana_by_Il_Circo_Casa_de_Campo1.jpg?fit=885%2C663&ssl=1&resize=525%2C300 1.5x, https:\/\/i0.wp.com\/casadecampoliving.com\/wp-content\/uploads\/2022\/10\/La_Cana_by_Il_Circo_Casa_de_Campo1.jpg?fit=885%2C663&ssl=1&resize=700%2C400 2x"},"classes":[]},{"id":352362,"url":"https:\/\/casadecampoliving.com\/es\/nuevo-programa-de-musica-en-vivo-en-la-cana-para-enero-de-2018\/","url_meta":{"origin":351673,"position":3},"title":"\u00a1Nuevo programa de m\u00fasica en vivo en La Ca\u00f1a para enero de 2018!","author":"Marlenys Guzm\u00e1n Casta\u00f1os","date":"4 Ene, 2018","format":false,"excerpt":"Puede que la Navidad ya haya pasado, \u00a1pero a\u00fan no es momento de guardar tus zapatos de baile! Todas las noches de enero, junto con muchos otros eventos emocionantes en Casa, La Ca\u00f1a tendr\u00e1 muchas noches con m\u00fasica latina en vivo y bailarines profesionales. \u00a1Perfecto para disfrutar de una buena\u2026","rel":"","context":"En \u00abComidas &amp; Bebidas\u00bb","block_context":{"text":"Comidas &amp; Bebidas","link":"https:\/\/casadecampoliving.com\/es\/category\/comidas-bebidas\/"},"img":{"alt_text":"La Ca\u00f1a","src":"https:\/\/i0.wp.com\/casadecampoliving.com\/wp-content\/uploads\/2022\/10\/3D5A4030.jpg?fit=1000%2C598&ssl=1&resize=350%2C200","width":350,"height":200,"srcset":"https:\/\/i0.wp.com\/casadecampoliving.com\/wp-content\/uploads\/2022\/10\/3D5A4030.jpg?fit=1000%2C598&ssl=1&resize=350%2C200 1x, https:\/\/i0.wp.com\/casadecampoliving.com\/wp-content\/uploads\/2022\/10\/3D5A4030.jpg?fit=1000%2C598&ssl=1&resize=525%2C300 1.5x, https:\/\/i0.wp.com\/casadecampoliving.com\/wp-content\/uploads\/2022\/10\/3D5A4030.jpg?fit=1000%2C598&ssl=1&resize=700%2C400 2x"},"classes":[]},{"id":351003,"url":"https:\/\/casadecampoliving.com\/es\/nuevo-ano-nuevo-calendario-de-musica-en-vivo-en-la-cana\/","url_meta":{"origin":351673,"position":4},"title":"Nuevo a\u00f1o, nuevo calendario de m\u00fasica en vivo en La Ca\u00f1a","author":"Marlenys Guzm\u00e1n Casta\u00f1os","date":"11 Ene, 2017","format":false,"excerpt":"A pesar de que la temporada festiva ha terminado, La Ca\u00f1a Restaurante y Lounge\u00a0de Il Circo contin\u00faa d\u00e1ndonos la oportunidad de bailar toda la noche con incre\u00edbles grupos todos lo d\u00edas. As\u00ed que si te sientes con deseos de\u00a0bailar o simplemente escuchar m\u00fasica en vivo \u00a1este es el lugar al\u2026","rel":"","context":"En \u00abEstilo de Vida\u00bb","block_context":{"text":"Estilo de Vida","link":"https:\/\/casadecampoliving.com\/es\/category\/estilo-de-vida\/"},"img":{"alt_text":"La Ca\u00f1a","src":"https:\/\/i0.wp.com\/casadecampoliving.com\/wp-content\/uploads\/2022\/10\/IMG_2126.jpg?fit=1000%2C602&ssl=1&resize=350%2C200","width":350,"height":200,"srcset":"https:\/\/i0.wp.com\/casadecampoliving.com\/wp-content\/uploads\/2022\/10\/IMG_2126.jpg?fit=1000%2C602&ssl=1&resize=350%2C200 1x, https:\/\/i0.wp.com\/casadecampoliving.com\/wp-content\/uploads\/2022\/10\/IMG_2126.jpg?fit=1000%2C602&ssl=1&resize=525%2C300 1.5x, https:\/\/i0.wp.com\/casadecampoliving.com\/wp-content\/uploads\/2022\/10\/IMG_2126.jpg?fit=1000%2C602&ssl=1&resize=700%2C400 2x"},"classes":[]},{"id":351546,"url":"https:\/\/casadecampoliving.com\/es\/calendario-de-musica-en-vivo-de-junio-en-la-cana-restaurant\/","url_meta":{"origin":351673,"position":5},"title":"Calendario de m\u00fasica en vivo para junio en La Ca\u00f1a Restaurant","author":"Heather Lincoln","date":"30 May, 2017","format":false,"excerpt":"En el mes de junio se siente un poco m\u00e1s el calor en Casa de Campo, pero mientras los d\u00edas son c\u00e1lidos, las noches en el restaurante La Ca\u00f1a son alegres y agradables con m\u00fasica en vivo. Situado en el hotel Casa de Campo y con una vista a\u00a0la piscina,\u2026","rel":"","context":"En \u00abComidas &amp; Bebidas\u00bb","block_context":{"text":"Comidas &amp; Bebidas","link":"https:\/\/casadecampoliving.com\/es\/category\/comidas-bebidas\/"},"img":{"alt_text":"La Ca\u00f1a","src":"https:\/\/i0.wp.com\/casadecampoliving.com\/wp-content\/uploads\/2022\/10\/3D5A4030.jpg?fit=1000%2C598&ssl=1&resize=350%2C200","width":350,"height":200,"srcset":"https:\/\/i0.wp.com\/casadecampoliving.com\/wp-content\/uploads\/2022\/10\/3D5A4030.jpg?fit=1000%2C598&ssl=1&resize=350%2C200 1x, https:\/\/i0.wp.com\/casadecampoliving.com\/wp-content\/uploads\/2022\/10\/3D5A4030.jpg?fit=1000%2C598&ssl=1&resize=525%2C300 1.5x, https:\/\/i0.wp.com\/casadecampoliving.com\/wp-content\/uploads\/2022\/10\/3D5A4030.jpg?fit=1000%2C598&ssl=1&resize=700%2C400 2x"},"classes":[]}],"jetpack_sharing_enabled":true,"_links":{"self":[{"href":"https:\/\/casadecampoliving.com\/es\/wp-json\/wp\/v2\/posts\/351673","targetHints":{"allow":["GET"]}}],"collection":[{"href":"https:\/\/casadecampoliving.com\/es\/wp-json\/wp\/v2\/posts"}],"about":[{"href":"https:\/\/casadecampoliving.com\/es\/wp-json\/wp\/v2\/types\/post"}],"author":[{"embeddable":true,"href":"https:\/\/casadecampoliving.com\/es\/wp-json\/wp\/v2\/users\/36682"}],"replies":[{"embeddable":true,"href":"https:\/\/casadecampoliving.com\/es\/wp-json\/wp\/v2\/comments?post=351673"}],"version-history":[{"count":0,"href":"https:\/\/casadecampoliving.com\/es\/wp-json\/wp\/v2\/posts\/351673\/revisions"}],"wp:featuredmedia":[{"embeddable":true,"href":"https:\/\/casadecampoliving.com\/es\/wp-json\/wp\/v2\/media\/278945"}],"wp:attachment":[{"href":"https:\/\/casadecampoliving.com\/es\/wp-json\/wp\/v2\/media?parent=351673"}],"wp:term":[{"taxonomy":"category","embeddable":true,"href":"https:\/\/casadecampoliving.com\/es\/wp-json\/wp\/v2\/categories?post=351673"},{"taxonomy":"post_tag","embeddable":true,"href":"https:\/\/casadecampoliving.com\/es\/wp-json\/wp\/v2\/tags?post=351673"},{"taxonomy":"newspack_spnsrs_tax","embeddable":true,"href":"https:\/\/casadecampoliving.com\/es\/wp-json\/wp\/v2\/newspack_spnsrs_tax?post=351673"}],"curies":[{"name":"wp","href":"https:\/\/api.w.org\/{rel}","templated":true}]}}