{"id":351658,"date":"2017-06-27T00:00:00","date_gmt":"2017-06-27T04:00:00","guid":{"rendered":"https:\/\/casadecampoliving.com\/la-firma-de-abogados-guzman-ariza-celebra-su-90-aniversario\/"},"modified":"2022-10-21T19:09:21","modified_gmt":"2022-10-21T23:09:21","slug":"la-firma-de-abogados-guzman-ariza-celebra-su-90-aniversario","status":"publish","type":"post","link":"https:\/\/casadecampoliving.com\/es\/la-firma-de-abogados-guzman-ariza-celebra-su-90-aniversario\/","title":{"rendered":"La firma de abogados Guzm\u00e1n Ariza celebra su 90 aniversario"},"content":{"rendered":"\n<p>La firma Guzm\u00e1n Ariza, abogados y consultores, se complace en participar la celebraci\u00f3n en 2017 del 90 aniversario de su fundaci\u00f3n.\u201cEstamos orgullosos de poder conmemorar con nuestros clientes, empleados y relacionados el nonag\u00e9simo aniversario de una trayectoria inigualable, que comenz\u00f3, muy modestamente, en 1927, cuando mi padre, Lic. D. Antonio Guzm\u00e1n L., reci\u00e9n graduado de la entonces Universidad de Santo Domingo, empez\u00f3 a ejercer solo en su pueblo natal de Salcedo\u201d, expres\u00f3 el licenciado Fabio J. Guzm\u00e1n Ariza, presidente del bufete.<\/p>\n\n\n\n<!--more-->\n\n\n\n<p>\u201cLas claves de nuestro \u00e9xito, que nos ha convertido en la primera y \u00fanica firma de abogados de la Rep\u00fablica Dominicana de alcance nacional, con ocho oficinas situadas estrat\u00e9gicamente en los m\u00e1s importantes centros de negocios y de turismo de la Rep\u00fablica Dominicana \u2014agreg\u00f3 el licenciado Guzm\u00e1n Ariza\u2014 han sido la dedicaci\u00f3n, organizaci\u00f3n, sentido \u00e9tico y esp\u00edritu innovador tanto de nuestros profesionales como del personal de apoyo, muchos de ellos con m\u00e1s de veinticinco a\u00f1os en la firma, as\u00ed como el trato transparente, efectivo y cordial que brindamos a nuestros clientes\u201d.<\/p>\n\n\n\n<p>Hoy en d\u00eda el bufete cuenta con un equipo de m\u00e1s de cuarenta profesionales, altamente capacitados, en su gran mayor\u00eda multiling\u00fces, con un amplio \u00e1mbito de ejercicio en las m\u00e1s diversas ramas del derecho y de los negocios, tales como derecho comercial y societario, fusiones y adquisiciones, financiaci\u00f3n de proyectos, comercio internacional e inversi\u00f3n extranjera, turismo, derecho bancario, burs\u00e1til y de los seguros, derecho de la competencia, derecho civil, derecho inmobiliario, litigios y arbitrajes, derecho penal econ\u00f3mico, derecho fiscal, propiedad intelectual, derecho ambiental, derecho de la construcci\u00f3n, derecho energ\u00e9tico y derecho del transporte.<\/p>\n\n\n\n<p>Tras 90 a\u00f1os en vanguardia, Guzm\u00e1n Ariza mantiene su compromiso de asistir a sus clientes de manera efectiva en el momento y lugar que lo necesite. La firma espera continuar por el camino del \u00e9xito para fortalecer a\u00fan m\u00e1s su presencia en el mercado legal nacional e internacional.<\/p>\n\n\n\n<blockquote><p><strong>Sobre Guzm\u00e1n Ariza<\/strong><\/p><figure><img decoding=\"async\" loading=\"lazy\" class=\"alignright size-medium wp-image-94191\" src=\"https:\/\/i0.wp.com\/casadecampoliving.com\/wp-content\/uploads\/2022\/10\/guzman_arriza-300x74-2.jpg?resize=300%2C74&amp;ssl=1\" alt=\"Guzman Arriza\" width=\"300\" height=\"74\"><\/figure><p>Guzm\u00e1n Ariza es la primera y \u00fanica firma de abogados y consultores de la Rep\u00fablica Dominicana de alcance nacional, con ocho oficinas situadas estrat\u00e9gicamente en los m\u00e1s importantes centros de negocios y de turismo de la Rep\u00fablica Dominicana: Santo Domingo, B\u00e1varo, Punta Cana, La Romana-Casa de Campo, Sos\u00faa-Puerto Plata, Las Terrenas, Saman\u00e1 y Cabrera.<\/p><p>En el \u00e1mbito internacional, Guzm\u00e1n Ariza ha sido reconocido como uno de los mejores bufetes dominicanos por los principales directorios jur\u00eddicos mundiales: Legal 500, Chambers &amp; Partners e IFLR 1000.<\/p><p><strong>Guzm\u00e1n-Ariza, Oficina La Romana<\/strong><br>\nAv. Trinitaria No. 45, 2nd Floor.<\/p><p><strong>Alfredo A. Guzm\u00e1n:<\/strong> (809) 550-6400,&nbsp;aguzman@drlawyer.com<\/p><p><strong>P\u00e1gina Web:&nbsp;<\/strong><a href=\"http:\/\/www.drlawyer.com\/\" target=\"_blank\" rel=\"noopener noreferrer\">www.drlawyer.com<\/a><\/p><\/blockquote>\n\n\n\n<p><em>* Fotos e informaci\u00f3n&nbsp;cortes\u00eda de Guzm\u00e1n Ariza&nbsp;<\/em><\/p>\n","protected":false},"excerpt":{"rendered":"<p>La firma Guzm\u00e1n Ariza, abogados y consultores, se complace en participar la celebraci\u00f3n en 2017 del 90 aniversario de su fundaci\u00f3n.\u201cEstamos orgullosos de poder conmemorar con nuestros clientes, empleados y relacionados el nonag\u00e9simo aniversario de una trayectoria inigualable, que comenz\u00f3, muy modestamente, en 1927, cuando mi padre, Lic. D. Antonio Guzm\u00e1n L., reci\u00e9n graduado de [&hellip;]<\/p>\n","protected":false},"author":36791,"featured_media":302340,"comment_status":"closed","ping_status":"closed","sticky":false,"template":"","format":"standard","meta":{"newspack_ads_suppress_ads":false,"newspack_popups_has_disabled_popups":false,"newspack_sponsor_sponsorship_scope":"","newspack_sponsor_native_byline_display":"inherit","newspack_sponsor_native_category_display":"inherit","newspack_sponsor_underwriter_style":"inherit","newspack_sponsor_underwriter_placement":"inherit","_newspack_byline_active":false,"_newspack_byline":"","newspack_hide_updated_date":false,"newspack_show_updated_date":false,"newspack_content_restriction_is_exempt":false,"newspack_featured_image_position":"","newspack_post_subtitle":"","newspack_article_summary_title":"Overview:","newspack_article_summary":"","_jetpack_memberships_contains_paid_content":false,"footnotes":"","jetpack_publicize_message":"","jetpack_publicize_feature_enabled":true,"jetpack_social_post_already_shared":false,"jetpack_social_options":{"image_generator_settings":{"template":"highway","default_image_id":0,"font":"","enabled":false},"version":2},"_wpas_customize_per_network":false},"categories":[6192,14631,2506,14625,2521],"tags":[7813,19187,18629,10407,7973,7960,18932,13822],"newspack_spnsrs_tax":[],"class_list":["post-351658","post","type-post","status-publish","format-standard","has-post-thumbnail","hentry","category-businesses","category-estilo-de-vida","category-mas-alla-de-casa-es","category-noticias-locales","category-republica-dominicana-2","tag-abogados","tag-aniversario","tag-dominican-republic-es-5","tag-dominican-republic-es","tag-guzman-ariza-es","tag-guzman-ariza","tag-la-romana-es-4","tag-santo-domingo","entry"],"yoast_head":"<!-- This site is optimized with the Yoast SEO plugin v27.5 - https:\/\/yoast.com\/product\/yoast-seo-wordpress\/ -->\n<title>La firma de abogados Guzm\u00e1n Ariza celebra su 90 aniversario | Casa de Campo Living<\/title>\n<meta name=\"description\" content=\"La firma Guzm\u00e1n Ariza, abogados y consultores, se complace en participar la celebraci\u00f3n en 2017 del 90 aniversario de su fundaci\u00f3n.\u201cEstamos orgullosos de\" \/>\n<meta name=\"robots\" content=\"index, follow, max-snippet:-1, max-image-preview:large, max-video-preview:-1\" \/>\n<link rel=\"canonical\" href=\"https:\/\/casadecampoliving.com\/es\/la-firma-de-abogados-guzman-ariza-celebra-su-90-aniversario\/\" \/>\n<meta property=\"og:locale\" content=\"es_ES\" \/>\n<meta property=\"og:type\" content=\"article\" \/>\n<meta property=\"og:title\" content=\"La firma de abogados Guzm\u00e1n Ariza celebra su 90 aniversario | Casa de Campo Living\" \/>\n<meta property=\"og:description\" content=\"La firma Guzm\u00e1n Ariza, abogados y consultores, se complace en participar la celebraci\u00f3n en 2017 del 90 aniversario de su fundaci\u00f3n.\u201cEstamos orgullosos de\" \/>\n<meta property=\"og:url\" content=\"https:\/\/casadecampoliving.com\/es\/la-firma-de-abogados-guzman-ariza-celebra-su-90-aniversario\/\" \/>\n<meta property=\"og:site_name\" content=\"Casa de Campo Living\" \/>\n<meta property=\"article:publisher\" content=\"https:\/\/www.facebook.com\/casadecampoliving\" \/>\n<meta property=\"article:published_time\" content=\"2017-06-27T04:00:00+00:00\" \/>\n<meta property=\"article:modified_time\" content=\"2022-10-21T23:09:21+00:00\" \/>\n<meta property=\"og:image\" content=\"https:\/\/i0.wp.com\/casadecampoliving.com\/wp-content\/uploads\/2022\/10\/Socios-Guzma\u0301n-Ariza.jpg?fit=1000%2C591&ssl=1\" \/>\n\t<meta property=\"og:image:width\" content=\"1000\" \/>\n\t<meta property=\"og:image:height\" content=\"591\" \/>\n\t<meta property=\"og:image:type\" content=\"image\/jpeg\" \/>\n<meta name=\"author\" content=\"Casa de Campo Living\" \/>\n<meta name=\"twitter:card\" content=\"summary_large_image\" \/>\n<meta name=\"twitter:creator\" content=\"@cdcliving\" \/>\n<meta name=\"twitter:site\" content=\"@cdcliving\" \/>\n<meta name=\"twitter:label1\" content=\"Escrito por\" \/>\n\t<meta name=\"twitter:data1\" content=\"Casa de Campo Living\" \/>\n\t<meta name=\"twitter:label2\" content=\"Tiempo de lectura\" \/>\n\t<meta name=\"twitter:data2\" content=\"2 minutos\" \/>\n<script type=\"application\/ld+json\" class=\"yoast-schema-graph\">{\"@context\":\"https:\\\/\\\/schema.org\",\"@graph\":[{\"@type\":\"Article\",\"@id\":\"https:\\\/\\\/casadecampoliving.com\\\/es\\\/la-firma-de-abogados-guzman-ariza-celebra-su-90-aniversario\\\/#article\",\"isPartOf\":{\"@id\":\"https:\\\/\\\/casadecampoliving.com\\\/es\\\/la-firma-de-abogados-guzman-ariza-celebra-su-90-aniversario\\\/\"},\"author\":{\"name\":\"Casa de Campo Living\",\"@id\":\"https:\\\/\\\/casadecampoliving.com\\\/es\\\/#\\\/schema\\\/person\\\/5d2171637a9d11e0e43ce6b8555f9422\"},\"headline\":\"La firma de abogados Guzm\u00e1n Ariza celebra su 90 aniversario\",\"datePublished\":\"2017-06-27T04:00:00+00:00\",\"dateModified\":\"2022-10-21T23:09:21+00:00\",\"mainEntityOfPage\":{\"@id\":\"https:\\\/\\\/casadecampoliving.com\\\/es\\\/la-firma-de-abogados-guzman-ariza-celebra-su-90-aniversario\\\/\"},\"wordCount\":485,\"publisher\":{\"@id\":\"https:\\\/\\\/casadecampoliving.com\\\/es\\\/#organization\"},\"image\":{\"@id\":\"https:\\\/\\\/casadecampoliving.com\\\/es\\\/la-firma-de-abogados-guzman-ariza-celebra-su-90-aniversario\\\/#primaryimage\"},\"thumbnailUrl\":\"https:\\\/\\\/i0.wp.com\\\/casadecampoliving.com\\\/wp-content\\\/uploads\\\/2022\\\/10\\\/Socios-Guzma%CC%81n-Ariza.jpg?fit=1000%2C591&ssl=1\",\"keywords\":[\"abogados\",\"aniversario\",\"Dominican Republic\",\"Dominican Republic @es\",\"guzman ariza @es\",\"guzman-ariza\",\"La Romana\",\"Santo Domingo\"],\"articleSection\":[\"businesses\",\"Estilo de Vida\",\"M\u00e1s all\u00e1 de Casa\",\"Noticias Locales\",\"Rep\u00fablica Dominicana @es\"],\"inLanguage\":\"es\"},{\"@type\":\"WebPage\",\"@id\":\"https:\\\/\\\/casadecampoliving.com\\\/es\\\/la-firma-de-abogados-guzman-ariza-celebra-su-90-aniversario\\\/\",\"url\":\"https:\\\/\\\/casadecampoliving.com\\\/es\\\/la-firma-de-abogados-guzman-ariza-celebra-su-90-aniversario\\\/\",\"name\":\"La firma de abogados Guzm\u00e1n Ariza celebra su 90 aniversario | Casa de Campo Living\",\"isPartOf\":{\"@id\":\"https:\\\/\\\/casadecampoliving.com\\\/es\\\/#website\"},\"primaryImageOfPage\":{\"@id\":\"https:\\\/\\\/casadecampoliving.com\\\/es\\\/la-firma-de-abogados-guzman-ariza-celebra-su-90-aniversario\\\/#primaryimage\"},\"image\":{\"@id\":\"https:\\\/\\\/casadecampoliving.com\\\/es\\\/la-firma-de-abogados-guzman-ariza-celebra-su-90-aniversario\\\/#primaryimage\"},\"thumbnailUrl\":\"https:\\\/\\\/i0.wp.com\\\/casadecampoliving.com\\\/wp-content\\\/uploads\\\/2022\\\/10\\\/Socios-Guzma%CC%81n-Ariza.jpg?fit=1000%2C591&ssl=1\",\"datePublished\":\"2017-06-27T04:00:00+00:00\",\"dateModified\":\"2022-10-21T23:09:21+00:00\",\"description\":\"La firma Guzm\u00e1n Ariza, abogados y consultores, se complace en participar la celebraci\u00f3n en 2017 del 90 aniversario de su fundaci\u00f3n.\u201cEstamos orgullosos de\",\"breadcrumb\":{\"@id\":\"https:\\\/\\\/casadecampoliving.com\\\/es\\\/la-firma-de-abogados-guzman-ariza-celebra-su-90-aniversario\\\/#breadcrumb\"},\"inLanguage\":\"es\",\"potentialAction\":[{\"@type\":\"ReadAction\",\"target\":[\"https:\\\/\\\/casadecampoliving.com\\\/es\\\/la-firma-de-abogados-guzman-ariza-celebra-su-90-aniversario\\\/\"]}]},{\"@type\":\"ImageObject\",\"inLanguage\":\"es\",\"@id\":\"https:\\\/\\\/casadecampoliving.com\\\/es\\\/la-firma-de-abogados-guzman-ariza-celebra-su-90-aniversario\\\/#primaryimage\",\"url\":\"https:\\\/\\\/i0.wp.com\\\/casadecampoliving.com\\\/wp-content\\\/uploads\\\/2022\\\/10\\\/Socios-Guzma%CC%81n-Ariza.jpg?fit=1000%2C591&ssl=1\",\"contentUrl\":\"https:\\\/\\\/i0.wp.com\\\/casadecampoliving.com\\\/wp-content\\\/uploads\\\/2022\\\/10\\\/Socios-Guzma%CC%81n-Ariza.jpg?fit=1000%2C591&ssl=1\",\"width\":1000,\"height\":591},{\"@type\":\"BreadcrumbList\",\"@id\":\"https:\\\/\\\/casadecampoliving.com\\\/es\\\/la-firma-de-abogados-guzman-ariza-celebra-su-90-aniversario\\\/#breadcrumb\",\"itemListElement\":[{\"@type\":\"ListItem\",\"position\":1,\"name\":\"Home\",\"item\":\"https:\\\/\\\/casadecampoliving.com\\\/es\\\/\"},{\"@type\":\"ListItem\",\"position\":2,\"name\":\"La firma de abogados Guzm\u00e1n Ariza celebra su 90 aniversario\"}]},{\"@type\":\"WebSite\",\"@id\":\"https:\\\/\\\/casadecampoliving.com\\\/es\\\/#website\",\"url\":\"https:\\\/\\\/casadecampoliving.com\\\/es\\\/\",\"name\":\"Casa de Campo Living\",\"description\":\"Resort community news and resources.\",\"publisher\":{\"@id\":\"https:\\\/\\\/casadecampoliving.com\\\/es\\\/#organization\"},\"potentialAction\":[{\"@type\":\"SearchAction\",\"target\":{\"@type\":\"EntryPoint\",\"urlTemplate\":\"https:\\\/\\\/casadecampoliving.com\\\/es\\\/?s={search_term_string}\"},\"query-input\":{\"@type\":\"PropertyValueSpecification\",\"valueRequired\":true,\"valueName\":\"search_term_string\"}}],\"inLanguage\":\"es\"},{\"@type\":\"Organization\",\"@id\":\"https:\\\/\\\/casadecampoliving.com\\\/es\\\/#organization\",\"name\":\"Casa de Campo Living\",\"url\":\"https:\\\/\\\/casadecampoliving.com\\\/es\\\/\",\"logo\":{\"@type\":\"ImageObject\",\"inLanguage\":\"es\",\"@id\":\"https:\\\/\\\/casadecampoliving.com\\\/es\\\/#\\\/schema\\\/logo\\\/image\\\/\",\"url\":\"https:\\\/\\\/i0.wp.com\\\/casadecampoliving.com\\\/wp-content\\\/uploads\\\/2022\\\/07\\\/CDCLivingLogo_V1-white-sized.png?fit=800%2C214&ssl=1\",\"contentUrl\":\"https:\\\/\\\/i0.wp.com\\\/casadecampoliving.com\\\/wp-content\\\/uploads\\\/2022\\\/07\\\/CDCLivingLogo_V1-white-sized.png?fit=800%2C214&ssl=1\",\"width\":800,\"height\":214,\"caption\":\"Casa de Campo Living\"},\"image\":{\"@id\":\"https:\\\/\\\/casadecampoliving.com\\\/es\\\/#\\\/schema\\\/logo\\\/image\\\/\"},\"sameAs\":[\"https:\\\/\\\/www.facebook.com\\\/casadecampoliving\",\"https:\\\/\\\/x.com\\\/cdcliving\"]},{\"@type\":\"Person\",\"@id\":\"https:\\\/\\\/casadecampoliving.com\\\/es\\\/#\\\/schema\\\/person\\\/5d2171637a9d11e0e43ce6b8555f9422\",\"name\":\"Casa de Campo Living\",\"image\":{\"@type\":\"ImageObject\",\"inLanguage\":\"es\",\"@id\":\"https:\\\/\\\/secure.gravatar.com\\\/avatar\\\/d04101fa4a9fd431e939953b1500fdc7a73cd35029f86d98712fd8ccdaebaf9a?s=96&d=mm&r=g\",\"url\":\"https:\\\/\\\/secure.gravatar.com\\\/avatar\\\/d04101fa4a9fd431e939953b1500fdc7a73cd35029f86d98712fd8ccdaebaf9a?s=96&d=mm&r=g\",\"contentUrl\":\"https:\\\/\\\/secure.gravatar.com\\\/avatar\\\/d04101fa4a9fd431e939953b1500fdc7a73cd35029f86d98712fd8ccdaebaf9a?s=96&d=mm&r=g\",\"caption\":\"Casa de Campo Living\"},\"url\":\"https:\\\/\\\/casadecampoliving.com\\\/es\\\/author\\\/casa-de-campo-living\\\/\"}]}<\/script>\n<!-- \/ Yoast SEO plugin. -->","yoast_head_json":{"title":"La firma de abogados Guzm\u00e1n Ariza celebra su 90 aniversario | Casa de Campo Living","description":"La firma Guzm\u00e1n Ariza, abogados y consultores, se complace en participar la celebraci\u00f3n en 2017 del 90 aniversario de su fundaci\u00f3n.\u201cEstamos orgullosos de","robots":{"index":"index","follow":"follow","max-snippet":"max-snippet:-1","max-image-preview":"max-image-preview:large","max-video-preview":"max-video-preview:-1"},"canonical":"https:\/\/casadecampoliving.com\/es\/la-firma-de-abogados-guzman-ariza-celebra-su-90-aniversario\/","og_locale":"es_ES","og_type":"article","og_title":"La firma de abogados Guzm\u00e1n Ariza celebra su 90 aniversario | Casa de Campo Living","og_description":"La firma Guzm\u00e1n Ariza, abogados y consultores, se complace en participar la celebraci\u00f3n en 2017 del 90 aniversario de su fundaci\u00f3n.\u201cEstamos orgullosos de","og_url":"https:\/\/casadecampoliving.com\/es\/la-firma-de-abogados-guzman-ariza-celebra-su-90-aniversario\/","og_site_name":"Casa de Campo Living","article_publisher":"https:\/\/www.facebook.com\/casadecampoliving","article_published_time":"2017-06-27T04:00:00+00:00","article_modified_time":"2022-10-21T23:09:21+00:00","og_image":[{"width":1000,"height":591,"url":"https:\/\/i0.wp.com\/casadecampoliving.com\/wp-content\/uploads\/2022\/10\/Socios-Guzma\u0301n-Ariza.jpg?fit=1000%2C591&ssl=1","type":"image\/jpeg"}],"author":"Casa de Campo Living","twitter_card":"summary_large_image","twitter_creator":"@cdcliving","twitter_site":"@cdcliving","twitter_misc":{"Escrito por":"Casa de Campo Living","Tiempo de lectura":"2 minutos"},"schema":{"@context":"https:\/\/schema.org","@graph":[{"@type":"Article","@id":"https:\/\/casadecampoliving.com\/es\/la-firma-de-abogados-guzman-ariza-celebra-su-90-aniversario\/#article","isPartOf":{"@id":"https:\/\/casadecampoliving.com\/es\/la-firma-de-abogados-guzman-ariza-celebra-su-90-aniversario\/"},"author":{"name":"Casa de Campo Living","@id":"https:\/\/casadecampoliving.com\/es\/#\/schema\/person\/5d2171637a9d11e0e43ce6b8555f9422"},"headline":"La firma de abogados Guzm\u00e1n Ariza celebra su 90 aniversario","datePublished":"2017-06-27T04:00:00+00:00","dateModified":"2022-10-21T23:09:21+00:00","mainEntityOfPage":{"@id":"https:\/\/casadecampoliving.com\/es\/la-firma-de-abogados-guzman-ariza-celebra-su-90-aniversario\/"},"wordCount":485,"publisher":{"@id":"https:\/\/casadecampoliving.com\/es\/#organization"},"image":{"@id":"https:\/\/casadecampoliving.com\/es\/la-firma-de-abogados-guzman-ariza-celebra-su-90-aniversario\/#primaryimage"},"thumbnailUrl":"https:\/\/i0.wp.com\/casadecampoliving.com\/wp-content\/uploads\/2022\/10\/Socios-Guzma%CC%81n-Ariza.jpg?fit=1000%2C591&ssl=1","keywords":["abogados","aniversario","Dominican Republic","Dominican Republic @es","guzman ariza @es","guzman-ariza","La Romana","Santo Domingo"],"articleSection":["businesses","Estilo de Vida","M\u00e1s all\u00e1 de Casa","Noticias Locales","Rep\u00fablica Dominicana @es"],"inLanguage":"es"},{"@type":"WebPage","@id":"https:\/\/casadecampoliving.com\/es\/la-firma-de-abogados-guzman-ariza-celebra-su-90-aniversario\/","url":"https:\/\/casadecampoliving.com\/es\/la-firma-de-abogados-guzman-ariza-celebra-su-90-aniversario\/","name":"La firma de abogados Guzm\u00e1n Ariza celebra su 90 aniversario | Casa de Campo Living","isPartOf":{"@id":"https:\/\/casadecampoliving.com\/es\/#website"},"primaryImageOfPage":{"@id":"https:\/\/casadecampoliving.com\/es\/la-firma-de-abogados-guzman-ariza-celebra-su-90-aniversario\/#primaryimage"},"image":{"@id":"https:\/\/casadecampoliving.com\/es\/la-firma-de-abogados-guzman-ariza-celebra-su-90-aniversario\/#primaryimage"},"thumbnailUrl":"https:\/\/i0.wp.com\/casadecampoliving.com\/wp-content\/uploads\/2022\/10\/Socios-Guzma%CC%81n-Ariza.jpg?fit=1000%2C591&ssl=1","datePublished":"2017-06-27T04:00:00+00:00","dateModified":"2022-10-21T23:09:21+00:00","description":"La firma Guzm\u00e1n Ariza, abogados y consultores, se complace en participar la celebraci\u00f3n en 2017 del 90 aniversario de su fundaci\u00f3n.\u201cEstamos orgullosos de","breadcrumb":{"@id":"https:\/\/casadecampoliving.com\/es\/la-firma-de-abogados-guzman-ariza-celebra-su-90-aniversario\/#breadcrumb"},"inLanguage":"es","potentialAction":[{"@type":"ReadAction","target":["https:\/\/casadecampoliving.com\/es\/la-firma-de-abogados-guzman-ariza-celebra-su-90-aniversario\/"]}]},{"@type":"ImageObject","inLanguage":"es","@id":"https:\/\/casadecampoliving.com\/es\/la-firma-de-abogados-guzman-ariza-celebra-su-90-aniversario\/#primaryimage","url":"https:\/\/i0.wp.com\/casadecampoliving.com\/wp-content\/uploads\/2022\/10\/Socios-Guzma%CC%81n-Ariza.jpg?fit=1000%2C591&ssl=1","contentUrl":"https:\/\/i0.wp.com\/casadecampoliving.com\/wp-content\/uploads\/2022\/10\/Socios-Guzma%CC%81n-Ariza.jpg?fit=1000%2C591&ssl=1","width":1000,"height":591},{"@type":"BreadcrumbList","@id":"https:\/\/casadecampoliving.com\/es\/la-firma-de-abogados-guzman-ariza-celebra-su-90-aniversario\/#breadcrumb","itemListElement":[{"@type":"ListItem","position":1,"name":"Home","item":"https:\/\/casadecampoliving.com\/es\/"},{"@type":"ListItem","position":2,"name":"La firma de abogados Guzm\u00e1n Ariza celebra su 90 aniversario"}]},{"@type":"WebSite","@id":"https:\/\/casadecampoliving.com\/es\/#website","url":"https:\/\/casadecampoliving.com\/es\/","name":"Casa de Campo Living","description":"Resort community news and resources.","publisher":{"@id":"https:\/\/casadecampoliving.com\/es\/#organization"},"potentialAction":[{"@type":"SearchAction","target":{"@type":"EntryPoint","urlTemplate":"https:\/\/casadecampoliving.com\/es\/?s={search_term_string}"},"query-input":{"@type":"PropertyValueSpecification","valueRequired":true,"valueName":"search_term_string"}}],"inLanguage":"es"},{"@type":"Organization","@id":"https:\/\/casadecampoliving.com\/es\/#organization","name":"Casa de Campo Living","url":"https:\/\/casadecampoliving.com\/es\/","logo":{"@type":"ImageObject","inLanguage":"es","@id":"https:\/\/casadecampoliving.com\/es\/#\/schema\/logo\/image\/","url":"https:\/\/i0.wp.com\/casadecampoliving.com\/wp-content\/uploads\/2022\/07\/CDCLivingLogo_V1-white-sized.png?fit=800%2C214&ssl=1","contentUrl":"https:\/\/i0.wp.com\/casadecampoliving.com\/wp-content\/uploads\/2022\/07\/CDCLivingLogo_V1-white-sized.png?fit=800%2C214&ssl=1","width":800,"height":214,"caption":"Casa de Campo Living"},"image":{"@id":"https:\/\/casadecampoliving.com\/es\/#\/schema\/logo\/image\/"},"sameAs":["https:\/\/www.facebook.com\/casadecampoliving","https:\/\/x.com\/cdcliving"]},{"@type":"Person","@id":"https:\/\/casadecampoliving.com\/es\/#\/schema\/person\/5d2171637a9d11e0e43ce6b8555f9422","name":"Casa de Campo Living","image":{"@type":"ImageObject","inLanguage":"es","@id":"https:\/\/secure.gravatar.com\/avatar\/d04101fa4a9fd431e939953b1500fdc7a73cd35029f86d98712fd8ccdaebaf9a?s=96&d=mm&r=g","url":"https:\/\/secure.gravatar.com\/avatar\/d04101fa4a9fd431e939953b1500fdc7a73cd35029f86d98712fd8ccdaebaf9a?s=96&d=mm&r=g","contentUrl":"https:\/\/secure.gravatar.com\/avatar\/d04101fa4a9fd431e939953b1500fdc7a73cd35029f86d98712fd8ccdaebaf9a?s=96&d=mm&r=g","caption":"Casa de Campo Living"},"url":"https:\/\/casadecampoliving.com\/es\/author\/casa-de-campo-living\/"}]}},"parsely":{"version":"1.1.0","canonical_url":"https:\/\/casadecampoliving.com\/es\/la-firma-de-abogados-guzman-ariza-celebra-su-90-aniversario\/","smart_links":{"inbound":0,"outbound":0},"traffic_boost_suggestions_count":0,"meta":{"@context":"https:\/\/schema.org","@type":"NewsArticle","headline":"La firma de abogados Guzm\u00e1n Ariza celebra su 90 aniversario","url":"http:\/\/casadecampoliving.com\/es\/la-firma-de-abogados-guzman-ariza-celebra-su-90-aniversario\/","mainEntityOfPage":{"@type":"WebPage","@id":"http:\/\/casadecampoliving.com\/es\/la-firma-de-abogados-guzman-ariza-celebra-su-90-aniversario\/"},"thumbnailUrl":"https:\/\/i0.wp.com\/casadecampoliving.com\/wp-content\/uploads\/2022\/10\/Socios-Guzma%CC%81n-Ariza.jpg?resize=150%2C150&ssl=1","image":{"@type":"ImageObject","url":"https:\/\/i0.wp.com\/casadecampoliving.com\/wp-content\/uploads\/2022\/10\/Socios-Guzma%CC%81n-Ariza.jpg?fit=1000%2C591&ssl=1"},"articleSection":"businesses","author":[{"@type":"Person","name":"Casa de Campo Living"}],"creator":["Casa de Campo Living"],"publisher":{"@type":"Organization","name":"Casa de Campo Living","logo":"https:\/\/casadecampoliving.com\/wp-content\/uploads\/2022\/07\/CDCLivingLogo_V1-white-sized.png"},"keywords":["abogados","aniversario","dominican republic","dominican republic @es","guzman ariza @es","guzman-ariza","la romana","santo domingo"],"dateCreated":"2017-06-27T04:00:00Z","datePublished":"2017-06-27T04:00:00Z","dateModified":"2022-10-21T23:09:21Z"},"rendered":"<script type=\"application\/ld+json\" class=\"wp-parsely-metadata\">{\"@context\":\"https:\\\/\\\/schema.org\",\"@type\":\"NewsArticle\",\"headline\":\"La firma de abogados Guzm\\u00e1n Ariza celebra su 90 aniversario\",\"url\":\"http:\\\/\\\/casadecampoliving.com\\\/es\\\/la-firma-de-abogados-guzman-ariza-celebra-su-90-aniversario\\\/\",\"mainEntityOfPage\":{\"@type\":\"WebPage\",\"@id\":\"http:\\\/\\\/casadecampoliving.com\\\/es\\\/la-firma-de-abogados-guzman-ariza-celebra-su-90-aniversario\\\/\"},\"thumbnailUrl\":\"https:\\\/\\\/i0.wp.com\\\/casadecampoliving.com\\\/wp-content\\\/uploads\\\/2022\\\/10\\\/Socios-Guzma%CC%81n-Ariza.jpg?resize=150%2C150&ssl=1\",\"image\":{\"@type\":\"ImageObject\",\"url\":\"https:\\\/\\\/i0.wp.com\\\/casadecampoliving.com\\\/wp-content\\\/uploads\\\/2022\\\/10\\\/Socios-Guzma%CC%81n-Ariza.jpg?fit=1000%2C591&ssl=1\"},\"articleSection\":\"businesses\",\"author\":[{\"@type\":\"Person\",\"name\":\"Casa de Campo Living\"}],\"creator\":[\"Casa de Campo Living\"],\"publisher\":{\"@type\":\"Organization\",\"name\":\"Casa de Campo Living\",\"logo\":\"https:\\\/\\\/casadecampoliving.com\\\/wp-content\\\/uploads\\\/2022\\\/07\\\/CDCLivingLogo_V1-white-sized.png\"},\"keywords\":[\"abogados\",\"aniversario\",\"dominican republic\",\"dominican republic @es\",\"guzman ariza @es\",\"guzman-ariza\",\"la romana\",\"santo domingo\"],\"dateCreated\":\"2017-06-27T04:00:00Z\",\"datePublished\":\"2017-06-27T04:00:00Z\",\"dateModified\":\"2022-10-21T23:09:21Z\"}<\/script>","tracker_url":"https:\/\/cdn.parsely.com\/keys\/casadecampoliving.com\/p.js"},"jetpack_publicize_connections":[],"jetpack_featured_media_url":"https:\/\/i0.wp.com\/casadecampoliving.com\/wp-content\/uploads\/2022\/10\/Socios-Guzma%CC%81n-Ariza.jpg?fit=1000%2C591&ssl=1","jetpack-related-posts":[{"id":350372,"url":"https:\/\/casadecampoliving.com\/es\/guzman-ariza-guia-de-inversion\/","url_meta":{"origin":351658,"position":0},"title":"Guzm\u00e1n Ariza publica gu\u00eda de inversi\u00f3n: La Gu\u00eda del Inversionista Extranjero en la Rep\u00fablica Dominicana","author":"Marlenys Guzm\u00e1n Casta\u00f1os","date":"14 Ago, 2016","format":false,"excerpt":"Guzm\u00e1n Ariza Abogados y Consultores lanz\u00f3 al mercado una nueva publicaci\u00f3n: La Gu\u00eda del Inversionista Extranjero en la Rep\u00fablica Dominicana de la autor\u00eda de Fabio J. Guzm\u00e1n Ariza, presidente de la firma. Esta Gu\u00eda contiene informaci\u00f3n general del pa\u00eds y temas jur\u00eddicos de utilidad para los inversionistas que desean aprovechar\u2026","rel":"","context":"En \u00abbusinesses\u00bb","block_context":{"text":"businesses","link":"https:\/\/casadecampoliving.com\/es\/category\/businesses\/"},"img":{"alt_text":"Guzman Ariza","src":"https:\/\/i0.wp.com\/casadecampoliving.com\/wp-content\/uploads\/2022\/10\/shutterstock_105970766-1.jpg?fit=1000%2C563&ssl=1&resize=350%2C200","width":350,"height":200,"srcset":"https:\/\/i0.wp.com\/casadecampoliving.com\/wp-content\/uploads\/2022\/10\/shutterstock_105970766-1.jpg?fit=1000%2C563&ssl=1&resize=350%2C200 1x, https:\/\/i0.wp.com\/casadecampoliving.com\/wp-content\/uploads\/2022\/10\/shutterstock_105970766-1.jpg?fit=1000%2C563&ssl=1&resize=525%2C300 1.5x, https:\/\/i0.wp.com\/casadecampoliving.com\/wp-content\/uploads\/2022\/10\/shutterstock_105970766-1.jpg?fit=1000%2C563&ssl=1&resize=700%2C400 2x"},"classes":[]},{"id":344922,"url":"https:\/\/casadecampoliving.com\/es\/conferencia-fiscal-con-guzman-ariza-cantor-webb-p\/","url_meta":{"origin":351658,"position":1},"title":"Conferencia Fiscal con Guzm\u00e1n Ariza &#038; Cantor Webb P. A.","author":"Katherine Calca\u00f1o","date":"24 Jul, 2014","format":false,"excerpt":"En noviembre del a\u00f1o pasado, \u00a0estuvimos honrados de traerles una interesante conferencia sobre impuestos; \u201cDesarrollo de los impuestos en EE.UU y R.D,\u00a0planificaci\u00f3n de la sucesi\u00f3n y los requisitos para la presentaci\u00f3n de informes\u201d presentado por\u00a0Guzm\u00e1n Ariza & Cantor Webb P.A. Hoy, siguiendo con el celebrado \u00e9xito de este evento, nos\u2026","rel":"","context":"En \u00abDestacados\u00bb","block_context":{"text":"Destacados","link":"https:\/\/casadecampoliving.com\/es\/category\/destacados\/"},"img":{"alt_text":"Guzman Ariza Cantor Webb law","src":"https:\/\/i0.wp.com\/casadecampoliving.com\/wp-content\/uploads\/2022\/10\/GuzmanArizaCantorWebbEstateTaxPresInvite-1.png?fit=960%2C588&ssl=1&resize=350%2C200","width":350,"height":200,"srcset":"https:\/\/i0.wp.com\/casadecampoliving.com\/wp-content\/uploads\/2022\/10\/GuzmanArizaCantorWebbEstateTaxPresInvite-1.png?fit=960%2C588&ssl=1&resize=350%2C200 1x, https:\/\/i0.wp.com\/casadecampoliving.com\/wp-content\/uploads\/2022\/10\/GuzmanArizaCantorWebbEstateTaxPresInvite-1.png?fit=960%2C588&ssl=1&resize=525%2C300 1.5x, https:\/\/i0.wp.com\/casadecampoliving.com\/wp-content\/uploads\/2022\/10\/GuzmanArizaCantorWebbEstateTaxPresInvite-1.png?fit=960%2C588&ssl=1&resize=700%2C400 2x"},"classes":[]},{"id":349726,"url":"https:\/\/casadecampoliving.com\/es\/ahk-centroamerica-caribe-nombra-socio-de-guzman-ariza-christoph-sieger-como-presidente-regional\/","url_meta":{"origin":351658,"position":2},"title":"AHK Centroam\u00e9rica \/ Caribe nombra a  socio de Guzm\u00e1n Ariza, Christoph Sieger como Presidente Regional","author":"Marlenys Guzm\u00e1n Casta\u00f1os","date":"6 May, 2016","format":false,"excerpt":"Christoph Sieger, socio del bufete de abogados Guzm\u00e1n Ariza en Punta Cana ha sido recientemente nombrado presidente regional de la c\u00e1mara de AHK Centroam\u00e9rica \/ Caribe en un acto celebrado en Panam\u00e1. Proveniente de Alemania, Sieger obtuvo su licenciatura en Derecho en la Universidad Dominicana UAPA en Santiago Rep\u00fablica Dominicana\u2026","rel":"","context":"En \u00abM\u00e1s all\u00e1 de Casa\u00bb","block_context":{"text":"M\u00e1s all\u00e1 de Casa","link":"https:\/\/casadecampoliving.com\/es\/category\/mas-alla-de-casa-es\/"},"img":{"alt_text":"","src":"https:\/\/i0.wp.com\/casadecampoliving.com\/wp-content\/uploads\/2022\/10\/shutterstock_256794787.jpg?fit=1000%2C673&ssl=1&resize=350%2C200","width":350,"height":200,"srcset":"https:\/\/i0.wp.com\/casadecampoliving.com\/wp-content\/uploads\/2022\/10\/shutterstock_256794787.jpg?fit=1000%2C673&ssl=1&resize=350%2C200 1x, https:\/\/i0.wp.com\/casadecampoliving.com\/wp-content\/uploads\/2022\/10\/shutterstock_256794787.jpg?fit=1000%2C673&ssl=1&resize=525%2C300 1.5x, https:\/\/i0.wp.com\/casadecampoliving.com\/wp-content\/uploads\/2022\/10\/shutterstock_256794787.jpg?fit=1000%2C673&ssl=1&resize=700%2C400 2x"},"classes":[]},{"id":343313,"url":"https:\/\/casadecampoliving.com\/es\/conversatorio-y-coctel-sobre-las-novedades-en-planificacion-patrimonial-y-fiscal-en-los-e-e-u-u-y-r-d-y-las-obligaciones-de-presentacion-30-de-noviembre\/","url_meta":{"origin":351658,"position":3},"title":"Conversatorio y c\u00f3ctel sobre las novedades en planificaci\u00f3n patrimonial y fiscal en los E.E.U.U. y R.D. y las obligaciones de presentaci\u00f3n &#8211; 30 de noviembre","author":"Rebecca Silvestri","date":"19 Nov, 2013","format":false,"excerpt":"Impuestos. Aunque no es necesariamente el tema favorito de muchos, es siempre importante que\u00a0estemos claros sobre cuales son los tipos de impuestos que debemos y cuanto se tiene que pagar. Es\u00a0por esto que est\u00e1n todos cordialmente invitados al evento \u201cCiudadanos de EEUU y otros extranjeros con\u00a0inversiones o residencia en la\u2026","rel":"","context":"En \u00abCasa de Campo Living @es\u00bb","block_context":{"text":"Casa de Campo Living @es","link":"https:\/\/casadecampoliving.com\/category\/casa-de-campo-living-es\/"},"img":{"alt_text":"Guzman Ariza","src":"https:\/\/i0.wp.com\/casadecampoliving.com\/wp-content\/uploads\/2022\/10\/guzman-ariza1-1.jpg?fit=650%2C500&ssl=1&resize=350%2C200","width":350,"height":200,"srcset":"https:\/\/i0.wp.com\/casadecampoliving.com\/wp-content\/uploads\/2022\/10\/guzman-ariza1-1.jpg?fit=650%2C500&ssl=1&resize=350%2C200 1x, https:\/\/i0.wp.com\/casadecampoliving.com\/wp-content\/uploads\/2022\/10\/guzman-ariza1-1.jpg?fit=650%2C500&ssl=1&resize=525%2C300 1.5x"},"classes":[]},{"id":352245,"url":"https:\/\/casadecampoliving.com\/es\/guzman-ariza-realiza-coctel-en-casa-de-campo\/","url_meta":{"origin":351658,"position":4},"title":"Guzm\u00e1n Ariza realiza c\u00f3ctel en Casa de Campo","author":"Marlenys Guzm\u00e1n Casta\u00f1os","date":"1 Dic, 2017","format":false,"excerpt":"La firma de abogados Guzm\u00e1n Ariza realiz\u00f3 un c\u00f3ctel con el objetivo de conversar e intercambias opiniones sobre las nuevas tendencias legales y financieras en el mercado nacional e internacional. La velada se realiz\u00f3 en Vistamar 27 (El Palmar), la hermosa villa de Roberto Weill, fundador y presidente del Sal\u00f3n\u2026","rel":"","context":"En \u00abEventos\u00bb","block_context":{"text":"Eventos","link":"https:\/\/casadecampoliving.com\/es\/category\/eventos-es\/"},"img":{"alt_text":"","src":"https:\/\/i0.wp.com\/casadecampoliving.com\/wp-content\/uploads\/2022\/10\/CDC212.jpg?fit=1000%2C599&ssl=1&resize=350%2C200","width":350,"height":200,"srcset":"https:\/\/i0.wp.com\/casadecampoliving.com\/wp-content\/uploads\/2022\/10\/CDC212.jpg?fit=1000%2C599&ssl=1&resize=350%2C200 1x, https:\/\/i0.wp.com\/casadecampoliving.com\/wp-content\/uploads\/2022\/10\/CDC212.jpg?fit=1000%2C599&ssl=1&resize=525%2C300 1.5x, https:\/\/i0.wp.com\/casadecampoliving.com\/wp-content\/uploads\/2022\/10\/CDC212.jpg?fit=1000%2C599&ssl=1&resize=700%2C400 2x"},"classes":[]},{"id":343422,"url":"https:\/\/casadecampoliving.com\/es\/los-bufetes-cantor-webb-y-guzman-ariza-hablando-de-impuestos-y-otras-legalidades\/","url_meta":{"origin":351658,"position":5},"title":"Los bufetes Cantor &#038; Webb y Guzm\u00e1n Ariza hablando de impuestos y otras legalidades.","author":"Perkin Agramonte","date":"10 Dic, 2013","format":false,"excerpt":"El pasado s\u00e1bado 30 de noviembre, el tema de \u201cimpuestos\u201d result\u00f3 m\u00e1s interesante que de costumbre, de hecho la noche pas\u00f3 a ser una velada de lo m\u00e1s entretenida. En una conferencia que tuvo lugar en la villa de Phyllis Berney en Casa de Campo, en el bello vecindario de\u2026","rel":"","context":"En \u00abEventos\u00bb","block_context":{"text":"Eventos","link":"https:\/\/casadecampoliving.com\/es\/category\/eventos-es\/"},"img":{"alt_text":"Law firms Guzman Ariza and Cantor Webb","src":"https:\/\/i0.wp.com\/casadecampoliving.com\/wp-content\/uploads\/2022\/10\/guzman-ariza-cantor-webb-1.jpg?fit=650%2C438&ssl=1&resize=350%2C200","width":350,"height":200,"srcset":"https:\/\/i0.wp.com\/casadecampoliving.com\/wp-content\/uploads\/2022\/10\/guzman-ariza-cantor-webb-1.jpg?fit=650%2C438&ssl=1&resize=350%2C200 1x, https:\/\/i0.wp.com\/casadecampoliving.com\/wp-content\/uploads\/2022\/10\/guzman-ariza-cantor-webb-1.jpg?fit=650%2C438&ssl=1&resize=525%2C300 1.5x"},"classes":[]}],"jetpack_sharing_enabled":true,"_links":{"self":[{"href":"https:\/\/casadecampoliving.com\/es\/wp-json\/wp\/v2\/posts\/351658","targetHints":{"allow":["GET"]}}],"collection":[{"href":"https:\/\/casadecampoliving.com\/es\/wp-json\/wp\/v2\/posts"}],"about":[{"href":"https:\/\/casadecampoliving.com\/es\/wp-json\/wp\/v2\/types\/post"}],"author":[{"embeddable":true,"href":"https:\/\/casadecampoliving.com\/es\/wp-json\/wp\/v2\/users\/36791"}],"replies":[{"embeddable":true,"href":"https:\/\/casadecampoliving.com\/es\/wp-json\/wp\/v2\/comments?post=351658"}],"version-history":[{"count":1,"href":"https:\/\/casadecampoliving.com\/es\/wp-json\/wp\/v2\/posts\/351658\/revisions"}],"predecessor-version":[{"id":351659,"href":"https:\/\/casadecampoliving.com\/es\/wp-json\/wp\/v2\/posts\/351658\/revisions\/351659"}],"wp:featuredmedia":[{"embeddable":true,"href":"https:\/\/casadecampoliving.com\/es\/wp-json\/wp\/v2\/media\/302340"}],"wp:attachment":[{"href":"https:\/\/casadecampoliving.com\/es\/wp-json\/wp\/v2\/media?parent=351658"}],"wp:term":[{"taxonomy":"category","embeddable":true,"href":"https:\/\/casadecampoliving.com\/es\/wp-json\/wp\/v2\/categories?post=351658"},{"taxonomy":"post_tag","embeddable":true,"href":"https:\/\/casadecampoliving.com\/es\/wp-json\/wp\/v2\/tags?post=351658"},{"taxonomy":"newspack_spnsrs_tax","embeddable":true,"href":"https:\/\/casadecampoliving.com\/es\/wp-json\/wp\/v2\/newspack_spnsrs_tax?post=351658"}],"curies":[{"name":"wp","href":"https:\/\/api.w.org\/{rel}","templated":true}]}}