{"id":351634,"date":"2017-06-21T00:00:00","date_gmt":"2017-06-21T04:00:00","guid":{"rendered":"https:\/\/casadecampoliving.com\/zuleyka-rivera-visita-altos-de-chavon-durante-su-estancia-en-casa-de-campo\/"},"modified":"2022-10-21T19:08:08","modified_gmt":"2022-10-21T23:08:08","slug":"zuleyka-rivera-visita-altos-de-chavon-durante-su-estancia-en-casa-de-campo","status":"publish","type":"post","link":"https:\/\/casadecampoliving.com\/es\/zuleyka-rivera-visita-altos-de-chavon-durante-su-estancia-en-casa-de-campo\/","title":{"rendered":"\u00a1Zuleyka Rivera visita Altos de Chav\u00f3n durante su estancia en Casa de Campo!"},"content":{"rendered":"<div class=\"wp-block-image\">\n<figure class=\"aligncenter is-resized\"><img loading=\"lazy\" decoding=\"async\" src=\"https:\/\/i0.wp.com\/casadecampoliving.com\/wp-content\/uploads\/2022\/10\/IMG_2519-e1498068255317.jpg?resize=1000%2C600&amp;ssl=1\" alt=\"Zuleyka Rivera\" class=\"wp-image-143529\" height=\"600\" width=\"1000\"\/><\/figure>\n<\/div>\n\n\n<p>La ganadora de Miss Universo 2006 y actriz Zuleyka Rivera conocida por su aparici\u00f3n en la canci\u00f3n n\u00famero 1 por sexta semana consecutiva, \u201cDespacito\u201d pas\u00f3 unos d\u00edas en Casa de Campo a principios de esta semana. La popular canci\u00f3n de Luis Fonsi con Daddy Yankee se ha negado a renunciar a su liderazgo en el <a href=\"http:\/\/www.billboard.com\/articles\/columns\/chart-beat\/7834055\/justin-bieber-three-best-sellers-hot-100-despacito-number-one\" target=\"_blank\" rel=\"noopener noreferrer\">Billboard Hot 100 <\/a>desde su estreno en enero. Un remix el mes pasado con Justin Beiber la ha mantenido en la popularidad del p\u00fablico en todo el mundo, algunos incluso la han etiquetado como \u201cla canci\u00f3n del verano\u201d. Zuleyka Rivera es la modelo principal y bailarina del video musical. La estrella puertorrique\u00f1a estuv\u00f3 aqu\u00ed en Casa por unos d\u00edas para eventos privados y una sesi\u00f3n de fotos y pudimos charlar con ella un rato.<\/p>\n\n\n\n<!--more-->\n\n\n\n<p><strong>\u00bfC\u00f3mo fue trabajar con Luis Fonsi y Daddy Yankee, as\u00ed como con Justin Bieber para \u201cDespacito\u201d?<\/strong><\/p>\n\n\n\n<p><em>Me siento muy orgullosa y satisfecha de trabajar con un grupo de individuos talentosos y profesionales. Como equipo, hemos podido cruzar las fronteras con nuestra m\u00fasica y baile, y una vez m\u00e1s demostrar que no hay barreras de idioma o limitaciones de ese tipo cuando se trata de arte.<\/em><\/p>\n\n\n\n<p><strong>\u00bfC\u00f3mo haces para ser madre y empresaria&nbsp;a la vez?<\/strong><\/p>\n\n\n\n<p><em>Ser madre es lo m\u00e1s hermoso que me ha pasado. El que busca excusas es porque no quiere hacer las cosas. Mi hijo va conmigo a donde yo vaya. Mis valores y la forma en que fui criada son muy importantes para m\u00ed: las figuras maternas y paternas, la familia, el amor, la unidad; todos son importantes para criar a un ni\u00f1o que luego se convertir\u00e1 en un ser humano de bien. No quiero dejar de ser yo o hacer lo que amo y el trabajo que me apasiona, pero tampoco voy a dejar de hacer por lo cual vivo y respiro, que es cuidar a mi hijo.<\/em><\/p>\n\n\n<div class=\"wp-block-image\">\n<figure class=\"aligncenter is-resized\"><img loading=\"lazy\" decoding=\"async\" src=\"https:\/\/i0.wp.com\/casadecampoliving.com\/wp-content\/uploads\/2022\/10\/IMG_2516-e1498070518357.jpg?resize=1000%2C667&amp;ssl=1\" alt=\"Zuleyka Rivera\" class=\"wp-image-143530\" height=\"667\" width=\"1000\"\/><\/figure>\n<\/div>\n\n\n<p><strong>Cu\u00e9ntanos sobre tu experiencia como Miss Universo 2006 y lo que has logrado&nbsp;luego de tu reinado<\/strong><\/p>\n\n\n\n<p><em>Ser Miss Universo abre un sin n\u00famero de puertas y oportunidades; depende de uno decidir cu\u00e1les deseas aprovechar en cuales deseas desarrollarte dependiendo de los planes que tengas para tu vida. Han pasado 11 a\u00f1os desde que fui coronada y he sido bendecida al trabajar en telenovelas como \u201cDame Chocolate\u201d, \u201cAlguien te mira\u201d, \u201cAurora\u201d e incluso tuve mi propio talk show, \u201cLa revista de Zuleyka\u201d. \u00a1Estoy muy feliz de ser tan bendecida!<\/em><\/p>\n\n\n\n<p><strong>\u00bfQu\u00e9 has estado haciendo durante tu estancia en Casa de Campo?<\/strong><\/p>\n\n\n\n<p><em>Realice varios eventos privados, incluyendo un photoshoot para la revista Ritmo Social, que saldr\u00e1 pronto, as\u00ed como una entrevista con \u201cChevere Nights\u201d con Milagros German. \u00a1La he pasado estupendamente! Ten\u00eda amigos que iban al concierto de Wisin y Maluma, as\u00ed que busque un tiempo para poder ir tambi\u00e9n, y lo disfrut\u00e9 mucho, pero lo que m\u00e1s am\u00e9 durante mi estancia aqu\u00ed fue Altos de Chav\u00f3n; \u00a1es espectacular!<\/em><\/p>\n\n\n\n<p><em>No hab\u00eda sido capaz de verlo durante el d\u00eda ya que volv\u00ed la noche del concierto, \u00a1y aprend\u00ed que no se puede venir aqu\u00ed en tacones! \u00a1Pero hoy puedo ver su belleza! Crec\u00ed en el campo, nadando en el r\u00edo y corriendo por las monta\u00f1as, as\u00ed que me encanta aqu\u00ed y me hace sentir como en casa.<\/em><\/p>\n\n\n\n<blockquote class=\"instagram-media\" style=\"background: #FFF; border: 0; border-radius: 3px; box-shadow: 0 0 1px 0 rgba(0,0,0,0.5),0 1px 10px 0 rgba(0,0,0,0.15); margin: 1px; max-width: 658px; padding: 0; width: calc(100% - 2px);\" data-instgrm-version=\"7\"><div style=\"padding: 8px;\">\n<div style=\"background: #F8F8F8; line-height: 0; margin-top: 40px; padding: 50.0% 0; text-align: center; width: 100%;\">&nbsp;<\/div>\n<p style=\"color: #c9c8cd; font-family: Arial,sans-serif; font-size: 14px; line-height: 17px; margin-bottom: 0; margin-top: 8px; overflow: hidden; padding: 8px 0 7px; text-align: center; text-overflow: ellipsis; white-space: nowrap;\"><a style=\"color: #c9c8cd; font-family: Arial,sans-serif; font-size: 14px; font-style: normal; font-weight: normal; line-height: 17px; text-decoration: none;\" href=\"https:\/\/www.instagram.com\/p\/BVkF29eDpzq\/\" target=\"_blank\" rel=\"noopener noreferrer\">A post shared by Altos De Chav\u00f3n (@altosdechavondr)<\/a> on <time style=\"font-family: Arial,sans-serif; font-size: 14px; line-height: 17px;\" datetime=\"2017-06-20T13:59:23+00:00\">Jun 20, 2017 at 6:59am PDT<\/time><\/p>\n<\/div><\/blockquote>\n\n\n\n<p><script async=\"\" defer=\"\" src=\"\/\/platform.instagram.com\/en_US\/embeds.js\"><\/script><\/p>\n\n\n\n<p>Nos encanta ver c\u00f3mo la gente se enamora de Altos de Chav\u00f3n y Casa de Campo. En el video de arriba, Zuleyka disfruta bailando en las piedras junto con los m\u00fasicos locales de Chav\u00f3n. Nuestra <em>villa de los artistas<\/em> es un sitio \u00fanico situado dentro de un gran resort y es una aventura que no debe perderse cuando esta en Casa de Campo de vacaciones. \u00a1Buen viaje Zuleyka! Esperamos que&nbsp;verte pronto de nuevo por aqu\u00ed.<\/p>\n","protected":false},"excerpt":{"rendered":"<p>La ganadora de Miss Universo 2006 y actriz Zuleyka Rivera conocida por su aparici\u00f3n en la canci\u00f3n n\u00famero 1 por sexta semana consecutiva, \u201cDespacito\u201d pas\u00f3 unos d\u00edas en Casa de Campo a principios de esta semana. La popular canci\u00f3n de Luis Fonsi con Daddy Yankee se ha negado a renunciar a su liderazgo en el [&hellip;]<\/p>\n","protected":false},"author":36682,"featured_media":301056,"comment_status":"closed","ping_status":"closed","sticky":false,"template":"","format":"standard","meta":{"newspack_ads_suppress_ads":false,"newspack_popups_has_disabled_popups":false,"newspack_sponsor_sponsorship_scope":"","newspack_sponsor_native_byline_display":"inherit","newspack_sponsor_native_category_display":"inherit","newspack_sponsor_underwriter_style":"inherit","newspack_sponsor_underwriter_placement":"inherit","_newspack_byline_active":false,"_newspack_byline":"","newspack_hide_updated_date":false,"newspack_show_updated_date":false,"newspack_content_restriction_is_exempt":false,"newspack_featured_image_position":"","newspack_post_subtitle":"","newspack_article_summary_title":"Overview:","newspack_article_summary":"","_jetpack_memberships_contains_paid_content":false,"footnotes":"","jetpack_publicize_message":"","jetpack_publicize_feature_enabled":true,"jetpack_social_post_already_shared":false,"jetpack_social_options":{"image_generator_settings":{"template":"highway","default_image_id":0,"font":"","enabled":false},"version":2},"_wpas_customize_per_network":false},"categories":[26819,26936,26951,2513,14631,2506,2521,26822,19622],"tags":[15387,3575,23815,996,21078,3941,14736,7463,3793,3880,2607,2392],"newspack_spnsrs_tax":[],"class_list":["post-351634","post","type-post","status-publish","format-standard","has-post-thumbnail","hentry","category-altos-de-chavon-es","category-casa-de-campo-living-es","category-ccl-presenta","category-celebridades-es","category-estilo-de-vida","category-mas-alla-de-casa-es","category-republica-dominicana-2","category-resort-casa-de-campo","category-video-es-2","tag-altos-de-chavon-es","tag-altos-de-chavon-es-2","tag-casa-de-campo-es-17","tag-daddy-yankee","tag-despacito","tag-entrevista","tag-featured-topview-es","tag-fotos","tag-luis-fonsi","tag-miss-universo","tag-video-musical","tag-zuleyka-rivera","entry"],"yoast_head":"<!-- This site is optimized with the Yoast SEO plugin v27.4 - https:\/\/yoast.com\/product\/yoast-seo-wordpress\/ -->\n<title>\u00a1Zuleyka Rivera visita Altos de Chav\u00f3n durante su estancia en Casa de Campo! | Casa de Campo Living<\/title>\n<meta name=\"description\" content=\"La ganadora de Miss Universo 2006 y actriz Zuleyka Rivera conocida por su aparici\u00f3n en la canci\u00f3n n\u00famero 1 por sexta semana consecutiva, \u201cDespacito\u201d pas\u00f3\" \/>\n<meta name=\"robots\" content=\"index, follow, max-snippet:-1, max-image-preview:large, max-video-preview:-1\" \/>\n<link rel=\"canonical\" href=\"https:\/\/casadecampoliving.com\/es\/zuleyka-rivera-visita-altos-de-chavon-durante-su-estancia-en-casa-de-campo\/\" \/>\n<meta property=\"og:locale\" content=\"es_ES\" \/>\n<meta property=\"og:type\" content=\"article\" \/>\n<meta property=\"og:title\" content=\"\u00a1Zuleyka Rivera visita Altos de Chav\u00f3n durante su estancia en Casa de Campo! | Casa de Campo Living\" \/>\n<meta property=\"og:description\" content=\"La ganadora de Miss Universo 2006 y actriz Zuleyka Rivera conocida por su aparici\u00f3n en la canci\u00f3n n\u00famero 1 por sexta semana consecutiva, \u201cDespacito\u201d pas\u00f3\" \/>\n<meta property=\"og:url\" content=\"https:\/\/casadecampoliving.com\/es\/zuleyka-rivera-visita-altos-de-chavon-durante-su-estancia-en-casa-de-campo\/\" \/>\n<meta property=\"og:site_name\" content=\"Casa de Campo Living\" \/>\n<meta property=\"article:publisher\" content=\"https:\/\/www.facebook.com\/casadecampoliving\" \/>\n<meta property=\"article:published_time\" content=\"2017-06-21T04:00:00+00:00\" \/>\n<meta property=\"article:modified_time\" content=\"2022-10-21T23:08:08+00:00\" \/>\n<meta property=\"og:image\" content=\"https:\/\/i0.wp.com\/casadecampoliving.com\/wp-content\/uploads\/2022\/10\/IMG_2516-e1498127398953.jpg?fit=907%2C590&ssl=1\" \/>\n\t<meta property=\"og:image:width\" content=\"907\" \/>\n\t<meta property=\"og:image:height\" content=\"590\" \/>\n\t<meta property=\"og:image:type\" content=\"image\/jpeg\" \/>\n<meta name=\"author\" content=\"Marlenys Guzm\u00e1n Casta\u00f1os\" \/>\n<meta name=\"twitter:card\" content=\"summary_large_image\" \/>\n<meta name=\"twitter:creator\" content=\"@cdcliving\" \/>\n<meta name=\"twitter:site\" content=\"@cdcliving\" \/>\n<meta name=\"twitter:label1\" content=\"Escrito por\" \/>\n\t<meta name=\"twitter:data1\" content=\"Marlenys Guzm\u00e1n Casta\u00f1os\" \/>\n\t<meta name=\"twitter:label2\" content=\"Tiempo de lectura\" \/>\n\t<meta name=\"twitter:data2\" content=\"3 minutos\" \/>\n<script type=\"application\/ld+json\" class=\"yoast-schema-graph\">{\"@context\":\"https:\\\/\\\/schema.org\",\"@graph\":[{\"@type\":\"Article\",\"@id\":\"https:\\\/\\\/casadecampoliving.com\\\/es\\\/zuleyka-rivera-visita-altos-de-chavon-durante-su-estancia-en-casa-de-campo\\\/#article\",\"isPartOf\":{\"@id\":\"https:\\\/\\\/casadecampoliving.com\\\/es\\\/zuleyka-rivera-visita-altos-de-chavon-durante-su-estancia-en-casa-de-campo\\\/\"},\"author\":{\"name\":\"Marlenys Guzm\u00e1n Casta\u00f1os\",\"@id\":\"https:\\\/\\\/casadecampoliving.com\\\/es\\\/#\\\/schema\\\/person\\\/b6606bd87f9cec8f5903e2141cafda24\"},\"headline\":\"\u00a1Zuleyka Rivera visita Altos de Chav\u00f3n durante su estancia en Casa de Campo!\",\"datePublished\":\"2017-06-21T04:00:00+00:00\",\"dateModified\":\"2022-10-21T23:08:08+00:00\",\"mainEntityOfPage\":{\"@id\":\"https:\\\/\\\/casadecampoliving.com\\\/es\\\/zuleyka-rivera-visita-altos-de-chavon-durante-su-estancia-en-casa-de-campo\\\/\"},\"wordCount\":671,\"publisher\":{\"@id\":\"https:\\\/\\\/casadecampoliving.com\\\/es\\\/#organization\"},\"image\":{\"@id\":\"https:\\\/\\\/casadecampoliving.com\\\/es\\\/zuleyka-rivera-visita-altos-de-chavon-durante-su-estancia-en-casa-de-campo\\\/#primaryimage\"},\"thumbnailUrl\":\"https:\\\/\\\/i0.wp.com\\\/casadecampoliving.com\\\/wp-content\\\/uploads\\\/2022\\\/10\\\/IMG_2516-e1498127398953.jpg?fit=907%2C590&ssl=1\",\"keywords\":[\"Altos de Chavon\",\"Altos de Chavon -es\",\"Casa de Campo\",\"daddy yankee\",\"despacito\",\"entrevista\",\"Featured-TopView @es\",\"fotos\",\"luis fonsi\",\"miss universo\",\"video musical\",\"Zuleyka Rivera\"],\"articleSection\":[\"Altos de Chavon @es\",\"Casa de Campo Living @es\",\"CCL presenta\",\"Celebridades\",\"Estilo de Vida\",\"M\u00e1s all\u00e1 de Casa\",\"Rep\u00fablica Dominicana @es\",\"Resort Casa de Campo\",\"Video\"],\"inLanguage\":\"es\"},{\"@type\":\"WebPage\",\"@id\":\"https:\\\/\\\/casadecampoliving.com\\\/es\\\/zuleyka-rivera-visita-altos-de-chavon-durante-su-estancia-en-casa-de-campo\\\/\",\"url\":\"https:\\\/\\\/casadecampoliving.com\\\/es\\\/zuleyka-rivera-visita-altos-de-chavon-durante-su-estancia-en-casa-de-campo\\\/\",\"name\":\"\u00a1Zuleyka Rivera visita Altos de Chav\u00f3n durante su estancia en Casa de Campo! | Casa de Campo Living\",\"isPartOf\":{\"@id\":\"https:\\\/\\\/casadecampoliving.com\\\/es\\\/#website\"},\"primaryImageOfPage\":{\"@id\":\"https:\\\/\\\/casadecampoliving.com\\\/es\\\/zuleyka-rivera-visita-altos-de-chavon-durante-su-estancia-en-casa-de-campo\\\/#primaryimage\"},\"image\":{\"@id\":\"https:\\\/\\\/casadecampoliving.com\\\/es\\\/zuleyka-rivera-visita-altos-de-chavon-durante-su-estancia-en-casa-de-campo\\\/#primaryimage\"},\"thumbnailUrl\":\"https:\\\/\\\/i0.wp.com\\\/casadecampoliving.com\\\/wp-content\\\/uploads\\\/2022\\\/10\\\/IMG_2516-e1498127398953.jpg?fit=907%2C590&ssl=1\",\"datePublished\":\"2017-06-21T04:00:00+00:00\",\"dateModified\":\"2022-10-21T23:08:08+00:00\",\"description\":\"La ganadora de Miss Universo 2006 y actriz Zuleyka Rivera conocida por su aparici\u00f3n en la canci\u00f3n n\u00famero 1 por sexta semana consecutiva, \u201cDespacito\u201d pas\u00f3\",\"breadcrumb\":{\"@id\":\"https:\\\/\\\/casadecampoliving.com\\\/es\\\/zuleyka-rivera-visita-altos-de-chavon-durante-su-estancia-en-casa-de-campo\\\/#breadcrumb\"},\"inLanguage\":\"es\",\"potentialAction\":[{\"@type\":\"ReadAction\",\"target\":[\"https:\\\/\\\/casadecampoliving.com\\\/es\\\/zuleyka-rivera-visita-altos-de-chavon-durante-su-estancia-en-casa-de-campo\\\/\"]}]},{\"@type\":\"ImageObject\",\"inLanguage\":\"es\",\"@id\":\"https:\\\/\\\/casadecampoliving.com\\\/es\\\/zuleyka-rivera-visita-altos-de-chavon-durante-su-estancia-en-casa-de-campo\\\/#primaryimage\",\"url\":\"https:\\\/\\\/i0.wp.com\\\/casadecampoliving.com\\\/wp-content\\\/uploads\\\/2022\\\/10\\\/IMG_2516-e1498127398953.jpg?fit=907%2C590&ssl=1\",\"contentUrl\":\"https:\\\/\\\/i0.wp.com\\\/casadecampoliving.com\\\/wp-content\\\/uploads\\\/2022\\\/10\\\/IMG_2516-e1498127398953.jpg?fit=907%2C590&ssl=1\",\"width\":907,\"height\":590,\"caption\":\"Zuleyka Rivera\"},{\"@type\":\"BreadcrumbList\",\"@id\":\"https:\\\/\\\/casadecampoliving.com\\\/es\\\/zuleyka-rivera-visita-altos-de-chavon-durante-su-estancia-en-casa-de-campo\\\/#breadcrumb\",\"itemListElement\":[{\"@type\":\"ListItem\",\"position\":1,\"name\":\"Home\",\"item\":\"https:\\\/\\\/casadecampoliving.com\\\/es\\\/\"},{\"@type\":\"ListItem\",\"position\":2,\"name\":\"\u00a1Zuleyka Rivera visita Altos de Chav\u00f3n durante su estancia en Casa de Campo!\"}]},{\"@type\":\"WebSite\",\"@id\":\"https:\\\/\\\/casadecampoliving.com\\\/es\\\/#website\",\"url\":\"https:\\\/\\\/casadecampoliving.com\\\/es\\\/\",\"name\":\"Casa de Campo Living\",\"description\":\"Resort community news and resources.\",\"publisher\":{\"@id\":\"https:\\\/\\\/casadecampoliving.com\\\/es\\\/#organization\"},\"potentialAction\":[{\"@type\":\"SearchAction\",\"target\":{\"@type\":\"EntryPoint\",\"urlTemplate\":\"https:\\\/\\\/casadecampoliving.com\\\/es\\\/?s={search_term_string}\"},\"query-input\":{\"@type\":\"PropertyValueSpecification\",\"valueRequired\":true,\"valueName\":\"search_term_string\"}}],\"inLanguage\":\"es\"},{\"@type\":\"Organization\",\"@id\":\"https:\\\/\\\/casadecampoliving.com\\\/es\\\/#organization\",\"name\":\"Casa de Campo Living\",\"url\":\"https:\\\/\\\/casadecampoliving.com\\\/es\\\/\",\"logo\":{\"@type\":\"ImageObject\",\"inLanguage\":\"es\",\"@id\":\"https:\\\/\\\/casadecampoliving.com\\\/es\\\/#\\\/schema\\\/logo\\\/image\\\/\",\"url\":\"https:\\\/\\\/i0.wp.com\\\/casadecampoliving.com\\\/wp-content\\\/uploads\\\/2022\\\/07\\\/CDCLivingLogo_V1-white-sized.png?fit=800%2C214&ssl=1\",\"contentUrl\":\"https:\\\/\\\/i0.wp.com\\\/casadecampoliving.com\\\/wp-content\\\/uploads\\\/2022\\\/07\\\/CDCLivingLogo_V1-white-sized.png?fit=800%2C214&ssl=1\",\"width\":800,\"height\":214,\"caption\":\"Casa de Campo Living\"},\"image\":{\"@id\":\"https:\\\/\\\/casadecampoliving.com\\\/es\\\/#\\\/schema\\\/logo\\\/image\\\/\"},\"sameAs\":[\"https:\\\/\\\/www.facebook.com\\\/casadecampoliving\",\"https:\\\/\\\/x.com\\\/cdcliving\"]},{\"@type\":\"Person\",\"@id\":\"https:\\\/\\\/casadecampoliving.com\\\/es\\\/#\\\/schema\\\/person\\\/b6606bd87f9cec8f5903e2141cafda24\",\"name\":\"Marlenys Guzm\u00e1n Casta\u00f1os\",\"image\":{\"@type\":\"ImageObject\",\"inLanguage\":\"es\",\"@id\":\"https:\\\/\\\/secure.gravatar.com\\\/avatar\\\/72f3f86b8e6b3ec744201aeadf11d4a6055e8af194aecd9ad30ffff4437878ee?s=96&d=mm&r=g\",\"url\":\"https:\\\/\\\/secure.gravatar.com\\\/avatar\\\/72f3f86b8e6b3ec744201aeadf11d4a6055e8af194aecd9ad30ffff4437878ee?s=96&d=mm&r=g\",\"contentUrl\":\"https:\\\/\\\/secure.gravatar.com\\\/avatar\\\/72f3f86b8e6b3ec744201aeadf11d4a6055e8af194aecd9ad30ffff4437878ee?s=96&d=mm&r=g\",\"caption\":\"Marlenys Guzm\u00e1n Casta\u00f1os\"},\"url\":\"https:\\\/\\\/casadecampoliving.com\\\/es\\\/author\\\/mguzman\\\/\"}]}<\/script>\n<!-- \/ Yoast SEO plugin. -->","yoast_head_json":{"title":"\u00a1Zuleyka Rivera visita Altos de Chav\u00f3n durante su estancia en Casa de Campo! | Casa de Campo Living","description":"La ganadora de Miss Universo 2006 y actriz Zuleyka Rivera conocida por su aparici\u00f3n en la canci\u00f3n n\u00famero 1 por sexta semana consecutiva, \u201cDespacito\u201d pas\u00f3","robots":{"index":"index","follow":"follow","max-snippet":"max-snippet:-1","max-image-preview":"max-image-preview:large","max-video-preview":"max-video-preview:-1"},"canonical":"https:\/\/casadecampoliving.com\/es\/zuleyka-rivera-visita-altos-de-chavon-durante-su-estancia-en-casa-de-campo\/","og_locale":"es_ES","og_type":"article","og_title":"\u00a1Zuleyka Rivera visita Altos de Chav\u00f3n durante su estancia en Casa de Campo! | Casa de Campo Living","og_description":"La ganadora de Miss Universo 2006 y actriz Zuleyka Rivera conocida por su aparici\u00f3n en la canci\u00f3n n\u00famero 1 por sexta semana consecutiva, \u201cDespacito\u201d pas\u00f3","og_url":"https:\/\/casadecampoliving.com\/es\/zuleyka-rivera-visita-altos-de-chavon-durante-su-estancia-en-casa-de-campo\/","og_site_name":"Casa de Campo Living","article_publisher":"https:\/\/www.facebook.com\/casadecampoliving","article_published_time":"2017-06-21T04:00:00+00:00","article_modified_time":"2022-10-21T23:08:08+00:00","og_image":[{"width":907,"height":590,"url":"https:\/\/i0.wp.com\/casadecampoliving.com\/wp-content\/uploads\/2022\/10\/IMG_2516-e1498127398953.jpg?fit=907%2C590&ssl=1","type":"image\/jpeg"}],"author":"Marlenys Guzm\u00e1n Casta\u00f1os","twitter_card":"summary_large_image","twitter_creator":"@cdcliving","twitter_site":"@cdcliving","twitter_misc":{"Escrito por":"Marlenys Guzm\u00e1n Casta\u00f1os","Tiempo de lectura":"3 minutos"},"schema":{"@context":"https:\/\/schema.org","@graph":[{"@type":"Article","@id":"https:\/\/casadecampoliving.com\/es\/zuleyka-rivera-visita-altos-de-chavon-durante-su-estancia-en-casa-de-campo\/#article","isPartOf":{"@id":"https:\/\/casadecampoliving.com\/es\/zuleyka-rivera-visita-altos-de-chavon-durante-su-estancia-en-casa-de-campo\/"},"author":{"name":"Marlenys Guzm\u00e1n Casta\u00f1os","@id":"https:\/\/casadecampoliving.com\/es\/#\/schema\/person\/b6606bd87f9cec8f5903e2141cafda24"},"headline":"\u00a1Zuleyka Rivera visita Altos de Chav\u00f3n durante su estancia en Casa de Campo!","datePublished":"2017-06-21T04:00:00+00:00","dateModified":"2022-10-21T23:08:08+00:00","mainEntityOfPage":{"@id":"https:\/\/casadecampoliving.com\/es\/zuleyka-rivera-visita-altos-de-chavon-durante-su-estancia-en-casa-de-campo\/"},"wordCount":671,"publisher":{"@id":"https:\/\/casadecampoliving.com\/es\/#organization"},"image":{"@id":"https:\/\/casadecampoliving.com\/es\/zuleyka-rivera-visita-altos-de-chavon-durante-su-estancia-en-casa-de-campo\/#primaryimage"},"thumbnailUrl":"https:\/\/i0.wp.com\/casadecampoliving.com\/wp-content\/uploads\/2022\/10\/IMG_2516-e1498127398953.jpg?fit=907%2C590&ssl=1","keywords":["Altos de Chavon","Altos de Chavon -es","Casa de Campo","daddy yankee","despacito","entrevista","Featured-TopView @es","fotos","luis fonsi","miss universo","video musical","Zuleyka Rivera"],"articleSection":["Altos de Chavon @es","Casa de Campo Living @es","CCL presenta","Celebridades","Estilo de Vida","M\u00e1s all\u00e1 de Casa","Rep\u00fablica Dominicana @es","Resort Casa de Campo","Video"],"inLanguage":"es"},{"@type":"WebPage","@id":"https:\/\/casadecampoliving.com\/es\/zuleyka-rivera-visita-altos-de-chavon-durante-su-estancia-en-casa-de-campo\/","url":"https:\/\/casadecampoliving.com\/es\/zuleyka-rivera-visita-altos-de-chavon-durante-su-estancia-en-casa-de-campo\/","name":"\u00a1Zuleyka Rivera visita Altos de Chav\u00f3n durante su estancia en Casa de Campo! | Casa de Campo Living","isPartOf":{"@id":"https:\/\/casadecampoliving.com\/es\/#website"},"primaryImageOfPage":{"@id":"https:\/\/casadecampoliving.com\/es\/zuleyka-rivera-visita-altos-de-chavon-durante-su-estancia-en-casa-de-campo\/#primaryimage"},"image":{"@id":"https:\/\/casadecampoliving.com\/es\/zuleyka-rivera-visita-altos-de-chavon-durante-su-estancia-en-casa-de-campo\/#primaryimage"},"thumbnailUrl":"https:\/\/i0.wp.com\/casadecampoliving.com\/wp-content\/uploads\/2022\/10\/IMG_2516-e1498127398953.jpg?fit=907%2C590&ssl=1","datePublished":"2017-06-21T04:00:00+00:00","dateModified":"2022-10-21T23:08:08+00:00","description":"La ganadora de Miss Universo 2006 y actriz Zuleyka Rivera conocida por su aparici\u00f3n en la canci\u00f3n n\u00famero 1 por sexta semana consecutiva, \u201cDespacito\u201d pas\u00f3","breadcrumb":{"@id":"https:\/\/casadecampoliving.com\/es\/zuleyka-rivera-visita-altos-de-chavon-durante-su-estancia-en-casa-de-campo\/#breadcrumb"},"inLanguage":"es","potentialAction":[{"@type":"ReadAction","target":["https:\/\/casadecampoliving.com\/es\/zuleyka-rivera-visita-altos-de-chavon-durante-su-estancia-en-casa-de-campo\/"]}]},{"@type":"ImageObject","inLanguage":"es","@id":"https:\/\/casadecampoliving.com\/es\/zuleyka-rivera-visita-altos-de-chavon-durante-su-estancia-en-casa-de-campo\/#primaryimage","url":"https:\/\/i0.wp.com\/casadecampoliving.com\/wp-content\/uploads\/2022\/10\/IMG_2516-e1498127398953.jpg?fit=907%2C590&ssl=1","contentUrl":"https:\/\/i0.wp.com\/casadecampoliving.com\/wp-content\/uploads\/2022\/10\/IMG_2516-e1498127398953.jpg?fit=907%2C590&ssl=1","width":907,"height":590,"caption":"Zuleyka Rivera"},{"@type":"BreadcrumbList","@id":"https:\/\/casadecampoliving.com\/es\/zuleyka-rivera-visita-altos-de-chavon-durante-su-estancia-en-casa-de-campo\/#breadcrumb","itemListElement":[{"@type":"ListItem","position":1,"name":"Home","item":"https:\/\/casadecampoliving.com\/es\/"},{"@type":"ListItem","position":2,"name":"\u00a1Zuleyka Rivera visita Altos de Chav\u00f3n durante su estancia en Casa de Campo!"}]},{"@type":"WebSite","@id":"https:\/\/casadecampoliving.com\/es\/#website","url":"https:\/\/casadecampoliving.com\/es\/","name":"Casa de Campo Living","description":"Resort community news and resources.","publisher":{"@id":"https:\/\/casadecampoliving.com\/es\/#organization"},"potentialAction":[{"@type":"SearchAction","target":{"@type":"EntryPoint","urlTemplate":"https:\/\/casadecampoliving.com\/es\/?s={search_term_string}"},"query-input":{"@type":"PropertyValueSpecification","valueRequired":true,"valueName":"search_term_string"}}],"inLanguage":"es"},{"@type":"Organization","@id":"https:\/\/casadecampoliving.com\/es\/#organization","name":"Casa de Campo Living","url":"https:\/\/casadecampoliving.com\/es\/","logo":{"@type":"ImageObject","inLanguage":"es","@id":"https:\/\/casadecampoliving.com\/es\/#\/schema\/logo\/image\/","url":"https:\/\/i0.wp.com\/casadecampoliving.com\/wp-content\/uploads\/2022\/07\/CDCLivingLogo_V1-white-sized.png?fit=800%2C214&ssl=1","contentUrl":"https:\/\/i0.wp.com\/casadecampoliving.com\/wp-content\/uploads\/2022\/07\/CDCLivingLogo_V1-white-sized.png?fit=800%2C214&ssl=1","width":800,"height":214,"caption":"Casa de Campo Living"},"image":{"@id":"https:\/\/casadecampoliving.com\/es\/#\/schema\/logo\/image\/"},"sameAs":["https:\/\/www.facebook.com\/casadecampoliving","https:\/\/x.com\/cdcliving"]},{"@type":"Person","@id":"https:\/\/casadecampoliving.com\/es\/#\/schema\/person\/b6606bd87f9cec8f5903e2141cafda24","name":"Marlenys Guzm\u00e1n Casta\u00f1os","image":{"@type":"ImageObject","inLanguage":"es","@id":"https:\/\/secure.gravatar.com\/avatar\/72f3f86b8e6b3ec744201aeadf11d4a6055e8af194aecd9ad30ffff4437878ee?s=96&d=mm&r=g","url":"https:\/\/secure.gravatar.com\/avatar\/72f3f86b8e6b3ec744201aeadf11d4a6055e8af194aecd9ad30ffff4437878ee?s=96&d=mm&r=g","contentUrl":"https:\/\/secure.gravatar.com\/avatar\/72f3f86b8e6b3ec744201aeadf11d4a6055e8af194aecd9ad30ffff4437878ee?s=96&d=mm&r=g","caption":"Marlenys Guzm\u00e1n Casta\u00f1os"},"url":"https:\/\/casadecampoliving.com\/es\/author\/mguzman\/"}]}},"parsely":{"version":"1.1.0","canonical_url":"https:\/\/casadecampoliving.com\/es\/zuleyka-rivera-visita-altos-de-chavon-durante-su-estancia-en-casa-de-campo\/","smart_links":{"inbound":0,"outbound":0},"traffic_boost_suggestions_count":0,"meta":{"@context":"https:\/\/schema.org","@type":"NewsArticle","headline":"\u00a1Zuleyka Rivera visita Altos de Chav\u00f3n durante su estancia en Casa de Campo!","url":"http:\/\/casadecampoliving.com\/es\/zuleyka-rivera-visita-altos-de-chavon-durante-su-estancia-en-casa-de-campo\/","mainEntityOfPage":{"@type":"WebPage","@id":"http:\/\/casadecampoliving.com\/es\/zuleyka-rivera-visita-altos-de-chavon-durante-su-estancia-en-casa-de-campo\/"},"thumbnailUrl":"https:\/\/i0.wp.com\/casadecampoliving.com\/wp-content\/uploads\/2022\/10\/IMG_2516-e1498127398953.jpg?resize=150%2C150&ssl=1","image":{"@type":"ImageObject","url":"https:\/\/i0.wp.com\/casadecampoliving.com\/wp-content\/uploads\/2022\/10\/IMG_2516-e1498127398953.jpg?fit=907%2C590&ssl=1"},"articleSection":"Altos de Chavon @es","author":[{"@type":"Person","name":"Marlenys Guzm\u00e1n Casta\u00f1os"}],"creator":["Marlenys Guzm\u00e1n Casta\u00f1os"],"publisher":{"@type":"Organization","name":"Casa de Campo Living","logo":"https:\/\/casadecampoliving.com\/wp-content\/uploads\/2022\/07\/CDCLivingLogo_V1-white-sized.png"},"keywords":["altos de chavon","altos de chavon -es","casa de campo","daddy yankee","despacito","entrevista","featured-topview @es","fotos","luis fonsi","miss universo","video musical","zuleyka rivera"],"dateCreated":"2017-06-21T04:00:00Z","datePublished":"2017-06-21T04:00:00Z","dateModified":"2022-10-21T23:08:08Z"},"rendered":"<script type=\"application\/ld+json\" class=\"wp-parsely-metadata\">{\"@context\":\"https:\\\/\\\/schema.org\",\"@type\":\"NewsArticle\",\"headline\":\"\\u00a1Zuleyka Rivera visita Altos de Chav\\u00f3n durante su estancia en Casa de Campo!\",\"url\":\"http:\\\/\\\/casadecampoliving.com\\\/es\\\/zuleyka-rivera-visita-altos-de-chavon-durante-su-estancia-en-casa-de-campo\\\/\",\"mainEntityOfPage\":{\"@type\":\"WebPage\",\"@id\":\"http:\\\/\\\/casadecampoliving.com\\\/es\\\/zuleyka-rivera-visita-altos-de-chavon-durante-su-estancia-en-casa-de-campo\\\/\"},\"thumbnailUrl\":\"https:\\\/\\\/i0.wp.com\\\/casadecampoliving.com\\\/wp-content\\\/uploads\\\/2022\\\/10\\\/IMG_2516-e1498127398953.jpg?resize=150%2C150&ssl=1\",\"image\":{\"@type\":\"ImageObject\",\"url\":\"https:\\\/\\\/i0.wp.com\\\/casadecampoliving.com\\\/wp-content\\\/uploads\\\/2022\\\/10\\\/IMG_2516-e1498127398953.jpg?fit=907%2C590&ssl=1\"},\"articleSection\":\"Altos de Chavon @es\",\"author\":[{\"@type\":\"Person\",\"name\":\"Marlenys Guzm\\u00e1n Casta\\u00f1os\"}],\"creator\":[\"Marlenys Guzm\\u00e1n Casta\\u00f1os\"],\"publisher\":{\"@type\":\"Organization\",\"name\":\"Casa de Campo Living\",\"logo\":\"https:\\\/\\\/casadecampoliving.com\\\/wp-content\\\/uploads\\\/2022\\\/07\\\/CDCLivingLogo_V1-white-sized.png\"},\"keywords\":[\"altos de chavon\",\"altos de chavon -es\",\"casa de campo\",\"daddy yankee\",\"despacito\",\"entrevista\",\"featured-topview @es\",\"fotos\",\"luis fonsi\",\"miss universo\",\"video musical\",\"zuleyka rivera\"],\"dateCreated\":\"2017-06-21T04:00:00Z\",\"datePublished\":\"2017-06-21T04:00:00Z\",\"dateModified\":\"2022-10-21T23:08:08Z\"}<\/script>","tracker_url":"https:\/\/cdn.parsely.com\/keys\/casadecampoliving.com\/p.js"},"jetpack_publicize_connections":[],"jetpack_featured_media_url":"https:\/\/i0.wp.com\/casadecampoliving.com\/wp-content\/uploads\/2022\/10\/IMG_2516-e1498127398953.jpg?fit=907%2C590&ssl=1","jetpack-related-posts":[{"id":329402,"url":"https:\/\/casadecampoliving.com\/zuleyka-rivera-admires-altos-de-chavon-in-casa-de-campo\/","url_meta":{"origin":351634,"position":0},"title":"Zuleyka Rivera admires Altos de Chav\u00f3n over her stay in Casa de Campo!","author":"Marlenys Guzm\u00e1n Casta\u00f1os","date":"21 Jun, 2017","format":false,"excerpt":"Former Miss Universe winner and actress Zuleyka Rivera well-known for her appearance\u00a0in the No.1 song for the sixth week in a row, \u201cDespacito\u201d was hanging out in Casa de Campo earlier this week!! The single\u00a0by\u00a0Luis Fonsi featuring\u00a0Daddy Yankee has refused to give up its lead on the Billboard Hot 100\u2026","rel":"","context":"En \u00abAltos de Chavon\u00bb","block_context":{"text":"Altos de Chavon","link":"https:\/\/casadecampoliving.com\/category\/altos-de-chavon\/"},"img":{"alt_text":"Zuleyka Rivera","src":"https:\/\/i0.wp.com\/casadecampoliving.com\/wp-content\/uploads\/2022\/10\/IMG_2516-e1498127398953.jpg?fit=907%2C590&ssl=1&resize=350%2C200","width":350,"height":200,"srcset":"https:\/\/i0.wp.com\/casadecampoliving.com\/wp-content\/uploads\/2022\/10\/IMG_2516-e1498127398953.jpg?fit=907%2C590&ssl=1&resize=350%2C200 1x, https:\/\/i0.wp.com\/casadecampoliving.com\/wp-content\/uploads\/2022\/10\/IMG_2516-e1498127398953.jpg?fit=907%2C590&ssl=1&resize=525%2C300 1.5x, https:\/\/i0.wp.com\/casadecampoliving.com\/wp-content\/uploads\/2022\/10\/IMG_2516-e1498127398953.jpg?fit=907%2C590&ssl=1&resize=700%2C400 2x"},"classes":[]},{"id":433460,"url":"https:\/\/casadecampoliving.com\/es\/no-se-pierdan-el-increible-tributo-a-frank-sinatra-para-celebrar-el-40-aniversario-del-anfiteatro-altos-de-chavon\/","url_meta":{"origin":351634,"position":1},"title":"No se pierdan el incre\u00edble tributo a Frank Sinatra para celebrar el 40 aniversario del\u00a0Anfiteatro Altos de Chav\u00f3n","author":"Casa de Campo Living","date":"20 Oct, 2022","format":false,"excerpt":"Siendo uno de los escenarios m\u00e1s emblem\u00e1ticos del pa\u00eds, Casa de Campo Resort\u00ae & Villas celebra las cuatro d\u00e9cadas de aniversario de Altos de Chav\u00f3n con un tributo al gran Frank Sinatra, protagonizado por artistas invitados y una big band tal cual la que acompa\u00f1\u00f3 al artista hace 40 a\u00f1os\u2026","rel":"","context":"En \u00abUncategorized @es\u00bb","block_context":{"text":"Uncategorized @es","link":"https:\/\/casadecampoliving.com\/es\/category\/uncategorized-es\/"},"img":{"alt_text":"","src":"https:\/\/i0.wp.com\/casadecampoliving.com\/wp-content\/uploads\/2022\/10\/Tributo-Frank-Sinatra-Foto-Principal-Amaury-Sanchez-Danilo-Ginebra-Andres-Pichardo-y-Jose-Gabriel-Perez-.jpg?fit=1200%2C873&ssl=1&resize=350%2C200","width":350,"height":200,"srcset":"https:\/\/i0.wp.com\/casadecampoliving.com\/wp-content\/uploads\/2022\/10\/Tributo-Frank-Sinatra-Foto-Principal-Amaury-Sanchez-Danilo-Ginebra-Andres-Pichardo-y-Jose-Gabriel-Perez-.jpg?fit=1200%2C873&ssl=1&resize=350%2C200 1x, https:\/\/i0.wp.com\/casadecampoliving.com\/wp-content\/uploads\/2022\/10\/Tributo-Frank-Sinatra-Foto-Principal-Amaury-Sanchez-Danilo-Ginebra-Andres-Pichardo-y-Jose-Gabriel-Perez-.jpg?fit=1200%2C873&ssl=1&resize=525%2C300 1.5x, https:\/\/i0.wp.com\/casadecampoliving.com\/wp-content\/uploads\/2022\/10\/Tributo-Frank-Sinatra-Foto-Principal-Amaury-Sanchez-Danilo-Ginebra-Andres-Pichardo-y-Jose-Gabriel-Perez-.jpg?fit=1200%2C873&ssl=1&resize=700%2C400 2x, https:\/\/i0.wp.com\/casadecampoliving.com\/wp-content\/uploads\/2022\/10\/Tributo-Frank-Sinatra-Foto-Principal-Amaury-Sanchez-Danilo-Ginebra-Andres-Pichardo-y-Jose-Gabriel-Perez-.jpg?fit=1200%2C873&ssl=1&resize=1050%2C600 3x"},"classes":[]},{"id":352639,"url":"https:\/\/casadecampoliving.com\/es\/compre-sus-boletas-para-el-concierto-de-luis-fonsi-en-altos-de-chavon-el-proximo-mes\/","url_meta":{"origin":351634,"position":2},"title":"\u00a1Compre sus boletas para el concierto de Luis Fonsi en Altos de Chav\u00f3n el pr\u00f3ximo mes!","author":"Marlenys Guzm\u00e1n Casta\u00f1os","date":"7 May, 2018","format":false,"excerpt":"\u00a1En poco m\u00e1s de un mes, el s\u00e1bado 9 de junio, Luis Fonsi se presentar\u00e1 una vez m\u00e1s en el anfiteatro Altos de Chav\u00f3n para el concierto de verano de Casa de Campo! El anuncio no lleg\u00f3 mucho despu\u00e9s del mega concierto de Wisin y Yandel, \u00a1y la gente est\u00e1\u2026","rel":"","context":"En \u00abAltos de Chavon @es\u00bb","block_context":{"text":"Altos de Chavon @es","link":"https:\/\/casadecampoliving.com\/category\/altos-de-chavon-es\/"},"img":{"alt_text":"","src":"https:\/\/i0.wp.com\/casadecampoliving.com\/wp-content\/uploads\/2018\/05\/luis-fonsi-billboard.jpg?resize=350%2C200&ssl=1","width":350,"height":200,"srcset":"https:\/\/i0.wp.com\/casadecampoliving.com\/wp-content\/uploads\/2018\/05\/luis-fonsi-billboard.jpg?resize=350%2C200&ssl=1 1x, https:\/\/i0.wp.com\/casadecampoliving.com\/wp-content\/uploads\/2018\/05\/luis-fonsi-billboard.jpg?resize=525%2C300&ssl=1 1.5x, https:\/\/i0.wp.com\/casadecampoliving.com\/wp-content\/uploads\/2018\/05\/luis-fonsi-billboard.jpg?resize=700%2C400&ssl=1 2x"},"classes":[]},{"id":352592,"url":"https:\/\/casadecampoliving.com\/es\/luis-fonsi-en-altos-de-chavon-el-sabado-9-de-junio\/","url_meta":{"origin":351634,"position":3},"title":"Confirmado: \u00a1Luis Fonsi se presentar\u00e1 en Altos de Chav\u00f3n el s\u00e1bado 9 de junio!","author":"Marlenys Guzm\u00e1n Casta\u00f1os","date":"4 Abr, 2018","format":false,"excerpt":"\u00a1Confirmado! \u00a1Los dominicanos cantar\u00e1n y bailar\u00e1n al ritmo del mundialmente\u00a0popular \u201cDespacito\u201d de Luis Fonsi, este\u00a0mes de junio en el Anfiteatro de Altos de Chav\u00f3n! El pasado s\u00e1bado 31 de marzo, mientras el p\u00fablico esperaba el comienzo del concierto de Wisin y Yandel \u201cComo Antes\u201d, pudimos ver en las pantallas el\u2026","rel":"","context":"En \u00abAltos de Chavon @es\u00bb","block_context":{"text":"Altos de Chavon @es","link":"https:\/\/casadecampoliving.com\/category\/altos-de-chavon-es\/"},"img":{"alt_text":"","src":"https:\/\/i0.wp.com\/casadecampoliving.com\/wp-content\/uploads\/2018\/04\/Screen-Shot-2018-04-04-at-12.16.11-PM.png?resize=350%2C200&ssl=1","width":350,"height":200,"srcset":"https:\/\/i0.wp.com\/casadecampoliving.com\/wp-content\/uploads\/2018\/04\/Screen-Shot-2018-04-04-at-12.16.11-PM.png?resize=350%2C200&ssl=1 1x, https:\/\/i0.wp.com\/casadecampoliving.com\/wp-content\/uploads\/2018\/04\/Screen-Shot-2018-04-04-at-12.16.11-PM.png?resize=525%2C300&ssl=1 1.5x, https:\/\/i0.wp.com\/casadecampoliving.com\/wp-content\/uploads\/2018\/04\/Screen-Shot-2018-04-04-at-12.16.11-PM.png?resize=700%2C400&ssl=1 2x"},"classes":[]},{"id":337134,"url":"https:\/\/casadecampoliving.com\/es\/miss-universo-2006-zuleyka-rivera-y-estrella-nba-jose-juan-barea-disfrutan-sus-vacaciones-en-casa-de-campo-2\/","url_meta":{"origin":351634,"position":4},"title":"Miss Universo 2006 Zuleyka Rivera y Estrella NBA Jos\u00e9 Juan Barea disfrutan sus vacaciones en Casa de Campo!","author":"Rebecca Silvestri","date":"8 Oct, 2011","format":false,"excerpt":"Recientemente, Miss Universo 2006, Zuleyka Rivera y su novio\u00a0Estrella NBA Jos\u00e9 Juan Barea elegieron disfrutaron unas excellentes vacaciones en el Resort de Casa de Campo. Desafortunadamente\u00a0no sabemos cuales actividades\u00a0disfrutaron\u00a0mientras su tiempo en Casa de Campo, podemos imaginar que relajaron en la Playa Minitas, tal vez jugaron una ronda de golf\u2026","rel":"","context":"En \u00abCelebridades\u00bb","block_context":{"text":"Celebridades","link":"https:\/\/casadecampoliving.com\/es\/category\/celebridades-es\/"},"img":{"alt_text":"","src":"https:\/\/i0.wp.com\/casadecampoliving.com\/wp-content\/uploads\/2022\/10\/miss_universe_nba_player-1.jpg?fit=565%2C328&ssl=1&resize=350%2C200","width":350,"height":200,"srcset":"https:\/\/i0.wp.com\/casadecampoliving.com\/wp-content\/uploads\/2022\/10\/miss_universe_nba_player-1.jpg?fit=565%2C328&ssl=1&resize=350%2C200 1x, https:\/\/i0.wp.com\/casadecampoliving.com\/wp-content\/uploads\/2022\/10\/miss_universe_nba_player-1.jpg?fit=565%2C328&ssl=1&resize=525%2C300 1.5x"},"classes":[]},{"id":330073,"url":"https:\/\/casadecampoliving.com\/confirmed-luis-fonsi-perform-altos-de-chavon-saturday-june-9th\/","url_meta":{"origin":351634,"position":5},"title":"Confirmed: Luis Fonsi to perform at Altos de Chavon, Saturday June 9th!","author":"Marlenys Guzm\u00e1n Casta\u00f1os","date":"4 Abr, 2018","format":false,"excerpt":"Confirmed! Dominicans will sing and dance to the world hit \u201cDespacito\u201d by Luis Fonsi, this June at the Altos de Chav\u00f3n Amphitheater! Last Saturday, March 31st, while the public waited for the beginning of the concert of Wisin y Yandel \u201cComo Antes\u201d, we were able to see on the screens\u2026","rel":"","context":"En \u00abAltos de Chavon\u00bb","block_context":{"text":"Altos de Chavon","link":"https:\/\/casadecampoliving.com\/category\/altos-de-chavon\/"},"img":{"alt_text":"","src":"https:\/\/i0.wp.com\/casadecampoliving.com\/wp-content\/uploads\/2018\/04\/Screen-Shot-2018-04-04-at-12.16.11-PM.png?resize=350%2C200&ssl=1","width":350,"height":200,"srcset":"https:\/\/i0.wp.com\/casadecampoliving.com\/wp-content\/uploads\/2018\/04\/Screen-Shot-2018-04-04-at-12.16.11-PM.png?resize=350%2C200&ssl=1 1x, https:\/\/i0.wp.com\/casadecampoliving.com\/wp-content\/uploads\/2018\/04\/Screen-Shot-2018-04-04-at-12.16.11-PM.png?resize=525%2C300&ssl=1 1.5x, https:\/\/i0.wp.com\/casadecampoliving.com\/wp-content\/uploads\/2018\/04\/Screen-Shot-2018-04-04-at-12.16.11-PM.png?resize=700%2C400&ssl=1 2x"},"classes":[]}],"jetpack_sharing_enabled":true,"_links":{"self":[{"href":"https:\/\/casadecampoliving.com\/es\/wp-json\/wp\/v2\/posts\/351634","targetHints":{"allow":["GET"]}}],"collection":[{"href":"https:\/\/casadecampoliving.com\/es\/wp-json\/wp\/v2\/posts"}],"about":[{"href":"https:\/\/casadecampoliving.com\/es\/wp-json\/wp\/v2\/types\/post"}],"author":[{"embeddable":true,"href":"https:\/\/casadecampoliving.com\/es\/wp-json\/wp\/v2\/users\/36682"}],"replies":[{"embeddable":true,"href":"https:\/\/casadecampoliving.com\/es\/wp-json\/wp\/v2\/comments?post=351634"}],"version-history":[{"count":1,"href":"https:\/\/casadecampoliving.com\/es\/wp-json\/wp\/v2\/posts\/351634\/revisions"}],"predecessor-version":[{"id":351635,"href":"https:\/\/casadecampoliving.com\/es\/wp-json\/wp\/v2\/posts\/351634\/revisions\/351635"}],"wp:featuredmedia":[{"embeddable":true,"href":"https:\/\/casadecampoliving.com\/es\/wp-json\/wp\/v2\/media\/301056"}],"wp:attachment":[{"href":"https:\/\/casadecampoliving.com\/es\/wp-json\/wp\/v2\/media?parent=351634"}],"wp:term":[{"taxonomy":"category","embeddable":true,"href":"https:\/\/casadecampoliving.com\/es\/wp-json\/wp\/v2\/categories?post=351634"},{"taxonomy":"post_tag","embeddable":true,"href":"https:\/\/casadecampoliving.com\/es\/wp-json\/wp\/v2\/tags?post=351634"},{"taxonomy":"newspack_spnsrs_tax","embeddable":true,"href":"https:\/\/casadecampoliving.com\/es\/wp-json\/wp\/v2\/newspack_spnsrs_tax?post=351634"}],"curies":[{"name":"wp","href":"https:\/\/api.w.org\/{rel}","templated":true}]}}