{"id":351603,"date":"2017-06-14T00:00:00","date_gmt":"2017-06-14T04:00:00","guid":{"rendered":"https:\/\/casadecampoliving.com\/reserve-la-fecha-fin-de-semana-familiar-2017-fundacion-mir\/"},"modified":"2022-10-21T19:06:48","modified_gmt":"2022-10-21T23:06:48","slug":"reserve-la-fecha-fin-de-semana-familiar-2017-fundacion-mir","status":"publish","type":"post","link":"https:\/\/casadecampoliving.com\/es\/reserve-la-fecha-fin-de-semana-familiar-2017-fundacion-mir\/","title":{"rendered":"Reserve la fecha para el Fin de Semana Familiar 2017 de la Fundaci\u00f3n MIR"},"content":{"rendered":"\n<p><span style=\"font-weight: 400;\">El Fin de Semana Familiar 2017 de la Fundaci\u00f3n MIR est\u00e1 a dos meses y \u00a1lleno de actividades que no se querr\u00e1 perder! Lo que tendr\u00e1 lugar los d\u00edas 18 y 19 de agosto contar\u00e1 con el apoyo de cientos de miembros de la comunidad e invitados internacionales que regresan a Casa de Campo para disfrutar de uno de los eventos favoritos del complejo de todos los tiempos.<\/span><\/p>\n\n\n\n<!--more-->\n\n\n<div class=\"wp-block-image\">\n<figure class=\"aligncenter is-resized\"><img loading=\"lazy\" decoding=\"async\" src=\"https:\/\/i0.wp.com\/casadecampoliving.com\/wp-content\/uploads\/2022\/10\/DSC_0300-e1497416128417.jpg?resize=1000%2C667&amp;ssl=1\" alt=\"Save-the-date Fundaci\u00f3n MIR Family Weekend 2017\" class=\"wp-image-142981\" height=\"667\" width=\"1000\"\/><\/figure>\n<\/div>\n\n\n<p><span style=\"font-weight: 400;\">Iniciando con una fiesta de bienvenida en G\u00e9nesis Nightclub en Altos de Chav\u00f3n el viernes, MIR \u00a1le invita a soltarse y relajarse antes del gran torneo de golf! A la ma\u00f1ana siguiente, las cl\u00ednicas de tenis para ni\u00f1os comenzar\u00e1n a las 10:00 am en La Romana Country Club, que tambi\u00e9n ser\u00e1 anfitri\u00f3n del torneo de golf del fin de semana en la tarde. Como de costumbre, el evento anual concluir\u00e1 con una ceremonia de premiaci\u00f3n y una cena en playa Minitas. La vibrante fiesta en la playa del a\u00f1o pasado incluy\u00f3 deliciosa comida y c\u00f3cteles junto con baile de merengue y un after-party con DJ que puso a todos a bailar durante toda la noche. \u00a1No podemos esperar a ver todo los que traer\u00e1 este a\u00f1o!<\/span><\/p>\n\n\n<div class=\"wp-block-image\">\n<figure class=\"aligncenter is-resized\"><img loading=\"lazy\" decoding=\"async\" src=\"https:\/\/i0.wp.com\/casadecampoliving.com\/wp-content\/uploads\/2022\/10\/DSC_2627-e1497416183815.jpg?resize=1000%2C662&amp;ssl=1\" alt=\"Save-the-date Fundaci\u00f3n MIR Family Weekend 2017\" class=\"wp-image-142982\" height=\"662\" width=\"1000\"\/><\/figure>\n<\/div>\n\n\n<p><span style=\"font-weight: 400;\">La Fundaci\u00f3n MIR le anima a RESERVAR LA FECHA para el Fin de Semana Familiar 2017 que sin duda ver\u00e1 mucha acci\u00f3n dentro del resort. Como siempre ahi estaremos apoyando el trabajo de la fundaci\u00f3n. Las ganancias beneficiar\u00e1n la educaci\u00f3n, la atenci\u00f3n m\u00e9dica y los diversos programas destinados a los j\u00f3venes necesitados de La Romana. \u00a1\u00danase a la causa de una manera divertida y activa \u2013 marque sus calendarios!<\/span><\/p>\n\n\n\n<blockquote><h3><b>Fin de Semana Familiar MIR 2017 RESERVE LA FECHA<\/b><\/h3><figure><img decoding=\"async\" loading=\"lazy\" class=\"aligncenter size-full wp-image-142983\" src=\"https:\/\/i0.wp.com\/casadecampoliving.com\/wp-content\/uploads\/2022\/10\/Save-the-date_Fundacion_MIR_Family_Weekend_2017-e1497416931707.jpg?resize=700%2C1144&amp;ssl=1\" alt=\"Save-the-date Fundaci\u00f3n MIR Family Weekend 2017\" width=\"700\" height=\"1144\"><\/figure><p><b>Cu\u00e1ndo:&nbsp;<\/b>Viernes 18 de agosto \u2013 s\u00e1bado 19 de agosto, 2017<\/p><p><b>D\u00f3nde:<\/b>&nbsp;Casa de Campo, La Romana<\/p><p><b>Qu\u00e9:<\/b> Fiesta, torneos de golf y tenis, cena bailable de premiaci\u00f3n a beneficio de la los proyectos de educaci\u00f3n de la FUndaci\u00f3n MIR para los ni\u00f1os de La Romana<\/p><p><b>Contacto: <\/b><\/p><p><b>Tel.&nbsp;<\/b>(809)-523-8270 (DR) o (561)-366-5095 (USA)<\/p><p><strong>Email:&nbsp;<\/strong><a href=\"mailto:info@fundacionmir.org\" target=\"_blank\" rel=\"noopener noreferrer\">info@fundacionmir.org<\/a><\/p><p><b>Programaci\u00f3n:<\/b><\/p><p><b>Viernes 18 de agosto:<\/b><\/p><p>Fiesta de bienvenida en Genesis Nightclub, Altos de Chav\u00f3n<\/p><p><b>S\u00e1bado 19 de agosto:<\/b><\/p><p>10:00am: Clinica de tenis para ni\u00f1os en La Romana Country Club<\/p><p>1:00pm: Torneo de Golf, La Romana Country Club<\/p><p>8:00pm: Cena y ceremonia de premiaci\u00f3n en playa Minitas. \u00a1Prep\u00e1rense para bailar toda la noche!<\/p><\/blockquote>\n\n\n\n<blockquote><p><strong><a href=\"https:\/\/casadecampoliving.com\/the-fundacion-mir\/\">La Fundaci\u00f3n&nbsp;MIR<\/a><\/strong><\/p><figure><img decoding=\"async\" loading=\"lazy\" class=\"aligncenter size-full wp-image-69394\" title=\"fundacion_MIR\" src=\"https:\/\/i0.wp.com\/casadecampoliving.com\/wp-content\/uploads\/2022\/10\/fundacion_MIR2-2.jpg?resize=620%2C311&amp;ssl=1\" sizes=\"auto, (max-width: 620px) 100vw, 620px\" srcset=\"https:\/\/i0.wp.com\/casadecampoliving.com\/wp-content\/uploads\/2022\/10\/fundacion_MIR2-2.jpg?resize=620%2C311&amp;ssl=1 620w, https:\/\/casadecampoliving.com\/wp-content\/uploads\/2022\/10\/fundacion_MIR2-300x150-4.jpg 300w\" alt=\"fundacion MIR\" width=\"620\" height=\"311\"><\/figure><figure><img decoding=\"async\" loading=\"lazy\" class=\"alignright\" title=\"fundacion_MIR\" src=\"https:\/\/i0.wp.com\/casadecampoliving.com\/wp-content\/uploads\/2022\/10\/fundacion_MIR.jpg?resize=144%2C138&amp;ssl=1\" alt=\"\" width=\"144\" height=\"138\"><\/figure><p>La&nbsp;<a href=\"https:\/\/casadecampoliving.com\/the-fundacion-mir\/\">Fundaci\u00f3n MIR&nbsp;<\/a>&nbsp;es una organizac\u00f3n sin fines de lucro que trabaja para proveerle educaci\u00f3n a los ni\u00f1os m\u00e1s necesitados de La Romana. Ellos dirigen tres escuelas; MIR Esperanza (escuela vocacional de ni\u00f1os), la Escuela Tecnica Vocacional&nbsp;Fundaci\u00f3n&nbsp;MIR (escuela vocacional de ni\u00f1as) y la&nbsp;<a href=\"https:\/\/casadecampoliving.com\/the-fundacion-mir\/\">Primaria MIR&nbsp;<\/a>(escuela infantil).<\/p><p>Para m\u00e1s informaci\u00f3n sobre la Fundaci\u00f3n MIR y para hacer una donaci\u00f3n, favor visitar la p\u00e1gina web:&nbsp;<a href=\"http:\/\/www.mirinternational.org\/\">www.FundacionMIR.org<\/a><\/p><p>Para hacer una donaci\u00f3n contacte la oficina MIR en Casa de Campo(809-523-8270) o en West Palm Beach (561-366-5095). \u00a1Donaciones para los ciudadanos de Estados Unidos son deducibles de impuestos!<\/p><p><em><strong><a href=\"https:\/\/casadecampoliving.com\/the-fundacion-mir\/\">Para descrubir m\u00e1s y leer art\u00edculos sobre otros eventos organizados por la Fundaci\u00f3n MIR \u2013 \u00a1cliquee aqu\u00ed!<\/a><\/strong><\/em><\/p><\/blockquote>\n","protected":false},"excerpt":{"rendered":"<p>El Fin de Semana Familiar 2017 de la Fundaci\u00f3n MIR est\u00e1 a dos meses y \u00a1lleno de actividades que no se querr\u00e1 perder! Lo que tendr\u00e1 lugar los d\u00edas 18 y 19 de agosto contar\u00e1 con el apoyo de cientos de miembros de la comunidad e invitados internacionales que regresan a Casa de Campo para [&hellip;]<\/p>\n","protected":false},"author":36681,"featured_media":299682,"comment_status":"closed","ping_status":"closed","sticky":false,"template":"","format":"standard","meta":{"newspack_ads_suppress_ads":false,"newspack_popups_has_disabled_popups":false,"newspack_sponsor_sponsorship_scope":"","newspack_sponsor_native_byline_display":"inherit","newspack_sponsor_native_category_display":"inherit","newspack_sponsor_underwriter_style":"inherit","newspack_sponsor_underwriter_placement":"inherit","_newspack_byline_active":false,"_newspack_byline":"","newspack_content_restriction_is_exempt":false,"newspack_featured_image_position":"","newspack_post_subtitle":"","newspack_article_summary_title":"Overview:","newspack_article_summary":"","newspack_hide_updated_date":false,"newspack_show_updated_date":false,"_jetpack_memberships_contains_paid_content":false,"footnotes":"","jetpack_publicize_message":"","jetpack_publicize_feature_enabled":true,"jetpack_social_post_already_shared":false,"jetpack_social_options":{"image_generator_settings":{"template":"highway","default_image_id":0,"font":"","enabled":false},"version":2},"_wpas_customize_per_network":false},"categories":[26819,2525,14631,2522,2515,2514,14627,2498],"tags":[21035,3890,14736,21033,24715,7553,3680,18932,3734,502,21034],"newspack_spnsrs_tax":[],"class_list":["post-351603","post","type-post","status-publish","format-standard","has-post-thumbnail","hentry","category-altos-de-chavon-es","category-golf-deportes-es","category-estilo-de-vida","category-eventos-es","category-fundacion-mir-es","category-fundaciones-es","category-proximamente","category-uncategorized-es","tag-clinica-de-tenis","tag-deportes","tag-featured-topview-es","tag-fin-de-semana-familiar-2017","tag-fundacion-mir-es","tag-genesis-es","tag-golf-es","tag-la-romana-es-4","tag-la-romana-country-club-es","tag-playa-minitas","tag-reserve-la-fecha","entry"],"yoast_head":"<!-- This site is optimized with the Yoast SEO plugin v27.3 - https:\/\/yoast.com\/product\/yoast-seo-wordpress\/ -->\n<title>Reserve la fecha para el Fin de Semana Familiar 2017 de la Fundaci\u00f3n MIR | Casa de Campo Living<\/title>\n<meta name=\"description\" content=\"El Fin de Semana Familiar 2017 de la Fundaci\u00f3n MIR est\u00e1 a dos meses y \u00a1lleno de actividades que no se querr\u00e1 perder! Lo que tendr\u00e1 lugar los d\u00edas 18 y 19\" \/>\n<meta name=\"robots\" content=\"index, follow, max-snippet:-1, max-image-preview:large, max-video-preview:-1\" \/>\n<link rel=\"canonical\" href=\"https:\/\/casadecampoliving.com\/es\/reserve-la-fecha-fin-de-semana-familiar-2017-fundacion-mir\/\" \/>\n<meta property=\"og:locale\" content=\"es_ES\" \/>\n<meta property=\"og:type\" content=\"article\" \/>\n<meta property=\"og:title\" content=\"Reserve la fecha para el Fin de Semana Familiar 2017 de la Fundaci\u00f3n MIR | Casa de Campo Living\" \/>\n<meta property=\"og:description\" content=\"El Fin de Semana Familiar 2017 de la Fundaci\u00f3n MIR est\u00e1 a dos meses y \u00a1lleno de actividades que no se querr\u00e1 perder! Lo que tendr\u00e1 lugar los d\u00edas 18 y 19\" \/>\n<meta property=\"og:url\" content=\"https:\/\/casadecampoliving.com\/es\/reserve-la-fecha-fin-de-semana-familiar-2017-fundacion-mir\/\" \/>\n<meta property=\"og:site_name\" content=\"Casa de Campo Living\" \/>\n<meta property=\"article:publisher\" content=\"https:\/\/www.facebook.com\/casadecampoliving\" \/>\n<meta property=\"article:published_time\" content=\"2017-06-14T04:00:00+00:00\" \/>\n<meta property=\"article:modified_time\" content=\"2022-10-21T23:06:48+00:00\" \/>\n<meta property=\"og:image\" content=\"https:\/\/i0.wp.com\/casadecampoliving.com\/wp-content\/uploads\/2022\/10\/DSC_2428-e1497416058185.jpg?fit=1000%2C600&ssl=1\" \/>\n\t<meta property=\"og:image:width\" content=\"1000\" \/>\n\t<meta property=\"og:image:height\" content=\"600\" \/>\n\t<meta property=\"og:image:type\" content=\"image\/jpeg\" \/>\n<meta name=\"author\" content=\"Heather Lincoln\" \/>\n<meta name=\"twitter:card\" content=\"summary_large_image\" \/>\n<meta name=\"twitter:creator\" content=\"@cdcliving\" \/>\n<meta name=\"twitter:site\" content=\"@cdcliving\" \/>\n<meta name=\"twitter:label1\" content=\"Escrito por\" \/>\n\t<meta name=\"twitter:data1\" content=\"Heather Lincoln\" \/>\n\t<meta name=\"twitter:label2\" content=\"Tiempo de lectura\" \/>\n\t<meta name=\"twitter:data2\" content=\"3 minutos\" \/>\n<script type=\"application\/ld+json\" class=\"yoast-schema-graph\">{\"@context\":\"https:\\\/\\\/schema.org\",\"@graph\":[{\"@type\":\"Article\",\"@id\":\"https:\\\/\\\/casadecampoliving.com\\\/es\\\/reserve-la-fecha-fin-de-semana-familiar-2017-fundacion-mir\\\/#article\",\"isPartOf\":{\"@id\":\"https:\\\/\\\/casadecampoliving.com\\\/es\\\/reserve-la-fecha-fin-de-semana-familiar-2017-fundacion-mir\\\/\"},\"author\":{\"name\":\"Heather Lincoln\",\"@id\":\"https:\\\/\\\/casadecampoliving.com\\\/es\\\/#\\\/schema\\\/person\\\/e3abfc63c1478fd703266a6f33a3145d\"},\"headline\":\"Reserve la fecha para el Fin de Semana Familiar 2017 de la Fundaci\u00f3n MIR\",\"datePublished\":\"2017-06-14T04:00:00+00:00\",\"dateModified\":\"2022-10-21T23:06:48+00:00\",\"mainEntityOfPage\":{\"@id\":\"https:\\\/\\\/casadecampoliving.com\\\/es\\\/reserve-la-fecha-fin-de-semana-familiar-2017-fundacion-mir\\\/\"},\"wordCount\":570,\"publisher\":{\"@id\":\"https:\\\/\\\/casadecampoliving.com\\\/es\\\/#organization\"},\"image\":{\"@id\":\"https:\\\/\\\/casadecampoliving.com\\\/es\\\/reserve-la-fecha-fin-de-semana-familiar-2017-fundacion-mir\\\/#primaryimage\"},\"thumbnailUrl\":\"https:\\\/\\\/i0.wp.com\\\/casadecampoliving.com\\\/wp-content\\\/uploads\\\/2022\\\/10\\\/DSC_2428-e1497416058185.jpg?fit=1000%2C600&ssl=1\",\"keywords\":[\"Clinica de tenis\",\"deportes\",\"Featured-TopView @es\",\"Fin de Semana Familiar 2017\",\"Fundacion MIR\",\"genesis @es\",\"golf @es\",\"La Romana\",\"la romana country club @es\",\"playa minitas\",\"Reserve la Fecha\"],\"articleSection\":[\"Altos de Chavon @es\",\"Deportes\",\"Estilo de Vida\",\"Eventos\",\"Fundaci\u00f3n MIR @es\",\"Fundaciones\",\"Proximamente\",\"Uncategorized @es\"],\"inLanguage\":\"es\"},{\"@type\":\"WebPage\",\"@id\":\"https:\\\/\\\/casadecampoliving.com\\\/es\\\/reserve-la-fecha-fin-de-semana-familiar-2017-fundacion-mir\\\/\",\"url\":\"https:\\\/\\\/casadecampoliving.com\\\/es\\\/reserve-la-fecha-fin-de-semana-familiar-2017-fundacion-mir\\\/\",\"name\":\"Reserve la fecha para el Fin de Semana Familiar 2017 de la Fundaci\u00f3n MIR | Casa de Campo Living\",\"isPartOf\":{\"@id\":\"https:\\\/\\\/casadecampoliving.com\\\/es\\\/#website\"},\"primaryImageOfPage\":{\"@id\":\"https:\\\/\\\/casadecampoliving.com\\\/es\\\/reserve-la-fecha-fin-de-semana-familiar-2017-fundacion-mir\\\/#primaryimage\"},\"image\":{\"@id\":\"https:\\\/\\\/casadecampoliving.com\\\/es\\\/reserve-la-fecha-fin-de-semana-familiar-2017-fundacion-mir\\\/#primaryimage\"},\"thumbnailUrl\":\"https:\\\/\\\/i0.wp.com\\\/casadecampoliving.com\\\/wp-content\\\/uploads\\\/2022\\\/10\\\/DSC_2428-e1497416058185.jpg?fit=1000%2C600&ssl=1\",\"datePublished\":\"2017-06-14T04:00:00+00:00\",\"dateModified\":\"2022-10-21T23:06:48+00:00\",\"description\":\"El Fin de Semana Familiar 2017 de la Fundaci\u00f3n MIR est\u00e1 a dos meses y \u00a1lleno de actividades que no se querr\u00e1 perder! Lo que tendr\u00e1 lugar los d\u00edas 18 y 19\",\"breadcrumb\":{\"@id\":\"https:\\\/\\\/casadecampoliving.com\\\/es\\\/reserve-la-fecha-fin-de-semana-familiar-2017-fundacion-mir\\\/#breadcrumb\"},\"inLanguage\":\"es\",\"potentialAction\":[{\"@type\":\"ReadAction\",\"target\":[\"https:\\\/\\\/casadecampoliving.com\\\/es\\\/reserve-la-fecha-fin-de-semana-familiar-2017-fundacion-mir\\\/\"]}]},{\"@type\":\"ImageObject\",\"inLanguage\":\"es\",\"@id\":\"https:\\\/\\\/casadecampoliving.com\\\/es\\\/reserve-la-fecha-fin-de-semana-familiar-2017-fundacion-mir\\\/#primaryimage\",\"url\":\"https:\\\/\\\/i0.wp.com\\\/casadecampoliving.com\\\/wp-content\\\/uploads\\\/2022\\\/10\\\/DSC_2428-e1497416058185.jpg?fit=1000%2C600&ssl=1\",\"contentUrl\":\"https:\\\/\\\/i0.wp.com\\\/casadecampoliving.com\\\/wp-content\\\/uploads\\\/2022\\\/10\\\/DSC_2428-e1497416058185.jpg?fit=1000%2C600&ssl=1\",\"width\":1000,\"height\":600,\"caption\":\"Save-the-date Fundaci\u00f3n MIR Family Weekend 2017\"},{\"@type\":\"BreadcrumbList\",\"@id\":\"https:\\\/\\\/casadecampoliving.com\\\/es\\\/reserve-la-fecha-fin-de-semana-familiar-2017-fundacion-mir\\\/#breadcrumb\",\"itemListElement\":[{\"@type\":\"ListItem\",\"position\":1,\"name\":\"Home\",\"item\":\"https:\\\/\\\/casadecampoliving.com\\\/es\\\/\"},{\"@type\":\"ListItem\",\"position\":2,\"name\":\"Reserve la fecha para el Fin de Semana Familiar 2017 de la Fundaci\u00f3n MIR\"}]},{\"@type\":\"WebSite\",\"@id\":\"https:\\\/\\\/casadecampoliving.com\\\/es\\\/#website\",\"url\":\"https:\\\/\\\/casadecampoliving.com\\\/es\\\/\",\"name\":\"Casa de Campo Living\",\"description\":\"Resort community news and resources.\",\"publisher\":{\"@id\":\"https:\\\/\\\/casadecampoliving.com\\\/es\\\/#organization\"},\"potentialAction\":[{\"@type\":\"SearchAction\",\"target\":{\"@type\":\"EntryPoint\",\"urlTemplate\":\"https:\\\/\\\/casadecampoliving.com\\\/es\\\/?s={search_term_string}\"},\"query-input\":{\"@type\":\"PropertyValueSpecification\",\"valueRequired\":true,\"valueName\":\"search_term_string\"}}],\"inLanguage\":\"es\"},{\"@type\":\"Organization\",\"@id\":\"https:\\\/\\\/casadecampoliving.com\\\/es\\\/#organization\",\"name\":\"Casa de Campo Living\",\"url\":\"https:\\\/\\\/casadecampoliving.com\\\/es\\\/\",\"logo\":{\"@type\":\"ImageObject\",\"inLanguage\":\"es\",\"@id\":\"https:\\\/\\\/casadecampoliving.com\\\/es\\\/#\\\/schema\\\/logo\\\/image\\\/\",\"url\":\"https:\\\/\\\/i0.wp.com\\\/casadecampoliving.com\\\/wp-content\\\/uploads\\\/2022\\\/07\\\/CDCLivingLogo_V1-white-sized.png?fit=800%2C214&ssl=1\",\"contentUrl\":\"https:\\\/\\\/i0.wp.com\\\/casadecampoliving.com\\\/wp-content\\\/uploads\\\/2022\\\/07\\\/CDCLivingLogo_V1-white-sized.png?fit=800%2C214&ssl=1\",\"width\":800,\"height\":214,\"caption\":\"Casa de Campo Living\"},\"image\":{\"@id\":\"https:\\\/\\\/casadecampoliving.com\\\/es\\\/#\\\/schema\\\/logo\\\/image\\\/\"},\"sameAs\":[\"https:\\\/\\\/www.facebook.com\\\/casadecampoliving\",\"https:\\\/\\\/x.com\\\/cdcliving\"]},{\"@type\":\"Person\",\"@id\":\"https:\\\/\\\/casadecampoliving.com\\\/es\\\/#\\\/schema\\\/person\\\/e3abfc63c1478fd703266a6f33a3145d\",\"name\":\"Heather Lincoln\",\"image\":{\"@type\":\"ImageObject\",\"inLanguage\":\"es\",\"@id\":\"https:\\\/\\\/secure.gravatar.com\\\/avatar\\\/e8fc1ce4ad50385675908137b0d8d66be281d034bf072b4700460237638ea6d0?s=96&d=mm&r=g\",\"url\":\"https:\\\/\\\/secure.gravatar.com\\\/avatar\\\/e8fc1ce4ad50385675908137b0d8d66be281d034bf072b4700460237638ea6d0?s=96&d=mm&r=g\",\"contentUrl\":\"https:\\\/\\\/secure.gravatar.com\\\/avatar\\\/e8fc1ce4ad50385675908137b0d8d66be281d034bf072b4700460237638ea6d0?s=96&d=mm&r=g\",\"caption\":\"Heather Lincoln\"},\"url\":\"https:\\\/\\\/casadecampoliving.com\\\/es\\\/author\\\/hcastillo\\\/\"}]}<\/script>\n<!-- \/ Yoast SEO plugin. -->","yoast_head_json":{"title":"Reserve la fecha para el Fin de Semana Familiar 2017 de la Fundaci\u00f3n MIR | Casa de Campo Living","description":"El Fin de Semana Familiar 2017 de la Fundaci\u00f3n MIR est\u00e1 a dos meses y \u00a1lleno de actividades que no se querr\u00e1 perder! Lo que tendr\u00e1 lugar los d\u00edas 18 y 19","robots":{"index":"index","follow":"follow","max-snippet":"max-snippet:-1","max-image-preview":"max-image-preview:large","max-video-preview":"max-video-preview:-1"},"canonical":"https:\/\/casadecampoliving.com\/es\/reserve-la-fecha-fin-de-semana-familiar-2017-fundacion-mir\/","og_locale":"es_ES","og_type":"article","og_title":"Reserve la fecha para el Fin de Semana Familiar 2017 de la Fundaci\u00f3n MIR | Casa de Campo Living","og_description":"El Fin de Semana Familiar 2017 de la Fundaci\u00f3n MIR est\u00e1 a dos meses y \u00a1lleno de actividades que no se querr\u00e1 perder! Lo que tendr\u00e1 lugar los d\u00edas 18 y 19","og_url":"https:\/\/casadecampoliving.com\/es\/reserve-la-fecha-fin-de-semana-familiar-2017-fundacion-mir\/","og_site_name":"Casa de Campo Living","article_publisher":"https:\/\/www.facebook.com\/casadecampoliving","article_published_time":"2017-06-14T04:00:00+00:00","article_modified_time":"2022-10-21T23:06:48+00:00","og_image":[{"width":1000,"height":600,"url":"https:\/\/i0.wp.com\/casadecampoliving.com\/wp-content\/uploads\/2022\/10\/DSC_2428-e1497416058185.jpg?fit=1000%2C600&ssl=1","type":"image\/jpeg"}],"author":"Heather Lincoln","twitter_card":"summary_large_image","twitter_creator":"@cdcliving","twitter_site":"@cdcliving","twitter_misc":{"Escrito por":"Heather Lincoln","Tiempo de lectura":"3 minutos"},"schema":{"@context":"https:\/\/schema.org","@graph":[{"@type":"Article","@id":"https:\/\/casadecampoliving.com\/es\/reserve-la-fecha-fin-de-semana-familiar-2017-fundacion-mir\/#article","isPartOf":{"@id":"https:\/\/casadecampoliving.com\/es\/reserve-la-fecha-fin-de-semana-familiar-2017-fundacion-mir\/"},"author":{"name":"Heather Lincoln","@id":"https:\/\/casadecampoliving.com\/es\/#\/schema\/person\/e3abfc63c1478fd703266a6f33a3145d"},"headline":"Reserve la fecha para el Fin de Semana Familiar 2017 de la Fundaci\u00f3n MIR","datePublished":"2017-06-14T04:00:00+00:00","dateModified":"2022-10-21T23:06:48+00:00","mainEntityOfPage":{"@id":"https:\/\/casadecampoliving.com\/es\/reserve-la-fecha-fin-de-semana-familiar-2017-fundacion-mir\/"},"wordCount":570,"publisher":{"@id":"https:\/\/casadecampoliving.com\/es\/#organization"},"image":{"@id":"https:\/\/casadecampoliving.com\/es\/reserve-la-fecha-fin-de-semana-familiar-2017-fundacion-mir\/#primaryimage"},"thumbnailUrl":"https:\/\/i0.wp.com\/casadecampoliving.com\/wp-content\/uploads\/2022\/10\/DSC_2428-e1497416058185.jpg?fit=1000%2C600&ssl=1","keywords":["Clinica de tenis","deportes","Featured-TopView @es","Fin de Semana Familiar 2017","Fundacion MIR","genesis @es","golf @es","La Romana","la romana country club @es","playa minitas","Reserve la Fecha"],"articleSection":["Altos de Chavon @es","Deportes","Estilo de Vida","Eventos","Fundaci\u00f3n MIR @es","Fundaciones","Proximamente","Uncategorized @es"],"inLanguage":"es"},{"@type":"WebPage","@id":"https:\/\/casadecampoliving.com\/es\/reserve-la-fecha-fin-de-semana-familiar-2017-fundacion-mir\/","url":"https:\/\/casadecampoliving.com\/es\/reserve-la-fecha-fin-de-semana-familiar-2017-fundacion-mir\/","name":"Reserve la fecha para el Fin de Semana Familiar 2017 de la Fundaci\u00f3n MIR | Casa de Campo Living","isPartOf":{"@id":"https:\/\/casadecampoliving.com\/es\/#website"},"primaryImageOfPage":{"@id":"https:\/\/casadecampoliving.com\/es\/reserve-la-fecha-fin-de-semana-familiar-2017-fundacion-mir\/#primaryimage"},"image":{"@id":"https:\/\/casadecampoliving.com\/es\/reserve-la-fecha-fin-de-semana-familiar-2017-fundacion-mir\/#primaryimage"},"thumbnailUrl":"https:\/\/i0.wp.com\/casadecampoliving.com\/wp-content\/uploads\/2022\/10\/DSC_2428-e1497416058185.jpg?fit=1000%2C600&ssl=1","datePublished":"2017-06-14T04:00:00+00:00","dateModified":"2022-10-21T23:06:48+00:00","description":"El Fin de Semana Familiar 2017 de la Fundaci\u00f3n MIR est\u00e1 a dos meses y \u00a1lleno de actividades que no se querr\u00e1 perder! Lo que tendr\u00e1 lugar los d\u00edas 18 y 19","breadcrumb":{"@id":"https:\/\/casadecampoliving.com\/es\/reserve-la-fecha-fin-de-semana-familiar-2017-fundacion-mir\/#breadcrumb"},"inLanguage":"es","potentialAction":[{"@type":"ReadAction","target":["https:\/\/casadecampoliving.com\/es\/reserve-la-fecha-fin-de-semana-familiar-2017-fundacion-mir\/"]}]},{"@type":"ImageObject","inLanguage":"es","@id":"https:\/\/casadecampoliving.com\/es\/reserve-la-fecha-fin-de-semana-familiar-2017-fundacion-mir\/#primaryimage","url":"https:\/\/i0.wp.com\/casadecampoliving.com\/wp-content\/uploads\/2022\/10\/DSC_2428-e1497416058185.jpg?fit=1000%2C600&ssl=1","contentUrl":"https:\/\/i0.wp.com\/casadecampoliving.com\/wp-content\/uploads\/2022\/10\/DSC_2428-e1497416058185.jpg?fit=1000%2C600&ssl=1","width":1000,"height":600,"caption":"Save-the-date Fundaci\u00f3n MIR Family Weekend 2017"},{"@type":"BreadcrumbList","@id":"https:\/\/casadecampoliving.com\/es\/reserve-la-fecha-fin-de-semana-familiar-2017-fundacion-mir\/#breadcrumb","itemListElement":[{"@type":"ListItem","position":1,"name":"Home","item":"https:\/\/casadecampoliving.com\/es\/"},{"@type":"ListItem","position":2,"name":"Reserve la fecha para el Fin de Semana Familiar 2017 de la Fundaci\u00f3n MIR"}]},{"@type":"WebSite","@id":"https:\/\/casadecampoliving.com\/es\/#website","url":"https:\/\/casadecampoliving.com\/es\/","name":"Casa de Campo Living","description":"Resort community news and resources.","publisher":{"@id":"https:\/\/casadecampoliving.com\/es\/#organization"},"potentialAction":[{"@type":"SearchAction","target":{"@type":"EntryPoint","urlTemplate":"https:\/\/casadecampoliving.com\/es\/?s={search_term_string}"},"query-input":{"@type":"PropertyValueSpecification","valueRequired":true,"valueName":"search_term_string"}}],"inLanguage":"es"},{"@type":"Organization","@id":"https:\/\/casadecampoliving.com\/es\/#organization","name":"Casa de Campo Living","url":"https:\/\/casadecampoliving.com\/es\/","logo":{"@type":"ImageObject","inLanguage":"es","@id":"https:\/\/casadecampoliving.com\/es\/#\/schema\/logo\/image\/","url":"https:\/\/i0.wp.com\/casadecampoliving.com\/wp-content\/uploads\/2022\/07\/CDCLivingLogo_V1-white-sized.png?fit=800%2C214&ssl=1","contentUrl":"https:\/\/i0.wp.com\/casadecampoliving.com\/wp-content\/uploads\/2022\/07\/CDCLivingLogo_V1-white-sized.png?fit=800%2C214&ssl=1","width":800,"height":214,"caption":"Casa de Campo Living"},"image":{"@id":"https:\/\/casadecampoliving.com\/es\/#\/schema\/logo\/image\/"},"sameAs":["https:\/\/www.facebook.com\/casadecampoliving","https:\/\/x.com\/cdcliving"]},{"@type":"Person","@id":"https:\/\/casadecampoliving.com\/es\/#\/schema\/person\/e3abfc63c1478fd703266a6f33a3145d","name":"Heather Lincoln","image":{"@type":"ImageObject","inLanguage":"es","@id":"https:\/\/secure.gravatar.com\/avatar\/e8fc1ce4ad50385675908137b0d8d66be281d034bf072b4700460237638ea6d0?s=96&d=mm&r=g","url":"https:\/\/secure.gravatar.com\/avatar\/e8fc1ce4ad50385675908137b0d8d66be281d034bf072b4700460237638ea6d0?s=96&d=mm&r=g","contentUrl":"https:\/\/secure.gravatar.com\/avatar\/e8fc1ce4ad50385675908137b0d8d66be281d034bf072b4700460237638ea6d0?s=96&d=mm&r=g","caption":"Heather Lincoln"},"url":"https:\/\/casadecampoliving.com\/es\/author\/hcastillo\/"}]}},"parsely":{"version":"1.1.0","canonical_url":"https:\/\/casadecampoliving.com\/es\/reserve-la-fecha-fin-de-semana-familiar-2017-fundacion-mir\/","smart_links":{"inbound":0,"outbound":0},"traffic_boost_suggestions_count":0,"meta":{"@context":"https:\/\/schema.org","@type":"NewsArticle","headline":"Reserve la fecha para el Fin de Semana Familiar 2017 de la Fundaci\u00f3n MIR","url":"http:\/\/casadecampoliving.com\/es\/reserve-la-fecha-fin-de-semana-familiar-2017-fundacion-mir\/","mainEntityOfPage":{"@type":"WebPage","@id":"http:\/\/casadecampoliving.com\/es\/reserve-la-fecha-fin-de-semana-familiar-2017-fundacion-mir\/"},"thumbnailUrl":"https:\/\/i0.wp.com\/casadecampoliving.com\/wp-content\/uploads\/2022\/10\/DSC_2428-e1497416058185.jpg?resize=150%2C150&ssl=1","image":{"@type":"ImageObject","url":"https:\/\/i0.wp.com\/casadecampoliving.com\/wp-content\/uploads\/2022\/10\/DSC_2428-e1497416058185.jpg?fit=1000%2C600&ssl=1"},"articleSection":"Altos de Chavon @es","author":[{"@type":"Person","name":"Heather Lincoln"}],"creator":["Heather Lincoln"],"publisher":{"@type":"Organization","name":"Casa de Campo Living","logo":"https:\/\/casadecampoliving.com\/wp-content\/uploads\/2022\/07\/CDCLivingLogo_V1-white-sized.png"},"keywords":["clinica de tenis","deportes","featured-topview @es","fin de semana familiar 2017","fundacion mir","genesis @es","golf @es","la romana","la romana country club @es","playa minitas","reserve la fecha"],"dateCreated":"2017-06-14T04:00:00Z","datePublished":"2017-06-14T04:00:00Z","dateModified":"2022-10-21T23:06:48Z"},"rendered":"<script type=\"application\/ld+json\" class=\"wp-parsely-metadata\">{\"@context\":\"https:\\\/\\\/schema.org\",\"@type\":\"NewsArticle\",\"headline\":\"Reserve la fecha para el Fin de Semana Familiar 2017 de la Fundaci\\u00f3n MIR\",\"url\":\"http:\\\/\\\/casadecampoliving.com\\\/es\\\/reserve-la-fecha-fin-de-semana-familiar-2017-fundacion-mir\\\/\",\"mainEntityOfPage\":{\"@type\":\"WebPage\",\"@id\":\"http:\\\/\\\/casadecampoliving.com\\\/es\\\/reserve-la-fecha-fin-de-semana-familiar-2017-fundacion-mir\\\/\"},\"thumbnailUrl\":\"https:\\\/\\\/i0.wp.com\\\/casadecampoliving.com\\\/wp-content\\\/uploads\\\/2022\\\/10\\\/DSC_2428-e1497416058185.jpg?resize=150%2C150&ssl=1\",\"image\":{\"@type\":\"ImageObject\",\"url\":\"https:\\\/\\\/i0.wp.com\\\/casadecampoliving.com\\\/wp-content\\\/uploads\\\/2022\\\/10\\\/DSC_2428-e1497416058185.jpg?fit=1000%2C600&ssl=1\"},\"articleSection\":\"Altos de Chavon @es\",\"author\":[{\"@type\":\"Person\",\"name\":\"Heather Lincoln\"}],\"creator\":[\"Heather Lincoln\"],\"publisher\":{\"@type\":\"Organization\",\"name\":\"Casa de Campo Living\",\"logo\":\"https:\\\/\\\/casadecampoliving.com\\\/wp-content\\\/uploads\\\/2022\\\/07\\\/CDCLivingLogo_V1-white-sized.png\"},\"keywords\":[\"clinica de tenis\",\"deportes\",\"featured-topview @es\",\"fin de semana familiar 2017\",\"fundacion mir\",\"genesis @es\",\"golf @es\",\"la romana\",\"la romana country club @es\",\"playa minitas\",\"reserve la fecha\"],\"dateCreated\":\"2017-06-14T04:00:00Z\",\"datePublished\":\"2017-06-14T04:00:00Z\",\"dateModified\":\"2022-10-21T23:06:48Z\"}<\/script>","tracker_url":"https:\/\/cdn.parsely.com\/keys\/casadecampoliving.com\/p.js"},"jetpack_publicize_connections":[],"jetpack_featured_media_url":"https:\/\/i0.wp.com\/casadecampoliving.com\/wp-content\/uploads\/2022\/10\/DSC_2428-e1497416058185.jpg?fit=1000%2C600&ssl=1","jetpack-related-posts":[{"id":351851,"url":"https:\/\/casadecampoliving.com\/es\/el-fin-de-semana-fundacion-mir-para-la-vida-2017-es-este-fin-de-semana\/","url_meta":{"origin":351603,"position":0},"title":"\u00a1El Fin de Semana Familiar Fundaci\u00f3n MIR Para la Vida 2017 es este fin de semana!","author":"Heather Lincoln","date":"14 Ago, 2017","format":false,"excerpt":"Ya pronto se estar\u00e1 celebrando un evento que hemos estado esperando con ansias \u2013 \u00a1El Fin de Semana familiar Fundaci\u00f3n MIR para la Vida 2017! Estamos seguros de que has escuchado todo lo relacionado con el evento e incluso ha recibido volantes a su puerta, pero si no, aqu\u00ed tienes\u2026","rel":"","context":"En \u00abAltos de Chavon @es\u00bb","block_context":{"text":"Altos de Chavon @es","link":"https:\/\/casadecampoliving.com\/category\/altos-de-chavon-es\/"},"img":{"alt_text":"Fundaci\u00f3n MIR Family Weekend for Life","src":"https:\/\/i0.wp.com\/casadecampoliving.com\/wp-content\/uploads\/2022\/10\/DSC_2627-e1502732245378.jpg?fit=1000%2C597&ssl=1&resize=350%2C200","width":350,"height":200,"srcset":"https:\/\/i0.wp.com\/casadecampoliving.com\/wp-content\/uploads\/2022\/10\/DSC_2627-e1502732245378.jpg?fit=1000%2C597&ssl=1&resize=350%2C200 1x, https:\/\/i0.wp.com\/casadecampoliving.com\/wp-content\/uploads\/2022\/10\/DSC_2627-e1502732245378.jpg?fit=1000%2C597&ssl=1&resize=525%2C300 1.5x, https:\/\/i0.wp.com\/casadecampoliving.com\/wp-content\/uploads\/2022\/10\/DSC_2627-e1502732245378.jpg?fit=1000%2C597&ssl=1&resize=700%2C400 2x"},"classes":[]},{"id":351733,"url":"https:\/\/casadecampoliving.com\/es\/recordatorio-fin-de-semana-familiar-de-la-fundacion-mir\/","url_meta":{"origin":351603,"position":1},"title":"Recordatorio: \u00a1El fin de semana familiar de la Fundaci\u00f3n MIR est\u00e1 a tan s\u00f3lo un mes de distancia!","author":"Heather Lincoln","date":"17 Jul, 2017","format":false,"excerpt":"\u00bfSaben cual evento se aproxima, damas y caballeros? \u00a1El Fin de Semana Familiar de la Fundaci\u00f3n MIR para la Vida, por supuesto! Como si pudiera olvidar la fiesta anual que viene con una gama de torneos a beneficio de los ni\u00f1os necesitados de La Romana que asisten a las escuelas\u2026","rel":"","context":"En \u00abEstilo de Vida\u00bb","block_context":{"text":"Estilo de Vida","link":"https:\/\/casadecampoliving.com\/es\/category\/estilo-de-vida\/"},"img":{"alt_text":"Fundaci\u00f3n MIR","src":"https:\/\/i0.wp.com\/casadecampoliving.com\/wp-content\/uploads\/2022\/10\/DSC_5268-e1500306478242.jpg?fit=1000%2C600&ssl=1&resize=350%2C200","width":350,"height":200,"srcset":"https:\/\/i0.wp.com\/casadecampoliving.com\/wp-content\/uploads\/2022\/10\/DSC_5268-e1500306478242.jpg?fit=1000%2C600&ssl=1&resize=350%2C200 1x, https:\/\/i0.wp.com\/casadecampoliving.com\/wp-content\/uploads\/2022\/10\/DSC_5268-e1500306478242.jpg?fit=1000%2C600&ssl=1&resize=525%2C300 1.5x, https:\/\/i0.wp.com\/casadecampoliving.com\/wp-content\/uploads\/2022\/10\/DSC_5268-e1500306478242.jpg?fit=1000%2C600&ssl=1&resize=700%2C400 2x"},"classes":[]},{"id":352653,"url":"https:\/\/casadecampoliving.com\/es\/reserve-la-fecha-para-el-fin-de-semana-familiar-fundacion-mir-de-este-ano\/","url_meta":{"origin":351603,"position":2},"title":"\u00a1Reserve la fecha para el Fin de Semana Familiar Fundaci\u00f3n MIR de este a\u00f1o!","author":"Marlenys Guzm\u00e1n Casta\u00f1os","date":"14 May, 2018","format":false,"excerpt":"\u00a1Reserven la fecha! \u00a1El Fin de Semana Familiar Fundaci\u00f3n MIR 2018 est\u00e1 a dos meses de distancia y est\u00e1 llena de actividades que no querr\u00e1 perderse! Lo que tendr\u00e1 lugar los d\u00edas 17 y 18 de agosto contar\u00e1 con el apoyo de cientos de miembros de la comunidad e invitados\u2026","rel":"","context":"En \u00abEstilo de Vida\u00bb","block_context":{"text":"Estilo de Vida","link":"https:\/\/casadecampoliving.com\/es\/category\/estilo-de-vida\/"},"img":{"alt_text":"","src":"https:\/\/i0.wp.com\/casadecampoliving.com\/wp-content\/uploads\/2022\/10\/fundacion_MIR2-8.jpg?fit=620%2C311&ssl=1&resize=350%2C200","width":350,"height":200,"srcset":"https:\/\/i0.wp.com\/casadecampoliving.com\/wp-content\/uploads\/2022\/10\/fundacion_MIR2-8.jpg?fit=620%2C311&ssl=1&resize=350%2C200 1x, https:\/\/i0.wp.com\/casadecampoliving.com\/wp-content\/uploads\/2022\/10\/fundacion_MIR2-8.jpg?fit=620%2C311&ssl=1&resize=525%2C300 1.5x"},"classes":[]},{"id":353432,"url":"https:\/\/casadecampoliving.com\/es\/reserve-la-fecha-para-el-fin-de-semana-familiar-fundacion-mir-2019\/","url_meta":{"origin":351603,"position":3},"title":"\u00a1Reserve la fecha para el Fin de Semana Familiar Fundaci\u00f3n MIR 2019!","author":"Casa de Campo Living","date":"13 May, 2019","format":false,"excerpt":"Como siempre este es uno de los eventos m\u00e1s esperados del verano, \u00a1pronto se llevar\u00e1 a cabo el Fin de Semana Familiar MIR de este a\u00f1o! El 12 y 13 de agosto celebraremos la labor realizada por Mission International Rescue (MIR) y sus iniciativas para ofrecer educaci\u00f3n, salud y vivienda\u2026","rel":"","context":"En \u00abCountry Club La Romana\u00bb","block_context":{"text":"Country Club La Romana","link":"https:\/\/casadecampoliving.com\/es\/category\/country-club-la-romana-es\/"},"img":{"alt_text":"","src":"https:\/\/i0.wp.com\/casadecampoliving.com\/wp-content\/uploads\/2022\/10\/DSC_7042.jpg?fit=1000%2C609&ssl=1&resize=350%2C200","width":350,"height":200,"srcset":"https:\/\/i0.wp.com\/casadecampoliving.com\/wp-content\/uploads\/2022\/10\/DSC_7042.jpg?fit=1000%2C609&ssl=1&resize=350%2C200 1x, https:\/\/i0.wp.com\/casadecampoliving.com\/wp-content\/uploads\/2022\/10\/DSC_7042.jpg?fit=1000%2C609&ssl=1&resize=525%2C300 1.5x, https:\/\/i0.wp.com\/casadecampoliving.com\/wp-content\/uploads\/2022\/10\/DSC_7042.jpg?fit=1000%2C609&ssl=1&resize=700%2C400 2x"},"classes":[]},{"id":353484,"url":"https:\/\/casadecampoliving.com\/es\/recordatorio-fin-de-semana-familiar-de-fundacion-mir-2019\/","url_meta":{"origin":351603,"position":4},"title":"Recordatorio: \u00a1El fin de semana familiar de Fundaci\u00f3n MIR 2019 est\u00e1 a tan s\u00f3lo un mes de distancia!","author":"Casa de Campo Living","date":"9 Jul, 2019","format":false,"excerpt":"\u00bfSabes lo que viene en el calendario, damas y caballeros? \u00a1Fin de semana familiar de la Fundaci\u00f3n MIR para la vida, por supuesto! Como si pudiera olvidarlo, la fiesta anual que viene con una variedad de torneos beneficia a los ni\u00f1os necesitados de La Romana que asisten a las escuelas\u2026","rel":"","context":"En \u00abCountry Club La Romana\u00bb","block_context":{"text":"Country Club La Romana","link":"https:\/\/casadecampoliving.com\/es\/category\/country-club-la-romana-es\/"},"img":{"alt_text":"","src":"https:\/\/i0.wp.com\/casadecampoliving.com\/wp-content\/uploads\/2022\/10\/IMG_0856.jpg?fit=1000%2C561&ssl=1&resize=350%2C200","width":350,"height":200,"srcset":"https:\/\/i0.wp.com\/casadecampoliving.com\/wp-content\/uploads\/2022\/10\/IMG_0856.jpg?fit=1000%2C561&ssl=1&resize=350%2C200 1x, https:\/\/i0.wp.com\/casadecampoliving.com\/wp-content\/uploads\/2022\/10\/IMG_0856.jpg?fit=1000%2C561&ssl=1&resize=525%2C300 1.5x, https:\/\/i0.wp.com\/casadecampoliving.com\/wp-content\/uploads\/2022\/10\/IMG_0856.jpg?fit=1000%2C561&ssl=1&resize=700%2C400 2x"},"classes":[]},{"id":352750,"url":"https:\/\/casadecampoliving.com\/es\/recordatorio-el-fin-de-semana-familiar-de-fundacion-mir-es-el-mes-que-viene\/","url_meta":{"origin":351603,"position":5},"title":"Recordatorio: \u00a1El Fin de Semana Familiar de Fundaci\u00f3n MIR es el mes que viene!","author":"Marlenys Guzm\u00e1n Casta\u00f1os","date":"2 Jul, 2018","format":false,"excerpt":"\u00bfSaben cual evento se aproxima, damas y caballeros? \u00a1El Fin de Semana Familiar de la Fundaci\u00f3n MIR para la Vida, por supuesto! La fiesta anual que viene con una gama de torneos a beneficio de los ni\u00f1os necesitados de La Romana que asisten a las escuelas de la Fundaci\u00f3n MIR.\u2026","rel":"","context":"En \u00abCountry Club La Romana\u00bb","block_context":{"text":"Country Club La Romana","link":"https:\/\/casadecampoliving.com\/es\/category\/country-club-la-romana-es\/"},"img":{"alt_text":"","src":"https:\/\/i0.wp.com\/casadecampoliving-wp.s3-accelerate.amazonaws.com\/2018\/07\/DSC_1044.jpg?resize=350%2C200&ssl=1","width":350,"height":200,"srcset":"https:\/\/i0.wp.com\/casadecampoliving-wp.s3-accelerate.amazonaws.com\/2018\/07\/DSC_1044.jpg?resize=350%2C200&ssl=1 1x, https:\/\/i0.wp.com\/casadecampoliving-wp.s3-accelerate.amazonaws.com\/2018\/07\/DSC_1044.jpg?resize=525%2C300&ssl=1 1.5x, https:\/\/i0.wp.com\/casadecampoliving-wp.s3-accelerate.amazonaws.com\/2018\/07\/DSC_1044.jpg?resize=700%2C400&ssl=1 2x"},"classes":[]}],"jetpack_sharing_enabled":true,"_links":{"self":[{"href":"https:\/\/casadecampoliving.com\/es\/wp-json\/wp\/v2\/posts\/351603","targetHints":{"allow":["GET"]}}],"collection":[{"href":"https:\/\/casadecampoliving.com\/es\/wp-json\/wp\/v2\/posts"}],"about":[{"href":"https:\/\/casadecampoliving.com\/es\/wp-json\/wp\/v2\/types\/post"}],"author":[{"embeddable":true,"href":"https:\/\/casadecampoliving.com\/es\/wp-json\/wp\/v2\/users\/36681"}],"replies":[{"embeddable":true,"href":"https:\/\/casadecampoliving.com\/es\/wp-json\/wp\/v2\/comments?post=351603"}],"version-history":[{"count":1,"href":"https:\/\/casadecampoliving.com\/es\/wp-json\/wp\/v2\/posts\/351603\/revisions"}],"predecessor-version":[{"id":351606,"href":"https:\/\/casadecampoliving.com\/es\/wp-json\/wp\/v2\/posts\/351603\/revisions\/351606"}],"wp:featuredmedia":[{"embeddable":true,"href":"https:\/\/casadecampoliving.com\/es\/wp-json\/wp\/v2\/media\/299682"}],"wp:attachment":[{"href":"https:\/\/casadecampoliving.com\/es\/wp-json\/wp\/v2\/media?parent=351603"}],"wp:term":[{"taxonomy":"category","embeddable":true,"href":"https:\/\/casadecampoliving.com\/es\/wp-json\/wp\/v2\/categories?post=351603"},{"taxonomy":"post_tag","embeddable":true,"href":"https:\/\/casadecampoliving.com\/es\/wp-json\/wp\/v2\/tags?post=351603"},{"taxonomy":"newspack_spnsrs_tax","embeddable":true,"href":"https:\/\/casadecampoliving.com\/es\/wp-json\/wp\/v2\/newspack_spnsrs_tax?post=351603"}],"curies":[{"name":"wp","href":"https:\/\/api.w.org\/{rel}","templated":true}]}}