{"id":351586,"date":"2017-06-08T00:00:00","date_gmt":"2017-06-08T04:00:00","guid":{"rendered":"https:\/\/casadecampoliving.com\/stage-estudio-de-arte-tiene-el-campamento-de-verano-perfecto-para-sus-hijos\/"},"modified":"2022-10-21T19:05:58","modified_gmt":"2022-10-21T23:05:58","slug":"stage-estudio-de-arte-tiene-el-campamento-de-verano-perfecto-para-sus-hijos","status":"publish","type":"post","link":"https:\/\/casadecampoliving.com\/es\/stage-estudio-de-arte-tiene-el-campamento-de-verano-perfecto-para-sus-hijos\/","title":{"rendered":"\u00a1Stage Estudio de Arte tiene el campamento de verano perfecto para sus hijos!"},"content":{"rendered":"\n<p>Stage Estudio de Arte ha preparado el campamento de verano ideal para que los j\u00f3venes se expresen a trav\u00e9s de las artes esc\u00e9nicas. Justo a las afueras de Casa de Campo en La Romana sus hijos podr\u00e1n descubrir cualquier talento escondido que puedan tener \u00a1o trabajar en los que ya tienen! Ense\u00f1ados por un grupo excelente de instructores, el estudio dirigido por Alicia Campillo, ha ganado inmensa popularidad a tan solo un a\u00f1o y medio de abrir sus puertas.<br>\n<\/p>\n\n\n\n<!--more-->\n\n\n<div class=\"wp-block-image\">\n<figure class=\"aligncenter is-resized\"><img loading=\"lazy\" decoding=\"async\" src=\"https:\/\/i0.wp.com\/casadecampoliving.com\/wp-content\/uploads\/2022\/10\/Rey-Leon-15-1.jpg?resize=1000%2C737&amp;ssl=1\" alt=\"\" class=\"wp-image-142723\" height=\"737\" width=\"1000\"\/><\/figure>\n<\/div>\n\n\n<p><\/p>\n\n\n\n<p>Con&nbsp;incre\u00edbles presentaciones musicales tales como<a href=\"https:\/\/casadecampoliving.com\/es\/stage-estudio-de-arte-una-noche-en-hollywood\/\"> \u201cUna noche en Hollywood\u201d<\/a> en diciembre,&nbsp;un espect\u00e1culo espeluznante en<a href=\"https:\/\/casadecampoliving.com\/es\/noche-de-horror-mansion-simply-haunted-cacique-31\/\"> la mansi\u00f3n Simply Haunted<\/a>, y&nbsp;recientemente complet\u00f3 <a href=\"https:\/\/casadecampoliving.com\/es\/ven-volar-con-stage-estudio-de-arte-y-su-nuevo-taller-de-danza-aerea\/\">un taller de danza a\u00e9rea con Patricia Moll Madera. <\/a>&nbsp;Durante el&nbsp;verano, el estudio est\u00e1 ofreciendo maneras emocionantes para que los bailarines contin\u00faen sus actividades favoritas.<\/p>\n\n\n\n<p>Para empezar, hace un tiempo anunciamos que <a href=\"https:\/\/casadecampoliving.com\/es\/vamos-para-disney-con-stage-con-maletas-este-verano\/\">los bailarines de 8 a\u00f1os en adelante pueden pasar una semana en Estados Unidos a trav\u00e9s de su programa \u201cStage con Maletas\u201d. <\/a>Llame para ver si todav\u00eda hay cupos&nbsp;disponibles y&nbsp;participe en varios talleres en el extranjero. &nbsp;\u00a1Este a\u00f1o ser\u00e1n en Disney!<\/p>\n\n\n<div class=\"wp-block-image\">\n<figure class=\"aligncenter is-resized\"><img loading=\"lazy\" decoding=\"async\" src=\"https:\/\/i0.wp.com\/casadecampoliving.com\/wp-content\/uploads\/2022\/10\/IMG_6438-2.jpg?resize=1000%2C667&amp;ssl=1\" alt=\"\" class=\"wp-image-142724\" height=\"667\" width=\"1000\"\/><\/figure>\n<\/div>\n\n\n<p><\/p>\n\n\n\n<p>Ahora, Stage Estudio de Arte est\u00e1 presentando su campamento de verano, disponible por segundo a\u00f1o, que incluye una variedad de clases de baile: ballet contempor\u00e1neo, jazz, flamenco, hip hop, flexibilidad, \u00a1y m\u00e1s! Tambi\u00e9n ofrecen el primer programa de teatro musical en la regi\u00f3n con&nbsp;canto, el baile y la actuaci\u00f3n.<\/p>\n\n\n\n<p>El campamento de verano est\u00e1 dirigido a ni\u00f1os a partir de los 3 a\u00f1os y se divide en dos formatos: ni\u00f1os y ni\u00f1as 3-11 a\u00f1os de 8:30 am a 12:30 pm, y para adolescentes de 12 a\u00f1os + tienen un formato intensivo de verano a partir de las 4:00 pm \u2013 7:00 pm. Ambos se ofrecer\u00e1n de lunes a viernes, 12 de junio \u2013 14 de julio. Adem\u00e1s, prep\u00e1rate para un toque diferente&nbsp;para este a\u00f1o, cada viernes tendr\u00e1 un tema diferente \u2013 \u00a1Circo, Magia, Moda e incluso un d\u00eda de Pijama!<\/p>\n\n\n\n<p class=\"has-text-align-center\"><iframe loading=\"lazy\" style=\"border: none; overflow: hidden;\" src=\"https:\/\/www.facebook.com\/plugins\/video.php?href=https%3A%2F%2Fwww.facebook.com%2FStage.estudiodearte%2Fvideos%2F1390513104376642%2F&amp;show_text=1&amp;width=750\" width=\"750\" height=\"550\" frameborder=\"0\" scrolling=\"no\" data-mce-fragment=\"1\"><\/iframe><\/p>\n\n\n\n<p>Alicia Campillo trabaja arduamente&nbsp;para ofrecer a sus estudiantes las mejores y m\u00e1s modernas t\u00e9cnicas en el mundo de las artes esc\u00e9nicas. Stage Estudio de Arte tambi\u00e9n prepara coreograf\u00edas para bodas, cumplea\u00f1os y otros eventos sociales o de negocios. \u00a1Arriba est\u00e1 un video de su ensayo para una pr\u00f3xima presentaci\u00f3n de verano el 23 de junio en Multiplaza La Romana!<\/p>\n\n\n\n<p>Deje que sus hijos se expresen usando las herramientas y la gu\u00eda que Stage Estudio de Arte proporciona, siguiendo su lema:<em> Y t\u00fa \u2026 \u00bfpor qu\u00e9 bailas?<\/em>&nbsp;\u00a1Ll\u00e1malos hoy e inscriba a sus hijos para que puedan tener un verano inolvidable!<\/p>\n\n\n\n<blockquote><h3>Campamento de Verano Stage Estudio de Arte&nbsp;<\/h3><figure><img decoding=\"async\" loading=\"lazy\" class=\"aligncenter wp-image-142721\" src=\"https:\/\/i0.wp.com\/casadecampoliving.com\/wp-content\/uploads\/2022\/10\/WhatsApp-Image-2017-05-30-at-14.57.56.jpeg?resize=850%2C850&amp;ssl=1\" alt=\"\" width=\"850\" height=\"850\"><\/figure><p><strong>Cu\u00e1ndo:<\/strong> Lunes a viernes, 12 de junio \u2013 14 de julio<\/p><p><strong>D\u00f3nde:<\/strong> Stage Art Studio, Calle Gregorio Luper\u00f3n, Plaza Panatlantic, Local 10, en La Romana (La calle justo antes de La Casita y Crema)<\/p><p><em><strong>Ni\u00f1os y ni\u00f1as 3-11 a\u00f1os de edad<\/strong><\/em><\/p><p><strong>Horario:<\/strong> 8:30 am \u2013 12:30 pm<\/p><p><strong>Clases disponibles:<\/strong> Teatro Musical, Acrob\u00e1tico, T\u00edteres y artesan\u00edas, Danza: Jazz, Hip-Hop, Ballet, Flamenco, breakdance y m\u00e1s<\/p><p><em><strong>Para adolescentes, 12 a\u00f1os +<\/strong><\/em><\/p><p>Curso intensivo de verano<\/p><p><strong>Horario:<\/strong> 4:00 pm \u2013 7:00 pm<\/p><p><strong>Clases disponibles:<\/strong> Teatro Musical, Acrobacia, Danza: Jazz, Hip-Hop, Ballet, Flamenco, Fuerza y \u200b\u200bFlexibilidad, Contempor\u00e1neo, Dance Hall y m\u00e1s<\/p><p><strong>Costo:<\/strong> Pago semanal o mensual<\/p><p><strong>Una semana:<\/strong> RD $ 1,500<\/p><p><strong>Un mes:<\/strong> RD $ 5,500<\/p><p><strong>5 Semanas:<\/strong> RD $ 6,500<\/p><p style=\"text-align: justify;\"><b>Contacto:<\/b> Alicia Campillo at (809) 869.8483<\/p><p style=\"text-align: justify;\"><b>Instagram:<\/b><a href=\"https:\/\/www.instagram.com\/stage.estudiodearte\/\"><span style=\"font-weight: 400;\">@Stage.estudiodearte <\/span><\/a><span style=\"font-weight: 400;\">and <\/span><a href=\"https:\/\/www.instagram.com\/stage_rd\/\"><span style=\"font-weight: 400;\">@stage_rd<\/span><\/a><\/p><p style=\"text-align: justify;\"><b>Facebook:<\/b><a href=\"https:\/\/www.facebook.com\/Stage.estudiodearte\/\"><span style=\"font-weight: 400;\">Stage Estudio de Arte<\/span><\/a><\/p><p style=\"text-align: justify;\"><a href=\"https:\/\/www.facebook.com\/Stage-Intensivo-de-danza-y-espectaculo-355477374612511\/?fref=ts\"><span style=\"font-weight: 400;\">Stage Intensivo de Danza y espectaculo<\/span><\/a><\/p><p style=\"text-align: justify;\"><b>Email: <\/b><span style=\"font-weight: 400;\">stage.estudiodearte@gmail.com<\/span><\/p><\/blockquote>\n","protected":false},"excerpt":{"rendered":"<p>Stage Estudio de Arte ha preparado el campamento de verano ideal para que los j\u00f3venes se expresen a trav\u00e9s de las artes esc\u00e9nicas. Justo a las afueras de Casa de Campo en La Romana sus hijos podr\u00e1n descubrir cualquier talento escondido que puedan tener \u00a1o trabajar en los que ya tienen! Ense\u00f1ados por un grupo [&hellip;]<\/p>\n","protected":false},"author":36682,"featured_media":298823,"comment_status":"closed","ping_status":"closed","sticky":false,"template":"","format":"standard","meta":{"newspack_ads_suppress_ads":false,"newspack_popups_has_disabled_popups":false,"newspack_sponsor_sponsorship_scope":"","newspack_sponsor_native_byline_display":"inherit","newspack_sponsor_native_category_display":"inherit","newspack_sponsor_underwriter_style":"inherit","newspack_sponsor_underwriter_placement":"inherit","_newspack_byline_active":false,"_newspack_byline":"","newspack_hide_updated_date":false,"newspack_show_updated_date":false,"newspack_content_restriction_is_exempt":false,"newspack_featured_image_position":"","newspack_post_subtitle":"","newspack_article_summary_title":"Overview:","newspack_article_summary":"","_jetpack_memberships_contains_paid_content":false,"footnotes":"","jetpack_publicize_message":"","jetpack_publicize_feature_enabled":true,"jetpack_social_post_already_shared":false,"jetpack_social_options":{"image_generator_settings":{"template":"highway","default_image_id":0,"font":"","enabled":false},"version":2},"_wpas_customize_per_network":false},"categories":[2525,14631,2522,2506,14627,2521,2527],"tags":[14399,2916,4538,2559,18189,12314,18932,14542,8676,18185],"newspack_spnsrs_tax":[],"class_list":["post-351586","post","type-post","status-publish","format-standard","has-post-thumbnail","hentry","category-golf-deportes-es","category-estilo-de-vida","category-eventos-es","category-mas-alla-de-casa-es","category-proximamente","category-republica-dominicana-2","category-salud","tag-adolescentes","tag-baile","tag-campamento-de-verano","tag-cine","tag-hip-hop-es","tag-jazz-es","tag-la-romana-es-4","tag-la-romana-es","tag-ninos","tag-stage-estudio-de-arte","entry"],"yoast_head":"<!-- This site is optimized with the Yoast SEO plugin v27.4 - https:\/\/yoast.com\/product\/yoast-seo-wordpress\/ -->\n<title>\u00a1Stage Estudio de Arte tiene el campamento de verano perfecto para sus hijos! | Casa de Campo Living<\/title>\n<meta name=\"description\" content=\"Stage Estudio de Arte ha preparado el campamento de verano ideal para que los j\u00f3venes se expresen a trav\u00e9s de las artes esc\u00e9nicas. Justo a las afueras de\" \/>\n<meta name=\"robots\" content=\"index, follow, max-snippet:-1, max-image-preview:large, max-video-preview:-1\" \/>\n<link rel=\"canonical\" href=\"https:\/\/casadecampoliving.com\/es\/stage-estudio-de-arte-tiene-el-campamento-de-verano-perfecto-para-sus-hijos\/\" \/>\n<meta property=\"og:locale\" content=\"es_ES\" \/>\n<meta property=\"og:type\" content=\"article\" \/>\n<meta property=\"og:title\" content=\"\u00a1Stage Estudio de Arte tiene el campamento de verano perfecto para sus hijos! | Casa de Campo Living\" \/>\n<meta property=\"og:description\" content=\"Stage Estudio de Arte ha preparado el campamento de verano ideal para que los j\u00f3venes se expresen a trav\u00e9s de las artes esc\u00e9nicas. Justo a las afueras de\" \/>\n<meta property=\"og:url\" content=\"https:\/\/casadecampoliving.com\/es\/stage-estudio-de-arte-tiene-el-campamento-de-verano-perfecto-para-sus-hijos\/\" \/>\n<meta property=\"og:site_name\" content=\"Casa de Campo Living\" \/>\n<meta property=\"article:publisher\" content=\"https:\/\/www.facebook.com\/casadecampoliving\" \/>\n<meta property=\"article:published_time\" content=\"2017-06-08T04:00:00+00:00\" \/>\n<meta property=\"article:modified_time\" content=\"2022-10-21T23:05:58+00:00\" \/>\n<meta property=\"og:image\" content=\"https:\/\/i0.wp.com\/casadecampoliving.com\/wp-content\/uploads\/2022\/10\/IMG_2459-e1496937878174.jpg?fit=1000%2C667&ssl=1\" \/>\n\t<meta property=\"og:image:width\" content=\"1000\" \/>\n\t<meta property=\"og:image:height\" content=\"667\" \/>\n\t<meta property=\"og:image:type\" content=\"image\/jpeg\" \/>\n<meta name=\"author\" content=\"Marlenys Guzm\u00e1n Casta\u00f1os\" \/>\n<meta name=\"twitter:card\" content=\"summary_large_image\" \/>\n<meta name=\"twitter:creator\" content=\"@cdcliving\" \/>\n<meta name=\"twitter:site\" content=\"@cdcliving\" \/>\n<meta name=\"twitter:label1\" content=\"Escrito por\" \/>\n\t<meta name=\"twitter:data1\" content=\"Marlenys Guzm\u00e1n Casta\u00f1os\" \/>\n\t<meta name=\"twitter:label2\" content=\"Tiempo de lectura\" \/>\n\t<meta name=\"twitter:data2\" content=\"3 minutos\" \/>\n<script type=\"application\/ld+json\" class=\"yoast-schema-graph\">{\"@context\":\"https:\\\/\\\/schema.org\",\"@graph\":[{\"@type\":\"Article\",\"@id\":\"https:\\\/\\\/casadecampoliving.com\\\/es\\\/stage-estudio-de-arte-tiene-el-campamento-de-verano-perfecto-para-sus-hijos\\\/#article\",\"isPartOf\":{\"@id\":\"https:\\\/\\\/casadecampoliving.com\\\/es\\\/stage-estudio-de-arte-tiene-el-campamento-de-verano-perfecto-para-sus-hijos\\\/\"},\"author\":{\"name\":\"Marlenys Guzm\u00e1n Casta\u00f1os\",\"@id\":\"https:\\\/\\\/casadecampoliving.com\\\/es\\\/#\\\/schema\\\/person\\\/b6606bd87f9cec8f5903e2141cafda24\"},\"headline\":\"\u00a1Stage Estudio de Arte tiene el campamento de verano perfecto para sus hijos!\",\"datePublished\":\"2017-06-08T04:00:00+00:00\",\"dateModified\":\"2022-10-21T23:05:58+00:00\",\"mainEntityOfPage\":{\"@id\":\"https:\\\/\\\/casadecampoliving.com\\\/es\\\/stage-estudio-de-arte-tiene-el-campamento-de-verano-perfecto-para-sus-hijos\\\/\"},\"wordCount\":618,\"publisher\":{\"@id\":\"https:\\\/\\\/casadecampoliving.com\\\/es\\\/#organization\"},\"image\":{\"@id\":\"https:\\\/\\\/casadecampoliving.com\\\/es\\\/stage-estudio-de-arte-tiene-el-campamento-de-verano-perfecto-para-sus-hijos\\\/#primaryimage\"},\"thumbnailUrl\":\"https:\\\/\\\/i0.wp.com\\\/casadecampoliving.com\\\/wp-content\\\/uploads\\\/2022\\\/10\\\/IMG_2459-e1496937878174.jpg?fit=1000%2C667&ssl=1\",\"keywords\":[\"Adolescentes\",\"baile\",\"campamento de verano\",\"cine\",\"hip hop @Es\",\"Jazz @es\",\"La Romana\",\"La Romana @es\",\"ni\u00f1os\",\"Stage Estudio de Arte\"],\"articleSection\":[\"Deportes\",\"Estilo de Vida\",\"Eventos\",\"M\u00e1s all\u00e1 de Casa\",\"Proximamente\",\"Rep\u00fablica Dominicana @es\",\"Salud\"],\"inLanguage\":\"es\"},{\"@type\":\"WebPage\",\"@id\":\"https:\\\/\\\/casadecampoliving.com\\\/es\\\/stage-estudio-de-arte-tiene-el-campamento-de-verano-perfecto-para-sus-hijos\\\/\",\"url\":\"https:\\\/\\\/casadecampoliving.com\\\/es\\\/stage-estudio-de-arte-tiene-el-campamento-de-verano-perfecto-para-sus-hijos\\\/\",\"name\":\"\u00a1Stage Estudio de Arte tiene el campamento de verano perfecto para sus hijos! | Casa de Campo Living\",\"isPartOf\":{\"@id\":\"https:\\\/\\\/casadecampoliving.com\\\/es\\\/#website\"},\"primaryImageOfPage\":{\"@id\":\"https:\\\/\\\/casadecampoliving.com\\\/es\\\/stage-estudio-de-arte-tiene-el-campamento-de-verano-perfecto-para-sus-hijos\\\/#primaryimage\"},\"image\":{\"@id\":\"https:\\\/\\\/casadecampoliving.com\\\/es\\\/stage-estudio-de-arte-tiene-el-campamento-de-verano-perfecto-para-sus-hijos\\\/#primaryimage\"},\"thumbnailUrl\":\"https:\\\/\\\/i0.wp.com\\\/casadecampoliving.com\\\/wp-content\\\/uploads\\\/2022\\\/10\\\/IMG_2459-e1496937878174.jpg?fit=1000%2C667&ssl=1\",\"datePublished\":\"2017-06-08T04:00:00+00:00\",\"dateModified\":\"2022-10-21T23:05:58+00:00\",\"description\":\"Stage Estudio de Arte ha preparado el campamento de verano ideal para que los j\u00f3venes se expresen a trav\u00e9s de las artes esc\u00e9nicas. Justo a las afueras de\",\"breadcrumb\":{\"@id\":\"https:\\\/\\\/casadecampoliving.com\\\/es\\\/stage-estudio-de-arte-tiene-el-campamento-de-verano-perfecto-para-sus-hijos\\\/#breadcrumb\"},\"inLanguage\":\"es\",\"potentialAction\":[{\"@type\":\"ReadAction\",\"target\":[\"https:\\\/\\\/casadecampoliving.com\\\/es\\\/stage-estudio-de-arte-tiene-el-campamento-de-verano-perfecto-para-sus-hijos\\\/\"]}]},{\"@type\":\"ImageObject\",\"inLanguage\":\"es\",\"@id\":\"https:\\\/\\\/casadecampoliving.com\\\/es\\\/stage-estudio-de-arte-tiene-el-campamento-de-verano-perfecto-para-sus-hijos\\\/#primaryimage\",\"url\":\"https:\\\/\\\/i0.wp.com\\\/casadecampoliving.com\\\/wp-content\\\/uploads\\\/2022\\\/10\\\/IMG_2459-e1496937878174.jpg?fit=1000%2C667&ssl=1\",\"contentUrl\":\"https:\\\/\\\/i0.wp.com\\\/casadecampoliving.com\\\/wp-content\\\/uploads\\\/2022\\\/10\\\/IMG_2459-e1496937878174.jpg?fit=1000%2C667&ssl=1\",\"width\":1000,\"height\":667},{\"@type\":\"BreadcrumbList\",\"@id\":\"https:\\\/\\\/casadecampoliving.com\\\/es\\\/stage-estudio-de-arte-tiene-el-campamento-de-verano-perfecto-para-sus-hijos\\\/#breadcrumb\",\"itemListElement\":[{\"@type\":\"ListItem\",\"position\":1,\"name\":\"Home\",\"item\":\"https:\\\/\\\/casadecampoliving.com\\\/es\\\/\"},{\"@type\":\"ListItem\",\"position\":2,\"name\":\"\u00a1Stage Estudio de Arte tiene el campamento de verano perfecto para sus hijos!\"}]},{\"@type\":\"WebSite\",\"@id\":\"https:\\\/\\\/casadecampoliving.com\\\/es\\\/#website\",\"url\":\"https:\\\/\\\/casadecampoliving.com\\\/es\\\/\",\"name\":\"Casa de Campo Living\",\"description\":\"Resort community news and resources.\",\"publisher\":{\"@id\":\"https:\\\/\\\/casadecampoliving.com\\\/es\\\/#organization\"},\"potentialAction\":[{\"@type\":\"SearchAction\",\"target\":{\"@type\":\"EntryPoint\",\"urlTemplate\":\"https:\\\/\\\/casadecampoliving.com\\\/es\\\/?s={search_term_string}\"},\"query-input\":{\"@type\":\"PropertyValueSpecification\",\"valueRequired\":true,\"valueName\":\"search_term_string\"}}],\"inLanguage\":\"es\"},{\"@type\":\"Organization\",\"@id\":\"https:\\\/\\\/casadecampoliving.com\\\/es\\\/#organization\",\"name\":\"Casa de Campo Living\",\"url\":\"https:\\\/\\\/casadecampoliving.com\\\/es\\\/\",\"logo\":{\"@type\":\"ImageObject\",\"inLanguage\":\"es\",\"@id\":\"https:\\\/\\\/casadecampoliving.com\\\/es\\\/#\\\/schema\\\/logo\\\/image\\\/\",\"url\":\"https:\\\/\\\/i0.wp.com\\\/casadecampoliving.com\\\/wp-content\\\/uploads\\\/2022\\\/07\\\/CDCLivingLogo_V1-white-sized.png?fit=800%2C214&ssl=1\",\"contentUrl\":\"https:\\\/\\\/i0.wp.com\\\/casadecampoliving.com\\\/wp-content\\\/uploads\\\/2022\\\/07\\\/CDCLivingLogo_V1-white-sized.png?fit=800%2C214&ssl=1\",\"width\":800,\"height\":214,\"caption\":\"Casa de Campo Living\"},\"image\":{\"@id\":\"https:\\\/\\\/casadecampoliving.com\\\/es\\\/#\\\/schema\\\/logo\\\/image\\\/\"},\"sameAs\":[\"https:\\\/\\\/www.facebook.com\\\/casadecampoliving\",\"https:\\\/\\\/x.com\\\/cdcliving\"]},{\"@type\":\"Person\",\"@id\":\"https:\\\/\\\/casadecampoliving.com\\\/es\\\/#\\\/schema\\\/person\\\/b6606bd87f9cec8f5903e2141cafda24\",\"name\":\"Marlenys Guzm\u00e1n Casta\u00f1os\",\"image\":{\"@type\":\"ImageObject\",\"inLanguage\":\"es\",\"@id\":\"https:\\\/\\\/secure.gravatar.com\\\/avatar\\\/72f3f86b8e6b3ec744201aeadf11d4a6055e8af194aecd9ad30ffff4437878ee?s=96&d=mm&r=g\",\"url\":\"https:\\\/\\\/secure.gravatar.com\\\/avatar\\\/72f3f86b8e6b3ec744201aeadf11d4a6055e8af194aecd9ad30ffff4437878ee?s=96&d=mm&r=g\",\"contentUrl\":\"https:\\\/\\\/secure.gravatar.com\\\/avatar\\\/72f3f86b8e6b3ec744201aeadf11d4a6055e8af194aecd9ad30ffff4437878ee?s=96&d=mm&r=g\",\"caption\":\"Marlenys Guzm\u00e1n Casta\u00f1os\"},\"url\":\"https:\\\/\\\/casadecampoliving.com\\\/es\\\/author\\\/mguzman\\\/\"}]}<\/script>\n<!-- \/ Yoast SEO plugin. -->","yoast_head_json":{"title":"\u00a1Stage Estudio de Arte tiene el campamento de verano perfecto para sus hijos! | Casa de Campo Living","description":"Stage Estudio de Arte ha preparado el campamento de verano ideal para que los j\u00f3venes se expresen a trav\u00e9s de las artes esc\u00e9nicas. Justo a las afueras de","robots":{"index":"index","follow":"follow","max-snippet":"max-snippet:-1","max-image-preview":"max-image-preview:large","max-video-preview":"max-video-preview:-1"},"canonical":"https:\/\/casadecampoliving.com\/es\/stage-estudio-de-arte-tiene-el-campamento-de-verano-perfecto-para-sus-hijos\/","og_locale":"es_ES","og_type":"article","og_title":"\u00a1Stage Estudio de Arte tiene el campamento de verano perfecto para sus hijos! | Casa de Campo Living","og_description":"Stage Estudio de Arte ha preparado el campamento de verano ideal para que los j\u00f3venes se expresen a trav\u00e9s de las artes esc\u00e9nicas. Justo a las afueras de","og_url":"https:\/\/casadecampoliving.com\/es\/stage-estudio-de-arte-tiene-el-campamento-de-verano-perfecto-para-sus-hijos\/","og_site_name":"Casa de Campo Living","article_publisher":"https:\/\/www.facebook.com\/casadecampoliving","article_published_time":"2017-06-08T04:00:00+00:00","article_modified_time":"2022-10-21T23:05:58+00:00","og_image":[{"width":1000,"height":667,"url":"https:\/\/i0.wp.com\/casadecampoliving.com\/wp-content\/uploads\/2022\/10\/IMG_2459-e1496937878174.jpg?fit=1000%2C667&ssl=1","type":"image\/jpeg"}],"author":"Marlenys Guzm\u00e1n Casta\u00f1os","twitter_card":"summary_large_image","twitter_creator":"@cdcliving","twitter_site":"@cdcliving","twitter_misc":{"Escrito por":"Marlenys Guzm\u00e1n Casta\u00f1os","Tiempo de lectura":"3 minutos"},"schema":{"@context":"https:\/\/schema.org","@graph":[{"@type":"Article","@id":"https:\/\/casadecampoliving.com\/es\/stage-estudio-de-arte-tiene-el-campamento-de-verano-perfecto-para-sus-hijos\/#article","isPartOf":{"@id":"https:\/\/casadecampoliving.com\/es\/stage-estudio-de-arte-tiene-el-campamento-de-verano-perfecto-para-sus-hijos\/"},"author":{"name":"Marlenys Guzm\u00e1n Casta\u00f1os","@id":"https:\/\/casadecampoliving.com\/es\/#\/schema\/person\/b6606bd87f9cec8f5903e2141cafda24"},"headline":"\u00a1Stage Estudio de Arte tiene el campamento de verano perfecto para sus hijos!","datePublished":"2017-06-08T04:00:00+00:00","dateModified":"2022-10-21T23:05:58+00:00","mainEntityOfPage":{"@id":"https:\/\/casadecampoliving.com\/es\/stage-estudio-de-arte-tiene-el-campamento-de-verano-perfecto-para-sus-hijos\/"},"wordCount":618,"publisher":{"@id":"https:\/\/casadecampoliving.com\/es\/#organization"},"image":{"@id":"https:\/\/casadecampoliving.com\/es\/stage-estudio-de-arte-tiene-el-campamento-de-verano-perfecto-para-sus-hijos\/#primaryimage"},"thumbnailUrl":"https:\/\/i0.wp.com\/casadecampoliving.com\/wp-content\/uploads\/2022\/10\/IMG_2459-e1496937878174.jpg?fit=1000%2C667&ssl=1","keywords":["Adolescentes","baile","campamento de verano","cine","hip hop @Es","Jazz @es","La Romana","La Romana @es","ni\u00f1os","Stage Estudio de Arte"],"articleSection":["Deportes","Estilo de Vida","Eventos","M\u00e1s all\u00e1 de Casa","Proximamente","Rep\u00fablica Dominicana @es","Salud"],"inLanguage":"es"},{"@type":"WebPage","@id":"https:\/\/casadecampoliving.com\/es\/stage-estudio-de-arte-tiene-el-campamento-de-verano-perfecto-para-sus-hijos\/","url":"https:\/\/casadecampoliving.com\/es\/stage-estudio-de-arte-tiene-el-campamento-de-verano-perfecto-para-sus-hijos\/","name":"\u00a1Stage Estudio de Arte tiene el campamento de verano perfecto para sus hijos! | Casa de Campo Living","isPartOf":{"@id":"https:\/\/casadecampoliving.com\/es\/#website"},"primaryImageOfPage":{"@id":"https:\/\/casadecampoliving.com\/es\/stage-estudio-de-arte-tiene-el-campamento-de-verano-perfecto-para-sus-hijos\/#primaryimage"},"image":{"@id":"https:\/\/casadecampoliving.com\/es\/stage-estudio-de-arte-tiene-el-campamento-de-verano-perfecto-para-sus-hijos\/#primaryimage"},"thumbnailUrl":"https:\/\/i0.wp.com\/casadecampoliving.com\/wp-content\/uploads\/2022\/10\/IMG_2459-e1496937878174.jpg?fit=1000%2C667&ssl=1","datePublished":"2017-06-08T04:00:00+00:00","dateModified":"2022-10-21T23:05:58+00:00","description":"Stage Estudio de Arte ha preparado el campamento de verano ideal para que los j\u00f3venes se expresen a trav\u00e9s de las artes esc\u00e9nicas. Justo a las afueras de","breadcrumb":{"@id":"https:\/\/casadecampoliving.com\/es\/stage-estudio-de-arte-tiene-el-campamento-de-verano-perfecto-para-sus-hijos\/#breadcrumb"},"inLanguage":"es","potentialAction":[{"@type":"ReadAction","target":["https:\/\/casadecampoliving.com\/es\/stage-estudio-de-arte-tiene-el-campamento-de-verano-perfecto-para-sus-hijos\/"]}]},{"@type":"ImageObject","inLanguage":"es","@id":"https:\/\/casadecampoliving.com\/es\/stage-estudio-de-arte-tiene-el-campamento-de-verano-perfecto-para-sus-hijos\/#primaryimage","url":"https:\/\/i0.wp.com\/casadecampoliving.com\/wp-content\/uploads\/2022\/10\/IMG_2459-e1496937878174.jpg?fit=1000%2C667&ssl=1","contentUrl":"https:\/\/i0.wp.com\/casadecampoliving.com\/wp-content\/uploads\/2022\/10\/IMG_2459-e1496937878174.jpg?fit=1000%2C667&ssl=1","width":1000,"height":667},{"@type":"BreadcrumbList","@id":"https:\/\/casadecampoliving.com\/es\/stage-estudio-de-arte-tiene-el-campamento-de-verano-perfecto-para-sus-hijos\/#breadcrumb","itemListElement":[{"@type":"ListItem","position":1,"name":"Home","item":"https:\/\/casadecampoliving.com\/es\/"},{"@type":"ListItem","position":2,"name":"\u00a1Stage Estudio de Arte tiene el campamento de verano perfecto para sus hijos!"}]},{"@type":"WebSite","@id":"https:\/\/casadecampoliving.com\/es\/#website","url":"https:\/\/casadecampoliving.com\/es\/","name":"Casa de Campo Living","description":"Resort community news and resources.","publisher":{"@id":"https:\/\/casadecampoliving.com\/es\/#organization"},"potentialAction":[{"@type":"SearchAction","target":{"@type":"EntryPoint","urlTemplate":"https:\/\/casadecampoliving.com\/es\/?s={search_term_string}"},"query-input":{"@type":"PropertyValueSpecification","valueRequired":true,"valueName":"search_term_string"}}],"inLanguage":"es"},{"@type":"Organization","@id":"https:\/\/casadecampoliving.com\/es\/#organization","name":"Casa de Campo Living","url":"https:\/\/casadecampoliving.com\/es\/","logo":{"@type":"ImageObject","inLanguage":"es","@id":"https:\/\/casadecampoliving.com\/es\/#\/schema\/logo\/image\/","url":"https:\/\/i0.wp.com\/casadecampoliving.com\/wp-content\/uploads\/2022\/07\/CDCLivingLogo_V1-white-sized.png?fit=800%2C214&ssl=1","contentUrl":"https:\/\/i0.wp.com\/casadecampoliving.com\/wp-content\/uploads\/2022\/07\/CDCLivingLogo_V1-white-sized.png?fit=800%2C214&ssl=1","width":800,"height":214,"caption":"Casa de Campo Living"},"image":{"@id":"https:\/\/casadecampoliving.com\/es\/#\/schema\/logo\/image\/"},"sameAs":["https:\/\/www.facebook.com\/casadecampoliving","https:\/\/x.com\/cdcliving"]},{"@type":"Person","@id":"https:\/\/casadecampoliving.com\/es\/#\/schema\/person\/b6606bd87f9cec8f5903e2141cafda24","name":"Marlenys Guzm\u00e1n Casta\u00f1os","image":{"@type":"ImageObject","inLanguage":"es","@id":"https:\/\/secure.gravatar.com\/avatar\/72f3f86b8e6b3ec744201aeadf11d4a6055e8af194aecd9ad30ffff4437878ee?s=96&d=mm&r=g","url":"https:\/\/secure.gravatar.com\/avatar\/72f3f86b8e6b3ec744201aeadf11d4a6055e8af194aecd9ad30ffff4437878ee?s=96&d=mm&r=g","contentUrl":"https:\/\/secure.gravatar.com\/avatar\/72f3f86b8e6b3ec744201aeadf11d4a6055e8af194aecd9ad30ffff4437878ee?s=96&d=mm&r=g","caption":"Marlenys Guzm\u00e1n Casta\u00f1os"},"url":"https:\/\/casadecampoliving.com\/es\/author\/mguzman\/"}]}},"parsely":{"version":"1.1.0","canonical_url":"https:\/\/casadecampoliving.com\/es\/stage-estudio-de-arte-tiene-el-campamento-de-verano-perfecto-para-sus-hijos\/","smart_links":{"inbound":0,"outbound":0},"traffic_boost_suggestions_count":0,"meta":{"@context":"https:\/\/schema.org","@type":"NewsArticle","headline":"\u00a1Stage Estudio de Arte tiene el campamento de verano perfecto para sus hijos!","url":"http:\/\/casadecampoliving.com\/es\/stage-estudio-de-arte-tiene-el-campamento-de-verano-perfecto-para-sus-hijos\/","mainEntityOfPage":{"@type":"WebPage","@id":"http:\/\/casadecampoliving.com\/es\/stage-estudio-de-arte-tiene-el-campamento-de-verano-perfecto-para-sus-hijos\/"},"thumbnailUrl":"https:\/\/i0.wp.com\/casadecampoliving.com\/wp-content\/uploads\/2022\/10\/IMG_2459-e1496937878174.jpg?resize=150%2C150&ssl=1","image":{"@type":"ImageObject","url":"https:\/\/i0.wp.com\/casadecampoliving.com\/wp-content\/uploads\/2022\/10\/IMG_2459-e1496937878174.jpg?fit=1000%2C667&ssl=1"},"articleSection":"Deportes","author":[{"@type":"Person","name":"Marlenys Guzm\u00e1n Casta\u00f1os"}],"creator":["Marlenys Guzm\u00e1n Casta\u00f1os"],"publisher":{"@type":"Organization","name":"Casa de Campo Living","logo":"https:\/\/casadecampoliving.com\/wp-content\/uploads\/2022\/07\/CDCLivingLogo_V1-white-sized.png"},"keywords":["adolescentes","baile","campamento de verano","cine","hip hop @es","jazz @es","la romana","la romana @es","ni\u00f1os","stage estudio de arte"],"dateCreated":"2017-06-08T04:00:00Z","datePublished":"2017-06-08T04:00:00Z","dateModified":"2022-10-21T23:05:58Z"},"rendered":"<script type=\"application\/ld+json\" class=\"wp-parsely-metadata\">{\"@context\":\"https:\\\/\\\/schema.org\",\"@type\":\"NewsArticle\",\"headline\":\"\\u00a1Stage Estudio de Arte tiene el campamento de verano perfecto para sus hijos!\",\"url\":\"http:\\\/\\\/casadecampoliving.com\\\/es\\\/stage-estudio-de-arte-tiene-el-campamento-de-verano-perfecto-para-sus-hijos\\\/\",\"mainEntityOfPage\":{\"@type\":\"WebPage\",\"@id\":\"http:\\\/\\\/casadecampoliving.com\\\/es\\\/stage-estudio-de-arte-tiene-el-campamento-de-verano-perfecto-para-sus-hijos\\\/\"},\"thumbnailUrl\":\"https:\\\/\\\/i0.wp.com\\\/casadecampoliving.com\\\/wp-content\\\/uploads\\\/2022\\\/10\\\/IMG_2459-e1496937878174.jpg?resize=150%2C150&ssl=1\",\"image\":{\"@type\":\"ImageObject\",\"url\":\"https:\\\/\\\/i0.wp.com\\\/casadecampoliving.com\\\/wp-content\\\/uploads\\\/2022\\\/10\\\/IMG_2459-e1496937878174.jpg?fit=1000%2C667&ssl=1\"},\"articleSection\":\"Deportes\",\"author\":[{\"@type\":\"Person\",\"name\":\"Marlenys Guzm\\u00e1n Casta\\u00f1os\"}],\"creator\":[\"Marlenys Guzm\\u00e1n Casta\\u00f1os\"],\"publisher\":{\"@type\":\"Organization\",\"name\":\"Casa de Campo Living\",\"logo\":\"https:\\\/\\\/casadecampoliving.com\\\/wp-content\\\/uploads\\\/2022\\\/07\\\/CDCLivingLogo_V1-white-sized.png\"},\"keywords\":[\"adolescentes\",\"baile\",\"campamento de verano\",\"cine\",\"hip hop @es\",\"jazz @es\",\"la romana\",\"la romana @es\",\"ni\\u00f1os\",\"stage estudio de arte\"],\"dateCreated\":\"2017-06-08T04:00:00Z\",\"datePublished\":\"2017-06-08T04:00:00Z\",\"dateModified\":\"2022-10-21T23:05:58Z\"}<\/script>","tracker_url":"https:\/\/cdn.parsely.com\/keys\/casadecampoliving.com\/p.js"},"jetpack_publicize_connections":[],"jetpack_featured_media_url":"https:\/\/i0.wp.com\/casadecampoliving.com\/wp-content\/uploads\/2022\/10\/IMG_2459-e1496937878174.jpg?fit=1000%2C667&ssl=1","jetpack-related-posts":[{"id":349912,"url":"https:\/\/casadecampoliving.com\/es\/artes-escenicas-stage-estudio-de-arte\/","url_meta":{"origin":351586,"position":0},"title":"Deje que su hijo descubra sus talentos este verano en Stage Estudio de Arte.","author":"Marlenys Guzm\u00e1n Casta\u00f1os","date":"1 Jun, 2016","format":false,"excerpt":"Este verano hay numerosas opciones para sus hijos, como ASA, La Vecindad, Casa de Campo programas familiares, Camp Frost, la FCBEscola, y ahora le traemos otra opci\u00f3n fuera de Casa en La Romana. Stage Estudio de Arte ha preparado un campamento para los m\u00e1s j\u00f3venes a expresarse a trav\u00e9s de\u2026","rel":"","context":"En \u00abArte y cultura\u00bb","block_context":{"text":"Arte y cultura","link":"https:\/\/casadecampoliving.com\/category\/arte-y-cultura\/"},"img":{"alt_text":"Featured Image Stage Summer Camp","src":"https:\/\/i0.wp.com\/casadecampoliving.com\/wp-content\/uploads\/2022\/10\/Featured-Image-Stage-Summer-Camp.jpg?fit=640%2C427&ssl=1&resize=350%2C200","width":350,"height":200,"srcset":"https:\/\/i0.wp.com\/casadecampoliving.com\/wp-content\/uploads\/2022\/10\/Featured-Image-Stage-Summer-Camp.jpg?fit=640%2C427&ssl=1&resize=350%2C200 1x, https:\/\/i0.wp.com\/casadecampoliving.com\/wp-content\/uploads\/2022\/10\/Featured-Image-Stage-Summer-Camp.jpg?fit=640%2C427&ssl=1&resize=525%2C300 1.5x"},"classes":[]},{"id":351699,"url":"https:\/\/casadecampoliving.com\/es\/stage-estudio-de-arte-trae-magia-multiplaza-la-romana\/","url_meta":{"origin":351586,"position":1},"title":"Stage Estudio de Arte trae m\u00e1gia a Multiplaza La Romana","author":"Heather Lincoln","date":"7 Jul, 2017","format":false,"excerpt":"Stage Estudio de Arte hizo una aparici\u00f3n en Multiplaza La Romana hace un par de semanas como parte de los invitados especiales del centro comercial para presentar sus actividades de verano. El grupo de danza local, que a finales de este mes estar\u00e1 dirigi\u00e9ndose a Disney para \"Stage con Maletas\",\u2026","rel":"","context":"En \u00abM\u00e1s all\u00e1 de Casa\u00bb","block_context":{"text":"M\u00e1s all\u00e1 de Casa","link":"https:\/\/casadecampoliving.com\/es\/category\/mas-alla-de-casa-es\/"},"img":{"alt_text":"Stage Art Studio at Multiplaza La Romana","src":"https:\/\/i0.wp.com\/casadecampoliving.com\/wp-content\/uploads\/2022\/10\/Stage_Art_Studio_Multiplaza04-e1499438062408.jpg?fit=1000%2C600&ssl=1&resize=350%2C200","width":350,"height":200,"srcset":"https:\/\/i0.wp.com\/casadecampoliving.com\/wp-content\/uploads\/2022\/10\/Stage_Art_Studio_Multiplaza04-e1499438062408.jpg?fit=1000%2C600&ssl=1&resize=350%2C200 1x, https:\/\/i0.wp.com\/casadecampoliving.com\/wp-content\/uploads\/2022\/10\/Stage_Art_Studio_Multiplaza04-e1499438062408.jpg?fit=1000%2C600&ssl=1&resize=525%2C300 1.5x, https:\/\/i0.wp.com\/casadecampoliving.com\/wp-content\/uploads\/2022\/10\/Stage_Art_Studio_Multiplaza04-e1499438062408.jpg?fit=1000%2C600&ssl=1&resize=700%2C400 2x"},"classes":[]},{"id":351667,"url":"https:\/\/casadecampoliving.com\/es\/guia-de-campamentos-de-verano-2017\/","url_meta":{"origin":351586,"position":2},"title":"Gu\u00eda de Campamentos de Verano dentro y cerca de Casa de Campo 2017","author":"Heather Lincoln","date":"28 Jun, 2017","format":false,"excerpt":"La escuela ya termin\u00f3 y el verano est\u00e1 aqu\u00ed \u2014 esto solo significa una sola cosa \u00a1sus hijos est\u00e1n listos para el campamento! Este \u00e1\u00f1o, hay muchas opciones en Casa de Campo y hay algo para cada edad, inter\u00e9s y presupuesto. Sin importar cual elija estamos seguros de que sus\u2026","rel":"","context":"En \u00abAltos de Chavon @es\u00bb","block_context":{"text":"Altos de Chavon @es","link":"https:\/\/casadecampoliving.com\/category\/altos-de-chavon-es\/"},"img":{"alt_text":"Featured Image Summer Camps Guide","src":"https:\/\/i0.wp.com\/casadecampoliving.com\/wp-content\/uploads\/2022\/10\/Featured-Image-Summer-Camps-Guide.jpg?fit=1000%2C600&ssl=1&resize=350%2C200","width":350,"height":200,"srcset":"https:\/\/i0.wp.com\/casadecampoliving.com\/wp-content\/uploads\/2022\/10\/Featured-Image-Summer-Camps-Guide.jpg?fit=1000%2C600&ssl=1&resize=350%2C200 1x, https:\/\/i0.wp.com\/casadecampoliving.com\/wp-content\/uploads\/2022\/10\/Featured-Image-Summer-Camps-Guide.jpg?fit=1000%2C600&ssl=1&resize=525%2C300 1.5x, https:\/\/i0.wp.com\/casadecampoliving.com\/wp-content\/uploads\/2022\/10\/Featured-Image-Summer-Camps-Guide.jpg?fit=1000%2C600&ssl=1&resize=700%2C400 2x"},"classes":[]},{"id":354400,"url":"https:\/\/casadecampoliving.com\/es\/el-campamento-de-verano-2022-del-programa-familiar-de-casa-de-campo-esta-de-regreso-y-comienza-este-mes\/","url_meta":{"origin":351586,"position":3},"title":"\u00a1El Campamento de Verano 2022 del Programa Familiar de Casa de Campo est\u00e1 de regreso y comienza este mes!","author":"Casa de Campo Living","date":"6 Jun, 2022","format":false,"excerpt":"\u00a1Esta es la \u00faltima semana de clases y las vacaciones de verano se acercan r\u00e1pidamente! Despu\u00e9s de un par de a\u00f1os de no poder abrir su campamento de verano, este a\u00f1o Casa de Campo tiene muchas actividades para ni\u00f1os de todas las edades, \u00a1para que los padres tambi\u00e9n puedan disfrutar\u2026","rel":"","context":"En \u00abCasa de Campo Living @es\u00bb","block_context":{"text":"Casa de Campo Living @es","link":"https:\/\/casadecampoliving.com\/category\/casa-de-campo-living-es\/"},"img":{"alt_text":"","src":"https:\/\/i0.wp.com\/casadecampoliving.com\/wp-content\/uploads\/2022\/10\/Casa-de-Campo-Summer-Camp-2022-1.jpg?fit=1000%2C669&ssl=1&resize=350%2C200","width":350,"height":200,"srcset":"https:\/\/i0.wp.com\/casadecampoliving.com\/wp-content\/uploads\/2022\/10\/Casa-de-Campo-Summer-Camp-2022-1.jpg?fit=1000%2C669&ssl=1&resize=350%2C200 1x, https:\/\/i0.wp.com\/casadecampoliving.com\/wp-content\/uploads\/2022\/10\/Casa-de-Campo-Summer-Camp-2022-1.jpg?fit=1000%2C669&ssl=1&resize=525%2C300 1.5x, https:\/\/i0.wp.com\/casadecampoliving.com\/wp-content\/uploads\/2022\/10\/Casa-de-Campo-Summer-Camp-2022-1.jpg?fit=1000%2C669&ssl=1&resize=700%2C400 2x"},"classes":[]},{"id":350032,"url":"https:\/\/casadecampoliving.com\/es\/campamentos-de-verano-chavon\/","url_meta":{"origin":351586,"position":4},"title":"\u00a1Excelentes campamentos de verano para sus adolescentes llenos de creatividad y arte en la Escuela de Arte de Chav\u00f3n!","author":"Marlenys Guzm\u00e1n Casta\u00f1os","date":"22 Jun, 2016","format":false,"excerpt":"La Escuela de Dise\u00f1o de Altos de Chav\u00f3n, estara realizando campamentos de verano para adolescentes en su campus de La Romana. Si usted tiene un adolescente que le gustar\u00eda pulir sus habilidades art\u00edsticas o aprender nuevas t\u00e9cnicas, \u00a1aqu\u00ed est\u00e1 su oportunidad de inscrib\u00edrlos en un campamento de verano aqu\u00ed en\u2026","rel":"","context":"En \u00abAltos de Chavon @es\u00bb","block_context":{"text":"Altos de Chavon @es","link":"https:\/\/casadecampoliving.com\/category\/altos-de-chavon-es\/"},"img":{"alt_text":"Featured Image Chavon Teens Summer Camp","src":"https:\/\/i0.wp.com\/casadecampoliving.com\/wp-content\/uploads\/2022\/10\/Featured-Image-Chavon-Teens-Summer-Camp.jpg?fit=1000%2C600&ssl=1&resize=350%2C200","width":350,"height":200,"srcset":"https:\/\/i0.wp.com\/casadecampoliving.com\/wp-content\/uploads\/2022\/10\/Featured-Image-Chavon-Teens-Summer-Camp.jpg?fit=1000%2C600&ssl=1&resize=350%2C200 1x, https:\/\/i0.wp.com\/casadecampoliving.com\/wp-content\/uploads\/2022\/10\/Featured-Image-Chavon-Teens-Summer-Camp.jpg?fit=1000%2C600&ssl=1&resize=525%2C300 1.5x, https:\/\/i0.wp.com\/casadecampoliving.com\/wp-content\/uploads\/2022\/10\/Featured-Image-Chavon-Teens-Summer-Camp.jpg?fit=1000%2C600&ssl=1&resize=700%2C400 2x"},"classes":[]},{"id":353483,"url":"https:\/\/casadecampoliving.com\/es\/casa-de-campos-family-program-summer-camp-starts-this-month-2\/","url_meta":{"origin":351586,"position":5},"title":"\u00a1El Campamento de verano del departamento de Family Programs de Casa de Campo comienza este mes!","author":"Amy Mal","date":"11 Jun, 2019","format":false,"excerpt":"\u00a1Esta es la \u00faltima semana de clases y las vacaciones de verano se acercan r\u00e1pidamente! Ya hace calor aqu\u00ed en la Rep\u00fablica Dominicana, \u00a1pero es el clima perfecto para distintas actividades al aire libre como un campamento de verano! Ahora es el momento para que los padres seleccionar los programas\u2026","rel":"","context":"En \u00abAltos de Chavon @es\u00bb","block_context":{"text":"Altos de Chavon @es","link":"https:\/\/casadecampoliving.com\/category\/altos-de-chavon-es\/"},"img":{"alt_text":"","src":"https:\/\/i0.wp.com\/casadecampoliving.com\/wp-content\/uploads\/2022\/10\/DSC_7760-3-1000x600-1.jpg?fit=1000%2C600&ssl=1&resize=350%2C200","width":350,"height":200,"srcset":"https:\/\/i0.wp.com\/casadecampoliving.com\/wp-content\/uploads\/2022\/10\/DSC_7760-3-1000x600-1.jpg?fit=1000%2C600&ssl=1&resize=350%2C200 1x, https:\/\/i0.wp.com\/casadecampoliving.com\/wp-content\/uploads\/2022\/10\/DSC_7760-3-1000x600-1.jpg?fit=1000%2C600&ssl=1&resize=525%2C300 1.5x, https:\/\/i0.wp.com\/casadecampoliving.com\/wp-content\/uploads\/2022\/10\/DSC_7760-3-1000x600-1.jpg?fit=1000%2C600&ssl=1&resize=700%2C400 2x"},"classes":[]}],"jetpack_sharing_enabled":true,"_links":{"self":[{"href":"https:\/\/casadecampoliving.com\/es\/wp-json\/wp\/v2\/posts\/351586","targetHints":{"allow":["GET"]}}],"collection":[{"href":"https:\/\/casadecampoliving.com\/es\/wp-json\/wp\/v2\/posts"}],"about":[{"href":"https:\/\/casadecampoliving.com\/es\/wp-json\/wp\/v2\/types\/post"}],"author":[{"embeddable":true,"href":"https:\/\/casadecampoliving.com\/es\/wp-json\/wp\/v2\/users\/36682"}],"replies":[{"embeddable":true,"href":"https:\/\/casadecampoliving.com\/es\/wp-json\/wp\/v2\/comments?post=351586"}],"version-history":[{"count":1,"href":"https:\/\/casadecampoliving.com\/es\/wp-json\/wp\/v2\/posts\/351586\/revisions"}],"predecessor-version":[{"id":351587,"href":"https:\/\/casadecampoliving.com\/es\/wp-json\/wp\/v2\/posts\/351586\/revisions\/351587"}],"wp:featuredmedia":[{"embeddable":true,"href":"https:\/\/casadecampoliving.com\/es\/wp-json\/wp\/v2\/media\/298823"}],"wp:attachment":[{"href":"https:\/\/casadecampoliving.com\/es\/wp-json\/wp\/v2\/media?parent=351586"}],"wp:term":[{"taxonomy":"category","embeddable":true,"href":"https:\/\/casadecampoliving.com\/es\/wp-json\/wp\/v2\/categories?post=351586"},{"taxonomy":"post_tag","embeddable":true,"href":"https:\/\/casadecampoliving.com\/es\/wp-json\/wp\/v2\/tags?post=351586"},{"taxonomy":"newspack_spnsrs_tax","embeddable":true,"href":"https:\/\/casadecampoliving.com\/es\/wp-json\/wp\/v2\/newspack_spnsrs_tax?post=351586"}],"curies":[{"name":"wp","href":"https:\/\/api.w.org\/{rel}","templated":true}]}}