{"id":351557,"date":"2017-05-31T00:00:00","date_gmt":"2017-05-31T04:00:00","guid":{"rendered":"https:\/\/casadecampoliving.com\/los-talleres-de-verano-internacional-de-chavon-escuela-de-diseno-comienzan-en-julio\/"},"modified":"2022-10-21T19:04:20","modified_gmt":"2022-10-21T23:04:20","slug":"los-talleres-de-verano-internacional-de-chavon-escuela-de-diseno-comienzan-en-julio","status":"publish","type":"post","link":"https:\/\/casadecampoliving.com\/es\/los-talleres-de-verano-internacional-de-chavon-escuela-de-diseno-comienzan-en-julio\/","title":{"rendered":"\u00a1Los talleres de Verano Internacional de Chav\u00f3n Escuela de Dise\u00f1o comienzan en julio!"},"content":{"rendered":"\n<p>\u00a1La Escuela de Dise\u00f1o Altos de Chav\u00f3n abre de nuevo sus puertas para todos los que quieran explorar su creatividad este verano! Los cursos se desarrollan durante todo el verano, con el primero comenzando el 26 de junio y el \u00faltimo la primera semana de agosto. Una amplia gama de cursos est\u00e1 disponible desde dibujo, cine, fotograf\u00eda, \u00a1e incluso museolog\u00eda!<br>\n<\/p>\n\n\n\n<!--more-->\n\n\n\n<p>Ya sea que usted est\u00e1 buscando mejorar su conjunto de habilidades o simplemente aprender algo nuevo, los cursos \u201cVerano Internacional\u201d ofrecen un enfoque t\u00e9cnico intensivo en un corto per\u00edodo de tiempo. Cada curso dura desde 3 d\u00edas a 1 semana, con excelentes profesores que son todos profesionales en sus industrias, \u00a1y son impartidos aqu\u00ed en Altos de Chav\u00f3n!<\/p>\n\n\n<div class=\"wp-block-image\">\n<figure class=\"aligncenter is-resized\"><img loading=\"lazy\" decoding=\"async\" src=\"https:\/\/i0.wp.com\/casadecampoliving.com\/wp-content\/uploads\/2022\/10\/IMG_9582-scaled.jpg?resize=1000%2C667&amp;ssl=1\" alt=\"\" class=\"wp-image-142345\" height=\"667\" width=\"1000\"\/><\/figure>\n<\/div>\n\n\n<p>Le animamos a ver el <a href=\"https:\/\/casadecampoliving-wp.s3-accelerate.amazonaws.com\/2017\/05\/Summer_P.pdf\">calendario completo de los cursos aqu\u00ed<\/a> y considerar revivir el artista en usted. Si est\u00e1 interesado en Museolog\u00eda, aprender\u00e1 sobre estudios de museos, curadur\u00eda y exposiciones de arte. Los muse\u00f3logos tambi\u00e9n organizan las exhibici\u00f3nes de artefactos y conducen programas educativos y cursos de capacitaci\u00f3n \u2013 todas estas \u00e1reas ser\u00e1n exploradas en cuatro cursos muy interesantes que tendr\u00e1n lugar durante el verano.<\/p>\n\n\n<div class=\"wp-block-image\">\n<figure class=\"aligncenter is-resized\"><img loading=\"lazy\" decoding=\"async\" src=\"https:\/\/i0.wp.com\/casadecampoliving.com\/wp-content\/uploads\/2022\/10\/IMG_4996.jpg?resize=1000%2C667&amp;ssl=1\" alt=\"\" class=\"wp-image-142347\" height=\"667\" width=\"1000\"\/><\/figure>\n<\/div>\n\n\n<p>Los cursos relacionados con el cine en la escuela tambi\u00e9n est\u00e1n en aumento, gracias a la adici\u00f3n de la nueva carrera de cine que comenz\u00f3 en febrero pasado. La escuela ha estado remodelando sus instalaciones para dar cabida a todo lo que la carrera implica, como la <a href=\"https:\/\/casadecampoliving.com\/es\/el-nuevo-estudio-de-cine-de-altos-de-chavon-esta-listo\/\">nueva sala de audiovisuales <\/a>ideal para proyecciones de pel\u00edculas, clases, conferencias y presentaciones.<\/p>\n\n\n\n<p>En <em>Casa de Campo Living<\/em>, hemos tomado algunos de los cursos y podemos atestiguar la dedicaci\u00f3n de sus profesores y lo bien dise\u00f1ados que son los planes de estudios para recibir a personas de todos los or\u00edgenes y grupos de edad. Los cursos de Chav\u00f3n son ideales para aquellos interesados \u200b\u200ben aplicar a la Escuela de Arte y Dise\u00f1o Altos de Chav\u00f3n \u2013 las clases le ayudar\u00e1n a familiarizarse con la metodolog\u00eda de la escuela y los cursos, \u00a1as\u00ed como amplificar su portafolio y curr\u00edculum!<\/p>\n\n\n<div class=\"wp-block-image\">\n<figure class=\"aligncenter is-resized\"><img loading=\"lazy\" decoding=\"async\" src=\"https:\/\/i0.wp.com\/casadecampoliving.com\/wp-content\/uploads\/2022\/10\/IMG_4175.jpg?resize=1000%2C667&amp;ssl=1\" alt=\"\" class=\"wp-image-142346\" height=\"667\" width=\"1000\"\/><\/figure>\n<\/div>\n\n\n<p>Si bien todav\u00eda hay tiempo para inscribirse, \u00a1le animamos a darle a la escuela una llamada o visita para inscribirse antes de que se llenen! Las oficinas de Altos de Chav\u00f3n est\u00e1n situadas justo encima del Mercadito, donde puede obtener m\u00e1s detalles sobre los talleres, incluyendo qui\u00e9nes ser\u00e1n los profesores. \u00a1Le garantizamos que es una de las mejores actividades que puede hacer este verano!<\/p>\n\n\n\n<blockquote><h3><strong>Dibujo<\/strong>&nbsp;<\/h3><figure><img decoding=\"async\" loading=\"lazy\" class=\"aligncenter size-full wp-image-142338\" src=\"https:\/\/i0.wp.com\/casadecampoliving.com\/wp-content\/uploads\/2022\/10\/dibujo-Altos-de-Chavon-School-of-Design.jpg?resize=768%2C960&amp;ssl=1\" alt=\"\" width=\"768\" height=\"960\"><\/figure><\/blockquote>\n\n\n\n<blockquote><h3>Cine<\/h3><figure><img decoding=\"async\" loading=\"lazy\" class=\"aligncenter size-full wp-image-142339\" src=\"https:\/\/i0.wp.com\/casadecampoliving.com\/wp-content\/uploads\/2022\/10\/cine-Altos-de-Chavon-School-of-Design.jpg?resize=768%2C960&amp;ssl=1\" alt=\"\" width=\"768\" height=\"960\"><\/figure><\/blockquote>\n\n\n\n<blockquote><h3>Fotograf\u00eda<\/h3><figure><img decoding=\"async\" loading=\"lazy\" class=\"aligncenter size-full wp-image-142340\" src=\"https:\/\/i0.wp.com\/casadecampoliving.com\/wp-content\/uploads\/2022\/10\/fotografia-Altos-de-Chavon-School-of-Design.jpg?resize=768%2C960&amp;ssl=1\" alt=\"\" width=\"768\" height=\"960\"><\/figure><\/blockquote>\n\n\n\n<blockquote><h3>Museolog\u00eda<\/h3><figure><img decoding=\"async\" loading=\"lazy\" class=\"aligncenter wp-image-142341\" src=\"https:\/\/i0.wp.com\/casadecampoliving.com\/wp-content\/uploads\/2022\/10\/museology-all-Altos-de-Chavon-School-of-Design.jpg?resize=768%2C691&amp;ssl=1\" alt=\"\" width=\"768\" height=\"691\"><\/figure><\/blockquote>\n\n\n\n<blockquote><h3><b>CHAVO\u0301N | LA ESCUELA DE DISEN\u0303O<\/b><\/h3><figure><img decoding=\"async\" loading=\"lazy\" class=\"alignright wp-image-119135 size-thumbnail\" src=\"https:\/\/i0.wp.com\/casadecampoliving.com\/wp-content\/uploads\/2022\/10\/1069373_10153061816630164_1122926614_n-1.jpg?resize=150%2C150&amp;ssl=1\" alt=\"Chav\u00f3n Santo Domingo\" width=\"150\" height=\"150\" data-pin-nopin=\"true\"><\/figure><p>Desde su fundacio\u0301n en 1983, la Escuela de Disen\u0303o Altos de Chavo\u0301n ofrece carreras en artes aplicadas en las a\u0301reas de Bellas Artes, Comunicacio\u0301n Visual y Modas. Esta tipologi\u0301a de programa intensivo y de dos an\u0303os culmina con un grado asociado a nivel te\u0301cnico, el cual provee una so\u0301lida educacio\u0301n que capacita a sus participantes para competir como profesionales en el campo del disen\u0303o y las artes a nivel nacional e internacional.<\/p><p>Los graduados de La Escuela de Disen\u0303o son elegibles para transferirse directamente a Parsons School of Design en Nueva York. Ma\u0301s de 2,000 estudiantes dominicanos y de diferentes lugares del mundo han egresado de La Escuela de Disen\u0303o, demostrando que una preparacio\u0301n solida en disen\u0303o, paralelo a un e\u0301nfasis en el desarrollo de la industria es la mejor fo\u0301rmula para una exitosa carrera profesional.<\/p><p>El programa de estudios, altamente pra\u0301ctico y orientado al mercado, provee a los estudiantes un excepcional conjunto de habilidades que les permite insertarse fa\u0301cilmente en el ambiente laboral.<\/p><\/blockquote>\n","protected":false},"excerpt":{"rendered":"<p>\u00a1La Escuela de Dise\u00f1o Altos de Chav\u00f3n abre de nuevo sus puertas para todos los que quieran explorar su creatividad este verano! Los cursos se desarrollan durante todo el verano, con el primero comenzando el 26 de junio y el \u00faltimo la primera semana de agosto. Una amplia gama de cursos est\u00e1 disponible desde dibujo, [&hellip;]<\/p>\n","protected":false},"author":36682,"featured_media":296885,"comment_status":"closed","ping_status":"closed","sticky":false,"template":"","format":"standard","meta":{"newspack_ads_suppress_ads":false,"newspack_popups_has_disabled_popups":false,"newspack_sponsor_sponsorship_scope":"","newspack_sponsor_native_byline_display":"inherit","newspack_sponsor_native_category_display":"inherit","newspack_sponsor_underwriter_style":"inherit","newspack_sponsor_underwriter_placement":"inherit","_newspack_byline_active":false,"_newspack_byline":"","newspack_hide_updated_date":false,"newspack_show_updated_date":false,"newspack_content_restriction_is_exempt":false,"newspack_featured_image_position":"","newspack_post_subtitle":"","newspack_article_summary_title":"Overview:","newspack_article_summary":"","_jetpack_memberships_contains_paid_content":false,"footnotes":"","jetpack_publicize_message":"","jetpack_publicize_feature_enabled":true,"jetpack_social_post_already_shared":false,"jetpack_social_options":{"image_generator_settings":{"template":"highway","default_image_id":0,"font":"","enabled":false},"version":2},"_wpas_customize_per_network":false},"categories":[26819,26823,14631,14625,14627,2521],"tags":[15387,3575,2536,23815,2559,13305,13756,4743,3100,19085,20974,12637],"newspack_spnsrs_tax":[],"class_list":["post-351557","post","type-post","status-publish","format-standard","has-post-thumbnail","hentry","category-altos-de-chavon-es","category-arte-y-cultura","category-estilo-de-vida","category-noticias-locales","category-proximamente","category-republica-dominicana-2","tag-altos-de-chavon-es","tag-altos-de-chavon-es-2","tag-arte","tag-casa-de-campo-es-17","tag-cine","tag-cursos","tag-dibujo","tag-escuela-de-diseno","tag-fotografia","tag-intensivos","tag-museos","tag-verano-internacional","entry"],"yoast_head":"<!-- This site is optimized with the Yoast SEO plugin v27.5 - https:\/\/yoast.com\/product\/yoast-seo-wordpress\/ -->\n<title>\u00a1Los talleres de Verano Internacional de Chav\u00f3n Escuela de Dise\u00f1o comienzan en julio! | Casa de Campo Living<\/title>\n<meta name=\"description\" content=\"\u00a1La Escuela de Dise\u00f1o Altos de Chav\u00f3n abre de nuevo sus puertas para todos los que quieran explorar su creatividad este verano! Los cursos se desarrollan\" \/>\n<meta name=\"robots\" content=\"index, follow, max-snippet:-1, max-image-preview:large, max-video-preview:-1\" \/>\n<link rel=\"canonical\" href=\"https:\/\/casadecampoliving.com\/es\/los-talleres-de-verano-internacional-de-chavon-escuela-de-diseno-comienzan-en-julio\/\" \/>\n<meta property=\"og:locale\" content=\"es_ES\" \/>\n<meta property=\"og:type\" content=\"article\" \/>\n<meta property=\"og:title\" content=\"\u00a1Los talleres de Verano Internacional de Chav\u00f3n Escuela de Dise\u00f1o comienzan en julio! | Casa de Campo Living\" \/>\n<meta property=\"og:description\" content=\"\u00a1La Escuela de Dise\u00f1o Altos de Chav\u00f3n abre de nuevo sus puertas para todos los que quieran explorar su creatividad este verano! Los cursos se desarrollan\" \/>\n<meta property=\"og:url\" content=\"https:\/\/casadecampoliving.com\/es\/los-talleres-de-verano-internacional-de-chavon-escuela-de-diseno-comienzan-en-julio\/\" \/>\n<meta property=\"og:site_name\" content=\"Casa de Campo Living\" \/>\n<meta property=\"article:publisher\" content=\"https:\/\/www.facebook.com\/casadecampoliving\" \/>\n<meta property=\"article:published_time\" content=\"2017-05-31T04:00:00+00:00\" \/>\n<meta property=\"article:modified_time\" content=\"2022-10-21T23:04:20+00:00\" \/>\n<meta property=\"og:image\" content=\"https:\/\/i0.wp.com\/casadecampoliving.com\/wp-content\/uploads\/2022\/10\/IMG_5212-e1496248980460.jpg?fit=1000%2C667&ssl=1\" \/>\n\t<meta property=\"og:image:width\" content=\"1000\" \/>\n\t<meta property=\"og:image:height\" content=\"667\" \/>\n\t<meta property=\"og:image:type\" content=\"image\/jpeg\" \/>\n<meta name=\"author\" content=\"Marlenys Guzm\u00e1n Casta\u00f1os\" \/>\n<meta name=\"twitter:card\" content=\"summary_large_image\" \/>\n<meta name=\"twitter:creator\" content=\"@cdcliving\" \/>\n<meta name=\"twitter:site\" content=\"@cdcliving\" \/>\n<meta name=\"twitter:label1\" content=\"Escrito por\" \/>\n\t<meta name=\"twitter:data1\" content=\"Marlenys Guzm\u00e1n Casta\u00f1os\" \/>\n\t<meta name=\"twitter:label2\" content=\"Tiempo de lectura\" \/>\n\t<meta name=\"twitter:data2\" content=\"3 minutos\" \/>\n<script type=\"application\/ld+json\" class=\"yoast-schema-graph\">{\"@context\":\"https:\\\/\\\/schema.org\",\"@graph\":[{\"@type\":\"Article\",\"@id\":\"https:\\\/\\\/casadecampoliving.com\\\/es\\\/los-talleres-de-verano-internacional-de-chavon-escuela-de-diseno-comienzan-en-julio\\\/#article\",\"isPartOf\":{\"@id\":\"https:\\\/\\\/casadecampoliving.com\\\/es\\\/los-talleres-de-verano-internacional-de-chavon-escuela-de-diseno-comienzan-en-julio\\\/\"},\"author\":{\"name\":\"Marlenys Guzm\u00e1n Casta\u00f1os\",\"@id\":\"https:\\\/\\\/casadecampoliving.com\\\/es\\\/#\\\/schema\\\/person\\\/b6606bd87f9cec8f5903e2141cafda24\"},\"headline\":\"\u00a1Los talleres de Verano Internacional de Chav\u00f3n Escuela de Dise\u00f1o comienzan en julio!\",\"datePublished\":\"2017-05-31T04:00:00+00:00\",\"dateModified\":\"2022-10-21T23:04:20+00:00\",\"mainEntityOfPage\":{\"@id\":\"https:\\\/\\\/casadecampoliving.com\\\/es\\\/los-talleres-de-verano-internacional-de-chavon-escuela-de-diseno-comienzan-en-julio\\\/\"},\"wordCount\":634,\"publisher\":{\"@id\":\"https:\\\/\\\/casadecampoliving.com\\\/es\\\/#organization\"},\"image\":{\"@id\":\"https:\\\/\\\/casadecampoliving.com\\\/es\\\/los-talleres-de-verano-internacional-de-chavon-escuela-de-diseno-comienzan-en-julio\\\/#primaryimage\"},\"thumbnailUrl\":\"https:\\\/\\\/i0.wp.com\\\/casadecampoliving.com\\\/wp-content\\\/uploads\\\/2022\\\/10\\\/IMG_5212-e1496248980460.jpg?fit=1000%2C667&ssl=1\",\"keywords\":[\"Altos de Chavon\",\"Altos de Chavon -es\",\"arte\",\"Casa de Campo\",\"cine\",\"Cursos\",\"Dibujo\",\"escuela de dise\u00f1o\",\"fotografia\",\"intensivos\",\"museos\",\"Verano Internacional\"],\"articleSection\":[\"Altos de Chavon @es\",\"Arte y cultura\",\"Estilo de Vida\",\"Noticias Locales\",\"Proximamente\",\"Rep\u00fablica Dominicana @es\"],\"inLanguage\":\"es\"},{\"@type\":\"WebPage\",\"@id\":\"https:\\\/\\\/casadecampoliving.com\\\/es\\\/los-talleres-de-verano-internacional-de-chavon-escuela-de-diseno-comienzan-en-julio\\\/\",\"url\":\"https:\\\/\\\/casadecampoliving.com\\\/es\\\/los-talleres-de-verano-internacional-de-chavon-escuela-de-diseno-comienzan-en-julio\\\/\",\"name\":\"\u00a1Los talleres de Verano Internacional de Chav\u00f3n Escuela de Dise\u00f1o comienzan en julio! | Casa de Campo Living\",\"isPartOf\":{\"@id\":\"https:\\\/\\\/casadecampoliving.com\\\/es\\\/#website\"},\"primaryImageOfPage\":{\"@id\":\"https:\\\/\\\/casadecampoliving.com\\\/es\\\/los-talleres-de-verano-internacional-de-chavon-escuela-de-diseno-comienzan-en-julio\\\/#primaryimage\"},\"image\":{\"@id\":\"https:\\\/\\\/casadecampoliving.com\\\/es\\\/los-talleres-de-verano-internacional-de-chavon-escuela-de-diseno-comienzan-en-julio\\\/#primaryimage\"},\"thumbnailUrl\":\"https:\\\/\\\/i0.wp.com\\\/casadecampoliving.com\\\/wp-content\\\/uploads\\\/2022\\\/10\\\/IMG_5212-e1496248980460.jpg?fit=1000%2C667&ssl=1\",\"datePublished\":\"2017-05-31T04:00:00+00:00\",\"dateModified\":\"2022-10-21T23:04:20+00:00\",\"description\":\"\u00a1La Escuela de Dise\u00f1o Altos de Chav\u00f3n abre de nuevo sus puertas para todos los que quieran explorar su creatividad este verano! Los cursos se desarrollan\",\"breadcrumb\":{\"@id\":\"https:\\\/\\\/casadecampoliving.com\\\/es\\\/los-talleres-de-verano-internacional-de-chavon-escuela-de-diseno-comienzan-en-julio\\\/#breadcrumb\"},\"inLanguage\":\"es\",\"potentialAction\":[{\"@type\":\"ReadAction\",\"target\":[\"https:\\\/\\\/casadecampoliving.com\\\/es\\\/los-talleres-de-verano-internacional-de-chavon-escuela-de-diseno-comienzan-en-julio\\\/\"]}]},{\"@type\":\"ImageObject\",\"inLanguage\":\"es\",\"@id\":\"https:\\\/\\\/casadecampoliving.com\\\/es\\\/los-talleres-de-verano-internacional-de-chavon-escuela-de-diseno-comienzan-en-julio\\\/#primaryimage\",\"url\":\"https:\\\/\\\/i0.wp.com\\\/casadecampoliving.com\\\/wp-content\\\/uploads\\\/2022\\\/10\\\/IMG_5212-e1496248980460.jpg?fit=1000%2C667&ssl=1\",\"contentUrl\":\"https:\\\/\\\/i0.wp.com\\\/casadecampoliving.com\\\/wp-content\\\/uploads\\\/2022\\\/10\\\/IMG_5212-e1496248980460.jpg?fit=1000%2C667&ssl=1\",\"width\":1000,\"height\":667},{\"@type\":\"BreadcrumbList\",\"@id\":\"https:\\\/\\\/casadecampoliving.com\\\/es\\\/los-talleres-de-verano-internacional-de-chavon-escuela-de-diseno-comienzan-en-julio\\\/#breadcrumb\",\"itemListElement\":[{\"@type\":\"ListItem\",\"position\":1,\"name\":\"Home\",\"item\":\"https:\\\/\\\/casadecampoliving.com\\\/es\\\/\"},{\"@type\":\"ListItem\",\"position\":2,\"name\":\"\u00a1Los talleres de Verano Internacional de Chav\u00f3n Escuela de Dise\u00f1o comienzan en julio!\"}]},{\"@type\":\"WebSite\",\"@id\":\"https:\\\/\\\/casadecampoliving.com\\\/es\\\/#website\",\"url\":\"https:\\\/\\\/casadecampoliving.com\\\/es\\\/\",\"name\":\"Casa de Campo Living\",\"description\":\"Resort community news and resources.\",\"publisher\":{\"@id\":\"https:\\\/\\\/casadecampoliving.com\\\/es\\\/#organization\"},\"potentialAction\":[{\"@type\":\"SearchAction\",\"target\":{\"@type\":\"EntryPoint\",\"urlTemplate\":\"https:\\\/\\\/casadecampoliving.com\\\/es\\\/?s={search_term_string}\"},\"query-input\":{\"@type\":\"PropertyValueSpecification\",\"valueRequired\":true,\"valueName\":\"search_term_string\"}}],\"inLanguage\":\"es\"},{\"@type\":\"Organization\",\"@id\":\"https:\\\/\\\/casadecampoliving.com\\\/es\\\/#organization\",\"name\":\"Casa de Campo Living\",\"url\":\"https:\\\/\\\/casadecampoliving.com\\\/es\\\/\",\"logo\":{\"@type\":\"ImageObject\",\"inLanguage\":\"es\",\"@id\":\"https:\\\/\\\/casadecampoliving.com\\\/es\\\/#\\\/schema\\\/logo\\\/image\\\/\",\"url\":\"https:\\\/\\\/i0.wp.com\\\/casadecampoliving.com\\\/wp-content\\\/uploads\\\/2022\\\/07\\\/CDCLivingLogo_V1-white-sized.png?fit=800%2C214&ssl=1\",\"contentUrl\":\"https:\\\/\\\/i0.wp.com\\\/casadecampoliving.com\\\/wp-content\\\/uploads\\\/2022\\\/07\\\/CDCLivingLogo_V1-white-sized.png?fit=800%2C214&ssl=1\",\"width\":800,\"height\":214,\"caption\":\"Casa de Campo Living\"},\"image\":{\"@id\":\"https:\\\/\\\/casadecampoliving.com\\\/es\\\/#\\\/schema\\\/logo\\\/image\\\/\"},\"sameAs\":[\"https:\\\/\\\/www.facebook.com\\\/casadecampoliving\",\"https:\\\/\\\/x.com\\\/cdcliving\"]},{\"@type\":\"Person\",\"@id\":\"https:\\\/\\\/casadecampoliving.com\\\/es\\\/#\\\/schema\\\/person\\\/b6606bd87f9cec8f5903e2141cafda24\",\"name\":\"Marlenys Guzm\u00e1n Casta\u00f1os\",\"image\":{\"@type\":\"ImageObject\",\"inLanguage\":\"es\",\"@id\":\"https:\\\/\\\/secure.gravatar.com\\\/avatar\\\/72f3f86b8e6b3ec744201aeadf11d4a6055e8af194aecd9ad30ffff4437878ee?s=96&d=mm&r=g\",\"url\":\"https:\\\/\\\/secure.gravatar.com\\\/avatar\\\/72f3f86b8e6b3ec744201aeadf11d4a6055e8af194aecd9ad30ffff4437878ee?s=96&d=mm&r=g\",\"contentUrl\":\"https:\\\/\\\/secure.gravatar.com\\\/avatar\\\/72f3f86b8e6b3ec744201aeadf11d4a6055e8af194aecd9ad30ffff4437878ee?s=96&d=mm&r=g\",\"caption\":\"Marlenys Guzm\u00e1n Casta\u00f1os\"},\"url\":\"https:\\\/\\\/casadecampoliving.com\\\/es\\\/author\\\/mguzman\\\/\"}]}<\/script>\n<!-- \/ Yoast SEO plugin. -->","yoast_head_json":{"title":"\u00a1Los talleres de Verano Internacional de Chav\u00f3n Escuela de Dise\u00f1o comienzan en julio! | Casa de Campo Living","description":"\u00a1La Escuela de Dise\u00f1o Altos de Chav\u00f3n abre de nuevo sus puertas para todos los que quieran explorar su creatividad este verano! Los cursos se desarrollan","robots":{"index":"index","follow":"follow","max-snippet":"max-snippet:-1","max-image-preview":"max-image-preview:large","max-video-preview":"max-video-preview:-1"},"canonical":"https:\/\/casadecampoliving.com\/es\/los-talleres-de-verano-internacional-de-chavon-escuela-de-diseno-comienzan-en-julio\/","og_locale":"es_ES","og_type":"article","og_title":"\u00a1Los talleres de Verano Internacional de Chav\u00f3n Escuela de Dise\u00f1o comienzan en julio! | Casa de Campo Living","og_description":"\u00a1La Escuela de Dise\u00f1o Altos de Chav\u00f3n abre de nuevo sus puertas para todos los que quieran explorar su creatividad este verano! Los cursos se desarrollan","og_url":"https:\/\/casadecampoliving.com\/es\/los-talleres-de-verano-internacional-de-chavon-escuela-de-diseno-comienzan-en-julio\/","og_site_name":"Casa de Campo Living","article_publisher":"https:\/\/www.facebook.com\/casadecampoliving","article_published_time":"2017-05-31T04:00:00+00:00","article_modified_time":"2022-10-21T23:04:20+00:00","og_image":[{"width":1000,"height":667,"url":"https:\/\/i0.wp.com\/casadecampoliving.com\/wp-content\/uploads\/2022\/10\/IMG_5212-e1496248980460.jpg?fit=1000%2C667&ssl=1","type":"image\/jpeg"}],"author":"Marlenys Guzm\u00e1n Casta\u00f1os","twitter_card":"summary_large_image","twitter_creator":"@cdcliving","twitter_site":"@cdcliving","twitter_misc":{"Escrito por":"Marlenys Guzm\u00e1n Casta\u00f1os","Tiempo de lectura":"3 minutos"},"schema":{"@context":"https:\/\/schema.org","@graph":[{"@type":"Article","@id":"https:\/\/casadecampoliving.com\/es\/los-talleres-de-verano-internacional-de-chavon-escuela-de-diseno-comienzan-en-julio\/#article","isPartOf":{"@id":"https:\/\/casadecampoliving.com\/es\/los-talleres-de-verano-internacional-de-chavon-escuela-de-diseno-comienzan-en-julio\/"},"author":{"name":"Marlenys Guzm\u00e1n Casta\u00f1os","@id":"https:\/\/casadecampoliving.com\/es\/#\/schema\/person\/b6606bd87f9cec8f5903e2141cafda24"},"headline":"\u00a1Los talleres de Verano Internacional de Chav\u00f3n Escuela de Dise\u00f1o comienzan en julio!","datePublished":"2017-05-31T04:00:00+00:00","dateModified":"2022-10-21T23:04:20+00:00","mainEntityOfPage":{"@id":"https:\/\/casadecampoliving.com\/es\/los-talleres-de-verano-internacional-de-chavon-escuela-de-diseno-comienzan-en-julio\/"},"wordCount":634,"publisher":{"@id":"https:\/\/casadecampoliving.com\/es\/#organization"},"image":{"@id":"https:\/\/casadecampoliving.com\/es\/los-talleres-de-verano-internacional-de-chavon-escuela-de-diseno-comienzan-en-julio\/#primaryimage"},"thumbnailUrl":"https:\/\/i0.wp.com\/casadecampoliving.com\/wp-content\/uploads\/2022\/10\/IMG_5212-e1496248980460.jpg?fit=1000%2C667&ssl=1","keywords":["Altos de Chavon","Altos de Chavon -es","arte","Casa de Campo","cine","Cursos","Dibujo","escuela de dise\u00f1o","fotografia","intensivos","museos","Verano Internacional"],"articleSection":["Altos de Chavon @es","Arte y cultura","Estilo de Vida","Noticias Locales","Proximamente","Rep\u00fablica Dominicana @es"],"inLanguage":"es"},{"@type":"WebPage","@id":"https:\/\/casadecampoliving.com\/es\/los-talleres-de-verano-internacional-de-chavon-escuela-de-diseno-comienzan-en-julio\/","url":"https:\/\/casadecampoliving.com\/es\/los-talleres-de-verano-internacional-de-chavon-escuela-de-diseno-comienzan-en-julio\/","name":"\u00a1Los talleres de Verano Internacional de Chav\u00f3n Escuela de Dise\u00f1o comienzan en julio! | Casa de Campo Living","isPartOf":{"@id":"https:\/\/casadecampoliving.com\/es\/#website"},"primaryImageOfPage":{"@id":"https:\/\/casadecampoliving.com\/es\/los-talleres-de-verano-internacional-de-chavon-escuela-de-diseno-comienzan-en-julio\/#primaryimage"},"image":{"@id":"https:\/\/casadecampoliving.com\/es\/los-talleres-de-verano-internacional-de-chavon-escuela-de-diseno-comienzan-en-julio\/#primaryimage"},"thumbnailUrl":"https:\/\/i0.wp.com\/casadecampoliving.com\/wp-content\/uploads\/2022\/10\/IMG_5212-e1496248980460.jpg?fit=1000%2C667&ssl=1","datePublished":"2017-05-31T04:00:00+00:00","dateModified":"2022-10-21T23:04:20+00:00","description":"\u00a1La Escuela de Dise\u00f1o Altos de Chav\u00f3n abre de nuevo sus puertas para todos los que quieran explorar su creatividad este verano! Los cursos se desarrollan","breadcrumb":{"@id":"https:\/\/casadecampoliving.com\/es\/los-talleres-de-verano-internacional-de-chavon-escuela-de-diseno-comienzan-en-julio\/#breadcrumb"},"inLanguage":"es","potentialAction":[{"@type":"ReadAction","target":["https:\/\/casadecampoliving.com\/es\/los-talleres-de-verano-internacional-de-chavon-escuela-de-diseno-comienzan-en-julio\/"]}]},{"@type":"ImageObject","inLanguage":"es","@id":"https:\/\/casadecampoliving.com\/es\/los-talleres-de-verano-internacional-de-chavon-escuela-de-diseno-comienzan-en-julio\/#primaryimage","url":"https:\/\/i0.wp.com\/casadecampoliving.com\/wp-content\/uploads\/2022\/10\/IMG_5212-e1496248980460.jpg?fit=1000%2C667&ssl=1","contentUrl":"https:\/\/i0.wp.com\/casadecampoliving.com\/wp-content\/uploads\/2022\/10\/IMG_5212-e1496248980460.jpg?fit=1000%2C667&ssl=1","width":1000,"height":667},{"@type":"BreadcrumbList","@id":"https:\/\/casadecampoliving.com\/es\/los-talleres-de-verano-internacional-de-chavon-escuela-de-diseno-comienzan-en-julio\/#breadcrumb","itemListElement":[{"@type":"ListItem","position":1,"name":"Home","item":"https:\/\/casadecampoliving.com\/es\/"},{"@type":"ListItem","position":2,"name":"\u00a1Los talleres de Verano Internacional de Chav\u00f3n Escuela de Dise\u00f1o comienzan en julio!"}]},{"@type":"WebSite","@id":"https:\/\/casadecampoliving.com\/es\/#website","url":"https:\/\/casadecampoliving.com\/es\/","name":"Casa de Campo Living","description":"Resort community news and resources.","publisher":{"@id":"https:\/\/casadecampoliving.com\/es\/#organization"},"potentialAction":[{"@type":"SearchAction","target":{"@type":"EntryPoint","urlTemplate":"https:\/\/casadecampoliving.com\/es\/?s={search_term_string}"},"query-input":{"@type":"PropertyValueSpecification","valueRequired":true,"valueName":"search_term_string"}}],"inLanguage":"es"},{"@type":"Organization","@id":"https:\/\/casadecampoliving.com\/es\/#organization","name":"Casa de Campo Living","url":"https:\/\/casadecampoliving.com\/es\/","logo":{"@type":"ImageObject","inLanguage":"es","@id":"https:\/\/casadecampoliving.com\/es\/#\/schema\/logo\/image\/","url":"https:\/\/i0.wp.com\/casadecampoliving.com\/wp-content\/uploads\/2022\/07\/CDCLivingLogo_V1-white-sized.png?fit=800%2C214&ssl=1","contentUrl":"https:\/\/i0.wp.com\/casadecampoliving.com\/wp-content\/uploads\/2022\/07\/CDCLivingLogo_V1-white-sized.png?fit=800%2C214&ssl=1","width":800,"height":214,"caption":"Casa de Campo Living"},"image":{"@id":"https:\/\/casadecampoliving.com\/es\/#\/schema\/logo\/image\/"},"sameAs":["https:\/\/www.facebook.com\/casadecampoliving","https:\/\/x.com\/cdcliving"]},{"@type":"Person","@id":"https:\/\/casadecampoliving.com\/es\/#\/schema\/person\/b6606bd87f9cec8f5903e2141cafda24","name":"Marlenys Guzm\u00e1n Casta\u00f1os","image":{"@type":"ImageObject","inLanguage":"es","@id":"https:\/\/secure.gravatar.com\/avatar\/72f3f86b8e6b3ec744201aeadf11d4a6055e8af194aecd9ad30ffff4437878ee?s=96&d=mm&r=g","url":"https:\/\/secure.gravatar.com\/avatar\/72f3f86b8e6b3ec744201aeadf11d4a6055e8af194aecd9ad30ffff4437878ee?s=96&d=mm&r=g","contentUrl":"https:\/\/secure.gravatar.com\/avatar\/72f3f86b8e6b3ec744201aeadf11d4a6055e8af194aecd9ad30ffff4437878ee?s=96&d=mm&r=g","caption":"Marlenys Guzm\u00e1n Casta\u00f1os"},"url":"https:\/\/casadecampoliving.com\/es\/author\/mguzman\/"}]}},"parsely":{"version":"1.1.0","canonical_url":"https:\/\/casadecampoliving.com\/es\/los-talleres-de-verano-internacional-de-chavon-escuela-de-diseno-comienzan-en-julio\/","smart_links":{"inbound":0,"outbound":0},"traffic_boost_suggestions_count":0,"meta":{"@context":"https:\/\/schema.org","@type":"NewsArticle","headline":"\u00a1Los talleres de Verano Internacional de Chav\u00f3n Escuela de Dise\u00f1o comienzan en julio!","url":"http:\/\/casadecampoliving.com\/es\/los-talleres-de-verano-internacional-de-chavon-escuela-de-diseno-comienzan-en-julio\/","mainEntityOfPage":{"@type":"WebPage","@id":"http:\/\/casadecampoliving.com\/es\/los-talleres-de-verano-internacional-de-chavon-escuela-de-diseno-comienzan-en-julio\/"},"thumbnailUrl":"https:\/\/i0.wp.com\/casadecampoliving.com\/wp-content\/uploads\/2022\/10\/IMG_5212-e1496248980460.jpg?resize=150%2C150&ssl=1","image":{"@type":"ImageObject","url":"https:\/\/i0.wp.com\/casadecampoliving.com\/wp-content\/uploads\/2022\/10\/IMG_5212-e1496248980460.jpg?fit=1000%2C667&ssl=1"},"articleSection":"Altos de Chavon @es","author":[{"@type":"Person","name":"Marlenys Guzm\u00e1n Casta\u00f1os"}],"creator":["Marlenys Guzm\u00e1n Casta\u00f1os"],"publisher":{"@type":"Organization","name":"Casa de Campo Living","logo":"https:\/\/casadecampoliving.com\/wp-content\/uploads\/2022\/07\/CDCLivingLogo_V1-white-sized.png"},"keywords":["altos de chavon","altos de chavon -es","arte","casa de campo","cine","cursos","dibujo","escuela de dise\u00f1o","fotografia","intensivos","museos","verano internacional"],"dateCreated":"2017-05-31T04:00:00Z","datePublished":"2017-05-31T04:00:00Z","dateModified":"2022-10-21T23:04:20Z"},"rendered":"<script type=\"application\/ld+json\" class=\"wp-parsely-metadata\">{\"@context\":\"https:\\\/\\\/schema.org\",\"@type\":\"NewsArticle\",\"headline\":\"\\u00a1Los talleres de Verano Internacional de Chav\\u00f3n Escuela de Dise\\u00f1o comienzan en julio!\",\"url\":\"http:\\\/\\\/casadecampoliving.com\\\/es\\\/los-talleres-de-verano-internacional-de-chavon-escuela-de-diseno-comienzan-en-julio\\\/\",\"mainEntityOfPage\":{\"@type\":\"WebPage\",\"@id\":\"http:\\\/\\\/casadecampoliving.com\\\/es\\\/los-talleres-de-verano-internacional-de-chavon-escuela-de-diseno-comienzan-en-julio\\\/\"},\"thumbnailUrl\":\"https:\\\/\\\/i0.wp.com\\\/casadecampoliving.com\\\/wp-content\\\/uploads\\\/2022\\\/10\\\/IMG_5212-e1496248980460.jpg?resize=150%2C150&ssl=1\",\"image\":{\"@type\":\"ImageObject\",\"url\":\"https:\\\/\\\/i0.wp.com\\\/casadecampoliving.com\\\/wp-content\\\/uploads\\\/2022\\\/10\\\/IMG_5212-e1496248980460.jpg?fit=1000%2C667&ssl=1\"},\"articleSection\":\"Altos de Chavon @es\",\"author\":[{\"@type\":\"Person\",\"name\":\"Marlenys Guzm\\u00e1n Casta\\u00f1os\"}],\"creator\":[\"Marlenys Guzm\\u00e1n Casta\\u00f1os\"],\"publisher\":{\"@type\":\"Organization\",\"name\":\"Casa de Campo Living\",\"logo\":\"https:\\\/\\\/casadecampoliving.com\\\/wp-content\\\/uploads\\\/2022\\\/07\\\/CDCLivingLogo_V1-white-sized.png\"},\"keywords\":[\"altos de chavon\",\"altos de chavon -es\",\"arte\",\"casa de campo\",\"cine\",\"cursos\",\"dibujo\",\"escuela de dise\\u00f1o\",\"fotografia\",\"intensivos\",\"museos\",\"verano internacional\"],\"dateCreated\":\"2017-05-31T04:00:00Z\",\"datePublished\":\"2017-05-31T04:00:00Z\",\"dateModified\":\"2022-10-21T23:04:20Z\"}<\/script>","tracker_url":"https:\/\/cdn.parsely.com\/keys\/casadecampoliving.com\/p.js"},"jetpack_publicize_connections":[],"jetpack_featured_media_url":"https:\/\/i0.wp.com\/casadecampoliving.com\/wp-content\/uploads\/2022\/10\/IMG_5212-e1496248980460.jpg?fit=1000%2C667&ssl=1","jetpack-related-posts":[{"id":352602,"url":"https:\/\/casadecampoliving.com\/es\/aproveche-los-cursos-de-verano-de-chavon-escuela-de-diseno-de-este-ano\/","url_meta":{"origin":351557,"position":0},"title":"\u00a1Aproveche los cursos de verano de Chav\u00f3n Escuela de Dise\u00f1o de este a\u00f1o!","author":"Marlenys Guzm\u00e1n Casta\u00f1os","date":"16 Abr, 2018","format":false,"excerpt":"Chav\u00f3n Escuela de Dise\u00f1o contin\u00faa ofreciendo excelentes programas en su campus de Altos de Chav\u00f3n. Este verano, la escuela ha preparado una gama de cursos excepcionales, \u00a1hay algo para todos, desde adolescentes, estudiantes universitarios y profesionales! Altos de Chav\u00f3n siempre ha sido el hogar del arte y se considera una\u2026","rel":"","context":"En \u00abAltos de Chavon @es\u00bb","block_context":{"text":"Altos de Chavon @es","link":"https:\/\/casadecampoliving.com\/category\/altos-de-chavon-es\/"},"img":{"alt_text":"","src":"https:\/\/i0.wp.com\/casadecampoliving.com\/wp-content\/uploads\/2018\/04\/Chavoneros_2016_Davidoff-3-e1523890157791.jpg?resize=350%2C200&ssl=1","width":350,"height":200,"srcset":"https:\/\/i0.wp.com\/casadecampoliving.com\/wp-content\/uploads\/2018\/04\/Chavoneros_2016_Davidoff-3-e1523890157791.jpg?resize=350%2C200&ssl=1 1x, https:\/\/i0.wp.com\/casadecampoliving.com\/wp-content\/uploads\/2018\/04\/Chavoneros_2016_Davidoff-3-e1523890157791.jpg?resize=525%2C300&ssl=1 1.5x, https:\/\/i0.wp.com\/casadecampoliving.com\/wp-content\/uploads\/2018\/04\/Chavoneros_2016_Davidoff-3-e1523890157791.jpg?resize=700%2C400&ssl=1 2x"},"classes":[]},{"id":350407,"url":"https:\/\/casadecampoliving.com\/es\/cursos-intensivos-verano-la-escuela-de-diseno-altos-de-chavon\/","url_meta":{"origin":351557,"position":1},"title":"\u00a1Inscr\u00edbase en los cursos intensivos de verano de la Escuela de Dise\u00f1o Altos de Chav\u00f3n que contin\u00faan ma\u00f1ana!","author":"Marlenys Guzm\u00e1n Casta\u00f1os","date":"21 Ago, 2016","format":false,"excerpt":"Junto a sus talleres de Chav\u00f3n Verano Internacional, la Escuela de Dise\u00f1o de Altos de Chav\u00f3n tambi\u00e9n estar\u00e1 realizando\u00a0sus cursos intensivos de 3 d\u00edas dise\u00f1ados para desarrollar las t\u00e9cnicas y habilidades de los estudiantes adem\u00e1s de su creatividad. Los cursos comenzaron Viernes 19 de agosto y cubrir\u00e1n una variedad de\u2026","rel":"","context":"En \u00abAltos de Chavon @es\u00bb","block_context":{"text":"Altos de Chavon @es","link":"https:\/\/casadecampoliving.com\/category\/altos-de-chavon-es\/"},"img":{"alt_text":"Chav\u00f3n School of Design","src":"https:\/\/i0.wp.com\/casadecampoliving.com\/wp-content\/uploads\/2022\/10\/IMG_1093-e1471784561774.jpg?fit=1000%2C667&ssl=1&resize=350%2C200","width":350,"height":200,"srcset":"https:\/\/i0.wp.com\/casadecampoliving.com\/wp-content\/uploads\/2022\/10\/IMG_1093-e1471784561774.jpg?fit=1000%2C667&ssl=1&resize=350%2C200 1x, https:\/\/i0.wp.com\/casadecampoliving.com\/wp-content\/uploads\/2022\/10\/IMG_1093-e1471784561774.jpg?fit=1000%2C667&ssl=1&resize=525%2C300 1.5x, https:\/\/i0.wp.com\/casadecampoliving.com\/wp-content\/uploads\/2022\/10\/IMG_1093-e1471784561774.jpg?fit=1000%2C667&ssl=1&resize=700%2C400 2x"},"classes":[]},{"id":350102,"url":"https:\/\/casadecampoliving.com\/es\/verano-internacional-chavon\/","url_meta":{"origin":351557,"position":2},"title":"\u00a1Los cursos Verano Internacional de Chav\u00f3n comenzar\u00e1n la pr\u00f3xima semana!","author":"Marlenys Guzm\u00e1n Casta\u00f1os","date":"1 Jul, 2016","format":false,"excerpt":"\u00bfBusca algo divertido y enriquecedor que\u00a0hacer este verano? Pues no busque m\u00e1s, la Escuela de Dise\u00f1o de Altos de Chav\u00f3n nos invita a participar en un gran n\u00famero de cursos que se estar\u00e1n realizando durante todo el verano. Los cursos de arte y dise\u00f1o \u201cVerano Internacional\u201d cubrir\u00e1n \u00e1reas de dise\u00f1o\u2026","rel":"","context":"En \u00abAltos de Chavon @es\u00bb","block_context":{"text":"Altos de Chavon @es","link":"https:\/\/casadecampoliving.com\/category\/altos-de-chavon-es\/"},"img":{"alt_text":"Featured Image Chavon International Summer","src":"https:\/\/i0.wp.com\/casadecampoliving.com\/wp-content\/uploads\/2022\/10\/Featured-Image-Chavon-International-Summer-2.jpg?fit=1000%2C600&ssl=1&resize=350%2C200","width":350,"height":200,"srcset":"https:\/\/i0.wp.com\/casadecampoliving.com\/wp-content\/uploads\/2022\/10\/Featured-Image-Chavon-International-Summer-2.jpg?fit=1000%2C600&ssl=1&resize=350%2C200 1x, https:\/\/i0.wp.com\/casadecampoliving.com\/wp-content\/uploads\/2022\/10\/Featured-Image-Chavon-International-Summer-2.jpg?fit=1000%2C600&ssl=1&resize=525%2C300 1.5x, https:\/\/i0.wp.com\/casadecampoliving.com\/wp-content\/uploads\/2022\/10\/Featured-Image-Chavon-International-Summer-2.jpg?fit=1000%2C600&ssl=1&resize=700%2C400 2x"},"classes":[]},{"id":351764,"url":"https:\/\/casadecampoliving.com\/es\/los-cursos-intensivos-de-3-dias-de-chavon-escuela-de-diseno-comienzan-pronto-inscribete\/","url_meta":{"origin":351557,"position":3},"title":"\u00a1Los cursos intensivos de 3 d\u00edas de Chav\u00f3n Escuela de Dise\u00f1o comienzan pronto! \u00a1Inscr\u00edbete!","author":"Marlenys Guzm\u00e1n Casta\u00f1os","date":"26 Jul, 2017","format":false,"excerpt":"Junto a sus talleres Chav\u00f3n Verano Internacional, la Escuela de Dise\u00f1o Altos de Chav\u00f3n tambi\u00e9n tendr\u00e1 sus cursos intensivos regulares de 3 d\u00edas dise\u00f1ados para desarrollar la t\u00e9cnica y la creatividad estudiantil. Estos cursos, que comienzan el lunes, 7 de agosto, abarcar\u00e1n una variedad de temas entre los que encontrar\u00e1\u2026","rel":"","context":"En \u00abAltos de Chavon @es\u00bb","block_context":{"text":"Altos de Chavon @es","link":"https:\/\/casadecampoliving.com\/category\/altos-de-chavon-es\/"},"img":{"alt_text":"","src":"https:\/\/i0.wp.com\/casadecampoliving.com\/wp-content\/uploads\/2022\/10\/IMG_0946-1.jpg?fit=1000%2C596&ssl=1&resize=350%2C200","width":350,"height":200,"srcset":"https:\/\/i0.wp.com\/casadecampoliving.com\/wp-content\/uploads\/2022\/10\/IMG_0946-1.jpg?fit=1000%2C596&ssl=1&resize=350%2C200 1x, https:\/\/i0.wp.com\/casadecampoliving.com\/wp-content\/uploads\/2022\/10\/IMG_0946-1.jpg?fit=1000%2C596&ssl=1&resize=525%2C300 1.5x, https:\/\/i0.wp.com\/casadecampoliving.com\/wp-content\/uploads\/2022\/10\/IMG_0946-1.jpg?fit=1000%2C596&ssl=1&resize=700%2C400 2x"},"classes":[]},{"id":347622,"url":"https:\/\/casadecampoliving.com\/es\/verano-internacional-en-chavon\/","url_meta":{"origin":351557,"position":4},"title":"\u00a1Ya inici\u00f3 el Verano Internacional en Chav\u00f3n!","author":"Carla Campos","date":"29 Jun, 2015","format":false,"excerpt":"Desempolve su c\u00e1mara, saque su cuaderno de dibujo, y busque el maniqu\u00ed que tiene en su armario porque el programa intensivo \"Verano Internacional\" de la Escuela de Dise\u00f1o Altos de Chav\u00f3n comienza hoy. Sea usted un verdadero artista o ya sea que est\u00e9 en proceso de descubrir el artista que\u2026","rel":"","context":"En \u00abAltos de Chavon @es\u00bb","block_context":{"text":"Altos de Chavon @es","link":"https:\/\/casadecampoliving.com\/category\/altos-de-chavon-es\/"},"img":{"alt_text":"","src":"https:\/\/i0.wp.com\/casadecampoliving.com\/wp-content\/uploads\/2022\/10\/Altos_Chavon_School_of_Design_1.jpg?fit=1024%2C683&ssl=1&resize=350%2C200","width":350,"height":200,"srcset":"https:\/\/i0.wp.com\/casadecampoliving.com\/wp-content\/uploads\/2022\/10\/Altos_Chavon_School_of_Design_1.jpg?fit=1024%2C683&ssl=1&resize=350%2C200 1x, https:\/\/i0.wp.com\/casadecampoliving.com\/wp-content\/uploads\/2022\/10\/Altos_Chavon_School_of_Design_1.jpg?fit=1024%2C683&ssl=1&resize=525%2C300 1.5x, https:\/\/i0.wp.com\/casadecampoliving.com\/wp-content\/uploads\/2022\/10\/Altos_Chavon_School_of_Design_1.jpg?fit=1024%2C683&ssl=1&resize=700%2C400 2x"},"classes":[]},{"id":350228,"url":"https:\/\/casadecampoliving.com\/es\/cursos-chavon-verano-internacional-tendran-20-de-descuento\/","url_meta":{"origin":351557,"position":5},"title":"\u00a1Buenas noticias! \u00a1Los cursos de la semana que viene de Chav\u00f3n Verano Internacional tambi\u00e9n tendr\u00e1n un 20% de DESCUENTO!","author":"Marlenys Guzm\u00e1n Casta\u00f1os","date":"21 Jul, 2016","format":false,"excerpt":"La Escuela de Dise\u00f1o de Altos de Chav\u00f3n les invita a participar en sus talleres de Verano Internacional que se estar\u00e1n realizando durante todo el verano. Todav\u00eda hay tiempo para inscribirse en los cursos de la pr\u00f3xima semana; \u00a1\u00a1ADEMAS, al inscribirse obtendr\u00e1 un 20 % de descuento!! Al crecer en\u2026","rel":"","context":"En \u00abAltos de Chavon @es\u00bb","block_context":{"text":"Altos de Chavon @es","link":"https:\/\/casadecampoliving.com\/category\/altos-de-chavon-es\/"},"img":{"alt_text":"","src":"https:\/\/i0.wp.com\/casadecampoliving.com\/wp-content\/uploads\/2022\/10\/shutterstock_86331535.jpg?fit=1000%2C664&ssl=1&resize=350%2C200","width":350,"height":200,"srcset":"https:\/\/i0.wp.com\/casadecampoliving.com\/wp-content\/uploads\/2022\/10\/shutterstock_86331535.jpg?fit=1000%2C664&ssl=1&resize=350%2C200 1x, https:\/\/i0.wp.com\/casadecampoliving.com\/wp-content\/uploads\/2022\/10\/shutterstock_86331535.jpg?fit=1000%2C664&ssl=1&resize=525%2C300 1.5x, https:\/\/i0.wp.com\/casadecampoliving.com\/wp-content\/uploads\/2022\/10\/shutterstock_86331535.jpg?fit=1000%2C664&ssl=1&resize=700%2C400 2x"},"classes":[]}],"jetpack_sharing_enabled":true,"_links":{"self":[{"href":"https:\/\/casadecampoliving.com\/es\/wp-json\/wp\/v2\/posts\/351557","targetHints":{"allow":["GET"]}}],"collection":[{"href":"https:\/\/casadecampoliving.com\/es\/wp-json\/wp\/v2\/posts"}],"about":[{"href":"https:\/\/casadecampoliving.com\/es\/wp-json\/wp\/v2\/types\/post"}],"author":[{"embeddable":true,"href":"https:\/\/casadecampoliving.com\/es\/wp-json\/wp\/v2\/users\/36682"}],"replies":[{"embeddable":true,"href":"https:\/\/casadecampoliving.com\/es\/wp-json\/wp\/v2\/comments?post=351557"}],"version-history":[{"count":1,"href":"https:\/\/casadecampoliving.com\/es\/wp-json\/wp\/v2\/posts\/351557\/revisions"}],"predecessor-version":[{"id":351558,"href":"https:\/\/casadecampoliving.com\/es\/wp-json\/wp\/v2\/posts\/351557\/revisions\/351558"}],"wp:featuredmedia":[{"embeddable":true,"href":"https:\/\/casadecampoliving.com\/es\/wp-json\/wp\/v2\/media\/296885"}],"wp:attachment":[{"href":"https:\/\/casadecampoliving.com\/es\/wp-json\/wp\/v2\/media?parent=351557"}],"wp:term":[{"taxonomy":"category","embeddable":true,"href":"https:\/\/casadecampoliving.com\/es\/wp-json\/wp\/v2\/categories?post=351557"},{"taxonomy":"post_tag","embeddable":true,"href":"https:\/\/casadecampoliving.com\/es\/wp-json\/wp\/v2\/tags?post=351557"},{"taxonomy":"newspack_spnsrs_tax","embeddable":true,"href":"https:\/\/casadecampoliving.com\/es\/wp-json\/wp\/v2\/newspack_spnsrs_tax?post=351557"}],"curies":[{"name":"wp","href":"https:\/\/api.w.org\/{rel}","templated":true}]}}