{"id":351521,"date":"2017-05-24T00:00:00","date_gmt":"2017-05-24T04:00:00","guid":{"rendered":"https:\/\/casadecampoliving.com\/regalo-para-el-dia-de-las-madres-de-los-talleres-de-altos-de-chavon\/"},"modified":"2022-10-21T19:02:45","modified_gmt":"2022-10-21T23:02:45","slug":"regalo-para-el-dia-de-las-madres-de-los-talleres-de-altos-de-chavon","status":"publish","type":"post","link":"https:\/\/casadecampoliving.com\/es\/regalo-para-el-dia-de-las-madres-de-los-talleres-de-altos-de-chavon\/","title":{"rendered":"\u00a1Ahora es el momento de comprar el regalo para el D\u00eda de las Madres de los talleres artesanales de Altos de Chav\u00f3n!"},"content":{"rendered":"\n<p>A todas las madres les encanta un buen descuento, \u00a1\u00bfy a qui\u00e9n no?! A partir de ma\u00f1ana, las tiendas y talleres de Altos de Chav\u00f3n est\u00e1n teniendo una VENTA ENORME justo a tiempo para el D\u00eda de las Madres! Jarrones de cer\u00e1mica hechos a mano, macetas, l\u00e1mparas y m\u00e1s de Emilio Robba estar\u00e1n disponibles en el almac\u00e9n de Costasur en La Romana. Del\u00e9itese con un par de candelabros en forma de pi\u00f1a que cuelgan del techo o de una hermosa manta de La Tienda.<\/p>\n\n\n\n<!--more-->\n\n\n\n<p>Todos los productos se elaboran aqu\u00ed mismo en Altos de Chav\u00f3n y ser\u00edan un gran regalo hecho a mano para el D\u00eda de las Madres. Seleccione entre caminos de mesa tejidos, manteles, almohadas y alfombras o un sin n\u00famero de opciones en cer\u00e1mica que le dar\u00e1n un toque especial al jard\u00edn de su madre. \u00a1Nunca ha habido un mejor momento para comprar nuevos complemetos para su villa en Casa de Campo para este verano!<\/p>\n\n\n<div class=\"wp-block-image\">\n<figure class=\"aligncenter is-resized\"><img loading=\"lazy\" decoding=\"async\" src=\"https:\/\/i0.wp.com\/casadecampoliving.com\/wp-content\/uploads\/2022\/10\/emilio_robba_planters-1.jpg?resize=1000%2C894&amp;ssl=1\" alt=\"Handmade Gifts - Mother's Day Sale\" class=\"wp-image-141977\" height=\"894\" width=\"1000\"\/><\/figure>\n<\/div>\n\n\n<p>Lo que hab\u00eda tenido un 25% de descuento ahora tiene un descuento de 40% \u00f3 m\u00e1s; con los mejores precios del mercado es el momento ideal para comprar. La venta del D\u00eda de las Madres se abre ma\u00f1ana hasta que se vendan todas las piezas. \u00a1Con estos precios estamos seguros que venderan r\u00e1pido, as\u00ed que comprelas antes de que se acaben!<\/p>\n\n\n\n<blockquote><figure><img decoding=\"async\" loading=\"lazy\" class=\"aligncenter size-full wp-image-141974\" src=\"https:\/\/i0.wp.com\/casadecampoliving.com\/wp-content\/uploads\/2022\/10\/madres-02-1-e1495643224442.jpg?resize=647%2C1000&amp;ssl=1\" alt=\"Handmade Gifts - Mother's Day Sale\" width=\"647\" height=\"1000\"><\/figure><p><strong>Qu\u00e9:<\/strong> \u00a1Venta especial del D\u00eda de las Madres por La Tienda y Emilio Robba!<\/p><p><strong>Cu\u00e1ndo:<\/strong> \u00a1Comenzando MA\u00d1ANA 25 DE MAYO !!<\/p><p><strong>D\u00f3nde:<\/strong>&nbsp;Almacen de Costasur en La Romana<\/p><p><em>Para llegar all\u00ed, simplemente tome la Av. Libertad y tome la salida a la derecha antes de cruzar el puente hacia la ciudad. Despu\u00e9s de eso, gire a la derecha \u00a1y ya llego!<\/em><\/p><p><strong>Horario:<\/strong> Lunes \u2013 Viernes de 8 a.m. a 5 p.m .; S\u00e1bados 8 a.m. \u2013 12 p.m.<\/p><\/blockquote>\n","protected":false},"excerpt":{"rendered":"<p>A todas las madres les encanta un buen descuento, \u00a1\u00bfy a qui\u00e9n no?! A partir de ma\u00f1ana, las tiendas y talleres de Altos de Chav\u00f3n est\u00e1n teniendo una VENTA ENORME justo a tiempo para el D\u00eda de las Madres! Jarrones de cer\u00e1mica hechos a mano, macetas, l\u00e1mparas y m\u00e1s de Emilio Robba estar\u00e1n disponibles en [&hellip;]<\/p>\n","protected":false},"author":36681,"featured_media":295251,"comment_status":"closed","ping_status":"closed","sticky":false,"template":"","format":"standard","meta":{"newspack_ads_suppress_ads":false,"newspack_popups_has_disabled_popups":false,"newspack_sponsor_sponsorship_scope":"","newspack_sponsor_native_byline_display":"inherit","newspack_sponsor_native_category_display":"inherit","newspack_sponsor_underwriter_style":"inherit","newspack_sponsor_underwriter_placement":"inherit","_newspack_byline_active":false,"_newspack_byline":"","newspack_hide_updated_date":false,"newspack_show_updated_date":false,"newspack_content_restriction_is_exempt":false,"newspack_featured_image_position":"","newspack_post_subtitle":"","newspack_article_summary_title":"Overview:","newspack_article_summary":"","_jetpack_memberships_contains_paid_content":false,"footnotes":"","jetpack_publicize_message":"","jetpack_publicize_feature_enabled":true,"jetpack_social_post_already_shared":false,"jetpack_social_options":{"image_generator_settings":{"template":"highway","default_image_id":0,"font":"","enabled":false},"version":2},"_wpas_customize_per_network":false},"categories":[26819,26823,6192,2530,14631,2506,14625,14627,2521],"tags":[15387,3575,10798,659,10694,1221,223,14736,18932,7709,12367],"newspack_spnsrs_tax":[],"class_list":["post-351521","post","type-post","status-publish","format-standard","has-post-thumbnail","hentry","category-altos-de-chavon-es","category-arte-y-cultura","category-businesses","category-compras-es","category-estilo-de-vida","category-mas-alla-de-casa-es","category-noticias-locales","category-proximamente","category-republica-dominicana-2","tag-altos-de-chavon-es","tag-altos-de-chavon-es-2","tag-ceramica","tag-costasur","tag-descuentos","tag-dia-de-las-madres","tag-emilio-robba","tag-featured-topview-es","tag-la-romana-es-4","tag-talleres","tag-venta","entry"],"yoast_head":"<!-- This site is optimized with the Yoast SEO plugin v27.4 - https:\/\/yoast.com\/product\/yoast-seo-wordpress\/ -->\n<title>\u00a1Ahora es el momento de comprar el regalo para el D\u00eda de las Madres de los talleres artesanales de Altos de Chav\u00f3n! | Casa de Campo Living<\/title>\n<meta name=\"description\" content=\"A todas las madres les encanta un buen descuento, \u00a1\u00bfy a qui\u00e9n no?! A partir de ma\u00f1ana, las tiendas y talleres de Altos de Chav\u00f3n est\u00e1n teniendo una VENTA\" \/>\n<meta name=\"robots\" content=\"index, follow, max-snippet:-1, max-image-preview:large, max-video-preview:-1\" \/>\n<link rel=\"canonical\" href=\"https:\/\/casadecampoliving.com\/es\/regalo-para-el-dia-de-las-madres-de-los-talleres-de-altos-de-chavon\/\" \/>\n<meta property=\"og:locale\" content=\"es_ES\" \/>\n<meta property=\"og:type\" content=\"article\" \/>\n<meta property=\"og:title\" content=\"\u00a1Ahora es el momento de comprar el regalo para el D\u00eda de las Madres de los talleres artesanales de Altos de Chav\u00f3n! | Casa de Campo Living\" \/>\n<meta property=\"og:description\" content=\"A todas las madres les encanta un buen descuento, \u00a1\u00bfy a qui\u00e9n no?! A partir de ma\u00f1ana, las tiendas y talleres de Altos de Chav\u00f3n est\u00e1n teniendo una VENTA\" \/>\n<meta property=\"og:url\" content=\"https:\/\/casadecampoliving.com\/es\/regalo-para-el-dia-de-las-madres-de-los-talleres-de-altos-de-chavon\/\" \/>\n<meta property=\"og:site_name\" content=\"Casa de Campo Living\" \/>\n<meta property=\"article:publisher\" content=\"https:\/\/www.facebook.com\/casadecampoliving\" \/>\n<meta property=\"article:published_time\" content=\"2017-05-24T04:00:00+00:00\" \/>\n<meta property=\"article:modified_time\" content=\"2022-10-21T23:02:45+00:00\" \/>\n<meta property=\"og:image\" content=\"https:\/\/i0.wp.com\/casadecampoliving.com\/wp-content\/uploads\/2022\/10\/IMG_6165-e1495643640238.jpg?fit=1000%2C561&ssl=1\" \/>\n\t<meta property=\"og:image:width\" content=\"1000\" \/>\n\t<meta property=\"og:image:height\" content=\"561\" \/>\n\t<meta property=\"og:image:type\" content=\"image\/jpeg\" \/>\n<meta name=\"author\" content=\"Heather Lincoln\" \/>\n<meta name=\"twitter:card\" content=\"summary_large_image\" \/>\n<meta name=\"twitter:creator\" content=\"@cdcliving\" \/>\n<meta name=\"twitter:site\" content=\"@cdcliving\" \/>\n<meta name=\"twitter:label1\" content=\"Escrito por\" \/>\n\t<meta name=\"twitter:data1\" content=\"Heather Lincoln\" \/>\n\t<meta name=\"twitter:label2\" content=\"Tiempo de lectura\" \/>\n\t<meta name=\"twitter:data2\" content=\"2 minutos\" \/>\n<script type=\"application\/ld+json\" class=\"yoast-schema-graph\">{\"@context\":\"https:\\\/\\\/schema.org\",\"@graph\":[{\"@type\":\"Article\",\"@id\":\"https:\\\/\\\/casadecampoliving.com\\\/es\\\/regalo-para-el-dia-de-las-madres-de-los-talleres-de-altos-de-chavon\\\/#article\",\"isPartOf\":{\"@id\":\"https:\\\/\\\/casadecampoliving.com\\\/es\\\/regalo-para-el-dia-de-las-madres-de-los-talleres-de-altos-de-chavon\\\/\"},\"author\":{\"name\":\"Heather Lincoln\",\"@id\":\"https:\\\/\\\/casadecampoliving.com\\\/es\\\/#\\\/schema\\\/person\\\/e3abfc63c1478fd703266a6f33a3145d\"},\"headline\":\"\u00a1Ahora es el momento de comprar el regalo para el D\u00eda de las Madres de los talleres artesanales de Altos de Chav\u00f3n!\",\"datePublished\":\"2017-05-24T04:00:00+00:00\",\"dateModified\":\"2022-10-21T23:02:45+00:00\",\"mainEntityOfPage\":{\"@id\":\"https:\\\/\\\/casadecampoliving.com\\\/es\\\/regalo-para-el-dia-de-las-madres-de-los-talleres-de-altos-de-chavon\\\/\"},\"wordCount\":344,\"publisher\":{\"@id\":\"https:\\\/\\\/casadecampoliving.com\\\/es\\\/#organization\"},\"image\":{\"@id\":\"https:\\\/\\\/casadecampoliving.com\\\/es\\\/regalo-para-el-dia-de-las-madres-de-los-talleres-de-altos-de-chavon\\\/#primaryimage\"},\"thumbnailUrl\":\"https:\\\/\\\/i0.wp.com\\\/casadecampoliving.com\\\/wp-content\\\/uploads\\\/2022\\\/10\\\/IMG_6165-e1495643640238.jpg?fit=1000%2C561&ssl=1\",\"keywords\":[\"Altos de Chavon\",\"Altos de Chavon -es\",\"cer\u00e1mica\",\"costasur\",\"descuentos\",\"dia de las madres\",\"Emilio Robba\",\"Featured-TopView @es\",\"La Romana\",\"talleres\",\"Venta\"],\"articleSection\":[\"Altos de Chavon @es\",\"Arte y cultura\",\"businesses\",\"Compras\",\"Estilo de Vida\",\"M\u00e1s all\u00e1 de Casa\",\"Noticias Locales\",\"Proximamente\",\"Rep\u00fablica Dominicana @es\"],\"inLanguage\":\"es\"},{\"@type\":\"WebPage\",\"@id\":\"https:\\\/\\\/casadecampoliving.com\\\/es\\\/regalo-para-el-dia-de-las-madres-de-los-talleres-de-altos-de-chavon\\\/\",\"url\":\"https:\\\/\\\/casadecampoliving.com\\\/es\\\/regalo-para-el-dia-de-las-madres-de-los-talleres-de-altos-de-chavon\\\/\",\"name\":\"\u00a1Ahora es el momento de comprar el regalo para el D\u00eda de las Madres de los talleres artesanales de Altos de Chav\u00f3n! | Casa de Campo Living\",\"isPartOf\":{\"@id\":\"https:\\\/\\\/casadecampoliving.com\\\/es\\\/#website\"},\"primaryImageOfPage\":{\"@id\":\"https:\\\/\\\/casadecampoliving.com\\\/es\\\/regalo-para-el-dia-de-las-madres-de-los-talleres-de-altos-de-chavon\\\/#primaryimage\"},\"image\":{\"@id\":\"https:\\\/\\\/casadecampoliving.com\\\/es\\\/regalo-para-el-dia-de-las-madres-de-los-talleres-de-altos-de-chavon\\\/#primaryimage\"},\"thumbnailUrl\":\"https:\\\/\\\/i0.wp.com\\\/casadecampoliving.com\\\/wp-content\\\/uploads\\\/2022\\\/10\\\/IMG_6165-e1495643640238.jpg?fit=1000%2C561&ssl=1\",\"datePublished\":\"2017-05-24T04:00:00+00:00\",\"dateModified\":\"2022-10-21T23:02:45+00:00\",\"description\":\"A todas las madres les encanta un buen descuento, \u00a1\u00bfy a qui\u00e9n no?! A partir de ma\u00f1ana, las tiendas y talleres de Altos de Chav\u00f3n est\u00e1n teniendo una VENTA\",\"breadcrumb\":{\"@id\":\"https:\\\/\\\/casadecampoliving.com\\\/es\\\/regalo-para-el-dia-de-las-madres-de-los-talleres-de-altos-de-chavon\\\/#breadcrumb\"},\"inLanguage\":\"es\",\"potentialAction\":[{\"@type\":\"ReadAction\",\"target\":[\"https:\\\/\\\/casadecampoliving.com\\\/es\\\/regalo-para-el-dia-de-las-madres-de-los-talleres-de-altos-de-chavon\\\/\"]}]},{\"@type\":\"ImageObject\",\"inLanguage\":\"es\",\"@id\":\"https:\\\/\\\/casadecampoliving.com\\\/es\\\/regalo-para-el-dia-de-las-madres-de-los-talleres-de-altos-de-chavon\\\/#primaryimage\",\"url\":\"https:\\\/\\\/i0.wp.com\\\/casadecampoliving.com\\\/wp-content\\\/uploads\\\/2022\\\/10\\\/IMG_6165-e1495643640238.jpg?fit=1000%2C561&ssl=1\",\"contentUrl\":\"https:\\\/\\\/i0.wp.com\\\/casadecampoliving.com\\\/wp-content\\\/uploads\\\/2022\\\/10\\\/IMG_6165-e1495643640238.jpg?fit=1000%2C561&ssl=1\",\"width\":1000,\"height\":561,\"caption\":\"Handmade Gifts - Mother's Day Sale\"},{\"@type\":\"BreadcrumbList\",\"@id\":\"https:\\\/\\\/casadecampoliving.com\\\/es\\\/regalo-para-el-dia-de-las-madres-de-los-talleres-de-altos-de-chavon\\\/#breadcrumb\",\"itemListElement\":[{\"@type\":\"ListItem\",\"position\":1,\"name\":\"Home\",\"item\":\"https:\\\/\\\/casadecampoliving.com\\\/es\\\/\"},{\"@type\":\"ListItem\",\"position\":2,\"name\":\"\u00a1Ahora es el momento de comprar el regalo para el D\u00eda de las Madres de los talleres artesanales de Altos de Chav\u00f3n!\"}]},{\"@type\":\"WebSite\",\"@id\":\"https:\\\/\\\/casadecampoliving.com\\\/es\\\/#website\",\"url\":\"https:\\\/\\\/casadecampoliving.com\\\/es\\\/\",\"name\":\"Casa de Campo Living\",\"description\":\"Resort community news and resources.\",\"publisher\":{\"@id\":\"https:\\\/\\\/casadecampoliving.com\\\/es\\\/#organization\"},\"potentialAction\":[{\"@type\":\"SearchAction\",\"target\":{\"@type\":\"EntryPoint\",\"urlTemplate\":\"https:\\\/\\\/casadecampoliving.com\\\/es\\\/?s={search_term_string}\"},\"query-input\":{\"@type\":\"PropertyValueSpecification\",\"valueRequired\":true,\"valueName\":\"search_term_string\"}}],\"inLanguage\":\"es\"},{\"@type\":\"Organization\",\"@id\":\"https:\\\/\\\/casadecampoliving.com\\\/es\\\/#organization\",\"name\":\"Casa de Campo Living\",\"url\":\"https:\\\/\\\/casadecampoliving.com\\\/es\\\/\",\"logo\":{\"@type\":\"ImageObject\",\"inLanguage\":\"es\",\"@id\":\"https:\\\/\\\/casadecampoliving.com\\\/es\\\/#\\\/schema\\\/logo\\\/image\\\/\",\"url\":\"https:\\\/\\\/i0.wp.com\\\/casadecampoliving.com\\\/wp-content\\\/uploads\\\/2022\\\/07\\\/CDCLivingLogo_V1-white-sized.png?fit=800%2C214&ssl=1\",\"contentUrl\":\"https:\\\/\\\/i0.wp.com\\\/casadecampoliving.com\\\/wp-content\\\/uploads\\\/2022\\\/07\\\/CDCLivingLogo_V1-white-sized.png?fit=800%2C214&ssl=1\",\"width\":800,\"height\":214,\"caption\":\"Casa de Campo Living\"},\"image\":{\"@id\":\"https:\\\/\\\/casadecampoliving.com\\\/es\\\/#\\\/schema\\\/logo\\\/image\\\/\"},\"sameAs\":[\"https:\\\/\\\/www.facebook.com\\\/casadecampoliving\",\"https:\\\/\\\/x.com\\\/cdcliving\"]},{\"@type\":\"Person\",\"@id\":\"https:\\\/\\\/casadecampoliving.com\\\/es\\\/#\\\/schema\\\/person\\\/e3abfc63c1478fd703266a6f33a3145d\",\"name\":\"Heather Lincoln\",\"image\":{\"@type\":\"ImageObject\",\"inLanguage\":\"es\",\"@id\":\"https:\\\/\\\/secure.gravatar.com\\\/avatar\\\/e8fc1ce4ad50385675908137b0d8d66be281d034bf072b4700460237638ea6d0?s=96&d=mm&r=g\",\"url\":\"https:\\\/\\\/secure.gravatar.com\\\/avatar\\\/e8fc1ce4ad50385675908137b0d8d66be281d034bf072b4700460237638ea6d0?s=96&d=mm&r=g\",\"contentUrl\":\"https:\\\/\\\/secure.gravatar.com\\\/avatar\\\/e8fc1ce4ad50385675908137b0d8d66be281d034bf072b4700460237638ea6d0?s=96&d=mm&r=g\",\"caption\":\"Heather Lincoln\"},\"url\":\"https:\\\/\\\/casadecampoliving.com\\\/es\\\/author\\\/hcastillo\\\/\"}]}<\/script>\n<!-- \/ Yoast SEO plugin. -->","yoast_head_json":{"title":"\u00a1Ahora es el momento de comprar el regalo para el D\u00eda de las Madres de los talleres artesanales de Altos de Chav\u00f3n! | Casa de Campo Living","description":"A todas las madres les encanta un buen descuento, \u00a1\u00bfy a qui\u00e9n no?! A partir de ma\u00f1ana, las tiendas y talleres de Altos de Chav\u00f3n est\u00e1n teniendo una VENTA","robots":{"index":"index","follow":"follow","max-snippet":"max-snippet:-1","max-image-preview":"max-image-preview:large","max-video-preview":"max-video-preview:-1"},"canonical":"https:\/\/casadecampoliving.com\/es\/regalo-para-el-dia-de-las-madres-de-los-talleres-de-altos-de-chavon\/","og_locale":"es_ES","og_type":"article","og_title":"\u00a1Ahora es el momento de comprar el regalo para el D\u00eda de las Madres de los talleres artesanales de Altos de Chav\u00f3n! | Casa de Campo Living","og_description":"A todas las madres les encanta un buen descuento, \u00a1\u00bfy a qui\u00e9n no?! A partir de ma\u00f1ana, las tiendas y talleres de Altos de Chav\u00f3n est\u00e1n teniendo una VENTA","og_url":"https:\/\/casadecampoliving.com\/es\/regalo-para-el-dia-de-las-madres-de-los-talleres-de-altos-de-chavon\/","og_site_name":"Casa de Campo Living","article_publisher":"https:\/\/www.facebook.com\/casadecampoliving","article_published_time":"2017-05-24T04:00:00+00:00","article_modified_time":"2022-10-21T23:02:45+00:00","og_image":[{"width":1000,"height":561,"url":"https:\/\/i0.wp.com\/casadecampoliving.com\/wp-content\/uploads\/2022\/10\/IMG_6165-e1495643640238.jpg?fit=1000%2C561&ssl=1","type":"image\/jpeg"}],"author":"Heather Lincoln","twitter_card":"summary_large_image","twitter_creator":"@cdcliving","twitter_site":"@cdcliving","twitter_misc":{"Escrito por":"Heather Lincoln","Tiempo de lectura":"2 minutos"},"schema":{"@context":"https:\/\/schema.org","@graph":[{"@type":"Article","@id":"https:\/\/casadecampoliving.com\/es\/regalo-para-el-dia-de-las-madres-de-los-talleres-de-altos-de-chavon\/#article","isPartOf":{"@id":"https:\/\/casadecampoliving.com\/es\/regalo-para-el-dia-de-las-madres-de-los-talleres-de-altos-de-chavon\/"},"author":{"name":"Heather Lincoln","@id":"https:\/\/casadecampoliving.com\/es\/#\/schema\/person\/e3abfc63c1478fd703266a6f33a3145d"},"headline":"\u00a1Ahora es el momento de comprar el regalo para el D\u00eda de las Madres de los talleres artesanales de Altos de Chav\u00f3n!","datePublished":"2017-05-24T04:00:00+00:00","dateModified":"2022-10-21T23:02:45+00:00","mainEntityOfPage":{"@id":"https:\/\/casadecampoliving.com\/es\/regalo-para-el-dia-de-las-madres-de-los-talleres-de-altos-de-chavon\/"},"wordCount":344,"publisher":{"@id":"https:\/\/casadecampoliving.com\/es\/#organization"},"image":{"@id":"https:\/\/casadecampoliving.com\/es\/regalo-para-el-dia-de-las-madres-de-los-talleres-de-altos-de-chavon\/#primaryimage"},"thumbnailUrl":"https:\/\/i0.wp.com\/casadecampoliving.com\/wp-content\/uploads\/2022\/10\/IMG_6165-e1495643640238.jpg?fit=1000%2C561&ssl=1","keywords":["Altos de Chavon","Altos de Chavon -es","cer\u00e1mica","costasur","descuentos","dia de las madres","Emilio Robba","Featured-TopView @es","La Romana","talleres","Venta"],"articleSection":["Altos de Chavon @es","Arte y cultura","businesses","Compras","Estilo de Vida","M\u00e1s all\u00e1 de Casa","Noticias Locales","Proximamente","Rep\u00fablica Dominicana @es"],"inLanguage":"es"},{"@type":"WebPage","@id":"https:\/\/casadecampoliving.com\/es\/regalo-para-el-dia-de-las-madres-de-los-talleres-de-altos-de-chavon\/","url":"https:\/\/casadecampoliving.com\/es\/regalo-para-el-dia-de-las-madres-de-los-talleres-de-altos-de-chavon\/","name":"\u00a1Ahora es el momento de comprar el regalo para el D\u00eda de las Madres de los talleres artesanales de Altos de Chav\u00f3n! | Casa de Campo Living","isPartOf":{"@id":"https:\/\/casadecampoliving.com\/es\/#website"},"primaryImageOfPage":{"@id":"https:\/\/casadecampoliving.com\/es\/regalo-para-el-dia-de-las-madres-de-los-talleres-de-altos-de-chavon\/#primaryimage"},"image":{"@id":"https:\/\/casadecampoliving.com\/es\/regalo-para-el-dia-de-las-madres-de-los-talleres-de-altos-de-chavon\/#primaryimage"},"thumbnailUrl":"https:\/\/i0.wp.com\/casadecampoliving.com\/wp-content\/uploads\/2022\/10\/IMG_6165-e1495643640238.jpg?fit=1000%2C561&ssl=1","datePublished":"2017-05-24T04:00:00+00:00","dateModified":"2022-10-21T23:02:45+00:00","description":"A todas las madres les encanta un buen descuento, \u00a1\u00bfy a qui\u00e9n no?! A partir de ma\u00f1ana, las tiendas y talleres de Altos de Chav\u00f3n est\u00e1n teniendo una VENTA","breadcrumb":{"@id":"https:\/\/casadecampoliving.com\/es\/regalo-para-el-dia-de-las-madres-de-los-talleres-de-altos-de-chavon\/#breadcrumb"},"inLanguage":"es","potentialAction":[{"@type":"ReadAction","target":["https:\/\/casadecampoliving.com\/es\/regalo-para-el-dia-de-las-madres-de-los-talleres-de-altos-de-chavon\/"]}]},{"@type":"ImageObject","inLanguage":"es","@id":"https:\/\/casadecampoliving.com\/es\/regalo-para-el-dia-de-las-madres-de-los-talleres-de-altos-de-chavon\/#primaryimage","url":"https:\/\/i0.wp.com\/casadecampoliving.com\/wp-content\/uploads\/2022\/10\/IMG_6165-e1495643640238.jpg?fit=1000%2C561&ssl=1","contentUrl":"https:\/\/i0.wp.com\/casadecampoliving.com\/wp-content\/uploads\/2022\/10\/IMG_6165-e1495643640238.jpg?fit=1000%2C561&ssl=1","width":1000,"height":561,"caption":"Handmade Gifts - Mother's Day Sale"},{"@type":"BreadcrumbList","@id":"https:\/\/casadecampoliving.com\/es\/regalo-para-el-dia-de-las-madres-de-los-talleres-de-altos-de-chavon\/#breadcrumb","itemListElement":[{"@type":"ListItem","position":1,"name":"Home","item":"https:\/\/casadecampoliving.com\/es\/"},{"@type":"ListItem","position":2,"name":"\u00a1Ahora es el momento de comprar el regalo para el D\u00eda de las Madres de los talleres artesanales de Altos de Chav\u00f3n!"}]},{"@type":"WebSite","@id":"https:\/\/casadecampoliving.com\/es\/#website","url":"https:\/\/casadecampoliving.com\/es\/","name":"Casa de Campo Living","description":"Resort community news and resources.","publisher":{"@id":"https:\/\/casadecampoliving.com\/es\/#organization"},"potentialAction":[{"@type":"SearchAction","target":{"@type":"EntryPoint","urlTemplate":"https:\/\/casadecampoliving.com\/es\/?s={search_term_string}"},"query-input":{"@type":"PropertyValueSpecification","valueRequired":true,"valueName":"search_term_string"}}],"inLanguage":"es"},{"@type":"Organization","@id":"https:\/\/casadecampoliving.com\/es\/#organization","name":"Casa de Campo Living","url":"https:\/\/casadecampoliving.com\/es\/","logo":{"@type":"ImageObject","inLanguage":"es","@id":"https:\/\/casadecampoliving.com\/es\/#\/schema\/logo\/image\/","url":"https:\/\/i0.wp.com\/casadecampoliving.com\/wp-content\/uploads\/2022\/07\/CDCLivingLogo_V1-white-sized.png?fit=800%2C214&ssl=1","contentUrl":"https:\/\/i0.wp.com\/casadecampoliving.com\/wp-content\/uploads\/2022\/07\/CDCLivingLogo_V1-white-sized.png?fit=800%2C214&ssl=1","width":800,"height":214,"caption":"Casa de Campo Living"},"image":{"@id":"https:\/\/casadecampoliving.com\/es\/#\/schema\/logo\/image\/"},"sameAs":["https:\/\/www.facebook.com\/casadecampoliving","https:\/\/x.com\/cdcliving"]},{"@type":"Person","@id":"https:\/\/casadecampoliving.com\/es\/#\/schema\/person\/e3abfc63c1478fd703266a6f33a3145d","name":"Heather Lincoln","image":{"@type":"ImageObject","inLanguage":"es","@id":"https:\/\/secure.gravatar.com\/avatar\/e8fc1ce4ad50385675908137b0d8d66be281d034bf072b4700460237638ea6d0?s=96&d=mm&r=g","url":"https:\/\/secure.gravatar.com\/avatar\/e8fc1ce4ad50385675908137b0d8d66be281d034bf072b4700460237638ea6d0?s=96&d=mm&r=g","contentUrl":"https:\/\/secure.gravatar.com\/avatar\/e8fc1ce4ad50385675908137b0d8d66be281d034bf072b4700460237638ea6d0?s=96&d=mm&r=g","caption":"Heather Lincoln"},"url":"https:\/\/casadecampoliving.com\/es\/author\/hcastillo\/"}]}},"parsely":{"version":"1.1.0","canonical_url":"https:\/\/casadecampoliving.com\/es\/regalo-para-el-dia-de-las-madres-de-los-talleres-de-altos-de-chavon\/","smart_links":{"inbound":0,"outbound":0},"traffic_boost_suggestions_count":0,"meta":{"@context":"https:\/\/schema.org","@type":"NewsArticle","headline":"\u00a1Ahora es el momento de comprar el regalo para el D\u00eda de las Madres de los talleres artesanales de Altos de Chav\u00f3n!","url":"http:\/\/casadecampoliving.com\/es\/regalo-para-el-dia-de-las-madres-de-los-talleres-de-altos-de-chavon\/","mainEntityOfPage":{"@type":"WebPage","@id":"http:\/\/casadecampoliving.com\/es\/regalo-para-el-dia-de-las-madres-de-los-talleres-de-altos-de-chavon\/"},"thumbnailUrl":"https:\/\/i0.wp.com\/casadecampoliving.com\/wp-content\/uploads\/2022\/10\/IMG_6165-e1495643640238.jpg?resize=150%2C150&ssl=1","image":{"@type":"ImageObject","url":"https:\/\/i0.wp.com\/casadecampoliving.com\/wp-content\/uploads\/2022\/10\/IMG_6165-e1495643640238.jpg?fit=1000%2C561&ssl=1"},"articleSection":"Altos de Chavon @es","author":[{"@type":"Person","name":"Heather Lincoln"}],"creator":["Heather Lincoln"],"publisher":{"@type":"Organization","name":"Casa de Campo Living","logo":"https:\/\/casadecampoliving.com\/wp-content\/uploads\/2022\/07\/CDCLivingLogo_V1-white-sized.png"},"keywords":["altos de chavon","altos de chavon -es","cer\u00e1mica","costasur","descuentos","dia de las madres","emilio robba","featured-topview @es","la romana","talleres","venta"],"dateCreated":"2017-05-24T04:00:00Z","datePublished":"2017-05-24T04:00:00Z","dateModified":"2022-10-21T23:02:45Z"},"rendered":"<script type=\"application\/ld+json\" class=\"wp-parsely-metadata\">{\"@context\":\"https:\\\/\\\/schema.org\",\"@type\":\"NewsArticle\",\"headline\":\"\\u00a1Ahora es el momento de comprar el regalo para el D\\u00eda de las Madres de los talleres artesanales de Altos de Chav\\u00f3n!\",\"url\":\"http:\\\/\\\/casadecampoliving.com\\\/es\\\/regalo-para-el-dia-de-las-madres-de-los-talleres-de-altos-de-chavon\\\/\",\"mainEntityOfPage\":{\"@type\":\"WebPage\",\"@id\":\"http:\\\/\\\/casadecampoliving.com\\\/es\\\/regalo-para-el-dia-de-las-madres-de-los-talleres-de-altos-de-chavon\\\/\"},\"thumbnailUrl\":\"https:\\\/\\\/i0.wp.com\\\/casadecampoliving.com\\\/wp-content\\\/uploads\\\/2022\\\/10\\\/IMG_6165-e1495643640238.jpg?resize=150%2C150&ssl=1\",\"image\":{\"@type\":\"ImageObject\",\"url\":\"https:\\\/\\\/i0.wp.com\\\/casadecampoliving.com\\\/wp-content\\\/uploads\\\/2022\\\/10\\\/IMG_6165-e1495643640238.jpg?fit=1000%2C561&ssl=1\"},\"articleSection\":\"Altos de Chavon @es\",\"author\":[{\"@type\":\"Person\",\"name\":\"Heather Lincoln\"}],\"creator\":[\"Heather Lincoln\"],\"publisher\":{\"@type\":\"Organization\",\"name\":\"Casa de Campo Living\",\"logo\":\"https:\\\/\\\/casadecampoliving.com\\\/wp-content\\\/uploads\\\/2022\\\/07\\\/CDCLivingLogo_V1-white-sized.png\"},\"keywords\":[\"altos de chavon\",\"altos de chavon -es\",\"cer\\u00e1mica\",\"costasur\",\"descuentos\",\"dia de las madres\",\"emilio robba\",\"featured-topview @es\",\"la romana\",\"talleres\",\"venta\"],\"dateCreated\":\"2017-05-24T04:00:00Z\",\"datePublished\":\"2017-05-24T04:00:00Z\",\"dateModified\":\"2022-10-21T23:02:45Z\"}<\/script>","tracker_url":"https:\/\/cdn.parsely.com\/keys\/casadecampoliving.com\/p.js"},"jetpack_publicize_connections":[],"jetpack_featured_media_url":"https:\/\/i0.wp.com\/casadecampoliving.com\/wp-content\/uploads\/2022\/10\/IMG_6165-e1495643640238.jpg?fit=1000%2C561&ssl=1","jetpack-related-posts":[{"id":349868,"url":"https:\/\/casadecampoliving.com\/es\/dia-de-las-madres-la-tienda\/","url_meta":{"origin":351521,"position":0},"title":"Descuentos del D\u00eda de las Madres en La Tienda","author":"Marlenys Guzm\u00e1n Casta\u00f1os","date":"24 May, 2016","format":false,"excerpt":"Este domingo se celebra el D\u00eda de las Madres en la Rep\u00fablica Dominicana, y le tenemos otra gran opci\u00f3n donde puede encontrar ese regalo especial. La Tienda en Altos de Chav\u00f3n est\u00e1 teniendo un especial con motivo del D\u00eda de las Madres que se extender\u00e1 hasta junio 15. La Tienda,\u2026","rel":"","context":"En \u00abAltos de Chavon @es\u00bb","block_context":{"text":"Altos de Chavon @es","link":"https:\/\/casadecampoliving.com\/category\/altos-de-chavon-es\/"},"img":{"alt_text":"Featured Image La Tienda","src":"https:\/\/i0.wp.com\/casadecampoliving.com\/wp-content\/uploads\/2022\/10\/Featured-Image-La-Tienda-1.jpg?fit=1000%2C600&ssl=1&resize=350%2C200","width":350,"height":200,"srcset":"https:\/\/i0.wp.com\/casadecampoliving.com\/wp-content\/uploads\/2022\/10\/Featured-Image-La-Tienda-1.jpg?fit=1000%2C600&ssl=1&resize=350%2C200 1x, https:\/\/i0.wp.com\/casadecampoliving.com\/wp-content\/uploads\/2022\/10\/Featured-Image-La-Tienda-1.jpg?fit=1000%2C600&ssl=1&resize=525%2C300 1.5x, https:\/\/i0.wp.com\/casadecampoliving.com\/wp-content\/uploads\/2022\/10\/Featured-Image-La-Tienda-1.jpg?fit=1000%2C600&ssl=1&resize=700%2C400 2x"},"classes":[]},{"id":349418,"url":"https:\/\/casadecampoliving.com\/es\/emilio-robba-collections-now-25\/","url_meta":{"origin":351521,"position":1},"title":"\u00a1 Emilio Robba ahora con 25% de descuento!","author":"Heather Lincoln","date":"15 Mar, 2016","format":false,"excerpt":"Emilio Robba es un famoso dise\u00f1ador de par\u00eds con tiendas de colecci\u00f3n por todo el mundo. Y una de ellas se encuentra justo aqu\u00ed en nuestra villa de artistas, Altos de Chav\u00f3n. Y con motivo a hacer espacio para la nueva colecci\u00f3n que est\u00e1 por llegar a Emilio Robba Art\u2026","rel":"","context":"En \u00abAltos de Chavon @es\u00bb","block_context":{"text":"Altos de Chavon @es","link":"https:\/\/casadecampoliving.com\/category\/altos-de-chavon-es\/"},"img":{"alt_text":"Emilio Robba Collection","src":"https:\/\/i0.wp.com\/casadecampoliving.com\/wp-content\/uploads\/2022\/10\/emilio_robba_orchids_planters-e1458071819142.jpg?fit=1000%2C685&ssl=1&resize=350%2C200","width":350,"height":200,"srcset":"https:\/\/i0.wp.com\/casadecampoliving.com\/wp-content\/uploads\/2022\/10\/emilio_robba_orchids_planters-e1458071819142.jpg?fit=1000%2C685&ssl=1&resize=350%2C200 1x, https:\/\/i0.wp.com\/casadecampoliving.com\/wp-content\/uploads\/2022\/10\/emilio_robba_orchids_planters-e1458071819142.jpg?fit=1000%2C685&ssl=1&resize=525%2C300 1.5x, https:\/\/i0.wp.com\/casadecampoliving.com\/wp-content\/uploads\/2022\/10\/emilio_robba_orchids_planters-e1458071819142.jpg?fit=1000%2C685&ssl=1&resize=700%2C400 2x"},"classes":[]},{"id":344374,"url":"https:\/\/casadecampoliving.com\/es\/emilio-robba-50-de-descuentos\/","url_meta":{"origin":351521,"position":2},"title":"Emilio Robba, 50% de descuentos.","author":"Gerolis Lagrage Zabala","date":"14 May, 2014","format":false,"excerpt":"Desde el d\u00eda hoy 14 de mayo, Emilio Robba Art Studios tiene un especial de 50% de descuento en sus mercanc\u00edas. La venta incluir\u00e1 cada uno de los productos presentes en los talleres de Altos de Chav\u00f3n, tales como cer\u00e1micas y tapices. As\u00ed como piezas dise\u00f1adas por el famoso \u201cescultor\u2026","rel":"","context":"En \u00abAltos de Chavon @es\u00bb","block_context":{"text":"Altos de Chavon @es","link":"https:\/\/casadecampoliving.com\/category\/altos-de-chavon-es\/"},"img":{"alt_text":"Emilio Robba","src":"https:\/\/i0.wp.com\/casadecampoliving.com\/wp-content\/uploads\/2022\/10\/emilio_robba1-1.jpg?fit=650%2C434&ssl=1&resize=350%2C200","width":350,"height":200,"srcset":"https:\/\/i0.wp.com\/casadecampoliving.com\/wp-content\/uploads\/2022\/10\/emilio_robba1-1.jpg?fit=650%2C434&ssl=1&resize=350%2C200 1x, https:\/\/i0.wp.com\/casadecampoliving.com\/wp-content\/uploads\/2022\/10\/emilio_robba1-1.jpg?fit=650%2C434&ssl=1&resize=525%2C300 1.5x"},"classes":[]},{"id":347860,"url":"https:\/\/casadecampoliving.com\/es\/venta-emilio-robba-altos-de-chavon\/","url_meta":{"origin":351521,"position":3},"title":"Venta de liquidaci\u00f3n en Emilio Robba en Altos de Chav\u00f3n","author":"Felix Guerrero","date":"29 Jul, 2015","format":false,"excerpt":"Si estaba pensando en reside\u00f1ar el interior de su hogar, ahora es el momento indicado, ya que en\u00a0Emilio Robba Art Studios est\u00e1n ofreciendo una venta de liquidaci\u00f3n con un 25% de descuento en toda su mercanc\u00eda. La venta, la cual incluye productos del taller de cer\u00e1mica de Altos de Chav\u00f3n,\u2026","rel":"","context":"En \u00abAltos de Chavon @es\u00bb","block_context":{"text":"Altos de Chavon @es","link":"https:\/\/casadecampoliving.com\/category\/altos-de-chavon-es\/"},"img":{"alt_text":"Emilio Robba Discount","src":"https:\/\/i0.wp.com\/casadecampoliving.com\/wp-content\/uploads\/2022\/10\/DSC5401ER-1.jpg?fit=650%2C400&ssl=1&resize=350%2C200","width":350,"height":200,"srcset":"https:\/\/i0.wp.com\/casadecampoliving.com\/wp-content\/uploads\/2022\/10\/DSC5401ER-1.jpg?fit=650%2C400&ssl=1&resize=350%2C200 1x, https:\/\/i0.wp.com\/casadecampoliving.com\/wp-content\/uploads\/2022\/10\/DSC5401ER-1.jpg?fit=650%2C400&ssl=1&resize=525%2C300 1.5x"},"classes":[]},{"id":433460,"url":"https:\/\/casadecampoliving.com\/es\/no-se-pierdan-el-increible-tributo-a-frank-sinatra-para-celebrar-el-40-aniversario-del-anfiteatro-altos-de-chavon\/","url_meta":{"origin":351521,"position":4},"title":"No se pierdan el incre\u00edble tributo a Frank Sinatra para celebrar el 40 aniversario del\u00a0Anfiteatro Altos de Chav\u00f3n","author":"Casa de Campo Living","date":"20 Oct, 2022","format":false,"excerpt":"Siendo uno de los escenarios m\u00e1s emblem\u00e1ticos del pa\u00eds, Casa de Campo Resort\u00ae & Villas celebra las cuatro d\u00e9cadas de aniversario de Altos de Chav\u00f3n con un tributo al gran Frank Sinatra, protagonizado por artistas invitados y una big band tal cual la que acompa\u00f1\u00f3 al artista hace 40 a\u00f1os\u2026","rel":"","context":"En \u00abUncategorized @es\u00bb","block_context":{"text":"Uncategorized @es","link":"https:\/\/casadecampoliving.com\/es\/category\/uncategorized-es\/"},"img":{"alt_text":"","src":"https:\/\/i0.wp.com\/casadecampoliving.com\/wp-content\/uploads\/2022\/10\/Tributo-Frank-Sinatra-Foto-Principal-Amaury-Sanchez-Danilo-Ginebra-Andres-Pichardo-y-Jose-Gabriel-Perez-.jpg?fit=1200%2C873&ssl=1&resize=350%2C200","width":350,"height":200,"srcset":"https:\/\/i0.wp.com\/casadecampoliving.com\/wp-content\/uploads\/2022\/10\/Tributo-Frank-Sinatra-Foto-Principal-Amaury-Sanchez-Danilo-Ginebra-Andres-Pichardo-y-Jose-Gabriel-Perez-.jpg?fit=1200%2C873&ssl=1&resize=350%2C200 1x, https:\/\/i0.wp.com\/casadecampoliving.com\/wp-content\/uploads\/2022\/10\/Tributo-Frank-Sinatra-Foto-Principal-Amaury-Sanchez-Danilo-Ginebra-Andres-Pichardo-y-Jose-Gabriel-Perez-.jpg?fit=1200%2C873&ssl=1&resize=525%2C300 1.5x, https:\/\/i0.wp.com\/casadecampoliving.com\/wp-content\/uploads\/2022\/10\/Tributo-Frank-Sinatra-Foto-Principal-Amaury-Sanchez-Danilo-Ginebra-Andres-Pichardo-y-Jose-Gabriel-Perez-.jpg?fit=1200%2C873&ssl=1&resize=700%2C400 2x, https:\/\/i0.wp.com\/casadecampoliving.com\/wp-content\/uploads\/2022\/10\/Tributo-Frank-Sinatra-Foto-Principal-Amaury-Sanchez-Danilo-Ginebra-Andres-Pichardo-y-Jose-Gabriel-Perez-.jpg?fit=1200%2C873&ssl=1&resize=1050%2C600 3x"},"classes":[]},{"id":340948,"url":"https:\/\/casadecampoliving.com\/es\/hoy-emilio-robba-les-invita-a-un-coctel-de-lanzamiento-de-su-nueva-coleccion\/","url_meta":{"origin":351521,"position":5},"title":"HOY Emilio Robba les invita a un c\u00f3ctel de lanzamiento de su nueva colecci\u00f3n","author":"Rebecca Silvestri","date":"5 Abr, 2013","format":false,"excerpt":"\u00a1Hola amigos de la comunidad de Casa de Campo! solo un recordatorio de que ESTA NOCHE es el c\u00f3ctel de celebraci\u00f3n del lanzamiento de la nueva colecci\u00f3n de Emilio Robba \u2013 \u00a1 y esperamos verte all\u00ed! Con una maravillosa selecci\u00f3n de c\u00f3cteles y canap\u00e9s siendo patrocinados por el hotel de\u2026","rel":"","context":"En \u00abAltos de Chavon @es\u00bb","block_context":{"text":"Altos de Chavon @es","link":"https:\/\/casadecampoliving.com\/category\/altos-de-chavon-es\/"},"img":{"alt_text":"","src":"https:\/\/i0.wp.com\/casadecampoliving.com\/wp-content\/uploads\/2022\/10\/emilio_robba.jpeg?fit=600%2C200&ssl=1&resize=350%2C200","width":350,"height":200,"srcset":"https:\/\/i0.wp.com\/casadecampoliving.com\/wp-content\/uploads\/2022\/10\/emilio_robba.jpeg?fit=600%2C200&ssl=1&resize=350%2C200 1x, https:\/\/i0.wp.com\/casadecampoliving.com\/wp-content\/uploads\/2022\/10\/emilio_robba.jpeg?fit=600%2C200&ssl=1&resize=525%2C300 1.5x"},"classes":[]}],"jetpack_sharing_enabled":true,"_links":{"self":[{"href":"https:\/\/casadecampoliving.com\/es\/wp-json\/wp\/v2\/posts\/351521","targetHints":{"allow":["GET"]}}],"collection":[{"href":"https:\/\/casadecampoliving.com\/es\/wp-json\/wp\/v2\/posts"}],"about":[{"href":"https:\/\/casadecampoliving.com\/es\/wp-json\/wp\/v2\/types\/post"}],"author":[{"embeddable":true,"href":"https:\/\/casadecampoliving.com\/es\/wp-json\/wp\/v2\/users\/36681"}],"replies":[{"embeddable":true,"href":"https:\/\/casadecampoliving.com\/es\/wp-json\/wp\/v2\/comments?post=351521"}],"version-history":[{"count":1,"href":"https:\/\/casadecampoliving.com\/es\/wp-json\/wp\/v2\/posts\/351521\/revisions"}],"predecessor-version":[{"id":351522,"href":"https:\/\/casadecampoliving.com\/es\/wp-json\/wp\/v2\/posts\/351521\/revisions\/351522"}],"wp:featuredmedia":[{"embeddable":true,"href":"https:\/\/casadecampoliving.com\/es\/wp-json\/wp\/v2\/media\/295251"}],"wp:attachment":[{"href":"https:\/\/casadecampoliving.com\/es\/wp-json\/wp\/v2\/media?parent=351521"}],"wp:term":[{"taxonomy":"category","embeddable":true,"href":"https:\/\/casadecampoliving.com\/es\/wp-json\/wp\/v2\/categories?post=351521"},{"taxonomy":"post_tag","embeddable":true,"href":"https:\/\/casadecampoliving.com\/es\/wp-json\/wp\/v2\/tags?post=351521"},{"taxonomy":"newspack_spnsrs_tax","embeddable":true,"href":"https:\/\/casadecampoliving.com\/es\/wp-json\/wp\/v2\/newspack_spnsrs_tax?post=351521"}],"curies":[{"name":"wp","href":"https:\/\/api.w.org\/{rel}","templated":true}]}}