{"id":351517,"date":"2017-05-23T00:00:00","date_gmt":"2017-05-23T04:00:00","guid":{"rendered":"https:\/\/casadecampoliving.com\/campamento-de-verano-ki-ras-wild-kids\/"},"modified":"2022-10-21T19:02:30","modified_gmt":"2022-10-21T23:02:30","slug":"campamento-de-verano-ki-ras-wild-kids","status":"publish","type":"post","link":"https:\/\/casadecampoliving.com\/es\/campamento-de-verano-ki-ras-wild-kids\/","title":{"rendered":"Campamento de verano Ki-Ra&#8217;s Wild Kids"},"content":{"rendered":"\n<p>Estamos seguros de que la mayor\u00eda de ustedes ha notado el alza en la temperatura, que s\u00f3lo puede significar una cosa\u2026 \u00a1el verano ya est\u00e1 aqu\u00ed! Para aquellos de nosotros que tenemos ni\u00f1os, tambi\u00e9n es hora de pensar en actividades divertidas que pueden hacer durante las vacaciones, pero que tambi\u00e9n les ense\u00f1en algo. Aqu\u00ed es donde Kyra Montagu de Ki-Ra Holistic Living entra. Ella ha preparado un programa de campamento de verano muy especial para los ni\u00f1os donde podr\u00e1n ponerse en contacto con la naturaleza y abrazar la vida hol\u00edstica!<br>\n<\/p>\n\n\n\n<!--more-->\n\n\n\n<p>Ki-Ra es un centro hol\u00edstico \u00fanico situado justo afuera de Casa de Campo en Boca Chav\u00f3n donde uno puede retirarse para encontrar la paz, uno mismo, y ponerse en contacto con la naturaleza. Todo el mundo conoce a <a href=\"https:\/\/casadecampoliving.com\/es\/bienestar-kyra-montagu\/\">Kyra Montagu<\/a> como m\u00e9dico naturop\u00e1tico&nbsp;respetuoso y cuidadoso, yogini y experta en salud hol\u00edstica en Casa. En el pasado, ocup\u00f3 el cargo de directora del <a href=\"https:\/\/casadecampoliving.com\/es\/desintoxicacion-comunitaria-proxima-semana\/\">Spa de Casa de Campo<\/a> y ahora se dedica a tiempo completo a proyectos muy intersantes como retiros espirituales con chamanes y talleres de meditaci\u00f3n, todos ellos en su casa justo al otro lado del r\u00edo.<\/p>\n\n\n<div class=\"wp-block-image\">\n<figure class=\"aligncenter is-resized\"><img loading=\"lazy\" decoding=\"async\" src=\"https:\/\/i0.wp.com\/casadecampoliving.com\/wp-content\/uploads\/2022\/10\/shutterstock_212954773.jpg?resize=1000%2C667&amp;ssl=1\" alt=\"\" class=\"wp-image-119223\" height=\"667\" width=\"1000\"\/><\/figure>\n<\/div>\n\n\n<p>Del 4 al 12 de agosto, Ki-Ra estar\u00e1 realizando un campamento para ni\u00f1os de 6 a 13 a\u00f1os de edad. \u00a1Ser\u00e1 una semana llena de actividades divertidas que no olvidar\u00e1n! Disfrutar\u00e1n de hogueras en la playa, nataci\u00f3n, b\u00fasqueda de tesoros, capoeira, ba\u00f1os de barro, carreras de obst\u00e1culos y muchas m\u00e1s actividades al aire libre. Una serie de beneficios f\u00edsicos y emocionales de salud les impactar\u00e1 y ense\u00f1ar\u00e1 un estilo de vida saludable. Adem\u00e1s, una dieta totalmente org\u00e1nica y saludable con s\u00f3lo los m\u00e1s frescos productos locales se les proporcionar\u00e1 desde el propio jard\u00edn de Ki-Ra.<\/p>\n\n\n\n<p>Una semana disfrutando de actividades al aire libre es algo que nuestros ni\u00f1os realmente necesitan en esta era llena de tecnolog\u00eda. \u00a1D\u00e9 a Ki-Ra una llamada para descubrir m\u00e1s sobre este campamento de verano e inscribirse!<\/p>\n\n\n\n<blockquote><p><b>Ki-Ra Holistic Living Wild Kids Summer Camp<\/b><\/p><figure><img decoding=\"async\" loading=\"lazy\" class=\"aligncenter size-large wp-image-141962\" src=\"https:\/\/i0.wp.com\/casadecampoliving.com\/wp-content\/uploads\/2022\/10\/WILD-KIDS-CAMP-1024x1024-2-1024x1024.jpg?resize=620%2C620&amp;ssl=1\" alt=\"\" width=\"620\" height=\"620\"><\/figure><p><strong>Para<\/strong>: Ni\u00f1os de 6 a 13 a\u00f1os de edad<\/p><p><strong>Cu\u00e1ndo<\/strong>: Viernes, 4 de agosto \u2013 S\u00e1bado, 12 de agosto<\/p><p><strong>Precio<\/strong>: USD $ 750<\/p><p><strong>D\u00f3nde<\/strong>: Ki-Ra Holistic Living; Boca Chav\u00f3n<\/p><p>Reserve your space by calling<strong>&nbsp;<\/strong>809-902-8491 or emailing&nbsp;<a href=\"mailto:kira@ki-ra.com\">kira@ki-ra.com<\/a><\/p><p><strong>Website:&nbsp;<\/strong><a href=\"http:\/\/www.ki-ra.com\/\">www.ki-ra.com<\/a><\/p><p><strong>Facebook:<\/strong><a href=\"https:\/\/www.facebook.com\/KiRaHolisticLiving\"> KiRaHolisticLiving<\/a><\/p><p><strong>Instagram:<\/strong> <a href=\"https:\/\/www.instagram.com\/kiraholisticliving\/\">@KiraHolisticLiving<\/a><\/p><\/blockquote>\n\n\n\n<blockquote><figure><img decoding=\"async\" loading=\"lazy\" class=\"size-medium wp-image-141964 alignright\" src=\"https:\/\/i0.wp.com\/casadecampoliving.com\/wp-content\/uploads\/2022\/10\/Ki-ra_logo.jpg?resize=150%2C150&amp;ssl=1\" alt=\"\" width=\"150\" height=\"150\"><\/figure><p><b>KI-RA HOLISTIC LIVING<\/b><\/p><p><span lang=\"es\">Ki \u2013 Ra es un lugar donde puede venir y experimentar la vida hol\u00edstica llevando tanto o tan poco como desee. Tener una vida hol\u00edstica significa tener una forma de vida que conecta la naturaleza y consigo mismo; la b\u00fasqueda de su equilibrio perfecto entre la salud, diversi\u00f3n, relaciones con la familia, los amigos y el medio ambiente, vivir en sinton\u00eda con la naturaleza y disfrutar plenamente de todos los aspectos de su vida. La energ\u00eda aqu\u00ed es muy tranquila por lo que definitivamente es un escape de la vida cotidiana y puede venir y pasar un tiempo relajaci\u00f3n con tratamientos y alimentos saludables, nos esforzamos en hacer de esto es una experiencia divertida para que as\u00ed siga siendo algo que disfrute y quiera continuar haciendo en su vida diaria.<\/span><\/p><p><span lang=\"es\">Encuentre m\u00e1s informaci\u00f3n en:&nbsp;<\/span><a href=\"http:\/\/www.ki-ra.com\/#!about-us\/cjg9\">www.Ki-Ra.com<\/a><\/p><\/blockquote>\n","protected":false},"excerpt":{"rendered":"<p>Estamos seguros de que la mayor\u00eda de ustedes ha notado el alza en la temperatura, que s\u00f3lo puede significar una cosa\u2026 \u00a1el verano ya est\u00e1 aqu\u00ed! Para aquellos de nosotros que tenemos ni\u00f1os, tambi\u00e9n es hora de pensar en actividades divertidas que pueden hacer durante las vacaciones, pero que tambi\u00e9n les ense\u00f1en algo. Aqu\u00ed es [&hellip;]<\/p>\n","protected":false},"author":36682,"featured_media":295014,"comment_status":"closed","ping_status":"closed","sticky":false,"template":"","format":"standard","meta":{"newspack_ads_suppress_ads":false,"newspack_popups_has_disabled_popups":false,"newspack_sponsor_sponsorship_scope":"","newspack_sponsor_native_byline_display":"inherit","newspack_sponsor_native_category_display":"inherit","newspack_sponsor_underwriter_style":"inherit","newspack_sponsor_underwriter_placement":"inherit","_newspack_byline_active":false,"_newspack_byline":"","newspack_hide_updated_date":false,"newspack_show_updated_date":false,"newspack_content_restriction_is_exempt":false,"newspack_featured_image_position":"","newspack_post_subtitle":"","newspack_article_summary_title":"Overview:","newspack_article_summary":"","_jetpack_memberships_contains_paid_content":false,"footnotes":"","jetpack_publicize_message":"","jetpack_publicize_feature_enabled":true,"jetpack_social_post_already_shared":false,"jetpack_social_options":{"image_generator_settings":{"template":"highway","default_image_id":0,"font":"","enabled":false},"version":2},"_wpas_customize_per_network":false},"categories":[14631,2522,2506,9719,14627,2521,2527],"tags":[10696,2871,13459,10917,23757,8676,18028,12936,9469,12837],"newspack_spnsrs_tax":[],"class_list":["post-351517","post","type-post","status-publish","format-standard","has-post-thumbnail","hentry","category-estilo-de-vida","category-eventos-es","category-mas-alla-de-casa-es","category-naturaleza-y-fauna","category-proximamente","category-republica-dominicana-2","category-salud","tag-campamento","tag-escuela","tag-holistico","tag-ki-ra-es","tag-kids-es","tag-ninos","tag-organico","tag-vacaciones","tag-verano","tag-yoga-es","entry"],"yoast_head":"<!-- This site is optimized with the Yoast SEO plugin v27.4 - https:\/\/yoast.com\/product\/yoast-seo-wordpress\/ -->\n<title>Campamento de verano Ki-Ra&#039;s Wild Kids | Casa de Campo Living<\/title>\n<meta name=\"description\" content=\"Estamos seguros de que la mayor\u00eda de ustedes ha notado el alza en la temperatura, que s\u00f3lo puede significar una cosa\u2026 \u00a1el verano ya est\u00e1 aqu\u00ed! Para\" \/>\n<meta name=\"robots\" content=\"index, follow, max-snippet:-1, max-image-preview:large, max-video-preview:-1\" \/>\n<link rel=\"canonical\" href=\"https:\/\/casadecampoliving.com\/es\/campamento-de-verano-ki-ras-wild-kids\/\" \/>\n<meta property=\"og:locale\" content=\"es_ES\" \/>\n<meta property=\"og:type\" content=\"article\" \/>\n<meta property=\"og:title\" content=\"Campamento de verano Ki-Ra&#039;s Wild Kids | Casa de Campo Living\" \/>\n<meta property=\"og:description\" content=\"Estamos seguros de que la mayor\u00eda de ustedes ha notado el alza en la temperatura, que s\u00f3lo puede significar una cosa\u2026 \u00a1el verano ya est\u00e1 aqu\u00ed! Para\" \/>\n<meta property=\"og:url\" content=\"https:\/\/casadecampoliving.com\/es\/campamento-de-verano-ki-ras-wild-kids\/\" \/>\n<meta property=\"og:site_name\" content=\"Casa de Campo Living\" \/>\n<meta property=\"article:publisher\" content=\"https:\/\/www.facebook.com\/casadecampoliving\" \/>\n<meta property=\"article:published_time\" content=\"2017-05-23T04:00:00+00:00\" \/>\n<meta property=\"article:modified_time\" content=\"2022-10-21T23:02:30+00:00\" \/>\n<meta property=\"og:image\" content=\"https:\/\/i0.wp.com\/casadecampoliving.com\/wp-content\/uploads\/2022\/10\/Ki-Ra-Instagram-Family-Day.png?fit=1000%2C600&ssl=1\" \/>\n\t<meta property=\"og:image:width\" content=\"1000\" \/>\n\t<meta property=\"og:image:height\" content=\"600\" \/>\n\t<meta property=\"og:image:type\" content=\"image\/png\" \/>\n<meta name=\"author\" content=\"Marlenys Guzm\u00e1n Casta\u00f1os\" \/>\n<meta name=\"twitter:card\" content=\"summary_large_image\" \/>\n<meta name=\"twitter:creator\" content=\"@cdcliving\" \/>\n<meta name=\"twitter:site\" content=\"@cdcliving\" \/>\n<meta name=\"twitter:label1\" content=\"Escrito por\" \/>\n\t<meta name=\"twitter:data1\" content=\"Marlenys Guzm\u00e1n Casta\u00f1os\" \/>\n\t<meta name=\"twitter:label2\" content=\"Tiempo de lectura\" \/>\n\t<meta name=\"twitter:data2\" content=\"3 minutos\" \/>\n<script type=\"application\/ld+json\" class=\"yoast-schema-graph\">{\"@context\":\"https:\\\/\\\/schema.org\",\"@graph\":[{\"@type\":\"Article\",\"@id\":\"https:\\\/\\\/casadecampoliving.com\\\/es\\\/campamento-de-verano-ki-ras-wild-kids\\\/#article\",\"isPartOf\":{\"@id\":\"https:\\\/\\\/casadecampoliving.com\\\/es\\\/campamento-de-verano-ki-ras-wild-kids\\\/\"},\"author\":{\"name\":\"Marlenys Guzm\u00e1n Casta\u00f1os\",\"@id\":\"https:\\\/\\\/casadecampoliving.com\\\/es\\\/#\\\/schema\\\/person\\\/b6606bd87f9cec8f5903e2141cafda24\"},\"headline\":\"Campamento de verano Ki-Ra&#8217;s Wild Kids\",\"datePublished\":\"2017-05-23T04:00:00+00:00\",\"dateModified\":\"2022-10-21T23:02:30+00:00\",\"mainEntityOfPage\":{\"@id\":\"https:\\\/\\\/casadecampoliving.com\\\/es\\\/campamento-de-verano-ki-ras-wild-kids\\\/\"},\"wordCount\":566,\"publisher\":{\"@id\":\"https:\\\/\\\/casadecampoliving.com\\\/es\\\/#organization\"},\"image\":{\"@id\":\"https:\\\/\\\/casadecampoliving.com\\\/es\\\/campamento-de-verano-ki-ras-wild-kids\\\/#primaryimage\"},\"thumbnailUrl\":\"https:\\\/\\\/i0.wp.com\\\/casadecampoliving.com\\\/wp-content\\\/uploads\\\/2022\\\/10\\\/Ki-Ra-Instagram-Family-Day.png?fit=1000%2C600&ssl=1\",\"keywords\":[\"Campamento\",\"escuela\",\"Hol\u00edstico\",\"Ki-ra @es\",\"Kids\",\"ni\u00f1os\",\"organico\",\"Vacaciones\",\"Verano\",\"Yoga @es\"],\"articleSection\":[\"Estilo de Vida\",\"Eventos\",\"M\u00e1s all\u00e1 de Casa\",\"Naturaleza y Fauna\",\"Proximamente\",\"Rep\u00fablica Dominicana @es\",\"Salud\"],\"inLanguage\":\"es\"},{\"@type\":\"WebPage\",\"@id\":\"https:\\\/\\\/casadecampoliving.com\\\/es\\\/campamento-de-verano-ki-ras-wild-kids\\\/\",\"url\":\"https:\\\/\\\/casadecampoliving.com\\\/es\\\/campamento-de-verano-ki-ras-wild-kids\\\/\",\"name\":\"Campamento de verano Ki-Ra's Wild Kids | Casa de Campo Living\",\"isPartOf\":{\"@id\":\"https:\\\/\\\/casadecampoliving.com\\\/es\\\/#website\"},\"primaryImageOfPage\":{\"@id\":\"https:\\\/\\\/casadecampoliving.com\\\/es\\\/campamento-de-verano-ki-ras-wild-kids\\\/#primaryimage\"},\"image\":{\"@id\":\"https:\\\/\\\/casadecampoliving.com\\\/es\\\/campamento-de-verano-ki-ras-wild-kids\\\/#primaryimage\"},\"thumbnailUrl\":\"https:\\\/\\\/i0.wp.com\\\/casadecampoliving.com\\\/wp-content\\\/uploads\\\/2022\\\/10\\\/Ki-Ra-Instagram-Family-Day.png?fit=1000%2C600&ssl=1\",\"datePublished\":\"2017-05-23T04:00:00+00:00\",\"dateModified\":\"2022-10-21T23:02:30+00:00\",\"description\":\"Estamos seguros de que la mayor\u00eda de ustedes ha notado el alza en la temperatura, que s\u00f3lo puede significar una cosa\u2026 \u00a1el verano ya est\u00e1 aqu\u00ed! Para\",\"breadcrumb\":{\"@id\":\"https:\\\/\\\/casadecampoliving.com\\\/es\\\/campamento-de-verano-ki-ras-wild-kids\\\/#breadcrumb\"},\"inLanguage\":\"es\",\"potentialAction\":[{\"@type\":\"ReadAction\",\"target\":[\"https:\\\/\\\/casadecampoliving.com\\\/es\\\/campamento-de-verano-ki-ras-wild-kids\\\/\"]}]},{\"@type\":\"ImageObject\",\"inLanguage\":\"es\",\"@id\":\"https:\\\/\\\/casadecampoliving.com\\\/es\\\/campamento-de-verano-ki-ras-wild-kids\\\/#primaryimage\",\"url\":\"https:\\\/\\\/i0.wp.com\\\/casadecampoliving.com\\\/wp-content\\\/uploads\\\/2022\\\/10\\\/Ki-Ra-Instagram-Family-Day.png?fit=1000%2C600&ssl=1\",\"contentUrl\":\"https:\\\/\\\/i0.wp.com\\\/casadecampoliving.com\\\/wp-content\\\/uploads\\\/2022\\\/10\\\/Ki-Ra-Instagram-Family-Day.png?fit=1000%2C600&ssl=1\",\"width\":1000,\"height\":600,\"caption\":\"Ki-Ra Instagram Family Day\"},{\"@type\":\"BreadcrumbList\",\"@id\":\"https:\\\/\\\/casadecampoliving.com\\\/es\\\/campamento-de-verano-ki-ras-wild-kids\\\/#breadcrumb\",\"itemListElement\":[{\"@type\":\"ListItem\",\"position\":1,\"name\":\"Home\",\"item\":\"https:\\\/\\\/casadecampoliving.com\\\/es\\\/\"},{\"@type\":\"ListItem\",\"position\":2,\"name\":\"Campamento de verano Ki-Ra&#8217;s Wild Kids\"}]},{\"@type\":\"WebSite\",\"@id\":\"https:\\\/\\\/casadecampoliving.com\\\/es\\\/#website\",\"url\":\"https:\\\/\\\/casadecampoliving.com\\\/es\\\/\",\"name\":\"Casa de Campo Living\",\"description\":\"Resort community news and resources.\",\"publisher\":{\"@id\":\"https:\\\/\\\/casadecampoliving.com\\\/es\\\/#organization\"},\"potentialAction\":[{\"@type\":\"SearchAction\",\"target\":{\"@type\":\"EntryPoint\",\"urlTemplate\":\"https:\\\/\\\/casadecampoliving.com\\\/es\\\/?s={search_term_string}\"},\"query-input\":{\"@type\":\"PropertyValueSpecification\",\"valueRequired\":true,\"valueName\":\"search_term_string\"}}],\"inLanguage\":\"es\"},{\"@type\":\"Organization\",\"@id\":\"https:\\\/\\\/casadecampoliving.com\\\/es\\\/#organization\",\"name\":\"Casa de Campo Living\",\"url\":\"https:\\\/\\\/casadecampoliving.com\\\/es\\\/\",\"logo\":{\"@type\":\"ImageObject\",\"inLanguage\":\"es\",\"@id\":\"https:\\\/\\\/casadecampoliving.com\\\/es\\\/#\\\/schema\\\/logo\\\/image\\\/\",\"url\":\"https:\\\/\\\/i0.wp.com\\\/casadecampoliving.com\\\/wp-content\\\/uploads\\\/2022\\\/07\\\/CDCLivingLogo_V1-white-sized.png?fit=800%2C214&ssl=1\",\"contentUrl\":\"https:\\\/\\\/i0.wp.com\\\/casadecampoliving.com\\\/wp-content\\\/uploads\\\/2022\\\/07\\\/CDCLivingLogo_V1-white-sized.png?fit=800%2C214&ssl=1\",\"width\":800,\"height\":214,\"caption\":\"Casa de Campo Living\"},\"image\":{\"@id\":\"https:\\\/\\\/casadecampoliving.com\\\/es\\\/#\\\/schema\\\/logo\\\/image\\\/\"},\"sameAs\":[\"https:\\\/\\\/www.facebook.com\\\/casadecampoliving\",\"https:\\\/\\\/x.com\\\/cdcliving\"]},{\"@type\":\"Person\",\"@id\":\"https:\\\/\\\/casadecampoliving.com\\\/es\\\/#\\\/schema\\\/person\\\/b6606bd87f9cec8f5903e2141cafda24\",\"name\":\"Marlenys Guzm\u00e1n Casta\u00f1os\",\"image\":{\"@type\":\"ImageObject\",\"inLanguage\":\"es\",\"@id\":\"https:\\\/\\\/secure.gravatar.com\\\/avatar\\\/72f3f86b8e6b3ec744201aeadf11d4a6055e8af194aecd9ad30ffff4437878ee?s=96&d=mm&r=g\",\"url\":\"https:\\\/\\\/secure.gravatar.com\\\/avatar\\\/72f3f86b8e6b3ec744201aeadf11d4a6055e8af194aecd9ad30ffff4437878ee?s=96&d=mm&r=g\",\"contentUrl\":\"https:\\\/\\\/secure.gravatar.com\\\/avatar\\\/72f3f86b8e6b3ec744201aeadf11d4a6055e8af194aecd9ad30ffff4437878ee?s=96&d=mm&r=g\",\"caption\":\"Marlenys Guzm\u00e1n Casta\u00f1os\"},\"url\":\"https:\\\/\\\/casadecampoliving.com\\\/es\\\/author\\\/mguzman\\\/\"}]}<\/script>\n<!-- \/ Yoast SEO plugin. -->","yoast_head_json":{"title":"Campamento de verano Ki-Ra's Wild Kids | Casa de Campo Living","description":"Estamos seguros de que la mayor\u00eda de ustedes ha notado el alza en la temperatura, que s\u00f3lo puede significar una cosa\u2026 \u00a1el verano ya est\u00e1 aqu\u00ed! Para","robots":{"index":"index","follow":"follow","max-snippet":"max-snippet:-1","max-image-preview":"max-image-preview:large","max-video-preview":"max-video-preview:-1"},"canonical":"https:\/\/casadecampoliving.com\/es\/campamento-de-verano-ki-ras-wild-kids\/","og_locale":"es_ES","og_type":"article","og_title":"Campamento de verano Ki-Ra's Wild Kids | Casa de Campo Living","og_description":"Estamos seguros de que la mayor\u00eda de ustedes ha notado el alza en la temperatura, que s\u00f3lo puede significar una cosa\u2026 \u00a1el verano ya est\u00e1 aqu\u00ed! Para","og_url":"https:\/\/casadecampoliving.com\/es\/campamento-de-verano-ki-ras-wild-kids\/","og_site_name":"Casa de Campo Living","article_publisher":"https:\/\/www.facebook.com\/casadecampoliving","article_published_time":"2017-05-23T04:00:00+00:00","article_modified_time":"2022-10-21T23:02:30+00:00","og_image":[{"width":1000,"height":600,"url":"https:\/\/i0.wp.com\/casadecampoliving.com\/wp-content\/uploads\/2022\/10\/Ki-Ra-Instagram-Family-Day.png?fit=1000%2C600&ssl=1","type":"image\/png"}],"author":"Marlenys Guzm\u00e1n Casta\u00f1os","twitter_card":"summary_large_image","twitter_creator":"@cdcliving","twitter_site":"@cdcliving","twitter_misc":{"Escrito por":"Marlenys Guzm\u00e1n Casta\u00f1os","Tiempo de lectura":"3 minutos"},"schema":{"@context":"https:\/\/schema.org","@graph":[{"@type":"Article","@id":"https:\/\/casadecampoliving.com\/es\/campamento-de-verano-ki-ras-wild-kids\/#article","isPartOf":{"@id":"https:\/\/casadecampoliving.com\/es\/campamento-de-verano-ki-ras-wild-kids\/"},"author":{"name":"Marlenys Guzm\u00e1n Casta\u00f1os","@id":"https:\/\/casadecampoliving.com\/es\/#\/schema\/person\/b6606bd87f9cec8f5903e2141cafda24"},"headline":"Campamento de verano Ki-Ra&#8217;s Wild Kids","datePublished":"2017-05-23T04:00:00+00:00","dateModified":"2022-10-21T23:02:30+00:00","mainEntityOfPage":{"@id":"https:\/\/casadecampoliving.com\/es\/campamento-de-verano-ki-ras-wild-kids\/"},"wordCount":566,"publisher":{"@id":"https:\/\/casadecampoliving.com\/es\/#organization"},"image":{"@id":"https:\/\/casadecampoliving.com\/es\/campamento-de-verano-ki-ras-wild-kids\/#primaryimage"},"thumbnailUrl":"https:\/\/i0.wp.com\/casadecampoliving.com\/wp-content\/uploads\/2022\/10\/Ki-Ra-Instagram-Family-Day.png?fit=1000%2C600&ssl=1","keywords":["Campamento","escuela","Hol\u00edstico","Ki-ra @es","Kids","ni\u00f1os","organico","Vacaciones","Verano","Yoga @es"],"articleSection":["Estilo de Vida","Eventos","M\u00e1s all\u00e1 de Casa","Naturaleza y Fauna","Proximamente","Rep\u00fablica Dominicana @es","Salud"],"inLanguage":"es"},{"@type":"WebPage","@id":"https:\/\/casadecampoliving.com\/es\/campamento-de-verano-ki-ras-wild-kids\/","url":"https:\/\/casadecampoliving.com\/es\/campamento-de-verano-ki-ras-wild-kids\/","name":"Campamento de verano Ki-Ra's Wild Kids | Casa de Campo Living","isPartOf":{"@id":"https:\/\/casadecampoliving.com\/es\/#website"},"primaryImageOfPage":{"@id":"https:\/\/casadecampoliving.com\/es\/campamento-de-verano-ki-ras-wild-kids\/#primaryimage"},"image":{"@id":"https:\/\/casadecampoliving.com\/es\/campamento-de-verano-ki-ras-wild-kids\/#primaryimage"},"thumbnailUrl":"https:\/\/i0.wp.com\/casadecampoliving.com\/wp-content\/uploads\/2022\/10\/Ki-Ra-Instagram-Family-Day.png?fit=1000%2C600&ssl=1","datePublished":"2017-05-23T04:00:00+00:00","dateModified":"2022-10-21T23:02:30+00:00","description":"Estamos seguros de que la mayor\u00eda de ustedes ha notado el alza en la temperatura, que s\u00f3lo puede significar una cosa\u2026 \u00a1el verano ya est\u00e1 aqu\u00ed! Para","breadcrumb":{"@id":"https:\/\/casadecampoliving.com\/es\/campamento-de-verano-ki-ras-wild-kids\/#breadcrumb"},"inLanguage":"es","potentialAction":[{"@type":"ReadAction","target":["https:\/\/casadecampoliving.com\/es\/campamento-de-verano-ki-ras-wild-kids\/"]}]},{"@type":"ImageObject","inLanguage":"es","@id":"https:\/\/casadecampoliving.com\/es\/campamento-de-verano-ki-ras-wild-kids\/#primaryimage","url":"https:\/\/i0.wp.com\/casadecampoliving.com\/wp-content\/uploads\/2022\/10\/Ki-Ra-Instagram-Family-Day.png?fit=1000%2C600&ssl=1","contentUrl":"https:\/\/i0.wp.com\/casadecampoliving.com\/wp-content\/uploads\/2022\/10\/Ki-Ra-Instagram-Family-Day.png?fit=1000%2C600&ssl=1","width":1000,"height":600,"caption":"Ki-Ra Instagram Family Day"},{"@type":"BreadcrumbList","@id":"https:\/\/casadecampoliving.com\/es\/campamento-de-verano-ki-ras-wild-kids\/#breadcrumb","itemListElement":[{"@type":"ListItem","position":1,"name":"Home","item":"https:\/\/casadecampoliving.com\/es\/"},{"@type":"ListItem","position":2,"name":"Campamento de verano Ki-Ra&#8217;s Wild Kids"}]},{"@type":"WebSite","@id":"https:\/\/casadecampoliving.com\/es\/#website","url":"https:\/\/casadecampoliving.com\/es\/","name":"Casa de Campo Living","description":"Resort community news and resources.","publisher":{"@id":"https:\/\/casadecampoliving.com\/es\/#organization"},"potentialAction":[{"@type":"SearchAction","target":{"@type":"EntryPoint","urlTemplate":"https:\/\/casadecampoliving.com\/es\/?s={search_term_string}"},"query-input":{"@type":"PropertyValueSpecification","valueRequired":true,"valueName":"search_term_string"}}],"inLanguage":"es"},{"@type":"Organization","@id":"https:\/\/casadecampoliving.com\/es\/#organization","name":"Casa de Campo Living","url":"https:\/\/casadecampoliving.com\/es\/","logo":{"@type":"ImageObject","inLanguage":"es","@id":"https:\/\/casadecampoliving.com\/es\/#\/schema\/logo\/image\/","url":"https:\/\/i0.wp.com\/casadecampoliving.com\/wp-content\/uploads\/2022\/07\/CDCLivingLogo_V1-white-sized.png?fit=800%2C214&ssl=1","contentUrl":"https:\/\/i0.wp.com\/casadecampoliving.com\/wp-content\/uploads\/2022\/07\/CDCLivingLogo_V1-white-sized.png?fit=800%2C214&ssl=1","width":800,"height":214,"caption":"Casa de Campo Living"},"image":{"@id":"https:\/\/casadecampoliving.com\/es\/#\/schema\/logo\/image\/"},"sameAs":["https:\/\/www.facebook.com\/casadecampoliving","https:\/\/x.com\/cdcliving"]},{"@type":"Person","@id":"https:\/\/casadecampoliving.com\/es\/#\/schema\/person\/b6606bd87f9cec8f5903e2141cafda24","name":"Marlenys Guzm\u00e1n Casta\u00f1os","image":{"@type":"ImageObject","inLanguage":"es","@id":"https:\/\/secure.gravatar.com\/avatar\/72f3f86b8e6b3ec744201aeadf11d4a6055e8af194aecd9ad30ffff4437878ee?s=96&d=mm&r=g","url":"https:\/\/secure.gravatar.com\/avatar\/72f3f86b8e6b3ec744201aeadf11d4a6055e8af194aecd9ad30ffff4437878ee?s=96&d=mm&r=g","contentUrl":"https:\/\/secure.gravatar.com\/avatar\/72f3f86b8e6b3ec744201aeadf11d4a6055e8af194aecd9ad30ffff4437878ee?s=96&d=mm&r=g","caption":"Marlenys Guzm\u00e1n Casta\u00f1os"},"url":"https:\/\/casadecampoliving.com\/es\/author\/mguzman\/"}]}},"parsely":{"version":"1.1.0","canonical_url":"https:\/\/casadecampoliving.com\/es\/campamento-de-verano-ki-ras-wild-kids\/","smart_links":{"inbound":0,"outbound":0},"traffic_boost_suggestions_count":0,"meta":{"@context":"https:\/\/schema.org","@type":"NewsArticle","headline":"Campamento de verano Ki-Ra&#8217;s Wild Kids","url":"http:\/\/casadecampoliving.com\/es\/campamento-de-verano-ki-ras-wild-kids\/","mainEntityOfPage":{"@type":"WebPage","@id":"http:\/\/casadecampoliving.com\/es\/campamento-de-verano-ki-ras-wild-kids\/"},"thumbnailUrl":"https:\/\/i0.wp.com\/casadecampoliving.com\/wp-content\/uploads\/2022\/10\/Ki-Ra-Instagram-Family-Day.png?resize=150%2C150&ssl=1","image":{"@type":"ImageObject","url":"https:\/\/i0.wp.com\/casadecampoliving.com\/wp-content\/uploads\/2022\/10\/Ki-Ra-Instagram-Family-Day.png?fit=1000%2C600&ssl=1"},"articleSection":"Estilo de Vida","author":[{"@type":"Person","name":"Marlenys Guzm\u00e1n Casta\u00f1os"}],"creator":["Marlenys Guzm\u00e1n Casta\u00f1os"],"publisher":{"@type":"Organization","name":"Casa de Campo Living","logo":"https:\/\/casadecampoliving.com\/wp-content\/uploads\/2022\/07\/CDCLivingLogo_V1-white-sized.png"},"keywords":["campamento","escuela","hol\u00edstico","ki-ra @es","kids","ni\u00f1os","organico","vacaciones","verano","yoga @es"],"dateCreated":"2017-05-23T04:00:00Z","datePublished":"2017-05-23T04:00:00Z","dateModified":"2022-10-21T23:02:30Z"},"rendered":"<script type=\"application\/ld+json\" class=\"wp-parsely-metadata\">{\"@context\":\"https:\\\/\\\/schema.org\",\"@type\":\"NewsArticle\",\"headline\":\"Campamento de verano Ki-Ra&#8217;s Wild Kids\",\"url\":\"http:\\\/\\\/casadecampoliving.com\\\/es\\\/campamento-de-verano-ki-ras-wild-kids\\\/\",\"mainEntityOfPage\":{\"@type\":\"WebPage\",\"@id\":\"http:\\\/\\\/casadecampoliving.com\\\/es\\\/campamento-de-verano-ki-ras-wild-kids\\\/\"},\"thumbnailUrl\":\"https:\\\/\\\/i0.wp.com\\\/casadecampoliving.com\\\/wp-content\\\/uploads\\\/2022\\\/10\\\/Ki-Ra-Instagram-Family-Day.png?resize=150%2C150&ssl=1\",\"image\":{\"@type\":\"ImageObject\",\"url\":\"https:\\\/\\\/i0.wp.com\\\/casadecampoliving.com\\\/wp-content\\\/uploads\\\/2022\\\/10\\\/Ki-Ra-Instagram-Family-Day.png?fit=1000%2C600&ssl=1\"},\"articleSection\":\"Estilo de Vida\",\"author\":[{\"@type\":\"Person\",\"name\":\"Marlenys Guzm\\u00e1n Casta\\u00f1os\"}],\"creator\":[\"Marlenys Guzm\\u00e1n Casta\\u00f1os\"],\"publisher\":{\"@type\":\"Organization\",\"name\":\"Casa de Campo Living\",\"logo\":\"https:\\\/\\\/casadecampoliving.com\\\/wp-content\\\/uploads\\\/2022\\\/07\\\/CDCLivingLogo_V1-white-sized.png\"},\"keywords\":[\"campamento\",\"escuela\",\"hol\\u00edstico\",\"ki-ra @es\",\"kids\",\"ni\\u00f1os\",\"organico\",\"vacaciones\",\"verano\",\"yoga @es\"],\"dateCreated\":\"2017-05-23T04:00:00Z\",\"datePublished\":\"2017-05-23T04:00:00Z\",\"dateModified\":\"2022-10-21T23:02:30Z\"}<\/script>","tracker_url":"https:\/\/cdn.parsely.com\/keys\/casadecampoliving.com\/p.js"},"jetpack_publicize_connections":[],"jetpack_featured_media_url":"https:\/\/i0.wp.com\/casadecampoliving.com\/wp-content\/uploads\/2022\/10\/Ki-Ra-Instagram-Family-Day.png?fit=1000%2C600&ssl=1","jetpack-related-posts":[{"id":349822,"url":"https:\/\/casadecampoliving.com\/es\/ki-ra-campamento-verano-divertido-ninos\/","url_meta":{"origin":351517,"position":0},"title":"\u00a1Campamento de verano Ki-Ra, una experiencia divertida y muy enriquecedor para sus hijos!","author":"Anna Pavilsova","date":"17 May, 2016","format":false,"excerpt":"El verano ya est\u00e1 aqu\u00ed y es cuando muchos padres piensan acerca de las actividades que pueden realizar sus peque\u00f1os. Este verano promete ser divertido con una serie de campamentos de verano como el American Sports Academy\u00a0por supuesto Casa de Campo Campo tambi\u00e9n tendr\u00e1 muchas actividades, pero si usted est\u00e1\u2026","rel":"","context":"En \u00abEventos\u00bb","block_context":{"text":"Eventos","link":"https:\/\/casadecampoliving.com\/es\/category\/eventos-es\/"},"img":{"alt_text":"","src":"https:\/\/i0.wp.com\/casadecampoliving.com\/wp-content\/uploads\/2022\/10\/shutterstock_212954773-1.jpg?fit=1000%2C667&ssl=1&resize=350%2C200","width":350,"height":200,"srcset":"https:\/\/i0.wp.com\/casadecampoliving.com\/wp-content\/uploads\/2022\/10\/shutterstock_212954773-1.jpg?fit=1000%2C667&ssl=1&resize=350%2C200 1x, https:\/\/i0.wp.com\/casadecampoliving.com\/wp-content\/uploads\/2022\/10\/shutterstock_212954773-1.jpg?fit=1000%2C667&ssl=1&resize=525%2C300 1.5x, https:\/\/i0.wp.com\/casadecampoliving.com\/wp-content\/uploads\/2022\/10\/shutterstock_212954773-1.jpg?fit=1000%2C667&ssl=1&resize=700%2C400 2x"},"classes":[]},{"id":349888,"url":"https:\/\/casadecampoliving.com\/es\/campamento-de-verano-de-formacion-infantil-en-la-vecindad\/","url_meta":{"origin":351517,"position":1},"title":"Campamento de Verano de Formaci\u00f3n Infantil en la Vecindad","author":"Anna Pavilsova","date":"28 May, 2016","format":false,"excerpt":"Este verano Casa de Campo tiene muchas opciones para sus hijos \u2013 con campamentos como el ASA, campamento de verano hol\u00edstico en Ki \u2013 Ra, la FCBEscola, y su propio Campamento de Verano organizado por el programa familiar de Casa de Campo, todos estos para ni\u00f1os de 6 a\u00f1os en\u2026","rel":"","context":"En \u00abEventos\u00bb","block_context":{"text":"Eventos","link":"https:\/\/casadecampoliving.com\/es\/category\/eventos-es\/"},"img":{"alt_text":"","src":"https:\/\/i0.wp.com\/casadecampoliving.com\/wp-content\/uploads\/2022\/10\/LaVecindad-scaled.jpg?fit=1200%2C764&ssl=1&resize=350%2C200","width":350,"height":200,"srcset":"https:\/\/i0.wp.com\/casadecampoliving.com\/wp-content\/uploads\/2022\/10\/LaVecindad-scaled.jpg?fit=1200%2C764&ssl=1&resize=350%2C200 1x, https:\/\/i0.wp.com\/casadecampoliving.com\/wp-content\/uploads\/2022\/10\/LaVecindad-scaled.jpg?fit=1200%2C764&ssl=1&resize=525%2C300 1.5x, https:\/\/i0.wp.com\/casadecampoliving.com\/wp-content\/uploads\/2022\/10\/LaVecindad-scaled.jpg?fit=1200%2C764&ssl=1&resize=700%2C400 2x, https:\/\/i0.wp.com\/casadecampoliving.com\/wp-content\/uploads\/2022\/10\/LaVecindad-scaled.jpg?fit=1200%2C764&ssl=1&resize=1050%2C600 3x"},"classes":[]},{"id":349892,"url":"https:\/\/casadecampoliving.com\/es\/proximamente-dia-mundial-del-bienestar-2016\/","url_meta":{"origin":351517,"position":2},"title":"\u00a1El D\u00eda Mundial del Bienestar en Ki-Ra Holistic Living nos dirijir\u00e1 a una vida saludable!","author":"Anna Pavilsova","date":"30 May, 2016","format":false,"excerpt":"\u201cUn d\u00eda puede cambiar toda su vida!\u201d Es el lema del D\u00eda Mundial del Bienestar que se celebra el segundo s\u00e1bado de junio de cada a\u00f1o. Mantenerse bien y saludable puede ser bastante dif\u00edcil y es por eso que contar con apoyo es siempre importante. Como se suele decir, un\u2026","rel":"","context":"En \u00abEstilo de Vida\u00bb","block_context":{"text":"Estilo de Vida","link":"https:\/\/casadecampoliving.com\/es\/category\/estilo-de-vida\/"},"img":{"alt_text":"Featured Image Global Wellness Day 2016","src":"https:\/\/i0.wp.com\/casadecampoliving.com\/wp-content\/uploads\/2022\/10\/Featured-Image-Global-Wellness-Day-2016.jpg?fit=1000%2C600&ssl=1&resize=350%2C200","width":350,"height":200,"srcset":"https:\/\/i0.wp.com\/casadecampoliving.com\/wp-content\/uploads\/2022\/10\/Featured-Image-Global-Wellness-Day-2016.jpg?fit=1000%2C600&ssl=1&resize=350%2C200 1x, https:\/\/i0.wp.com\/casadecampoliving.com\/wp-content\/uploads\/2022\/10\/Featured-Image-Global-Wellness-Day-2016.jpg?fit=1000%2C600&ssl=1&resize=525%2C300 1.5x, https:\/\/i0.wp.com\/casadecampoliving.com\/wp-content\/uploads\/2022\/10\/Featured-Image-Global-Wellness-Day-2016.jpg?fit=1000%2C600&ssl=1&resize=700%2C400 2x"},"classes":[]},{"id":349958,"url":"https:\/\/casadecampoliving.com\/es\/emprenda-un-viaje-hacia-una-vida-sana-y-plena-con-el-dia-mundial-de-bienestar-en-ki-ra-holistic-living\/","url_meta":{"origin":351517,"position":3},"title":"Emprenda un viaje hacia una vida sana y plena con el D\u00eda Mundial del Bienestar en Ki &#8211; Ra Holistic Living","author":"Marlenys Guzm\u00e1n Casta\u00f1os","date":"9 Jun, 2016","format":false,"excerpt":"\u00a1En s\u00f3lo dos d\u00edas vamos a disfrutar de un d\u00eda completo para nosotros mismos, uno que podremos compartir con amigos y familiares para celebrar nuestro bienestar dentro y fuera! Ki-Ra Holistic Living est\u00e1 apoyando el D\u00eda Mundial del bienestar con su propio retiro de dia completo el s\u00e1bado 11 de\u2026","rel":"","context":"En \u00abEstilo de Vida\u00bb","block_context":{"text":"Estilo de Vida","link":"https:\/\/casadecampoliving.com\/es\/category\/estilo-de-vida\/"},"img":{"alt_text":"","src":"https:\/\/i0.wp.com\/casadecampoliving.com\/wp-content\/uploads\/2022\/10\/shutterstock_335742965.jpg?fit=1000%2C667&ssl=1&resize=350%2C200","width":350,"height":200,"srcset":"https:\/\/i0.wp.com\/casadecampoliving.com\/wp-content\/uploads\/2022\/10\/shutterstock_335742965.jpg?fit=1000%2C667&ssl=1&resize=350%2C200 1x, https:\/\/i0.wp.com\/casadecampoliving.com\/wp-content\/uploads\/2022\/10\/shutterstock_335742965.jpg?fit=1000%2C667&ssl=1&resize=525%2C300 1.5x, https:\/\/i0.wp.com\/casadecampoliving.com\/wp-content\/uploads\/2022\/10\/shutterstock_335742965.jpg?fit=1000%2C667&ssl=1&resize=700%2C400 2x"},"classes":[]},{"id":349854,"url":"https:\/\/casadecampoliving.com\/es\/campamento-de-verano-casa-de-campo-2016-proximamente\/","url_meta":{"origin":351517,"position":4},"title":"\u00a1Muchas actividades en Campamento de Verano del Programa familiar de Casa de Campo!","author":"Anna Pavilsova","date":"22 May, 2016","format":false,"excerpt":"\u00a1El verano se acerca r\u00e1pidamente! Ya hace calor aqu\u00ed en la Rep\u00fablica Dominicana, \u00a1pero es el clima perfecto para distintas actividades al aire libre como un campamento de verano! Ahora es el momento para que los padres seleccionar los programas al aire libre en los que sus hijos estar\u00e1n involucrados,\u2026","rel":"","context":"En \u00abAltos de Chavon @es\u00bb","block_context":{"text":"Altos de Chavon @es","link":"https:\/\/casadecampoliving.com\/category\/altos-de-chavon-es\/"},"img":{"alt_text":"Featured Image Casa de Campo Summer Camp 2016","src":"https:\/\/i0.wp.com\/casadecampoliving.com\/wp-content\/uploads\/2022\/10\/Featured-Image-Casa-de-Campo-Summer-Camp-2016.jpg?fit=1000%2C600&ssl=1&resize=350%2C200","width":350,"height":200,"srcset":"https:\/\/i0.wp.com\/casadecampoliving.com\/wp-content\/uploads\/2022\/10\/Featured-Image-Casa-de-Campo-Summer-Camp-2016.jpg?fit=1000%2C600&ssl=1&resize=350%2C200 1x, https:\/\/i0.wp.com\/casadecampoliving.com\/wp-content\/uploads\/2022\/10\/Featured-Image-Casa-de-Campo-Summer-Camp-2016.jpg?fit=1000%2C600&ssl=1&resize=525%2C300 1.5x, https:\/\/i0.wp.com\/casadecampoliving.com\/wp-content\/uploads\/2022\/10\/Featured-Image-Casa-de-Campo-Summer-Camp-2016.jpg?fit=1000%2C600&ssl=1&resize=700%2C400 2x"},"classes":[]},{"id":351364,"url":"https:\/\/casadecampoliving.com\/es\/unase-las-actividades-que-ki-ra-durante-esta-semana-de-pascua\/","url_meta":{"origin":351517,"position":5},"title":"\u00danase a las actividades que Ki-Ra Holistic Living tiene para usted esta semana de Pascua","author":"Marlenys Guzm\u00e1n Casta\u00f1os","date":"11 Abr, 2017","format":false,"excerpt":"La Pascua es un tiempo para fiestas, reflexi\u00f3n y reuniones familiares. Este a\u00f1o, Ki-Ra Holistic Living ha organizado varias actividades para celebrar este tiempo y ayudar a rejuvenecernos para as\u00ed poder pasar el resto del a\u00f1o llenos de energ\u00eda y optimismo. Ki- Ra es un centro hol\u00edstico \u00fanico situado justo\u2026","rel":"","context":"En \u00abEstilo de Vida\u00bb","block_context":{"text":"Estilo de Vida","link":"https:\/\/casadecampoliving.com\/es\/category\/estilo-de-vida\/"},"img":{"alt_text":"","src":"https:\/\/i0.wp.com\/casadecampoliving.com\/wp-content\/uploads\/2022\/10\/shutterstock_118008418.jpg?fit=1000%2C601&ssl=1&resize=350%2C200","width":350,"height":200,"srcset":"https:\/\/i0.wp.com\/casadecampoliving.com\/wp-content\/uploads\/2022\/10\/shutterstock_118008418.jpg?fit=1000%2C601&ssl=1&resize=350%2C200 1x, https:\/\/i0.wp.com\/casadecampoliving.com\/wp-content\/uploads\/2022\/10\/shutterstock_118008418.jpg?fit=1000%2C601&ssl=1&resize=525%2C300 1.5x, https:\/\/i0.wp.com\/casadecampoliving.com\/wp-content\/uploads\/2022\/10\/shutterstock_118008418.jpg?fit=1000%2C601&ssl=1&resize=700%2C400 2x"},"classes":[]}],"jetpack_sharing_enabled":true,"_links":{"self":[{"href":"https:\/\/casadecampoliving.com\/es\/wp-json\/wp\/v2\/posts\/351517","targetHints":{"allow":["GET"]}}],"collection":[{"href":"https:\/\/casadecampoliving.com\/es\/wp-json\/wp\/v2\/posts"}],"about":[{"href":"https:\/\/casadecampoliving.com\/es\/wp-json\/wp\/v2\/types\/post"}],"author":[{"embeddable":true,"href":"https:\/\/casadecampoliving.com\/es\/wp-json\/wp\/v2\/users\/36682"}],"replies":[{"embeddable":true,"href":"https:\/\/casadecampoliving.com\/es\/wp-json\/wp\/v2\/comments?post=351517"}],"version-history":[{"count":1,"href":"https:\/\/casadecampoliving.com\/es\/wp-json\/wp\/v2\/posts\/351517\/revisions"}],"predecessor-version":[{"id":351518,"href":"https:\/\/casadecampoliving.com\/es\/wp-json\/wp\/v2\/posts\/351517\/revisions\/351518"}],"wp:featuredmedia":[{"embeddable":true,"href":"https:\/\/casadecampoliving.com\/es\/wp-json\/wp\/v2\/media\/295014"}],"wp:attachment":[{"href":"https:\/\/casadecampoliving.com\/es\/wp-json\/wp\/v2\/media?parent=351517"}],"wp:term":[{"taxonomy":"category","embeddable":true,"href":"https:\/\/casadecampoliving.com\/es\/wp-json\/wp\/v2\/categories?post=351517"},{"taxonomy":"post_tag","embeddable":true,"href":"https:\/\/casadecampoliving.com\/es\/wp-json\/wp\/v2\/tags?post=351517"},{"taxonomy":"newspack_spnsrs_tax","embeddable":true,"href":"https:\/\/casadecampoliving.com\/es\/wp-json\/wp\/v2\/newspack_spnsrs_tax?post=351517"}],"curies":[{"name":"wp","href":"https:\/\/api.w.org\/{rel}","templated":true}]}}