{"id":351504,"date":"2017-05-17T00:00:00","date_gmt":"2017-05-17T04:00:00","guid":{"rendered":"https:\/\/casadecampoliving.com\/la-exhibicion-de-fin-de-ano-de-la-escuela-de-abraham-lincoln-abre-el-proximo-viernes\/"},"modified":"2022-10-21T19:01:47","modified_gmt":"2022-10-21T23:01:47","slug":"la-exhibicion-de-fin-de-ano-de-la-escuela-de-abraham-lincoln-abre-el-proximo-viernes","status":"publish","type":"post","link":"https:\/\/casadecampoliving.com\/es\/la-exhibicion-de-fin-de-ano-de-la-escuela-de-abraham-lincoln-abre-el-proximo-viernes\/","title":{"rendered":"\u00a1La exhibici\u00f3n de fin de a\u00f1o de la Escuela de Abraham Lincoln abre el pr\u00f3ximo viernes!"},"content":{"rendered":"\n<p>El viernes 26 de mayo, la Escuela Abraham Lincoln en La Romana, que este a\u00f1o celebra su centenario, est\u00e1 invitando a todos los miembros de la comunidad de Casa de Campo y La Romana a unirse a ellos en un c\u00f3ctel de apertura para su exposici\u00f3n anual de arte en Altos De Chav\u00f3n.<br>\n<\/p>\n\n\n\n<!--more-->\n\n\n<div class=\"wp-block-image\">\n<figure class=\"aligncenter is-resized\"><img loading=\"lazy\" decoding=\"async\" src=\"https:\/\/i0.wp.com\/casadecampoliving.com\/wp-content\/uploads\/2022\/10\/DSC_0020-e1495037632708.jpg?resize=1000%2C667&amp;ssl=1\" alt=\"\" class=\"wp-image-141768\" height=\"667\" width=\"1000\"\/><\/figure>\n<\/div>\n\n\n<p><\/p>\n\n\n\n<p>La exhibici\u00f3n anual de arte presentada por los estudiantes de la Escuela Abraham Lincoln (ALS) y sus maestros estar\u00e1 en exhibici\u00f3n durante dos semanas y presentar\u00e1 el trabajo de cada grado en la escuela, desde los m\u00e1s peque\u00f1os en los cursos de pre-Kinder hasta el \u00faltimo a\u00f1o de secundaria. La muestra incluye proyectos terminados a lo largo del a\u00f1o, y ya que la escuela celebra su 100 aniversario, sin duda las obras tendras un enfoque interesante para marcar este hecho.&nbsp;<\/p>\n\n\n<div class=\"wp-block-image\">\n<figure class=\"aligncenter is-resized\"><img loading=\"lazy\" decoding=\"async\" src=\"https:\/\/i0.wp.com\/casadecampoliving.com\/wp-content\/uploads\/2022\/10\/DSC_0194-e1495037586556.jpg?resize=1000%2C667&amp;ssl=1\" alt=\"\" class=\"wp-image-141767\" height=\"667\" width=\"1000\"\/><\/figure>\n<\/div>\n\n\n<p><\/p>\n\n\n\n<p>La colorida exhibici\u00f3n trae a\u00fan m\u00e1s vida a nuestra \u201cVilla de los artistas\u201d con autorretratos, pinturas de animales, dibujos y esculturas, entre otros. El espacio de la galer\u00eda se llenar\u00e1 de arriba a abajo mostrando el talento de nuestra pr\u00f3xima generaci\u00f3n. Vea la exposici\u00f3n de arte del a\u00f1o anterior a continuaci\u00f3n, y marque sus calendarios para el c\u00f3ctel de apertura el pr\u00f3ximo viernes a las 7:00 p.m. \u00a1Esperamos verlos all\u00ed!<\/p>\n\n\n\n<blockquote><h4>Inauguraci\u00f3n de la Exhibici\u00f3n de Arte de la Escuela Abraham Lincoln<\/h4><p><strong>Cu\u00e1ndo:<\/strong>&nbsp;Viernes 26 de mayo, 7pm<\/p><p><strong>D\u00f3nde:<\/strong>&nbsp;Galeria de arte, Altos de Chav\u00f3n<\/p><\/blockquote>\n\n\n\n<blockquote class=\"wp-block-quote is-layout-flow wp-block-quote-is-layout-flow\"><p><b><a href=\"https:\/\/casadecampoliving.com\/als\/\">Escuela Abraham Lincoln<\/a><\/b><\/p><p>La Escuela Lincoln Abraham, se encuentra en el Central Romana, en la ciudad de La Romana, es una escuela privada para los hijos de los empleados del Central Romana Corporation, pero tambi\u00e9n asisten otros ni\u00f1os que pagan el costo total annual.<\/p><p>La Escuela Abraham Lincoln es una \u201cEscuela de Ingl\u00e9s \u201d lo que significa que las clases se imparten utilizando un plan de estudios est\u00e1ndar brit\u00e1nico y todos los profesores son brit\u00e1nicos, con la excepci\u00f3n, por supuesto, de los profesores que ense\u00f1an espa\u00f1ol, Pre -Kinder, Kinder y Deportes que son Dominicanos. Esto significa que la mayor\u00eda de las clases se imparten en Ingl\u00e9s y los ni\u00f1os manejan ambos idiomas, Ingl\u00e9s y Espa\u00f1ol.<\/p><p>Aunque el programa de estudios es brit\u00e1nico, las calificaciones se otorgan de acuerdo con el sistema americano GPA y los alumnos tambi\u00e9n toman los \u201cEx\u00e1menes Nacionales Dominicanos\u201d lo que permite a los alumnos continuar sus estudios ya sea en universidades de los EE.UU. o dentro de la Rep\u00fablica Dominicana, as\u00ed como en Europa.<\/p><p>Las clases van desde pre -kinder hasta 4to de bachillerato.<\/p><\/blockquote>\n\n\n\n<blockquote><h4><a href=\"https:\/\/casadecampoliving.com\/es\/la-escuela-abraham-lincoln-nos-trae-su-exposicion-de-arte-anual-la-galeria\/\">La Escuela Abraham Lincoln nos trae su exposici\u00f3n de arte anual a La Galer\u00eda<\/a><\/h4><figure><img decoding=\"async\" loading=\"lazy\" data-amp-lightbox=\"true\" lightbox=\"true\" class=\"aligncenter size-full wp-image-119378\" src=\"https:\/\/i0.wp.com\/casadecampoliving.com\/wp-content\/uploads\/2022\/10\/Featured-Image-ALS-Art-Exhibit-2016.jpg?resize=1000%2C600&amp;ssl=1\" alt=\"Featured Image ALS Art Exhibit 2016\" width=\"1000\" height=\"600\"><\/figure><p>El pasado viernes, tuve el placer de asistir a la inauguraci\u00f3n de la exposici\u00f3n de arte anual de la Escuela Abraham Lincoln aqu\u00ed en La Galer\u00eda, Altos de Chav\u00f3n. Como una residente relativamente nueva de Casa de Campo, puedo decir con certeza de que el arte en la Rep\u00fablica Dominicana me impresiona constantemente y se vislumbra un futuro brillante para todos los j\u00f3venes artistas. <a href=\"https:\/\/casadecampoliving.com\/es\/la-escuela-abraham-lincoln-nos-trae-su-exposicion-de-arte-anual-la-galeria\/\">Seguir leyendo aqu\u00ed<\/a><\/p><\/blockquote>\n","protected":false},"excerpt":{"rendered":"<p>El viernes 26 de mayo, la Escuela Abraham Lincoln en La Romana, que este a\u00f1o celebra su centenario, est\u00e1 invitando a todos los miembros de la comunidad de Casa de Campo y La Romana a unirse a ellos en un c\u00f3ctel de apertura para su exposici\u00f3n anual de arte en Altos De Chav\u00f3n.<\/p>\n","protected":false},"author":36682,"featured_media":294067,"comment_status":"closed","ping_status":"closed","sticky":false,"template":"","format":"standard","meta":{"newspack_ads_suppress_ads":false,"newspack_popups_has_disabled_popups":false,"newspack_sponsor_sponsorship_scope":"","newspack_sponsor_native_byline_display":"inherit","newspack_sponsor_native_category_display":"inherit","newspack_sponsor_underwriter_style":"inherit","newspack_sponsor_underwriter_placement":"inherit","_newspack_byline_active":false,"_newspack_byline":"","newspack_hide_updated_date":false,"newspack_show_updated_date":false,"newspack_content_restriction_is_exempt":false,"newspack_featured_image_position":"","newspack_post_subtitle":"","newspack_article_summary_title":"Overview:","newspack_article_summary":"","_jetpack_memberships_contains_paid_content":false,"footnotes":"","jetpack_publicize_message":"","jetpack_publicize_feature_enabled":true,"jetpack_social_post_already_shared":false,"jetpack_social_options":{"image_generator_settings":{"template":"highway","default_image_id":0,"font":"","enabled":false},"version":2},"_wpas_customize_per_network":false},"categories":[26819,26823,14631,2522,2506,14627,2521],"tags":[4485,2536,2535,2557,14736,14468,15091],"newspack_spnsrs_tax":[],"class_list":["post-351504","post","type-post","status-publish","format-standard","has-post-thumbnail","hentry","category-altos-de-chavon-es","category-arte-y-cultura","category-estilo-de-vida","category-eventos-es","category-mas-alla-de-casa-es","category-proximamente","category-republica-dominicana-2","tag-abraham-lincoln-school-es","tag-arte","tag-estudiantes","tag-exhibicion-de-arte","tag-featured-topview-es","tag-la-galeria-es","tag-proximamente","entry"],"yoast_head":"<!-- This site is optimized with the Yoast SEO plugin v27.5 - https:\/\/yoast.com\/product\/yoast-seo-wordpress\/ -->\n<title>\u00a1La exhibici\u00f3n de fin de a\u00f1o de la Escuela de Abraham Lincoln abre el pr\u00f3ximo viernes! | Casa de Campo Living<\/title>\n<meta name=\"description\" content=\"El viernes 26 de mayo, la Escuela Abraham Lincoln en La Romana, que este a\u00f1o celebra su centenario, est\u00e1 invitando a todos los miembros de la comunidad de\" \/>\n<meta name=\"robots\" content=\"index, follow, max-snippet:-1, max-image-preview:large, max-video-preview:-1\" \/>\n<link rel=\"canonical\" href=\"https:\/\/casadecampoliving.com\/es\/la-exhibicion-de-fin-de-ano-de-la-escuela-de-abraham-lincoln-abre-el-proximo-viernes\/\" \/>\n<meta property=\"og:locale\" content=\"es_ES\" \/>\n<meta property=\"og:type\" content=\"article\" \/>\n<meta property=\"og:title\" content=\"\u00a1La exhibici\u00f3n de fin de a\u00f1o de la Escuela de Abraham Lincoln abre el pr\u00f3ximo viernes! | Casa de Campo Living\" \/>\n<meta property=\"og:description\" content=\"El viernes 26 de mayo, la Escuela Abraham Lincoln en La Romana, que este a\u00f1o celebra su centenario, est\u00e1 invitando a todos los miembros de la comunidad de\" \/>\n<meta property=\"og:url\" content=\"https:\/\/casadecampoliving.com\/es\/la-exhibicion-de-fin-de-ano-de-la-escuela-de-abraham-lincoln-abre-el-proximo-viernes\/\" \/>\n<meta property=\"og:site_name\" content=\"Casa de Campo Living\" \/>\n<meta property=\"article:publisher\" content=\"https:\/\/www.facebook.com\/casadecampoliving\" \/>\n<meta property=\"article:published_time\" content=\"2017-05-17T04:00:00+00:00\" \/>\n<meta property=\"article:modified_time\" content=\"2022-10-21T23:01:47+00:00\" \/>\n<meta property=\"og:image\" content=\"https:\/\/i0.wp.com\/casadecampoliving.com\/wp-content\/uploads\/2022\/10\/DSC_0096-e1495037527953.jpg?fit=1000%2C667&ssl=1\" \/>\n\t<meta property=\"og:image:width\" content=\"1000\" \/>\n\t<meta property=\"og:image:height\" content=\"667\" \/>\n\t<meta property=\"og:image:type\" content=\"image\/jpeg\" \/>\n<meta name=\"author\" content=\"Marlenys Guzm\u00e1n Casta\u00f1os\" \/>\n<meta name=\"twitter:card\" content=\"summary_large_image\" \/>\n<meta name=\"twitter:creator\" content=\"@cdcliving\" \/>\n<meta name=\"twitter:site\" content=\"@cdcliving\" \/>\n<meta name=\"twitter:label1\" content=\"Escrito por\" \/>\n\t<meta name=\"twitter:data1\" content=\"Marlenys Guzm\u00e1n Casta\u00f1os\" \/>\n\t<meta name=\"twitter:label2\" content=\"Tiempo de lectura\" \/>\n\t<meta name=\"twitter:data2\" content=\"3 minutos\" \/>\n<script type=\"application\/ld+json\" class=\"yoast-schema-graph\">{\"@context\":\"https:\\\/\\\/schema.org\",\"@graph\":[{\"@type\":\"Article\",\"@id\":\"https:\\\/\\\/casadecampoliving.com\\\/es\\\/la-exhibicion-de-fin-de-ano-de-la-escuela-de-abraham-lincoln-abre-el-proximo-viernes\\\/#article\",\"isPartOf\":{\"@id\":\"https:\\\/\\\/casadecampoliving.com\\\/es\\\/la-exhibicion-de-fin-de-ano-de-la-escuela-de-abraham-lincoln-abre-el-proximo-viernes\\\/\"},\"author\":{\"name\":\"Marlenys Guzm\u00e1n Casta\u00f1os\",\"@id\":\"https:\\\/\\\/casadecampoliving.com\\\/es\\\/#\\\/schema\\\/person\\\/b6606bd87f9cec8f5903e2141cafda24\"},\"headline\":\"\u00a1La exhibici\u00f3n de fin de a\u00f1o de la Escuela de Abraham Lincoln abre el pr\u00f3ximo viernes!\",\"datePublished\":\"2017-05-17T04:00:00+00:00\",\"dateModified\":\"2022-10-21T23:01:47+00:00\",\"mainEntityOfPage\":{\"@id\":\"https:\\\/\\\/casadecampoliving.com\\\/es\\\/la-exhibicion-de-fin-de-ano-de-la-escuela-de-abraham-lincoln-abre-el-proximo-viernes\\\/\"},\"wordCount\":557,\"publisher\":{\"@id\":\"https:\\\/\\\/casadecampoliving.com\\\/es\\\/#organization\"},\"image\":{\"@id\":\"https:\\\/\\\/casadecampoliving.com\\\/es\\\/la-exhibicion-de-fin-de-ano-de-la-escuela-de-abraham-lincoln-abre-el-proximo-viernes\\\/#primaryimage\"},\"thumbnailUrl\":\"https:\\\/\\\/i0.wp.com\\\/casadecampoliving.com\\\/wp-content\\\/uploads\\\/2022\\\/10\\\/DSC_0096-e1495037527953.jpg?fit=1000%2C667&ssl=1\",\"keywords\":[\"Abraham Lincoln School @es\",\"arte\",\"estudiantes\",\"exhibicion de arte\",\"Featured-TopView @es\",\"La Galer\u00eda @es\",\"Proximamente\"],\"articleSection\":[\"Altos de Chavon @es\",\"Arte y cultura\",\"Estilo de Vida\",\"Eventos\",\"M\u00e1s all\u00e1 de Casa\",\"Proximamente\",\"Rep\u00fablica Dominicana @es\"],\"inLanguage\":\"es\"},{\"@type\":\"WebPage\",\"@id\":\"https:\\\/\\\/casadecampoliving.com\\\/es\\\/la-exhibicion-de-fin-de-ano-de-la-escuela-de-abraham-lincoln-abre-el-proximo-viernes\\\/\",\"url\":\"https:\\\/\\\/casadecampoliving.com\\\/es\\\/la-exhibicion-de-fin-de-ano-de-la-escuela-de-abraham-lincoln-abre-el-proximo-viernes\\\/\",\"name\":\"\u00a1La exhibici\u00f3n de fin de a\u00f1o de la Escuela de Abraham Lincoln abre el pr\u00f3ximo viernes! | Casa de Campo Living\",\"isPartOf\":{\"@id\":\"https:\\\/\\\/casadecampoliving.com\\\/es\\\/#website\"},\"primaryImageOfPage\":{\"@id\":\"https:\\\/\\\/casadecampoliving.com\\\/es\\\/la-exhibicion-de-fin-de-ano-de-la-escuela-de-abraham-lincoln-abre-el-proximo-viernes\\\/#primaryimage\"},\"image\":{\"@id\":\"https:\\\/\\\/casadecampoliving.com\\\/es\\\/la-exhibicion-de-fin-de-ano-de-la-escuela-de-abraham-lincoln-abre-el-proximo-viernes\\\/#primaryimage\"},\"thumbnailUrl\":\"https:\\\/\\\/i0.wp.com\\\/casadecampoliving.com\\\/wp-content\\\/uploads\\\/2022\\\/10\\\/DSC_0096-e1495037527953.jpg?fit=1000%2C667&ssl=1\",\"datePublished\":\"2017-05-17T04:00:00+00:00\",\"dateModified\":\"2022-10-21T23:01:47+00:00\",\"description\":\"El viernes 26 de mayo, la Escuela Abraham Lincoln en La Romana, que este a\u00f1o celebra su centenario, est\u00e1 invitando a todos los miembros de la comunidad de\",\"breadcrumb\":{\"@id\":\"https:\\\/\\\/casadecampoliving.com\\\/es\\\/la-exhibicion-de-fin-de-ano-de-la-escuela-de-abraham-lincoln-abre-el-proximo-viernes\\\/#breadcrumb\"},\"inLanguage\":\"es\",\"potentialAction\":[{\"@type\":\"ReadAction\",\"target\":[\"https:\\\/\\\/casadecampoliving.com\\\/es\\\/la-exhibicion-de-fin-de-ano-de-la-escuela-de-abraham-lincoln-abre-el-proximo-viernes\\\/\"]}]},{\"@type\":\"ImageObject\",\"inLanguage\":\"es\",\"@id\":\"https:\\\/\\\/casadecampoliving.com\\\/es\\\/la-exhibicion-de-fin-de-ano-de-la-escuela-de-abraham-lincoln-abre-el-proximo-viernes\\\/#primaryimage\",\"url\":\"https:\\\/\\\/i0.wp.com\\\/casadecampoliving.com\\\/wp-content\\\/uploads\\\/2022\\\/10\\\/DSC_0096-e1495037527953.jpg?fit=1000%2C667&ssl=1\",\"contentUrl\":\"https:\\\/\\\/i0.wp.com\\\/casadecampoliving.com\\\/wp-content\\\/uploads\\\/2022\\\/10\\\/DSC_0096-e1495037527953.jpg?fit=1000%2C667&ssl=1\",\"width\":1000,\"height\":667},{\"@type\":\"BreadcrumbList\",\"@id\":\"https:\\\/\\\/casadecampoliving.com\\\/es\\\/la-exhibicion-de-fin-de-ano-de-la-escuela-de-abraham-lincoln-abre-el-proximo-viernes\\\/#breadcrumb\",\"itemListElement\":[{\"@type\":\"ListItem\",\"position\":1,\"name\":\"Home\",\"item\":\"https:\\\/\\\/casadecampoliving.com\\\/es\\\/\"},{\"@type\":\"ListItem\",\"position\":2,\"name\":\"\u00a1La exhibici\u00f3n de fin de a\u00f1o de la Escuela de Abraham Lincoln abre el pr\u00f3ximo viernes!\"}]},{\"@type\":\"WebSite\",\"@id\":\"https:\\\/\\\/casadecampoliving.com\\\/es\\\/#website\",\"url\":\"https:\\\/\\\/casadecampoliving.com\\\/es\\\/\",\"name\":\"Casa de Campo Living\",\"description\":\"Resort community news and resources.\",\"publisher\":{\"@id\":\"https:\\\/\\\/casadecampoliving.com\\\/es\\\/#organization\"},\"potentialAction\":[{\"@type\":\"SearchAction\",\"target\":{\"@type\":\"EntryPoint\",\"urlTemplate\":\"https:\\\/\\\/casadecampoliving.com\\\/es\\\/?s={search_term_string}\"},\"query-input\":{\"@type\":\"PropertyValueSpecification\",\"valueRequired\":true,\"valueName\":\"search_term_string\"}}],\"inLanguage\":\"es\"},{\"@type\":\"Organization\",\"@id\":\"https:\\\/\\\/casadecampoliving.com\\\/es\\\/#organization\",\"name\":\"Casa de Campo Living\",\"url\":\"https:\\\/\\\/casadecampoliving.com\\\/es\\\/\",\"logo\":{\"@type\":\"ImageObject\",\"inLanguage\":\"es\",\"@id\":\"https:\\\/\\\/casadecampoliving.com\\\/es\\\/#\\\/schema\\\/logo\\\/image\\\/\",\"url\":\"https:\\\/\\\/i0.wp.com\\\/casadecampoliving.com\\\/wp-content\\\/uploads\\\/2022\\\/07\\\/CDCLivingLogo_V1-white-sized.png?fit=800%2C214&ssl=1\",\"contentUrl\":\"https:\\\/\\\/i0.wp.com\\\/casadecampoliving.com\\\/wp-content\\\/uploads\\\/2022\\\/07\\\/CDCLivingLogo_V1-white-sized.png?fit=800%2C214&ssl=1\",\"width\":800,\"height\":214,\"caption\":\"Casa de Campo Living\"},\"image\":{\"@id\":\"https:\\\/\\\/casadecampoliving.com\\\/es\\\/#\\\/schema\\\/logo\\\/image\\\/\"},\"sameAs\":[\"https:\\\/\\\/www.facebook.com\\\/casadecampoliving\",\"https:\\\/\\\/x.com\\\/cdcliving\"]},{\"@type\":\"Person\",\"@id\":\"https:\\\/\\\/casadecampoliving.com\\\/es\\\/#\\\/schema\\\/person\\\/b6606bd87f9cec8f5903e2141cafda24\",\"name\":\"Marlenys Guzm\u00e1n Casta\u00f1os\",\"image\":{\"@type\":\"ImageObject\",\"inLanguage\":\"es\",\"@id\":\"https:\\\/\\\/secure.gravatar.com\\\/avatar\\\/72f3f86b8e6b3ec744201aeadf11d4a6055e8af194aecd9ad30ffff4437878ee?s=96&d=mm&r=g\",\"url\":\"https:\\\/\\\/secure.gravatar.com\\\/avatar\\\/72f3f86b8e6b3ec744201aeadf11d4a6055e8af194aecd9ad30ffff4437878ee?s=96&d=mm&r=g\",\"contentUrl\":\"https:\\\/\\\/secure.gravatar.com\\\/avatar\\\/72f3f86b8e6b3ec744201aeadf11d4a6055e8af194aecd9ad30ffff4437878ee?s=96&d=mm&r=g\",\"caption\":\"Marlenys Guzm\u00e1n Casta\u00f1os\"},\"url\":\"https:\\\/\\\/casadecampoliving.com\\\/es\\\/author\\\/mguzman\\\/\"}]}<\/script>\n<!-- \/ Yoast SEO plugin. -->","yoast_head_json":{"title":"\u00a1La exhibici\u00f3n de fin de a\u00f1o de la Escuela de Abraham Lincoln abre el pr\u00f3ximo viernes! | Casa de Campo Living","description":"El viernes 26 de mayo, la Escuela Abraham Lincoln en La Romana, que este a\u00f1o celebra su centenario, est\u00e1 invitando a todos los miembros de la comunidad de","robots":{"index":"index","follow":"follow","max-snippet":"max-snippet:-1","max-image-preview":"max-image-preview:large","max-video-preview":"max-video-preview:-1"},"canonical":"https:\/\/casadecampoliving.com\/es\/la-exhibicion-de-fin-de-ano-de-la-escuela-de-abraham-lincoln-abre-el-proximo-viernes\/","og_locale":"es_ES","og_type":"article","og_title":"\u00a1La exhibici\u00f3n de fin de a\u00f1o de la Escuela de Abraham Lincoln abre el pr\u00f3ximo viernes! | Casa de Campo Living","og_description":"El viernes 26 de mayo, la Escuela Abraham Lincoln en La Romana, que este a\u00f1o celebra su centenario, est\u00e1 invitando a todos los miembros de la comunidad de","og_url":"https:\/\/casadecampoliving.com\/es\/la-exhibicion-de-fin-de-ano-de-la-escuela-de-abraham-lincoln-abre-el-proximo-viernes\/","og_site_name":"Casa de Campo Living","article_publisher":"https:\/\/www.facebook.com\/casadecampoliving","article_published_time":"2017-05-17T04:00:00+00:00","article_modified_time":"2022-10-21T23:01:47+00:00","og_image":[{"width":1000,"height":667,"url":"https:\/\/i0.wp.com\/casadecampoliving.com\/wp-content\/uploads\/2022\/10\/DSC_0096-e1495037527953.jpg?fit=1000%2C667&ssl=1","type":"image\/jpeg"}],"author":"Marlenys Guzm\u00e1n Casta\u00f1os","twitter_card":"summary_large_image","twitter_creator":"@cdcliving","twitter_site":"@cdcliving","twitter_misc":{"Escrito por":"Marlenys Guzm\u00e1n Casta\u00f1os","Tiempo de lectura":"3 minutos"},"schema":{"@context":"https:\/\/schema.org","@graph":[{"@type":"Article","@id":"https:\/\/casadecampoliving.com\/es\/la-exhibicion-de-fin-de-ano-de-la-escuela-de-abraham-lincoln-abre-el-proximo-viernes\/#article","isPartOf":{"@id":"https:\/\/casadecampoliving.com\/es\/la-exhibicion-de-fin-de-ano-de-la-escuela-de-abraham-lincoln-abre-el-proximo-viernes\/"},"author":{"name":"Marlenys Guzm\u00e1n Casta\u00f1os","@id":"https:\/\/casadecampoliving.com\/es\/#\/schema\/person\/b6606bd87f9cec8f5903e2141cafda24"},"headline":"\u00a1La exhibici\u00f3n de fin de a\u00f1o de la Escuela de Abraham Lincoln abre el pr\u00f3ximo viernes!","datePublished":"2017-05-17T04:00:00+00:00","dateModified":"2022-10-21T23:01:47+00:00","mainEntityOfPage":{"@id":"https:\/\/casadecampoliving.com\/es\/la-exhibicion-de-fin-de-ano-de-la-escuela-de-abraham-lincoln-abre-el-proximo-viernes\/"},"wordCount":557,"publisher":{"@id":"https:\/\/casadecampoliving.com\/es\/#organization"},"image":{"@id":"https:\/\/casadecampoliving.com\/es\/la-exhibicion-de-fin-de-ano-de-la-escuela-de-abraham-lincoln-abre-el-proximo-viernes\/#primaryimage"},"thumbnailUrl":"https:\/\/i0.wp.com\/casadecampoliving.com\/wp-content\/uploads\/2022\/10\/DSC_0096-e1495037527953.jpg?fit=1000%2C667&ssl=1","keywords":["Abraham Lincoln School @es","arte","estudiantes","exhibicion de arte","Featured-TopView @es","La Galer\u00eda @es","Proximamente"],"articleSection":["Altos de Chavon @es","Arte y cultura","Estilo de Vida","Eventos","M\u00e1s all\u00e1 de Casa","Proximamente","Rep\u00fablica Dominicana @es"],"inLanguage":"es"},{"@type":"WebPage","@id":"https:\/\/casadecampoliving.com\/es\/la-exhibicion-de-fin-de-ano-de-la-escuela-de-abraham-lincoln-abre-el-proximo-viernes\/","url":"https:\/\/casadecampoliving.com\/es\/la-exhibicion-de-fin-de-ano-de-la-escuela-de-abraham-lincoln-abre-el-proximo-viernes\/","name":"\u00a1La exhibici\u00f3n de fin de a\u00f1o de la Escuela de Abraham Lincoln abre el pr\u00f3ximo viernes! | Casa de Campo Living","isPartOf":{"@id":"https:\/\/casadecampoliving.com\/es\/#website"},"primaryImageOfPage":{"@id":"https:\/\/casadecampoliving.com\/es\/la-exhibicion-de-fin-de-ano-de-la-escuela-de-abraham-lincoln-abre-el-proximo-viernes\/#primaryimage"},"image":{"@id":"https:\/\/casadecampoliving.com\/es\/la-exhibicion-de-fin-de-ano-de-la-escuela-de-abraham-lincoln-abre-el-proximo-viernes\/#primaryimage"},"thumbnailUrl":"https:\/\/i0.wp.com\/casadecampoliving.com\/wp-content\/uploads\/2022\/10\/DSC_0096-e1495037527953.jpg?fit=1000%2C667&ssl=1","datePublished":"2017-05-17T04:00:00+00:00","dateModified":"2022-10-21T23:01:47+00:00","description":"El viernes 26 de mayo, la Escuela Abraham Lincoln en La Romana, que este a\u00f1o celebra su centenario, est\u00e1 invitando a todos los miembros de la comunidad de","breadcrumb":{"@id":"https:\/\/casadecampoliving.com\/es\/la-exhibicion-de-fin-de-ano-de-la-escuela-de-abraham-lincoln-abre-el-proximo-viernes\/#breadcrumb"},"inLanguage":"es","potentialAction":[{"@type":"ReadAction","target":["https:\/\/casadecampoliving.com\/es\/la-exhibicion-de-fin-de-ano-de-la-escuela-de-abraham-lincoln-abre-el-proximo-viernes\/"]}]},{"@type":"ImageObject","inLanguage":"es","@id":"https:\/\/casadecampoliving.com\/es\/la-exhibicion-de-fin-de-ano-de-la-escuela-de-abraham-lincoln-abre-el-proximo-viernes\/#primaryimage","url":"https:\/\/i0.wp.com\/casadecampoliving.com\/wp-content\/uploads\/2022\/10\/DSC_0096-e1495037527953.jpg?fit=1000%2C667&ssl=1","contentUrl":"https:\/\/i0.wp.com\/casadecampoliving.com\/wp-content\/uploads\/2022\/10\/DSC_0096-e1495037527953.jpg?fit=1000%2C667&ssl=1","width":1000,"height":667},{"@type":"BreadcrumbList","@id":"https:\/\/casadecampoliving.com\/es\/la-exhibicion-de-fin-de-ano-de-la-escuela-de-abraham-lincoln-abre-el-proximo-viernes\/#breadcrumb","itemListElement":[{"@type":"ListItem","position":1,"name":"Home","item":"https:\/\/casadecampoliving.com\/es\/"},{"@type":"ListItem","position":2,"name":"\u00a1La exhibici\u00f3n de fin de a\u00f1o de la Escuela de Abraham Lincoln abre el pr\u00f3ximo viernes!"}]},{"@type":"WebSite","@id":"https:\/\/casadecampoliving.com\/es\/#website","url":"https:\/\/casadecampoliving.com\/es\/","name":"Casa de Campo Living","description":"Resort community news and resources.","publisher":{"@id":"https:\/\/casadecampoliving.com\/es\/#organization"},"potentialAction":[{"@type":"SearchAction","target":{"@type":"EntryPoint","urlTemplate":"https:\/\/casadecampoliving.com\/es\/?s={search_term_string}"},"query-input":{"@type":"PropertyValueSpecification","valueRequired":true,"valueName":"search_term_string"}}],"inLanguage":"es"},{"@type":"Organization","@id":"https:\/\/casadecampoliving.com\/es\/#organization","name":"Casa de Campo Living","url":"https:\/\/casadecampoliving.com\/es\/","logo":{"@type":"ImageObject","inLanguage":"es","@id":"https:\/\/casadecampoliving.com\/es\/#\/schema\/logo\/image\/","url":"https:\/\/i0.wp.com\/casadecampoliving.com\/wp-content\/uploads\/2022\/07\/CDCLivingLogo_V1-white-sized.png?fit=800%2C214&ssl=1","contentUrl":"https:\/\/i0.wp.com\/casadecampoliving.com\/wp-content\/uploads\/2022\/07\/CDCLivingLogo_V1-white-sized.png?fit=800%2C214&ssl=1","width":800,"height":214,"caption":"Casa de Campo Living"},"image":{"@id":"https:\/\/casadecampoliving.com\/es\/#\/schema\/logo\/image\/"},"sameAs":["https:\/\/www.facebook.com\/casadecampoliving","https:\/\/x.com\/cdcliving"]},{"@type":"Person","@id":"https:\/\/casadecampoliving.com\/es\/#\/schema\/person\/b6606bd87f9cec8f5903e2141cafda24","name":"Marlenys Guzm\u00e1n Casta\u00f1os","image":{"@type":"ImageObject","inLanguage":"es","@id":"https:\/\/secure.gravatar.com\/avatar\/72f3f86b8e6b3ec744201aeadf11d4a6055e8af194aecd9ad30ffff4437878ee?s=96&d=mm&r=g","url":"https:\/\/secure.gravatar.com\/avatar\/72f3f86b8e6b3ec744201aeadf11d4a6055e8af194aecd9ad30ffff4437878ee?s=96&d=mm&r=g","contentUrl":"https:\/\/secure.gravatar.com\/avatar\/72f3f86b8e6b3ec744201aeadf11d4a6055e8af194aecd9ad30ffff4437878ee?s=96&d=mm&r=g","caption":"Marlenys Guzm\u00e1n Casta\u00f1os"},"url":"https:\/\/casadecampoliving.com\/es\/author\/mguzman\/"}]}},"parsely":{"version":"1.1.0","canonical_url":"https:\/\/casadecampoliving.com\/es\/la-exhibicion-de-fin-de-ano-de-la-escuela-de-abraham-lincoln-abre-el-proximo-viernes\/","smart_links":{"inbound":0,"outbound":0},"traffic_boost_suggestions_count":0,"meta":{"@context":"https:\/\/schema.org","@type":"NewsArticle","headline":"\u00a1La exhibici\u00f3n de fin de a\u00f1o de la Escuela de Abraham Lincoln abre el pr\u00f3ximo viernes!","url":"http:\/\/casadecampoliving.com\/es\/la-exhibicion-de-fin-de-ano-de-la-escuela-de-abraham-lincoln-abre-el-proximo-viernes\/","mainEntityOfPage":{"@type":"WebPage","@id":"http:\/\/casadecampoliving.com\/es\/la-exhibicion-de-fin-de-ano-de-la-escuela-de-abraham-lincoln-abre-el-proximo-viernes\/"},"thumbnailUrl":"https:\/\/i0.wp.com\/casadecampoliving.com\/wp-content\/uploads\/2022\/10\/DSC_0096-e1495037527953.jpg?resize=150%2C150&ssl=1","image":{"@type":"ImageObject","url":"https:\/\/i0.wp.com\/casadecampoliving.com\/wp-content\/uploads\/2022\/10\/DSC_0096-e1495037527953.jpg?fit=1000%2C667&ssl=1"},"articleSection":"Altos de Chavon @es","author":[{"@type":"Person","name":"Marlenys Guzm\u00e1n Casta\u00f1os"}],"creator":["Marlenys Guzm\u00e1n Casta\u00f1os"],"publisher":{"@type":"Organization","name":"Casa de Campo Living","logo":"https:\/\/casadecampoliving.com\/wp-content\/uploads\/2022\/07\/CDCLivingLogo_V1-white-sized.png"},"keywords":["abraham lincoln school @es","arte","estudiantes","exhibicion de arte","featured-topview @es","la galer\u00eda @es","proximamente"],"dateCreated":"2017-05-17T04:00:00Z","datePublished":"2017-05-17T04:00:00Z","dateModified":"2022-10-21T23:01:47Z"},"rendered":"<script type=\"application\/ld+json\" class=\"wp-parsely-metadata\">{\"@context\":\"https:\\\/\\\/schema.org\",\"@type\":\"NewsArticle\",\"headline\":\"\\u00a1La exhibici\\u00f3n de fin de a\\u00f1o de la Escuela de Abraham Lincoln abre el pr\\u00f3ximo viernes!\",\"url\":\"http:\\\/\\\/casadecampoliving.com\\\/es\\\/la-exhibicion-de-fin-de-ano-de-la-escuela-de-abraham-lincoln-abre-el-proximo-viernes\\\/\",\"mainEntityOfPage\":{\"@type\":\"WebPage\",\"@id\":\"http:\\\/\\\/casadecampoliving.com\\\/es\\\/la-exhibicion-de-fin-de-ano-de-la-escuela-de-abraham-lincoln-abre-el-proximo-viernes\\\/\"},\"thumbnailUrl\":\"https:\\\/\\\/i0.wp.com\\\/casadecampoliving.com\\\/wp-content\\\/uploads\\\/2022\\\/10\\\/DSC_0096-e1495037527953.jpg?resize=150%2C150&ssl=1\",\"image\":{\"@type\":\"ImageObject\",\"url\":\"https:\\\/\\\/i0.wp.com\\\/casadecampoliving.com\\\/wp-content\\\/uploads\\\/2022\\\/10\\\/DSC_0096-e1495037527953.jpg?fit=1000%2C667&ssl=1\"},\"articleSection\":\"Altos de Chavon @es\",\"author\":[{\"@type\":\"Person\",\"name\":\"Marlenys Guzm\\u00e1n Casta\\u00f1os\"}],\"creator\":[\"Marlenys Guzm\\u00e1n Casta\\u00f1os\"],\"publisher\":{\"@type\":\"Organization\",\"name\":\"Casa de Campo Living\",\"logo\":\"https:\\\/\\\/casadecampoliving.com\\\/wp-content\\\/uploads\\\/2022\\\/07\\\/CDCLivingLogo_V1-white-sized.png\"},\"keywords\":[\"abraham lincoln school @es\",\"arte\",\"estudiantes\",\"exhibicion de arte\",\"featured-topview @es\",\"la galer\\u00eda @es\",\"proximamente\"],\"dateCreated\":\"2017-05-17T04:00:00Z\",\"datePublished\":\"2017-05-17T04:00:00Z\",\"dateModified\":\"2022-10-21T23:01:47Z\"}<\/script>","tracker_url":"https:\/\/cdn.parsely.com\/keys\/casadecampoliving.com\/p.js"},"jetpack_publicize_connections":[],"jetpack_featured_media_url":"https:\/\/i0.wp.com\/casadecampoliving.com\/wp-content\/uploads\/2022\/10\/DSC_0096-e1495037527953.jpg?fit=1000%2C667&ssl=1","jetpack-related-posts":[{"id":353439,"url":"https:\/\/casadecampoliving.com\/es\/la-exhibicion-de-arte-de-la-escuela-abraham-lincoln-abrira-este-viernes-24-de-mayo\/","url_meta":{"origin":351504,"position":0},"title":"\u00a1La exhibici\u00f3n de arte de la Escuela Abraham Lincoln abrir\u00e1 este viernes 24 de mayo!","author":"Casa de Campo Living","date":"20 May, 2019","format":false,"excerpt":"El viernes 24 de mayo, la Escuela Abraham Lincoln en La Romana est\u00e1 invitando a todos los miembros de la comunidad de Casa de Campo y La Romana a unirse a ellos en un c\u00f3ctel de apertura para su exposici\u00f3n anual de arte en Altos De Chav\u00f3n. La exhibici\u00f3n anual\u2026","rel":"","context":"En \u00abAltos de Chavon @es\u00bb","block_context":{"text":"Altos de Chavon @es","link":"https:\/\/casadecampoliving.com\/category\/altos-de-chavon-es\/"},"img":{"alt_text":"","src":"https:\/\/i0.wp.com\/casadecampoliving.com\/wp-content\/uploads\/2022\/10\/IMG_9204-1.jpg?fit=1000%2C561&ssl=1&resize=350%2C200","width":350,"height":200,"srcset":"https:\/\/i0.wp.com\/casadecampoliving.com\/wp-content\/uploads\/2022\/10\/IMG_9204-1.jpg?fit=1000%2C561&ssl=1&resize=350%2C200 1x, https:\/\/i0.wp.com\/casadecampoliving.com\/wp-content\/uploads\/2022\/10\/IMG_9204-1.jpg?fit=1000%2C561&ssl=1&resize=525%2C300 1.5x, https:\/\/i0.wp.com\/casadecampoliving.com\/wp-content\/uploads\/2022\/10\/IMG_9204-1.jpg?fit=1000%2C561&ssl=1&resize=700%2C400 2x"},"classes":[]},{"id":339035,"url":"https:\/\/casadecampoliving.com\/es\/la-apertura-de-la-exhibicion-de-arte-de-la-escuela-abraham-lincoln-sera-este-viernes-25-de-mayo\/","url_meta":{"origin":351504,"position":1},"title":"La apertura de la exhibici\u00f3n de arte de la Escuela Abraham Lincoln ser\u00e1 este viernes 25 de mayo!","author":"","date":"21 May, 2012","format":false,"excerpt":"El pr\u00f3ximo viernes 25 de mayo, la Escuela Abraham Lincoln de La Romana, celebrar\u00e1 la apertura de su exhibici\u00f3n de arte en la galer\u00eda de arte de Altos de Chav\u00f3n, a la cual todos est\u00e1n invitados a asistir para el disfrute de un c\u00f3ctel y \u00a0excelentes obras de arte! La\u2026","rel":"","context":"En \u00abAltos de Chavon @es\u00bb","block_context":{"text":"Altos de Chavon @es","link":"https:\/\/casadecampoliving.com\/category\/altos-de-chavon-es\/"},"img":{"alt_text":"","src":"https:\/\/i0.wp.com\/casadecampoliving.com\/wp-content\/uploads\/2022\/10\/altosdechavon_casadecampo_abraham_lincoln_school_la_romana-1.jpg?fit=565%2C298&ssl=1&resize=350%2C200","width":350,"height":200,"srcset":"https:\/\/i0.wp.com\/casadecampoliving.com\/wp-content\/uploads\/2022\/10\/altosdechavon_casadecampo_abraham_lincoln_school_la_romana-1.jpg?fit=565%2C298&ssl=1&resize=350%2C200 1x, https:\/\/i0.wp.com\/casadecampoliving.com\/wp-content\/uploads\/2022\/10\/altosdechavon_casadecampo_abraham_lincoln_school_la_romana-1.jpg?fit=565%2C298&ssl=1&resize=525%2C300 1.5x"},"classes":[]},{"id":349834,"url":"https:\/\/casadecampoliving.com\/es\/escuela-abraham-lincoln-presenta-su-exposicion-anual-de-arte-llena-de-color-y-vida-en-la-galeria\/","url_meta":{"origin":351504,"position":2},"title":"Escuela Abraham Lincoln presenta su exposici\u00f3n anual de arte llena de color y vida en La Galer\u00eda","author":"Marlenys Guzm\u00e1n Casta\u00f1os","date":"18 May, 2016","format":false,"excerpt":"Este viernes 20 de mayo, la Escuela Abraham Lincoln en La Romana celebrar\u00e1 el c\u00f3ctel de apertura de su exposici\u00f3n de arte anual en La Galer\u00eda de Altos de Chav\u00f3n y usted est\u00e1 cordialmente invitado a unirse a la celebraci\u00f3n. La exposici\u00f3n de arte anual presentado por los alumnos de\u2026","rel":"","context":"En \u00abAltos de Chavon @es\u00bb","block_context":{"text":"Altos de Chavon @es","link":"https:\/\/casadecampoliving.com\/category\/altos-de-chavon-es\/"},"img":{"alt_text":"","src":"https:\/\/i0.wp.com\/casadecampoliving.com\/wp-content\/uploads\/2022\/10\/DSC_0724-2-scaled.jpg?fit=1200%2C800&ssl=1&resize=350%2C200","width":350,"height":200,"srcset":"https:\/\/i0.wp.com\/casadecampoliving.com\/wp-content\/uploads\/2022\/10\/DSC_0724-2-scaled.jpg?fit=1200%2C800&ssl=1&resize=350%2C200 1x, https:\/\/i0.wp.com\/casadecampoliving.com\/wp-content\/uploads\/2022\/10\/DSC_0724-2-scaled.jpg?fit=1200%2C800&ssl=1&resize=525%2C300 1.5x, https:\/\/i0.wp.com\/casadecampoliving.com\/wp-content\/uploads\/2022\/10\/DSC_0724-2-scaled.jpg?fit=1200%2C800&ssl=1&resize=700%2C400 2x, https:\/\/i0.wp.com\/casadecampoliving.com\/wp-content\/uploads\/2022\/10\/DSC_0724-2-scaled.jpg?fit=1200%2C800&ssl=1&resize=1050%2C600 3x"},"classes":[]},{"id":344360,"url":"https:\/\/casadecampoliving.com\/es\/apertura-de-exhibicion-de-arte-escuela-abraham-lincoln-23-de-mayo\/","url_meta":{"origin":351504,"position":3},"title":"Apertura de Exhibici\u00f3n de Arte Escuela Abraham Lincoln &#8211; 23 de mayo","author":"Perkin Agramonte","date":"11 May, 2014","format":false,"excerpt":"La Escuela Abraham Lincoln extiende una invitaci\u00f3n especial a todos los miembros de la comunidad Casa de Campo, as\u00ed como a los visitantes a su exhibici\u00f3n de arte anual, la cual ser\u00e1 inaugurada con un c\u00f3ctel de apertura el viernes 23 de mayo en La Galer\u00eda ubicada en la locaci\u00f3n\u2026","rel":"","context":"En \u00abAltos de Chavon @es\u00bb","block_context":{"text":"Altos de Chavon @es","link":"https:\/\/casadecampoliving.com\/category\/altos-de-chavon-es\/"},"img":{"alt_text":"","src":"https:\/\/i0.wp.com\/casadecampoliving.com\/wp-content\/uploads\/2022\/10\/abraham_lincoln_art_school-1.jpg?fit=650%2C488&ssl=1&resize=350%2C200","width":350,"height":200,"srcset":"https:\/\/i0.wp.com\/casadecampoliving.com\/wp-content\/uploads\/2022\/10\/abraham_lincoln_art_school-1.jpg?fit=650%2C488&ssl=1&resize=350%2C200 1x, https:\/\/i0.wp.com\/casadecampoliving.com\/wp-content\/uploads\/2022\/10\/abraham_lincoln_art_school-1.jpg?fit=650%2C488&ssl=1&resize=525%2C300 1.5x"},"classes":[]},{"id":518107,"url":"https:\/\/casadecampoliving.com\/es\/colores-creatividad-y-comunidad-no-te-pierdas-la-exhibicion-de-arte-de-fin-de-ano-de-la-escuela-abraham-lincoln\/","url_meta":{"origin":351504,"position":4},"title":"\u00a1Colores, Creatividad y Comunidad: No te Pierdas la Exhibici\u00f3n de Arte de Fin de A\u00f1o de la Escuela Abraham Lincoln!","author":"Casa de Campo Living","date":"24 May, 2023","format":false,"excerpt":"\u00a1\u00danete a nosotros para una encantadora noche llena de creatividad e imaginaci\u00f3n mientras la Escuela Abraham Lincoln presenta con orgullo su esperada exhibici\u00f3n anual de arte! El viernes 26 de mayo, invitamos cordialmente a toda la comunidad de Casa de Campo y La Romana a unirse a nosotros en WAO\u2026","rel":"","context":"En \u00abEstilo de Vida\u00bb","block_context":{"text":"Estilo de Vida","link":"https:\/\/casadecampoliving.com\/es\/category\/estilo-de-vida\/"},"img":{"alt_text":"","src":"https:\/\/i0.wp.com\/casadecampoliving.com\/wp-content\/uploads\/2023\/05\/Abraham-Lincoln-School-2019-exhibit-7-.jpg?fit=1200%2C800&ssl=1&resize=350%2C200","width":350,"height":200,"srcset":"https:\/\/i0.wp.com\/casadecampoliving.com\/wp-content\/uploads\/2023\/05\/Abraham-Lincoln-School-2019-exhibit-7-.jpg?fit=1200%2C800&ssl=1&resize=350%2C200 1x, https:\/\/i0.wp.com\/casadecampoliving.com\/wp-content\/uploads\/2023\/05\/Abraham-Lincoln-School-2019-exhibit-7-.jpg?fit=1200%2C800&ssl=1&resize=525%2C300 1.5x, https:\/\/i0.wp.com\/casadecampoliving.com\/wp-content\/uploads\/2023\/05\/Abraham-Lincoln-School-2019-exhibit-7-.jpg?fit=1200%2C800&ssl=1&resize=700%2C400 2x, https:\/\/i0.wp.com\/casadecampoliving.com\/wp-content\/uploads\/2023\/05\/Abraham-Lincoln-School-2019-exhibit-7-.jpg?fit=1200%2C800&ssl=1&resize=1050%2C600 3x"},"classes":[]},{"id":347448,"url":"https:\/\/casadecampoliving.com\/es\/apertura-de-exhibicion-de-arte-escuela-abraham-lincoln-29-de-mayo\/","url_meta":{"origin":351504,"position":5},"title":"Apertura de Exhibici\u00f3n de Arte Escuela Abraham Lincoln &#8211; 29 de mayo","author":"Perkin Agramonte","date":"27 May, 2015","format":false,"excerpt":"La Escuela Abraham Lincoln extiende una invitaci\u00f3n especial a todos los miembros de la comunidad Casa de Campo, as\u00ed como a los visitantes a su exhibici\u00f3n de arte anual, la cual ser\u00e1 inaugurada con un c\u00f3ctel de apertura el viernes 29 de mayo en La Galer\u00eda ubicada en la locaci\u00f3n\u2026","rel":"","context":"En \u00abAltos de Chavon @es\u00bb","block_context":{"text":"Altos de Chavon @es","link":"https:\/\/casadecampoliving.com\/category\/altos-de-chavon-es\/"},"img":{"alt_text":"Abraham Lincoln School art exhibit","src":"https:\/\/i0.wp.com\/casadecampoliving.com\/wp-content\/uploads\/2022\/10\/Abraham_Lincoln_School_art_exhibit-1.jpg?fit=650%2C436&ssl=1&resize=350%2C200","width":350,"height":200,"srcset":"https:\/\/i0.wp.com\/casadecampoliving.com\/wp-content\/uploads\/2022\/10\/Abraham_Lincoln_School_art_exhibit-1.jpg?fit=650%2C436&ssl=1&resize=350%2C200 1x, https:\/\/i0.wp.com\/casadecampoliving.com\/wp-content\/uploads\/2022\/10\/Abraham_Lincoln_School_art_exhibit-1.jpg?fit=650%2C436&ssl=1&resize=525%2C300 1.5x"},"classes":[]}],"jetpack_sharing_enabled":true,"_links":{"self":[{"href":"https:\/\/casadecampoliving.com\/es\/wp-json\/wp\/v2\/posts\/351504","targetHints":{"allow":["GET"]}}],"collection":[{"href":"https:\/\/casadecampoliving.com\/es\/wp-json\/wp\/v2\/posts"}],"about":[{"href":"https:\/\/casadecampoliving.com\/es\/wp-json\/wp\/v2\/types\/post"}],"author":[{"embeddable":true,"href":"https:\/\/casadecampoliving.com\/es\/wp-json\/wp\/v2\/users\/36682"}],"replies":[{"embeddable":true,"href":"https:\/\/casadecampoliving.com\/es\/wp-json\/wp\/v2\/comments?post=351504"}],"version-history":[{"count":1,"href":"https:\/\/casadecampoliving.com\/es\/wp-json\/wp\/v2\/posts\/351504\/revisions"}],"predecessor-version":[{"id":351505,"href":"https:\/\/casadecampoliving.com\/es\/wp-json\/wp\/v2\/posts\/351504\/revisions\/351505"}],"wp:featuredmedia":[{"embeddable":true,"href":"https:\/\/casadecampoliving.com\/es\/wp-json\/wp\/v2\/media\/294067"}],"wp:attachment":[{"href":"https:\/\/casadecampoliving.com\/es\/wp-json\/wp\/v2\/media?parent=351504"}],"wp:term":[{"taxonomy":"category","embeddable":true,"href":"https:\/\/casadecampoliving.com\/es\/wp-json\/wp\/v2\/categories?post=351504"},{"taxonomy":"post_tag","embeddable":true,"href":"https:\/\/casadecampoliving.com\/es\/wp-json\/wp\/v2\/tags?post=351504"},{"taxonomy":"newspack_spnsrs_tax","embeddable":true,"href":"https:\/\/casadecampoliving.com\/es\/wp-json\/wp\/v2\/newspack_spnsrs_tax?post=351504"}],"curies":[{"name":"wp","href":"https:\/\/api.w.org\/{rel}","templated":true}]}}