{"id":351494,"date":"2017-05-15T00:00:00","date_gmt":"2017-05-15T04:00:00","guid":{"rendered":"https:\/\/casadecampoliving.com\/cafe-de-la-leche-regresa-al-restaurante-la-casita\/"},"modified":"2022-11-10T10:04:21","modified_gmt":"2022-11-10T14:04:21","slug":"cafe-de-la-leche-regresa-al-restaurante-la-casita","status":"publish","type":"post","link":"https:\/\/casadecampoliving.com\/es\/cafe-de-la-leche-regresa-al-restaurante-la-casita\/","title":{"rendered":"Caf\u00e9 de la Leche regresa al restaurante La Casita"},"content":{"rendered":"<p style=\"text-align: justify;\">El pasado viernes 12 de mayo, las damas de Casa de Campo y de La Romana se congregaron en La Casita en la Marina Casa de Campo para una maravillosa velada con la puesta de sol como un tel\u00f3n de fondo inigualable. Lo que hizo que la tarde fuera a\u00fan mejor era que era todo para una caridad incre\u00edble. El Caf\u00e9 de la Leche de este mes fue recibido por Julia Mart\u00ednez en su restaurante, y despu\u00e9s de d\u00edas de lluvia, fue simplemente encantador ir y disfrutar de una copa de sangr\u00eda en La Casita mirando hacia los yates en la Marina. Las mesas estaban hermosamente decoradas con flores rojas y coloridos arreglos florales de ave del para\u00edso que a\u00f1adieron un toque de color a la decoraci\u00f3n de La Casita.<br \/>\n<!--more--><\/p>\n<p style=\"text-align: justify;\"><img data-recalc-dims=\"1\" loading=\"lazy\" decoding=\"async\" class=\"aligncenter size-full wp-image-141655\" src=\"https:\/\/i0.wp.com\/casadecampoliving.com\/wp-content\/uploads\/2022\/10\/IMG_0099.jpg?resize=1000%2C750&#038;ssl=1\" alt=\"\" width=\"1000\" height=\"750\"><\/p>\n<p style=\"text-align: justify;\">La brisa freca fue bienvenida a esta divertida reuni\u00f3n, a la que tambi\u00e9n asistieron las \u00abregulares\u00bb de Caf\u00e9 de la Leche como Phyllis Berney, Xiomara y Xiomara Men\u00e9ndez (el duo madre e hija que trabajan por el bienestar de los ni\u00f1os del Hogar del Ni\u00f1o), as\u00ed como Mafalda Formisano, que ten\u00eda un peque\u00f1o bazar con hermosas pulseras de cuero con y sobres de mano a la venta. Una parte de las ventas fue donado al Hogar.<\/p>\n<p style=\"text-align: justify;\"><img data-recalc-dims=\"1\" loading=\"lazy\" decoding=\"async\" class=\"aligncenter size-full wp-image-141656\" src=\"https:\/\/i0.wp.com\/casadecampoliving.com\/wp-content\/uploads\/2022\/10\/IMG_0062.jpg?resize=1000%2C750&#038;ssl=1\" alt=\"\" width=\"1000\" height=\"750\"><\/p>\n<p style=\"text-align: justify;\">Hab\u00eda una variedad de deliciosos aperitivos disponibles para los asistentes que inclu\u00eda tortillas espa\u00f1olas, mini quiches, kababs, tambi\u00e9n hab\u00edan dulces como Cr\u00e8me br\u00fbl\u00e9e, merengues, tartas, mini cheesecakes \u00a1y m\u00e1s! El Hogar del Ni\u00f1o, una vez m\u00e1s, cont\u00f3 con la generosa contribuci\u00f3n de todas las damas del Caf\u00e9 de la Leche ayud\u00e1ndolos a&nbsp;continuar suministrando a su Sala Cuna la nutrici\u00f3n necesaria para sus m\u00e1s de doscientos beb\u00e9s. Fue una gran manera de empezar el fin de semana, y felicitamos a Julia Mart\u00ednez por haber planeado un maravilloso evento para ayudar al Hogar del Ni\u00f1o.<\/p>\n<p style=\"text-align: justify;\"><img data-recalc-dims=\"1\" loading=\"lazy\" decoding=\"async\" class=\"aligncenter size-full wp-image-141657\" src=\"https:\/\/i0.wp.com\/casadecampoliving.com\/wp-content\/uploads\/2022\/10\/IMG_0067-1.jpg?resize=1000%2C750&#038;ssl=1\" alt=\"\" width=\"1000\" height=\"750\"><\/p>\n<p style=\"text-align: justify;\">La siguiente galer\u00eda de fotos fue tomada por Laura Sep\u00falveda durante el Caf\u00e9 de la Leche en el restaurante La Casita en la Marina Casa de Campo el viernes 12 de mayo:<\/p>\n<p>[nggallery id = 2891]<\/p>\n<blockquote><p><strong><a href=\"https:\/\/casadecampoliving.com\/hogardelnino\/\">Hogar del Ni\u00f1o<\/a><\/strong><\/p>\n<p><img data-recalc-dims=\"1\" loading=\"lazy\" decoding=\"async\" class=\"alignright\" title=\"hogar_del_nino\" src=\"https:\/\/i0.wp.com\/casadecampoliving.com\/wp-content\/uploads\/2022\/10\/hogar_del_nino-28.jpg?resize=200%2C105&#038;ssl=1\" alt=\"hogar del nino \" width=\"200\" height=\"105\"><\/p>\n<p>El Hogar del Ni\u00f1o es un centro educacional y de cuidado para m\u00e1s de 1,500 ni\u00f1os, ubicado en el pueblo de La Romana, justo a las afueras de Casa de Campo. Ni\u00f1os que van desde los pocas semanas de nacidos hasta los 18 a\u00f1os de edad, son cuidados y educados a diario desde las 5:30am las 7pm.<\/p>\n<p>La organizaci\u00f3n tambi\u00e9n provee educaci\u00f3n especial para ni\u00f1os especiales que padecen de ceguera o con limitaciones auditivas, al igual que una escuela vocacional en la que m\u00e1s de 235 estudiantes reciben educaci\u00f3n en las distintas \u00e1reas como: costura, preparaci\u00f3n industrial, mantenimiento e instalaci\u00f3n el\u00e9ctrica; manejo de programas de c\u00f3mputos.<\/p>\n<p><strong>Comun\u00edquese con el Hogar del Ni\u00f1o al:<br \/>\nTel:&nbsp;<\/strong>(809) 523-8901<strong>&nbsp;<\/strong>o al (809) 556-3181<strong><br \/>\nEmail:&nbsp;<\/strong><a href=\"mailto:info@pbo.org.do\" target=\"_blank\" rel=\"noopener noreferrer\">info@pbo.org.do<\/a><strong><br \/>\nSitio Web:&nbsp;<\/strong><a href=\"http:\/\/pbo.org.do\/site\/es\/\" target=\"_blank\" rel=\"noopener noreferrer\">pbo.org.do<\/a><\/p><\/blockquote>\n","protected":false},"excerpt":{"rendered":"<p>El pasado viernes 12 de mayo, las damas de Casa de Campo y de La Romana se congregaron en La Casita en la Marina Casa de Campo para una maravillosa velada con la puesta de sol como un tel\u00f3n de fondo inigualable. Lo que hizo que la tarde fuera a\u00fan mejor era que era todo [&hellip;]<\/p>\n","protected":false},"author":36682,"featured_media":293600,"comment_status":"closed","ping_status":"closed","sticky":false,"template":"","format":"standard","meta":{"newspack_ads_suppress_ads":false,"newspack_popups_has_disabled_popups":false,"newspack_sponsor_sponsorship_scope":"","newspack_sponsor_native_byline_display":"inherit","newspack_sponsor_native_category_display":"inherit","newspack_sponsor_underwriter_style":"inherit","newspack_sponsor_underwriter_placement":"inherit","_newspack_byline_active":false,"_newspack_byline":"","newspack_hide_updated_date":false,"newspack_show_updated_date":false,"newspack_content_restriction_is_exempt":false,"newspack_featured_image_position":"","newspack_post_subtitle":"","newspack_article_summary_title":"Overview:","newspack_article_summary":"","_jetpack_memberships_contains_paid_content":false,"footnotes":"","jetpack_publicize_message":"","jetpack_publicize_feature_enabled":true,"jetpack_social_post_already_shared":false,"jetpack_social_options":{"image_generator_settings":{"template":"highway","default_image_id":0,"font":"","enabled":false},"version":2},"_wpas_customize_per_network":false},"categories":[14631,2522,14629,2514,2516,14625,2521,26822,2520],"tags":[23755,23815,12278,4484,14736,20847,23786,18932,8658],"newspack_spnsrs_tax":[],"class_list":["post-351494","post","type-post","status-publish","format-standard","has-post-thumbnail","hentry","category-estilo-de-vida","category-eventos-es","category-comidas-bebidas","category-fundaciones-es","category-hogar-del-nino-es","category-noticias-locales","category-republica-dominicana-2","category-resort-casa-de-campo","category-restaurantes-es","tag-cafe-de-la-leche-es-5","tag-casa-de-campo-es-17","tag-donacion","tag-el-hogar-del-nino","tag-featured-topview-es","tag-julia-martinez","tag-la-casita-restaurant-es-2","tag-la-romana-es-4","tag-sala-cuna","entry"],"yoast_head":"<!-- This site is optimized with the Yoast SEO plugin v27.4 - https:\/\/yoast.com\/product\/yoast-seo-wordpress\/ -->\n<title>Caf\u00e9 de la Leche regresa al restaurante La Casita | Casa de Campo Living<\/title>\n<meta name=\"description\" content=\"El pasado viernes 12 de mayo, las damas de Casa de Campo y de La Romana se congregaron en La Casita en la Marina Casa de Campo para una maravillosa velada\" \/>\n<meta name=\"robots\" content=\"index, follow, max-snippet:-1, max-image-preview:large, max-video-preview:-1\" \/>\n<link rel=\"canonical\" href=\"https:\/\/casadecampoliving.com\/es\/cafe-de-la-leche-regresa-al-restaurante-la-casita\/\" \/>\n<meta property=\"og:locale\" content=\"es_ES\" \/>\n<meta property=\"og:type\" content=\"article\" \/>\n<meta property=\"og:title\" content=\"Caf\u00e9 de la Leche regresa al restaurante La Casita | Casa de Campo Living\" \/>\n<meta property=\"og:description\" content=\"El pasado viernes 12 de mayo, las damas de Casa de Campo y de La Romana se congregaron en La Casita en la Marina Casa de Campo para una maravillosa velada\" \/>\n<meta property=\"og:url\" content=\"https:\/\/casadecampoliving.com\/es\/cafe-de-la-leche-regresa-al-restaurante-la-casita\/\" \/>\n<meta property=\"og:site_name\" content=\"Casa de Campo Living\" \/>\n<meta property=\"article:publisher\" content=\"https:\/\/www.facebook.com\/casadecampoliving\" \/>\n<meta property=\"article:published_time\" content=\"2017-05-15T04:00:00+00:00\" \/>\n<meta property=\"article:modified_time\" content=\"2022-11-10T14:04:21+00:00\" \/>\n<meta property=\"og:image\" content=\"https:\/\/i0.wp.com\/casadecampoliving.com\/wp-content\/uploads\/2022\/10\/IMG_0086-1.jpg?fit=1000%2C750&ssl=1\" \/>\n\t<meta property=\"og:image:width\" content=\"1000\" \/>\n\t<meta property=\"og:image:height\" content=\"750\" \/>\n\t<meta property=\"og:image:type\" content=\"image\/jpeg\" \/>\n<meta name=\"author\" content=\"Marlenys Guzm\u00e1n Casta\u00f1os\" \/>\n<meta name=\"twitter:card\" content=\"summary_large_image\" \/>\n<meta name=\"twitter:creator\" content=\"@cdcliving\" \/>\n<meta name=\"twitter:site\" content=\"@cdcliving\" \/>\n<meta name=\"twitter:label1\" content=\"Escrito por\" \/>\n\t<meta name=\"twitter:data1\" content=\"Marlenys Guzm\u00e1n Casta\u00f1os\" \/>\n\t<meta name=\"twitter:label2\" content=\"Tiempo de lectura\" \/>\n\t<meta name=\"twitter:data2\" content=\"3 minutos\" \/>\n<script type=\"application\/ld+json\" class=\"yoast-schema-graph\">{\"@context\":\"https:\\\/\\\/schema.org\",\"@graph\":[{\"@type\":\"Article\",\"@id\":\"https:\\\/\\\/casadecampoliving.com\\\/es\\\/cafe-de-la-leche-regresa-al-restaurante-la-casita\\\/#article\",\"isPartOf\":{\"@id\":\"https:\\\/\\\/casadecampoliving.com\\\/es\\\/cafe-de-la-leche-regresa-al-restaurante-la-casita\\\/\"},\"author\":{\"name\":\"Marlenys Guzm\u00e1n Casta\u00f1os\",\"@id\":\"https:\\\/\\\/casadecampoliving.com\\\/es\\\/#\\\/schema\\\/person\\\/b6606bd87f9cec8f5903e2141cafda24\"},\"headline\":\"Caf\u00e9 de la Leche regresa al restaurante La Casita\",\"datePublished\":\"2017-05-15T04:00:00+00:00\",\"dateModified\":\"2022-11-10T14:04:21+00:00\",\"mainEntityOfPage\":{\"@id\":\"https:\\\/\\\/casadecampoliving.com\\\/es\\\/cafe-de-la-leche-regresa-al-restaurante-la-casita\\\/\"},\"wordCount\":529,\"publisher\":{\"@id\":\"https:\\\/\\\/casadecampoliving.com\\\/es\\\/#organization\"},\"image\":{\"@id\":\"https:\\\/\\\/casadecampoliving.com\\\/es\\\/cafe-de-la-leche-regresa-al-restaurante-la-casita\\\/#primaryimage\"},\"thumbnailUrl\":\"https:\\\/\\\/i0.wp.com\\\/casadecampoliving.com\\\/wp-content\\\/uploads\\\/2022\\\/10\\\/IMG_0086-1.jpg?fit=1000%2C750&ssl=1\",\"keywords\":[\"cafe de la leche\",\"Casa de Campo\",\"Donaci\u00f3n\",\"el hogar del nino\",\"Featured-TopView @es\",\"Julia Martinez\",\"La Casita restaurant\",\"La Romana\",\"Sala Cuna\"],\"articleSection\":[\"Estilo de Vida\",\"Eventos\",\"Comidas &amp; Bebidas\",\"Fundaciones\",\"Hogar del Ni\u00f1o @es\",\"Noticias Locales\",\"Rep\u00fablica Dominicana @es\",\"Resort Casa de Campo\",\"Restaurantes\"],\"inLanguage\":\"es\"},{\"@type\":\"WebPage\",\"@id\":\"https:\\\/\\\/casadecampoliving.com\\\/es\\\/cafe-de-la-leche-regresa-al-restaurante-la-casita\\\/\",\"url\":\"https:\\\/\\\/casadecampoliving.com\\\/es\\\/cafe-de-la-leche-regresa-al-restaurante-la-casita\\\/\",\"name\":\"Caf\u00e9 de la Leche regresa al restaurante La Casita | Casa de Campo Living\",\"isPartOf\":{\"@id\":\"https:\\\/\\\/casadecampoliving.com\\\/es\\\/#website\"},\"primaryImageOfPage\":{\"@id\":\"https:\\\/\\\/casadecampoliving.com\\\/es\\\/cafe-de-la-leche-regresa-al-restaurante-la-casita\\\/#primaryimage\"},\"image\":{\"@id\":\"https:\\\/\\\/casadecampoliving.com\\\/es\\\/cafe-de-la-leche-regresa-al-restaurante-la-casita\\\/#primaryimage\"},\"thumbnailUrl\":\"https:\\\/\\\/i0.wp.com\\\/casadecampoliving.com\\\/wp-content\\\/uploads\\\/2022\\\/10\\\/IMG_0086-1.jpg?fit=1000%2C750&ssl=1\",\"datePublished\":\"2017-05-15T04:00:00+00:00\",\"dateModified\":\"2022-11-10T14:04:21+00:00\",\"description\":\"El pasado viernes 12 de mayo, las damas de Casa de Campo y de La Romana se congregaron en La Casita en la Marina Casa de Campo para una maravillosa velada\",\"breadcrumb\":{\"@id\":\"https:\\\/\\\/casadecampoliving.com\\\/es\\\/cafe-de-la-leche-regresa-al-restaurante-la-casita\\\/#breadcrumb\"},\"inLanguage\":\"es\",\"potentialAction\":[{\"@type\":\"ReadAction\",\"target\":[\"https:\\\/\\\/casadecampoliving.com\\\/es\\\/cafe-de-la-leche-regresa-al-restaurante-la-casita\\\/\"]}]},{\"@type\":\"ImageObject\",\"inLanguage\":\"es\",\"@id\":\"https:\\\/\\\/casadecampoliving.com\\\/es\\\/cafe-de-la-leche-regresa-al-restaurante-la-casita\\\/#primaryimage\",\"url\":\"https:\\\/\\\/i0.wp.com\\\/casadecampoliving.com\\\/wp-content\\\/uploads\\\/2022\\\/10\\\/IMG_0086-1.jpg?fit=1000%2C750&ssl=1\",\"contentUrl\":\"https:\\\/\\\/i0.wp.com\\\/casadecampoliving.com\\\/wp-content\\\/uploads\\\/2022\\\/10\\\/IMG_0086-1.jpg?fit=1000%2C750&ssl=1\",\"width\":1000,\"height\":750},{\"@type\":\"BreadcrumbList\",\"@id\":\"https:\\\/\\\/casadecampoliving.com\\\/es\\\/cafe-de-la-leche-regresa-al-restaurante-la-casita\\\/#breadcrumb\",\"itemListElement\":[{\"@type\":\"ListItem\",\"position\":1,\"name\":\"Home\",\"item\":\"https:\\\/\\\/casadecampoliving.com\\\/es\\\/\"},{\"@type\":\"ListItem\",\"position\":2,\"name\":\"Caf\u00e9 de la Leche regresa al restaurante La Casita\"}]},{\"@type\":\"WebSite\",\"@id\":\"https:\\\/\\\/casadecampoliving.com\\\/es\\\/#website\",\"url\":\"https:\\\/\\\/casadecampoliving.com\\\/es\\\/\",\"name\":\"Casa de Campo Living\",\"description\":\"Resort community news and resources.\",\"publisher\":{\"@id\":\"https:\\\/\\\/casadecampoliving.com\\\/es\\\/#organization\"},\"potentialAction\":[{\"@type\":\"SearchAction\",\"target\":{\"@type\":\"EntryPoint\",\"urlTemplate\":\"https:\\\/\\\/casadecampoliving.com\\\/es\\\/?s={search_term_string}\"},\"query-input\":{\"@type\":\"PropertyValueSpecification\",\"valueRequired\":true,\"valueName\":\"search_term_string\"}}],\"inLanguage\":\"es\"},{\"@type\":\"Organization\",\"@id\":\"https:\\\/\\\/casadecampoliving.com\\\/es\\\/#organization\",\"name\":\"Casa de Campo Living\",\"url\":\"https:\\\/\\\/casadecampoliving.com\\\/es\\\/\",\"logo\":{\"@type\":\"ImageObject\",\"inLanguage\":\"es\",\"@id\":\"https:\\\/\\\/casadecampoliving.com\\\/es\\\/#\\\/schema\\\/logo\\\/image\\\/\",\"url\":\"https:\\\/\\\/i0.wp.com\\\/casadecampoliving.com\\\/wp-content\\\/uploads\\\/2022\\\/07\\\/CDCLivingLogo_V1-white-sized.png?fit=800%2C214&ssl=1\",\"contentUrl\":\"https:\\\/\\\/i0.wp.com\\\/casadecampoliving.com\\\/wp-content\\\/uploads\\\/2022\\\/07\\\/CDCLivingLogo_V1-white-sized.png?fit=800%2C214&ssl=1\",\"width\":800,\"height\":214,\"caption\":\"Casa de Campo Living\"},\"image\":{\"@id\":\"https:\\\/\\\/casadecampoliving.com\\\/es\\\/#\\\/schema\\\/logo\\\/image\\\/\"},\"sameAs\":[\"https:\\\/\\\/www.facebook.com\\\/casadecampoliving\",\"https:\\\/\\\/x.com\\\/cdcliving\"]},{\"@type\":\"Person\",\"@id\":\"https:\\\/\\\/casadecampoliving.com\\\/es\\\/#\\\/schema\\\/person\\\/b6606bd87f9cec8f5903e2141cafda24\",\"name\":\"Marlenys Guzm\u00e1n Casta\u00f1os\",\"image\":{\"@type\":\"ImageObject\",\"inLanguage\":\"es\",\"@id\":\"https:\\\/\\\/secure.gravatar.com\\\/avatar\\\/72f3f86b8e6b3ec744201aeadf11d4a6055e8af194aecd9ad30ffff4437878ee?s=96&d=mm&r=g\",\"url\":\"https:\\\/\\\/secure.gravatar.com\\\/avatar\\\/72f3f86b8e6b3ec744201aeadf11d4a6055e8af194aecd9ad30ffff4437878ee?s=96&d=mm&r=g\",\"contentUrl\":\"https:\\\/\\\/secure.gravatar.com\\\/avatar\\\/72f3f86b8e6b3ec744201aeadf11d4a6055e8af194aecd9ad30ffff4437878ee?s=96&d=mm&r=g\",\"caption\":\"Marlenys Guzm\u00e1n Casta\u00f1os\"},\"url\":\"https:\\\/\\\/casadecampoliving.com\\\/es\\\/author\\\/mguzman\\\/\"}]}<\/script>\n<!-- \/ Yoast SEO plugin. -->","yoast_head_json":{"title":"Caf\u00e9 de la Leche regresa al restaurante La Casita | Casa de Campo Living","description":"El pasado viernes 12 de mayo, las damas de Casa de Campo y de La Romana se congregaron en La Casita en la Marina Casa de Campo para una maravillosa velada","robots":{"index":"index","follow":"follow","max-snippet":"max-snippet:-1","max-image-preview":"max-image-preview:large","max-video-preview":"max-video-preview:-1"},"canonical":"https:\/\/casadecampoliving.com\/es\/cafe-de-la-leche-regresa-al-restaurante-la-casita\/","og_locale":"es_ES","og_type":"article","og_title":"Caf\u00e9 de la Leche regresa al restaurante La Casita | Casa de Campo Living","og_description":"El pasado viernes 12 de mayo, las damas de Casa de Campo y de La Romana se congregaron en La Casita en la Marina Casa de Campo para una maravillosa velada","og_url":"https:\/\/casadecampoliving.com\/es\/cafe-de-la-leche-regresa-al-restaurante-la-casita\/","og_site_name":"Casa de Campo Living","article_publisher":"https:\/\/www.facebook.com\/casadecampoliving","article_published_time":"2017-05-15T04:00:00+00:00","article_modified_time":"2022-11-10T14:04:21+00:00","og_image":[{"width":1000,"height":750,"url":"https:\/\/i0.wp.com\/casadecampoliving.com\/wp-content\/uploads\/2022\/10\/IMG_0086-1.jpg?fit=1000%2C750&ssl=1","type":"image\/jpeg"}],"author":"Marlenys Guzm\u00e1n Casta\u00f1os","twitter_card":"summary_large_image","twitter_creator":"@cdcliving","twitter_site":"@cdcliving","twitter_misc":{"Escrito por":"Marlenys Guzm\u00e1n Casta\u00f1os","Tiempo de lectura":"3 minutos"},"schema":{"@context":"https:\/\/schema.org","@graph":[{"@type":"Article","@id":"https:\/\/casadecampoliving.com\/es\/cafe-de-la-leche-regresa-al-restaurante-la-casita\/#article","isPartOf":{"@id":"https:\/\/casadecampoliving.com\/es\/cafe-de-la-leche-regresa-al-restaurante-la-casita\/"},"author":{"name":"Marlenys Guzm\u00e1n Casta\u00f1os","@id":"https:\/\/casadecampoliving.com\/es\/#\/schema\/person\/b6606bd87f9cec8f5903e2141cafda24"},"headline":"Caf\u00e9 de la Leche regresa al restaurante La Casita","datePublished":"2017-05-15T04:00:00+00:00","dateModified":"2022-11-10T14:04:21+00:00","mainEntityOfPage":{"@id":"https:\/\/casadecampoliving.com\/es\/cafe-de-la-leche-regresa-al-restaurante-la-casita\/"},"wordCount":529,"publisher":{"@id":"https:\/\/casadecampoliving.com\/es\/#organization"},"image":{"@id":"https:\/\/casadecampoliving.com\/es\/cafe-de-la-leche-regresa-al-restaurante-la-casita\/#primaryimage"},"thumbnailUrl":"https:\/\/i0.wp.com\/casadecampoliving.com\/wp-content\/uploads\/2022\/10\/IMG_0086-1.jpg?fit=1000%2C750&ssl=1","keywords":["cafe de la leche","Casa de Campo","Donaci\u00f3n","el hogar del nino","Featured-TopView @es","Julia Martinez","La Casita restaurant","La Romana","Sala Cuna"],"articleSection":["Estilo de Vida","Eventos","Comidas &amp; Bebidas","Fundaciones","Hogar del Ni\u00f1o @es","Noticias Locales","Rep\u00fablica Dominicana @es","Resort Casa de Campo","Restaurantes"],"inLanguage":"es"},{"@type":"WebPage","@id":"https:\/\/casadecampoliving.com\/es\/cafe-de-la-leche-regresa-al-restaurante-la-casita\/","url":"https:\/\/casadecampoliving.com\/es\/cafe-de-la-leche-regresa-al-restaurante-la-casita\/","name":"Caf\u00e9 de la Leche regresa al restaurante La Casita | Casa de Campo Living","isPartOf":{"@id":"https:\/\/casadecampoliving.com\/es\/#website"},"primaryImageOfPage":{"@id":"https:\/\/casadecampoliving.com\/es\/cafe-de-la-leche-regresa-al-restaurante-la-casita\/#primaryimage"},"image":{"@id":"https:\/\/casadecampoliving.com\/es\/cafe-de-la-leche-regresa-al-restaurante-la-casita\/#primaryimage"},"thumbnailUrl":"https:\/\/i0.wp.com\/casadecampoliving.com\/wp-content\/uploads\/2022\/10\/IMG_0086-1.jpg?fit=1000%2C750&ssl=1","datePublished":"2017-05-15T04:00:00+00:00","dateModified":"2022-11-10T14:04:21+00:00","description":"El pasado viernes 12 de mayo, las damas de Casa de Campo y de La Romana se congregaron en La Casita en la Marina Casa de Campo para una maravillosa velada","breadcrumb":{"@id":"https:\/\/casadecampoliving.com\/es\/cafe-de-la-leche-regresa-al-restaurante-la-casita\/#breadcrumb"},"inLanguage":"es","potentialAction":[{"@type":"ReadAction","target":["https:\/\/casadecampoliving.com\/es\/cafe-de-la-leche-regresa-al-restaurante-la-casita\/"]}]},{"@type":"ImageObject","inLanguage":"es","@id":"https:\/\/casadecampoliving.com\/es\/cafe-de-la-leche-regresa-al-restaurante-la-casita\/#primaryimage","url":"https:\/\/i0.wp.com\/casadecampoliving.com\/wp-content\/uploads\/2022\/10\/IMG_0086-1.jpg?fit=1000%2C750&ssl=1","contentUrl":"https:\/\/i0.wp.com\/casadecampoliving.com\/wp-content\/uploads\/2022\/10\/IMG_0086-1.jpg?fit=1000%2C750&ssl=1","width":1000,"height":750},{"@type":"BreadcrumbList","@id":"https:\/\/casadecampoliving.com\/es\/cafe-de-la-leche-regresa-al-restaurante-la-casita\/#breadcrumb","itemListElement":[{"@type":"ListItem","position":1,"name":"Home","item":"https:\/\/casadecampoliving.com\/es\/"},{"@type":"ListItem","position":2,"name":"Caf\u00e9 de la Leche regresa al restaurante La Casita"}]},{"@type":"WebSite","@id":"https:\/\/casadecampoliving.com\/es\/#website","url":"https:\/\/casadecampoliving.com\/es\/","name":"Casa de Campo Living","description":"Resort community news and resources.","publisher":{"@id":"https:\/\/casadecampoliving.com\/es\/#organization"},"potentialAction":[{"@type":"SearchAction","target":{"@type":"EntryPoint","urlTemplate":"https:\/\/casadecampoliving.com\/es\/?s={search_term_string}"},"query-input":{"@type":"PropertyValueSpecification","valueRequired":true,"valueName":"search_term_string"}}],"inLanguage":"es"},{"@type":"Organization","@id":"https:\/\/casadecampoliving.com\/es\/#organization","name":"Casa de Campo Living","url":"https:\/\/casadecampoliving.com\/es\/","logo":{"@type":"ImageObject","inLanguage":"es","@id":"https:\/\/casadecampoliving.com\/es\/#\/schema\/logo\/image\/","url":"https:\/\/i0.wp.com\/casadecampoliving.com\/wp-content\/uploads\/2022\/07\/CDCLivingLogo_V1-white-sized.png?fit=800%2C214&ssl=1","contentUrl":"https:\/\/i0.wp.com\/casadecampoliving.com\/wp-content\/uploads\/2022\/07\/CDCLivingLogo_V1-white-sized.png?fit=800%2C214&ssl=1","width":800,"height":214,"caption":"Casa de Campo Living"},"image":{"@id":"https:\/\/casadecampoliving.com\/es\/#\/schema\/logo\/image\/"},"sameAs":["https:\/\/www.facebook.com\/casadecampoliving","https:\/\/x.com\/cdcliving"]},{"@type":"Person","@id":"https:\/\/casadecampoliving.com\/es\/#\/schema\/person\/b6606bd87f9cec8f5903e2141cafda24","name":"Marlenys Guzm\u00e1n Casta\u00f1os","image":{"@type":"ImageObject","inLanguage":"es","@id":"https:\/\/secure.gravatar.com\/avatar\/72f3f86b8e6b3ec744201aeadf11d4a6055e8af194aecd9ad30ffff4437878ee?s=96&d=mm&r=g","url":"https:\/\/secure.gravatar.com\/avatar\/72f3f86b8e6b3ec744201aeadf11d4a6055e8af194aecd9ad30ffff4437878ee?s=96&d=mm&r=g","contentUrl":"https:\/\/secure.gravatar.com\/avatar\/72f3f86b8e6b3ec744201aeadf11d4a6055e8af194aecd9ad30ffff4437878ee?s=96&d=mm&r=g","caption":"Marlenys Guzm\u00e1n Casta\u00f1os"},"url":"https:\/\/casadecampoliving.com\/es\/author\/mguzman\/"}]}},"parsely":{"version":"1.1.0","canonical_url":"https:\/\/casadecampoliving.com\/es\/cafe-de-la-leche-regresa-al-restaurante-la-casita\/","smart_links":{"inbound":0,"outbound":0},"traffic_boost_suggestions_count":0,"meta":{"@context":"https:\/\/schema.org","@type":"NewsArticle","headline":"Caf\u00e9 de la Leche regresa al restaurante La Casita","url":"http:\/\/casadecampoliving.com\/es\/cafe-de-la-leche-regresa-al-restaurante-la-casita\/","mainEntityOfPage":{"@type":"WebPage","@id":"http:\/\/casadecampoliving.com\/es\/cafe-de-la-leche-regresa-al-restaurante-la-casita\/"},"thumbnailUrl":"https:\/\/i0.wp.com\/casadecampoliving.com\/wp-content\/uploads\/2022\/10\/IMG_0086-1.jpg?resize=150%2C150&ssl=1","image":{"@type":"ImageObject","url":"https:\/\/i0.wp.com\/casadecampoliving.com\/wp-content\/uploads\/2022\/10\/IMG_0086-1.jpg?fit=1000%2C750&ssl=1"},"articleSection":"Estilo de Vida","author":[{"@type":"Person","name":"Marlenys Guzm\u00e1n Casta\u00f1os"}],"creator":["Marlenys Guzm\u00e1n Casta\u00f1os"],"publisher":{"@type":"Organization","name":"Casa de Campo Living","logo":"https:\/\/casadecampoliving.com\/wp-content\/uploads\/2022\/07\/CDCLivingLogo_V1-white-sized.png"},"keywords":["cafe de la leche","casa de campo","donaci\u00f3n","el hogar del nino","featured-topview @es","julia martinez","la casita restaurant","la romana","sala cuna"],"dateCreated":"2017-05-15T04:00:00Z","datePublished":"2017-05-15T04:00:00Z","dateModified":"2022-11-10T14:04:21Z"},"rendered":"<script type=\"application\/ld+json\" class=\"wp-parsely-metadata\">{\"@context\":\"https:\\\/\\\/schema.org\",\"@type\":\"NewsArticle\",\"headline\":\"Caf\\u00e9 de la Leche regresa al restaurante La Casita\",\"url\":\"http:\\\/\\\/casadecampoliving.com\\\/es\\\/cafe-de-la-leche-regresa-al-restaurante-la-casita\\\/\",\"mainEntityOfPage\":{\"@type\":\"WebPage\",\"@id\":\"http:\\\/\\\/casadecampoliving.com\\\/es\\\/cafe-de-la-leche-regresa-al-restaurante-la-casita\\\/\"},\"thumbnailUrl\":\"https:\\\/\\\/i0.wp.com\\\/casadecampoliving.com\\\/wp-content\\\/uploads\\\/2022\\\/10\\\/IMG_0086-1.jpg?resize=150%2C150&ssl=1\",\"image\":{\"@type\":\"ImageObject\",\"url\":\"https:\\\/\\\/i0.wp.com\\\/casadecampoliving.com\\\/wp-content\\\/uploads\\\/2022\\\/10\\\/IMG_0086-1.jpg?fit=1000%2C750&ssl=1\"},\"articleSection\":\"Estilo de Vida\",\"author\":[{\"@type\":\"Person\",\"name\":\"Marlenys Guzm\\u00e1n Casta\\u00f1os\"}],\"creator\":[\"Marlenys Guzm\\u00e1n Casta\\u00f1os\"],\"publisher\":{\"@type\":\"Organization\",\"name\":\"Casa de Campo Living\",\"logo\":\"https:\\\/\\\/casadecampoliving.com\\\/wp-content\\\/uploads\\\/2022\\\/07\\\/CDCLivingLogo_V1-white-sized.png\"},\"keywords\":[\"cafe de la leche\",\"casa de campo\",\"donaci\\u00f3n\",\"el hogar del nino\",\"featured-topview @es\",\"julia martinez\",\"la casita restaurant\",\"la romana\",\"sala cuna\"],\"dateCreated\":\"2017-05-15T04:00:00Z\",\"datePublished\":\"2017-05-15T04:00:00Z\",\"dateModified\":\"2022-11-10T14:04:21Z\"}<\/script>","tracker_url":"https:\/\/cdn.parsely.com\/keys\/casadecampoliving.com\/p.js"},"jetpack_publicize_connections":[],"jetpack_featured_media_url":"https:\/\/i0.wp.com\/casadecampoliving.com\/wp-content\/uploads\/2022\/10\/IMG_0086-1.jpg?fit=1000%2C750&ssl=1","jetpack-related-posts":[{"id":352767,"url":"https:\/\/casadecampoliving.com\/es\/sangrias-amigos-y-una-magnifica-vista-en-el-cafe-de-la-leche-de-este-mes-en-la-casita\/","url_meta":{"origin":351494,"position":0},"title":"Sangrias, amigos y una magn\u00edfica vista en el Caf\u00e9 de la Leche de este mes en La Casita","author":"Casa de Campo Living","date":"9 Jul, 2018","format":false,"excerpt":"El viernes 6 de julio, las damas de Casa de Campo y La Romana se reunieron en La Casita en la Marina Casa de Campo para pasar una noche maravillosa entre amigos. Este mes, el Caf\u00e9 de la Leche fue organizado por Julia Mart\u00ednez, y fue simplemente encantador ir a\u2026","rel":"","context":"En \u00abEstilo de Vida\u00bb","block_context":{"text":"Estilo de Vida","link":"https:\/\/casadecampoliving.com\/es\/category\/estilo-de-vida\/"},"img":{"alt_text":"","src":"https:\/\/i0.wp.com\/casadecampoliving-wp.s3-accelerate.amazonaws.com\/2018\/07\/IMG_9975-200x300.jpg?resize=350%2C200&ssl=1","width":350,"height":200},"classes":[]},{"id":352754,"url":"https:\/\/casadecampoliving.com\/es\/no-dejen-de-asistir-al-cafe-de-la-leche-con-julia-martinez-en-la-casita-este-viernes\/","url_meta":{"origin":351494,"position":1},"title":"\u00a1No dejen de asistir al Caf\u00e9 de la Leche con Julia Mart\u00ednez en La Casita ESTE viernes!","author":"Marlenys Guzm\u00e1n Casta\u00f1os","date":"3 Jul, 2018","format":false,"excerpt":"Les tenemos noticias: \u00a1El pr\u00f3ximo Caf\u00e9 de la Leche est\u00e1 planificado y se llevar\u00e1 a cabo ESTE viernes, 6 de julio en La Casita en la Marina Casa de Campo! Con Julia Mart\u00ednez como nuestra elegante anfitriona y La Casita Marina como su ubicaci\u00f3n, \u00a1no hay duda de que nos\u2026","rel":"","context":"En \u00abEstilo de Vida\u00bb","block_context":{"text":"Estilo de Vida","link":"https:\/\/casadecampoliving.com\/es\/category\/estilo-de-vida\/"},"img":{"alt_text":"","src":"https:\/\/i0.wp.com\/casadecampoliving.com\/wp-content\/uploads\/2018\/07\/IMG_00671.jpg?resize=350%2C200&ssl=1","width":350,"height":200,"srcset":"https:\/\/i0.wp.com\/casadecampoliving.com\/wp-content\/uploads\/2018\/07\/IMG_00671.jpg?resize=350%2C200&ssl=1 1x, https:\/\/i0.wp.com\/casadecampoliving.com\/wp-content\/uploads\/2018\/07\/IMG_00671.jpg?resize=525%2C300&ssl=1 1.5x, https:\/\/i0.wp.com\/casadecampoliving.com\/wp-content\/uploads\/2018\/07\/IMG_00671.jpg?resize=700%2C400&ssl=1 2x"},"classes":[]},{"id":347313,"url":"https:\/\/casadecampoliving.com\/es\/el-cafe-de-la-leche-zarpa-a-la-casita-marina-casa-de-campo\/","url_meta":{"origin":351494,"position":2},"title":"El Caf\u00e9 de la Leche zarpa a La Casita Marina Casa de Campo","author":"Perkin Agramonte","date":"1 May, 2015","format":false,"excerpt":"\u00a1Hola marineros! Buenas noticias, el\u00a0pr\u00f3ximo Caf\u00e9 de la Leche ya est\u00e1 programado y se llevar\u00e1 a cabo el viernes 8 de mayo en el Restaurante La Casita ubicado en La Marina Casa de Campo. Con Julia Mart\u00ednez como nuestra elegante anfitriona, y La Casita Marina como punto de reuni\u00f3n\u00a0no cabe\u00a0ninguna\u2026","rel":"","context":"En \u00abAltos de Chavon @es\u00bb","block_context":{"text":"Altos de Chavon @es","link":"https:\/\/casadecampoliving.com\/category\/altos-de-chavon-es\/"},"img":{"alt_text":"","src":"https:\/\/i0.wp.com\/casadecampoliving.com\/wp-content\/uploads\/2022\/10\/La_Casita_Marina_Casa_de_Campo-3.jpg?fit=800%2C600&ssl=1&resize=350%2C200","width":350,"height":200,"srcset":"https:\/\/i0.wp.com\/casadecampoliving.com\/wp-content\/uploads\/2022\/10\/La_Casita_Marina_Casa_de_Campo-3.jpg?fit=800%2C600&ssl=1&resize=350%2C200 1x, https:\/\/i0.wp.com\/casadecampoliving.com\/wp-content\/uploads\/2022\/10\/La_Casita_Marina_Casa_de_Campo-3.jpg?fit=800%2C600&ssl=1&resize=525%2C300 1.5x, https:\/\/i0.wp.com\/casadecampoliving.com\/wp-content\/uploads\/2022\/10\/La_Casita_Marina_Casa_de_Campo-3.jpg?fit=800%2C600&ssl=1&resize=700%2C400 2x"},"classes":[]},{"id":347367,"url":"https:\/\/casadecampoliving.com\/es\/cafe-de-la-leche-en-la-casita-2\/","url_meta":{"origin":351494,"position":3},"title":"Caf\u00e9 de la Leche en La Casita","author":"Perkin Agramonte","date":"13 May, 2015","format":false,"excerpt":"\u00bfQui\u00e9n dijo que las cosas han disminuido en Casa de Campo? Ah si fui yo... \u00a1Bueno, est\u00e1 bien me equivoqu\u00e9!\u00a0Resulta que s\u00f3lo era un per\u00edodo de calma durante unas semanas y ahora los eventos est\u00e1n fluyendo de nuevo y volvemos a disfrutar de la emocionante vida social de Casa de\u2026","rel":"","context":"En \u00abCasa de Campo Living @es\u00bb","block_context":{"text":"Casa de Campo Living @es","link":"https:\/\/casadecampoliving.com\/category\/casa-de-campo-living-es\/"},"img":{"alt_text":"","src":"https:\/\/i0.wp.com\/casadecampoliving.com\/wp-content\/uploads\/2022\/10\/Cafe_de_la_leche-5.jpg?fit=800%2C534&ssl=1&resize=350%2C200","width":350,"height":200,"srcset":"https:\/\/i0.wp.com\/casadecampoliving.com\/wp-content\/uploads\/2022\/10\/Cafe_de_la_leche-5.jpg?fit=800%2C534&ssl=1&resize=350%2C200 1x, https:\/\/i0.wp.com\/casadecampoliving.com\/wp-content\/uploads\/2022\/10\/Cafe_de_la_leche-5.jpg?fit=800%2C534&ssl=1&resize=525%2C300 1.5x, https:\/\/i0.wp.com\/casadecampoliving.com\/wp-content\/uploads\/2022\/10\/Cafe_de_la_leche-5.jpg?fit=800%2C534&ssl=1&resize=700%2C400 2x"},"classes":[]},{"id":351481,"url":"https:\/\/casadecampoliving.com\/es\/unete-al-cafe-de-la-leche-de-este-mes-que-viene-con-una-magnifica-vista\/","url_meta":{"origin":351494,"position":4},"title":"\u00a1\u00danete al Caf\u00e9 de la Leche de este mes que viene con una magn\u00edfica vista!","author":"Marlenys Guzm\u00e1n Casta\u00f1os","date":"9 May, 2017","format":false,"excerpt":"Hace m\u00e1s de un a\u00f1o que el Caf\u00e9 de la Leche tuvo lugar en el restaurante La Casita de la Marina Casa de Campo \u00a1y es el momento perfecto para volver! Julia Mart\u00ednez, propietaria de La Casita en la Marina Casa de Campo, nos invita a disfrutar de la fresca\u2026","rel":"","context":"En \u00abEstilo de Vida\u00bb","block_context":{"text":"Estilo de Vida","link":"https:\/\/casadecampoliving.com\/es\/category\/estilo-de-vida\/"},"img":{"alt_text":"","src":"https:\/\/i0.wp.com\/casadecampoliving.com\/wp-content\/uploads\/2022\/10\/MG_9020-e1494346309916.jpg?fit=1000%2C667&ssl=1&resize=350%2C200","width":350,"height":200,"srcset":"https:\/\/i0.wp.com\/casadecampoliving.com\/wp-content\/uploads\/2022\/10\/MG_9020-e1494346309916.jpg?fit=1000%2C667&ssl=1&resize=350%2C200 1x, https:\/\/i0.wp.com\/casadecampoliving.com\/wp-content\/uploads\/2022\/10\/MG_9020-e1494346309916.jpg?fit=1000%2C667&ssl=1&resize=525%2C300 1.5x, https:\/\/i0.wp.com\/casadecampoliving.com\/wp-content\/uploads\/2022\/10\/MG_9020-e1494346309916.jpg?fit=1000%2C667&ssl=1&resize=700%2C400 2x"},"classes":[]},{"id":337447,"url":"https:\/\/casadecampoliving.com\/es\/cafe-de-la-leche-en-la-casita\/","url_meta":{"origin":351494,"position":5},"title":"Cafe de la Leche en La Casita!","author":"Rebecca Silvestri","date":"10 Ago, 2011","format":false,"excerpt":"Este mes Julia Martinez fue la anfitriona\u00a0del evento mensual, el Caf\u00e9 de la Leche,\u00a0el cual se realiz\u00f3 en su restuarante 'La Casita' en la Marina Casa de Campo, donde los invitados disfrutaron un brindis de champan con picaderas y deliciosos dulces. To read this article in English, click here!\u00a0 Relajando\u00a0al\u2026","rel":"","context":"En \u00abRestaurantes\u00bb","block_context":{"text":"Restaurantes","link":"https:\/\/casadecampoliving.com\/es\/category\/restaurantes-es\/"},"img":{"alt_text":"","src":"https:\/\/i0.wp.com\/casadecampoliving.com\/wp-content\/uploads\/2022\/10\/cafe_de_la_leche_marina_casa_de_campo_la_casita-1.jpg?fit=565%2C388&ssl=1&resize=350%2C200","width":350,"height":200,"srcset":"https:\/\/i0.wp.com\/casadecampoliving.com\/wp-content\/uploads\/2022\/10\/cafe_de_la_leche_marina_casa_de_campo_la_casita-1.jpg?fit=565%2C388&ssl=1&resize=350%2C200 1x, https:\/\/i0.wp.com\/casadecampoliving.com\/wp-content\/uploads\/2022\/10\/cafe_de_la_leche_marina_casa_de_campo_la_casita-1.jpg?fit=565%2C388&ssl=1&resize=525%2C300 1.5x"},"classes":[]}],"jetpack_sharing_enabled":true,"_links":{"self":[{"href":"https:\/\/casadecampoliving.com\/es\/wp-json\/wp\/v2\/posts\/351494","targetHints":{"allow":["GET"]}}],"collection":[{"href":"https:\/\/casadecampoliving.com\/es\/wp-json\/wp\/v2\/posts"}],"about":[{"href":"https:\/\/casadecampoliving.com\/es\/wp-json\/wp\/v2\/types\/post"}],"author":[{"embeddable":true,"href":"https:\/\/casadecampoliving.com\/es\/wp-json\/wp\/v2\/users\/36682"}],"replies":[{"embeddable":true,"href":"https:\/\/casadecampoliving.com\/es\/wp-json\/wp\/v2\/comments?post=351494"}],"version-history":[{"count":1,"href":"https:\/\/casadecampoliving.com\/es\/wp-json\/wp\/v2\/posts\/351494\/revisions"}],"predecessor-version":[{"id":351495,"href":"https:\/\/casadecampoliving.com\/es\/wp-json\/wp\/v2\/posts\/351494\/revisions\/351495"}],"wp:featuredmedia":[{"embeddable":true,"href":"https:\/\/casadecampoliving.com\/es\/wp-json\/wp\/v2\/media\/293600"}],"wp:attachment":[{"href":"https:\/\/casadecampoliving.com\/es\/wp-json\/wp\/v2\/media?parent=351494"}],"wp:term":[{"taxonomy":"category","embeddable":true,"href":"https:\/\/casadecampoliving.com\/es\/wp-json\/wp\/v2\/categories?post=351494"},{"taxonomy":"post_tag","embeddable":true,"href":"https:\/\/casadecampoliving.com\/es\/wp-json\/wp\/v2\/tags?post=351494"},{"taxonomy":"newspack_spnsrs_tax","embeddable":true,"href":"https:\/\/casadecampoliving.com\/es\/wp-json\/wp\/v2\/newspack_spnsrs_tax?post=351494"}],"curies":[{"name":"wp","href":"https:\/\/api.w.org\/{rel}","templated":true}]}}