{"id":351478,"date":"2017-05-09T00:00:00","date_gmt":"2017-05-09T04:00:00","guid":{"rendered":"https:\/\/casadecampoliving.com\/asista-a-la-exposicion-final-de-los-estudiantes-de-chavon-escuela-de-diseno-este-miercoles\/"},"modified":"2022-10-21T19:10:18","modified_gmt":"2022-10-21T23:10:18","slug":"asista-a-la-exposicion-final-de-los-estudiantes-de-chavon-escuela-de-diseno-este-miercoles","status":"publish","type":"post","link":"https:\/\/casadecampoliving.com\/es\/asista-a-la-exposicion-final-de-los-estudiantes-de-chavon-escuela-de-diseno-este-miercoles\/","title":{"rendered":"\u00a1Asista a la exposici\u00f3n final de los estudiantes de Chav\u00f3n Escuela de Dise\u00f1o este mi\u00e9rcoles!"},"content":{"rendered":"<div class=\"wp-block-image\">\n<figure class=\"aligncenter is-resized\"><img loading=\"lazy\" decoding=\"async\" src=\"https:\/\/i0.wp.com\/casadecampoliving.com\/wp-content\/uploads\/2022\/10\/IMG_0109-e1494335568751.jpg?resize=1000%2C667&amp;ssl=1\" alt=\"\" class=\"wp-image-141476\" height=\"667\" width=\"1000\"\/><\/figure>\n<\/div>\n\n\n<p>En celebraci\u00f3n de la 33\u00aa promoci\u00f3n de Chav\u00f3n Escuela de Dise\u00f1o, estamos orgullosos de anunciar la inauguraci\u00f3n de la exposici\u00f3n final el mi\u00e9rcoles 10 de mayo a las 7pm en la Galer\u00eda Altos de Chav\u00f3n. La exhibici\u00f3n representa una selecci\u00f3n de trabajos producidos por los talentosos estudiantes del departamento de Bellas Artes durante su semestre final de primavera, as\u00ed como un vistazo del trabajo producido por el recientemente inaugurado departamento de Cine.<br>\n<br>\n&nbsp;<br>\nLa planta baja mostrar\u00e1 una rica variedad de piezas de los departamentos de Grabado, Fotograf\u00eda, Ilustraci\u00f3n y Cine. El segundo piso presenta una mezcla ecl\u00e9ctica de trabajos de los proyectos de tesis que los estudiantes de Bellas Artes han estado desarrollando a lo largo de su \u00faltimo semestre. El trabajo de tesis es una culminaci\u00f3n de la investigaci\u00f3n del estudiante y la pr\u00e1ctica de estudio que ha producido una impresionante variedad de im\u00e1genes creadas con una amplia gama de materiales y conocimientos. Las obras seleccionadas van desde retratos meticulosos, muebles dise\u00f1ados a partir de materiales reciclados, ricas pinturas y esculturas hasta instalaciones experimentales de medios mixtos.<\/p>\n\n\n\n<!--more-->\n\n\n<div class=\"wp-block-image\">\n<figure class=\"aligncenter is-resized\"><img loading=\"lazy\" decoding=\"async\" src=\"https:\/\/i0.wp.com\/casadecampoliving.com\/wp-content\/uploads\/2022\/10\/IMG_0117-e1494335607693.jpg?resize=1000%2C667&amp;ssl=1\" alt=\"\" class=\"wp-image-141479\" height=\"667\" width=\"1000\"\/><\/figure>\n<\/div>\n\n\n<p><strong>Por favor, \u00fanase a nosotros para la recepci\u00f3n de apertura donde usted ser\u00e1 capaz de conocer a los extraordinariamente talentosos estudiantes de Bellas Artes de la clase graduanda de 2017. La exhibici\u00f3n estar\u00e1 abierta al publico s\u00f3lo hasta el 19 de mayo. \u00a1No te lo pierdas!<\/strong><\/p>\n\n\n\n<blockquote><h3><strong>Exposici\u00f3n de Arte Final de Estudiantes<\/strong><\/h3><p><strong>D\u00f3nde:<\/strong>&nbsp;La Galeria, Altos de Chav\u00f3n<\/p><p><b>Cu\u00e1ndo: <\/b>Mi\u00e9rcoles 10 de mayo,&nbsp;7:00 p.m.<\/p><\/blockquote>\n\n\n\n<p><em>*Informaci\u00f3n cortesia de Ra\u00fal Miyar director de Bellas Artes e Ilustraci\u00f3n<\/em><\/p>\n","protected":false},"excerpt":{"rendered":"<p>En celebraci\u00f3n de la 33\u00aa promoci\u00f3n de Chav\u00f3n Escuela de Dise\u00f1o, estamos orgullosos de anunciar la inauguraci\u00f3n de la exposici\u00f3n final el mi\u00e9rcoles 10 de mayo a las 7pm en la Galer\u00eda Altos de Chav\u00f3n. La exhibici\u00f3n representa una selecci\u00f3n de trabajos producidos por los talentosos estudiantes del departamento de Bellas Artes durante su semestre [&hellip;]<\/p>\n","protected":false},"author":36682,"featured_media":292625,"comment_status":"closed","ping_status":"closed","sticky":false,"template":"","format":"standard","meta":{"newspack_ads_suppress_ads":false,"newspack_popups_has_disabled_popups":false,"newspack_sponsor_sponsorship_scope":"","newspack_sponsor_native_byline_display":"inherit","newspack_sponsor_native_category_display":"inherit","newspack_sponsor_underwriter_style":"inherit","newspack_sponsor_underwriter_placement":"inherit","_newspack_byline_active":false,"_newspack_byline":"","newspack_hide_updated_date":false,"newspack_show_updated_date":false,"newspack_content_restriction_is_exempt":false,"newspack_featured_image_position":"","newspack_post_subtitle":"","newspack_article_summary_title":"Overview:","newspack_article_summary":"","_jetpack_memberships_contains_paid_content":false,"footnotes":"","jetpack_publicize_message":"","jetpack_publicize_feature_enabled":true,"jetpack_social_post_already_shared":false,"jetpack_social_options":{"image_generator_settings":{"template":"highway","default_image_id":0,"font":"","enabled":false},"version":2},"_wpas_customize_per_network":false},"categories":[26819,26823,14631,2522,14625,14627,2521],"tags":[15387,3575,4743,2535,6474,4043,2675],"newspack_spnsrs_tax":[],"class_list":["post-351478","post","type-post","status-publish","format-standard","has-post-thumbnail","hentry","category-altos-de-chavon-es","category-arte-y-cultura","category-estilo-de-vida","category-eventos-es","category-noticias-locales","category-proximamente","category-republica-dominicana-2","tag-altos-de-chavon-es","tag-altos-de-chavon-es-2","tag-escuela-de-diseno","tag-estudiantes","tag-exhibicion","tag-final","tag-graduacion","entry"],"yoast_head":"<!-- This site is optimized with the Yoast SEO plugin v27.4 - https:\/\/yoast.com\/product\/yoast-seo-wordpress\/ -->\n<title>\u00a1Asista a la exposici\u00f3n final de los estudiantes de Chav\u00f3n Escuela de Dise\u00f1o este mi\u00e9rcoles! | Casa de Campo Living<\/title>\n<meta name=\"description\" content=\"En celebraci\u00f3n de la 33\u00aa promoci\u00f3n de Chav\u00f3n Escuela de Dise\u00f1o, estamos orgullosos de anunciar la inauguraci\u00f3n de la exposici\u00f3n final el mi\u00e9rcoles 10 de\" \/>\n<meta name=\"robots\" content=\"index, follow, max-snippet:-1, max-image-preview:large, max-video-preview:-1\" \/>\n<link rel=\"canonical\" href=\"https:\/\/casadecampoliving.com\/es\/asista-a-la-exposicion-final-de-los-estudiantes-de-chavon-escuela-de-diseno-este-miercoles\/\" \/>\n<meta property=\"og:locale\" content=\"es_ES\" \/>\n<meta property=\"og:type\" content=\"article\" \/>\n<meta property=\"og:title\" content=\"\u00a1Asista a la exposici\u00f3n final de los estudiantes de Chav\u00f3n Escuela de Dise\u00f1o este mi\u00e9rcoles! | Casa de Campo Living\" \/>\n<meta property=\"og:description\" content=\"En celebraci\u00f3n de la 33\u00aa promoci\u00f3n de Chav\u00f3n Escuela de Dise\u00f1o, estamos orgullosos de anunciar la inauguraci\u00f3n de la exposici\u00f3n final el mi\u00e9rcoles 10 de\" \/>\n<meta property=\"og:url\" content=\"https:\/\/casadecampoliving.com\/es\/asista-a-la-exposicion-final-de-los-estudiantes-de-chavon-escuela-de-diseno-este-miercoles\/\" \/>\n<meta property=\"og:site_name\" content=\"Casa de Campo Living\" \/>\n<meta property=\"article:publisher\" content=\"https:\/\/www.facebook.com\/casadecampoliving\" \/>\n<meta property=\"article:published_time\" content=\"2017-05-09T04:00:00+00:00\" \/>\n<meta property=\"article:modified_time\" content=\"2022-10-21T23:10:18+00:00\" \/>\n<meta property=\"og:image\" content=\"https:\/\/i0.wp.com\/casadecampoliving.com\/wp-content\/uploads\/2022\/10\/IMG_0120-e1494335642148.jpg?fit=1000%2C667&ssl=1\" \/>\n\t<meta property=\"og:image:width\" content=\"1000\" \/>\n\t<meta property=\"og:image:height\" content=\"667\" \/>\n\t<meta property=\"og:image:type\" content=\"image\/jpeg\" \/>\n<meta name=\"author\" content=\"Marlenys Guzm\u00e1n Casta\u00f1os\" \/>\n<meta name=\"twitter:card\" content=\"summary_large_image\" \/>\n<meta name=\"twitter:creator\" content=\"@cdcliving\" \/>\n<meta name=\"twitter:site\" content=\"@cdcliving\" \/>\n<meta name=\"twitter:label1\" content=\"Escrito por\" \/>\n\t<meta name=\"twitter:data1\" content=\"Marlenys Guzm\u00e1n Casta\u00f1os\" \/>\n\t<meta name=\"twitter:label2\" content=\"Tiempo de lectura\" \/>\n\t<meta name=\"twitter:data2\" content=\"1 minuto\" \/>\n<script type=\"application\/ld+json\" class=\"yoast-schema-graph\">{\"@context\":\"https:\\\/\\\/schema.org\",\"@graph\":[{\"@type\":\"Article\",\"@id\":\"https:\\\/\\\/casadecampoliving.com\\\/es\\\/asista-a-la-exposicion-final-de-los-estudiantes-de-chavon-escuela-de-diseno-este-miercoles\\\/#article\",\"isPartOf\":{\"@id\":\"https:\\\/\\\/casadecampoliving.com\\\/es\\\/asista-a-la-exposicion-final-de-los-estudiantes-de-chavon-escuela-de-diseno-este-miercoles\\\/\"},\"author\":{\"name\":\"Marlenys Guzm\u00e1n Casta\u00f1os\",\"@id\":\"https:\\\/\\\/casadecampoliving.com\\\/es\\\/#\\\/schema\\\/person\\\/b6606bd87f9cec8f5903e2141cafda24\"},\"headline\":\"\u00a1Asista a la exposici\u00f3n final de los estudiantes de Chav\u00f3n Escuela de Dise\u00f1o este mi\u00e9rcoles!\",\"datePublished\":\"2017-05-09T04:00:00+00:00\",\"dateModified\":\"2022-10-21T23:10:18+00:00\",\"mainEntityOfPage\":{\"@id\":\"https:\\\/\\\/casadecampoliving.com\\\/es\\\/asista-a-la-exposicion-final-de-los-estudiantes-de-chavon-escuela-de-diseno-este-miercoles\\\/\"},\"wordCount\":301,\"publisher\":{\"@id\":\"https:\\\/\\\/casadecampoliving.com\\\/es\\\/#organization\"},\"image\":{\"@id\":\"https:\\\/\\\/casadecampoliving.com\\\/es\\\/asista-a-la-exposicion-final-de-los-estudiantes-de-chavon-escuela-de-diseno-este-miercoles\\\/#primaryimage\"},\"thumbnailUrl\":\"https:\\\/\\\/i0.wp.com\\\/casadecampoliving.com\\\/wp-content\\\/uploads\\\/2022\\\/10\\\/IMG_0120-e1494335642148.jpg?fit=1000%2C667&ssl=1\",\"keywords\":[\"Altos de Chavon\",\"Altos de Chavon -es\",\"escuela de dise\u00f1o\",\"estudiantes\",\"exhibicion\",\"final\",\"graduacion\"],\"articleSection\":[\"Altos de Chavon @es\",\"Arte y cultura\",\"Estilo de Vida\",\"Eventos\",\"Noticias Locales\",\"Proximamente\",\"Rep\u00fablica Dominicana @es\"],\"inLanguage\":\"es\"},{\"@type\":\"WebPage\",\"@id\":\"https:\\\/\\\/casadecampoliving.com\\\/es\\\/asista-a-la-exposicion-final-de-los-estudiantes-de-chavon-escuela-de-diseno-este-miercoles\\\/\",\"url\":\"https:\\\/\\\/casadecampoliving.com\\\/es\\\/asista-a-la-exposicion-final-de-los-estudiantes-de-chavon-escuela-de-diseno-este-miercoles\\\/\",\"name\":\"\u00a1Asista a la exposici\u00f3n final de los estudiantes de Chav\u00f3n Escuela de Dise\u00f1o este mi\u00e9rcoles! | Casa de Campo Living\",\"isPartOf\":{\"@id\":\"https:\\\/\\\/casadecampoliving.com\\\/es\\\/#website\"},\"primaryImageOfPage\":{\"@id\":\"https:\\\/\\\/casadecampoliving.com\\\/es\\\/asista-a-la-exposicion-final-de-los-estudiantes-de-chavon-escuela-de-diseno-este-miercoles\\\/#primaryimage\"},\"image\":{\"@id\":\"https:\\\/\\\/casadecampoliving.com\\\/es\\\/asista-a-la-exposicion-final-de-los-estudiantes-de-chavon-escuela-de-diseno-este-miercoles\\\/#primaryimage\"},\"thumbnailUrl\":\"https:\\\/\\\/i0.wp.com\\\/casadecampoliving.com\\\/wp-content\\\/uploads\\\/2022\\\/10\\\/IMG_0120-e1494335642148.jpg?fit=1000%2C667&ssl=1\",\"datePublished\":\"2017-05-09T04:00:00+00:00\",\"dateModified\":\"2022-10-21T23:10:18+00:00\",\"description\":\"En celebraci\u00f3n de la 33\u00aa promoci\u00f3n de Chav\u00f3n Escuela de Dise\u00f1o, estamos orgullosos de anunciar la inauguraci\u00f3n de la exposici\u00f3n final el mi\u00e9rcoles 10 de\",\"breadcrumb\":{\"@id\":\"https:\\\/\\\/casadecampoliving.com\\\/es\\\/asista-a-la-exposicion-final-de-los-estudiantes-de-chavon-escuela-de-diseno-este-miercoles\\\/#breadcrumb\"},\"inLanguage\":\"es\",\"potentialAction\":[{\"@type\":\"ReadAction\",\"target\":[\"https:\\\/\\\/casadecampoliving.com\\\/es\\\/asista-a-la-exposicion-final-de-los-estudiantes-de-chavon-escuela-de-diseno-este-miercoles\\\/\"]}]},{\"@type\":\"ImageObject\",\"inLanguage\":\"es\",\"@id\":\"https:\\\/\\\/casadecampoliving.com\\\/es\\\/asista-a-la-exposicion-final-de-los-estudiantes-de-chavon-escuela-de-diseno-este-miercoles\\\/#primaryimage\",\"url\":\"https:\\\/\\\/i0.wp.com\\\/casadecampoliving.com\\\/wp-content\\\/uploads\\\/2022\\\/10\\\/IMG_0120-e1494335642148.jpg?fit=1000%2C667&ssl=1\",\"contentUrl\":\"https:\\\/\\\/i0.wp.com\\\/casadecampoliving.com\\\/wp-content\\\/uploads\\\/2022\\\/10\\\/IMG_0120-e1494335642148.jpg?fit=1000%2C667&ssl=1\",\"width\":1000,\"height\":667},{\"@type\":\"BreadcrumbList\",\"@id\":\"https:\\\/\\\/casadecampoliving.com\\\/es\\\/asista-a-la-exposicion-final-de-los-estudiantes-de-chavon-escuela-de-diseno-este-miercoles\\\/#breadcrumb\",\"itemListElement\":[{\"@type\":\"ListItem\",\"position\":1,\"name\":\"Home\",\"item\":\"https:\\\/\\\/casadecampoliving.com\\\/es\\\/\"},{\"@type\":\"ListItem\",\"position\":2,\"name\":\"\u00a1Asista a la exposici\u00f3n final de los estudiantes de Chav\u00f3n Escuela de Dise\u00f1o este mi\u00e9rcoles!\"}]},{\"@type\":\"WebSite\",\"@id\":\"https:\\\/\\\/casadecampoliving.com\\\/es\\\/#website\",\"url\":\"https:\\\/\\\/casadecampoliving.com\\\/es\\\/\",\"name\":\"Casa de Campo Living\",\"description\":\"Resort community news and resources.\",\"publisher\":{\"@id\":\"https:\\\/\\\/casadecampoliving.com\\\/es\\\/#organization\"},\"potentialAction\":[{\"@type\":\"SearchAction\",\"target\":{\"@type\":\"EntryPoint\",\"urlTemplate\":\"https:\\\/\\\/casadecampoliving.com\\\/es\\\/?s={search_term_string}\"},\"query-input\":{\"@type\":\"PropertyValueSpecification\",\"valueRequired\":true,\"valueName\":\"search_term_string\"}}],\"inLanguage\":\"es\"},{\"@type\":\"Organization\",\"@id\":\"https:\\\/\\\/casadecampoliving.com\\\/es\\\/#organization\",\"name\":\"Casa de Campo Living\",\"url\":\"https:\\\/\\\/casadecampoliving.com\\\/es\\\/\",\"logo\":{\"@type\":\"ImageObject\",\"inLanguage\":\"es\",\"@id\":\"https:\\\/\\\/casadecampoliving.com\\\/es\\\/#\\\/schema\\\/logo\\\/image\\\/\",\"url\":\"https:\\\/\\\/i0.wp.com\\\/casadecampoliving.com\\\/wp-content\\\/uploads\\\/2022\\\/07\\\/CDCLivingLogo_V1-white-sized.png?fit=800%2C214&ssl=1\",\"contentUrl\":\"https:\\\/\\\/i0.wp.com\\\/casadecampoliving.com\\\/wp-content\\\/uploads\\\/2022\\\/07\\\/CDCLivingLogo_V1-white-sized.png?fit=800%2C214&ssl=1\",\"width\":800,\"height\":214,\"caption\":\"Casa de Campo Living\"},\"image\":{\"@id\":\"https:\\\/\\\/casadecampoliving.com\\\/es\\\/#\\\/schema\\\/logo\\\/image\\\/\"},\"sameAs\":[\"https:\\\/\\\/www.facebook.com\\\/casadecampoliving\",\"https:\\\/\\\/x.com\\\/cdcliving\"]},{\"@type\":\"Person\",\"@id\":\"https:\\\/\\\/casadecampoliving.com\\\/es\\\/#\\\/schema\\\/person\\\/b6606bd87f9cec8f5903e2141cafda24\",\"name\":\"Marlenys Guzm\u00e1n Casta\u00f1os\",\"image\":{\"@type\":\"ImageObject\",\"inLanguage\":\"es\",\"@id\":\"https:\\\/\\\/secure.gravatar.com\\\/avatar\\\/72f3f86b8e6b3ec744201aeadf11d4a6055e8af194aecd9ad30ffff4437878ee?s=96&d=mm&r=g\",\"url\":\"https:\\\/\\\/secure.gravatar.com\\\/avatar\\\/72f3f86b8e6b3ec744201aeadf11d4a6055e8af194aecd9ad30ffff4437878ee?s=96&d=mm&r=g\",\"contentUrl\":\"https:\\\/\\\/secure.gravatar.com\\\/avatar\\\/72f3f86b8e6b3ec744201aeadf11d4a6055e8af194aecd9ad30ffff4437878ee?s=96&d=mm&r=g\",\"caption\":\"Marlenys Guzm\u00e1n Casta\u00f1os\"},\"url\":\"https:\\\/\\\/casadecampoliving.com\\\/es\\\/author\\\/mguzman\\\/\"}]}<\/script>\n<!-- \/ Yoast SEO plugin. -->","yoast_head_json":{"title":"\u00a1Asista a la exposici\u00f3n final de los estudiantes de Chav\u00f3n Escuela de Dise\u00f1o este mi\u00e9rcoles! | Casa de Campo Living","description":"En celebraci\u00f3n de la 33\u00aa promoci\u00f3n de Chav\u00f3n Escuela de Dise\u00f1o, estamos orgullosos de anunciar la inauguraci\u00f3n de la exposici\u00f3n final el mi\u00e9rcoles 10 de","robots":{"index":"index","follow":"follow","max-snippet":"max-snippet:-1","max-image-preview":"max-image-preview:large","max-video-preview":"max-video-preview:-1"},"canonical":"https:\/\/casadecampoliving.com\/es\/asista-a-la-exposicion-final-de-los-estudiantes-de-chavon-escuela-de-diseno-este-miercoles\/","og_locale":"es_ES","og_type":"article","og_title":"\u00a1Asista a la exposici\u00f3n final de los estudiantes de Chav\u00f3n Escuela de Dise\u00f1o este mi\u00e9rcoles! | Casa de Campo Living","og_description":"En celebraci\u00f3n de la 33\u00aa promoci\u00f3n de Chav\u00f3n Escuela de Dise\u00f1o, estamos orgullosos de anunciar la inauguraci\u00f3n de la exposici\u00f3n final el mi\u00e9rcoles 10 de","og_url":"https:\/\/casadecampoliving.com\/es\/asista-a-la-exposicion-final-de-los-estudiantes-de-chavon-escuela-de-diseno-este-miercoles\/","og_site_name":"Casa de Campo Living","article_publisher":"https:\/\/www.facebook.com\/casadecampoliving","article_published_time":"2017-05-09T04:00:00+00:00","article_modified_time":"2022-10-21T23:10:18+00:00","og_image":[{"width":1000,"height":667,"url":"https:\/\/i0.wp.com\/casadecampoliving.com\/wp-content\/uploads\/2022\/10\/IMG_0120-e1494335642148.jpg?fit=1000%2C667&ssl=1","type":"image\/jpeg"}],"author":"Marlenys Guzm\u00e1n Casta\u00f1os","twitter_card":"summary_large_image","twitter_creator":"@cdcliving","twitter_site":"@cdcliving","twitter_misc":{"Escrito por":"Marlenys Guzm\u00e1n Casta\u00f1os","Tiempo de lectura":"1 minuto"},"schema":{"@context":"https:\/\/schema.org","@graph":[{"@type":"Article","@id":"https:\/\/casadecampoliving.com\/es\/asista-a-la-exposicion-final-de-los-estudiantes-de-chavon-escuela-de-diseno-este-miercoles\/#article","isPartOf":{"@id":"https:\/\/casadecampoliving.com\/es\/asista-a-la-exposicion-final-de-los-estudiantes-de-chavon-escuela-de-diseno-este-miercoles\/"},"author":{"name":"Marlenys Guzm\u00e1n Casta\u00f1os","@id":"https:\/\/casadecampoliving.com\/es\/#\/schema\/person\/b6606bd87f9cec8f5903e2141cafda24"},"headline":"\u00a1Asista a la exposici\u00f3n final de los estudiantes de Chav\u00f3n Escuela de Dise\u00f1o este mi\u00e9rcoles!","datePublished":"2017-05-09T04:00:00+00:00","dateModified":"2022-10-21T23:10:18+00:00","mainEntityOfPage":{"@id":"https:\/\/casadecampoliving.com\/es\/asista-a-la-exposicion-final-de-los-estudiantes-de-chavon-escuela-de-diseno-este-miercoles\/"},"wordCount":301,"publisher":{"@id":"https:\/\/casadecampoliving.com\/es\/#organization"},"image":{"@id":"https:\/\/casadecampoliving.com\/es\/asista-a-la-exposicion-final-de-los-estudiantes-de-chavon-escuela-de-diseno-este-miercoles\/#primaryimage"},"thumbnailUrl":"https:\/\/i0.wp.com\/casadecampoliving.com\/wp-content\/uploads\/2022\/10\/IMG_0120-e1494335642148.jpg?fit=1000%2C667&ssl=1","keywords":["Altos de Chavon","Altos de Chavon -es","escuela de dise\u00f1o","estudiantes","exhibicion","final","graduacion"],"articleSection":["Altos de Chavon @es","Arte y cultura","Estilo de Vida","Eventos","Noticias Locales","Proximamente","Rep\u00fablica Dominicana @es"],"inLanguage":"es"},{"@type":"WebPage","@id":"https:\/\/casadecampoliving.com\/es\/asista-a-la-exposicion-final-de-los-estudiantes-de-chavon-escuela-de-diseno-este-miercoles\/","url":"https:\/\/casadecampoliving.com\/es\/asista-a-la-exposicion-final-de-los-estudiantes-de-chavon-escuela-de-diseno-este-miercoles\/","name":"\u00a1Asista a la exposici\u00f3n final de los estudiantes de Chav\u00f3n Escuela de Dise\u00f1o este mi\u00e9rcoles! | Casa de Campo Living","isPartOf":{"@id":"https:\/\/casadecampoliving.com\/es\/#website"},"primaryImageOfPage":{"@id":"https:\/\/casadecampoliving.com\/es\/asista-a-la-exposicion-final-de-los-estudiantes-de-chavon-escuela-de-diseno-este-miercoles\/#primaryimage"},"image":{"@id":"https:\/\/casadecampoliving.com\/es\/asista-a-la-exposicion-final-de-los-estudiantes-de-chavon-escuela-de-diseno-este-miercoles\/#primaryimage"},"thumbnailUrl":"https:\/\/i0.wp.com\/casadecampoliving.com\/wp-content\/uploads\/2022\/10\/IMG_0120-e1494335642148.jpg?fit=1000%2C667&ssl=1","datePublished":"2017-05-09T04:00:00+00:00","dateModified":"2022-10-21T23:10:18+00:00","description":"En celebraci\u00f3n de la 33\u00aa promoci\u00f3n de Chav\u00f3n Escuela de Dise\u00f1o, estamos orgullosos de anunciar la inauguraci\u00f3n de la exposici\u00f3n final el mi\u00e9rcoles 10 de","breadcrumb":{"@id":"https:\/\/casadecampoliving.com\/es\/asista-a-la-exposicion-final-de-los-estudiantes-de-chavon-escuela-de-diseno-este-miercoles\/#breadcrumb"},"inLanguage":"es","potentialAction":[{"@type":"ReadAction","target":["https:\/\/casadecampoliving.com\/es\/asista-a-la-exposicion-final-de-los-estudiantes-de-chavon-escuela-de-diseno-este-miercoles\/"]}]},{"@type":"ImageObject","inLanguage":"es","@id":"https:\/\/casadecampoliving.com\/es\/asista-a-la-exposicion-final-de-los-estudiantes-de-chavon-escuela-de-diseno-este-miercoles\/#primaryimage","url":"https:\/\/i0.wp.com\/casadecampoliving.com\/wp-content\/uploads\/2022\/10\/IMG_0120-e1494335642148.jpg?fit=1000%2C667&ssl=1","contentUrl":"https:\/\/i0.wp.com\/casadecampoliving.com\/wp-content\/uploads\/2022\/10\/IMG_0120-e1494335642148.jpg?fit=1000%2C667&ssl=1","width":1000,"height":667},{"@type":"BreadcrumbList","@id":"https:\/\/casadecampoliving.com\/es\/asista-a-la-exposicion-final-de-los-estudiantes-de-chavon-escuela-de-diseno-este-miercoles\/#breadcrumb","itemListElement":[{"@type":"ListItem","position":1,"name":"Home","item":"https:\/\/casadecampoliving.com\/es\/"},{"@type":"ListItem","position":2,"name":"\u00a1Asista a la exposici\u00f3n final de los estudiantes de Chav\u00f3n Escuela de Dise\u00f1o este mi\u00e9rcoles!"}]},{"@type":"WebSite","@id":"https:\/\/casadecampoliving.com\/es\/#website","url":"https:\/\/casadecampoliving.com\/es\/","name":"Casa de Campo Living","description":"Resort community news and resources.","publisher":{"@id":"https:\/\/casadecampoliving.com\/es\/#organization"},"potentialAction":[{"@type":"SearchAction","target":{"@type":"EntryPoint","urlTemplate":"https:\/\/casadecampoliving.com\/es\/?s={search_term_string}"},"query-input":{"@type":"PropertyValueSpecification","valueRequired":true,"valueName":"search_term_string"}}],"inLanguage":"es"},{"@type":"Organization","@id":"https:\/\/casadecampoliving.com\/es\/#organization","name":"Casa de Campo Living","url":"https:\/\/casadecampoliving.com\/es\/","logo":{"@type":"ImageObject","inLanguage":"es","@id":"https:\/\/casadecampoliving.com\/es\/#\/schema\/logo\/image\/","url":"https:\/\/i0.wp.com\/casadecampoliving.com\/wp-content\/uploads\/2022\/07\/CDCLivingLogo_V1-white-sized.png?fit=800%2C214&ssl=1","contentUrl":"https:\/\/i0.wp.com\/casadecampoliving.com\/wp-content\/uploads\/2022\/07\/CDCLivingLogo_V1-white-sized.png?fit=800%2C214&ssl=1","width":800,"height":214,"caption":"Casa de Campo Living"},"image":{"@id":"https:\/\/casadecampoliving.com\/es\/#\/schema\/logo\/image\/"},"sameAs":["https:\/\/www.facebook.com\/casadecampoliving","https:\/\/x.com\/cdcliving"]},{"@type":"Person","@id":"https:\/\/casadecampoliving.com\/es\/#\/schema\/person\/b6606bd87f9cec8f5903e2141cafda24","name":"Marlenys Guzm\u00e1n Casta\u00f1os","image":{"@type":"ImageObject","inLanguage":"es","@id":"https:\/\/secure.gravatar.com\/avatar\/72f3f86b8e6b3ec744201aeadf11d4a6055e8af194aecd9ad30ffff4437878ee?s=96&d=mm&r=g","url":"https:\/\/secure.gravatar.com\/avatar\/72f3f86b8e6b3ec744201aeadf11d4a6055e8af194aecd9ad30ffff4437878ee?s=96&d=mm&r=g","contentUrl":"https:\/\/secure.gravatar.com\/avatar\/72f3f86b8e6b3ec744201aeadf11d4a6055e8af194aecd9ad30ffff4437878ee?s=96&d=mm&r=g","caption":"Marlenys Guzm\u00e1n Casta\u00f1os"},"url":"https:\/\/casadecampoliving.com\/es\/author\/mguzman\/"}]}},"parsely":{"version":"1.1.0","canonical_url":"https:\/\/casadecampoliving.com\/es\/asista-a-la-exposicion-final-de-los-estudiantes-de-chavon-escuela-de-diseno-este-miercoles\/","smart_links":{"inbound":0,"outbound":0},"traffic_boost_suggestions_count":0,"meta":{"@context":"https:\/\/schema.org","@type":"NewsArticle","headline":"\u00a1Asista a la exposici\u00f3n final de los estudiantes de Chav\u00f3n Escuela de Dise\u00f1o este mi\u00e9rcoles!","url":"http:\/\/casadecampoliving.com\/es\/asista-a-la-exposicion-final-de-los-estudiantes-de-chavon-escuela-de-diseno-este-miercoles\/","mainEntityOfPage":{"@type":"WebPage","@id":"http:\/\/casadecampoliving.com\/es\/asista-a-la-exposicion-final-de-los-estudiantes-de-chavon-escuela-de-diseno-este-miercoles\/"},"thumbnailUrl":"https:\/\/i0.wp.com\/casadecampoliving.com\/wp-content\/uploads\/2022\/10\/IMG_0120-e1494335642148.jpg?resize=150%2C150&ssl=1","image":{"@type":"ImageObject","url":"https:\/\/i0.wp.com\/casadecampoliving.com\/wp-content\/uploads\/2022\/10\/IMG_0120-e1494335642148.jpg?fit=1000%2C667&ssl=1"},"articleSection":"Altos de Chavon @es","author":[{"@type":"Person","name":"Marlenys Guzm\u00e1n Casta\u00f1os"}],"creator":["Marlenys Guzm\u00e1n Casta\u00f1os"],"publisher":{"@type":"Organization","name":"Casa de Campo Living","logo":"https:\/\/casadecampoliving.com\/wp-content\/uploads\/2022\/07\/CDCLivingLogo_V1-white-sized.png"},"keywords":["altos de chavon","altos de chavon -es","escuela de dise\u00f1o","estudiantes","exhibicion","final","graduacion"],"dateCreated":"2017-05-09T04:00:00Z","datePublished":"2017-05-09T04:00:00Z","dateModified":"2022-10-21T23:10:18Z"},"rendered":"<script type=\"application\/ld+json\" class=\"wp-parsely-metadata\">{\"@context\":\"https:\\\/\\\/schema.org\",\"@type\":\"NewsArticle\",\"headline\":\"\\u00a1Asista a la exposici\\u00f3n final de los estudiantes de Chav\\u00f3n Escuela de Dise\\u00f1o este mi\\u00e9rcoles!\",\"url\":\"http:\\\/\\\/casadecampoliving.com\\\/es\\\/asista-a-la-exposicion-final-de-los-estudiantes-de-chavon-escuela-de-diseno-este-miercoles\\\/\",\"mainEntityOfPage\":{\"@type\":\"WebPage\",\"@id\":\"http:\\\/\\\/casadecampoliving.com\\\/es\\\/asista-a-la-exposicion-final-de-los-estudiantes-de-chavon-escuela-de-diseno-este-miercoles\\\/\"},\"thumbnailUrl\":\"https:\\\/\\\/i0.wp.com\\\/casadecampoliving.com\\\/wp-content\\\/uploads\\\/2022\\\/10\\\/IMG_0120-e1494335642148.jpg?resize=150%2C150&ssl=1\",\"image\":{\"@type\":\"ImageObject\",\"url\":\"https:\\\/\\\/i0.wp.com\\\/casadecampoliving.com\\\/wp-content\\\/uploads\\\/2022\\\/10\\\/IMG_0120-e1494335642148.jpg?fit=1000%2C667&ssl=1\"},\"articleSection\":\"Altos de Chavon @es\",\"author\":[{\"@type\":\"Person\",\"name\":\"Marlenys Guzm\\u00e1n Casta\\u00f1os\"}],\"creator\":[\"Marlenys Guzm\\u00e1n Casta\\u00f1os\"],\"publisher\":{\"@type\":\"Organization\",\"name\":\"Casa de Campo Living\",\"logo\":\"https:\\\/\\\/casadecampoliving.com\\\/wp-content\\\/uploads\\\/2022\\\/07\\\/CDCLivingLogo_V1-white-sized.png\"},\"keywords\":[\"altos de chavon\",\"altos de chavon -es\",\"escuela de dise\\u00f1o\",\"estudiantes\",\"exhibicion\",\"final\",\"graduacion\"],\"dateCreated\":\"2017-05-09T04:00:00Z\",\"datePublished\":\"2017-05-09T04:00:00Z\",\"dateModified\":\"2022-10-21T23:10:18Z\"}<\/script>","tracker_url":"https:\/\/cdn.parsely.com\/keys\/casadecampoliving.com\/p.js"},"jetpack_publicize_connections":[],"jetpack_featured_media_url":"https:\/\/i0.wp.com\/casadecampoliving.com\/wp-content\/uploads\/2022\/10\/IMG_0120-e1494335642148.jpg?fit=1000%2C667&ssl=1","jetpack-related-posts":[{"id":433460,"url":"https:\/\/casadecampoliving.com\/es\/no-se-pierdan-el-increible-tributo-a-frank-sinatra-para-celebrar-el-40-aniversario-del-anfiteatro-altos-de-chavon\/","url_meta":{"origin":351478,"position":0},"title":"No se pierdan el incre\u00edble tributo a Frank Sinatra para celebrar el 40 aniversario del\u00a0Anfiteatro Altos de Chav\u00f3n","author":"Casa de Campo Living","date":"20 Oct, 2022","format":false,"excerpt":"Siendo uno de los escenarios m\u00e1s emblem\u00e1ticos del pa\u00eds, Casa de Campo Resort\u00ae & Villas celebra las cuatro d\u00e9cadas de aniversario de Altos de Chav\u00f3n con un tributo al gran Frank Sinatra, protagonizado por artistas invitados y una big band tal cual la que acompa\u00f1\u00f3 al artista hace 40 a\u00f1os\u2026","rel":"","context":"En \u00abUncategorized @es\u00bb","block_context":{"text":"Uncategorized @es","link":"https:\/\/casadecampoliving.com\/es\/category\/uncategorized-es\/"},"img":{"alt_text":"","src":"https:\/\/i0.wp.com\/casadecampoliving.com\/wp-content\/uploads\/2022\/10\/Tributo-Frank-Sinatra-Foto-Principal-Amaury-Sanchez-Danilo-Ginebra-Andres-Pichardo-y-Jose-Gabriel-Perez-.jpg?fit=1200%2C873&ssl=1&resize=350%2C200","width":350,"height":200,"srcset":"https:\/\/i0.wp.com\/casadecampoliving.com\/wp-content\/uploads\/2022\/10\/Tributo-Frank-Sinatra-Foto-Principal-Amaury-Sanchez-Danilo-Ginebra-Andres-Pichardo-y-Jose-Gabriel-Perez-.jpg?fit=1200%2C873&ssl=1&resize=350%2C200 1x, https:\/\/i0.wp.com\/casadecampoliving.com\/wp-content\/uploads\/2022\/10\/Tributo-Frank-Sinatra-Foto-Principal-Amaury-Sanchez-Danilo-Ginebra-Andres-Pichardo-y-Jose-Gabriel-Perez-.jpg?fit=1200%2C873&ssl=1&resize=525%2C300 1.5x, https:\/\/i0.wp.com\/casadecampoliving.com\/wp-content\/uploads\/2022\/10\/Tributo-Frank-Sinatra-Foto-Principal-Amaury-Sanchez-Danilo-Ginebra-Andres-Pichardo-y-Jose-Gabriel-Perez-.jpg?fit=1200%2C873&ssl=1&resize=700%2C400 2x, https:\/\/i0.wp.com\/casadecampoliving.com\/wp-content\/uploads\/2022\/10\/Tributo-Frank-Sinatra-Foto-Principal-Amaury-Sanchez-Danilo-Ginebra-Andres-Pichardo-y-Jose-Gabriel-Perez-.jpg?fit=1200%2C873&ssl=1&resize=1050%2C600 3x"},"classes":[]},{"id":349775,"url":"https:\/\/casadecampoliving.com\/es\/los-estudiantes-de-moda-de-chavon-van-a-impresionarnos-con-sus-colecciones-finales\/","url_meta":{"origin":351478,"position":1},"title":"Una mirada a los detalles: Los estudiantes de moda de Chav\u00f3n van a impresionarnos con sus colecciones finales","author":"Heather Lincoln","date":"7 May, 2016","format":false,"excerpt":"Es con mucho entusiasmo y emoci\u00f3n que anunciamos la graduaci\u00f3n del departamento de moda de la Escuela de Dise\u00f1o de Altos de Chav\u00f3n. Este es el \u00faltimo a\u00f1o del programa de moda en este campus y que ser\u00e1 movido a Santo Domingo en oto\u00f1o- \u00a1m\u00e1s detalles sobre la inauguraci\u00f3n de\u2026","rel":"","context":"En \u00abAltos de Chavon @es\u00bb","block_context":{"text":"Altos de Chavon @es","link":"https:\/\/casadecampoliving.com\/category\/altos-de-chavon-es\/"},"img":{"alt_text":"","src":"https:\/\/i0.wp.com\/casadecampoliving.com\/wp-content\/uploads\/2022\/10\/BDC_8558-2.jpg?fit=1000%2C600&ssl=1&resize=350%2C200","width":350,"height":200,"srcset":"https:\/\/i0.wp.com\/casadecampoliving.com\/wp-content\/uploads\/2022\/10\/BDC_8558-2.jpg?fit=1000%2C600&ssl=1&resize=350%2C200 1x, https:\/\/i0.wp.com\/casadecampoliving.com\/wp-content\/uploads\/2022\/10\/BDC_8558-2.jpg?fit=1000%2C600&ssl=1&resize=525%2C300 1.5x, https:\/\/i0.wp.com\/casadecampoliving.com\/wp-content\/uploads\/2022\/10\/BDC_8558-2.jpg?fit=1000%2C600&ssl=1&resize=700%2C400 2x"},"classes":[]},{"id":352080,"url":"https:\/\/casadecampoliving.com\/es\/el-trabajo-de-chavon-escuela-de-diseno-es-reconocido-internacionalmente\/","url_meta":{"origin":351478,"position":2},"title":"El trabajo de Chav\u00f3n Escuela de Dise\u00f1o es reconocido internacionalmente","author":"Marlenys Guzm\u00e1n Casta\u00f1os","date":"12 Oct, 2017","format":false,"excerpt":"\u00a1La escuela de dise\u00f1o de Chav\u00f3n ciertamente tiene mucho que celebrar \u00faltimamente! Sus estudiantes han estado haciendo grandes cosas en el corto per\u00edodo de tiempo que han estado en clase este a\u00f1o, recibiendo elogios de Dominique Bluhdorn y Stephen Kaplan lo que los llev\u00f3 a una exhibici\u00f3n de su trabajo\u2026","rel":"","context":"En \u00abAltos de Chavon @es\u00bb","block_context":{"text":"Altos de Chavon @es","link":"https:\/\/casadecampoliving.com\/category\/altos-de-chavon-es\/"},"img":{"alt_text":"","src":"https:\/\/i0.wp.com\/casadecampoliving.com\/wp-content\/uploads\/2022\/10\/film-e1507837678906.jpeg?fit=1000%2C667&ssl=1&resize=350%2C200","width":350,"height":200,"srcset":"https:\/\/i0.wp.com\/casadecampoliving.com\/wp-content\/uploads\/2022\/10\/film-e1507837678906.jpeg?fit=1000%2C667&ssl=1&resize=350%2C200 1x, https:\/\/i0.wp.com\/casadecampoliving.com\/wp-content\/uploads\/2022\/10\/film-e1507837678906.jpeg?fit=1000%2C667&ssl=1&resize=525%2C300 1.5x, https:\/\/i0.wp.com\/casadecampoliving.com\/wp-content\/uploads\/2022\/10\/film-e1507837678906.jpeg?fit=1000%2C667&ssl=1&resize=700%2C400 2x"},"classes":[]},{"id":351459,"url":"https:\/\/casadecampoliving.com\/es\/casi-estamos-felicitando-la-clase-graduanda-2017-de-la-escuela-de-diseno-altos-de-chavon\/","url_meta":{"origin":351478,"position":3},"title":"\u00a1Casi estamos felicitando a la clase graduanda 2017 de la Escuela de Dise\u00f1o Altos de Chav\u00f3n!","author":"Marlenys Guzm\u00e1n Casta\u00f1os","date":"4 May, 2017","format":false,"excerpt":"La 33\u00aa graduaci\u00f3n de la Escuela de Dise\u00f1o Altos de Chav\u00f3n se celebrar\u00e1 el s\u00e1bado 13 de mayo en la Plaza Chav\u00f3n frente a la iglesia de San Estanislao. M\u00e1s de sesenta estudiantes vestiran sus togas y birretes y marcar\u00e1n un hito en sus vidas, comenzando un nuevo cap\u00edtulo como\u2026","rel":"","context":"En \u00abAltos de Chavon @es\u00bb","block_context":{"text":"Altos de Chavon @es","link":"https:\/\/casadecampoliving.com\/category\/altos-de-chavon-es\/"},"img":{"alt_text":"","src":"https:\/\/i0.wp.com\/casadecampoliving.com\/wp-content\/uploads\/2022\/10\/Graduacion_XXXII-3.jpg?fit=1200%2C800&ssl=1&resize=350%2C200","width":350,"height":200,"srcset":"https:\/\/i0.wp.com\/casadecampoliving.com\/wp-content\/uploads\/2022\/10\/Graduacion_XXXII-3.jpg?fit=1200%2C800&ssl=1&resize=350%2C200 1x, https:\/\/i0.wp.com\/casadecampoliving.com\/wp-content\/uploads\/2022\/10\/Graduacion_XXXII-3.jpg?fit=1200%2C800&ssl=1&resize=525%2C300 1.5x, https:\/\/i0.wp.com\/casadecampoliving.com\/wp-content\/uploads\/2022\/10\/Graduacion_XXXII-3.jpg?fit=1200%2C800&ssl=1&resize=700%2C400 2x, https:\/\/i0.wp.com\/casadecampoliving.com\/wp-content\/uploads\/2022\/10\/Graduacion_XXXII-3.jpg?fit=1200%2C800&ssl=1&resize=1050%2C600 3x"},"classes":[]},{"id":353437,"url":"https:\/\/casadecampoliving.com\/es\/join-the-chavon-school-of-design-this-friday-for-their-35th-graduation-ceremony-and-end-of-year-exhibit\/","url_meta":{"origin":351478,"position":4},"title":"\u00danase a Chav\u00f3n Escuela de Dise\u00f1o este viernes para la 35\u00aa ceremonia de graduaci\u00f3n y la exhibici\u00f3n de fin de a\u00f1o","author":"Casa de Campo Living","date":"13 May, 2019","format":false,"excerpt":"Hace 37 a\u00f1os, la Escuela de Dise\u00f1o Altos de Chav\u00f3n abri\u00f3 sus puertas a personas con talento que quer\u00edan ampliar sus conocimientos en bellas artes. Este viernes, 17 de mayo, la escuela celebrar\u00e1 su 35\u00aa graduaci\u00f3n que se llevar\u00e1 a cabo en el anfiteatro. \u00a1Esta ser\u00e1 la segunda graduaci\u00f3n para\u2026","rel":"","context":"En \u00abAltos de Chavon @es\u00bb","block_context":{"text":"Altos de Chavon @es","link":"https:\/\/casadecampoliving.com\/category\/altos-de-chavon-es\/"},"img":{"alt_text":"","src":"https:\/\/i0.wp.com\/casadecampoliving.com\/wp-content\/uploads\/2022\/10\/IMG_8925.jpg?fit=1000%2C613&ssl=1&resize=350%2C200","width":350,"height":200,"srcset":"https:\/\/i0.wp.com\/casadecampoliving.com\/wp-content\/uploads\/2022\/10\/IMG_8925.jpg?fit=1000%2C613&ssl=1&resize=350%2C200 1x, https:\/\/i0.wp.com\/casadecampoliving.com\/wp-content\/uploads\/2022\/10\/IMG_8925.jpg?fit=1000%2C613&ssl=1&resize=525%2C300 1.5x, https:\/\/i0.wp.com\/casadecampoliving.com\/wp-content\/uploads\/2022\/10\/IMG_8925.jpg?fit=1000%2C613&ssl=1&resize=700%2C400 2x"},"classes":[]},{"id":346705,"url":"https:\/\/casadecampoliving.com\/es\/synergy-altos-de-chavon-artistas-en-residencia-y-estudiantes\/","url_meta":{"origin":351478,"position":5},"title":"SYNERGY: Altos de Chav\u00f3n. Artistas en Residencia y Estudiantes","author":"Perkin Agramonte","date":"11 Feb, 2015","format":false,"excerpt":"Una nueva y excepcional exhibici\u00f3n de arte est\u00e1 a punto de abrir en La Galer\u00eda en Altos de Chav\u00f3n. SYNERGY es una colecci\u00f3n de trabajos de artistas ex-residentes y estudiantes de la Escuela de Dise\u00f1o de Altos de Chav\u00f3n, comisariada por el decano de estudios, Stephen Kaplan en honor al\u2026","rel":"","context":"En \u00abAltos de Chavon @es\u00bb","block_context":{"text":"Altos de Chavon @es","link":"https:\/\/casadecampoliving.com\/category\/altos-de-chavon-es\/"},"img":{"alt_text":"art Altos de Chavon","src":"https:\/\/i0.wp.com\/casadecampoliving.com\/wp-content\/uploads\/2022\/10\/art_Altos_de_Chavon-1.jpg?fit=650%2C523&ssl=1&resize=350%2C200","width":350,"height":200,"srcset":"https:\/\/i0.wp.com\/casadecampoliving.com\/wp-content\/uploads\/2022\/10\/art_Altos_de_Chavon-1.jpg?fit=650%2C523&ssl=1&resize=350%2C200 1x, https:\/\/i0.wp.com\/casadecampoliving.com\/wp-content\/uploads\/2022\/10\/art_Altos_de_Chavon-1.jpg?fit=650%2C523&ssl=1&resize=525%2C300 1.5x"},"classes":[]}],"jetpack_sharing_enabled":true,"_links":{"self":[{"href":"https:\/\/casadecampoliving.com\/es\/wp-json\/wp\/v2\/posts\/351478","targetHints":{"allow":["GET"]}}],"collection":[{"href":"https:\/\/casadecampoliving.com\/es\/wp-json\/wp\/v2\/posts"}],"about":[{"href":"https:\/\/casadecampoliving.com\/es\/wp-json\/wp\/v2\/types\/post"}],"author":[{"embeddable":true,"href":"https:\/\/casadecampoliving.com\/es\/wp-json\/wp\/v2\/users\/36682"}],"replies":[{"embeddable":true,"href":"https:\/\/casadecampoliving.com\/es\/wp-json\/wp\/v2\/comments?post=351478"}],"version-history":[{"count":1,"href":"https:\/\/casadecampoliving.com\/es\/wp-json\/wp\/v2\/posts\/351478\/revisions"}],"predecessor-version":[{"id":351479,"href":"https:\/\/casadecampoliving.com\/es\/wp-json\/wp\/v2\/posts\/351478\/revisions\/351479"}],"wp:featuredmedia":[{"embeddable":true,"href":"https:\/\/casadecampoliving.com\/es\/wp-json\/wp\/v2\/media\/292625"}],"wp:attachment":[{"href":"https:\/\/casadecampoliving.com\/es\/wp-json\/wp\/v2\/media?parent=351478"}],"wp:term":[{"taxonomy":"category","embeddable":true,"href":"https:\/\/casadecampoliving.com\/es\/wp-json\/wp\/v2\/categories?post=351478"},{"taxonomy":"post_tag","embeddable":true,"href":"https:\/\/casadecampoliving.com\/es\/wp-json\/wp\/v2\/tags?post=351478"},{"taxonomy":"newspack_spnsrs_tax","embeddable":true,"href":"https:\/\/casadecampoliving.com\/es\/wp-json\/wp\/v2\/newspack_spnsrs_tax?post=351478"}],"curies":[{"name":"wp","href":"https:\/\/api.w.org\/{rel}","templated":true}]}}