{"id":351376,"date":"2017-04-13T00:00:00","date_gmt":"2017-04-13T04:00:00","guid":{"rendered":"https:\/\/casadecampoliving.com\/actualizacion-confirmado-marc-anthony-y-gente-de-zona-seran-los-artistas-invitados-en-el-concierto-de-jennifer-lopez\/"},"modified":"2022-10-21T19:05:25","modified_gmt":"2022-10-21T23:05:25","slug":"actualizacion-confirmado-marc-anthony-y-gente-de-zona-seran-los-artistas-invitados-en-el-concierto-de-jennifer-lopez","status":"publish","type":"post","link":"https:\/\/casadecampoliving.com\/es\/actualizacion-confirmado-marc-anthony-y-gente-de-zona-seran-los-artistas-invitados-en-el-concierto-de-jennifer-lopez\/","title":{"rendered":"ACTUALIZACI\u00d3N: CONFIRMADO Marc Anthony y Gente de Zona acompa\u00f1aran a Jennifer Lopez durante su presentaci\u00f3n"},"content":{"rendered":"\n<blockquote class=\"wp-block-quote is-layout-flow wp-block-quote-is-layout-flow\"><p class=\"p1\" style=\"text-align: justify;\">SE CONFIRM\u00d3, la famosa superestrella Jennifer L\u00f3pez, que se&nbsp;presentar\u00e1 en Altos de Chav\u00f3n en tan s\u00f3lo dos d\u00edas, \u00a1tambi\u00e9n se contar\u00e1 con la actuaci\u00f3n de&nbsp;Marc Anthony y Gente de Zona!!! Todav\u00eda estamos esperando la confirmaci\u00f3n de&nbsp;si Yandel tambi\u00e9n formara parte del espect\u00e1culo.<\/p><\/blockquote>\n\n\n\n<p><\/p>\n\n\n\n<!--more-->\n\n\n\n<p>Con un n\u00famero r\u00e9cord de artistas, sin duda se espera &nbsp;que el electrizante concierto que sea uno de los mejores en la historia para el anfiteatro Altos de Chav\u00f3n y para el productor Gamal Hache. Se&nbsp;dice que estar\u00e1 a la par con los est\u00e1ndares de Las Vegas, donde realiza su show <em>\u201cAll I Have\u201d<\/em> durante todo el a\u00f1o, \u00a1el concierto de Jennifer L\u00f3pez el S\u00e1bado Santo en Casa de Campo es una noche que no querr\u00e1 perderse!! \u00a1Aseg\u00farate de haber <a href=\"https:\/\/casadecampoliving.com\/es\/jennifer-lopez-live-en-chavon-compre-sus-boletas-antes-que-se-acaben\/\">COMPRADO SUS BOLETAS!<\/a><\/p>\n\n\n<div class=\"wp-block-image\">\n<figure class=\"aligncenter is-resized\"><img loading=\"lazy\" decoding=\"async\" src=\"https:\/\/i0.wp.com\/casadecampoliving.com\/wp-content\/uploads\/2022\/10\/IMG_8729-e1492083157676.jpg?resize=1000%2C667&amp;ssl=1\" alt=\"Marc Anthony, Gente de Zona, Casa de Campo\" class=\"wp-image-139507\" height=\"667\" width=\"1000\"\/><\/figure>\n<\/div>\n\n\n<p><\/p>\n\n\n\n<p>\u00bf<a href=\"https:\/\/casadecampoliving.com\/es\/enrique-iglesias-gente-de-zona-rock-full-house-altos-de-chavon\/\">Recuerda el primer concierto de Gente de Zona en Altos de Chav\u00f3n con Enrique Iglesias hace unos pocos meses<\/a>, donde el d\u00fao se uni\u00f3 a una sorprendente aparici\u00f3n de Marc Anthony? Tenemos la confirmaci\u00f3n&nbsp;de una fuente muy confiable &nbsp;que los artistas antes meniconados formaran parte del espectaculo, \u00a1el concierto de Jennifer L\u00f3pez promete ser fuera de serie!!!<\/p>\n\n\n<div class=\"wp-block-image wp-image-139505 size-full\">\n<figure class=\"alignright is-resized\"><img loading=\"lazy\" decoding=\"async\" src=\"https:\/\/i0.wp.com\/casadecampoliving.com\/wp-content\/uploads\/2022\/10\/WY-JLo-HD-e1492083033851.jpg?resize=1000%2C600&amp;ssl=1\" alt=\"Wisin &amp; Yandel with Jennifer Lopez\" class=\"wp-image-139505\" height=\"600\" width=\"1000\"\/><figcaption>J.Lo con Wisin &amp; Yandel, imagen de www.lomasrankiao.com.<\/figcaption><\/figure>\n<\/div>\n\n\n<p>Ya sabemos que&nbsp;la estrella tiene una excelente relaci\u00f3n de trabajo con el Marc Anthony. Los dos a menudo se presentan en el escenario juntos y apoyan el trabajo de cada uno. Prueba de eso esta en que la&nbsp;compa\u00f1\u00eda de entretenimiento de Marc Anthony, Magnus Media, junto con Sony Music Latin, producir\u00e1 el primer \u00e1lbum completamente en espa\u00f1ol de J.Lo en m\u00e1s de una d\u00e9cada.<\/p>\n\n\n\n<p>\u00a1ESTAMOS LISTO para una noche inolvidable en Altos de Chav\u00f3n!! Mientras est\u00e1 disfrutando del complejo esta noche y ma\u00f1ana, mantengan los ojos bien abiertos porque Jennifer Lopez \u00a1YA ESTA EN CAMINO!<\/p>\n\n\n\n<p>Tambi\u00e9n sabemos que junto con un impresionante vestuario para su debut de concierto, J.Lo est\u00e1 trayendo a su novio, el ex jugador de b\u00e9isbol dominicano de grandes liga, Alex Rodr\u00edguez para disfrutar de lo mejor de Casa de Campo junto con ella \u00a1Va a ser una noche espectacular !!!<\/p>\n","protected":false},"excerpt":{"rendered":"<p>SE CONFIRM\u00d3, la famosa superestrella Jennifer L\u00f3pez, que se&nbsp;presentar\u00e1 en Altos de Chav\u00f3n en tan s\u00f3lo dos d\u00edas, \u00a1tambi\u00e9n se contar\u00e1 con la actuaci\u00f3n de&nbsp;Marc Anthony y Gente de Zona!!! Todav\u00eda estamos esperando la confirmaci\u00f3n de&nbsp;si Yandel tambi\u00e9n formara parte del espect\u00e1culo.<\/p>\n","protected":false},"author":36681,"featured_media":287793,"comment_status":"closed","ping_status":"closed","sticky":false,"template":"","format":"standard","meta":{"newspack_ads_suppress_ads":false,"newspack_popups_has_disabled_popups":false,"newspack_sponsor_sponsorship_scope":"","newspack_sponsor_native_byline_display":"inherit","newspack_sponsor_native_category_display":"inherit","newspack_sponsor_underwriter_style":"inherit","newspack_sponsor_underwriter_placement":"inherit","_newspack_byline_active":false,"_newspack_byline":"","newspack_hide_updated_date":false,"newspack_show_updated_date":false,"newspack_content_restriction_is_exempt":false,"newspack_featured_image_position":"","newspack_post_subtitle":"","newspack_article_summary_title":"Overview:","newspack_article_summary":"","_jetpack_memberships_contains_paid_content":false,"footnotes":"","jetpack_publicize_message":"","jetpack_publicize_feature_enabled":true,"jetpack_social_post_already_shared":false,"jetpack_social_options":{"image_generator_settings":{"template":"highway","default_image_id":0,"font":"","enabled":false},"version":2},"_wpas_customize_per_network":false},"categories":[26819,2513,2518,2522,14625,14627,2521],"tags":[15387,18001,18836,2963,14736,19786,20347,20417,7316,6152,4005,18006],"newspack_spnsrs_tax":[],"class_list":["post-351376","post","type-post","status-publish","format-standard","has-post-thumbnail","hentry","category-altos-de-chavon-es","category-celebridades-es","category-conciertos-es","category-eventos-es","category-noticias-locales","category-proximamente","category-republica-dominicana-2","tag-altos-de-chavon-es","tag-anfiteatro-es","tag-concert-es-2","tag-concierto","tag-featured-topview-es","tag-gente-de-zona-es","tag-jennifer-lopez-es","tag-jlo-es","tag-marc-anthony-es","tag-sabado-santo-es","tag-semana-santa-es","tag-yandel-es","entry"],"yoast_head":"<!-- This site is optimized with the Yoast SEO plugin v27.5 - https:\/\/yoast.com\/product\/yoast-seo-wordpress\/ -->\n<title>ACTUALIZACI\u00d3N: CONFIRMADO Marc Anthony y Gente de Zona acompa\u00f1aran a Jennifer Lopez durante su presentaci\u00f3n | Casa de Campo Living<\/title>\n<meta name=\"description\" content=\"SE CONFIRM\u00d3, la famosa superestrella Jennifer L\u00f3pez, que se&nbsp;presentar\u00e1 en Altos de Chav\u00f3n en tan s\u00f3lo dos d\u00edas, \u00a1tambi\u00e9n se contar\u00e1 con la actuaci\u00f3n\" \/>\n<meta name=\"robots\" content=\"index, follow, max-snippet:-1, max-image-preview:large, max-video-preview:-1\" \/>\n<link rel=\"canonical\" href=\"https:\/\/casadecampoliving.com\/es\/actualizacion-confirmado-marc-anthony-y-gente-de-zona-seran-los-artistas-invitados-en-el-concierto-de-jennifer-lopez\/\" \/>\n<meta property=\"og:locale\" content=\"es_ES\" \/>\n<meta property=\"og:type\" content=\"article\" \/>\n<meta property=\"og:title\" content=\"ACTUALIZACI\u00d3N: CONFIRMADO Marc Anthony y Gente de Zona acompa\u00f1aran a Jennifer Lopez durante su presentaci\u00f3n | Casa de Campo Living\" \/>\n<meta property=\"og:description\" content=\"SE CONFIRM\u00d3, la famosa superestrella Jennifer L\u00f3pez, que se&nbsp;presentar\u00e1 en Altos de Chav\u00f3n en tan s\u00f3lo dos d\u00edas, \u00a1tambi\u00e9n se contar\u00e1 con la actuaci\u00f3n\" \/>\n<meta property=\"og:url\" content=\"https:\/\/casadecampoliving.com\/es\/actualizacion-confirmado-marc-anthony-y-gente-de-zona-seran-los-artistas-invitados-en-el-concierto-de-jennifer-lopez\/\" \/>\n<meta property=\"og:site_name\" content=\"Casa de Campo Living\" \/>\n<meta property=\"article:publisher\" content=\"https:\/\/www.facebook.com\/casadecampoliving\" \/>\n<meta property=\"article:published_time\" content=\"2017-04-13T04:00:00+00:00\" \/>\n<meta property=\"article:modified_time\" content=\"2022-10-21T23:05:25+00:00\" \/>\n<meta property=\"og:image\" content=\"https:\/\/i0.wp.com\/casadecampoliving.com\/wp-content\/uploads\/2022\/10\/j.lo_-e1492114925975.jpg?fit=1000%2C600&ssl=1\" \/>\n\t<meta property=\"og:image:width\" content=\"1000\" \/>\n\t<meta property=\"og:image:height\" content=\"600\" \/>\n\t<meta property=\"og:image:type\" content=\"image\/jpeg\" \/>\n<meta name=\"author\" content=\"Heather Lincoln\" \/>\n<meta name=\"twitter:card\" content=\"summary_large_image\" \/>\n<meta name=\"twitter:creator\" content=\"@cdcliving\" \/>\n<meta name=\"twitter:site\" content=\"@cdcliving\" \/>\n<meta name=\"twitter:label1\" content=\"Escrito por\" \/>\n\t<meta name=\"twitter:data1\" content=\"Heather Lincoln\" \/>\n\t<meta name=\"twitter:label2\" content=\"Tiempo de lectura\" \/>\n\t<meta name=\"twitter:data2\" content=\"2 minutos\" \/>\n<script type=\"application\/ld+json\" class=\"yoast-schema-graph\">{\"@context\":\"https:\\\/\\\/schema.org\",\"@graph\":[{\"@type\":\"Article\",\"@id\":\"https:\\\/\\\/casadecampoliving.com\\\/es\\\/actualizacion-confirmado-marc-anthony-y-gente-de-zona-seran-los-artistas-invitados-en-el-concierto-de-jennifer-lopez\\\/#article\",\"isPartOf\":{\"@id\":\"https:\\\/\\\/casadecampoliving.com\\\/es\\\/actualizacion-confirmado-marc-anthony-y-gente-de-zona-seran-los-artistas-invitados-en-el-concierto-de-jennifer-lopez\\\/\"},\"author\":{\"name\":\"Heather Lincoln\",\"@id\":\"https:\\\/\\\/casadecampoliving.com\\\/es\\\/#\\\/schema\\\/person\\\/e3abfc63c1478fd703266a6f33a3145d\"},\"headline\":\"ACTUALIZACI\u00d3N: CONFIRMADO Marc Anthony y Gente de Zona acompa\u00f1aran a Jennifer Lopez durante su presentaci\u00f3n\",\"datePublished\":\"2017-04-13T04:00:00+00:00\",\"dateModified\":\"2022-10-21T23:05:25+00:00\",\"mainEntityOfPage\":{\"@id\":\"https:\\\/\\\/casadecampoliving.com\\\/es\\\/actualizacion-confirmado-marc-anthony-y-gente-de-zona-seran-los-artistas-invitados-en-el-concierto-de-jennifer-lopez\\\/\"},\"wordCount\":405,\"publisher\":{\"@id\":\"https:\\\/\\\/casadecampoliving.com\\\/es\\\/#organization\"},\"image\":{\"@id\":\"https:\\\/\\\/casadecampoliving.com\\\/es\\\/actualizacion-confirmado-marc-anthony-y-gente-de-zona-seran-los-artistas-invitados-en-el-concierto-de-jennifer-lopez\\\/#primaryimage\"},\"thumbnailUrl\":\"https:\\\/\\\/i0.wp.com\\\/casadecampoliving.com\\\/wp-content\\\/uploads\\\/2022\\\/10\\\/j.lo_-e1492114925975.jpg?fit=1000%2C600&ssl=1\",\"keywords\":[\"Altos de Chavon\",\"Anfiteatro @es\",\"concert\",\"concierto\",\"Featured-TopView @es\",\"gente de zona @es\",\"jennifer lopez @es\",\"jlo @es\",\"marc anthony @es\",\"sabado santo @es\",\"semana santa @es\",\"Yandel @es\"],\"articleSection\":[\"Altos de Chavon @es\",\"Celebridades\",\"Conciertos\",\"Eventos\",\"Noticias Locales\",\"Proximamente\",\"Rep\u00fablica Dominicana @es\"],\"inLanguage\":\"es\"},{\"@type\":\"WebPage\",\"@id\":\"https:\\\/\\\/casadecampoliving.com\\\/es\\\/actualizacion-confirmado-marc-anthony-y-gente-de-zona-seran-los-artistas-invitados-en-el-concierto-de-jennifer-lopez\\\/\",\"url\":\"https:\\\/\\\/casadecampoliving.com\\\/es\\\/actualizacion-confirmado-marc-anthony-y-gente-de-zona-seran-los-artistas-invitados-en-el-concierto-de-jennifer-lopez\\\/\",\"name\":\"ACTUALIZACI\u00d3N: CONFIRMADO Marc Anthony y Gente de Zona acompa\u00f1aran a Jennifer Lopez durante su presentaci\u00f3n | Casa de Campo Living\",\"isPartOf\":{\"@id\":\"https:\\\/\\\/casadecampoliving.com\\\/es\\\/#website\"},\"primaryImageOfPage\":{\"@id\":\"https:\\\/\\\/casadecampoliving.com\\\/es\\\/actualizacion-confirmado-marc-anthony-y-gente-de-zona-seran-los-artistas-invitados-en-el-concierto-de-jennifer-lopez\\\/#primaryimage\"},\"image\":{\"@id\":\"https:\\\/\\\/casadecampoliving.com\\\/es\\\/actualizacion-confirmado-marc-anthony-y-gente-de-zona-seran-los-artistas-invitados-en-el-concierto-de-jennifer-lopez\\\/#primaryimage\"},\"thumbnailUrl\":\"https:\\\/\\\/i0.wp.com\\\/casadecampoliving.com\\\/wp-content\\\/uploads\\\/2022\\\/10\\\/j.lo_-e1492114925975.jpg?fit=1000%2C600&ssl=1\",\"datePublished\":\"2017-04-13T04:00:00+00:00\",\"dateModified\":\"2022-10-21T23:05:25+00:00\",\"description\":\"SE CONFIRM\u00d3, la famosa superestrella Jennifer L\u00f3pez, que se&nbsp;presentar\u00e1 en Altos de Chav\u00f3n en tan s\u00f3lo dos d\u00edas, \u00a1tambi\u00e9n se contar\u00e1 con la actuaci\u00f3n\",\"breadcrumb\":{\"@id\":\"https:\\\/\\\/casadecampoliving.com\\\/es\\\/actualizacion-confirmado-marc-anthony-y-gente-de-zona-seran-los-artistas-invitados-en-el-concierto-de-jennifer-lopez\\\/#breadcrumb\"},\"inLanguage\":\"es\",\"potentialAction\":[{\"@type\":\"ReadAction\",\"target\":[\"https:\\\/\\\/casadecampoliving.com\\\/es\\\/actualizacion-confirmado-marc-anthony-y-gente-de-zona-seran-los-artistas-invitados-en-el-concierto-de-jennifer-lopez\\\/\"]}]},{\"@type\":\"ImageObject\",\"inLanguage\":\"es\",\"@id\":\"https:\\\/\\\/casadecampoliving.com\\\/es\\\/actualizacion-confirmado-marc-anthony-y-gente-de-zona-seran-los-artistas-invitados-en-el-concierto-de-jennifer-lopez\\\/#primaryimage\",\"url\":\"https:\\\/\\\/i0.wp.com\\\/casadecampoliving.com\\\/wp-content\\\/uploads\\\/2022\\\/10\\\/j.lo_-e1492114925975.jpg?fit=1000%2C600&ssl=1\",\"contentUrl\":\"https:\\\/\\\/i0.wp.com\\\/casadecampoliving.com\\\/wp-content\\\/uploads\\\/2022\\\/10\\\/j.lo_-e1492114925975.jpg?fit=1000%2C600&ssl=1\",\"width\":1000,\"height\":600,\"caption\":\"Jennifer Lopez\"},{\"@type\":\"BreadcrumbList\",\"@id\":\"https:\\\/\\\/casadecampoliving.com\\\/es\\\/actualizacion-confirmado-marc-anthony-y-gente-de-zona-seran-los-artistas-invitados-en-el-concierto-de-jennifer-lopez\\\/#breadcrumb\",\"itemListElement\":[{\"@type\":\"ListItem\",\"position\":1,\"name\":\"Home\",\"item\":\"https:\\\/\\\/casadecampoliving.com\\\/es\\\/\"},{\"@type\":\"ListItem\",\"position\":2,\"name\":\"ACTUALIZACI\u00d3N: CONFIRMADO Marc Anthony y Gente de Zona acompa\u00f1aran a Jennifer Lopez durante su presentaci\u00f3n\"}]},{\"@type\":\"WebSite\",\"@id\":\"https:\\\/\\\/casadecampoliving.com\\\/es\\\/#website\",\"url\":\"https:\\\/\\\/casadecampoliving.com\\\/es\\\/\",\"name\":\"Casa de Campo Living\",\"description\":\"Resort community news and resources.\",\"publisher\":{\"@id\":\"https:\\\/\\\/casadecampoliving.com\\\/es\\\/#organization\"},\"potentialAction\":[{\"@type\":\"SearchAction\",\"target\":{\"@type\":\"EntryPoint\",\"urlTemplate\":\"https:\\\/\\\/casadecampoliving.com\\\/es\\\/?s={search_term_string}\"},\"query-input\":{\"@type\":\"PropertyValueSpecification\",\"valueRequired\":true,\"valueName\":\"search_term_string\"}}],\"inLanguage\":\"es\"},{\"@type\":\"Organization\",\"@id\":\"https:\\\/\\\/casadecampoliving.com\\\/es\\\/#organization\",\"name\":\"Casa de Campo Living\",\"url\":\"https:\\\/\\\/casadecampoliving.com\\\/es\\\/\",\"logo\":{\"@type\":\"ImageObject\",\"inLanguage\":\"es\",\"@id\":\"https:\\\/\\\/casadecampoliving.com\\\/es\\\/#\\\/schema\\\/logo\\\/image\\\/\",\"url\":\"https:\\\/\\\/i0.wp.com\\\/casadecampoliving.com\\\/wp-content\\\/uploads\\\/2022\\\/07\\\/CDCLivingLogo_V1-white-sized.png?fit=800%2C214&ssl=1\",\"contentUrl\":\"https:\\\/\\\/i0.wp.com\\\/casadecampoliving.com\\\/wp-content\\\/uploads\\\/2022\\\/07\\\/CDCLivingLogo_V1-white-sized.png?fit=800%2C214&ssl=1\",\"width\":800,\"height\":214,\"caption\":\"Casa de Campo Living\"},\"image\":{\"@id\":\"https:\\\/\\\/casadecampoliving.com\\\/es\\\/#\\\/schema\\\/logo\\\/image\\\/\"},\"sameAs\":[\"https:\\\/\\\/www.facebook.com\\\/casadecampoliving\",\"https:\\\/\\\/x.com\\\/cdcliving\"]},{\"@type\":\"Person\",\"@id\":\"https:\\\/\\\/casadecampoliving.com\\\/es\\\/#\\\/schema\\\/person\\\/e3abfc63c1478fd703266a6f33a3145d\",\"name\":\"Heather Lincoln\",\"image\":{\"@type\":\"ImageObject\",\"inLanguage\":\"es\",\"@id\":\"https:\\\/\\\/secure.gravatar.com\\\/avatar\\\/e8fc1ce4ad50385675908137b0d8d66be281d034bf072b4700460237638ea6d0?s=96&d=mm&r=g\",\"url\":\"https:\\\/\\\/secure.gravatar.com\\\/avatar\\\/e8fc1ce4ad50385675908137b0d8d66be281d034bf072b4700460237638ea6d0?s=96&d=mm&r=g\",\"contentUrl\":\"https:\\\/\\\/secure.gravatar.com\\\/avatar\\\/e8fc1ce4ad50385675908137b0d8d66be281d034bf072b4700460237638ea6d0?s=96&d=mm&r=g\",\"caption\":\"Heather Lincoln\"},\"url\":\"https:\\\/\\\/casadecampoliving.com\\\/es\\\/author\\\/hcastillo\\\/\"}]}<\/script>\n<!-- \/ Yoast SEO plugin. -->","yoast_head_json":{"title":"ACTUALIZACI\u00d3N: CONFIRMADO Marc Anthony y Gente de Zona acompa\u00f1aran a Jennifer Lopez durante su presentaci\u00f3n | Casa de Campo Living","description":"SE CONFIRM\u00d3, la famosa superestrella Jennifer L\u00f3pez, que se&nbsp;presentar\u00e1 en Altos de Chav\u00f3n en tan s\u00f3lo dos d\u00edas, \u00a1tambi\u00e9n se contar\u00e1 con la actuaci\u00f3n","robots":{"index":"index","follow":"follow","max-snippet":"max-snippet:-1","max-image-preview":"max-image-preview:large","max-video-preview":"max-video-preview:-1"},"canonical":"https:\/\/casadecampoliving.com\/es\/actualizacion-confirmado-marc-anthony-y-gente-de-zona-seran-los-artistas-invitados-en-el-concierto-de-jennifer-lopez\/","og_locale":"es_ES","og_type":"article","og_title":"ACTUALIZACI\u00d3N: CONFIRMADO Marc Anthony y Gente de Zona acompa\u00f1aran a Jennifer Lopez durante su presentaci\u00f3n | Casa de Campo Living","og_description":"SE CONFIRM\u00d3, la famosa superestrella Jennifer L\u00f3pez, que se&nbsp;presentar\u00e1 en Altos de Chav\u00f3n en tan s\u00f3lo dos d\u00edas, \u00a1tambi\u00e9n se contar\u00e1 con la actuaci\u00f3n","og_url":"https:\/\/casadecampoliving.com\/es\/actualizacion-confirmado-marc-anthony-y-gente-de-zona-seran-los-artistas-invitados-en-el-concierto-de-jennifer-lopez\/","og_site_name":"Casa de Campo Living","article_publisher":"https:\/\/www.facebook.com\/casadecampoliving","article_published_time":"2017-04-13T04:00:00+00:00","article_modified_time":"2022-10-21T23:05:25+00:00","og_image":[{"width":1000,"height":600,"url":"https:\/\/i0.wp.com\/casadecampoliving.com\/wp-content\/uploads\/2022\/10\/j.lo_-e1492114925975.jpg?fit=1000%2C600&ssl=1","type":"image\/jpeg"}],"author":"Heather Lincoln","twitter_card":"summary_large_image","twitter_creator":"@cdcliving","twitter_site":"@cdcliving","twitter_misc":{"Escrito por":"Heather Lincoln","Tiempo de lectura":"2 minutos"},"schema":{"@context":"https:\/\/schema.org","@graph":[{"@type":"Article","@id":"https:\/\/casadecampoliving.com\/es\/actualizacion-confirmado-marc-anthony-y-gente-de-zona-seran-los-artistas-invitados-en-el-concierto-de-jennifer-lopez\/#article","isPartOf":{"@id":"https:\/\/casadecampoliving.com\/es\/actualizacion-confirmado-marc-anthony-y-gente-de-zona-seran-los-artistas-invitados-en-el-concierto-de-jennifer-lopez\/"},"author":{"name":"Heather Lincoln","@id":"https:\/\/casadecampoliving.com\/es\/#\/schema\/person\/e3abfc63c1478fd703266a6f33a3145d"},"headline":"ACTUALIZACI\u00d3N: CONFIRMADO Marc Anthony y Gente de Zona acompa\u00f1aran a Jennifer Lopez durante su presentaci\u00f3n","datePublished":"2017-04-13T04:00:00+00:00","dateModified":"2022-10-21T23:05:25+00:00","mainEntityOfPage":{"@id":"https:\/\/casadecampoliving.com\/es\/actualizacion-confirmado-marc-anthony-y-gente-de-zona-seran-los-artistas-invitados-en-el-concierto-de-jennifer-lopez\/"},"wordCount":405,"publisher":{"@id":"https:\/\/casadecampoliving.com\/es\/#organization"},"image":{"@id":"https:\/\/casadecampoliving.com\/es\/actualizacion-confirmado-marc-anthony-y-gente-de-zona-seran-los-artistas-invitados-en-el-concierto-de-jennifer-lopez\/#primaryimage"},"thumbnailUrl":"https:\/\/i0.wp.com\/casadecampoliving.com\/wp-content\/uploads\/2022\/10\/j.lo_-e1492114925975.jpg?fit=1000%2C600&ssl=1","keywords":["Altos de Chavon","Anfiteatro @es","concert","concierto","Featured-TopView @es","gente de zona @es","jennifer lopez @es","jlo @es","marc anthony @es","sabado santo @es","semana santa @es","Yandel @es"],"articleSection":["Altos de Chavon @es","Celebridades","Conciertos","Eventos","Noticias Locales","Proximamente","Rep\u00fablica Dominicana @es"],"inLanguage":"es"},{"@type":"WebPage","@id":"https:\/\/casadecampoliving.com\/es\/actualizacion-confirmado-marc-anthony-y-gente-de-zona-seran-los-artistas-invitados-en-el-concierto-de-jennifer-lopez\/","url":"https:\/\/casadecampoliving.com\/es\/actualizacion-confirmado-marc-anthony-y-gente-de-zona-seran-los-artistas-invitados-en-el-concierto-de-jennifer-lopez\/","name":"ACTUALIZACI\u00d3N: CONFIRMADO Marc Anthony y Gente de Zona acompa\u00f1aran a Jennifer Lopez durante su presentaci\u00f3n | Casa de Campo Living","isPartOf":{"@id":"https:\/\/casadecampoliving.com\/es\/#website"},"primaryImageOfPage":{"@id":"https:\/\/casadecampoliving.com\/es\/actualizacion-confirmado-marc-anthony-y-gente-de-zona-seran-los-artistas-invitados-en-el-concierto-de-jennifer-lopez\/#primaryimage"},"image":{"@id":"https:\/\/casadecampoliving.com\/es\/actualizacion-confirmado-marc-anthony-y-gente-de-zona-seran-los-artistas-invitados-en-el-concierto-de-jennifer-lopez\/#primaryimage"},"thumbnailUrl":"https:\/\/i0.wp.com\/casadecampoliving.com\/wp-content\/uploads\/2022\/10\/j.lo_-e1492114925975.jpg?fit=1000%2C600&ssl=1","datePublished":"2017-04-13T04:00:00+00:00","dateModified":"2022-10-21T23:05:25+00:00","description":"SE CONFIRM\u00d3, la famosa superestrella Jennifer L\u00f3pez, que se&nbsp;presentar\u00e1 en Altos de Chav\u00f3n en tan s\u00f3lo dos d\u00edas, \u00a1tambi\u00e9n se contar\u00e1 con la actuaci\u00f3n","breadcrumb":{"@id":"https:\/\/casadecampoliving.com\/es\/actualizacion-confirmado-marc-anthony-y-gente-de-zona-seran-los-artistas-invitados-en-el-concierto-de-jennifer-lopez\/#breadcrumb"},"inLanguage":"es","potentialAction":[{"@type":"ReadAction","target":["https:\/\/casadecampoliving.com\/es\/actualizacion-confirmado-marc-anthony-y-gente-de-zona-seran-los-artistas-invitados-en-el-concierto-de-jennifer-lopez\/"]}]},{"@type":"ImageObject","inLanguage":"es","@id":"https:\/\/casadecampoliving.com\/es\/actualizacion-confirmado-marc-anthony-y-gente-de-zona-seran-los-artistas-invitados-en-el-concierto-de-jennifer-lopez\/#primaryimage","url":"https:\/\/i0.wp.com\/casadecampoliving.com\/wp-content\/uploads\/2022\/10\/j.lo_-e1492114925975.jpg?fit=1000%2C600&ssl=1","contentUrl":"https:\/\/i0.wp.com\/casadecampoliving.com\/wp-content\/uploads\/2022\/10\/j.lo_-e1492114925975.jpg?fit=1000%2C600&ssl=1","width":1000,"height":600,"caption":"Jennifer Lopez"},{"@type":"BreadcrumbList","@id":"https:\/\/casadecampoliving.com\/es\/actualizacion-confirmado-marc-anthony-y-gente-de-zona-seran-los-artistas-invitados-en-el-concierto-de-jennifer-lopez\/#breadcrumb","itemListElement":[{"@type":"ListItem","position":1,"name":"Home","item":"https:\/\/casadecampoliving.com\/es\/"},{"@type":"ListItem","position":2,"name":"ACTUALIZACI\u00d3N: CONFIRMADO Marc Anthony y Gente de Zona acompa\u00f1aran a Jennifer Lopez durante su presentaci\u00f3n"}]},{"@type":"WebSite","@id":"https:\/\/casadecampoliving.com\/es\/#website","url":"https:\/\/casadecampoliving.com\/es\/","name":"Casa de Campo Living","description":"Resort community news and resources.","publisher":{"@id":"https:\/\/casadecampoliving.com\/es\/#organization"},"potentialAction":[{"@type":"SearchAction","target":{"@type":"EntryPoint","urlTemplate":"https:\/\/casadecampoliving.com\/es\/?s={search_term_string}"},"query-input":{"@type":"PropertyValueSpecification","valueRequired":true,"valueName":"search_term_string"}}],"inLanguage":"es"},{"@type":"Organization","@id":"https:\/\/casadecampoliving.com\/es\/#organization","name":"Casa de Campo Living","url":"https:\/\/casadecampoliving.com\/es\/","logo":{"@type":"ImageObject","inLanguage":"es","@id":"https:\/\/casadecampoliving.com\/es\/#\/schema\/logo\/image\/","url":"https:\/\/i0.wp.com\/casadecampoliving.com\/wp-content\/uploads\/2022\/07\/CDCLivingLogo_V1-white-sized.png?fit=800%2C214&ssl=1","contentUrl":"https:\/\/i0.wp.com\/casadecampoliving.com\/wp-content\/uploads\/2022\/07\/CDCLivingLogo_V1-white-sized.png?fit=800%2C214&ssl=1","width":800,"height":214,"caption":"Casa de Campo Living"},"image":{"@id":"https:\/\/casadecampoliving.com\/es\/#\/schema\/logo\/image\/"},"sameAs":["https:\/\/www.facebook.com\/casadecampoliving","https:\/\/x.com\/cdcliving"]},{"@type":"Person","@id":"https:\/\/casadecampoliving.com\/es\/#\/schema\/person\/e3abfc63c1478fd703266a6f33a3145d","name":"Heather Lincoln","image":{"@type":"ImageObject","inLanguage":"es","@id":"https:\/\/secure.gravatar.com\/avatar\/e8fc1ce4ad50385675908137b0d8d66be281d034bf072b4700460237638ea6d0?s=96&d=mm&r=g","url":"https:\/\/secure.gravatar.com\/avatar\/e8fc1ce4ad50385675908137b0d8d66be281d034bf072b4700460237638ea6d0?s=96&d=mm&r=g","contentUrl":"https:\/\/secure.gravatar.com\/avatar\/e8fc1ce4ad50385675908137b0d8d66be281d034bf072b4700460237638ea6d0?s=96&d=mm&r=g","caption":"Heather Lincoln"},"url":"https:\/\/casadecampoliving.com\/es\/author\/hcastillo\/"}]}},"parsely":{"version":"1.1.0","canonical_url":"https:\/\/casadecampoliving.com\/es\/actualizacion-confirmado-marc-anthony-y-gente-de-zona-seran-los-artistas-invitados-en-el-concierto-de-jennifer-lopez\/","smart_links":{"inbound":0,"outbound":0},"traffic_boost_suggestions_count":0,"meta":{"@context":"https:\/\/schema.org","@type":"NewsArticle","headline":"ACTUALIZACI\u00d3N: CONFIRMADO Marc Anthony y Gente de Zona acompa\u00f1aran a Jennifer Lopez durante su presentaci\u00f3n","url":"http:\/\/casadecampoliving.com\/es\/actualizacion-confirmado-marc-anthony-y-gente-de-zona-seran-los-artistas-invitados-en-el-concierto-de-jennifer-lopez\/","mainEntityOfPage":{"@type":"WebPage","@id":"http:\/\/casadecampoliving.com\/es\/actualizacion-confirmado-marc-anthony-y-gente-de-zona-seran-los-artistas-invitados-en-el-concierto-de-jennifer-lopez\/"},"thumbnailUrl":"https:\/\/i0.wp.com\/casadecampoliving.com\/wp-content\/uploads\/2022\/10\/j.lo_-e1492114925975.jpg?resize=150%2C150&ssl=1","image":{"@type":"ImageObject","url":"https:\/\/i0.wp.com\/casadecampoliving.com\/wp-content\/uploads\/2022\/10\/j.lo_-e1492114925975.jpg?fit=1000%2C600&ssl=1"},"articleSection":"Altos de Chavon @es","author":[{"@type":"Person","name":"Heather Lincoln"}],"creator":["Heather Lincoln"],"publisher":{"@type":"Organization","name":"Casa de Campo Living","logo":"https:\/\/casadecampoliving.com\/wp-content\/uploads\/2022\/07\/CDCLivingLogo_V1-white-sized.png"},"keywords":["altos de chavon","anfiteatro @es","concert","concierto","featured-topview @es","gente de zona @es","jennifer lopez @es","jlo @es","marc anthony @es","sabado santo @es","semana santa @es","yandel @es"],"dateCreated":"2017-04-13T04:00:00Z","datePublished":"2017-04-13T04:00:00Z","dateModified":"2022-10-21T23:05:25Z"},"rendered":"<script type=\"application\/ld+json\" class=\"wp-parsely-metadata\">{\"@context\":\"https:\\\/\\\/schema.org\",\"@type\":\"NewsArticle\",\"headline\":\"ACTUALIZACI\\u00d3N: CONFIRMADO Marc Anthony y Gente de Zona acompa\\u00f1aran a Jennifer Lopez durante su presentaci\\u00f3n\",\"url\":\"http:\\\/\\\/casadecampoliving.com\\\/es\\\/actualizacion-confirmado-marc-anthony-y-gente-de-zona-seran-los-artistas-invitados-en-el-concierto-de-jennifer-lopez\\\/\",\"mainEntityOfPage\":{\"@type\":\"WebPage\",\"@id\":\"http:\\\/\\\/casadecampoliving.com\\\/es\\\/actualizacion-confirmado-marc-anthony-y-gente-de-zona-seran-los-artistas-invitados-en-el-concierto-de-jennifer-lopez\\\/\"},\"thumbnailUrl\":\"https:\\\/\\\/i0.wp.com\\\/casadecampoliving.com\\\/wp-content\\\/uploads\\\/2022\\\/10\\\/j.lo_-e1492114925975.jpg?resize=150%2C150&ssl=1\",\"image\":{\"@type\":\"ImageObject\",\"url\":\"https:\\\/\\\/i0.wp.com\\\/casadecampoliving.com\\\/wp-content\\\/uploads\\\/2022\\\/10\\\/j.lo_-e1492114925975.jpg?fit=1000%2C600&ssl=1\"},\"articleSection\":\"Altos de Chavon @es\",\"author\":[{\"@type\":\"Person\",\"name\":\"Heather Lincoln\"}],\"creator\":[\"Heather Lincoln\"],\"publisher\":{\"@type\":\"Organization\",\"name\":\"Casa de Campo Living\",\"logo\":\"https:\\\/\\\/casadecampoliving.com\\\/wp-content\\\/uploads\\\/2022\\\/07\\\/CDCLivingLogo_V1-white-sized.png\"},\"keywords\":[\"altos de chavon\",\"anfiteatro @es\",\"concert\",\"concierto\",\"featured-topview @es\",\"gente de zona @es\",\"jennifer lopez @es\",\"jlo @es\",\"marc anthony @es\",\"sabado santo @es\",\"semana santa @es\",\"yandel @es\"],\"dateCreated\":\"2017-04-13T04:00:00Z\",\"datePublished\":\"2017-04-13T04:00:00Z\",\"dateModified\":\"2022-10-21T23:05:25Z\"}<\/script>","tracker_url":"https:\/\/cdn.parsely.com\/keys\/casadecampoliving.com\/p.js"},"jetpack_publicize_connections":[],"jetpack_featured_media_url":"https:\/\/i0.wp.com\/casadecampoliving.com\/wp-content\/uploads\/2022\/10\/j.lo_-e1492114925975.jpg?fit=1000%2C600&ssl=1","jetpack-related-posts":[{"id":433460,"url":"https:\/\/casadecampoliving.com\/es\/no-se-pierdan-el-increible-tributo-a-frank-sinatra-para-celebrar-el-40-aniversario-del-anfiteatro-altos-de-chavon\/","url_meta":{"origin":351376,"position":0},"title":"No se pierdan el incre\u00edble tributo a Frank Sinatra para celebrar el 40 aniversario del\u00a0Anfiteatro Altos de Chav\u00f3n","author":"Casa de Campo Living","date":"20 Oct, 2022","format":false,"excerpt":"Siendo uno de los escenarios m\u00e1s emblem\u00e1ticos del pa\u00eds, Casa de Campo Resort\u00ae & Villas celebra las cuatro d\u00e9cadas de aniversario de Altos de Chav\u00f3n con un tributo al gran Frank Sinatra, protagonizado por artistas invitados y una big band tal cual la que acompa\u00f1\u00f3 al artista hace 40 a\u00f1os\u2026","rel":"","context":"En \u00abUncategorized @es\u00bb","block_context":{"text":"Uncategorized @es","link":"https:\/\/casadecampoliving.com\/es\/category\/uncategorized-es\/"},"img":{"alt_text":"","src":"https:\/\/i0.wp.com\/casadecampoliving.com\/wp-content\/uploads\/2022\/10\/Tributo-Frank-Sinatra-Foto-Principal-Amaury-Sanchez-Danilo-Ginebra-Andres-Pichardo-y-Jose-Gabriel-Perez-.jpg?fit=1200%2C873&ssl=1&resize=350%2C200","width":350,"height":200,"srcset":"https:\/\/i0.wp.com\/casadecampoliving.com\/wp-content\/uploads\/2022\/10\/Tributo-Frank-Sinatra-Foto-Principal-Amaury-Sanchez-Danilo-Ginebra-Andres-Pichardo-y-Jose-Gabriel-Perez-.jpg?fit=1200%2C873&ssl=1&resize=350%2C200 1x, https:\/\/i0.wp.com\/casadecampoliving.com\/wp-content\/uploads\/2022\/10\/Tributo-Frank-Sinatra-Foto-Principal-Amaury-Sanchez-Danilo-Ginebra-Andres-Pichardo-y-Jose-Gabriel-Perez-.jpg?fit=1200%2C873&ssl=1&resize=525%2C300 1.5x, https:\/\/i0.wp.com\/casadecampoliving.com\/wp-content\/uploads\/2022\/10\/Tributo-Frank-Sinatra-Foto-Principal-Amaury-Sanchez-Danilo-Ginebra-Andres-Pichardo-y-Jose-Gabriel-Perez-.jpg?fit=1200%2C873&ssl=1&resize=700%2C400 2x, https:\/\/i0.wp.com\/casadecampoliving.com\/wp-content\/uploads\/2022\/10\/Tributo-Frank-Sinatra-Foto-Principal-Amaury-Sanchez-Danilo-Ginebra-Andres-Pichardo-y-Jose-Gabriel-Perez-.jpg?fit=1200%2C873&ssl=1&resize=1050%2C600 3x"},"classes":[]},{"id":351101,"url":"https:\/\/casadecampoliving.com\/es\/confirmado-jennifer-lopez-se-presentara-en-altos-de-chavon-esta-semana-santa\/","url_meta":{"origin":351376,"position":1},"title":"\u00a1CONFIRMADO: Jennifer L\u00f3pez se presentar\u00e1 en Altos de Chav\u00f3n esta Semana Santa!","author":"Heather Lincoln","date":"1 Feb, 2017","format":false,"excerpt":"Jennifer Lopez se presentar\u00e1 en el anfiteatro Altos de Chav\u00f3n el s\u00e1bado 15 de abril para el concierto de Semana Santa\u00a0de Casa de Campo. La artista\u00a0polifac\u00e9tica, que es cantante, bailarina y actriz, es tambi\u00e9n una de las estrellas m\u00e1s hot\u00a0de Estados Unidos que constantemente acumula elogios. J.Lo at The Colosseum\u2026","rel":"","context":"En \u00abAltos de Chavon @es\u00bb","block_context":{"text":"Altos de Chavon @es","link":"https:\/\/casadecampoliving.com\/category\/altos-de-chavon-es\/"},"img":{"alt_text":"Jennifer Lopez","src":"https:\/\/i0.wp.com\/casadecampoliving.com\/wp-content\/uploads\/2022\/10\/jennifer-lopez-1-e1485984764946-1.jpg?fit=1000%2C550&ssl=1&resize=350%2C200","width":350,"height":200,"srcset":"https:\/\/i0.wp.com\/casadecampoliving.com\/wp-content\/uploads\/2022\/10\/jennifer-lopez-1-e1485984764946-1.jpg?fit=1000%2C550&ssl=1&resize=350%2C200 1x, https:\/\/i0.wp.com\/casadecampoliving.com\/wp-content\/uploads\/2022\/10\/jennifer-lopez-1-e1485984764946-1.jpg?fit=1000%2C550&ssl=1&resize=525%2C300 1.5x, https:\/\/i0.wp.com\/casadecampoliving.com\/wp-content\/uploads\/2022\/10\/jennifer-lopez-1-e1485984764946-1.jpg?fit=1000%2C550&ssl=1&resize=700%2C400 2x"},"classes":[]},{"id":329222,"url":"https:\/\/casadecampoliving.com\/rumor-alert-j-lo-surprise-appearances-marc-anthony-gente-de-zona-yandel\/","url_meta":{"origin":351376,"position":2},"title":"UPDATE: CONFIRMED Jennifer Lopez to perform with Marc Anthony and Gente de Zona!","author":"Heather Lincoln","date":"13 Abr, 2017","format":false,"excerpt":"IT\u00b4S CONFIRMED famed superstar Jennifer Lopez, to perform in Altos de Chav\u00f3n in just two days time, will also be joined by Marc Anthony and Gente de Zona!!!\u00a0We\u00b4re still waiting on word if Yandel is set to join the line-up! A record number of performers, the high energy concert is\u2026","rel":"","context":"En \u00abAltos de Chavon\u00bb","block_context":{"text":"Altos de Chavon","link":"https:\/\/casadecampoliving.com\/category\/altos-de-chavon\/"},"img":{"alt_text":"Jennifer Lopez","src":"https:\/\/i0.wp.com\/casadecampoliving.com\/wp-content\/uploads\/2022\/10\/j.lo_-e1492114925975.jpg?fit=1000%2C600&ssl=1&resize=350%2C200","width":350,"height":200,"srcset":"https:\/\/i0.wp.com\/casadecampoliving.com\/wp-content\/uploads\/2022\/10\/j.lo_-e1492114925975.jpg?fit=1000%2C600&ssl=1&resize=350%2C200 1x, https:\/\/i0.wp.com\/casadecampoliving.com\/wp-content\/uploads\/2022\/10\/j.lo_-e1492114925975.jpg?fit=1000%2C600&ssl=1&resize=525%2C300 1.5x, https:\/\/i0.wp.com\/casadecampoliving.com\/wp-content\/uploads\/2022\/10\/j.lo_-e1492114925975.jpg?fit=1000%2C600&ssl=1&resize=700%2C400 2x"},"classes":[]},{"id":351431,"url":"https:\/\/casadecampoliving.com\/es\/maluma-y-wisin-se-presentaran-en-altos-de-chavon-este-mes-de-junio\/","url_meta":{"origin":351376,"position":3},"title":"\u00a1Maluma y Wisin se presentar\u00e1n en Altos de Chav\u00f3n este mes de junio!","author":"Heather Lincoln","date":"25 Abr, 2017","format":false,"excerpt":"\u00a1Casa de Campo acaba de anunciar el concierto de verano del resort !!! A pocas semanas del concierto de Jennifer Lopez en Rep\u00fablica Dominicana, el equipo vuelve a traer m\u00e1s m\u00fasica a las piedras de Altos de Chav\u00f3n. El s\u00e1bado 17 de junio, Maluma y Wisin, dos de los artistas\u2026","rel":"","context":"En \u00abAltos de Chavon @es\u00bb","block_context":{"text":"Altos de Chavon @es","link":"https:\/\/casadecampoliving.com\/category\/altos-de-chavon-es\/"},"img":{"alt_text":"Maluma and Wisin in Altos de Chav\u00f3n","src":"https:\/\/i0.wp.com\/casadecampoliving.com\/wp-content\/uploads\/2022\/10\/IMG_9025-e1493130520766.jpg?fit=1000%2C600&ssl=1&resize=350%2C200","width":350,"height":200,"srcset":"https:\/\/i0.wp.com\/casadecampoliving.com\/wp-content\/uploads\/2022\/10\/IMG_9025-e1493130520766.jpg?fit=1000%2C600&ssl=1&resize=350%2C200 1x, https:\/\/i0.wp.com\/casadecampoliving.com\/wp-content\/uploads\/2022\/10\/IMG_9025-e1493130520766.jpg?fit=1000%2C600&ssl=1&resize=525%2C300 1.5x, https:\/\/i0.wp.com\/casadecampoliving.com\/wp-content\/uploads\/2022\/10\/IMG_9025-e1493130520766.jpg?fit=1000%2C600&ssl=1&resize=700%2C400 2x"},"classes":[]},{"id":351395,"url":"https:\/\/casadecampoliving.com\/es\/todos-bailamos-y-cantamos-con-jennifer-lopez-en-altos-de-chavon\/","url_meta":{"origin":351376,"position":4},"title":"\u00a1Todos bailamos y cantamos con Jennifer Lopez en Altos de Chav\u00f3n!","author":"Heather Lincoln","date":"19 Abr, 2017","format":false,"excerpt":"Cuando las artistas se presentan, es un juego completamente diferente. La moda toma un centro de atenci\u00f3n y forman parte de la presentaci\u00f3n realiz\u00e1ndose m\u00faltiples cambios de relucientes vestuarios desde la cabeza a los pies, y en el caso de Jennifer L\u00f3pez, incluso su propio estilo de ropa de los\u2026","rel":"","context":"En \u00abAltos de Chavon @es\u00bb","block_context":{"text":"Altos de Chavon @es","link":"https:\/\/casadecampoliving.com\/category\/altos-de-chavon-es\/"},"img":{"alt_text":"Jennifer Lopez concert 2017 Altos de Chav\u00f3n","src":"https:\/\/i0.wp.com\/casadecampoliving.com\/wp-content\/uploads\/2022\/10\/IMG_0842-1-e1492545923112.jpg?fit=1000%2C600&ssl=1&resize=350%2C200","width":350,"height":200,"srcset":"https:\/\/i0.wp.com\/casadecampoliving.com\/wp-content\/uploads\/2022\/10\/IMG_0842-1-e1492545923112.jpg?fit=1000%2C600&ssl=1&resize=350%2C200 1x, https:\/\/i0.wp.com\/casadecampoliving.com\/wp-content\/uploads\/2022\/10\/IMG_0842-1-e1492545923112.jpg?fit=1000%2C600&ssl=1&resize=525%2C300 1.5x, https:\/\/i0.wp.com\/casadecampoliving.com\/wp-content\/uploads\/2022\/10\/IMG_0842-1-e1492545923112.jpg?fit=1000%2C600&ssl=1&resize=700%2C400 2x"},"classes":[]},{"id":352443,"url":"https:\/\/casadecampoliving.com\/es\/wisin-y-yandel-vienen-altos-de-chavon-para-el-concierto-de-semana-santa-de-este-ano\/","url_meta":{"origin":351376,"position":5},"title":"\u00a1Wisin y Yandel vienen a Altos de Chav\u00f3n para el concierto de Semana Santa de este a\u00f1o!","author":"Casa de Campo Resort","date":"6 Feb, 2018","format":false,"excerpt":"El d\u00fao de la historia, Wisin y Yandel, regresa al pa\u00eds para escribir otro cap\u00edtulo de oro la noche del 31 de marzo, S\u00e1bado Santo, cuando se re\u00fanan en el escenario de Altos de Chav\u00f3n (La Romana), anfiteatro que han elegido para ofrecerle una noche \u00fanica e inolvidable a su\u2026","rel":"","context":"En \u00abAltos de Chavon @es\u00bb","block_context":{"text":"Altos de Chavon @es","link":"https:\/\/casadecampoliving.com\/category\/altos-de-chavon-es\/"},"img":{"alt_text":"","src":"https:\/\/i0.wp.com\/casadecampoliving.com\/wp-content\/uploads\/2022\/10\/IMG_2449-2-1.jpg?fit=1000%2C667&ssl=1&resize=350%2C200","width":350,"height":200,"srcset":"https:\/\/i0.wp.com\/casadecampoliving.com\/wp-content\/uploads\/2022\/10\/IMG_2449-2-1.jpg?fit=1000%2C667&ssl=1&resize=350%2C200 1x, https:\/\/i0.wp.com\/casadecampoliving.com\/wp-content\/uploads\/2022\/10\/IMG_2449-2-1.jpg?fit=1000%2C667&ssl=1&resize=525%2C300 1.5x, https:\/\/i0.wp.com\/casadecampoliving.com\/wp-content\/uploads\/2022\/10\/IMG_2449-2-1.jpg?fit=1000%2C667&ssl=1&resize=700%2C400 2x"},"classes":[]}],"jetpack_sharing_enabled":true,"_links":{"self":[{"href":"https:\/\/casadecampoliving.com\/es\/wp-json\/wp\/v2\/posts\/351376","targetHints":{"allow":["GET"]}}],"collection":[{"href":"https:\/\/casadecampoliving.com\/es\/wp-json\/wp\/v2\/posts"}],"about":[{"href":"https:\/\/casadecampoliving.com\/es\/wp-json\/wp\/v2\/types\/post"}],"author":[{"embeddable":true,"href":"https:\/\/casadecampoliving.com\/es\/wp-json\/wp\/v2\/users\/36681"}],"replies":[{"embeddable":true,"href":"https:\/\/casadecampoliving.com\/es\/wp-json\/wp\/v2\/comments?post=351376"}],"version-history":[{"count":1,"href":"https:\/\/casadecampoliving.com\/es\/wp-json\/wp\/v2\/posts\/351376\/revisions"}],"predecessor-version":[{"id":351377,"href":"https:\/\/casadecampoliving.com\/es\/wp-json\/wp\/v2\/posts\/351376\/revisions\/351377"}],"wp:featuredmedia":[{"embeddable":true,"href":"https:\/\/casadecampoliving.com\/es\/wp-json\/wp\/v2\/media\/287793"}],"wp:attachment":[{"href":"https:\/\/casadecampoliving.com\/es\/wp-json\/wp\/v2\/media?parent=351376"}],"wp:term":[{"taxonomy":"category","embeddable":true,"href":"https:\/\/casadecampoliving.com\/es\/wp-json\/wp\/v2\/categories?post=351376"},{"taxonomy":"post_tag","embeddable":true,"href":"https:\/\/casadecampoliving.com\/es\/wp-json\/wp\/v2\/tags?post=351376"},{"taxonomy":"newspack_spnsrs_tax","embeddable":true,"href":"https:\/\/casadecampoliving.com\/es\/wp-json\/wp\/v2\/newspack_spnsrs_tax?post=351376"}],"curies":[{"name":"wp","href":"https:\/\/api.w.org\/{rel}","templated":true}]}}