{"id":351260,"date":"2017-03-16T00:00:00","date_gmt":"2017-03-16T04:00:00","guid":{"rendered":"https:\/\/casadecampoliving.com\/flavors-of-the-world-regresa-a-casa-de-campo-con-una-nueva-seleccion-de-chefs-internacionales-y-eventos-culinarios-de-clase-mundial\/"},"modified":"2022-10-21T19:10:56","modified_gmt":"2022-10-21T23:10:56","slug":"flavors-of-the-world-regresa-a-casa-de-campo-con-una-nueva-seleccion-de-chefs-internacionales-y-eventos-culinarios-de-clase-mundial","status":"publish","type":"post","link":"https:\/\/casadecampoliving.com\/es\/flavors-of-the-world-regresa-a-casa-de-campo-con-una-nueva-seleccion-de-chefs-internacionales-y-eventos-culinarios-de-clase-mundial\/","title":{"rendered":"\u00abFlavors of the World\u00bb Regresa a Casa de Campo con una Nueva Selecci\u00f3n de Chefs Internacionales y Eventos Culinarios de Clase Mundial"},"content":{"rendered":"\n<p>Luego del \u00e9xito obtenido durante su etapa inaugural en el 2016, Casa de Campo Resort &amp; Villas se complace en anunciar el regreso de \u2018Flavors of the World\u2019, un viaje gastron\u00f3mico que resalta la variedad de opciones de restaurantes casuales, gourmet y de alta cocina disponibles en el complejo de lujo. El segundo a\u00f1o de esta serie de eventos culinarios continuar\u00e1 reuniendo a chefs de renombre internacional con el innovador equipo de cocina del resort, liderado por el Chef Ejecutivo Anthony Masas, en la creaci\u00f3n de veladas \u00fanicas que cada fin de semana presentan un \u201csabor de mundo\u201d distinto y que ofrecen a los m\u00e1s epic\u00fareos la oportunidad de mezclarse con talentos reconocidos a nivel global junto al equipo culinario de Casa de Campo.<\/p>\n\n\n\n<p><\/p>\n\n\n\n<!--more-->\n\n\n\n<p>\u201cCasa de Campo Resort &amp; Villas busca traer de vuelta este sensacional evento culinario en el 2017\u201d, expres\u00f3 Andr\u00e9s Pichardo, Presidente de Casa de Campo. \u201cFlavors of the World involucra tanto a la comunidad culinaria local como a la internacional, lo que nos permite compartir nuestra pasi\u00f3n por experiencias gastron\u00f3micas incre\u00edbles que conectan y emocionan a hu\u00e9spedes y sibaritas por igual\u201d.<\/p>\n\n\n<div class=\"wp-block-image\">\n<figure class=\"aligncenter is-resized\"><img loading=\"lazy\" decoding=\"async\" src=\"https:\/\/i0.wp.com\/casadecampoliving.com\/wp-content\/uploads\/2022\/10\/LEONOR-ESPINOSA-e1489688040622.jpg?resize=1000%2C600&amp;ssl=1\" alt=\"Leonor Espinosa\" class=\"wp-image-137095\" height=\"600\" width=\"1000\"\/><\/figure>\n<\/div>\n\n\n<p><\/p>\n\n\n\n<p>Las festividades del 2017 arrancan desde el 13 al 16 de abril, dedicado a los inconfundibles sabores de Bogot\u00e1, Colombia, presentando a Leonor Espinosa y Mark Rausch, dos de las figuras m\u00e1s notorias de la floreciente escena de restaurantes de la capital colombiana. Los eventos del fin de semana incluyen: una cena inaugural de tapas el jueves 13 en Playa Minitas, con la chef Espinosa sirviendo los platos salados y el chef Rausch sirviendo los platos dulces; una cena colaborativa de seis tiempos con maridaje en La Piazzetta con los chefs Espinosa y Rausch junto al chef Masas el viernes 14 de abril; y un Brunch casual en la ma\u00f1ana del domingo 16 de abril a cargo del chef Rausch. La cena de tapas costar\u00e1 $99 por persona, la cena con maridaje $125 por persona, y el Brunch de domingo tendr\u00e1 sus precios a la carta.<\/p>\n\n\n\n<p>La chef Leonor Espinosa, tambi\u00e9n conocida como \u2018Leo\u2019, es la due\u00f1a de Leo Cocina y Cava en Bogot\u00e1, que se caracteriza por una fusi\u00f3n de la cocina colombiana tradicional y moderna. Inaugurado en el 2007, el restaurante ha recibido reconocimiento internacional, siendo clasificado entre los mejores 82 restaurantes del mundo por Cond\u00e9 Nast Traveller (2007) y uno de los mejores restaurantes en Colombia seg\u00fan la lista \u201cLatin America\u2019s 50 Best Restaurants\u201d de S. Pellegrino (2014, 2015). El men\u00fa de chef Leo est\u00e1 basado en el estudio peri\u00f3dico de diferentes biomas y ecosistemas en Colombia, combinando productos locales y sabidur\u00eda ancestral con t\u00e9cnicas modernas de cocina.<\/p>\n\n\n<div class=\"wp-block-image\">\n<figure class=\"aligncenter is-resized\"><img loading=\"lazy\" decoding=\"async\" src=\"https:\/\/i0.wp.com\/casadecampoliving.com\/wp-content\/uploads\/2022\/10\/mark_jorge_rausch-e1489687908359.jpg?resize=1000%2C600&amp;ssl=1\" alt=\"Mark and Jorge Rausch of Criterion\" class=\"wp-image-137096\" height=\"600\" width=\"1000\"\/><\/figure>\n<\/div>\n\n\n<p><\/p>\n\n\n\n<p>Mark Rausch y su hermano Jorge fundaron el restaurante bogotano Criterion en el a\u00f1o 2003. Fue uno de los primeros restaurantes de alta cocina en la popular \u201cZona G\u201d de la ciudad, y desde ese entonces ha consolidado su reputaci\u00f3n al ser nombrado el mejor restaurante de Colombia por la lista \u201cS. Pellegrino World\u2019s Best\u201d durante los \u00faltimos tres a\u00f1os consecutivos. Los hermanos Rausch se han convertido en los chefs m\u00e1s famosos de Bogot\u00e1 y actualmente poseen siete restaurantes, con nueve locaciones a lo largo de Colombia. Su cocina es conocida por su amplia variedad de men\u00fas de estilo franc\u00e9s, unidos por salsas que combinan t\u00e9cnicas tradicionales con colores latinos vibrantes e ingredientes locales inesperados.<\/p>\n\n\n\n<blockquote><h4 class=\"p1\">Flavors of the World Bogota<\/h4><figure><img decoding=\"async\" loading=\"lazy\" class=\"aligncenter wp-image-139500 size-full\" src=\"https:\/\/i0.wp.com\/casadecampoliving.com\/wp-content\/uploads\/2022\/10\/FOTW-BOGOTA-MASTERCARD-800x600-1.jpg?resize=800%2C600&amp;ssl=1\" alt=\"FOTW-BOGOTA-MASTERCARD-800x600 (1)\" width=\"800\" height=\"600\"><\/figure><p>Los eventos del fin de semana incluyen:<\/p><ul>\n<li>Cena inaugural de tapas el jueves 13 en Playa Minitas, con la chef Espinosa sirviendo los platos salados y el chef Rausch sirviendo los platos dulces. Costo: $99 p\/p 8pm-10pm<\/li>\n<li>Cena colaborativa de seis tiempos con maridaje en La Piazzetta con los chefs Espinosa y Rausch junto al chef Masas el viernes 14 de abril. Costo: $125 p\/p&nbsp;8pm-10pm<\/li>\n<li>Brunch casual en la ma\u00f1ana del domingo 16 de abril a cargo del chef Rausch. A la carta. 12pm \u2013 3pm<\/li>\n<\/ul><p><strong>Para reservar su espacio en estos eventos, por favor llame a Concierge a los n\u00fameros 809-523-3165, 3166<\/strong><\/p><\/blockquote>\n\n\n\n<blockquote><h3>\u201cFLAVORS OF THE WORLD\u201d SCHEDULE 2017:<\/h3><figure><a href=\"https:\/\/i0.wp.com\/casadecampoliving.com\/wp-content\/uploads\/2022\/10\/FOW_logo-e1469046136920.jpg?ssl=1\"><img decoding=\"async\" loading=\"lazy\" class=\"size-full wp-image-120711 alignright\" src=\"https:\/\/i0.wp.com\/casadecampoliving.com\/wp-content\/uploads\/2022\/10\/FOW_logo-e1469046136920.jpg?resize=150%2C150&amp;ssl=1\" alt=\"Flavors of the World logo\" width=\"150\" height=\"150\"><\/a><\/figure><ul>\n<li>Flavors of Las Rosas:&nbsp;Junio<\/li>\n<li>Flavors of London: Julio<\/li>\n<li>Flavors of Rome: Agosto<\/li>\n<li>Flavors of New Orleans: Octubre<\/li>\n<li>Flavors of Bangkok: Noviembre<\/li>\n<\/ul><p>Para realizar sus reservaciones para los pr\u00f3ximos&nbsp;\u201cFlavors of the World\u201d llame a:&nbsp;(855) 877-3643, (800) 336-5520, o (809) 523-3333 ext. 3165 y&nbsp;3166.<\/p><\/blockquote>\n\n\n\n<p>* Imagen principal Latin America\u2019s 50 Best Restaurants,&nbsp;Criterion.<\/p>\n","protected":false},"excerpt":{"rendered":"<p>Luego del \u00e9xito obtenido durante su etapa inaugural en el 2016, Casa de Campo Resort &amp; Villas se complace en anunciar el regreso de \u2018Flavors of the World\u2019, un viaje gastron\u00f3mico que resalta la variedad de opciones de restaurantes casuales, gourmet y de alta cocina disponibles en el complejo de lujo. El segundo a\u00f1o de [&hellip;]<\/p>\n","protected":false},"author":36681,"featured_media":283200,"comment_status":"closed","ping_status":"closed","sticky":false,"template":"","format":"standard","meta":{"newspack_ads_suppress_ads":false,"newspack_popups_has_disabled_popups":false,"newspack_sponsor_sponsorship_scope":"","newspack_sponsor_native_byline_display":"inherit","newspack_sponsor_native_category_display":"inherit","newspack_sponsor_underwriter_style":"inherit","newspack_sponsor_underwriter_placement":"inherit","_newspack_byline_active":false,"_newspack_byline":"","newspack_hide_updated_date":false,"newspack_show_updated_date":false,"newspack_content_restriction_is_exempt":false,"newspack_featured_image_position":"","newspack_post_subtitle":"","newspack_article_summary_title":"Overview:","newspack_article_summary":"","_jetpack_memberships_contains_paid_content":false,"footnotes":"","jetpack_publicize_message":"","jetpack_publicize_feature_enabled":true,"jetpack_social_post_already_shared":false,"jetpack_social_options":{"image_generator_settings":{"template":"highway","default_image_id":0,"font":"","enabled":false},"version":2},"_wpas_customize_per_network":false},"categories":[14629,14631,2522,14625,14627,2521,26822,2520],"tags":[18408],"newspack_spnsrs_tax":[],"class_list":["post-351260","post","type-post","status-publish","format-standard","has-post-thumbnail","hentry","category-comidas-bebidas","category-estilo-de-vida","category-eventos-es","category-noticias-locales","category-proximamente","category-republica-dominicana-2","category-resort-casa-de-campo","category-restaurantes-es","tag-flavors-of-the-world-es","entry"],"yoast_head":"<!-- This site is optimized with the Yoast SEO plugin v27.5 - https:\/\/yoast.com\/product\/yoast-seo-wordpress\/ -->\n<title>&quot;Flavors of the World&quot; Regresa a Casa de Campo con una Nueva Selecci\u00f3n de Chefs Internacionales y Eventos Culinarios de Clase Mundial | Casa de Campo Living<\/title>\n<meta name=\"description\" content=\"Luego del \u00e9xito obtenido durante su etapa inaugural en el 2016, Casa de Campo Resort &amp; Villas se complace en anunciar el regreso de \u2018Flavors of the\" \/>\n<meta name=\"robots\" content=\"index, follow, max-snippet:-1, max-image-preview:large, max-video-preview:-1\" \/>\n<link rel=\"canonical\" href=\"https:\/\/casadecampoliving.com\/es\/flavors-of-the-world-regresa-a-casa-de-campo-con-una-nueva-seleccion-de-chefs-internacionales-y-eventos-culinarios-de-clase-mundial\/\" \/>\n<meta property=\"og:locale\" content=\"es_ES\" \/>\n<meta property=\"og:type\" content=\"article\" \/>\n<meta property=\"og:title\" content=\"&quot;Flavors of the World&quot; Regresa a Casa de Campo con una Nueva Selecci\u00f3n de Chefs Internacionales y Eventos Culinarios de Clase Mundial | Casa de Campo Living\" \/>\n<meta property=\"og:description\" content=\"Luego del \u00e9xito obtenido durante su etapa inaugural en el 2016, Casa de Campo Resort &amp; Villas se complace en anunciar el regreso de \u2018Flavors of the\" \/>\n<meta property=\"og:url\" content=\"https:\/\/casadecampoliving.com\/es\/flavors-of-the-world-regresa-a-casa-de-campo-con-una-nueva-seleccion-de-chefs-internacionales-y-eventos-culinarios-de-clase-mundial\/\" \/>\n<meta property=\"og:site_name\" content=\"Casa de Campo Living\" \/>\n<meta property=\"article:publisher\" content=\"https:\/\/www.facebook.com\/casadecampoliving\" \/>\n<meta property=\"article:published_time\" content=\"2017-03-16T04:00:00+00:00\" \/>\n<meta property=\"article:modified_time\" content=\"2022-10-21T23:10:56+00:00\" \/>\n<meta property=\"og:image\" content=\"https:\/\/i0.wp.com\/casadecampoliving.com\/wp-content\/uploads\/2022\/10\/criterion.jpg?fit=993%2C580&ssl=1\" \/>\n\t<meta property=\"og:image:width\" content=\"993\" \/>\n\t<meta property=\"og:image:height\" content=\"580\" \/>\n\t<meta property=\"og:image:type\" content=\"image\/jpeg\" \/>\n<meta name=\"author\" content=\"Heather Lincoln\" \/>\n<meta name=\"twitter:card\" content=\"summary_large_image\" \/>\n<meta name=\"twitter:creator\" content=\"@cdcliving\" \/>\n<meta name=\"twitter:site\" content=\"@cdcliving\" \/>\n<meta name=\"twitter:label1\" content=\"Escrito por\" \/>\n\t<meta name=\"twitter:data1\" content=\"Heather Lincoln\" \/>\n\t<meta name=\"twitter:label2\" content=\"Tiempo de lectura\" \/>\n\t<meta name=\"twitter:data2\" content=\"4 minutos\" \/>\n<script type=\"application\/ld+json\" class=\"yoast-schema-graph\">{\"@context\":\"https:\\\/\\\/schema.org\",\"@graph\":[{\"@type\":\"Article\",\"@id\":\"https:\\\/\\\/casadecampoliving.com\\\/es\\\/flavors-of-the-world-regresa-a-casa-de-campo-con-una-nueva-seleccion-de-chefs-internacionales-y-eventos-culinarios-de-clase-mundial\\\/#article\",\"isPartOf\":{\"@id\":\"https:\\\/\\\/casadecampoliving.com\\\/es\\\/flavors-of-the-world-regresa-a-casa-de-campo-con-una-nueva-seleccion-de-chefs-internacionales-y-eventos-culinarios-de-clase-mundial\\\/\"},\"author\":{\"name\":\"Heather Lincoln\",\"@id\":\"https:\\\/\\\/casadecampoliving.com\\\/es\\\/#\\\/schema\\\/person\\\/e3abfc63c1478fd703266a6f33a3145d\"},\"headline\":\"\u00abFlavors of the World\u00bb Regresa a Casa de Campo con una Nueva Selecci\u00f3n de Chefs Internacionales y Eventos Culinarios de Clase Mundial\",\"datePublished\":\"2017-03-16T04:00:00+00:00\",\"dateModified\":\"2022-10-21T23:10:56+00:00\",\"mainEntityOfPage\":{\"@id\":\"https:\\\/\\\/casadecampoliving.com\\\/es\\\/flavors-of-the-world-regresa-a-casa-de-campo-con-una-nueva-seleccion-de-chefs-internacionales-y-eventos-culinarios-de-clase-mundial\\\/\"},\"wordCount\":755,\"publisher\":{\"@id\":\"https:\\\/\\\/casadecampoliving.com\\\/es\\\/#organization\"},\"image\":{\"@id\":\"https:\\\/\\\/casadecampoliving.com\\\/es\\\/flavors-of-the-world-regresa-a-casa-de-campo-con-una-nueva-seleccion-de-chefs-internacionales-y-eventos-culinarios-de-clase-mundial\\\/#primaryimage\"},\"thumbnailUrl\":\"https:\\\/\\\/i0.wp.com\\\/casadecampoliving.com\\\/wp-content\\\/uploads\\\/2022\\\/10\\\/criterion.jpg?fit=993%2C580&ssl=1\",\"keywords\":[\"Flavors of the World @es\"],\"articleSection\":[\"Comidas &amp; Bebidas\",\"Estilo de Vida\",\"Eventos\",\"Noticias Locales\",\"Proximamente\",\"Rep\u00fablica Dominicana @es\",\"Resort Casa de Campo\",\"Restaurantes\"],\"inLanguage\":\"es\"},{\"@type\":\"WebPage\",\"@id\":\"https:\\\/\\\/casadecampoliving.com\\\/es\\\/flavors-of-the-world-regresa-a-casa-de-campo-con-una-nueva-seleccion-de-chefs-internacionales-y-eventos-culinarios-de-clase-mundial\\\/\",\"url\":\"https:\\\/\\\/casadecampoliving.com\\\/es\\\/flavors-of-the-world-regresa-a-casa-de-campo-con-una-nueva-seleccion-de-chefs-internacionales-y-eventos-culinarios-de-clase-mundial\\\/\",\"name\":\"\\\"Flavors of the World\\\" Regresa a Casa de Campo con una Nueva Selecci\u00f3n de Chefs Internacionales y Eventos Culinarios de Clase Mundial | Casa de Campo Living\",\"isPartOf\":{\"@id\":\"https:\\\/\\\/casadecampoliving.com\\\/es\\\/#website\"},\"primaryImageOfPage\":{\"@id\":\"https:\\\/\\\/casadecampoliving.com\\\/es\\\/flavors-of-the-world-regresa-a-casa-de-campo-con-una-nueva-seleccion-de-chefs-internacionales-y-eventos-culinarios-de-clase-mundial\\\/#primaryimage\"},\"image\":{\"@id\":\"https:\\\/\\\/casadecampoliving.com\\\/es\\\/flavors-of-the-world-regresa-a-casa-de-campo-con-una-nueva-seleccion-de-chefs-internacionales-y-eventos-culinarios-de-clase-mundial\\\/#primaryimage\"},\"thumbnailUrl\":\"https:\\\/\\\/i0.wp.com\\\/casadecampoliving.com\\\/wp-content\\\/uploads\\\/2022\\\/10\\\/criterion.jpg?fit=993%2C580&ssl=1\",\"datePublished\":\"2017-03-16T04:00:00+00:00\",\"dateModified\":\"2022-10-21T23:10:56+00:00\",\"description\":\"Luego del \u00e9xito obtenido durante su etapa inaugural en el 2016, Casa de Campo Resort &amp; Villas se complace en anunciar el regreso de \u2018Flavors of the\",\"breadcrumb\":{\"@id\":\"https:\\\/\\\/casadecampoliving.com\\\/es\\\/flavors-of-the-world-regresa-a-casa-de-campo-con-una-nueva-seleccion-de-chefs-internacionales-y-eventos-culinarios-de-clase-mundial\\\/#breadcrumb\"},\"inLanguage\":\"es\",\"potentialAction\":[{\"@type\":\"ReadAction\",\"target\":[\"https:\\\/\\\/casadecampoliving.com\\\/es\\\/flavors-of-the-world-regresa-a-casa-de-campo-con-una-nueva-seleccion-de-chefs-internacionales-y-eventos-culinarios-de-clase-mundial\\\/\"]}]},{\"@type\":\"ImageObject\",\"inLanguage\":\"es\",\"@id\":\"https:\\\/\\\/casadecampoliving.com\\\/es\\\/flavors-of-the-world-regresa-a-casa-de-campo-con-una-nueva-seleccion-de-chefs-internacionales-y-eventos-culinarios-de-clase-mundial\\\/#primaryimage\",\"url\":\"https:\\\/\\\/i0.wp.com\\\/casadecampoliving.com\\\/wp-content\\\/uploads\\\/2022\\\/10\\\/criterion.jpg?fit=993%2C580&ssl=1\",\"contentUrl\":\"https:\\\/\\\/i0.wp.com\\\/casadecampoliving.com\\\/wp-content\\\/uploads\\\/2022\\\/10\\\/criterion.jpg?fit=993%2C580&ssl=1\",\"width\":993,\"height\":580,\"caption\":\"Criterion ranks #29 in Latin America's 50 Best Restaurants\"},{\"@type\":\"BreadcrumbList\",\"@id\":\"https:\\\/\\\/casadecampoliving.com\\\/es\\\/flavors-of-the-world-regresa-a-casa-de-campo-con-una-nueva-seleccion-de-chefs-internacionales-y-eventos-culinarios-de-clase-mundial\\\/#breadcrumb\",\"itemListElement\":[{\"@type\":\"ListItem\",\"position\":1,\"name\":\"Home\",\"item\":\"https:\\\/\\\/casadecampoliving.com\\\/es\\\/\"},{\"@type\":\"ListItem\",\"position\":2,\"name\":\"&#8220;Flavors of the World&#8221; Regresa a Casa de Campo con una Nueva Selecci\u00f3n de Chefs Internacionales y Eventos Culinarios de Clase Mundial\"}]},{\"@type\":\"WebSite\",\"@id\":\"https:\\\/\\\/casadecampoliving.com\\\/es\\\/#website\",\"url\":\"https:\\\/\\\/casadecampoliving.com\\\/es\\\/\",\"name\":\"Casa de Campo Living\",\"description\":\"Resort community news and resources.\",\"publisher\":{\"@id\":\"https:\\\/\\\/casadecampoliving.com\\\/es\\\/#organization\"},\"potentialAction\":[{\"@type\":\"SearchAction\",\"target\":{\"@type\":\"EntryPoint\",\"urlTemplate\":\"https:\\\/\\\/casadecampoliving.com\\\/es\\\/?s={search_term_string}\"},\"query-input\":{\"@type\":\"PropertyValueSpecification\",\"valueRequired\":true,\"valueName\":\"search_term_string\"}}],\"inLanguage\":\"es\"},{\"@type\":\"Organization\",\"@id\":\"https:\\\/\\\/casadecampoliving.com\\\/es\\\/#organization\",\"name\":\"Casa de Campo Living\",\"url\":\"https:\\\/\\\/casadecampoliving.com\\\/es\\\/\",\"logo\":{\"@type\":\"ImageObject\",\"inLanguage\":\"es\",\"@id\":\"https:\\\/\\\/casadecampoliving.com\\\/es\\\/#\\\/schema\\\/logo\\\/image\\\/\",\"url\":\"https:\\\/\\\/i0.wp.com\\\/casadecampoliving.com\\\/wp-content\\\/uploads\\\/2022\\\/07\\\/CDCLivingLogo_V1-white-sized.png?fit=800%2C214&ssl=1\",\"contentUrl\":\"https:\\\/\\\/i0.wp.com\\\/casadecampoliving.com\\\/wp-content\\\/uploads\\\/2022\\\/07\\\/CDCLivingLogo_V1-white-sized.png?fit=800%2C214&ssl=1\",\"width\":800,\"height\":214,\"caption\":\"Casa de Campo Living\"},\"image\":{\"@id\":\"https:\\\/\\\/casadecampoliving.com\\\/es\\\/#\\\/schema\\\/logo\\\/image\\\/\"},\"sameAs\":[\"https:\\\/\\\/www.facebook.com\\\/casadecampoliving\",\"https:\\\/\\\/x.com\\\/cdcliving\"]},{\"@type\":\"Person\",\"@id\":\"https:\\\/\\\/casadecampoliving.com\\\/es\\\/#\\\/schema\\\/person\\\/e3abfc63c1478fd703266a6f33a3145d\",\"name\":\"Heather Lincoln\",\"image\":{\"@type\":\"ImageObject\",\"inLanguage\":\"es\",\"@id\":\"https:\\\/\\\/secure.gravatar.com\\\/avatar\\\/e8fc1ce4ad50385675908137b0d8d66be281d034bf072b4700460237638ea6d0?s=96&d=mm&r=g\",\"url\":\"https:\\\/\\\/secure.gravatar.com\\\/avatar\\\/e8fc1ce4ad50385675908137b0d8d66be281d034bf072b4700460237638ea6d0?s=96&d=mm&r=g\",\"contentUrl\":\"https:\\\/\\\/secure.gravatar.com\\\/avatar\\\/e8fc1ce4ad50385675908137b0d8d66be281d034bf072b4700460237638ea6d0?s=96&d=mm&r=g\",\"caption\":\"Heather Lincoln\"},\"url\":\"https:\\\/\\\/casadecampoliving.com\\\/es\\\/author\\\/hcastillo\\\/\"}]}<\/script>\n<!-- \/ Yoast SEO plugin. -->","yoast_head_json":{"title":"\"Flavors of the World\" Regresa a Casa de Campo con una Nueva Selecci\u00f3n de Chefs Internacionales y Eventos Culinarios de Clase Mundial | Casa de Campo Living","description":"Luego del \u00e9xito obtenido durante su etapa inaugural en el 2016, Casa de Campo Resort &amp; Villas se complace en anunciar el regreso de \u2018Flavors of the","robots":{"index":"index","follow":"follow","max-snippet":"max-snippet:-1","max-image-preview":"max-image-preview:large","max-video-preview":"max-video-preview:-1"},"canonical":"https:\/\/casadecampoliving.com\/es\/flavors-of-the-world-regresa-a-casa-de-campo-con-una-nueva-seleccion-de-chefs-internacionales-y-eventos-culinarios-de-clase-mundial\/","og_locale":"es_ES","og_type":"article","og_title":"\"Flavors of the World\" Regresa a Casa de Campo con una Nueva Selecci\u00f3n de Chefs Internacionales y Eventos Culinarios de Clase Mundial | Casa de Campo Living","og_description":"Luego del \u00e9xito obtenido durante su etapa inaugural en el 2016, Casa de Campo Resort &amp; Villas se complace en anunciar el regreso de \u2018Flavors of the","og_url":"https:\/\/casadecampoliving.com\/es\/flavors-of-the-world-regresa-a-casa-de-campo-con-una-nueva-seleccion-de-chefs-internacionales-y-eventos-culinarios-de-clase-mundial\/","og_site_name":"Casa de Campo Living","article_publisher":"https:\/\/www.facebook.com\/casadecampoliving","article_published_time":"2017-03-16T04:00:00+00:00","article_modified_time":"2022-10-21T23:10:56+00:00","og_image":[{"width":993,"height":580,"url":"https:\/\/i0.wp.com\/casadecampoliving.com\/wp-content\/uploads\/2022\/10\/criterion.jpg?fit=993%2C580&ssl=1","type":"image\/jpeg"}],"author":"Heather Lincoln","twitter_card":"summary_large_image","twitter_creator":"@cdcliving","twitter_site":"@cdcliving","twitter_misc":{"Escrito por":"Heather Lincoln","Tiempo de lectura":"4 minutos"},"schema":{"@context":"https:\/\/schema.org","@graph":[{"@type":"Article","@id":"https:\/\/casadecampoliving.com\/es\/flavors-of-the-world-regresa-a-casa-de-campo-con-una-nueva-seleccion-de-chefs-internacionales-y-eventos-culinarios-de-clase-mundial\/#article","isPartOf":{"@id":"https:\/\/casadecampoliving.com\/es\/flavors-of-the-world-regresa-a-casa-de-campo-con-una-nueva-seleccion-de-chefs-internacionales-y-eventos-culinarios-de-clase-mundial\/"},"author":{"name":"Heather Lincoln","@id":"https:\/\/casadecampoliving.com\/es\/#\/schema\/person\/e3abfc63c1478fd703266a6f33a3145d"},"headline":"\u00abFlavors of the World\u00bb Regresa a Casa de Campo con una Nueva Selecci\u00f3n de Chefs Internacionales y Eventos Culinarios de Clase Mundial","datePublished":"2017-03-16T04:00:00+00:00","dateModified":"2022-10-21T23:10:56+00:00","mainEntityOfPage":{"@id":"https:\/\/casadecampoliving.com\/es\/flavors-of-the-world-regresa-a-casa-de-campo-con-una-nueva-seleccion-de-chefs-internacionales-y-eventos-culinarios-de-clase-mundial\/"},"wordCount":755,"publisher":{"@id":"https:\/\/casadecampoliving.com\/es\/#organization"},"image":{"@id":"https:\/\/casadecampoliving.com\/es\/flavors-of-the-world-regresa-a-casa-de-campo-con-una-nueva-seleccion-de-chefs-internacionales-y-eventos-culinarios-de-clase-mundial\/#primaryimage"},"thumbnailUrl":"https:\/\/i0.wp.com\/casadecampoliving.com\/wp-content\/uploads\/2022\/10\/criterion.jpg?fit=993%2C580&ssl=1","keywords":["Flavors of the World @es"],"articleSection":["Comidas &amp; Bebidas","Estilo de Vida","Eventos","Noticias Locales","Proximamente","Rep\u00fablica Dominicana @es","Resort Casa de Campo","Restaurantes"],"inLanguage":"es"},{"@type":"WebPage","@id":"https:\/\/casadecampoliving.com\/es\/flavors-of-the-world-regresa-a-casa-de-campo-con-una-nueva-seleccion-de-chefs-internacionales-y-eventos-culinarios-de-clase-mundial\/","url":"https:\/\/casadecampoliving.com\/es\/flavors-of-the-world-regresa-a-casa-de-campo-con-una-nueva-seleccion-de-chefs-internacionales-y-eventos-culinarios-de-clase-mundial\/","name":"\"Flavors of the World\" Regresa a Casa de Campo con una Nueva Selecci\u00f3n de Chefs Internacionales y Eventos Culinarios de Clase Mundial | Casa de Campo Living","isPartOf":{"@id":"https:\/\/casadecampoliving.com\/es\/#website"},"primaryImageOfPage":{"@id":"https:\/\/casadecampoliving.com\/es\/flavors-of-the-world-regresa-a-casa-de-campo-con-una-nueva-seleccion-de-chefs-internacionales-y-eventos-culinarios-de-clase-mundial\/#primaryimage"},"image":{"@id":"https:\/\/casadecampoliving.com\/es\/flavors-of-the-world-regresa-a-casa-de-campo-con-una-nueva-seleccion-de-chefs-internacionales-y-eventos-culinarios-de-clase-mundial\/#primaryimage"},"thumbnailUrl":"https:\/\/i0.wp.com\/casadecampoliving.com\/wp-content\/uploads\/2022\/10\/criterion.jpg?fit=993%2C580&ssl=1","datePublished":"2017-03-16T04:00:00+00:00","dateModified":"2022-10-21T23:10:56+00:00","description":"Luego del \u00e9xito obtenido durante su etapa inaugural en el 2016, Casa de Campo Resort &amp; Villas se complace en anunciar el regreso de \u2018Flavors of the","breadcrumb":{"@id":"https:\/\/casadecampoliving.com\/es\/flavors-of-the-world-regresa-a-casa-de-campo-con-una-nueva-seleccion-de-chefs-internacionales-y-eventos-culinarios-de-clase-mundial\/#breadcrumb"},"inLanguage":"es","potentialAction":[{"@type":"ReadAction","target":["https:\/\/casadecampoliving.com\/es\/flavors-of-the-world-regresa-a-casa-de-campo-con-una-nueva-seleccion-de-chefs-internacionales-y-eventos-culinarios-de-clase-mundial\/"]}]},{"@type":"ImageObject","inLanguage":"es","@id":"https:\/\/casadecampoliving.com\/es\/flavors-of-the-world-regresa-a-casa-de-campo-con-una-nueva-seleccion-de-chefs-internacionales-y-eventos-culinarios-de-clase-mundial\/#primaryimage","url":"https:\/\/i0.wp.com\/casadecampoliving.com\/wp-content\/uploads\/2022\/10\/criterion.jpg?fit=993%2C580&ssl=1","contentUrl":"https:\/\/i0.wp.com\/casadecampoliving.com\/wp-content\/uploads\/2022\/10\/criterion.jpg?fit=993%2C580&ssl=1","width":993,"height":580,"caption":"Criterion ranks #29 in Latin America's 50 Best Restaurants"},{"@type":"BreadcrumbList","@id":"https:\/\/casadecampoliving.com\/es\/flavors-of-the-world-regresa-a-casa-de-campo-con-una-nueva-seleccion-de-chefs-internacionales-y-eventos-culinarios-de-clase-mundial\/#breadcrumb","itemListElement":[{"@type":"ListItem","position":1,"name":"Home","item":"https:\/\/casadecampoliving.com\/es\/"},{"@type":"ListItem","position":2,"name":"&#8220;Flavors of the World&#8221; Regresa a Casa de Campo con una Nueva Selecci\u00f3n de Chefs Internacionales y Eventos Culinarios de Clase Mundial"}]},{"@type":"WebSite","@id":"https:\/\/casadecampoliving.com\/es\/#website","url":"https:\/\/casadecampoliving.com\/es\/","name":"Casa de Campo Living","description":"Resort community news and resources.","publisher":{"@id":"https:\/\/casadecampoliving.com\/es\/#organization"},"potentialAction":[{"@type":"SearchAction","target":{"@type":"EntryPoint","urlTemplate":"https:\/\/casadecampoliving.com\/es\/?s={search_term_string}"},"query-input":{"@type":"PropertyValueSpecification","valueRequired":true,"valueName":"search_term_string"}}],"inLanguage":"es"},{"@type":"Organization","@id":"https:\/\/casadecampoliving.com\/es\/#organization","name":"Casa de Campo Living","url":"https:\/\/casadecampoliving.com\/es\/","logo":{"@type":"ImageObject","inLanguage":"es","@id":"https:\/\/casadecampoliving.com\/es\/#\/schema\/logo\/image\/","url":"https:\/\/i0.wp.com\/casadecampoliving.com\/wp-content\/uploads\/2022\/07\/CDCLivingLogo_V1-white-sized.png?fit=800%2C214&ssl=1","contentUrl":"https:\/\/i0.wp.com\/casadecampoliving.com\/wp-content\/uploads\/2022\/07\/CDCLivingLogo_V1-white-sized.png?fit=800%2C214&ssl=1","width":800,"height":214,"caption":"Casa de Campo Living"},"image":{"@id":"https:\/\/casadecampoliving.com\/es\/#\/schema\/logo\/image\/"},"sameAs":["https:\/\/www.facebook.com\/casadecampoliving","https:\/\/x.com\/cdcliving"]},{"@type":"Person","@id":"https:\/\/casadecampoliving.com\/es\/#\/schema\/person\/e3abfc63c1478fd703266a6f33a3145d","name":"Heather Lincoln","image":{"@type":"ImageObject","inLanguage":"es","@id":"https:\/\/secure.gravatar.com\/avatar\/e8fc1ce4ad50385675908137b0d8d66be281d034bf072b4700460237638ea6d0?s=96&d=mm&r=g","url":"https:\/\/secure.gravatar.com\/avatar\/e8fc1ce4ad50385675908137b0d8d66be281d034bf072b4700460237638ea6d0?s=96&d=mm&r=g","contentUrl":"https:\/\/secure.gravatar.com\/avatar\/e8fc1ce4ad50385675908137b0d8d66be281d034bf072b4700460237638ea6d0?s=96&d=mm&r=g","caption":"Heather Lincoln"},"url":"https:\/\/casadecampoliving.com\/es\/author\/hcastillo\/"}]}},"parsely":{"version":"1.1.0","canonical_url":"https:\/\/casadecampoliving.com\/es\/flavors-of-the-world-regresa-a-casa-de-campo-con-una-nueva-seleccion-de-chefs-internacionales-y-eventos-culinarios-de-clase-mundial\/","smart_links":{"inbound":0,"outbound":0},"traffic_boost_suggestions_count":0,"meta":{"@context":"https:\/\/schema.org","@type":"NewsArticle","headline":"\u00abFlavors of the World\u00bb Regresa a Casa de Campo con una Nueva Selecci\u00f3n de Chefs Internacionales y Eventos Culinarios de Clase Mundial","url":"http:\/\/casadecampoliving.com\/es\/flavors-of-the-world-regresa-a-casa-de-campo-con-una-nueva-seleccion-de-chefs-internacionales-y-eventos-culinarios-de-clase-mundial\/","mainEntityOfPage":{"@type":"WebPage","@id":"http:\/\/casadecampoliving.com\/es\/flavors-of-the-world-regresa-a-casa-de-campo-con-una-nueva-seleccion-de-chefs-internacionales-y-eventos-culinarios-de-clase-mundial\/"},"thumbnailUrl":"https:\/\/i0.wp.com\/casadecampoliving.com\/wp-content\/uploads\/2022\/10\/criterion.jpg?resize=150%2C150&ssl=1","image":{"@type":"ImageObject","url":"https:\/\/i0.wp.com\/casadecampoliving.com\/wp-content\/uploads\/2022\/10\/criterion.jpg?fit=993%2C580&ssl=1"},"articleSection":"Comidas &amp; Bebidas","author":[{"@type":"Person","name":"Heather Lincoln"}],"creator":["Heather Lincoln"],"publisher":{"@type":"Organization","name":"Casa de Campo Living","logo":"https:\/\/casadecampoliving.com\/wp-content\/uploads\/2022\/07\/CDCLivingLogo_V1-white-sized.png"},"keywords":["flavors of the world @es"],"dateCreated":"2017-03-16T04:00:00Z","datePublished":"2017-03-16T04:00:00Z","dateModified":"2022-10-21T23:10:56Z"},"rendered":"<script type=\"application\/ld+json\" class=\"wp-parsely-metadata\">{\"@context\":\"https:\\\/\\\/schema.org\",\"@type\":\"NewsArticle\",\"headline\":\"\\u00abFlavors of the World\\u00bb Regresa a Casa de Campo con una Nueva Selecci\\u00f3n de Chefs Internacionales y Eventos Culinarios de Clase Mundial\",\"url\":\"http:\\\/\\\/casadecampoliving.com\\\/es\\\/flavors-of-the-world-regresa-a-casa-de-campo-con-una-nueva-seleccion-de-chefs-internacionales-y-eventos-culinarios-de-clase-mundial\\\/\",\"mainEntityOfPage\":{\"@type\":\"WebPage\",\"@id\":\"http:\\\/\\\/casadecampoliving.com\\\/es\\\/flavors-of-the-world-regresa-a-casa-de-campo-con-una-nueva-seleccion-de-chefs-internacionales-y-eventos-culinarios-de-clase-mundial\\\/\"},\"thumbnailUrl\":\"https:\\\/\\\/i0.wp.com\\\/casadecampoliving.com\\\/wp-content\\\/uploads\\\/2022\\\/10\\\/criterion.jpg?resize=150%2C150&ssl=1\",\"image\":{\"@type\":\"ImageObject\",\"url\":\"https:\\\/\\\/i0.wp.com\\\/casadecampoliving.com\\\/wp-content\\\/uploads\\\/2022\\\/10\\\/criterion.jpg?fit=993%2C580&ssl=1\"},\"articleSection\":\"Comidas &amp; Bebidas\",\"author\":[{\"@type\":\"Person\",\"name\":\"Heather Lincoln\"}],\"creator\":[\"Heather Lincoln\"],\"publisher\":{\"@type\":\"Organization\",\"name\":\"Casa de Campo Living\",\"logo\":\"https:\\\/\\\/casadecampoliving.com\\\/wp-content\\\/uploads\\\/2022\\\/07\\\/CDCLivingLogo_V1-white-sized.png\"},\"keywords\":[\"flavors of the world @es\"],\"dateCreated\":\"2017-03-16T04:00:00Z\",\"datePublished\":\"2017-03-16T04:00:00Z\",\"dateModified\":\"2022-10-21T23:10:56Z\"}<\/script>","tracker_url":"https:\/\/cdn.parsely.com\/keys\/casadecampoliving.com\/p.js"},"jetpack_publicize_connections":[],"jetpack_featured_media_url":"https:\/\/i0.wp.com\/casadecampoliving.com\/wp-content\/uploads\/2022\/10\/criterion.jpg?fit=993%2C580&ssl=1","jetpack-related-posts":[{"id":351527,"url":"https:\/\/casadecampoliving.com\/es\/flavors-world-rosas-contara-con-una-reunion-de-ex-alumnos-de-elbulli\/","url_meta":{"origin":351260,"position":0},"title":"*Cambio de Locaci\u00f3n* &#8216;Flavors of the World Rosas&#8217; contar\u00e1 con una reuni\u00f3n de ex alumnos de elBulli","author":"Marlenys Guzm\u00e1n Casta\u00f1os","date":"25 May, 2017","format":false,"excerpt":"Despu\u00e9s de un muy exitoso primer a\u00f1o, \u00a1Flavors of the World vuelve este verano a\u00a0Casa de Campo! La primera entrega en Semana Santa cont\u00f3 con los sabores de Bogot\u00e1, Colombia, gracias a los chefs Leonor Espinosa y Mark Rausch. La serie contin\u00faa con \u201cFlavors of the World Rosas\u201d del 16\u2026","rel":"","context":"En \u00abAltos de Chavon @es\u00bb","block_context":{"text":"Altos de Chavon @es","link":"https:\/\/casadecampoliving.com\/category\/altos-de-chavon-es\/"},"img":{"alt_text":"","src":"https:\/\/i0.wp.com\/casadecampoliving.com\/wp-content\/uploads\/2022\/10\/2017-05-25.jpg?fit=1024%2C683&ssl=1&resize=350%2C200","width":350,"height":200,"srcset":"https:\/\/i0.wp.com\/casadecampoliving.com\/wp-content\/uploads\/2022\/10\/2017-05-25.jpg?fit=1024%2C683&ssl=1&resize=350%2C200 1x, https:\/\/i0.wp.com\/casadecampoliving.com\/wp-content\/uploads\/2022\/10\/2017-05-25.jpg?fit=1024%2C683&ssl=1&resize=525%2C300 1.5x, https:\/\/i0.wp.com\/casadecampoliving.com\/wp-content\/uploads\/2022\/10\/2017-05-25.jpg?fit=1024%2C683&ssl=1&resize=700%2C400 2x"},"classes":[]},{"id":352677,"url":"https:\/\/casadecampoliving.com\/es\/flavors-world-nos-trae-el-corazon-y-motor-de-99-restaurante-chef-kurt-schmidt\/","url_meta":{"origin":351260,"position":1},"title":"Flavors of the World nos trae el coraz\u00f3n y motor de 99 Restaurante, Chef Kurt Schmidt","author":"Marlenys Guzm\u00e1n Casta\u00f1os","date":"28 May, 2018","format":false,"excerpt":"\u00a1Otro mes, otra aventura gastron\u00f3mica! Tras el reciente \u00e9xito de Flavors of the World M\u00e9xico, el complejo ya ha anunciado su pr\u00f3ximo chef y destino. \u00a1Prep\u00e1rate para Flavors of the World Chile con el chef Kurt Schmidt en tan solo 10 d\u00edas!\u00a0La serie de eventos culinarios contin\u00faa emparejando chefs de\u2026","rel":"","context":"En \u00abComidas &amp; Bebidas\u00bb","block_context":{"text":"Comidas &amp; Bebidas","link":"https:\/\/casadecampoliving.com\/es\/category\/comidas-bebidas\/"},"img":{"alt_text":"","src":"https:\/\/i0.wp.com\/casadecampoliving.com\/wp-content\/uploads\/2018\/05\/99-restaurant.jpg?resize=350%2C200&ssl=1","width":350,"height":200,"srcset":"https:\/\/i0.wp.com\/casadecampoliving.com\/wp-content\/uploads\/2018\/05\/99-restaurant.jpg?resize=350%2C200&ssl=1 1x, https:\/\/i0.wp.com\/casadecampoliving.com\/wp-content\/uploads\/2018\/05\/99-restaurant.jpg?resize=525%2C300&ssl=1 1.5x, https:\/\/i0.wp.com\/casadecampoliving.com\/wp-content\/uploads\/2018\/05\/99-restaurant.jpg?resize=700%2C400&ssl=1 2x"},"classes":[]},{"id":352900,"url":"https:\/\/casadecampoliving.com\/es\/no-deje-de-hacer-sus-reservaciones-para-flavors-world-venezuela-con-el-chef-carlos-garcia-de-alto-restaurant\/","url_meta":{"origin":351260,"position":2},"title":"\u00a1No deje de hacer sus reservaciones para Flavors of the World Venezuela con el Chef Carlos Garc\u00eda de Alto Restaurant!","author":"Marlenys Guzm\u00e1n Casta\u00f1os","date":"28 Sep, 2018","format":false,"excerpt":"Este a\u00f1o Flavors of the World se ha dedicado a Am\u00e9rica Latina, con chefs provenientes de Guadalajara, Chile, Bolivia y Argentina. La pr\u00f3xima semana, Casa de Campo ser\u00e1 el anfitri\u00f3n de otro fin de semana gastron\u00f3mico esta vez con el chef Carlos Garc\u00eda, quien traer\u00e1 consigo todas las t\u00e9cnicas, historias\u2026","rel":"","context":"En \u00abComidas &amp; Bebidas\u00bb","block_context":{"text":"Comidas &amp; Bebidas","link":"https:\/\/casadecampoliving.com\/es\/category\/comidas-bebidas\/"},"img":{"alt_text":"","src":"https:\/\/i0.wp.com\/casadecampoliving.com\/wp-content\/uploads\/2018\/09\/vCKe5DMk.jpeg?resize=350%2C200&ssl=1","width":350,"height":200,"srcset":"https:\/\/i0.wp.com\/casadecampoliving.com\/wp-content\/uploads\/2018\/09\/vCKe5DMk.jpeg?resize=350%2C200&ssl=1 1x, https:\/\/i0.wp.com\/casadecampoliving.com\/wp-content\/uploads\/2018\/09\/vCKe5DMk.jpeg?resize=525%2C300&ssl=1 1.5x, https:\/\/i0.wp.com\/casadecampoliving.com\/wp-content\/uploads\/2018\/09\/vCKe5DMk.jpeg?resize=700%2C400&ssl=1 2x"},"classes":[]},{"id":350777,"url":"https:\/\/casadecampoliving.com\/es\/flavors-of-the-world-peru-con-chef-rafael-piqueras\/","url_meta":{"origin":351260,"position":3},"title":"*ACTUALIZACI\u00d3N: un nuevo chef de Per\u00fa: Jaime Pesaque!* \u00abFlavors of the World\u00bb Peru es el fin de semana que viene con Rafael Piqueras","author":"Heather Lincoln","date":"8 Nov, 2016","format":false,"excerpt":"*ACTUALIZACI\u00d3N: \u00a1\u201dFlavors of the World\u201d anuncia un nuevo chef de Per\u00fa: Jaime Pesaque! \u00a1Vea el art\u00edculo actualizado aqu\u00ed!*\u00a0Tengo que admitir que\u00a0los fines de semana que he pasado en Casa de Campo incluyen algunas de las mejores experiencias culinarias\u00a0que he tenido, y con los eventos gastron\u00f3micos de Flavors of the World\u00a0tendr\u00e9\u2026","rel":"","context":"En \u00abAltos de Chavon @es\u00bb","block_context":{"text":"Altos de Chavon @es","link":"https:\/\/casadecampoliving.com\/category\/altos-de-chavon-es\/"},"img":{"alt_text":"Rafael Piqueras","src":"https:\/\/i0.wp.com\/casadecampoliving.com\/wp-content\/uploads\/2022\/10\/rafael_piqueras_maras.jpg?fit=700%2C467&ssl=1&resize=350%2C200","width":350,"height":200,"srcset":"https:\/\/i0.wp.com\/casadecampoliving.com\/wp-content\/uploads\/2022\/10\/rafael_piqueras_maras.jpg?fit=700%2C467&ssl=1&resize=350%2C200 1x, https:\/\/i0.wp.com\/casadecampoliving.com\/wp-content\/uploads\/2022\/10\/rafael_piqueras_maras.jpg?fit=700%2C467&ssl=1&resize=525%2C300 1.5x, https:\/\/i0.wp.com\/casadecampoliving.com\/wp-content\/uploads\/2022\/10\/rafael_piqueras_maras.jpg?fit=700%2C467&ssl=1&resize=700%2C400 2x"},"classes":[]},{"id":351664,"url":"https:\/\/casadecampoliving.com\/es\/flavors-of-the-world-ha-vuelto-con-alyn-williams-de-londres\/","url_meta":{"origin":351260,"position":4},"title":"\u00a1Reserva la fecha! Flavors of the World ha vuelto, esta vez con el chef Alyn Williams de Londres","author":"Marlenys Guzm\u00e1n Casta\u00f1os","date":"29 Jun, 2017","format":false,"excerpt":"Recientemente, pudimos disfrutar de una serie de platos extraordinarios preparados por elBulli alumni Jorge Puerta, Pablo Pav\u00f3n, Antonio Romero, y Casa de Campo\u2019s Chef ejecutivo Anthony Masas, Que son todos graduados de el famoso Restaurante situado en Roses, Espa\u00f1a \u00a0Ahora, no tendremos que esperar mucho para disfrutar m\u00e1s de la\u2026","rel":"","context":"En \u00abAltos de Chavon @es\u00bb","block_context":{"text":"Altos de Chavon @es","link":"https:\/\/casadecampoliving.com\/category\/altos-de-chavon-es\/"},"img":{"alt_text":"Flavors of the World London Alyn Williams","src":"https:\/\/i0.wp.com\/casadecampoliving.com\/wp-content\/uploads\/2022\/10\/food13-e1498680643528.jpg?fit=1000%2C667&ssl=1&resize=350%2C200","width":350,"height":200,"srcset":"https:\/\/i0.wp.com\/casadecampoliving.com\/wp-content\/uploads\/2022\/10\/food13-e1498680643528.jpg?fit=1000%2C667&ssl=1&resize=350%2C200 1x, https:\/\/i0.wp.com\/casadecampoliving.com\/wp-content\/uploads\/2022\/10\/food13-e1498680643528.jpg?fit=1000%2C667&ssl=1&resize=525%2C300 1.5x, https:\/\/i0.wp.com\/casadecampoliving.com\/wp-content\/uploads\/2022\/10\/food13-e1498680643528.jpg?fit=1000%2C667&ssl=1&resize=700%2C400 2x"},"classes":[]},{"id":350855,"url":"https:\/\/casadecampoliving.com\/es\/chef-vitor-matos-de-portugal-ultima-edicion-de-flavors-world\/","url_meta":{"origin":351260,"position":5},"title":"Chef Vitor Matos de Portugal llega a Casa de Campo para la \u00faltima edici\u00f3n de \u00abFlavors of the World\u00bb","author":"Marlenys Guzm\u00e1n Casta\u00f1os","date":"29 Nov, 2016","format":false,"excerpt":"Una serie de actividades para esta temporada de fiestas llenan nuestro calendario de Navidad de Casa de Campo \u00a1y comienzan este s\u00e1bado con la presentaci\u00f3n de la Escuela de Ballet\u00a0Elizabeth P. Zeller! Pero antes de que entremos totalmente en la temporada de villancicos y fiestas, Casa de Campo nos trae\u2026","rel":"","context":"En \u00abComidas &amp; Bebidas\u00bb","block_context":{"text":"Comidas &amp; Bebidas","link":"https:\/\/casadecampoliving.com\/es\/category\/comidas-bebidas\/"},"img":{"alt_text":"Antiqvvm, Portugal","src":"https:\/\/i0.wp.com\/casadecampoliving.com\/wp-content\/uploads\/2022\/10\/Antiqvvm_Portugal-e1480444798465.jpg?fit=1000%2C667&ssl=1&resize=350%2C200","width":350,"height":200,"srcset":"https:\/\/i0.wp.com\/casadecampoliving.com\/wp-content\/uploads\/2022\/10\/Antiqvvm_Portugal-e1480444798465.jpg?fit=1000%2C667&ssl=1&resize=350%2C200 1x, https:\/\/i0.wp.com\/casadecampoliving.com\/wp-content\/uploads\/2022\/10\/Antiqvvm_Portugal-e1480444798465.jpg?fit=1000%2C667&ssl=1&resize=525%2C300 1.5x, https:\/\/i0.wp.com\/casadecampoliving.com\/wp-content\/uploads\/2022\/10\/Antiqvvm_Portugal-e1480444798465.jpg?fit=1000%2C667&ssl=1&resize=700%2C400 2x"},"classes":[]}],"jetpack_sharing_enabled":true,"_links":{"self":[{"href":"https:\/\/casadecampoliving.com\/es\/wp-json\/wp\/v2\/posts\/351260","targetHints":{"allow":["GET"]}}],"collection":[{"href":"https:\/\/casadecampoliving.com\/es\/wp-json\/wp\/v2\/posts"}],"about":[{"href":"https:\/\/casadecampoliving.com\/es\/wp-json\/wp\/v2\/types\/post"}],"author":[{"embeddable":true,"href":"https:\/\/casadecampoliving.com\/es\/wp-json\/wp\/v2\/users\/36681"}],"replies":[{"embeddable":true,"href":"https:\/\/casadecampoliving.com\/es\/wp-json\/wp\/v2\/comments?post=351260"}],"version-history":[{"count":1,"href":"https:\/\/casadecampoliving.com\/es\/wp-json\/wp\/v2\/posts\/351260\/revisions"}],"predecessor-version":[{"id":351261,"href":"https:\/\/casadecampoliving.com\/es\/wp-json\/wp\/v2\/posts\/351260\/revisions\/351261"}],"wp:featuredmedia":[{"embeddable":true,"href":"https:\/\/casadecampoliving.com\/es\/wp-json\/wp\/v2\/media\/283200"}],"wp:attachment":[{"href":"https:\/\/casadecampoliving.com\/es\/wp-json\/wp\/v2\/media?parent=351260"}],"wp:term":[{"taxonomy":"category","embeddable":true,"href":"https:\/\/casadecampoliving.com\/es\/wp-json\/wp\/v2\/categories?post=351260"},{"taxonomy":"post_tag","embeddable":true,"href":"https:\/\/casadecampoliving.com\/es\/wp-json\/wp\/v2\/tags?post=351260"},{"taxonomy":"newspack_spnsrs_tax","embeddable":true,"href":"https:\/\/casadecampoliving.com\/es\/wp-json\/wp\/v2\/newspack_spnsrs_tax?post=351260"}],"curies":[{"name":"wp","href":"https:\/\/api.w.org\/{rel}","templated":true}]}}