{"id":351216,"date":"2017-03-07T00:00:00","date_gmt":"2017-03-07T04:00:00","guid":{"rendered":"https:\/\/casadecampoliving.com\/30o-torneo-anual-de-golf-caribbean-international-pro-am-ii\/"},"modified":"2022-11-10T10:07:39","modified_gmt":"2022-11-10T14:07:39","slug":"30o-torneo-anual-de-golf-caribbean-international-pro-am-ii","status":"publish","type":"post","link":"https:\/\/casadecampoliving.com\/es\/30o-torneo-anual-de-golf-caribbean-international-pro-am-ii\/","title":{"rendered":"El 30\u00ba torneo anual de golf Caribbean International Pro-Am II cerr\u00f3 la serie Casa de Campo ProAm de este a\u00f1o"},"content":{"rendered":"<p style=\"text-align: justify;\">Del 26 de febrero al 3 de marzo de 2017 se celebr\u00f3 en la Casa de Campo la 30\u00aa edici\u00f3n del Caribbean International Pro-Am II, con muchos golfistas de Estados Unidos y del mundo disfrutando de una magn\u00edfica semana de golf en los impresionantes campos dise\u00f1ados por Pete Dye : Teeth of the Dog, Links, y Dye Fore.<br \/>\n<!--more--><span id=\"more-66595\"><\/span><\/p>\n<p>El torneo cerr\u00f3 oficialmente la serie anual \u00abPro-Am\u00bb de Casa de Campo, que comenz\u00f3 en enero con la <a href=\"https:\/\/casadecampoliving.com\/es\/el-caribbean-international-proam-celebro-su-33ra-edicion-casa-de-campo\/\">33\u00aa edici\u00f3n del Caribbean International Pro-Am del 10 al 15 de enero<\/a>, la 43\u00aa edici\u00f3n del International Pro Am en febrero y termin\u00f3 con una nota alta con la 30\u00aa edici\u00f3n del Caribbean International Pro-Am II.<\/p>\n<p><img data-recalc-dims=\"1\" loading=\"lazy\" decoding=\"async\" class=\"size-full wp-image-136487 aligncenter\" src=\"https:\/\/i0.wp.com\/casadecampoliving.com\/wp-content\/uploads\/2022\/10\/6-5.jpg?resize=1000%2C706&#038;ssl=1\" alt=\"30th annual Caribbean International Pro-Am II\" width=\"1000\" height=\"706\" \/><\/p>\n<p>El torneo comenz\u00f3 con la llegada de los jugadores el 26 de febrero donde completaron algunas rondas de pr\u00e1ctica y sigui\u00f3 con una barbacoa de bienvenida en el Lago Restaurant y Night Golf. La primera ronda se jug\u00f3 a principios de la ma\u00f1ana siguiente en Teeth of the Dog, la segunda ronda en los Links, la tercera en el Dye Fore, y la ronda final una vez m\u00e1s en Teeth of the Dog. Adem\u00e1s de un excelente golf, los participantes del torneo disfrutaron de los mejores restaurantes del complejo: el Hotel Casa de Campo, la playa Minitas, la Marina Casa de Campo y Altos de Chav\u00f3n.<\/p>\n<p>Equipos desde distintos clubes de golf en los Estados Unidos participaron en este evento de Pro-Am. Los equipos estaban compuestos por un profesional y tres aficionados. Los equipos compitieron en la division de grupos, con un formato de <em>best ball<\/em> durante los cuatro d\u00edas del torneo, tanto en divisiones brutas como netas. Los profesionales tambi\u00e9n compitieron en un torneo individual de Stableford durante las cuatro rondas.<\/p>\n<p><img data-recalc-dims=\"1\" loading=\"lazy\" decoding=\"async\" class=\"size-full wp-image-136485 aligncenter\" src=\"https:\/\/i0.wp.com\/casadecampoliving.com\/wp-content\/uploads\/2022\/10\/560A6685_2.jpg?resize=1000%2C593&#038;ssl=1\" alt=\"30th annual Caribbean International Pro-Am II\" width=\"1000\" height=\"593\" \/><\/p>\n<p>La ceremonia de premiaci\u00f3n tuvo lugar en La Casita Restaurante de la Marina, Casa de Campo con una Cena-c\u00f3ctel.<\/p>\n<p style=\"text-align: justify;\"><strong>Los ganadores de este a\u00f1o fueron:<\/strong><\/p>\n<p><img data-recalc-dims=\"1\" loading=\"lazy\" decoding=\"async\" class=\"aligncenter size-full wp-image-136226\" src=\"https:\/\/i0.wp.com\/casadecampoliving.com\/wp-content\/uploads\/2022\/10\/30th-Caribbean-International-Pro-AM-2017-Results-e1488813826441.jpg?resize=1000%2C961&#038;ssl=1\" alt=\"30th Caribbean International Pro AM 2017 Results\" width=\"1000\" height=\"961\" \/><\/p>\n<p>La siguiente galer\u00eda de fotos fueron tomadas por Limbert Diaz durante la entrega de premios y cena en La Casita el jueves 2 de marzo:<\/p>\n<p>[nggallery id =2833]<\/p>\n<blockquote><p><a href=\"https:\/\/casadecampoliving.com\/es\/el-caribbean-international-proam-celebro-su-33ra-edicion-casa-de-campo\/\"><strong>El Caribbean International ProAm celebr\u00f3 su 33ra edici\u00f3n en Casa de Campo<\/strong><\/a><br \/>\n<a href=\"https:\/\/casadecampoliving.com\/es\/el-caribbean-international-proam-celebro-su-33ra-edicion-casa-de-campo\/\"><img data-recalc-dims=\"1\" loading=\"lazy\" decoding=\"async\" class=\"aligncenter size-full wp-image-136228\" src=\"https:\/\/i0.wp.com\/casadecampoliving.com\/wp-content\/uploads\/2022\/10\/42.jpg?resize=1000%2C499&#038;ssl=1\" alt=\"42\" width=\"1000\" height=\"499\" \/><\/a><br \/>\nCasa de Campo Resort fue el escenario del trig\u00e9simo tercero edici\u00f3n del Caribbean International Proam desde el 10 al 15 de enero en los galardonado campos de golf Teeth of the Dog, Dye Fore y The Links, todos dise\u00f1ados por el famoso arquitecto Pete Dye. <a href=\"https:\/\/casadecampoliving.com\/es\/el-caribbean-international-proam-celebro-su-33ra-edicion-casa-de-campo\/\">Seguir leyendo aqu\u00ed<\/a>.<\/p><\/blockquote>\n","protected":false},"excerpt":{"rendered":"<p>Del 26 de febrero al 3 de marzo de 2017 se celebr\u00f3 en la Casa de Campo la 30\u00aa edici\u00f3n del Caribbean International Pro-Am II, con muchos golfistas de Estados Unidos y del mundo disfrutando de una magn\u00edfica semana de golf en los impresionantes campos dise\u00f1ados por Pete Dye : Teeth of the Dog, Links, [&hellip;]<\/p>\n","protected":false},"author":36682,"featured_media":281372,"comment_status":"closed","ping_status":"closed","sticky":false,"template":"","format":"standard","meta":{"newspack_ads_suppress_ads":false,"newspack_popups_has_disabled_popups":false,"newspack_sponsor_sponsorship_scope":"","newspack_sponsor_native_byline_display":"inherit","newspack_sponsor_native_category_display":"inherit","newspack_sponsor_underwriter_style":"inherit","newspack_sponsor_underwriter_placement":"inherit","_newspack_byline_active":false,"_newspack_byline":"","newspack_hide_updated_date":false,"newspack_show_updated_date":false,"newspack_content_restriction_is_exempt":false,"newspack_featured_image_position":"","newspack_post_subtitle":"","newspack_article_summary_title":"Overview:","newspack_article_summary":"","_jetpack_memberships_contains_paid_content":false,"footnotes":"","jetpack_publicize_message":"","jetpack_publicize_feature_enabled":true,"jetpack_social_post_already_shared":false,"jetpack_social_options":{"image_generator_settings":{"template":"highway","default_image_id":0,"font":"","enabled":false},"version":2},"_wpas_customize_per_network":false},"categories":[2525,14631,2522,26581,14625,2521,26822],"tags":[4012,8576,176,20507,20506,3573,12436],"newspack_spnsrs_tax":[],"class_list":["post-351216","post","type-post","status-publish","format-standard","has-post-thumbnail","hentry","category-golf-deportes-es","category-estilo-de-vida","category-eventos-es","category-la-marina-casa-de-campo","category-noticias-locales","category-republica-dominicana-2","category-resort-casa-de-campo","tag-casa-de-campo-golf-es","tag-ganadores","tag-golf","tag-internacional","tag-jugadores","tag-marina-casa-de-campo-es","tag-proam","entry"],"yoast_head":"<!-- This site is optimized with the Yoast SEO plugin v27.4 - https:\/\/yoast.com\/product\/yoast-seo-wordpress\/ -->\n<title>El 30\u00ba torneo anual de golf Caribbean International Pro-Am II cerr\u00f3 la serie Casa de Campo ProAm de este a\u00f1o | Casa de Campo Living<\/title>\n<meta name=\"description\" content=\"Del 26 de febrero al 3 de marzo de 2017 se celebr\u00f3 en la Casa de Campo la 30\u00aa edici\u00f3n del Caribbean International Pro-Am II, con muchos golfistas de\" \/>\n<meta name=\"robots\" content=\"index, follow, max-snippet:-1, max-image-preview:large, max-video-preview:-1\" \/>\n<link rel=\"canonical\" href=\"https:\/\/casadecampoliving.com\/es\/30o-torneo-anual-de-golf-caribbean-international-pro-am-ii\/\" \/>\n<meta property=\"og:locale\" content=\"es_ES\" \/>\n<meta property=\"og:type\" content=\"article\" \/>\n<meta property=\"og:title\" content=\"El 30\u00ba torneo anual de golf Caribbean International Pro-Am II cerr\u00f3 la serie Casa de Campo ProAm de este a\u00f1o | Casa de Campo Living\" \/>\n<meta property=\"og:description\" content=\"Del 26 de febrero al 3 de marzo de 2017 se celebr\u00f3 en la Casa de Campo la 30\u00aa edici\u00f3n del Caribbean International Pro-Am II, con muchos golfistas de\" \/>\n<meta property=\"og:url\" content=\"https:\/\/casadecampoliving.com\/es\/30o-torneo-anual-de-golf-caribbean-international-pro-am-ii\/\" \/>\n<meta property=\"og:site_name\" content=\"Casa de Campo Living\" \/>\n<meta property=\"article:publisher\" content=\"https:\/\/www.facebook.com\/casadecampoliving\" \/>\n<meta property=\"article:published_time\" content=\"2017-03-07T04:00:00+00:00\" \/>\n<meta property=\"article:modified_time\" content=\"2022-11-10T14:07:39+00:00\" \/>\n<meta property=\"og:image\" content=\"https:\/\/i0.wp.com\/casadecampoliving.com\/wp-content\/uploads\/2022\/10\/3-e1488919471801.jpg?fit=1000%2C600&ssl=1\" \/>\n\t<meta property=\"og:image:width\" content=\"1000\" \/>\n\t<meta property=\"og:image:height\" content=\"600\" \/>\n\t<meta property=\"og:image:type\" content=\"image\/jpeg\" \/>\n<meta name=\"author\" content=\"Marlenys Guzm\u00e1n Casta\u00f1os\" \/>\n<meta name=\"twitter:card\" content=\"summary_large_image\" \/>\n<meta name=\"twitter:creator\" content=\"@cdcliving\" \/>\n<meta name=\"twitter:site\" content=\"@cdcliving\" \/>\n<meta name=\"twitter:label1\" content=\"Escrito por\" \/>\n\t<meta name=\"twitter:data1\" content=\"Marlenys Guzm\u00e1n Casta\u00f1os\" \/>\n\t<meta name=\"twitter:label2\" content=\"Tiempo de lectura\" \/>\n\t<meta name=\"twitter:data2\" content=\"2 minutos\" \/>\n<script type=\"application\/ld+json\" class=\"yoast-schema-graph\">{\"@context\":\"https:\\\/\\\/schema.org\",\"@graph\":[{\"@type\":\"Article\",\"@id\":\"https:\\\/\\\/casadecampoliving.com\\\/es\\\/30o-torneo-anual-de-golf-caribbean-international-pro-am-ii\\\/#article\",\"isPartOf\":{\"@id\":\"https:\\\/\\\/casadecampoliving.com\\\/es\\\/30o-torneo-anual-de-golf-caribbean-international-pro-am-ii\\\/\"},\"author\":{\"name\":\"Marlenys Guzm\u00e1n Casta\u00f1os\",\"@id\":\"https:\\\/\\\/casadecampoliving.com\\\/es\\\/#\\\/schema\\\/person\\\/b6606bd87f9cec8f5903e2141cafda24\"},\"headline\":\"El 30\u00ba torneo anual de golf Caribbean International Pro-Am II cerr\u00f3 la serie Casa de Campo ProAm de este a\u00f1o\",\"datePublished\":\"2017-03-07T04:00:00+00:00\",\"dateModified\":\"2022-11-10T14:07:39+00:00\",\"mainEntityOfPage\":{\"@id\":\"https:\\\/\\\/casadecampoliving.com\\\/es\\\/30o-torneo-anual-de-golf-caribbean-international-pro-am-ii\\\/\"},\"wordCount\":423,\"publisher\":{\"@id\":\"https:\\\/\\\/casadecampoliving.com\\\/es\\\/#organization\"},\"image\":{\"@id\":\"https:\\\/\\\/casadecampoliving.com\\\/es\\\/30o-torneo-anual-de-golf-caribbean-international-pro-am-ii\\\/#primaryimage\"},\"thumbnailUrl\":\"https:\\\/\\\/i0.wp.com\\\/casadecampoliving.com\\\/wp-content\\\/uploads\\\/2022\\\/10\\\/3-e1488919471801.jpg?fit=1000%2C600&ssl=1\",\"keywords\":[\"casa de campo golf @es\",\"Ganadores\",\"Golf\",\"internacional\",\"jugadores\",\"Marina Casa de Campo @es\",\"ProAm\"],\"articleSection\":[\"Deportes\",\"Estilo de Vida\",\"Eventos\",\"La Marina Casa de Campo\",\"Noticias Locales\",\"Rep\u00fablica Dominicana @es\",\"Resort Casa de Campo\"],\"inLanguage\":\"es\"},{\"@type\":\"WebPage\",\"@id\":\"https:\\\/\\\/casadecampoliving.com\\\/es\\\/30o-torneo-anual-de-golf-caribbean-international-pro-am-ii\\\/\",\"url\":\"https:\\\/\\\/casadecampoliving.com\\\/es\\\/30o-torneo-anual-de-golf-caribbean-international-pro-am-ii\\\/\",\"name\":\"El 30\u00ba torneo anual de golf Caribbean International Pro-Am II cerr\u00f3 la serie Casa de Campo ProAm de este a\u00f1o | Casa de Campo Living\",\"isPartOf\":{\"@id\":\"https:\\\/\\\/casadecampoliving.com\\\/es\\\/#website\"},\"primaryImageOfPage\":{\"@id\":\"https:\\\/\\\/casadecampoliving.com\\\/es\\\/30o-torneo-anual-de-golf-caribbean-international-pro-am-ii\\\/#primaryimage\"},\"image\":{\"@id\":\"https:\\\/\\\/casadecampoliving.com\\\/es\\\/30o-torneo-anual-de-golf-caribbean-international-pro-am-ii\\\/#primaryimage\"},\"thumbnailUrl\":\"https:\\\/\\\/i0.wp.com\\\/casadecampoliving.com\\\/wp-content\\\/uploads\\\/2022\\\/10\\\/3-e1488919471801.jpg?fit=1000%2C600&ssl=1\",\"datePublished\":\"2017-03-07T04:00:00+00:00\",\"dateModified\":\"2022-11-10T14:07:39+00:00\",\"description\":\"Del 26 de febrero al 3 de marzo de 2017 se celebr\u00f3 en la Casa de Campo la 30\u00aa edici\u00f3n del Caribbean International Pro-Am II, con muchos golfistas de\",\"breadcrumb\":{\"@id\":\"https:\\\/\\\/casadecampoliving.com\\\/es\\\/30o-torneo-anual-de-golf-caribbean-international-pro-am-ii\\\/#breadcrumb\"},\"inLanguage\":\"es\",\"potentialAction\":[{\"@type\":\"ReadAction\",\"target\":[\"https:\\\/\\\/casadecampoliving.com\\\/es\\\/30o-torneo-anual-de-golf-caribbean-international-pro-am-ii\\\/\"]}]},{\"@type\":\"ImageObject\",\"inLanguage\":\"es\",\"@id\":\"https:\\\/\\\/casadecampoliving.com\\\/es\\\/30o-torneo-anual-de-golf-caribbean-international-pro-am-ii\\\/#primaryimage\",\"url\":\"https:\\\/\\\/i0.wp.com\\\/casadecampoliving.com\\\/wp-content\\\/uploads\\\/2022\\\/10\\\/3-e1488919471801.jpg?fit=1000%2C600&ssl=1\",\"contentUrl\":\"https:\\\/\\\/i0.wp.com\\\/casadecampoliving.com\\\/wp-content\\\/uploads\\\/2022\\\/10\\\/3-e1488919471801.jpg?fit=1000%2C600&ssl=1\",\"width\":1000,\"height\":600,\"caption\":\"30th annual Caribbean International Pro-Am II\"},{\"@type\":\"BreadcrumbList\",\"@id\":\"https:\\\/\\\/casadecampoliving.com\\\/es\\\/30o-torneo-anual-de-golf-caribbean-international-pro-am-ii\\\/#breadcrumb\",\"itemListElement\":[{\"@type\":\"ListItem\",\"position\":1,\"name\":\"Home\",\"item\":\"https:\\\/\\\/casadecampoliving.com\\\/es\\\/\"},{\"@type\":\"ListItem\",\"position\":2,\"name\":\"El 30\u00ba torneo anual de golf Caribbean International Pro-Am II cerr\u00f3 la serie Casa de Campo ProAm de este a\u00f1o\"}]},{\"@type\":\"WebSite\",\"@id\":\"https:\\\/\\\/casadecampoliving.com\\\/es\\\/#website\",\"url\":\"https:\\\/\\\/casadecampoliving.com\\\/es\\\/\",\"name\":\"Casa de Campo Living\",\"description\":\"Resort community news and resources.\",\"publisher\":{\"@id\":\"https:\\\/\\\/casadecampoliving.com\\\/es\\\/#organization\"},\"potentialAction\":[{\"@type\":\"SearchAction\",\"target\":{\"@type\":\"EntryPoint\",\"urlTemplate\":\"https:\\\/\\\/casadecampoliving.com\\\/es\\\/?s={search_term_string}\"},\"query-input\":{\"@type\":\"PropertyValueSpecification\",\"valueRequired\":true,\"valueName\":\"search_term_string\"}}],\"inLanguage\":\"es\"},{\"@type\":\"Organization\",\"@id\":\"https:\\\/\\\/casadecampoliving.com\\\/es\\\/#organization\",\"name\":\"Casa de Campo Living\",\"url\":\"https:\\\/\\\/casadecampoliving.com\\\/es\\\/\",\"logo\":{\"@type\":\"ImageObject\",\"inLanguage\":\"es\",\"@id\":\"https:\\\/\\\/casadecampoliving.com\\\/es\\\/#\\\/schema\\\/logo\\\/image\\\/\",\"url\":\"https:\\\/\\\/i0.wp.com\\\/casadecampoliving.com\\\/wp-content\\\/uploads\\\/2022\\\/07\\\/CDCLivingLogo_V1-white-sized.png?fit=800%2C214&ssl=1\",\"contentUrl\":\"https:\\\/\\\/i0.wp.com\\\/casadecampoliving.com\\\/wp-content\\\/uploads\\\/2022\\\/07\\\/CDCLivingLogo_V1-white-sized.png?fit=800%2C214&ssl=1\",\"width\":800,\"height\":214,\"caption\":\"Casa de Campo Living\"},\"image\":{\"@id\":\"https:\\\/\\\/casadecampoliving.com\\\/es\\\/#\\\/schema\\\/logo\\\/image\\\/\"},\"sameAs\":[\"https:\\\/\\\/www.facebook.com\\\/casadecampoliving\",\"https:\\\/\\\/x.com\\\/cdcliving\"]},{\"@type\":\"Person\",\"@id\":\"https:\\\/\\\/casadecampoliving.com\\\/es\\\/#\\\/schema\\\/person\\\/b6606bd87f9cec8f5903e2141cafda24\",\"name\":\"Marlenys Guzm\u00e1n Casta\u00f1os\",\"image\":{\"@type\":\"ImageObject\",\"inLanguage\":\"es\",\"@id\":\"https:\\\/\\\/secure.gravatar.com\\\/avatar\\\/72f3f86b8e6b3ec744201aeadf11d4a6055e8af194aecd9ad30ffff4437878ee?s=96&d=mm&r=g\",\"url\":\"https:\\\/\\\/secure.gravatar.com\\\/avatar\\\/72f3f86b8e6b3ec744201aeadf11d4a6055e8af194aecd9ad30ffff4437878ee?s=96&d=mm&r=g\",\"contentUrl\":\"https:\\\/\\\/secure.gravatar.com\\\/avatar\\\/72f3f86b8e6b3ec744201aeadf11d4a6055e8af194aecd9ad30ffff4437878ee?s=96&d=mm&r=g\",\"caption\":\"Marlenys Guzm\u00e1n Casta\u00f1os\"},\"url\":\"https:\\\/\\\/casadecampoliving.com\\\/es\\\/author\\\/mguzman\\\/\"}]}<\/script>\n<!-- \/ Yoast SEO plugin. -->","yoast_head_json":{"title":"El 30\u00ba torneo anual de golf Caribbean International Pro-Am II cerr\u00f3 la serie Casa de Campo ProAm de este a\u00f1o | Casa de Campo Living","description":"Del 26 de febrero al 3 de marzo de 2017 se celebr\u00f3 en la Casa de Campo la 30\u00aa edici\u00f3n del Caribbean International Pro-Am II, con muchos golfistas de","robots":{"index":"index","follow":"follow","max-snippet":"max-snippet:-1","max-image-preview":"max-image-preview:large","max-video-preview":"max-video-preview:-1"},"canonical":"https:\/\/casadecampoliving.com\/es\/30o-torneo-anual-de-golf-caribbean-international-pro-am-ii\/","og_locale":"es_ES","og_type":"article","og_title":"El 30\u00ba torneo anual de golf Caribbean International Pro-Am II cerr\u00f3 la serie Casa de Campo ProAm de este a\u00f1o | Casa de Campo Living","og_description":"Del 26 de febrero al 3 de marzo de 2017 se celebr\u00f3 en la Casa de Campo la 30\u00aa edici\u00f3n del Caribbean International Pro-Am II, con muchos golfistas de","og_url":"https:\/\/casadecampoliving.com\/es\/30o-torneo-anual-de-golf-caribbean-international-pro-am-ii\/","og_site_name":"Casa de Campo Living","article_publisher":"https:\/\/www.facebook.com\/casadecampoliving","article_published_time":"2017-03-07T04:00:00+00:00","article_modified_time":"2022-11-10T14:07:39+00:00","og_image":[{"width":1000,"height":600,"url":"https:\/\/i0.wp.com\/casadecampoliving.com\/wp-content\/uploads\/2022\/10\/3-e1488919471801.jpg?fit=1000%2C600&ssl=1","type":"image\/jpeg"}],"author":"Marlenys Guzm\u00e1n Casta\u00f1os","twitter_card":"summary_large_image","twitter_creator":"@cdcliving","twitter_site":"@cdcliving","twitter_misc":{"Escrito por":"Marlenys Guzm\u00e1n Casta\u00f1os","Tiempo de lectura":"2 minutos"},"schema":{"@context":"https:\/\/schema.org","@graph":[{"@type":"Article","@id":"https:\/\/casadecampoliving.com\/es\/30o-torneo-anual-de-golf-caribbean-international-pro-am-ii\/#article","isPartOf":{"@id":"https:\/\/casadecampoliving.com\/es\/30o-torneo-anual-de-golf-caribbean-international-pro-am-ii\/"},"author":{"name":"Marlenys Guzm\u00e1n Casta\u00f1os","@id":"https:\/\/casadecampoliving.com\/es\/#\/schema\/person\/b6606bd87f9cec8f5903e2141cafda24"},"headline":"El 30\u00ba torneo anual de golf Caribbean International Pro-Am II cerr\u00f3 la serie Casa de Campo ProAm de este a\u00f1o","datePublished":"2017-03-07T04:00:00+00:00","dateModified":"2022-11-10T14:07:39+00:00","mainEntityOfPage":{"@id":"https:\/\/casadecampoliving.com\/es\/30o-torneo-anual-de-golf-caribbean-international-pro-am-ii\/"},"wordCount":423,"publisher":{"@id":"https:\/\/casadecampoliving.com\/es\/#organization"},"image":{"@id":"https:\/\/casadecampoliving.com\/es\/30o-torneo-anual-de-golf-caribbean-international-pro-am-ii\/#primaryimage"},"thumbnailUrl":"https:\/\/i0.wp.com\/casadecampoliving.com\/wp-content\/uploads\/2022\/10\/3-e1488919471801.jpg?fit=1000%2C600&ssl=1","keywords":["casa de campo golf @es","Ganadores","Golf","internacional","jugadores","Marina Casa de Campo @es","ProAm"],"articleSection":["Deportes","Estilo de Vida","Eventos","La Marina Casa de Campo","Noticias Locales","Rep\u00fablica Dominicana @es","Resort Casa de Campo"],"inLanguage":"es"},{"@type":"WebPage","@id":"https:\/\/casadecampoliving.com\/es\/30o-torneo-anual-de-golf-caribbean-international-pro-am-ii\/","url":"https:\/\/casadecampoliving.com\/es\/30o-torneo-anual-de-golf-caribbean-international-pro-am-ii\/","name":"El 30\u00ba torneo anual de golf Caribbean International Pro-Am II cerr\u00f3 la serie Casa de Campo ProAm de este a\u00f1o | Casa de Campo Living","isPartOf":{"@id":"https:\/\/casadecampoliving.com\/es\/#website"},"primaryImageOfPage":{"@id":"https:\/\/casadecampoliving.com\/es\/30o-torneo-anual-de-golf-caribbean-international-pro-am-ii\/#primaryimage"},"image":{"@id":"https:\/\/casadecampoliving.com\/es\/30o-torneo-anual-de-golf-caribbean-international-pro-am-ii\/#primaryimage"},"thumbnailUrl":"https:\/\/i0.wp.com\/casadecampoliving.com\/wp-content\/uploads\/2022\/10\/3-e1488919471801.jpg?fit=1000%2C600&ssl=1","datePublished":"2017-03-07T04:00:00+00:00","dateModified":"2022-11-10T14:07:39+00:00","description":"Del 26 de febrero al 3 de marzo de 2017 se celebr\u00f3 en la Casa de Campo la 30\u00aa edici\u00f3n del Caribbean International Pro-Am II, con muchos golfistas de","breadcrumb":{"@id":"https:\/\/casadecampoliving.com\/es\/30o-torneo-anual-de-golf-caribbean-international-pro-am-ii\/#breadcrumb"},"inLanguage":"es","potentialAction":[{"@type":"ReadAction","target":["https:\/\/casadecampoliving.com\/es\/30o-torneo-anual-de-golf-caribbean-international-pro-am-ii\/"]}]},{"@type":"ImageObject","inLanguage":"es","@id":"https:\/\/casadecampoliving.com\/es\/30o-torneo-anual-de-golf-caribbean-international-pro-am-ii\/#primaryimage","url":"https:\/\/i0.wp.com\/casadecampoliving.com\/wp-content\/uploads\/2022\/10\/3-e1488919471801.jpg?fit=1000%2C600&ssl=1","contentUrl":"https:\/\/i0.wp.com\/casadecampoliving.com\/wp-content\/uploads\/2022\/10\/3-e1488919471801.jpg?fit=1000%2C600&ssl=1","width":1000,"height":600,"caption":"30th annual Caribbean International Pro-Am II"},{"@type":"BreadcrumbList","@id":"https:\/\/casadecampoliving.com\/es\/30o-torneo-anual-de-golf-caribbean-international-pro-am-ii\/#breadcrumb","itemListElement":[{"@type":"ListItem","position":1,"name":"Home","item":"https:\/\/casadecampoliving.com\/es\/"},{"@type":"ListItem","position":2,"name":"El 30\u00ba torneo anual de golf Caribbean International Pro-Am II cerr\u00f3 la serie Casa de Campo ProAm de este a\u00f1o"}]},{"@type":"WebSite","@id":"https:\/\/casadecampoliving.com\/es\/#website","url":"https:\/\/casadecampoliving.com\/es\/","name":"Casa de Campo Living","description":"Resort community news and resources.","publisher":{"@id":"https:\/\/casadecampoliving.com\/es\/#organization"},"potentialAction":[{"@type":"SearchAction","target":{"@type":"EntryPoint","urlTemplate":"https:\/\/casadecampoliving.com\/es\/?s={search_term_string}"},"query-input":{"@type":"PropertyValueSpecification","valueRequired":true,"valueName":"search_term_string"}}],"inLanguage":"es"},{"@type":"Organization","@id":"https:\/\/casadecampoliving.com\/es\/#organization","name":"Casa de Campo Living","url":"https:\/\/casadecampoliving.com\/es\/","logo":{"@type":"ImageObject","inLanguage":"es","@id":"https:\/\/casadecampoliving.com\/es\/#\/schema\/logo\/image\/","url":"https:\/\/i0.wp.com\/casadecampoliving.com\/wp-content\/uploads\/2022\/07\/CDCLivingLogo_V1-white-sized.png?fit=800%2C214&ssl=1","contentUrl":"https:\/\/i0.wp.com\/casadecampoliving.com\/wp-content\/uploads\/2022\/07\/CDCLivingLogo_V1-white-sized.png?fit=800%2C214&ssl=1","width":800,"height":214,"caption":"Casa de Campo Living"},"image":{"@id":"https:\/\/casadecampoliving.com\/es\/#\/schema\/logo\/image\/"},"sameAs":["https:\/\/www.facebook.com\/casadecampoliving","https:\/\/x.com\/cdcliving"]},{"@type":"Person","@id":"https:\/\/casadecampoliving.com\/es\/#\/schema\/person\/b6606bd87f9cec8f5903e2141cafda24","name":"Marlenys Guzm\u00e1n Casta\u00f1os","image":{"@type":"ImageObject","inLanguage":"es","@id":"https:\/\/secure.gravatar.com\/avatar\/72f3f86b8e6b3ec744201aeadf11d4a6055e8af194aecd9ad30ffff4437878ee?s=96&d=mm&r=g","url":"https:\/\/secure.gravatar.com\/avatar\/72f3f86b8e6b3ec744201aeadf11d4a6055e8af194aecd9ad30ffff4437878ee?s=96&d=mm&r=g","contentUrl":"https:\/\/secure.gravatar.com\/avatar\/72f3f86b8e6b3ec744201aeadf11d4a6055e8af194aecd9ad30ffff4437878ee?s=96&d=mm&r=g","caption":"Marlenys Guzm\u00e1n Casta\u00f1os"},"url":"https:\/\/casadecampoliving.com\/es\/author\/mguzman\/"}]}},"parsely":{"version":"1.1.0","canonical_url":"https:\/\/casadecampoliving.com\/es\/30o-torneo-anual-de-golf-caribbean-international-pro-am-ii\/","smart_links":{"inbound":0,"outbound":0},"traffic_boost_suggestions_count":0,"meta":{"@context":"https:\/\/schema.org","@type":"NewsArticle","headline":"El 30\u00ba torneo anual de golf Caribbean International Pro-Am II cerr\u00f3 la serie Casa de Campo ProAm de este a\u00f1o","url":"http:\/\/casadecampoliving.com\/es\/30o-torneo-anual-de-golf-caribbean-international-pro-am-ii\/","mainEntityOfPage":{"@type":"WebPage","@id":"http:\/\/casadecampoliving.com\/es\/30o-torneo-anual-de-golf-caribbean-international-pro-am-ii\/"},"thumbnailUrl":"https:\/\/i0.wp.com\/casadecampoliving.com\/wp-content\/uploads\/2022\/10\/3-e1488919471801.jpg?resize=150%2C150&ssl=1","image":{"@type":"ImageObject","url":"https:\/\/i0.wp.com\/casadecampoliving.com\/wp-content\/uploads\/2022\/10\/3-e1488919471801.jpg?fit=1000%2C600&ssl=1"},"articleSection":"Deportes","author":[{"@type":"Person","name":"Marlenys Guzm\u00e1n Casta\u00f1os"}],"creator":["Marlenys Guzm\u00e1n Casta\u00f1os"],"publisher":{"@type":"Organization","name":"Casa de Campo Living","logo":"https:\/\/casadecampoliving.com\/wp-content\/uploads\/2022\/07\/CDCLivingLogo_V1-white-sized.png"},"keywords":["casa de campo golf @es","ganadores","golf","internacional","jugadores","marina casa de campo @es","proam"],"dateCreated":"2017-03-07T04:00:00Z","datePublished":"2017-03-07T04:00:00Z","dateModified":"2022-11-10T14:07:39Z"},"rendered":"<script type=\"application\/ld+json\" class=\"wp-parsely-metadata\">{\"@context\":\"https:\\\/\\\/schema.org\",\"@type\":\"NewsArticle\",\"headline\":\"El 30\\u00ba torneo anual de golf Caribbean International Pro-Am II cerr\\u00f3 la serie Casa de Campo ProAm de este a\\u00f1o\",\"url\":\"http:\\\/\\\/casadecampoliving.com\\\/es\\\/30o-torneo-anual-de-golf-caribbean-international-pro-am-ii\\\/\",\"mainEntityOfPage\":{\"@type\":\"WebPage\",\"@id\":\"http:\\\/\\\/casadecampoliving.com\\\/es\\\/30o-torneo-anual-de-golf-caribbean-international-pro-am-ii\\\/\"},\"thumbnailUrl\":\"https:\\\/\\\/i0.wp.com\\\/casadecampoliving.com\\\/wp-content\\\/uploads\\\/2022\\\/10\\\/3-e1488919471801.jpg?resize=150%2C150&ssl=1\",\"image\":{\"@type\":\"ImageObject\",\"url\":\"https:\\\/\\\/i0.wp.com\\\/casadecampoliving.com\\\/wp-content\\\/uploads\\\/2022\\\/10\\\/3-e1488919471801.jpg?fit=1000%2C600&ssl=1\"},\"articleSection\":\"Deportes\",\"author\":[{\"@type\":\"Person\",\"name\":\"Marlenys Guzm\\u00e1n Casta\\u00f1os\"}],\"creator\":[\"Marlenys Guzm\\u00e1n Casta\\u00f1os\"],\"publisher\":{\"@type\":\"Organization\",\"name\":\"Casa de Campo Living\",\"logo\":\"https:\\\/\\\/casadecampoliving.com\\\/wp-content\\\/uploads\\\/2022\\\/07\\\/CDCLivingLogo_V1-white-sized.png\"},\"keywords\":[\"casa de campo golf @es\",\"ganadores\",\"golf\",\"internacional\",\"jugadores\",\"marina casa de campo @es\",\"proam\"],\"dateCreated\":\"2017-03-07T04:00:00Z\",\"datePublished\":\"2017-03-07T04:00:00Z\",\"dateModified\":\"2022-11-10T14:07:39Z\"}<\/script>","tracker_url":"https:\/\/cdn.parsely.com\/keys\/casadecampoliving.com\/p.js"},"jetpack_publicize_connections":[],"jetpack_featured_media_url":"https:\/\/i0.wp.com\/casadecampoliving.com\/wp-content\/uploads\/2022\/10\/3-e1488919471801.jpg?fit=1000%2C600&ssl=1","jetpack-related-posts":[{"id":348817,"url":"https:\/\/casadecampoliving.com\/es\/proximos-torneos-de-golf-en-casa-de-campo-enero-marzo\/","url_meta":{"origin":351216,"position":0},"title":"Pr\u00f3ximos torneos de golf en Casa de Campo, Enero-Marzo","author":"Perkin Agramonte","date":"15 Dic, 2015","format":false,"excerpt":"\u00a1El golf nunca se detiene en Casa de Campo y eso nos encanta! Con un nuevo y moderno campo de pr\u00e1cticas y todos los campos en perfectas condiciones, el resort Casa de Campo est\u00e1 listo para alojar todos los torneos de golf que trae consigo el a\u00f1o 2016. El primero\u2026","rel":"","context":"En \u00abCasa de Campo Living @es\u00bb","block_context":{"text":"Casa de Campo Living @es","link":"https:\/\/casadecampoliving.com\/category\/casa-de-campo-living-es\/"},"img":{"alt_text":"","src":"https:\/\/i0.wp.com\/casadecampoliving.com\/wp-content\/uploads\/2022\/10\/Golf_Tournaments-1.jpg?fit=800%2C533&ssl=1&resize=350%2C200","width":350,"height":200,"srcset":"https:\/\/i0.wp.com\/casadecampoliving.com\/wp-content\/uploads\/2022\/10\/Golf_Tournaments-1.jpg?fit=800%2C533&ssl=1&resize=350%2C200 1x, https:\/\/i0.wp.com\/casadecampoliving.com\/wp-content\/uploads\/2022\/10\/Golf_Tournaments-1.jpg?fit=800%2C533&ssl=1&resize=525%2C300 1.5x, https:\/\/i0.wp.com\/casadecampoliving.com\/wp-content\/uploads\/2022\/10\/Golf_Tournaments-1.jpg?fit=800%2C533&ssl=1&resize=700%2C400 2x"},"classes":[]},{"id":349156,"url":"https:\/\/casadecampoliving.com\/es\/resultados-de-la-42o-edicion-anual-del-casa-de-campo-international-pro-am\/","url_meta":{"origin":351216,"position":1},"title":"Resultados de la 42\u00ba edici\u00f3n anual del Casa de Campo International Pro-Am","author":"Perkin Agramonte","date":"9 Feb, 2016","format":false,"excerpt":"Del 19 al 24 del mes de enero, celebramos la 42\u00ba edici\u00f3n de un torneo muy legendario en nuestro resort, el Casa de Campo Pro Am, jugado en el campo de golf m\u00e1s iconico y desafiante del Caribe, el Teeth of the Dog. Este evento marc\u00f3 el inicio de la\u2026","rel":"","context":"En \u00abCasa de Campo Living @es\u00bb","block_context":{"text":"Casa de Campo Living @es","link":"https:\/\/casadecampoliving.com\/category\/casa-de-campo-living-es\/"},"img":{"alt_text":"","src":"https:\/\/i0.wp.com\/casadecampoliving.com\/wp-content\/uploads\/2022\/10\/image11-e1455042408991-rotated.jpg?fit=660%2C1200&ssl=1&resize=350%2C200","width":350,"height":200,"srcset":"https:\/\/i0.wp.com\/casadecampoliving.com\/wp-content\/uploads\/2022\/10\/image11-e1455042408991-rotated.jpg?fit=660%2C1200&ssl=1&resize=350%2C200 1x, https:\/\/i0.wp.com\/casadecampoliving.com\/wp-content\/uploads\/2022\/10\/image11-e1455042408991-rotated.jpg?fit=660%2C1200&ssl=1&resize=525%2C300 1.5x"},"classes":[]},{"id":351065,"url":"https:\/\/casadecampoliving.com\/es\/el-caribbean-international-proam-celebro-su-33ra-edicion-casa-de-campo\/","url_meta":{"origin":351216,"position":2},"title":"El Caribbean International ProAm celebr\u00f3 su 33ra edici\u00f3n en Casa de Campo","author":"Casa de Campo Resort","date":"25 Ene, 2017","format":false,"excerpt":"Casa de Campo Resort fue el escenario del trig\u00e9simo tercero edici\u00f3n del Caribbean International Proam desde el 10 al 15 de enero en los galardonado campos de golf Teeth of the Dog, Dye Fore y The Links, todos dise\u00f1ados por el famoso arquitecto Pete Dye. El torneo fue realizado en\u2026","rel":"","context":"En \u00abDeportes\u00bb","block_context":{"text":"Deportes","link":"https:\/\/casadecampoliving.com\/es\/category\/golf-deportes-es\/"},"img":{"alt_text":"","src":"https:\/\/i0.wp.com\/casadecampoliving.com\/wp-content\/uploads\/2022\/10\/42-3.jpg?fit=1000%2C499&ssl=1&resize=350%2C200","width":350,"height":200,"srcset":"https:\/\/i0.wp.com\/casadecampoliving.com\/wp-content\/uploads\/2022\/10\/42-3.jpg?fit=1000%2C499&ssl=1&resize=350%2C200 1x, https:\/\/i0.wp.com\/casadecampoliving.com\/wp-content\/uploads\/2022\/10\/42-3.jpg?fit=1000%2C499&ssl=1&resize=525%2C300 1.5x, https:\/\/i0.wp.com\/casadecampoliving.com\/wp-content\/uploads\/2022\/10\/42-3.jpg?fit=1000%2C499&ssl=1&resize=700%2C400 2x"},"classes":[]},{"id":353180,"url":"https:\/\/casadecampoliving.com\/es\/casa-de-campo-golf-upcoming-tournaments-2019\/","url_meta":{"origin":351216,"position":3},"title":"Casa de Campo Golf: Pr\u00f3ximos torneos 2019","author":"Casa de Campo Living","date":"1 Feb, 2019","format":false,"excerpt":"El golf nunca se detiene en Casa de Campo, \u00a1y as\u00ed nos gusta! Con un nuevo y moderno centro de aprendizaje y todos los campos de golf en perfectas condiciones, el complejo Casa de Campo est\u00e1 listo para albergar los torneos de golf que se realizar\u00e1n en 2019. Hace apenas\u2026","rel":"","context":"En \u00abDeportes\u00bb","block_context":{"text":"Deportes","link":"https:\/\/casadecampoliving.com\/es\/category\/golf-deportes-es\/"},"img":{"alt_text":"","src":"https:\/\/i0.wp.com\/casadecampoliving.com\/wp-content\/uploads\/2022\/10\/24400336586_f0f0b7062d_o-1.jpg?fit=1000%2C665&ssl=1&resize=350%2C200","width":350,"height":200,"srcset":"https:\/\/i0.wp.com\/casadecampoliving.com\/wp-content\/uploads\/2022\/10\/24400336586_f0f0b7062d_o-1.jpg?fit=1000%2C665&ssl=1&resize=350%2C200 1x, https:\/\/i0.wp.com\/casadecampoliving.com\/wp-content\/uploads\/2022\/10\/24400336586_f0f0b7062d_o-1.jpg?fit=1000%2C665&ssl=1&resize=525%2C300 1.5x, https:\/\/i0.wp.com\/casadecampoliving.com\/wp-content\/uploads\/2022\/10\/24400336586_f0f0b7062d_o-1.jpg?fit=1000%2C665&ssl=1&resize=700%2C400 2x"},"classes":[]},{"id":354286,"url":"https:\/\/casadecampoliving.com\/es\/juegos-de-golf-en-abundancia-proximos-torneos-de-golf-en-casa-de-campo\/","url_meta":{"origin":351216,"position":4},"title":"\u00a1Juegos de golf en abundancia! Pr\u00f3ximos torneos de golf en Casa de Campo","author":"Casa de Campo Living","date":"10 Feb, 2022","format":false,"excerpt":"\u00a1Casa de Campo es el lugar de destino para los golfistas con m\u00faltiples campos hermosos repartidos por todo el complejo que atraen a jugadores de todo el mundo! M\u00e1s recientemente, el resort celebr\u00f3 el 47\u00b0 ProAm Internacional del Caribe y la s\u00e9ptima edici\u00f3n del Campeonato Latinoamericano de Aficionados (LAAC) que\u2026","rel":"","context":"En \u00abCasa de Campo Living @es\u00bb","block_context":{"text":"Casa de Campo Living @es","link":"https:\/\/casadecampoliving.com\/category\/casa-de-campo-living-es\/"},"img":{"alt_text":"","src":"https:\/\/i0.wp.com\/casadecampoliving.com\/wp-content\/uploads\/2022\/10\/21-Golf_-Teeth-of-the-Dog_-Golfer2-copy-1.jpg?fit=1000%2C602&ssl=1&resize=350%2C200","width":350,"height":200,"srcset":"https:\/\/i0.wp.com\/casadecampoliving.com\/wp-content\/uploads\/2022\/10\/21-Golf_-Teeth-of-the-Dog_-Golfer2-copy-1.jpg?fit=1000%2C602&ssl=1&resize=350%2C200 1x, https:\/\/i0.wp.com\/casadecampoliving.com\/wp-content\/uploads\/2022\/10\/21-Golf_-Teeth-of-the-Dog_-Golfer2-copy-1.jpg?fit=1000%2C602&ssl=1&resize=525%2C300 1.5x, https:\/\/i0.wp.com\/casadecampoliving.com\/wp-content\/uploads\/2022\/10\/21-Golf_-Teeth-of-the-Dog_-Golfer2-copy-1.jpg?fit=1000%2C602&ssl=1&resize=700%2C400 2x"},"classes":[]},{"id":352028,"url":"https:\/\/casadecampoliving.com\/es\/estan-listos-aun-queda-mucho-golf-por-jugar-en-casa-de-campo\/","url_meta":{"origin":351216,"position":5},"title":"\u00bfEst\u00e1n listos? \u00a1A\u00fan queda mucho golf por jugar en Casa de Campo!","author":"Marlenys Guzm\u00e1n Casta\u00f1os","date":"27 Sep, 2017","format":false,"excerpt":"\u00a1Atenci\u00f3n golfistas! Casa de Campo, con sus exquisitos y desafiantes campos de golf dise\u00f1ados por Pete Dye, uno de los arquitectos de golf m\u00e1s influyentes del mundo en los \u00faltimos 60 a\u00f1os, hace del complejo un refugio de golf inolvidable para los entusiastas del golf que nos visitan desde todo\u2026","rel":"","context":"En \u00abDeportes\u00bb","block_context":{"text":"Deportes","link":"https:\/\/casadecampoliving.com\/es\/category\/golf-deportes-es\/"},"img":{"alt_text":"","src":"https:\/\/i0.wp.com\/casadecampoliving.com\/wp-content\/uploads\/2022\/10\/Teeth-of-The-Dog-18.jpg?fit=1000%2C599&ssl=1&resize=350%2C200","width":350,"height":200,"srcset":"https:\/\/i0.wp.com\/casadecampoliving.com\/wp-content\/uploads\/2022\/10\/Teeth-of-The-Dog-18.jpg?fit=1000%2C599&ssl=1&resize=350%2C200 1x, https:\/\/i0.wp.com\/casadecampoliving.com\/wp-content\/uploads\/2022\/10\/Teeth-of-The-Dog-18.jpg?fit=1000%2C599&ssl=1&resize=525%2C300 1.5x, https:\/\/i0.wp.com\/casadecampoliving.com\/wp-content\/uploads\/2022\/10\/Teeth-of-The-Dog-18.jpg?fit=1000%2C599&ssl=1&resize=700%2C400 2x"},"classes":[]}],"jetpack_sharing_enabled":true,"_links":{"self":[{"href":"https:\/\/casadecampoliving.com\/es\/wp-json\/wp\/v2\/posts\/351216","targetHints":{"allow":["GET"]}}],"collection":[{"href":"https:\/\/casadecampoliving.com\/es\/wp-json\/wp\/v2\/posts"}],"about":[{"href":"https:\/\/casadecampoliving.com\/es\/wp-json\/wp\/v2\/types\/post"}],"author":[{"embeddable":true,"href":"https:\/\/casadecampoliving.com\/es\/wp-json\/wp\/v2\/users\/36682"}],"replies":[{"embeddable":true,"href":"https:\/\/casadecampoliving.com\/es\/wp-json\/wp\/v2\/comments?post=351216"}],"version-history":[{"count":1,"href":"https:\/\/casadecampoliving.com\/es\/wp-json\/wp\/v2\/posts\/351216\/revisions"}],"predecessor-version":[{"id":351217,"href":"https:\/\/casadecampoliving.com\/es\/wp-json\/wp\/v2\/posts\/351216\/revisions\/351217"}],"wp:featuredmedia":[{"embeddable":true,"href":"https:\/\/casadecampoliving.com\/es\/wp-json\/wp\/v2\/media\/281372"}],"wp:attachment":[{"href":"https:\/\/casadecampoliving.com\/es\/wp-json\/wp\/v2\/media?parent=351216"}],"wp:term":[{"taxonomy":"category","embeddable":true,"href":"https:\/\/casadecampoliving.com\/es\/wp-json\/wp\/v2\/categories?post=351216"},{"taxonomy":"post_tag","embeddable":true,"href":"https:\/\/casadecampoliving.com\/es\/wp-json\/wp\/v2\/tags?post=351216"},{"taxonomy":"newspack_spnsrs_tax","embeddable":true,"href":"https:\/\/casadecampoliving.com\/es\/wp-json\/wp\/v2\/newspack_spnsrs_tax?post=351216"}],"curies":[{"name":"wp","href":"https:\/\/api.w.org\/{rel}","templated":true}]}}