{"id":351204,"date":"2017-03-03T00:00:00","date_gmt":"2017-03-03T04:00:00","guid":{"rendered":"https:\/\/casadecampoliving.com\/la-veda-anual-de-la-langosta-2017-esta-en-efecto\/"},"modified":"2022-10-21T19:08:07","modified_gmt":"2022-10-21T23:08:07","slug":"la-veda-anual-de-la-langosta-2017-esta-en-efecto","status":"publish","type":"post","link":"https:\/\/casadecampoliving.com\/es\/la-veda-anual-de-la-langosta-2017-esta-en-efecto\/","title":{"rendered":"Comenz\u00f3 la veda anual de la langosta&#8230; \u00a1Diga NO al consumo y a la pesca de la langosta!"},"content":{"rendered":"\n<p>Ya estamos en esa \u00e9poca del a\u00f1o otra vez\u2026 La Rep\u00fablica Dominicana, junto con otros pa\u00edses del Caribe y Centroam\u00e9rica, ha prohibido a sus residentes y visitantes la pesca y la venta de langostas \u00a1desde el 1 de marzo hasta el 30 de junio! Es por eso que cuando est\u00e9s en un barco, en la playa o en un restaurante \u2013 no consumas langosta, \u00a1incluso si la tienen disponible!<br>\n<\/p>\n\n\n\n<!--more-->\n\n\n\n<p>En los a\u00f1os anteriores, esta prohibici\u00f3n se ha centrado principalmente en la <strong>pesca<\/strong> de la langosta, pero como la veda en realidad proh\u00edbe la<em><strong>\u201ccaptura, procesamiento, posesi\u00f3n y comercializaci\u00f3n\u201d<\/strong><\/em>, restaurantes y operadores tur\u00edsticos que almacenaron langostas para su uso durante esta prohibici\u00f3n ya no son capaces de hacer esto\u2026 lo que significa, esencialmente, que la langosta no debe estar disponible para el consumo.&nbsp;Es triste decirlo, pero muchos restaurantes de la isla aun siguen vendiendo langosta durante esta temporada. Debido a una combinaci\u00f3n de factores, entre ellos la pesca excesiva y la caza furtiva, las langostas del Caribe necesitan tiempo para repoblar, raz\u00f3n por la cual no las pescamos ni las compramos durante su temporada de apareamiento.<\/p>\n\n\n<div class=\"wp-block-image\">\n<figure class=\"aligncenter is-resized\"><img loading=\"lazy\" decoding=\"async\" src=\"https:\/\/i0.wp.com\/casadecampoliving.com\/wp-content\/uploads\/2022\/10\/Spiny_Lobster.jpg?resize=600%2C400&amp;ssl=1\" alt=\"Spiny_Lobster\" class=\"wp-image-109597\" height=\"400\" width=\"600\"\/><\/figure>\n<\/div>\n\n\n<p><\/p>\n\n\n\n<p>La veda se realiza para preservar esta especie, es el octavo a\u00f1o consecutivo en que se ha implementado la veda en la Rep\u00fablica Dominicana, Belice, Costa Rica, Guatemala, Honduras, Nicaragua Panam\u00e1, y el Sistema de Integraci\u00f3n Centroamericana (SICA) \u2013 Todos estos pa\u00edses firmaron un tratado con el Sector de Pesca y Acuicultura (OSPESCA), una organizaci\u00f3n con sede en Honduras que tiene como objetivo sensibilizar a los pa\u00edses centroamericanos sobre la protecci\u00f3n de esta especie.<\/p>\n\n\n\n<p>Todos los supermercados, restaurantes y pesquer\u00edas est\u00e1n obligados por CODOPESCA (Consejo Dominicano de Pesca y Acuicultura) a abstenerse de cazar, comprar, vender o servir a estas especies durante este per\u00edodo e informar de lo que tienen en inventario dentro de los primeros 10 d\u00edas h\u00e1biles desde el inicio de la prohibici\u00f3n (1 de marzo). Una vez CODOPESCA ha verificado e informado de lo que los restaurantes tienen en stock, tienen 20 d\u00edas para consumirlos, venderlos o descartarlos.<\/p>\n\n\n<div class=\"wp-block-image\">\n<figure class=\"aligncenter is-resized\"><img loading=\"lazy\" decoding=\"async\" src=\"https:\/\/i0.wp.com\/casadecampoliving.com\/wp-content\/uploads\/2022\/10\/lobster_dominican_republic1.jpg?resize=650%2C365&amp;ssl=1\" alt=\"lobster dominican republic\" class=\"wp-image-47261\" height=\"365\" width=\"650\"\/><\/figure>\n<\/div>\n\n\n<p><\/p>\n\n\n\n<p>Animamos a todos a que pongan de su parte y se abstengan de comprar langostas, comer en restaurantes o apoyar establecimientos que s\u00ed lo hacen. En \u00faltima instancia, es la responsabilidad de todos nosotros proteger a las langostas para que puedan reproducirse y podamos tener deliciosas langostas frescas en los pr\u00f3ximos a\u00f1os. \u00bfQu\u00e9 son unos meses sin comer langosta de todos modos?<\/p>\n\n\n\n<blockquote><h3>SOBRE LA VEDA DE LANGOSTA<\/h3><p style=\"text-align: justify;\"><strong>Cu\u00e1ndo:&nbsp;<\/strong>1ro de marzo \u2013 30 de junio<\/p><p style=\"text-align: justify;\"><strong>Qu\u00e9:<\/strong>&nbsp;Cada a\u00f1o, la captura, procesamiento, la carne o la posesi\u00f3n de masa y la comercializaci\u00f3n de la langosta espinosa, langosta pinta, langosta de piedra y mam\u00e1 langosta est\u00e1n prohibidos.<\/p><p style=\"text-align: justify;\">La primera veda de langosta aplicada en los pa\u00edses situados en el Caribe y Am\u00e9rica Central fue en 2010, basado en un reglamento firmado por los gobiernos de los pa\u00edses de la regi\u00f3n el 21 de mayo del a\u00f1o anterior (2009). &nbsp;La veda no s\u00f3lo contribuye a la preservaci\u00f3n de las especies, sino que tambi\u00e9n ayuda a mejorar su calidad para la exportaci\u00f3n. Cualquier persona que sea sorprendida no respetando la veda podr\u00eda recibir una multa de hasta US$50,000, as\u00ed como penas de c\u00e1rcel de hasta 10 a\u00f1os. As\u00ed que por favor recuerde que no debe pescar o comprar langostas frescas en cualquiera de los centros de mariscos o playas como una forma de protegerlas.<\/p><\/blockquote>\n","protected":false},"excerpt":{"rendered":"<p>Ya estamos en esa \u00e9poca del a\u00f1o otra vez\u2026 La Rep\u00fablica Dominicana, junto con otros pa\u00edses del Caribe y Centroam\u00e9rica, ha prohibido a sus residentes y visitantes la pesca y la venta de langostas \u00a1desde el 1 de marzo hasta el 30 de junio! Es por eso que cuando est\u00e9s en un barco, en la [&hellip;]<\/p>\n","protected":false},"author":36682,"featured_media":280933,"comment_status":"closed","ping_status":"closed","sticky":false,"template":"","format":"standard","meta":{"newspack_ads_suppress_ads":false,"newspack_popups_has_disabled_popups":false,"newspack_sponsor_sponsorship_scope":"","newspack_sponsor_native_byline_display":"inherit","newspack_sponsor_native_category_display":"inherit","newspack_sponsor_underwriter_style":"inherit","newspack_sponsor_underwriter_placement":"inherit","_newspack_byline_active":false,"_newspack_byline":"","newspack_hide_updated_date":false,"newspack_show_updated_date":false,"newspack_content_restriction_is_exempt":false,"newspack_featured_image_position":"","newspack_post_subtitle":"","newspack_article_summary_title":"Overview:","newspack_article_summary":"","_jetpack_memberships_contains_paid_content":false,"footnotes":"","jetpack_publicize_message":"","jetpack_publicize_feature_enabled":true,"jetpack_social_post_already_shared":false,"jetpack_social_options":{"image_generator_settings":{"template":"highway","default_image_id":0,"font":"","enabled":false},"version":2},"_wpas_customize_per_network":false},"categories":[14629,14631,2522,2506,14625,2521,2520],"tags":[16049,12141,4635,16048],"newspack_spnsrs_tax":[],"class_list":["post-351204","post","type-post","status-publish","format-standard","has-post-thumbnail","hentry","category-comidas-bebidas","category-estilo-de-vida","category-eventos-es","category-mas-alla-de-casa-es","category-noticias-locales","category-republica-dominicana-2","category-restaurantes-es","tag-especie-en-extincion","tag-langosta","tag-pesca","tag-veda-a-langostas","entry"],"yoast_head":"<!-- This site is optimized with the Yoast SEO plugin v27.5 - https:\/\/yoast.com\/product\/yoast-seo-wordpress\/ -->\n<title>Comenz\u00f3 la veda anual de la langosta... \u00a1Diga NO al consumo y a la pesca de la langosta! | Casa de Campo Living<\/title>\n<meta name=\"description\" content=\"Ya estamos en esa \u00e9poca del a\u00f1o otra vez\u2026 La Rep\u00fablica Dominicana, junto con otros pa\u00edses del Caribe y Centroam\u00e9rica, ha prohibido a sus residentes y\" \/>\n<meta name=\"robots\" content=\"index, follow, max-snippet:-1, max-image-preview:large, max-video-preview:-1\" \/>\n<link rel=\"canonical\" href=\"https:\/\/casadecampoliving.com\/es\/la-veda-anual-de-la-langosta-2017-esta-en-efecto\/\" \/>\n<meta property=\"og:locale\" content=\"es_ES\" \/>\n<meta property=\"og:type\" content=\"article\" \/>\n<meta property=\"og:title\" content=\"Comenz\u00f3 la veda anual de la langosta... \u00a1Diga NO al consumo y a la pesca de la langosta! | Casa de Campo Living\" \/>\n<meta property=\"og:description\" content=\"Ya estamos en esa \u00e9poca del a\u00f1o otra vez\u2026 La Rep\u00fablica Dominicana, junto con otros pa\u00edses del Caribe y Centroam\u00e9rica, ha prohibido a sus residentes y\" \/>\n<meta property=\"og:url\" content=\"https:\/\/casadecampoliving.com\/es\/la-veda-anual-de-la-langosta-2017-esta-en-efecto\/\" \/>\n<meta property=\"og:site_name\" content=\"Casa de Campo Living\" \/>\n<meta property=\"article:publisher\" content=\"https:\/\/www.facebook.com\/casadecampoliving\" \/>\n<meta property=\"article:published_time\" content=\"2017-03-03T04:00:00+00:00\" \/>\n<meta property=\"article:modified_time\" content=\"2022-10-21T23:08:07+00:00\" \/>\n<meta property=\"og:image\" content=\"https:\/\/i0.wp.com\/casadecampoliving.com\/wp-content\/uploads\/2022\/10\/Fishers-Lobster-Ban.jpg?fit=1000%2C600&ssl=1\" \/>\n\t<meta property=\"og:image:width\" content=\"1000\" \/>\n\t<meta property=\"og:image:height\" content=\"600\" \/>\n\t<meta property=\"og:image:type\" content=\"image\/jpeg\" \/>\n<meta name=\"author\" content=\"Marlenys Guzm\u00e1n Casta\u00f1os\" \/>\n<meta name=\"twitter:card\" content=\"summary_large_image\" \/>\n<meta name=\"twitter:creator\" content=\"@cdcliving\" \/>\n<meta name=\"twitter:site\" content=\"@cdcliving\" \/>\n<meta name=\"twitter:label1\" content=\"Escrito por\" \/>\n\t<meta name=\"twitter:data1\" content=\"Marlenys Guzm\u00e1n Casta\u00f1os\" \/>\n\t<meta name=\"twitter:label2\" content=\"Tiempo de lectura\" \/>\n\t<meta name=\"twitter:data2\" content=\"3 minutos\" \/>\n<script type=\"application\/ld+json\" class=\"yoast-schema-graph\">{\"@context\":\"https:\\\/\\\/schema.org\",\"@graph\":[{\"@type\":\"Article\",\"@id\":\"https:\\\/\\\/casadecampoliving.com\\\/es\\\/la-veda-anual-de-la-langosta-2017-esta-en-efecto\\\/#article\",\"isPartOf\":{\"@id\":\"https:\\\/\\\/casadecampoliving.com\\\/es\\\/la-veda-anual-de-la-langosta-2017-esta-en-efecto\\\/\"},\"author\":{\"name\":\"Marlenys Guzm\u00e1n Casta\u00f1os\",\"@id\":\"https:\\\/\\\/casadecampoliving.com\\\/es\\\/#\\\/schema\\\/person\\\/b6606bd87f9cec8f5903e2141cafda24\"},\"headline\":\"Comenz\u00f3 la veda anual de la langosta&#8230; \u00a1Diga NO al consumo y a la pesca de la langosta!\",\"datePublished\":\"2017-03-03T04:00:00+00:00\",\"dateModified\":\"2022-10-21T23:08:07+00:00\",\"mainEntityOfPage\":{\"@id\":\"https:\\\/\\\/casadecampoliving.com\\\/es\\\/la-veda-anual-de-la-langosta-2017-esta-en-efecto\\\/\"},\"wordCount\":613,\"publisher\":{\"@id\":\"https:\\\/\\\/casadecampoliving.com\\\/es\\\/#organization\"},\"image\":{\"@id\":\"https:\\\/\\\/casadecampoliving.com\\\/es\\\/la-veda-anual-de-la-langosta-2017-esta-en-efecto\\\/#primaryimage\"},\"thumbnailUrl\":\"https:\\\/\\\/i0.wp.com\\\/casadecampoliving.com\\\/wp-content\\\/uploads\\\/2022\\\/10\\\/Fishers-Lobster-Ban.jpg?fit=1000%2C600&ssl=1\",\"keywords\":[\"Especie en extinci\u00f3n\",\"Langosta\",\"pesca\",\"Veda a Langostas\"],\"articleSection\":[\"Comidas &amp; Bebidas\",\"Estilo de Vida\",\"Eventos\",\"M\u00e1s all\u00e1 de Casa\",\"Noticias Locales\",\"Rep\u00fablica Dominicana @es\",\"Restaurantes\"],\"inLanguage\":\"es\"},{\"@type\":\"WebPage\",\"@id\":\"https:\\\/\\\/casadecampoliving.com\\\/es\\\/la-veda-anual-de-la-langosta-2017-esta-en-efecto\\\/\",\"url\":\"https:\\\/\\\/casadecampoliving.com\\\/es\\\/la-veda-anual-de-la-langosta-2017-esta-en-efecto\\\/\",\"name\":\"Comenz\u00f3 la veda anual de la langosta... \u00a1Diga NO al consumo y a la pesca de la langosta! | Casa de Campo Living\",\"isPartOf\":{\"@id\":\"https:\\\/\\\/casadecampoliving.com\\\/es\\\/#website\"},\"primaryImageOfPage\":{\"@id\":\"https:\\\/\\\/casadecampoliving.com\\\/es\\\/la-veda-anual-de-la-langosta-2017-esta-en-efecto\\\/#primaryimage\"},\"image\":{\"@id\":\"https:\\\/\\\/casadecampoliving.com\\\/es\\\/la-veda-anual-de-la-langosta-2017-esta-en-efecto\\\/#primaryimage\"},\"thumbnailUrl\":\"https:\\\/\\\/i0.wp.com\\\/casadecampoliving.com\\\/wp-content\\\/uploads\\\/2022\\\/10\\\/Fishers-Lobster-Ban.jpg?fit=1000%2C600&ssl=1\",\"datePublished\":\"2017-03-03T04:00:00+00:00\",\"dateModified\":\"2022-10-21T23:08:07+00:00\",\"description\":\"Ya estamos en esa \u00e9poca del a\u00f1o otra vez\u2026 La Rep\u00fablica Dominicana, junto con otros pa\u00edses del Caribe y Centroam\u00e9rica, ha prohibido a sus residentes y\",\"breadcrumb\":{\"@id\":\"https:\\\/\\\/casadecampoliving.com\\\/es\\\/la-veda-anual-de-la-langosta-2017-esta-en-efecto\\\/#breadcrumb\"},\"inLanguage\":\"es\",\"potentialAction\":[{\"@type\":\"ReadAction\",\"target\":[\"https:\\\/\\\/casadecampoliving.com\\\/es\\\/la-veda-anual-de-la-langosta-2017-esta-en-efecto\\\/\"]}]},{\"@type\":\"ImageObject\",\"inLanguage\":\"es\",\"@id\":\"https:\\\/\\\/casadecampoliving.com\\\/es\\\/la-veda-anual-de-la-langosta-2017-esta-en-efecto\\\/#primaryimage\",\"url\":\"https:\\\/\\\/i0.wp.com\\\/casadecampoliving.com\\\/wp-content\\\/uploads\\\/2022\\\/10\\\/Fishers-Lobster-Ban.jpg?fit=1000%2C600&ssl=1\",\"contentUrl\":\"https:\\\/\\\/i0.wp.com\\\/casadecampoliving.com\\\/wp-content\\\/uploads\\\/2022\\\/10\\\/Fishers-Lobster-Ban.jpg?fit=1000%2C600&ssl=1\",\"width\":1000,\"height\":600},{\"@type\":\"BreadcrumbList\",\"@id\":\"https:\\\/\\\/casadecampoliving.com\\\/es\\\/la-veda-anual-de-la-langosta-2017-esta-en-efecto\\\/#breadcrumb\",\"itemListElement\":[{\"@type\":\"ListItem\",\"position\":1,\"name\":\"Home\",\"item\":\"https:\\\/\\\/casadecampoliving.com\\\/es\\\/\"},{\"@type\":\"ListItem\",\"position\":2,\"name\":\"Comenz\u00f3 la veda anual de la langosta&#8230; \u00a1Diga NO al consumo y a la pesca de la langosta!\"}]},{\"@type\":\"WebSite\",\"@id\":\"https:\\\/\\\/casadecampoliving.com\\\/es\\\/#website\",\"url\":\"https:\\\/\\\/casadecampoliving.com\\\/es\\\/\",\"name\":\"Casa de Campo Living\",\"description\":\"Resort community news and resources.\",\"publisher\":{\"@id\":\"https:\\\/\\\/casadecampoliving.com\\\/es\\\/#organization\"},\"potentialAction\":[{\"@type\":\"SearchAction\",\"target\":{\"@type\":\"EntryPoint\",\"urlTemplate\":\"https:\\\/\\\/casadecampoliving.com\\\/es\\\/?s={search_term_string}\"},\"query-input\":{\"@type\":\"PropertyValueSpecification\",\"valueRequired\":true,\"valueName\":\"search_term_string\"}}],\"inLanguage\":\"es\"},{\"@type\":\"Organization\",\"@id\":\"https:\\\/\\\/casadecampoliving.com\\\/es\\\/#organization\",\"name\":\"Casa de Campo Living\",\"url\":\"https:\\\/\\\/casadecampoliving.com\\\/es\\\/\",\"logo\":{\"@type\":\"ImageObject\",\"inLanguage\":\"es\",\"@id\":\"https:\\\/\\\/casadecampoliving.com\\\/es\\\/#\\\/schema\\\/logo\\\/image\\\/\",\"url\":\"https:\\\/\\\/i0.wp.com\\\/casadecampoliving.com\\\/wp-content\\\/uploads\\\/2022\\\/07\\\/CDCLivingLogo_V1-white-sized.png?fit=800%2C214&ssl=1\",\"contentUrl\":\"https:\\\/\\\/i0.wp.com\\\/casadecampoliving.com\\\/wp-content\\\/uploads\\\/2022\\\/07\\\/CDCLivingLogo_V1-white-sized.png?fit=800%2C214&ssl=1\",\"width\":800,\"height\":214,\"caption\":\"Casa de Campo Living\"},\"image\":{\"@id\":\"https:\\\/\\\/casadecampoliving.com\\\/es\\\/#\\\/schema\\\/logo\\\/image\\\/\"},\"sameAs\":[\"https:\\\/\\\/www.facebook.com\\\/casadecampoliving\",\"https:\\\/\\\/x.com\\\/cdcliving\"]},{\"@type\":\"Person\",\"@id\":\"https:\\\/\\\/casadecampoliving.com\\\/es\\\/#\\\/schema\\\/person\\\/b6606bd87f9cec8f5903e2141cafda24\",\"name\":\"Marlenys Guzm\u00e1n Casta\u00f1os\",\"image\":{\"@type\":\"ImageObject\",\"inLanguage\":\"es\",\"@id\":\"https:\\\/\\\/secure.gravatar.com\\\/avatar\\\/72f3f86b8e6b3ec744201aeadf11d4a6055e8af194aecd9ad30ffff4437878ee?s=96&d=mm&r=g\",\"url\":\"https:\\\/\\\/secure.gravatar.com\\\/avatar\\\/72f3f86b8e6b3ec744201aeadf11d4a6055e8af194aecd9ad30ffff4437878ee?s=96&d=mm&r=g\",\"contentUrl\":\"https:\\\/\\\/secure.gravatar.com\\\/avatar\\\/72f3f86b8e6b3ec744201aeadf11d4a6055e8af194aecd9ad30ffff4437878ee?s=96&d=mm&r=g\",\"caption\":\"Marlenys Guzm\u00e1n Casta\u00f1os\"},\"url\":\"https:\\\/\\\/casadecampoliving.com\\\/es\\\/author\\\/mguzman\\\/\"}]}<\/script>\n<!-- \/ Yoast SEO plugin. -->","yoast_head_json":{"title":"Comenz\u00f3 la veda anual de la langosta... \u00a1Diga NO al consumo y a la pesca de la langosta! | Casa de Campo Living","description":"Ya estamos en esa \u00e9poca del a\u00f1o otra vez\u2026 La Rep\u00fablica Dominicana, junto con otros pa\u00edses del Caribe y Centroam\u00e9rica, ha prohibido a sus residentes y","robots":{"index":"index","follow":"follow","max-snippet":"max-snippet:-1","max-image-preview":"max-image-preview:large","max-video-preview":"max-video-preview:-1"},"canonical":"https:\/\/casadecampoliving.com\/es\/la-veda-anual-de-la-langosta-2017-esta-en-efecto\/","og_locale":"es_ES","og_type":"article","og_title":"Comenz\u00f3 la veda anual de la langosta... \u00a1Diga NO al consumo y a la pesca de la langosta! | Casa de Campo Living","og_description":"Ya estamos en esa \u00e9poca del a\u00f1o otra vez\u2026 La Rep\u00fablica Dominicana, junto con otros pa\u00edses del Caribe y Centroam\u00e9rica, ha prohibido a sus residentes y","og_url":"https:\/\/casadecampoliving.com\/es\/la-veda-anual-de-la-langosta-2017-esta-en-efecto\/","og_site_name":"Casa de Campo Living","article_publisher":"https:\/\/www.facebook.com\/casadecampoliving","article_published_time":"2017-03-03T04:00:00+00:00","article_modified_time":"2022-10-21T23:08:07+00:00","og_image":[{"width":1000,"height":600,"url":"https:\/\/i0.wp.com\/casadecampoliving.com\/wp-content\/uploads\/2022\/10\/Fishers-Lobster-Ban.jpg?fit=1000%2C600&ssl=1","type":"image\/jpeg"}],"author":"Marlenys Guzm\u00e1n Casta\u00f1os","twitter_card":"summary_large_image","twitter_creator":"@cdcliving","twitter_site":"@cdcliving","twitter_misc":{"Escrito por":"Marlenys Guzm\u00e1n Casta\u00f1os","Tiempo de lectura":"3 minutos"},"schema":{"@context":"https:\/\/schema.org","@graph":[{"@type":"Article","@id":"https:\/\/casadecampoliving.com\/es\/la-veda-anual-de-la-langosta-2017-esta-en-efecto\/#article","isPartOf":{"@id":"https:\/\/casadecampoliving.com\/es\/la-veda-anual-de-la-langosta-2017-esta-en-efecto\/"},"author":{"name":"Marlenys Guzm\u00e1n Casta\u00f1os","@id":"https:\/\/casadecampoliving.com\/es\/#\/schema\/person\/b6606bd87f9cec8f5903e2141cafda24"},"headline":"Comenz\u00f3 la veda anual de la langosta&#8230; \u00a1Diga NO al consumo y a la pesca de la langosta!","datePublished":"2017-03-03T04:00:00+00:00","dateModified":"2022-10-21T23:08:07+00:00","mainEntityOfPage":{"@id":"https:\/\/casadecampoliving.com\/es\/la-veda-anual-de-la-langosta-2017-esta-en-efecto\/"},"wordCount":613,"publisher":{"@id":"https:\/\/casadecampoliving.com\/es\/#organization"},"image":{"@id":"https:\/\/casadecampoliving.com\/es\/la-veda-anual-de-la-langosta-2017-esta-en-efecto\/#primaryimage"},"thumbnailUrl":"https:\/\/i0.wp.com\/casadecampoliving.com\/wp-content\/uploads\/2022\/10\/Fishers-Lobster-Ban.jpg?fit=1000%2C600&ssl=1","keywords":["Especie en extinci\u00f3n","Langosta","pesca","Veda a Langostas"],"articleSection":["Comidas &amp; Bebidas","Estilo de Vida","Eventos","M\u00e1s all\u00e1 de Casa","Noticias Locales","Rep\u00fablica Dominicana @es","Restaurantes"],"inLanguage":"es"},{"@type":"WebPage","@id":"https:\/\/casadecampoliving.com\/es\/la-veda-anual-de-la-langosta-2017-esta-en-efecto\/","url":"https:\/\/casadecampoliving.com\/es\/la-veda-anual-de-la-langosta-2017-esta-en-efecto\/","name":"Comenz\u00f3 la veda anual de la langosta... \u00a1Diga NO al consumo y a la pesca de la langosta! | Casa de Campo Living","isPartOf":{"@id":"https:\/\/casadecampoliving.com\/es\/#website"},"primaryImageOfPage":{"@id":"https:\/\/casadecampoliving.com\/es\/la-veda-anual-de-la-langosta-2017-esta-en-efecto\/#primaryimage"},"image":{"@id":"https:\/\/casadecampoliving.com\/es\/la-veda-anual-de-la-langosta-2017-esta-en-efecto\/#primaryimage"},"thumbnailUrl":"https:\/\/i0.wp.com\/casadecampoliving.com\/wp-content\/uploads\/2022\/10\/Fishers-Lobster-Ban.jpg?fit=1000%2C600&ssl=1","datePublished":"2017-03-03T04:00:00+00:00","dateModified":"2022-10-21T23:08:07+00:00","description":"Ya estamos en esa \u00e9poca del a\u00f1o otra vez\u2026 La Rep\u00fablica Dominicana, junto con otros pa\u00edses del Caribe y Centroam\u00e9rica, ha prohibido a sus residentes y","breadcrumb":{"@id":"https:\/\/casadecampoliving.com\/es\/la-veda-anual-de-la-langosta-2017-esta-en-efecto\/#breadcrumb"},"inLanguage":"es","potentialAction":[{"@type":"ReadAction","target":["https:\/\/casadecampoliving.com\/es\/la-veda-anual-de-la-langosta-2017-esta-en-efecto\/"]}]},{"@type":"ImageObject","inLanguage":"es","@id":"https:\/\/casadecampoliving.com\/es\/la-veda-anual-de-la-langosta-2017-esta-en-efecto\/#primaryimage","url":"https:\/\/i0.wp.com\/casadecampoliving.com\/wp-content\/uploads\/2022\/10\/Fishers-Lobster-Ban.jpg?fit=1000%2C600&ssl=1","contentUrl":"https:\/\/i0.wp.com\/casadecampoliving.com\/wp-content\/uploads\/2022\/10\/Fishers-Lobster-Ban.jpg?fit=1000%2C600&ssl=1","width":1000,"height":600},{"@type":"BreadcrumbList","@id":"https:\/\/casadecampoliving.com\/es\/la-veda-anual-de-la-langosta-2017-esta-en-efecto\/#breadcrumb","itemListElement":[{"@type":"ListItem","position":1,"name":"Home","item":"https:\/\/casadecampoliving.com\/es\/"},{"@type":"ListItem","position":2,"name":"Comenz\u00f3 la veda anual de la langosta&#8230; \u00a1Diga NO al consumo y a la pesca de la langosta!"}]},{"@type":"WebSite","@id":"https:\/\/casadecampoliving.com\/es\/#website","url":"https:\/\/casadecampoliving.com\/es\/","name":"Casa de Campo Living","description":"Resort community news and resources.","publisher":{"@id":"https:\/\/casadecampoliving.com\/es\/#organization"},"potentialAction":[{"@type":"SearchAction","target":{"@type":"EntryPoint","urlTemplate":"https:\/\/casadecampoliving.com\/es\/?s={search_term_string}"},"query-input":{"@type":"PropertyValueSpecification","valueRequired":true,"valueName":"search_term_string"}}],"inLanguage":"es"},{"@type":"Organization","@id":"https:\/\/casadecampoliving.com\/es\/#organization","name":"Casa de Campo Living","url":"https:\/\/casadecampoliving.com\/es\/","logo":{"@type":"ImageObject","inLanguage":"es","@id":"https:\/\/casadecampoliving.com\/es\/#\/schema\/logo\/image\/","url":"https:\/\/i0.wp.com\/casadecampoliving.com\/wp-content\/uploads\/2022\/07\/CDCLivingLogo_V1-white-sized.png?fit=800%2C214&ssl=1","contentUrl":"https:\/\/i0.wp.com\/casadecampoliving.com\/wp-content\/uploads\/2022\/07\/CDCLivingLogo_V1-white-sized.png?fit=800%2C214&ssl=1","width":800,"height":214,"caption":"Casa de Campo Living"},"image":{"@id":"https:\/\/casadecampoliving.com\/es\/#\/schema\/logo\/image\/"},"sameAs":["https:\/\/www.facebook.com\/casadecampoliving","https:\/\/x.com\/cdcliving"]},{"@type":"Person","@id":"https:\/\/casadecampoliving.com\/es\/#\/schema\/person\/b6606bd87f9cec8f5903e2141cafda24","name":"Marlenys Guzm\u00e1n Casta\u00f1os","image":{"@type":"ImageObject","inLanguage":"es","@id":"https:\/\/secure.gravatar.com\/avatar\/72f3f86b8e6b3ec744201aeadf11d4a6055e8af194aecd9ad30ffff4437878ee?s=96&d=mm&r=g","url":"https:\/\/secure.gravatar.com\/avatar\/72f3f86b8e6b3ec744201aeadf11d4a6055e8af194aecd9ad30ffff4437878ee?s=96&d=mm&r=g","contentUrl":"https:\/\/secure.gravatar.com\/avatar\/72f3f86b8e6b3ec744201aeadf11d4a6055e8af194aecd9ad30ffff4437878ee?s=96&d=mm&r=g","caption":"Marlenys Guzm\u00e1n Casta\u00f1os"},"url":"https:\/\/casadecampoliving.com\/es\/author\/mguzman\/"}]}},"parsely":{"version":"1.1.0","canonical_url":"https:\/\/casadecampoliving.com\/es\/la-veda-anual-de-la-langosta-2017-esta-en-efecto\/","smart_links":{"inbound":0,"outbound":0},"traffic_boost_suggestions_count":0,"meta":{"@context":"https:\/\/schema.org","@type":"NewsArticle","headline":"Comenz\u00f3 la veda anual de la langosta&#8230; \u00a1Diga NO al consumo y a la pesca de la langosta!","url":"http:\/\/casadecampoliving.com\/es\/la-veda-anual-de-la-langosta-2017-esta-en-efecto\/","mainEntityOfPage":{"@type":"WebPage","@id":"http:\/\/casadecampoliving.com\/es\/la-veda-anual-de-la-langosta-2017-esta-en-efecto\/"},"thumbnailUrl":"https:\/\/i0.wp.com\/casadecampoliving.com\/wp-content\/uploads\/2022\/10\/Fishers-Lobster-Ban.jpg?resize=150%2C150&ssl=1","image":{"@type":"ImageObject","url":"https:\/\/i0.wp.com\/casadecampoliving.com\/wp-content\/uploads\/2022\/10\/Fishers-Lobster-Ban.jpg?fit=1000%2C600&ssl=1"},"articleSection":"Comidas &amp; Bebidas","author":[{"@type":"Person","name":"Marlenys Guzm\u00e1n Casta\u00f1os"}],"creator":["Marlenys Guzm\u00e1n Casta\u00f1os"],"publisher":{"@type":"Organization","name":"Casa de Campo Living","logo":"https:\/\/casadecampoliving.com\/wp-content\/uploads\/2022\/07\/CDCLivingLogo_V1-white-sized.png"},"keywords":["especie en extinci\u00f3n","langosta","pesca","veda a langostas"],"dateCreated":"2017-03-03T04:00:00Z","datePublished":"2017-03-03T04:00:00Z","dateModified":"2022-10-21T23:08:07Z"},"rendered":"<script type=\"application\/ld+json\" class=\"wp-parsely-metadata\">{\"@context\":\"https:\\\/\\\/schema.org\",\"@type\":\"NewsArticle\",\"headline\":\"Comenz\\u00f3 la veda anual de la langosta&#8230; \\u00a1Diga NO al consumo y a la pesca de la langosta!\",\"url\":\"http:\\\/\\\/casadecampoliving.com\\\/es\\\/la-veda-anual-de-la-langosta-2017-esta-en-efecto\\\/\",\"mainEntityOfPage\":{\"@type\":\"WebPage\",\"@id\":\"http:\\\/\\\/casadecampoliving.com\\\/es\\\/la-veda-anual-de-la-langosta-2017-esta-en-efecto\\\/\"},\"thumbnailUrl\":\"https:\\\/\\\/i0.wp.com\\\/casadecampoliving.com\\\/wp-content\\\/uploads\\\/2022\\\/10\\\/Fishers-Lobster-Ban.jpg?resize=150%2C150&ssl=1\",\"image\":{\"@type\":\"ImageObject\",\"url\":\"https:\\\/\\\/i0.wp.com\\\/casadecampoliving.com\\\/wp-content\\\/uploads\\\/2022\\\/10\\\/Fishers-Lobster-Ban.jpg?fit=1000%2C600&ssl=1\"},\"articleSection\":\"Comidas &amp; Bebidas\",\"author\":[{\"@type\":\"Person\",\"name\":\"Marlenys Guzm\\u00e1n Casta\\u00f1os\"}],\"creator\":[\"Marlenys Guzm\\u00e1n Casta\\u00f1os\"],\"publisher\":{\"@type\":\"Organization\",\"name\":\"Casa de Campo Living\",\"logo\":\"https:\\\/\\\/casadecampoliving.com\\\/wp-content\\\/uploads\\\/2022\\\/07\\\/CDCLivingLogo_V1-white-sized.png\"},\"keywords\":[\"especie en extinci\\u00f3n\",\"langosta\",\"pesca\",\"veda a langostas\"],\"dateCreated\":\"2017-03-03T04:00:00Z\",\"datePublished\":\"2017-03-03T04:00:00Z\",\"dateModified\":\"2022-10-21T23:08:07Z\"}<\/script>","tracker_url":"https:\/\/cdn.parsely.com\/keys\/casadecampoliving.com\/p.js"},"jetpack_publicize_connections":[],"jetpack_featured_media_url":"https:\/\/i0.wp.com\/casadecampoliving.com\/wp-content\/uploads\/2022\/10\/Fishers-Lobster-Ban.jpg?fit=1000%2C600&ssl=1","jetpack-related-posts":[{"id":353990,"url":"https:\/\/casadecampoliving.com\/es\/comenzo-la-veda-anual-de-la-langosta-aqui-le-explicamos-por-que-no-debe-comer-ni-comprar-langosta-hasta-el-30-de-junio\/","url_meta":{"origin":351204,"position":0},"title":"Comenz\u00f3 la veda anual de la langosta\u2026 Aqu\u00ed le explicamos por qu\u00e9 NO debe comer ni comprar langosta hasta el 30 de junio","author":"Casa de Campo Living","date":"3 Mar, 2022","format":false,"excerpt":"La Rep\u00fablica Dominicana, junto con otros pa\u00edses del Caribe y Centroam\u00e9rica, ha prohibido a sus residentes y visitantes la pesca y la venta de langostas desde el 1 de marzo hasta el 30 de junio. Es por eso que cuando est\u00e9s en un barco, en la playa o en un\u2026","rel":"","context":"En \u00abEl Semanal\u00bb","block_context":{"text":"El Semanal","link":"https:\/\/casadecampoliving.com\/es\/category\/el-semanal\/"},"img":{"alt_text":"","src":"https:\/\/i0.wp.com\/casadecampoliving.com\/wp-content\/uploads\/2022\/10\/pexels-roger-brown-5147257-lobster-1.jpg?fit=1000%2C667&ssl=1&resize=350%2C200","width":350,"height":200,"srcset":"https:\/\/i0.wp.com\/casadecampoliving.com\/wp-content\/uploads\/2022\/10\/pexels-roger-brown-5147257-lobster-1.jpg?fit=1000%2C667&ssl=1&resize=350%2C200 1x, https:\/\/i0.wp.com\/casadecampoliving.com\/wp-content\/uploads\/2022\/10\/pexels-roger-brown-5147257-lobster-1.jpg?fit=1000%2C667&ssl=1&resize=525%2C300 1.5x, https:\/\/i0.wp.com\/casadecampoliving.com\/wp-content\/uploads\/2022\/10\/pexels-roger-brown-5147257-lobster-1.jpg?fit=1000%2C667&ssl=1&resize=700%2C400 2x"},"classes":[]},{"id":515777,"url":"https:\/\/casadecampoliving.com\/es\/diga-no-al-consumo-de-langosta-hasta-el-30-de-junio-la-veda-anual-esta-en-pleno-efecto\/","url_meta":{"origin":351204,"position":1},"title":"Diga NO al consumo de langosta hasta el 30 de junio: la veda anual est\u00e1 en pleno efecto","author":"Casa de Campo Living","date":"1 Mar, 2024","format":false,"excerpt":"La veda anual de la pesca y venta de langostas, vigente desde el 1 de marzo hasta el 30 de junio, ha sido reinstaurada en la Rep\u00fablica Dominicana y pa\u00edses vecinos del Caribe y Am\u00e9rica Central. Esta prohibici\u00f3n, en vigor desde hace quince a\u00f1os, se extiende m\u00e1s all\u00e1 de la\u2026","rel":"","context":"En \u00abProximamente\u00bb","block_context":{"text":"Proximamente","link":"https:\/\/casadecampoliving.com\/es\/category\/proximamente\/"},"img":{"alt_text":"","src":"https:\/\/i0.wp.com\/casadecampoliving.com\/wp-content\/uploads\/2023\/03\/3346228bcac1a9788.71353801-2048x1365-1.jpeg?fit=1200%2C800&ssl=1&resize=350%2C200","width":350,"height":200,"srcset":"https:\/\/i0.wp.com\/casadecampoliving.com\/wp-content\/uploads\/2023\/03\/3346228bcac1a9788.71353801-2048x1365-1.jpeg?fit=1200%2C800&ssl=1&resize=350%2C200 1x, https:\/\/i0.wp.com\/casadecampoliving.com\/wp-content\/uploads\/2023\/03\/3346228bcac1a9788.71353801-2048x1365-1.jpeg?fit=1200%2C800&ssl=1&resize=525%2C300 1.5x, https:\/\/i0.wp.com\/casadecampoliving.com\/wp-content\/uploads\/2023\/03\/3346228bcac1a9788.71353801-2048x1365-1.jpeg?fit=1200%2C800&ssl=1&resize=700%2C400 2x, https:\/\/i0.wp.com\/casadecampoliving.com\/wp-content\/uploads\/2023\/03\/3346228bcac1a9788.71353801-2048x1365-1.jpeg?fit=1200%2C800&ssl=1&resize=1050%2C600 3x"},"classes":[]},{"id":349551,"url":"https:\/\/casadecampoliving.com\/es\/rd-establece-veda-de-langosta-especie-en-peligro-de-extincion\/","url_meta":{"origin":351204,"position":2},"title":"Di NO a la langosta: RD establece una veda de langostas para ayudar a proteger a las especies en peligro de extinci\u00f3n","author":"Anna Pavilsova","date":"6 Abr, 2016","format":false,"excerpt":"\u00bfTe gusta la langosta? A nosotros tambi\u00e9n; Sin embargo, por el momento tenemos que decir que no a consumir langostas locales. Nos encontramos en medio de una veda de langosta en la Rep\u00fablica Dominicana. La prohibici\u00f3n de su\u00a0PESCA \u00a0y PROCESAMIENTO en el Caribe se extiende desde el 1ero de marzo\u2026","rel":"","context":"En \u00abCasa de Campo Living @es\u00bb","block_context":{"text":"Casa de Campo Living @es","link":"https:\/\/casadecampoliving.com\/category\/casa-de-campo-living-es\/"},"img":{"alt_text":"lobster dominican republic","src":"https:\/\/i0.wp.com\/casadecampoliving.com\/wp-content\/uploads\/2022\/10\/lobster_dominican_republic1-1.jpg?fit=650%2C365&ssl=1&resize=350%2C200","width":350,"height":200,"srcset":"https:\/\/i0.wp.com\/casadecampoliving.com\/wp-content\/uploads\/2022\/10\/lobster_dominican_republic1-1.jpg?fit=650%2C365&ssl=1&resize=350%2C200 1x, https:\/\/i0.wp.com\/casadecampoliving.com\/wp-content\/uploads\/2022\/10\/lobster_dominican_republic1-1.jpg?fit=650%2C365&ssl=1&resize=525%2C300 1.5x"},"classes":[]},{"id":338614,"url":"https:\/\/casadecampoliving.com\/es\/prohibicion-de-la-pesca-y-comercializacion-de-langostas-en-la-republica-dominicana-del-1-de-marzo-al-30-de-junio\/","url_meta":{"origin":351204,"position":3},"title":"Prohibici\u00f3n de la pesca y comercializaci\u00f3n de langostas en la Rep\u00fablica Dominicana: Del 1 de marzo al 30 de junio","author":"","date":"23 Mar, 2012","format":false,"excerpt":"La Rep\u00fablica Dominicana se ha unido a la aplicaci\u00f3n de la tercera veda de la pesca y comercializaci\u00f3n de langostas en el Caribe y Centroam\u00e9rica \u2013 y es por esta raz\u00f3n que les recordamos NO hacerlo dentro del per\u00edodo establecido del 1 de marzo al 30 de junio! Si bien\u2026","rel":"","context":"En \u00abDestacados\u00bb","block_context":{"text":"Destacados","link":"https:\/\/casadecampoliving.com\/es\/category\/destacados\/"},"img":{"alt_text":"lobster dominican republic","src":"https:\/\/i0.wp.com\/casadecampoliving.com\/wp-content\/uploads\/2022\/10\/lobster_dominican_republic-1.jpg?fit=650%2C388&ssl=1&resize=350%2C200","width":350,"height":200,"srcset":"https:\/\/i0.wp.com\/casadecampoliving.com\/wp-content\/uploads\/2022\/10\/lobster_dominican_republic-1.jpg?fit=650%2C388&ssl=1&resize=350%2C200 1x, https:\/\/i0.wp.com\/casadecampoliving.com\/wp-content\/uploads\/2022\/10\/lobster_dominican_republic-1.jpg?fit=650%2C388&ssl=1&resize=525%2C300 1.5x"},"classes":[]},{"id":344024,"url":"https:\/\/casadecampoliving.com\/es\/diga-las-langostas\/","url_meta":{"origin":351204,"position":4},"title":"Diga NO a las langostas","author":"Perkin Agramonte","date":"18 Mar, 2014","format":false,"excerpt":"\u00bfTe gusta la langosta? Bueno, si tu respuesta es \u201cs\u00ed\u201d, desafortunadamente tendr\u00e9 que decirte que tendr\u00e1s que esperar hasta finales de junio para volver a comer una de estas. \u00bfPor qu\u00e9? Porque hay una prohibici\u00f3n de PESCAR y PROCESAR langostas en la regi\u00f3n del Caribe desde el 1ro de marzo\u2026","rel":"","context":"En \u00abCasa de Campo Living @es\u00bb","block_context":{"text":"Casa de Campo Living @es","link":"https:\/\/casadecampoliving.com\/category\/casa-de-campo-living-es\/"},"img":{"alt_text":"lobster dominican republic","src":"https:\/\/i0.wp.com\/casadecampoliving.com\/wp-content\/uploads\/2022\/10\/lobster_dominican_republic1-1.jpg?fit=650%2C365&ssl=1&resize=350%2C200","width":350,"height":200,"srcset":"https:\/\/i0.wp.com\/casadecampoliving.com\/wp-content\/uploads\/2022\/10\/lobster_dominican_republic1-1.jpg?fit=650%2C365&ssl=1&resize=350%2C200 1x, https:\/\/i0.wp.com\/casadecampoliving.com\/wp-content\/uploads\/2022\/10\/lobster_dominican_republic1-1.jpg?fit=650%2C365&ssl=1&resize=525%2C300 1.5x"},"classes":[]},{"id":340767,"url":"https:\/\/casadecampoliving.com\/es\/la-veda-de-la-pesca-de-langostas-en-vigencia-entre-marzo-a-junio\/","url_meta":{"origin":351204,"position":5},"title":"\u00a1La veda de la pesca de langostas en vigencia entre marzo a junio!","author":"","date":"11 Mar, 2013","format":false,"excerpt":"A partir del 1 de marzo hasta el 30 de junio, entrar\u00e1 en vigencia la veda de la pesca de langostas en la Rep\u00fablica Dominicana, as\u00ed como en el resto de los pa\u00edses del Caribe y Am\u00e9rica Central, con el prop\u00f3sito de contribuir a preservar esta especie en peligro de\u2026","rel":"","context":"En \u00abComidas &amp; Bebidas\u00bb","block_context":{"text":"Comidas &amp; Bebidas","link":"https:\/\/casadecampoliving.com\/es\/category\/comidas-bebidas\/"},"img":{"alt_text":"lobster dominican republic","src":"https:\/\/i0.wp.com\/casadecampoliving.com\/wp-content\/uploads\/2022\/10\/lobster_dominican_republic2-1.jpg?fit=650%2C304&ssl=1&resize=350%2C200","width":350,"height":200,"srcset":"https:\/\/i0.wp.com\/casadecampoliving.com\/wp-content\/uploads\/2022\/10\/lobster_dominican_republic2-1.jpg?fit=650%2C304&ssl=1&resize=350%2C200 1x, https:\/\/i0.wp.com\/casadecampoliving.com\/wp-content\/uploads\/2022\/10\/lobster_dominican_republic2-1.jpg?fit=650%2C304&ssl=1&resize=525%2C300 1.5x"},"classes":[]}],"jetpack_sharing_enabled":true,"_links":{"self":[{"href":"https:\/\/casadecampoliving.com\/es\/wp-json\/wp\/v2\/posts\/351204","targetHints":{"allow":["GET"]}}],"collection":[{"href":"https:\/\/casadecampoliving.com\/es\/wp-json\/wp\/v2\/posts"}],"about":[{"href":"https:\/\/casadecampoliving.com\/es\/wp-json\/wp\/v2\/types\/post"}],"author":[{"embeddable":true,"href":"https:\/\/casadecampoliving.com\/es\/wp-json\/wp\/v2\/users\/36682"}],"replies":[{"embeddable":true,"href":"https:\/\/casadecampoliving.com\/es\/wp-json\/wp\/v2\/comments?post=351204"}],"version-history":[{"count":1,"href":"https:\/\/casadecampoliving.com\/es\/wp-json\/wp\/v2\/posts\/351204\/revisions"}],"predecessor-version":[{"id":351205,"href":"https:\/\/casadecampoliving.com\/es\/wp-json\/wp\/v2\/posts\/351204\/revisions\/351205"}],"wp:featuredmedia":[{"embeddable":true,"href":"https:\/\/casadecampoliving.com\/es\/wp-json\/wp\/v2\/media\/280933"}],"wp:attachment":[{"href":"https:\/\/casadecampoliving.com\/es\/wp-json\/wp\/v2\/media?parent=351204"}],"wp:term":[{"taxonomy":"category","embeddable":true,"href":"https:\/\/casadecampoliving.com\/es\/wp-json\/wp\/v2\/categories?post=351204"},{"taxonomy":"post_tag","embeddable":true,"href":"https:\/\/casadecampoliving.com\/es\/wp-json\/wp\/v2\/tags?post=351204"},{"taxonomy":"newspack_spnsrs_tax","embeddable":true,"href":"https:\/\/casadecampoliving.com\/es\/wp-json\/wp\/v2\/newspack_spnsrs_tax?post=351204"}],"curies":[{"name":"wp","href":"https:\/\/api.w.org\/{rel}","templated":true}]}}