{"id":351178,"date":"2017-02-22T00:00:00","date_gmt":"2017-02-22T04:00:00","guid":{"rendered":"https:\/\/casadecampoliving.com\/familias-y-los-amigos-se-unieron-para-el-primer-triatlon-hogar-del-nino\/"},"modified":"2022-11-10T10:08:08","modified_gmt":"2022-11-10T14:08:08","slug":"familias-y-los-amigos-se-unieron-para-el-primer-triatlon-hogar-del-nino","status":"publish","type":"post","link":"https:\/\/casadecampoliving.com\/es\/familias-y-los-amigos-se-unieron-para-el-primer-triatlon-hogar-del-nino\/","title":{"rendered":"\u00a1Familias y amigos se unieron para el primer triatl\u00f3n Hogar del Ni\u00f1o!"},"content":{"rendered":"<p style=\"text-align: justify;\">Este a\u00f1o, el Hogar del Ni\u00f1o celebr\u00f3 la vig\u00e9sima edici\u00f3n de su Fin de Semana Hogar del Ni\u00f1o, donde organizaron varios eventos para recaudar fondos para sus estudiantes. El s\u00e1bado 18 de febrero, los torneos de tenis y de golf en el La Romana Country Club cont\u00f3 con la participaci\u00f3n un gran n\u00famero de miembros de la comunidad. Este a\u00f1o se realiz\u00f3 tambi\u00e9n un nuevo evento, el Triatl\u00f3n Hogar del Ni\u00f1o. Los participantes probaron sus niveles de resistencia con tres vigorosas actividades deportivas: nataci\u00f3n, ciclismo y correr.<\/p>\n<p style=\"text-align: justify;\"><!--more--><\/p>\n<p style=\"text-align: justify;\"><img data-recalc-dims=\"1\" loading=\"lazy\" decoding=\"async\" class=\"aligncenter wp-image-135545 size-full\" src=\"https:\/\/i0.wp.com\/casadecampoliving.com\/wp-content\/uploads\/2022\/10\/DSC_0229-2.jpg?resize=1000%2C667&#038;ssl=1\" width=\"1000\" height=\"667\" \/><\/p>\n<p style=\"text-align: justify;\">Este es el primer a\u00f1o que el Hogar del Ni\u00f1o ha organizado un triatl\u00f3n &#8211; el cual en nuestra opini\u00f3n fue muy exitoso \u00a1y esperamos que lo hagan de nuevo! No se limit\u00f3 a los adultos, los ni\u00f1os fueron alentados a participar en esta gran muestra de atletismo &#8211; \u00a1y muchos de ellos lo hicieron! El triatl\u00f3n se instal\u00f3 al otro lado de La Romana Country Club. Una mesa de voluntarios del Hogar del Ni\u00f1o recibi\u00f3 a los participantes donde les entregaron la camiseta y la mochila de este a\u00f1o. Un puesto de Vita Salud proporcion\u00f3 hidrataci\u00f3n; Y el personal de One Way bike ayud\u00f3 y motiv\u00f3 a los atletas durante la carrera.<\/p>\n<p style=\"text-align: justify;\"><strong>El triatl\u00f3n constaba de tres partes:<\/strong><\/p>\n<p style=\"text-align: justify;\"><strong>Nataci\u00f3n<\/strong><\/p>\n<p><img data-recalc-dims=\"1\" loading=\"lazy\" decoding=\"async\" class=\"aligncenter size-full wp-image-135538\" src=\"https:\/\/i0.wp.com\/casadecampoliving.com\/wp-content\/uploads\/2022\/10\/DSC_0160.jpg?resize=1000%2C667&#038;ssl=1\" alt=\"dsc_0160\" width=\"1000\" height=\"667\" \/><\/p>\n<p style=\"text-align: justify;\">Tanto los ni\u00f1os como los adultos nadaron r\u00e1pidamente cruzando los 25 mts de la piscina de estilo ol\u00edmpico de La Romana Country Club, y una vez que terminaron se secaron para continuar con la siguiente parte del evento.<\/p>\n<p style=\"text-align: justify;\"><strong>Ciclismo<\/strong><\/p>\n<p><img data-recalc-dims=\"1\" loading=\"lazy\" decoding=\"async\" class=\"aligncenter size-full wp-image-135543\" src=\"https:\/\/i0.wp.com\/casadecampoliving.com\/wp-content\/uploads\/2022\/10\/DSC_0116.jpg?resize=1000%2C667&#038;ssl=1\" alt=\"dsc_0116\" width=\"1000\" height=\"667\" \/><\/p>\n<p style=\"text-align: justify;\">Despu\u00e9s de nadar 25 mts, la siguiente parte del triatl\u00f3n fue ciclismo. Los adultos realizaron un recorrido de 10 km y los ni\u00f1os de 1 km. Los cursos fueron establecidos por One Way Bike, y los padres de algunos de los m\u00e1s j\u00f3venes acompa\u00f1aron a sus hijos corriendo junto a ellos.<\/p>\n<p style=\"text-align: justify;\"><strong>Marat\u00f3n<\/strong><\/p>\n<p><img data-recalc-dims=\"1\" loading=\"lazy\" decoding=\"async\" class=\"aligncenter size-full wp-image-135540\" src=\"https:\/\/i0.wp.com\/casadecampoliving.com\/wp-content\/uploads\/2022\/10\/DSC_0326.jpg?resize=1000%2C667&#038;ssl=1\" alt=\"dsc_0326\" width=\"1000\" height=\"667\" \/><\/p>\n<p>Despu\u00e9s de completar el circuito de ciclismo, todo el mundo se prepar\u00f3 para una carrera; 5 km para los adultos, mientras que los m\u00e1s peque\u00f1os corrieron 500 mts.<\/p>\n<p>Todos los participantes recibieron medallas despu\u00e9s de cruzar la meta como recompensa por completar el triatl\u00f3n. Como en a\u00f1os anteriores, hab\u00eda un stand de McDonalds en la entrada del campo de golf que sirvi\u00f3 hamburguesas de pollo y res con papas fritas y pudimos ver como los ni\u00f1os y los adultos disfrutaban de lo que ofrecian luego de un largo d\u00eda de ejercicio. Durante el evento, se realiz\u00f3 tambi\u00e9n una rifa con premios patrocinados por One Way Bike y Bordatique.<\/p>\n<p style=\"text-align: justify;\"><img data-recalc-dims=\"1\" loading=\"lazy\" decoding=\"async\" class=\"aligncenter size-full wp-image-135541\" src=\"https:\/\/i0.wp.com\/casadecampoliving.com\/wp-content\/uploads\/2022\/10\/DSC_0287.jpg?resize=1000%2C667&#038;ssl=1\" alt=\"dsc_0287\" width=\"1000\" height=\"667\" \/><\/p>\n<p style=\"text-align: justify;\">\u00a1Qu\u00e9 exitoso evento para el Hogar del Ni\u00f1o!!! Es uno que definitivamente prob\u00f3 la fuerza de voluntad de la comunidad pero al ver lo mucho que se divirtieron \u00a1me encantar\u00eda intentarlo el pr\u00f3ximo a\u00f1o! Vea a continuaci\u00f3n la colecci\u00f3n de fotos de Mariana Heredia durante el triatl\u00f3n de Fin de Semana del Hogar del Ni\u00f1o el s\u00e1bado 18 de febrero:<\/p>\n<p style=\"text-align: justify;\">[nggallery id =2824]<\/p>\n<blockquote><p><strong><a href=\"https:\/\/casadecampoliving.com\/hogardelnino\/\">Hogar del Ni\u00f1o<\/a><\/strong><\/p>\n<p><img data-recalc-dims=\"1\" loading=\"lazy\" decoding=\"async\" class=\"alignright\" title=\"hogar_del_nino\" src=\"https:\/\/i0.wp.com\/casadecampoliving.com\/wp-content\/uploads\/2022\/10\/hogar_del_nino-28.jpg?resize=200%2C105&#038;ssl=1\" alt=\"hogar del nino \" width=\"200\" height=\"105\" \/><\/p>\n<p>El Hogar del Ni\u00f1o es un centro educacional y de cuidado para m\u00e1s de 1,500 ni\u00f1os, ubicado en el pueblo de La Romana, justo a las afueras de Casa de Campo. Ni\u00f1os que van desde los pocas semanas de nacidos hasta los 18 a\u00f1os de edad, son cuidados y educados a diario desde las 5:30am las 7pm.<\/p>\n<p>La organizaci\u00f3n tambi\u00e9n provee educaci\u00f3n especial para ni\u00f1os especiales que padecen de ceguera o con limitaciones auditivas, al igual que una escuela vocacional en la que m\u00e1s de 235 estudiantes reciben educaci\u00f3n en las distintas \u00e1reas como: costura, preparaci\u00f3n industrial, mantenimiento e instalaci\u00f3n el\u00e9ctrica; manejo de programas de c\u00f3mputos.<\/p>\n<p><strong>Comun\u00edquese con el Hogar del Ni\u00f1o al:<br \/>\nTel:\u00a0<\/strong>(809) 523-8901<strong>\u00a0<\/strong>o al (809) 556-3181<strong><br \/>\nEmail:\u00a0<\/strong><a href=\"mailto:info@pbo.org.do\" target=\"_blank\" rel=\"noopener\">info@pbo.org.do<\/a><strong><br \/>\nSitio Web:\u00a0<\/strong><a href=\"http:\/\/pbo.org.do\/site\/es\/\" target=\"_blank\" rel=\"noopener\">pbo.org.do<\/a><\/p>\n<p>&nbsp;<\/p><\/blockquote>\n","protected":false},"excerpt":{"rendered":"<p>Este a\u00f1o, el Hogar del Ni\u00f1o celebr\u00f3 la vig\u00e9sima edici\u00f3n de su Fin de Semana Hogar del Ni\u00f1o, donde organizaron varios eventos para recaudar fondos para sus estudiantes. El s\u00e1bado 18 de febrero, los torneos de tenis y de golf en el La Romana Country Club cont\u00f3 con la participaci\u00f3n un gran n\u00famero de miembros [&hellip;]<\/p>\n","protected":false},"author":36682,"featured_media":279585,"comment_status":"closed","ping_status":"closed","sticky":false,"template":"","format":"standard","meta":{"newspack_ads_suppress_ads":false,"newspack_popups_has_disabled_popups":false,"newspack_sponsor_sponsorship_scope":"","newspack_sponsor_native_byline_display":"inherit","newspack_sponsor_native_category_display":"inherit","newspack_sponsor_underwriter_style":"inherit","newspack_sponsor_underwriter_placement":"inherit","_newspack_byline_active":false,"_newspack_byline":"","newspack_hide_updated_date":false,"newspack_show_updated_date":false,"newspack_content_restriction_is_exempt":false,"newspack_featured_image_position":"","newspack_post_subtitle":"","newspack_article_summary_title":"Overview:","newspack_article_summary":"","_jetpack_memberships_contains_paid_content":false,"footnotes":"","jetpack_publicize_message":"","jetpack_publicize_feature_enabled":true,"jetpack_social_post_already_shared":false,"jetpack_social_options":{"image_generator_settings":{"template":"highway","default_image_id":0,"font":"","enabled":false},"version":2},"_wpas_customize_per_network":false},"categories":[2528,2525,14631,2522,2514,2516,14625,2521,26822,2527],"tags":[23815,6057,4484,9917,14736,13824,2635,20436,8434,20444],"newspack_spnsrs_tax":[],"class_list":["post-351178","post","type-post","status-publish","format-standard","has-post-thumbnail","hentry","category-country-club-la-romana-es","category-golf-deportes-es","category-estilo-de-vida","category-eventos-es","category-fundaciones-es","category-hogar-del-nino-es","category-noticias-locales","category-republica-dominicana-2","category-resort-casa-de-campo","category-salud","tag-casa-de-campo-es-17","tag-ciclismo","tag-el-hogar-del-nino","tag-evento","tag-featured-topview-es","tag-la-romana-country-club","tag-maraton","tag-natacion","tag-recaudacion-de-fondos","tag-triatlon","entry"],"yoast_head":"<!-- This site is optimized with the Yoast SEO plugin v27.5 - https:\/\/yoast.com\/product\/yoast-seo-wordpress\/ -->\n<title>\u00a1Familias y amigos se unieron para el primer triatl\u00f3n Hogar del Ni\u00f1o! | Casa de Campo Living<\/title>\n<meta name=\"description\" content=\"Este a\u00f1o, el Hogar del Ni\u00f1o celebr\u00f3 la vig\u00e9sima edici\u00f3n de su Fin de Semana Hogar del Ni\u00f1o, donde organizaron varios eventos para recaudar fondos para sus\" \/>\n<meta name=\"robots\" content=\"index, follow, max-snippet:-1, max-image-preview:large, max-video-preview:-1\" \/>\n<link rel=\"canonical\" href=\"https:\/\/casadecampoliving.com\/es\/familias-y-los-amigos-se-unieron-para-el-primer-triatlon-hogar-del-nino\/\" \/>\n<meta property=\"og:locale\" content=\"es_ES\" \/>\n<meta property=\"og:type\" content=\"article\" \/>\n<meta property=\"og:title\" content=\"\u00a1Familias y amigos se unieron para el primer triatl\u00f3n Hogar del Ni\u00f1o! | Casa de Campo Living\" \/>\n<meta property=\"og:description\" content=\"Este a\u00f1o, el Hogar del Ni\u00f1o celebr\u00f3 la vig\u00e9sima edici\u00f3n de su Fin de Semana Hogar del Ni\u00f1o, donde organizaron varios eventos para recaudar fondos para sus\" \/>\n<meta property=\"og:url\" content=\"https:\/\/casadecampoliving.com\/es\/familias-y-los-amigos-se-unieron-para-el-primer-triatlon-hogar-del-nino\/\" \/>\n<meta property=\"og:site_name\" content=\"Casa de Campo Living\" \/>\n<meta property=\"article:publisher\" content=\"https:\/\/www.facebook.com\/casadecampoliving\" \/>\n<meta property=\"article:published_time\" content=\"2017-02-22T04:00:00+00:00\" \/>\n<meta property=\"article:modified_time\" content=\"2022-11-10T14:08:08+00:00\" \/>\n<meta property=\"og:image\" content=\"https:\/\/i0.wp.com\/casadecampoliving.com\/wp-content\/uploads\/2022\/10\/DSC_0083-1.jpg?fit=1000%2C667&ssl=1\" \/>\n\t<meta property=\"og:image:width\" content=\"1000\" \/>\n\t<meta property=\"og:image:height\" content=\"667\" \/>\n\t<meta property=\"og:image:type\" content=\"image\/jpeg\" \/>\n<meta name=\"author\" content=\"Marlenys Guzm\u00e1n Casta\u00f1os\" \/>\n<meta name=\"twitter:card\" content=\"summary_large_image\" \/>\n<meta name=\"twitter:creator\" content=\"@cdcliving\" \/>\n<meta name=\"twitter:site\" content=\"@cdcliving\" \/>\n<meta name=\"twitter:label1\" content=\"Escrito por\" \/>\n\t<meta name=\"twitter:data1\" content=\"Marlenys Guzm\u00e1n Casta\u00f1os\" \/>\n\t<meta name=\"twitter:label2\" content=\"Tiempo de lectura\" \/>\n\t<meta name=\"twitter:data2\" content=\"3 minutos\" \/>\n<script type=\"application\/ld+json\" class=\"yoast-schema-graph\">{\"@context\":\"https:\\\/\\\/schema.org\",\"@graph\":[{\"@type\":\"Article\",\"@id\":\"https:\\\/\\\/casadecampoliving.com\\\/es\\\/familias-y-los-amigos-se-unieron-para-el-primer-triatlon-hogar-del-nino\\\/#article\",\"isPartOf\":{\"@id\":\"https:\\\/\\\/casadecampoliving.com\\\/es\\\/familias-y-los-amigos-se-unieron-para-el-primer-triatlon-hogar-del-nino\\\/\"},\"author\":{\"name\":\"Marlenys Guzm\u00e1n Casta\u00f1os\",\"@id\":\"https:\\\/\\\/casadecampoliving.com\\\/es\\\/#\\\/schema\\\/person\\\/b6606bd87f9cec8f5903e2141cafda24\"},\"headline\":\"\u00a1Familias y amigos se unieron para el primer triatl\u00f3n Hogar del Ni\u00f1o!\",\"datePublished\":\"2017-02-22T04:00:00+00:00\",\"dateModified\":\"2022-11-10T14:08:08+00:00\",\"mainEntityOfPage\":{\"@id\":\"https:\\\/\\\/casadecampoliving.com\\\/es\\\/familias-y-los-amigos-se-unieron-para-el-primer-triatlon-hogar-del-nino\\\/\"},\"wordCount\":674,\"publisher\":{\"@id\":\"https:\\\/\\\/casadecampoliving.com\\\/es\\\/#organization\"},\"image\":{\"@id\":\"https:\\\/\\\/casadecampoliving.com\\\/es\\\/familias-y-los-amigos-se-unieron-para-el-primer-triatlon-hogar-del-nino\\\/#primaryimage\"},\"thumbnailUrl\":\"https:\\\/\\\/i0.wp.com\\\/casadecampoliving.com\\\/wp-content\\\/uploads\\\/2022\\\/10\\\/DSC_0083-1.jpg?fit=1000%2C667&ssl=1\",\"keywords\":[\"Casa de Campo\",\"ciclismo\",\"el hogar del nino\",\"evento\",\"Featured-TopView @es\",\"La Romana Country Club\",\"maraton\",\"natacion\",\"Recaudaci\u00f3n de fondos\",\"triatlon\"],\"articleSection\":[\"Country Club La Romana\",\"Deportes\",\"Estilo de Vida\",\"Eventos\",\"Fundaciones\",\"Hogar del Ni\u00f1o @es\",\"Noticias Locales\",\"Rep\u00fablica Dominicana @es\",\"Resort Casa de Campo\",\"Salud\"],\"inLanguage\":\"es\"},{\"@type\":\"WebPage\",\"@id\":\"https:\\\/\\\/casadecampoliving.com\\\/es\\\/familias-y-los-amigos-se-unieron-para-el-primer-triatlon-hogar-del-nino\\\/\",\"url\":\"https:\\\/\\\/casadecampoliving.com\\\/es\\\/familias-y-los-amigos-se-unieron-para-el-primer-triatlon-hogar-del-nino\\\/\",\"name\":\"\u00a1Familias y amigos se unieron para el primer triatl\u00f3n Hogar del Ni\u00f1o! | Casa de Campo Living\",\"isPartOf\":{\"@id\":\"https:\\\/\\\/casadecampoliving.com\\\/es\\\/#website\"},\"primaryImageOfPage\":{\"@id\":\"https:\\\/\\\/casadecampoliving.com\\\/es\\\/familias-y-los-amigos-se-unieron-para-el-primer-triatlon-hogar-del-nino\\\/#primaryimage\"},\"image\":{\"@id\":\"https:\\\/\\\/casadecampoliving.com\\\/es\\\/familias-y-los-amigos-se-unieron-para-el-primer-triatlon-hogar-del-nino\\\/#primaryimage\"},\"thumbnailUrl\":\"https:\\\/\\\/i0.wp.com\\\/casadecampoliving.com\\\/wp-content\\\/uploads\\\/2022\\\/10\\\/DSC_0083-1.jpg?fit=1000%2C667&ssl=1\",\"datePublished\":\"2017-02-22T04:00:00+00:00\",\"dateModified\":\"2022-11-10T14:08:08+00:00\",\"description\":\"Este a\u00f1o, el Hogar del Ni\u00f1o celebr\u00f3 la vig\u00e9sima edici\u00f3n de su Fin de Semana Hogar del Ni\u00f1o, donde organizaron varios eventos para recaudar fondos para sus\",\"breadcrumb\":{\"@id\":\"https:\\\/\\\/casadecampoliving.com\\\/es\\\/familias-y-los-amigos-se-unieron-para-el-primer-triatlon-hogar-del-nino\\\/#breadcrumb\"},\"inLanguage\":\"es\",\"potentialAction\":[{\"@type\":\"ReadAction\",\"target\":[\"https:\\\/\\\/casadecampoliving.com\\\/es\\\/familias-y-los-amigos-se-unieron-para-el-primer-triatlon-hogar-del-nino\\\/\"]}]},{\"@type\":\"ImageObject\",\"inLanguage\":\"es\",\"@id\":\"https:\\\/\\\/casadecampoliving.com\\\/es\\\/familias-y-los-amigos-se-unieron-para-el-primer-triatlon-hogar-del-nino\\\/#primaryimage\",\"url\":\"https:\\\/\\\/i0.wp.com\\\/casadecampoliving.com\\\/wp-content\\\/uploads\\\/2022\\\/10\\\/DSC_0083-1.jpg?fit=1000%2C667&ssl=1\",\"contentUrl\":\"https:\\\/\\\/i0.wp.com\\\/casadecampoliving.com\\\/wp-content\\\/uploads\\\/2022\\\/10\\\/DSC_0083-1.jpg?fit=1000%2C667&ssl=1\",\"width\":1000,\"height\":667},{\"@type\":\"BreadcrumbList\",\"@id\":\"https:\\\/\\\/casadecampoliving.com\\\/es\\\/familias-y-los-amigos-se-unieron-para-el-primer-triatlon-hogar-del-nino\\\/#breadcrumb\",\"itemListElement\":[{\"@type\":\"ListItem\",\"position\":1,\"name\":\"Home\",\"item\":\"https:\\\/\\\/casadecampoliving.com\\\/es\\\/\"},{\"@type\":\"ListItem\",\"position\":2,\"name\":\"\u00a1Familias y amigos se unieron para el primer triatl\u00f3n Hogar del Ni\u00f1o!\"}]},{\"@type\":\"WebSite\",\"@id\":\"https:\\\/\\\/casadecampoliving.com\\\/es\\\/#website\",\"url\":\"https:\\\/\\\/casadecampoliving.com\\\/es\\\/\",\"name\":\"Casa de Campo Living\",\"description\":\"Resort community news and resources.\",\"publisher\":{\"@id\":\"https:\\\/\\\/casadecampoliving.com\\\/es\\\/#organization\"},\"potentialAction\":[{\"@type\":\"SearchAction\",\"target\":{\"@type\":\"EntryPoint\",\"urlTemplate\":\"https:\\\/\\\/casadecampoliving.com\\\/es\\\/?s={search_term_string}\"},\"query-input\":{\"@type\":\"PropertyValueSpecification\",\"valueRequired\":true,\"valueName\":\"search_term_string\"}}],\"inLanguage\":\"es\"},{\"@type\":\"Organization\",\"@id\":\"https:\\\/\\\/casadecampoliving.com\\\/es\\\/#organization\",\"name\":\"Casa de Campo Living\",\"url\":\"https:\\\/\\\/casadecampoliving.com\\\/es\\\/\",\"logo\":{\"@type\":\"ImageObject\",\"inLanguage\":\"es\",\"@id\":\"https:\\\/\\\/casadecampoliving.com\\\/es\\\/#\\\/schema\\\/logo\\\/image\\\/\",\"url\":\"https:\\\/\\\/i0.wp.com\\\/casadecampoliving.com\\\/wp-content\\\/uploads\\\/2022\\\/07\\\/CDCLivingLogo_V1-white-sized.png?fit=800%2C214&ssl=1\",\"contentUrl\":\"https:\\\/\\\/i0.wp.com\\\/casadecampoliving.com\\\/wp-content\\\/uploads\\\/2022\\\/07\\\/CDCLivingLogo_V1-white-sized.png?fit=800%2C214&ssl=1\",\"width\":800,\"height\":214,\"caption\":\"Casa de Campo Living\"},\"image\":{\"@id\":\"https:\\\/\\\/casadecampoliving.com\\\/es\\\/#\\\/schema\\\/logo\\\/image\\\/\"},\"sameAs\":[\"https:\\\/\\\/www.facebook.com\\\/casadecampoliving\",\"https:\\\/\\\/x.com\\\/cdcliving\"]},{\"@type\":\"Person\",\"@id\":\"https:\\\/\\\/casadecampoliving.com\\\/es\\\/#\\\/schema\\\/person\\\/b6606bd87f9cec8f5903e2141cafda24\",\"name\":\"Marlenys Guzm\u00e1n Casta\u00f1os\",\"image\":{\"@type\":\"ImageObject\",\"inLanguage\":\"es\",\"@id\":\"https:\\\/\\\/secure.gravatar.com\\\/avatar\\\/72f3f86b8e6b3ec744201aeadf11d4a6055e8af194aecd9ad30ffff4437878ee?s=96&d=mm&r=g\",\"url\":\"https:\\\/\\\/secure.gravatar.com\\\/avatar\\\/72f3f86b8e6b3ec744201aeadf11d4a6055e8af194aecd9ad30ffff4437878ee?s=96&d=mm&r=g\",\"contentUrl\":\"https:\\\/\\\/secure.gravatar.com\\\/avatar\\\/72f3f86b8e6b3ec744201aeadf11d4a6055e8af194aecd9ad30ffff4437878ee?s=96&d=mm&r=g\",\"caption\":\"Marlenys Guzm\u00e1n Casta\u00f1os\"},\"url\":\"https:\\\/\\\/casadecampoliving.com\\\/es\\\/author\\\/mguzman\\\/\"}]}<\/script>\n<!-- \/ Yoast SEO plugin. -->","yoast_head_json":{"title":"\u00a1Familias y amigos se unieron para el primer triatl\u00f3n Hogar del Ni\u00f1o! | Casa de Campo Living","description":"Este a\u00f1o, el Hogar del Ni\u00f1o celebr\u00f3 la vig\u00e9sima edici\u00f3n de su Fin de Semana Hogar del Ni\u00f1o, donde organizaron varios eventos para recaudar fondos para sus","robots":{"index":"index","follow":"follow","max-snippet":"max-snippet:-1","max-image-preview":"max-image-preview:large","max-video-preview":"max-video-preview:-1"},"canonical":"https:\/\/casadecampoliving.com\/es\/familias-y-los-amigos-se-unieron-para-el-primer-triatlon-hogar-del-nino\/","og_locale":"es_ES","og_type":"article","og_title":"\u00a1Familias y amigos se unieron para el primer triatl\u00f3n Hogar del Ni\u00f1o! | Casa de Campo Living","og_description":"Este a\u00f1o, el Hogar del Ni\u00f1o celebr\u00f3 la vig\u00e9sima edici\u00f3n de su Fin de Semana Hogar del Ni\u00f1o, donde organizaron varios eventos para recaudar fondos para sus","og_url":"https:\/\/casadecampoliving.com\/es\/familias-y-los-amigos-se-unieron-para-el-primer-triatlon-hogar-del-nino\/","og_site_name":"Casa de Campo Living","article_publisher":"https:\/\/www.facebook.com\/casadecampoliving","article_published_time":"2017-02-22T04:00:00+00:00","article_modified_time":"2022-11-10T14:08:08+00:00","og_image":[{"width":1000,"height":667,"url":"https:\/\/i0.wp.com\/casadecampoliving.com\/wp-content\/uploads\/2022\/10\/DSC_0083-1.jpg?fit=1000%2C667&ssl=1","type":"image\/jpeg"}],"author":"Marlenys Guzm\u00e1n Casta\u00f1os","twitter_card":"summary_large_image","twitter_creator":"@cdcliving","twitter_site":"@cdcliving","twitter_misc":{"Escrito por":"Marlenys Guzm\u00e1n Casta\u00f1os","Tiempo de lectura":"3 minutos"},"schema":{"@context":"https:\/\/schema.org","@graph":[{"@type":"Article","@id":"https:\/\/casadecampoliving.com\/es\/familias-y-los-amigos-se-unieron-para-el-primer-triatlon-hogar-del-nino\/#article","isPartOf":{"@id":"https:\/\/casadecampoliving.com\/es\/familias-y-los-amigos-se-unieron-para-el-primer-triatlon-hogar-del-nino\/"},"author":{"name":"Marlenys Guzm\u00e1n Casta\u00f1os","@id":"https:\/\/casadecampoliving.com\/es\/#\/schema\/person\/b6606bd87f9cec8f5903e2141cafda24"},"headline":"\u00a1Familias y amigos se unieron para el primer triatl\u00f3n Hogar del Ni\u00f1o!","datePublished":"2017-02-22T04:00:00+00:00","dateModified":"2022-11-10T14:08:08+00:00","mainEntityOfPage":{"@id":"https:\/\/casadecampoliving.com\/es\/familias-y-los-amigos-se-unieron-para-el-primer-triatlon-hogar-del-nino\/"},"wordCount":674,"publisher":{"@id":"https:\/\/casadecampoliving.com\/es\/#organization"},"image":{"@id":"https:\/\/casadecampoliving.com\/es\/familias-y-los-amigos-se-unieron-para-el-primer-triatlon-hogar-del-nino\/#primaryimage"},"thumbnailUrl":"https:\/\/i0.wp.com\/casadecampoliving.com\/wp-content\/uploads\/2022\/10\/DSC_0083-1.jpg?fit=1000%2C667&ssl=1","keywords":["Casa de Campo","ciclismo","el hogar del nino","evento","Featured-TopView @es","La Romana Country Club","maraton","natacion","Recaudaci\u00f3n de fondos","triatlon"],"articleSection":["Country Club La Romana","Deportes","Estilo de Vida","Eventos","Fundaciones","Hogar del Ni\u00f1o @es","Noticias Locales","Rep\u00fablica Dominicana @es","Resort Casa de Campo","Salud"],"inLanguage":"es"},{"@type":"WebPage","@id":"https:\/\/casadecampoliving.com\/es\/familias-y-los-amigos-se-unieron-para-el-primer-triatlon-hogar-del-nino\/","url":"https:\/\/casadecampoliving.com\/es\/familias-y-los-amigos-se-unieron-para-el-primer-triatlon-hogar-del-nino\/","name":"\u00a1Familias y amigos se unieron para el primer triatl\u00f3n Hogar del Ni\u00f1o! | Casa de Campo Living","isPartOf":{"@id":"https:\/\/casadecampoliving.com\/es\/#website"},"primaryImageOfPage":{"@id":"https:\/\/casadecampoliving.com\/es\/familias-y-los-amigos-se-unieron-para-el-primer-triatlon-hogar-del-nino\/#primaryimage"},"image":{"@id":"https:\/\/casadecampoliving.com\/es\/familias-y-los-amigos-se-unieron-para-el-primer-triatlon-hogar-del-nino\/#primaryimage"},"thumbnailUrl":"https:\/\/i0.wp.com\/casadecampoliving.com\/wp-content\/uploads\/2022\/10\/DSC_0083-1.jpg?fit=1000%2C667&ssl=1","datePublished":"2017-02-22T04:00:00+00:00","dateModified":"2022-11-10T14:08:08+00:00","description":"Este a\u00f1o, el Hogar del Ni\u00f1o celebr\u00f3 la vig\u00e9sima edici\u00f3n de su Fin de Semana Hogar del Ni\u00f1o, donde organizaron varios eventos para recaudar fondos para sus","breadcrumb":{"@id":"https:\/\/casadecampoliving.com\/es\/familias-y-los-amigos-se-unieron-para-el-primer-triatlon-hogar-del-nino\/#breadcrumb"},"inLanguage":"es","potentialAction":[{"@type":"ReadAction","target":["https:\/\/casadecampoliving.com\/es\/familias-y-los-amigos-se-unieron-para-el-primer-triatlon-hogar-del-nino\/"]}]},{"@type":"ImageObject","inLanguage":"es","@id":"https:\/\/casadecampoliving.com\/es\/familias-y-los-amigos-se-unieron-para-el-primer-triatlon-hogar-del-nino\/#primaryimage","url":"https:\/\/i0.wp.com\/casadecampoliving.com\/wp-content\/uploads\/2022\/10\/DSC_0083-1.jpg?fit=1000%2C667&ssl=1","contentUrl":"https:\/\/i0.wp.com\/casadecampoliving.com\/wp-content\/uploads\/2022\/10\/DSC_0083-1.jpg?fit=1000%2C667&ssl=1","width":1000,"height":667},{"@type":"BreadcrumbList","@id":"https:\/\/casadecampoliving.com\/es\/familias-y-los-amigos-se-unieron-para-el-primer-triatlon-hogar-del-nino\/#breadcrumb","itemListElement":[{"@type":"ListItem","position":1,"name":"Home","item":"https:\/\/casadecampoliving.com\/es\/"},{"@type":"ListItem","position":2,"name":"\u00a1Familias y amigos se unieron para el primer triatl\u00f3n Hogar del Ni\u00f1o!"}]},{"@type":"WebSite","@id":"https:\/\/casadecampoliving.com\/es\/#website","url":"https:\/\/casadecampoliving.com\/es\/","name":"Casa de Campo Living","description":"Resort community news and resources.","publisher":{"@id":"https:\/\/casadecampoliving.com\/es\/#organization"},"potentialAction":[{"@type":"SearchAction","target":{"@type":"EntryPoint","urlTemplate":"https:\/\/casadecampoliving.com\/es\/?s={search_term_string}"},"query-input":{"@type":"PropertyValueSpecification","valueRequired":true,"valueName":"search_term_string"}}],"inLanguage":"es"},{"@type":"Organization","@id":"https:\/\/casadecampoliving.com\/es\/#organization","name":"Casa de Campo Living","url":"https:\/\/casadecampoliving.com\/es\/","logo":{"@type":"ImageObject","inLanguage":"es","@id":"https:\/\/casadecampoliving.com\/es\/#\/schema\/logo\/image\/","url":"https:\/\/i0.wp.com\/casadecampoliving.com\/wp-content\/uploads\/2022\/07\/CDCLivingLogo_V1-white-sized.png?fit=800%2C214&ssl=1","contentUrl":"https:\/\/i0.wp.com\/casadecampoliving.com\/wp-content\/uploads\/2022\/07\/CDCLivingLogo_V1-white-sized.png?fit=800%2C214&ssl=1","width":800,"height":214,"caption":"Casa de Campo Living"},"image":{"@id":"https:\/\/casadecampoliving.com\/es\/#\/schema\/logo\/image\/"},"sameAs":["https:\/\/www.facebook.com\/casadecampoliving","https:\/\/x.com\/cdcliving"]},{"@type":"Person","@id":"https:\/\/casadecampoliving.com\/es\/#\/schema\/person\/b6606bd87f9cec8f5903e2141cafda24","name":"Marlenys Guzm\u00e1n Casta\u00f1os","image":{"@type":"ImageObject","inLanguage":"es","@id":"https:\/\/secure.gravatar.com\/avatar\/72f3f86b8e6b3ec744201aeadf11d4a6055e8af194aecd9ad30ffff4437878ee?s=96&d=mm&r=g","url":"https:\/\/secure.gravatar.com\/avatar\/72f3f86b8e6b3ec744201aeadf11d4a6055e8af194aecd9ad30ffff4437878ee?s=96&d=mm&r=g","contentUrl":"https:\/\/secure.gravatar.com\/avatar\/72f3f86b8e6b3ec744201aeadf11d4a6055e8af194aecd9ad30ffff4437878ee?s=96&d=mm&r=g","caption":"Marlenys Guzm\u00e1n Casta\u00f1os"},"url":"https:\/\/casadecampoliving.com\/es\/author\/mguzman\/"}]}},"parsely":{"version":"1.1.0","canonical_url":"https:\/\/casadecampoliving.com\/es\/familias-y-los-amigos-se-unieron-para-el-primer-triatlon-hogar-del-nino\/","smart_links":{"inbound":0,"outbound":0},"traffic_boost_suggestions_count":0,"meta":{"@context":"https:\/\/schema.org","@type":"NewsArticle","headline":"\u00a1Familias y amigos se unieron para el primer triatl\u00f3n Hogar del Ni\u00f1o!","url":"http:\/\/casadecampoliving.com\/es\/familias-y-los-amigos-se-unieron-para-el-primer-triatlon-hogar-del-nino\/","mainEntityOfPage":{"@type":"WebPage","@id":"http:\/\/casadecampoliving.com\/es\/familias-y-los-amigos-se-unieron-para-el-primer-triatlon-hogar-del-nino\/"},"thumbnailUrl":"https:\/\/i0.wp.com\/casadecampoliving.com\/wp-content\/uploads\/2022\/10\/DSC_0083-1.jpg?resize=150%2C150&ssl=1","image":{"@type":"ImageObject","url":"https:\/\/i0.wp.com\/casadecampoliving.com\/wp-content\/uploads\/2022\/10\/DSC_0083-1.jpg?fit=1000%2C667&ssl=1"},"articleSection":"Country Club La Romana","author":[{"@type":"Person","name":"Marlenys Guzm\u00e1n Casta\u00f1os"}],"creator":["Marlenys Guzm\u00e1n Casta\u00f1os"],"publisher":{"@type":"Organization","name":"Casa de Campo Living","logo":"https:\/\/casadecampoliving.com\/wp-content\/uploads\/2022\/07\/CDCLivingLogo_V1-white-sized.png"},"keywords":["casa de campo","ciclismo","el hogar del nino","evento","featured-topview @es","la romana country club","maraton","natacion","recaudaci\u00f3n de fondos","triatlon"],"dateCreated":"2017-02-22T04:00:00Z","datePublished":"2017-02-22T04:00:00Z","dateModified":"2022-11-10T14:08:08Z"},"rendered":"<script type=\"application\/ld+json\" class=\"wp-parsely-metadata\">{\"@context\":\"https:\\\/\\\/schema.org\",\"@type\":\"NewsArticle\",\"headline\":\"\\u00a1Familias y amigos se unieron para el primer triatl\\u00f3n Hogar del Ni\\u00f1o!\",\"url\":\"http:\\\/\\\/casadecampoliving.com\\\/es\\\/familias-y-los-amigos-se-unieron-para-el-primer-triatlon-hogar-del-nino\\\/\",\"mainEntityOfPage\":{\"@type\":\"WebPage\",\"@id\":\"http:\\\/\\\/casadecampoliving.com\\\/es\\\/familias-y-los-amigos-se-unieron-para-el-primer-triatlon-hogar-del-nino\\\/\"},\"thumbnailUrl\":\"https:\\\/\\\/i0.wp.com\\\/casadecampoliving.com\\\/wp-content\\\/uploads\\\/2022\\\/10\\\/DSC_0083-1.jpg?resize=150%2C150&ssl=1\",\"image\":{\"@type\":\"ImageObject\",\"url\":\"https:\\\/\\\/i0.wp.com\\\/casadecampoliving.com\\\/wp-content\\\/uploads\\\/2022\\\/10\\\/DSC_0083-1.jpg?fit=1000%2C667&ssl=1\"},\"articleSection\":\"Country Club La Romana\",\"author\":[{\"@type\":\"Person\",\"name\":\"Marlenys Guzm\\u00e1n Casta\\u00f1os\"}],\"creator\":[\"Marlenys Guzm\\u00e1n Casta\\u00f1os\"],\"publisher\":{\"@type\":\"Organization\",\"name\":\"Casa de Campo Living\",\"logo\":\"https:\\\/\\\/casadecampoliving.com\\\/wp-content\\\/uploads\\\/2022\\\/07\\\/CDCLivingLogo_V1-white-sized.png\"},\"keywords\":[\"casa de campo\",\"ciclismo\",\"el hogar del nino\",\"evento\",\"featured-topview @es\",\"la romana country club\",\"maraton\",\"natacion\",\"recaudaci\\u00f3n de fondos\",\"triatlon\"],\"dateCreated\":\"2017-02-22T04:00:00Z\",\"datePublished\":\"2017-02-22T04:00:00Z\",\"dateModified\":\"2022-11-10T14:08:08Z\"}<\/script>","tracker_url":"https:\/\/cdn.parsely.com\/keys\/casadecampoliving.com\/p.js"},"jetpack_publicize_connections":[],"jetpack_featured_media_url":"https:\/\/i0.wp.com\/casadecampoliving.com\/wp-content\/uploads\/2022\/10\/DSC_0083-1.jpg?fit=1000%2C667&ssl=1","jetpack-related-posts":[{"id":351174,"url":"https:\/\/casadecampoliving.com\/es\/bailamos-jugamos-y-celebramos-la-vigesima-edicion-del-hogar-del-nino-weekend\/","url_meta":{"origin":351178,"position":0},"title":"\u00a1Bailamos, jugamos y celebramos la vig\u00e9sima edici\u00f3n del Fin de Semana Hogar del Ni\u00f1o!","author":"Marlenys Guzm\u00e1n Casta\u00f1os","date":"20 Feb, 2017","format":false,"excerpt":"\u00a1Este fue sin duda un excelente fin de semana! Esperamos que no se haya perdido ninguno de los eventos del Hogar del Ni\u00f1o. Esta organizaci\u00f3n de caridad de La Romana es un centro educativo y guarder\u00eda infantil para m\u00e1s de 1,500 estudiantes ubicado justo a las afueras de Casa de\u2026","rel":"","context":"En \u00abCountry Club La Romana\u00bb","block_context":{"text":"Country Club La Romana","link":"https:\/\/casadecampoliving.com\/es\/category\/country-club-la-romana-es\/"},"img":{"alt_text":"Hogar del Ni\u00f1o Weekend 2017","src":"https:\/\/i0.wp.com\/casadecampoliving.com\/wp-content\/uploads\/2022\/10\/IMG_7454.jpg?fit=1000%2C667&ssl=1&resize=350%2C200","width":350,"height":200,"srcset":"https:\/\/i0.wp.com\/casadecampoliving.com\/wp-content\/uploads\/2022\/10\/IMG_7454.jpg?fit=1000%2C667&ssl=1&resize=350%2C200 1x, https:\/\/i0.wp.com\/casadecampoliving.com\/wp-content\/uploads\/2022\/10\/IMG_7454.jpg?fit=1000%2C667&ssl=1&resize=525%2C300 1.5x, https:\/\/i0.wp.com\/casadecampoliving.com\/wp-content\/uploads\/2022\/10\/IMG_7454.jpg?fit=1000%2C667&ssl=1&resize=700%2C400 2x"},"classes":[]},{"id":343918,"url":"https:\/\/casadecampoliving.com\/es\/poder-de-pedal-por-el-hogar-del-nino\/","url_meta":{"origin":351178,"position":1},"title":"Poder de pedal por el Hogar del Ni\u00f1o","author":"Perkin Agramonte","date":"20 Feb, 2014","format":false,"excerpt":"El pasado viernes 14 y s\u00e1bado 15 de febrero el Hogar del Ni\u00f1o - el centro educativo m\u00e1s completo en la Rep\u00fablica Dominicano celebr\u00f3 su 17mo fin de semana anual de recaudaci\u00f3n de fondos, un evento que fue un \u00e9xito total gracias al amor y apoyo abrumador de la grandiosas\u2026","rel":"","context":"En \u00abEventos\u00bb","block_context":{"text":"Eventos","link":"https:\/\/casadecampoliving.com\/es\/category\/eventos-es\/"},"img":{"alt_text":"biking casa de campo","src":"https:\/\/i0.wp.com\/casadecampoliving.com\/wp-content\/uploads\/2022\/10\/biking_casa_de_campo_-1.jpg?fit=650%2C433&ssl=1&resize=350%2C200","width":350,"height":200,"srcset":"https:\/\/i0.wp.com\/casadecampoliving.com\/wp-content\/uploads\/2022\/10\/biking_casa_de_campo_-1.jpg?fit=650%2C433&ssl=1&resize=350%2C200 1x, https:\/\/i0.wp.com\/casadecampoliving.com\/wp-content\/uploads\/2022\/10\/biking_casa_de_campo_-1.jpg?fit=650%2C433&ssl=1&resize=525%2C300 1.5x"},"classes":[]},{"id":343748,"url":"https:\/\/casadecampoliving.com\/es\/el-decimoseptimo-fin-de-semana-anual-de-hogar-del-nino-14-14-feb\/","url_meta":{"origin":351178,"position":2},"title":"El decimos\u00e9ptimo fin de semana anual de Hogar del Ni\u00f1o &#8211; 14 &#038; 14 Feb.","author":"Genesis Perdomo","date":"24 Ene, 2014","format":false,"excerpt":"Guarde la fecha, y prep\u00e1rese para otro incre\u00edble fin de semana con muchas actividades en el decimos\u00e9ptimo fin de semana anual de Hogar del Ni\u00f1o. Programado para el 14 y 15 de Febrero en Casa de Campo un evento que recauda fondos destinados a los ni\u00f1os de Hogar del Ni\u00f1o.\u2026","rel":"","context":"En \u00abCasa de Campo Living @es\u00bb","block_context":{"text":"Casa de Campo Living @es","link":"https:\/\/casadecampoliving.com\/category\/casa-de-campo-living-es\/"},"img":{"alt_text":"Hogar del ni\u00f1o weekend","src":"https:\/\/i0.wp.com\/casadecampoliving.com\/wp-content\/uploads\/2022\/10\/HOGAR-1.png?fit=650%2C448&ssl=1&resize=350%2C200","width":350,"height":200,"srcset":"https:\/\/i0.wp.com\/casadecampoliving.com\/wp-content\/uploads\/2022\/10\/HOGAR-1.png?fit=650%2C448&ssl=1&resize=350%2C200 1x, https:\/\/i0.wp.com\/casadecampoliving.com\/wp-content\/uploads\/2022\/10\/HOGAR-1.png?fit=650%2C448&ssl=1&resize=525%2C300 1.5x"},"classes":[]},{"id":352679,"url":"https:\/\/casadecampoliving.com\/es\/el-primer-triatlon-de-casa-de-campo-2018-solo-se-puede-describir-con-una-palabra-exito\/","url_meta":{"origin":351178,"position":3},"title":"El primer Triatl\u00f3n de Casa de Campo 2018 solo se puede describir con una palabra: \u00a1\u00e9xito!","author":"Casa de Campo Living","date":"28 May, 2018","format":false,"excerpt":"El 20 de mayo, Casa de Campo de la mano de Move RD Eventos organiz\u00f3 el primer Triatl\u00f3n\u00a0Casa de Campo 2018. El evento cont\u00f3 con la participaci\u00f3n de m\u00e1s de 300 atletas y acompa\u00f1antes, quienes disfrutaron de un recorrido lleno de energ\u00eda y rutas demandantes. Entonces, \u00bfqu\u00e9 es un triatl\u00f3n?\u2026","rel":"","context":"En \u00abRep\u00fablica Dominicana @es\u00bb","block_context":{"text":"Rep\u00fablica Dominicana @es","link":"https:\/\/casadecampoliving.com\/es\/category\/republica-dominicana-2\/"},"img":{"alt_text":"33021453_2114476918582385_4996817239098261504_o","src":"https:\/\/i0.wp.com\/casadecampoliving.com\/wp-content\/uploads\/2022\/10\/33021453_2114476918582385_4996817239098261504_o.jpg?resize=350%2C200","width":350,"height":200,"srcset":"https:\/\/i0.wp.com\/casadecampoliving.com\/wp-content\/uploads\/2022\/10\/33021453_2114476918582385_4996817239098261504_o.jpg?resize=350%2C200 1x, https:\/\/i0.wp.com\/casadecampoliving.com\/wp-content\/uploads\/2022\/10\/33021453_2114476918582385_4996817239098261504_o.jpg?resize=525%2C300 1.5x, https:\/\/i0.wp.com\/casadecampoliving.com\/wp-content\/uploads\/2022\/10\/33021453_2114476918582385_4996817239098261504_o.jpg?resize=700%2C400 2x"},"classes":[]},{"id":338438,"url":"https:\/\/casadecampoliving.com\/es\/divertida-aventura-por-casa-de-campo-el-maraton-de-ciclismo-del-hogar-del-nino\/","url_meta":{"origin":351178,"position":4},"title":"Divertida aventura por Casa de Campo: El marat\u00f3n de ciclismo del Hogar del Ni\u00f1o!","author":"","date":"27 Feb, 2012","format":false,"excerpt":"Durante el XV Fin de Semana Ben\u00e9fico del Hogar del Ni\u00f1o, que tuvo lugar el viernes 17 y s\u00e1bado 18 de febrero, el segundo marat\u00f3n de ciclismo se realiz\u00f3 en Casa de Campo, con la participaci\u00f3n de 72 miembros de la comunidad de\u00a0Casa de Campo! Miembros del Club de Ciclismo\u2026","rel":"","context":"En \u00abEventos\u00bb","block_context":{"text":"Eventos","link":"https:\/\/casadecampoliving.com\/es\/category\/eventos-es\/"},"img":{"alt_text":"cycling casa de campo","src":"https:\/\/i0.wp.com\/casadecampoliving.com\/wp-content\/uploads\/2022\/10\/cycling_casa_de_campo1-3.jpg?fit=650%2C410&ssl=1&resize=350%2C200","width":350,"height":200,"srcset":"https:\/\/i0.wp.com\/casadecampoliving.com\/wp-content\/uploads\/2022\/10\/cycling_casa_de_campo1-3.jpg?fit=650%2C410&ssl=1&resize=350%2C200 1x, https:\/\/i0.wp.com\/casadecampoliving.com\/wp-content\/uploads\/2022\/10\/cycling_casa_de_campo1-3.jpg?fit=650%2C410&ssl=1&resize=525%2C300 1.5x"},"classes":[]},{"id":340546,"url":"https:\/\/casadecampoliving.com\/es\/se-acerca-el-fin-de-semana-benefico-del-hogar-del-nino-golf-tenis-ciclismo-zumba-polo-bailes-y-mucho-mas\/","url_meta":{"origin":351178,"position":5},"title":"\u00a1Se acerca el Fin de Semana Ben\u00e9fico del Hogar del Ni\u00f1o! Golf, tenis, ciclismo, zumba, polo, bailes y mucho m\u00e1s!","author":"","date":"31 Ene, 2013","format":false,"excerpt":"Est\u00e1n listos para pasarla bien en nombre de una causa a\u00fan m\u00e1s fabulosa? Entonces, prep\u00e1rese para el Fin de Semana Ben\u00e9fico del Hogar del Ni\u00f1o, el cual, \u00e9ste a\u00f1o estar\u00e1 celebrado su XVI edici\u00f3n el pr\u00f3ximo 15 y el 16 de febrero. Con un programa de actividades para toda la\u2026","rel":"","context":"En \u00abCountry Club La Romana\u00bb","block_context":{"text":"Country Club La Romana","link":"https:\/\/casadecampoliving.com\/es\/category\/country-club-la-romana-es\/"},"img":{"alt_text":"casa de campo event","src":"https:\/\/i0.wp.com\/casadecampoliving.com\/wp-content\/uploads\/2022\/10\/casa_de_campo_eventy-1.jpg?fit=650%2C366&ssl=1&resize=350%2C200","width":350,"height":200,"srcset":"https:\/\/i0.wp.com\/casadecampoliving.com\/wp-content\/uploads\/2022\/10\/casa_de_campo_eventy-1.jpg?fit=650%2C366&ssl=1&resize=350%2C200 1x, https:\/\/i0.wp.com\/casadecampoliving.com\/wp-content\/uploads\/2022\/10\/casa_de_campo_eventy-1.jpg?fit=650%2C366&ssl=1&resize=525%2C300 1.5x"},"classes":[]}],"jetpack_sharing_enabled":true,"_links":{"self":[{"href":"https:\/\/casadecampoliving.com\/es\/wp-json\/wp\/v2\/posts\/351178","targetHints":{"allow":["GET"]}}],"collection":[{"href":"https:\/\/casadecampoliving.com\/es\/wp-json\/wp\/v2\/posts"}],"about":[{"href":"https:\/\/casadecampoliving.com\/es\/wp-json\/wp\/v2\/types\/post"}],"author":[{"embeddable":true,"href":"https:\/\/casadecampoliving.com\/es\/wp-json\/wp\/v2\/users\/36682"}],"replies":[{"embeddable":true,"href":"https:\/\/casadecampoliving.com\/es\/wp-json\/wp\/v2\/comments?post=351178"}],"version-history":[{"count":1,"href":"https:\/\/casadecampoliving.com\/es\/wp-json\/wp\/v2\/posts\/351178\/revisions"}],"predecessor-version":[{"id":351179,"href":"https:\/\/casadecampoliving.com\/es\/wp-json\/wp\/v2\/posts\/351178\/revisions\/351179"}],"wp:featuredmedia":[{"embeddable":true,"href":"https:\/\/casadecampoliving.com\/es\/wp-json\/wp\/v2\/media\/279585"}],"wp:attachment":[{"href":"https:\/\/casadecampoliving.com\/es\/wp-json\/wp\/v2\/media?parent=351178"}],"wp:term":[{"taxonomy":"category","embeddable":true,"href":"https:\/\/casadecampoliving.com\/es\/wp-json\/wp\/v2\/categories?post=351178"},{"taxonomy":"post_tag","embeddable":true,"href":"https:\/\/casadecampoliving.com\/es\/wp-json\/wp\/v2\/tags?post=351178"},{"taxonomy":"newspack_spnsrs_tax","embeddable":true,"href":"https:\/\/casadecampoliving.com\/es\/wp-json\/wp\/v2\/newspack_spnsrs_tax?post=351178"}],"curies":[{"name":"wp","href":"https:\/\/api.w.org\/{rel}","templated":true}]}}