{"id":351128,"date":"2017-02-08T00:00:00","date_gmt":"2017-02-08T04:00:00","guid":{"rendered":"https:\/\/casadecampoliving.com\/primera-dama-candida-montilla-de-medina-visita-altos-de-chavon-con-distinguidas-damas-de-america-latina\/"},"modified":"2022-11-10T09:58:32","modified_gmt":"2022-11-10T13:58:32","slug":"primera-dama-candida-montilla-de-medina-visita-altos-de-chavon-con-distinguidas-damas-de-america-latina","status":"publish","type":"post","link":"https:\/\/casadecampoliving.com\/es\/primera-dama-candida-montilla-de-medina-visita-altos-de-chavon-con-distinguidas-damas-de-america-latina\/","title":{"rendered":"Primera Dama C\u00e1ndida Montilla de Medina visita Altos de Chav\u00f3n con distinguidas damas de Am\u00e9rica Latina"},"content":{"rendered":"<p style=\"text-align: justify;\">Hace unas semanas, la Rep\u00fablica Dominicana fue la sede de la V Cumbre de Jefes y Jefas de Estado y\/o de Gobierno de la Comunidad de Estados Latinoamericanos y Caribe\u00f1os (CELAC) celebrada en Punta Cana, donde varios Presidentes vinieron a profundizar la integraci\u00f3n de los pa\u00edses de Am\u00e9rica Latina y el Caribe. Como parte de las actividades, la primera dama de la Rep\u00fablica Dominicana\u00a0C\u00e1ndida Montilla de Medina, junto con sus hom\u00f3logas y las esposas de cancilleres que asistieron a la cumbre visitaron Higuey, as\u00ed como Altos de Chav\u00f3n y Casa de Campo.<\/p>\n<p style=\"text-align: justify;\"><!--more--><\/p>\n<p style=\"text-align: justify;\"><img data-recalc-dims=\"1\" loading=\"lazy\" decoding=\"async\" class=\"aligncenter size-full wp-image-134546\" src=\"https:\/\/i0.wp.com\/casadecampoliving.com\/wp-content\/uploads\/2022\/10\/32525946395_4b00b77ded_h-2.jpg?resize=1000%2C666&#038;ssl=1\" alt=\"32525946395_4b00b77ded_h\" width=\"1000\" height=\"666\" \/><\/p>\n<p style=\"text-align: justify;\">La Sra. Montilla de Medina junto a las primeras damas Ginette Privert, de Hait\u00ed, y Clara Savar\u00edn, de Dominica, adem\u00e1s de las esposas de los cancilleres, Elizabeth Franco de Loizaga, de Paraguay; Sharon Brantley, de San Crist\u00f3bal y Nieves, y Angelita de Vargas, de la Rep\u00fablica Dominicana, quienes acompa\u00f1adas por otras damas, compartieron distintos momentos y espacios. Realizaron un recorrido por la Bas\u00edlica Catedral Nuestra Se\u00f1ora de La Altagracia y el Museo contiguo que lleva el mismo nombre con el\u00a0reverendo padre Evaristo Arech\u00e9 quien estuvo acargo de la visita.<\/p>\n<p style=\"text-align: justify;\"><img data-recalc-dims=\"1\" loading=\"lazy\" decoding=\"async\" class=\"aligncenter size-full wp-image-134542\" src=\"https:\/\/i0.wp.com\/casadecampoliving.com\/wp-content\/uploads\/2022\/10\/31713917013_c33bd3f341_h-2.jpg?resize=1000%2C666&#038;ssl=1\" alt=\"31713917013_c33bd3f341_h\" width=\"1000\" height=\"666\" \/><\/p>\n<p style=\"text-align: justify;\">La Primera Dama se\u00f1al\u00f3 su inter\u00e9s en dar a conocer \u00abla vida espiritual de toda esta regi\u00f3n, y sembrar en sus corazones la cultura del pueblo dominicano, que es una cultural espiritual, de corazones bondadosos, una cultura de la protecci\u00f3n divina y de la gracia que ha tenido esta regi\u00f3n, la cual ha sido demostrada por todo el beneficio tur\u00edstico que ha resultado para nuestro pa\u00eds\u00bb.\u00a0Las damas se mostraron fascinadas de escuchar directamente c\u00f3mo fue construido ese templo sagrado para los dominicanos. Adem\u00e1s, escucharon entusiastas la forma en la que se manifiesta la tradici\u00f3n de los dominicanos de honrar a su Santa Madre Espiritual, la Virgen de La Altagracia, el 21 de enero de cada a\u00f1o.<\/p>\n<p style=\"text-align: justify;\"><img data-recalc-dims=\"1\" loading=\"lazy\" decoding=\"async\" class=\"aligncenter size-full wp-image-134544\" src=\"https:\/\/i0.wp.com\/casadecampoliving.com\/wp-content\/uploads\/2022\/10\/31714642353_6f1e49135a_h-2.jpg?resize=1000%2C666&#038;ssl=1\" alt=\"31714642353_6f1e49135a_h\" width=\"1000\" height=\"666\" \/><\/p>\n<p style=\"text-align: justify;\">Despu\u00e9s de la visita a la Bas\u00edlica de Nuestra Se\u00f1ora de La Altagracia y su Museo, las damas viajaron a Casa de Campo y Altos de Chav\u00f3n en La Romana donde visitaron la famosa villa de los artistas y realizaron un recorrido que estuvo a cargo de Stephen Kaplan, rector de la Escuela de Dise\u00f1o y Sr. Andr\u00e9s Pichardo Rosenberg, Presidente de Casa de Campo Resort y Villas. Entre los lugares visitados se encontraban el Anfiteatro, la Galer\u00eda, el Museo, la Iglesia de San Estanislao y la Plaza de Chav\u00f3n, \u00a0donde un grupo de bailarines folkl\u00f3ricos vestidos en trajes tradicionales blancos, rojos y azules, bailaron al ritmo de las cautivadoras melod\u00edas del merengue. Al finalizar el d\u00eda, la Primera Dama de la Rep\u00fablica ofreci\u00f3 un almuerzo a sus hom\u00f3logas, esposas de cancilleres y acompa\u00f1antes, para culminar la agenda con broche de oro.<\/p>\n<p style=\"text-align: justify;\">A continuaci\u00f3n,\u00a0una galer\u00eda de fotos de la visita a Altos de Chav\u00f3n, proporcionada por\u00a0el <a href=\"https:\/\/primeradama.gob.do\/candida-montilla-de-medina-desarrolla-agenda-con-primeras-damas-en-v-cumbre-celac\/\">Despacho de la Primera Dama:<\/a><\/p>\n<p>[nggallery id = 2811]<\/p>\n","protected":false},"excerpt":{"rendered":"<p>Hace unas semanas, la Rep\u00fablica Dominicana fue la sede de la V Cumbre de Jefes y Jefas de Estado y\/o de Gobierno de la Comunidad de Estados Latinoamericanos y Caribe\u00f1os (CELAC) celebrada en Punta Cana, donde varios Presidentes vinieron a profundizar la integraci\u00f3n de los pa\u00edses de Am\u00e9rica Latina y el Caribe. Como parte de [&hellip;]<\/p>\n","protected":false},"author":36682,"featured_media":328999,"comment_status":"closed","ping_status":"closed","sticky":false,"template":"","format":"standard","meta":{"newspack_ads_suppress_ads":false,"newspack_popups_has_disabled_popups":false,"newspack_sponsor_sponsorship_scope":"","newspack_sponsor_native_byline_display":"inherit","newspack_sponsor_native_category_display":"inherit","newspack_sponsor_underwriter_style":"inherit","newspack_sponsor_underwriter_placement":"inherit","_newspack_byline_active":false,"_newspack_byline":"","newspack_hide_updated_date":false,"newspack_show_updated_date":false,"newspack_content_restriction_is_exempt":false,"newspack_featured_image_position":"","newspack_post_subtitle":"","newspack_article_summary_title":"Overview:","newspack_article_summary":"","_jetpack_memberships_contains_paid_content":false,"footnotes":"","jetpack_publicize_message":"","jetpack_publicize_feature_enabled":true,"jetpack_social_post_already_shared":false,"jetpack_social_options":{"image_generator_settings":{"template":"highway","default_image_id":0,"font":"","enabled":false},"version":2},"_wpas_customize_per_network":false},"categories":[26819,26823,2522,2506,14625,2521],"tags":[15387,23815,3626,18629,14777,7217],"newspack_spnsrs_tax":[],"class_list":["post-351128","post","type-post","status-publish","format-standard","has-post-thumbnail","hentry","category-altos-de-chavon-es","category-arte-y-cultura","category-eventos-es","category-mas-alla-de-casa-es","category-noticias-locales","category-republica-dominicana-2","tag-altos-de-chavon-es","tag-casa-de-campo-es-17","tag-casa-de-campo-es","tag-dominican-republic-es-5","tag-republica-dominicana-es-18","tag-stephen-kaplan-es","entry"],"yoast_head":"<!-- This site is optimized with the Yoast SEO plugin v27.4 - https:\/\/yoast.com\/product\/yoast-seo-wordpress\/ -->\n<title>Primera Dama C\u00e1ndida Montilla de Medina visita Altos de Chav\u00f3n con distinguidas damas de Am\u00e9rica Latina | Casa de Campo Living<\/title>\n<meta name=\"description\" content=\"Hace unas semanas, la Rep\u00fablica Dominicana fue la sede de la V Cumbre de Jefes y Jefas de Estado y\/o de Gobierno de la Comunidad de Estados\" \/>\n<meta name=\"robots\" content=\"index, follow, max-snippet:-1, max-image-preview:large, max-video-preview:-1\" \/>\n<link rel=\"canonical\" href=\"https:\/\/casadecampoliving.com\/es\/primera-dama-candida-montilla-de-medina-visita-altos-de-chavon-con-distinguidas-damas-de-america-latina\/\" \/>\n<meta property=\"og:locale\" content=\"es_ES\" \/>\n<meta property=\"og:type\" content=\"article\" \/>\n<meta property=\"og:title\" content=\"Primera Dama C\u00e1ndida Montilla de Medina visita Altos de Chav\u00f3n con distinguidas damas de Am\u00e9rica Latina | Casa de Campo Living\" \/>\n<meta property=\"og:description\" content=\"Hace unas semanas, la Rep\u00fablica Dominicana fue la sede de la V Cumbre de Jefes y Jefas de Estado y\/o de Gobierno de la Comunidad de Estados\" \/>\n<meta property=\"og:url\" content=\"https:\/\/casadecampoliving.com\/es\/primera-dama-candida-montilla-de-medina-visita-altos-de-chavon-con-distinguidas-damas-de-america-latina\/\" \/>\n<meta property=\"og:site_name\" content=\"Casa de Campo Living\" \/>\n<meta property=\"article:publisher\" content=\"https:\/\/www.facebook.com\/casadecampoliving\" \/>\n<meta property=\"article:published_time\" content=\"2017-02-08T04:00:00+00:00\" \/>\n<meta property=\"article:modified_time\" content=\"2022-11-10T13:58:32+00:00\" \/>\n<meta property=\"og:image\" content=\"https:\/\/i0.wp.com\/casadecampoliving.com\/wp-content\/uploads\/2022\/10\/32486717286_4208150332_h-1.jpg?fit=1000%2C666&ssl=1\" \/>\n\t<meta property=\"og:image:width\" content=\"1000\" \/>\n\t<meta property=\"og:image:height\" content=\"666\" \/>\n\t<meta property=\"og:image:type\" content=\"image\/jpeg\" \/>\n<meta name=\"author\" content=\"Marlenys Guzm\u00e1n Casta\u00f1os\" \/>\n<meta name=\"twitter:card\" content=\"summary_large_image\" \/>\n<meta name=\"twitter:creator\" content=\"@cdcliving\" \/>\n<meta name=\"twitter:site\" content=\"@cdcliving\" \/>\n<meta name=\"twitter:label1\" content=\"Escrito por\" \/>\n\t<meta name=\"twitter:data1\" content=\"Marlenys Guzm\u00e1n Casta\u00f1os\" \/>\n\t<meta name=\"twitter:label2\" content=\"Tiempo de lectura\" \/>\n\t<meta name=\"twitter:data2\" content=\"3 minutos\" \/>\n<script type=\"application\/ld+json\" class=\"yoast-schema-graph\">{\"@context\":\"https:\\\/\\\/schema.org\",\"@graph\":[{\"@type\":\"Article\",\"@id\":\"https:\\\/\\\/casadecampoliving.com\\\/es\\\/primera-dama-candida-montilla-de-medina-visita-altos-de-chavon-con-distinguidas-damas-de-america-latina\\\/#article\",\"isPartOf\":{\"@id\":\"https:\\\/\\\/casadecampoliving.com\\\/es\\\/primera-dama-candida-montilla-de-medina-visita-altos-de-chavon-con-distinguidas-damas-de-america-latina\\\/\"},\"author\":{\"name\":\"Marlenys Guzm\u00e1n Casta\u00f1os\",\"@id\":\"https:\\\/\\\/casadecampoliving.com\\\/es\\\/#\\\/schema\\\/person\\\/b6606bd87f9cec8f5903e2141cafda24\"},\"headline\":\"Primera Dama C\u00e1ndida Montilla de Medina visita Altos de Chav\u00f3n con distinguidas damas de Am\u00e9rica Latina\",\"datePublished\":\"2017-02-08T04:00:00+00:00\",\"dateModified\":\"2022-11-10T13:58:32+00:00\",\"mainEntityOfPage\":{\"@id\":\"https:\\\/\\\/casadecampoliving.com\\\/es\\\/primera-dama-candida-montilla-de-medina-visita-altos-de-chavon-con-distinguidas-damas-de-america-latina\\\/\"},\"wordCount\":528,\"publisher\":{\"@id\":\"https:\\\/\\\/casadecampoliving.com\\\/es\\\/#organization\"},\"image\":{\"@id\":\"https:\\\/\\\/casadecampoliving.com\\\/es\\\/primera-dama-candida-montilla-de-medina-visita-altos-de-chavon-con-distinguidas-damas-de-america-latina\\\/#primaryimage\"},\"thumbnailUrl\":\"https:\\\/\\\/i0.wp.com\\\/casadecampoliving.com\\\/wp-content\\\/uploads\\\/2022\\\/10\\\/32486717286_4208150332_h-1.jpg?fit=1000%2C666&ssl=1\",\"keywords\":[\"Altos de Chavon\",\"Casa de Campo\",\"casa de campo @es\",\"Dominican Republic\",\"Republica Dominicana\",\"stephen kaplan @es\"],\"articleSection\":[\"Altos de Chavon @es\",\"Arte y cultura\",\"Eventos\",\"M\u00e1s all\u00e1 de Casa\",\"Noticias Locales\",\"Rep\u00fablica Dominicana @es\"],\"inLanguage\":\"es\"},{\"@type\":\"WebPage\",\"@id\":\"https:\\\/\\\/casadecampoliving.com\\\/es\\\/primera-dama-candida-montilla-de-medina-visita-altos-de-chavon-con-distinguidas-damas-de-america-latina\\\/\",\"url\":\"https:\\\/\\\/casadecampoliving.com\\\/es\\\/primera-dama-candida-montilla-de-medina-visita-altos-de-chavon-con-distinguidas-damas-de-america-latina\\\/\",\"name\":\"Primera Dama C\u00e1ndida Montilla de Medina visita Altos de Chav\u00f3n con distinguidas damas de Am\u00e9rica Latina | Casa de Campo Living\",\"isPartOf\":{\"@id\":\"https:\\\/\\\/casadecampoliving.com\\\/es\\\/#website\"},\"primaryImageOfPage\":{\"@id\":\"https:\\\/\\\/casadecampoliving.com\\\/es\\\/primera-dama-candida-montilla-de-medina-visita-altos-de-chavon-con-distinguidas-damas-de-america-latina\\\/#primaryimage\"},\"image\":{\"@id\":\"https:\\\/\\\/casadecampoliving.com\\\/es\\\/primera-dama-candida-montilla-de-medina-visita-altos-de-chavon-con-distinguidas-damas-de-america-latina\\\/#primaryimage\"},\"thumbnailUrl\":\"https:\\\/\\\/i0.wp.com\\\/casadecampoliving.com\\\/wp-content\\\/uploads\\\/2022\\\/10\\\/32486717286_4208150332_h-1.jpg?fit=1000%2C666&ssl=1\",\"datePublished\":\"2017-02-08T04:00:00+00:00\",\"dateModified\":\"2022-11-10T13:58:32+00:00\",\"description\":\"Hace unas semanas, la Rep\u00fablica Dominicana fue la sede de la V Cumbre de Jefes y Jefas de Estado y\\\/o de Gobierno de la Comunidad de Estados\",\"breadcrumb\":{\"@id\":\"https:\\\/\\\/casadecampoliving.com\\\/es\\\/primera-dama-candida-montilla-de-medina-visita-altos-de-chavon-con-distinguidas-damas-de-america-latina\\\/#breadcrumb\"},\"inLanguage\":\"es\",\"potentialAction\":[{\"@type\":\"ReadAction\",\"target\":[\"https:\\\/\\\/casadecampoliving.com\\\/es\\\/primera-dama-candida-montilla-de-medina-visita-altos-de-chavon-con-distinguidas-damas-de-america-latina\\\/\"]}]},{\"@type\":\"ImageObject\",\"inLanguage\":\"es\",\"@id\":\"https:\\\/\\\/casadecampoliving.com\\\/es\\\/primera-dama-candida-montilla-de-medina-visita-altos-de-chavon-con-distinguidas-damas-de-america-latina\\\/#primaryimage\",\"url\":\"https:\\\/\\\/i0.wp.com\\\/casadecampoliving.com\\\/wp-content\\\/uploads\\\/2022\\\/10\\\/32486717286_4208150332_h-1.jpg?fit=1000%2C666&ssl=1\",\"contentUrl\":\"https:\\\/\\\/i0.wp.com\\\/casadecampoliving.com\\\/wp-content\\\/uploads\\\/2022\\\/10\\\/32486717286_4208150332_h-1.jpg?fit=1000%2C666&ssl=1\",\"width\":1000,\"height\":666},{\"@type\":\"BreadcrumbList\",\"@id\":\"https:\\\/\\\/casadecampoliving.com\\\/es\\\/primera-dama-candida-montilla-de-medina-visita-altos-de-chavon-con-distinguidas-damas-de-america-latina\\\/#breadcrumb\",\"itemListElement\":[{\"@type\":\"ListItem\",\"position\":1,\"name\":\"Home\",\"item\":\"https:\\\/\\\/casadecampoliving.com\\\/es\\\/\"},{\"@type\":\"ListItem\",\"position\":2,\"name\":\"Primera Dama C\u00e1ndida Montilla de Medina visita Altos de Chav\u00f3n con distinguidas damas de Am\u00e9rica Latina\"}]},{\"@type\":\"WebSite\",\"@id\":\"https:\\\/\\\/casadecampoliving.com\\\/es\\\/#website\",\"url\":\"https:\\\/\\\/casadecampoliving.com\\\/es\\\/\",\"name\":\"Casa de Campo Living\",\"description\":\"Resort community news and resources.\",\"publisher\":{\"@id\":\"https:\\\/\\\/casadecampoliving.com\\\/es\\\/#organization\"},\"potentialAction\":[{\"@type\":\"SearchAction\",\"target\":{\"@type\":\"EntryPoint\",\"urlTemplate\":\"https:\\\/\\\/casadecampoliving.com\\\/es\\\/?s={search_term_string}\"},\"query-input\":{\"@type\":\"PropertyValueSpecification\",\"valueRequired\":true,\"valueName\":\"search_term_string\"}}],\"inLanguage\":\"es\"},{\"@type\":\"Organization\",\"@id\":\"https:\\\/\\\/casadecampoliving.com\\\/es\\\/#organization\",\"name\":\"Casa de Campo Living\",\"url\":\"https:\\\/\\\/casadecampoliving.com\\\/es\\\/\",\"logo\":{\"@type\":\"ImageObject\",\"inLanguage\":\"es\",\"@id\":\"https:\\\/\\\/casadecampoliving.com\\\/es\\\/#\\\/schema\\\/logo\\\/image\\\/\",\"url\":\"https:\\\/\\\/i0.wp.com\\\/casadecampoliving.com\\\/wp-content\\\/uploads\\\/2022\\\/07\\\/CDCLivingLogo_V1-white-sized.png?fit=800%2C214&ssl=1\",\"contentUrl\":\"https:\\\/\\\/i0.wp.com\\\/casadecampoliving.com\\\/wp-content\\\/uploads\\\/2022\\\/07\\\/CDCLivingLogo_V1-white-sized.png?fit=800%2C214&ssl=1\",\"width\":800,\"height\":214,\"caption\":\"Casa de Campo Living\"},\"image\":{\"@id\":\"https:\\\/\\\/casadecampoliving.com\\\/es\\\/#\\\/schema\\\/logo\\\/image\\\/\"},\"sameAs\":[\"https:\\\/\\\/www.facebook.com\\\/casadecampoliving\",\"https:\\\/\\\/x.com\\\/cdcliving\"]},{\"@type\":\"Person\",\"@id\":\"https:\\\/\\\/casadecampoliving.com\\\/es\\\/#\\\/schema\\\/person\\\/b6606bd87f9cec8f5903e2141cafda24\",\"name\":\"Marlenys Guzm\u00e1n Casta\u00f1os\",\"image\":{\"@type\":\"ImageObject\",\"inLanguage\":\"es\",\"@id\":\"https:\\\/\\\/secure.gravatar.com\\\/avatar\\\/72f3f86b8e6b3ec744201aeadf11d4a6055e8af194aecd9ad30ffff4437878ee?s=96&d=mm&r=g\",\"url\":\"https:\\\/\\\/secure.gravatar.com\\\/avatar\\\/72f3f86b8e6b3ec744201aeadf11d4a6055e8af194aecd9ad30ffff4437878ee?s=96&d=mm&r=g\",\"contentUrl\":\"https:\\\/\\\/secure.gravatar.com\\\/avatar\\\/72f3f86b8e6b3ec744201aeadf11d4a6055e8af194aecd9ad30ffff4437878ee?s=96&d=mm&r=g\",\"caption\":\"Marlenys Guzm\u00e1n Casta\u00f1os\"},\"url\":\"https:\\\/\\\/casadecampoliving.com\\\/es\\\/author\\\/mguzman\\\/\"}]}<\/script>\n<!-- \/ Yoast SEO plugin. -->","yoast_head_json":{"title":"Primera Dama C\u00e1ndida Montilla de Medina visita Altos de Chav\u00f3n con distinguidas damas de Am\u00e9rica Latina | Casa de Campo Living","description":"Hace unas semanas, la Rep\u00fablica Dominicana fue la sede de la V Cumbre de Jefes y Jefas de Estado y\/o de Gobierno de la Comunidad de Estados","robots":{"index":"index","follow":"follow","max-snippet":"max-snippet:-1","max-image-preview":"max-image-preview:large","max-video-preview":"max-video-preview:-1"},"canonical":"https:\/\/casadecampoliving.com\/es\/primera-dama-candida-montilla-de-medina-visita-altos-de-chavon-con-distinguidas-damas-de-america-latina\/","og_locale":"es_ES","og_type":"article","og_title":"Primera Dama C\u00e1ndida Montilla de Medina visita Altos de Chav\u00f3n con distinguidas damas de Am\u00e9rica Latina | Casa de Campo Living","og_description":"Hace unas semanas, la Rep\u00fablica Dominicana fue la sede de la V Cumbre de Jefes y Jefas de Estado y\/o de Gobierno de la Comunidad de Estados","og_url":"https:\/\/casadecampoliving.com\/es\/primera-dama-candida-montilla-de-medina-visita-altos-de-chavon-con-distinguidas-damas-de-america-latina\/","og_site_name":"Casa de Campo Living","article_publisher":"https:\/\/www.facebook.com\/casadecampoliving","article_published_time":"2017-02-08T04:00:00+00:00","article_modified_time":"2022-11-10T13:58:32+00:00","og_image":[{"width":1000,"height":666,"url":"https:\/\/i0.wp.com\/casadecampoliving.com\/wp-content\/uploads\/2022\/10\/32486717286_4208150332_h-1.jpg?fit=1000%2C666&ssl=1","type":"image\/jpeg"}],"author":"Marlenys Guzm\u00e1n Casta\u00f1os","twitter_card":"summary_large_image","twitter_creator":"@cdcliving","twitter_site":"@cdcliving","twitter_misc":{"Escrito por":"Marlenys Guzm\u00e1n Casta\u00f1os","Tiempo de lectura":"3 minutos"},"schema":{"@context":"https:\/\/schema.org","@graph":[{"@type":"Article","@id":"https:\/\/casadecampoliving.com\/es\/primera-dama-candida-montilla-de-medina-visita-altos-de-chavon-con-distinguidas-damas-de-america-latina\/#article","isPartOf":{"@id":"https:\/\/casadecampoliving.com\/es\/primera-dama-candida-montilla-de-medina-visita-altos-de-chavon-con-distinguidas-damas-de-america-latina\/"},"author":{"name":"Marlenys Guzm\u00e1n Casta\u00f1os","@id":"https:\/\/casadecampoliving.com\/es\/#\/schema\/person\/b6606bd87f9cec8f5903e2141cafda24"},"headline":"Primera Dama C\u00e1ndida Montilla de Medina visita Altos de Chav\u00f3n con distinguidas damas de Am\u00e9rica Latina","datePublished":"2017-02-08T04:00:00+00:00","dateModified":"2022-11-10T13:58:32+00:00","mainEntityOfPage":{"@id":"https:\/\/casadecampoliving.com\/es\/primera-dama-candida-montilla-de-medina-visita-altos-de-chavon-con-distinguidas-damas-de-america-latina\/"},"wordCount":528,"publisher":{"@id":"https:\/\/casadecampoliving.com\/es\/#organization"},"image":{"@id":"https:\/\/casadecampoliving.com\/es\/primera-dama-candida-montilla-de-medina-visita-altos-de-chavon-con-distinguidas-damas-de-america-latina\/#primaryimage"},"thumbnailUrl":"https:\/\/i0.wp.com\/casadecampoliving.com\/wp-content\/uploads\/2022\/10\/32486717286_4208150332_h-1.jpg?fit=1000%2C666&ssl=1","keywords":["Altos de Chavon","Casa de Campo","casa de campo @es","Dominican Republic","Republica Dominicana","stephen kaplan @es"],"articleSection":["Altos de Chavon @es","Arte y cultura","Eventos","M\u00e1s all\u00e1 de Casa","Noticias Locales","Rep\u00fablica Dominicana @es"],"inLanguage":"es"},{"@type":"WebPage","@id":"https:\/\/casadecampoliving.com\/es\/primera-dama-candida-montilla-de-medina-visita-altos-de-chavon-con-distinguidas-damas-de-america-latina\/","url":"https:\/\/casadecampoliving.com\/es\/primera-dama-candida-montilla-de-medina-visita-altos-de-chavon-con-distinguidas-damas-de-america-latina\/","name":"Primera Dama C\u00e1ndida Montilla de Medina visita Altos de Chav\u00f3n con distinguidas damas de Am\u00e9rica Latina | Casa de Campo Living","isPartOf":{"@id":"https:\/\/casadecampoliving.com\/es\/#website"},"primaryImageOfPage":{"@id":"https:\/\/casadecampoliving.com\/es\/primera-dama-candida-montilla-de-medina-visita-altos-de-chavon-con-distinguidas-damas-de-america-latina\/#primaryimage"},"image":{"@id":"https:\/\/casadecampoliving.com\/es\/primera-dama-candida-montilla-de-medina-visita-altos-de-chavon-con-distinguidas-damas-de-america-latina\/#primaryimage"},"thumbnailUrl":"https:\/\/i0.wp.com\/casadecampoliving.com\/wp-content\/uploads\/2022\/10\/32486717286_4208150332_h-1.jpg?fit=1000%2C666&ssl=1","datePublished":"2017-02-08T04:00:00+00:00","dateModified":"2022-11-10T13:58:32+00:00","description":"Hace unas semanas, la Rep\u00fablica Dominicana fue la sede de la V Cumbre de Jefes y Jefas de Estado y\/o de Gobierno de la Comunidad de Estados","breadcrumb":{"@id":"https:\/\/casadecampoliving.com\/es\/primera-dama-candida-montilla-de-medina-visita-altos-de-chavon-con-distinguidas-damas-de-america-latina\/#breadcrumb"},"inLanguage":"es","potentialAction":[{"@type":"ReadAction","target":["https:\/\/casadecampoliving.com\/es\/primera-dama-candida-montilla-de-medina-visita-altos-de-chavon-con-distinguidas-damas-de-america-latina\/"]}]},{"@type":"ImageObject","inLanguage":"es","@id":"https:\/\/casadecampoliving.com\/es\/primera-dama-candida-montilla-de-medina-visita-altos-de-chavon-con-distinguidas-damas-de-america-latina\/#primaryimage","url":"https:\/\/i0.wp.com\/casadecampoliving.com\/wp-content\/uploads\/2022\/10\/32486717286_4208150332_h-1.jpg?fit=1000%2C666&ssl=1","contentUrl":"https:\/\/i0.wp.com\/casadecampoliving.com\/wp-content\/uploads\/2022\/10\/32486717286_4208150332_h-1.jpg?fit=1000%2C666&ssl=1","width":1000,"height":666},{"@type":"BreadcrumbList","@id":"https:\/\/casadecampoliving.com\/es\/primera-dama-candida-montilla-de-medina-visita-altos-de-chavon-con-distinguidas-damas-de-america-latina\/#breadcrumb","itemListElement":[{"@type":"ListItem","position":1,"name":"Home","item":"https:\/\/casadecampoliving.com\/es\/"},{"@type":"ListItem","position":2,"name":"Primera Dama C\u00e1ndida Montilla de Medina visita Altos de Chav\u00f3n con distinguidas damas de Am\u00e9rica Latina"}]},{"@type":"WebSite","@id":"https:\/\/casadecampoliving.com\/es\/#website","url":"https:\/\/casadecampoliving.com\/es\/","name":"Casa de Campo Living","description":"Resort community news and resources.","publisher":{"@id":"https:\/\/casadecampoliving.com\/es\/#organization"},"potentialAction":[{"@type":"SearchAction","target":{"@type":"EntryPoint","urlTemplate":"https:\/\/casadecampoliving.com\/es\/?s={search_term_string}"},"query-input":{"@type":"PropertyValueSpecification","valueRequired":true,"valueName":"search_term_string"}}],"inLanguage":"es"},{"@type":"Organization","@id":"https:\/\/casadecampoliving.com\/es\/#organization","name":"Casa de Campo Living","url":"https:\/\/casadecampoliving.com\/es\/","logo":{"@type":"ImageObject","inLanguage":"es","@id":"https:\/\/casadecampoliving.com\/es\/#\/schema\/logo\/image\/","url":"https:\/\/i0.wp.com\/casadecampoliving.com\/wp-content\/uploads\/2022\/07\/CDCLivingLogo_V1-white-sized.png?fit=800%2C214&ssl=1","contentUrl":"https:\/\/i0.wp.com\/casadecampoliving.com\/wp-content\/uploads\/2022\/07\/CDCLivingLogo_V1-white-sized.png?fit=800%2C214&ssl=1","width":800,"height":214,"caption":"Casa de Campo Living"},"image":{"@id":"https:\/\/casadecampoliving.com\/es\/#\/schema\/logo\/image\/"},"sameAs":["https:\/\/www.facebook.com\/casadecampoliving","https:\/\/x.com\/cdcliving"]},{"@type":"Person","@id":"https:\/\/casadecampoliving.com\/es\/#\/schema\/person\/b6606bd87f9cec8f5903e2141cafda24","name":"Marlenys Guzm\u00e1n Casta\u00f1os","image":{"@type":"ImageObject","inLanguage":"es","@id":"https:\/\/secure.gravatar.com\/avatar\/72f3f86b8e6b3ec744201aeadf11d4a6055e8af194aecd9ad30ffff4437878ee?s=96&d=mm&r=g","url":"https:\/\/secure.gravatar.com\/avatar\/72f3f86b8e6b3ec744201aeadf11d4a6055e8af194aecd9ad30ffff4437878ee?s=96&d=mm&r=g","contentUrl":"https:\/\/secure.gravatar.com\/avatar\/72f3f86b8e6b3ec744201aeadf11d4a6055e8af194aecd9ad30ffff4437878ee?s=96&d=mm&r=g","caption":"Marlenys Guzm\u00e1n Casta\u00f1os"},"url":"https:\/\/casadecampoliving.com\/es\/author\/mguzman\/"}]}},"parsely":{"version":"1.1.0","canonical_url":"https:\/\/casadecampoliving.com\/es\/primera-dama-candida-montilla-de-medina-visita-altos-de-chavon-con-distinguidas-damas-de-america-latina\/","smart_links":{"inbound":0,"outbound":0},"traffic_boost_suggestions_count":0,"meta":{"@context":"https:\/\/schema.org","@type":"NewsArticle","headline":"Primera Dama C\u00e1ndida Montilla de Medina visita Altos de Chav\u00f3n con distinguidas damas de Am\u00e9rica Latina","url":"http:\/\/casadecampoliving.com\/es\/primera-dama-candida-montilla-de-medina-visita-altos-de-chavon-con-distinguidas-damas-de-america-latina\/","mainEntityOfPage":{"@type":"WebPage","@id":"http:\/\/casadecampoliving.com\/es\/primera-dama-candida-montilla-de-medina-visita-altos-de-chavon-con-distinguidas-damas-de-america-latina\/"},"thumbnailUrl":"https:\/\/i0.wp.com\/casadecampoliving.com\/wp-content\/uploads\/2022\/10\/32486717286_4208150332_h-1.jpg?resize=150%2C150&ssl=1","image":{"@type":"ImageObject","url":"https:\/\/i0.wp.com\/casadecampoliving.com\/wp-content\/uploads\/2022\/10\/32486717286_4208150332_h-1.jpg?fit=1000%2C666&ssl=1"},"articleSection":"Altos de Chavon @es","author":[{"@type":"Person","name":"Marlenys Guzm\u00e1n Casta\u00f1os"}],"creator":["Marlenys Guzm\u00e1n Casta\u00f1os"],"publisher":{"@type":"Organization","name":"Casa de Campo Living","logo":"https:\/\/casadecampoliving.com\/wp-content\/uploads\/2022\/07\/CDCLivingLogo_V1-white-sized.png"},"keywords":["altos de chavon","casa de campo","casa de campo @es","dominican republic","republica dominicana","stephen kaplan @es"],"dateCreated":"2017-02-08T04:00:00Z","datePublished":"2017-02-08T04:00:00Z","dateModified":"2022-11-10T13:58:32Z"},"rendered":"<script type=\"application\/ld+json\" class=\"wp-parsely-metadata\">{\"@context\":\"https:\\\/\\\/schema.org\",\"@type\":\"NewsArticle\",\"headline\":\"Primera Dama C\\u00e1ndida Montilla de Medina visita Altos de Chav\\u00f3n con distinguidas damas de Am\\u00e9rica Latina\",\"url\":\"http:\\\/\\\/casadecampoliving.com\\\/es\\\/primera-dama-candida-montilla-de-medina-visita-altos-de-chavon-con-distinguidas-damas-de-america-latina\\\/\",\"mainEntityOfPage\":{\"@type\":\"WebPage\",\"@id\":\"http:\\\/\\\/casadecampoliving.com\\\/es\\\/primera-dama-candida-montilla-de-medina-visita-altos-de-chavon-con-distinguidas-damas-de-america-latina\\\/\"},\"thumbnailUrl\":\"https:\\\/\\\/i0.wp.com\\\/casadecampoliving.com\\\/wp-content\\\/uploads\\\/2022\\\/10\\\/32486717286_4208150332_h-1.jpg?resize=150%2C150&ssl=1\",\"image\":{\"@type\":\"ImageObject\",\"url\":\"https:\\\/\\\/i0.wp.com\\\/casadecampoliving.com\\\/wp-content\\\/uploads\\\/2022\\\/10\\\/32486717286_4208150332_h-1.jpg?fit=1000%2C666&ssl=1\"},\"articleSection\":\"Altos de Chavon @es\",\"author\":[{\"@type\":\"Person\",\"name\":\"Marlenys Guzm\\u00e1n Casta\\u00f1os\"}],\"creator\":[\"Marlenys Guzm\\u00e1n Casta\\u00f1os\"],\"publisher\":{\"@type\":\"Organization\",\"name\":\"Casa de Campo Living\",\"logo\":\"https:\\\/\\\/casadecampoliving.com\\\/wp-content\\\/uploads\\\/2022\\\/07\\\/CDCLivingLogo_V1-white-sized.png\"},\"keywords\":[\"altos de chavon\",\"casa de campo\",\"casa de campo @es\",\"dominican republic\",\"republica dominicana\",\"stephen kaplan @es\"],\"dateCreated\":\"2017-02-08T04:00:00Z\",\"datePublished\":\"2017-02-08T04:00:00Z\",\"dateModified\":\"2022-11-10T13:58:32Z\"}<\/script>","tracker_url":"https:\/\/cdn.parsely.com\/keys\/casadecampoliving.com\/p.js"},"jetpack_publicize_connections":[],"jetpack_featured_media_url":"https:\/\/i0.wp.com\/casadecampoliving.com\/wp-content\/uploads\/2022\/10\/32486717286_4208150332_h-1.jpg?fit=1000%2C666&ssl=1","jetpack-related-posts":[{"id":338310,"url":"https:\/\/casadecampoliving.com\/es\/candida-montilla-de-medina-hace-su-primera-aparicion-publica-como-esposa-del-candidato-presidencial-danilo-medina\/","url_meta":{"origin":351128,"position":0},"title":"C\u00e1ndida Montilla de Medina hace su primera aparici\u00f3n p\u00fablica en Casa de Campo como esposa del candidato presidencial, Danilo Medina","author":"","date":"8 Feb, 2012","format":false,"excerpt":"El pasado jueves 2 de febrero, C\u00e1ndida Montilla, la esposa del candidato a la presidencia, Danilo Medina S\u00e1nchez, hizo su primera aparici\u00f3n p\u00fablica en Casa de Campo en una exclusiva \"tarde de t\u00e9\", realizada por Patricia Proa\u00f1o en una villa privada de Casa de Campo y como invitada especial, Amarilis\u2026","rel":"","context":"En \u00abEventos\u00bb","block_context":{"text":"Eventos","link":"https:\/\/casadecampoliving.com\/es\/category\/eventos-es\/"},"img":{"alt_text":"","src":"https:\/\/i0.wp.com\/casadecampoliving.com\/wp-content\/uploads\/2022\/10\/candida_medina-1.jpg?fit=650%2C350&ssl=1&resize=350%2C200","width":350,"height":200,"srcset":"https:\/\/i0.wp.com\/casadecampoliving.com\/wp-content\/uploads\/2022\/10\/candida_medina-1.jpg?fit=650%2C350&ssl=1&resize=350%2C200 1x, https:\/\/i0.wp.com\/casadecampoliving.com\/wp-content\/uploads\/2022\/10\/candida_medina-1.jpg?fit=650%2C350&ssl=1&resize=525%2C300 1.5x"},"classes":[]},{"id":433460,"url":"https:\/\/casadecampoliving.com\/es\/no-se-pierdan-el-increible-tributo-a-frank-sinatra-para-celebrar-el-40-aniversario-del-anfiteatro-altos-de-chavon\/","url_meta":{"origin":351128,"position":1},"title":"No se pierdan el incre\u00edble tributo a Frank Sinatra para celebrar el 40 aniversario del\u00a0Anfiteatro Altos de Chav\u00f3n","author":"Casa de Campo Living","date":"20 Oct, 2022","format":false,"excerpt":"Siendo uno de los escenarios m\u00e1s emblem\u00e1ticos del pa\u00eds, Casa de Campo Resort\u00ae & Villas celebra las cuatro d\u00e9cadas de aniversario de Altos de Chav\u00f3n con un tributo al gran Frank Sinatra, protagonizado por artistas invitados y una big band tal cual la que acompa\u00f1\u00f3 al artista hace 40 a\u00f1os\u2026","rel":"","context":"En \u00abUncategorized @es\u00bb","block_context":{"text":"Uncategorized @es","link":"https:\/\/casadecampoliving.com\/es\/category\/uncategorized-es\/"},"img":{"alt_text":"","src":"https:\/\/i0.wp.com\/casadecampoliving.com\/wp-content\/uploads\/2022\/10\/Tributo-Frank-Sinatra-Foto-Principal-Amaury-Sanchez-Danilo-Ginebra-Andres-Pichardo-y-Jose-Gabriel-Perez-.jpg?fit=1200%2C873&ssl=1&resize=350%2C200","width":350,"height":200,"srcset":"https:\/\/i0.wp.com\/casadecampoliving.com\/wp-content\/uploads\/2022\/10\/Tributo-Frank-Sinatra-Foto-Principal-Amaury-Sanchez-Danilo-Ginebra-Andres-Pichardo-y-Jose-Gabriel-Perez-.jpg?fit=1200%2C873&ssl=1&resize=350%2C200 1x, https:\/\/i0.wp.com\/casadecampoliving.com\/wp-content\/uploads\/2022\/10\/Tributo-Frank-Sinatra-Foto-Principal-Amaury-Sanchez-Danilo-Ginebra-Andres-Pichardo-y-Jose-Gabriel-Perez-.jpg?fit=1200%2C873&ssl=1&resize=525%2C300 1.5x, https:\/\/i0.wp.com\/casadecampoliving.com\/wp-content\/uploads\/2022\/10\/Tributo-Frank-Sinatra-Foto-Principal-Amaury-Sanchez-Danilo-Ginebra-Andres-Pichardo-y-Jose-Gabriel-Perez-.jpg?fit=1200%2C873&ssl=1&resize=700%2C400 2x, https:\/\/i0.wp.com\/casadecampoliving.com\/wp-content\/uploads\/2022\/10\/Tributo-Frank-Sinatra-Foto-Principal-Amaury-Sanchez-Danilo-Ginebra-Andres-Pichardo-y-Jose-Gabriel-Perez-.jpg?fit=1200%2C873&ssl=1&resize=1050%2C600 3x"},"classes":[]},{"id":343672,"url":"https:\/\/casadecampoliving.com\/es\/la-primera-dama-candida-montilla-de-medina-visita-el-hogar-del-nino\/","url_meta":{"origin":351128,"position":2},"title":"La Primera Dama C\u00e1ndida Montilla de Medina visita el Hogar del Ni\u00f1o","author":"Genesis Perdomo","date":"9 Ene, 2014","format":false,"excerpt":"El Hogar del Ni\u00f1o es una instituci\u00f3n bendecida, haciendo una diferencia gracias a las innumerables contribuciones y apoyo, la cual reciben de las celebridades como Pitbull y tambi\u00e9n de la comunidad de Casa de Campo. El pasado Lunes 6 de enero, Hogar del Ni\u00f1o fue muy agradecido en recibir una\u2026","rel":"","context":"En \u00abRep\u00fablica Dominicana @es\u00bb","block_context":{"text":"Rep\u00fablica Dominicana @es","link":"https:\/\/casadecampoliving.com\/es\/category\/republica-dominicana-2\/"},"img":{"alt_text":"","src":"https:\/\/i0.wp.com\/casadecampoliving.com\/wp-content\/uploads\/2022\/10\/026-1.jpg?fit=650%2C431&ssl=1&resize=350%2C200","width":350,"height":200,"srcset":"https:\/\/i0.wp.com\/casadecampoliving.com\/wp-content\/uploads\/2022\/10\/026-1.jpg?fit=650%2C431&ssl=1&resize=350%2C200 1x, https:\/\/i0.wp.com\/casadecampoliving.com\/wp-content\/uploads\/2022\/10\/026-1.jpg?fit=650%2C431&ssl=1&resize=525%2C300 1.5x"},"classes":[]},{"id":328991,"url":"https:\/\/casadecampoliving.com\/first-lady-candida-montilla-de-medina-visits-altos-de-chavon-along-distinguished-ladies\/","url_meta":{"origin":351128,"position":3},"title":"First Lady C\u00e1ndida Montilla de Medina visits Altos de Chav\u00f3n with distinguished ladies of Latin America","author":"Marlenys Guzm\u00e1n Casta\u00f1os","date":"8 Feb, 2017","format":false,"excerpt":"A few weeks ago, the Dominican Republic hosted the V\u00a0Community of Latin American and Caribbean States Summit celebrated in Punta Cana where various Presidents came down to deepen the integration of the Latin America and Caribbean countries. As part of the activities, First Lady C\u00e1ndida Montilla de Medina of the\u2026","rel":"","context":"En \u00abAltos de Chavon\u00bb","block_context":{"text":"Altos de Chavon","link":"https:\/\/casadecampoliving.com\/category\/altos-de-chavon\/"},"img":{"alt_text":"","src":"https:\/\/i0.wp.com\/casadecampoliving.com\/wp-content\/uploads\/2022\/10\/32486717286_4208150332_h-1.jpg?fit=1000%2C666&ssl=1&resize=350%2C200","width":350,"height":200,"srcset":"https:\/\/i0.wp.com\/casadecampoliving.com\/wp-content\/uploads\/2022\/10\/32486717286_4208150332_h-1.jpg?fit=1000%2C666&ssl=1&resize=350%2C200 1x, https:\/\/i0.wp.com\/casadecampoliving.com\/wp-content\/uploads\/2022\/10\/32486717286_4208150332_h-1.jpg?fit=1000%2C666&ssl=1&resize=525%2C300 1.5x, https:\/\/i0.wp.com\/casadecampoliving.com\/wp-content\/uploads\/2022\/10\/32486717286_4208150332_h-1.jpg?fit=1000%2C666&ssl=1&resize=700%2C400 2x"},"classes":[]},{"id":346441,"url":"https:\/\/casadecampoliving.com\/es\/hoy-es-el-dia-de-reyes\/","url_meta":{"origin":351128,"position":4},"title":"\u00a1Hoy es el D\u00eda de Reyes!","author":"Perkin Agramonte","date":"5 Ene, 2015","format":false,"excerpt":"\u00a1Feliz D\u00eda de los Reyes! Este es uno de los d\u00edas m\u00e1s esperados tanto para los adultos, ya que es d\u00eda libre, como para los peque\u00f1itos, ya que pueden recibir esos juguetes que tanto desean. Aunque en otras culturas es tradici\u00f3n hacer regalos en Navidad (25 de diciembre), aqu\u00ed en\u2026","rel":"","context":"En \u00abCasa de Campo Living @es\u00bb","block_context":{"text":"Casa de Campo Living @es","link":"https:\/\/casadecampoliving.com\/category\/casa-de-campo-living-es\/"},"img":{"alt_text":"3 Kings Day","src":"https:\/\/i0.wp.com\/casadecampoliving.com\/wp-content\/uploads\/2022\/10\/3_kings_day-1.jpg?fit=650%2C484&ssl=1&resize=350%2C200","width":350,"height":200,"srcset":"https:\/\/i0.wp.com\/casadecampoliving.com\/wp-content\/uploads\/2022\/10\/3_kings_day-1.jpg?fit=650%2C484&ssl=1&resize=350%2C200 1x, https:\/\/i0.wp.com\/casadecampoliving.com\/wp-content\/uploads\/2022\/10\/3_kings_day-1.jpg?fit=650%2C484&ssl=1&resize=525%2C300 1.5x"},"classes":[]},{"id":323115,"url":"https:\/\/casadecampoliving.com\/first-lady-candida-montilla-de-medina-altos-de-chavon\/","url_meta":{"origin":351128,"position":5},"title":"First Lady Candida Montilla de Medina visits the Hogar del Ni\u00f1o","author":"Perkin Agramonte","date":"9 Ene, 2014","format":false,"excerpt":"El Hogar del Ni\u00f1o is a blessed institution, making a real difference thanks to countless contributions and support, which they receive from celebrities (such as Pitbull) as well as from the greater Casa de Campo community. Last Monday the 6th of January, the Hogar del Ni\u00f1o was very grateful to\u2026","rel":"","context":"En \u00abBeyond Casa\u00bb","block_context":{"text":"Beyond Casa","link":"https:\/\/casadecampoliving.com\/category\/beyond-casa\/"},"img":{"alt_text":"","src":"https:\/\/i0.wp.com\/casadecampoliving.com\/wp-content\/uploads\/2022\/10\/026-1.jpg?fit=650%2C431&ssl=1&resize=350%2C200","width":350,"height":200,"srcset":"https:\/\/i0.wp.com\/casadecampoliving.com\/wp-content\/uploads\/2022\/10\/026-1.jpg?fit=650%2C431&ssl=1&resize=350%2C200 1x, https:\/\/i0.wp.com\/casadecampoliving.com\/wp-content\/uploads\/2022\/10\/026-1.jpg?fit=650%2C431&ssl=1&resize=525%2C300 1.5x"},"classes":[]}],"jetpack_sharing_enabled":true,"_links":{"self":[{"href":"https:\/\/casadecampoliving.com\/es\/wp-json\/wp\/v2\/posts\/351128","targetHints":{"allow":["GET"]}}],"collection":[{"href":"https:\/\/casadecampoliving.com\/es\/wp-json\/wp\/v2\/posts"}],"about":[{"href":"https:\/\/casadecampoliving.com\/es\/wp-json\/wp\/v2\/types\/post"}],"author":[{"embeddable":true,"href":"https:\/\/casadecampoliving.com\/es\/wp-json\/wp\/v2\/users\/36682"}],"replies":[{"embeddable":true,"href":"https:\/\/casadecampoliving.com\/es\/wp-json\/wp\/v2\/comments?post=351128"}],"version-history":[{"count":1,"href":"https:\/\/casadecampoliving.com\/es\/wp-json\/wp\/v2\/posts\/351128\/revisions"}],"predecessor-version":[{"id":351129,"href":"https:\/\/casadecampoliving.com\/es\/wp-json\/wp\/v2\/posts\/351128\/revisions\/351129"}],"wp:featuredmedia":[{"embeddable":true,"href":"https:\/\/casadecampoliving.com\/es\/wp-json\/wp\/v2\/media\/328999"}],"wp:attachment":[{"href":"https:\/\/casadecampoliving.com\/es\/wp-json\/wp\/v2\/media?parent=351128"}],"wp:term":[{"taxonomy":"category","embeddable":true,"href":"https:\/\/casadecampoliving.com\/es\/wp-json\/wp\/v2\/categories?post=351128"},{"taxonomy":"post_tag","embeddable":true,"href":"https:\/\/casadecampoliving.com\/es\/wp-json\/wp\/v2\/tags?post=351128"},{"taxonomy":"newspack_spnsrs_tax","embeddable":true,"href":"https:\/\/casadecampoliving.com\/es\/wp-json\/wp\/v2\/newspack_spnsrs_tax?post=351128"}],"curies":[{"name":"wp","href":"https:\/\/api.w.org\/{rel}","templated":true}]}}