{"id":351103,"date":"2017-02-01T00:00:00","date_gmt":"2017-02-01T04:00:00","guid":{"rendered":"https:\/\/casadecampoliving.com\/ven-volar-con-stage-estudio-de-arte-y-su-nuevo-taller-de-danza-aerea\/"},"modified":"2022-10-21T19:01:56","modified_gmt":"2022-10-21T23:01:56","slug":"ven-volar-con-stage-estudio-de-arte-y-su-nuevo-taller-de-danza-aerea","status":"publish","type":"post","link":"https:\/\/casadecampoliving.com\/es\/ven-volar-con-stage-estudio-de-arte-y-su-nuevo-taller-de-danza-aerea\/","title":{"rendered":"*ACTUALIZADO* \u00a1Ven a volar con Stage Estudio de Arte y su nuevo taller de Danza A\u00e9rea!"},"content":{"rendered":"\n<p>\u00a1Este mes los amantes &nbsp;y los entusiastas de la danza tendr\u00e1n motivos de celebrar! Stage Estudio de Arte&nbsp;Studio estar\u00e1 realizando su primer taller de Danza A\u00e9rea de 3 meses a partir del 11 de febrero a las 4pm. Alicia Campillo, directora de Stage, abri\u00f3 la sede de La Romana en enero de 2015 y recientemente celebr\u00f3 su primer a\u00f1o con su&nbsp;espect\u00e1culo, <a href=\"https:\/\/casadecampoliving.com\/es\/stage-estudio-de-arte-una-noche-en-hollywood\/\">\u201cUna noche en Hollywood\u201d.<\/a> Ella est\u00e1 comprometida a traernos algunos de los mejores instructores y clases m\u00e1s innovadoras este a\u00f1o.<br>\n<\/p>\n\n\n\n<!--more-->\n\n\n<div class=\"wp-block-image\">\n<figure class=\"aligncenter is-resized\"><img loading=\"lazy\" decoding=\"async\" src=\"https:\/\/i0.wp.com\/casadecampoliving.com\/wp-content\/uploads\/2022\/10\/patricia-4.jpg?resize=960%2C639&amp;ssl=1\" alt=\"patricia\" class=\"wp-image-134118\" height=\"639\" width=\"960\"\/><\/figure>\n<\/div>\n\n\n<p><\/p>\n\n\n\n<p>La danza a\u00e9rea es un tipo de danza moderna que se hizo popular por primera vez en los Estados Unidos durante los a\u00f1os setenta. T\u00edpicamente, la coreograf\u00eda se realiza en un espacio tridimensional, ya que el aparato est\u00e1 unido al techo o a otro aparejo. Las clases a\u00e9reas pueden tener una variedad de enfoques diferentes. Algunos de los enfoques m\u00e1s comunes son desde una perspectiva de circo, danza, yoga, terap\u00e9utica o un enfoque h\u00edbrido.<\/p>\n\n\n<div class=\"wp-block-image\">\n<figure class=\"aligncenter is-resized\"><img loading=\"lazy\" decoding=\"async\" src=\"https:\/\/i0.wp.com\/casadecampoliving.com\/wp-content\/uploads\/2022\/10\/patricia-moll-1-2.jpg?resize=960%2C639&amp;ssl=1\" alt=\"patricia-moll-1\" class=\"wp-image-134117\" height=\"639\" width=\"960\"\/><\/figure>\n<\/div>\n\n\n<p><\/p>\n\n\n\n<p>Las clases ser\u00e1n impartidas por Patricia Moll Madera la cual es una artista completa: bailarina,cantante y actriz profesional. Ha hecho estudios de Danza aerea y danza moderna en los Estados Unidos y en Cuba. Se ha destacado por ser de las primeras performers de Danza Aerea en Santo Domingo y ha participado en Premiaciones &nbsp;nacionales e internacionales como los HEAT Latin Music Award, Premios Soberanos, entre otros. En el area de Teatro Musical es graduada de la Academia de formaci\u00f3n artistica Amaury S\u00e1nchez, ha participado en mas de 5 musicales, como son In the Heights, el Mago de Oz, Las Aventutas de Willy, Sumajestad Wakala entre otros.<\/p>\n\n\n\n<p>\u00a1Los cupos&nbsp;son limitados para esta emocionante clase as\u00ed que no se lo puede perder! Adem\u00e1s, los ni\u00f1os tambi\u00e9n pueden inscribirse despu\u00e9s de haber sido evaluados primero por la&nbsp;instructora. Llame a Stage Estudio de Arte AHORA \u00a1y aprenda a <em>volar<\/em> con ellos!<\/p>\n\n\n\n<blockquote><h4 style=\"text-align: justify;\">Taller de Danza A\u00e9rea con&nbsp;Patricia Moll Madera<\/h4><p><strong>D\u00f3nde:<\/strong> <del>Stage Estudio de Arte <\/del>*ACTUALIZADO* Auditorio del Colegio Inmaculado Coraz\u00f3n de Mar\u00eda, La Romana<\/p><p><strong>Cu\u00e1ndo:<\/strong>&nbsp;Comenzando el s\u00e1bado 4 de enero, 4-6pm<\/p><p><strong>Duraci\u00f3n:<\/strong> 3 meses; Se impartir\u00e1 en s\u00e1bados alternados (dos veces al mes)<\/p><p><strong>Costo:<\/strong>&nbsp;RD $1,500 mensual. \u00a1Cupo limitado!<\/p><p><em>Apto para todo p\u00fablico; ni\u00f1os deben tomar clase de prueba para ser evaluados por la maestra.<br>\n<\/em><\/p><\/blockquote>\n\n\n\n<blockquote><h3><b>STAGE ESTUDIO DE ARTE<\/b><\/h3><p><b>D\u00f3nde: <\/b>Stage Estudio de Arte, Gregorio Luper\u00f3n, Plaza Panatlantic, Local 10, en La Romana (La calle antes de&nbsp;La Casita y&nbsp;Crema)<\/p><p><b>Contacto:<\/b> Alicia Campillo (809) 869.8483<\/p><p><b>Instagram:<\/b><a href=\"https:\/\/www.instagram.com\/stage.estudiodearte\/\">@Stage.estudiodearte &nbsp;<\/a>&nbsp;y&nbsp;<a href=\"https:\/\/www.instagram.com\/stage_rd\/\">@stage_rd<\/a><\/p><p><b>Facebook:<\/b><a href=\"https:\/\/www.facebook.com\/Stage.estudiodearte\/\">Stage Estudio de Arte<\/a>,&nbsp;<a href=\"https:\/\/www.facebook.com\/Stage-Intensivo-de-danza-y-espectaculo-355477374612511\/?fref=ts\">Stage Intensivo de Danza y espectaculo<\/a><\/p><p><b>Email: <\/b><a href=\"mailto:stage.estudiodearte@gmail.com\">stage.estudiodearte@gmail.com<\/a><\/p><\/blockquote>\n\n\n\n<p><em>*Fotos de&nbsp;<a href=\"https:\/\/www.facebook.com\/patricia.mollmadera\" target=\"_blank\" rel=\"noopener\">Patricia Moll Madera<\/a> Facebook page.<\/em><\/p>\n","protected":false},"excerpt":{"rendered":"<p>\u00a1Este mes los amantes &nbsp;y los entusiastas de la danza tendr\u00e1n motivos de celebrar! Stage Estudio de Arte&nbsp;Studio estar\u00e1 realizando su primer taller de Danza A\u00e9rea de 3 meses a partir del 11 de febrero a las 4pm. Alicia Campillo, directora de Stage, abri\u00f3 la sede de La Romana en enero de 2015 y recientemente [&hellip;]<\/p>\n","protected":false},"author":36682,"featured_media":328838,"comment_status":"closed","ping_status":"closed","sticky":false,"template":"","format":"standard","meta":{"newspack_ads_suppress_ads":false,"newspack_popups_has_disabled_popups":false,"newspack_sponsor_sponsorship_scope":"","newspack_sponsor_native_byline_display":"inherit","newspack_sponsor_native_category_display":"inherit","newspack_sponsor_underwriter_style":"inherit","newspack_sponsor_underwriter_placement":"inherit","_newspack_byline_active":false,"_newspack_byline":"","newspack_hide_updated_date":false,"newspack_show_updated_date":false,"newspack_content_restriction_is_exempt":false,"newspack_featured_image_position":"","newspack_post_subtitle":"","newspack_article_summary_title":"Overview:","newspack_article_summary":"","_jetpack_memberships_contains_paid_content":false,"footnotes":"","jetpack_publicize_message":"","jetpack_publicize_feature_enabled":true,"jetpack_social_post_already_shared":false,"jetpack_social_options":{"image_generator_settings":{"template":"highway","default_image_id":0,"font":"","enabled":false},"version":2},"_wpas_customize_per_network":false},"categories":[14631,2506,14625,14627,2527],"tags":[19152,952,6418,18932,18185,5791],"newspack_spnsrs_tax":[],"class_list":["post-351103","post","type-post","status-publish","format-standard","has-post-thumbnail","hentry","category-estilo-de-vida","category-mas-alla-de-casa-es","category-noticias-locales","category-proximamente","category-salud","tag-alicia-campillo-es","tag-classes","tag-danza","tag-la-romana-es-4","tag-stage-estudio-de-arte","tag-taller","entry"],"yoast_head":"<!-- This site is optimized with the Yoast SEO plugin v27.4 - https:\/\/yoast.com\/product\/yoast-seo-wordpress\/ -->\n<title>*ACTUALIZADO* \u00a1Ven a volar con Stage Estudio de Arte y su nuevo taller de Danza A\u00e9rea! | Casa de Campo Living<\/title>\n<meta name=\"description\" content=\"\u00a1Este mes los amantes &nbsp;y los entusiastas de la danza tendr\u00e1n motivos de celebrar! Stage Estudio de Arte&nbsp;Studio estar\u00e1 realizando su primer\" \/>\n<meta name=\"robots\" content=\"index, follow, max-snippet:-1, max-image-preview:large, max-video-preview:-1\" \/>\n<link rel=\"canonical\" href=\"https:\/\/casadecampoliving.com\/es\/ven-volar-con-stage-estudio-de-arte-y-su-nuevo-taller-de-danza-aerea\/\" \/>\n<meta property=\"og:locale\" content=\"es_ES\" \/>\n<meta property=\"og:type\" content=\"article\" \/>\n<meta property=\"og:title\" content=\"*ACTUALIZADO* \u00a1Ven a volar con Stage Estudio de Arte y su nuevo taller de Danza A\u00e9rea! | Casa de Campo Living\" \/>\n<meta property=\"og:description\" content=\"\u00a1Este mes los amantes &nbsp;y los entusiastas de la danza tendr\u00e1n motivos de celebrar! Stage Estudio de Arte&nbsp;Studio estar\u00e1 realizando su primer\" \/>\n<meta property=\"og:url\" content=\"https:\/\/casadecampoliving.com\/es\/ven-volar-con-stage-estudio-de-arte-y-su-nuevo-taller-de-danza-aerea\/\" \/>\n<meta property=\"og:site_name\" content=\"Casa de Campo Living\" \/>\n<meta property=\"article:publisher\" content=\"https:\/\/www.facebook.com\/casadecampoliving\" \/>\n<meta property=\"article:published_time\" content=\"2017-02-01T04:00:00+00:00\" \/>\n<meta property=\"article:modified_time\" content=\"2022-10-21T23:01:56+00:00\" \/>\n<meta property=\"og:image\" content=\"https:\/\/i0.wp.com\/casadecampoliving.com\/wp-content\/uploads\/2022\/10\/featured-aerial-e1485975817447-1.jpg?fit=1000%2C667&ssl=1\" \/>\n\t<meta property=\"og:image:width\" content=\"1000\" \/>\n\t<meta property=\"og:image:height\" content=\"667\" \/>\n\t<meta property=\"og:image:type\" content=\"image\/jpeg\" \/>\n<meta name=\"author\" content=\"Marlenys Guzm\u00e1n Casta\u00f1os\" \/>\n<meta name=\"twitter:card\" content=\"summary_large_image\" \/>\n<meta name=\"twitter:creator\" content=\"@cdcliving\" \/>\n<meta name=\"twitter:site\" content=\"@cdcliving\" \/>\n<meta name=\"twitter:label1\" content=\"Escrito por\" \/>\n\t<meta name=\"twitter:data1\" content=\"Marlenys Guzm\u00e1n Casta\u00f1os\" \/>\n\t<meta name=\"twitter:label2\" content=\"Tiempo de lectura\" \/>\n\t<meta name=\"twitter:data2\" content=\"2 minutos\" \/>\n<script type=\"application\/ld+json\" class=\"yoast-schema-graph\">{\"@context\":\"https:\\\/\\\/schema.org\",\"@graph\":[{\"@type\":\"Article\",\"@id\":\"https:\\\/\\\/casadecampoliving.com\\\/es\\\/ven-volar-con-stage-estudio-de-arte-y-su-nuevo-taller-de-danza-aerea\\\/#article\",\"isPartOf\":{\"@id\":\"https:\\\/\\\/casadecampoliving.com\\\/es\\\/ven-volar-con-stage-estudio-de-arte-y-su-nuevo-taller-de-danza-aerea\\\/\"},\"author\":{\"name\":\"Marlenys Guzm\u00e1n Casta\u00f1os\",\"@id\":\"https:\\\/\\\/casadecampoliving.com\\\/es\\\/#\\\/schema\\\/person\\\/b6606bd87f9cec8f5903e2141cafda24\"},\"headline\":\"*ACTUALIZADO* \u00a1Ven a volar con Stage Estudio de Arte y su nuevo taller de Danza A\u00e9rea!\",\"datePublished\":\"2017-02-01T04:00:00+00:00\",\"dateModified\":\"2022-10-21T23:01:56+00:00\",\"mainEntityOfPage\":{\"@id\":\"https:\\\/\\\/casadecampoliving.com\\\/es\\\/ven-volar-con-stage-estudio-de-arte-y-su-nuevo-taller-de-danza-aerea\\\/\"},\"wordCount\":490,\"publisher\":{\"@id\":\"https:\\\/\\\/casadecampoliving.com\\\/es\\\/#organization\"},\"image\":{\"@id\":\"https:\\\/\\\/casadecampoliving.com\\\/es\\\/ven-volar-con-stage-estudio-de-arte-y-su-nuevo-taller-de-danza-aerea\\\/#primaryimage\"},\"thumbnailUrl\":\"https:\\\/\\\/i0.wp.com\\\/casadecampoliving.com\\\/wp-content\\\/uploads\\\/2022\\\/10\\\/featured-aerial-e1485975817447-1.jpg?fit=1000%2C667&ssl=1\",\"keywords\":[\"alicia campillo @es\",\"Classes\",\"danza\",\"La Romana\",\"Stage Estudio de Arte\",\"taller\"],\"articleSection\":[\"Estilo de Vida\",\"M\u00e1s all\u00e1 de Casa\",\"Noticias Locales\",\"Proximamente\",\"Salud\"],\"inLanguage\":\"es\"},{\"@type\":\"WebPage\",\"@id\":\"https:\\\/\\\/casadecampoliving.com\\\/es\\\/ven-volar-con-stage-estudio-de-arte-y-su-nuevo-taller-de-danza-aerea\\\/\",\"url\":\"https:\\\/\\\/casadecampoliving.com\\\/es\\\/ven-volar-con-stage-estudio-de-arte-y-su-nuevo-taller-de-danza-aerea\\\/\",\"name\":\"*ACTUALIZADO* \u00a1Ven a volar con Stage Estudio de Arte y su nuevo taller de Danza A\u00e9rea! | Casa de Campo Living\",\"isPartOf\":{\"@id\":\"https:\\\/\\\/casadecampoliving.com\\\/es\\\/#website\"},\"primaryImageOfPage\":{\"@id\":\"https:\\\/\\\/casadecampoliving.com\\\/es\\\/ven-volar-con-stage-estudio-de-arte-y-su-nuevo-taller-de-danza-aerea\\\/#primaryimage\"},\"image\":{\"@id\":\"https:\\\/\\\/casadecampoliving.com\\\/es\\\/ven-volar-con-stage-estudio-de-arte-y-su-nuevo-taller-de-danza-aerea\\\/#primaryimage\"},\"thumbnailUrl\":\"https:\\\/\\\/i0.wp.com\\\/casadecampoliving.com\\\/wp-content\\\/uploads\\\/2022\\\/10\\\/featured-aerial-e1485975817447-1.jpg?fit=1000%2C667&ssl=1\",\"datePublished\":\"2017-02-01T04:00:00+00:00\",\"dateModified\":\"2022-10-21T23:01:56+00:00\",\"description\":\"\u00a1Este mes los amantes &nbsp;y los entusiastas de la danza tendr\u00e1n motivos de celebrar! Stage Estudio de Arte&nbsp;Studio estar\u00e1 realizando su primer\",\"breadcrumb\":{\"@id\":\"https:\\\/\\\/casadecampoliving.com\\\/es\\\/ven-volar-con-stage-estudio-de-arte-y-su-nuevo-taller-de-danza-aerea\\\/#breadcrumb\"},\"inLanguage\":\"es\",\"potentialAction\":[{\"@type\":\"ReadAction\",\"target\":[\"https:\\\/\\\/casadecampoliving.com\\\/es\\\/ven-volar-con-stage-estudio-de-arte-y-su-nuevo-taller-de-danza-aerea\\\/\"]}]},{\"@type\":\"ImageObject\",\"inLanguage\":\"es\",\"@id\":\"https:\\\/\\\/casadecampoliving.com\\\/es\\\/ven-volar-con-stage-estudio-de-arte-y-su-nuevo-taller-de-danza-aerea\\\/#primaryimage\",\"url\":\"https:\\\/\\\/i0.wp.com\\\/casadecampoliving.com\\\/wp-content\\\/uploads\\\/2022\\\/10\\\/featured-aerial-e1485975817447-1.jpg?fit=1000%2C667&ssl=1\",\"contentUrl\":\"https:\\\/\\\/i0.wp.com\\\/casadecampoliving.com\\\/wp-content\\\/uploads\\\/2022\\\/10\\\/featured-aerial-e1485975817447-1.jpg?fit=1000%2C667&ssl=1\",\"width\":1000,\"height\":667},{\"@type\":\"BreadcrumbList\",\"@id\":\"https:\\\/\\\/casadecampoliving.com\\\/es\\\/ven-volar-con-stage-estudio-de-arte-y-su-nuevo-taller-de-danza-aerea\\\/#breadcrumb\",\"itemListElement\":[{\"@type\":\"ListItem\",\"position\":1,\"name\":\"Home\",\"item\":\"https:\\\/\\\/casadecampoliving.com\\\/es\\\/\"},{\"@type\":\"ListItem\",\"position\":2,\"name\":\"*ACTUALIZADO* \u00a1Ven a volar con Stage Estudio de Arte y su nuevo taller de Danza A\u00e9rea!\"}]},{\"@type\":\"WebSite\",\"@id\":\"https:\\\/\\\/casadecampoliving.com\\\/es\\\/#website\",\"url\":\"https:\\\/\\\/casadecampoliving.com\\\/es\\\/\",\"name\":\"Casa de Campo Living\",\"description\":\"Resort community news and resources.\",\"publisher\":{\"@id\":\"https:\\\/\\\/casadecampoliving.com\\\/es\\\/#organization\"},\"potentialAction\":[{\"@type\":\"SearchAction\",\"target\":{\"@type\":\"EntryPoint\",\"urlTemplate\":\"https:\\\/\\\/casadecampoliving.com\\\/es\\\/?s={search_term_string}\"},\"query-input\":{\"@type\":\"PropertyValueSpecification\",\"valueRequired\":true,\"valueName\":\"search_term_string\"}}],\"inLanguage\":\"es\"},{\"@type\":\"Organization\",\"@id\":\"https:\\\/\\\/casadecampoliving.com\\\/es\\\/#organization\",\"name\":\"Casa de Campo Living\",\"url\":\"https:\\\/\\\/casadecampoliving.com\\\/es\\\/\",\"logo\":{\"@type\":\"ImageObject\",\"inLanguage\":\"es\",\"@id\":\"https:\\\/\\\/casadecampoliving.com\\\/es\\\/#\\\/schema\\\/logo\\\/image\\\/\",\"url\":\"https:\\\/\\\/i0.wp.com\\\/casadecampoliving.com\\\/wp-content\\\/uploads\\\/2022\\\/07\\\/CDCLivingLogo_V1-white-sized.png?fit=800%2C214&ssl=1\",\"contentUrl\":\"https:\\\/\\\/i0.wp.com\\\/casadecampoliving.com\\\/wp-content\\\/uploads\\\/2022\\\/07\\\/CDCLivingLogo_V1-white-sized.png?fit=800%2C214&ssl=1\",\"width\":800,\"height\":214,\"caption\":\"Casa de Campo Living\"},\"image\":{\"@id\":\"https:\\\/\\\/casadecampoliving.com\\\/es\\\/#\\\/schema\\\/logo\\\/image\\\/\"},\"sameAs\":[\"https:\\\/\\\/www.facebook.com\\\/casadecampoliving\",\"https:\\\/\\\/x.com\\\/cdcliving\"]},{\"@type\":\"Person\",\"@id\":\"https:\\\/\\\/casadecampoliving.com\\\/es\\\/#\\\/schema\\\/person\\\/b6606bd87f9cec8f5903e2141cafda24\",\"name\":\"Marlenys Guzm\u00e1n Casta\u00f1os\",\"image\":{\"@type\":\"ImageObject\",\"inLanguage\":\"es\",\"@id\":\"https:\\\/\\\/secure.gravatar.com\\\/avatar\\\/72f3f86b8e6b3ec744201aeadf11d4a6055e8af194aecd9ad30ffff4437878ee?s=96&d=mm&r=g\",\"url\":\"https:\\\/\\\/secure.gravatar.com\\\/avatar\\\/72f3f86b8e6b3ec744201aeadf11d4a6055e8af194aecd9ad30ffff4437878ee?s=96&d=mm&r=g\",\"contentUrl\":\"https:\\\/\\\/secure.gravatar.com\\\/avatar\\\/72f3f86b8e6b3ec744201aeadf11d4a6055e8af194aecd9ad30ffff4437878ee?s=96&d=mm&r=g\",\"caption\":\"Marlenys Guzm\u00e1n Casta\u00f1os\"},\"url\":\"https:\\\/\\\/casadecampoliving.com\\\/es\\\/author\\\/mguzman\\\/\"}]}<\/script>\n<!-- \/ Yoast SEO plugin. -->","yoast_head_json":{"title":"*ACTUALIZADO* \u00a1Ven a volar con Stage Estudio de Arte y su nuevo taller de Danza A\u00e9rea! | Casa de Campo Living","description":"\u00a1Este mes los amantes &nbsp;y los entusiastas de la danza tendr\u00e1n motivos de celebrar! Stage Estudio de Arte&nbsp;Studio estar\u00e1 realizando su primer","robots":{"index":"index","follow":"follow","max-snippet":"max-snippet:-1","max-image-preview":"max-image-preview:large","max-video-preview":"max-video-preview:-1"},"canonical":"https:\/\/casadecampoliving.com\/es\/ven-volar-con-stage-estudio-de-arte-y-su-nuevo-taller-de-danza-aerea\/","og_locale":"es_ES","og_type":"article","og_title":"*ACTUALIZADO* \u00a1Ven a volar con Stage Estudio de Arte y su nuevo taller de Danza A\u00e9rea! | Casa de Campo Living","og_description":"\u00a1Este mes los amantes &nbsp;y los entusiastas de la danza tendr\u00e1n motivos de celebrar! Stage Estudio de Arte&nbsp;Studio estar\u00e1 realizando su primer","og_url":"https:\/\/casadecampoliving.com\/es\/ven-volar-con-stage-estudio-de-arte-y-su-nuevo-taller-de-danza-aerea\/","og_site_name":"Casa de Campo Living","article_publisher":"https:\/\/www.facebook.com\/casadecampoliving","article_published_time":"2017-02-01T04:00:00+00:00","article_modified_time":"2022-10-21T23:01:56+00:00","og_image":[{"width":1000,"height":667,"url":"https:\/\/i0.wp.com\/casadecampoliving.com\/wp-content\/uploads\/2022\/10\/featured-aerial-e1485975817447-1.jpg?fit=1000%2C667&ssl=1","type":"image\/jpeg"}],"author":"Marlenys Guzm\u00e1n Casta\u00f1os","twitter_card":"summary_large_image","twitter_creator":"@cdcliving","twitter_site":"@cdcliving","twitter_misc":{"Escrito por":"Marlenys Guzm\u00e1n Casta\u00f1os","Tiempo de lectura":"2 minutos"},"schema":{"@context":"https:\/\/schema.org","@graph":[{"@type":"Article","@id":"https:\/\/casadecampoliving.com\/es\/ven-volar-con-stage-estudio-de-arte-y-su-nuevo-taller-de-danza-aerea\/#article","isPartOf":{"@id":"https:\/\/casadecampoliving.com\/es\/ven-volar-con-stage-estudio-de-arte-y-su-nuevo-taller-de-danza-aerea\/"},"author":{"name":"Marlenys Guzm\u00e1n Casta\u00f1os","@id":"https:\/\/casadecampoliving.com\/es\/#\/schema\/person\/b6606bd87f9cec8f5903e2141cafda24"},"headline":"*ACTUALIZADO* \u00a1Ven a volar con Stage Estudio de Arte y su nuevo taller de Danza A\u00e9rea!","datePublished":"2017-02-01T04:00:00+00:00","dateModified":"2022-10-21T23:01:56+00:00","mainEntityOfPage":{"@id":"https:\/\/casadecampoliving.com\/es\/ven-volar-con-stage-estudio-de-arte-y-su-nuevo-taller-de-danza-aerea\/"},"wordCount":490,"publisher":{"@id":"https:\/\/casadecampoliving.com\/es\/#organization"},"image":{"@id":"https:\/\/casadecampoliving.com\/es\/ven-volar-con-stage-estudio-de-arte-y-su-nuevo-taller-de-danza-aerea\/#primaryimage"},"thumbnailUrl":"https:\/\/i0.wp.com\/casadecampoliving.com\/wp-content\/uploads\/2022\/10\/featured-aerial-e1485975817447-1.jpg?fit=1000%2C667&ssl=1","keywords":["alicia campillo @es","Classes","danza","La Romana","Stage Estudio de Arte","taller"],"articleSection":["Estilo de Vida","M\u00e1s all\u00e1 de Casa","Noticias Locales","Proximamente","Salud"],"inLanguage":"es"},{"@type":"WebPage","@id":"https:\/\/casadecampoliving.com\/es\/ven-volar-con-stage-estudio-de-arte-y-su-nuevo-taller-de-danza-aerea\/","url":"https:\/\/casadecampoliving.com\/es\/ven-volar-con-stage-estudio-de-arte-y-su-nuevo-taller-de-danza-aerea\/","name":"*ACTUALIZADO* \u00a1Ven a volar con Stage Estudio de Arte y su nuevo taller de Danza A\u00e9rea! | Casa de Campo Living","isPartOf":{"@id":"https:\/\/casadecampoliving.com\/es\/#website"},"primaryImageOfPage":{"@id":"https:\/\/casadecampoliving.com\/es\/ven-volar-con-stage-estudio-de-arte-y-su-nuevo-taller-de-danza-aerea\/#primaryimage"},"image":{"@id":"https:\/\/casadecampoliving.com\/es\/ven-volar-con-stage-estudio-de-arte-y-su-nuevo-taller-de-danza-aerea\/#primaryimage"},"thumbnailUrl":"https:\/\/i0.wp.com\/casadecampoliving.com\/wp-content\/uploads\/2022\/10\/featured-aerial-e1485975817447-1.jpg?fit=1000%2C667&ssl=1","datePublished":"2017-02-01T04:00:00+00:00","dateModified":"2022-10-21T23:01:56+00:00","description":"\u00a1Este mes los amantes &nbsp;y los entusiastas de la danza tendr\u00e1n motivos de celebrar! Stage Estudio de Arte&nbsp;Studio estar\u00e1 realizando su primer","breadcrumb":{"@id":"https:\/\/casadecampoliving.com\/es\/ven-volar-con-stage-estudio-de-arte-y-su-nuevo-taller-de-danza-aerea\/#breadcrumb"},"inLanguage":"es","potentialAction":[{"@type":"ReadAction","target":["https:\/\/casadecampoliving.com\/es\/ven-volar-con-stage-estudio-de-arte-y-su-nuevo-taller-de-danza-aerea\/"]}]},{"@type":"ImageObject","inLanguage":"es","@id":"https:\/\/casadecampoliving.com\/es\/ven-volar-con-stage-estudio-de-arte-y-su-nuevo-taller-de-danza-aerea\/#primaryimage","url":"https:\/\/i0.wp.com\/casadecampoliving.com\/wp-content\/uploads\/2022\/10\/featured-aerial-e1485975817447-1.jpg?fit=1000%2C667&ssl=1","contentUrl":"https:\/\/i0.wp.com\/casadecampoliving.com\/wp-content\/uploads\/2022\/10\/featured-aerial-e1485975817447-1.jpg?fit=1000%2C667&ssl=1","width":1000,"height":667},{"@type":"BreadcrumbList","@id":"https:\/\/casadecampoliving.com\/es\/ven-volar-con-stage-estudio-de-arte-y-su-nuevo-taller-de-danza-aerea\/#breadcrumb","itemListElement":[{"@type":"ListItem","position":1,"name":"Home","item":"https:\/\/casadecampoliving.com\/es\/"},{"@type":"ListItem","position":2,"name":"*ACTUALIZADO* \u00a1Ven a volar con Stage Estudio de Arte y su nuevo taller de Danza A\u00e9rea!"}]},{"@type":"WebSite","@id":"https:\/\/casadecampoliving.com\/es\/#website","url":"https:\/\/casadecampoliving.com\/es\/","name":"Casa de Campo Living","description":"Resort community news and resources.","publisher":{"@id":"https:\/\/casadecampoliving.com\/es\/#organization"},"potentialAction":[{"@type":"SearchAction","target":{"@type":"EntryPoint","urlTemplate":"https:\/\/casadecampoliving.com\/es\/?s={search_term_string}"},"query-input":{"@type":"PropertyValueSpecification","valueRequired":true,"valueName":"search_term_string"}}],"inLanguage":"es"},{"@type":"Organization","@id":"https:\/\/casadecampoliving.com\/es\/#organization","name":"Casa de Campo Living","url":"https:\/\/casadecampoliving.com\/es\/","logo":{"@type":"ImageObject","inLanguage":"es","@id":"https:\/\/casadecampoliving.com\/es\/#\/schema\/logo\/image\/","url":"https:\/\/i0.wp.com\/casadecampoliving.com\/wp-content\/uploads\/2022\/07\/CDCLivingLogo_V1-white-sized.png?fit=800%2C214&ssl=1","contentUrl":"https:\/\/i0.wp.com\/casadecampoliving.com\/wp-content\/uploads\/2022\/07\/CDCLivingLogo_V1-white-sized.png?fit=800%2C214&ssl=1","width":800,"height":214,"caption":"Casa de Campo Living"},"image":{"@id":"https:\/\/casadecampoliving.com\/es\/#\/schema\/logo\/image\/"},"sameAs":["https:\/\/www.facebook.com\/casadecampoliving","https:\/\/x.com\/cdcliving"]},{"@type":"Person","@id":"https:\/\/casadecampoliving.com\/es\/#\/schema\/person\/b6606bd87f9cec8f5903e2141cafda24","name":"Marlenys Guzm\u00e1n Casta\u00f1os","image":{"@type":"ImageObject","inLanguage":"es","@id":"https:\/\/secure.gravatar.com\/avatar\/72f3f86b8e6b3ec744201aeadf11d4a6055e8af194aecd9ad30ffff4437878ee?s=96&d=mm&r=g","url":"https:\/\/secure.gravatar.com\/avatar\/72f3f86b8e6b3ec744201aeadf11d4a6055e8af194aecd9ad30ffff4437878ee?s=96&d=mm&r=g","contentUrl":"https:\/\/secure.gravatar.com\/avatar\/72f3f86b8e6b3ec744201aeadf11d4a6055e8af194aecd9ad30ffff4437878ee?s=96&d=mm&r=g","caption":"Marlenys Guzm\u00e1n Casta\u00f1os"},"url":"https:\/\/casadecampoliving.com\/es\/author\/mguzman\/"}]}},"parsely":{"version":"1.1.0","canonical_url":"https:\/\/casadecampoliving.com\/es\/ven-volar-con-stage-estudio-de-arte-y-su-nuevo-taller-de-danza-aerea\/","smart_links":{"inbound":0,"outbound":0},"traffic_boost_suggestions_count":0,"meta":{"@context":"https:\/\/schema.org","@type":"NewsArticle","headline":"*ACTUALIZADO* \u00a1Ven a volar con Stage Estudio de Arte y su nuevo taller de Danza A\u00e9rea!","url":"http:\/\/casadecampoliving.com\/es\/ven-volar-con-stage-estudio-de-arte-y-su-nuevo-taller-de-danza-aerea\/","mainEntityOfPage":{"@type":"WebPage","@id":"http:\/\/casadecampoliving.com\/es\/ven-volar-con-stage-estudio-de-arte-y-su-nuevo-taller-de-danza-aerea\/"},"thumbnailUrl":"https:\/\/i0.wp.com\/casadecampoliving.com\/wp-content\/uploads\/2022\/10\/featured-aerial-e1485975817447-1.jpg?resize=150%2C150&ssl=1","image":{"@type":"ImageObject","url":"https:\/\/i0.wp.com\/casadecampoliving.com\/wp-content\/uploads\/2022\/10\/featured-aerial-e1485975817447-1.jpg?fit=1000%2C667&ssl=1"},"articleSection":"Estilo de Vida","author":[{"@type":"Person","name":"Marlenys Guzm\u00e1n Casta\u00f1os"}],"creator":["Marlenys Guzm\u00e1n Casta\u00f1os"],"publisher":{"@type":"Organization","name":"Casa de Campo Living","logo":"https:\/\/casadecampoliving.com\/wp-content\/uploads\/2022\/07\/CDCLivingLogo_V1-white-sized.png"},"keywords":["alicia campillo @es","classes","danza","la romana","stage estudio de arte","taller"],"dateCreated":"2017-02-01T04:00:00Z","datePublished":"2017-02-01T04:00:00Z","dateModified":"2022-10-21T23:01:56Z"},"rendered":"<script type=\"application\/ld+json\" class=\"wp-parsely-metadata\">{\"@context\":\"https:\\\/\\\/schema.org\",\"@type\":\"NewsArticle\",\"headline\":\"*ACTUALIZADO* \\u00a1Ven a volar con Stage Estudio de Arte y su nuevo taller de Danza A\\u00e9rea!\",\"url\":\"http:\\\/\\\/casadecampoliving.com\\\/es\\\/ven-volar-con-stage-estudio-de-arte-y-su-nuevo-taller-de-danza-aerea\\\/\",\"mainEntityOfPage\":{\"@type\":\"WebPage\",\"@id\":\"http:\\\/\\\/casadecampoliving.com\\\/es\\\/ven-volar-con-stage-estudio-de-arte-y-su-nuevo-taller-de-danza-aerea\\\/\"},\"thumbnailUrl\":\"https:\\\/\\\/i0.wp.com\\\/casadecampoliving.com\\\/wp-content\\\/uploads\\\/2022\\\/10\\\/featured-aerial-e1485975817447-1.jpg?resize=150%2C150&ssl=1\",\"image\":{\"@type\":\"ImageObject\",\"url\":\"https:\\\/\\\/i0.wp.com\\\/casadecampoliving.com\\\/wp-content\\\/uploads\\\/2022\\\/10\\\/featured-aerial-e1485975817447-1.jpg?fit=1000%2C667&ssl=1\"},\"articleSection\":\"Estilo de Vida\",\"author\":[{\"@type\":\"Person\",\"name\":\"Marlenys Guzm\\u00e1n Casta\\u00f1os\"}],\"creator\":[\"Marlenys Guzm\\u00e1n Casta\\u00f1os\"],\"publisher\":{\"@type\":\"Organization\",\"name\":\"Casa de Campo Living\",\"logo\":\"https:\\\/\\\/casadecampoliving.com\\\/wp-content\\\/uploads\\\/2022\\\/07\\\/CDCLivingLogo_V1-white-sized.png\"},\"keywords\":[\"alicia campillo @es\",\"classes\",\"danza\",\"la romana\",\"stage estudio de arte\",\"taller\"],\"dateCreated\":\"2017-02-01T04:00:00Z\",\"datePublished\":\"2017-02-01T04:00:00Z\",\"dateModified\":\"2022-10-21T23:01:56Z\"}<\/script>","tracker_url":"https:\/\/cdn.parsely.com\/keys\/casadecampoliving.com\/p.js"},"jetpack_publicize_connections":[],"jetpack_featured_media_url":"https:\/\/i0.wp.com\/casadecampoliving.com\/wp-content\/uploads\/2022\/10\/featured-aerial-e1485975817447-1.jpg?fit=1000%2C667&ssl=1","jetpack-related-posts":[{"id":351699,"url":"https:\/\/casadecampoliving.com\/es\/stage-estudio-de-arte-trae-magia-multiplaza-la-romana\/","url_meta":{"origin":351103,"position":0},"title":"Stage Estudio de Arte trae m\u00e1gia a Multiplaza La Romana","author":"Heather Lincoln","date":"7 Jul, 2017","format":false,"excerpt":"Stage Estudio de Arte hizo una aparici\u00f3n en Multiplaza La Romana hace un par de semanas como parte de los invitados especiales del centro comercial para presentar sus actividades de verano. El grupo de danza local, que a finales de este mes estar\u00e1 dirigi\u00e9ndose a Disney para \"Stage con Maletas\",\u2026","rel":"","context":"En \u00abM\u00e1s all\u00e1 de Casa\u00bb","block_context":{"text":"M\u00e1s all\u00e1 de Casa","link":"https:\/\/casadecampoliving.com\/es\/category\/mas-alla-de-casa-es\/"},"img":{"alt_text":"Stage Art Studio at Multiplaza La Romana","src":"https:\/\/i0.wp.com\/casadecampoliving.com\/wp-content\/uploads\/2022\/10\/Stage_Art_Studio_Multiplaza04-e1499438062408.jpg?fit=1000%2C600&ssl=1&resize=350%2C200","width":350,"height":200,"srcset":"https:\/\/i0.wp.com\/casadecampoliving.com\/wp-content\/uploads\/2022\/10\/Stage_Art_Studio_Multiplaza04-e1499438062408.jpg?fit=1000%2C600&ssl=1&resize=350%2C200 1x, https:\/\/i0.wp.com\/casadecampoliving.com\/wp-content\/uploads\/2022\/10\/Stage_Art_Studio_Multiplaza04-e1499438062408.jpg?fit=1000%2C600&ssl=1&resize=525%2C300 1.5x, https:\/\/i0.wp.com\/casadecampoliving.com\/wp-content\/uploads\/2022\/10\/Stage_Art_Studio_Multiplaza04-e1499438062408.jpg?fit=1000%2C600&ssl=1&resize=700%2C400 2x"},"classes":[]},{"id":351586,"url":"https:\/\/casadecampoliving.com\/es\/stage-estudio-de-arte-tiene-el-campamento-de-verano-perfecto-para-sus-hijos\/","url_meta":{"origin":351103,"position":1},"title":"\u00a1Stage Estudio de Arte tiene el campamento de verano perfecto para sus hijos!","author":"Marlenys Guzm\u00e1n Casta\u00f1os","date":"8 Jun, 2017","format":false,"excerpt":"Stage Estudio de Arte ha preparado el campamento de verano ideal para que los j\u00f3venes se expresen a trav\u00e9s de las artes esc\u00e9nicas. Justo a las afueras de Casa de Campo en La Romana sus hijos podr\u00e1n descubrir cualquier talento escondido que puedan tener \u00a1o trabajar en los que ya\u2026","rel":"","context":"En \u00abDeportes\u00bb","block_context":{"text":"Deportes","link":"https:\/\/casadecampoliving.com\/es\/category\/golf-deportes-es\/"},"img":{"alt_text":"","src":"https:\/\/i0.wp.com\/casadecampoliving.com\/wp-content\/uploads\/2022\/10\/IMG_2459-e1496937878174.jpg?fit=1000%2C667&ssl=1&resize=350%2C200","width":350,"height":200,"srcset":"https:\/\/i0.wp.com\/casadecampoliving.com\/wp-content\/uploads\/2022\/10\/IMG_2459-e1496937878174.jpg?fit=1000%2C667&ssl=1&resize=350%2C200 1x, https:\/\/i0.wp.com\/casadecampoliving.com\/wp-content\/uploads\/2022\/10\/IMG_2459-e1496937878174.jpg?fit=1000%2C667&ssl=1&resize=525%2C300 1.5x, https:\/\/i0.wp.com\/casadecampoliving.com\/wp-content\/uploads\/2022\/10\/IMG_2459-e1496937878174.jpg?fit=1000%2C667&ssl=1&resize=700%2C400 2x"},"classes":[]},{"id":351247,"url":"https:\/\/casadecampoliving.com\/es\/vamos-para-disney-con-stage-con-maletas-este-verano\/","url_meta":{"origin":351103,"position":2},"title":"\u00a1Este verano vamos para Disney con \u00abStage con Maletas\u00bb!","author":"Marlenys Guzm\u00e1n Casta\u00f1os","date":"14 Mar, 2017","format":false,"excerpt":"\u00bfQuieres probar algo diferente este verano? Bueno, tenemos una excelente recomendaci\u00f3n... Stage con Maletas es un taller de verano donde los bailarines de 8 a\u00f1os en adelante \u00a1pasan una semana en los Estados Unidos! En los talleres de danza, aprender\u00e1n diferentes t\u00e9cnicas de los instructores de baile internacionales. Stage Estudio\u2026","rel":"","context":"En \u00abM\u00e1s all\u00e1 de Casa\u00bb","block_context":{"text":"M\u00e1s all\u00e1 de Casa","link":"https:\/\/casadecampoliving.com\/es\/category\/mas-alla-de-casa-es\/"},"img":{"alt_text":"","src":"https:\/\/i0.wp.com\/casadecampoliving.com\/wp-content\/uploads\/2022\/10\/Los-Angeles-1.jpg?fit=1000%2C654&ssl=1&resize=350%2C200","width":350,"height":200,"srcset":"https:\/\/i0.wp.com\/casadecampoliving.com\/wp-content\/uploads\/2022\/10\/Los-Angeles-1.jpg?fit=1000%2C654&ssl=1&resize=350%2C200 1x, https:\/\/i0.wp.com\/casadecampoliving.com\/wp-content\/uploads\/2022\/10\/Los-Angeles-1.jpg?fit=1000%2C654&ssl=1&resize=525%2C300 1.5x, https:\/\/i0.wp.com\/casadecampoliving.com\/wp-content\/uploads\/2022\/10\/Los-Angeles-1.jpg?fit=1000%2C654&ssl=1&resize=700%2C400 2x"},"classes":[]},{"id":349912,"url":"https:\/\/casadecampoliving.com\/es\/artes-escenicas-stage-estudio-de-arte\/","url_meta":{"origin":351103,"position":3},"title":"Deje que su hijo descubra sus talentos este verano en Stage Estudio de Arte.","author":"Marlenys Guzm\u00e1n Casta\u00f1os","date":"1 Jun, 2016","format":false,"excerpt":"Este verano hay numerosas opciones para sus hijos, como ASA, La Vecindad, Casa de Campo programas familiares, Camp Frost, la FCBEscola, y ahora le traemos otra opci\u00f3n fuera de Casa en La Romana. Stage Estudio de Arte ha preparado un campamento para los m\u00e1s j\u00f3venes a expresarse a trav\u00e9s de\u2026","rel":"","context":"En \u00abArte y cultura\u00bb","block_context":{"text":"Arte y cultura","link":"https:\/\/casadecampoliving.com\/category\/arte-y-cultura\/"},"img":{"alt_text":"Featured Image Stage Summer Camp","src":"https:\/\/i0.wp.com\/casadecampoliving.com\/wp-content\/uploads\/2022\/10\/Featured-Image-Stage-Summer-Camp.jpg?fit=640%2C427&ssl=1&resize=350%2C200","width":350,"height":200,"srcset":"https:\/\/i0.wp.com\/casadecampoliving.com\/wp-content\/uploads\/2022\/10\/Featured-Image-Stage-Summer-Camp.jpg?fit=640%2C427&ssl=1&resize=350%2C200 1x, https:\/\/i0.wp.com\/casadecampoliving.com\/wp-content\/uploads\/2022\/10\/Featured-Image-Stage-Summer-Camp.jpg?fit=640%2C427&ssl=1&resize=525%2C300 1.5x"},"classes":[]},{"id":350913,"url":"https:\/\/casadecampoliving.com\/es\/una-noche-en-hollywood-por-stage-estudio-de-arte\/","url_meta":{"origin":351103,"position":4},"title":"Est\u00e1s invitado a experimentar \u00abUna noche en Hollywood\u00bb por Stage Estudio de Arte","author":"Marlenys Guzm\u00e1n Casta\u00f1os","date":"13 Dic, 2016","format":false,"excerpt":"Para celebrar su primer a\u00f1o de ense\u00f1anza de las Artes Esc\u00e9nicas en La Romana, Stage Estudio de Arte tendr\u00e1 una GRAN\u00a0celebraci\u00f3n este s\u00e1bado, 17 de diciembre. \u00a1Ser\u00e1\u00a0un espect\u00e1culo para toda la familia, lleno de luces, c\u00e1mara y acci\u00f3n! Stage Estudio de Arte abri\u00f3 sus puertas el 15 de enero en\u2026","rel":"","context":"En \u00abArte y cultura\u00bb","block_context":{"text":"Arte y cultura","link":"https:\/\/casadecampoliving.com\/category\/arte-y-cultura\/"},"img":{"alt_text":"","src":"https:\/\/i0.wp.com\/casadecampoliving.com\/wp-content\/uploads\/2022\/10\/IMG_2491.jpg?fit=1000%2C667&ssl=1&resize=350%2C200","width":350,"height":200,"srcset":"https:\/\/i0.wp.com\/casadecampoliving.com\/wp-content\/uploads\/2022\/10\/IMG_2491.jpg?fit=1000%2C667&ssl=1&resize=350%2C200 1x, https:\/\/i0.wp.com\/casadecampoliving.com\/wp-content\/uploads\/2022\/10\/IMG_2491.jpg?fit=1000%2C667&ssl=1&resize=525%2C300 1.5x, https:\/\/i0.wp.com\/casadecampoliving.com\/wp-content\/uploads\/2022\/10\/IMG_2491.jpg?fit=1000%2C667&ssl=1&resize=700%2C400 2x"},"classes":[]},{"id":352369,"url":"https:\/\/casadecampoliving.com\/es\/stage-estudio-de-arte-nos-mostro-que-los-suenos-se-hacen-realidad\/","url_meta":{"origin":351103,"position":5},"title":"Stage Estudio de Arte nos mostr\u00f3 que los sue\u00f1os se hacen realidad","author":"Marlenys Guzm\u00e1n Casta\u00f1os","date":"8 Ene, 2018","format":false,"excerpt":"El mes pasado, Stage Estudio de Arte celebr\u00f3 su segundo aniversario haciendo lo que m\u00e1s les gusta: \u00a1actuar! El 16 de diciembre, despu\u00e9s de semanas de ensayo y preparaci\u00f3n, presentaron \"\u00c9rase una vez ...\" su primer musical original y debemos decir que fueron incre\u00edbles. \"\u00c9rase una vez ...\" fue una\u2026","rel":"","context":"En \u00abArte y cultura\u00bb","block_context":{"text":"Arte y cultura","link":"https:\/\/casadecampoliving.com\/category\/arte-y-cultura\/"},"img":{"alt_text":"Once upon a time by Stage Art Studio","src":"https:\/\/i0.wp.com\/casadecampoliving.com\/wp-content\/uploads\/2022\/10\/25463935_10154983386411078_159435702_n.jpg?resize=350%2C200","width":350,"height":200},"classes":[]}],"jetpack_sharing_enabled":true,"_links":{"self":[{"href":"https:\/\/casadecampoliving.com\/es\/wp-json\/wp\/v2\/posts\/351103","targetHints":{"allow":["GET"]}}],"collection":[{"href":"https:\/\/casadecampoliving.com\/es\/wp-json\/wp\/v2\/posts"}],"about":[{"href":"https:\/\/casadecampoliving.com\/es\/wp-json\/wp\/v2\/types\/post"}],"author":[{"embeddable":true,"href":"https:\/\/casadecampoliving.com\/es\/wp-json\/wp\/v2\/users\/36682"}],"replies":[{"embeddable":true,"href":"https:\/\/casadecampoliving.com\/es\/wp-json\/wp\/v2\/comments?post=351103"}],"version-history":[{"count":1,"href":"https:\/\/casadecampoliving.com\/es\/wp-json\/wp\/v2\/posts\/351103\/revisions"}],"predecessor-version":[{"id":351104,"href":"https:\/\/casadecampoliving.com\/es\/wp-json\/wp\/v2\/posts\/351103\/revisions\/351104"}],"wp:featuredmedia":[{"embeddable":true,"href":"https:\/\/casadecampoliving.com\/es\/wp-json\/wp\/v2\/media\/328838"}],"wp:attachment":[{"href":"https:\/\/casadecampoliving.com\/es\/wp-json\/wp\/v2\/media?parent=351103"}],"wp:term":[{"taxonomy":"category","embeddable":true,"href":"https:\/\/casadecampoliving.com\/es\/wp-json\/wp\/v2\/categories?post=351103"},{"taxonomy":"post_tag","embeddable":true,"href":"https:\/\/casadecampoliving.com\/es\/wp-json\/wp\/v2\/tags?post=351103"},{"taxonomy":"newspack_spnsrs_tax","embeddable":true,"href":"https:\/\/casadecampoliving.com\/es\/wp-json\/wp\/v2\/newspack_spnsrs_tax?post=351103"}],"curies":[{"name":"wp","href":"https:\/\/api.w.org\/{rel}","templated":true}]}}