{"id":351059,"date":"2017-01-23T00:00:00","date_gmt":"2017-01-23T04:00:00","guid":{"rendered":"https:\/\/casadecampoliving.com\/conoce-los-nuevos-artistas-de-la-residencia-de-la-iniciativa-de-arte-davidoff-de-este-ano\/"},"modified":"2022-10-21T18:59:38","modified_gmt":"2022-10-21T22:59:38","slug":"conoce-los-nuevos-artistas-de-la-residencia-de-la-iniciativa-de-arte-davidoff-de-este-ano","status":"publish","type":"post","link":"https:\/\/casadecampoliving.com\/es\/conoce-los-nuevos-artistas-de-la-residencia-de-la-iniciativa-de-arte-davidoff-de-este-ano\/","title":{"rendered":"Conoce a los nuevos artistas de la Residencia de la Iniciativa de Arte Davidoff de este a\u00f1o"},"content":{"rendered":"\n<p>Nastasia Meyrat, Yan Xing y Claire Trotignon ser\u00e1n presentados a la comunidad de Casa de Campo ma\u00f1ana, 24 de enero, como los nuevos artistas en residencia de la Iniciativa de Arte Davidoff 2017. Todos est\u00e1n cordialmente invitados a asistir a la presentaci\u00f3n de estos talentosos artistas&nbsp;que tendra lugar en el Davidoff Art Studios a las 7:00 pm<br>\n<\/p>\n\n\n\n<!--more-->\n\n\n\n<p><a href=\"https:\/\/casadecampoliving.com\/es\/davidoff-anuncia-su-nuevo-grupo-para-programa-de-residencia\/\">Ya conocemos&nbsp;un poco sobre sus trabajos, <\/a>pero esta es la oportunidad perfecta para conocer y saludar a los artistas, aprender sobre su trabajo, y escuchar lo que aspiran a lograr durante su tiempo aqu\u00ed. Con Altos de Chav\u00f3n siendo el pueblo del artista, \u00a1estamos seguros de que podr\u00e1n encontrar inspiraci\u00f3n donde quiera que vayan! Esperamos verlos lograr una nueva visi\u00f3n, perspectiva y compartirla con la comunidad de Casa.<\/p>\n\n\n\n<p>El a\u00f1o pasado recordamos con cari\u00f1o el trabajo de <a href=\"https:\/\/casadecampoliving.com\/es\/estudiantes-chavon-berlin-con-jimmy-roberts-y-udk\/\">Jimmy Roberts en Berl\u00edn<\/a> con un grupo de estudiantes de Chav\u00f3n, as\u00ed que no podemos esperar a ver lo que viene de este nuevo grupo Davidoff. En un futuro no tan lejano, tambi\u00e9n nos reuniremos con el resto de los artistas en residencia de este a\u00f1o; permanezca atento mientras que esperamos su llegada.<\/p>\n\n\n\n<blockquote><h3>INTRODUCCI\u00d3N DE LOS ARISTAS EN RESIDENCIA DEL DAVIDOFF ARTS INITIATIVE<\/h3><p><strong>NASTASIA MEYRAT \u2022 CLAIRE TROTIGNON \u2022 YAN XING<\/strong><\/p><figure><img decoding=\"async\" loading=\"lazy\" class=\"aligncenter size-full wp-image-133729\" src=\"https:\/\/i0.wp.com\/casadecampoliving.com\/wp-content\/uploads\/2022\/10\/davidoff3-03-e1485262364326-2.png?resize=700%2C906&amp;ssl=1\" alt=\"davidoff3-03\" width=\"700\" height=\"906\"><\/figure><p><strong>Qu\u00e9:<\/strong> Presentaci\u00f3n de los artistas en residencia del&nbsp;Davidoff Art Initiative en&nbsp;Altos de Chav\u00f3n<\/p><p><strong>Cu\u00e1ndo:<\/strong>&nbsp;Martes 24 de enero, 7:00 p.m.<\/p><p><strong>D\u00f3nde:<\/strong>&nbsp;Estudios Davidoff<\/p><p>Para m\u00e1s detalles: 809.523.8011<\/p><\/blockquote>\n\n\n\n<blockquote><p><a href=\"https:\/\/casadecampoliving.com\/es\/davidoff-anuncia-su-nuevo-grupo-para-programa-de-residencia\/\"><strong>Davidoff anuncia a cuatro artistas, una conservadora y una criti\u0301ca de arte para su programa de residencia en Altos de Chav\u00f3n<\/strong><\/a><\/p><figure><img decoding=\"async\" loading=\"lazy\" class=\"aligncenter size-full wp-image-124767\" src=\"https:\/\/i0.wp.com\/casadecampoliving.com\/wp-content\/uploads\/2022\/10\/Dav-Press_1502-656-3.jpg?resize=1000%2C667&amp;ssl=1\" alt=\"dav-press_1502-656\" width=\"1000\" height=\"667\"><\/figure><p>El&nbsp;Davidoff Art Initiative&nbsp;en colaboraci\u00f3n con Altos de Chav\u00f3n&nbsp;Escuela de Dise\u00f1o acaba de anunciar el nuevo&nbsp;grupo de artistas que participar\u00e1n en el Davidoff International Art Residency en las instalaciones de Altos de Chav\u00f3n, Casa de Campo, del 23 de enero al 3 de abril, 2017. <a href=\"https:\/\/casadecampoliving.com\/es\/davidoff-anuncia-su-nuevo-grupo-para-programa-de-residencia\/\">Seguir leyendo.<\/a><\/p><\/blockquote>\n\n\n\n<blockquote><h3 style=\"text-align: justify;\"><strong>SOBRE EL PROGRAMA DE RESIDENCIA DAVIDOFF ART INITIATIVE<\/strong><\/h3><figure><img decoding=\"async\" loading=\"lazy\" class=\"size-full wp-image-117843 alignright\" src=\"https:\/\/i0.wp.com\/casadecampoliving.com\/wp-content\/uploads\/2022\/10\/Davidoff-Art-Initiative-logo-1-e1466426608322.png?resize=150%2C92&amp;ssl=1\" alt=\"Davidoff Art Initiative logo\" width=\"150\" height=\"92\"><\/figure><p style=\"text-align: justify;\">El&nbsp;programa central del Davidoff Art Iniciative es el de Artistas en Residencia.<\/p><p style=\"text-align: justify;\">Cada a\u00f1o, el programa de residencia de Davidoff ofrece plazas para artistas del Caribe que participan en cinco programas de artista de residencia en todo el mundo, as\u00ed como tambi\u00e9n para cinco artistas de fuera de la regi\u00f3n del Caribe que pasan tres meses en la Rep\u00fablica Dominicana. Un n\u00famero limitado de posiciones tambi\u00e9n se reservan para curadores y escritores que trabajan en proyectos de importancia para el arte del Caribe.<\/p><p style=\"text-align: justify;\">Los programas de residencias art\u00edsticas ayudan a los artistas a desarrollar sus habilidades, hacer conexiones dentro de las redes globales, ganar exposici\u00f3n para su trabajo, y compartir su experiencia con los dem\u00e1s. Al ofrecer esta oportunidad a artistas emergentes e independientes de pasar un per\u00edodo extendido de tiempo trabajando en un entorno social y creativo diferente a la suya, el Davidoff Art Residency sirve como un conducto para la movilidad profesional, la inmersi\u00f3n cultural y el intercambio creativo.<\/p><\/blockquote>\n","protected":false},"excerpt":{"rendered":"<p>Nastasia Meyrat, Yan Xing y Claire Trotignon ser\u00e1n presentados a la comunidad de Casa de Campo ma\u00f1ana, 24 de enero, como los nuevos artistas en residencia de la Iniciativa de Arte Davidoff 2017. Todos est\u00e1n cordialmente invitados a asistir a la presentaci\u00f3n de estos talentosos artistas&nbsp;que tendra lugar en el Davidoff Art Studios a las [&hellip;]<\/p>\n","protected":false},"author":36682,"featured_media":328610,"comment_status":"closed","ping_status":"closed","sticky":false,"template":"","format":"standard","meta":{"newspack_ads_suppress_ads":false,"newspack_popups_has_disabled_popups":false,"newspack_sponsor_sponsorship_scope":"","newspack_sponsor_native_byline_display":"inherit","newspack_sponsor_native_category_display":"inherit","newspack_sponsor_underwriter_style":"inherit","newspack_sponsor_underwriter_placement":"inherit","_newspack_byline_active":false,"_newspack_byline":"","newspack_hide_updated_date":false,"newspack_show_updated_date":false,"newspack_content_restriction_is_exempt":false,"newspack_featured_image_position":"","newspack_post_subtitle":"","newspack_article_summary_title":"Overview:","newspack_article_summary":"","_jetpack_memberships_contains_paid_content":false,"footnotes":"","jetpack_publicize_message":"","jetpack_publicize_feature_enabled":true,"jetpack_social_post_already_shared":false,"jetpack_social_options":{"image_generator_settings":{"template":"highway","default_image_id":0,"font":"","enabled":false},"version":2},"_wpas_customize_per_network":false},"categories":[26819,26823,14631,2522,14627,2521],"tags":[15387,1929,19426,7913,19425,19884,14159,19427],"newspack_spnsrs_tax":[],"class_list":["post-351059","post","type-post","status-publish","format-standard","has-post-thumbnail","hentry","category-altos-de-chavon-es","category-arte-y-cultura","category-estilo-de-vida","category-eventos-es","category-proximamente","category-republica-dominicana-2","tag-altos-de-chavon-es","tag-artistas-en-residencia","tag-claire-trotignon","tag-davidoff","tag-nastasia-meyrat","tag-nuevos","tag-presentacion","tag-yan-xing","entry"],"yoast_head":"<!-- This site is optimized with the Yoast SEO plugin v27.5 - https:\/\/yoast.com\/product\/yoast-seo-wordpress\/ -->\n<title>Conoce a los nuevos artistas de la Residencia de la Iniciativa de Arte Davidoff de este a\u00f1o | Casa de Campo Living<\/title>\n<meta name=\"description\" content=\"Nastasia Meyrat, Yan Xing y Claire Trotignon ser\u00e1n presentados a la comunidad de Casa de Campo ma\u00f1ana, 24 de enero, como los nuevos artistas en residencia\" \/>\n<meta name=\"robots\" content=\"index, follow, max-snippet:-1, max-image-preview:large, max-video-preview:-1\" \/>\n<link rel=\"canonical\" href=\"https:\/\/casadecampoliving.com\/es\/conoce-los-nuevos-artistas-de-la-residencia-de-la-iniciativa-de-arte-davidoff-de-este-ano\/\" \/>\n<meta property=\"og:locale\" content=\"es_ES\" \/>\n<meta property=\"og:type\" content=\"article\" \/>\n<meta property=\"og:title\" content=\"Conoce a los nuevos artistas de la Residencia de la Iniciativa de Arte Davidoff de este a\u00f1o | Casa de Campo Living\" \/>\n<meta property=\"og:description\" content=\"Nastasia Meyrat, Yan Xing y Claire Trotignon ser\u00e1n presentados a la comunidad de Casa de Campo ma\u00f1ana, 24 de enero, como los nuevos artistas en residencia\" \/>\n<meta property=\"og:url\" content=\"https:\/\/casadecampoliving.com\/es\/conoce-los-nuevos-artistas-de-la-residencia-de-la-iniciativa-de-arte-davidoff-de-este-ano\/\" \/>\n<meta property=\"og:site_name\" content=\"Casa de Campo Living\" \/>\n<meta property=\"article:publisher\" content=\"https:\/\/www.facebook.com\/casadecampoliving\" \/>\n<meta property=\"article:published_time\" content=\"2017-01-23T04:00:00+00:00\" \/>\n<meta property=\"article:modified_time\" content=\"2022-10-21T22:59:38+00:00\" \/>\n<meta property=\"og:image\" content=\"https:\/\/i0.wp.com\/casadecampoliving.com\/wp-content\/uploads\/2022\/10\/Altos-de-Chavon_Studios_13-1-scaled.jpg?fit=2560%2C1709&ssl=1\" \/>\n\t<meta property=\"og:image:width\" content=\"2560\" \/>\n\t<meta property=\"og:image:height\" content=\"1709\" \/>\n\t<meta property=\"og:image:type\" content=\"image\/jpeg\" \/>\n<meta name=\"author\" content=\"Marlenys Guzm\u00e1n Casta\u00f1os\" \/>\n<meta name=\"twitter:card\" content=\"summary_large_image\" \/>\n<meta name=\"twitter:creator\" content=\"@cdcliving\" \/>\n<meta name=\"twitter:site\" content=\"@cdcliving\" \/>\n<meta name=\"twitter:label1\" content=\"Escrito por\" \/>\n\t<meta name=\"twitter:data1\" content=\"Marlenys Guzm\u00e1n Casta\u00f1os\" \/>\n\t<meta name=\"twitter:label2\" content=\"Tiempo de lectura\" \/>\n\t<meta name=\"twitter:data2\" content=\"3 minutos\" \/>\n<script type=\"application\/ld+json\" class=\"yoast-schema-graph\">{\"@context\":\"https:\\\/\\\/schema.org\",\"@graph\":[{\"@type\":\"Article\",\"@id\":\"https:\\\/\\\/casadecampoliving.com\\\/es\\\/conoce-los-nuevos-artistas-de-la-residencia-de-la-iniciativa-de-arte-davidoff-de-este-ano\\\/#article\",\"isPartOf\":{\"@id\":\"https:\\\/\\\/casadecampoliving.com\\\/es\\\/conoce-los-nuevos-artistas-de-la-residencia-de-la-iniciativa-de-arte-davidoff-de-este-ano\\\/\"},\"author\":{\"name\":\"Marlenys Guzm\u00e1n Casta\u00f1os\",\"@id\":\"https:\\\/\\\/casadecampoliving.com\\\/es\\\/#\\\/schema\\\/person\\\/b6606bd87f9cec8f5903e2141cafda24\"},\"headline\":\"Conoce a los nuevos artistas de la Residencia de la Iniciativa de Arte Davidoff de este a\u00f1o\",\"datePublished\":\"2017-01-23T04:00:00+00:00\",\"dateModified\":\"2022-10-21T22:59:38+00:00\",\"mainEntityOfPage\":{\"@id\":\"https:\\\/\\\/casadecampoliving.com\\\/es\\\/conoce-los-nuevos-artistas-de-la-residencia-de-la-iniciativa-de-arte-davidoff-de-este-ano\\\/\"},\"wordCount\":534,\"publisher\":{\"@id\":\"https:\\\/\\\/casadecampoliving.com\\\/es\\\/#organization\"},\"image\":{\"@id\":\"https:\\\/\\\/casadecampoliving.com\\\/es\\\/conoce-los-nuevos-artistas-de-la-residencia-de-la-iniciativa-de-arte-davidoff-de-este-ano\\\/#primaryimage\"},\"thumbnailUrl\":\"https:\\\/\\\/i0.wp.com\\\/casadecampoliving.com\\\/wp-content\\\/uploads\\\/2022\\\/10\\\/Altos-de-Chavon_Studios_13-1-scaled.jpg?fit=2560%2C1709&ssl=1\",\"keywords\":[\"Altos de Chavon\",\"artistas en residencia\",\"Claire Trotignon\",\"davidoff\",\"Nastasia Meyrat\",\"nuevos\",\"Presentaci\u00f3n\",\"Yan Xing\"],\"articleSection\":[\"Altos de Chavon @es\",\"Arte y cultura\",\"Estilo de Vida\",\"Eventos\",\"Proximamente\",\"Rep\u00fablica Dominicana @es\"],\"inLanguage\":\"es\"},{\"@type\":\"WebPage\",\"@id\":\"https:\\\/\\\/casadecampoliving.com\\\/es\\\/conoce-los-nuevos-artistas-de-la-residencia-de-la-iniciativa-de-arte-davidoff-de-este-ano\\\/\",\"url\":\"https:\\\/\\\/casadecampoliving.com\\\/es\\\/conoce-los-nuevos-artistas-de-la-residencia-de-la-iniciativa-de-arte-davidoff-de-este-ano\\\/\",\"name\":\"Conoce a los nuevos artistas de la Residencia de la Iniciativa de Arte Davidoff de este a\u00f1o | Casa de Campo Living\",\"isPartOf\":{\"@id\":\"https:\\\/\\\/casadecampoliving.com\\\/es\\\/#website\"},\"primaryImageOfPage\":{\"@id\":\"https:\\\/\\\/casadecampoliving.com\\\/es\\\/conoce-los-nuevos-artistas-de-la-residencia-de-la-iniciativa-de-arte-davidoff-de-este-ano\\\/#primaryimage\"},\"image\":{\"@id\":\"https:\\\/\\\/casadecampoliving.com\\\/es\\\/conoce-los-nuevos-artistas-de-la-residencia-de-la-iniciativa-de-arte-davidoff-de-este-ano\\\/#primaryimage\"},\"thumbnailUrl\":\"https:\\\/\\\/i0.wp.com\\\/casadecampoliving.com\\\/wp-content\\\/uploads\\\/2022\\\/10\\\/Altos-de-Chavon_Studios_13-1-scaled.jpg?fit=2560%2C1709&ssl=1\",\"datePublished\":\"2017-01-23T04:00:00+00:00\",\"dateModified\":\"2022-10-21T22:59:38+00:00\",\"description\":\"Nastasia Meyrat, Yan Xing y Claire Trotignon ser\u00e1n presentados a la comunidad de Casa de Campo ma\u00f1ana, 24 de enero, como los nuevos artistas en residencia\",\"breadcrumb\":{\"@id\":\"https:\\\/\\\/casadecampoliving.com\\\/es\\\/conoce-los-nuevos-artistas-de-la-residencia-de-la-iniciativa-de-arte-davidoff-de-este-ano\\\/#breadcrumb\"},\"inLanguage\":\"es\",\"potentialAction\":[{\"@type\":\"ReadAction\",\"target\":[\"https:\\\/\\\/casadecampoliving.com\\\/es\\\/conoce-los-nuevos-artistas-de-la-residencia-de-la-iniciativa-de-arte-davidoff-de-este-ano\\\/\"]}]},{\"@type\":\"ImageObject\",\"inLanguage\":\"es\",\"@id\":\"https:\\\/\\\/casadecampoliving.com\\\/es\\\/conoce-los-nuevos-artistas-de-la-residencia-de-la-iniciativa-de-arte-davidoff-de-este-ano\\\/#primaryimage\",\"url\":\"https:\\\/\\\/i0.wp.com\\\/casadecampoliving.com\\\/wp-content\\\/uploads\\\/2022\\\/10\\\/Altos-de-Chavon_Studios_13-1-scaled.jpg?fit=2560%2C1709&ssl=1\",\"contentUrl\":\"https:\\\/\\\/i0.wp.com\\\/casadecampoliving.com\\\/wp-content\\\/uploads\\\/2022\\\/10\\\/Altos-de-Chavon_Studios_13-1-scaled.jpg?fit=2560%2C1709&ssl=1\",\"width\":2560,\"height\":1709},{\"@type\":\"BreadcrumbList\",\"@id\":\"https:\\\/\\\/casadecampoliving.com\\\/es\\\/conoce-los-nuevos-artistas-de-la-residencia-de-la-iniciativa-de-arte-davidoff-de-este-ano\\\/#breadcrumb\",\"itemListElement\":[{\"@type\":\"ListItem\",\"position\":1,\"name\":\"Home\",\"item\":\"https:\\\/\\\/casadecampoliving.com\\\/es\\\/\"},{\"@type\":\"ListItem\",\"position\":2,\"name\":\"Conoce a los nuevos artistas de la Residencia de la Iniciativa de Arte Davidoff de este a\u00f1o\"}]},{\"@type\":\"WebSite\",\"@id\":\"https:\\\/\\\/casadecampoliving.com\\\/es\\\/#website\",\"url\":\"https:\\\/\\\/casadecampoliving.com\\\/es\\\/\",\"name\":\"Casa de Campo Living\",\"description\":\"Resort community news and resources.\",\"publisher\":{\"@id\":\"https:\\\/\\\/casadecampoliving.com\\\/es\\\/#organization\"},\"potentialAction\":[{\"@type\":\"SearchAction\",\"target\":{\"@type\":\"EntryPoint\",\"urlTemplate\":\"https:\\\/\\\/casadecampoliving.com\\\/es\\\/?s={search_term_string}\"},\"query-input\":{\"@type\":\"PropertyValueSpecification\",\"valueRequired\":true,\"valueName\":\"search_term_string\"}}],\"inLanguage\":\"es\"},{\"@type\":\"Organization\",\"@id\":\"https:\\\/\\\/casadecampoliving.com\\\/es\\\/#organization\",\"name\":\"Casa de Campo Living\",\"url\":\"https:\\\/\\\/casadecampoliving.com\\\/es\\\/\",\"logo\":{\"@type\":\"ImageObject\",\"inLanguage\":\"es\",\"@id\":\"https:\\\/\\\/casadecampoliving.com\\\/es\\\/#\\\/schema\\\/logo\\\/image\\\/\",\"url\":\"https:\\\/\\\/i0.wp.com\\\/casadecampoliving.com\\\/wp-content\\\/uploads\\\/2022\\\/07\\\/CDCLivingLogo_V1-white-sized.png?fit=800%2C214&ssl=1\",\"contentUrl\":\"https:\\\/\\\/i0.wp.com\\\/casadecampoliving.com\\\/wp-content\\\/uploads\\\/2022\\\/07\\\/CDCLivingLogo_V1-white-sized.png?fit=800%2C214&ssl=1\",\"width\":800,\"height\":214,\"caption\":\"Casa de Campo Living\"},\"image\":{\"@id\":\"https:\\\/\\\/casadecampoliving.com\\\/es\\\/#\\\/schema\\\/logo\\\/image\\\/\"},\"sameAs\":[\"https:\\\/\\\/www.facebook.com\\\/casadecampoliving\",\"https:\\\/\\\/x.com\\\/cdcliving\"]},{\"@type\":\"Person\",\"@id\":\"https:\\\/\\\/casadecampoliving.com\\\/es\\\/#\\\/schema\\\/person\\\/b6606bd87f9cec8f5903e2141cafda24\",\"name\":\"Marlenys Guzm\u00e1n Casta\u00f1os\",\"image\":{\"@type\":\"ImageObject\",\"inLanguage\":\"es\",\"@id\":\"https:\\\/\\\/secure.gravatar.com\\\/avatar\\\/72f3f86b8e6b3ec744201aeadf11d4a6055e8af194aecd9ad30ffff4437878ee?s=96&d=mm&r=g\",\"url\":\"https:\\\/\\\/secure.gravatar.com\\\/avatar\\\/72f3f86b8e6b3ec744201aeadf11d4a6055e8af194aecd9ad30ffff4437878ee?s=96&d=mm&r=g\",\"contentUrl\":\"https:\\\/\\\/secure.gravatar.com\\\/avatar\\\/72f3f86b8e6b3ec744201aeadf11d4a6055e8af194aecd9ad30ffff4437878ee?s=96&d=mm&r=g\",\"caption\":\"Marlenys Guzm\u00e1n Casta\u00f1os\"},\"url\":\"https:\\\/\\\/casadecampoliving.com\\\/es\\\/author\\\/mguzman\\\/\"}]}<\/script>\n<!-- \/ Yoast SEO plugin. -->","yoast_head_json":{"title":"Conoce a los nuevos artistas de la Residencia de la Iniciativa de Arte Davidoff de este a\u00f1o | Casa de Campo Living","description":"Nastasia Meyrat, Yan Xing y Claire Trotignon ser\u00e1n presentados a la comunidad de Casa de Campo ma\u00f1ana, 24 de enero, como los nuevos artistas en residencia","robots":{"index":"index","follow":"follow","max-snippet":"max-snippet:-1","max-image-preview":"max-image-preview:large","max-video-preview":"max-video-preview:-1"},"canonical":"https:\/\/casadecampoliving.com\/es\/conoce-los-nuevos-artistas-de-la-residencia-de-la-iniciativa-de-arte-davidoff-de-este-ano\/","og_locale":"es_ES","og_type":"article","og_title":"Conoce a los nuevos artistas de la Residencia de la Iniciativa de Arte Davidoff de este a\u00f1o | Casa de Campo Living","og_description":"Nastasia Meyrat, Yan Xing y Claire Trotignon ser\u00e1n presentados a la comunidad de Casa de Campo ma\u00f1ana, 24 de enero, como los nuevos artistas en residencia","og_url":"https:\/\/casadecampoliving.com\/es\/conoce-los-nuevos-artistas-de-la-residencia-de-la-iniciativa-de-arte-davidoff-de-este-ano\/","og_site_name":"Casa de Campo Living","article_publisher":"https:\/\/www.facebook.com\/casadecampoliving","article_published_time":"2017-01-23T04:00:00+00:00","article_modified_time":"2022-10-21T22:59:38+00:00","og_image":[{"width":2560,"height":1709,"url":"https:\/\/i0.wp.com\/casadecampoliving.com\/wp-content\/uploads\/2022\/10\/Altos-de-Chavon_Studios_13-1-scaled.jpg?fit=2560%2C1709&ssl=1","type":"image\/jpeg"}],"author":"Marlenys Guzm\u00e1n Casta\u00f1os","twitter_card":"summary_large_image","twitter_creator":"@cdcliving","twitter_site":"@cdcliving","twitter_misc":{"Escrito por":"Marlenys Guzm\u00e1n Casta\u00f1os","Tiempo de lectura":"3 minutos"},"schema":{"@context":"https:\/\/schema.org","@graph":[{"@type":"Article","@id":"https:\/\/casadecampoliving.com\/es\/conoce-los-nuevos-artistas-de-la-residencia-de-la-iniciativa-de-arte-davidoff-de-este-ano\/#article","isPartOf":{"@id":"https:\/\/casadecampoliving.com\/es\/conoce-los-nuevos-artistas-de-la-residencia-de-la-iniciativa-de-arte-davidoff-de-este-ano\/"},"author":{"name":"Marlenys Guzm\u00e1n Casta\u00f1os","@id":"https:\/\/casadecampoliving.com\/es\/#\/schema\/person\/b6606bd87f9cec8f5903e2141cafda24"},"headline":"Conoce a los nuevos artistas de la Residencia de la Iniciativa de Arte Davidoff de este a\u00f1o","datePublished":"2017-01-23T04:00:00+00:00","dateModified":"2022-10-21T22:59:38+00:00","mainEntityOfPage":{"@id":"https:\/\/casadecampoliving.com\/es\/conoce-los-nuevos-artistas-de-la-residencia-de-la-iniciativa-de-arte-davidoff-de-este-ano\/"},"wordCount":534,"publisher":{"@id":"https:\/\/casadecampoliving.com\/es\/#organization"},"image":{"@id":"https:\/\/casadecampoliving.com\/es\/conoce-los-nuevos-artistas-de-la-residencia-de-la-iniciativa-de-arte-davidoff-de-este-ano\/#primaryimage"},"thumbnailUrl":"https:\/\/i0.wp.com\/casadecampoliving.com\/wp-content\/uploads\/2022\/10\/Altos-de-Chavon_Studios_13-1-scaled.jpg?fit=2560%2C1709&ssl=1","keywords":["Altos de Chavon","artistas en residencia","Claire Trotignon","davidoff","Nastasia Meyrat","nuevos","Presentaci\u00f3n","Yan Xing"],"articleSection":["Altos de Chavon @es","Arte y cultura","Estilo de Vida","Eventos","Proximamente","Rep\u00fablica Dominicana @es"],"inLanguage":"es"},{"@type":"WebPage","@id":"https:\/\/casadecampoliving.com\/es\/conoce-los-nuevos-artistas-de-la-residencia-de-la-iniciativa-de-arte-davidoff-de-este-ano\/","url":"https:\/\/casadecampoliving.com\/es\/conoce-los-nuevos-artistas-de-la-residencia-de-la-iniciativa-de-arte-davidoff-de-este-ano\/","name":"Conoce a los nuevos artistas de la Residencia de la Iniciativa de Arte Davidoff de este a\u00f1o | Casa de Campo Living","isPartOf":{"@id":"https:\/\/casadecampoliving.com\/es\/#website"},"primaryImageOfPage":{"@id":"https:\/\/casadecampoliving.com\/es\/conoce-los-nuevos-artistas-de-la-residencia-de-la-iniciativa-de-arte-davidoff-de-este-ano\/#primaryimage"},"image":{"@id":"https:\/\/casadecampoliving.com\/es\/conoce-los-nuevos-artistas-de-la-residencia-de-la-iniciativa-de-arte-davidoff-de-este-ano\/#primaryimage"},"thumbnailUrl":"https:\/\/i0.wp.com\/casadecampoliving.com\/wp-content\/uploads\/2022\/10\/Altos-de-Chavon_Studios_13-1-scaled.jpg?fit=2560%2C1709&ssl=1","datePublished":"2017-01-23T04:00:00+00:00","dateModified":"2022-10-21T22:59:38+00:00","description":"Nastasia Meyrat, Yan Xing y Claire Trotignon ser\u00e1n presentados a la comunidad de Casa de Campo ma\u00f1ana, 24 de enero, como los nuevos artistas en residencia","breadcrumb":{"@id":"https:\/\/casadecampoliving.com\/es\/conoce-los-nuevos-artistas-de-la-residencia-de-la-iniciativa-de-arte-davidoff-de-este-ano\/#breadcrumb"},"inLanguage":"es","potentialAction":[{"@type":"ReadAction","target":["https:\/\/casadecampoliving.com\/es\/conoce-los-nuevos-artistas-de-la-residencia-de-la-iniciativa-de-arte-davidoff-de-este-ano\/"]}]},{"@type":"ImageObject","inLanguage":"es","@id":"https:\/\/casadecampoliving.com\/es\/conoce-los-nuevos-artistas-de-la-residencia-de-la-iniciativa-de-arte-davidoff-de-este-ano\/#primaryimage","url":"https:\/\/i0.wp.com\/casadecampoliving.com\/wp-content\/uploads\/2022\/10\/Altos-de-Chavon_Studios_13-1-scaled.jpg?fit=2560%2C1709&ssl=1","contentUrl":"https:\/\/i0.wp.com\/casadecampoliving.com\/wp-content\/uploads\/2022\/10\/Altos-de-Chavon_Studios_13-1-scaled.jpg?fit=2560%2C1709&ssl=1","width":2560,"height":1709},{"@type":"BreadcrumbList","@id":"https:\/\/casadecampoliving.com\/es\/conoce-los-nuevos-artistas-de-la-residencia-de-la-iniciativa-de-arte-davidoff-de-este-ano\/#breadcrumb","itemListElement":[{"@type":"ListItem","position":1,"name":"Home","item":"https:\/\/casadecampoliving.com\/es\/"},{"@type":"ListItem","position":2,"name":"Conoce a los nuevos artistas de la Residencia de la Iniciativa de Arte Davidoff de este a\u00f1o"}]},{"@type":"WebSite","@id":"https:\/\/casadecampoliving.com\/es\/#website","url":"https:\/\/casadecampoliving.com\/es\/","name":"Casa de Campo Living","description":"Resort community news and resources.","publisher":{"@id":"https:\/\/casadecampoliving.com\/es\/#organization"},"potentialAction":[{"@type":"SearchAction","target":{"@type":"EntryPoint","urlTemplate":"https:\/\/casadecampoliving.com\/es\/?s={search_term_string}"},"query-input":{"@type":"PropertyValueSpecification","valueRequired":true,"valueName":"search_term_string"}}],"inLanguage":"es"},{"@type":"Organization","@id":"https:\/\/casadecampoliving.com\/es\/#organization","name":"Casa de Campo Living","url":"https:\/\/casadecampoliving.com\/es\/","logo":{"@type":"ImageObject","inLanguage":"es","@id":"https:\/\/casadecampoliving.com\/es\/#\/schema\/logo\/image\/","url":"https:\/\/i0.wp.com\/casadecampoliving.com\/wp-content\/uploads\/2022\/07\/CDCLivingLogo_V1-white-sized.png?fit=800%2C214&ssl=1","contentUrl":"https:\/\/i0.wp.com\/casadecampoliving.com\/wp-content\/uploads\/2022\/07\/CDCLivingLogo_V1-white-sized.png?fit=800%2C214&ssl=1","width":800,"height":214,"caption":"Casa de Campo Living"},"image":{"@id":"https:\/\/casadecampoliving.com\/es\/#\/schema\/logo\/image\/"},"sameAs":["https:\/\/www.facebook.com\/casadecampoliving","https:\/\/x.com\/cdcliving"]},{"@type":"Person","@id":"https:\/\/casadecampoliving.com\/es\/#\/schema\/person\/b6606bd87f9cec8f5903e2141cafda24","name":"Marlenys Guzm\u00e1n Casta\u00f1os","image":{"@type":"ImageObject","inLanguage":"es","@id":"https:\/\/secure.gravatar.com\/avatar\/72f3f86b8e6b3ec744201aeadf11d4a6055e8af194aecd9ad30ffff4437878ee?s=96&d=mm&r=g","url":"https:\/\/secure.gravatar.com\/avatar\/72f3f86b8e6b3ec744201aeadf11d4a6055e8af194aecd9ad30ffff4437878ee?s=96&d=mm&r=g","contentUrl":"https:\/\/secure.gravatar.com\/avatar\/72f3f86b8e6b3ec744201aeadf11d4a6055e8af194aecd9ad30ffff4437878ee?s=96&d=mm&r=g","caption":"Marlenys Guzm\u00e1n Casta\u00f1os"},"url":"https:\/\/casadecampoliving.com\/es\/author\/mguzman\/"}]}},"parsely":{"version":"1.1.0","canonical_url":"https:\/\/casadecampoliving.com\/es\/conoce-los-nuevos-artistas-de-la-residencia-de-la-iniciativa-de-arte-davidoff-de-este-ano\/","smart_links":{"inbound":0,"outbound":0},"traffic_boost_suggestions_count":0,"meta":{"@context":"https:\/\/schema.org","@type":"NewsArticle","headline":"Conoce a los nuevos artistas de la Residencia de la Iniciativa de Arte Davidoff de este a\u00f1o","url":"http:\/\/casadecampoliving.com\/es\/conoce-los-nuevos-artistas-de-la-residencia-de-la-iniciativa-de-arte-davidoff-de-este-ano\/","mainEntityOfPage":{"@type":"WebPage","@id":"http:\/\/casadecampoliving.com\/es\/conoce-los-nuevos-artistas-de-la-residencia-de-la-iniciativa-de-arte-davidoff-de-este-ano\/"},"thumbnailUrl":"https:\/\/i0.wp.com\/casadecampoliving.com\/wp-content\/uploads\/2022\/10\/Altos-de-Chavon_Studios_13-1-scaled.jpg?resize=150%2C150&ssl=1","image":{"@type":"ImageObject","url":"https:\/\/i0.wp.com\/casadecampoliving.com\/wp-content\/uploads\/2022\/10\/Altos-de-Chavon_Studios_13-1-scaled.jpg?fit=2560%2C1709&ssl=1"},"articleSection":"Altos de Chavon @es","author":[{"@type":"Person","name":"Marlenys Guzm\u00e1n Casta\u00f1os"}],"creator":["Marlenys Guzm\u00e1n Casta\u00f1os"],"publisher":{"@type":"Organization","name":"Casa de Campo Living","logo":"https:\/\/casadecampoliving.com\/wp-content\/uploads\/2022\/07\/CDCLivingLogo_V1-white-sized.png"},"keywords":["altos de chavon","artistas en residencia","claire trotignon","davidoff","nastasia meyrat","nuevos","presentaci\u00f3n","yan xing"],"dateCreated":"2017-01-23T04:00:00Z","datePublished":"2017-01-23T04:00:00Z","dateModified":"2022-10-21T22:59:38Z"},"rendered":"<script type=\"application\/ld+json\" class=\"wp-parsely-metadata\">{\"@context\":\"https:\\\/\\\/schema.org\",\"@type\":\"NewsArticle\",\"headline\":\"Conoce a los nuevos artistas de la Residencia de la Iniciativa de Arte Davidoff de este a\\u00f1o\",\"url\":\"http:\\\/\\\/casadecampoliving.com\\\/es\\\/conoce-los-nuevos-artistas-de-la-residencia-de-la-iniciativa-de-arte-davidoff-de-este-ano\\\/\",\"mainEntityOfPage\":{\"@type\":\"WebPage\",\"@id\":\"http:\\\/\\\/casadecampoliving.com\\\/es\\\/conoce-los-nuevos-artistas-de-la-residencia-de-la-iniciativa-de-arte-davidoff-de-este-ano\\\/\"},\"thumbnailUrl\":\"https:\\\/\\\/i0.wp.com\\\/casadecampoliving.com\\\/wp-content\\\/uploads\\\/2022\\\/10\\\/Altos-de-Chavon_Studios_13-1-scaled.jpg?resize=150%2C150&ssl=1\",\"image\":{\"@type\":\"ImageObject\",\"url\":\"https:\\\/\\\/i0.wp.com\\\/casadecampoliving.com\\\/wp-content\\\/uploads\\\/2022\\\/10\\\/Altos-de-Chavon_Studios_13-1-scaled.jpg?fit=2560%2C1709&ssl=1\"},\"articleSection\":\"Altos de Chavon @es\",\"author\":[{\"@type\":\"Person\",\"name\":\"Marlenys Guzm\\u00e1n Casta\\u00f1os\"}],\"creator\":[\"Marlenys Guzm\\u00e1n Casta\\u00f1os\"],\"publisher\":{\"@type\":\"Organization\",\"name\":\"Casa de Campo Living\",\"logo\":\"https:\\\/\\\/casadecampoliving.com\\\/wp-content\\\/uploads\\\/2022\\\/07\\\/CDCLivingLogo_V1-white-sized.png\"},\"keywords\":[\"altos de chavon\",\"artistas en residencia\",\"claire trotignon\",\"davidoff\",\"nastasia meyrat\",\"nuevos\",\"presentaci\\u00f3n\",\"yan xing\"],\"dateCreated\":\"2017-01-23T04:00:00Z\",\"datePublished\":\"2017-01-23T04:00:00Z\",\"dateModified\":\"2022-10-21T22:59:38Z\"}<\/script>","tracker_url":"https:\/\/cdn.parsely.com\/keys\/casadecampoliving.com\/p.js"},"jetpack_publicize_connections":[],"jetpack_featured_media_url":"https:\/\/i0.wp.com\/casadecampoliving.com\/wp-content\/uploads\/2022\/10\/Altos-de-Chavon_Studios_13-1-scaled.jpg?fit=2560%2C1709&ssl=1","jetpack-related-posts":[{"id":351116,"url":"https:\/\/casadecampoliving.com\/es\/nuevos-artistas-en-residencia-de-la-iniciativa-de-arte-davidoff\/","url_meta":{"origin":351059,"position":0},"title":"Encuentro con los nuevos artistas en residencia de la Iniciativa de Arte Davidoff","author":"Marlenys Guzm\u00e1n Casta\u00f1os","date":"6 Feb, 2017","format":false,"excerpt":"\u00a1Tres nuevos artistas est\u00e1n aqu\u00ed en Casa de Campo! Nastasia Meyrat, Yan Xing y Claire Trotignon fueron presentadas a la comunidad de Casa de Campo el 24 de enero como los nuevos artistas en residencia de la Iniciativa de Arte Davidoff 2017. La presentaci\u00f3n tuvo lugar en los estudios de\u2026","rel":"","context":"En \u00abAltos de Chavon @es\u00bb","block_context":{"text":"Altos de Chavon @es","link":"https:\/\/casadecampoliving.com\/category\/altos-de-chavon-es\/"},"img":{"alt_text":"","src":"https:\/\/i0.wp.com\/casadecampoliving.com\/wp-content\/uploads\/2022\/10\/Davidoff_Presentation_2017-8-1.jpg?fit=1000%2C667&ssl=1&resize=350%2C200","width":350,"height":200,"srcset":"https:\/\/i0.wp.com\/casadecampoliving.com\/wp-content\/uploads\/2022\/10\/Davidoff_Presentation_2017-8-1.jpg?fit=1000%2C667&ssl=1&resize=350%2C200 1x, https:\/\/i0.wp.com\/casadecampoliving.com\/wp-content\/uploads\/2022\/10\/Davidoff_Presentation_2017-8-1.jpg?fit=1000%2C667&ssl=1&resize=525%2C300 1.5x, https:\/\/i0.wp.com\/casadecampoliving.com\/wp-content\/uploads\/2022\/10\/Davidoff_Presentation_2017-8-1.jpg?fit=1000%2C667&ssl=1&resize=700%2C400 2x"},"classes":[]},{"id":350565,"url":"https:\/\/casadecampoliving.com\/es\/davidoff-anuncia-su-nuevo-grupo-para-programa-de-residencia\/","url_meta":{"origin":351059,"position":1},"title":"Davidoff anuncia a cuatro artistas, una conservadora y una criti\u0301ca de arte para su programa de residencia en Altos de Chav\u00f3n","author":"Marlenys Guzm\u00e1n Casta\u00f1os","date":"1 Oct, 2016","format":false,"excerpt":"El\u00a0Davidoff Art Initiative\u00a0en colaboraci\u00f3n con Altos de Chav\u00f3n\u00a0Escuela de Dise\u00f1o acaba de anunciar el nuevo\u00a0grupo de artistas que participar\u00e1n en el Davidoff International Art Residency en las instalaciones de Altos de Chav\u00f3n, Casa de Campo, del 23 de enero al 3 de abril, 2017. A principios de este a\u00f1o, la\u2026","rel":"","context":"En \u00abAltos de Chavon @es\u00bb","block_context":{"text":"Altos de Chavon @es","link":"https:\/\/casadecampoliving.com\/category\/altos-de-chavon-es\/"},"img":{"alt_text":"","src":"https:\/\/i0.wp.com\/casadecampoliving.com\/wp-content\/uploads\/2022\/10\/Dav-Press_1502-656.jpg?fit=1000%2C667&ssl=1&resize=350%2C200","width":350,"height":200,"srcset":"https:\/\/i0.wp.com\/casadecampoliving.com\/wp-content\/uploads\/2022\/10\/Dav-Press_1502-656.jpg?fit=1000%2C667&ssl=1&resize=350%2C200 1x, https:\/\/i0.wp.com\/casadecampoliving.com\/wp-content\/uploads\/2022\/10\/Dav-Press_1502-656.jpg?fit=1000%2C667&ssl=1&resize=525%2C300 1.5x, https:\/\/i0.wp.com\/casadecampoliving.com\/wp-content\/uploads\/2022\/10\/Dav-Press_1502-656.jpg?fit=1000%2C667&ssl=1&resize=700%2C400 2x"},"classes":[]},{"id":328604,"url":"https:\/\/casadecampoliving.com\/meet-years-davidoff-art-initiative-artists-residence\/","url_meta":{"origin":351059,"position":2},"title":"Meet this year&#8217;s New Artists in Residence of the Davidoff Art Initiative","author":"Marlenys Guzm\u00e1n Casta\u00f1os","date":"23 Ene, 2017","format":false,"excerpt":"Nastasia Meyrat, Yan Xing, and Claire Trotignon will be introduced to the Casa de Campo community tomorrow evening, January 24th as the\u00a0new artists in residence of the Davidoff Art Initiative 2017.\u00a0You are all cordially invited to attend the presentation of these talented individuals\u00a0to take place at the Davidoff Art Studios\u00a0at\u2026","rel":"","context":"En \u00abAltos de Chavon\u00bb","block_context":{"text":"Altos de Chavon","link":"https:\/\/casadecampoliving.com\/category\/altos-de-chavon\/"},"img":{"alt_text":"","src":"https:\/\/i0.wp.com\/casadecampoliving.com\/wp-content\/uploads\/2022\/10\/Altos-de-Chavon_Studios_13-1-scaled.jpg?fit=1200%2C801&ssl=1&resize=350%2C200","width":350,"height":200,"srcset":"https:\/\/i0.wp.com\/casadecampoliving.com\/wp-content\/uploads\/2022\/10\/Altos-de-Chavon_Studios_13-1-scaled.jpg?fit=1200%2C801&ssl=1&resize=350%2C200 1x, https:\/\/i0.wp.com\/casadecampoliving.com\/wp-content\/uploads\/2022\/10\/Altos-de-Chavon_Studios_13-1-scaled.jpg?fit=1200%2C801&ssl=1&resize=525%2C300 1.5x, https:\/\/i0.wp.com\/casadecampoliving.com\/wp-content\/uploads\/2022\/10\/Altos-de-Chavon_Studios_13-1-scaled.jpg?fit=1200%2C801&ssl=1&resize=700%2C400 2x, https:\/\/i0.wp.com\/casadecampoliving.com\/wp-content\/uploads\/2022\/10\/Altos-de-Chavon_Studios_13-1-scaled.jpg?fit=1200%2C801&ssl=1&resize=1050%2C600 3x"},"classes":[]},{"id":327869,"url":"https:\/\/casadecampoliving.com\/davidoff-art-initiative-announces-next-years-residency-participants\/","url_meta":{"origin":351059,"position":3},"title":"Davidoff announces four international artists, a curator and an art critic for residency in Altos de Chav\u00f3n","author":"Marlenys Guzm\u00e1n Casta\u00f1os","date":"1 Oct, 2016","format":false,"excerpt":"The Davidoff Art Initiative in collaboration\u00a0with the Altos de Chav\u00f3n School of Design has just\u00a0announced the next group of artists who will participate in the Davidoff International Art\u00a0Residency at the facilities in\u00a0Altos de Chav\u00f3n, Casa de Campo, from January 23rd\u00a0to April 3, 2017. Earlier this year, Davidoff featured four artists\u2026","rel":"","context":"En \u00abAltos de Chavon\u00bb","block_context":{"text":"Altos de Chavon","link":"https:\/\/casadecampoliving.com\/category\/altos-de-chavon\/"},"img":{"alt_text":"","src":"https:\/\/i0.wp.com\/casadecampoliving.com\/wp-content\/uploads\/2022\/10\/Dav-Press_1502-656.jpg?fit=1000%2C667&ssl=1&resize=350%2C200","width":350,"height":200,"srcset":"https:\/\/i0.wp.com\/casadecampoliving.com\/wp-content\/uploads\/2022\/10\/Dav-Press_1502-656.jpg?fit=1000%2C667&ssl=1&resize=350%2C200 1x, https:\/\/i0.wp.com\/casadecampoliving.com\/wp-content\/uploads\/2022\/10\/Dav-Press_1502-656.jpg?fit=1000%2C667&ssl=1&resize=525%2C300 1.5x, https:\/\/i0.wp.com\/casadecampoliving.com\/wp-content\/uploads\/2022\/10\/Dav-Press_1502-656.jpg?fit=1000%2C667&ssl=1&resize=700%2C400 2x"},"classes":[]},{"id":328938,"url":"https:\/\/casadecampoliving.com\/meeting-new-davidoff-art-initiative-artists-residence\/","url_meta":{"origin":351059,"position":4},"title":"Meeting the New Davidoff Art Initiative Artists in Residence","author":"Marlenys Guzm\u00e1n Casta\u00f1os","date":"6 Feb, 2017","format":false,"excerpt":"Three new artists are here in Casa de Campo!\u00a0Nastasia Meyrat, Yan Xing, and Claire Trotignon were introduced to the Casa de Campo community on January 24th as the\u00a0new artists in residence of the Davidoff Art Initiative 2017. The presentation took place in the Davidoff Art Studios were the community and\u2026","rel":"","context":"En \u00abAltos de Chavon\u00bb","block_context":{"text":"Altos de Chavon","link":"https:\/\/casadecampoliving.com\/category\/altos-de-chavon\/"},"img":{"alt_text":"","src":"https:\/\/i0.wp.com\/casadecampoliving.com\/wp-content\/uploads\/2022\/10\/Davidoff_Presentation_2017-8-1.jpg?fit=1000%2C667&ssl=1&resize=350%2C200","width":350,"height":200,"srcset":"https:\/\/i0.wp.com\/casadecampoliving.com\/wp-content\/uploads\/2022\/10\/Davidoff_Presentation_2017-8-1.jpg?fit=1000%2C667&ssl=1&resize=350%2C200 1x, https:\/\/i0.wp.com\/casadecampoliving.com\/wp-content\/uploads\/2022\/10\/Davidoff_Presentation_2017-8-1.jpg?fit=1000%2C667&ssl=1&resize=525%2C300 1.5x, https:\/\/i0.wp.com\/casadecampoliving.com\/wp-content\/uploads\/2022\/10\/Davidoff_Presentation_2017-8-1.jpg?fit=1000%2C667&ssl=1&resize=700%2C400 2x"},"classes":[]},{"id":352398,"url":"https:\/\/casadecampoliving.com\/es\/2018-artistas-en-residencia-de-la-iniciativa-de-arte-davidoff-en-casa-quien\/","url_meta":{"origin":351059,"position":5},"title":"Conozca a los nuevos Artistas en Residencia de la Iniciativa de Arte Davidoff en Casa Quien","author":"Marlenys Guzm\u00e1n Casta\u00f1os","date":"17 Ene, 2018","format":false,"excerpt":"Los artistas participantes en el programa Artistas en Residencia de 2018 de la Iniciativa de Arte Davidoff ser\u00e1n presentados el 25 de enero en Casa Quien en Santo Domingo. Mimi Cherono Ng\u2019ok, Candice Lin, Jan Peter Hammer y Paul Maheke, a quienes se les unir\u00e1 la fundadora y editora de\u2026","rel":"","context":"En \u00abAltos de Chavon @es\u00bb","block_context":{"text":"Altos de Chavon @es","link":"https:\/\/casadecampoliving.com\/category\/altos-de-chavon-es\/"},"img":{"alt_text":"","src":"https:\/\/i0.wp.com\/casadecampoliving.com\/wp-content\/uploads\/2022\/10\/Davidoff_Art_Day-65-e1511962872648-1.jpg?fit=1000%2C667&ssl=1&resize=350%2C200","width":350,"height":200,"srcset":"https:\/\/i0.wp.com\/casadecampoliving.com\/wp-content\/uploads\/2022\/10\/Davidoff_Art_Day-65-e1511962872648-1.jpg?fit=1000%2C667&ssl=1&resize=350%2C200 1x, https:\/\/i0.wp.com\/casadecampoliving.com\/wp-content\/uploads\/2022\/10\/Davidoff_Art_Day-65-e1511962872648-1.jpg?fit=1000%2C667&ssl=1&resize=525%2C300 1.5x, https:\/\/i0.wp.com\/casadecampoliving.com\/wp-content\/uploads\/2022\/10\/Davidoff_Art_Day-65-e1511962872648-1.jpg?fit=1000%2C667&ssl=1&resize=700%2C400 2x"},"classes":[]}],"jetpack_sharing_enabled":true,"_links":{"self":[{"href":"https:\/\/casadecampoliving.com\/es\/wp-json\/wp\/v2\/posts\/351059","targetHints":{"allow":["GET"]}}],"collection":[{"href":"https:\/\/casadecampoliving.com\/es\/wp-json\/wp\/v2\/posts"}],"about":[{"href":"https:\/\/casadecampoliving.com\/es\/wp-json\/wp\/v2\/types\/post"}],"author":[{"embeddable":true,"href":"https:\/\/casadecampoliving.com\/es\/wp-json\/wp\/v2\/users\/36682"}],"replies":[{"embeddable":true,"href":"https:\/\/casadecampoliving.com\/es\/wp-json\/wp\/v2\/comments?post=351059"}],"version-history":[{"count":1,"href":"https:\/\/casadecampoliving.com\/es\/wp-json\/wp\/v2\/posts\/351059\/revisions"}],"predecessor-version":[{"id":351060,"href":"https:\/\/casadecampoliving.com\/es\/wp-json\/wp\/v2\/posts\/351059\/revisions\/351060"}],"wp:featuredmedia":[{"embeddable":true,"href":"https:\/\/casadecampoliving.com\/es\/wp-json\/wp\/v2\/media\/328610"}],"wp:attachment":[{"href":"https:\/\/casadecampoliving.com\/es\/wp-json\/wp\/v2\/media?parent=351059"}],"wp:term":[{"taxonomy":"category","embeddable":true,"href":"https:\/\/casadecampoliving.com\/es\/wp-json\/wp\/v2\/categories?post=351059"},{"taxonomy":"post_tag","embeddable":true,"href":"https:\/\/casadecampoliving.com\/es\/wp-json\/wp\/v2\/tags?post=351059"},{"taxonomy":"newspack_spnsrs_tax","embeddable":true,"href":"https:\/\/casadecampoliving.com\/es\/wp-json\/wp\/v2\/newspack_spnsrs_tax?post=351059"}],"curies":[{"name":"wp","href":"https:\/\/api.w.org\/{rel}","templated":true}]}}