{"id":351045,"date":"2017-01-20T00:00:00","date_gmt":"2017-01-20T04:00:00","guid":{"rendered":"https:\/\/casadecampoliving.com\/pintura-por-los-valores-en-aldea-cultural-santa-rosa-de-lima\/"},"modified":"2022-11-10T09:59:05","modified_gmt":"2022-11-10T13:59:05","slug":"pintura-por-los-valores-en-aldea-cultural-santa-rosa-de-lima","status":"publish","type":"post","link":"https:\/\/casadecampoliving.com\/es\/pintura-por-los-valores-en-aldea-cultural-santa-rosa-de-lima\/","title":{"rendered":"Vea ma\u00f1ana la exposici\u00f3n de \u00abPintura Joven por los Valores\u00bb en la Aldea Cultural Santa Rosa de Lima"},"content":{"rendered":"<p><span style=\"font-weight: 400;\">La Vicepresidencia de la Rep\u00fablica y el programa Progresando con Solidaridad (Prosoli) realizaron\u00a0el Tercer Concurso Nacional de Pintura Joven por los Valores el a\u00f1o pasado en el que artistas de 18-35 a\u00f1os presentaron piezas de arte con un mensaje com\u00fan: prevenci\u00f3n de la violencia contra Mujeres y proclamar una nueva masculinidad. Estas piezas han sido expuestas en todo el pa\u00eds, y ma\u00f1ana se abrir\u00e1 en la Aldea Cultural Santa Rosa de Lima en La Romana.<\/span><\/p>\n<p><!--more--><\/p>\n<p>La competencia, que tiene como lema \u201cArte y Cultura de Paz\u201d, otorg\u00f3\u00a0premios de 100 mil pesos al primer lugar, 75 mil al segundo y 50 mil al tercero. Tambi\u00e9n tres menciones de honor con premios de 25 mil pesos. Los ganadores fueron anunciados en abril 2016:\u00a0Narcizo Rinc\u00f3n Rodr\u00edguez, con la obra <em><strong>Alma Desnuda<\/strong><\/em>; Yocel\u00edn Ram\u00edrez, con <em><strong>Papi y Mami<\/strong><\/em>; y <em><strong>Voz del Subconsciente<\/strong><\/em>, de Rafael Hern\u00e1ndez Peguero. Adem\u00e1s recibieron menci\u00f3n de honor Adrianny Almonte, con su pintura <em><strong>Aguas Turbias<\/strong><\/em>; Roxalba Francisco, <em><strong>Inocencia Interrumpida<\/strong><\/em>; y \u00c1ngel Jim\u00e9nez, con <em><strong>Soldado de Amor<\/strong><\/em>.<\/p>\n<p><img data-recalc-dims=\"1\" loading=\"lazy\" decoding=\"async\" class=\"aligncenter size-full wp-image-133425\" src=\"https:\/\/i0.wp.com\/casadecampoliving.com\/wp-content\/uploads\/2022\/10\/art-piece-2-2.jpg?resize=772%2C733&#038;ssl=1\" alt=\"art-piece-2\" width=\"772\" height=\"733\" \/><\/p>\n<p>Entre los objetivos del concurso se encuentran: promover el desarrollo integral y art\u00edstico de los j\u00f3venes as\u00ed como su identidad, difundir los valores a trav\u00e9s de la creatividad y la expresi\u00f3n art\u00edstica como parte de la campa\u00f1a Bien por Ti, y fomentar la paz, la nueva masculinidad, igualdad y respeto a la mujer.<\/p>\n<blockquote><p>El vicepresidente del pa\u00eds se dirigi\u00f3 a los artistas con las siguientes palabras:<\/p>\n<div class=\"page\" title=\"Page 5\">\n<div class=\"section\">\n<div class=\"layoutArea\">\n<div class=\"column\">\n<p><em>Queridos jo\u0301venes artistas:<\/em><\/p>\n<p><em>Me siento muy orgullosa de ustedes, que se dispusieron a plasmar los valores con el tema \u00abArte y Cultura de Paz\u00bb, haciendo una hermosa contribucio\u0301n con su talento, para dar respuesta a la necesidad nacional de rescatar y potenciar los valores humanos y ciudadanos que nos caracterizan como un pueblo noble, solidario y paci\u0301fico.<\/em><\/p>\n<p><em>Se\u0301 que muchos de ustedes asisten o han asistido a escuelas de pintura, que han organizado exposiciones, participado y ganado otros concursos en el pai\u0301s y el extranjero; pero tengo la certeza que esta oportunidad ha sido especial, porque el mayor incentivo no ha sido el premio monetario, sino la causa por la que trabajaron y se inspiraron.<\/em><\/p>\n<p><em>Les exhorto a continuar haciendo de su arte un medio para expresar lo mejor de ustedes, para enaltecer los valores del pueblo dominicano y para aportar a la construccio\u0301n de un mejor pai\u0301s. \u00a1Bien por ti, bien por ustedes!<\/em><\/p>\n<p>Dra. Margarita Ceden\u0303o Vicepresidenta de la Repu\u0301blica<\/p>\n<\/div>\n<\/div>\n<\/div>\n<\/div>\n<\/blockquote>\n<p>A continuaci\u00f3n encontrar\u00e1 un cat\u00e1logo de las piezas que se exhibir\u00e1n en la Aldea Cultural Santa Rosa de Lima ma\u00f1ana, 21 de enero. Aproveche y vea\u00a0estas obras en persona durante la apertura, a partir de las 11 a.m.<\/p>\n<p>[nggallery id =\u00a02798]<\/p>\n<blockquote><p><b>Tercer Concurso Nacional de Pintura Joven por los Valores en la Aldea Cultural Santa Rosa de Lima<\/b><\/p>\n<p><b>Qu\u00e9<\/b><span style=\"font-weight: 400;\">: \u00a0Muestra del Tercer Concurso Nacional de Pintura Joven por los Valores\u00a0<\/span><\/p>\n<p><b>Cu\u00e1ndo<\/b><span style=\"font-weight: 400;\">: 21 de enero, 11am<\/span><\/p>\n<p><b>D\u00f3nde<\/b><span style=\"font-weight: 400;\">: La Aldea Cutural Santa Rosa de Lima<\/span><\/p>\n<p>La Aldea Cultural Santa Rosa de Lima esta a la derecha inmediatamente como si cruzaras el puente sobre R\u00edo Salao entrando a La Romana. Es una construcci\u00f3n blanca que se asemeja un poco a una fortaleza (con un nombre \u2013 La Fortaleza). Tiene que estar en el lado de la carretera que conduce desde La Romana con direcci\u00f3n a Casa de Campo, antes de cruzar el puente, gire a la derecha y cruce la v\u00eda f\u00e9rrea.<\/p><\/blockquote>\n","protected":false},"excerpt":{"rendered":"<p>La Vicepresidencia de la Rep\u00fablica y el programa Progresando con Solidaridad (Prosoli) realizaron\u00a0el Tercer Concurso Nacional de Pintura Joven por los Valores el a\u00f1o pasado en el que artistas de 18-35 a\u00f1os presentaron piezas de arte con un mensaje com\u00fan: prevenci\u00f3n de la violencia contra Mujeres y proclamar una nueva masculinidad. Estas piezas han sido [&hellip;]<\/p>\n","protected":false},"author":36682,"featured_media":328587,"comment_status":"closed","ping_status":"closed","sticky":false,"template":"","format":"standard","meta":{"newspack_ads_suppress_ads":false,"newspack_popups_has_disabled_popups":false,"newspack_sponsor_sponsorship_scope":"","newspack_sponsor_native_byline_display":"inherit","newspack_sponsor_native_category_display":"inherit","newspack_sponsor_underwriter_style":"inherit","newspack_sponsor_underwriter_placement":"inherit","_newspack_byline_active":false,"_newspack_byline":"","newspack_hide_updated_date":false,"newspack_show_updated_date":false,"newspack_content_restriction_is_exempt":false,"newspack_featured_image_position":"","newspack_post_subtitle":"","newspack_article_summary_title":"Overview:","newspack_article_summary":"","_jetpack_memberships_contains_paid_content":false,"footnotes":"","jetpack_publicize_message":"","jetpack_publicize_feature_enabled":true,"jetpack_social_post_already_shared":false,"jetpack_social_options":{"image_generator_settings":{"template":"highway","default_image_id":0,"font":"","enabled":false},"version":2},"_wpas_customize_per_network":false},"categories":[26823,2522,2506,14625,14627,2521],"tags":[18932],"newspack_spnsrs_tax":[],"class_list":["post-351045","post","type-post","status-publish","format-standard","has-post-thumbnail","hentry","category-arte-y-cultura","category-eventos-es","category-mas-alla-de-casa-es","category-noticias-locales","category-proximamente","category-republica-dominicana-2","tag-la-romana-es-4","entry"],"yoast_head":"<!-- This site is optimized with the Yoast SEO plugin v27.5 - https:\/\/yoast.com\/product\/yoast-seo-wordpress\/ -->\n<title>Vea ma\u00f1ana la exposici\u00f3n de &quot;Pintura Joven por los Valores&quot; en la Aldea Cultural Santa Rosa de Lima | Casa de Campo Living<\/title>\n<meta name=\"description\" content=\"La Vicepresidencia de la Rep\u00fablica y el programa Progresando con Solidaridad (Prosoli) realizaron\u00a0el Tercer Concurso Nacional de Pintura Joven por los\" \/>\n<meta name=\"robots\" content=\"index, follow, max-snippet:-1, max-image-preview:large, max-video-preview:-1\" \/>\n<link rel=\"canonical\" href=\"https:\/\/casadecampoliving.com\/es\/pintura-por-los-valores-en-aldea-cultural-santa-rosa-de-lima\/\" \/>\n<meta property=\"og:locale\" content=\"es_ES\" \/>\n<meta property=\"og:type\" content=\"article\" \/>\n<meta property=\"og:title\" content=\"Vea ma\u00f1ana la exposici\u00f3n de &quot;Pintura Joven por los Valores&quot; en la Aldea Cultural Santa Rosa de Lima | Casa de Campo Living\" \/>\n<meta property=\"og:description\" content=\"La Vicepresidencia de la Rep\u00fablica y el programa Progresando con Solidaridad (Prosoli) realizaron\u00a0el Tercer Concurso Nacional de Pintura Joven por los\" \/>\n<meta property=\"og:url\" content=\"https:\/\/casadecampoliving.com\/es\/pintura-por-los-valores-en-aldea-cultural-santa-rosa-de-lima\/\" \/>\n<meta property=\"og:site_name\" content=\"Casa de Campo Living\" \/>\n<meta property=\"article:publisher\" content=\"https:\/\/www.facebook.com\/casadecampoliving\" \/>\n<meta property=\"article:published_time\" content=\"2017-01-20T04:00:00+00:00\" \/>\n<meta property=\"article:modified_time\" content=\"2022-11-10T13:59:05+00:00\" \/>\n<meta property=\"og:image\" content=\"https:\/\/i0.wp.com\/casadecampoliving.com\/wp-content\/uploads\/2022\/10\/art-piece-1-1.jpg?fit=1000%2C717&ssl=1\" \/>\n\t<meta property=\"og:image:width\" content=\"1000\" \/>\n\t<meta property=\"og:image:height\" content=\"717\" \/>\n\t<meta property=\"og:image:type\" content=\"image\/jpeg\" \/>\n<meta name=\"author\" content=\"Marlenys Guzm\u00e1n Casta\u00f1os\" \/>\n<meta name=\"twitter:card\" content=\"summary_large_image\" \/>\n<meta name=\"twitter:creator\" content=\"@cdcliving\" \/>\n<meta name=\"twitter:site\" content=\"@cdcliving\" \/>\n<meta name=\"twitter:label1\" content=\"Escrito por\" \/>\n\t<meta name=\"twitter:data1\" content=\"Marlenys Guzm\u00e1n Casta\u00f1os\" \/>\n\t<meta name=\"twitter:label2\" content=\"Tiempo de lectura\" \/>\n\t<meta name=\"twitter:data2\" content=\"3 minutos\" \/>\n<script type=\"application\/ld+json\" class=\"yoast-schema-graph\">{\"@context\":\"https:\\\/\\\/schema.org\",\"@graph\":[{\"@type\":\"Article\",\"@id\":\"https:\\\/\\\/casadecampoliving.com\\\/es\\\/pintura-por-los-valores-en-aldea-cultural-santa-rosa-de-lima\\\/#article\",\"isPartOf\":{\"@id\":\"https:\\\/\\\/casadecampoliving.com\\\/es\\\/pintura-por-los-valores-en-aldea-cultural-santa-rosa-de-lima\\\/\"},\"author\":{\"name\":\"Marlenys Guzm\u00e1n Casta\u00f1os\",\"@id\":\"https:\\\/\\\/casadecampoliving.com\\\/es\\\/#\\\/schema\\\/person\\\/b6606bd87f9cec8f5903e2141cafda24\"},\"headline\":\"Vea ma\u00f1ana la exposici\u00f3n de \u00abPintura Joven por los Valores\u00bb en la Aldea Cultural Santa Rosa de Lima\",\"datePublished\":\"2017-01-20T04:00:00+00:00\",\"dateModified\":\"2022-11-10T13:59:05+00:00\",\"mainEntityOfPage\":{\"@id\":\"https:\\\/\\\/casadecampoliving.com\\\/es\\\/pintura-por-los-valores-en-aldea-cultural-santa-rosa-de-lima\\\/\"},\"wordCount\":608,\"publisher\":{\"@id\":\"https:\\\/\\\/casadecampoliving.com\\\/es\\\/#organization\"},\"image\":{\"@id\":\"https:\\\/\\\/casadecampoliving.com\\\/es\\\/pintura-por-los-valores-en-aldea-cultural-santa-rosa-de-lima\\\/#primaryimage\"},\"thumbnailUrl\":\"https:\\\/\\\/i0.wp.com\\\/casadecampoliving.com\\\/wp-content\\\/uploads\\\/2022\\\/10\\\/art-piece-1-1.jpg?fit=1000%2C717&ssl=1\",\"keywords\":[\"La Romana\"],\"articleSection\":[\"Arte y cultura\",\"Eventos\",\"M\u00e1s all\u00e1 de Casa\",\"Noticias Locales\",\"Proximamente\",\"Rep\u00fablica Dominicana @es\"],\"inLanguage\":\"es\"},{\"@type\":\"WebPage\",\"@id\":\"https:\\\/\\\/casadecampoliving.com\\\/es\\\/pintura-por-los-valores-en-aldea-cultural-santa-rosa-de-lima\\\/\",\"url\":\"https:\\\/\\\/casadecampoliving.com\\\/es\\\/pintura-por-los-valores-en-aldea-cultural-santa-rosa-de-lima\\\/\",\"name\":\"Vea ma\u00f1ana la exposici\u00f3n de \\\"Pintura Joven por los Valores\\\" en la Aldea Cultural Santa Rosa de Lima | Casa de Campo Living\",\"isPartOf\":{\"@id\":\"https:\\\/\\\/casadecampoliving.com\\\/es\\\/#website\"},\"primaryImageOfPage\":{\"@id\":\"https:\\\/\\\/casadecampoliving.com\\\/es\\\/pintura-por-los-valores-en-aldea-cultural-santa-rosa-de-lima\\\/#primaryimage\"},\"image\":{\"@id\":\"https:\\\/\\\/casadecampoliving.com\\\/es\\\/pintura-por-los-valores-en-aldea-cultural-santa-rosa-de-lima\\\/#primaryimage\"},\"thumbnailUrl\":\"https:\\\/\\\/i0.wp.com\\\/casadecampoliving.com\\\/wp-content\\\/uploads\\\/2022\\\/10\\\/art-piece-1-1.jpg?fit=1000%2C717&ssl=1\",\"datePublished\":\"2017-01-20T04:00:00+00:00\",\"dateModified\":\"2022-11-10T13:59:05+00:00\",\"description\":\"La Vicepresidencia de la Rep\u00fablica y el programa Progresando con Solidaridad (Prosoli) realizaron\u00a0el Tercer Concurso Nacional de Pintura Joven por los\",\"breadcrumb\":{\"@id\":\"https:\\\/\\\/casadecampoliving.com\\\/es\\\/pintura-por-los-valores-en-aldea-cultural-santa-rosa-de-lima\\\/#breadcrumb\"},\"inLanguage\":\"es\",\"potentialAction\":[{\"@type\":\"ReadAction\",\"target\":[\"https:\\\/\\\/casadecampoliving.com\\\/es\\\/pintura-por-los-valores-en-aldea-cultural-santa-rosa-de-lima\\\/\"]}]},{\"@type\":\"ImageObject\",\"inLanguage\":\"es\",\"@id\":\"https:\\\/\\\/casadecampoliving.com\\\/es\\\/pintura-por-los-valores-en-aldea-cultural-santa-rosa-de-lima\\\/#primaryimage\",\"url\":\"https:\\\/\\\/i0.wp.com\\\/casadecampoliving.com\\\/wp-content\\\/uploads\\\/2022\\\/10\\\/art-piece-1-1.jpg?fit=1000%2C717&ssl=1\",\"contentUrl\":\"https:\\\/\\\/i0.wp.com\\\/casadecampoliving.com\\\/wp-content\\\/uploads\\\/2022\\\/10\\\/art-piece-1-1.jpg?fit=1000%2C717&ssl=1\",\"width\":1000,\"height\":717},{\"@type\":\"BreadcrumbList\",\"@id\":\"https:\\\/\\\/casadecampoliving.com\\\/es\\\/pintura-por-los-valores-en-aldea-cultural-santa-rosa-de-lima\\\/#breadcrumb\",\"itemListElement\":[{\"@type\":\"ListItem\",\"position\":1,\"name\":\"Home\",\"item\":\"https:\\\/\\\/casadecampoliving.com\\\/es\\\/\"},{\"@type\":\"ListItem\",\"position\":2,\"name\":\"Vea ma\u00f1ana la exposici\u00f3n de &#8220;Pintura Joven por los Valores&#8221; en la Aldea Cultural Santa Rosa de Lima\"}]},{\"@type\":\"WebSite\",\"@id\":\"https:\\\/\\\/casadecampoliving.com\\\/es\\\/#website\",\"url\":\"https:\\\/\\\/casadecampoliving.com\\\/es\\\/\",\"name\":\"Casa de Campo Living\",\"description\":\"Resort community news and resources.\",\"publisher\":{\"@id\":\"https:\\\/\\\/casadecampoliving.com\\\/es\\\/#organization\"},\"potentialAction\":[{\"@type\":\"SearchAction\",\"target\":{\"@type\":\"EntryPoint\",\"urlTemplate\":\"https:\\\/\\\/casadecampoliving.com\\\/es\\\/?s={search_term_string}\"},\"query-input\":{\"@type\":\"PropertyValueSpecification\",\"valueRequired\":true,\"valueName\":\"search_term_string\"}}],\"inLanguage\":\"es\"},{\"@type\":\"Organization\",\"@id\":\"https:\\\/\\\/casadecampoliving.com\\\/es\\\/#organization\",\"name\":\"Casa de Campo Living\",\"url\":\"https:\\\/\\\/casadecampoliving.com\\\/es\\\/\",\"logo\":{\"@type\":\"ImageObject\",\"inLanguage\":\"es\",\"@id\":\"https:\\\/\\\/casadecampoliving.com\\\/es\\\/#\\\/schema\\\/logo\\\/image\\\/\",\"url\":\"https:\\\/\\\/i0.wp.com\\\/casadecampoliving.com\\\/wp-content\\\/uploads\\\/2022\\\/07\\\/CDCLivingLogo_V1-white-sized.png?fit=800%2C214&ssl=1\",\"contentUrl\":\"https:\\\/\\\/i0.wp.com\\\/casadecampoliving.com\\\/wp-content\\\/uploads\\\/2022\\\/07\\\/CDCLivingLogo_V1-white-sized.png?fit=800%2C214&ssl=1\",\"width\":800,\"height\":214,\"caption\":\"Casa de Campo Living\"},\"image\":{\"@id\":\"https:\\\/\\\/casadecampoliving.com\\\/es\\\/#\\\/schema\\\/logo\\\/image\\\/\"},\"sameAs\":[\"https:\\\/\\\/www.facebook.com\\\/casadecampoliving\",\"https:\\\/\\\/x.com\\\/cdcliving\"]},{\"@type\":\"Person\",\"@id\":\"https:\\\/\\\/casadecampoliving.com\\\/es\\\/#\\\/schema\\\/person\\\/b6606bd87f9cec8f5903e2141cafda24\",\"name\":\"Marlenys Guzm\u00e1n Casta\u00f1os\",\"image\":{\"@type\":\"ImageObject\",\"inLanguage\":\"es\",\"@id\":\"https:\\\/\\\/secure.gravatar.com\\\/avatar\\\/72f3f86b8e6b3ec744201aeadf11d4a6055e8af194aecd9ad30ffff4437878ee?s=96&d=mm&r=g\",\"url\":\"https:\\\/\\\/secure.gravatar.com\\\/avatar\\\/72f3f86b8e6b3ec744201aeadf11d4a6055e8af194aecd9ad30ffff4437878ee?s=96&d=mm&r=g\",\"contentUrl\":\"https:\\\/\\\/secure.gravatar.com\\\/avatar\\\/72f3f86b8e6b3ec744201aeadf11d4a6055e8af194aecd9ad30ffff4437878ee?s=96&d=mm&r=g\",\"caption\":\"Marlenys Guzm\u00e1n Casta\u00f1os\"},\"url\":\"https:\\\/\\\/casadecampoliving.com\\\/es\\\/author\\\/mguzman\\\/\"}]}<\/script>\n<!-- \/ Yoast SEO plugin. -->","yoast_head_json":{"title":"Vea ma\u00f1ana la exposici\u00f3n de \"Pintura Joven por los Valores\" en la Aldea Cultural Santa Rosa de Lima | Casa de Campo Living","description":"La Vicepresidencia de la Rep\u00fablica y el programa Progresando con Solidaridad (Prosoli) realizaron\u00a0el Tercer Concurso Nacional de Pintura Joven por los","robots":{"index":"index","follow":"follow","max-snippet":"max-snippet:-1","max-image-preview":"max-image-preview:large","max-video-preview":"max-video-preview:-1"},"canonical":"https:\/\/casadecampoliving.com\/es\/pintura-por-los-valores-en-aldea-cultural-santa-rosa-de-lima\/","og_locale":"es_ES","og_type":"article","og_title":"Vea ma\u00f1ana la exposici\u00f3n de \"Pintura Joven por los Valores\" en la Aldea Cultural Santa Rosa de Lima | Casa de Campo Living","og_description":"La Vicepresidencia de la Rep\u00fablica y el programa Progresando con Solidaridad (Prosoli) realizaron\u00a0el Tercer Concurso Nacional de Pintura Joven por los","og_url":"https:\/\/casadecampoliving.com\/es\/pintura-por-los-valores-en-aldea-cultural-santa-rosa-de-lima\/","og_site_name":"Casa de Campo Living","article_publisher":"https:\/\/www.facebook.com\/casadecampoliving","article_published_time":"2017-01-20T04:00:00+00:00","article_modified_time":"2022-11-10T13:59:05+00:00","og_image":[{"width":1000,"height":717,"url":"https:\/\/i0.wp.com\/casadecampoliving.com\/wp-content\/uploads\/2022\/10\/art-piece-1-1.jpg?fit=1000%2C717&ssl=1","type":"image\/jpeg"}],"author":"Marlenys Guzm\u00e1n Casta\u00f1os","twitter_card":"summary_large_image","twitter_creator":"@cdcliving","twitter_site":"@cdcliving","twitter_misc":{"Escrito por":"Marlenys Guzm\u00e1n Casta\u00f1os","Tiempo de lectura":"3 minutos"},"schema":{"@context":"https:\/\/schema.org","@graph":[{"@type":"Article","@id":"https:\/\/casadecampoliving.com\/es\/pintura-por-los-valores-en-aldea-cultural-santa-rosa-de-lima\/#article","isPartOf":{"@id":"https:\/\/casadecampoliving.com\/es\/pintura-por-los-valores-en-aldea-cultural-santa-rosa-de-lima\/"},"author":{"name":"Marlenys Guzm\u00e1n Casta\u00f1os","@id":"https:\/\/casadecampoliving.com\/es\/#\/schema\/person\/b6606bd87f9cec8f5903e2141cafda24"},"headline":"Vea ma\u00f1ana la exposici\u00f3n de \u00abPintura Joven por los Valores\u00bb en la Aldea Cultural Santa Rosa de Lima","datePublished":"2017-01-20T04:00:00+00:00","dateModified":"2022-11-10T13:59:05+00:00","mainEntityOfPage":{"@id":"https:\/\/casadecampoliving.com\/es\/pintura-por-los-valores-en-aldea-cultural-santa-rosa-de-lima\/"},"wordCount":608,"publisher":{"@id":"https:\/\/casadecampoliving.com\/es\/#organization"},"image":{"@id":"https:\/\/casadecampoliving.com\/es\/pintura-por-los-valores-en-aldea-cultural-santa-rosa-de-lima\/#primaryimage"},"thumbnailUrl":"https:\/\/i0.wp.com\/casadecampoliving.com\/wp-content\/uploads\/2022\/10\/art-piece-1-1.jpg?fit=1000%2C717&ssl=1","keywords":["La Romana"],"articleSection":["Arte y cultura","Eventos","M\u00e1s all\u00e1 de Casa","Noticias Locales","Proximamente","Rep\u00fablica Dominicana @es"],"inLanguage":"es"},{"@type":"WebPage","@id":"https:\/\/casadecampoliving.com\/es\/pintura-por-los-valores-en-aldea-cultural-santa-rosa-de-lima\/","url":"https:\/\/casadecampoliving.com\/es\/pintura-por-los-valores-en-aldea-cultural-santa-rosa-de-lima\/","name":"Vea ma\u00f1ana la exposici\u00f3n de \"Pintura Joven por los Valores\" en la Aldea Cultural Santa Rosa de Lima | Casa de Campo Living","isPartOf":{"@id":"https:\/\/casadecampoliving.com\/es\/#website"},"primaryImageOfPage":{"@id":"https:\/\/casadecampoliving.com\/es\/pintura-por-los-valores-en-aldea-cultural-santa-rosa-de-lima\/#primaryimage"},"image":{"@id":"https:\/\/casadecampoliving.com\/es\/pintura-por-los-valores-en-aldea-cultural-santa-rosa-de-lima\/#primaryimage"},"thumbnailUrl":"https:\/\/i0.wp.com\/casadecampoliving.com\/wp-content\/uploads\/2022\/10\/art-piece-1-1.jpg?fit=1000%2C717&ssl=1","datePublished":"2017-01-20T04:00:00+00:00","dateModified":"2022-11-10T13:59:05+00:00","description":"La Vicepresidencia de la Rep\u00fablica y el programa Progresando con Solidaridad (Prosoli) realizaron\u00a0el Tercer Concurso Nacional de Pintura Joven por los","breadcrumb":{"@id":"https:\/\/casadecampoliving.com\/es\/pintura-por-los-valores-en-aldea-cultural-santa-rosa-de-lima\/#breadcrumb"},"inLanguage":"es","potentialAction":[{"@type":"ReadAction","target":["https:\/\/casadecampoliving.com\/es\/pintura-por-los-valores-en-aldea-cultural-santa-rosa-de-lima\/"]}]},{"@type":"ImageObject","inLanguage":"es","@id":"https:\/\/casadecampoliving.com\/es\/pintura-por-los-valores-en-aldea-cultural-santa-rosa-de-lima\/#primaryimage","url":"https:\/\/i0.wp.com\/casadecampoliving.com\/wp-content\/uploads\/2022\/10\/art-piece-1-1.jpg?fit=1000%2C717&ssl=1","contentUrl":"https:\/\/i0.wp.com\/casadecampoliving.com\/wp-content\/uploads\/2022\/10\/art-piece-1-1.jpg?fit=1000%2C717&ssl=1","width":1000,"height":717},{"@type":"BreadcrumbList","@id":"https:\/\/casadecampoliving.com\/es\/pintura-por-los-valores-en-aldea-cultural-santa-rosa-de-lima\/#breadcrumb","itemListElement":[{"@type":"ListItem","position":1,"name":"Home","item":"https:\/\/casadecampoliving.com\/es\/"},{"@type":"ListItem","position":2,"name":"Vea ma\u00f1ana la exposici\u00f3n de &#8220;Pintura Joven por los Valores&#8221; en la Aldea Cultural Santa Rosa de Lima"}]},{"@type":"WebSite","@id":"https:\/\/casadecampoliving.com\/es\/#website","url":"https:\/\/casadecampoliving.com\/es\/","name":"Casa de Campo Living","description":"Resort community news and resources.","publisher":{"@id":"https:\/\/casadecampoliving.com\/es\/#organization"},"potentialAction":[{"@type":"SearchAction","target":{"@type":"EntryPoint","urlTemplate":"https:\/\/casadecampoliving.com\/es\/?s={search_term_string}"},"query-input":{"@type":"PropertyValueSpecification","valueRequired":true,"valueName":"search_term_string"}}],"inLanguage":"es"},{"@type":"Organization","@id":"https:\/\/casadecampoliving.com\/es\/#organization","name":"Casa de Campo Living","url":"https:\/\/casadecampoliving.com\/es\/","logo":{"@type":"ImageObject","inLanguage":"es","@id":"https:\/\/casadecampoliving.com\/es\/#\/schema\/logo\/image\/","url":"https:\/\/i0.wp.com\/casadecampoliving.com\/wp-content\/uploads\/2022\/07\/CDCLivingLogo_V1-white-sized.png?fit=800%2C214&ssl=1","contentUrl":"https:\/\/i0.wp.com\/casadecampoliving.com\/wp-content\/uploads\/2022\/07\/CDCLivingLogo_V1-white-sized.png?fit=800%2C214&ssl=1","width":800,"height":214,"caption":"Casa de Campo Living"},"image":{"@id":"https:\/\/casadecampoliving.com\/es\/#\/schema\/logo\/image\/"},"sameAs":["https:\/\/www.facebook.com\/casadecampoliving","https:\/\/x.com\/cdcliving"]},{"@type":"Person","@id":"https:\/\/casadecampoliving.com\/es\/#\/schema\/person\/b6606bd87f9cec8f5903e2141cafda24","name":"Marlenys Guzm\u00e1n Casta\u00f1os","image":{"@type":"ImageObject","inLanguage":"es","@id":"https:\/\/secure.gravatar.com\/avatar\/72f3f86b8e6b3ec744201aeadf11d4a6055e8af194aecd9ad30ffff4437878ee?s=96&d=mm&r=g","url":"https:\/\/secure.gravatar.com\/avatar\/72f3f86b8e6b3ec744201aeadf11d4a6055e8af194aecd9ad30ffff4437878ee?s=96&d=mm&r=g","contentUrl":"https:\/\/secure.gravatar.com\/avatar\/72f3f86b8e6b3ec744201aeadf11d4a6055e8af194aecd9ad30ffff4437878ee?s=96&d=mm&r=g","caption":"Marlenys Guzm\u00e1n Casta\u00f1os"},"url":"https:\/\/casadecampoliving.com\/es\/author\/mguzman\/"}]}},"parsely":{"version":"1.1.0","canonical_url":"https:\/\/casadecampoliving.com\/es\/pintura-por-los-valores-en-aldea-cultural-santa-rosa-de-lima\/","smart_links":{"inbound":0,"outbound":0},"traffic_boost_suggestions_count":0,"meta":{"@context":"https:\/\/schema.org","@type":"NewsArticle","headline":"Vea ma\u00f1ana la exposici\u00f3n de \u00abPintura Joven por los Valores\u00bb en la Aldea Cultural Santa Rosa de Lima","url":"http:\/\/casadecampoliving.com\/es\/pintura-por-los-valores-en-aldea-cultural-santa-rosa-de-lima\/","mainEntityOfPage":{"@type":"WebPage","@id":"http:\/\/casadecampoliving.com\/es\/pintura-por-los-valores-en-aldea-cultural-santa-rosa-de-lima\/"},"thumbnailUrl":"https:\/\/i0.wp.com\/casadecampoliving.com\/wp-content\/uploads\/2022\/10\/art-piece-1-1.jpg?resize=150%2C150&ssl=1","image":{"@type":"ImageObject","url":"https:\/\/i0.wp.com\/casadecampoliving.com\/wp-content\/uploads\/2022\/10\/art-piece-1-1.jpg?fit=1000%2C717&ssl=1"},"articleSection":"Arte y cultura","author":[{"@type":"Person","name":"Marlenys Guzm\u00e1n Casta\u00f1os"}],"creator":["Marlenys Guzm\u00e1n Casta\u00f1os"],"publisher":{"@type":"Organization","name":"Casa de Campo Living","logo":"https:\/\/casadecampoliving.com\/wp-content\/uploads\/2022\/07\/CDCLivingLogo_V1-white-sized.png"},"keywords":["la romana"],"dateCreated":"2017-01-20T04:00:00Z","datePublished":"2017-01-20T04:00:00Z","dateModified":"2022-11-10T13:59:05Z"},"rendered":"<script type=\"application\/ld+json\" class=\"wp-parsely-metadata\">{\"@context\":\"https:\\\/\\\/schema.org\",\"@type\":\"NewsArticle\",\"headline\":\"Vea ma\\u00f1ana la exposici\\u00f3n de \\u00abPintura Joven por los Valores\\u00bb en la Aldea Cultural Santa Rosa de Lima\",\"url\":\"http:\\\/\\\/casadecampoliving.com\\\/es\\\/pintura-por-los-valores-en-aldea-cultural-santa-rosa-de-lima\\\/\",\"mainEntityOfPage\":{\"@type\":\"WebPage\",\"@id\":\"http:\\\/\\\/casadecampoliving.com\\\/es\\\/pintura-por-los-valores-en-aldea-cultural-santa-rosa-de-lima\\\/\"},\"thumbnailUrl\":\"https:\\\/\\\/i0.wp.com\\\/casadecampoliving.com\\\/wp-content\\\/uploads\\\/2022\\\/10\\\/art-piece-1-1.jpg?resize=150%2C150&ssl=1\",\"image\":{\"@type\":\"ImageObject\",\"url\":\"https:\\\/\\\/i0.wp.com\\\/casadecampoliving.com\\\/wp-content\\\/uploads\\\/2022\\\/10\\\/art-piece-1-1.jpg?fit=1000%2C717&ssl=1\"},\"articleSection\":\"Arte y cultura\",\"author\":[{\"@type\":\"Person\",\"name\":\"Marlenys Guzm\\u00e1n Casta\\u00f1os\"}],\"creator\":[\"Marlenys Guzm\\u00e1n Casta\\u00f1os\"],\"publisher\":{\"@type\":\"Organization\",\"name\":\"Casa de Campo Living\",\"logo\":\"https:\\\/\\\/casadecampoliving.com\\\/wp-content\\\/uploads\\\/2022\\\/07\\\/CDCLivingLogo_V1-white-sized.png\"},\"keywords\":[\"la romana\"],\"dateCreated\":\"2017-01-20T04:00:00Z\",\"datePublished\":\"2017-01-20T04:00:00Z\",\"dateModified\":\"2022-11-10T13:59:05Z\"}<\/script>","tracker_url":"https:\/\/cdn.parsely.com\/keys\/casadecampoliving.com\/p.js"},"jetpack_publicize_connections":[],"jetpack_featured_media_url":"https:\/\/i0.wp.com\/casadecampoliving.com\/wp-content\/uploads\/2022\/10\/art-piece-1-1.jpg?fit=1000%2C717&ssl=1","jetpack-related-posts":[{"id":349968,"url":"https:\/\/casadecampoliving.com\/es\/koribe-la-aldea-cultural-santa-rosa-de-lima\/","url_meta":{"origin":351045,"position":0},"title":"El Coro Koribe se presentar\u00e1 ma\u00f1ana en La Aldea Cultural Santa Rosa de Lima, en honor a San Antonio de Padua","author":"Felix Guerrero","date":"10 Jun, 2016","format":false,"excerpt":"Jenny Polanco es una reconocida dise\u00f1adora de moda tanto localmente como en el extranjero por sus dise\u00f1os pr\u00eat \u2013 \u00e0-porter y de alta costura, lo que no saben es que ella tambi\u00e9n promueve todos los eventos culturales en la regi\u00f3n este de la Rep\u00fablica Dominicana, y nos invita a una\u2026","rel":"","context":"En \u00abArte y cultura\u00bb","block_context":{"text":"Arte y cultura","link":"https:\/\/casadecampoliving.com\/category\/arte-y-cultura\/"},"img":{"alt_text":"Featured Image La Aldea","src":"https:\/\/i0.wp.com\/casadecampoliving.com\/wp-content\/uploads\/2022\/10\/Featured-Image-La-Aldea.jpg?fit=1000%2C600&ssl=1&resize=350%2C200","width":350,"height":200,"srcset":"https:\/\/i0.wp.com\/casadecampoliving.com\/wp-content\/uploads\/2022\/10\/Featured-Image-La-Aldea.jpg?fit=1000%2C600&ssl=1&resize=350%2C200 1x, https:\/\/i0.wp.com\/casadecampoliving.com\/wp-content\/uploads\/2022\/10\/Featured-Image-La-Aldea.jpg?fit=1000%2C600&ssl=1&resize=525%2C300 1.5x, https:\/\/i0.wp.com\/casadecampoliving.com\/wp-content\/uploads\/2022\/10\/Featured-Image-La-Aldea.jpg?fit=1000%2C600&ssl=1&resize=700%2C400 2x"},"classes":[]},{"id":344982,"url":"https:\/\/casadecampoliving.com\/es\/aldea-cultural-santa-rosa-de-lima-2\/","url_meta":{"origin":351045,"position":1},"title":"Concierto Inaugural de la Aldea Cultural Santa Rosa de Lima","author":"Daniela Medina","date":"28 Jul, 2014","format":false,"excerpt":"La semana pasada les trajimos la emocionante\u00a0noticia de la inminente apertura\u00a0de la Aldea Cultural Santa Rosa de Lima, una nueva aldea cultural en el coraz\u00f3n de La Romana. Hoy les traemos noticias del concierto y exhibici\u00f3n de apertura, a los cuales todos estan cordialmente invitados a compartir en esta celebracion!\u2026","rel":"","context":"En \u00abArte y cultura\u00bb","block_context":{"text":"Arte y cultura","link":"https:\/\/casadecampoliving.com\/category\/arte-y-cultura\/"},"img":{"alt_text":"Aldea Cultural Santa Rosa de Lima","src":"https:\/\/i0.wp.com\/casadecampoliving.com\/wp-content\/uploads\/2022\/10\/Aldea_Cultural_Santa_Rosa_de_Lima-1.jpg?fit=1200%2C444&ssl=1&resize=350%2C200","width":350,"height":200,"srcset":"https:\/\/i0.wp.com\/casadecampoliving.com\/wp-content\/uploads\/2022\/10\/Aldea_Cultural_Santa_Rosa_de_Lima-1.jpg?fit=1200%2C444&ssl=1&resize=350%2C200 1x, https:\/\/i0.wp.com\/casadecampoliving.com\/wp-content\/uploads\/2022\/10\/Aldea_Cultural_Santa_Rosa_de_Lima-1.jpg?fit=1200%2C444&ssl=1&resize=525%2C300 1.5x, https:\/\/i0.wp.com\/casadecampoliving.com\/wp-content\/uploads\/2022\/10\/Aldea_Cultural_Santa_Rosa_de_Lima-1.jpg?fit=1200%2C444&ssl=1&resize=700%2C400 2x, https:\/\/i0.wp.com\/casadecampoliving.com\/wp-content\/uploads\/2022\/10\/Aldea_Cultural_Santa_Rosa_de_Lima-1.jpg?fit=1200%2C444&ssl=1&resize=1050%2C600 3x"},"classes":[]},{"id":344966,"url":"https:\/\/casadecampoliving.com\/es\/aldea-cultural-santa-rosa-de-lima-se-abrira\/","url_meta":{"origin":351045,"position":2},"title":"Apertura de la Aldea Cultural Santa Rosa de Lima","author":"Katherine Calca\u00f1o","date":"25 Jul, 2014","format":false,"excerpt":"En Febrero del 2013, se dieron los primeros pasos\u00a0para transformar la vieja prisi\u00f3n \u201cLa Fortaleza\u201d a orillas del r\u00edo Salao en La Romana, en la Aldea Cultural Santa Rosa de Lima. Hoy, finalmente este sue\u00f1o se est\u00e1 convirtiendo en realidad. La Aldea Cultural Santa Rosa de Lima sera oficialmente inaugurada\u2026","rel":"","context":"En \u00abArte y cultura\u00bb","block_context":{"text":"Arte y cultura","link":"https:\/\/casadecampoliving.com\/category\/arte-y-cultura\/"},"img":{"alt_text":"aldea cultural sant rosa de lima","src":"https:\/\/i0.wp.com\/casadecampoliving.com\/wp-content\/uploads\/2022\/10\/aldea_cultural_santa_rosa_lima_la_romana-1.jpg?fit=650%2C335&ssl=1&resize=350%2C200","width":350,"height":200,"srcset":"https:\/\/i0.wp.com\/casadecampoliving.com\/wp-content\/uploads\/2022\/10\/aldea_cultural_santa_rosa_lima_la_romana-1.jpg?fit=650%2C335&ssl=1&resize=350%2C200 1x, https:\/\/i0.wp.com\/casadecampoliving.com\/wp-content\/uploads\/2022\/10\/aldea_cultural_santa_rosa_lima_la_romana-1.jpg?fit=650%2C335&ssl=1&resize=525%2C300 1.5x"},"classes":[]},{"id":351208,"url":"https:\/\/casadecampoliving.com\/es\/urban-art-project-la-chiva-gloria-arrives-aldea-cultural-santa-rosa-de-lima\/","url_meta":{"origin":351045,"position":3},"title":"Proyecto de arte urbano \u00abLa Chiva Gloria\u00bb llega a la Aldea Cultural Santa Rosa de Lima","author":"Heather Lincoln","date":"4 Mar, 2017","format":false,"excerpt":"Continuando con su Ruta Cultural, esta noche, s\u00e1bado 4 de marzo a las 7:00 p.m., ser\u00e1 presentado el proyecto de \u201cLa Chiva Gloria\u201d en la Aldea Cultural Santa Rosa De Lima en La Romana.\u00a0El proyecto de \u201cLa Chiva Gloria\u201d es una iniciativa de la Fundaci\u00f3n de Arte Arawak y el\u2026","rel":"","context":"En \u00abArte y cultura\u00bb","block_context":{"text":"Arte y cultura","link":"https:\/\/casadecampoliving.com\/category\/arte-y-cultura\/"},"img":{"alt_text":"\"La Chiva Gloria\"","src":"https:\/\/i0.wp.com\/casadecampoliving.com\/wp-content\/uploads\/2022\/10\/LaChivaGloria01-e1488646753432.jpg?fit=1000%2C600&ssl=1&resize=350%2C200","width":350,"height":200,"srcset":"https:\/\/i0.wp.com\/casadecampoliving.com\/wp-content\/uploads\/2022\/10\/LaChivaGloria01-e1488646753432.jpg?fit=1000%2C600&ssl=1&resize=350%2C200 1x, https:\/\/i0.wp.com\/casadecampoliving.com\/wp-content\/uploads\/2022\/10\/LaChivaGloria01-e1488646753432.jpg?fit=1000%2C600&ssl=1&resize=525%2C300 1.5x, https:\/\/i0.wp.com\/casadecampoliving.com\/wp-content\/uploads\/2022\/10\/LaChivaGloria01-e1488646753432.jpg?fit=1000%2C600&ssl=1&resize=700%2C400 2x"},"classes":[]},{"id":345089,"url":"https:\/\/casadecampoliving.com\/es\/un-concierto-notable-para-abrir-la-aldea-cultural-santa-rosa-de-lima\/","url_meta":{"origin":351045,"position":4},"title":"Un concierto notable para abrir la Aldea Cultural Santa Rosa de Lima","author":"Daniela Medina","date":"10 Ago, 2014","format":false,"excerpt":"El mi\u00e9rcoles, 30 de julio, La Romana celebr\u00f3 la apertura del nuevo centro cultural, Aldea Cultural Santa Rosa de Lima. La inauguraci\u00f3n oficial tomo lugar a las 11am del mi\u00e9rcoles, y esa misma tarde las comunidades de La Romana y Casa de Campo fueron invitados a unirse a la celebraci\u00f3n\u2026","rel":"","context":"En \u00abArte y cultura\u00bb","block_context":{"text":"Arte y cultura","link":"https:\/\/casadecampoliving.com\/category\/arte-y-cultura\/"},"img":{"alt_text":"","src":"https:\/\/i0.wp.com\/casadecampoliving.com\/wp-content\/uploads\/2022\/10\/Concierto-Aldea-Cultural-1-1.jpg?fit=1024%2C768&ssl=1&resize=350%2C200","width":350,"height":200,"srcset":"https:\/\/i0.wp.com\/casadecampoliving.com\/wp-content\/uploads\/2022\/10\/Concierto-Aldea-Cultural-1-1.jpg?fit=1024%2C768&ssl=1&resize=350%2C200 1x, https:\/\/i0.wp.com\/casadecampoliving.com\/wp-content\/uploads\/2022\/10\/Concierto-Aldea-Cultural-1-1.jpg?fit=1024%2C768&ssl=1&resize=525%2C300 1.5x, https:\/\/i0.wp.com\/casadecampoliving.com\/wp-content\/uploads\/2022\/10\/Concierto-Aldea-Cultural-1-1.jpg?fit=1024%2C768&ssl=1&resize=700%2C400 2x"},"classes":[]},{"id":345604,"url":"https:\/\/casadecampoliving.com\/es\/bailar-la-fiesta-de-baile-y-musica-folclorica-de-la-aldea-cultural-santa-rosa-de-lima\/","url_meta":{"origin":351045,"position":5},"title":"\u00a1A BAILAR! \u00a1La fiesta de baile y m\u00fasica folcl\u00f3rica de la Aldea Cultural Santa Rosa de Lima!","author":"Daniela Medina","date":"10 Oct, 2014","format":false,"excerpt":"La Aldea Cultural Santa Rosa de Lima les invita cordialmente y con mucho entusiasmo a la gran fiesta de apertura de la \u201cEscuela de Danzas y M\u00fasica Folcl\u00f3rica Dominicana\u201d dirigida por la Maestra Celeste Cruz, este s\u00e1bado 11 de Octubre a las 4:30 pm en la Aldea Cultural Santa Rosa\u2026","rel":"","context":"En \u00abArte y cultura\u00bb","block_context":{"text":"Arte y cultura","link":"https:\/\/casadecampoliving.com\/category\/arte-y-cultura\/"},"img":{"alt_text":"","src":"https:\/\/i0.wp.com\/casadecampoliving.com\/wp-content\/uploads\/2022\/10\/aldea-cultural-santa-rosa-de-lima-1.jpg?fit=800%2C534&ssl=1&resize=350%2C200","width":350,"height":200,"srcset":"https:\/\/i0.wp.com\/casadecampoliving.com\/wp-content\/uploads\/2022\/10\/aldea-cultural-santa-rosa-de-lima-1.jpg?fit=800%2C534&ssl=1&resize=350%2C200 1x, https:\/\/i0.wp.com\/casadecampoliving.com\/wp-content\/uploads\/2022\/10\/aldea-cultural-santa-rosa-de-lima-1.jpg?fit=800%2C534&ssl=1&resize=525%2C300 1.5x, https:\/\/i0.wp.com\/casadecampoliving.com\/wp-content\/uploads\/2022\/10\/aldea-cultural-santa-rosa-de-lima-1.jpg?fit=800%2C534&ssl=1&resize=700%2C400 2x"},"classes":[]}],"jetpack_sharing_enabled":true,"_links":{"self":[{"href":"https:\/\/casadecampoliving.com\/es\/wp-json\/wp\/v2\/posts\/351045","targetHints":{"allow":["GET"]}}],"collection":[{"href":"https:\/\/casadecampoliving.com\/es\/wp-json\/wp\/v2\/posts"}],"about":[{"href":"https:\/\/casadecampoliving.com\/es\/wp-json\/wp\/v2\/types\/post"}],"author":[{"embeddable":true,"href":"https:\/\/casadecampoliving.com\/es\/wp-json\/wp\/v2\/users\/36682"}],"replies":[{"embeddable":true,"href":"https:\/\/casadecampoliving.com\/es\/wp-json\/wp\/v2\/comments?post=351045"}],"version-history":[{"count":1,"href":"https:\/\/casadecampoliving.com\/es\/wp-json\/wp\/v2\/posts\/351045\/revisions"}],"predecessor-version":[{"id":351046,"href":"https:\/\/casadecampoliving.com\/es\/wp-json\/wp\/v2\/posts\/351045\/revisions\/351046"}],"wp:featuredmedia":[{"embeddable":true,"href":"https:\/\/casadecampoliving.com\/es\/wp-json\/wp\/v2\/media\/328587"}],"wp:attachment":[{"href":"https:\/\/casadecampoliving.com\/es\/wp-json\/wp\/v2\/media?parent=351045"}],"wp:term":[{"taxonomy":"category","embeddable":true,"href":"https:\/\/casadecampoliving.com\/es\/wp-json\/wp\/v2\/categories?post=351045"},{"taxonomy":"post_tag","embeddable":true,"href":"https:\/\/casadecampoliving.com\/es\/wp-json\/wp\/v2\/tags?post=351045"},{"taxonomy":"newspack_spnsrs_tax","embeddable":true,"href":"https:\/\/casadecampoliving.com\/es\/wp-json\/wp\/v2\/newspack_spnsrs_tax?post=351045"}],"curies":[{"name":"wp","href":"https:\/\/api.w.org\/{rel}","templated":true}]}}