{"id":351020,"date":"2017-01-16T00:00:00","date_gmt":"2017-01-16T04:00:00","guid":{"rendered":"https:\/\/casadecampoliving.com\/casa-de-campo-resort-anuncia-nuevas-designaciones-promociones-y-novedades\/"},"modified":"2022-11-10T09:59:23","modified_gmt":"2022-11-10T13:59:23","slug":"casa-de-campo-resort-anuncia-nuevas-designaciones-promociones-y-novedades","status":"publish","type":"post","link":"https:\/\/casadecampoliving.com\/es\/casa-de-campo-resort-anuncia-nuevas-designaciones-promociones-y-novedades\/","title":{"rendered":"Casa de Campo Resort anuncia nuevas designaciones, promociones y novedades"},"content":{"rendered":"<p><img data-recalc-dims=\"1\" loading=\"lazy\" decoding=\"async\" class=\"alignright wp-image-132602\" src=\"https:\/\/i0.wp.com\/casadecampoliving.com\/wp-content\/uploads\/2022\/10\/Carl-Carlson-y-Soraya-Carlson-200x300-2.jpg?resize=300%2C450&#038;ssl=1\" width=\"300\" height=\"450\" \/><\/p>\n<p style=\"text-align: justify;\">Durante un c\u00f3ctel celebrado en Santo Domingo, en compa\u00f1\u00eda de distinguidas personalidades del sector tur\u00edstico, Casa de Campo Resort &amp; Villas present\u00f3 de manera oficial a Andr\u00e9s Pichardo Rosenberg como su nuevo presidente.<\/p>\n<p style=\"text-align: justify;\">Pichardo Rosenberg, con una amplia experiencia en la industria tur\u00edstica nacional e internacional, regresa a su natal rep\u00fablica Dominicana luego de 14 a\u00f1os en el exterior dirigiendo resorts reconocidos por Leading Hotels of the World.<\/p>\n<p style=\"text-align: justify;\"><strong>\u201cCasa de Campo Resort &amp; Villas forma parte del desarrollo de la industria hotelera en la Rep\u00fablica Dominicana. En la actualidad nos encontramos en un momento muy significativo y grato en el que anunciamos las novedades y eventos que ofreceremos en el transcurso del 2017, con el deseo de que el p\u00fablico local disfrute y conozca lo nuevo que nuestra marca ha sumado a su propuesta\u201d,<\/strong> manifest\u00f3 el nuevo presidente durante su intervenci\u00f3n luego de agradecer la designaci\u00f3n hecha para dirigir el resort considerado como la cuna de la hoteler\u00eda dominicana.<\/p>\n<p style=\"text-align: justify;\">Resalt\u00f3, adem\u00e1s, que aunque el Resort es reconocido como el destino ideal para el mercado internacional, son los dominicanos y residentes en el pa\u00eds la clientela constante del resort por lo cual estar\u00e1 muy cercano al p\u00fablico y sus expectativas.<\/p>\n<p><img data-recalc-dims=\"1\" loading=\"lazy\" decoding=\"async\" class=\"aligncenter size-full wp-image-132599\" src=\"https:\/\/i0.wp.com\/casadecampoliving.com\/wp-content\/uploads\/2022\/10\/Onysela-Valdez-Quiterio-Ceden%CC%83o-y-Patricia-Nadal-2.jpg?resize=1000%2C667&#038;ssl=1\" alt=\"onysela-valdez-quiterio-ceden%cc%83o-y-patricia-nadal-2\" width=\"1000\" height=\"667\" \/><\/p>\n<p style=\"text-align: justify;\">Por otro lado, detall\u00f3 que la nueva organizaci\u00f3n de Casa de Campo ha dise\u00f1ado paquetes de precios muy competitivos para que los hu\u00e9spedes puedan descansar en las villas o habitaciones de hotel y que los distintos p\u00fablicos, desde grupos corporativos, celebraciones de bodas, solteros, parejas y familias disfruten de una carta de servicios as\u00ed como diferentes ofertas de entretenimiento que incluyen conciertos, eventos deportivos y gastron\u00f3micos.<\/p>\n<p style=\"text-align: justify;\">Asimismo, Kirsis M\u00e9ndez, directora de ventas del resort, detall\u00f3 los diferentes paquetes y ofertas que Casa de Campo Resort &amp; Villas tendr\u00e1 disponible durante el reci\u00e9n iniciado a\u00f1o 2017.<\/p>\n<p style=\"text-align: justify;\">Las siguientes fotos fueron enviadas por Casa de Campo Resort and Villas tomadas durante el coctel en Santo Domingo:<\/p>\n<p style=\"text-align: justify;\">[nggallery =2790]<\/p>\n","protected":false},"excerpt":{"rendered":"<p>Durante un c\u00f3ctel celebrado en Santo Domingo, en compa\u00f1\u00eda de distinguidas personalidades del sector tur\u00edstico, Casa de Campo Resort &amp; Villas present\u00f3 de manera oficial a Andr\u00e9s Pichardo Rosenberg como su nuevo presidente. Pichardo Rosenberg, con una amplia experiencia en la industria tur\u00edstica nacional e internacional, regresa a su natal rep\u00fablica Dominicana luego de 14 [&hellip;]<\/p>\n","protected":false},"author":36675,"featured_media":314441,"comment_status":"closed","ping_status":"closed","sticky":false,"template":"","format":"standard","meta":{"newspack_ads_suppress_ads":false,"newspack_popups_has_disabled_popups":false,"newspack_sponsor_sponsorship_scope":"","newspack_sponsor_native_byline_display":"inherit","newspack_sponsor_native_category_display":"inherit","newspack_sponsor_underwriter_style":"inherit","newspack_sponsor_underwriter_placement":"inherit","_newspack_byline_active":false,"_newspack_byline":"","newspack_hide_updated_date":false,"newspack_show_updated_date":false,"newspack_content_restriction_is_exempt":false,"newspack_featured_image_position":"","newspack_post_subtitle":"","newspack_article_summary_title":"Overview:","newspack_article_summary":"","_jetpack_memberships_contains_paid_content":false,"footnotes":"","jetpack_publicize_message":"","jetpack_publicize_feature_enabled":true,"jetpack_social_post_already_shared":false,"jetpack_social_options":{"image_generator_settings":{"template":"highway","default_image_id":0,"font":"","enabled":false},"version":2},"_wpas_customize_per_network":false},"categories":[2522,2506,14625,2521,26822],"tags":[19904,23815,23785,4246,20216,11561,13822],"newspack_spnsrs_tax":[],"class_list":["post-351020","post","type-post","status-publish","format-standard","has-post-thumbnail","hentry","category-eventos-es","category-mas-alla-de-casa-es","category-noticias-locales","category-republica-dominicana-2","category-resort-casa-de-campo","tag-andres-pichardo-rosenberg","tag-casa-de-campo-es-17","tag-cocktail-es","tag-coctel","tag-kirsis-mendez","tag-paquetes","tag-santo-domingo","entry"],"yoast_head":"<!-- This site is optimized with the Yoast SEO plugin v27.5 - https:\/\/yoast.com\/product\/yoast-seo-wordpress\/ -->\n<title>Casa de Campo Resort anuncia nuevas designaciones, promociones y novedades | Casa de Campo Living<\/title>\n<meta name=\"description\" content=\"Durante un c\u00f3ctel celebrado en Santo Domingo, en compa\u00f1\u00eda de distinguidas personalidades del sector tur\u00edstico, Casa de Campo Resort &amp; Villas present\u00f3\" \/>\n<meta name=\"robots\" content=\"index, follow, max-snippet:-1, max-image-preview:large, max-video-preview:-1\" \/>\n<link rel=\"canonical\" href=\"https:\/\/casadecampoliving.com\/es\/casa-de-campo-resort-anuncia-nuevas-designaciones-promociones-y-novedades\/\" \/>\n<meta property=\"og:locale\" content=\"es_ES\" \/>\n<meta property=\"og:type\" content=\"article\" \/>\n<meta property=\"og:title\" content=\"Casa de Campo Resort anuncia nuevas designaciones, promociones y novedades | Casa de Campo Living\" \/>\n<meta property=\"og:description\" content=\"Durante un c\u00f3ctel celebrado en Santo Domingo, en compa\u00f1\u00eda de distinguidas personalidades del sector tur\u00edstico, Casa de Campo Resort &amp; Villas present\u00f3\" \/>\n<meta property=\"og:url\" content=\"https:\/\/casadecampoliving.com\/es\/casa-de-campo-resort-anuncia-nuevas-designaciones-promociones-y-novedades\/\" \/>\n<meta property=\"og:site_name\" content=\"Casa de Campo Living\" \/>\n<meta property=\"article:publisher\" content=\"https:\/\/www.facebook.com\/casadecampoliving\" \/>\n<meta property=\"article:published_time\" content=\"2017-01-16T04:00:00+00:00\" \/>\n<meta property=\"article:modified_time\" content=\"2022-11-10T13:59:23+00:00\" \/>\n<meta property=\"og:image\" content=\"https:\/\/i0.wp.com\/casadecampoliving.com\/wp-content\/uploads\/2022\/10\/Andres-Pichardo-Raemil-Tatis-y-Juan-Manuel-Marti\u0301n-de-Oliva.jpg?fit=1000%2C667&ssl=1\" \/>\n\t<meta property=\"og:image:width\" content=\"1000\" \/>\n\t<meta property=\"og:image:height\" content=\"667\" \/>\n\t<meta property=\"og:image:type\" content=\"image\/jpeg\" \/>\n<meta name=\"author\" content=\"Casa de Campo Resort\" \/>\n<meta name=\"twitter:card\" content=\"summary_large_image\" \/>\n<meta name=\"twitter:creator\" content=\"@cdcliving\" \/>\n<meta name=\"twitter:site\" content=\"@cdcliving\" \/>\n<meta name=\"twitter:label1\" content=\"Escrito por\" \/>\n\t<meta name=\"twitter:data1\" content=\"Casa de Campo Resort\" \/>\n\t<meta name=\"twitter:label2\" content=\"Tiempo de lectura\" \/>\n\t<meta name=\"twitter:data2\" content=\"2 minutos\" \/>\n<script type=\"application\/ld+json\" class=\"yoast-schema-graph\">{\"@context\":\"https:\\\/\\\/schema.org\",\"@graph\":[{\"@type\":\"Article\",\"@id\":\"https:\\\/\\\/casadecampoliving.com\\\/es\\\/casa-de-campo-resort-anuncia-nuevas-designaciones-promociones-y-novedades\\\/#article\",\"isPartOf\":{\"@id\":\"https:\\\/\\\/casadecampoliving.com\\\/es\\\/casa-de-campo-resort-anuncia-nuevas-designaciones-promociones-y-novedades\\\/\"},\"author\":{\"name\":\"Casa de Campo Resort\",\"@id\":\"https:\\\/\\\/casadecampoliving.com\\\/es\\\/#\\\/schema\\\/person\\\/52642ac476979f209529cc58bb6c9787\"},\"headline\":\"Casa de Campo Resort anuncia nuevas designaciones, promociones y novedades\",\"datePublished\":\"2017-01-16T04:00:00+00:00\",\"dateModified\":\"2022-11-10T13:59:23+00:00\",\"mainEntityOfPage\":{\"@id\":\"https:\\\/\\\/casadecampoliving.com\\\/es\\\/casa-de-campo-resort-anuncia-nuevas-designaciones-promociones-y-novedades\\\/\"},\"wordCount\":344,\"publisher\":{\"@id\":\"https:\\\/\\\/casadecampoliving.com\\\/es\\\/#organization\"},\"image\":{\"@id\":\"https:\\\/\\\/casadecampoliving.com\\\/es\\\/casa-de-campo-resort-anuncia-nuevas-designaciones-promociones-y-novedades\\\/#primaryimage\"},\"thumbnailUrl\":\"https:\\\/\\\/i0.wp.com\\\/casadecampoliving.com\\\/wp-content\\\/uploads\\\/2022\\\/10\\\/Andres-Pichardo-Raemil-Tatis-y-Juan-Manuel-Marti%CC%81n-de-Oliva.jpg?fit=1000%2C667&ssl=1\",\"keywords\":[\"Andres Pichardo Rosenberg\",\"Casa de Campo\",\"cocktail\",\"coctel\",\"Kirsis M\u00e9ndez\",\"paquetes\",\"Santo Domingo\"],\"articleSection\":[\"Eventos\",\"M\u00e1s all\u00e1 de Casa\",\"Noticias Locales\",\"Rep\u00fablica Dominicana @es\",\"Resort Casa de Campo\"],\"inLanguage\":\"es\"},{\"@type\":\"WebPage\",\"@id\":\"https:\\\/\\\/casadecampoliving.com\\\/es\\\/casa-de-campo-resort-anuncia-nuevas-designaciones-promociones-y-novedades\\\/\",\"url\":\"https:\\\/\\\/casadecampoliving.com\\\/es\\\/casa-de-campo-resort-anuncia-nuevas-designaciones-promociones-y-novedades\\\/\",\"name\":\"Casa de Campo Resort anuncia nuevas designaciones, promociones y novedades | Casa de Campo Living\",\"isPartOf\":{\"@id\":\"https:\\\/\\\/casadecampoliving.com\\\/es\\\/#website\"},\"primaryImageOfPage\":{\"@id\":\"https:\\\/\\\/casadecampoliving.com\\\/es\\\/casa-de-campo-resort-anuncia-nuevas-designaciones-promociones-y-novedades\\\/#primaryimage\"},\"image\":{\"@id\":\"https:\\\/\\\/casadecampoliving.com\\\/es\\\/casa-de-campo-resort-anuncia-nuevas-designaciones-promociones-y-novedades\\\/#primaryimage\"},\"thumbnailUrl\":\"https:\\\/\\\/i0.wp.com\\\/casadecampoliving.com\\\/wp-content\\\/uploads\\\/2022\\\/10\\\/Andres-Pichardo-Raemil-Tatis-y-Juan-Manuel-Marti%CC%81n-de-Oliva.jpg?fit=1000%2C667&ssl=1\",\"datePublished\":\"2017-01-16T04:00:00+00:00\",\"dateModified\":\"2022-11-10T13:59:23+00:00\",\"description\":\"Durante un c\u00f3ctel celebrado en Santo Domingo, en compa\u00f1\u00eda de distinguidas personalidades del sector tur\u00edstico, Casa de Campo Resort &amp; Villas present\u00f3\",\"breadcrumb\":{\"@id\":\"https:\\\/\\\/casadecampoliving.com\\\/es\\\/casa-de-campo-resort-anuncia-nuevas-designaciones-promociones-y-novedades\\\/#breadcrumb\"},\"inLanguage\":\"es\",\"potentialAction\":[{\"@type\":\"ReadAction\",\"target\":[\"https:\\\/\\\/casadecampoliving.com\\\/es\\\/casa-de-campo-resort-anuncia-nuevas-designaciones-promociones-y-novedades\\\/\"]}]},{\"@type\":\"ImageObject\",\"inLanguage\":\"es\",\"@id\":\"https:\\\/\\\/casadecampoliving.com\\\/es\\\/casa-de-campo-resort-anuncia-nuevas-designaciones-promociones-y-novedades\\\/#primaryimage\",\"url\":\"https:\\\/\\\/i0.wp.com\\\/casadecampoliving.com\\\/wp-content\\\/uploads\\\/2022\\\/10\\\/Andres-Pichardo-Raemil-Tatis-y-Juan-Manuel-Marti%CC%81n-de-Oliva.jpg?fit=1000%2C667&ssl=1\",\"contentUrl\":\"https:\\\/\\\/i0.wp.com\\\/casadecampoliving.com\\\/wp-content\\\/uploads\\\/2022\\\/10\\\/Andres-Pichardo-Raemil-Tatis-y-Juan-Manuel-Marti%CC%81n-de-Oliva.jpg?fit=1000%2C667&ssl=1\",\"width\":1000,\"height\":667},{\"@type\":\"BreadcrumbList\",\"@id\":\"https:\\\/\\\/casadecampoliving.com\\\/es\\\/casa-de-campo-resort-anuncia-nuevas-designaciones-promociones-y-novedades\\\/#breadcrumb\",\"itemListElement\":[{\"@type\":\"ListItem\",\"position\":1,\"name\":\"Home\",\"item\":\"https:\\\/\\\/casadecampoliving.com\\\/es\\\/\"},{\"@type\":\"ListItem\",\"position\":2,\"name\":\"Casa de Campo Resort anuncia nuevas designaciones, promociones y novedades\"}]},{\"@type\":\"WebSite\",\"@id\":\"https:\\\/\\\/casadecampoliving.com\\\/es\\\/#website\",\"url\":\"https:\\\/\\\/casadecampoliving.com\\\/es\\\/\",\"name\":\"Casa de Campo Living\",\"description\":\"Resort community news and resources.\",\"publisher\":{\"@id\":\"https:\\\/\\\/casadecampoliving.com\\\/es\\\/#organization\"},\"potentialAction\":[{\"@type\":\"SearchAction\",\"target\":{\"@type\":\"EntryPoint\",\"urlTemplate\":\"https:\\\/\\\/casadecampoliving.com\\\/es\\\/?s={search_term_string}\"},\"query-input\":{\"@type\":\"PropertyValueSpecification\",\"valueRequired\":true,\"valueName\":\"search_term_string\"}}],\"inLanguage\":\"es\"},{\"@type\":\"Organization\",\"@id\":\"https:\\\/\\\/casadecampoliving.com\\\/es\\\/#organization\",\"name\":\"Casa de Campo Living\",\"url\":\"https:\\\/\\\/casadecampoliving.com\\\/es\\\/\",\"logo\":{\"@type\":\"ImageObject\",\"inLanguage\":\"es\",\"@id\":\"https:\\\/\\\/casadecampoliving.com\\\/es\\\/#\\\/schema\\\/logo\\\/image\\\/\",\"url\":\"https:\\\/\\\/i0.wp.com\\\/casadecampoliving.com\\\/wp-content\\\/uploads\\\/2022\\\/07\\\/CDCLivingLogo_V1-white-sized.png?fit=800%2C214&ssl=1\",\"contentUrl\":\"https:\\\/\\\/i0.wp.com\\\/casadecampoliving.com\\\/wp-content\\\/uploads\\\/2022\\\/07\\\/CDCLivingLogo_V1-white-sized.png?fit=800%2C214&ssl=1\",\"width\":800,\"height\":214,\"caption\":\"Casa de Campo Living\"},\"image\":{\"@id\":\"https:\\\/\\\/casadecampoliving.com\\\/es\\\/#\\\/schema\\\/logo\\\/image\\\/\"},\"sameAs\":[\"https:\\\/\\\/www.facebook.com\\\/casadecampoliving\",\"https:\\\/\\\/x.com\\\/cdcliving\"]},{\"@type\":\"Person\",\"@id\":\"https:\\\/\\\/casadecampoliving.com\\\/es\\\/#\\\/schema\\\/person\\\/52642ac476979f209529cc58bb6c9787\",\"name\":\"Casa de Campo Resort\",\"image\":{\"@type\":\"ImageObject\",\"inLanguage\":\"es\",\"@id\":\"https:\\\/\\\/secure.gravatar.com\\\/avatar\\\/630e193f5d6de4142cc28292ac77a3b7ec1b8b66d948ac83f36a80720ef224d5?s=96&d=mm&r=g\",\"url\":\"https:\\\/\\\/secure.gravatar.com\\\/avatar\\\/630e193f5d6de4142cc28292ac77a3b7ec1b8b66d948ac83f36a80720ef224d5?s=96&d=mm&r=g\",\"contentUrl\":\"https:\\\/\\\/secure.gravatar.com\\\/avatar\\\/630e193f5d6de4142cc28292ac77a3b7ec1b8b66d948ac83f36a80720ef224d5?s=96&d=mm&r=g\",\"caption\":\"Casa de Campo Resort\"},\"url\":\"https:\\\/\\\/casadecampoliving.com\\\/es\\\/author\\\/cdc\\\/\"}]}<\/script>\n<!-- \/ Yoast SEO plugin. -->","yoast_head_json":{"title":"Casa de Campo Resort anuncia nuevas designaciones, promociones y novedades | Casa de Campo Living","description":"Durante un c\u00f3ctel celebrado en Santo Domingo, en compa\u00f1\u00eda de distinguidas personalidades del sector tur\u00edstico, Casa de Campo Resort &amp; Villas present\u00f3","robots":{"index":"index","follow":"follow","max-snippet":"max-snippet:-1","max-image-preview":"max-image-preview:large","max-video-preview":"max-video-preview:-1"},"canonical":"https:\/\/casadecampoliving.com\/es\/casa-de-campo-resort-anuncia-nuevas-designaciones-promociones-y-novedades\/","og_locale":"es_ES","og_type":"article","og_title":"Casa de Campo Resort anuncia nuevas designaciones, promociones y novedades | Casa de Campo Living","og_description":"Durante un c\u00f3ctel celebrado en Santo Domingo, en compa\u00f1\u00eda de distinguidas personalidades del sector tur\u00edstico, Casa de Campo Resort &amp; Villas present\u00f3","og_url":"https:\/\/casadecampoliving.com\/es\/casa-de-campo-resort-anuncia-nuevas-designaciones-promociones-y-novedades\/","og_site_name":"Casa de Campo Living","article_publisher":"https:\/\/www.facebook.com\/casadecampoliving","article_published_time":"2017-01-16T04:00:00+00:00","article_modified_time":"2022-11-10T13:59:23+00:00","og_image":[{"width":1000,"height":667,"url":"https:\/\/i0.wp.com\/casadecampoliving.com\/wp-content\/uploads\/2022\/10\/Andres-Pichardo-Raemil-Tatis-y-Juan-Manuel-Marti\u0301n-de-Oliva.jpg?fit=1000%2C667&ssl=1","type":"image\/jpeg"}],"author":"Casa de Campo Resort","twitter_card":"summary_large_image","twitter_creator":"@cdcliving","twitter_site":"@cdcliving","twitter_misc":{"Escrito por":"Casa de Campo Resort","Tiempo de lectura":"2 minutos"},"schema":{"@context":"https:\/\/schema.org","@graph":[{"@type":"Article","@id":"https:\/\/casadecampoliving.com\/es\/casa-de-campo-resort-anuncia-nuevas-designaciones-promociones-y-novedades\/#article","isPartOf":{"@id":"https:\/\/casadecampoliving.com\/es\/casa-de-campo-resort-anuncia-nuevas-designaciones-promociones-y-novedades\/"},"author":{"name":"Casa de Campo Resort","@id":"https:\/\/casadecampoliving.com\/es\/#\/schema\/person\/52642ac476979f209529cc58bb6c9787"},"headline":"Casa de Campo Resort anuncia nuevas designaciones, promociones y novedades","datePublished":"2017-01-16T04:00:00+00:00","dateModified":"2022-11-10T13:59:23+00:00","mainEntityOfPage":{"@id":"https:\/\/casadecampoliving.com\/es\/casa-de-campo-resort-anuncia-nuevas-designaciones-promociones-y-novedades\/"},"wordCount":344,"publisher":{"@id":"https:\/\/casadecampoliving.com\/es\/#organization"},"image":{"@id":"https:\/\/casadecampoliving.com\/es\/casa-de-campo-resort-anuncia-nuevas-designaciones-promociones-y-novedades\/#primaryimage"},"thumbnailUrl":"https:\/\/i0.wp.com\/casadecampoliving.com\/wp-content\/uploads\/2022\/10\/Andres-Pichardo-Raemil-Tatis-y-Juan-Manuel-Marti%CC%81n-de-Oliva.jpg?fit=1000%2C667&ssl=1","keywords":["Andres Pichardo Rosenberg","Casa de Campo","cocktail","coctel","Kirsis M\u00e9ndez","paquetes","Santo Domingo"],"articleSection":["Eventos","M\u00e1s all\u00e1 de Casa","Noticias Locales","Rep\u00fablica Dominicana @es","Resort Casa de Campo"],"inLanguage":"es"},{"@type":"WebPage","@id":"https:\/\/casadecampoliving.com\/es\/casa-de-campo-resort-anuncia-nuevas-designaciones-promociones-y-novedades\/","url":"https:\/\/casadecampoliving.com\/es\/casa-de-campo-resort-anuncia-nuevas-designaciones-promociones-y-novedades\/","name":"Casa de Campo Resort anuncia nuevas designaciones, promociones y novedades | Casa de Campo Living","isPartOf":{"@id":"https:\/\/casadecampoliving.com\/es\/#website"},"primaryImageOfPage":{"@id":"https:\/\/casadecampoliving.com\/es\/casa-de-campo-resort-anuncia-nuevas-designaciones-promociones-y-novedades\/#primaryimage"},"image":{"@id":"https:\/\/casadecampoliving.com\/es\/casa-de-campo-resort-anuncia-nuevas-designaciones-promociones-y-novedades\/#primaryimage"},"thumbnailUrl":"https:\/\/i0.wp.com\/casadecampoliving.com\/wp-content\/uploads\/2022\/10\/Andres-Pichardo-Raemil-Tatis-y-Juan-Manuel-Marti%CC%81n-de-Oliva.jpg?fit=1000%2C667&ssl=1","datePublished":"2017-01-16T04:00:00+00:00","dateModified":"2022-11-10T13:59:23+00:00","description":"Durante un c\u00f3ctel celebrado en Santo Domingo, en compa\u00f1\u00eda de distinguidas personalidades del sector tur\u00edstico, Casa de Campo Resort &amp; Villas present\u00f3","breadcrumb":{"@id":"https:\/\/casadecampoliving.com\/es\/casa-de-campo-resort-anuncia-nuevas-designaciones-promociones-y-novedades\/#breadcrumb"},"inLanguage":"es","potentialAction":[{"@type":"ReadAction","target":["https:\/\/casadecampoliving.com\/es\/casa-de-campo-resort-anuncia-nuevas-designaciones-promociones-y-novedades\/"]}]},{"@type":"ImageObject","inLanguage":"es","@id":"https:\/\/casadecampoliving.com\/es\/casa-de-campo-resort-anuncia-nuevas-designaciones-promociones-y-novedades\/#primaryimage","url":"https:\/\/i0.wp.com\/casadecampoliving.com\/wp-content\/uploads\/2022\/10\/Andres-Pichardo-Raemil-Tatis-y-Juan-Manuel-Marti%CC%81n-de-Oliva.jpg?fit=1000%2C667&ssl=1","contentUrl":"https:\/\/i0.wp.com\/casadecampoliving.com\/wp-content\/uploads\/2022\/10\/Andres-Pichardo-Raemil-Tatis-y-Juan-Manuel-Marti%CC%81n-de-Oliva.jpg?fit=1000%2C667&ssl=1","width":1000,"height":667},{"@type":"BreadcrumbList","@id":"https:\/\/casadecampoliving.com\/es\/casa-de-campo-resort-anuncia-nuevas-designaciones-promociones-y-novedades\/#breadcrumb","itemListElement":[{"@type":"ListItem","position":1,"name":"Home","item":"https:\/\/casadecampoliving.com\/es\/"},{"@type":"ListItem","position":2,"name":"Casa de Campo Resort anuncia nuevas designaciones, promociones y novedades"}]},{"@type":"WebSite","@id":"https:\/\/casadecampoliving.com\/es\/#website","url":"https:\/\/casadecampoliving.com\/es\/","name":"Casa de Campo Living","description":"Resort community news and resources.","publisher":{"@id":"https:\/\/casadecampoliving.com\/es\/#organization"},"potentialAction":[{"@type":"SearchAction","target":{"@type":"EntryPoint","urlTemplate":"https:\/\/casadecampoliving.com\/es\/?s={search_term_string}"},"query-input":{"@type":"PropertyValueSpecification","valueRequired":true,"valueName":"search_term_string"}}],"inLanguage":"es"},{"@type":"Organization","@id":"https:\/\/casadecampoliving.com\/es\/#organization","name":"Casa de Campo Living","url":"https:\/\/casadecampoliving.com\/es\/","logo":{"@type":"ImageObject","inLanguage":"es","@id":"https:\/\/casadecampoliving.com\/es\/#\/schema\/logo\/image\/","url":"https:\/\/i0.wp.com\/casadecampoliving.com\/wp-content\/uploads\/2022\/07\/CDCLivingLogo_V1-white-sized.png?fit=800%2C214&ssl=1","contentUrl":"https:\/\/i0.wp.com\/casadecampoliving.com\/wp-content\/uploads\/2022\/07\/CDCLivingLogo_V1-white-sized.png?fit=800%2C214&ssl=1","width":800,"height":214,"caption":"Casa de Campo Living"},"image":{"@id":"https:\/\/casadecampoliving.com\/es\/#\/schema\/logo\/image\/"},"sameAs":["https:\/\/www.facebook.com\/casadecampoliving","https:\/\/x.com\/cdcliving"]},{"@type":"Person","@id":"https:\/\/casadecampoliving.com\/es\/#\/schema\/person\/52642ac476979f209529cc58bb6c9787","name":"Casa de Campo Resort","image":{"@type":"ImageObject","inLanguage":"es","@id":"https:\/\/secure.gravatar.com\/avatar\/630e193f5d6de4142cc28292ac77a3b7ec1b8b66d948ac83f36a80720ef224d5?s=96&d=mm&r=g","url":"https:\/\/secure.gravatar.com\/avatar\/630e193f5d6de4142cc28292ac77a3b7ec1b8b66d948ac83f36a80720ef224d5?s=96&d=mm&r=g","contentUrl":"https:\/\/secure.gravatar.com\/avatar\/630e193f5d6de4142cc28292ac77a3b7ec1b8b66d948ac83f36a80720ef224d5?s=96&d=mm&r=g","caption":"Casa de Campo Resort"},"url":"https:\/\/casadecampoliving.com\/es\/author\/cdc\/"}]}},"parsely":{"version":"1.1.0","canonical_url":"https:\/\/casadecampoliving.com\/es\/casa-de-campo-resort-anuncia-nuevas-designaciones-promociones-y-novedades\/","smart_links":{"inbound":0,"outbound":0},"traffic_boost_suggestions_count":0,"meta":{"@context":"https:\/\/schema.org","@type":"NewsArticle","headline":"Casa de Campo Resort anuncia nuevas designaciones, promociones y novedades","url":"http:\/\/casadecampoliving.com\/es\/casa-de-campo-resort-anuncia-nuevas-designaciones-promociones-y-novedades\/","mainEntityOfPage":{"@type":"WebPage","@id":"http:\/\/casadecampoliving.com\/es\/casa-de-campo-resort-anuncia-nuevas-designaciones-promociones-y-novedades\/"},"thumbnailUrl":"https:\/\/i0.wp.com\/casadecampoliving.com\/wp-content\/uploads\/2022\/10\/Andres-Pichardo-Raemil-Tatis-y-Juan-Manuel-Marti%CC%81n-de-Oliva.jpg?resize=150%2C150&ssl=1","image":{"@type":"ImageObject","url":"https:\/\/i0.wp.com\/casadecampoliving.com\/wp-content\/uploads\/2022\/10\/Andres-Pichardo-Raemil-Tatis-y-Juan-Manuel-Marti%CC%81n-de-Oliva.jpg?fit=1000%2C667&ssl=1"},"articleSection":"Eventos","author":[{"@type":"Person","name":"Casa de Campo Resort"}],"creator":["Casa de Campo Resort"],"publisher":{"@type":"Organization","name":"Casa de Campo Living","logo":"https:\/\/casadecampoliving.com\/wp-content\/uploads\/2022\/07\/CDCLivingLogo_V1-white-sized.png"},"keywords":["andres pichardo rosenberg","casa de campo","cocktail","coctel","kirsis m\u00e9ndez","paquetes","santo domingo"],"dateCreated":"2017-01-16T04:00:00Z","datePublished":"2017-01-16T04:00:00Z","dateModified":"2022-11-10T13:59:23Z"},"rendered":"<script type=\"application\/ld+json\" class=\"wp-parsely-metadata\">{\"@context\":\"https:\\\/\\\/schema.org\",\"@type\":\"NewsArticle\",\"headline\":\"Casa de Campo Resort anuncia nuevas designaciones, promociones y novedades\",\"url\":\"http:\\\/\\\/casadecampoliving.com\\\/es\\\/casa-de-campo-resort-anuncia-nuevas-designaciones-promociones-y-novedades\\\/\",\"mainEntityOfPage\":{\"@type\":\"WebPage\",\"@id\":\"http:\\\/\\\/casadecampoliving.com\\\/es\\\/casa-de-campo-resort-anuncia-nuevas-designaciones-promociones-y-novedades\\\/\"},\"thumbnailUrl\":\"https:\\\/\\\/i0.wp.com\\\/casadecampoliving.com\\\/wp-content\\\/uploads\\\/2022\\\/10\\\/Andres-Pichardo-Raemil-Tatis-y-Juan-Manuel-Marti%CC%81n-de-Oliva.jpg?resize=150%2C150&ssl=1\",\"image\":{\"@type\":\"ImageObject\",\"url\":\"https:\\\/\\\/i0.wp.com\\\/casadecampoliving.com\\\/wp-content\\\/uploads\\\/2022\\\/10\\\/Andres-Pichardo-Raemil-Tatis-y-Juan-Manuel-Marti%CC%81n-de-Oliva.jpg?fit=1000%2C667&ssl=1\"},\"articleSection\":\"Eventos\",\"author\":[{\"@type\":\"Person\",\"name\":\"Casa de Campo Resort\"}],\"creator\":[\"Casa de Campo Resort\"],\"publisher\":{\"@type\":\"Organization\",\"name\":\"Casa de Campo Living\",\"logo\":\"https:\\\/\\\/casadecampoliving.com\\\/wp-content\\\/uploads\\\/2022\\\/07\\\/CDCLivingLogo_V1-white-sized.png\"},\"keywords\":[\"andres pichardo rosenberg\",\"casa de campo\",\"cocktail\",\"coctel\",\"kirsis m\\u00e9ndez\",\"paquetes\",\"santo domingo\"],\"dateCreated\":\"2017-01-16T04:00:00Z\",\"datePublished\":\"2017-01-16T04:00:00Z\",\"dateModified\":\"2022-11-10T13:59:23Z\"}<\/script>","tracker_url":"https:\/\/cdn.parsely.com\/keys\/casadecampoliving.com\/p.js"},"jetpack_publicize_connections":[],"jetpack_featured_media_url":"https:\/\/i0.wp.com\/casadecampoliving.com\/wp-content\/uploads\/2022\/10\/Andres-Pichardo-Raemil-Tatis-y-Juan-Manuel-Marti%CC%81n-de-Oliva.jpg?fit=1000%2C667&ssl=1","jetpack-related-posts":[{"id":350827,"url":"https:\/\/casadecampoliving.com\/es\/designan-al-senor-andres-pichardo-rosenberg-como-presidente-hotel-casa-de-campo\/","url_meta":{"origin":351020,"position":0},"title":"Designan al Se\u00f1or Andr\u00e9s Pichardo Rosenberg como presidente Hotel Casa de Campo","author":"Casa de Campo Resort","date":"21 Nov, 2016","format":false,"excerpt":"La Romana, Rep\u00fablica Dominicana.- El Comit\u00e9 Ejecutivo de Central Romana Corporation, Ltd. anunci\u00f3 la designaci\u00f3n del se\u00f1or Andr\u00e9s Pichardo Rosenberg como Presidente del hotel Casa de Campo. De nacionalidad dominicana, el se\u00f1or Andr\u00e9s Pichardo tiene una amplia experiencia en la industria tur\u00edstica nacional e internacional. De joven creci\u00f3 en los\u2026","rel":"","context":"En \u00abNoticias Locales\u00bb","block_context":{"text":"Noticias Locales","link":"https:\/\/casadecampoliving.com\/es\/category\/noticias-locales\/"},"img":{"alt_text":"Andres Pichardo Rosenberg, president of Casa de Campo Resort & Villas","src":"https:\/\/i0.wp.com\/casadecampoliving.com\/wp-content\/uploads\/2022\/10\/Andres_Pichardo_Rosenberg_Casa_de_Campo_president-e1479748875916.jpg?fit=1000%2C650&ssl=1&resize=350%2C200","width":350,"height":200,"srcset":"https:\/\/i0.wp.com\/casadecampoliving.com\/wp-content\/uploads\/2022\/10\/Andres_Pichardo_Rosenberg_Casa_de_Campo_president-e1479748875916.jpg?fit=1000%2C650&ssl=1&resize=350%2C200 1x, https:\/\/i0.wp.com\/casadecampoliving.com\/wp-content\/uploads\/2022\/10\/Andres_Pichardo_Rosenberg_Casa_de_Campo_president-e1479748875916.jpg?fit=1000%2C650&ssl=1&resize=525%2C300 1.5x, https:\/\/i0.wp.com\/casadecampoliving.com\/wp-content\/uploads\/2022\/10\/Andres_Pichardo_Rosenberg_Casa_de_Campo_president-e1479748875916.jpg?fit=1000%2C650&ssl=1&resize=700%2C400 2x"},"classes":[]},{"id":433460,"url":"https:\/\/casadecampoliving.com\/es\/no-se-pierdan-el-increible-tributo-a-frank-sinatra-para-celebrar-el-40-aniversario-del-anfiteatro-altos-de-chavon\/","url_meta":{"origin":351020,"position":1},"title":"No se pierdan el incre\u00edble tributo a Frank Sinatra para celebrar el 40 aniversario del\u00a0Anfiteatro Altos de Chav\u00f3n","author":"Casa de Campo Living","date":"20 Oct, 2022","format":false,"excerpt":"Siendo uno de los escenarios m\u00e1s emblem\u00e1ticos del pa\u00eds, Casa de Campo Resort\u00ae & Villas celebra las cuatro d\u00e9cadas de aniversario de Altos de Chav\u00f3n con un tributo al gran Frank Sinatra, protagonizado por artistas invitados y una big band tal cual la que acompa\u00f1\u00f3 al artista hace 40 a\u00f1os\u2026","rel":"","context":"En \u00abUncategorized @es\u00bb","block_context":{"text":"Uncategorized @es","link":"https:\/\/casadecampoliving.com\/es\/category\/uncategorized-es\/"},"img":{"alt_text":"","src":"https:\/\/i0.wp.com\/casadecampoliving.com\/wp-content\/uploads\/2022\/10\/Tributo-Frank-Sinatra-Foto-Principal-Amaury-Sanchez-Danilo-Ginebra-Andres-Pichardo-y-Jose-Gabriel-Perez-.jpg?fit=1200%2C873&ssl=1&resize=350%2C200","width":350,"height":200,"srcset":"https:\/\/i0.wp.com\/casadecampoliving.com\/wp-content\/uploads\/2022\/10\/Tributo-Frank-Sinatra-Foto-Principal-Amaury-Sanchez-Danilo-Ginebra-Andres-Pichardo-y-Jose-Gabriel-Perez-.jpg?fit=1200%2C873&ssl=1&resize=350%2C200 1x, https:\/\/i0.wp.com\/casadecampoliving.com\/wp-content\/uploads\/2022\/10\/Tributo-Frank-Sinatra-Foto-Principal-Amaury-Sanchez-Danilo-Ginebra-Andres-Pichardo-y-Jose-Gabriel-Perez-.jpg?fit=1200%2C873&ssl=1&resize=525%2C300 1.5x, https:\/\/i0.wp.com\/casadecampoliving.com\/wp-content\/uploads\/2022\/10\/Tributo-Frank-Sinatra-Foto-Principal-Amaury-Sanchez-Danilo-Ginebra-Andres-Pichardo-y-Jose-Gabriel-Perez-.jpg?fit=1200%2C873&ssl=1&resize=700%2C400 2x, https:\/\/i0.wp.com\/casadecampoliving.com\/wp-content\/uploads\/2022\/10\/Tributo-Frank-Sinatra-Foto-Principal-Amaury-Sanchez-Danilo-Ginebra-Andres-Pichardo-y-Jose-Gabriel-Perez-.jpg?fit=1200%2C873&ssl=1&resize=1050%2C600 3x"},"classes":[]},{"id":328387,"url":"https:\/\/casadecampoliving.com\/andres-pichardo-rosenberg-president-casa-de-campo-resort-and-villas\/","url_meta":{"origin":351020,"position":2},"title":"Andr\u00e9s Pichardo Rosenberg appointed president of Casa de Campo Resort &#038; Villas","author":"Casa de Campo Resort","date":"21 Nov, 2016","format":false,"excerpt":"La Romana, Dominican Republic \u2013 The Executive Committee of Central Romana Corporation, Ltd. today announced the appointment of Mr. Andr\u00e9s Pichardo Rosenberg as President of Casa de Campo Resort & Villas. Originally from the Dominican Republic, Mr. Andr\u00e9s Pichardo Rosenberg has extensive experience in the national and international tourism industry\u2026","rel":"","context":"En \u00abCasa de Campo Resort\u00bb","block_context":{"text":"Casa de Campo Resort","link":"https:\/\/casadecampoliving.com\/category\/casa-de-campo-resort\/"},"img":{"alt_text":"Andres Pichardo Rosenberg, president of Casa de Campo Resort & Villas","src":"https:\/\/i0.wp.com\/casadecampoliving.com\/wp-content\/uploads\/2022\/10\/Andres_Pichardo_Rosenberg_Casa_de_Campo_president-e1479748875916.jpg?fit=1000%2C650&ssl=1&resize=350%2C200","width":350,"height":200,"srcset":"https:\/\/i0.wp.com\/casadecampoliving.com\/wp-content\/uploads\/2022\/10\/Andres_Pichardo_Rosenberg_Casa_de_Campo_president-e1479748875916.jpg?fit=1000%2C650&ssl=1&resize=350%2C200 1x, https:\/\/i0.wp.com\/casadecampoliving.com\/wp-content\/uploads\/2022\/10\/Andres_Pichardo_Rosenberg_Casa_de_Campo_president-e1479748875916.jpg?fit=1000%2C650&ssl=1&resize=525%2C300 1.5x, https:\/\/i0.wp.com\/casadecampoliving.com\/wp-content\/uploads\/2022\/10\/Andres_Pichardo_Rosenberg_Casa_de_Campo_president-e1479748875916.jpg?fit=1000%2C650&ssl=1&resize=700%2C400 2x"},"classes":[]},{"id":328520,"url":"https:\/\/casadecampoliving.com\/casa-de-campo-resort-announces-new-designations-promotions-news\/","url_meta":{"origin":351020,"position":3},"title":"Casa de Campo Resort announces new designations, promotions and news","author":"Casa de Campo Resort","date":"16 Ene, 2017","format":false,"excerpt":"During a cocktail held in Santo Domingo, accompanied by distinguished personalities from the tourism sector, Casa de Campo Resort & Villas officially presented Andr\u00e9s Pichardo Rosenberg as its new president. Pichardo Rosenberg, with extensive experience in both the national and international tourism industry, returns to his native Dominican Republic after\u2026","rel":"","context":"En \u00abBeyond Casa\u00bb","block_context":{"text":"Beyond Casa","link":"https:\/\/casadecampoliving.com\/category\/beyond-casa\/"},"img":{"alt_text":"","src":"https:\/\/i0.wp.com\/casadecampoliving.com\/wp-content\/uploads\/2022\/10\/Andres-Pichardo-Raemil-Tatis-y-Juan-Manuel-Marti%CC%81n-de-Oliva.jpg?fit=1000%2C667&ssl=1&resize=350%2C200","width":350,"height":200,"srcset":"https:\/\/i0.wp.com\/casadecampoliving.com\/wp-content\/uploads\/2022\/10\/Andres-Pichardo-Raemil-Tatis-y-Juan-Manuel-Marti%CC%81n-de-Oliva.jpg?fit=1000%2C667&ssl=1&resize=350%2C200 1x, https:\/\/i0.wp.com\/casadecampoliving.com\/wp-content\/uploads\/2022\/10\/Andres-Pichardo-Raemil-Tatis-y-Juan-Manuel-Marti%CC%81n-de-Oliva.jpg?fit=1000%2C667&ssl=1&resize=525%2C300 1.5x, https:\/\/i0.wp.com\/casadecampoliving.com\/wp-content\/uploads\/2022\/10\/Andres-Pichardo-Raemil-Tatis-y-Juan-Manuel-Marti%CC%81n-de-Oliva.jpg?fit=1000%2C667&ssl=1&resize=700%2C400 2x"},"classes":[]},{"id":540752,"url":"https:\/\/casadecampoliving.com\/es\/asociacion-de-hoteles-de-la-romana-bayahibe-anuncia-el-xii-torneo-de-golf-la-romana\/","url_meta":{"origin":351020,"position":4},"title":"Asociaci\u00f3n de Hoteles de La Romana-Bayahibe Anuncia el XII Torneo de Golf La Romana","author":"Casa de Campo Living","date":"3 May, 2025","format":false,"excerpt":"El XII Torneo de Golf La Romana se jugar\u00e1 el s\u00e1bado 31 de mayo de 2025 en el reconocido campo The Links dentro de Casa de Campo Resort & Villas. El evento reunir\u00e1 a m\u00e1s de 100 participantes para un d\u00eda de golf competitivo con causa, adem\u00e1s de rendir homenaje\u2026","rel":"","context":"En \u00abCasa de Campo Resort &amp; Villas\u00bb","block_context":{"text":"Casa de Campo Resort &amp; Villas","link":"https:\/\/casadecampoliving.com\/es\/category\/casa-de-campo-resort-villas\/"},"img":{"alt_text":"","src":"https:\/\/i0.wp.com\/casadecampoliving.com\/wp-content\/uploads\/2025\/05\/Armando-y-Andres-Pichardo.jpg?fit=1200%2C800&ssl=1&resize=350%2C200","width":350,"height":200,"srcset":"https:\/\/i0.wp.com\/casadecampoliving.com\/wp-content\/uploads\/2025\/05\/Armando-y-Andres-Pichardo.jpg?fit=1200%2C800&ssl=1&resize=350%2C200 1x, https:\/\/i0.wp.com\/casadecampoliving.com\/wp-content\/uploads\/2025\/05\/Armando-y-Andres-Pichardo.jpg?fit=1200%2C800&ssl=1&resize=525%2C300 1.5x, https:\/\/i0.wp.com\/casadecampoliving.com\/wp-content\/uploads\/2025\/05\/Armando-y-Andres-Pichardo.jpg?fit=1200%2C800&ssl=1&resize=700%2C400 2x, https:\/\/i0.wp.com\/casadecampoliving.com\/wp-content\/uploads\/2025\/05\/Armando-y-Andres-Pichardo.jpg?fit=1200%2C800&ssl=1&resize=1050%2C600 3x"},"classes":[]},{"id":352097,"url":"https:\/\/casadecampoliving.com\/es\/el-dj-gianluca-vacchi-se-presentara-en-sbg-casa-de-campo\/","url_meta":{"origin":351020,"position":5},"title":"\u00a1El DJ Gianluca Vacchi se presentar\u00e1 en SBG Casa de Campo!!!","author":"Casa de Campo Resort","date":"17 Oct, 2017","format":false,"excerpt":"El ambiente del pueblo costero de laMarina de Casa de Campo Resort & Villas estar\u00e1 vibrante el s\u00e1bado 18 de noviembre, ya que el empresario italiano y la sensaci\u00f3n de Instagram, Gianluca Vacchi, ser\u00e1 el DJ invitado en el lujoso y elegante restaurante SBG, y traer\u00e1 consigo una noche llena\u2026","rel":"","context":"En \u00abEstilo de Vida\u00bb","block_context":{"text":"Estilo de Vida","link":"https:\/\/casadecampoliving.com\/es\/category\/estilo-de-vida\/"},"img":{"alt_text":"Gianluca Vacchi","src":"https:\/\/i0.wp.com\/casadecampoliving.com\/wp-content\/uploads\/2022\/10\/gianlucca_vacchi_2-e1508257721886.jpg?fit=1000%2C667&ssl=1&resize=350%2C200","width":350,"height":200,"srcset":"https:\/\/i0.wp.com\/casadecampoliving.com\/wp-content\/uploads\/2022\/10\/gianlucca_vacchi_2-e1508257721886.jpg?fit=1000%2C667&ssl=1&resize=350%2C200 1x, https:\/\/i0.wp.com\/casadecampoliving.com\/wp-content\/uploads\/2022\/10\/gianlucca_vacchi_2-e1508257721886.jpg?fit=1000%2C667&ssl=1&resize=525%2C300 1.5x, https:\/\/i0.wp.com\/casadecampoliving.com\/wp-content\/uploads\/2022\/10\/gianlucca_vacchi_2-e1508257721886.jpg?fit=1000%2C667&ssl=1&resize=700%2C400 2x"},"classes":[]}],"jetpack_sharing_enabled":true,"_links":{"self":[{"href":"https:\/\/casadecampoliving.com\/es\/wp-json\/wp\/v2\/posts\/351020","targetHints":{"allow":["GET"]}}],"collection":[{"href":"https:\/\/casadecampoliving.com\/es\/wp-json\/wp\/v2\/posts"}],"about":[{"href":"https:\/\/casadecampoliving.com\/es\/wp-json\/wp\/v2\/types\/post"}],"author":[{"embeddable":true,"href":"https:\/\/casadecampoliving.com\/es\/wp-json\/wp\/v2\/users\/36675"}],"replies":[{"embeddable":true,"href":"https:\/\/casadecampoliving.com\/es\/wp-json\/wp\/v2\/comments?post=351020"}],"version-history":[{"count":1,"href":"https:\/\/casadecampoliving.com\/es\/wp-json\/wp\/v2\/posts\/351020\/revisions"}],"predecessor-version":[{"id":351021,"href":"https:\/\/casadecampoliving.com\/es\/wp-json\/wp\/v2\/posts\/351020\/revisions\/351021"}],"wp:featuredmedia":[{"embeddable":true,"href":"https:\/\/casadecampoliving.com\/es\/wp-json\/wp\/v2\/media\/314441"}],"wp:attachment":[{"href":"https:\/\/casadecampoliving.com\/es\/wp-json\/wp\/v2\/media?parent=351020"}],"wp:term":[{"taxonomy":"category","embeddable":true,"href":"https:\/\/casadecampoliving.com\/es\/wp-json\/wp\/v2\/categories?post=351020"},{"taxonomy":"post_tag","embeddable":true,"href":"https:\/\/casadecampoliving.com\/es\/wp-json\/wp\/v2\/tags?post=351020"},{"taxonomy":"newspack_spnsrs_tax","embeddable":true,"href":"https:\/\/casadecampoliving.com\/es\/wp-json\/wp\/v2\/newspack_spnsrs_tax?post=351020"}],"curies":[{"name":"wp","href":"https:\/\/api.w.org\/{rel}","templated":true}]}}