{"id":350999,"date":"2017-01-10T00:00:00","date_gmt":"2017-01-10T04:00:00","guid":{"rendered":"https:\/\/casadecampoliving.com\/carla-campos-nueva-cmo-prtc\/"},"modified":"2022-10-21T19:07:54","modified_gmt":"2022-10-21T23:07:54","slug":"carla-campos-nueva-cmo-prtc","status":"publish","type":"post","link":"https:\/\/casadecampoliving.com\/es\/carla-campos-nueva-cmo-prtc\/","title":{"rendered":"Carla Campos nueva Chief Marketing Officer de la Compa\u00f1ia de Turismo de Puerto Rico"},"content":{"rendered":"\n<p>Tenemos el placer de anunciar que Carla Campos, nuestra Directora General, asumir\u00e1 el cargo de Chief Marketing Officer de la Compa\u00f1\u00eda de Turismo de Puerto Rico. Aunque nos entristece verla salir de nuestro equipo, es con gran orgullo que la veremos asumir este nuevo rol a partir del 1ro de febrero. No tenemos duda alguna de que ella causar\u00e1&nbsp;un impacto tremendamente positivo en nuestra vecina isla, su pa\u00eds de origen.<\/p>\n\n\n\n<!--more-->\n\n\n\n<p>Carla Campos, especialista en Gesti\u00f3n de Destinos\/ Especialista de Marketing, trabaja con SILGON desde el a\u00f1o 2014. Ella se incorpor\u00f3 para fundir su experiencia de Marketing de Destinos Tur\u00edsticos con nuestro enfoque comunitario que busca llegar mejor a los visitantes de Casa de Campo que quieran disfrutar de este complejo de clase mundial. Durante sus a\u00f1os con la compa\u00f1\u00eda, su capacidad para ver el m\u00e1s alla del panorama&nbsp;general, gestionar los peque\u00f1os detalles y adoptar un enfoque hol\u00edstico para generar resultados ha sido inestimable para nosotros a medida que pasamos de una peque\u00f1a empresa editorial a una operaci\u00f3n internacional con sede en Texas, ahora llegando a casi 500,000 lectores mensuales en todos nuestros canales. Gracias a su colaboraci\u00f3n, hemos pasado los \u00faltimos dos a\u00f1os poniendo en marcha asombrosos&nbsp;procesos y a los miembros del equipo necesarios para permitirnos escalar y hacer crecer el negocio.<\/p>\n\n\n\n<p>Despu\u00e9s de haber trabajado tan de cerca con Carla en los \u00faltimos a\u00f1os he llegado&nbsp;a respetarla como colega, visionaria y persona pr\u00e1ctica y preparada que est\u00e1 lista para poner el 110% de su energ\u00eda en lo que a ella le apasiona.<\/p>\n\n\n<div class=\"wp-block-image\">\n<figure class=\"aligncenter is-resized\"><img loading=\"lazy\" decoding=\"async\" src=\"https:\/\/i0.wp.com\/casadecampoliving.com\/wp-content\/uploads\/2022\/10\/RR1_2903.jpg?resize=1000%2C600&amp;ssl=1\" alt=\"Carla Campos PRTC\" class=\"wp-image-132196\" height=\"600\" width=\"1000\"\/><\/figure>\n<\/div>\n\n\n<p>M\u00e1s all\u00e1 de nuestra asociaci\u00f3n empresarial, la apreciamos como una amiga y como parte de nuestra familia. La extra\u00f1aremos terriblemente, pero entiendo que este nuevo papel es lo mejor para su futuro \u00a1y le deseamos lo mejor!<\/p>\n\n\n\n<p>Puerto Rico, no podemos&nbsp;pensar en nadie mejor para ayudar a llevar el turismo a un nuevo y emocionante nivel.<\/p>\n\n\n\n<blockquote class=\"wp-block-quote is-layout-flow wp-block-quote-is-layout-flow\"><p><span style=\"font-weight: 400;\">Philip, Rebecca, Theo, querido equipo&nbsp;SILGON y mi familia extendida de Casa de Campo:<\/span><\/p><p><span style=\"font-weight: 400;\">Gracias por todo el amor, el apoyo y la amistad que me han mostrado en los \u00faltimos dos a\u00f1os. Vivir y trabajar en Casa de Campo ha sido una verdadera bendici\u00f3n y aprecio cada segundo de ella. Tengo ganas de volver a Puerto Rico despu\u00e9s de casi 15 a\u00f1os en el extranjero para hacer lo que me gusta: promover el desarrollo econ\u00f3mico sostenible a trav\u00e9s del turismo.<\/span><\/p><p><span style=\"font-weight: 400;\"> \u2013 Carla<\/span><\/p><\/blockquote>\n\n\n\n<p>Casa de Campo, no te preocupes\u2026 Carla continuar\u00e1 visitandonos aqu\u00ed en Casa de Campo (su segundo hogar), y las publicaciones de SILGON est\u00e1n en buenas manos. Nuestro incre\u00edble equipo de Rep\u00fablica Dominicana continuar\u00e1 mejorando nuestras publicaciones impresas y online con cada art\u00edculo y cada edici\u00f3n. Estamos tan comprometidos como siempre a seguir brind\u00e1ndoles lo mejor de c\u00f3mo VIVIR, AMAR y JUGAR en Casa. Puede ponerse en contacto con nuestro equipo en <a href=\"mailto:hello@silgon.net\">hello@silgon.net<\/a> para oportunidades de publicaciones y publicidad.<\/p>\n","protected":false},"excerpt":{"rendered":"<p>Tenemos el placer de anunciar que Carla Campos, nuestra Directora General, asumir\u00e1 el cargo de Chief Marketing Officer de la Compa\u00f1\u00eda de Turismo de Puerto Rico. Aunque nos entristece verla salir de nuestro equipo, es con gran orgullo que la veremos asumir este nuevo rol a partir del 1ro de febrero. No tenemos duda alguna [&hellip;]<\/p>\n","protected":false},"author":36671,"featured_media":314048,"comment_status":"closed","ping_status":"closed","sticky":false,"template":"","format":"standard","meta":{"newspack_ads_suppress_ads":false,"newspack_popups_has_disabled_popups":false,"newspack_sponsor_sponsorship_scope":"","newspack_sponsor_native_byline_display":"inherit","newspack_sponsor_native_category_display":"inherit","newspack_sponsor_underwriter_style":"inherit","newspack_sponsor_underwriter_placement":"inherit","_newspack_byline_active":false,"_newspack_byline":"","newspack_hide_updated_date":false,"newspack_show_updated_date":false,"newspack_content_restriction_is_exempt":false,"newspack_featured_image_position":"","newspack_post_subtitle":"","newspack_article_summary_title":"Overview:","newspack_article_summary":"","_jetpack_memberships_contains_paid_content":false,"footnotes":"","jetpack_publicize_message":"","jetpack_publicize_feature_enabled":true,"jetpack_social_post_already_shared":false,"jetpack_social_options":{"image_generator_settings":{"template":"highway","default_image_id":0,"font":"","enabled":false},"version":2},"_wpas_customize_per_network":false},"categories":[26936,2506,14625,2526],"tags":[12553,12555,3626,24387,5710,14736,337],"newspack_spnsrs_tax":[],"class_list":["post-350999","post","type-post","status-publish","format-standard","has-post-thumbnail","hentry","category-casa-de-campo-living-es","category-mas-alla-de-casa-es","category-noticias-locales","category-titulares-es","tag-carla-campos","tag-carla-campos-es","tag-casa-de-campo-es","tag-casa-de-campo-living-es","tag-casalife-es","tag-featured-topview-es","tag-silgon","entry"],"yoast_head":"<!-- This site is optimized with the Yoast SEO plugin v27.4 - https:\/\/yoast.com\/product\/yoast-seo-wordpress\/ -->\n<title>Carla Campos nueva Chief Marketing Officer de la Compa\u00f1ia de Turismo de Puerto Rico | Casa de Campo Living<\/title>\n<meta name=\"description\" content=\"Tenemos el placer de anunciar que Carla Campos, nuestra Directora General, asumir\u00e1 el cargo de Chief Marketing Officer de la Compa\u00f1\u00eda de Turismo de Puerto\" \/>\n<meta name=\"robots\" content=\"index, follow, max-snippet:-1, max-image-preview:large, max-video-preview:-1\" \/>\n<link rel=\"canonical\" href=\"https:\/\/casadecampoliving.com\/es\/carla-campos-nueva-cmo-prtc\/\" \/>\n<meta property=\"og:locale\" content=\"es_ES\" \/>\n<meta property=\"og:type\" content=\"article\" \/>\n<meta property=\"og:title\" content=\"Carla Campos nueva Chief Marketing Officer de la Compa\u00f1ia de Turismo de Puerto Rico | Casa de Campo Living\" \/>\n<meta property=\"og:description\" content=\"Tenemos el placer de anunciar que Carla Campos, nuestra Directora General, asumir\u00e1 el cargo de Chief Marketing Officer de la Compa\u00f1\u00eda de Turismo de Puerto\" \/>\n<meta property=\"og:url\" content=\"https:\/\/casadecampoliving.com\/es\/carla-campos-nueva-cmo-prtc\/\" \/>\n<meta property=\"og:site_name\" content=\"Casa de Campo Living\" \/>\n<meta property=\"article:publisher\" content=\"https:\/\/www.facebook.com\/casadecampoliving\" \/>\n<meta property=\"article:published_time\" content=\"2017-01-10T04:00:00+00:00\" \/>\n<meta property=\"article:modified_time\" content=\"2022-10-21T23:07:54+00:00\" \/>\n<meta property=\"og:image\" content=\"https:\/\/i0.wp.com\/casadecampoliving.com\/wp-content\/uploads\/2022\/10\/RR1_3183.jpg?fit=1000%2C600&ssl=1\" \/>\n\t<meta property=\"og:image:width\" content=\"1000\" \/>\n\t<meta property=\"og:image:height\" content=\"600\" \/>\n\t<meta property=\"og:image:type\" content=\"image\/jpeg\" \/>\n<meta name=\"author\" content=\"Philip Silvestri\" \/>\n<meta name=\"twitter:card\" content=\"summary_large_image\" \/>\n<meta name=\"twitter:creator\" content=\"@cdcliving\" \/>\n<meta name=\"twitter:site\" content=\"@cdcliving\" \/>\n<meta name=\"twitter:label1\" content=\"Escrito por\" \/>\n\t<meta name=\"twitter:data1\" content=\"Philip Silvestri\" \/>\n\t<meta name=\"twitter:label2\" content=\"Tiempo de lectura\" \/>\n\t<meta name=\"twitter:data2\" content=\"3 minutos\" \/>\n<script type=\"application\/ld+json\" class=\"yoast-schema-graph\">{\"@context\":\"https:\\\/\\\/schema.org\",\"@graph\":[{\"@type\":\"Article\",\"@id\":\"https:\\\/\\\/casadecampoliving.com\\\/es\\\/carla-campos-nueva-cmo-prtc\\\/#article\",\"isPartOf\":{\"@id\":\"https:\\\/\\\/casadecampoliving.com\\\/es\\\/carla-campos-nueva-cmo-prtc\\\/\"},\"author\":{\"name\":\"Philip Silvestri\",\"@id\":\"https:\\\/\\\/casadecampoliving.com\\\/es\\\/#\\\/schema\\\/person\\\/3cb17750474b44c6842e0541dfe03881\"},\"headline\":\"Carla Campos nueva Chief Marketing Officer de la Compa\u00f1ia de Turismo de Puerto Rico\",\"datePublished\":\"2017-01-10T04:00:00+00:00\",\"dateModified\":\"2022-10-21T23:07:54+00:00\",\"mainEntityOfPage\":{\"@id\":\"https:\\\/\\\/casadecampoliving.com\\\/es\\\/carla-campos-nueva-cmo-prtc\\\/\"},\"wordCount\":527,\"publisher\":{\"@id\":\"https:\\\/\\\/casadecampoliving.com\\\/es\\\/#organization\"},\"image\":{\"@id\":\"https:\\\/\\\/casadecampoliving.com\\\/es\\\/carla-campos-nueva-cmo-prtc\\\/#primaryimage\"},\"thumbnailUrl\":\"https:\\\/\\\/i0.wp.com\\\/casadecampoliving.com\\\/wp-content\\\/uploads\\\/2022\\\/10\\\/RR1_3183.jpg?fit=1000%2C600&ssl=1\",\"keywords\":[\"Carla Campos\",\"Carla Campos @es\",\"casa de campo @es\",\"Casa de Campo Living\",\"CasaLife @es\",\"Featured-TopView @es\",\"Silgon\"],\"articleSection\":[\"Casa de Campo Living @es\",\"M\u00e1s all\u00e1 de Casa\",\"Noticias Locales\",\"Titulares\"],\"inLanguage\":\"es\"},{\"@type\":\"WebPage\",\"@id\":\"https:\\\/\\\/casadecampoliving.com\\\/es\\\/carla-campos-nueva-cmo-prtc\\\/\",\"url\":\"https:\\\/\\\/casadecampoliving.com\\\/es\\\/carla-campos-nueva-cmo-prtc\\\/\",\"name\":\"Carla Campos nueva Chief Marketing Officer de la Compa\u00f1ia de Turismo de Puerto Rico | Casa de Campo Living\",\"isPartOf\":{\"@id\":\"https:\\\/\\\/casadecampoliving.com\\\/es\\\/#website\"},\"primaryImageOfPage\":{\"@id\":\"https:\\\/\\\/casadecampoliving.com\\\/es\\\/carla-campos-nueva-cmo-prtc\\\/#primaryimage\"},\"image\":{\"@id\":\"https:\\\/\\\/casadecampoliving.com\\\/es\\\/carla-campos-nueva-cmo-prtc\\\/#primaryimage\"},\"thumbnailUrl\":\"https:\\\/\\\/i0.wp.com\\\/casadecampoliving.com\\\/wp-content\\\/uploads\\\/2022\\\/10\\\/RR1_3183.jpg?fit=1000%2C600&ssl=1\",\"datePublished\":\"2017-01-10T04:00:00+00:00\",\"dateModified\":\"2022-10-21T23:07:54+00:00\",\"description\":\"Tenemos el placer de anunciar que Carla Campos, nuestra Directora General, asumir\u00e1 el cargo de Chief Marketing Officer de la Compa\u00f1\u00eda de Turismo de Puerto\",\"breadcrumb\":{\"@id\":\"https:\\\/\\\/casadecampoliving.com\\\/es\\\/carla-campos-nueva-cmo-prtc\\\/#breadcrumb\"},\"inLanguage\":\"es\",\"potentialAction\":[{\"@type\":\"ReadAction\",\"target\":[\"https:\\\/\\\/casadecampoliving.com\\\/es\\\/carla-campos-nueva-cmo-prtc\\\/\"]}]},{\"@type\":\"ImageObject\",\"inLanguage\":\"es\",\"@id\":\"https:\\\/\\\/casadecampoliving.com\\\/es\\\/carla-campos-nueva-cmo-prtc\\\/#primaryimage\",\"url\":\"https:\\\/\\\/i0.wp.com\\\/casadecampoliving.com\\\/wp-content\\\/uploads\\\/2022\\\/10\\\/RR1_3183.jpg?fit=1000%2C600&ssl=1\",\"contentUrl\":\"https:\\\/\\\/i0.wp.com\\\/casadecampoliving.com\\\/wp-content\\\/uploads\\\/2022\\\/10\\\/RR1_3183.jpg?fit=1000%2C600&ssl=1\",\"width\":1000,\"height\":600},{\"@type\":\"BreadcrumbList\",\"@id\":\"https:\\\/\\\/casadecampoliving.com\\\/es\\\/carla-campos-nueva-cmo-prtc\\\/#breadcrumb\",\"itemListElement\":[{\"@type\":\"ListItem\",\"position\":1,\"name\":\"Home\",\"item\":\"https:\\\/\\\/casadecampoliving.com\\\/es\\\/\"},{\"@type\":\"ListItem\",\"position\":2,\"name\":\"Carla Campos nueva Chief Marketing Officer de la Compa\u00f1ia de Turismo de Puerto Rico\"}]},{\"@type\":\"WebSite\",\"@id\":\"https:\\\/\\\/casadecampoliving.com\\\/es\\\/#website\",\"url\":\"https:\\\/\\\/casadecampoliving.com\\\/es\\\/\",\"name\":\"Casa de Campo Living\",\"description\":\"Resort community news and resources.\",\"publisher\":{\"@id\":\"https:\\\/\\\/casadecampoliving.com\\\/es\\\/#organization\"},\"potentialAction\":[{\"@type\":\"SearchAction\",\"target\":{\"@type\":\"EntryPoint\",\"urlTemplate\":\"https:\\\/\\\/casadecampoliving.com\\\/es\\\/?s={search_term_string}\"},\"query-input\":{\"@type\":\"PropertyValueSpecification\",\"valueRequired\":true,\"valueName\":\"search_term_string\"}}],\"inLanguage\":\"es\"},{\"@type\":\"Organization\",\"@id\":\"https:\\\/\\\/casadecampoliving.com\\\/es\\\/#organization\",\"name\":\"Casa de Campo Living\",\"url\":\"https:\\\/\\\/casadecampoliving.com\\\/es\\\/\",\"logo\":{\"@type\":\"ImageObject\",\"inLanguage\":\"es\",\"@id\":\"https:\\\/\\\/casadecampoliving.com\\\/es\\\/#\\\/schema\\\/logo\\\/image\\\/\",\"url\":\"https:\\\/\\\/i0.wp.com\\\/casadecampoliving.com\\\/wp-content\\\/uploads\\\/2022\\\/07\\\/CDCLivingLogo_V1-white-sized.png?fit=800%2C214&ssl=1\",\"contentUrl\":\"https:\\\/\\\/i0.wp.com\\\/casadecampoliving.com\\\/wp-content\\\/uploads\\\/2022\\\/07\\\/CDCLivingLogo_V1-white-sized.png?fit=800%2C214&ssl=1\",\"width\":800,\"height\":214,\"caption\":\"Casa de Campo Living\"},\"image\":{\"@id\":\"https:\\\/\\\/casadecampoliving.com\\\/es\\\/#\\\/schema\\\/logo\\\/image\\\/\"},\"sameAs\":[\"https:\\\/\\\/www.facebook.com\\\/casadecampoliving\",\"https:\\\/\\\/x.com\\\/cdcliving\"]},{\"@type\":\"Person\",\"@id\":\"https:\\\/\\\/casadecampoliving.com\\\/es\\\/#\\\/schema\\\/person\\\/3cb17750474b44c6842e0541dfe03881\",\"name\":\"Philip Silvestri\",\"image\":{\"@type\":\"ImageObject\",\"inLanguage\":\"es\",\"@id\":\"https:\\\/\\\/secure.gravatar.com\\\/avatar\\\/0145120393a48789013aae0024d10ebb814d248caecb46522a886d05bb7b2387?s=96&d=mm&r=g\",\"url\":\"https:\\\/\\\/secure.gravatar.com\\\/avatar\\\/0145120393a48789013aae0024d10ebb814d248caecb46522a886d05bb7b2387?s=96&d=mm&r=g\",\"contentUrl\":\"https:\\\/\\\/secure.gravatar.com\\\/avatar\\\/0145120393a48789013aae0024d10ebb814d248caecb46522a886d05bb7b2387?s=96&d=mm&r=g\",\"caption\":\"Philip Silvestri\"},\"url\":\"https:\\\/\\\/casadecampoliving.com\\\/es\\\/author\\\/philip\\\/\"}]}<\/script>\n<!-- \/ Yoast SEO plugin. -->","yoast_head_json":{"title":"Carla Campos nueva Chief Marketing Officer de la Compa\u00f1ia de Turismo de Puerto Rico | Casa de Campo Living","description":"Tenemos el placer de anunciar que Carla Campos, nuestra Directora General, asumir\u00e1 el cargo de Chief Marketing Officer de la Compa\u00f1\u00eda de Turismo de Puerto","robots":{"index":"index","follow":"follow","max-snippet":"max-snippet:-1","max-image-preview":"max-image-preview:large","max-video-preview":"max-video-preview:-1"},"canonical":"https:\/\/casadecampoliving.com\/es\/carla-campos-nueva-cmo-prtc\/","og_locale":"es_ES","og_type":"article","og_title":"Carla Campos nueva Chief Marketing Officer de la Compa\u00f1ia de Turismo de Puerto Rico | Casa de Campo Living","og_description":"Tenemos el placer de anunciar que Carla Campos, nuestra Directora General, asumir\u00e1 el cargo de Chief Marketing Officer de la Compa\u00f1\u00eda de Turismo de Puerto","og_url":"https:\/\/casadecampoliving.com\/es\/carla-campos-nueva-cmo-prtc\/","og_site_name":"Casa de Campo Living","article_publisher":"https:\/\/www.facebook.com\/casadecampoliving","article_published_time":"2017-01-10T04:00:00+00:00","article_modified_time":"2022-10-21T23:07:54+00:00","og_image":[{"width":1000,"height":600,"url":"https:\/\/i0.wp.com\/casadecampoliving.com\/wp-content\/uploads\/2022\/10\/RR1_3183.jpg?fit=1000%2C600&ssl=1","type":"image\/jpeg"}],"author":"Philip Silvestri","twitter_card":"summary_large_image","twitter_creator":"@cdcliving","twitter_site":"@cdcliving","twitter_misc":{"Escrito por":"Philip Silvestri","Tiempo de lectura":"3 minutos"},"schema":{"@context":"https:\/\/schema.org","@graph":[{"@type":"Article","@id":"https:\/\/casadecampoliving.com\/es\/carla-campos-nueva-cmo-prtc\/#article","isPartOf":{"@id":"https:\/\/casadecampoliving.com\/es\/carla-campos-nueva-cmo-prtc\/"},"author":{"name":"Philip Silvestri","@id":"https:\/\/casadecampoliving.com\/es\/#\/schema\/person\/3cb17750474b44c6842e0541dfe03881"},"headline":"Carla Campos nueva Chief Marketing Officer de la Compa\u00f1ia de Turismo de Puerto Rico","datePublished":"2017-01-10T04:00:00+00:00","dateModified":"2022-10-21T23:07:54+00:00","mainEntityOfPage":{"@id":"https:\/\/casadecampoliving.com\/es\/carla-campos-nueva-cmo-prtc\/"},"wordCount":527,"publisher":{"@id":"https:\/\/casadecampoliving.com\/es\/#organization"},"image":{"@id":"https:\/\/casadecampoliving.com\/es\/carla-campos-nueva-cmo-prtc\/#primaryimage"},"thumbnailUrl":"https:\/\/i0.wp.com\/casadecampoliving.com\/wp-content\/uploads\/2022\/10\/RR1_3183.jpg?fit=1000%2C600&ssl=1","keywords":["Carla Campos","Carla Campos @es","casa de campo @es","Casa de Campo Living","CasaLife @es","Featured-TopView @es","Silgon"],"articleSection":["Casa de Campo Living @es","M\u00e1s all\u00e1 de Casa","Noticias Locales","Titulares"],"inLanguage":"es"},{"@type":"WebPage","@id":"https:\/\/casadecampoliving.com\/es\/carla-campos-nueva-cmo-prtc\/","url":"https:\/\/casadecampoliving.com\/es\/carla-campos-nueva-cmo-prtc\/","name":"Carla Campos nueva Chief Marketing Officer de la Compa\u00f1ia de Turismo de Puerto Rico | Casa de Campo Living","isPartOf":{"@id":"https:\/\/casadecampoliving.com\/es\/#website"},"primaryImageOfPage":{"@id":"https:\/\/casadecampoliving.com\/es\/carla-campos-nueva-cmo-prtc\/#primaryimage"},"image":{"@id":"https:\/\/casadecampoliving.com\/es\/carla-campos-nueva-cmo-prtc\/#primaryimage"},"thumbnailUrl":"https:\/\/i0.wp.com\/casadecampoliving.com\/wp-content\/uploads\/2022\/10\/RR1_3183.jpg?fit=1000%2C600&ssl=1","datePublished":"2017-01-10T04:00:00+00:00","dateModified":"2022-10-21T23:07:54+00:00","description":"Tenemos el placer de anunciar que Carla Campos, nuestra Directora General, asumir\u00e1 el cargo de Chief Marketing Officer de la Compa\u00f1\u00eda de Turismo de Puerto","breadcrumb":{"@id":"https:\/\/casadecampoliving.com\/es\/carla-campos-nueva-cmo-prtc\/#breadcrumb"},"inLanguage":"es","potentialAction":[{"@type":"ReadAction","target":["https:\/\/casadecampoliving.com\/es\/carla-campos-nueva-cmo-prtc\/"]}]},{"@type":"ImageObject","inLanguage":"es","@id":"https:\/\/casadecampoliving.com\/es\/carla-campos-nueva-cmo-prtc\/#primaryimage","url":"https:\/\/i0.wp.com\/casadecampoliving.com\/wp-content\/uploads\/2022\/10\/RR1_3183.jpg?fit=1000%2C600&ssl=1","contentUrl":"https:\/\/i0.wp.com\/casadecampoliving.com\/wp-content\/uploads\/2022\/10\/RR1_3183.jpg?fit=1000%2C600&ssl=1","width":1000,"height":600},{"@type":"BreadcrumbList","@id":"https:\/\/casadecampoliving.com\/es\/carla-campos-nueva-cmo-prtc\/#breadcrumb","itemListElement":[{"@type":"ListItem","position":1,"name":"Home","item":"https:\/\/casadecampoliving.com\/es\/"},{"@type":"ListItem","position":2,"name":"Carla Campos nueva Chief Marketing Officer de la Compa\u00f1ia de Turismo de Puerto Rico"}]},{"@type":"WebSite","@id":"https:\/\/casadecampoliving.com\/es\/#website","url":"https:\/\/casadecampoliving.com\/es\/","name":"Casa de Campo Living","description":"Resort community news and resources.","publisher":{"@id":"https:\/\/casadecampoliving.com\/es\/#organization"},"potentialAction":[{"@type":"SearchAction","target":{"@type":"EntryPoint","urlTemplate":"https:\/\/casadecampoliving.com\/es\/?s={search_term_string}"},"query-input":{"@type":"PropertyValueSpecification","valueRequired":true,"valueName":"search_term_string"}}],"inLanguage":"es"},{"@type":"Organization","@id":"https:\/\/casadecampoliving.com\/es\/#organization","name":"Casa de Campo Living","url":"https:\/\/casadecampoliving.com\/es\/","logo":{"@type":"ImageObject","inLanguage":"es","@id":"https:\/\/casadecampoliving.com\/es\/#\/schema\/logo\/image\/","url":"https:\/\/i0.wp.com\/casadecampoliving.com\/wp-content\/uploads\/2022\/07\/CDCLivingLogo_V1-white-sized.png?fit=800%2C214&ssl=1","contentUrl":"https:\/\/i0.wp.com\/casadecampoliving.com\/wp-content\/uploads\/2022\/07\/CDCLivingLogo_V1-white-sized.png?fit=800%2C214&ssl=1","width":800,"height":214,"caption":"Casa de Campo Living"},"image":{"@id":"https:\/\/casadecampoliving.com\/es\/#\/schema\/logo\/image\/"},"sameAs":["https:\/\/www.facebook.com\/casadecampoliving","https:\/\/x.com\/cdcliving"]},{"@type":"Person","@id":"https:\/\/casadecampoliving.com\/es\/#\/schema\/person\/3cb17750474b44c6842e0541dfe03881","name":"Philip Silvestri","image":{"@type":"ImageObject","inLanguage":"es","@id":"https:\/\/secure.gravatar.com\/avatar\/0145120393a48789013aae0024d10ebb814d248caecb46522a886d05bb7b2387?s=96&d=mm&r=g","url":"https:\/\/secure.gravatar.com\/avatar\/0145120393a48789013aae0024d10ebb814d248caecb46522a886d05bb7b2387?s=96&d=mm&r=g","contentUrl":"https:\/\/secure.gravatar.com\/avatar\/0145120393a48789013aae0024d10ebb814d248caecb46522a886d05bb7b2387?s=96&d=mm&r=g","caption":"Philip Silvestri"},"url":"https:\/\/casadecampoliving.com\/es\/author\/philip\/"}]}},"parsely":{"version":"1.1.0","canonical_url":"https:\/\/casadecampoliving.com\/es\/carla-campos-nueva-cmo-prtc\/","smart_links":{"inbound":0,"outbound":0},"traffic_boost_suggestions_count":0,"meta":{"@context":"https:\/\/schema.org","@type":"NewsArticle","headline":"Carla Campos nueva Chief Marketing Officer de la Compa\u00f1ia de Turismo de Puerto Rico","url":"http:\/\/casadecampoliving.com\/es\/carla-campos-nueva-cmo-prtc\/","mainEntityOfPage":{"@type":"WebPage","@id":"http:\/\/casadecampoliving.com\/es\/carla-campos-nueva-cmo-prtc\/"},"thumbnailUrl":"https:\/\/i0.wp.com\/casadecampoliving.com\/wp-content\/uploads\/2022\/10\/RR1_3183.jpg?resize=150%2C150&ssl=1","image":{"@type":"ImageObject","url":"https:\/\/i0.wp.com\/casadecampoliving.com\/wp-content\/uploads\/2022\/10\/RR1_3183.jpg?fit=1000%2C600&ssl=1"},"articleSection":"Casa de Campo Living @es","author":[{"@type":"Person","name":"Philip Silvestri"}],"creator":["Philip Silvestri"],"publisher":{"@type":"Organization","name":"Casa de Campo Living","logo":"https:\/\/casadecampoliving.com\/wp-content\/uploads\/2022\/07\/CDCLivingLogo_V1-white-sized.png"},"keywords":["carla campos","carla campos @es","casa de campo @es","casa de campo living","casalife @es","featured-topview @es","silgon"],"dateCreated":"2017-01-10T04:00:00Z","datePublished":"2017-01-10T04:00:00Z","dateModified":"2022-10-21T23:07:54Z"},"rendered":"<script type=\"application\/ld+json\" class=\"wp-parsely-metadata\">{\"@context\":\"https:\\\/\\\/schema.org\",\"@type\":\"NewsArticle\",\"headline\":\"Carla Campos nueva Chief Marketing Officer de la Compa\\u00f1ia de Turismo de Puerto Rico\",\"url\":\"http:\\\/\\\/casadecampoliving.com\\\/es\\\/carla-campos-nueva-cmo-prtc\\\/\",\"mainEntityOfPage\":{\"@type\":\"WebPage\",\"@id\":\"http:\\\/\\\/casadecampoliving.com\\\/es\\\/carla-campos-nueva-cmo-prtc\\\/\"},\"thumbnailUrl\":\"https:\\\/\\\/i0.wp.com\\\/casadecampoliving.com\\\/wp-content\\\/uploads\\\/2022\\\/10\\\/RR1_3183.jpg?resize=150%2C150&ssl=1\",\"image\":{\"@type\":\"ImageObject\",\"url\":\"https:\\\/\\\/i0.wp.com\\\/casadecampoliving.com\\\/wp-content\\\/uploads\\\/2022\\\/10\\\/RR1_3183.jpg?fit=1000%2C600&ssl=1\"},\"articleSection\":\"Casa de Campo Living @es\",\"author\":[{\"@type\":\"Person\",\"name\":\"Philip Silvestri\"}],\"creator\":[\"Philip Silvestri\"],\"publisher\":{\"@type\":\"Organization\",\"name\":\"Casa de Campo Living\",\"logo\":\"https:\\\/\\\/casadecampoliving.com\\\/wp-content\\\/uploads\\\/2022\\\/07\\\/CDCLivingLogo_V1-white-sized.png\"},\"keywords\":[\"carla campos\",\"carla campos @es\",\"casa de campo @es\",\"casa de campo living\",\"casalife @es\",\"featured-topview @es\",\"silgon\"],\"dateCreated\":\"2017-01-10T04:00:00Z\",\"datePublished\":\"2017-01-10T04:00:00Z\",\"dateModified\":\"2022-10-21T23:07:54Z\"}<\/script>","tracker_url":"https:\/\/cdn.parsely.com\/keys\/casadecampoliving.com\/p.js"},"jetpack_publicize_connections":[],"jetpack_featured_media_url":"https:\/\/i0.wp.com\/casadecampoliving.com\/wp-content\/uploads\/2022\/10\/RR1_3183.jpg?fit=1000%2C600&ssl=1","jetpack-related-posts":[{"id":328494,"url":"https:\/\/casadecampoliving.com\/carla-campos-new-cmo-prtc\/","url_meta":{"origin":350999,"position":0},"title":"Carla Campos new Chief Marketing Officer for the Puerto Rico Tourism Company","author":"Philip Silvestri","date":"10 Ene, 2017","format":false,"excerpt":"It is our absolute pleasure to announce that Carla Campos, our Managing Director, will soon be taking over the role of Chief Marketing Officer for the Puerto Rico Tourism Company (the island\u2019s Tourism Board). While we are saddened to see her leave our team, it is with great pride that\u2026","rel":"","context":"En \u00abCasa de Campo Living\u00bb","block_context":{"text":"Casa de Campo Living","link":"https:\/\/casadecampoliving.com\/category\/casa-de-campo-living\/"},"img":{"alt_text":"","src":"https:\/\/i0.wp.com\/casadecampoliving.com\/wp-content\/uploads\/2022\/10\/RR1_3183.jpg?fit=1000%2C600&ssl=1&resize=350%2C200","width":350,"height":200,"srcset":"https:\/\/i0.wp.com\/casadecampoliving.com\/wp-content\/uploads\/2022\/10\/RR1_3183.jpg?fit=1000%2C600&ssl=1&resize=350%2C200 1x, https:\/\/i0.wp.com\/casadecampoliving.com\/wp-content\/uploads\/2022\/10\/RR1_3183.jpg?fit=1000%2C600&ssl=1&resize=525%2C300 1.5x, https:\/\/i0.wp.com\/casadecampoliving.com\/wp-content\/uploads\/2022\/10\/RR1_3183.jpg?fit=1000%2C600&ssl=1&resize=700%2C400 2x"},"classes":[]},{"id":347987,"url":"https:\/\/casadecampoliving.com\/es\/silgon-plano-profile\/","url_meta":{"origin":350999,"position":1},"title":"SILGON anuncia adquisici\u00f3n de Plano Profile, una revista que sirve a la comunidad de Plano, Texas, desde 1983","author":"Rebecca Silvestri","date":"4 Ago, 2015","format":false,"excerpt":"SILGON \u2013 la empresa de medios modernos creadora del sitio web\u00a0Casa de Campo Living y las revistas CasaLife, TODO Casa de Campo, TODO La Romana Bayahibe e INMORTALES \u2013 celebra este a\u00f1o su 10\u00ba aniversario. Y hasta ahora las celebraciones\u00a0han incluido un crucero de lujo por el Caribe para la\u2026","rel":"","context":"En \u00abbusinesses\u00bb","block_context":{"text":"businesses","link":"https:\/\/casadecampoliving.com\/es\/category\/businesses\/"},"img":{"alt_text":"","src":"https:\/\/i0.wp.com\/casadecampoliving.com\/wp-content\/uploads\/2022\/10\/Plano_Profile_Office_1-1-scaled.jpg?fit=1200%2C900&ssl=1&resize=350%2C200","width":350,"height":200,"srcset":"https:\/\/i0.wp.com\/casadecampoliving.com\/wp-content\/uploads\/2022\/10\/Plano_Profile_Office_1-1-scaled.jpg?fit=1200%2C900&ssl=1&resize=350%2C200 1x, https:\/\/i0.wp.com\/casadecampoliving.com\/wp-content\/uploads\/2022\/10\/Plano_Profile_Office_1-1-scaled.jpg?fit=1200%2C900&ssl=1&resize=525%2C300 1.5x, https:\/\/i0.wp.com\/casadecampoliving.com\/wp-content\/uploads\/2022\/10\/Plano_Profile_Office_1-1-scaled.jpg?fit=1200%2C900&ssl=1&resize=700%2C400 2x, https:\/\/i0.wp.com\/casadecampoliving.com\/wp-content\/uploads\/2022\/10\/Plano_Profile_Office_1-1-scaled.jpg?fit=1200%2C900&ssl=1&resize=1050%2C600 3x"},"classes":[]},{"id":339815,"url":"https:\/\/casadecampoliving.com\/es\/cluster-turistico-anuncia-nueva-guia-todo-la-romana-bayahibe\/","url_meta":{"origin":350999,"position":2},"title":"Cl\u00faster Tur\u00edstico anuncia nueva gu\u00eda \u00abTODO La Romana &#8211; Bayahibe\u00bb","author":"","date":"28 Sep, 2012","format":false,"excerpt":"El Cl\u00faster Tur\u00edstico La Romana \u2013 Bayahibe, anunci\u00f3 recientemente su asociaci\u00f3n con Silgon Inc., empresa de Marketing, Desarrollo Web y Servicios de Publicidad, para producir una nueva gu\u00eda del \u00e1rea, \u201cTODO La Romana \u2013 Bayahibe.\u201d \u00a0Silgon Inc., son los creadores de la revista CasaLife, Casa de Campo Living (www.casadecampoliving.com),\u00a0el portal\u2026","rel":"","context":"En \u00abDestacados\u00bb","block_context":{"text":"Destacados","link":"https:\/\/casadecampoliving.com\/es\/category\/destacados\/"},"img":{"alt_text":"todo la romana bayahibe","src":"https:\/\/i0.wp.com\/casadecampoliving.com\/wp-content\/uploads\/2022\/10\/TODOcovers.001-1.jpg?fit=1024%2C768&ssl=1&resize=350%2C200","width":350,"height":200,"srcset":"https:\/\/i0.wp.com\/casadecampoliving.com\/wp-content\/uploads\/2022\/10\/TODOcovers.001-1.jpg?fit=1024%2C768&ssl=1&resize=350%2C200 1x, https:\/\/i0.wp.com\/casadecampoliving.com\/wp-content\/uploads\/2022\/10\/TODOcovers.001-1.jpg?fit=1024%2C768&ssl=1&resize=525%2C300 1.5x, https:\/\/i0.wp.com\/casadecampoliving.com\/wp-content\/uploads\/2022\/10\/TODOcovers.001-1.jpg?fit=1024%2C768&ssl=1&resize=700%2C400 2x"},"classes":[]},{"id":344984,"url":"https:\/\/casadecampoliving.com\/es\/todo-la-romana-bayahibe-muy-pronto\/","url_meta":{"origin":350999,"position":3},"title":"Esperen pronto TODO La Romana &#8211; Bayahibe","author":"Katherine Calca\u00f1o","date":"15 Ago, 2014","format":false,"excerpt":"Ya se est\u00e1 trabajando en la segunda edici\u00f3n de TODO La Romana \u2013 Bayahibe. TODO La Romana \u2013 Bayahibe creada por SILGON, una moderna compa\u00f1\u00eda de medios en Casa de Campo (creadores de CasaLife, casadecampoliving.com, TODO Casa de Campo e INMORTALES) es un proyecto junto al Cluster Tur\u00edstico de La\u2026","rel":"","context":"En \u00abCasa de Campo Living @es\u00bb","block_context":{"text":"Casa de Campo Living @es","link":"https:\/\/casadecampoliving.com\/category\/casa-de-campo-living-es\/"},"img":{"alt_text":"TODO La Romana - Bayahibe","src":"https:\/\/i0.wp.com\/casadecampoliving.com\/wp-content\/uploads\/2022\/10\/TODOLRB-1-1.jpg?fit=600%2C425&ssl=1&resize=350%2C200","width":350,"height":200,"srcset":"https:\/\/i0.wp.com\/casadecampoliving.com\/wp-content\/uploads\/2022\/10\/TODOLRB-1-1.jpg?fit=600%2C425&ssl=1&resize=350%2C200 1x, https:\/\/i0.wp.com\/casadecampoliving.com\/wp-content\/uploads\/2022\/10\/TODOLRB-1-1.jpg?fit=600%2C425&ssl=1&resize=525%2C300 1.5x"},"classes":[]},{"id":347355,"url":"https:\/\/casadecampoliving.com\/es\/ya-esta-aqui-la-nueva-edicion-de-todo-la-romana-bayahibe\/","url_meta":{"origin":350999,"position":4},"title":"\u00a1Ya est\u00e1 aqu\u00ed la nueva edici\u00f3n de TODO La Romana &#8211; Bayahibe!","author":"Perkin Agramonte","date":"11 May, 2015","format":false,"excerpt":"Luego de varios meses de arduo trabajo, nosotros, SILGON en colaboraci\u00f3n con el Cluster Turistico La Romana- Bayahibe, nos sentimos orgullosos de anunciar la llegada de la segunda edici\u00f3n de TODO La Romana-Bayahibe. Como mencionamos anteriormente, TODO La Romana-Bayahibe es realizada por la Compa\u00f1ia SILGON (creadores de CasaLife, casadecampoliving.com, TODO\u2026","rel":"","context":"En \u00abArte y cultura\u00bb","block_context":{"text":"Arte y cultura","link":"https:\/\/casadecampoliving.com\/category\/arte-y-cultura\/"},"img":{"alt_text":"","src":"https:\/\/i0.wp.com\/casadecampoliving.com\/wp-content\/uploads\/2022\/10\/TODO_La_Romana_Bayahibe-1.jpg?fit=650%2C327&ssl=1&resize=350%2C200","width":350,"height":200,"srcset":"https:\/\/i0.wp.com\/casadecampoliving.com\/wp-content\/uploads\/2022\/10\/TODO_La_Romana_Bayahibe-1.jpg?fit=650%2C327&ssl=1&resize=350%2C200 1x, https:\/\/i0.wp.com\/casadecampoliving.com\/wp-content\/uploads\/2022\/10\/TODO_La_Romana_Bayahibe-1.jpg?fit=650%2C327&ssl=1&resize=525%2C300 1.5x"},"classes":[]},{"id":347938,"url":"https:\/\/casadecampoliving.com\/es\/chef-anthony-masas-nuevo-menu-del-beach-club\/","url_meta":{"origin":350999,"position":5},"title":"\u00a1V\u00cdDEO! Chef Anthony Masas presenta nuevo men\u00fa del Beach Club","author":"Rebecca Silvestri","date":"30 Jul, 2015","format":false,"excerpt":"La nueva administraci\u00f3n de Casa de Campo est\u00e1 enfocada en crear la mejor experiencia y destino gastron\u00f3mico del Caribe. Apuntando hacia ello, el complejo ha lanzado un nuevo \u00a0y mejorado men\u00fa en el Beach Club by Le Cirque en Playa Minitas. Anthony Masas, Chef Ejecutivo de Casa de Campo, nos\u2026","rel":"","context":"En \u00abComidas &amp; Bebidas\u00bb","block_context":{"text":"Comidas &amp; Bebidas","link":"https:\/\/casadecampoliving.com\/es\/category\/comidas-bebidas\/"},"img":{"alt_text":"Beach Club by Le Cirque Casa de Campo","src":"https:\/\/i0.wp.com\/casadecampoliving.com\/wp-content\/uploads\/2022\/10\/Beach_Club_by_Le_Cirque_Casa_de_Campo-1.jpg?fit=800%2C600&ssl=1&resize=350%2C200","width":350,"height":200,"srcset":"https:\/\/i0.wp.com\/casadecampoliving.com\/wp-content\/uploads\/2022\/10\/Beach_Club_by_Le_Cirque_Casa_de_Campo-1.jpg?fit=800%2C600&ssl=1&resize=350%2C200 1x, https:\/\/i0.wp.com\/casadecampoliving.com\/wp-content\/uploads\/2022\/10\/Beach_Club_by_Le_Cirque_Casa_de_Campo-1.jpg?fit=800%2C600&ssl=1&resize=525%2C300 1.5x, https:\/\/i0.wp.com\/casadecampoliving.com\/wp-content\/uploads\/2022\/10\/Beach_Club_by_Le_Cirque_Casa_de_Campo-1.jpg?fit=800%2C600&ssl=1&resize=700%2C400 2x"},"classes":[]}],"jetpack_sharing_enabled":true,"_links":{"self":[{"href":"https:\/\/casadecampoliving.com\/es\/wp-json\/wp\/v2\/posts\/350999","targetHints":{"allow":["GET"]}}],"collection":[{"href":"https:\/\/casadecampoliving.com\/es\/wp-json\/wp\/v2\/posts"}],"about":[{"href":"https:\/\/casadecampoliving.com\/es\/wp-json\/wp\/v2\/types\/post"}],"author":[{"embeddable":true,"href":"https:\/\/casadecampoliving.com\/es\/wp-json\/wp\/v2\/users\/36671"}],"replies":[{"embeddable":true,"href":"https:\/\/casadecampoliving.com\/es\/wp-json\/wp\/v2\/comments?post=350999"}],"version-history":[{"count":1,"href":"https:\/\/casadecampoliving.com\/es\/wp-json\/wp\/v2\/posts\/350999\/revisions"}],"predecessor-version":[{"id":351000,"href":"https:\/\/casadecampoliving.com\/es\/wp-json\/wp\/v2\/posts\/350999\/revisions\/351000"}],"wp:featuredmedia":[{"embeddable":true,"href":"https:\/\/casadecampoliving.com\/es\/wp-json\/wp\/v2\/media\/314048"}],"wp:attachment":[{"href":"https:\/\/casadecampoliving.com\/es\/wp-json\/wp\/v2\/media?parent=350999"}],"wp:term":[{"taxonomy":"category","embeddable":true,"href":"https:\/\/casadecampoliving.com\/es\/wp-json\/wp\/v2\/categories?post=350999"},{"taxonomy":"post_tag","embeddable":true,"href":"https:\/\/casadecampoliving.com\/es\/wp-json\/wp\/v2\/tags?post=350999"},{"taxonomy":"newspack_spnsrs_tax","embeddable":true,"href":"https:\/\/casadecampoliving.com\/es\/wp-json\/wp\/v2\/newspack_spnsrs_tax?post=350999"}],"curies":[{"name":"wp","href":"https:\/\/api.w.org\/{rel}","templated":true}]}}