{"id":350995,"date":"2017-01-06T00:00:00","date_gmt":"2017-01-06T04:00:00","guid":{"rendered":"https:\/\/casadecampoliving.com\/recordando-toda-la-diversion-de-las-fiestas-navidenas-fbf\/"},"modified":"2022-11-10T10:30:19","modified_gmt":"2022-11-10T14:30:19","slug":"recordando-toda-la-diversion-de-las-fiestas-navidenas-fbf","status":"publish","type":"post","link":"https:\/\/casadecampoliving.com\/es\/recordando-toda-la-diversion-de-las-fiestas-navidenas-fbf\/","title":{"rendered":"Recordando toda la diversi\u00f3n de las fiestas navide\u00f1as (#FBF)"},"content":{"rendered":"<p class=\"sm-gallery-cover-title\">Este mes cuenta con muchos eventos festivos y conciertos de m\u00fasica en vivo como por ejemplo <a href=\"https:\/\/casadecampoliving.com\/es\/benny-cupids-animaron-la-noche-en-altos-de-chavon\/\">Benny y los Cupidos quienes se presentaron el 16 de diciembre.<\/a>\u00a0Hoy recordaremos todas las fiestas del mes, \u00a1justo a tiempo para el viernes del recuerdo &#8211;<em> Flashback!<\/em><\/p>\n<p class=\"sm-gallery-cover-title\"><!--more--><\/p>\n\n<h3 class=\"sm-gallery-cover-title\">Fiesta Navide\u00f1a Cartier<\/h3>\n<img data-recalc-dims=\"1\" loading=\"lazy\" decoding=\"async\" class=\"alignnone size-full wp-image-131884\" src=\"https:\/\/i0.wp.com\/casadecampoliving.com\/wp-content\/uploads\/2022\/10\/DSC_0445.jpg?resize=1000%2C667&#038;ssl=1\" alt=\"Cartier Christmas Party\" width=\"1000\" height=\"667\" \/>\n\nLos miembros de la comunidad pudieron disfrutar de las joyas de Cartier en el Yacht Club Marina, al mismo tiempo que sus hijos disfrutaban de una incre\u00edble fiesta de Navidad familiar. Con pinta caritas, un espect\u00e1culo de magia, y una visita de Santa Claus \u00a1hizo de este evento uno de los favoritos de\u00a0los ni\u00f1os! La boutique se traslad\u00f3 al hotel, para luego estar presente durante el <a href=\"https:\/\/casadecampoliving.com\/es\/cobertura-de-cartier-benefit\/\">Cartier Benefit en Casa Grande.<\/a>\n\n\n<figure class=\"wp-block-gallery has-nested-images columns-default is-cropped wp-block-gallery-1 is-layout-flex wp-block-gallery-is-layout-flex\">\n<figure class=\"wp-block-image size-large\"><img data-recalc-dims=\"1\" loading=\"lazy\" decoding=\"async\" width=\"1000\" height=\"667\" data-id=\"495876\" src=\"https:\/\/i0.wp.com\/casadecampoliving.com\/wp-content\/uploads\/2022\/10\/DSC_0334-2.jpg?resize=1000%2C667&#038;ssl=1\" alt=\"\" class=\"wp-image-495876\" srcset=\"https:\/\/i0.wp.com\/casadecampoliving.com\/wp-content\/uploads\/2022\/10\/DSC_0334-2.jpg?w=1000&amp;ssl=1 1000w, https:\/\/i0.wp.com\/casadecampoliving.com\/wp-content\/uploads\/2022\/10\/DSC_0334-2.jpg?resize=300%2C200&amp;ssl=1 300w, https:\/\/i0.wp.com\/casadecampoliving.com\/wp-content\/uploads\/2022\/10\/DSC_0334-2.jpg?resize=768%2C512&amp;ssl=1 768w, https:\/\/i0.wp.com\/casadecampoliving.com\/wp-content\/uploads\/2022\/10\/DSC_0334-2.jpg?resize=400%2C267&amp;ssl=1 400w, https:\/\/i0.wp.com\/casadecampoliving.com\/wp-content\/uploads\/2022\/10\/DSC_0334-2.jpg?resize=706%2C471&amp;ssl=1 706w, https:\/\/i0.wp.com\/casadecampoliving.com\/wp-content\/uploads\/2022\/10\/DSC_0334-2.jpg?resize=150%2C100&amp;ssl=1 150w, https:\/\/i0.wp.com\/casadecampoliving.com\/wp-content\/uploads\/2022\/10\/DSC_0334-2.jpg?w=370&amp;ssl=1 370w\" sizes=\"auto, (max-width: 1000px) 100vw, 1000px\" \/><\/figure>\n\n\n\n<figure class=\"wp-block-image size-large\"><img data-recalc-dims=\"1\" loading=\"lazy\" decoding=\"async\" width=\"1000\" height=\"667\" data-id=\"495880\" src=\"https:\/\/i0.wp.com\/casadecampoliving.com\/wp-content\/uploads\/2022\/10\/DSC_0341-4.jpg?resize=1000%2C667&#038;ssl=1\" alt=\"\" class=\"wp-image-495880\" srcset=\"https:\/\/i0.wp.com\/casadecampoliving.com\/wp-content\/uploads\/2022\/10\/DSC_0341-4.jpg?w=1000&amp;ssl=1 1000w, https:\/\/i0.wp.com\/casadecampoliving.com\/wp-content\/uploads\/2022\/10\/DSC_0341-4.jpg?resize=300%2C200&amp;ssl=1 300w, https:\/\/i0.wp.com\/casadecampoliving.com\/wp-content\/uploads\/2022\/10\/DSC_0341-4.jpg?resize=768%2C512&amp;ssl=1 768w, https:\/\/i0.wp.com\/casadecampoliving.com\/wp-content\/uploads\/2022\/10\/DSC_0341-4.jpg?resize=400%2C267&amp;ssl=1 400w, https:\/\/i0.wp.com\/casadecampoliving.com\/wp-content\/uploads\/2022\/10\/DSC_0341-4.jpg?resize=706%2C471&amp;ssl=1 706w, https:\/\/i0.wp.com\/casadecampoliving.com\/wp-content\/uploads\/2022\/10\/DSC_0341-4.jpg?resize=150%2C100&amp;ssl=1 150w, https:\/\/i0.wp.com\/casadecampoliving.com\/wp-content\/uploads\/2022\/10\/DSC_0341-4.jpg?w=370&amp;ssl=1 370w\" sizes=\"auto, (max-width: 1000px) 100vw, 1000px\" \/><\/figure>\n\n\n\n<figure class=\"wp-block-image size-large\"><img data-recalc-dims=\"1\" loading=\"lazy\" decoding=\"async\" width=\"667\" height=\"1000\" data-id=\"495884\" src=\"https:\/\/i0.wp.com\/casadecampoliving.com\/wp-content\/uploads\/2022\/10\/DSC_0346-4.jpg?resize=667%2C1000&#038;ssl=1\" alt=\"\" class=\"wp-image-495884\" srcset=\"https:\/\/i0.wp.com\/casadecampoliving.com\/wp-content\/uploads\/2022\/10\/DSC_0346-4.jpg?w=667&amp;ssl=1 667w, https:\/\/i0.wp.com\/casadecampoliving.com\/wp-content\/uploads\/2022\/10\/DSC_0346-4.jpg?resize=200%2C300&amp;ssl=1 200w, https:\/\/i0.wp.com\/casadecampoliving.com\/wp-content\/uploads\/2022\/10\/DSC_0346-4.jpg?resize=400%2C600&amp;ssl=1 400w, https:\/\/i0.wp.com\/casadecampoliving.com\/wp-content\/uploads\/2022\/10\/DSC_0346-4.jpg?resize=150%2C225&amp;ssl=1 150w, https:\/\/i0.wp.com\/casadecampoliving.com\/wp-content\/uploads\/2022\/10\/DSC_0346-4.jpg?w=370&amp;ssl=1 370w\" sizes=\"auto, (max-width: 667px) 100vw, 667px\" \/><\/figure>\n\n\n\n<figure class=\"wp-block-image size-large\"><img data-recalc-dims=\"1\" loading=\"lazy\" decoding=\"async\" width=\"667\" height=\"1000\" data-id=\"495888\" src=\"https:\/\/i0.wp.com\/casadecampoliving.com\/wp-content\/uploads\/2022\/10\/DSC_0360-3.jpg?resize=667%2C1000&#038;ssl=1\" alt=\"\" class=\"wp-image-495888\" srcset=\"https:\/\/i0.wp.com\/casadecampoliving.com\/wp-content\/uploads\/2022\/10\/DSC_0360-3.jpg?w=667&amp;ssl=1 667w, https:\/\/i0.wp.com\/casadecampoliving.com\/wp-content\/uploads\/2022\/10\/DSC_0360-3.jpg?resize=200%2C300&amp;ssl=1 200w, https:\/\/i0.wp.com\/casadecampoliving.com\/wp-content\/uploads\/2022\/10\/DSC_0360-3.jpg?resize=400%2C600&amp;ssl=1 400w, https:\/\/i0.wp.com\/casadecampoliving.com\/wp-content\/uploads\/2022\/10\/DSC_0360-3.jpg?resize=150%2C225&amp;ssl=1 150w, https:\/\/i0.wp.com\/casadecampoliving.com\/wp-content\/uploads\/2022\/10\/DSC_0360-3.jpg?w=370&amp;ssl=1 370w\" sizes=\"auto, (max-width: 667px) 100vw, 667px\" \/><\/figure>\n\n\n\n<figure class=\"wp-block-image size-large\"><img data-recalc-dims=\"1\" loading=\"lazy\" decoding=\"async\" width=\"1000\" height=\"667\" data-id=\"495892\" src=\"https:\/\/i0.wp.com\/casadecampoliving.com\/wp-content\/uploads\/2022\/10\/DSC_0387-1.jpg?resize=1000%2C667&#038;ssl=1\" alt=\"\" class=\"wp-image-495892\" srcset=\"https:\/\/i0.wp.com\/casadecampoliving.com\/wp-content\/uploads\/2022\/10\/DSC_0387-1.jpg?w=1000&amp;ssl=1 1000w, https:\/\/i0.wp.com\/casadecampoliving.com\/wp-content\/uploads\/2022\/10\/DSC_0387-1.jpg?resize=300%2C200&amp;ssl=1 300w, https:\/\/i0.wp.com\/casadecampoliving.com\/wp-content\/uploads\/2022\/10\/DSC_0387-1.jpg?resize=768%2C512&amp;ssl=1 768w, https:\/\/i0.wp.com\/casadecampoliving.com\/wp-content\/uploads\/2022\/10\/DSC_0387-1.jpg?resize=400%2C267&amp;ssl=1 400w, https:\/\/i0.wp.com\/casadecampoliving.com\/wp-content\/uploads\/2022\/10\/DSC_0387-1.jpg?resize=706%2C471&amp;ssl=1 706w, https:\/\/i0.wp.com\/casadecampoliving.com\/wp-content\/uploads\/2022\/10\/DSC_0387-1.jpg?resize=150%2C100&amp;ssl=1 150w, https:\/\/i0.wp.com\/casadecampoliving.com\/wp-content\/uploads\/2022\/10\/DSC_0387-1.jpg?w=370&amp;ssl=1 370w\" sizes=\"auto, (max-width: 1000px) 100vw, 1000px\" \/><\/figure>\n\n\n\n<figure class=\"wp-block-image size-large\"><img data-recalc-dims=\"1\" loading=\"lazy\" decoding=\"async\" width=\"1000\" height=\"667\" data-id=\"495896\" src=\"https:\/\/i0.wp.com\/casadecampoliving.com\/wp-content\/uploads\/2022\/10\/DSC_0397-4.jpg?resize=1000%2C667&#038;ssl=1\" alt=\"\" class=\"wp-image-495896\" srcset=\"https:\/\/i0.wp.com\/casadecampoliving.com\/wp-content\/uploads\/2022\/10\/DSC_0397-4.jpg?w=1000&amp;ssl=1 1000w, https:\/\/i0.wp.com\/casadecampoliving.com\/wp-content\/uploads\/2022\/10\/DSC_0397-4.jpg?resize=300%2C200&amp;ssl=1 300w, https:\/\/i0.wp.com\/casadecampoliving.com\/wp-content\/uploads\/2022\/10\/DSC_0397-4.jpg?resize=768%2C512&amp;ssl=1 768w, https:\/\/i0.wp.com\/casadecampoliving.com\/wp-content\/uploads\/2022\/10\/DSC_0397-4.jpg?resize=400%2C267&amp;ssl=1 400w, https:\/\/i0.wp.com\/casadecampoliving.com\/wp-content\/uploads\/2022\/10\/DSC_0397-4.jpg?resize=706%2C471&amp;ssl=1 706w, https:\/\/i0.wp.com\/casadecampoliving.com\/wp-content\/uploads\/2022\/10\/DSC_0397-4.jpg?resize=150%2C100&amp;ssl=1 150w, https:\/\/i0.wp.com\/casadecampoliving.com\/wp-content\/uploads\/2022\/10\/DSC_0397-4.jpg?w=370&amp;ssl=1 370w\" sizes=\"auto, (max-width: 1000px) 100vw, 1000px\" \/><\/figure>\n\n\n\n<figure class=\"wp-block-image size-large\"><img data-recalc-dims=\"1\" loading=\"lazy\" decoding=\"async\" width=\"1000\" height=\"667\" data-id=\"495900\" src=\"https:\/\/i0.wp.com\/casadecampoliving.com\/wp-content\/uploads\/2022\/10\/DSC_0406-4.jpg?resize=1000%2C667&#038;ssl=1\" alt=\"\" class=\"wp-image-495900\" srcset=\"https:\/\/i0.wp.com\/casadecampoliving.com\/wp-content\/uploads\/2022\/10\/DSC_0406-4.jpg?w=1000&amp;ssl=1 1000w, https:\/\/i0.wp.com\/casadecampoliving.com\/wp-content\/uploads\/2022\/10\/DSC_0406-4.jpg?resize=300%2C200&amp;ssl=1 300w, https:\/\/i0.wp.com\/casadecampoliving.com\/wp-content\/uploads\/2022\/10\/DSC_0406-4.jpg?resize=768%2C512&amp;ssl=1 768w, https:\/\/i0.wp.com\/casadecampoliving.com\/wp-content\/uploads\/2022\/10\/DSC_0406-4.jpg?resize=400%2C267&amp;ssl=1 400w, https:\/\/i0.wp.com\/casadecampoliving.com\/wp-content\/uploads\/2022\/10\/DSC_0406-4.jpg?resize=706%2C471&amp;ssl=1 706w, https:\/\/i0.wp.com\/casadecampoliving.com\/wp-content\/uploads\/2022\/10\/DSC_0406-4.jpg?resize=150%2C100&amp;ssl=1 150w, https:\/\/i0.wp.com\/casadecampoliving.com\/wp-content\/uploads\/2022\/10\/DSC_0406-4.jpg?w=370&amp;ssl=1 370w\" sizes=\"auto, (max-width: 1000px) 100vw, 1000px\" \/><\/figure>\n\n\n\n<figure class=\"wp-block-image size-large\"><img data-recalc-dims=\"1\" loading=\"lazy\" decoding=\"async\" width=\"1000\" height=\"667\" data-id=\"495904\" src=\"https:\/\/i0.wp.com\/casadecampoliving.com\/wp-content\/uploads\/2022\/10\/DSC_0411-6.jpg?resize=1000%2C667&#038;ssl=1\" alt=\"\" class=\"wp-image-495904\" srcset=\"https:\/\/i0.wp.com\/casadecampoliving.com\/wp-content\/uploads\/2022\/10\/DSC_0411-6.jpg?w=1000&amp;ssl=1 1000w, https:\/\/i0.wp.com\/casadecampoliving.com\/wp-content\/uploads\/2022\/10\/DSC_0411-6.jpg?resize=300%2C200&amp;ssl=1 300w, https:\/\/i0.wp.com\/casadecampoliving.com\/wp-content\/uploads\/2022\/10\/DSC_0411-6.jpg?resize=768%2C512&amp;ssl=1 768w, https:\/\/i0.wp.com\/casadecampoliving.com\/wp-content\/uploads\/2022\/10\/DSC_0411-6.jpg?resize=400%2C267&amp;ssl=1 400w, https:\/\/i0.wp.com\/casadecampoliving.com\/wp-content\/uploads\/2022\/10\/DSC_0411-6.jpg?resize=706%2C471&amp;ssl=1 706w, https:\/\/i0.wp.com\/casadecampoliving.com\/wp-content\/uploads\/2022\/10\/DSC_0411-6.jpg?resize=150%2C100&amp;ssl=1 150w, https:\/\/i0.wp.com\/casadecampoliving.com\/wp-content\/uploads\/2022\/10\/DSC_0411-6.jpg?w=370&amp;ssl=1 370w\" sizes=\"auto, (max-width: 1000px) 100vw, 1000px\" \/><\/figure>\n\n\n\n<figure class=\"wp-block-image size-large\"><img data-recalc-dims=\"1\" loading=\"lazy\" decoding=\"async\" width=\"1000\" height=\"667\" data-id=\"495908\" src=\"https:\/\/i0.wp.com\/casadecampoliving.com\/wp-content\/uploads\/2022\/10\/DSC_0419-2.jpg?resize=1000%2C667&#038;ssl=1\" alt=\"\" class=\"wp-image-495908\" srcset=\"https:\/\/i0.wp.com\/casadecampoliving.com\/wp-content\/uploads\/2022\/10\/DSC_0419-2.jpg?w=1000&amp;ssl=1 1000w, https:\/\/i0.wp.com\/casadecampoliving.com\/wp-content\/uploads\/2022\/10\/DSC_0419-2.jpg?resize=300%2C200&amp;ssl=1 300w, https:\/\/i0.wp.com\/casadecampoliving.com\/wp-content\/uploads\/2022\/10\/DSC_0419-2.jpg?resize=768%2C512&amp;ssl=1 768w, https:\/\/i0.wp.com\/casadecampoliving.com\/wp-content\/uploads\/2022\/10\/DSC_0419-2.jpg?resize=400%2C267&amp;ssl=1 400w, https:\/\/i0.wp.com\/casadecampoliving.com\/wp-content\/uploads\/2022\/10\/DSC_0419-2.jpg?resize=706%2C471&amp;ssl=1 706w, https:\/\/i0.wp.com\/casadecampoliving.com\/wp-content\/uploads\/2022\/10\/DSC_0419-2.jpg?resize=150%2C100&amp;ssl=1 150w, https:\/\/i0.wp.com\/casadecampoliving.com\/wp-content\/uploads\/2022\/10\/DSC_0419-2.jpg?w=370&amp;ssl=1 370w\" sizes=\"auto, (max-width: 1000px) 100vw, 1000px\" \/><\/figure>\n\n\n\n<figure class=\"wp-block-image size-large\"><img data-recalc-dims=\"1\" loading=\"lazy\" decoding=\"async\" width=\"1000\" height=\"667\" data-id=\"495912\" src=\"https:\/\/i0.wp.com\/casadecampoliving.com\/wp-content\/uploads\/2022\/10\/DSC_0435.jpg?resize=1000%2C667&#038;ssl=1\" alt=\"\" class=\"wp-image-495912\" srcset=\"https:\/\/i0.wp.com\/casadecampoliving.com\/wp-content\/uploads\/2022\/10\/DSC_0435.jpg?w=1000&amp;ssl=1 1000w, https:\/\/i0.wp.com\/casadecampoliving.com\/wp-content\/uploads\/2022\/10\/DSC_0435.jpg?resize=300%2C200&amp;ssl=1 300w, https:\/\/i0.wp.com\/casadecampoliving.com\/wp-content\/uploads\/2022\/10\/DSC_0435.jpg?resize=768%2C512&amp;ssl=1 768w, https:\/\/i0.wp.com\/casadecampoliving.com\/wp-content\/uploads\/2022\/10\/DSC_0435.jpg?resize=400%2C267&amp;ssl=1 400w, https:\/\/i0.wp.com\/casadecampoliving.com\/wp-content\/uploads\/2022\/10\/DSC_0435.jpg?resize=706%2C471&amp;ssl=1 706w, https:\/\/i0.wp.com\/casadecampoliving.com\/wp-content\/uploads\/2022\/10\/DSC_0435.jpg?resize=150%2C100&amp;ssl=1 150w, https:\/\/i0.wp.com\/casadecampoliving.com\/wp-content\/uploads\/2022\/10\/DSC_0435.jpg?w=370&amp;ssl=1 370w\" sizes=\"auto, (max-width: 1000px) 100vw, 1000px\" \/><\/figure>\n\n\n\n<figure class=\"wp-block-image size-large\"><img data-recalc-dims=\"1\" loading=\"lazy\" decoding=\"async\" width=\"667\" height=\"1000\" data-id=\"495916\" src=\"https:\/\/i0.wp.com\/casadecampoliving.com\/wp-content\/uploads\/2022\/10\/DSC_0465-5.jpg?resize=667%2C1000&#038;ssl=1\" alt=\"\" class=\"wp-image-495916\" srcset=\"https:\/\/i0.wp.com\/casadecampoliving.com\/wp-content\/uploads\/2022\/10\/DSC_0465-5.jpg?w=667&amp;ssl=1 667w, https:\/\/i0.wp.com\/casadecampoliving.com\/wp-content\/uploads\/2022\/10\/DSC_0465-5.jpg?resize=200%2C300&amp;ssl=1 200w, https:\/\/i0.wp.com\/casadecampoliving.com\/wp-content\/uploads\/2022\/10\/DSC_0465-5.jpg?resize=400%2C600&amp;ssl=1 400w, https:\/\/i0.wp.com\/casadecampoliving.com\/wp-content\/uploads\/2022\/10\/DSC_0465-5.jpg?resize=150%2C225&amp;ssl=1 150w, https:\/\/i0.wp.com\/casadecampoliving.com\/wp-content\/uploads\/2022\/10\/DSC_0465-5.jpg?w=370&amp;ssl=1 370w\" sizes=\"auto, (max-width: 667px) 100vw, 667px\" \/><\/figure>\n\n\n\n<figure class=\"wp-block-image size-large\"><img data-recalc-dims=\"1\" loading=\"lazy\" decoding=\"async\" width=\"1000\" height=\"667\" data-id=\"495920\" src=\"https:\/\/i0.wp.com\/casadecampoliving.com\/wp-content\/uploads\/2022\/10\/DSC_0467-6.jpg?resize=1000%2C667&#038;ssl=1\" alt=\"\" class=\"wp-image-495920\" srcset=\"https:\/\/i0.wp.com\/casadecampoliving.com\/wp-content\/uploads\/2022\/10\/DSC_0467-6.jpg?w=1000&amp;ssl=1 1000w, https:\/\/i0.wp.com\/casadecampoliving.com\/wp-content\/uploads\/2022\/10\/DSC_0467-6.jpg?resize=300%2C200&amp;ssl=1 300w, https:\/\/i0.wp.com\/casadecampoliving.com\/wp-content\/uploads\/2022\/10\/DSC_0467-6.jpg?resize=768%2C512&amp;ssl=1 768w, https:\/\/i0.wp.com\/casadecampoliving.com\/wp-content\/uploads\/2022\/10\/DSC_0467-6.jpg?resize=400%2C267&amp;ssl=1 400w, https:\/\/i0.wp.com\/casadecampoliving.com\/wp-content\/uploads\/2022\/10\/DSC_0467-6.jpg?resize=706%2C471&amp;ssl=1 706w, https:\/\/i0.wp.com\/casadecampoliving.com\/wp-content\/uploads\/2022\/10\/DSC_0467-6.jpg?resize=150%2C100&amp;ssl=1 150w, https:\/\/i0.wp.com\/casadecampoliving.com\/wp-content\/uploads\/2022\/10\/DSC_0467-6.jpg?w=370&amp;ssl=1 370w\" sizes=\"auto, (max-width: 1000px) 100vw, 1000px\" \/><\/figure>\n<\/figure>\n\n<h3>Villancicos con el coro\u00a0Madrigalistas<\/h3>\n<img data-recalc-dims=\"1\" loading=\"lazy\" decoding=\"async\" class=\"size-full wp-image-131885 aligncenter\" src=\"https:\/\/i0.wp.com\/casadecampoliving.com\/wp-content\/uploads\/2022\/10\/DSC_0705-e1483707418280.jpg?resize=1000%2C739&#038;ssl=1\" alt=\"Madrigalistas Choir\" width=\"1000\" height=\"739\" \/>\n\nMientras las luces brillaban\u00a0en torno a la iglesia de San Estanislao, los presentes vinieron a escuchar las\u00a0hermosas voces del Coro Madrigalistas, dirigido por el Prof. Andr\u00e9s Capell\u00e1n.\n\n[nggallery id=2777]\n<h3 class=\"sm-gallery-cover-title\">Boleros on the Rocks con\u00a0Johanna Almanzar<\/h3>\n<img data-recalc-dims=\"1\" loading=\"lazy\" decoding=\"async\" class=\"size-full wp-image-131883 aligncenter\" src=\"https:\/\/i0.wp.com\/casadecampoliving.com\/wp-content\/uploads\/2022\/10\/DSC_0585-1-e1483706813545.jpg?resize=1000%2C673&#038;ssl=1\" alt=\"Boleros on the Rocks - Johanna Almanzar\" width=\"1000\" height=\"673\" \/>\n<p class=\"sm-gallery-cover-title\">Este concierto en vivo llen\u00f3 Altos de Chav\u00f3n con un ambiente bohemio de la cantante principal Johanna Almanzar que interpret\u00f3 algunos de los \u00e9xitos latinoamericanos de todos los tiempos.<\/p>\n<p class=\"sm-gallery-cover-title\">[nggallery id=2775]<\/p>\n\n<h3 class=\"sm-gallery-cover-title\">Un concierto navide\u00f1o con el coro\u00a0Armonia<\/h3>\n<img data-recalc-dims=\"1\" loading=\"lazy\" decoding=\"async\" class=\"size-full wp-image-131894 aligncenter\" src=\"https:\/\/i0.wp.com\/casadecampoliving.com\/wp-content\/uploads\/2022\/10\/DSC_0822-e1483708287852.jpg?resize=1000%2C666&#038;ssl=1\" alt=\"Armonia Choir Christmas Concert\" width=\"1000\" height=\"666\" \/>\n\nCarols by the Armonia\u00a0Choir is a holiday tradition in Casa de Campo that celebrates Dominican and international Christmas music. It&#8217;s one we look forward to yearly!\u00a0Los villancicos del Coro Armonia son una tradici\u00f3n navide\u00f1a en Casa de Campo que celebra la m\u00fasica navide\u00f1a dominicana e internacional. \u00a1Es uno de los eventos m\u00e1s esperados!\n\n[nggallery id=2778]\n<h3>Carlos Marcelo&#8217;s Jazz quartet<\/h3>\n<img data-recalc-dims=\"1\" loading=\"lazy\" decoding=\"async\" class=\"size-full wp-image-131923 aligncenter\" src=\"https:\/\/i0.wp.com\/casadecampoliving.com\/wp-content\/uploads\/2022\/10\/DSC_0948-e1483709155459.jpg?resize=1000%2C667&#038;ssl=1\" alt=\"Carlos Marcelo Jazz quartet\" width=\"1000\" height=\"667\" \/>\n\nAltos de Chav\u00f3n vibr\u00f3 al ritmo del lat\u00edn jazz, swing, blues, soul, bossanova y beep bop con el cuarteto de Carlos Marcelo Jazz, y miembros de\u00a0comunidad disfrutaron de la m\u00fasica y posaron para fotos.\n\n[nggallery id=2779]\n<h3 class=\"sm-gallery-cover-title\">Son on the Rocks con\u00a0Grupo Bonye<\/h3>\n<img data-recalc-dims=\"1\" loading=\"lazy\" decoding=\"async\" class=\"alignnone size-full wp-image-131958\" src=\"https:\/\/i0.wp.com\/casadecampoliving.com\/wp-content\/uploads\/2022\/10\/DSC_1022-e1483710858469.jpg?resize=1000%2C632&#038;ssl=1\" alt=\"Son on the Rocks: Grupo Bonye\" width=\"1000\" height=\"632\" \/>\n\nNadie quer\u00eda perderse este grupo din\u00e1mico presentando\u00a0lo mejor del son, bachata y merengue y puso a muchos a bailar durante toda la noche.\n\n[nggallery id=2780]\n\nAdem\u00e1s, si te perdiste nuestra cobertura \u00a0del concierto de Enrique Iglesias y Gente de Zona el 30 de diciembre, <a href=\"https:\/\/casadecampoliving.com\/es\/enrique-iglesias-gente-de-zona-rock-full-house-altos-de-chavon\/\">\u00a1ENCUENTRELO AQU\u00cd! <\/a>\u00a1Los conciertos de Casa de Campo hicieron del mes de diciembre el mejor del a\u00f1o!\n<blockquote>\n<h4 class=\"post-title left\"><a href=\"https:\/\/casadecampoliving.com\/es\/enrique-iglesias-gente-de-zona-rock-full-house-altos-de-chavon\/\">Enrique Iglesias y Gente de Zona sacudieron a casa llena Altos de Chav\u00f3n<\/a><\/h4>\n<a href=\"https:\/\/casadecampoliving.com\/enrique-iglesias-and-gente-de-zona-concert-altos-de-chavon\/\"><img data-recalc-dims=\"1\" loading=\"lazy\" decoding=\"async\" class=\"alignnone wp-image-131695 size-full\" src=\"https:\/\/i0.wp.com\/casadecampoliving.com\/wp-content\/uploads\/2022\/10\/EnriqueIglesias_GentedeZona_concert45-1.jpg?resize=1000%2C667&#038;ssl=1\" alt=\"Enrique Iglesias, Gente de Zona concert Chav\u00f3n\" width=\"1000\" height=\"667\" \/><\/a>\n<p style=\"text-align: justify;\">Un fin de semana lleno de celebridades era exactamente lo que estaba en la tienda para las multitudes de personas que llenaban la Casa de Campo resort durante el fin de semana de vacaciones. Con un doble concierto de Enrique Iglesias y Gente de Zona, sab\u00edamos que \u00edbamos a estar en un buen show, simplemente no sab\u00edamos lo bueno que era. Gente de Zona abri\u00f3 sus puertas con ritmos de reggaeton cubanos que incitaron al estadio a ponerse en pie y se unieron temprano con una estrella invitada sorpresa! <a href=\"https:\/\/casadecampoliving.com\/es\/enrique-iglesias-gente-de-zona-rock-full-house-altos-de-chavon\/\">\u00a1Descubre qui\u00e9n aqu\u00ed!<\/a><\/p>\n<\/blockquote>\n* \u00a0Todas las fotos anteriores fueron tomadas por Alejandro Heredia en los diversos eventos festivos de Casa de Campo y conciertos de m\u00fasica en vivo, a excepci\u00f3n del Cuarteto de Jazz Carlos Marcelo, de Mariana Heredia.","protected":false},"excerpt":{"rendered":"<p>Este mes cuenta con muchos eventos festivos y conciertos de m\u00fasica en vivo como por ejemplo Benny y los Cupidos quienes se presentaron el 16 de diciembre.\u00a0Hoy recordaremos todas las fiestas del mes, \u00a1justo a tiempo para el viernes del recuerdo &#8211; Flashback!<\/p>\n","protected":false},"author":36681,"featured_media":313900,"comment_status":"closed","ping_status":"closed","sticky":false,"template":"","format":"standard","meta":{"newspack_ads_suppress_ads":false,"newspack_popups_has_disabled_popups":false,"newspack_sponsor_sponsorship_scope":"","newspack_sponsor_native_byline_display":"inherit","newspack_sponsor_native_category_display":"inherit","newspack_sponsor_underwriter_style":"inherit","newspack_sponsor_underwriter_placement":"inherit","_newspack_byline_active":false,"_newspack_byline":"","newspack_content_restriction_is_exempt":false,"newspack_featured_image_position":"","newspack_post_subtitle":"","newspack_article_summary_title":"Overview:","newspack_article_summary":"","newspack_hide_updated_date":false,"newspack_show_updated_date":false,"_jetpack_memberships_contains_paid_content":false,"footnotes":"","jetpack_publicize_message":"","jetpack_publicize_feature_enabled":true,"jetpack_social_post_already_shared":false,"jetpack_social_options":{"image_generator_settings":{"template":"highway","default_image_id":0,"font":"","enabled":false},"version":2},"_wpas_customize_per_network":false},"categories":[26819,2518,2522,14631,26822,2498],"tags":[3575,15387,23815,7707,2677,2740,11334,1662],"newspack_spnsrs_tax":[],"class_list":["post-350995","post","type-post","status-publish","format-standard","has-post-thumbnail","hentry","category-altos-de-chavon-es","category-conciertos-es","category-eventos-es","category-estilo-de-vida","category-resort-casa-de-campo","category-uncategorized-es","tag-altos-de-chavon-es-2","tag-altos-de-chavon-es","tag-casa-de-campo-es-17","tag-celebraciones","tag-conciertos","tag-eventos","tag-fiestas","tag-navidad","entry"],"yoast_head":"<!-- This site is optimized with the Yoast SEO plugin v27.3 - https:\/\/yoast.com\/product\/yoast-seo-wordpress\/ -->\n<title>Recordando toda la diversi\u00f3n de las fiestas navide\u00f1as (#FBF) | Casa de Campo Living<\/title>\n<meta name=\"description\" content=\"Este mes cuenta con muchos eventos festivos y conciertos de m\u00fasica en vivo como por ejemplo Benny y los Cupidos quienes se presentaron el 16 de\" \/>\n<meta name=\"robots\" content=\"index, follow, max-snippet:-1, max-image-preview:large, max-video-preview:-1\" \/>\n<link rel=\"canonical\" href=\"https:\/\/casadecampoliving.com\/es\/recordando-toda-la-diversion-de-las-fiestas-navidenas-fbf\/\" \/>\n<meta property=\"og:locale\" content=\"es_ES\" \/>\n<meta property=\"og:type\" content=\"article\" \/>\n<meta property=\"og:title\" content=\"Recordando toda la diversi\u00f3n de las fiestas navide\u00f1as (#FBF) | Casa de Campo Living\" \/>\n<meta property=\"og:description\" content=\"Este mes cuenta con muchos eventos festivos y conciertos de m\u00fasica en vivo como por ejemplo Benny y los Cupidos quienes se presentaron el 16 de\" \/>\n<meta property=\"og:url\" content=\"https:\/\/casadecampoliving.com\/es\/recordando-toda-la-diversion-de-las-fiestas-navidenas-fbf\/\" \/>\n<meta property=\"og:site_name\" content=\"Casa de Campo Living\" \/>\n<meta property=\"article:publisher\" content=\"https:\/\/www.facebook.com\/casadecampoliving\" \/>\n<meta property=\"article:published_time\" content=\"2017-01-06T04:00:00+00:00\" \/>\n<meta property=\"article:modified_time\" content=\"2022-11-10T14:30:19+00:00\" \/>\n<meta property=\"og:image\" content=\"https:\/\/i0.wp.com\/casadecampoliving.com\/wp-content\/uploads\/2022\/10\/DSC_0653-e1483712137928.jpg?fit=1000%2C649&ssl=1\" \/>\n\t<meta property=\"og:image:width\" content=\"1000\" \/>\n\t<meta property=\"og:image:height\" content=\"649\" \/>\n\t<meta property=\"og:image:type\" content=\"image\/jpeg\" \/>\n<meta name=\"author\" content=\"Heather Lincoln\" \/>\n<meta name=\"twitter:card\" content=\"summary_large_image\" \/>\n<meta name=\"twitter:creator\" content=\"@cdcliving\" \/>\n<meta name=\"twitter:site\" content=\"@cdcliving\" \/>\n<meta name=\"twitter:label1\" content=\"Escrito por\" \/>\n\t<meta name=\"twitter:data1\" content=\"Heather Lincoln\" \/>\n\t<meta name=\"twitter:label2\" content=\"Tiempo de lectura\" \/>\n\t<meta name=\"twitter:data2\" content=\"3 minutos\" \/>\n<script type=\"application\/ld+json\" class=\"yoast-schema-graph\">{\"@context\":\"https:\\\/\\\/schema.org\",\"@graph\":[{\"@type\":\"Article\",\"@id\":\"https:\\\/\\\/casadecampoliving.com\\\/es\\\/recordando-toda-la-diversion-de-las-fiestas-navidenas-fbf\\\/#article\",\"isPartOf\":{\"@id\":\"https:\\\/\\\/casadecampoliving.com\\\/es\\\/recordando-toda-la-diversion-de-las-fiestas-navidenas-fbf\\\/\"},\"author\":{\"name\":\"Heather Lincoln\",\"@id\":\"https:\\\/\\\/casadecampoliving.com\\\/es\\\/#\\\/schema\\\/person\\\/e3abfc63c1478fd703266a6f33a3145d\"},\"headline\":\"Recordando toda la diversi\u00f3n de las fiestas navide\u00f1as (#FBF)\",\"datePublished\":\"2017-01-06T04:00:00+00:00\",\"dateModified\":\"2022-11-10T14:30:19+00:00\",\"mainEntityOfPage\":{\"@id\":\"https:\\\/\\\/casadecampoliving.com\\\/es\\\/recordando-toda-la-diversion-de-las-fiestas-navidenas-fbf\\\/\"},\"wordCount\":545,\"publisher\":{\"@id\":\"https:\\\/\\\/casadecampoliving.com\\\/es\\\/#organization\"},\"image\":{\"@id\":\"https:\\\/\\\/casadecampoliving.com\\\/es\\\/recordando-toda-la-diversion-de-las-fiestas-navidenas-fbf\\\/#primaryimage\"},\"thumbnailUrl\":\"https:\\\/\\\/i0.wp.com\\\/casadecampoliving.com\\\/wp-content\\\/uploads\\\/2022\\\/10\\\/DSC_0653-e1483712137928.jpg?fit=1000%2C649&ssl=1\",\"keywords\":[\"Altos de Chavon -es\",\"Altos de Chavon\",\"Casa de Campo\",\"celebraciones\",\"conciertos\",\"eventos\",\"fiestas\",\"navidad\"],\"articleSection\":[\"Altos de Chavon @es\",\"Conciertos\",\"Eventos\",\"Estilo de Vida\",\"Resort Casa de Campo\",\"Uncategorized @es\"],\"inLanguage\":\"es\"},{\"@type\":\"WebPage\",\"@id\":\"https:\\\/\\\/casadecampoliving.com\\\/es\\\/recordando-toda-la-diversion-de-las-fiestas-navidenas-fbf\\\/\",\"url\":\"https:\\\/\\\/casadecampoliving.com\\\/es\\\/recordando-toda-la-diversion-de-las-fiestas-navidenas-fbf\\\/\",\"name\":\"Recordando toda la diversi\u00f3n de las fiestas navide\u00f1as (#FBF) | Casa de Campo Living\",\"isPartOf\":{\"@id\":\"https:\\\/\\\/casadecampoliving.com\\\/es\\\/#website\"},\"primaryImageOfPage\":{\"@id\":\"https:\\\/\\\/casadecampoliving.com\\\/es\\\/recordando-toda-la-diversion-de-las-fiestas-navidenas-fbf\\\/#primaryimage\"},\"image\":{\"@id\":\"https:\\\/\\\/casadecampoliving.com\\\/es\\\/recordando-toda-la-diversion-de-las-fiestas-navidenas-fbf\\\/#primaryimage\"},\"thumbnailUrl\":\"https:\\\/\\\/i0.wp.com\\\/casadecampoliving.com\\\/wp-content\\\/uploads\\\/2022\\\/10\\\/DSC_0653-e1483712137928.jpg?fit=1000%2C649&ssl=1\",\"datePublished\":\"2017-01-06T04:00:00+00:00\",\"dateModified\":\"2022-11-10T14:30:19+00:00\",\"description\":\"Este mes cuenta con muchos eventos festivos y conciertos de m\u00fasica en vivo como por ejemplo Benny y los Cupidos quienes se presentaron el 16 de\",\"breadcrumb\":{\"@id\":\"https:\\\/\\\/casadecampoliving.com\\\/es\\\/recordando-toda-la-diversion-de-las-fiestas-navidenas-fbf\\\/#breadcrumb\"},\"inLanguage\":\"es\",\"potentialAction\":[{\"@type\":\"ReadAction\",\"target\":[\"https:\\\/\\\/casadecampoliving.com\\\/es\\\/recordando-toda-la-diversion-de-las-fiestas-navidenas-fbf\\\/\"]}]},{\"@type\":\"ImageObject\",\"inLanguage\":\"es\",\"@id\":\"https:\\\/\\\/casadecampoliving.com\\\/es\\\/recordando-toda-la-diversion-de-las-fiestas-navidenas-fbf\\\/#primaryimage\",\"url\":\"https:\\\/\\\/i0.wp.com\\\/casadecampoliving.com\\\/wp-content\\\/uploads\\\/2022\\\/10\\\/DSC_0653-e1483712137928.jpg?fit=1000%2C649&ssl=1\",\"contentUrl\":\"https:\\\/\\\/i0.wp.com\\\/casadecampoliving.com\\\/wp-content\\\/uploads\\\/2022\\\/10\\\/DSC_0653-e1483712137928.jpg?fit=1000%2C649&ssl=1\",\"width\":1000,\"height\":649,\"caption\":\"Boleros on the Rocks - Johanna Almanzar\"},{\"@type\":\"BreadcrumbList\",\"@id\":\"https:\\\/\\\/casadecampoliving.com\\\/es\\\/recordando-toda-la-diversion-de-las-fiestas-navidenas-fbf\\\/#breadcrumb\",\"itemListElement\":[{\"@type\":\"ListItem\",\"position\":1,\"name\":\"Home\",\"item\":\"https:\\\/\\\/casadecampoliving.com\\\/es\\\/\"},{\"@type\":\"ListItem\",\"position\":2,\"name\":\"Recordando toda la diversi\u00f3n de las fiestas navide\u00f1as (#FBF)\"}]},{\"@type\":\"WebSite\",\"@id\":\"https:\\\/\\\/casadecampoliving.com\\\/es\\\/#website\",\"url\":\"https:\\\/\\\/casadecampoliving.com\\\/es\\\/\",\"name\":\"Casa de Campo Living\",\"description\":\"Resort community news and resources.\",\"publisher\":{\"@id\":\"https:\\\/\\\/casadecampoliving.com\\\/es\\\/#organization\"},\"potentialAction\":[{\"@type\":\"SearchAction\",\"target\":{\"@type\":\"EntryPoint\",\"urlTemplate\":\"https:\\\/\\\/casadecampoliving.com\\\/es\\\/?s={search_term_string}\"},\"query-input\":{\"@type\":\"PropertyValueSpecification\",\"valueRequired\":true,\"valueName\":\"search_term_string\"}}],\"inLanguage\":\"es\"},{\"@type\":\"Organization\",\"@id\":\"https:\\\/\\\/casadecampoliving.com\\\/es\\\/#organization\",\"name\":\"Casa de Campo Living\",\"url\":\"https:\\\/\\\/casadecampoliving.com\\\/es\\\/\",\"logo\":{\"@type\":\"ImageObject\",\"inLanguage\":\"es\",\"@id\":\"https:\\\/\\\/casadecampoliving.com\\\/es\\\/#\\\/schema\\\/logo\\\/image\\\/\",\"url\":\"https:\\\/\\\/i0.wp.com\\\/casadecampoliving.com\\\/wp-content\\\/uploads\\\/2022\\\/07\\\/CDCLivingLogo_V1-white-sized.png?fit=800%2C214&ssl=1\",\"contentUrl\":\"https:\\\/\\\/i0.wp.com\\\/casadecampoliving.com\\\/wp-content\\\/uploads\\\/2022\\\/07\\\/CDCLivingLogo_V1-white-sized.png?fit=800%2C214&ssl=1\",\"width\":800,\"height\":214,\"caption\":\"Casa de Campo Living\"},\"image\":{\"@id\":\"https:\\\/\\\/casadecampoliving.com\\\/es\\\/#\\\/schema\\\/logo\\\/image\\\/\"},\"sameAs\":[\"https:\\\/\\\/www.facebook.com\\\/casadecampoliving\",\"https:\\\/\\\/x.com\\\/cdcliving\"]},{\"@type\":\"Person\",\"@id\":\"https:\\\/\\\/casadecampoliving.com\\\/es\\\/#\\\/schema\\\/person\\\/e3abfc63c1478fd703266a6f33a3145d\",\"name\":\"Heather Lincoln\",\"image\":{\"@type\":\"ImageObject\",\"inLanguage\":\"es\",\"@id\":\"https:\\\/\\\/secure.gravatar.com\\\/avatar\\\/e8fc1ce4ad50385675908137b0d8d66be281d034bf072b4700460237638ea6d0?s=96&d=mm&r=g\",\"url\":\"https:\\\/\\\/secure.gravatar.com\\\/avatar\\\/e8fc1ce4ad50385675908137b0d8d66be281d034bf072b4700460237638ea6d0?s=96&d=mm&r=g\",\"contentUrl\":\"https:\\\/\\\/secure.gravatar.com\\\/avatar\\\/e8fc1ce4ad50385675908137b0d8d66be281d034bf072b4700460237638ea6d0?s=96&d=mm&r=g\",\"caption\":\"Heather Lincoln\"},\"url\":\"https:\\\/\\\/casadecampoliving.com\\\/es\\\/author\\\/hcastillo\\\/\"}]}<\/script>\n<!-- \/ Yoast SEO plugin. -->","yoast_head_json":{"title":"Recordando toda la diversi\u00f3n de las fiestas navide\u00f1as (#FBF) | Casa de Campo Living","description":"Este mes cuenta con muchos eventos festivos y conciertos de m\u00fasica en vivo como por ejemplo Benny y los Cupidos quienes se presentaron el 16 de","robots":{"index":"index","follow":"follow","max-snippet":"max-snippet:-1","max-image-preview":"max-image-preview:large","max-video-preview":"max-video-preview:-1"},"canonical":"https:\/\/casadecampoliving.com\/es\/recordando-toda-la-diversion-de-las-fiestas-navidenas-fbf\/","og_locale":"es_ES","og_type":"article","og_title":"Recordando toda la diversi\u00f3n de las fiestas navide\u00f1as (#FBF) | Casa de Campo Living","og_description":"Este mes cuenta con muchos eventos festivos y conciertos de m\u00fasica en vivo como por ejemplo Benny y los Cupidos quienes se presentaron el 16 de","og_url":"https:\/\/casadecampoliving.com\/es\/recordando-toda-la-diversion-de-las-fiestas-navidenas-fbf\/","og_site_name":"Casa de Campo Living","article_publisher":"https:\/\/www.facebook.com\/casadecampoliving","article_published_time":"2017-01-06T04:00:00+00:00","article_modified_time":"2022-11-10T14:30:19+00:00","og_image":[{"width":1000,"height":649,"url":"https:\/\/i0.wp.com\/casadecampoliving.com\/wp-content\/uploads\/2022\/10\/DSC_0653-e1483712137928.jpg?fit=1000%2C649&ssl=1","type":"image\/jpeg"}],"author":"Heather Lincoln","twitter_card":"summary_large_image","twitter_creator":"@cdcliving","twitter_site":"@cdcliving","twitter_misc":{"Escrito por":"Heather Lincoln","Tiempo de lectura":"3 minutos"},"schema":{"@context":"https:\/\/schema.org","@graph":[{"@type":"Article","@id":"https:\/\/casadecampoliving.com\/es\/recordando-toda-la-diversion-de-las-fiestas-navidenas-fbf\/#article","isPartOf":{"@id":"https:\/\/casadecampoliving.com\/es\/recordando-toda-la-diversion-de-las-fiestas-navidenas-fbf\/"},"author":{"name":"Heather Lincoln","@id":"https:\/\/casadecampoliving.com\/es\/#\/schema\/person\/e3abfc63c1478fd703266a6f33a3145d"},"headline":"Recordando toda la diversi\u00f3n de las fiestas navide\u00f1as (#FBF)","datePublished":"2017-01-06T04:00:00+00:00","dateModified":"2022-11-10T14:30:19+00:00","mainEntityOfPage":{"@id":"https:\/\/casadecampoliving.com\/es\/recordando-toda-la-diversion-de-las-fiestas-navidenas-fbf\/"},"wordCount":545,"publisher":{"@id":"https:\/\/casadecampoliving.com\/es\/#organization"},"image":{"@id":"https:\/\/casadecampoliving.com\/es\/recordando-toda-la-diversion-de-las-fiestas-navidenas-fbf\/#primaryimage"},"thumbnailUrl":"https:\/\/i0.wp.com\/casadecampoliving.com\/wp-content\/uploads\/2022\/10\/DSC_0653-e1483712137928.jpg?fit=1000%2C649&ssl=1","keywords":["Altos de Chavon -es","Altos de Chavon","Casa de Campo","celebraciones","conciertos","eventos","fiestas","navidad"],"articleSection":["Altos de Chavon @es","Conciertos","Eventos","Estilo de Vida","Resort Casa de Campo","Uncategorized @es"],"inLanguage":"es"},{"@type":"WebPage","@id":"https:\/\/casadecampoliving.com\/es\/recordando-toda-la-diversion-de-las-fiestas-navidenas-fbf\/","url":"https:\/\/casadecampoliving.com\/es\/recordando-toda-la-diversion-de-las-fiestas-navidenas-fbf\/","name":"Recordando toda la diversi\u00f3n de las fiestas navide\u00f1as (#FBF) | Casa de Campo Living","isPartOf":{"@id":"https:\/\/casadecampoliving.com\/es\/#website"},"primaryImageOfPage":{"@id":"https:\/\/casadecampoliving.com\/es\/recordando-toda-la-diversion-de-las-fiestas-navidenas-fbf\/#primaryimage"},"image":{"@id":"https:\/\/casadecampoliving.com\/es\/recordando-toda-la-diversion-de-las-fiestas-navidenas-fbf\/#primaryimage"},"thumbnailUrl":"https:\/\/i0.wp.com\/casadecampoliving.com\/wp-content\/uploads\/2022\/10\/DSC_0653-e1483712137928.jpg?fit=1000%2C649&ssl=1","datePublished":"2017-01-06T04:00:00+00:00","dateModified":"2022-11-10T14:30:19+00:00","description":"Este mes cuenta con muchos eventos festivos y conciertos de m\u00fasica en vivo como por ejemplo Benny y los Cupidos quienes se presentaron el 16 de","breadcrumb":{"@id":"https:\/\/casadecampoliving.com\/es\/recordando-toda-la-diversion-de-las-fiestas-navidenas-fbf\/#breadcrumb"},"inLanguage":"es","potentialAction":[{"@type":"ReadAction","target":["https:\/\/casadecampoliving.com\/es\/recordando-toda-la-diversion-de-las-fiestas-navidenas-fbf\/"]}]},{"@type":"ImageObject","inLanguage":"es","@id":"https:\/\/casadecampoliving.com\/es\/recordando-toda-la-diversion-de-las-fiestas-navidenas-fbf\/#primaryimage","url":"https:\/\/i0.wp.com\/casadecampoliving.com\/wp-content\/uploads\/2022\/10\/DSC_0653-e1483712137928.jpg?fit=1000%2C649&ssl=1","contentUrl":"https:\/\/i0.wp.com\/casadecampoliving.com\/wp-content\/uploads\/2022\/10\/DSC_0653-e1483712137928.jpg?fit=1000%2C649&ssl=1","width":1000,"height":649,"caption":"Boleros on the Rocks - Johanna Almanzar"},{"@type":"BreadcrumbList","@id":"https:\/\/casadecampoliving.com\/es\/recordando-toda-la-diversion-de-las-fiestas-navidenas-fbf\/#breadcrumb","itemListElement":[{"@type":"ListItem","position":1,"name":"Home","item":"https:\/\/casadecampoliving.com\/es\/"},{"@type":"ListItem","position":2,"name":"Recordando toda la diversi\u00f3n de las fiestas navide\u00f1as (#FBF)"}]},{"@type":"WebSite","@id":"https:\/\/casadecampoliving.com\/es\/#website","url":"https:\/\/casadecampoliving.com\/es\/","name":"Casa de Campo Living","description":"Resort community news and resources.","publisher":{"@id":"https:\/\/casadecampoliving.com\/es\/#organization"},"potentialAction":[{"@type":"SearchAction","target":{"@type":"EntryPoint","urlTemplate":"https:\/\/casadecampoliving.com\/es\/?s={search_term_string}"},"query-input":{"@type":"PropertyValueSpecification","valueRequired":true,"valueName":"search_term_string"}}],"inLanguage":"es"},{"@type":"Organization","@id":"https:\/\/casadecampoliving.com\/es\/#organization","name":"Casa de Campo Living","url":"https:\/\/casadecampoliving.com\/es\/","logo":{"@type":"ImageObject","inLanguage":"es","@id":"https:\/\/casadecampoliving.com\/es\/#\/schema\/logo\/image\/","url":"https:\/\/i0.wp.com\/casadecampoliving.com\/wp-content\/uploads\/2022\/07\/CDCLivingLogo_V1-white-sized.png?fit=800%2C214&ssl=1","contentUrl":"https:\/\/i0.wp.com\/casadecampoliving.com\/wp-content\/uploads\/2022\/07\/CDCLivingLogo_V1-white-sized.png?fit=800%2C214&ssl=1","width":800,"height":214,"caption":"Casa de Campo Living"},"image":{"@id":"https:\/\/casadecampoliving.com\/es\/#\/schema\/logo\/image\/"},"sameAs":["https:\/\/www.facebook.com\/casadecampoliving","https:\/\/x.com\/cdcliving"]},{"@type":"Person","@id":"https:\/\/casadecampoliving.com\/es\/#\/schema\/person\/e3abfc63c1478fd703266a6f33a3145d","name":"Heather Lincoln","image":{"@type":"ImageObject","inLanguage":"es","@id":"https:\/\/secure.gravatar.com\/avatar\/e8fc1ce4ad50385675908137b0d8d66be281d034bf072b4700460237638ea6d0?s=96&d=mm&r=g","url":"https:\/\/secure.gravatar.com\/avatar\/e8fc1ce4ad50385675908137b0d8d66be281d034bf072b4700460237638ea6d0?s=96&d=mm&r=g","contentUrl":"https:\/\/secure.gravatar.com\/avatar\/e8fc1ce4ad50385675908137b0d8d66be281d034bf072b4700460237638ea6d0?s=96&d=mm&r=g","caption":"Heather Lincoln"},"url":"https:\/\/casadecampoliving.com\/es\/author\/hcastillo\/"}]}},"parsely":{"version":"1.1.0","canonical_url":"https:\/\/casadecampoliving.com\/es\/recordando-toda-la-diversion-de-las-fiestas-navidenas-fbf\/","smart_links":{"inbound":0,"outbound":0},"traffic_boost_suggestions_count":0,"meta":{"@context":"https:\/\/schema.org","@type":"NewsArticle","headline":"Recordando toda la diversi\u00f3n de las fiestas navide\u00f1as (#FBF)","url":"http:\/\/casadecampoliving.com\/es\/recordando-toda-la-diversion-de-las-fiestas-navidenas-fbf\/","mainEntityOfPage":{"@type":"WebPage","@id":"http:\/\/casadecampoliving.com\/es\/recordando-toda-la-diversion-de-las-fiestas-navidenas-fbf\/"},"thumbnailUrl":"https:\/\/i0.wp.com\/casadecampoliving.com\/wp-content\/uploads\/2022\/10\/DSC_0653-e1483712137928.jpg?resize=150%2C150&ssl=1","image":{"@type":"ImageObject","url":"https:\/\/i0.wp.com\/casadecampoliving.com\/wp-content\/uploads\/2022\/10\/DSC_0653-e1483712137928.jpg?fit=1000%2C649&ssl=1"},"articleSection":"Altos de Chavon @es","author":[{"@type":"Person","name":"Heather Lincoln"}],"creator":["Heather Lincoln"],"publisher":{"@type":"Organization","name":"Casa de Campo Living","logo":"https:\/\/casadecampoliving.com\/wp-content\/uploads\/2022\/07\/CDCLivingLogo_V1-white-sized.png"},"keywords":["altos de chavon","casa de campo","celebraciones","conciertos","eventos","fiestas","navidad"],"dateCreated":"2017-01-06T04:00:00Z","datePublished":"2017-01-06T04:00:00Z","dateModified":"2022-11-10T14:30:19Z"},"rendered":"<script type=\"application\/ld+json\" class=\"wp-parsely-metadata\">{\"@context\":\"https:\\\/\\\/schema.org\",\"@type\":\"NewsArticle\",\"headline\":\"Recordando toda la diversi\\u00f3n de las fiestas navide\\u00f1as (#FBF)\",\"url\":\"http:\\\/\\\/casadecampoliving.com\\\/es\\\/recordando-toda-la-diversion-de-las-fiestas-navidenas-fbf\\\/\",\"mainEntityOfPage\":{\"@type\":\"WebPage\",\"@id\":\"http:\\\/\\\/casadecampoliving.com\\\/es\\\/recordando-toda-la-diversion-de-las-fiestas-navidenas-fbf\\\/\"},\"thumbnailUrl\":\"https:\\\/\\\/i0.wp.com\\\/casadecampoliving.com\\\/wp-content\\\/uploads\\\/2022\\\/10\\\/DSC_0653-e1483712137928.jpg?resize=150%2C150&ssl=1\",\"image\":{\"@type\":\"ImageObject\",\"url\":\"https:\\\/\\\/i0.wp.com\\\/casadecampoliving.com\\\/wp-content\\\/uploads\\\/2022\\\/10\\\/DSC_0653-e1483712137928.jpg?fit=1000%2C649&ssl=1\"},\"articleSection\":\"Altos de Chavon @es\",\"author\":[{\"@type\":\"Person\",\"name\":\"Heather Lincoln\"}],\"creator\":[\"Heather Lincoln\"],\"publisher\":{\"@type\":\"Organization\",\"name\":\"Casa de Campo Living\",\"logo\":\"https:\\\/\\\/casadecampoliving.com\\\/wp-content\\\/uploads\\\/2022\\\/07\\\/CDCLivingLogo_V1-white-sized.png\"},\"keywords\":[\"altos de chavon\",\"casa de campo\",\"celebraciones\",\"conciertos\",\"eventos\",\"fiestas\",\"navidad\"],\"dateCreated\":\"2017-01-06T04:00:00Z\",\"datePublished\":\"2017-01-06T04:00:00Z\",\"dateModified\":\"2022-11-10T14:30:19Z\"}<\/script>","tracker_url":"https:\/\/cdn.parsely.com\/keys\/casadecampoliving.com\/p.js"},"jetpack_publicize_connections":[],"jetpack_featured_media_url":"https:\/\/i0.wp.com\/casadecampoliving.com\/wp-content\/uploads\/2022\/10\/DSC_0653-e1483712137928.jpg?fit=1000%2C649&ssl=1","jetpack-related-posts":[{"id":433460,"url":"https:\/\/casadecampoliving.com\/es\/no-se-pierdan-el-increible-tributo-a-frank-sinatra-para-celebrar-el-40-aniversario-del-anfiteatro-altos-de-chavon\/","url_meta":{"origin":350995,"position":0},"title":"No se pierdan el incre\u00edble tributo a Frank Sinatra para celebrar el 40 aniversario del\u00a0Anfiteatro Altos de Chav\u00f3n","author":"Casa de Campo Living","date":"20 Oct, 2022","format":false,"excerpt":"Siendo uno de los escenarios m\u00e1s emblem\u00e1ticos del pa\u00eds, Casa de Campo Resort\u00ae & Villas celebra las cuatro d\u00e9cadas de aniversario de Altos de Chav\u00f3n con un tributo al gran Frank Sinatra, protagonizado por artistas invitados y una big band tal cual la que acompa\u00f1\u00f3 al artista hace 40 a\u00f1os\u2026","rel":"","context":"En \u00abUncategorized @es\u00bb","block_context":{"text":"Uncategorized @es","link":"https:\/\/casadecampoliving.com\/es\/category\/uncategorized-es\/"},"img":{"alt_text":"","src":"https:\/\/i0.wp.com\/casadecampoliving.com\/wp-content\/uploads\/2022\/10\/Tributo-Frank-Sinatra-Foto-Principal-Amaury-Sanchez-Danilo-Ginebra-Andres-Pichardo-y-Jose-Gabriel-Perez-.jpg?fit=1200%2C873&ssl=1&resize=350%2C200","width":350,"height":200,"srcset":"https:\/\/i0.wp.com\/casadecampoliving.com\/wp-content\/uploads\/2022\/10\/Tributo-Frank-Sinatra-Foto-Principal-Amaury-Sanchez-Danilo-Ginebra-Andres-Pichardo-y-Jose-Gabriel-Perez-.jpg?fit=1200%2C873&ssl=1&resize=350%2C200 1x, https:\/\/i0.wp.com\/casadecampoliving.com\/wp-content\/uploads\/2022\/10\/Tributo-Frank-Sinatra-Foto-Principal-Amaury-Sanchez-Danilo-Ginebra-Andres-Pichardo-y-Jose-Gabriel-Perez-.jpg?fit=1200%2C873&ssl=1&resize=525%2C300 1.5x, https:\/\/i0.wp.com\/casadecampoliving.com\/wp-content\/uploads\/2022\/10\/Tributo-Frank-Sinatra-Foto-Principal-Amaury-Sanchez-Danilo-Ginebra-Andres-Pichardo-y-Jose-Gabriel-Perez-.jpg?fit=1200%2C873&ssl=1&resize=700%2C400 2x, https:\/\/i0.wp.com\/casadecampoliving.com\/wp-content\/uploads\/2022\/10\/Tributo-Frank-Sinatra-Foto-Principal-Amaury-Sanchez-Danilo-Ginebra-Andres-Pichardo-y-Jose-Gabriel-Perez-.jpg?fit=1200%2C873&ssl=1&resize=1050%2C600 3x"},"classes":[]},{"id":346439,"url":"https:\/\/casadecampoliving.com\/es\/hermoso-video-de-encendido-de-luces-navidenas-en-altos-de-chavon\/","url_meta":{"origin":350995,"position":1},"title":"Hermoso video del encendido de luces navide\u00f1as en Altos de Chav\u00f3n","author":"Rebecca Hughes","date":"3 Ene, 2015","format":false,"excerpt":"A medida que las celebraciones de las fiestas llegan a su fin, aqu\u00ed les traemos lo mejor de la temporada de fiestas en Casa de Campo \u2013 y es nuestro favorito \u2013 la inauguraci\u00f3n de la Navidad en Altos de Chav\u00f3n, \u00a1la majestuosa Ceremonia de Encendido de Luces Navide\u00f1as! La\u2026","rel":"","context":"En \u00abAltos de Chavon @es\u00bb","block_context":{"text":"Altos de Chavon @es","link":"https:\/\/casadecampoliving.com\/category\/altos-de-chavon-es\/"},"img":{"alt_text":"Altos de Chavon Christmas","src":"https:\/\/i0.wp.com\/casadecampoliving.com\/wp-content\/uploads\/2022\/10\/Altos_de_Chavon_Christmas-1.jpg?fit=650%2C375&ssl=1&resize=350%2C200","width":350,"height":200,"srcset":"https:\/\/i0.wp.com\/casadecampoliving.com\/wp-content\/uploads\/2022\/10\/Altos_de_Chavon_Christmas-1.jpg?fit=650%2C375&ssl=1&resize=350%2C200 1x, https:\/\/i0.wp.com\/casadecampoliving.com\/wp-content\/uploads\/2022\/10\/Altos_de_Chavon_Christmas-1.jpg?fit=650%2C375&ssl=1&resize=525%2C300 1.5x"},"classes":[]},{"id":346192,"url":"https:\/\/casadecampoliving.com\/es\/ho-ho-ho-felices-fiestas-inauguracion-de-la-navidad-este-sabado-en-altos-de-chavon\/","url_meta":{"origin":350995,"position":2},"title":"Ho ho ho \u00a1Felices Fiestas! Inauguraci\u00f3n de la Navidad este s\u00e1bado en Altos de Chav\u00f3n","author":"Daniela Medina","date":"8 Dic, 2014","format":false,"excerpt":"Este s\u00e1bado 13 de diciembre 2014, Casa de Campo y Altos de Chav\u00f3n te invita a celebrar el inicio oficial de la temporada de navidad con la primera aparici\u00f3n de Santa Claus, la ceremonia de iluminaci\u00f3n del \u00e1rbol de Navidad y hasta un concierto navide\u00f1o \u2013 \u00a1todo en la plaza\u2026","rel":"","context":"En \u00abAltos de Chavon @es\u00bb","block_context":{"text":"Altos de Chavon @es","link":"https:\/\/casadecampoliving.com\/category\/altos-de-chavon-es\/"},"img":{"alt_text":"Christmas Altos de Chavon","src":"https:\/\/i0.wp.com\/casadecampoliving.com\/wp-content\/uploads\/2014\/12\/Christmas_Altos_de_Chavon.jpg?resize=350%2C200&ssl=1","width":350,"height":200,"srcset":"https:\/\/i0.wp.com\/casadecampoliving.com\/wp-content\/uploads\/2014\/12\/Christmas_Altos_de_Chavon.jpg?resize=350%2C200&ssl=1 1x, https:\/\/i0.wp.com\/casadecampoliving.com\/wp-content\/uploads\/2014\/12\/Christmas_Altos_de_Chavon.jpg?resize=525%2C300&ssl=1 1.5x"},"classes":[]},{"id":352353,"url":"https:\/\/casadecampoliving.com\/es\/recordando-toda-la-diversion-de-las-fiestas-navidenas\/","url_meta":{"origin":350995,"position":3},"title":"\u00a1Recordando toda la diversi\u00f3n de las fiestas navide\u00f1as!","author":"Marlenys Guzm\u00e1n Casta\u00f1os","date":"2 Ene, 2018","format":false,"excerpt":"Siempre una de las \u00e9pocas m\u00e1s animadas y concurridas del a\u00f1o con numerosas fiestas consecutivas, diciembre en Casa de Campo est\u00e1 lleno de eventos festivos y conciertos de m\u00fasica en vivo. La semana pasada, Los Hermanos Rosario demostr\u00f3 por qu\u00e9 les llaman \"Due\u00f1os del Swing\", \u00a1y ahora les mostraremos algunas\u2026","rel":"","context":"En \u00abAltos de Chavon @es\u00bb","block_context":{"text":"Altos de Chavon @es","link":"https:\/\/casadecampoliving.com\/category\/altos-de-chavon-es\/"},"img":{"alt_text":"Angela y Genaro Jaquez","src":"https:\/\/i0.wp.com\/casadecampoliving.com\/wp-content\/uploads\/2022\/10\/Angela-y-Genaro-Jaquez.jpg?resize=350%2C200","width":350,"height":200,"srcset":"https:\/\/i0.wp.com\/casadecampoliving.com\/wp-content\/uploads\/2022\/10\/Angela-y-Genaro-Jaquez.jpg?resize=350%2C200 1x, https:\/\/i0.wp.com\/casadecampoliving.com\/wp-content\/uploads\/2022\/10\/Angela-y-Genaro-Jaquez.jpg?resize=525%2C300 1.5x, https:\/\/i0.wp.com\/casadecampoliving.com\/wp-content\/uploads\/2022\/10\/Angela-y-Genaro-Jaquez.jpg?resize=700%2C400 2x"},"classes":[]},{"id":348821,"url":"https:\/\/casadecampoliving.com\/es\/festividades-navidenas-altos-de-chavon\/","url_meta":{"origin":350995,"position":4},"title":"Festividades Navide\u00f1as en Altos de Chav\u00f3n","author":"Felix Guerrero","date":"16 Dic, 2015","format":false,"excerpt":"Las Fiestas Navide\u00f1as\u00a0en Altos de Chav\u00f3n se han convertido en una tradici\u00f3n maravillosa en Casa de Campo, la cual es celebrada con tanto entusiasmo como en todo el resto del pa\u00eds y del mundo. Conocida por su belleza arquitect\u00f3nica e id\u00edlica atm\u00f3sfera, la villa de Altos de Chav\u00f3n es el\u2026","rel":"","context":"En \u00abAltos de Chavon @es\u00bb","block_context":{"text":"Altos de Chavon @es","link":"https:\/\/casadecampoliving.com\/category\/altos-de-chavon-es\/"},"img":{"alt_text":"Holiday Festivities","src":"https:\/\/i0.wp.com\/casadecampoliving.com\/wp-content\/uploads\/2022\/10\/Holiday-Festivities-1.jpg?fit=650%2C400&ssl=1&resize=350%2C200","width":350,"height":200,"srcset":"https:\/\/i0.wp.com\/casadecampoliving.com\/wp-content\/uploads\/2022\/10\/Holiday-Festivities-1.jpg?fit=650%2C400&ssl=1&resize=350%2C200 1x, https:\/\/i0.wp.com\/casadecampoliving.com\/wp-content\/uploads\/2022\/10\/Holiday-Festivities-1.jpg?fit=650%2C400&ssl=1&resize=525%2C300 1.5x"},"classes":[]},{"id":536855,"url":"https:\/\/casadecampoliving.com\/es\/altos-de-chavon-da-la-bienvenida-a-la-temporada-navidena-con-el-encendido-de-luces\/","url_meta":{"origin":350995,"position":5},"title":"Altos de Chav\u00f3n da la bienvenida a la Temporada Navide\u00f1a con el Encendido de Luces","author":"Casa de Campo Living","date":"12 Dic, 2024","format":false,"excerpt":"La temporada navide\u00f1a comenz\u00f3 oficialmente el 2 de diciembre con el tradicional encendido de luces en Altos de Chav\u00f3n, organizado por Casa de Campo Resort & Villas. Este querido evento anual reuni\u00f3 a residentes, propietarios y visitantes en una alegre celebraci\u00f3n de las fiestas. Gabriella Reginato, una figura muy querida\u2026","rel":"","context":"En \u00abAltos de Chav\u00f3n\u00bb","block_context":{"text":"Altos de Chav\u00f3n","link":"https:\/\/casadecampoliving.com\/es\/category\/altos-de-chavon-6\/"},"img":{"alt_text":"","src":"https:\/\/i0.wp.com\/casadecampoliving.com\/wp-content\/uploads\/2024\/12\/2024-Christmas-Lighting-Ceremony11.jpg?fit=1200%2C800&ssl=1&resize=350%2C200","width":350,"height":200,"srcset":"https:\/\/i0.wp.com\/casadecampoliving.com\/wp-content\/uploads\/2024\/12\/2024-Christmas-Lighting-Ceremony11.jpg?fit=1200%2C800&ssl=1&resize=350%2C200 1x, https:\/\/i0.wp.com\/casadecampoliving.com\/wp-content\/uploads\/2024\/12\/2024-Christmas-Lighting-Ceremony11.jpg?fit=1200%2C800&ssl=1&resize=525%2C300 1.5x, https:\/\/i0.wp.com\/casadecampoliving.com\/wp-content\/uploads\/2024\/12\/2024-Christmas-Lighting-Ceremony11.jpg?fit=1200%2C800&ssl=1&resize=700%2C400 2x, https:\/\/i0.wp.com\/casadecampoliving.com\/wp-content\/uploads\/2024\/12\/2024-Christmas-Lighting-Ceremony11.jpg?fit=1200%2C800&ssl=1&resize=1050%2C600 3x"},"classes":[]}],"jetpack_sharing_enabled":true,"_links":{"self":[{"href":"https:\/\/casadecampoliving.com\/es\/wp-json\/wp\/v2\/posts\/350995","targetHints":{"allow":["GET"]}}],"collection":[{"href":"https:\/\/casadecampoliving.com\/es\/wp-json\/wp\/v2\/posts"}],"about":[{"href":"https:\/\/casadecampoliving.com\/es\/wp-json\/wp\/v2\/types\/post"}],"author":[{"embeddable":true,"href":"https:\/\/casadecampoliving.com\/es\/wp-json\/wp\/v2\/users\/36681"}],"replies":[{"embeddable":true,"href":"https:\/\/casadecampoliving.com\/es\/wp-json\/wp\/v2\/comments?post=350995"}],"version-history":[{"count":2,"href":"https:\/\/casadecampoliving.com\/es\/wp-json\/wp\/v2\/posts\/350995\/revisions"}],"predecessor-version":[{"id":506560,"href":"https:\/\/casadecampoliving.com\/es\/wp-json\/wp\/v2\/posts\/350995\/revisions\/506560"}],"wp:featuredmedia":[{"embeddable":true,"href":"https:\/\/casadecampoliving.com\/es\/wp-json\/wp\/v2\/media\/313900"}],"wp:attachment":[{"href":"https:\/\/casadecampoliving.com\/es\/wp-json\/wp\/v2\/media?parent=350995"}],"wp:term":[{"taxonomy":"category","embeddable":true,"href":"https:\/\/casadecampoliving.com\/es\/wp-json\/wp\/v2\/categories?post=350995"},{"taxonomy":"post_tag","embeddable":true,"href":"https:\/\/casadecampoliving.com\/es\/wp-json\/wp\/v2\/tags?post=350995"},{"taxonomy":"newspack_spnsrs_tax","embeddable":true,"href":"https:\/\/casadecampoliving.com\/es\/wp-json\/wp\/v2\/newspack_spnsrs_tax?post=350995"}],"curies":[{"name":"wp","href":"https:\/\/api.w.org\/{rel}","templated":true}]}}