{"id":350992,"date":"2017-01-09T00:00:00","date_gmt":"2017-01-09T04:00:00","guid":{"rendered":"https:\/\/casadecampoliving.com\/la-primera-edicion-del-ano-de-cafe-de-la-leche-sera-con-annie-paniagua\/"},"modified":"2022-11-10T10:30:13","modified_gmt":"2022-11-10T14:30:13","slug":"la-primera-edicion-del-ano-de-cafe-de-la-leche-sera-con-annie-paniagua","status":"publish","type":"post","link":"https:\/\/casadecampoliving.com\/es\/la-primera-edicion-del-ano-de-cafe-de-la-leche-sera-con-annie-paniagua\/","title":{"rendered":"La primera edici\u00f3n del a\u00f1o de Caf\u00e9 de la Leche ser\u00e1 con Annie Paniagua"},"content":{"rendered":"Aunque las\u00a0fiestas navide\u00f1as podr\u00e1n haber acabado, este nuevo a\u00f1o nos brinda nuevas oportunidad para continuar reuniendonos con amigos y familiares.\u00a0Annie Paniagua le invita la tradicional primera edici\u00f3n de Caf\u00e9 de la Leche del a\u00f1o este jueves en su hermosa casa de Campo villa, donde podr\u00e1 relajarse y disfrutar de la vista del r\u00edo Chav\u00f3n, la Marina Casa de Campo y el mar Caribe.\n\n<!--more-->\n\nEn apoyo a los ni\u00f1os del Hogar del Ni\u00f1o, las damas de Casa de Campo se re\u00fanen para recolectar leche para la Sala Cuna de la escuela, donde m\u00e1s de 200 beb\u00e9s son alimentados con m\u00e1s de 800 botellas de leche al d\u00eda. Una contribuci\u00f3n de RD $1,200 o 1,800 gramos de Milex Kinder, Gold, NAN, Enfamil, Alacta Plus o Nido Crecimiento al Caf\u00e9 de la Leche ayuda a proveer el 80% de la leche necesaria cada mes.\n\n<img data-recalc-dims=\"1\" loading=\"lazy\" decoding=\"async\" class=\"size-full wp-image-132103 aligncenter\" src=\"https:\/\/i0.wp.com\/casadecampoliving.com\/wp-content\/uploads\/2022\/10\/BDC_6123-e1483969965479.jpg?resize=1000%2C667&#038;ssl=1\" alt=\"Caf\u00e9 de la Leche - Annie Paniagua\" width=\"1000\" height=\"667\" \/>\n\nThe event also acts to raise attention for February&#8217;s big event\u2014the Hogar del Ni\u00f1o weekend on the 17th and 18th.\u00a0With the homes and gardens tour, tennis, golf, a mini triathlon and more, as well as a dinner-dance-party, it\u2019s a weekend worthy of saving the date!\n\nSee the gallery of photos below from last year&#8217;s\u00a0January\u00a0Caf\u00e9 de la Leche with\u00a0Annie Paniagua, taken by Bryan de la Cruz, and come this THURSDAY, January 12th for\u00a0another wonderful start to the year!\n\nEl evento es tambi\u00e9n una forma de motivar a todos asistir a su\u00a0actividad\u00a0de febrero, el fin de semana del Hogar del Ni\u00f1o, los d\u00edas 17 y 18. Este fin de semana cuenta con\u00a0un\u00a0tour de las casas y jardines, tenis, golf, mini triatl\u00f3n y m\u00e1s, as\u00ed como una cena-fiesta bailable, \u00a1es un fin de semana que definitivamente debemos marcar en nuestras agendas!\n\nVea la galer\u00eda de fotos del Caf\u00e9 de la Leche de enero del a\u00f1o pasado con Annie Paniagua, tomadas por Bryan de la Cruz, y acomp\u00e1\u00f1enos\u00a0ESTE\u00a0jueves 12 de enero para otro maravilloso inicio\u00a0del a\u00f1o!\n\n<strong>\n<figure class=\"wp-block-gallery has-nested-images columns-default is-cropped wp-block-gallery-1 is-layout-flex wp-block-gallery-is-layout-flex\">\n<figure class=\"wp-block-image size-large\"><img data-recalc-dims=\"1\" loading=\"lazy\" decoding=\"async\" width=\"800\" height=\"371\" data-id=\"434833\" src=\"https:\/\/i0.wp.com\/casadecampoliving.com\/wp-content\/uploads\/2022\/10\/cafe_de_la_leche_jan_2016_01.jpg?resize=800%2C371&#038;ssl=1\" alt=\"\" class=\"wp-image-434833\" srcset=\"https:\/\/i0.wp.com\/casadecampoliving.com\/wp-content\/uploads\/2022\/10\/cafe_de_la_leche_jan_2016_01.jpg?w=800&amp;ssl=1 800w, https:\/\/i0.wp.com\/casadecampoliving.com\/wp-content\/uploads\/2022\/10\/cafe_de_la_leche_jan_2016_01.jpg?resize=300%2C139&amp;ssl=1 300w, https:\/\/i0.wp.com\/casadecampoliving.com\/wp-content\/uploads\/2022\/10\/cafe_de_la_leche_jan_2016_01.jpg?resize=768%2C356&amp;ssl=1 768w, https:\/\/i0.wp.com\/casadecampoliving.com\/wp-content\/uploads\/2022\/10\/cafe_de_la_leche_jan_2016_01.jpg?resize=400%2C186&amp;ssl=1 400w, https:\/\/i0.wp.com\/casadecampoliving.com\/wp-content\/uploads\/2022\/10\/cafe_de_la_leche_jan_2016_01.jpg?resize=706%2C327&amp;ssl=1 706w, https:\/\/i0.wp.com\/casadecampoliving.com\/wp-content\/uploads\/2022\/10\/cafe_de_la_leche_jan_2016_01.jpg?resize=150%2C70&amp;ssl=1 150w, https:\/\/i0.wp.com\/casadecampoliving.com\/wp-content\/uploads\/2022\/10\/cafe_de_la_leche_jan_2016_01.jpg?w=370&amp;ssl=1 370w\" sizes=\"auto, (max-width: 800px) 100vw, 800px\" \/><\/figure>\n\n\n\n<figure class=\"wp-block-image size-large\"><img data-recalc-dims=\"1\" loading=\"lazy\" decoding=\"async\" width=\"800\" height=\"534\" data-id=\"434855\" src=\"https:\/\/i0.wp.com\/casadecampoliving.com\/wp-content\/uploads\/2022\/10\/cafe_de_la_leche_jan_2016_02.jpg?resize=800%2C534&#038;ssl=1\" alt=\"\" class=\"wp-image-434855\" srcset=\"https:\/\/i0.wp.com\/casadecampoliving.com\/wp-content\/uploads\/2022\/10\/cafe_de_la_leche_jan_2016_02.jpg?w=800&amp;ssl=1 800w, https:\/\/i0.wp.com\/casadecampoliving.com\/wp-content\/uploads\/2022\/10\/cafe_de_la_leche_jan_2016_02.jpg?resize=300%2C200&amp;ssl=1 300w, https:\/\/i0.wp.com\/casadecampoliving.com\/wp-content\/uploads\/2022\/10\/cafe_de_la_leche_jan_2016_02.jpg?resize=768%2C513&amp;ssl=1 768w, https:\/\/i0.wp.com\/casadecampoliving.com\/wp-content\/uploads\/2022\/10\/cafe_de_la_leche_jan_2016_02.jpg?resize=400%2C267&amp;ssl=1 400w, https:\/\/i0.wp.com\/casadecampoliving.com\/wp-content\/uploads\/2022\/10\/cafe_de_la_leche_jan_2016_02.jpg?resize=706%2C471&amp;ssl=1 706w, https:\/\/i0.wp.com\/casadecampoliving.com\/wp-content\/uploads\/2022\/10\/cafe_de_la_leche_jan_2016_02.jpg?resize=150%2C100&amp;ssl=1 150w, https:\/\/i0.wp.com\/casadecampoliving.com\/wp-content\/uploads\/2022\/10\/cafe_de_la_leche_jan_2016_02.jpg?w=370&amp;ssl=1 370w\" sizes=\"auto, (max-width: 800px) 100vw, 800px\" \/><\/figure>\n\n\n\n<figure class=\"wp-block-image size-large\"><img data-recalc-dims=\"1\" loading=\"lazy\" decoding=\"async\" width=\"800\" height=\"534\" data-id=\"434887\" src=\"https:\/\/i0.wp.com\/casadecampoliving.com\/wp-content\/uploads\/2022\/10\/cafe_de_la_leche_jan_2016_03.jpg?resize=800%2C534&#038;ssl=1\" alt=\"\" class=\"wp-image-434887\" srcset=\"https:\/\/i0.wp.com\/casadecampoliving.com\/wp-content\/uploads\/2022\/10\/cafe_de_la_leche_jan_2016_03.jpg?w=800&amp;ssl=1 800w, https:\/\/i0.wp.com\/casadecampoliving.com\/wp-content\/uploads\/2022\/10\/cafe_de_la_leche_jan_2016_03.jpg?resize=300%2C200&amp;ssl=1 300w, https:\/\/i0.wp.com\/casadecampoliving.com\/wp-content\/uploads\/2022\/10\/cafe_de_la_leche_jan_2016_03.jpg?resize=768%2C513&amp;ssl=1 768w, https:\/\/i0.wp.com\/casadecampoliving.com\/wp-content\/uploads\/2022\/10\/cafe_de_la_leche_jan_2016_03.jpg?resize=400%2C267&amp;ssl=1 400w, https:\/\/i0.wp.com\/casadecampoliving.com\/wp-content\/uploads\/2022\/10\/cafe_de_la_leche_jan_2016_03.jpg?resize=706%2C471&amp;ssl=1 706w, https:\/\/i0.wp.com\/casadecampoliving.com\/wp-content\/uploads\/2022\/10\/cafe_de_la_leche_jan_2016_03.jpg?resize=150%2C100&amp;ssl=1 150w, https:\/\/i0.wp.com\/casadecampoliving.com\/wp-content\/uploads\/2022\/10\/cafe_de_la_leche_jan_2016_03.jpg?w=370&amp;ssl=1 370w\" sizes=\"auto, (max-width: 800px) 100vw, 800px\" \/><\/figure>\n\n\n\n<figure class=\"wp-block-image size-large\"><img data-recalc-dims=\"1\" loading=\"lazy\" decoding=\"async\" width=\"800\" height=\"534\" data-id=\"434903\" src=\"https:\/\/i0.wp.com\/casadecampoliving.com\/wp-content\/uploads\/2022\/10\/cafe_de_la_leche_jan_2016_04.jpg?resize=800%2C534&#038;ssl=1\" alt=\"\" class=\"wp-image-434903\" srcset=\"https:\/\/i0.wp.com\/casadecampoliving.com\/wp-content\/uploads\/2022\/10\/cafe_de_la_leche_jan_2016_04.jpg?w=800&amp;ssl=1 800w, https:\/\/i0.wp.com\/casadecampoliving.com\/wp-content\/uploads\/2022\/10\/cafe_de_la_leche_jan_2016_04.jpg?resize=300%2C200&amp;ssl=1 300w, https:\/\/i0.wp.com\/casadecampoliving.com\/wp-content\/uploads\/2022\/10\/cafe_de_la_leche_jan_2016_04.jpg?resize=768%2C513&amp;ssl=1 768w, https:\/\/i0.wp.com\/casadecampoliving.com\/wp-content\/uploads\/2022\/10\/cafe_de_la_leche_jan_2016_04.jpg?resize=400%2C267&amp;ssl=1 400w, https:\/\/i0.wp.com\/casadecampoliving.com\/wp-content\/uploads\/2022\/10\/cafe_de_la_leche_jan_2016_04.jpg?resize=706%2C471&amp;ssl=1 706w, https:\/\/i0.wp.com\/casadecampoliving.com\/wp-content\/uploads\/2022\/10\/cafe_de_la_leche_jan_2016_04.jpg?resize=150%2C100&amp;ssl=1 150w, https:\/\/i0.wp.com\/casadecampoliving.com\/wp-content\/uploads\/2022\/10\/cafe_de_la_leche_jan_2016_04.jpg?w=370&amp;ssl=1 370w\" sizes=\"auto, (max-width: 800px) 100vw, 800px\" \/><\/figure>\n\n\n\n<figure class=\"wp-block-image size-large\"><img data-recalc-dims=\"1\" loading=\"lazy\" decoding=\"async\" width=\"480\" height=\"600\" data-id=\"434925\" src=\"https:\/\/i0.wp.com\/casadecampoliving.com\/wp-content\/uploads\/2022\/10\/cafe_de_la_leche_jan_2016_05.jpg?resize=480%2C600&#038;ssl=1\" alt=\"\" class=\"wp-image-434925\" srcset=\"https:\/\/i0.wp.com\/casadecampoliving.com\/wp-content\/uploads\/2022\/10\/cafe_de_la_leche_jan_2016_05.jpg?w=480&amp;ssl=1 480w, https:\/\/i0.wp.com\/casadecampoliving.com\/wp-content\/uploads\/2022\/10\/cafe_de_la_leche_jan_2016_05.jpg?resize=240%2C300&amp;ssl=1 240w, https:\/\/i0.wp.com\/casadecampoliving.com\/wp-content\/uploads\/2022\/10\/cafe_de_la_leche_jan_2016_05.jpg?resize=400%2C500&amp;ssl=1 400w, https:\/\/i0.wp.com\/casadecampoliving.com\/wp-content\/uploads\/2022\/10\/cafe_de_la_leche_jan_2016_05.jpg?resize=150%2C188&amp;ssl=1 150w, https:\/\/i0.wp.com\/casadecampoliving.com\/wp-content\/uploads\/2022\/10\/cafe_de_la_leche_jan_2016_05.jpg?w=370&amp;ssl=1 370w\" sizes=\"auto, (max-width: 480px) 100vw, 480px\" \/><\/figure>\n\n\n\n<figure class=\"wp-block-image size-large\"><img data-recalc-dims=\"1\" loading=\"lazy\" decoding=\"async\" width=\"800\" height=\"534\" data-id=\"434948\" src=\"https:\/\/i0.wp.com\/casadecampoliving.com\/wp-content\/uploads\/2022\/10\/cafe_de_la_leche_jan_2016_06.jpg?resize=800%2C534&#038;ssl=1\" alt=\"\" class=\"wp-image-434948\" srcset=\"https:\/\/i0.wp.com\/casadecampoliving.com\/wp-content\/uploads\/2022\/10\/cafe_de_la_leche_jan_2016_06.jpg?w=800&amp;ssl=1 800w, https:\/\/i0.wp.com\/casadecampoliving.com\/wp-content\/uploads\/2022\/10\/cafe_de_la_leche_jan_2016_06.jpg?resize=300%2C200&amp;ssl=1 300w, https:\/\/i0.wp.com\/casadecampoliving.com\/wp-content\/uploads\/2022\/10\/cafe_de_la_leche_jan_2016_06.jpg?resize=768%2C513&amp;ssl=1 768w, https:\/\/i0.wp.com\/casadecampoliving.com\/wp-content\/uploads\/2022\/10\/cafe_de_la_leche_jan_2016_06.jpg?resize=400%2C267&amp;ssl=1 400w, https:\/\/i0.wp.com\/casadecampoliving.com\/wp-content\/uploads\/2022\/10\/cafe_de_la_leche_jan_2016_06.jpg?resize=706%2C471&amp;ssl=1 706w, https:\/\/i0.wp.com\/casadecampoliving.com\/wp-content\/uploads\/2022\/10\/cafe_de_la_leche_jan_2016_06.jpg?resize=150%2C100&amp;ssl=1 150w, https:\/\/i0.wp.com\/casadecampoliving.com\/wp-content\/uploads\/2022\/10\/cafe_de_la_leche_jan_2016_06.jpg?w=370&amp;ssl=1 370w\" sizes=\"auto, (max-width: 800px) 100vw, 800px\" \/><\/figure>\n\n\n\n<figure class=\"wp-block-image size-large\"><img data-recalc-dims=\"1\" loading=\"lazy\" decoding=\"async\" width=\"800\" height=\"534\" data-id=\"434962\" src=\"https:\/\/i0.wp.com\/casadecampoliving.com\/wp-content\/uploads\/2022\/10\/cafe_de_la_leche_jan_2016_07.jpg?resize=800%2C534&#038;ssl=1\" alt=\"\" class=\"wp-image-434962\" srcset=\"https:\/\/i0.wp.com\/casadecampoliving.com\/wp-content\/uploads\/2022\/10\/cafe_de_la_leche_jan_2016_07.jpg?w=800&amp;ssl=1 800w, https:\/\/i0.wp.com\/casadecampoliving.com\/wp-content\/uploads\/2022\/10\/cafe_de_la_leche_jan_2016_07.jpg?resize=300%2C200&amp;ssl=1 300w, https:\/\/i0.wp.com\/casadecampoliving.com\/wp-content\/uploads\/2022\/10\/cafe_de_la_leche_jan_2016_07.jpg?resize=768%2C513&amp;ssl=1 768w, https:\/\/i0.wp.com\/casadecampoliving.com\/wp-content\/uploads\/2022\/10\/cafe_de_la_leche_jan_2016_07.jpg?resize=400%2C267&amp;ssl=1 400w, https:\/\/i0.wp.com\/casadecampoliving.com\/wp-content\/uploads\/2022\/10\/cafe_de_la_leche_jan_2016_07.jpg?resize=706%2C471&amp;ssl=1 706w, https:\/\/i0.wp.com\/casadecampoliving.com\/wp-content\/uploads\/2022\/10\/cafe_de_la_leche_jan_2016_07.jpg?resize=150%2C100&amp;ssl=1 150w, https:\/\/i0.wp.com\/casadecampoliving.com\/wp-content\/uploads\/2022\/10\/cafe_de_la_leche_jan_2016_07.jpg?w=370&amp;ssl=1 370w\" sizes=\"auto, (max-width: 800px) 100vw, 800px\" \/><\/figure>\n\n\n\n<figure class=\"wp-block-image size-large\"><img data-recalc-dims=\"1\" loading=\"lazy\" decoding=\"async\" width=\"800\" height=\"534\" data-id=\"434983\" src=\"https:\/\/i0.wp.com\/casadecampoliving.com\/wp-content\/uploads\/2022\/10\/cafe_de_la_leche_jan_2016_08.jpg?resize=800%2C534&#038;ssl=1\" alt=\"\" class=\"wp-image-434983\" srcset=\"https:\/\/i0.wp.com\/casadecampoliving.com\/wp-content\/uploads\/2022\/10\/cafe_de_la_leche_jan_2016_08.jpg?w=800&amp;ssl=1 800w, https:\/\/i0.wp.com\/casadecampoliving.com\/wp-content\/uploads\/2022\/10\/cafe_de_la_leche_jan_2016_08.jpg?resize=300%2C200&amp;ssl=1 300w, https:\/\/i0.wp.com\/casadecampoliving.com\/wp-content\/uploads\/2022\/10\/cafe_de_la_leche_jan_2016_08.jpg?resize=768%2C513&amp;ssl=1 768w, https:\/\/i0.wp.com\/casadecampoliving.com\/wp-content\/uploads\/2022\/10\/cafe_de_la_leche_jan_2016_08.jpg?resize=400%2C267&amp;ssl=1 400w, https:\/\/i0.wp.com\/casadecampoliving.com\/wp-content\/uploads\/2022\/10\/cafe_de_la_leche_jan_2016_08.jpg?resize=706%2C471&amp;ssl=1 706w, https:\/\/i0.wp.com\/casadecampoliving.com\/wp-content\/uploads\/2022\/10\/cafe_de_la_leche_jan_2016_08.jpg?resize=150%2C100&amp;ssl=1 150w, https:\/\/i0.wp.com\/casadecampoliving.com\/wp-content\/uploads\/2022\/10\/cafe_de_la_leche_jan_2016_08.jpg?w=370&amp;ssl=1 370w\" sizes=\"auto, (max-width: 800px) 100vw, 800px\" \/><\/figure>\n\n\n\n<figure class=\"wp-block-image size-large\"><img data-recalc-dims=\"1\" loading=\"lazy\" decoding=\"async\" width=\"800\" height=\"534\" data-id=\"435007\" src=\"https:\/\/i0.wp.com\/casadecampoliving.com\/wp-content\/uploads\/2022\/10\/cafe_de_la_leche_jan_2016_09.jpg?resize=800%2C534&#038;ssl=1\" alt=\"\" class=\"wp-image-435007\" srcset=\"https:\/\/i0.wp.com\/casadecampoliving.com\/wp-content\/uploads\/2022\/10\/cafe_de_la_leche_jan_2016_09.jpg?w=800&amp;ssl=1 800w, https:\/\/i0.wp.com\/casadecampoliving.com\/wp-content\/uploads\/2022\/10\/cafe_de_la_leche_jan_2016_09.jpg?resize=300%2C200&amp;ssl=1 300w, https:\/\/i0.wp.com\/casadecampoliving.com\/wp-content\/uploads\/2022\/10\/cafe_de_la_leche_jan_2016_09.jpg?resize=768%2C513&amp;ssl=1 768w, https:\/\/i0.wp.com\/casadecampoliving.com\/wp-content\/uploads\/2022\/10\/cafe_de_la_leche_jan_2016_09.jpg?resize=400%2C267&amp;ssl=1 400w, https:\/\/i0.wp.com\/casadecampoliving.com\/wp-content\/uploads\/2022\/10\/cafe_de_la_leche_jan_2016_09.jpg?resize=706%2C471&amp;ssl=1 706w, https:\/\/i0.wp.com\/casadecampoliving.com\/wp-content\/uploads\/2022\/10\/cafe_de_la_leche_jan_2016_09.jpg?resize=150%2C100&amp;ssl=1 150w, https:\/\/i0.wp.com\/casadecampoliving.com\/wp-content\/uploads\/2022\/10\/cafe_de_la_leche_jan_2016_09.jpg?w=370&amp;ssl=1 370w\" sizes=\"auto, (max-width: 800px) 100vw, 800px\" \/><\/figure>\n\n\n\n<figure class=\"wp-block-image size-large\"><img data-recalc-dims=\"1\" loading=\"lazy\" decoding=\"async\" width=\"800\" height=\"534\" data-id=\"435022\" src=\"https:\/\/i0.wp.com\/casadecampoliving.com\/wp-content\/uploads\/2022\/10\/cafe_de_la_leche_jan_2016_10.jpg?resize=800%2C534&#038;ssl=1\" alt=\"\" class=\"wp-image-435022\" srcset=\"https:\/\/i0.wp.com\/casadecampoliving.com\/wp-content\/uploads\/2022\/10\/cafe_de_la_leche_jan_2016_10.jpg?w=800&amp;ssl=1 800w, https:\/\/i0.wp.com\/casadecampoliving.com\/wp-content\/uploads\/2022\/10\/cafe_de_la_leche_jan_2016_10.jpg?resize=300%2C200&amp;ssl=1 300w, https:\/\/i0.wp.com\/casadecampoliving.com\/wp-content\/uploads\/2022\/10\/cafe_de_la_leche_jan_2016_10.jpg?resize=768%2C513&amp;ssl=1 768w, https:\/\/i0.wp.com\/casadecampoliving.com\/wp-content\/uploads\/2022\/10\/cafe_de_la_leche_jan_2016_10.jpg?resize=400%2C267&amp;ssl=1 400w, https:\/\/i0.wp.com\/casadecampoliving.com\/wp-content\/uploads\/2022\/10\/cafe_de_la_leche_jan_2016_10.jpg?resize=706%2C471&amp;ssl=1 706w, https:\/\/i0.wp.com\/casadecampoliving.com\/wp-content\/uploads\/2022\/10\/cafe_de_la_leche_jan_2016_10.jpg?resize=150%2C100&amp;ssl=1 150w, https:\/\/i0.wp.com\/casadecampoliving.com\/wp-content\/uploads\/2022\/10\/cafe_de_la_leche_jan_2016_10.jpg?w=370&amp;ssl=1 370w\" sizes=\"auto, (max-width: 800px) 100vw, 800px\" \/><\/figure>\n\n\n\n<figure class=\"wp-block-image size-large\"><img data-recalc-dims=\"1\" loading=\"lazy\" decoding=\"async\" width=\"523\" height=\"600\" data-id=\"435047\" src=\"https:\/\/i0.wp.com\/casadecampoliving.com\/wp-content\/uploads\/2022\/10\/cafe_de_la_leche_jan_2016_11.jpg?resize=523%2C600&#038;ssl=1\" alt=\"\" class=\"wp-image-435047\" srcset=\"https:\/\/i0.wp.com\/casadecampoliving.com\/wp-content\/uploads\/2022\/10\/cafe_de_la_leche_jan_2016_11.jpg?w=523&amp;ssl=1 523w, https:\/\/i0.wp.com\/casadecampoliving.com\/wp-content\/uploads\/2022\/10\/cafe_de_la_leche_jan_2016_11.jpg?resize=262%2C300&amp;ssl=1 262w, https:\/\/i0.wp.com\/casadecampoliving.com\/wp-content\/uploads\/2022\/10\/cafe_de_la_leche_jan_2016_11.jpg?resize=400%2C459&amp;ssl=1 400w, https:\/\/i0.wp.com\/casadecampoliving.com\/wp-content\/uploads\/2022\/10\/cafe_de_la_leche_jan_2016_11.jpg?resize=150%2C172&amp;ssl=1 150w, https:\/\/i0.wp.com\/casadecampoliving.com\/wp-content\/uploads\/2022\/10\/cafe_de_la_leche_jan_2016_11.jpg?w=370&amp;ssl=1 370w\" sizes=\"auto, (max-width: 523px) 100vw, 523px\" \/><\/figure>\n\n\n\n<figure class=\"wp-block-image size-large\"><img data-recalc-dims=\"1\" loading=\"lazy\" decoding=\"async\" width=\"800\" height=\"534\" data-id=\"435064\" src=\"https:\/\/i0.wp.com\/casadecampoliving.com\/wp-content\/uploads\/2022\/10\/cafe_de_la_leche_jan_2016_12.jpg?resize=800%2C534&#038;ssl=1\" alt=\"\" class=\"wp-image-435064\" srcset=\"https:\/\/i0.wp.com\/casadecampoliving.com\/wp-content\/uploads\/2022\/10\/cafe_de_la_leche_jan_2016_12.jpg?w=800&amp;ssl=1 800w, https:\/\/i0.wp.com\/casadecampoliving.com\/wp-content\/uploads\/2022\/10\/cafe_de_la_leche_jan_2016_12.jpg?resize=300%2C200&amp;ssl=1 300w, https:\/\/i0.wp.com\/casadecampoliving.com\/wp-content\/uploads\/2022\/10\/cafe_de_la_leche_jan_2016_12.jpg?resize=768%2C513&amp;ssl=1 768w, https:\/\/i0.wp.com\/casadecampoliving.com\/wp-content\/uploads\/2022\/10\/cafe_de_la_leche_jan_2016_12.jpg?resize=400%2C267&amp;ssl=1 400w, https:\/\/i0.wp.com\/casadecampoliving.com\/wp-content\/uploads\/2022\/10\/cafe_de_la_leche_jan_2016_12.jpg?resize=706%2C471&amp;ssl=1 706w, https:\/\/i0.wp.com\/casadecampoliving.com\/wp-content\/uploads\/2022\/10\/cafe_de_la_leche_jan_2016_12.jpg?resize=150%2C100&amp;ssl=1 150w, https:\/\/i0.wp.com\/casadecampoliving.com\/wp-content\/uploads\/2022\/10\/cafe_de_la_leche_jan_2016_12.jpg?w=370&amp;ssl=1 370w\" sizes=\"auto, (max-width: 800px) 100vw, 800px\" \/><\/figure>\n\n\n\n<figure class=\"wp-block-image size-large\"><img data-recalc-dims=\"1\" loading=\"lazy\" decoding=\"async\" width=\"800\" height=\"534\" data-id=\"435080\" src=\"https:\/\/i0.wp.com\/casadecampoliving.com\/wp-content\/uploads\/2022\/10\/cafe_de_la_leche_jan_2016_13.jpg?resize=800%2C534&#038;ssl=1\" alt=\"\" class=\"wp-image-435080\" srcset=\"https:\/\/i0.wp.com\/casadecampoliving.com\/wp-content\/uploads\/2022\/10\/cafe_de_la_leche_jan_2016_13.jpg?w=800&amp;ssl=1 800w, https:\/\/i0.wp.com\/casadecampoliving.com\/wp-content\/uploads\/2022\/10\/cafe_de_la_leche_jan_2016_13.jpg?resize=300%2C200&amp;ssl=1 300w, https:\/\/i0.wp.com\/casadecampoliving.com\/wp-content\/uploads\/2022\/10\/cafe_de_la_leche_jan_2016_13.jpg?resize=768%2C513&amp;ssl=1 768w, https:\/\/i0.wp.com\/casadecampoliving.com\/wp-content\/uploads\/2022\/10\/cafe_de_la_leche_jan_2016_13.jpg?resize=400%2C267&amp;ssl=1 400w, https:\/\/i0.wp.com\/casadecampoliving.com\/wp-content\/uploads\/2022\/10\/cafe_de_la_leche_jan_2016_13.jpg?resize=706%2C471&amp;ssl=1 706w, https:\/\/i0.wp.com\/casadecampoliving.com\/wp-content\/uploads\/2022\/10\/cafe_de_la_leche_jan_2016_13.jpg?resize=150%2C100&amp;ssl=1 150w, https:\/\/i0.wp.com\/casadecampoliving.com\/wp-content\/uploads\/2022\/10\/cafe_de_la_leche_jan_2016_13.jpg?w=370&amp;ssl=1 370w\" sizes=\"auto, (max-width: 800px) 100vw, 800px\" \/><\/figure>\n\n\n\n<figure class=\"wp-block-image size-large\"><img data-recalc-dims=\"1\" loading=\"lazy\" decoding=\"async\" width=\"800\" height=\"534\" data-id=\"435096\" src=\"https:\/\/i0.wp.com\/casadecampoliving.com\/wp-content\/uploads\/2022\/10\/cafe_de_la_leche_jan_2016_14.jpg?resize=800%2C534&#038;ssl=1\" alt=\"\" class=\"wp-image-435096\" srcset=\"https:\/\/i0.wp.com\/casadecampoliving.com\/wp-content\/uploads\/2022\/10\/cafe_de_la_leche_jan_2016_14.jpg?w=800&amp;ssl=1 800w, https:\/\/i0.wp.com\/casadecampoliving.com\/wp-content\/uploads\/2022\/10\/cafe_de_la_leche_jan_2016_14.jpg?resize=300%2C200&amp;ssl=1 300w, https:\/\/i0.wp.com\/casadecampoliving.com\/wp-content\/uploads\/2022\/10\/cafe_de_la_leche_jan_2016_14.jpg?resize=768%2C513&amp;ssl=1 768w, https:\/\/i0.wp.com\/casadecampoliving.com\/wp-content\/uploads\/2022\/10\/cafe_de_la_leche_jan_2016_14.jpg?resize=400%2C267&amp;ssl=1 400w, https:\/\/i0.wp.com\/casadecampoliving.com\/wp-content\/uploads\/2022\/10\/cafe_de_la_leche_jan_2016_14.jpg?resize=706%2C471&amp;ssl=1 706w, https:\/\/i0.wp.com\/casadecampoliving.com\/wp-content\/uploads\/2022\/10\/cafe_de_la_leche_jan_2016_14.jpg?resize=150%2C100&amp;ssl=1 150w, https:\/\/i0.wp.com\/casadecampoliving.com\/wp-content\/uploads\/2022\/10\/cafe_de_la_leche_jan_2016_14.jpg?w=370&amp;ssl=1 370w\" sizes=\"auto, (max-width: 800px) 100vw, 800px\" \/><\/figure>\n\n\n\n<figure class=\"wp-block-image size-large\"><img data-recalc-dims=\"1\" loading=\"lazy\" decoding=\"async\" width=\"800\" height=\"534\" data-id=\"435116\" src=\"https:\/\/i0.wp.com\/casadecampoliving.com\/wp-content\/uploads\/2022\/10\/cafe_de_la_leche_jan_2016_15.jpg?resize=800%2C534&#038;ssl=1\" alt=\"\" class=\"wp-image-435116\" srcset=\"https:\/\/i0.wp.com\/casadecampoliving.com\/wp-content\/uploads\/2022\/10\/cafe_de_la_leche_jan_2016_15.jpg?w=800&amp;ssl=1 800w, https:\/\/i0.wp.com\/casadecampoliving.com\/wp-content\/uploads\/2022\/10\/cafe_de_la_leche_jan_2016_15.jpg?resize=300%2C200&amp;ssl=1 300w, https:\/\/i0.wp.com\/casadecampoliving.com\/wp-content\/uploads\/2022\/10\/cafe_de_la_leche_jan_2016_15.jpg?resize=768%2C513&amp;ssl=1 768w, https:\/\/i0.wp.com\/casadecampoliving.com\/wp-content\/uploads\/2022\/10\/cafe_de_la_leche_jan_2016_15.jpg?resize=400%2C267&amp;ssl=1 400w, https:\/\/i0.wp.com\/casadecampoliving.com\/wp-content\/uploads\/2022\/10\/cafe_de_la_leche_jan_2016_15.jpg?resize=706%2C471&amp;ssl=1 706w, https:\/\/i0.wp.com\/casadecampoliving.com\/wp-content\/uploads\/2022\/10\/cafe_de_la_leche_jan_2016_15.jpg?resize=150%2C100&amp;ssl=1 150w, https:\/\/i0.wp.com\/casadecampoliving.com\/wp-content\/uploads\/2022\/10\/cafe_de_la_leche_jan_2016_15.jpg?w=370&amp;ssl=1 370w\" sizes=\"auto, (max-width: 800px) 100vw, 800px\" \/><\/figure>\n\n\n\n<figure class=\"wp-block-image size-large\"><img data-recalc-dims=\"1\" loading=\"lazy\" decoding=\"async\" width=\"800\" height=\"534\" data-id=\"435137\" src=\"https:\/\/i0.wp.com\/casadecampoliving.com\/wp-content\/uploads\/2022\/10\/cafe_de_la_leche_jan_2016_16.jpg?resize=800%2C534&#038;ssl=1\" alt=\"\" class=\"wp-image-435137\" srcset=\"https:\/\/i0.wp.com\/casadecampoliving.com\/wp-content\/uploads\/2022\/10\/cafe_de_la_leche_jan_2016_16.jpg?w=800&amp;ssl=1 800w, https:\/\/i0.wp.com\/casadecampoliving.com\/wp-content\/uploads\/2022\/10\/cafe_de_la_leche_jan_2016_16.jpg?resize=300%2C200&amp;ssl=1 300w, https:\/\/i0.wp.com\/casadecampoliving.com\/wp-content\/uploads\/2022\/10\/cafe_de_la_leche_jan_2016_16.jpg?resize=768%2C513&amp;ssl=1 768w, https:\/\/i0.wp.com\/casadecampoliving.com\/wp-content\/uploads\/2022\/10\/cafe_de_la_leche_jan_2016_16.jpg?resize=400%2C267&amp;ssl=1 400w, https:\/\/i0.wp.com\/casadecampoliving.com\/wp-content\/uploads\/2022\/10\/cafe_de_la_leche_jan_2016_16.jpg?resize=706%2C471&amp;ssl=1 706w, https:\/\/i0.wp.com\/casadecampoliving.com\/wp-content\/uploads\/2022\/10\/cafe_de_la_leche_jan_2016_16.jpg?resize=150%2C100&amp;ssl=1 150w, https:\/\/i0.wp.com\/casadecampoliving.com\/wp-content\/uploads\/2022\/10\/cafe_de_la_leche_jan_2016_16.jpg?w=370&amp;ssl=1 370w\" sizes=\"auto, (max-width: 800px) 100vw, 800px\" \/><\/figure>\n\n\n\n<figure class=\"wp-block-image size-large\"><img data-recalc-dims=\"1\" loading=\"lazy\" decoding=\"async\" width=\"800\" height=\"534\" data-id=\"435154\" src=\"https:\/\/i0.wp.com\/casadecampoliving.com\/wp-content\/uploads\/2022\/10\/cafe_de_la_leche_jan_2016_17.jpg?resize=800%2C534&#038;ssl=1\" alt=\"\" class=\"wp-image-435154\" srcset=\"https:\/\/i0.wp.com\/casadecampoliving.com\/wp-content\/uploads\/2022\/10\/cafe_de_la_leche_jan_2016_17.jpg?w=800&amp;ssl=1 800w, https:\/\/i0.wp.com\/casadecampoliving.com\/wp-content\/uploads\/2022\/10\/cafe_de_la_leche_jan_2016_17.jpg?resize=300%2C200&amp;ssl=1 300w, https:\/\/i0.wp.com\/casadecampoliving.com\/wp-content\/uploads\/2022\/10\/cafe_de_la_leche_jan_2016_17.jpg?resize=768%2C513&amp;ssl=1 768w, https:\/\/i0.wp.com\/casadecampoliving.com\/wp-content\/uploads\/2022\/10\/cafe_de_la_leche_jan_2016_17.jpg?resize=400%2C267&amp;ssl=1 400w, https:\/\/i0.wp.com\/casadecampoliving.com\/wp-content\/uploads\/2022\/10\/cafe_de_la_leche_jan_2016_17.jpg?resize=706%2C471&amp;ssl=1 706w, https:\/\/i0.wp.com\/casadecampoliving.com\/wp-content\/uploads\/2022\/10\/cafe_de_la_leche_jan_2016_17.jpg?resize=150%2C100&amp;ssl=1 150w, https:\/\/i0.wp.com\/casadecampoliving.com\/wp-content\/uploads\/2022\/10\/cafe_de_la_leche_jan_2016_17.jpg?w=370&amp;ssl=1 370w\" sizes=\"auto, (max-width: 800px) 100vw, 800px\" \/><\/figure>\n<\/figure>\n<\/strong>\n<blockquote><img data-recalc-dims=\"1\" loading=\"lazy\" decoding=\"async\" class=\"size-full wp-image-132104 aligncenter\" src=\"https:\/\/i0.wp.com\/casadecampoliving.com\/wp-content\/uploads\/2022\/10\/Cafe-de-la-Leche-Enero-2017.jpg?resize=433%2C560&#038;ssl=1\" alt=\"Caf\u00e9 de la Leche - Annie Paniagua\" width=\"433\" height=\"560\" \/>\n\n<strong>Qu\u00e9:\u00a0<\/strong>Caf\u00e9 de la Leche con\u00a0Annie Paniagua\n\n<strong>Cu\u00e1ndo:<\/strong>\u00a0Este jueves 12 de enero, 2017\n\n<strong>D\u00f3nde:<\/strong>\u00a0Riomar #15\n\n<strong>Hora:<\/strong> 5:00 \u2013 7:00 p.m.\n\n<strong>Contribuci\u00f3n: <\/strong>Milex Kinder, Gold, NAN, Enfamil, Alacta Plus, Nido Crecimiento de\u00a01,800 gramos, o RD $1,200<\/blockquote>\n<blockquote><strong><a href=\"https:\/\/casadecampoliving.com\/hogardelnino\/\">The Hogar del Ni\u00f1o<\/a><\/strong>\n\n<img data-recalc-dims=\"1\" loading=\"lazy\" decoding=\"async\" class=\"alignright\" title=\"hogar_del_nino\" src=\"https:\/\/i0.wp.com\/casadecampoliving.com\/wp-content\/uploads\/2022\/10\/hogar_del_nino-28.jpg?resize=200%2C105&#038;ssl=1\" alt=\"hogar del nino \" width=\"200\" height=\"105\" \/>\n<p style=\"text-align: justify;\">El Hogar del Ni\u00f1o es un centro educacional y de cuidado para m\u00e1s de 1,500 ni\u00f1os, ubicado en el pueblo de La Romana, justo a las afueras de Casa de Campo. Ni\u00f1os que van desde los pocas semanas de nacidos hasta los 18 a\u00f1os de edad, son cuidados y educados a diario desde las 5:30am las 7pm.<\/p>\n<p style=\"text-align: justify;\">La organizaci\u00f3n tambi\u00e9n provee educaci\u00f3n especial para ni\u00f1os especiales que padecen de ceguera o con limitaciones auditivas, al igual que una escuela vocacional en la que m\u00e1s de 235 estudiantes reciben educaci\u00f3n en las distintas \u00e1reas como: costura, preparaci\u00f3n industrial, mantenimiento e instalaci\u00f3n el\u00e9ctrica; manejo de programas de c\u00f3mputos.<\/p>\n<strong>Comun\u00edquese con el Hogar del Ni\u00f1o al:\nTel:\u00a0<\/strong>(809) 523-8901<strong>\u00a0<\/strong>o al (809) 556-3181<strong>\nEmail:\u00a0<\/strong><a href=\"mailto:info@pbo.org.do\" target=\"_blank\" rel=\"noopener\">info@pbo.org.do<\/a><strong>\nSitio Web:\u00a0<\/strong><a href=\"http:\/\/pbo.org.do\/site\/es\/\" target=\"_blank\" rel=\"noopener\">pbo.org.do<\/a><\/blockquote>","protected":false},"excerpt":{"rendered":"<p>Aunque las\u00a0fiestas navide\u00f1as podr\u00e1n haber acabado, este nuevo a\u00f1o nos brinda nuevas oportunidad para continuar reuniendonos con amigos y familiares.\u00a0Annie Paniagua le invita la tradicional primera edici\u00f3n de Caf\u00e9 de la Leche del a\u00f1o este jueves en su hermosa casa de Campo villa, donde podr\u00e1 relajarse y disfrutar de la vista del r\u00edo Chav\u00f3n, la [&hellip;]<\/p>\n","protected":false},"author":36681,"featured_media":314008,"comment_status":"closed","ping_status":"closed","sticky":false,"template":"","format":"standard","meta":{"newspack_ads_suppress_ads":false,"newspack_popups_has_disabled_popups":false,"newspack_sponsor_sponsorship_scope":"","newspack_sponsor_native_byline_display":"inherit","newspack_sponsor_native_category_display":"inherit","newspack_sponsor_underwriter_style":"inherit","newspack_sponsor_underwriter_placement":"inherit","_newspack_byline_active":false,"_newspack_byline":"","newspack_hide_updated_date":false,"newspack_show_updated_date":false,"newspack_content_restriction_is_exempt":false,"newspack_featured_image_position":"","newspack_post_subtitle":"","newspack_article_summary_title":"Overview:","newspack_article_summary":"","_jetpack_memberships_contains_paid_content":false,"footnotes":"","jetpack_publicize_message":"","jetpack_publicize_feature_enabled":true,"jetpack_social_post_already_shared":false,"jetpack_social_options":{"image_generator_settings":{"template":"highway","default_image_id":0,"font":"","enabled":false},"version":2},"_wpas_customize_per_network":false},"categories":[2522,2516,14631,14625,2514,14627],"tags":[1705,23755,4484],"newspack_spnsrs_tax":[],"class_list":["post-350992","post","type-post","status-publish","format-standard","has-post-thumbnail","hentry","category-eventos-es","category-hogar-del-nino-es","category-estilo-de-vida","category-noticias-locales","category-fundaciones-es","category-proximamente","tag-annie-paniagua","tag-cafe-de-la-leche-es-5","tag-el-hogar-del-nino","entry"],"yoast_head":"<!-- This site is optimized with the Yoast SEO plugin v27.5 - https:\/\/yoast.com\/product\/yoast-seo-wordpress\/ -->\n<title>La primera edici\u00f3n del a\u00f1o de Caf\u00e9 de la Leche ser\u00e1 con Annie Paniagua | Casa de Campo Living<\/title>\n<meta name=\"description\" content=\"Aunque las\u00a0fiestas navide\u00f1as podr\u00e1n haber acabado, este nuevo a\u00f1o nos brinda nuevas oportunidad para continuar reuniendonos con amigos y familiares.\u00a0Annie\" \/>\n<meta name=\"robots\" content=\"index, follow, max-snippet:-1, max-image-preview:large, max-video-preview:-1\" \/>\n<link rel=\"canonical\" href=\"https:\/\/casadecampoliving.com\/es\/la-primera-edicion-del-ano-de-cafe-de-la-leche-sera-con-annie-paniagua\/\" \/>\n<meta property=\"og:locale\" content=\"es_ES\" \/>\n<meta property=\"og:type\" content=\"article\" \/>\n<meta property=\"og:title\" content=\"La primera edici\u00f3n del a\u00f1o de Caf\u00e9 de la Leche ser\u00e1 con Annie Paniagua | Casa de Campo Living\" \/>\n<meta property=\"og:description\" content=\"Aunque las\u00a0fiestas navide\u00f1as podr\u00e1n haber acabado, este nuevo a\u00f1o nos brinda nuevas oportunidad para continuar reuniendonos con amigos y familiares.\u00a0Annie\" \/>\n<meta property=\"og:url\" content=\"https:\/\/casadecampoliving.com\/es\/la-primera-edicion-del-ano-de-cafe-de-la-leche-sera-con-annie-paniagua\/\" \/>\n<meta property=\"og:site_name\" content=\"Casa de Campo Living\" \/>\n<meta property=\"article:publisher\" content=\"https:\/\/www.facebook.com\/casadecampoliving\" \/>\n<meta property=\"article:published_time\" content=\"2017-01-09T04:00:00+00:00\" \/>\n<meta property=\"article:modified_time\" content=\"2022-11-10T14:30:13+00:00\" \/>\n<meta property=\"og:image\" content=\"https:\/\/i0.wp.com\/casadecampoliving.com\/wp-content\/uploads\/2022\/10\/BDC_6200-e1483970301823.jpg?fit=1000%2C719&ssl=1\" \/>\n\t<meta property=\"og:image:width\" content=\"1000\" \/>\n\t<meta property=\"og:image:height\" content=\"719\" \/>\n\t<meta property=\"og:image:type\" content=\"image\/jpeg\" \/>\n<meta name=\"author\" content=\"Heather Lincoln\" \/>\n<meta name=\"twitter:card\" content=\"summary_large_image\" \/>\n<meta name=\"twitter:creator\" content=\"@cdcliving\" \/>\n<meta name=\"twitter:site\" content=\"@cdcliving\" \/>\n<meta name=\"twitter:label1\" content=\"Escrito por\" \/>\n\t<meta name=\"twitter:data1\" content=\"Heather Lincoln\" \/>\n\t<meta name=\"twitter:label2\" content=\"Tiempo de lectura\" \/>\n\t<meta name=\"twitter:data2\" content=\"3 minutos\" \/>\n<script type=\"application\/ld+json\" class=\"yoast-schema-graph\">{\"@context\":\"https:\\\/\\\/schema.org\",\"@graph\":[{\"@type\":\"Article\",\"@id\":\"https:\\\/\\\/casadecampoliving.com\\\/es\\\/la-primera-edicion-del-ano-de-cafe-de-la-leche-sera-con-annie-paniagua\\\/#article\",\"isPartOf\":{\"@id\":\"https:\\\/\\\/casadecampoliving.com\\\/es\\\/la-primera-edicion-del-ano-de-cafe-de-la-leche-sera-con-annie-paniagua\\\/\"},\"author\":{\"name\":\"Heather Lincoln\",\"@id\":\"https:\\\/\\\/casadecampoliving.com\\\/es\\\/#\\\/schema\\\/person\\\/e3abfc63c1478fd703266a6f33a3145d\"},\"headline\":\"La primera edici\u00f3n del a\u00f1o de Caf\u00e9 de la Leche ser\u00e1 con Annie Paniagua\",\"datePublished\":\"2017-01-09T04:00:00+00:00\",\"dateModified\":\"2022-11-10T14:30:13+00:00\",\"mainEntityOfPage\":{\"@id\":\"https:\\\/\\\/casadecampoliving.com\\\/es\\\/la-primera-edicion-del-ano-de-cafe-de-la-leche-sera-con-annie-paniagua\\\/\"},\"wordCount\":546,\"publisher\":{\"@id\":\"https:\\\/\\\/casadecampoliving.com\\\/es\\\/#organization\"},\"image\":{\"@id\":\"https:\\\/\\\/casadecampoliving.com\\\/es\\\/la-primera-edicion-del-ano-de-cafe-de-la-leche-sera-con-annie-paniagua\\\/#primaryimage\"},\"thumbnailUrl\":\"https:\\\/\\\/i0.wp.com\\\/casadecampoliving.com\\\/wp-content\\\/uploads\\\/2022\\\/10\\\/BDC_6200-e1483970301823.jpg?fit=1000%2C719&ssl=1\",\"keywords\":[\"annie paniagua\",\"cafe de la leche\",\"el hogar del nino\"],\"articleSection\":[\"Eventos\",\"Hogar del Ni\u00f1o @es\",\"Estilo de Vida\",\"Noticias Locales\",\"Fundaciones\",\"Proximamente\"],\"inLanguage\":\"es\"},{\"@type\":\"WebPage\",\"@id\":\"https:\\\/\\\/casadecampoliving.com\\\/es\\\/la-primera-edicion-del-ano-de-cafe-de-la-leche-sera-con-annie-paniagua\\\/\",\"url\":\"https:\\\/\\\/casadecampoliving.com\\\/es\\\/la-primera-edicion-del-ano-de-cafe-de-la-leche-sera-con-annie-paniagua\\\/\",\"name\":\"La primera edici\u00f3n del a\u00f1o de Caf\u00e9 de la Leche ser\u00e1 con Annie Paniagua | Casa de Campo Living\",\"isPartOf\":{\"@id\":\"https:\\\/\\\/casadecampoliving.com\\\/es\\\/#website\"},\"primaryImageOfPage\":{\"@id\":\"https:\\\/\\\/casadecampoliving.com\\\/es\\\/la-primera-edicion-del-ano-de-cafe-de-la-leche-sera-con-annie-paniagua\\\/#primaryimage\"},\"image\":{\"@id\":\"https:\\\/\\\/casadecampoliving.com\\\/es\\\/la-primera-edicion-del-ano-de-cafe-de-la-leche-sera-con-annie-paniagua\\\/#primaryimage\"},\"thumbnailUrl\":\"https:\\\/\\\/i0.wp.com\\\/casadecampoliving.com\\\/wp-content\\\/uploads\\\/2022\\\/10\\\/BDC_6200-e1483970301823.jpg?fit=1000%2C719&ssl=1\",\"datePublished\":\"2017-01-09T04:00:00+00:00\",\"dateModified\":\"2022-11-10T14:30:13+00:00\",\"description\":\"Aunque las\u00a0fiestas navide\u00f1as podr\u00e1n haber acabado, este nuevo a\u00f1o nos brinda nuevas oportunidad para continuar reuniendonos con amigos y familiares.\u00a0Annie\",\"breadcrumb\":{\"@id\":\"https:\\\/\\\/casadecampoliving.com\\\/es\\\/la-primera-edicion-del-ano-de-cafe-de-la-leche-sera-con-annie-paniagua\\\/#breadcrumb\"},\"inLanguage\":\"es\",\"potentialAction\":[{\"@type\":\"ReadAction\",\"target\":[\"https:\\\/\\\/casadecampoliving.com\\\/es\\\/la-primera-edicion-del-ano-de-cafe-de-la-leche-sera-con-annie-paniagua\\\/\"]}]},{\"@type\":\"ImageObject\",\"inLanguage\":\"es\",\"@id\":\"https:\\\/\\\/casadecampoliving.com\\\/es\\\/la-primera-edicion-del-ano-de-cafe-de-la-leche-sera-con-annie-paniagua\\\/#primaryimage\",\"url\":\"https:\\\/\\\/i0.wp.com\\\/casadecampoliving.com\\\/wp-content\\\/uploads\\\/2022\\\/10\\\/BDC_6200-e1483970301823.jpg?fit=1000%2C719&ssl=1\",\"contentUrl\":\"https:\\\/\\\/i0.wp.com\\\/casadecampoliving.com\\\/wp-content\\\/uploads\\\/2022\\\/10\\\/BDC_6200-e1483970301823.jpg?fit=1000%2C719&ssl=1\",\"width\":1000,\"height\":719,\"caption\":\"Caf\u00e9 de la Leche - Annie Paniagua\"},{\"@type\":\"BreadcrumbList\",\"@id\":\"https:\\\/\\\/casadecampoliving.com\\\/es\\\/la-primera-edicion-del-ano-de-cafe-de-la-leche-sera-con-annie-paniagua\\\/#breadcrumb\",\"itemListElement\":[{\"@type\":\"ListItem\",\"position\":1,\"name\":\"Home\",\"item\":\"https:\\\/\\\/casadecampoliving.com\\\/es\\\/\"},{\"@type\":\"ListItem\",\"position\":2,\"name\":\"La primera edici\u00f3n del a\u00f1o de Caf\u00e9 de la Leche ser\u00e1 con Annie Paniagua\"}]},{\"@type\":\"WebSite\",\"@id\":\"https:\\\/\\\/casadecampoliving.com\\\/es\\\/#website\",\"url\":\"https:\\\/\\\/casadecampoliving.com\\\/es\\\/\",\"name\":\"Casa de Campo Living\",\"description\":\"Resort community news and resources.\",\"publisher\":{\"@id\":\"https:\\\/\\\/casadecampoliving.com\\\/es\\\/#organization\"},\"potentialAction\":[{\"@type\":\"SearchAction\",\"target\":{\"@type\":\"EntryPoint\",\"urlTemplate\":\"https:\\\/\\\/casadecampoliving.com\\\/es\\\/?s={search_term_string}\"},\"query-input\":{\"@type\":\"PropertyValueSpecification\",\"valueRequired\":true,\"valueName\":\"search_term_string\"}}],\"inLanguage\":\"es\"},{\"@type\":\"Organization\",\"@id\":\"https:\\\/\\\/casadecampoliving.com\\\/es\\\/#organization\",\"name\":\"Casa de Campo Living\",\"url\":\"https:\\\/\\\/casadecampoliving.com\\\/es\\\/\",\"logo\":{\"@type\":\"ImageObject\",\"inLanguage\":\"es\",\"@id\":\"https:\\\/\\\/casadecampoliving.com\\\/es\\\/#\\\/schema\\\/logo\\\/image\\\/\",\"url\":\"https:\\\/\\\/i0.wp.com\\\/casadecampoliving.com\\\/wp-content\\\/uploads\\\/2022\\\/07\\\/CDCLivingLogo_V1-white-sized.png?fit=800%2C214&ssl=1\",\"contentUrl\":\"https:\\\/\\\/i0.wp.com\\\/casadecampoliving.com\\\/wp-content\\\/uploads\\\/2022\\\/07\\\/CDCLivingLogo_V1-white-sized.png?fit=800%2C214&ssl=1\",\"width\":800,\"height\":214,\"caption\":\"Casa de Campo Living\"},\"image\":{\"@id\":\"https:\\\/\\\/casadecampoliving.com\\\/es\\\/#\\\/schema\\\/logo\\\/image\\\/\"},\"sameAs\":[\"https:\\\/\\\/www.facebook.com\\\/casadecampoliving\",\"https:\\\/\\\/x.com\\\/cdcliving\"]},{\"@type\":\"Person\",\"@id\":\"https:\\\/\\\/casadecampoliving.com\\\/es\\\/#\\\/schema\\\/person\\\/e3abfc63c1478fd703266a6f33a3145d\",\"name\":\"Heather Lincoln\",\"image\":{\"@type\":\"ImageObject\",\"inLanguage\":\"es\",\"@id\":\"https:\\\/\\\/secure.gravatar.com\\\/avatar\\\/e8fc1ce4ad50385675908137b0d8d66be281d034bf072b4700460237638ea6d0?s=96&d=mm&r=g\",\"url\":\"https:\\\/\\\/secure.gravatar.com\\\/avatar\\\/e8fc1ce4ad50385675908137b0d8d66be281d034bf072b4700460237638ea6d0?s=96&d=mm&r=g\",\"contentUrl\":\"https:\\\/\\\/secure.gravatar.com\\\/avatar\\\/e8fc1ce4ad50385675908137b0d8d66be281d034bf072b4700460237638ea6d0?s=96&d=mm&r=g\",\"caption\":\"Heather Lincoln\"},\"url\":\"https:\\\/\\\/casadecampoliving.com\\\/es\\\/author\\\/hcastillo\\\/\"}]}<\/script>\n<!-- \/ Yoast SEO plugin. -->","yoast_head_json":{"title":"La primera edici\u00f3n del a\u00f1o de Caf\u00e9 de la Leche ser\u00e1 con Annie Paniagua | Casa de Campo Living","description":"Aunque las\u00a0fiestas navide\u00f1as podr\u00e1n haber acabado, este nuevo a\u00f1o nos brinda nuevas oportunidad para continuar reuniendonos con amigos y familiares.\u00a0Annie","robots":{"index":"index","follow":"follow","max-snippet":"max-snippet:-1","max-image-preview":"max-image-preview:large","max-video-preview":"max-video-preview:-1"},"canonical":"https:\/\/casadecampoliving.com\/es\/la-primera-edicion-del-ano-de-cafe-de-la-leche-sera-con-annie-paniagua\/","og_locale":"es_ES","og_type":"article","og_title":"La primera edici\u00f3n del a\u00f1o de Caf\u00e9 de la Leche ser\u00e1 con Annie Paniagua | Casa de Campo Living","og_description":"Aunque las\u00a0fiestas navide\u00f1as podr\u00e1n haber acabado, este nuevo a\u00f1o nos brinda nuevas oportunidad para continuar reuniendonos con amigos y familiares.\u00a0Annie","og_url":"https:\/\/casadecampoliving.com\/es\/la-primera-edicion-del-ano-de-cafe-de-la-leche-sera-con-annie-paniagua\/","og_site_name":"Casa de Campo Living","article_publisher":"https:\/\/www.facebook.com\/casadecampoliving","article_published_time":"2017-01-09T04:00:00+00:00","article_modified_time":"2022-11-10T14:30:13+00:00","og_image":[{"width":1000,"height":719,"url":"https:\/\/i0.wp.com\/casadecampoliving.com\/wp-content\/uploads\/2022\/10\/BDC_6200-e1483970301823.jpg?fit=1000%2C719&ssl=1","type":"image\/jpeg"}],"author":"Heather Lincoln","twitter_card":"summary_large_image","twitter_creator":"@cdcliving","twitter_site":"@cdcliving","twitter_misc":{"Escrito por":"Heather Lincoln","Tiempo de lectura":"3 minutos"},"schema":{"@context":"https:\/\/schema.org","@graph":[{"@type":"Article","@id":"https:\/\/casadecampoliving.com\/es\/la-primera-edicion-del-ano-de-cafe-de-la-leche-sera-con-annie-paniagua\/#article","isPartOf":{"@id":"https:\/\/casadecampoliving.com\/es\/la-primera-edicion-del-ano-de-cafe-de-la-leche-sera-con-annie-paniagua\/"},"author":{"name":"Heather Lincoln","@id":"https:\/\/casadecampoliving.com\/es\/#\/schema\/person\/e3abfc63c1478fd703266a6f33a3145d"},"headline":"La primera edici\u00f3n del a\u00f1o de Caf\u00e9 de la Leche ser\u00e1 con Annie Paniagua","datePublished":"2017-01-09T04:00:00+00:00","dateModified":"2022-11-10T14:30:13+00:00","mainEntityOfPage":{"@id":"https:\/\/casadecampoliving.com\/es\/la-primera-edicion-del-ano-de-cafe-de-la-leche-sera-con-annie-paniagua\/"},"wordCount":546,"publisher":{"@id":"https:\/\/casadecampoliving.com\/es\/#organization"},"image":{"@id":"https:\/\/casadecampoliving.com\/es\/la-primera-edicion-del-ano-de-cafe-de-la-leche-sera-con-annie-paniagua\/#primaryimage"},"thumbnailUrl":"https:\/\/i0.wp.com\/casadecampoliving.com\/wp-content\/uploads\/2022\/10\/BDC_6200-e1483970301823.jpg?fit=1000%2C719&ssl=1","keywords":["annie paniagua","cafe de la leche","el hogar del nino"],"articleSection":["Eventos","Hogar del Ni\u00f1o @es","Estilo de Vida","Noticias Locales","Fundaciones","Proximamente"],"inLanguage":"es"},{"@type":"WebPage","@id":"https:\/\/casadecampoliving.com\/es\/la-primera-edicion-del-ano-de-cafe-de-la-leche-sera-con-annie-paniagua\/","url":"https:\/\/casadecampoliving.com\/es\/la-primera-edicion-del-ano-de-cafe-de-la-leche-sera-con-annie-paniagua\/","name":"La primera edici\u00f3n del a\u00f1o de Caf\u00e9 de la Leche ser\u00e1 con Annie Paniagua | Casa de Campo Living","isPartOf":{"@id":"https:\/\/casadecampoliving.com\/es\/#website"},"primaryImageOfPage":{"@id":"https:\/\/casadecampoliving.com\/es\/la-primera-edicion-del-ano-de-cafe-de-la-leche-sera-con-annie-paniagua\/#primaryimage"},"image":{"@id":"https:\/\/casadecampoliving.com\/es\/la-primera-edicion-del-ano-de-cafe-de-la-leche-sera-con-annie-paniagua\/#primaryimage"},"thumbnailUrl":"https:\/\/i0.wp.com\/casadecampoliving.com\/wp-content\/uploads\/2022\/10\/BDC_6200-e1483970301823.jpg?fit=1000%2C719&ssl=1","datePublished":"2017-01-09T04:00:00+00:00","dateModified":"2022-11-10T14:30:13+00:00","description":"Aunque las\u00a0fiestas navide\u00f1as podr\u00e1n haber acabado, este nuevo a\u00f1o nos brinda nuevas oportunidad para continuar reuniendonos con amigos y familiares.\u00a0Annie","breadcrumb":{"@id":"https:\/\/casadecampoliving.com\/es\/la-primera-edicion-del-ano-de-cafe-de-la-leche-sera-con-annie-paniagua\/#breadcrumb"},"inLanguage":"es","potentialAction":[{"@type":"ReadAction","target":["https:\/\/casadecampoliving.com\/es\/la-primera-edicion-del-ano-de-cafe-de-la-leche-sera-con-annie-paniagua\/"]}]},{"@type":"ImageObject","inLanguage":"es","@id":"https:\/\/casadecampoliving.com\/es\/la-primera-edicion-del-ano-de-cafe-de-la-leche-sera-con-annie-paniagua\/#primaryimage","url":"https:\/\/i0.wp.com\/casadecampoliving.com\/wp-content\/uploads\/2022\/10\/BDC_6200-e1483970301823.jpg?fit=1000%2C719&ssl=1","contentUrl":"https:\/\/i0.wp.com\/casadecampoliving.com\/wp-content\/uploads\/2022\/10\/BDC_6200-e1483970301823.jpg?fit=1000%2C719&ssl=1","width":1000,"height":719,"caption":"Caf\u00e9 de la Leche - Annie Paniagua"},{"@type":"BreadcrumbList","@id":"https:\/\/casadecampoliving.com\/es\/la-primera-edicion-del-ano-de-cafe-de-la-leche-sera-con-annie-paniagua\/#breadcrumb","itemListElement":[{"@type":"ListItem","position":1,"name":"Home","item":"https:\/\/casadecampoliving.com\/es\/"},{"@type":"ListItem","position":2,"name":"La primera edici\u00f3n del a\u00f1o de Caf\u00e9 de la Leche ser\u00e1 con Annie Paniagua"}]},{"@type":"WebSite","@id":"https:\/\/casadecampoliving.com\/es\/#website","url":"https:\/\/casadecampoliving.com\/es\/","name":"Casa de Campo Living","description":"Resort community news and resources.","publisher":{"@id":"https:\/\/casadecampoliving.com\/es\/#organization"},"potentialAction":[{"@type":"SearchAction","target":{"@type":"EntryPoint","urlTemplate":"https:\/\/casadecampoliving.com\/es\/?s={search_term_string}"},"query-input":{"@type":"PropertyValueSpecification","valueRequired":true,"valueName":"search_term_string"}}],"inLanguage":"es"},{"@type":"Organization","@id":"https:\/\/casadecampoliving.com\/es\/#organization","name":"Casa de Campo Living","url":"https:\/\/casadecampoliving.com\/es\/","logo":{"@type":"ImageObject","inLanguage":"es","@id":"https:\/\/casadecampoliving.com\/es\/#\/schema\/logo\/image\/","url":"https:\/\/i0.wp.com\/casadecampoliving.com\/wp-content\/uploads\/2022\/07\/CDCLivingLogo_V1-white-sized.png?fit=800%2C214&ssl=1","contentUrl":"https:\/\/i0.wp.com\/casadecampoliving.com\/wp-content\/uploads\/2022\/07\/CDCLivingLogo_V1-white-sized.png?fit=800%2C214&ssl=1","width":800,"height":214,"caption":"Casa de Campo Living"},"image":{"@id":"https:\/\/casadecampoliving.com\/es\/#\/schema\/logo\/image\/"},"sameAs":["https:\/\/www.facebook.com\/casadecampoliving","https:\/\/x.com\/cdcliving"]},{"@type":"Person","@id":"https:\/\/casadecampoliving.com\/es\/#\/schema\/person\/e3abfc63c1478fd703266a6f33a3145d","name":"Heather Lincoln","image":{"@type":"ImageObject","inLanguage":"es","@id":"https:\/\/secure.gravatar.com\/avatar\/e8fc1ce4ad50385675908137b0d8d66be281d034bf072b4700460237638ea6d0?s=96&d=mm&r=g","url":"https:\/\/secure.gravatar.com\/avatar\/e8fc1ce4ad50385675908137b0d8d66be281d034bf072b4700460237638ea6d0?s=96&d=mm&r=g","contentUrl":"https:\/\/secure.gravatar.com\/avatar\/e8fc1ce4ad50385675908137b0d8d66be281d034bf072b4700460237638ea6d0?s=96&d=mm&r=g","caption":"Heather Lincoln"},"url":"https:\/\/casadecampoliving.com\/es\/author\/hcastillo\/"}]}},"parsely":{"version":"1.1.0","canonical_url":"https:\/\/casadecampoliving.com\/es\/la-primera-edicion-del-ano-de-cafe-de-la-leche-sera-con-annie-paniagua\/","smart_links":{"inbound":0,"outbound":0},"traffic_boost_suggestions_count":0,"meta":{"@context":"https:\/\/schema.org","@type":"NewsArticle","headline":"La primera edici\u00f3n del a\u00f1o de Caf\u00e9 de la Leche ser\u00e1 con Annie Paniagua","url":"http:\/\/casadecampoliving.com\/es\/la-primera-edicion-del-ano-de-cafe-de-la-leche-sera-con-annie-paniagua\/","mainEntityOfPage":{"@type":"WebPage","@id":"http:\/\/casadecampoliving.com\/es\/la-primera-edicion-del-ano-de-cafe-de-la-leche-sera-con-annie-paniagua\/"},"thumbnailUrl":"https:\/\/i0.wp.com\/casadecampoliving.com\/wp-content\/uploads\/2022\/10\/BDC_6200-e1483970301823.jpg?resize=150%2C150&ssl=1","image":{"@type":"ImageObject","url":"https:\/\/i0.wp.com\/casadecampoliving.com\/wp-content\/uploads\/2022\/10\/BDC_6200-e1483970301823.jpg?fit=1000%2C719&ssl=1"},"articleSection":"Eventos","author":[{"@type":"Person","name":"Heather Lincoln"}],"creator":["Heather Lincoln"],"publisher":{"@type":"Organization","name":"Casa de Campo Living","logo":"https:\/\/casadecampoliving.com\/wp-content\/uploads\/2022\/07\/CDCLivingLogo_V1-white-sized.png"},"keywords":["annie paniagua","cafe de la leche","el hogar del nino"],"dateCreated":"2017-01-09T04:00:00Z","datePublished":"2017-01-09T04:00:00Z","dateModified":"2022-11-10T14:30:13Z"},"rendered":"<script type=\"application\/ld+json\" class=\"wp-parsely-metadata\">{\"@context\":\"https:\\\/\\\/schema.org\",\"@type\":\"NewsArticle\",\"headline\":\"La primera edici\\u00f3n del a\\u00f1o de Caf\\u00e9 de la Leche ser\\u00e1 con Annie Paniagua\",\"url\":\"http:\\\/\\\/casadecampoliving.com\\\/es\\\/la-primera-edicion-del-ano-de-cafe-de-la-leche-sera-con-annie-paniagua\\\/\",\"mainEntityOfPage\":{\"@type\":\"WebPage\",\"@id\":\"http:\\\/\\\/casadecampoliving.com\\\/es\\\/la-primera-edicion-del-ano-de-cafe-de-la-leche-sera-con-annie-paniagua\\\/\"},\"thumbnailUrl\":\"https:\\\/\\\/i0.wp.com\\\/casadecampoliving.com\\\/wp-content\\\/uploads\\\/2022\\\/10\\\/BDC_6200-e1483970301823.jpg?resize=150%2C150&ssl=1\",\"image\":{\"@type\":\"ImageObject\",\"url\":\"https:\\\/\\\/i0.wp.com\\\/casadecampoliving.com\\\/wp-content\\\/uploads\\\/2022\\\/10\\\/BDC_6200-e1483970301823.jpg?fit=1000%2C719&ssl=1\"},\"articleSection\":\"Eventos\",\"author\":[{\"@type\":\"Person\",\"name\":\"Heather Lincoln\"}],\"creator\":[\"Heather Lincoln\"],\"publisher\":{\"@type\":\"Organization\",\"name\":\"Casa de Campo Living\",\"logo\":\"https:\\\/\\\/casadecampoliving.com\\\/wp-content\\\/uploads\\\/2022\\\/07\\\/CDCLivingLogo_V1-white-sized.png\"},\"keywords\":[\"annie paniagua\",\"cafe de la leche\",\"el hogar del nino\"],\"dateCreated\":\"2017-01-09T04:00:00Z\",\"datePublished\":\"2017-01-09T04:00:00Z\",\"dateModified\":\"2022-11-10T14:30:13Z\"}<\/script>","tracker_url":"https:\/\/cdn.parsely.com\/keys\/casadecampoliving.com\/p.js"},"jetpack_publicize_connections":[],"jetpack_featured_media_url":"https:\/\/i0.wp.com\/casadecampoliving.com\/wp-content\/uploads\/2022\/10\/BDC_6200-e1483970301823.jpg?fit=1000%2C719&ssl=1","jetpack-related-posts":[{"id":346449,"url":"https:\/\/casadecampoliving.com\/es\/annie-paniagua-sera-anfitriona-del-proximo-cafe-de-la-leche\/","url_meta":{"origin":350992,"position":0},"title":"Annie Paniagua ser\u00e1 anfitriona del pr\u00f3ximo Caf\u00e9 de la Leche","author":"Rebecca Hughes","date":"6 Ene, 2015","format":false,"excerpt":"\u00bfEst\u00e1 listo para iniciar todo un nuevo a\u00f1o de celebraciones de Caf\u00e9 de la Leche? Esperamos que s\u00ed, porque el primero se ha planeado y tendr\u00e1 lugar el viernes 16 de enero, con la encantadora Annie Paniagua como la anfitriona. Con Ana Mar\u00eda Paniagua como la elegante anfitriona, esta edici\u00f3n\u2026","rel":"","context":"En \u00abDestacados\u00bb","block_context":{"text":"Destacados","link":"https:\/\/casadecampoliving.com\/es\/category\/destacados\/"},"img":{"alt_text":"ana maria paniagua","src":"https:\/\/i0.wp.com\/casadecampoliving.com\/wp-content\/uploads\/2022\/10\/ana-maria-paniagua.jpg?fit=740%2C405&ssl=1&resize=350%2C200","width":350,"height":200,"srcset":"https:\/\/i0.wp.com\/casadecampoliving.com\/wp-content\/uploads\/2022\/10\/ana-maria-paniagua.jpg?fit=740%2C405&ssl=1&resize=350%2C200 1x, https:\/\/i0.wp.com\/casadecampoliving.com\/wp-content\/uploads\/2022\/10\/ana-maria-paniagua.jpg?fit=740%2C405&ssl=1&resize=525%2C300 1.5x, https:\/\/i0.wp.com\/casadecampoliving.com\/wp-content\/uploads\/2022\/10\/ana-maria-paniagua.jpg?fit=740%2C405&ssl=1&resize=700%2C400 2x"},"classes":[]},{"id":346583,"url":"https:\/\/casadecampoliving.com\/es\/cafe-de-la-leche-con-annie-paniagua\/","url_meta":{"origin":350992,"position":1},"title":"Caf\u00e9 de la Leche con Annie Paniagua","author":"Perkin Agramonte","date":"22 Ene, 2015","format":false,"excerpt":"Con el inicio del A\u00f1o Nuevo vienen las esperanzas, sue\u00f1os y resoluciones. Y a\u00f1o tras a\u00f1o, el Caf\u00e9 de la Leche de Annie Paniagua es el evento que da apertura al calendario de actividades filantr\u00f3picas de Casa de Campo. Con una magnifica vista, deliciosos c\u00f3cteles y picaderas, marcando un est\u00e1ndar\u2026","rel":"","context":"En \u00abCasa de Campo Living @es\u00bb","block_context":{"text":"Casa de Campo Living @es","link":"https:\/\/casadecampoliving.com\/category\/casa-de-campo-living-es\/"},"img":{"alt_text":"Ana Maria Paniagua, Erika Vilain","src":"https:\/\/i0.wp.com\/casadecampoliving.com\/wp-content\/uploads\/2022\/10\/Ana_Maria_Paniagua_Erika_Vilain-1.jpg?fit=650%2C436&ssl=1&resize=350%2C200","width":350,"height":200,"srcset":"https:\/\/i0.wp.com\/casadecampoliving.com\/wp-content\/uploads\/2022\/10\/Ana_Maria_Paniagua_Erika_Vilain-1.jpg?fit=650%2C436&ssl=1&resize=350%2C200 1x, https:\/\/i0.wp.com\/casadecampoliving.com\/wp-content\/uploads\/2022\/10\/Ana_Maria_Paniagua_Erika_Vilain-1.jpg?fit=650%2C436&ssl=1&resize=525%2C300 1.5x"},"classes":[]},{"id":340528,"url":"https:\/\/casadecampoliving.com\/es\/el-proximo-cafe-de-la-leche-sera-celebrado-el-8-de-febrero-por-annie-paniagua\/","url_meta":{"origin":350992,"position":2},"title":"\u00a1El pr\u00f3ximo Caf\u00e9 de la Leche ser\u00e1 celebrado el 8 de febrero por Annie Paniagua!","author":"","date":"27 Ene, 2013","format":false,"excerpt":"Siempre hemos esperado que el primer Caf\u00e9 de la Leche sea organizado por Ana Mar\u00eda Paniagua, y cuando \u00e9ste a\u00f1o la primera se realiz\u00f3 (por todo lo alto) en la tienda Shine en Altos de Chav\u00f3n, un gran n\u00famero de invitados nos quedamos con la duda de cu\u00e1ndo tendr\u00edamos la\u2026","rel":"","context":"En \u00abDestacados\u00bb","block_context":{"text":"Destacados","link":"https:\/\/casadecampoliving.com\/es\/category\/destacados\/"},"img":{"alt_text":"","src":"https:\/\/i0.wp.com\/casadecampoliving.com\/wp-content\/uploads\/2022\/10\/Cafe-Febrero-2013-02-1.jpg?fit=650%2C280&ssl=1&resize=350%2C200","width":350,"height":200,"srcset":"https:\/\/i0.wp.com\/casadecampoliving.com\/wp-content\/uploads\/2022\/10\/Cafe-Febrero-2013-02-1.jpg?fit=650%2C280&ssl=1&resize=350%2C200 1x, https:\/\/i0.wp.com\/casadecampoliving.com\/wp-content\/uploads\/2022\/10\/Cafe-Febrero-2013-02-1.jpg?fit=650%2C280&ssl=1&resize=525%2C300 1.5x"},"classes":[]},{"id":348955,"url":"https:\/\/casadecampoliving.com\/es\/inicia-el-ano-con-generosidad-en-el-primer-cafe-de-la-leche\/","url_meta":{"origin":350992,"position":3},"title":"Inicia el a\u00f1o con generosidad en el primer Caf\u00e9 de la Leche","author":"Perkin Agramonte","date":"6 Ene, 2016","format":false,"excerpt":"\u00a1El Caf\u00e9 de la Leche nunca se detiene en Casa de Campo! Unas semanas atr\u00e1s celebramos a lo grande el \u00faltimo Caf\u00e9 de la Leche del 2015 con Xiomara Menendez, pero el primero de este a\u00f1o nuevo ya est\u00e1 pautado para esta semana, el viernes, 8 de enero en Riomar\u2026","rel":"","context":"En \u00abAltos de Chavon @es\u00bb","block_context":{"text":"Altos de Chavon @es","link":"https:\/\/casadecampoliving.com\/category\/altos-de-chavon-es\/"},"img":{"alt_text":"Ana Maria Paniagua, Erika Vilain","src":"https:\/\/i0.wp.com\/casadecampoliving.com\/wp-content\/uploads\/2022\/10\/Ana_Maria_Paniagua_Erika_Vilain-1.jpg?fit=650%2C436&ssl=1&resize=350%2C200","width":350,"height":200,"srcset":"https:\/\/i0.wp.com\/casadecampoliving.com\/wp-content\/uploads\/2022\/10\/Ana_Maria_Paniagua_Erika_Vilain-1.jpg?fit=650%2C436&ssl=1&resize=350%2C200 1x, https:\/\/i0.wp.com\/casadecampoliving.com\/wp-content\/uploads\/2022\/10\/Ana_Maria_Paniagua_Erika_Vilain-1.jpg?fit=650%2C436&ssl=1&resize=525%2C300 1.5x"},"classes":[]},{"id":349034,"url":"https:\/\/casadecampoliving.com\/es\/cafe-de-la-leche-sra-annie-paniagua\/","url_meta":{"origin":350992,"position":4},"title":"Caf\u00e9 de la Leche con la Sra. Annie Paniagua","author":"Marlenys Guzm\u00e1n Casta\u00f1os","date":"20 Ene, 2016","format":false,"excerpt":"Cada mes tenemos dos compromisos muy importantes con el Hogar del Ni\u00f1o: A Night for the Kids y Caf\u00e9 de la Leche. En esta ocasi\u00f3n compartimos con ustedes lo que ocurri\u00f3 durante nuestra primera cita del a\u00f1o en la magn\u00edfica villa de Alfonso y Annie Paniagua, Riomar No.15. La cual\u2026","rel":"","context":"En \u00abEventos\u00bb","block_context":{"text":"Eventos","link":"https:\/\/casadecampoliving.com\/es\/category\/eventos-es\/"},"img":{"alt_text":"Cafe\u0301 de la Leche Enero 2016","src":"https:\/\/i0.wp.com\/casadecampoliving.com\/wp-content\/uploads\/2022\/10\/Cafe%CC%81-de-la-Leche-Enero-2016.jpg?fit=650%2C400&ssl=1&resize=350%2C200","width":350,"height":200,"srcset":"https:\/\/i0.wp.com\/casadecampoliving.com\/wp-content\/uploads\/2022\/10\/Cafe%CC%81-de-la-Leche-Enero-2016.jpg?fit=650%2C400&ssl=1&resize=350%2C200 1x, https:\/\/i0.wp.com\/casadecampoliving.com\/wp-content\/uploads\/2022\/10\/Cafe%CC%81-de-la-Leche-Enero-2016.jpg?fit=650%2C400&ssl=1&resize=525%2C300 1.5x"},"classes":[]},{"id":349299,"url":"https:\/\/casadecampoliving.com\/es\/cafe-de-la-leche-edicion-primavera-2016-en-casa\/","url_meta":{"origin":350992,"position":5},"title":"\u00a1Caf\u00e9 de la Leche edici\u00f3n Primavera 2016 en Casa!","author":"Heather Lincoln","date":"28 Feb, 2016","format":false,"excerpt":"\u00a1El PBO ha estado muy ocupado durante el comienzo de 2016! Recientemente finalizaron\u00a0su espl\u00e9ndido Fin de Semana Anual del Hogar del Ni\u00f1o con una serie de eventos sorprendentes, una muy memorable Cena Adopte una Cuna, \u00a1y un viaje especial a Miami para su nuevo Fondo de Educaci\u00f3n de Arte! Ahora\u2026","rel":"","context":"En \u00abCasa de Campo Living @es\u00bb","block_context":{"text":"Casa de Campo Living @es","link":"https:\/\/casadecampoliving.com\/category\/casa-de-campo-living-es\/"},"img":{"alt_text":"","src":"https:\/\/i0.wp.com\/casadecampoliving.com\/wp-content\/uploads\/2022\/10\/i-fTmnN77-L.jpg?fit=800%2C534&ssl=1&resize=350%2C200","width":350,"height":200,"srcset":"https:\/\/i0.wp.com\/casadecampoliving.com\/wp-content\/uploads\/2022\/10\/i-fTmnN77-L.jpg?fit=800%2C534&ssl=1&resize=350%2C200 1x, https:\/\/i0.wp.com\/casadecampoliving.com\/wp-content\/uploads\/2022\/10\/i-fTmnN77-L.jpg?fit=800%2C534&ssl=1&resize=525%2C300 1.5x, https:\/\/i0.wp.com\/casadecampoliving.com\/wp-content\/uploads\/2022\/10\/i-fTmnN77-L.jpg?fit=800%2C534&ssl=1&resize=700%2C400 2x"},"classes":[]}],"jetpack_sharing_enabled":true,"_links":{"self":[{"href":"https:\/\/casadecampoliving.com\/es\/wp-json\/wp\/v2\/posts\/350992","targetHints":{"allow":["GET"]}}],"collection":[{"href":"https:\/\/casadecampoliving.com\/es\/wp-json\/wp\/v2\/posts"}],"about":[{"href":"https:\/\/casadecampoliving.com\/es\/wp-json\/wp\/v2\/types\/post"}],"author":[{"embeddable":true,"href":"https:\/\/casadecampoliving.com\/es\/wp-json\/wp\/v2\/users\/36681"}],"replies":[{"embeddable":true,"href":"https:\/\/casadecampoliving.com\/es\/wp-json\/wp\/v2\/comments?post=350992"}],"version-history":[{"count":2,"href":"https:\/\/casadecampoliving.com\/es\/wp-json\/wp\/v2\/posts\/350992\/revisions"}],"predecessor-version":[{"id":506531,"href":"https:\/\/casadecampoliving.com\/es\/wp-json\/wp\/v2\/posts\/350992\/revisions\/506531"}],"wp:featuredmedia":[{"embeddable":true,"href":"https:\/\/casadecampoliving.com\/es\/wp-json\/wp\/v2\/media\/314008"}],"wp:attachment":[{"href":"https:\/\/casadecampoliving.com\/es\/wp-json\/wp\/v2\/media?parent=350992"}],"wp:term":[{"taxonomy":"category","embeddable":true,"href":"https:\/\/casadecampoliving.com\/es\/wp-json\/wp\/v2\/categories?post=350992"},{"taxonomy":"post_tag","embeddable":true,"href":"https:\/\/casadecampoliving.com\/es\/wp-json\/wp\/v2\/tags?post=350992"},{"taxonomy":"newspack_spnsrs_tax","embeddable":true,"href":"https:\/\/casadecampoliving.com\/es\/wp-json\/wp\/v2\/newspack_spnsrs_tax?post=350992"}],"curies":[{"name":"wp","href":"https:\/\/api.w.org\/{rel}","templated":true}]}}