{"id":350961,"date":"2016-12-29T00:00:00","date_gmt":"2016-12-29T04:00:00","guid":{"rendered":"https:\/\/casadecampoliving.com\/estas-listo-para-el-concierto-de-enrique-iglesias-y-gente-de-zona-manana\/"},"modified":"2022-10-21T19:05:02","modified_gmt":"2022-10-21T23:05:02","slug":"estas-listo-para-el-concierto-de-enrique-iglesias-y-gente-de-zona-manana","status":"publish","type":"post","link":"https:\/\/casadecampoliving.com\/es\/estas-listo-para-el-concierto-de-enrique-iglesias-y-gente-de-zona-manana\/","title":{"rendered":"\u00bfEst\u00e1s listo para el concierto de Enrique Iglesias y Gente de Zona ma\u00f1ana?"},"content":{"rendered":"\n<p>El concierto de Enrique Iglesias y Gente de Zona se acerca r\u00e1pidamente. \u00a1Ya es MA\u00d1ANA! Si a\u00fan no has comprado tus entradas, \u00a1sal a comprarlas&nbsp;antes de que se agoten! Estamos seguros de que su agenda est\u00e1 llena, pero esperamos que haya reservado&nbsp;un lugar para este gran evento. Lo que es a\u00fan mejor es que justo antes del concierto puede dirigirse al <a href=\"https:\/\/casadecampoliving.com\/es\/gran-apertura-de-bar-monaco-este-viernes-antes-del-concierto-de-enrique-iglesias\/\">reci\u00e9n inaugurado Bar M\u00f3naco en Altos de Chav\u00f3n<\/a> para su gran celebraci\u00f3n de apertura, y luego ir directamente al concierto \u2013 \u00a1es la noche del&nbsp;viernes perfecto en Casa!<br>\n<\/p>\n\n\n\n<!--more-->\n\n\n\n<blockquote class=\"instagram-media\" style=\"background: #FFF; border: 0; border-radius: 3px; box-shadow: 0 0 1px 0 rgba(0,0,0,0.5),0 1px 10px 0 rgba(0,0,0,0.15); margin: 1px; max-width: 658px; padding: 0; width: calc(100% - 2px);\" data-instgrm-version=\"7\"><div style=\"padding: 8px;\">\n<div style=\"background: #F8F8F8; line-height: 0; margin-top: 40px; padding: 28.125% 0; text-align: center; width: 100%;\"><\/div>\n<p style=\"color: #c9c8cd; font-family: Arial,sans-serif; font-size: 14px; line-height: 17px; margin-bottom: 0; margin-top: 8px; overflow: hidden; padding: 8px 0 7px; text-align: center; text-overflow: ellipsis; white-space: nowrap;\"><a style=\"color: #c9c8cd; font-family: Arial,sans-serif; font-size: 14px; font-style: normal; font-weight: normal; line-height: 17px; text-decoration: none;\" href=\"https:\/\/www.instagram.com\/p\/BNuvrlIhFmG\/\" target=\"_blank\" rel=\"noopener\">A video posted by BE \u2022 Live It ! (@officialbe)<\/a> on <time style=\"font-family: Arial,sans-serif; font-size: 14px; line-height: 17px;\" datetime=\"2016-12-07T21:06:05+00:00\">Dec 7, 2016 at 1:06pm PST<\/time><\/p>\n<\/div><\/blockquote>\n\n\n\n<p><script async=\"\" defer=\"\" src=\"\/\/platform.instagram.com\/en_US\/embeds.js\"><\/script><\/p>\n\n\n\n<p>Enrique Iglesias ha estado aqu\u00ed antes para su \u201cSex and Love Tour\u201d en 2015, as\u00ed que sabemos que nos dar\u00e1 otro gran espect\u00e1culo, sin mencionar que esta vez se&nbsp;unir\u00e1 a Gente de Zona. El talentoso grupo cubano formado por Alexander Delgado y Randy Malcom Mart\u00ednez se presentaran&nbsp;por primera vez en Altos de Chav\u00f3n. Tuvieron su gran \u00e9xito gracias a la exitosa canci\u00f3n que grabaron con Enrique Iglesias, Bailando \u2013 \u00a1y grabaron el video oficial aqu\u00ed en la Rep\u00fablica Dominicana!<\/p>\n\n\n\n<p>A principios del a\u00f1o, lanzaron su tercer \u00e1lbum titulado \u201cVisual\u00edzate\u201d, con el que obtuvieron el premio al Mejor Disco Tropical del A\u00f1o en los Latin American Music Awards y un Grammy Latino por \u201cMejor \u00c1lbum Tropical Fusion\u201d. \u00a1No te pierdas lo que estamos seguros ser\u00e1 un fant\u00e1stico concierto!<\/p>\n\n\n\n<blockquote class=\"instagram-media\" style=\"background: #FFF; border: 0; border-radius: 3px; box-shadow: 0 0 1px 0 rgba(0,0,0,0.5),0 1px 10px 0 rgba(0,0,0,0.15); margin: 1px; max-width: 658px; padding: 0; width: calc(100% - 2px);\" data-instgrm-version=\"7\"><div style=\"padding: 8px;\">\n<div style=\"background: #F8F8F8; line-height: 0; margin-top: 40px; padding: 27.500000000000004% 0; text-align: center; width: 100%;\"><\/div>\n<p style=\"color: #c9c8cd; font-family: Arial,sans-serif; font-size: 14px; line-height: 17px; margin-bottom: 0; margin-top: 8px; overflow: hidden; padding: 8px 0 7px; text-align: center; text-overflow: ellipsis; white-space: nowrap;\"><a style=\"color: #c9c8cd; font-family: Arial,sans-serif; font-size: 14px; font-style: normal; font-weight: normal; line-height: 17px; text-decoration: none;\" href=\"https:\/\/www.instagram.com\/p\/BOfGdKKBK5Q\/\" target=\"_blank\" rel=\"noopener\">A video posted by Gamal Hache (@gamalhache)<\/a> on <time style=\"font-family: Arial,sans-serif; font-size: 14px; line-height: 17px;\" datetime=\"2016-12-26T15:48:38+00:00\">Dec 26, 2016 at 7:48am PST<\/time><\/p>\n<\/div><\/blockquote>\n\n\n\n<p><script async=\"\" defer=\"\" src=\"\/\/platform.instagram.com\/en_US\/embeds.js\"><\/script><\/p>\n\n\n\n<p>Presentado por Brugal, este concierto aparece justo un d\u00eda antes de la v\u00edspera de A\u00f1o Nuevo. El 30 de diciembre, los artistas estar\u00e1n en concierto en el anfiteatro Altos de Chav\u00f3n y los boletos pueden&nbsp;comprarse en l\u00ednea a trav\u00e9s de&nbsp;<a href=\"http:\/\/www.uepatickets.com\/EventDetail.aspx?id=3475\" target=\"_blank\" rel=\"noopener\">UEPA Tickets<\/a>&nbsp;y en los puntos de venta: CCN Servicios en Supermercados Nacional y Jumbo, 1ra planta en Blue Mall y Casa de Campo. Consulte los detalles de precios espec\u00edficos a continuaci\u00f3n. \u00a1Participa en los momentos espectaculares del fin de a\u00f1o del 2016 en Casa de Campo!<\/p>\n\n\n\n<blockquote><figure><img decoding=\"async\" loading=\"lazy\" class=\"size-full wp-image-129419 aligncenter\" src=\"https:\/\/i0.wp.com\/casadecampoliving.com\/wp-content\/uploads\/2022\/10\/1200x1000-e1480954601686.jpg?resize=1000%2C833&amp;ssl=1\" alt=\"Enrique Iglesias l Gente de Zona Concert Altos de Chav\u00f3n\" width=\"1000\" height=\"833\"><\/figure><p><strong>Cu\u00e1ndo:<\/strong>&nbsp;30 de diciembre, 2016<\/p><p><strong>D\u00f3nde:<\/strong> Anfiteatro, Altos de Chav\u00f3n<\/p><p><strong>Boletas: <\/strong>En linea&nbsp;<a href=\"http:\/\/www.uepatickets.com\/EventDetail.aspx?id=3475\" target=\"_blank\" rel=\"noopener\">UEPA Tickets<\/a>: <strong>General<\/strong> RD$ 4,600, <strong>VIP<\/strong>&nbsp;RD$ 13,800, y&nbsp;<strong>front stage<\/strong>&nbsp;RD$ 46,000.<\/p><p><em>*Recuerde que estos precios no incluyen cargos de servicio<\/em><\/p><p><strong>Puntos de Venta:<\/strong> CCN Servicios en&nbsp;Supermercados Nacional y Jumbo, 1er piso en Blue Mall y&nbsp;Casa de Campo<\/p><\/blockquote>\n","protected":false},"excerpt":{"rendered":"<p>El concierto de Enrique Iglesias y Gente de Zona se acerca r\u00e1pidamente. \u00a1Ya es MA\u00d1ANA! Si a\u00fan no has comprado tus entradas, \u00a1sal a comprarlas&nbsp;antes de que se agoten! Estamos seguros de que su agenda est\u00e1 llena, pero esperamos que haya reservado&nbsp;un lugar para este gran evento. Lo que es a\u00fan mejor es que justo [&hellip;]<\/p>\n","protected":false},"author":36682,"featured_media":313441,"comment_status":"closed","ping_status":"closed","sticky":false,"template":"","format":"standard","meta":{"newspack_ads_suppress_ads":false,"newspack_popups_has_disabled_popups":false,"newspack_sponsor_sponsorship_scope":"","newspack_sponsor_native_byline_display":"inherit","newspack_sponsor_native_category_display":"inherit","newspack_sponsor_underwriter_style":"inherit","newspack_sponsor_underwriter_placement":"inherit","_newspack_byline_active":false,"_newspack_byline":"","newspack_hide_updated_date":false,"newspack_show_updated_date":false,"newspack_content_restriction_is_exempt":false,"newspack_featured_image_position":"","newspack_post_subtitle":"","newspack_article_summary_title":"Overview:","newspack_article_summary":"","_jetpack_memberships_contains_paid_content":false,"footnotes":"","jetpack_publicize_message":"","jetpack_publicize_feature_enabled":true,"jetpack_social_post_already_shared":false,"jetpack_social_options":{"image_generator_settings":{"template":"highway","default_image_id":0,"font":"","enabled":false},"version":2},"_wpas_customize_per_network":false},"categories":[26819,2513,2518,14631,2522,14627,2521,26822,19622],"tags":[15387,19788,18836,2963,9289,14736,2652,19786],"newspack_spnsrs_tax":[],"class_list":["post-350961","post","type-post","status-publish","format-standard","has-post-thumbnail","hentry","category-altos-de-chavon-es","category-celebridades-es","category-conciertos-es","category-estilo-de-vida","category-eventos-es","category-proximamente","category-republica-dominicana-2","category-resort-casa-de-campo","category-video-es-2","tag-altos-de-chavon-es","tag-bailando","tag-concert-es-2","tag-concierto","tag-enrique-iglesias-es","tag-featured-topview-es","tag-fiesta","tag-gente-de-zona-es","entry"],"yoast_head":"<!-- This site is optimized with the Yoast SEO plugin v27.5 - https:\/\/yoast.com\/product\/yoast-seo-wordpress\/ -->\n<title>\u00bfEst\u00e1s listo para el concierto de Enrique Iglesias y Gente de Zona ma\u00f1ana? | Casa de Campo Living<\/title>\n<meta name=\"description\" content=\"El concierto de Enrique Iglesias y Gente de Zona se acerca r\u00e1pidamente. \u00a1Ya es MA\u00d1ANA! Si a\u00fan no has comprado tus entradas, \u00a1sal a comprarlas&nbsp;antes\" \/>\n<meta name=\"robots\" content=\"index, follow, max-snippet:-1, max-image-preview:large, max-video-preview:-1\" \/>\n<link rel=\"canonical\" href=\"https:\/\/casadecampoliving.com\/es\/estas-listo-para-el-concierto-de-enrique-iglesias-y-gente-de-zona-manana\/\" \/>\n<meta property=\"og:locale\" content=\"es_ES\" \/>\n<meta property=\"og:type\" content=\"article\" \/>\n<meta property=\"og:title\" content=\"\u00bfEst\u00e1s listo para el concierto de Enrique Iglesias y Gente de Zona ma\u00f1ana? | Casa de Campo Living\" \/>\n<meta property=\"og:description\" content=\"El concierto de Enrique Iglesias y Gente de Zona se acerca r\u00e1pidamente. \u00a1Ya es MA\u00d1ANA! Si a\u00fan no has comprado tus entradas, \u00a1sal a comprarlas&nbsp;antes\" \/>\n<meta property=\"og:url\" content=\"https:\/\/casadecampoliving.com\/es\/estas-listo-para-el-concierto-de-enrique-iglesias-y-gente-de-zona-manana\/\" \/>\n<meta property=\"og:site_name\" content=\"Casa de Campo Living\" \/>\n<meta property=\"article:publisher\" content=\"https:\/\/www.facebook.com\/casadecampoliving\" \/>\n<meta property=\"article:published_time\" content=\"2016-12-29T04:00:00+00:00\" \/>\n<meta property=\"article:modified_time\" content=\"2022-10-21T23:05:02+00:00\" \/>\n<meta property=\"og:image\" content=\"https:\/\/i0.wp.com\/casadecampoliving.com\/wp-content\/uploads\/2022\/10\/IMG_5593.jpg?fit=1000%2C600&ssl=1\" \/>\n\t<meta property=\"og:image:width\" content=\"1000\" \/>\n\t<meta property=\"og:image:height\" content=\"600\" \/>\n\t<meta property=\"og:image:type\" content=\"image\/jpeg\" \/>\n<meta name=\"author\" content=\"Marlenys Guzm\u00e1n Casta\u00f1os\" \/>\n<meta name=\"twitter:card\" content=\"summary_large_image\" \/>\n<meta name=\"twitter:creator\" content=\"@cdcliving\" \/>\n<meta name=\"twitter:site\" content=\"@cdcliving\" \/>\n<meta name=\"twitter:label1\" content=\"Escrito por\" \/>\n\t<meta name=\"twitter:data1\" content=\"Marlenys Guzm\u00e1n Casta\u00f1os\" \/>\n\t<meta name=\"twitter:label2\" content=\"Tiempo de lectura\" \/>\n\t<meta name=\"twitter:data2\" content=\"2 minutos\" \/>\n<script type=\"application\/ld+json\" class=\"yoast-schema-graph\">{\"@context\":\"https:\\\/\\\/schema.org\",\"@graph\":[{\"@type\":\"Article\",\"@id\":\"https:\\\/\\\/casadecampoliving.com\\\/es\\\/estas-listo-para-el-concierto-de-enrique-iglesias-y-gente-de-zona-manana\\\/#article\",\"isPartOf\":{\"@id\":\"https:\\\/\\\/casadecampoliving.com\\\/es\\\/estas-listo-para-el-concierto-de-enrique-iglesias-y-gente-de-zona-manana\\\/\"},\"author\":{\"name\":\"Marlenys Guzm\u00e1n Casta\u00f1os\",\"@id\":\"https:\\\/\\\/casadecampoliving.com\\\/es\\\/#\\\/schema\\\/person\\\/b6606bd87f9cec8f5903e2141cafda24\"},\"headline\":\"\u00bfEst\u00e1s listo para el concierto de Enrique Iglesias y Gente de Zona ma\u00f1ana?\",\"datePublished\":\"2016-12-29T04:00:00+00:00\",\"dateModified\":\"2022-10-21T23:05:02+00:00\",\"mainEntityOfPage\":{\"@id\":\"https:\\\/\\\/casadecampoliving.com\\\/es\\\/estas-listo-para-el-concierto-de-enrique-iglesias-y-gente-de-zona-manana\\\/\"},\"wordCount\":438,\"publisher\":{\"@id\":\"https:\\\/\\\/casadecampoliving.com\\\/es\\\/#organization\"},\"image\":{\"@id\":\"https:\\\/\\\/casadecampoliving.com\\\/es\\\/estas-listo-para-el-concierto-de-enrique-iglesias-y-gente-de-zona-manana\\\/#primaryimage\"},\"thumbnailUrl\":\"https:\\\/\\\/i0.wp.com\\\/casadecampoliving.com\\\/wp-content\\\/uploads\\\/2022\\\/10\\\/IMG_5593.jpg?fit=1000%2C600&ssl=1\",\"keywords\":[\"Altos de Chavon\",\"bailando\",\"concert\",\"concierto\",\"enrique iglesias @es\",\"Featured-TopView @es\",\"fiesta\",\"gente de zona @es\"],\"articleSection\":[\"Altos de Chavon @es\",\"Celebridades\",\"Conciertos\",\"Estilo de Vida\",\"Eventos\",\"Proximamente\",\"Rep\u00fablica Dominicana @es\",\"Resort Casa de Campo\",\"Video\"],\"inLanguage\":\"es\"},{\"@type\":\"WebPage\",\"@id\":\"https:\\\/\\\/casadecampoliving.com\\\/es\\\/estas-listo-para-el-concierto-de-enrique-iglesias-y-gente-de-zona-manana\\\/\",\"url\":\"https:\\\/\\\/casadecampoliving.com\\\/es\\\/estas-listo-para-el-concierto-de-enrique-iglesias-y-gente-de-zona-manana\\\/\",\"name\":\"\u00bfEst\u00e1s listo para el concierto de Enrique Iglesias y Gente de Zona ma\u00f1ana? | Casa de Campo Living\",\"isPartOf\":{\"@id\":\"https:\\\/\\\/casadecampoliving.com\\\/es\\\/#website\"},\"primaryImageOfPage\":{\"@id\":\"https:\\\/\\\/casadecampoliving.com\\\/es\\\/estas-listo-para-el-concierto-de-enrique-iglesias-y-gente-de-zona-manana\\\/#primaryimage\"},\"image\":{\"@id\":\"https:\\\/\\\/casadecampoliving.com\\\/es\\\/estas-listo-para-el-concierto-de-enrique-iglesias-y-gente-de-zona-manana\\\/#primaryimage\"},\"thumbnailUrl\":\"https:\\\/\\\/i0.wp.com\\\/casadecampoliving.com\\\/wp-content\\\/uploads\\\/2022\\\/10\\\/IMG_5593.jpg?fit=1000%2C600&ssl=1\",\"datePublished\":\"2016-12-29T04:00:00+00:00\",\"dateModified\":\"2022-10-21T23:05:02+00:00\",\"description\":\"El concierto de Enrique Iglesias y Gente de Zona se acerca r\u00e1pidamente. \u00a1Ya es MA\u00d1ANA! Si a\u00fan no has comprado tus entradas, \u00a1sal a comprarlas&nbsp;antes\",\"breadcrumb\":{\"@id\":\"https:\\\/\\\/casadecampoliving.com\\\/es\\\/estas-listo-para-el-concierto-de-enrique-iglesias-y-gente-de-zona-manana\\\/#breadcrumb\"},\"inLanguage\":\"es\",\"potentialAction\":[{\"@type\":\"ReadAction\",\"target\":[\"https:\\\/\\\/casadecampoliving.com\\\/es\\\/estas-listo-para-el-concierto-de-enrique-iglesias-y-gente-de-zona-manana\\\/\"]}]},{\"@type\":\"ImageObject\",\"inLanguage\":\"es\",\"@id\":\"https:\\\/\\\/casadecampoliving.com\\\/es\\\/estas-listo-para-el-concierto-de-enrique-iglesias-y-gente-de-zona-manana\\\/#primaryimage\",\"url\":\"https:\\\/\\\/i0.wp.com\\\/casadecampoliving.com\\\/wp-content\\\/uploads\\\/2022\\\/10\\\/IMG_5593.jpg?fit=1000%2C600&ssl=1\",\"contentUrl\":\"https:\\\/\\\/i0.wp.com\\\/casadecampoliving.com\\\/wp-content\\\/uploads\\\/2022\\\/10\\\/IMG_5593.jpg?fit=1000%2C600&ssl=1\",\"width\":1000,\"height\":600},{\"@type\":\"BreadcrumbList\",\"@id\":\"https:\\\/\\\/casadecampoliving.com\\\/es\\\/estas-listo-para-el-concierto-de-enrique-iglesias-y-gente-de-zona-manana\\\/#breadcrumb\",\"itemListElement\":[{\"@type\":\"ListItem\",\"position\":1,\"name\":\"Home\",\"item\":\"https:\\\/\\\/casadecampoliving.com\\\/es\\\/\"},{\"@type\":\"ListItem\",\"position\":2,\"name\":\"\u00bfEst\u00e1s listo para el concierto de Enrique Iglesias y Gente de Zona ma\u00f1ana?\"}]},{\"@type\":\"WebSite\",\"@id\":\"https:\\\/\\\/casadecampoliving.com\\\/es\\\/#website\",\"url\":\"https:\\\/\\\/casadecampoliving.com\\\/es\\\/\",\"name\":\"Casa de Campo Living\",\"description\":\"Resort community news and resources.\",\"publisher\":{\"@id\":\"https:\\\/\\\/casadecampoliving.com\\\/es\\\/#organization\"},\"potentialAction\":[{\"@type\":\"SearchAction\",\"target\":{\"@type\":\"EntryPoint\",\"urlTemplate\":\"https:\\\/\\\/casadecampoliving.com\\\/es\\\/?s={search_term_string}\"},\"query-input\":{\"@type\":\"PropertyValueSpecification\",\"valueRequired\":true,\"valueName\":\"search_term_string\"}}],\"inLanguage\":\"es\"},{\"@type\":\"Organization\",\"@id\":\"https:\\\/\\\/casadecampoliving.com\\\/es\\\/#organization\",\"name\":\"Casa de Campo Living\",\"url\":\"https:\\\/\\\/casadecampoliving.com\\\/es\\\/\",\"logo\":{\"@type\":\"ImageObject\",\"inLanguage\":\"es\",\"@id\":\"https:\\\/\\\/casadecampoliving.com\\\/es\\\/#\\\/schema\\\/logo\\\/image\\\/\",\"url\":\"https:\\\/\\\/i0.wp.com\\\/casadecampoliving.com\\\/wp-content\\\/uploads\\\/2022\\\/07\\\/CDCLivingLogo_V1-white-sized.png?fit=800%2C214&ssl=1\",\"contentUrl\":\"https:\\\/\\\/i0.wp.com\\\/casadecampoliving.com\\\/wp-content\\\/uploads\\\/2022\\\/07\\\/CDCLivingLogo_V1-white-sized.png?fit=800%2C214&ssl=1\",\"width\":800,\"height\":214,\"caption\":\"Casa de Campo Living\"},\"image\":{\"@id\":\"https:\\\/\\\/casadecampoliving.com\\\/es\\\/#\\\/schema\\\/logo\\\/image\\\/\"},\"sameAs\":[\"https:\\\/\\\/www.facebook.com\\\/casadecampoliving\",\"https:\\\/\\\/x.com\\\/cdcliving\"]},{\"@type\":\"Person\",\"@id\":\"https:\\\/\\\/casadecampoliving.com\\\/es\\\/#\\\/schema\\\/person\\\/b6606bd87f9cec8f5903e2141cafda24\",\"name\":\"Marlenys Guzm\u00e1n Casta\u00f1os\",\"image\":{\"@type\":\"ImageObject\",\"inLanguage\":\"es\",\"@id\":\"https:\\\/\\\/secure.gravatar.com\\\/avatar\\\/72f3f86b8e6b3ec744201aeadf11d4a6055e8af194aecd9ad30ffff4437878ee?s=96&d=mm&r=g\",\"url\":\"https:\\\/\\\/secure.gravatar.com\\\/avatar\\\/72f3f86b8e6b3ec744201aeadf11d4a6055e8af194aecd9ad30ffff4437878ee?s=96&d=mm&r=g\",\"contentUrl\":\"https:\\\/\\\/secure.gravatar.com\\\/avatar\\\/72f3f86b8e6b3ec744201aeadf11d4a6055e8af194aecd9ad30ffff4437878ee?s=96&d=mm&r=g\",\"caption\":\"Marlenys Guzm\u00e1n Casta\u00f1os\"},\"url\":\"https:\\\/\\\/casadecampoliving.com\\\/es\\\/author\\\/mguzman\\\/\"}]}<\/script>\n<!-- \/ Yoast SEO plugin. -->","yoast_head_json":{"title":"\u00bfEst\u00e1s listo para el concierto de Enrique Iglesias y Gente de Zona ma\u00f1ana? | Casa de Campo Living","description":"El concierto de Enrique Iglesias y Gente de Zona se acerca r\u00e1pidamente. \u00a1Ya es MA\u00d1ANA! Si a\u00fan no has comprado tus entradas, \u00a1sal a comprarlas&nbsp;antes","robots":{"index":"index","follow":"follow","max-snippet":"max-snippet:-1","max-image-preview":"max-image-preview:large","max-video-preview":"max-video-preview:-1"},"canonical":"https:\/\/casadecampoliving.com\/es\/estas-listo-para-el-concierto-de-enrique-iglesias-y-gente-de-zona-manana\/","og_locale":"es_ES","og_type":"article","og_title":"\u00bfEst\u00e1s listo para el concierto de Enrique Iglesias y Gente de Zona ma\u00f1ana? | Casa de Campo Living","og_description":"El concierto de Enrique Iglesias y Gente de Zona se acerca r\u00e1pidamente. \u00a1Ya es MA\u00d1ANA! Si a\u00fan no has comprado tus entradas, \u00a1sal a comprarlas&nbsp;antes","og_url":"https:\/\/casadecampoliving.com\/es\/estas-listo-para-el-concierto-de-enrique-iglesias-y-gente-de-zona-manana\/","og_site_name":"Casa de Campo Living","article_publisher":"https:\/\/www.facebook.com\/casadecampoliving","article_published_time":"2016-12-29T04:00:00+00:00","article_modified_time":"2022-10-21T23:05:02+00:00","og_image":[{"width":1000,"height":600,"url":"https:\/\/i0.wp.com\/casadecampoliving.com\/wp-content\/uploads\/2022\/10\/IMG_5593.jpg?fit=1000%2C600&ssl=1","type":"image\/jpeg"}],"author":"Marlenys Guzm\u00e1n Casta\u00f1os","twitter_card":"summary_large_image","twitter_creator":"@cdcliving","twitter_site":"@cdcliving","twitter_misc":{"Escrito por":"Marlenys Guzm\u00e1n Casta\u00f1os","Tiempo de lectura":"2 minutos"},"schema":{"@context":"https:\/\/schema.org","@graph":[{"@type":"Article","@id":"https:\/\/casadecampoliving.com\/es\/estas-listo-para-el-concierto-de-enrique-iglesias-y-gente-de-zona-manana\/#article","isPartOf":{"@id":"https:\/\/casadecampoliving.com\/es\/estas-listo-para-el-concierto-de-enrique-iglesias-y-gente-de-zona-manana\/"},"author":{"name":"Marlenys Guzm\u00e1n Casta\u00f1os","@id":"https:\/\/casadecampoliving.com\/es\/#\/schema\/person\/b6606bd87f9cec8f5903e2141cafda24"},"headline":"\u00bfEst\u00e1s listo para el concierto de Enrique Iglesias y Gente de Zona ma\u00f1ana?","datePublished":"2016-12-29T04:00:00+00:00","dateModified":"2022-10-21T23:05:02+00:00","mainEntityOfPage":{"@id":"https:\/\/casadecampoliving.com\/es\/estas-listo-para-el-concierto-de-enrique-iglesias-y-gente-de-zona-manana\/"},"wordCount":438,"publisher":{"@id":"https:\/\/casadecampoliving.com\/es\/#organization"},"image":{"@id":"https:\/\/casadecampoliving.com\/es\/estas-listo-para-el-concierto-de-enrique-iglesias-y-gente-de-zona-manana\/#primaryimage"},"thumbnailUrl":"https:\/\/i0.wp.com\/casadecampoliving.com\/wp-content\/uploads\/2022\/10\/IMG_5593.jpg?fit=1000%2C600&ssl=1","keywords":["Altos de Chavon","bailando","concert","concierto","enrique iglesias @es","Featured-TopView @es","fiesta","gente de zona @es"],"articleSection":["Altos de Chavon @es","Celebridades","Conciertos","Estilo de Vida","Eventos","Proximamente","Rep\u00fablica Dominicana @es","Resort Casa de Campo","Video"],"inLanguage":"es"},{"@type":"WebPage","@id":"https:\/\/casadecampoliving.com\/es\/estas-listo-para-el-concierto-de-enrique-iglesias-y-gente-de-zona-manana\/","url":"https:\/\/casadecampoliving.com\/es\/estas-listo-para-el-concierto-de-enrique-iglesias-y-gente-de-zona-manana\/","name":"\u00bfEst\u00e1s listo para el concierto de Enrique Iglesias y Gente de Zona ma\u00f1ana? | Casa de Campo Living","isPartOf":{"@id":"https:\/\/casadecampoliving.com\/es\/#website"},"primaryImageOfPage":{"@id":"https:\/\/casadecampoliving.com\/es\/estas-listo-para-el-concierto-de-enrique-iglesias-y-gente-de-zona-manana\/#primaryimage"},"image":{"@id":"https:\/\/casadecampoliving.com\/es\/estas-listo-para-el-concierto-de-enrique-iglesias-y-gente-de-zona-manana\/#primaryimage"},"thumbnailUrl":"https:\/\/i0.wp.com\/casadecampoliving.com\/wp-content\/uploads\/2022\/10\/IMG_5593.jpg?fit=1000%2C600&ssl=1","datePublished":"2016-12-29T04:00:00+00:00","dateModified":"2022-10-21T23:05:02+00:00","description":"El concierto de Enrique Iglesias y Gente de Zona se acerca r\u00e1pidamente. \u00a1Ya es MA\u00d1ANA! Si a\u00fan no has comprado tus entradas, \u00a1sal a comprarlas&nbsp;antes","breadcrumb":{"@id":"https:\/\/casadecampoliving.com\/es\/estas-listo-para-el-concierto-de-enrique-iglesias-y-gente-de-zona-manana\/#breadcrumb"},"inLanguage":"es","potentialAction":[{"@type":"ReadAction","target":["https:\/\/casadecampoliving.com\/es\/estas-listo-para-el-concierto-de-enrique-iglesias-y-gente-de-zona-manana\/"]}]},{"@type":"ImageObject","inLanguage":"es","@id":"https:\/\/casadecampoliving.com\/es\/estas-listo-para-el-concierto-de-enrique-iglesias-y-gente-de-zona-manana\/#primaryimage","url":"https:\/\/i0.wp.com\/casadecampoliving.com\/wp-content\/uploads\/2022\/10\/IMG_5593.jpg?fit=1000%2C600&ssl=1","contentUrl":"https:\/\/i0.wp.com\/casadecampoliving.com\/wp-content\/uploads\/2022\/10\/IMG_5593.jpg?fit=1000%2C600&ssl=1","width":1000,"height":600},{"@type":"BreadcrumbList","@id":"https:\/\/casadecampoliving.com\/es\/estas-listo-para-el-concierto-de-enrique-iglesias-y-gente-de-zona-manana\/#breadcrumb","itemListElement":[{"@type":"ListItem","position":1,"name":"Home","item":"https:\/\/casadecampoliving.com\/es\/"},{"@type":"ListItem","position":2,"name":"\u00bfEst\u00e1s listo para el concierto de Enrique Iglesias y Gente de Zona ma\u00f1ana?"}]},{"@type":"WebSite","@id":"https:\/\/casadecampoliving.com\/es\/#website","url":"https:\/\/casadecampoliving.com\/es\/","name":"Casa de Campo Living","description":"Resort community news and resources.","publisher":{"@id":"https:\/\/casadecampoliving.com\/es\/#organization"},"potentialAction":[{"@type":"SearchAction","target":{"@type":"EntryPoint","urlTemplate":"https:\/\/casadecampoliving.com\/es\/?s={search_term_string}"},"query-input":{"@type":"PropertyValueSpecification","valueRequired":true,"valueName":"search_term_string"}}],"inLanguage":"es"},{"@type":"Organization","@id":"https:\/\/casadecampoliving.com\/es\/#organization","name":"Casa de Campo Living","url":"https:\/\/casadecampoliving.com\/es\/","logo":{"@type":"ImageObject","inLanguage":"es","@id":"https:\/\/casadecampoliving.com\/es\/#\/schema\/logo\/image\/","url":"https:\/\/i0.wp.com\/casadecampoliving.com\/wp-content\/uploads\/2022\/07\/CDCLivingLogo_V1-white-sized.png?fit=800%2C214&ssl=1","contentUrl":"https:\/\/i0.wp.com\/casadecampoliving.com\/wp-content\/uploads\/2022\/07\/CDCLivingLogo_V1-white-sized.png?fit=800%2C214&ssl=1","width":800,"height":214,"caption":"Casa de Campo Living"},"image":{"@id":"https:\/\/casadecampoliving.com\/es\/#\/schema\/logo\/image\/"},"sameAs":["https:\/\/www.facebook.com\/casadecampoliving","https:\/\/x.com\/cdcliving"]},{"@type":"Person","@id":"https:\/\/casadecampoliving.com\/es\/#\/schema\/person\/b6606bd87f9cec8f5903e2141cafda24","name":"Marlenys Guzm\u00e1n Casta\u00f1os","image":{"@type":"ImageObject","inLanguage":"es","@id":"https:\/\/secure.gravatar.com\/avatar\/72f3f86b8e6b3ec744201aeadf11d4a6055e8af194aecd9ad30ffff4437878ee?s=96&d=mm&r=g","url":"https:\/\/secure.gravatar.com\/avatar\/72f3f86b8e6b3ec744201aeadf11d4a6055e8af194aecd9ad30ffff4437878ee?s=96&d=mm&r=g","contentUrl":"https:\/\/secure.gravatar.com\/avatar\/72f3f86b8e6b3ec744201aeadf11d4a6055e8af194aecd9ad30ffff4437878ee?s=96&d=mm&r=g","caption":"Marlenys Guzm\u00e1n Casta\u00f1os"},"url":"https:\/\/casadecampoliving.com\/es\/author\/mguzman\/"}]}},"parsely":{"version":"1.1.0","canonical_url":"https:\/\/casadecampoliving.com\/es\/estas-listo-para-el-concierto-de-enrique-iglesias-y-gente-de-zona-manana\/","smart_links":{"inbound":0,"outbound":0},"traffic_boost_suggestions_count":0,"meta":{"@context":"https:\/\/schema.org","@type":"NewsArticle","headline":"\u00bfEst\u00e1s listo para el concierto de Enrique Iglesias y Gente de Zona ma\u00f1ana?","url":"http:\/\/casadecampoliving.com\/es\/estas-listo-para-el-concierto-de-enrique-iglesias-y-gente-de-zona-manana\/","mainEntityOfPage":{"@type":"WebPage","@id":"http:\/\/casadecampoliving.com\/es\/estas-listo-para-el-concierto-de-enrique-iglesias-y-gente-de-zona-manana\/"},"thumbnailUrl":"https:\/\/i0.wp.com\/casadecampoliving.com\/wp-content\/uploads\/2022\/10\/IMG_5593.jpg?resize=150%2C150&ssl=1","image":{"@type":"ImageObject","url":"https:\/\/i0.wp.com\/casadecampoliving.com\/wp-content\/uploads\/2022\/10\/IMG_5593.jpg?fit=1000%2C600&ssl=1"},"articleSection":"Altos de Chavon @es","author":[{"@type":"Person","name":"Marlenys Guzm\u00e1n Casta\u00f1os"}],"creator":["Marlenys Guzm\u00e1n Casta\u00f1os"],"publisher":{"@type":"Organization","name":"Casa de Campo Living","logo":"https:\/\/casadecampoliving.com\/wp-content\/uploads\/2022\/07\/CDCLivingLogo_V1-white-sized.png"},"keywords":["altos de chavon","bailando","concert","concierto","enrique iglesias @es","featured-topview @es","fiesta","gente de zona @es"],"dateCreated":"2016-12-29T04:00:00Z","datePublished":"2016-12-29T04:00:00Z","dateModified":"2022-10-21T23:05:02Z"},"rendered":"<script type=\"application\/ld+json\" class=\"wp-parsely-metadata\">{\"@context\":\"https:\\\/\\\/schema.org\",\"@type\":\"NewsArticle\",\"headline\":\"\\u00bfEst\\u00e1s listo para el concierto de Enrique Iglesias y Gente de Zona ma\\u00f1ana?\",\"url\":\"http:\\\/\\\/casadecampoliving.com\\\/es\\\/estas-listo-para-el-concierto-de-enrique-iglesias-y-gente-de-zona-manana\\\/\",\"mainEntityOfPage\":{\"@type\":\"WebPage\",\"@id\":\"http:\\\/\\\/casadecampoliving.com\\\/es\\\/estas-listo-para-el-concierto-de-enrique-iglesias-y-gente-de-zona-manana\\\/\"},\"thumbnailUrl\":\"https:\\\/\\\/i0.wp.com\\\/casadecampoliving.com\\\/wp-content\\\/uploads\\\/2022\\\/10\\\/IMG_5593.jpg?resize=150%2C150&ssl=1\",\"image\":{\"@type\":\"ImageObject\",\"url\":\"https:\\\/\\\/i0.wp.com\\\/casadecampoliving.com\\\/wp-content\\\/uploads\\\/2022\\\/10\\\/IMG_5593.jpg?fit=1000%2C600&ssl=1\"},\"articleSection\":\"Altos de Chavon @es\",\"author\":[{\"@type\":\"Person\",\"name\":\"Marlenys Guzm\\u00e1n Casta\\u00f1os\"}],\"creator\":[\"Marlenys Guzm\\u00e1n Casta\\u00f1os\"],\"publisher\":{\"@type\":\"Organization\",\"name\":\"Casa de Campo Living\",\"logo\":\"https:\\\/\\\/casadecampoliving.com\\\/wp-content\\\/uploads\\\/2022\\\/07\\\/CDCLivingLogo_V1-white-sized.png\"},\"keywords\":[\"altos de chavon\",\"bailando\",\"concert\",\"concierto\",\"enrique iglesias @es\",\"featured-topview @es\",\"fiesta\",\"gente de zona @es\"],\"dateCreated\":\"2016-12-29T04:00:00Z\",\"datePublished\":\"2016-12-29T04:00:00Z\",\"dateModified\":\"2022-10-21T23:05:02Z\"}<\/script>","tracker_url":"https:\/\/cdn.parsely.com\/keys\/casadecampoliving.com\/p.js"},"jetpack_publicize_connections":[],"jetpack_featured_media_url":"https:\/\/i0.wp.com\/casadecampoliving.com\/wp-content\/uploads\/2022\/10\/IMG_5593.jpg?fit=1000%2C600&ssl=1","jetpack-related-posts":[{"id":433460,"url":"https:\/\/casadecampoliving.com\/es\/no-se-pierdan-el-increible-tributo-a-frank-sinatra-para-celebrar-el-40-aniversario-del-anfiteatro-altos-de-chavon\/","url_meta":{"origin":350961,"position":0},"title":"No se pierdan el incre\u00edble tributo a Frank Sinatra para celebrar el 40 aniversario del\u00a0Anfiteatro Altos de Chav\u00f3n","author":"Casa de Campo Living","date":"20 Oct, 2022","format":false,"excerpt":"Siendo uno de los escenarios m\u00e1s emblem\u00e1ticos del pa\u00eds, Casa de Campo Resort\u00ae & Villas celebra las cuatro d\u00e9cadas de aniversario de Altos de Chav\u00f3n con un tributo al gran Frank Sinatra, protagonizado por artistas invitados y una big band tal cual la que acompa\u00f1\u00f3 al artista hace 40 a\u00f1os\u2026","rel":"","context":"En \u00abUncategorized @es\u00bb","block_context":{"text":"Uncategorized @es","link":"https:\/\/casadecampoliving.com\/es\/category\/uncategorized-es\/"},"img":{"alt_text":"","src":"https:\/\/i0.wp.com\/casadecampoliving.com\/wp-content\/uploads\/2022\/10\/Tributo-Frank-Sinatra-Foto-Principal-Amaury-Sanchez-Danilo-Ginebra-Andres-Pichardo-y-Jose-Gabriel-Perez-.jpg?fit=1200%2C873&ssl=1&resize=350%2C200","width":350,"height":200,"srcset":"https:\/\/i0.wp.com\/casadecampoliving.com\/wp-content\/uploads\/2022\/10\/Tributo-Frank-Sinatra-Foto-Principal-Amaury-Sanchez-Danilo-Ginebra-Andres-Pichardo-y-Jose-Gabriel-Perez-.jpg?fit=1200%2C873&ssl=1&resize=350%2C200 1x, https:\/\/i0.wp.com\/casadecampoliving.com\/wp-content\/uploads\/2022\/10\/Tributo-Frank-Sinatra-Foto-Principal-Amaury-Sanchez-Danilo-Ginebra-Andres-Pichardo-y-Jose-Gabriel-Perez-.jpg?fit=1200%2C873&ssl=1&resize=525%2C300 1.5x, https:\/\/i0.wp.com\/casadecampoliving.com\/wp-content\/uploads\/2022\/10\/Tributo-Frank-Sinatra-Foto-Principal-Amaury-Sanchez-Danilo-Ginebra-Andres-Pichardo-y-Jose-Gabriel-Perez-.jpg?fit=1200%2C873&ssl=1&resize=700%2C400 2x, https:\/\/i0.wp.com\/casadecampoliving.com\/wp-content\/uploads\/2022\/10\/Tributo-Frank-Sinatra-Foto-Principal-Amaury-Sanchez-Danilo-Ginebra-Andres-Pichardo-y-Jose-Gabriel-Perez-.jpg?fit=1200%2C873&ssl=1&resize=1050%2C600 3x"},"classes":[]},{"id":350876,"url":"https:\/\/casadecampoliving.com\/es\/boletas-concierto-de-enrique-iglesias-y-gente-de-zona\/","url_meta":{"origin":350961,"position":1},"title":"\u00a1Compre sus boletas para el concierto de Enrique Iglesias y Gente de Zona en Altos de Chav\u00f3n el 30 de diciembre!","author":"Heather Lincoln","date":"5 Dic, 2016","format":false,"excerpt":"A medida\u00a0que nuestro calendario para el mes de diciembre se llena r\u00e1pidamente, \u00a1no podemos olvidar\u00a0marcar en nuestro calendario el concierto de Enrique Iglesias y Gente de Zona en Casa de Campo! El doble concierto presentado por Brugal, ser\u00e1\u00a0un d\u00eda antes de la v\u00edspera de A\u00f1o Nuevo. El 30 de diciembre,\u2026","rel":"","context":"En \u00abAltos de Chavon @es\u00bb","block_context":{"text":"Altos de Chavon @es","link":"https:\/\/casadecampoliving.com\/category\/altos-de-chavon-es\/"},"img":{"alt_text":"Enrique Iglesias l Gente de Zona","src":"https:\/\/i0.wp.com\/casadecampoliving.com\/wp-content\/uploads\/2022\/10\/EnriqueIglesias_GentedeZona-e1480956111653.jpg?fit=1000%2C563&ssl=1&resize=350%2C200","width":350,"height":200,"srcset":"https:\/\/i0.wp.com\/casadecampoliving.com\/wp-content\/uploads\/2022\/10\/EnriqueIglesias_GentedeZona-e1480956111653.jpg?fit=1000%2C563&ssl=1&resize=350%2C200 1x, https:\/\/i0.wp.com\/casadecampoliving.com\/wp-content\/uploads\/2022\/10\/EnriqueIglesias_GentedeZona-e1480956111653.jpg?fit=1000%2C563&ssl=1&resize=525%2C300 1.5x, https:\/\/i0.wp.com\/casadecampoliving.com\/wp-content\/uploads\/2022\/10\/EnriqueIglesias_GentedeZona-e1480956111653.jpg?fit=1000%2C563&ssl=1&resize=700%2C400 2x"},"classes":[]},{"id":350982,"url":"https:\/\/casadecampoliving.com\/es\/enrique-iglesias-gente-de-zona-rock-full-house-altos-de-chavon\/","url_meta":{"origin":350961,"position":2},"title":"Enrique Iglesias y Gente de Zona sacudieron a casa llena Altos de Chav\u00f3n","author":"Heather Lincoln","date":"3 Ene, 2017","format":false,"excerpt":"Un fin de semana lleno de celebridades era exactamente lo que estaba en la tienda para las multitudes de personas que llenaban el complejo de Casa de Campo durante el fin de semana de fiestas. Con un doble concierto por Enrique Iglesias y Gente de Zona, sab\u00edamos que \u00edbamos a\u2026","rel":"","context":"En \u00abAltos de Chavon @es\u00bb","block_context":{"text":"Altos de Chavon @es","link":"https:\/\/casadecampoliving.com\/category\/altos-de-chavon-es\/"},"img":{"alt_text":"Enrique Iglesias, Gente de Zona concert Chav\u00f3n","src":"https:\/\/i0.wp.com\/casadecampoliving.com\/wp-content\/uploads\/2022\/10\/EnriqueIglesias_GentedeZona_concert45.jpg?fit=1000%2C667&ssl=1&resize=350%2C200","width":350,"height":200,"srcset":"https:\/\/i0.wp.com\/casadecampoliving.com\/wp-content\/uploads\/2022\/10\/EnriqueIglesias_GentedeZona_concert45.jpg?fit=1000%2C667&ssl=1&resize=350%2C200 1x, https:\/\/i0.wp.com\/casadecampoliving.com\/wp-content\/uploads\/2022\/10\/EnriqueIglesias_GentedeZona_concert45.jpg?fit=1000%2C667&ssl=1&resize=525%2C300 1.5x, https:\/\/i0.wp.com\/casadecampoliving.com\/wp-content\/uploads\/2022\/10\/EnriqueIglesias_GentedeZona_concert45.jpg?fit=1000%2C667&ssl=1&resize=700%2C400 2x"},"classes":[]},{"id":351101,"url":"https:\/\/casadecampoliving.com\/es\/confirmado-jennifer-lopez-se-presentara-en-altos-de-chavon-esta-semana-santa\/","url_meta":{"origin":350961,"position":3},"title":"\u00a1CONFIRMADO: Jennifer L\u00f3pez se presentar\u00e1 en Altos de Chav\u00f3n esta Semana Santa!","author":"Heather Lincoln","date":"1 Feb, 2017","format":false,"excerpt":"Jennifer Lopez se presentar\u00e1 en el anfiteatro Altos de Chav\u00f3n el s\u00e1bado 15 de abril para el concierto de Semana Santa\u00a0de Casa de Campo. La artista\u00a0polifac\u00e9tica, que es cantante, bailarina y actriz, es tambi\u00e9n una de las estrellas m\u00e1s hot\u00a0de Estados Unidos que constantemente acumula elogios. J.Lo at The Colosseum\u2026","rel":"","context":"En \u00abAltos de Chavon @es\u00bb","block_context":{"text":"Altos de Chavon @es","link":"https:\/\/casadecampoliving.com\/category\/altos-de-chavon-es\/"},"img":{"alt_text":"Jennifer Lopez","src":"https:\/\/i0.wp.com\/casadecampoliving.com\/wp-content\/uploads\/2022\/10\/jennifer-lopez-1-e1485984764946-1.jpg?fit=1000%2C550&ssl=1&resize=350%2C200","width":350,"height":200,"srcset":"https:\/\/i0.wp.com\/casadecampoliving.com\/wp-content\/uploads\/2022\/10\/jennifer-lopez-1-e1485984764946-1.jpg?fit=1000%2C550&ssl=1&resize=350%2C200 1x, https:\/\/i0.wp.com\/casadecampoliving.com\/wp-content\/uploads\/2022\/10\/jennifer-lopez-1-e1485984764946-1.jpg?fit=1000%2C550&ssl=1&resize=525%2C300 1.5x, https:\/\/i0.wp.com\/casadecampoliving.com\/wp-content\/uploads\/2022\/10\/jennifer-lopez-1-e1485984764946-1.jpg?fit=1000%2C550&ssl=1&resize=700%2C400 2x"},"classes":[]},{"id":348161,"url":"https:\/\/casadecampoliving.com\/es\/enrique-iglesias-en-altos-de-chavon\/","url_meta":{"origin":350961,"position":4},"title":"Enrique Iglesias en Altos de Chav\u00f3n","author":"Felix Guerrero","date":"1 Sep, 2015","format":false,"excerpt":"\u00a1Buenas nuevas para los fans de Enrique Iglesias! El s\u00e1bado 7 de noviembre, el artista espa\u00f1ol tocar\u00e1 tierra Dominicana para el cierre de su Sex and Love Tour, su d\u00e9cimo tercera gira musical en promoci\u00f3n a su d\u00e9cimo \u00e1lbum de estudio \u201cSex And Love\u201d. Aunque Casa de Campo no ha\u2026","rel":"","context":"En \u00abAltos de Chavon @es\u00bb","block_context":{"text":"Altos de Chavon @es","link":"https:\/\/casadecampoliving.com\/category\/altos-de-chavon-es\/"},"img":{"alt_text":"Enrique Iglesias, Altos de Chavon","src":"https:\/\/i0.wp.com\/casadecampoliving.com\/wp-content\/uploads\/2022\/10\/Enrique_Iglesias_Altos_de_Chavon-1.jpg?fit=889%2C592&ssl=1&resize=350%2C200","width":350,"height":200,"srcset":"https:\/\/i0.wp.com\/casadecampoliving.com\/wp-content\/uploads\/2022\/10\/Enrique_Iglesias_Altos_de_Chavon-1.jpg?fit=889%2C592&ssl=1&resize=350%2C200 1x, https:\/\/i0.wp.com\/casadecampoliving.com\/wp-content\/uploads\/2022\/10\/Enrique_Iglesias_Altos_de_Chavon-1.jpg?fit=889%2C592&ssl=1&resize=525%2C300 1.5x, https:\/\/i0.wp.com\/casadecampoliving.com\/wp-content\/uploads\/2022\/10\/Enrique_Iglesias_Altos_de_Chavon-1.jpg?fit=889%2C592&ssl=1&resize=700%2C400 2x"},"classes":[]},{"id":350749,"url":"https:\/\/casadecampoliving.com\/es\/enrique-iglesias-gente-de-zona-en-vivo-altos-de-chavon\/","url_meta":{"origin":350961,"position":5},"title":"Enrique Iglesias en vivo para fin de a\u00f1o en Altos de Chavon acompa\u00f1ado por Gente de Zona.","author":"Casa de Campo Resort","date":"4 Nov, 2016","format":false,"excerpt":"Con la finalidad de cerrar con broche de oro la espl\u00e9ndida temporada de conciertos y presentaciones art\u00edstica en el que se convirti\u00f3 este 2016, Casa de Campo se complace en anunciar dos conciertos en uno, con Enrique Iglesias y Gente de Zona, la noche del 30 de diciembre, v\u00edspera de\u2026","rel":"","context":"En \u00abAltos de Chavon @es\u00bb","block_context":{"text":"Altos de Chavon @es","link":"https:\/\/casadecampoliving.com\/category\/altos-de-chavon-es\/"},"img":{"alt_text":"","src":"https:\/\/i0.wp.com\/casadecampoliving.com\/wp-content\/uploads\/2022\/10\/6870_03_AS_ENRIQUE_EDITORIAL_S00_2154a_V2_CMYK-e1478221384604-1.jpg?fit=1000%2C667&ssl=1&resize=350%2C200","width":350,"height":200,"srcset":"https:\/\/i0.wp.com\/casadecampoliving.com\/wp-content\/uploads\/2022\/10\/6870_03_AS_ENRIQUE_EDITORIAL_S00_2154a_V2_CMYK-e1478221384604-1.jpg?fit=1000%2C667&ssl=1&resize=350%2C200 1x, https:\/\/i0.wp.com\/casadecampoliving.com\/wp-content\/uploads\/2022\/10\/6870_03_AS_ENRIQUE_EDITORIAL_S00_2154a_V2_CMYK-e1478221384604-1.jpg?fit=1000%2C667&ssl=1&resize=525%2C300 1.5x, https:\/\/i0.wp.com\/casadecampoliving.com\/wp-content\/uploads\/2022\/10\/6870_03_AS_ENRIQUE_EDITORIAL_S00_2154a_V2_CMYK-e1478221384604-1.jpg?fit=1000%2C667&ssl=1&resize=700%2C400 2x"},"classes":[]}],"jetpack_sharing_enabled":true,"_links":{"self":[{"href":"https:\/\/casadecampoliving.com\/es\/wp-json\/wp\/v2\/posts\/350961","targetHints":{"allow":["GET"]}}],"collection":[{"href":"https:\/\/casadecampoliving.com\/es\/wp-json\/wp\/v2\/posts"}],"about":[{"href":"https:\/\/casadecampoliving.com\/es\/wp-json\/wp\/v2\/types\/post"}],"author":[{"embeddable":true,"href":"https:\/\/casadecampoliving.com\/es\/wp-json\/wp\/v2\/users\/36682"}],"replies":[{"embeddable":true,"href":"https:\/\/casadecampoliving.com\/es\/wp-json\/wp\/v2\/comments?post=350961"}],"version-history":[{"count":1,"href":"https:\/\/casadecampoliving.com\/es\/wp-json\/wp\/v2\/posts\/350961\/revisions"}],"predecessor-version":[{"id":350962,"href":"https:\/\/casadecampoliving.com\/es\/wp-json\/wp\/v2\/posts\/350961\/revisions\/350962"}],"wp:featuredmedia":[{"embeddable":true,"href":"https:\/\/casadecampoliving.com\/es\/wp-json\/wp\/v2\/media\/313441"}],"wp:attachment":[{"href":"https:\/\/casadecampoliving.com\/es\/wp-json\/wp\/v2\/media?parent=350961"}],"wp:term":[{"taxonomy":"category","embeddable":true,"href":"https:\/\/casadecampoliving.com\/es\/wp-json\/wp\/v2\/categories?post=350961"},{"taxonomy":"post_tag","embeddable":true,"href":"https:\/\/casadecampoliving.com\/es\/wp-json\/wp\/v2\/tags?post=350961"},{"taxonomy":"newspack_spnsrs_tax","embeddable":true,"href":"https:\/\/casadecampoliving.com\/es\/wp-json\/wp\/v2\/newspack_spnsrs_tax?post=350961"}],"curies":[{"name":"wp","href":"https:\/\/api.w.org\/{rel}","templated":true}]}}