{"id":350957,"date":"2016-12-27T00:00:00","date_gmt":"2016-12-27T04:00:00","guid":{"rendered":"https:\/\/casadecampoliving.com\/gran-apertura-de-bar-monaco-este-viernes-antes-del-concierto-de-enrique-iglesias\/"},"modified":"2022-10-21T19:04:50","modified_gmt":"2022-10-21T23:04:50","slug":"gran-apertura-de-bar-monaco-este-viernes-antes-del-concierto-de-enrique-iglesias","status":"publish","type":"post","link":"https:\/\/casadecampoliving.com\/es\/gran-apertura-de-bar-monaco-este-viernes-antes-del-concierto-de-enrique-iglesias\/","title":{"rendered":"\u00a1GRAN APERTURA de Bar Monaco este viernes antes del concierto de Enrique Iglesias!"},"content":{"rendered":"\n<p>Ahora que la Navidad ha pasado, todos estamos listos para las pr\u00f3ximas fiestas. Una cuenta atr\u00e1s para el nuevo a\u00f1o ya ha comenzado en la mente de muchas personas, \u00a1y este a\u00f1o Casa de Campo tiene un nuevo restaurante en la ciudad! Pero antes de su gran fiesta de A\u00f1o Nuevo&nbsp;el 31, Bar Monaco celebrar\u00e1 su GRAN APERTURA este viernes por la noche, 30 de diciembre, <a href=\"https:\/\/casadecampoliving.com\/es\/boletas-concierto-de-enrique-iglesias-y-gente-de-zona\/\">justo antes del concierto de Enrique Iglesias y Gente de Zona.<\/a><\/p>\n\n\n\n<!--more-->\n\n\n\n<p>Mientras&nbsp;muchas personas se preparan para visitar el complejo para el fin de semana m\u00e1s grande del a\u00f1o, \u00a1aseg\u00farese de hacer una parada en el <a href=\"https:\/\/casadecampoliving.com\/es\/conozca-el-nuevo-bar-monaco-que-abrira-en-diciembre-2016\/\">bar de champ\u00e1n con tema de&nbsp;F\u00f3rmula Uno en el tema de Altos de Chav\u00f3n<\/a>! Este viernes de 7 pm \u2013 8 pm, tendr\u00e1n prosecco de cortes\u00eda y hors d\u2019oeuvres en el exterior, \u00a1y 50% de descuento en c\u00f3cteles! El servicio completo de la cena estar\u00e1 disponible adentro, y todos est\u00e1n invitados a pasar adentro y conocer todo el establecimiento luego de la&nbsp;remodelaci\u00f3n. Hemos estado viendo las renovaciones en los \u00faltimos meses, y podemos decir que sin duda alguna su redise\u00f1o esta super interesante y vale la pena visitarlo.<\/p>\n\n\n<div class=\"wp-block-image\">\n<figure class=\"aligncenter is-resized\"><img loading=\"lazy\" decoding=\"async\" src=\"https:\/\/i0.wp.com\/casadecampoliving.com\/wp-content\/uploads\/2022\/10\/IMG_4771-1-e1482854322739.jpg?resize=1000%2C561&amp;ssl=1\" alt=\"Bar Monaco\" class=\"wp-image-131196\" height=\"561\" width=\"1000\"\/><\/figure>\n<\/div>\n\n\n<p>Con objetos originales de la&nbsp;F\u00f3rmula Uno en exhibici\u00f3n, y su p\u00e9rgola totalmente techada&nbsp;nos mantendr\u00e1 secos si este viernes por la noche hay pron\u00f3sticos de lluvia. Es la parada perfecta en Altos de Chav\u00f3n justo antes del concierto que est\u00e1 programado para comenzar a las 8:30 pm. No se pierda la oportunidad de conocer el restaurante m\u00e1s nuevo en Casa de Campo, y degustar su selecci\u00f3n especial de hors d\u2019oeuvres por el chef y co propietario Carlos Chapellin. Sus men\u00fas completos tambi\u00e9n se estrenaran&nbsp;durante&nbsp;la apertura.<\/p>\n\n\n\n<p>\u00a1Regrese a Casa para una de las mejores fiestas de v\u00edsperas de A\u00f1o Nuevo! Las bebidas no dejan de fluir en este incre\u00edble&nbsp;bar tem\u00e1tico de&nbsp;champ\u00e1n.<\/p>\n\n\n\n<blockquote><h3>BAR MONACO<\/h3><figure><img decoding=\"async\" loading=\"lazy\" class=\"alignright wp-image-128035 size-thumbnail\" src=\"https:\/\/i0.wp.com\/casadecampoliving.com\/wp-content\/uploads\/2022\/10\/LOGO-PRINT-RGB-01-scaled.jpg?resize=150%2C150&amp;ssl=1\" alt=\"logo-print-rgb-01\" width=\"150\" height=\"150\"><\/figure><p><strong>D\u00f3nde:<\/strong> Altos de Chav\u00f3n<\/p><p><strong>Gran Apertura:<\/strong>&nbsp;Viernes&nbsp;30 de diciembre, 2016<\/p><p><em>Llame para hacer reservaciones y obtenga sus invitaciones para la apertura!<\/em><\/p><p><strong>Tel:<\/strong> (809) 235-8701, (809) 873-3353<\/p><h4><a href=\"https:\/\/casadecampoliving.com\/es\/formula-uno-bar-monaco-en-altos-de-chavon\/\"><strong>Conozca m\u00e1s de la Formula Uno justo a tiempo para la apertura del nuevo Bar Monaco en Altos de Chav\u00f3n<\/strong><\/a><\/h4><figure><img decoding=\"async\" loading=\"lazy\" class=\"aligncenter size-full wp-image-128032\" src=\"https:\/\/i0.wp.com\/casadecampoliving.com\/wp-content\/uploads\/2022\/10\/shutterstock_317281754-2.jpg?resize=1000%2C667&amp;ssl=1\" sizes=\"auto, (max-width: 1000px) 100vw, 1000px\" srcset=\"https:\/\/i0.wp.com\/casadecampoliving.com\/wp-content\/uploads\/2022\/10\/shutterstock_317281754-2.jpg?resize=1000%2C667&amp;ssl=1 1000w, https:\/\/i0.wp.com\/casadecampoliving.com\/wp-content\/uploads\/2022\/10\/shutterstock_317281754-2.jpg?resize=1000%2C667&amp;ssl=1 300w, https:\/\/i0.wp.com\/casadecampoliving.com\/wp-content\/uploads\/2022\/10\/shutterstock_317281754-2.jpg?resize=1000%2C667&amp;ssl=1 768w\" alt=\"shutterstock_317281754\" width=\"1000\" height=\"667\"><\/figure><p>En esta temporada navide\u00f1a tenemos varias razones para celebrar y muchos lugares donde podemos hacerlo. <a href=\"https:\/\/casadecampoliving.com\/es\/conozca-el-nuevo-bar-monaco-que-abrira-en-diciembre-2016\/\">Bar Monaco est\u00e1 abriendo sus puertas al p\u00fablico <\/a>y dando a Altos de Chav\u00f3n un nuevo lugar con un nuevo concepto \u00a1que no podemos esperar a ver! Bar Monaco combina&nbsp;estilo y moda con la necesidad de velocidad. Con la F\u00f3rmula Uno como el tema de la barra de champ\u00e1n, podr\u00e1s aprender m\u00e1s sobre el deporte, su estilo de vida y conocer los 21 destinos donde se realiza el Grand Prix. Si a\u00fan no eres un experto en F\u00f3rmula Uno, te ayudaremos a comprender de qu\u00e9 se trata. Hicimos nuestra investigaci\u00f3n en l\u00ednea y <a href=\"https:\/\/casadecampoliving.com\/es\/formula-uno-bar-monaco-en-altos-de-chavon\/\">aqu\u00ed es lo que descubrimos:<\/a><\/p><\/blockquote>\n","protected":false},"excerpt":{"rendered":"<p>Ahora que la Navidad ha pasado, todos estamos listos para las pr\u00f3ximas fiestas. Una cuenta atr\u00e1s para el nuevo a\u00f1o ya ha comenzado en la mente de muchas personas, \u00a1y este a\u00f1o Casa de Campo tiene un nuevo restaurante en la ciudad! Pero antes de su gran fiesta de A\u00f1o Nuevo&nbsp;el 31, Bar Monaco celebrar\u00e1 [&hellip;]<\/p>\n","protected":false},"author":36681,"featured_media":315075,"comment_status":"closed","ping_status":"closed","sticky":false,"template":"","format":"standard","meta":{"newspack_ads_suppress_ads":false,"newspack_popups_has_disabled_popups":false,"newspack_sponsor_sponsorship_scope":"","newspack_sponsor_native_byline_display":"inherit","newspack_sponsor_native_category_display":"inherit","newspack_sponsor_underwriter_style":"inherit","newspack_sponsor_underwriter_placement":"inherit","_newspack_byline_active":false,"_newspack_byline":"","newspack_hide_updated_date":false,"newspack_show_updated_date":false,"newspack_content_restriction_is_exempt":false,"newspack_featured_image_position":"","newspack_post_subtitle":"","newspack_article_summary_title":"Overview:","newspack_article_summary":"","_jetpack_memberships_contains_paid_content":false,"footnotes":"","jetpack_publicize_message":"","jetpack_publicize_feature_enabled":true,"jetpack_social_post_already_shared":false,"jetpack_social_options":{"image_generator_settings":{"template":"highway","default_image_id":0,"font":"","enabled":false},"version":2},"_wpas_customize_per_network":false},"categories":[26819,14629,14631,2522,14625,14627,2520,2501],"tags":[15387,2733,9702,19242,3464,14736,19246,20097,18933,2744],"newspack_spnsrs_tax":[],"class_list":["post-350957","post","type-post","status-publish","format-standard","has-post-thumbnail","hentry","category-altos-de-chavon-es","category-comidas-bebidas","category-estilo-de-vida","category-eventos-es","category-noticias-locales","category-proximamente","category-restaurantes-es","category-vida-nocturna-es","tag-altos-de-chavon-es","tag-apertura","tag-bar","tag-bar-monaco","tag-champan","tag-featured-topview-es","tag-formula-uno","tag-nuevo-local","tag-restaurant-es-2","tag-restaurante","entry"],"yoast_head":"<!-- This site is optimized with the Yoast SEO plugin v27.5 - https:\/\/yoast.com\/product\/yoast-seo-wordpress\/ -->\n<title>\u00a1GRAN APERTURA de Bar Monaco este viernes antes del concierto de Enrique Iglesias! | Casa de Campo Living<\/title>\n<meta name=\"description\" content=\"Ahora que la Navidad ha pasado, todos estamos listos para las pr\u00f3ximas fiestas. Una cuenta atr\u00e1s para el nuevo a\u00f1o ya ha comenzado en la mente de muchas\" \/>\n<meta name=\"robots\" content=\"index, follow, max-snippet:-1, max-image-preview:large, max-video-preview:-1\" \/>\n<link rel=\"canonical\" href=\"https:\/\/casadecampoliving.com\/es\/gran-apertura-de-bar-monaco-este-viernes-antes-del-concierto-de-enrique-iglesias\/\" \/>\n<meta property=\"og:locale\" content=\"es_ES\" \/>\n<meta property=\"og:type\" content=\"article\" \/>\n<meta property=\"og:title\" content=\"\u00a1GRAN APERTURA de Bar Monaco este viernes antes del concierto de Enrique Iglesias! | Casa de Campo Living\" \/>\n<meta property=\"og:description\" content=\"Ahora que la Navidad ha pasado, todos estamos listos para las pr\u00f3ximas fiestas. Una cuenta atr\u00e1s para el nuevo a\u00f1o ya ha comenzado en la mente de muchas\" \/>\n<meta property=\"og:url\" content=\"https:\/\/casadecampoliving.com\/es\/gran-apertura-de-bar-monaco-este-viernes-antes-del-concierto-de-enrique-iglesias\/\" \/>\n<meta property=\"og:site_name\" content=\"Casa de Campo Living\" \/>\n<meta property=\"article:publisher\" content=\"https:\/\/www.facebook.com\/casadecampoliving\" \/>\n<meta property=\"article:published_time\" content=\"2016-12-27T04:00:00+00:00\" \/>\n<meta property=\"article:modified_time\" content=\"2022-10-21T23:04:50+00:00\" \/>\n<meta property=\"og:image\" content=\"https:\/\/i0.wp.com\/casadecampoliving.com\/wp-content\/uploads\/2022\/10\/IMG_4755-1-e1482854282525.jpg?fit=1000%2C561&ssl=1\" \/>\n\t<meta property=\"og:image:width\" content=\"1000\" \/>\n\t<meta property=\"og:image:height\" content=\"561\" \/>\n\t<meta property=\"og:image:type\" content=\"image\/jpeg\" \/>\n<meta name=\"author\" content=\"Heather Lincoln\" \/>\n<meta name=\"twitter:card\" content=\"summary_large_image\" \/>\n<meta name=\"twitter:creator\" content=\"@cdcliving\" \/>\n<meta name=\"twitter:site\" content=\"@cdcliving\" \/>\n<meta name=\"twitter:label1\" content=\"Escrito por\" \/>\n\t<meta name=\"twitter:data1\" content=\"Heather Lincoln\" \/>\n\t<meta name=\"twitter:label2\" content=\"Tiempo de lectura\" \/>\n\t<meta name=\"twitter:data2\" content=\"3 minutos\" \/>\n<script type=\"application\/ld+json\" class=\"yoast-schema-graph\">{\"@context\":\"https:\\\/\\\/schema.org\",\"@graph\":[{\"@type\":\"Article\",\"@id\":\"https:\\\/\\\/casadecampoliving.com\\\/es\\\/gran-apertura-de-bar-monaco-este-viernes-antes-del-concierto-de-enrique-iglesias\\\/#article\",\"isPartOf\":{\"@id\":\"https:\\\/\\\/casadecampoliving.com\\\/es\\\/gran-apertura-de-bar-monaco-este-viernes-antes-del-concierto-de-enrique-iglesias\\\/\"},\"author\":{\"name\":\"Heather Lincoln\",\"@id\":\"https:\\\/\\\/casadecampoliving.com\\\/es\\\/#\\\/schema\\\/person\\\/e3abfc63c1478fd703266a6f33a3145d\"},\"headline\":\"\u00a1GRAN APERTURA de Bar Monaco este viernes antes del concierto de Enrique Iglesias!\",\"datePublished\":\"2016-12-27T04:00:00+00:00\",\"dateModified\":\"2022-10-21T23:04:50+00:00\",\"mainEntityOfPage\":{\"@id\":\"https:\\\/\\\/casadecampoliving.com\\\/es\\\/gran-apertura-de-bar-monaco-este-viernes-antes-del-concierto-de-enrique-iglesias\\\/\"},\"wordCount\":533,\"publisher\":{\"@id\":\"https:\\\/\\\/casadecampoliving.com\\\/es\\\/#organization\"},\"image\":{\"@id\":\"https:\\\/\\\/casadecampoliving.com\\\/es\\\/gran-apertura-de-bar-monaco-este-viernes-antes-del-concierto-de-enrique-iglesias\\\/#primaryimage\"},\"thumbnailUrl\":\"https:\\\/\\\/i0.wp.com\\\/casadecampoliving.com\\\/wp-content\\\/uploads\\\/2022\\\/10\\\/IMG_4755-1-e1482854282525.jpg?fit=1000%2C561&ssl=1\",\"keywords\":[\"Altos de Chavon\",\"apertura\",\"bar\",\"bar monaco\",\"champan\",\"Featured-TopView @es\",\"formula uno\",\"nuevo local\",\"Restaurant\",\"restaurante\"],\"articleSection\":[\"Altos de Chavon @es\",\"Comidas &amp; Bebidas\",\"Estilo de Vida\",\"Eventos\",\"Noticias Locales\",\"Proximamente\",\"Restaurantes\",\"Vida Nocturna\"],\"inLanguage\":\"es\"},{\"@type\":\"WebPage\",\"@id\":\"https:\\\/\\\/casadecampoliving.com\\\/es\\\/gran-apertura-de-bar-monaco-este-viernes-antes-del-concierto-de-enrique-iglesias\\\/\",\"url\":\"https:\\\/\\\/casadecampoliving.com\\\/es\\\/gran-apertura-de-bar-monaco-este-viernes-antes-del-concierto-de-enrique-iglesias\\\/\",\"name\":\"\u00a1GRAN APERTURA de Bar Monaco este viernes antes del concierto de Enrique Iglesias! | Casa de Campo Living\",\"isPartOf\":{\"@id\":\"https:\\\/\\\/casadecampoliving.com\\\/es\\\/#website\"},\"primaryImageOfPage\":{\"@id\":\"https:\\\/\\\/casadecampoliving.com\\\/es\\\/gran-apertura-de-bar-monaco-este-viernes-antes-del-concierto-de-enrique-iglesias\\\/#primaryimage\"},\"image\":{\"@id\":\"https:\\\/\\\/casadecampoliving.com\\\/es\\\/gran-apertura-de-bar-monaco-este-viernes-antes-del-concierto-de-enrique-iglesias\\\/#primaryimage\"},\"thumbnailUrl\":\"https:\\\/\\\/i0.wp.com\\\/casadecampoliving.com\\\/wp-content\\\/uploads\\\/2022\\\/10\\\/IMG_4755-1-e1482854282525.jpg?fit=1000%2C561&ssl=1\",\"datePublished\":\"2016-12-27T04:00:00+00:00\",\"dateModified\":\"2022-10-21T23:04:50+00:00\",\"description\":\"Ahora que la Navidad ha pasado, todos estamos listos para las pr\u00f3ximas fiestas. Una cuenta atr\u00e1s para el nuevo a\u00f1o ya ha comenzado en la mente de muchas\",\"breadcrumb\":{\"@id\":\"https:\\\/\\\/casadecampoliving.com\\\/es\\\/gran-apertura-de-bar-monaco-este-viernes-antes-del-concierto-de-enrique-iglesias\\\/#breadcrumb\"},\"inLanguage\":\"es\",\"potentialAction\":[{\"@type\":\"ReadAction\",\"target\":[\"https:\\\/\\\/casadecampoliving.com\\\/es\\\/gran-apertura-de-bar-monaco-este-viernes-antes-del-concierto-de-enrique-iglesias\\\/\"]}]},{\"@type\":\"ImageObject\",\"inLanguage\":\"es\",\"@id\":\"https:\\\/\\\/casadecampoliving.com\\\/es\\\/gran-apertura-de-bar-monaco-este-viernes-antes-del-concierto-de-enrique-iglesias\\\/#primaryimage\",\"url\":\"https:\\\/\\\/i0.wp.com\\\/casadecampoliving.com\\\/wp-content\\\/uploads\\\/2022\\\/10\\\/IMG_4755-1-e1482854282525.jpg?fit=1000%2C561&ssl=1\",\"contentUrl\":\"https:\\\/\\\/i0.wp.com\\\/casadecampoliving.com\\\/wp-content\\\/uploads\\\/2022\\\/10\\\/IMG_4755-1-e1482854282525.jpg?fit=1000%2C561&ssl=1\",\"width\":1000,\"height\":561,\"caption\":\"Bar Monaco\"},{\"@type\":\"BreadcrumbList\",\"@id\":\"https:\\\/\\\/casadecampoliving.com\\\/es\\\/gran-apertura-de-bar-monaco-este-viernes-antes-del-concierto-de-enrique-iglesias\\\/#breadcrumb\",\"itemListElement\":[{\"@type\":\"ListItem\",\"position\":1,\"name\":\"Home\",\"item\":\"https:\\\/\\\/casadecampoliving.com\\\/es\\\/\"},{\"@type\":\"ListItem\",\"position\":2,\"name\":\"\u00a1GRAN APERTURA de Bar Monaco este viernes antes del concierto de Enrique Iglesias!\"}]},{\"@type\":\"WebSite\",\"@id\":\"https:\\\/\\\/casadecampoliving.com\\\/es\\\/#website\",\"url\":\"https:\\\/\\\/casadecampoliving.com\\\/es\\\/\",\"name\":\"Casa de Campo Living\",\"description\":\"Resort community news and resources.\",\"publisher\":{\"@id\":\"https:\\\/\\\/casadecampoliving.com\\\/es\\\/#organization\"},\"potentialAction\":[{\"@type\":\"SearchAction\",\"target\":{\"@type\":\"EntryPoint\",\"urlTemplate\":\"https:\\\/\\\/casadecampoliving.com\\\/es\\\/?s={search_term_string}\"},\"query-input\":{\"@type\":\"PropertyValueSpecification\",\"valueRequired\":true,\"valueName\":\"search_term_string\"}}],\"inLanguage\":\"es\"},{\"@type\":\"Organization\",\"@id\":\"https:\\\/\\\/casadecampoliving.com\\\/es\\\/#organization\",\"name\":\"Casa de Campo Living\",\"url\":\"https:\\\/\\\/casadecampoliving.com\\\/es\\\/\",\"logo\":{\"@type\":\"ImageObject\",\"inLanguage\":\"es\",\"@id\":\"https:\\\/\\\/casadecampoliving.com\\\/es\\\/#\\\/schema\\\/logo\\\/image\\\/\",\"url\":\"https:\\\/\\\/i0.wp.com\\\/casadecampoliving.com\\\/wp-content\\\/uploads\\\/2022\\\/07\\\/CDCLivingLogo_V1-white-sized.png?fit=800%2C214&ssl=1\",\"contentUrl\":\"https:\\\/\\\/i0.wp.com\\\/casadecampoliving.com\\\/wp-content\\\/uploads\\\/2022\\\/07\\\/CDCLivingLogo_V1-white-sized.png?fit=800%2C214&ssl=1\",\"width\":800,\"height\":214,\"caption\":\"Casa de Campo Living\"},\"image\":{\"@id\":\"https:\\\/\\\/casadecampoliving.com\\\/es\\\/#\\\/schema\\\/logo\\\/image\\\/\"},\"sameAs\":[\"https:\\\/\\\/www.facebook.com\\\/casadecampoliving\",\"https:\\\/\\\/x.com\\\/cdcliving\"]},{\"@type\":\"Person\",\"@id\":\"https:\\\/\\\/casadecampoliving.com\\\/es\\\/#\\\/schema\\\/person\\\/e3abfc63c1478fd703266a6f33a3145d\",\"name\":\"Heather Lincoln\",\"image\":{\"@type\":\"ImageObject\",\"inLanguage\":\"es\",\"@id\":\"https:\\\/\\\/secure.gravatar.com\\\/avatar\\\/e8fc1ce4ad50385675908137b0d8d66be281d034bf072b4700460237638ea6d0?s=96&d=mm&r=g\",\"url\":\"https:\\\/\\\/secure.gravatar.com\\\/avatar\\\/e8fc1ce4ad50385675908137b0d8d66be281d034bf072b4700460237638ea6d0?s=96&d=mm&r=g\",\"contentUrl\":\"https:\\\/\\\/secure.gravatar.com\\\/avatar\\\/e8fc1ce4ad50385675908137b0d8d66be281d034bf072b4700460237638ea6d0?s=96&d=mm&r=g\",\"caption\":\"Heather Lincoln\"},\"url\":\"https:\\\/\\\/casadecampoliving.com\\\/es\\\/author\\\/hcastillo\\\/\"}]}<\/script>\n<!-- \/ Yoast SEO plugin. -->","yoast_head_json":{"title":"\u00a1GRAN APERTURA de Bar Monaco este viernes antes del concierto de Enrique Iglesias! | Casa de Campo Living","description":"Ahora que la Navidad ha pasado, todos estamos listos para las pr\u00f3ximas fiestas. Una cuenta atr\u00e1s para el nuevo a\u00f1o ya ha comenzado en la mente de muchas","robots":{"index":"index","follow":"follow","max-snippet":"max-snippet:-1","max-image-preview":"max-image-preview:large","max-video-preview":"max-video-preview:-1"},"canonical":"https:\/\/casadecampoliving.com\/es\/gran-apertura-de-bar-monaco-este-viernes-antes-del-concierto-de-enrique-iglesias\/","og_locale":"es_ES","og_type":"article","og_title":"\u00a1GRAN APERTURA de Bar Monaco este viernes antes del concierto de Enrique Iglesias! | Casa de Campo Living","og_description":"Ahora que la Navidad ha pasado, todos estamos listos para las pr\u00f3ximas fiestas. Una cuenta atr\u00e1s para el nuevo a\u00f1o ya ha comenzado en la mente de muchas","og_url":"https:\/\/casadecampoliving.com\/es\/gran-apertura-de-bar-monaco-este-viernes-antes-del-concierto-de-enrique-iglesias\/","og_site_name":"Casa de Campo Living","article_publisher":"https:\/\/www.facebook.com\/casadecampoliving","article_published_time":"2016-12-27T04:00:00+00:00","article_modified_time":"2022-10-21T23:04:50+00:00","og_image":[{"width":1000,"height":561,"url":"https:\/\/i0.wp.com\/casadecampoliving.com\/wp-content\/uploads\/2022\/10\/IMG_4755-1-e1482854282525.jpg?fit=1000%2C561&ssl=1","type":"image\/jpeg"}],"author":"Heather Lincoln","twitter_card":"summary_large_image","twitter_creator":"@cdcliving","twitter_site":"@cdcliving","twitter_misc":{"Escrito por":"Heather Lincoln","Tiempo de lectura":"3 minutos"},"schema":{"@context":"https:\/\/schema.org","@graph":[{"@type":"Article","@id":"https:\/\/casadecampoliving.com\/es\/gran-apertura-de-bar-monaco-este-viernes-antes-del-concierto-de-enrique-iglesias\/#article","isPartOf":{"@id":"https:\/\/casadecampoliving.com\/es\/gran-apertura-de-bar-monaco-este-viernes-antes-del-concierto-de-enrique-iglesias\/"},"author":{"name":"Heather Lincoln","@id":"https:\/\/casadecampoliving.com\/es\/#\/schema\/person\/e3abfc63c1478fd703266a6f33a3145d"},"headline":"\u00a1GRAN APERTURA de Bar Monaco este viernes antes del concierto de Enrique Iglesias!","datePublished":"2016-12-27T04:00:00+00:00","dateModified":"2022-10-21T23:04:50+00:00","mainEntityOfPage":{"@id":"https:\/\/casadecampoliving.com\/es\/gran-apertura-de-bar-monaco-este-viernes-antes-del-concierto-de-enrique-iglesias\/"},"wordCount":533,"publisher":{"@id":"https:\/\/casadecampoliving.com\/es\/#organization"},"image":{"@id":"https:\/\/casadecampoliving.com\/es\/gran-apertura-de-bar-monaco-este-viernes-antes-del-concierto-de-enrique-iglesias\/#primaryimage"},"thumbnailUrl":"https:\/\/i0.wp.com\/casadecampoliving.com\/wp-content\/uploads\/2022\/10\/IMG_4755-1-e1482854282525.jpg?fit=1000%2C561&ssl=1","keywords":["Altos de Chavon","apertura","bar","bar monaco","champan","Featured-TopView @es","formula uno","nuevo local","Restaurant","restaurante"],"articleSection":["Altos de Chavon @es","Comidas &amp; Bebidas","Estilo de Vida","Eventos","Noticias Locales","Proximamente","Restaurantes","Vida Nocturna"],"inLanguage":"es"},{"@type":"WebPage","@id":"https:\/\/casadecampoliving.com\/es\/gran-apertura-de-bar-monaco-este-viernes-antes-del-concierto-de-enrique-iglesias\/","url":"https:\/\/casadecampoliving.com\/es\/gran-apertura-de-bar-monaco-este-viernes-antes-del-concierto-de-enrique-iglesias\/","name":"\u00a1GRAN APERTURA de Bar Monaco este viernes antes del concierto de Enrique Iglesias! | Casa de Campo Living","isPartOf":{"@id":"https:\/\/casadecampoliving.com\/es\/#website"},"primaryImageOfPage":{"@id":"https:\/\/casadecampoliving.com\/es\/gran-apertura-de-bar-monaco-este-viernes-antes-del-concierto-de-enrique-iglesias\/#primaryimage"},"image":{"@id":"https:\/\/casadecampoliving.com\/es\/gran-apertura-de-bar-monaco-este-viernes-antes-del-concierto-de-enrique-iglesias\/#primaryimage"},"thumbnailUrl":"https:\/\/i0.wp.com\/casadecampoliving.com\/wp-content\/uploads\/2022\/10\/IMG_4755-1-e1482854282525.jpg?fit=1000%2C561&ssl=1","datePublished":"2016-12-27T04:00:00+00:00","dateModified":"2022-10-21T23:04:50+00:00","description":"Ahora que la Navidad ha pasado, todos estamos listos para las pr\u00f3ximas fiestas. Una cuenta atr\u00e1s para el nuevo a\u00f1o ya ha comenzado en la mente de muchas","breadcrumb":{"@id":"https:\/\/casadecampoliving.com\/es\/gran-apertura-de-bar-monaco-este-viernes-antes-del-concierto-de-enrique-iglesias\/#breadcrumb"},"inLanguage":"es","potentialAction":[{"@type":"ReadAction","target":["https:\/\/casadecampoliving.com\/es\/gran-apertura-de-bar-monaco-este-viernes-antes-del-concierto-de-enrique-iglesias\/"]}]},{"@type":"ImageObject","inLanguage":"es","@id":"https:\/\/casadecampoliving.com\/es\/gran-apertura-de-bar-monaco-este-viernes-antes-del-concierto-de-enrique-iglesias\/#primaryimage","url":"https:\/\/i0.wp.com\/casadecampoliving.com\/wp-content\/uploads\/2022\/10\/IMG_4755-1-e1482854282525.jpg?fit=1000%2C561&ssl=1","contentUrl":"https:\/\/i0.wp.com\/casadecampoliving.com\/wp-content\/uploads\/2022\/10\/IMG_4755-1-e1482854282525.jpg?fit=1000%2C561&ssl=1","width":1000,"height":561,"caption":"Bar Monaco"},{"@type":"BreadcrumbList","@id":"https:\/\/casadecampoliving.com\/es\/gran-apertura-de-bar-monaco-este-viernes-antes-del-concierto-de-enrique-iglesias\/#breadcrumb","itemListElement":[{"@type":"ListItem","position":1,"name":"Home","item":"https:\/\/casadecampoliving.com\/es\/"},{"@type":"ListItem","position":2,"name":"\u00a1GRAN APERTURA de Bar Monaco este viernes antes del concierto de Enrique Iglesias!"}]},{"@type":"WebSite","@id":"https:\/\/casadecampoliving.com\/es\/#website","url":"https:\/\/casadecampoliving.com\/es\/","name":"Casa de Campo Living","description":"Resort community news and resources.","publisher":{"@id":"https:\/\/casadecampoliving.com\/es\/#organization"},"potentialAction":[{"@type":"SearchAction","target":{"@type":"EntryPoint","urlTemplate":"https:\/\/casadecampoliving.com\/es\/?s={search_term_string}"},"query-input":{"@type":"PropertyValueSpecification","valueRequired":true,"valueName":"search_term_string"}}],"inLanguage":"es"},{"@type":"Organization","@id":"https:\/\/casadecampoliving.com\/es\/#organization","name":"Casa de Campo Living","url":"https:\/\/casadecampoliving.com\/es\/","logo":{"@type":"ImageObject","inLanguage":"es","@id":"https:\/\/casadecampoliving.com\/es\/#\/schema\/logo\/image\/","url":"https:\/\/i0.wp.com\/casadecampoliving.com\/wp-content\/uploads\/2022\/07\/CDCLivingLogo_V1-white-sized.png?fit=800%2C214&ssl=1","contentUrl":"https:\/\/i0.wp.com\/casadecampoliving.com\/wp-content\/uploads\/2022\/07\/CDCLivingLogo_V1-white-sized.png?fit=800%2C214&ssl=1","width":800,"height":214,"caption":"Casa de Campo Living"},"image":{"@id":"https:\/\/casadecampoliving.com\/es\/#\/schema\/logo\/image\/"},"sameAs":["https:\/\/www.facebook.com\/casadecampoliving","https:\/\/x.com\/cdcliving"]},{"@type":"Person","@id":"https:\/\/casadecampoliving.com\/es\/#\/schema\/person\/e3abfc63c1478fd703266a6f33a3145d","name":"Heather Lincoln","image":{"@type":"ImageObject","inLanguage":"es","@id":"https:\/\/secure.gravatar.com\/avatar\/e8fc1ce4ad50385675908137b0d8d66be281d034bf072b4700460237638ea6d0?s=96&d=mm&r=g","url":"https:\/\/secure.gravatar.com\/avatar\/e8fc1ce4ad50385675908137b0d8d66be281d034bf072b4700460237638ea6d0?s=96&d=mm&r=g","contentUrl":"https:\/\/secure.gravatar.com\/avatar\/e8fc1ce4ad50385675908137b0d8d66be281d034bf072b4700460237638ea6d0?s=96&d=mm&r=g","caption":"Heather Lincoln"},"url":"https:\/\/casadecampoliving.com\/es\/author\/hcastillo\/"}]}},"parsely":{"version":"1.1.0","canonical_url":"https:\/\/casadecampoliving.com\/es\/gran-apertura-de-bar-monaco-este-viernes-antes-del-concierto-de-enrique-iglesias\/","smart_links":{"inbound":0,"outbound":0},"traffic_boost_suggestions_count":0,"meta":{"@context":"https:\/\/schema.org","@type":"NewsArticle","headline":"\u00a1GRAN APERTURA de Bar Monaco este viernes antes del concierto de Enrique Iglesias!","url":"http:\/\/casadecampoliving.com\/es\/gran-apertura-de-bar-monaco-este-viernes-antes-del-concierto-de-enrique-iglesias\/","mainEntityOfPage":{"@type":"WebPage","@id":"http:\/\/casadecampoliving.com\/es\/gran-apertura-de-bar-monaco-este-viernes-antes-del-concierto-de-enrique-iglesias\/"},"thumbnailUrl":"https:\/\/i0.wp.com\/casadecampoliving.com\/wp-content\/uploads\/2022\/10\/IMG_4755-1-e1482854282525.jpg?resize=150%2C150&ssl=1","image":{"@type":"ImageObject","url":"https:\/\/i0.wp.com\/casadecampoliving.com\/wp-content\/uploads\/2022\/10\/IMG_4755-1-e1482854282525.jpg?fit=1000%2C561&ssl=1"},"articleSection":"Altos de Chavon @es","author":[{"@type":"Person","name":"Heather Lincoln"}],"creator":["Heather Lincoln"],"publisher":{"@type":"Organization","name":"Casa de Campo Living","logo":"https:\/\/casadecampoliving.com\/wp-content\/uploads\/2022\/07\/CDCLivingLogo_V1-white-sized.png"},"keywords":["altos de chavon","apertura","bar","bar monaco","champan","featured-topview @es","formula uno","nuevo local","restaurant","restaurante"],"dateCreated":"2016-12-27T04:00:00Z","datePublished":"2016-12-27T04:00:00Z","dateModified":"2022-10-21T23:04:50Z"},"rendered":"<script type=\"application\/ld+json\" class=\"wp-parsely-metadata\">{\"@context\":\"https:\\\/\\\/schema.org\",\"@type\":\"NewsArticle\",\"headline\":\"\\u00a1GRAN APERTURA de Bar Monaco este viernes antes del concierto de Enrique Iglesias!\",\"url\":\"http:\\\/\\\/casadecampoliving.com\\\/es\\\/gran-apertura-de-bar-monaco-este-viernes-antes-del-concierto-de-enrique-iglesias\\\/\",\"mainEntityOfPage\":{\"@type\":\"WebPage\",\"@id\":\"http:\\\/\\\/casadecampoliving.com\\\/es\\\/gran-apertura-de-bar-monaco-este-viernes-antes-del-concierto-de-enrique-iglesias\\\/\"},\"thumbnailUrl\":\"https:\\\/\\\/i0.wp.com\\\/casadecampoliving.com\\\/wp-content\\\/uploads\\\/2022\\\/10\\\/IMG_4755-1-e1482854282525.jpg?resize=150%2C150&ssl=1\",\"image\":{\"@type\":\"ImageObject\",\"url\":\"https:\\\/\\\/i0.wp.com\\\/casadecampoliving.com\\\/wp-content\\\/uploads\\\/2022\\\/10\\\/IMG_4755-1-e1482854282525.jpg?fit=1000%2C561&ssl=1\"},\"articleSection\":\"Altos de Chavon @es\",\"author\":[{\"@type\":\"Person\",\"name\":\"Heather Lincoln\"}],\"creator\":[\"Heather Lincoln\"],\"publisher\":{\"@type\":\"Organization\",\"name\":\"Casa de Campo Living\",\"logo\":\"https:\\\/\\\/casadecampoliving.com\\\/wp-content\\\/uploads\\\/2022\\\/07\\\/CDCLivingLogo_V1-white-sized.png\"},\"keywords\":[\"altos de chavon\",\"apertura\",\"bar\",\"bar monaco\",\"champan\",\"featured-topview @es\",\"formula uno\",\"nuevo local\",\"restaurant\",\"restaurante\"],\"dateCreated\":\"2016-12-27T04:00:00Z\",\"datePublished\":\"2016-12-27T04:00:00Z\",\"dateModified\":\"2022-10-21T23:04:50Z\"}<\/script>","tracker_url":"https:\/\/cdn.parsely.com\/keys\/casadecampoliving.com\/p.js"},"jetpack_publicize_connections":[],"jetpack_featured_media_url":"https:\/\/i0.wp.com\/casadecampoliving.com\/wp-content\/uploads\/2022\/10\/IMG_4755-1-e1482854282525.jpg?fit=1000%2C561&ssl=1","jetpack-related-posts":[{"id":350988,"url":"https:\/\/casadecampoliving.com\/es\/el-nuevo-y-redisenado-bar-monaco\/","url_meta":{"origin":350957,"position":0},"title":"Un tour a trav\u00e9s del nuevo y redise\u00f1ado Bar Monaco, nuevo men\u00fa, \u00a1y nuevas caras!","author":"Heather Lincoln","date":"8 Ene, 2017","format":false,"excerpt":"Ubicado en Altos de Chav\u00f3n ahora tenemos\u00a0un nuevo restaurante que esta en\u00a0sinton\u00eda con el estilo de nuestra villa de\u00a0artesanos del siglo 16 con\u00a0inspiraci\u00f3n mediterr\u00e1nea. Bar Monaco nos trae el\u00a0prestigioso Grand Prix de M\u00f3naco y su exclusiva vida nocturna a nuestra comunidad. Los co-propietarios de Bar Monaco, Andrew Asch y Carlos\u2026","rel":"","context":"En \u00abAltos de Chavon @es\u00bb","block_context":{"text":"Altos de Chavon @es","link":"https:\/\/casadecampoliving.com\/category\/altos-de-chavon-es\/"},"img":{"alt_text":"Bar Monaco Grand Opening 2016","src":"https:\/\/i0.wp.com\/casadecampoliving.com\/wp-content\/uploads\/2022\/10\/DSC_2185.jpg?fit=1000%2C662&ssl=1&resize=350%2C200","width":350,"height":200,"srcset":"https:\/\/i0.wp.com\/casadecampoliving.com\/wp-content\/uploads\/2022\/10\/DSC_2185.jpg?fit=1000%2C662&ssl=1&resize=350%2C200 1x, https:\/\/i0.wp.com\/casadecampoliving.com\/wp-content\/uploads\/2022\/10\/DSC_2185.jpg?fit=1000%2C662&ssl=1&resize=525%2C300 1.5x, https:\/\/i0.wp.com\/casadecampoliving.com\/wp-content\/uploads\/2022\/10\/DSC_2185.jpg?fit=1000%2C662&ssl=1&resize=700%2C400 2x"},"classes":[]},{"id":350961,"url":"https:\/\/casadecampoliving.com\/es\/estas-listo-para-el-concierto-de-enrique-iglesias-y-gente-de-zona-manana\/","url_meta":{"origin":350957,"position":1},"title":"\u00bfEst\u00e1s listo para el concierto de Enrique Iglesias y Gente de Zona ma\u00f1ana?","author":"Marlenys Guzm\u00e1n Casta\u00f1os","date":"29 Dic, 2016","format":false,"excerpt":"El concierto de Enrique Iglesias y Gente de Zona se acerca r\u00e1pidamente. \u00a1Ya es MA\u00d1ANA! Si a\u00fan no has comprado tus entradas, \u00a1sal a comprarlas\u00a0antes de que se agoten! Estamos seguros de que su agenda est\u00e1 llena, pero esperamos que haya reservado\u00a0un lugar para este gran evento. Lo que es\u2026","rel":"","context":"En \u00abAltos de Chavon @es\u00bb","block_context":{"text":"Altos de Chavon @es","link":"https:\/\/casadecampoliving.com\/category\/altos-de-chavon-es\/"},"img":{"alt_text":"","src":"https:\/\/i0.wp.com\/casadecampoliving.com\/wp-content\/uploads\/2022\/10\/IMG_5593.jpg?fit=1000%2C600&ssl=1&resize=350%2C200","width":350,"height":200,"srcset":"https:\/\/i0.wp.com\/casadecampoliving.com\/wp-content\/uploads\/2022\/10\/IMG_5593.jpg?fit=1000%2C600&ssl=1&resize=350%2C200 1x, https:\/\/i0.wp.com\/casadecampoliving.com\/wp-content\/uploads\/2022\/10\/IMG_5593.jpg?fit=1000%2C600&ssl=1&resize=525%2C300 1.5x, https:\/\/i0.wp.com\/casadecampoliving.com\/wp-content\/uploads\/2022\/10\/IMG_5593.jpg?fit=1000%2C600&ssl=1&resize=700%2C400 2x"},"classes":[]},{"id":350862,"url":"https:\/\/casadecampoliving.com\/es\/conozca-el-nuevo-bar-monaco-y-la-vez-apoye-la-fundacion-mir\/","url_meta":{"origin":350957,"position":2},"title":"\u00a1Conozca el nuevo Bar Monaco y a la vez apoye a la Fundaci\u00f3n MIR!","author":"Marlenys Guzm\u00e1n Casta\u00f1os","date":"1 Dic, 2016","format":false,"excerpt":"\u00bfAlguien m\u00e1s vio la niebla de esta ma\u00f1ana?\u2026 No estoy seguro de si es lo mismo para todos, \u00a1pero definitivamente se ha sentido como la Navidad \u00faltimamente! Damos la bienvenida a diciembre con todas las actividades de este fin de semana, como: Flavors of the World\u00a0Portugal en el Beach Club,\u2026","rel":"","context":"En \u00abAltos de Chavon @es\u00bb","block_context":{"text":"Altos de Chavon @es","link":"https:\/\/casadecampoliving.com\/category\/altos-de-chavon-es\/"},"img":{"alt_text":"bar monaco","src":"https:\/\/i0.wp.com\/casadecampoliving.com\/wp-content\/uploads\/2022\/10\/shutterstock_146992739-e1473674501938-1.jpg?fit=1000%2C645&ssl=1&resize=350%2C200","width":350,"height":200,"srcset":"https:\/\/i0.wp.com\/casadecampoliving.com\/wp-content\/uploads\/2022\/10\/shutterstock_146992739-e1473674501938-1.jpg?fit=1000%2C645&ssl=1&resize=350%2C200 1x, https:\/\/i0.wp.com\/casadecampoliving.com\/wp-content\/uploads\/2022\/10\/shutterstock_146992739-e1473674501938-1.jpg?fit=1000%2C645&ssl=1&resize=525%2C300 1.5x, https:\/\/i0.wp.com\/casadecampoliving.com\/wp-content\/uploads\/2022\/10\/shutterstock_146992739-e1473674501938-1.jpg?fit=1000%2C645&ssl=1&resize=700%2C400 2x"},"classes":[]},{"id":350892,"url":"https:\/\/casadecampoliving.com\/es\/bar-monaco-abre-sus-puertas-en-apoyo-a-la-fundacion-mir\/","url_meta":{"origin":350957,"position":3},"title":"Bar Monaco abre sus puertas en apoyo a la Fundaci\u00f3n MIR","author":"Marlenys Guzm\u00e1n Casta\u00f1os","date":"7 Dic, 2016","format":false,"excerpt":"\u00a1Bar Monaco ha abierto sus puertas! Por fin pudimos conocer un poco m\u00e1s de este ambicioso proyecto. El pasado viernes 2 de diciembre, Altos de Chav\u00f3n y la comunidad de Casa de Campo dieron la bienvenida a la barra de champagne con tema de la F\u00f3rmula Uno, \u00a1Bar M\u00f3naco! La\u2026","rel":"","context":"En \u00abAltos de Chavon\u00bb","block_context":{"text":"Altos de Chavon","link":"https:\/\/casadecampoliving.com\/es\/tag\/altos-de-chavon-es\/"},"img":{"alt_text":"","src":"https:\/\/i0.wp.com\/casadecampoliving.com\/wp-content\/uploads\/2022\/10\/IMG_4788.jpg?fit=1000%2C667&ssl=1&resize=350%2C200","width":350,"height":200,"srcset":"https:\/\/i0.wp.com\/casadecampoliving.com\/wp-content\/uploads\/2022\/10\/IMG_4788.jpg?fit=1000%2C667&ssl=1&resize=350%2C200 1x, https:\/\/i0.wp.com\/casadecampoliving.com\/wp-content\/uploads\/2022\/10\/IMG_4788.jpg?fit=1000%2C667&ssl=1&resize=525%2C300 1.5x, https:\/\/i0.wp.com\/casadecampoliving.com\/wp-content\/uploads\/2022\/10\/IMG_4788.jpg?fit=1000%2C667&ssl=1&resize=700%2C400 2x"},"classes":[]},{"id":350484,"url":"https:\/\/casadecampoliving.com\/es\/conozca-el-nuevo-bar-monaco-que-abrira-en-diciembre-2016\/","url_meta":{"origin":350957,"position":4},"title":"Conozca el nuevo Bar Monaco, que abrir\u00e1 en diciembre 2016 en el antiguo establecimiento de Papa Jack\u2019s","author":"Carla Campos","date":"12 Sep, 2016","format":false,"excerpt":"Esta temporada navide\u00f1a en Casa de Campo promete ser emocionante, con nuevos establecimientos, como 30Sinco, sum\u00e1ndose a\u00a0la escena de restaurantes y vida nocturna. El mes pasado le informamos que Papa Jack\u00b4s hab\u00eda cerrado y vendido, y hoy les estamos presentando exclusivamente el Bar M\u00f3naco, el nuevo establecimiento que tomar\u00e1 su\u2026","rel":"","context":"En \u00abAltos de Chavon @es\u00bb","block_context":{"text":"Altos de Chavon @es","link":"https:\/\/casadecampoliving.com\/category\/altos-de-chavon-es\/"},"img":{"alt_text":"bar monaco","src":"https:\/\/i0.wp.com\/casadecampoliving.com\/wp-content\/uploads\/2022\/10\/shutterstock_132504284-e1473675534769.jpg?fit=1000%2C600&ssl=1&resize=350%2C200","width":350,"height":200,"srcset":"https:\/\/i0.wp.com\/casadecampoliving.com\/wp-content\/uploads\/2022\/10\/shutterstock_132504284-e1473675534769.jpg?fit=1000%2C600&ssl=1&resize=350%2C200 1x, https:\/\/i0.wp.com\/casadecampoliving.com\/wp-content\/uploads\/2022\/10\/shutterstock_132504284-e1473675534769.jpg?fit=1000%2C600&ssl=1&resize=525%2C300 1.5x, https:\/\/i0.wp.com\/casadecampoliving.com\/wp-content\/uploads\/2022\/10\/shutterstock_132504284-e1473675534769.jpg?fit=1000%2C600&ssl=1&resize=700%2C400 2x"},"classes":[]},{"id":350793,"url":"https:\/\/casadecampoliving.com\/es\/formula-uno-bar-monaco-en-altos-de-chavon\/","url_meta":{"origin":350957,"position":5},"title":"Conozca m\u00e1s de la Formula Uno justo a tiempo para la apertura del nuevo Bar Monaco en Altos de Chav\u00f3n","author":"Marlenys Guzm\u00e1n Casta\u00f1os","date":"10 Nov, 2016","format":false,"excerpt":"En esta temporada navide\u00f1a tenemos varias razones para celebrar y muchos lugares donde podemos hacerlo. Bar Monaco est\u00e1 abriendo sus puertas al p\u00fablico y dando a Altos de Chav\u00f3n un nuevo lugar con un nuevo concepto \u00a1que no podemos esperar a ver! Bar Monaco combina\u00a0estilo y moda con la necesidad\u2026","rel":"","context":"En \u00abAltos de Chavon @es\u00bb","block_context":{"text":"Altos de Chavon @es","link":"https:\/\/casadecampoliving.com\/category\/altos-de-chavon-es\/"},"img":{"alt_text":"","src":"https:\/\/i0.wp.com\/casadecampoliving.com\/wp-content\/uploads\/2022\/10\/shutterstock_317281754.jpg?fit=1000%2C667&ssl=1&resize=350%2C200","width":350,"height":200,"srcset":"https:\/\/i0.wp.com\/casadecampoliving.com\/wp-content\/uploads\/2022\/10\/shutterstock_317281754.jpg?fit=1000%2C667&ssl=1&resize=350%2C200 1x, https:\/\/i0.wp.com\/casadecampoliving.com\/wp-content\/uploads\/2022\/10\/shutterstock_317281754.jpg?fit=1000%2C667&ssl=1&resize=525%2C300 1.5x, https:\/\/i0.wp.com\/casadecampoliving.com\/wp-content\/uploads\/2022\/10\/shutterstock_317281754.jpg?fit=1000%2C667&ssl=1&resize=700%2C400 2x"},"classes":[]}],"jetpack_sharing_enabled":true,"_links":{"self":[{"href":"https:\/\/casadecampoliving.com\/es\/wp-json\/wp\/v2\/posts\/350957","targetHints":{"allow":["GET"]}}],"collection":[{"href":"https:\/\/casadecampoliving.com\/es\/wp-json\/wp\/v2\/posts"}],"about":[{"href":"https:\/\/casadecampoliving.com\/es\/wp-json\/wp\/v2\/types\/post"}],"author":[{"embeddable":true,"href":"https:\/\/casadecampoliving.com\/es\/wp-json\/wp\/v2\/users\/36681"}],"replies":[{"embeddable":true,"href":"https:\/\/casadecampoliving.com\/es\/wp-json\/wp\/v2\/comments?post=350957"}],"version-history":[{"count":1,"href":"https:\/\/casadecampoliving.com\/es\/wp-json\/wp\/v2\/posts\/350957\/revisions"}],"predecessor-version":[{"id":350958,"href":"https:\/\/casadecampoliving.com\/es\/wp-json\/wp\/v2\/posts\/350957\/revisions\/350958"}],"wp:featuredmedia":[{"embeddable":true,"href":"https:\/\/casadecampoliving.com\/es\/wp-json\/wp\/v2\/media\/315075"}],"wp:attachment":[{"href":"https:\/\/casadecampoliving.com\/es\/wp-json\/wp\/v2\/media?parent=350957"}],"wp:term":[{"taxonomy":"category","embeddable":true,"href":"https:\/\/casadecampoliving.com\/es\/wp-json\/wp\/v2\/categories?post=350957"},{"taxonomy":"post_tag","embeddable":true,"href":"https:\/\/casadecampoliving.com\/es\/wp-json\/wp\/v2\/tags?post=350957"},{"taxonomy":"newspack_spnsrs_tax","embeddable":true,"href":"https:\/\/casadecampoliving.com\/es\/wp-json\/wp\/v2\/newspack_spnsrs_tax?post=350957"}],"curies":[{"name":"wp","href":"https:\/\/api.w.org\/{rel}","templated":true}]}}