{"id":350917,"date":"2016-12-14T00:00:00","date_gmt":"2016-12-14T04:00:00","guid":{"rendered":"https:\/\/casadecampoliving.com\/20-de-descuento-de-aurora-ideasespacios\/"},"modified":"2022-10-21T19:02:55","modified_gmt":"2022-10-21T23:02:55","slug":"20-de-descuento-de-aurora-ideasespacios","status":"publish","type":"post","link":"https:\/\/casadecampoliving.com\/es\/20-de-descuento-de-aurora-ideasespacios\/","title":{"rendered":"\u00a1No deje de aprovechar el 20% de descuento en Aurora Ideas:Espacios!"},"content":{"rendered":"\n<p>Es casi 10 d\u00edas para Navidad y mientras preparamos nuestras casas para las fiestas, Aurora Ideas: Espacios en La Romana nos da una muy necesaria ayuda. El estudio de dise\u00f1o de interiores que <a href=\"https:\/\/casadecampoliving.com\/es\/aurora-ideas-espacios-en-la-romana-celebra-open-house-para-presentar-su-oferta-de-soluciones-de-diseno\/\">abri\u00f3 una nueva tienda en La Romana hace s\u00f3lo un par de meses,<\/a> tiene un 20% de descuento en el papel tapiz y telas&nbsp;seleccionados.<\/p>\n\n\n\n<!--more-->\n\n\n\n<p>Con&nbsp;bellos temas y texturas de dise\u00f1o moderno, el papel tapiz de Aurora aporta una toque de lujo a cualquier espacio, y son una forma simple de arreglar un espacio en su hogar. Las rayas y los estampados geom\u00e9tricos en tonos sutiles aportan el nivel adecuado de sofisticaci\u00f3n. Adem\u00e1s, su equipo de dise\u00f1adores de interiores pueden orientarle con lo que su hogar necesita.<\/p>\n\n\n\n<blockquote class=\"instagram-media\" style=\"background: #FFF; border: 0; border-radius: 3px; box-shadow: 0 0 1px 0 rgba(0,0,0,0.5),0 1px 10px 0 rgba(0,0,0,0.15); margin: 1px; max-width: 658px; padding: 0; width: calc(100% - 2px);\" data-instgrm-version=\"7\"><div style=\"padding: 8px;\">\n<div style=\"background: #F8F8F8; line-height: 0; margin-top: 40px; padding: 62.4332977588% 0; text-align: center; width: 100%;\"><\/div>\n<p style=\"color: #c9c8cd; font-family: Arial,sans-serif; font-size: 14px; line-height: 17px; margin-bottom: 0; margin-top: 8px; overflow: hidden; padding: 8px 0 7px; text-align: center; text-overflow: ellipsis; white-space: nowrap;\"><a style=\"color: #c9c8cd; font-family: Arial,sans-serif; font-size: 14px; font-style: normal; font-weight: normal; line-height: 17px; text-decoration: none;\" href=\"https:\/\/www.instagram.com\/p\/BN9vdz0AFbj\/\" target=\"_blank\" rel=\"noopener\">A photo posted by Aurora RD (@aurora_ideasespacios)<\/a> on <time style=\"font-family: Arial,sans-serif; font-size: 14px; line-height: 17px;\" datetime=\"2016-12-13T16:52:48+00:00\">Dec 13, 2016 at 8:52am PST<\/time><\/p>\n<\/div><\/blockquote>\n\n\n\n<p><script async=\"\" defer=\"\" src=\"\/\/platform.instagram.com\/en_US\/embeds.js\"><\/script><\/p>\n\n\n\n<p>Con descuentos en&nbsp;telas de alta calidad, le&nbsp;ser\u00e1 dif\u00edcil no iniciar ese proyecto de retapisado&nbsp;que ha estado diciendo que va a hacer durante meses. Reinvente su sala de estar con cojines personalizados, cortinas, sof\u00e1s y ropa de cama, todo a un precio reducido por un tiempo limitado. \u00a1Compre la colecci\u00f3n en las tiendas ahora para una experiencia libre de preocupaciones y reciba los mejores consejos para hacer su hogar brillar&nbsp;esta temporada navide\u00f1a!<\/p>\n\n\n\n<blockquote class=\"instagram-media\" style=\"background: #FFF; border: 0; border-radius: 3px; box-shadow: 0 0 1px 0 rgba(0,0,0,0.5),0 1px 10px 0 rgba(0,0,0,0.15); margin: 1px; max-width: 658px; padding: 0; width: calc(100% - 2px);\" data-instgrm-version=\"7\"><div style=\"padding: 8px;\">\n<div style=\"background: #F8F8F8; line-height: 0; margin-top: 40px; padding: 50.0% 0; text-align: center; width: 100%;\"><\/div>\n<p style=\"color: #c9c8cd; font-family: Arial,sans-serif; font-size: 14px; line-height: 17px; margin-bottom: 0; margin-top: 8px; overflow: hidden; padding: 8px 0 7px; text-align: center; text-overflow: ellipsis; white-space: nowrap;\"><a style=\"color: #c9c8cd; font-family: Arial,sans-serif; font-size: 14px; font-style: normal; font-weight: normal; line-height: 17px; text-decoration: none;\" href=\"https:\/\/www.instagram.com\/p\/BN2ukgUg2nk\/\" target=\"_blank\" rel=\"noopener\">A photo posted by Aurora RD (@aurora_ideasespacios)<\/a> on <time style=\"font-family: Arial,sans-serif; font-size: 14px; line-height: 17px;\" datetime=\"2016-12-10T23:30:18+00:00\">Dec 10, 2016 at 3:30pm PST<\/time><\/p>\n<\/div><\/blockquote>\n\n\n\n<p><script async=\"\" defer=\"\" src=\"\/\/platform.instagram.com\/en_US\/embeds.js\"><\/script><\/p>\n\n\n\n<blockquote><h3>AURORA IDEAS : ESPACIOS<\/h3><figure><img decoding=\"async\" loading=\"lazy\" class=\"size-full wp-image-130263 aligncenter\" src=\"https:\/\/i0.wp.com\/casadecampoliving.com\/wp-content\/uploads\/2022\/10\/Aurora_discount-1.jpg?resize=749%2C738&amp;ssl=1\" alt=\"aurora_discount-1\" width=\"749\" height=\"738\"><\/figure><figure><img decoding=\"async\" loading=\"lazy\" class=\"alignright wp-image-124876 size-thumbnail\" src=\"https:\/\/i0.wp.com\/casadecampoliving.com\/wp-content\/uploads\/2022\/10\/aurora_logo-2.png?resize=150%2C150&amp;ssl=1\" sizes=\"auto, (max-width: 150px) 100vw, 150px\" srcset=\"https:\/\/i0.wp.com\/casadecampoliving.com\/wp-content\/uploads\/2022\/10\/aurora_logo-2.png?resize=150%2C150&amp;ssl=1 150w, https:\/\/casadecampoliving.com\/wp-content\/uploads\/2022\/10\/aurora_logo-2-300x300.png 300w, https:\/\/i0.wp.com\/casadecampoliving.com\/wp-content\/uploads\/2022\/10\/aurora_logo-2.png?resize=150%2C150&amp;ssl=1 80w, https:\/\/i0.wp.com\/casadecampoliving.com\/wp-content\/uploads\/2022\/10\/aurora_logo-2.png?resize=150%2C150&amp;ssl=1 500w\" alt=\"Aurora_logo\" width=\"150\" height=\"150\"><\/figure><p>Nuestro estudio de dise\u00f1o reci\u00e9n renovado&nbsp;cuenta con un equipo altamente calificado de dise\u00f1adores y arquitectos dedicados a la creaci\u00f3n y ejecuci\u00f3n de proyectos de dise\u00f1o de principio a fin.<\/p><p>El estudio se encuentra junto a nuestra sala de exposici\u00f3n y tienda, donde encontrar\u00e1 una amplia variedad de complementos de dise\u00f1o interior: tejidos exclusivos, papel tapiz&nbsp;decorativo, barras de cortina, alfombras y otros accesorios.<\/p><p><strong>Tel:<\/strong> 809-556-8162<\/p><p><strong>Email:<\/strong> <a href=\"mailto:ventasromana@aurorard.com\">ventasromana@aurorard.com<\/a><\/p><p><strong>Ubicaci\u00f3n:<\/strong> Calle Duarte, intersection with Francisco Richiez, Edificio B\u00e1ez Gonz\u00e1lez, across the street from Casa de la Cultura<\/p><p><strong>Horario: <\/strong>9a.m. \u2013 7 p.m.<\/p><p><strong>Web:<\/strong> <a href=\"https:\/\/www.facebook.com\/aurora.ie\/\" target=\"_blank\" rel=\"noopener\">Facebook<\/a> \/ <a href=\"https:\/\/www.instagram.com\/aurora_ideasespacios\/\" target=\"_blank\" rel=\"noopener\">Instagram<\/a> \/ <a href=\"http:\/\/aurorard.com\/\" target=\"_blank\" rel=\"noopener\">Website<\/a><\/p><\/blockquote>\n","protected":false},"excerpt":{"rendered":"<p>Es casi 10 d\u00edas para Navidad y mientras preparamos nuestras casas para las fiestas, Aurora Ideas: Espacios en La Romana nos da una muy necesaria ayuda. El estudio de dise\u00f1o de interiores que abri\u00f3 una nueva tienda en La Romana hace s\u00f3lo un par de meses, tiene un 20% de descuento en el papel tapiz [&hellip;]<\/p>\n","protected":false},"author":36681,"featured_media":314805,"comment_status":"closed","ping_status":"closed","sticky":false,"template":"","format":"standard","meta":{"newspack_ads_suppress_ads":false,"newspack_popups_has_disabled_popups":false,"newspack_sponsor_sponsorship_scope":"","newspack_sponsor_native_byline_display":"inherit","newspack_sponsor_native_category_display":"inherit","newspack_sponsor_underwriter_style":"inherit","newspack_sponsor_underwriter_placement":"inherit","_newspack_byline_active":false,"_newspack_byline":"","newspack_hide_updated_date":false,"newspack_show_updated_date":false,"newspack_content_restriction_is_exempt":false,"newspack_featured_image_position":"","newspack_post_subtitle":"","newspack_article_summary_title":"Overview:","newspack_article_summary":"","_jetpack_memberships_contains_paid_content":false,"footnotes":"","jetpack_publicize_message":"","jetpack_publicize_feature_enabled":true,"jetpack_social_post_already_shared":false,"jetpack_social_options":{"image_generator_settings":{"template":"highway","default_image_id":0,"font":"","enabled":false},"version":2},"_wpas_customize_per_network":false},"categories":[2530,14631,2506,2523,14625,14627,2521],"tags":[19571,19497,6471,18932,14542],"newspack_spnsrs_tax":[],"class_list":["post-350917","post","type-post","status-publish","format-standard","has-post-thumbnail","hentry","category-compras-es","category-estilo-de-vida","category-mas-alla-de-casa-es","category-moda-es","category-noticias-locales","category-proximamente","category-republica-dominicana-2","tag-aurora","tag-decoracion","tag-descuento","tag-la-romana-es-4","tag-la-romana-es","entry"],"yoast_head":"<!-- This site is optimized with the Yoast SEO plugin v27.5 - https:\/\/yoast.com\/product\/yoast-seo-wordpress\/ -->\n<title>\u00a1No deje de aprovechar el 20% de descuento en Aurora Ideas:Espacios! | Casa de Campo Living<\/title>\n<meta name=\"description\" content=\"Es casi 10 d\u00edas para Navidad y mientras preparamos nuestras casas para las fiestas, Aurora Ideas: Espacios en La Romana nos da una muy necesaria ayuda. El\" \/>\n<meta name=\"robots\" content=\"index, follow, max-snippet:-1, max-image-preview:large, max-video-preview:-1\" \/>\n<link rel=\"canonical\" href=\"https:\/\/casadecampoliving.com\/es\/20-de-descuento-de-aurora-ideasespacios\/\" \/>\n<meta property=\"og:locale\" content=\"es_ES\" \/>\n<meta property=\"og:type\" content=\"article\" \/>\n<meta property=\"og:title\" content=\"\u00a1No deje de aprovechar el 20% de descuento en Aurora Ideas:Espacios! | Casa de Campo Living\" \/>\n<meta property=\"og:description\" content=\"Es casi 10 d\u00edas para Navidad y mientras preparamos nuestras casas para las fiestas, Aurora Ideas: Espacios en La Romana nos da una muy necesaria ayuda. El\" \/>\n<meta property=\"og:url\" content=\"https:\/\/casadecampoliving.com\/es\/20-de-descuento-de-aurora-ideasespacios\/\" \/>\n<meta property=\"og:site_name\" content=\"Casa de Campo Living\" \/>\n<meta property=\"article:publisher\" content=\"https:\/\/www.facebook.com\/casadecampoliving\" \/>\n<meta property=\"article:published_time\" content=\"2016-12-14T04:00:00+00:00\" \/>\n<meta property=\"article:modified_time\" content=\"2022-10-21T23:02:55+00:00\" \/>\n<meta property=\"og:image\" content=\"https:\/\/i0.wp.com\/casadecampoliving.com\/wp-content\/uploads\/2022\/10\/Aurora_fabrics.jpg?fit=1000%2C667&ssl=1\" \/>\n\t<meta property=\"og:image:width\" content=\"1000\" \/>\n\t<meta property=\"og:image:height\" content=\"667\" \/>\n\t<meta property=\"og:image:type\" content=\"image\/jpeg\" \/>\n<meta name=\"author\" content=\"Heather Lincoln\" \/>\n<meta name=\"twitter:card\" content=\"summary_large_image\" \/>\n<meta name=\"twitter:creator\" content=\"@cdcliving\" \/>\n<meta name=\"twitter:site\" content=\"@cdcliving\" \/>\n<meta name=\"twitter:label1\" content=\"Escrito por\" \/>\n\t<meta name=\"twitter:data1\" content=\"Heather Lincoln\" \/>\n\t<meta name=\"twitter:label2\" content=\"Tiempo de lectura\" \/>\n\t<meta name=\"twitter:data2\" content=\"2 minutos\" \/>\n<script type=\"application\/ld+json\" class=\"yoast-schema-graph\">{\"@context\":\"https:\\\/\\\/schema.org\",\"@graph\":[{\"@type\":\"Article\",\"@id\":\"https:\\\/\\\/casadecampoliving.com\\\/es\\\/20-de-descuento-de-aurora-ideasespacios\\\/#article\",\"isPartOf\":{\"@id\":\"https:\\\/\\\/casadecampoliving.com\\\/es\\\/20-de-descuento-de-aurora-ideasespacios\\\/\"},\"author\":{\"name\":\"Heather Lincoln\",\"@id\":\"https:\\\/\\\/casadecampoliving.com\\\/es\\\/#\\\/schema\\\/person\\\/e3abfc63c1478fd703266a6f33a3145d\"},\"headline\":\"\u00a1No deje de aprovechar el 20% de descuento en Aurora Ideas:Espacios!\",\"datePublished\":\"2016-12-14T04:00:00+00:00\",\"dateModified\":\"2022-10-21T23:02:55+00:00\",\"mainEntityOfPage\":{\"@id\":\"https:\\\/\\\/casadecampoliving.com\\\/es\\\/20-de-descuento-de-aurora-ideasespacios\\\/\"},\"wordCount\":363,\"publisher\":{\"@id\":\"https:\\\/\\\/casadecampoliving.com\\\/es\\\/#organization\"},\"image\":{\"@id\":\"https:\\\/\\\/casadecampoliving.com\\\/es\\\/20-de-descuento-de-aurora-ideasespacios\\\/#primaryimage\"},\"thumbnailUrl\":\"https:\\\/\\\/i0.wp.com\\\/casadecampoliving.com\\\/wp-content\\\/uploads\\\/2022\\\/10\\\/Aurora_fabrics.jpg?fit=1000%2C667&ssl=1\",\"keywords\":[\"Aurora\",\"decoraci\u00f3n\",\"descuento\",\"La Romana\",\"La Romana @es\"],\"articleSection\":[\"Compras\",\"Estilo de Vida\",\"M\u00e1s all\u00e1 de Casa\",\"Moda\",\"Noticias Locales\",\"Proximamente\",\"Rep\u00fablica Dominicana @es\"],\"inLanguage\":\"es\"},{\"@type\":\"WebPage\",\"@id\":\"https:\\\/\\\/casadecampoliving.com\\\/es\\\/20-de-descuento-de-aurora-ideasespacios\\\/\",\"url\":\"https:\\\/\\\/casadecampoliving.com\\\/es\\\/20-de-descuento-de-aurora-ideasespacios\\\/\",\"name\":\"\u00a1No deje de aprovechar el 20% de descuento en Aurora Ideas:Espacios! | Casa de Campo Living\",\"isPartOf\":{\"@id\":\"https:\\\/\\\/casadecampoliving.com\\\/es\\\/#website\"},\"primaryImageOfPage\":{\"@id\":\"https:\\\/\\\/casadecampoliving.com\\\/es\\\/20-de-descuento-de-aurora-ideasespacios\\\/#primaryimage\"},\"image\":{\"@id\":\"https:\\\/\\\/casadecampoliving.com\\\/es\\\/20-de-descuento-de-aurora-ideasespacios\\\/#primaryimage\"},\"thumbnailUrl\":\"https:\\\/\\\/i0.wp.com\\\/casadecampoliving.com\\\/wp-content\\\/uploads\\\/2022\\\/10\\\/Aurora_fabrics.jpg?fit=1000%2C667&ssl=1\",\"datePublished\":\"2016-12-14T04:00:00+00:00\",\"dateModified\":\"2022-10-21T23:02:55+00:00\",\"description\":\"Es casi 10 d\u00edas para Navidad y mientras preparamos nuestras casas para las fiestas, Aurora Ideas: Espacios en La Romana nos da una muy necesaria ayuda. El\",\"breadcrumb\":{\"@id\":\"https:\\\/\\\/casadecampoliving.com\\\/es\\\/20-de-descuento-de-aurora-ideasespacios\\\/#breadcrumb\"},\"inLanguage\":\"es\",\"potentialAction\":[{\"@type\":\"ReadAction\",\"target\":[\"https:\\\/\\\/casadecampoliving.com\\\/es\\\/20-de-descuento-de-aurora-ideasespacios\\\/\"]}]},{\"@type\":\"ImageObject\",\"inLanguage\":\"es\",\"@id\":\"https:\\\/\\\/casadecampoliving.com\\\/es\\\/20-de-descuento-de-aurora-ideasespacios\\\/#primaryimage\",\"url\":\"https:\\\/\\\/i0.wp.com\\\/casadecampoliving.com\\\/wp-content\\\/uploads\\\/2022\\\/10\\\/Aurora_fabrics.jpg?fit=1000%2C667&ssl=1\",\"contentUrl\":\"https:\\\/\\\/i0.wp.com\\\/casadecampoliving.com\\\/wp-content\\\/uploads\\\/2022\\\/10\\\/Aurora_fabrics.jpg?fit=1000%2C667&ssl=1\",\"width\":1000,\"height\":667,\"caption\":\"Aurora La Romana\"},{\"@type\":\"BreadcrumbList\",\"@id\":\"https:\\\/\\\/casadecampoliving.com\\\/es\\\/20-de-descuento-de-aurora-ideasespacios\\\/#breadcrumb\",\"itemListElement\":[{\"@type\":\"ListItem\",\"position\":1,\"name\":\"Home\",\"item\":\"https:\\\/\\\/casadecampoliving.com\\\/es\\\/\"},{\"@type\":\"ListItem\",\"position\":2,\"name\":\"\u00a1No deje de aprovechar el 20% de descuento en Aurora Ideas:Espacios!\"}]},{\"@type\":\"WebSite\",\"@id\":\"https:\\\/\\\/casadecampoliving.com\\\/es\\\/#website\",\"url\":\"https:\\\/\\\/casadecampoliving.com\\\/es\\\/\",\"name\":\"Casa de Campo Living\",\"description\":\"Resort community news and resources.\",\"publisher\":{\"@id\":\"https:\\\/\\\/casadecampoliving.com\\\/es\\\/#organization\"},\"potentialAction\":[{\"@type\":\"SearchAction\",\"target\":{\"@type\":\"EntryPoint\",\"urlTemplate\":\"https:\\\/\\\/casadecampoliving.com\\\/es\\\/?s={search_term_string}\"},\"query-input\":{\"@type\":\"PropertyValueSpecification\",\"valueRequired\":true,\"valueName\":\"search_term_string\"}}],\"inLanguage\":\"es\"},{\"@type\":\"Organization\",\"@id\":\"https:\\\/\\\/casadecampoliving.com\\\/es\\\/#organization\",\"name\":\"Casa de Campo Living\",\"url\":\"https:\\\/\\\/casadecampoliving.com\\\/es\\\/\",\"logo\":{\"@type\":\"ImageObject\",\"inLanguage\":\"es\",\"@id\":\"https:\\\/\\\/casadecampoliving.com\\\/es\\\/#\\\/schema\\\/logo\\\/image\\\/\",\"url\":\"https:\\\/\\\/i0.wp.com\\\/casadecampoliving.com\\\/wp-content\\\/uploads\\\/2022\\\/07\\\/CDCLivingLogo_V1-white-sized.png?fit=800%2C214&ssl=1\",\"contentUrl\":\"https:\\\/\\\/i0.wp.com\\\/casadecampoliving.com\\\/wp-content\\\/uploads\\\/2022\\\/07\\\/CDCLivingLogo_V1-white-sized.png?fit=800%2C214&ssl=1\",\"width\":800,\"height\":214,\"caption\":\"Casa de Campo Living\"},\"image\":{\"@id\":\"https:\\\/\\\/casadecampoliving.com\\\/es\\\/#\\\/schema\\\/logo\\\/image\\\/\"},\"sameAs\":[\"https:\\\/\\\/www.facebook.com\\\/casadecampoliving\",\"https:\\\/\\\/x.com\\\/cdcliving\"]},{\"@type\":\"Person\",\"@id\":\"https:\\\/\\\/casadecampoliving.com\\\/es\\\/#\\\/schema\\\/person\\\/e3abfc63c1478fd703266a6f33a3145d\",\"name\":\"Heather Lincoln\",\"image\":{\"@type\":\"ImageObject\",\"inLanguage\":\"es\",\"@id\":\"https:\\\/\\\/secure.gravatar.com\\\/avatar\\\/e8fc1ce4ad50385675908137b0d8d66be281d034bf072b4700460237638ea6d0?s=96&d=mm&r=g\",\"url\":\"https:\\\/\\\/secure.gravatar.com\\\/avatar\\\/e8fc1ce4ad50385675908137b0d8d66be281d034bf072b4700460237638ea6d0?s=96&d=mm&r=g\",\"contentUrl\":\"https:\\\/\\\/secure.gravatar.com\\\/avatar\\\/e8fc1ce4ad50385675908137b0d8d66be281d034bf072b4700460237638ea6d0?s=96&d=mm&r=g\",\"caption\":\"Heather Lincoln\"},\"url\":\"https:\\\/\\\/casadecampoliving.com\\\/es\\\/author\\\/hcastillo\\\/\"}]}<\/script>\n<!-- \/ Yoast SEO plugin. -->","yoast_head_json":{"title":"\u00a1No deje de aprovechar el 20% de descuento en Aurora Ideas:Espacios! | Casa de Campo Living","description":"Es casi 10 d\u00edas para Navidad y mientras preparamos nuestras casas para las fiestas, Aurora Ideas: Espacios en La Romana nos da una muy necesaria ayuda. El","robots":{"index":"index","follow":"follow","max-snippet":"max-snippet:-1","max-image-preview":"max-image-preview:large","max-video-preview":"max-video-preview:-1"},"canonical":"https:\/\/casadecampoliving.com\/es\/20-de-descuento-de-aurora-ideasespacios\/","og_locale":"es_ES","og_type":"article","og_title":"\u00a1No deje de aprovechar el 20% de descuento en Aurora Ideas:Espacios! | Casa de Campo Living","og_description":"Es casi 10 d\u00edas para Navidad y mientras preparamos nuestras casas para las fiestas, Aurora Ideas: Espacios en La Romana nos da una muy necesaria ayuda. El","og_url":"https:\/\/casadecampoliving.com\/es\/20-de-descuento-de-aurora-ideasespacios\/","og_site_name":"Casa de Campo Living","article_publisher":"https:\/\/www.facebook.com\/casadecampoliving","article_published_time":"2016-12-14T04:00:00+00:00","article_modified_time":"2022-10-21T23:02:55+00:00","og_image":[{"width":1000,"height":667,"url":"https:\/\/i0.wp.com\/casadecampoliving.com\/wp-content\/uploads\/2022\/10\/Aurora_fabrics.jpg?fit=1000%2C667&ssl=1","type":"image\/jpeg"}],"author":"Heather Lincoln","twitter_card":"summary_large_image","twitter_creator":"@cdcliving","twitter_site":"@cdcliving","twitter_misc":{"Escrito por":"Heather Lincoln","Tiempo de lectura":"2 minutos"},"schema":{"@context":"https:\/\/schema.org","@graph":[{"@type":"Article","@id":"https:\/\/casadecampoliving.com\/es\/20-de-descuento-de-aurora-ideasespacios\/#article","isPartOf":{"@id":"https:\/\/casadecampoliving.com\/es\/20-de-descuento-de-aurora-ideasespacios\/"},"author":{"name":"Heather Lincoln","@id":"https:\/\/casadecampoliving.com\/es\/#\/schema\/person\/e3abfc63c1478fd703266a6f33a3145d"},"headline":"\u00a1No deje de aprovechar el 20% de descuento en Aurora Ideas:Espacios!","datePublished":"2016-12-14T04:00:00+00:00","dateModified":"2022-10-21T23:02:55+00:00","mainEntityOfPage":{"@id":"https:\/\/casadecampoliving.com\/es\/20-de-descuento-de-aurora-ideasespacios\/"},"wordCount":363,"publisher":{"@id":"https:\/\/casadecampoliving.com\/es\/#organization"},"image":{"@id":"https:\/\/casadecampoliving.com\/es\/20-de-descuento-de-aurora-ideasespacios\/#primaryimage"},"thumbnailUrl":"https:\/\/i0.wp.com\/casadecampoliving.com\/wp-content\/uploads\/2022\/10\/Aurora_fabrics.jpg?fit=1000%2C667&ssl=1","keywords":["Aurora","decoraci\u00f3n","descuento","La Romana","La Romana @es"],"articleSection":["Compras","Estilo de Vida","M\u00e1s all\u00e1 de Casa","Moda","Noticias Locales","Proximamente","Rep\u00fablica Dominicana @es"],"inLanguage":"es"},{"@type":"WebPage","@id":"https:\/\/casadecampoliving.com\/es\/20-de-descuento-de-aurora-ideasespacios\/","url":"https:\/\/casadecampoliving.com\/es\/20-de-descuento-de-aurora-ideasespacios\/","name":"\u00a1No deje de aprovechar el 20% de descuento en Aurora Ideas:Espacios! | Casa de Campo Living","isPartOf":{"@id":"https:\/\/casadecampoliving.com\/es\/#website"},"primaryImageOfPage":{"@id":"https:\/\/casadecampoliving.com\/es\/20-de-descuento-de-aurora-ideasespacios\/#primaryimage"},"image":{"@id":"https:\/\/casadecampoliving.com\/es\/20-de-descuento-de-aurora-ideasespacios\/#primaryimage"},"thumbnailUrl":"https:\/\/i0.wp.com\/casadecampoliving.com\/wp-content\/uploads\/2022\/10\/Aurora_fabrics.jpg?fit=1000%2C667&ssl=1","datePublished":"2016-12-14T04:00:00+00:00","dateModified":"2022-10-21T23:02:55+00:00","description":"Es casi 10 d\u00edas para Navidad y mientras preparamos nuestras casas para las fiestas, Aurora Ideas: Espacios en La Romana nos da una muy necesaria ayuda. El","breadcrumb":{"@id":"https:\/\/casadecampoliving.com\/es\/20-de-descuento-de-aurora-ideasespacios\/#breadcrumb"},"inLanguage":"es","potentialAction":[{"@type":"ReadAction","target":["https:\/\/casadecampoliving.com\/es\/20-de-descuento-de-aurora-ideasespacios\/"]}]},{"@type":"ImageObject","inLanguage":"es","@id":"https:\/\/casadecampoliving.com\/es\/20-de-descuento-de-aurora-ideasespacios\/#primaryimage","url":"https:\/\/i0.wp.com\/casadecampoliving.com\/wp-content\/uploads\/2022\/10\/Aurora_fabrics.jpg?fit=1000%2C667&ssl=1","contentUrl":"https:\/\/i0.wp.com\/casadecampoliving.com\/wp-content\/uploads\/2022\/10\/Aurora_fabrics.jpg?fit=1000%2C667&ssl=1","width":1000,"height":667,"caption":"Aurora La Romana"},{"@type":"BreadcrumbList","@id":"https:\/\/casadecampoliving.com\/es\/20-de-descuento-de-aurora-ideasespacios\/#breadcrumb","itemListElement":[{"@type":"ListItem","position":1,"name":"Home","item":"https:\/\/casadecampoliving.com\/es\/"},{"@type":"ListItem","position":2,"name":"\u00a1No deje de aprovechar el 20% de descuento en Aurora Ideas:Espacios!"}]},{"@type":"WebSite","@id":"https:\/\/casadecampoliving.com\/es\/#website","url":"https:\/\/casadecampoliving.com\/es\/","name":"Casa de Campo Living","description":"Resort community news and resources.","publisher":{"@id":"https:\/\/casadecampoliving.com\/es\/#organization"},"potentialAction":[{"@type":"SearchAction","target":{"@type":"EntryPoint","urlTemplate":"https:\/\/casadecampoliving.com\/es\/?s={search_term_string}"},"query-input":{"@type":"PropertyValueSpecification","valueRequired":true,"valueName":"search_term_string"}}],"inLanguage":"es"},{"@type":"Organization","@id":"https:\/\/casadecampoliving.com\/es\/#organization","name":"Casa de Campo Living","url":"https:\/\/casadecampoliving.com\/es\/","logo":{"@type":"ImageObject","inLanguage":"es","@id":"https:\/\/casadecampoliving.com\/es\/#\/schema\/logo\/image\/","url":"https:\/\/i0.wp.com\/casadecampoliving.com\/wp-content\/uploads\/2022\/07\/CDCLivingLogo_V1-white-sized.png?fit=800%2C214&ssl=1","contentUrl":"https:\/\/i0.wp.com\/casadecampoliving.com\/wp-content\/uploads\/2022\/07\/CDCLivingLogo_V1-white-sized.png?fit=800%2C214&ssl=1","width":800,"height":214,"caption":"Casa de Campo Living"},"image":{"@id":"https:\/\/casadecampoliving.com\/es\/#\/schema\/logo\/image\/"},"sameAs":["https:\/\/www.facebook.com\/casadecampoliving","https:\/\/x.com\/cdcliving"]},{"@type":"Person","@id":"https:\/\/casadecampoliving.com\/es\/#\/schema\/person\/e3abfc63c1478fd703266a6f33a3145d","name":"Heather Lincoln","image":{"@type":"ImageObject","inLanguage":"es","@id":"https:\/\/secure.gravatar.com\/avatar\/e8fc1ce4ad50385675908137b0d8d66be281d034bf072b4700460237638ea6d0?s=96&d=mm&r=g","url":"https:\/\/secure.gravatar.com\/avatar\/e8fc1ce4ad50385675908137b0d8d66be281d034bf072b4700460237638ea6d0?s=96&d=mm&r=g","contentUrl":"https:\/\/secure.gravatar.com\/avatar\/e8fc1ce4ad50385675908137b0d8d66be281d034bf072b4700460237638ea6d0?s=96&d=mm&r=g","caption":"Heather Lincoln"},"url":"https:\/\/casadecampoliving.com\/es\/author\/hcastillo\/"}]}},"parsely":{"version":"1.1.0","canonical_url":"https:\/\/casadecampoliving.com\/es\/20-de-descuento-de-aurora-ideasespacios\/","smart_links":{"inbound":0,"outbound":0},"traffic_boost_suggestions_count":0,"meta":{"@context":"https:\/\/schema.org","@type":"NewsArticle","headline":"\u00a1No deje de aprovechar el 20% de descuento en Aurora Ideas:Espacios!","url":"http:\/\/casadecampoliving.com\/es\/20-de-descuento-de-aurora-ideasespacios\/","mainEntityOfPage":{"@type":"WebPage","@id":"http:\/\/casadecampoliving.com\/es\/20-de-descuento-de-aurora-ideasespacios\/"},"thumbnailUrl":"https:\/\/i0.wp.com\/casadecampoliving.com\/wp-content\/uploads\/2022\/10\/Aurora_fabrics.jpg?resize=150%2C150&ssl=1","image":{"@type":"ImageObject","url":"https:\/\/i0.wp.com\/casadecampoliving.com\/wp-content\/uploads\/2022\/10\/Aurora_fabrics.jpg?fit=1000%2C667&ssl=1"},"articleSection":"Compras","author":[{"@type":"Person","name":"Heather Lincoln"}],"creator":["Heather Lincoln"],"publisher":{"@type":"Organization","name":"Casa de Campo Living","logo":"https:\/\/casadecampoliving.com\/wp-content\/uploads\/2022\/07\/CDCLivingLogo_V1-white-sized.png"},"keywords":["aurora","decoraci\u00f3n","descuento","la romana","la romana @es"],"dateCreated":"2016-12-14T04:00:00Z","datePublished":"2016-12-14T04:00:00Z","dateModified":"2022-10-21T23:02:55Z"},"rendered":"<script type=\"application\/ld+json\" class=\"wp-parsely-metadata\">{\"@context\":\"https:\\\/\\\/schema.org\",\"@type\":\"NewsArticle\",\"headline\":\"\\u00a1No deje de aprovechar el 20% de descuento en Aurora Ideas:Espacios!\",\"url\":\"http:\\\/\\\/casadecampoliving.com\\\/es\\\/20-de-descuento-de-aurora-ideasespacios\\\/\",\"mainEntityOfPage\":{\"@type\":\"WebPage\",\"@id\":\"http:\\\/\\\/casadecampoliving.com\\\/es\\\/20-de-descuento-de-aurora-ideasespacios\\\/\"},\"thumbnailUrl\":\"https:\\\/\\\/i0.wp.com\\\/casadecampoliving.com\\\/wp-content\\\/uploads\\\/2022\\\/10\\\/Aurora_fabrics.jpg?resize=150%2C150&ssl=1\",\"image\":{\"@type\":\"ImageObject\",\"url\":\"https:\\\/\\\/i0.wp.com\\\/casadecampoliving.com\\\/wp-content\\\/uploads\\\/2022\\\/10\\\/Aurora_fabrics.jpg?fit=1000%2C667&ssl=1\"},\"articleSection\":\"Compras\",\"author\":[{\"@type\":\"Person\",\"name\":\"Heather Lincoln\"}],\"creator\":[\"Heather Lincoln\"],\"publisher\":{\"@type\":\"Organization\",\"name\":\"Casa de Campo Living\",\"logo\":\"https:\\\/\\\/casadecampoliving.com\\\/wp-content\\\/uploads\\\/2022\\\/07\\\/CDCLivingLogo_V1-white-sized.png\"},\"keywords\":[\"aurora\",\"decoraci\\u00f3n\",\"descuento\",\"la romana\",\"la romana @es\"],\"dateCreated\":\"2016-12-14T04:00:00Z\",\"datePublished\":\"2016-12-14T04:00:00Z\",\"dateModified\":\"2022-10-21T23:02:55Z\"}<\/script>","tracker_url":"https:\/\/cdn.parsely.com\/keys\/casadecampoliving.com\/p.js"},"jetpack_publicize_connections":[],"jetpack_featured_media_url":"https:\/\/i0.wp.com\/casadecampoliving.com\/wp-content\/uploads\/2022\/10\/Aurora_fabrics.jpg?fit=1000%2C667&ssl=1","jetpack-related-posts":[{"id":350628,"url":"https:\/\/casadecampoliving.com\/es\/aurora-ideas-espacios-en-la-romana-celebra-open-house-para-presentar-su-oferta-de-soluciones-de-diseno\/","url_meta":{"origin":350917,"position":0},"title":"AURORA Ideas: Espacios en La Romana celebra Open House para presentar su oferta de soluciones de dise\u00f1o","author":"Heather Lincoln","date":"12 Oct, 2016","format":false,"excerpt":"AURORA\u00a0Ideas: Espacios celebr\u00f3 un open house el pasado viernes 7 de octubre en su nueva tienda en La Romana. Aproximadamente 65 invitados asistieron para conocer al equipo de dise\u00f1adores\u00a0y sus soluciones de dise\u00f1o completos. Con una\u00a0ubicaci\u00f3n privilegiada, el local\u00a0cuenta\u00a0con un espacio de estudio junto a su sala de exposici\u00f3n y\u2026","rel":"","context":"En \u00abM\u00e1s all\u00e1 de Casa\u00bb","block_context":{"text":"M\u00e1s all\u00e1 de Casa","link":"https:\/\/casadecampoliving.com\/es\/category\/mas-alla-de-casa-es\/"},"img":{"alt_text":"","src":"https:\/\/i0.wp.com\/casadecampoliving.com\/wp-content\/uploads\/2022\/10\/IMG_8261_1-e1476302568291.jpg?fit=1000%2C667&ssl=1&resize=350%2C200","width":350,"height":200,"srcset":"https:\/\/i0.wp.com\/casadecampoliving.com\/wp-content\/uploads\/2022\/10\/IMG_8261_1-e1476302568291.jpg?fit=1000%2C667&ssl=1&resize=350%2C200 1x, https:\/\/i0.wp.com\/casadecampoliving.com\/wp-content\/uploads\/2022\/10\/IMG_8261_1-e1476302568291.jpg?fit=1000%2C667&ssl=1&resize=525%2C300 1.5x, https:\/\/i0.wp.com\/casadecampoliving.com\/wp-content\/uploads\/2022\/10\/IMG_8261_1-e1476302568291.jpg?fit=1000%2C667&ssl=1&resize=700%2C400 2x"},"classes":[]},{"id":350595,"url":"https:\/\/casadecampoliving.com\/es\/open-house-este-viernes-en-aurora-ideas-espacios-en-la-romana\/","url_meta":{"origin":350917,"position":1},"title":"\u00a1Open House este viernes en AURORA Ideas: Espacios en La Romana!","author":"Heather Lincoln","date":"5 Oct, 2016","format":false,"excerpt":"\u00a1Hola todos! AURORA Ideas: Espacios, uno de los mejores estudios de dise\u00f1o de interiores del pa\u00eds, \u00a1tendr\u00e1 un open house\u00a0este viernes 7 de Octubre! Pase por la tienda ubicada en la calle Duarte (intersecci\u00f3n con Francisco Richiez) en en cualquier momento durante el d\u00eda y disfrute de\u00a0mimosas y un aperitivo\u2026","rel":"","context":"En \u00abM\u00e1s all\u00e1 de Casa\u00bb","block_context":{"text":"M\u00e1s all\u00e1 de Casa","link":"https:\/\/casadecampoliving.com\/es\/category\/mas-alla-de-casa-es\/"},"img":{"alt_text":"Aurora","src":"https:\/\/i0.wp.com\/casadecampoliving.com\/wp-content\/uploads\/2022\/10\/Aurora-e1475692410987.jpg?fit=1000%2C667&ssl=1&resize=350%2C200","width":350,"height":200,"srcset":"https:\/\/i0.wp.com\/casadecampoliving.com\/wp-content\/uploads\/2022\/10\/Aurora-e1475692410987.jpg?fit=1000%2C667&ssl=1&resize=350%2C200 1x, https:\/\/i0.wp.com\/casadecampoliving.com\/wp-content\/uploads\/2022\/10\/Aurora-e1475692410987.jpg?fit=1000%2C667&ssl=1&resize=525%2C300 1.5x, https:\/\/i0.wp.com\/casadecampoliving.com\/wp-content\/uploads\/2022\/10\/Aurora-e1475692410987.jpg?fit=1000%2C667&ssl=1&resize=700%2C400 2x"},"classes":[]},{"id":433460,"url":"https:\/\/casadecampoliving.com\/es\/no-se-pierdan-el-increible-tributo-a-frank-sinatra-para-celebrar-el-40-aniversario-del-anfiteatro-altos-de-chavon\/","url_meta":{"origin":350917,"position":2},"title":"No se pierdan el incre\u00edble tributo a Frank Sinatra para celebrar el 40 aniversario del\u00a0Anfiteatro Altos de Chav\u00f3n","author":"Casa de Campo Living","date":"20 Oct, 2022","format":false,"excerpt":"Siendo uno de los escenarios m\u00e1s emblem\u00e1ticos del pa\u00eds, Casa de Campo Resort\u00ae & Villas celebra las cuatro d\u00e9cadas de aniversario de Altos de Chav\u00f3n con un tributo al gran Frank Sinatra, protagonizado por artistas invitados y una big band tal cual la que acompa\u00f1\u00f3 al artista hace 40 a\u00f1os\u2026","rel":"","context":"En \u00abUncategorized @es\u00bb","block_context":{"text":"Uncategorized @es","link":"https:\/\/casadecampoliving.com\/es\/category\/uncategorized-es\/"},"img":{"alt_text":"","src":"https:\/\/i0.wp.com\/casadecampoliving.com\/wp-content\/uploads\/2022\/10\/Tributo-Frank-Sinatra-Foto-Principal-Amaury-Sanchez-Danilo-Ginebra-Andres-Pichardo-y-Jose-Gabriel-Perez-.jpg?fit=1200%2C873&ssl=1&resize=350%2C200","width":350,"height":200,"srcset":"https:\/\/i0.wp.com\/casadecampoliving.com\/wp-content\/uploads\/2022\/10\/Tributo-Frank-Sinatra-Foto-Principal-Amaury-Sanchez-Danilo-Ginebra-Andres-Pichardo-y-Jose-Gabriel-Perez-.jpg?fit=1200%2C873&ssl=1&resize=350%2C200 1x, https:\/\/i0.wp.com\/casadecampoliving.com\/wp-content\/uploads\/2022\/10\/Tributo-Frank-Sinatra-Foto-Principal-Amaury-Sanchez-Danilo-Ginebra-Andres-Pichardo-y-Jose-Gabriel-Perez-.jpg?fit=1200%2C873&ssl=1&resize=525%2C300 1.5x, https:\/\/i0.wp.com\/casadecampoliving.com\/wp-content\/uploads\/2022\/10\/Tributo-Frank-Sinatra-Foto-Principal-Amaury-Sanchez-Danilo-Ginebra-Andres-Pichardo-y-Jose-Gabriel-Perez-.jpg?fit=1200%2C873&ssl=1&resize=700%2C400 2x, https:\/\/i0.wp.com\/casadecampoliving.com\/wp-content\/uploads\/2022\/10\/Tributo-Frank-Sinatra-Foto-Principal-Amaury-Sanchez-Danilo-Ginebra-Andres-Pichardo-y-Jose-Gabriel-Perez-.jpg?fit=1200%2C873&ssl=1&resize=1050%2C600 3x"},"classes":[]},{"id":327879,"url":"https:\/\/casadecampoliving.com\/open-house-friday-aurora-ideas-espacios-la-romana\/","url_meta":{"origin":350917,"position":3},"title":"Open House this Friday at AURORA Ideas: Espacios in La Romana!","author":"Heather Lincoln","date":"5 Oct, 2016","format":false,"excerpt":"Hello folks!\u00a0AURORA Ideas: Espacios,\u00a0one of the country\u2019s top interior design studios, is having an open house this Friday, October 7th! Stop by anytime at their storefront and workshop in Calle Duarte (intersection with\u00a0Francisco Richiez) to sip mimosas and snack on hors d'oeuvres while the team shows\u00a0you everything AURORA has to\u2026","rel":"","context":"En \u00abBeyond Casa\u00bb","block_context":{"text":"Beyond Casa","link":"https:\/\/casadecampoliving.com\/category\/beyond-casa\/"},"img":{"alt_text":"Aurora","src":"https:\/\/i0.wp.com\/casadecampoliving.com\/wp-content\/uploads\/2022\/10\/Aurora-e1475692410987.jpg?fit=1000%2C667&ssl=1&resize=350%2C200","width":350,"height":200,"srcset":"https:\/\/i0.wp.com\/casadecampoliving.com\/wp-content\/uploads\/2022\/10\/Aurora-e1475692410987.jpg?fit=1000%2C667&ssl=1&resize=350%2C200 1x, https:\/\/i0.wp.com\/casadecampoliving.com\/wp-content\/uploads\/2022\/10\/Aurora-e1475692410987.jpg?fit=1000%2C667&ssl=1&resize=525%2C300 1.5x, https:\/\/i0.wp.com\/casadecampoliving.com\/wp-content\/uploads\/2022\/10\/Aurora-e1475692410987.jpg?fit=1000%2C667&ssl=1&resize=700%2C400 2x"},"classes":[]},{"id":327900,"url":"https:\/\/casadecampoliving.com\/aurora-ideas-espacios-la-romana-open-house\/","url_meta":{"origin":350917,"position":4},"title":"AURORA Ideas: Espacios in La Romana host an Open House to present their complete center for design solutions!","author":"Heather Lincoln","date":"12 Oct, 2016","format":false,"excerpt":"AURORA\u00a0Ideas: Espacios celebrated an open house last Friday, October 7th at their new storefront in La Romana. Roughly 65 guests enjoyed getting to know the team behind the top\u00a0interior design studio and their\u00a0complete\u00a0design solutions.\u00a0The lovely location houses a studio space beside their showroom and store where clients can easily select\u2026","rel":"","context":"En \u00abBeyond Casa\u00bb","block_context":{"text":"Beyond Casa","link":"https:\/\/casadecampoliving.com\/category\/beyond-casa\/"},"img":{"alt_text":"","src":"https:\/\/i0.wp.com\/casadecampoliving.com\/wp-content\/uploads\/2022\/10\/IMG_8261_1-e1476302568291.jpg?fit=1000%2C667&ssl=1&resize=350%2C200","width":350,"height":200,"srcset":"https:\/\/i0.wp.com\/casadecampoliving.com\/wp-content\/uploads\/2022\/10\/IMG_8261_1-e1476302568291.jpg?fit=1000%2C667&ssl=1&resize=350%2C200 1x, https:\/\/i0.wp.com\/casadecampoliving.com\/wp-content\/uploads\/2022\/10\/IMG_8261_1-e1476302568291.jpg?fit=1000%2C667&ssl=1&resize=525%2C300 1.5x, https:\/\/i0.wp.com\/casadecampoliving.com\/wp-content\/uploads\/2022\/10\/IMG_8261_1-e1476302568291.jpg?fit=1000%2C667&ssl=1&resize=700%2C400 2x"},"classes":[]},{"id":328439,"url":"https:\/\/casadecampoliving.com\/shop-aurora-20-percent-off-discount-in-stores-now\/","url_meta":{"origin":350917,"position":5},"title":"Now&#8217;s the time to shop: Aurora&#8217;s 20% off discount in stores now!","author":"Heather Lincoln","date":"14 Dic, 2016","format":false,"excerpt":"It\u2019s almost 10 days to\u00a0Christmas and as we prepare our homes for the holidays, Aurora Ideas: Espacios in La Romana gives us a much needed boost. The interior design studio that opened a new storefront in La Romana just a couple of months ago, has a 20% off discount going\u2026","rel":"","context":"En \u00abBeyond Casa\u00bb","block_context":{"text":"Beyond Casa","link":"https:\/\/casadecampoliving.com\/category\/beyond-casa\/"},"img":{"alt_text":"Aurora La Romana","src":"https:\/\/i0.wp.com\/casadecampoliving.com\/wp-content\/uploads\/2022\/10\/Aurora_fabrics.jpg?fit=1000%2C667&ssl=1&resize=350%2C200","width":350,"height":200,"srcset":"https:\/\/i0.wp.com\/casadecampoliving.com\/wp-content\/uploads\/2022\/10\/Aurora_fabrics.jpg?fit=1000%2C667&ssl=1&resize=350%2C200 1x, https:\/\/i0.wp.com\/casadecampoliving.com\/wp-content\/uploads\/2022\/10\/Aurora_fabrics.jpg?fit=1000%2C667&ssl=1&resize=525%2C300 1.5x, https:\/\/i0.wp.com\/casadecampoliving.com\/wp-content\/uploads\/2022\/10\/Aurora_fabrics.jpg?fit=1000%2C667&ssl=1&resize=700%2C400 2x"},"classes":[]}],"jetpack_sharing_enabled":true,"_links":{"self":[{"href":"https:\/\/casadecampoliving.com\/es\/wp-json\/wp\/v2\/posts\/350917","targetHints":{"allow":["GET"]}}],"collection":[{"href":"https:\/\/casadecampoliving.com\/es\/wp-json\/wp\/v2\/posts"}],"about":[{"href":"https:\/\/casadecampoliving.com\/es\/wp-json\/wp\/v2\/types\/post"}],"author":[{"embeddable":true,"href":"https:\/\/casadecampoliving.com\/es\/wp-json\/wp\/v2\/users\/36681"}],"replies":[{"embeddable":true,"href":"https:\/\/casadecampoliving.com\/es\/wp-json\/wp\/v2\/comments?post=350917"}],"version-history":[{"count":1,"href":"https:\/\/casadecampoliving.com\/es\/wp-json\/wp\/v2\/posts\/350917\/revisions"}],"predecessor-version":[{"id":350918,"href":"https:\/\/casadecampoliving.com\/es\/wp-json\/wp\/v2\/posts\/350917\/revisions\/350918"}],"wp:featuredmedia":[{"embeddable":true,"href":"https:\/\/casadecampoliving.com\/es\/wp-json\/wp\/v2\/media\/314805"}],"wp:attachment":[{"href":"https:\/\/casadecampoliving.com\/es\/wp-json\/wp\/v2\/media?parent=350917"}],"wp:term":[{"taxonomy":"category","embeddable":true,"href":"https:\/\/casadecampoliving.com\/es\/wp-json\/wp\/v2\/categories?post=350917"},{"taxonomy":"post_tag","embeddable":true,"href":"https:\/\/casadecampoliving.com\/es\/wp-json\/wp\/v2\/tags?post=350917"},{"taxonomy":"newspack_spnsrs_tax","embeddable":true,"href":"https:\/\/casadecampoliving.com\/es\/wp-json\/wp\/v2\/newspack_spnsrs_tax?post=350917"}],"curies":[{"name":"wp","href":"https:\/\/api.w.org\/{rel}","templated":true}]}}