{"id":350892,"date":"2016-12-07T00:00:00","date_gmt":"2016-12-07T04:00:00","guid":{"rendered":"https:\/\/casadecampoliving.com\/bar-monaco-abre-sus-puertas-en-apoyo-a-la-fundacion-mir\/"},"modified":"2022-11-10T10:31:04","modified_gmt":"2022-11-10T14:31:04","slug":"bar-monaco-abre-sus-puertas-en-apoyo-a-la-fundacion-mir","status":"publish","type":"post","link":"https:\/\/casadecampoliving.com\/es\/bar-monaco-abre-sus-puertas-en-apoyo-a-la-fundacion-mir\/","title":{"rendered":"Bar Monaco abre sus puertas en apoyo a la Fundaci\u00f3n MIR"},"content":{"rendered":"<p id=\"tw-target-text\" class=\"tw-data-text tw-ta tw-text-small\" dir=\"ltr\" data-placeholder=\"Translation\"><span lang=\"es\">\u00a1Bar Monaco ha abierto sus puertas! Por fin pudimos conocer un poco m\u00e1s de este ambicioso proyecto. El pasado viernes 2 de diciembre, Altos de Chav\u00f3n y la comunidad de Casa de Campo dieron la bienvenida a la barra de champagne con tema de la F\u00f3rmula Uno, \u00a1Bar M\u00f3naco!<\/span><\/p>\n<p style=\"text-align: justify;\"><!--more--><\/p>\n<p style=\"text-align: justify;\"><img data-recalc-dims=\"1\" loading=\"lazy\" decoding=\"async\" class=\"aligncenter size-full wp-image-129651\" src=\"https:\/\/i0.wp.com\/casadecampoliving.com\/wp-content\/uploads\/2022\/10\/IMG_4755.jpg?resize=1000%2C561&#038;ssl=1\" alt=\"img_4755\" width=\"1000\" height=\"561\" \/><\/p>\n<p style=\"text-align: justify;\"><img data-recalc-dims=\"1\" loading=\"lazy\" decoding=\"async\" class=\"alignright size-full wp-image-129658\" src=\"https:\/\/i0.wp.com\/casadecampoliving.com\/wp-content\/uploads\/2022\/10\/IMG_4787-1.jpg?resize=400%2C600&#038;ssl=1\" alt=\"img_4787\" width=\"400\" height=\"600\" \/>La pre-inauguraci\u00f3n del Bar Monaco fue bendecida con un cielo despejado tras una ligera llovizna durante el d\u00eda. Las paredes de madera que hab\u00edan estado cubriendo el local\u00a0fueron removidas pocas horas antes del evento, y los invitados pudieron ver la hermosa y elegante terraza al aire libre con sus sillas y mesas de madera oscura, y sus candelabros de cristal reluciente. El redise\u00f1o del establecimiento es evidentemente coherente con lo que Roberto Coppa hab\u00eda imaginado para Altos de Chav\u00f3n hace tantos a\u00f1os atr\u00e1s, destacando los detalles\u00a0de madera tan caracter\u00edsticos del dise\u00f1o de Chav\u00f3n.<\/p>\n<p style=\"text-align: justify;\">Aunque todav\u00eda est\u00e1n realizando los toques finales del local y\u00a0el segundo piso no est\u00e1 listo, pudimos ir arriba para ver el progreso. De lo que hemos podido ver hasta ahora, estamos seguros de que todo ser\u00e1 espectacular y estar\u00e1 listo para la gran inauguraci\u00f3n al final del mes, \u00a1donde tendr\u00e1n una incre\u00edble fiesta de fin de a\u00f1o! (Si usted todav\u00eda est\u00e1 pensando en d\u00f3nde ir para el A\u00f1o Nuevo&#8230; no busque m\u00e1s, Bar M\u00f3naco est\u00e1 preparando una estupenda noche.)<\/p>\n<p style=\"text-align: justify;\">La pre apertura tambi\u00e9n fue a beneficio de la Fundaci\u00f3n MIR donde\u00a0un porcentaje de los ingresos de esa noche\u00a0ser\u00e1n entregados a la organizaci\u00f3n para que puedan continuar con su hermoso trabajo.<\/p>\n<p style=\"text-align: justify;\">La cocina&#8230; \u00a1oh la cocina! Tienen que ir a ver esta cocina. No s\u00f3lo esta abierta a los invitados, sino que tambi\u00e9n est\u00e1 bien equipada con todo lo necesario para preparar el men\u00fa molecular de platos internacionales del bar, dise\u00f1ado para llevarnos en un recorrido por los 21 destinos del Grand Prix.<\/p>\n<p style=\"text-align: justify;\"><img data-recalc-dims=\"1\" loading=\"lazy\" decoding=\"async\" class=\"aligncenter size-full wp-image-129652\" src=\"https:\/\/i0.wp.com\/casadecampoliving.com\/wp-content\/uploads\/2022\/10\/IMG_4791.jpg?resize=1000%2C667&#038;ssl=1\" alt=\"img_4791\" width=\"1000\" height=\"667\" \/><\/p>\n<p style=\"text-align: justify;\">Esa noche el chef Carlos Chapellin, cont\u00f3 con ayudantes especiales para preparar el men\u00fa de degustaci\u00f3n para la pre apertura &#8211; \u00a1los estudiantes de la escuela vocacional Fundaci\u00f3n MIR! Ellos recibieron orientaci\u00f3n y experiencia que estamos seguros les ayudar\u00e1 en su carrera en la cocina.<\/p>\n\n<blockquote>\n<p style=\"text-align: justify;\">\u00abLa\u00a0familia Bar M\u00f3naco agradece a sus amigos y familiares por asistir a la pre apertura. Hemos proporcionado un peque\u00f1o adelanto de lo que vendr\u00e1 en los pr\u00f3ximos d\u00edas, ya que estaremos montando nuestra colecci\u00f3n de art\u00edculos\u00a0de F\u00f3rmula 1 a tiempo para la temporada de fiestas. El concepto detr\u00e1s de Bar M\u00f3naco realmente viene a la vida a trav\u00e9s del ambiente y aspecto \u00fanico de Altos de Chav\u00f3n. Teniendo en mente\u00a0el estilo de vida de lujo que es Monte Carlo, Bar Monaco es un destino para el disfrute de todos en\u00a0Casa de Campo. Saludos.\u00bb<\/p>\n&#8211; Andrew Asch, Propietario\u00a0Bar Monaco<\/blockquote>\n<p style=\"text-align: justify;\">Nos encant\u00f3 lo que hemos podido ver hasta ahora de Bar M\u00f3naco y no podemos esperar a ver las remodelaciones completadas\u00a0y llevarnos de vuelta a M\u00f3naco en la d\u00e9cada de 1950 con estilo, moda \u00a1y la necesidad de velocidad en el centro de todo!<\/p>\n<p style=\"text-align: justify;\">Las siguientes fotos fueron tomadas por Dariana Soriano durante la pre inauguraci\u00f3n de Bar Monaco el viernes 2 de diciembre:<\/p>\n<p style=\"text-align: justify;\">\n<figure class=\"wp-block-gallery has-nested-images columns-default is-cropped wp-block-gallery-1 is-layout-flex wp-block-gallery-is-layout-flex\">\n<figure class=\"wp-block-image size-large\"><img data-recalc-dims=\"1\" loading=\"lazy\" decoding=\"async\" width=\"1000\" height=\"561\" data-id=\"473707\" src=\"https:\/\/i0.wp.com\/casadecampoliving.com\/wp-content\/uploads\/2022\/10\/IMG_4751.jpg?resize=1000%2C561&#038;ssl=1\" alt=\"\" class=\"wp-image-473707\" srcset=\"https:\/\/i0.wp.com\/casadecampoliving.com\/wp-content\/uploads\/2022\/10\/IMG_4751.jpg?w=1000&amp;ssl=1 1000w, https:\/\/i0.wp.com\/casadecampoliving.com\/wp-content\/uploads\/2022\/10\/IMG_4751.jpg?resize=300%2C168&amp;ssl=1 300w, https:\/\/i0.wp.com\/casadecampoliving.com\/wp-content\/uploads\/2022\/10\/IMG_4751.jpg?resize=768%2C431&amp;ssl=1 768w, https:\/\/i0.wp.com\/casadecampoliving.com\/wp-content\/uploads\/2022\/10\/IMG_4751.jpg?resize=400%2C224&amp;ssl=1 400w, https:\/\/i0.wp.com\/casadecampoliving.com\/wp-content\/uploads\/2022\/10\/IMG_4751.jpg?resize=706%2C396&amp;ssl=1 706w, https:\/\/i0.wp.com\/casadecampoliving.com\/wp-content\/uploads\/2022\/10\/IMG_4751.jpg?resize=150%2C84&amp;ssl=1 150w, https:\/\/i0.wp.com\/casadecampoliving.com\/wp-content\/uploads\/2022\/10\/IMG_4751.jpg?w=370&amp;ssl=1 370w\" sizes=\"auto, (max-width: 1000px) 100vw, 1000px\" \/><\/figure>\n\n\n\n<figure class=\"wp-block-image size-large\"><img data-recalc-dims=\"1\" loading=\"lazy\" decoding=\"async\" width=\"1000\" height=\"561\" data-id=\"473719\" src=\"https:\/\/i0.wp.com\/casadecampoliving.com\/wp-content\/uploads\/2022\/10\/IMG_4755-2.jpg?resize=1000%2C561&#038;ssl=1\" alt=\"\" class=\"wp-image-473719\" srcset=\"https:\/\/i0.wp.com\/casadecampoliving.com\/wp-content\/uploads\/2022\/10\/IMG_4755-2.jpg?w=1000&amp;ssl=1 1000w, https:\/\/i0.wp.com\/casadecampoliving.com\/wp-content\/uploads\/2022\/10\/IMG_4755-2.jpg?resize=300%2C168&amp;ssl=1 300w, https:\/\/i0.wp.com\/casadecampoliving.com\/wp-content\/uploads\/2022\/10\/IMG_4755-2.jpg?resize=768%2C431&amp;ssl=1 768w, https:\/\/i0.wp.com\/casadecampoliving.com\/wp-content\/uploads\/2022\/10\/IMG_4755-2.jpg?resize=400%2C224&amp;ssl=1 400w, https:\/\/i0.wp.com\/casadecampoliving.com\/wp-content\/uploads\/2022\/10\/IMG_4755-2.jpg?resize=706%2C396&amp;ssl=1 706w, https:\/\/i0.wp.com\/casadecampoliving.com\/wp-content\/uploads\/2022\/10\/IMG_4755-2.jpg?resize=150%2C84&amp;ssl=1 150w, https:\/\/i0.wp.com\/casadecampoliving.com\/wp-content\/uploads\/2022\/10\/IMG_4755-2.jpg?w=370&amp;ssl=1 370w\" sizes=\"auto, (max-width: 1000px) 100vw, 1000px\" \/><\/figure>\n\n\n\n<figure class=\"wp-block-image size-large\"><img data-recalc-dims=\"1\" loading=\"lazy\" decoding=\"async\" width=\"1707\" height=\"2560\" data-id=\"473737\" src=\"https:\/\/i0.wp.com\/casadecampoliving.com\/wp-content\/uploads\/2022\/10\/IMG_4769-scaled.jpg?resize=1707%2C2560&#038;ssl=1\" alt=\"\" class=\"wp-image-473737\" srcset=\"https:\/\/i0.wp.com\/casadecampoliving.com\/wp-content\/uploads\/2022\/10\/IMG_4769-scaled.jpg?w=1707&amp;ssl=1 1707w, https:\/\/i0.wp.com\/casadecampoliving.com\/wp-content\/uploads\/2022\/10\/IMG_4769-scaled.jpg?resize=200%2C300&amp;ssl=1 200w, https:\/\/i0.wp.com\/casadecampoliving.com\/wp-content\/uploads\/2022\/10\/IMG_4769-scaled.jpg?resize=683%2C1024&amp;ssl=1 683w, https:\/\/i0.wp.com\/casadecampoliving.com\/wp-content\/uploads\/2022\/10\/IMG_4769-scaled.jpg?resize=768%2C1152&amp;ssl=1 768w, https:\/\/i0.wp.com\/casadecampoliving.com\/wp-content\/uploads\/2022\/10\/IMG_4769-scaled.jpg?resize=1024%2C1536&amp;ssl=1 1024w, https:\/\/i0.wp.com\/casadecampoliving.com\/wp-content\/uploads\/2022\/10\/IMG_4769-scaled.jpg?resize=1365%2C2048&amp;ssl=1 1365w, https:\/\/i0.wp.com\/casadecampoliving.com\/wp-content\/uploads\/2022\/10\/IMG_4769-scaled.jpg?resize=1200%2C1800&amp;ssl=1 1200w, https:\/\/i0.wp.com\/casadecampoliving.com\/wp-content\/uploads\/2022\/10\/IMG_4769-scaled.jpg?resize=1568%2C2352&amp;ssl=1 1568w, https:\/\/i0.wp.com\/casadecampoliving.com\/wp-content\/uploads\/2022\/10\/IMG_4769-scaled.jpg?resize=400%2C600&amp;ssl=1 400w, https:\/\/i0.wp.com\/casadecampoliving.com\/wp-content\/uploads\/2022\/10\/IMG_4769-scaled.jpg?resize=706%2C1059&amp;ssl=1 706w, https:\/\/i0.wp.com\/casadecampoliving.com\/wp-content\/uploads\/2022\/10\/IMG_4769-scaled.jpg?resize=150%2C225&amp;ssl=1 150w, https:\/\/i0.wp.com\/casadecampoliving.com\/wp-content\/uploads\/2022\/10\/IMG_4769-scaled.jpg?w=370&amp;ssl=1 370w\" sizes=\"auto, (max-width: 1000px) 100vw, 1000px\" \/><\/figure>\n\n\n\n<figure class=\"wp-block-image size-large\"><img data-recalc-dims=\"1\" loading=\"lazy\" decoding=\"async\" width=\"1000\" height=\"561\" data-id=\"473763\" src=\"https:\/\/i0.wp.com\/casadecampoliving.com\/wp-content\/uploads\/2022\/10\/IMG_4771-1.jpg?resize=1000%2C561&#038;ssl=1\" alt=\"\" class=\"wp-image-473763\" srcset=\"https:\/\/i0.wp.com\/casadecampoliving.com\/wp-content\/uploads\/2022\/10\/IMG_4771-1.jpg?w=1000&amp;ssl=1 1000w, https:\/\/i0.wp.com\/casadecampoliving.com\/wp-content\/uploads\/2022\/10\/IMG_4771-1.jpg?resize=300%2C168&amp;ssl=1 300w, https:\/\/i0.wp.com\/casadecampoliving.com\/wp-content\/uploads\/2022\/10\/IMG_4771-1.jpg?resize=768%2C431&amp;ssl=1 768w, https:\/\/i0.wp.com\/casadecampoliving.com\/wp-content\/uploads\/2022\/10\/IMG_4771-1.jpg?resize=400%2C224&amp;ssl=1 400w, https:\/\/i0.wp.com\/casadecampoliving.com\/wp-content\/uploads\/2022\/10\/IMG_4771-1.jpg?resize=706%2C396&amp;ssl=1 706w, https:\/\/i0.wp.com\/casadecampoliving.com\/wp-content\/uploads\/2022\/10\/IMG_4771-1.jpg?resize=150%2C84&amp;ssl=1 150w, https:\/\/i0.wp.com\/casadecampoliving.com\/wp-content\/uploads\/2022\/10\/IMG_4771-1.jpg?w=370&amp;ssl=1 370w\" sizes=\"auto, (max-width: 1000px) 100vw, 1000px\" \/><\/figure>\n\n\n\n<figure class=\"wp-block-image size-large\"><img data-recalc-dims=\"1\" loading=\"lazy\" decoding=\"async\" width=\"1000\" height=\"667\" data-id=\"473779\" src=\"https:\/\/i0.wp.com\/casadecampoliving.com\/wp-content\/uploads\/2022\/10\/IMG_4785-1.jpg?resize=1000%2C667&#038;ssl=1\" alt=\"\" class=\"wp-image-473779\" srcset=\"https:\/\/i0.wp.com\/casadecampoliving.com\/wp-content\/uploads\/2022\/10\/IMG_4785-1.jpg?w=1000&amp;ssl=1 1000w, https:\/\/i0.wp.com\/casadecampoliving.com\/wp-content\/uploads\/2022\/10\/IMG_4785-1.jpg?resize=300%2C200&amp;ssl=1 300w, https:\/\/i0.wp.com\/casadecampoliving.com\/wp-content\/uploads\/2022\/10\/IMG_4785-1.jpg?resize=768%2C512&amp;ssl=1 768w, https:\/\/i0.wp.com\/casadecampoliving.com\/wp-content\/uploads\/2022\/10\/IMG_4785-1.jpg?resize=400%2C267&amp;ssl=1 400w, https:\/\/i0.wp.com\/casadecampoliving.com\/wp-content\/uploads\/2022\/10\/IMG_4785-1.jpg?resize=706%2C471&amp;ssl=1 706w, https:\/\/i0.wp.com\/casadecampoliving.com\/wp-content\/uploads\/2022\/10\/IMG_4785-1.jpg?resize=150%2C100&amp;ssl=1 150w, https:\/\/i0.wp.com\/casadecampoliving.com\/wp-content\/uploads\/2022\/10\/IMG_4785-1.jpg?w=370&amp;ssl=1 370w\" sizes=\"auto, (max-width: 1000px) 100vw, 1000px\" \/><\/figure>\n\n\n\n<figure class=\"wp-block-image size-large\"><img data-recalc-dims=\"1\" loading=\"lazy\" decoding=\"async\" width=\"1707\" height=\"2560\" data-id=\"473797\" src=\"https:\/\/i0.wp.com\/casadecampoliving.com\/wp-content\/uploads\/2022\/10\/IMG_4787-2-scaled.jpg?resize=1707%2C2560&#038;ssl=1\" alt=\"\" class=\"wp-image-473797\" srcset=\"https:\/\/i0.wp.com\/casadecampoliving.com\/wp-content\/uploads\/2022\/10\/IMG_4787-2-scaled.jpg?w=1707&amp;ssl=1 1707w, https:\/\/i0.wp.com\/casadecampoliving.com\/wp-content\/uploads\/2022\/10\/IMG_4787-2-scaled.jpg?resize=200%2C300&amp;ssl=1 200w, https:\/\/i0.wp.com\/casadecampoliving.com\/wp-content\/uploads\/2022\/10\/IMG_4787-2-scaled.jpg?resize=683%2C1024&amp;ssl=1 683w, https:\/\/i0.wp.com\/casadecampoliving.com\/wp-content\/uploads\/2022\/10\/IMG_4787-2-scaled.jpg?resize=768%2C1152&amp;ssl=1 768w, https:\/\/i0.wp.com\/casadecampoliving.com\/wp-content\/uploads\/2022\/10\/IMG_4787-2-scaled.jpg?resize=1024%2C1536&amp;ssl=1 1024w, https:\/\/i0.wp.com\/casadecampoliving.com\/wp-content\/uploads\/2022\/10\/IMG_4787-2-scaled.jpg?resize=1365%2C2048&amp;ssl=1 1365w, https:\/\/i0.wp.com\/casadecampoliving.com\/wp-content\/uploads\/2022\/10\/IMG_4787-2-scaled.jpg?resize=1200%2C1800&amp;ssl=1 1200w, https:\/\/i0.wp.com\/casadecampoliving.com\/wp-content\/uploads\/2022\/10\/IMG_4787-2-scaled.jpg?resize=1568%2C2352&amp;ssl=1 1568w, https:\/\/i0.wp.com\/casadecampoliving.com\/wp-content\/uploads\/2022\/10\/IMG_4787-2-scaled.jpg?resize=400%2C600&amp;ssl=1 400w, https:\/\/i0.wp.com\/casadecampoliving.com\/wp-content\/uploads\/2022\/10\/IMG_4787-2-scaled.jpg?resize=706%2C1059&amp;ssl=1 706w, https:\/\/i0.wp.com\/casadecampoliving.com\/wp-content\/uploads\/2022\/10\/IMG_4787-2-scaled.jpg?resize=150%2C225&amp;ssl=1 150w, https:\/\/i0.wp.com\/casadecampoliving.com\/wp-content\/uploads\/2022\/10\/IMG_4787-2-scaled.jpg?w=370&amp;ssl=1 370w\" sizes=\"auto, (max-width: 1000px) 100vw, 1000px\" \/><\/figure>\n\n\n\n<figure class=\"wp-block-image size-large\"><img data-recalc-dims=\"1\" loading=\"lazy\" decoding=\"async\" width=\"1000\" height=\"667\" data-id=\"473817\" src=\"https:\/\/i0.wp.com\/casadecampoliving.com\/wp-content\/uploads\/2022\/10\/IMG_4788-1.jpg?resize=1000%2C667&#038;ssl=1\" alt=\"\" class=\"wp-image-473817\" srcset=\"https:\/\/i0.wp.com\/casadecampoliving.com\/wp-content\/uploads\/2022\/10\/IMG_4788-1.jpg?w=1000&amp;ssl=1 1000w, https:\/\/i0.wp.com\/casadecampoliving.com\/wp-content\/uploads\/2022\/10\/IMG_4788-1.jpg?resize=300%2C200&amp;ssl=1 300w, https:\/\/i0.wp.com\/casadecampoliving.com\/wp-content\/uploads\/2022\/10\/IMG_4788-1.jpg?resize=768%2C512&amp;ssl=1 768w, https:\/\/i0.wp.com\/casadecampoliving.com\/wp-content\/uploads\/2022\/10\/IMG_4788-1.jpg?resize=400%2C267&amp;ssl=1 400w, https:\/\/i0.wp.com\/casadecampoliving.com\/wp-content\/uploads\/2022\/10\/IMG_4788-1.jpg?resize=706%2C471&amp;ssl=1 706w, https:\/\/i0.wp.com\/casadecampoliving.com\/wp-content\/uploads\/2022\/10\/IMG_4788-1.jpg?resize=150%2C100&amp;ssl=1 150w, https:\/\/i0.wp.com\/casadecampoliving.com\/wp-content\/uploads\/2022\/10\/IMG_4788-1.jpg?w=370&amp;ssl=1 370w\" sizes=\"auto, (max-width: 1000px) 100vw, 1000px\" \/><\/figure>\n\n\n\n<figure class=\"wp-block-image size-large\"><img data-recalc-dims=\"1\" loading=\"lazy\" decoding=\"async\" width=\"1000\" height=\"667\" data-id=\"473836\" src=\"https:\/\/i0.wp.com\/casadecampoliving.com\/wp-content\/uploads\/2022\/10\/IMG_4791-2.jpg?resize=1000%2C667&#038;ssl=1\" alt=\"\" class=\"wp-image-473836\" srcset=\"https:\/\/i0.wp.com\/casadecampoliving.com\/wp-content\/uploads\/2022\/10\/IMG_4791-2.jpg?w=1000&amp;ssl=1 1000w, https:\/\/i0.wp.com\/casadecampoliving.com\/wp-content\/uploads\/2022\/10\/IMG_4791-2.jpg?resize=300%2C200&amp;ssl=1 300w, https:\/\/i0.wp.com\/casadecampoliving.com\/wp-content\/uploads\/2022\/10\/IMG_4791-2.jpg?resize=768%2C512&amp;ssl=1 768w, https:\/\/i0.wp.com\/casadecampoliving.com\/wp-content\/uploads\/2022\/10\/IMG_4791-2.jpg?resize=400%2C267&amp;ssl=1 400w, https:\/\/i0.wp.com\/casadecampoliving.com\/wp-content\/uploads\/2022\/10\/IMG_4791-2.jpg?resize=706%2C471&amp;ssl=1 706w, https:\/\/i0.wp.com\/casadecampoliving.com\/wp-content\/uploads\/2022\/10\/IMG_4791-2.jpg?resize=150%2C100&amp;ssl=1 150w, https:\/\/i0.wp.com\/casadecampoliving.com\/wp-content\/uploads\/2022\/10\/IMG_4791-2.jpg?w=370&amp;ssl=1 370w\" sizes=\"auto, (max-width: 1000px) 100vw, 1000px\" \/><\/figure>\n<\/figure>\n<\/p>\n\n<blockquote>\n<h3>Bar Monaco<\/h3>\n<strong><img data-recalc-dims=\"1\" loading=\"lazy\" decoding=\"async\" class=\"alignright wp-image-128035 size-thumbnail\" src=\"https:\/\/i0.wp.com\/casadecampoliving.com\/wp-content\/uploads\/2022\/10\/LOGO-PRINT-RGB-01-150x150-2-150x150.jpg?resize=150%2C150&#038;ssl=1\" alt=\"logo-print-rgb-01\" width=\"150\" height=\"150\" \/>D\u00f3nde:<\/strong> Altos de Chav\u00f3n\n\n<strong>Tel:<\/strong> (809) 235-8701, (809) 873-3353\n\n<strong>Inauguraci\u00f3n:<\/strong>\u00a030 de diciembre\n\n<strong>Fiesta de a\u00f1o nuevo:<\/strong> 31 de diciembre\n\n<em>\u00a1Llame para reservaciones y recibir sus invitaciones para la inauguraci\u00f3n!<\/em><\/blockquote>","protected":false},"excerpt":{"rendered":"<p>\u00a1Bar Monaco ha abierto sus puertas! Por fin pudimos conocer un poco m\u00e1s de este ambicioso proyecto. El pasado viernes 2 de diciembre, Altos de Chav\u00f3n y la comunidad de Casa de Campo dieron la bienvenida a la barra de champagne con tema de la F\u00f3rmula Uno, \u00a1Bar M\u00f3naco!<\/p>\n","protected":false},"author":36682,"featured_media":314635,"comment_status":"closed","ping_status":"closed","sticky":false,"template":"","format":"standard","meta":{"newspack_ads_suppress_ads":false,"newspack_popups_has_disabled_popups":false,"newspack_sponsor_sponsorship_scope":"","newspack_sponsor_native_byline_display":"inherit","newspack_sponsor_native_category_display":"inherit","newspack_sponsor_underwriter_style":"inherit","newspack_sponsor_underwriter_placement":"inherit","_newspack_byline_active":false,"_newspack_byline":"","newspack_content_restriction_is_exempt":false,"newspack_featured_image_position":"","newspack_post_subtitle":"","newspack_article_summary_title":"Overview:","newspack_article_summary":"","newspack_hide_updated_date":false,"newspack_show_updated_date":false,"_jetpack_memberships_contains_paid_content":false,"footnotes":"","jetpack_publicize_message":"","jetpack_publicize_feature_enabled":true,"jetpack_social_post_already_shared":false,"jetpack_social_options":{"image_generator_settings":{"template":"highway","default_image_id":0,"font":"","enabled":false},"version":2},"_wpas_customize_per_network":false},"categories":[2498],"tags":[15387,19644,19930,14736,19246,3577,24715],"newspack_spnsrs_tax":[],"class_list":["post-350892","post","type-post","status-publish","format-standard","has-post-thumbnail","hentry","category-uncategorized-es","tag-altos-de-chavon-es","tag-bar-monaco-es","tag-beneficio","tag-featured-topview-es","tag-formula-uno","tag-fundacion-mir-es-2","tag-fundacion-mir-es","entry"],"yoast_head":"<!-- This site is optimized with the Yoast SEO plugin v27.3 - https:\/\/yoast.com\/product\/yoast-seo-wordpress\/ -->\n<title>Bar Monaco abre sus puertas en apoyo a la Fundaci\u00f3n MIR | Casa de Campo Living<\/title>\n<meta name=\"description\" content=\"\u00a1Bar Monaco ha abierto sus puertas! Por fin pudimos conocer un poco m\u00e1s de este ambicioso proyecto. El pasado viernes 2 de diciembre, Altos de Chav\u00f3n y la\" \/>\n<meta name=\"robots\" content=\"index, follow, max-snippet:-1, max-image-preview:large, max-video-preview:-1\" \/>\n<link rel=\"canonical\" href=\"https:\/\/casadecampoliving.com\/es\/bar-monaco-abre-sus-puertas-en-apoyo-a-la-fundacion-mir\/\" \/>\n<meta property=\"og:locale\" content=\"es_ES\" \/>\n<meta property=\"og:type\" content=\"article\" \/>\n<meta property=\"og:title\" content=\"Bar Monaco abre sus puertas en apoyo a la Fundaci\u00f3n MIR | Casa de Campo Living\" \/>\n<meta property=\"og:description\" content=\"\u00a1Bar Monaco ha abierto sus puertas! Por fin pudimos conocer un poco m\u00e1s de este ambicioso proyecto. El pasado viernes 2 de diciembre, Altos de Chav\u00f3n y la\" \/>\n<meta property=\"og:url\" content=\"https:\/\/casadecampoliving.com\/es\/bar-monaco-abre-sus-puertas-en-apoyo-a-la-fundacion-mir\/\" \/>\n<meta property=\"og:site_name\" content=\"Casa de Campo Living\" \/>\n<meta property=\"article:publisher\" content=\"https:\/\/www.facebook.com\/casadecampoliving\" \/>\n<meta property=\"article:published_time\" content=\"2016-12-07T04:00:00+00:00\" \/>\n<meta property=\"article:modified_time\" content=\"2022-11-10T14:31:04+00:00\" \/>\n<meta property=\"og:image\" content=\"https:\/\/i0.wp.com\/casadecampoliving.com\/wp-content\/uploads\/2022\/10\/IMG_4788.jpg?fit=1000%2C667&ssl=1\" \/>\n\t<meta property=\"og:image:width\" content=\"1000\" \/>\n\t<meta property=\"og:image:height\" content=\"667\" \/>\n\t<meta property=\"og:image:type\" content=\"image\/jpeg\" \/>\n<meta name=\"author\" content=\"Marlenys Guzm\u00e1n Casta\u00f1os\" \/>\n<meta name=\"twitter:card\" content=\"summary_large_image\" \/>\n<meta name=\"twitter:creator\" content=\"@cdcliving\" \/>\n<meta name=\"twitter:site\" content=\"@cdcliving\" \/>\n<meta name=\"twitter:label1\" content=\"Escrito por\" \/>\n\t<meta name=\"twitter:data1\" content=\"Marlenys Guzm\u00e1n Casta\u00f1os\" \/>\n\t<meta name=\"twitter:label2\" content=\"Tiempo de lectura\" \/>\n\t<meta name=\"twitter:data2\" content=\"3 minutos\" \/>\n<script type=\"application\/ld+json\" class=\"yoast-schema-graph\">{\"@context\":\"https:\\\/\\\/schema.org\",\"@graph\":[{\"@type\":\"Article\",\"@id\":\"https:\\\/\\\/casadecampoliving.com\\\/es\\\/bar-monaco-abre-sus-puertas-en-apoyo-a-la-fundacion-mir\\\/#article\",\"isPartOf\":{\"@id\":\"https:\\\/\\\/casadecampoliving.com\\\/es\\\/bar-monaco-abre-sus-puertas-en-apoyo-a-la-fundacion-mir\\\/\"},\"author\":{\"name\":\"Marlenys Guzm\u00e1n Casta\u00f1os\",\"@id\":\"https:\\\/\\\/casadecampoliving.com\\\/es\\\/#\\\/schema\\\/person\\\/b6606bd87f9cec8f5903e2141cafda24\"},\"headline\":\"Bar Monaco abre sus puertas en apoyo a la Fundaci\u00f3n MIR\",\"datePublished\":\"2016-12-07T04:00:00+00:00\",\"dateModified\":\"2022-11-10T14:31:04+00:00\",\"mainEntityOfPage\":{\"@id\":\"https:\\\/\\\/casadecampoliving.com\\\/es\\\/bar-monaco-abre-sus-puertas-en-apoyo-a-la-fundacion-mir\\\/\"},\"wordCount\":613,\"publisher\":{\"@id\":\"https:\\\/\\\/casadecampoliving.com\\\/es\\\/#organization\"},\"image\":{\"@id\":\"https:\\\/\\\/casadecampoliving.com\\\/es\\\/bar-monaco-abre-sus-puertas-en-apoyo-a-la-fundacion-mir\\\/#primaryimage\"},\"thumbnailUrl\":\"https:\\\/\\\/i0.wp.com\\\/casadecampoliving.com\\\/wp-content\\\/uploads\\\/2022\\\/10\\\/IMG_4788.jpg?fit=1000%2C667&ssl=1\",\"keywords\":[\"Altos de Chavon\",\"bar monaco @es\",\"beneficio\",\"Featured-TopView @es\",\"formula uno\",\"Fundacion MIR @es\",\"Fundacion MIR\"],\"articleSection\":[\"Uncategorized @es\"],\"inLanguage\":\"es\"},{\"@type\":\"WebPage\",\"@id\":\"https:\\\/\\\/casadecampoliving.com\\\/es\\\/bar-monaco-abre-sus-puertas-en-apoyo-a-la-fundacion-mir\\\/\",\"url\":\"https:\\\/\\\/casadecampoliving.com\\\/es\\\/bar-monaco-abre-sus-puertas-en-apoyo-a-la-fundacion-mir\\\/\",\"name\":\"Bar Monaco abre sus puertas en apoyo a la Fundaci\u00f3n MIR | Casa de Campo Living\",\"isPartOf\":{\"@id\":\"https:\\\/\\\/casadecampoliving.com\\\/es\\\/#website\"},\"primaryImageOfPage\":{\"@id\":\"https:\\\/\\\/casadecampoliving.com\\\/es\\\/bar-monaco-abre-sus-puertas-en-apoyo-a-la-fundacion-mir\\\/#primaryimage\"},\"image\":{\"@id\":\"https:\\\/\\\/casadecampoliving.com\\\/es\\\/bar-monaco-abre-sus-puertas-en-apoyo-a-la-fundacion-mir\\\/#primaryimage\"},\"thumbnailUrl\":\"https:\\\/\\\/i0.wp.com\\\/casadecampoliving.com\\\/wp-content\\\/uploads\\\/2022\\\/10\\\/IMG_4788.jpg?fit=1000%2C667&ssl=1\",\"datePublished\":\"2016-12-07T04:00:00+00:00\",\"dateModified\":\"2022-11-10T14:31:04+00:00\",\"description\":\"\u00a1Bar Monaco ha abierto sus puertas! Por fin pudimos conocer un poco m\u00e1s de este ambicioso proyecto. El pasado viernes 2 de diciembre, Altos de Chav\u00f3n y la\",\"breadcrumb\":{\"@id\":\"https:\\\/\\\/casadecampoliving.com\\\/es\\\/bar-monaco-abre-sus-puertas-en-apoyo-a-la-fundacion-mir\\\/#breadcrumb\"},\"inLanguage\":\"es\",\"potentialAction\":[{\"@type\":\"ReadAction\",\"target\":[\"https:\\\/\\\/casadecampoliving.com\\\/es\\\/bar-monaco-abre-sus-puertas-en-apoyo-a-la-fundacion-mir\\\/\"]}]},{\"@type\":\"ImageObject\",\"inLanguage\":\"es\",\"@id\":\"https:\\\/\\\/casadecampoliving.com\\\/es\\\/bar-monaco-abre-sus-puertas-en-apoyo-a-la-fundacion-mir\\\/#primaryimage\",\"url\":\"https:\\\/\\\/i0.wp.com\\\/casadecampoliving.com\\\/wp-content\\\/uploads\\\/2022\\\/10\\\/IMG_4788.jpg?fit=1000%2C667&ssl=1\",\"contentUrl\":\"https:\\\/\\\/i0.wp.com\\\/casadecampoliving.com\\\/wp-content\\\/uploads\\\/2022\\\/10\\\/IMG_4788.jpg?fit=1000%2C667&ssl=1\",\"width\":1000,\"height\":667},{\"@type\":\"BreadcrumbList\",\"@id\":\"https:\\\/\\\/casadecampoliving.com\\\/es\\\/bar-monaco-abre-sus-puertas-en-apoyo-a-la-fundacion-mir\\\/#breadcrumb\",\"itemListElement\":[{\"@type\":\"ListItem\",\"position\":1,\"name\":\"Home\",\"item\":\"https:\\\/\\\/casadecampoliving.com\\\/es\\\/\"},{\"@type\":\"ListItem\",\"position\":2,\"name\":\"Bar Monaco abre sus puertas en apoyo a la Fundaci\u00f3n MIR\"}]},{\"@type\":\"WebSite\",\"@id\":\"https:\\\/\\\/casadecampoliving.com\\\/es\\\/#website\",\"url\":\"https:\\\/\\\/casadecampoliving.com\\\/es\\\/\",\"name\":\"Casa de Campo Living\",\"description\":\"Resort community news and resources.\",\"publisher\":{\"@id\":\"https:\\\/\\\/casadecampoliving.com\\\/es\\\/#organization\"},\"potentialAction\":[{\"@type\":\"SearchAction\",\"target\":{\"@type\":\"EntryPoint\",\"urlTemplate\":\"https:\\\/\\\/casadecampoliving.com\\\/es\\\/?s={search_term_string}\"},\"query-input\":{\"@type\":\"PropertyValueSpecification\",\"valueRequired\":true,\"valueName\":\"search_term_string\"}}],\"inLanguage\":\"es\"},{\"@type\":\"Organization\",\"@id\":\"https:\\\/\\\/casadecampoliving.com\\\/es\\\/#organization\",\"name\":\"Casa de Campo Living\",\"url\":\"https:\\\/\\\/casadecampoliving.com\\\/es\\\/\",\"logo\":{\"@type\":\"ImageObject\",\"inLanguage\":\"es\",\"@id\":\"https:\\\/\\\/casadecampoliving.com\\\/es\\\/#\\\/schema\\\/logo\\\/image\\\/\",\"url\":\"https:\\\/\\\/i0.wp.com\\\/casadecampoliving.com\\\/wp-content\\\/uploads\\\/2022\\\/07\\\/CDCLivingLogo_V1-white-sized.png?fit=800%2C214&ssl=1\",\"contentUrl\":\"https:\\\/\\\/i0.wp.com\\\/casadecampoliving.com\\\/wp-content\\\/uploads\\\/2022\\\/07\\\/CDCLivingLogo_V1-white-sized.png?fit=800%2C214&ssl=1\",\"width\":800,\"height\":214,\"caption\":\"Casa de Campo Living\"},\"image\":{\"@id\":\"https:\\\/\\\/casadecampoliving.com\\\/es\\\/#\\\/schema\\\/logo\\\/image\\\/\"},\"sameAs\":[\"https:\\\/\\\/www.facebook.com\\\/casadecampoliving\",\"https:\\\/\\\/x.com\\\/cdcliving\"]},{\"@type\":\"Person\",\"@id\":\"https:\\\/\\\/casadecampoliving.com\\\/es\\\/#\\\/schema\\\/person\\\/b6606bd87f9cec8f5903e2141cafda24\",\"name\":\"Marlenys Guzm\u00e1n Casta\u00f1os\",\"image\":{\"@type\":\"ImageObject\",\"inLanguage\":\"es\",\"@id\":\"https:\\\/\\\/secure.gravatar.com\\\/avatar\\\/72f3f86b8e6b3ec744201aeadf11d4a6055e8af194aecd9ad30ffff4437878ee?s=96&d=mm&r=g\",\"url\":\"https:\\\/\\\/secure.gravatar.com\\\/avatar\\\/72f3f86b8e6b3ec744201aeadf11d4a6055e8af194aecd9ad30ffff4437878ee?s=96&d=mm&r=g\",\"contentUrl\":\"https:\\\/\\\/secure.gravatar.com\\\/avatar\\\/72f3f86b8e6b3ec744201aeadf11d4a6055e8af194aecd9ad30ffff4437878ee?s=96&d=mm&r=g\",\"caption\":\"Marlenys Guzm\u00e1n Casta\u00f1os\"},\"url\":\"https:\\\/\\\/casadecampoliving.com\\\/es\\\/author\\\/mguzman\\\/\"}]}<\/script>\n<!-- \/ Yoast SEO plugin. -->","yoast_head_json":{"title":"Bar Monaco abre sus puertas en apoyo a la Fundaci\u00f3n MIR | Casa de Campo Living","description":"\u00a1Bar Monaco ha abierto sus puertas! Por fin pudimos conocer un poco m\u00e1s de este ambicioso proyecto. El pasado viernes 2 de diciembre, Altos de Chav\u00f3n y la","robots":{"index":"index","follow":"follow","max-snippet":"max-snippet:-1","max-image-preview":"max-image-preview:large","max-video-preview":"max-video-preview:-1"},"canonical":"https:\/\/casadecampoliving.com\/es\/bar-monaco-abre-sus-puertas-en-apoyo-a-la-fundacion-mir\/","og_locale":"es_ES","og_type":"article","og_title":"Bar Monaco abre sus puertas en apoyo a la Fundaci\u00f3n MIR | Casa de Campo Living","og_description":"\u00a1Bar Monaco ha abierto sus puertas! Por fin pudimos conocer un poco m\u00e1s de este ambicioso proyecto. El pasado viernes 2 de diciembre, Altos de Chav\u00f3n y la","og_url":"https:\/\/casadecampoliving.com\/es\/bar-monaco-abre-sus-puertas-en-apoyo-a-la-fundacion-mir\/","og_site_name":"Casa de Campo Living","article_publisher":"https:\/\/www.facebook.com\/casadecampoliving","article_published_time":"2016-12-07T04:00:00+00:00","article_modified_time":"2022-11-10T14:31:04+00:00","og_image":[{"width":1000,"height":667,"url":"https:\/\/i0.wp.com\/casadecampoliving.com\/wp-content\/uploads\/2022\/10\/IMG_4788.jpg?fit=1000%2C667&ssl=1","type":"image\/jpeg"}],"author":"Marlenys Guzm\u00e1n Casta\u00f1os","twitter_card":"summary_large_image","twitter_creator":"@cdcliving","twitter_site":"@cdcliving","twitter_misc":{"Escrito por":"Marlenys Guzm\u00e1n Casta\u00f1os","Tiempo de lectura":"3 minutos"},"schema":{"@context":"https:\/\/schema.org","@graph":[{"@type":"Article","@id":"https:\/\/casadecampoliving.com\/es\/bar-monaco-abre-sus-puertas-en-apoyo-a-la-fundacion-mir\/#article","isPartOf":{"@id":"https:\/\/casadecampoliving.com\/es\/bar-monaco-abre-sus-puertas-en-apoyo-a-la-fundacion-mir\/"},"author":{"name":"Marlenys Guzm\u00e1n Casta\u00f1os","@id":"https:\/\/casadecampoliving.com\/es\/#\/schema\/person\/b6606bd87f9cec8f5903e2141cafda24"},"headline":"Bar Monaco abre sus puertas en apoyo a la Fundaci\u00f3n MIR","datePublished":"2016-12-07T04:00:00+00:00","dateModified":"2022-11-10T14:31:04+00:00","mainEntityOfPage":{"@id":"https:\/\/casadecampoliving.com\/es\/bar-monaco-abre-sus-puertas-en-apoyo-a-la-fundacion-mir\/"},"wordCount":613,"publisher":{"@id":"https:\/\/casadecampoliving.com\/es\/#organization"},"image":{"@id":"https:\/\/casadecampoliving.com\/es\/bar-monaco-abre-sus-puertas-en-apoyo-a-la-fundacion-mir\/#primaryimage"},"thumbnailUrl":"https:\/\/i0.wp.com\/casadecampoliving.com\/wp-content\/uploads\/2022\/10\/IMG_4788.jpg?fit=1000%2C667&ssl=1","keywords":["Altos de Chavon","bar monaco @es","beneficio","Featured-TopView @es","formula uno","Fundacion MIR @es","Fundacion MIR"],"articleSection":["Uncategorized @es"],"inLanguage":"es"},{"@type":"WebPage","@id":"https:\/\/casadecampoliving.com\/es\/bar-monaco-abre-sus-puertas-en-apoyo-a-la-fundacion-mir\/","url":"https:\/\/casadecampoliving.com\/es\/bar-monaco-abre-sus-puertas-en-apoyo-a-la-fundacion-mir\/","name":"Bar Monaco abre sus puertas en apoyo a la Fundaci\u00f3n MIR | Casa de Campo Living","isPartOf":{"@id":"https:\/\/casadecampoliving.com\/es\/#website"},"primaryImageOfPage":{"@id":"https:\/\/casadecampoliving.com\/es\/bar-monaco-abre-sus-puertas-en-apoyo-a-la-fundacion-mir\/#primaryimage"},"image":{"@id":"https:\/\/casadecampoliving.com\/es\/bar-monaco-abre-sus-puertas-en-apoyo-a-la-fundacion-mir\/#primaryimage"},"thumbnailUrl":"https:\/\/i0.wp.com\/casadecampoliving.com\/wp-content\/uploads\/2022\/10\/IMG_4788.jpg?fit=1000%2C667&ssl=1","datePublished":"2016-12-07T04:00:00+00:00","dateModified":"2022-11-10T14:31:04+00:00","description":"\u00a1Bar Monaco ha abierto sus puertas! Por fin pudimos conocer un poco m\u00e1s de este ambicioso proyecto. El pasado viernes 2 de diciembre, Altos de Chav\u00f3n y la","breadcrumb":{"@id":"https:\/\/casadecampoliving.com\/es\/bar-monaco-abre-sus-puertas-en-apoyo-a-la-fundacion-mir\/#breadcrumb"},"inLanguage":"es","potentialAction":[{"@type":"ReadAction","target":["https:\/\/casadecampoliving.com\/es\/bar-monaco-abre-sus-puertas-en-apoyo-a-la-fundacion-mir\/"]}]},{"@type":"ImageObject","inLanguage":"es","@id":"https:\/\/casadecampoliving.com\/es\/bar-monaco-abre-sus-puertas-en-apoyo-a-la-fundacion-mir\/#primaryimage","url":"https:\/\/i0.wp.com\/casadecampoliving.com\/wp-content\/uploads\/2022\/10\/IMG_4788.jpg?fit=1000%2C667&ssl=1","contentUrl":"https:\/\/i0.wp.com\/casadecampoliving.com\/wp-content\/uploads\/2022\/10\/IMG_4788.jpg?fit=1000%2C667&ssl=1","width":1000,"height":667},{"@type":"BreadcrumbList","@id":"https:\/\/casadecampoliving.com\/es\/bar-monaco-abre-sus-puertas-en-apoyo-a-la-fundacion-mir\/#breadcrumb","itemListElement":[{"@type":"ListItem","position":1,"name":"Home","item":"https:\/\/casadecampoliving.com\/es\/"},{"@type":"ListItem","position":2,"name":"Bar Monaco abre sus puertas en apoyo a la Fundaci\u00f3n MIR"}]},{"@type":"WebSite","@id":"https:\/\/casadecampoliving.com\/es\/#website","url":"https:\/\/casadecampoliving.com\/es\/","name":"Casa de Campo Living","description":"Resort community news and resources.","publisher":{"@id":"https:\/\/casadecampoliving.com\/es\/#organization"},"potentialAction":[{"@type":"SearchAction","target":{"@type":"EntryPoint","urlTemplate":"https:\/\/casadecampoliving.com\/es\/?s={search_term_string}"},"query-input":{"@type":"PropertyValueSpecification","valueRequired":true,"valueName":"search_term_string"}}],"inLanguage":"es"},{"@type":"Organization","@id":"https:\/\/casadecampoliving.com\/es\/#organization","name":"Casa de Campo Living","url":"https:\/\/casadecampoliving.com\/es\/","logo":{"@type":"ImageObject","inLanguage":"es","@id":"https:\/\/casadecampoliving.com\/es\/#\/schema\/logo\/image\/","url":"https:\/\/i0.wp.com\/casadecampoliving.com\/wp-content\/uploads\/2022\/07\/CDCLivingLogo_V1-white-sized.png?fit=800%2C214&ssl=1","contentUrl":"https:\/\/i0.wp.com\/casadecampoliving.com\/wp-content\/uploads\/2022\/07\/CDCLivingLogo_V1-white-sized.png?fit=800%2C214&ssl=1","width":800,"height":214,"caption":"Casa de Campo Living"},"image":{"@id":"https:\/\/casadecampoliving.com\/es\/#\/schema\/logo\/image\/"},"sameAs":["https:\/\/www.facebook.com\/casadecampoliving","https:\/\/x.com\/cdcliving"]},{"@type":"Person","@id":"https:\/\/casadecampoliving.com\/es\/#\/schema\/person\/b6606bd87f9cec8f5903e2141cafda24","name":"Marlenys Guzm\u00e1n Casta\u00f1os","image":{"@type":"ImageObject","inLanguage":"es","@id":"https:\/\/secure.gravatar.com\/avatar\/72f3f86b8e6b3ec744201aeadf11d4a6055e8af194aecd9ad30ffff4437878ee?s=96&d=mm&r=g","url":"https:\/\/secure.gravatar.com\/avatar\/72f3f86b8e6b3ec744201aeadf11d4a6055e8af194aecd9ad30ffff4437878ee?s=96&d=mm&r=g","contentUrl":"https:\/\/secure.gravatar.com\/avatar\/72f3f86b8e6b3ec744201aeadf11d4a6055e8af194aecd9ad30ffff4437878ee?s=96&d=mm&r=g","caption":"Marlenys Guzm\u00e1n Casta\u00f1os"},"url":"https:\/\/casadecampoliving.com\/es\/author\/mguzman\/"}]}},"parsely":{"version":"1.1.0","canonical_url":"https:\/\/casadecampoliving.com\/es\/bar-monaco-abre-sus-puertas-en-apoyo-a-la-fundacion-mir\/","smart_links":{"inbound":0,"outbound":0},"traffic_boost_suggestions_count":0,"meta":{"@context":"https:\/\/schema.org","@type":"NewsArticle","headline":"Bar Monaco abre sus puertas en apoyo a la Fundaci\u00f3n MIR","url":"http:\/\/casadecampoliving.com\/es\/bar-monaco-abre-sus-puertas-en-apoyo-a-la-fundacion-mir\/","mainEntityOfPage":{"@type":"WebPage","@id":"http:\/\/casadecampoliving.com\/es\/bar-monaco-abre-sus-puertas-en-apoyo-a-la-fundacion-mir\/"},"thumbnailUrl":"https:\/\/i0.wp.com\/casadecampoliving.com\/wp-content\/uploads\/2022\/10\/IMG_4788.jpg?resize=150%2C150&ssl=1","image":{"@type":"ImageObject","url":"https:\/\/i0.wp.com\/casadecampoliving.com\/wp-content\/uploads\/2022\/10\/IMG_4788.jpg?fit=1000%2C667&ssl=1"},"articleSection":"Uncategorized @es","author":[{"@type":"Person","name":"Marlenys Guzm\u00e1n Casta\u00f1os"}],"creator":["Marlenys Guzm\u00e1n Casta\u00f1os"],"publisher":{"@type":"Organization","name":"Casa de Campo Living","logo":"https:\/\/casadecampoliving.com\/wp-content\/uploads\/2022\/07\/CDCLivingLogo_V1-white-sized.png"},"keywords":["altos de chavon","bar monaco @es","beneficio","featured-topview @es","formula uno","fundacion mir @es","fundacion mir"],"dateCreated":"2016-12-07T04:00:00Z","datePublished":"2016-12-07T04:00:00Z","dateModified":"2022-11-10T14:31:04Z"},"rendered":"<script type=\"application\/ld+json\" class=\"wp-parsely-metadata\">{\"@context\":\"https:\\\/\\\/schema.org\",\"@type\":\"NewsArticle\",\"headline\":\"Bar Monaco abre sus puertas en apoyo a la Fundaci\\u00f3n MIR\",\"url\":\"http:\\\/\\\/casadecampoliving.com\\\/es\\\/bar-monaco-abre-sus-puertas-en-apoyo-a-la-fundacion-mir\\\/\",\"mainEntityOfPage\":{\"@type\":\"WebPage\",\"@id\":\"http:\\\/\\\/casadecampoliving.com\\\/es\\\/bar-monaco-abre-sus-puertas-en-apoyo-a-la-fundacion-mir\\\/\"},\"thumbnailUrl\":\"https:\\\/\\\/i0.wp.com\\\/casadecampoliving.com\\\/wp-content\\\/uploads\\\/2022\\\/10\\\/IMG_4788.jpg?resize=150%2C150&ssl=1\",\"image\":{\"@type\":\"ImageObject\",\"url\":\"https:\\\/\\\/i0.wp.com\\\/casadecampoliving.com\\\/wp-content\\\/uploads\\\/2022\\\/10\\\/IMG_4788.jpg?fit=1000%2C667&ssl=1\"},\"articleSection\":\"Uncategorized @es\",\"author\":[{\"@type\":\"Person\",\"name\":\"Marlenys Guzm\\u00e1n Casta\\u00f1os\"}],\"creator\":[\"Marlenys Guzm\\u00e1n Casta\\u00f1os\"],\"publisher\":{\"@type\":\"Organization\",\"name\":\"Casa de Campo Living\",\"logo\":\"https:\\\/\\\/casadecampoliving.com\\\/wp-content\\\/uploads\\\/2022\\\/07\\\/CDCLivingLogo_V1-white-sized.png\"},\"keywords\":[\"altos de chavon\",\"bar monaco @es\",\"beneficio\",\"featured-topview @es\",\"formula uno\",\"fundacion mir @es\",\"fundacion mir\"],\"dateCreated\":\"2016-12-07T04:00:00Z\",\"datePublished\":\"2016-12-07T04:00:00Z\",\"dateModified\":\"2022-11-10T14:31:04Z\"}<\/script>","tracker_url":"https:\/\/cdn.parsely.com\/keys\/casadecampoliving.com\/p.js"},"jetpack_publicize_connections":[],"jetpack_featured_media_url":"https:\/\/i0.wp.com\/casadecampoliving.com\/wp-content\/uploads\/2022\/10\/IMG_4788.jpg?fit=1000%2C667&ssl=1","jetpack-related-posts":[{"id":350862,"url":"https:\/\/casadecampoliving.com\/es\/conozca-el-nuevo-bar-monaco-y-la-vez-apoye-la-fundacion-mir\/","url_meta":{"origin":350892,"position":0},"title":"\u00a1Conozca el nuevo Bar Monaco y a la vez apoye a la Fundaci\u00f3n MIR!","author":"Marlenys Guzm\u00e1n Casta\u00f1os","date":"1 Dic, 2016","format":false,"excerpt":"\u00bfAlguien m\u00e1s vio la niebla de esta ma\u00f1ana?\u2026 No estoy seguro de si es lo mismo para todos, \u00a1pero definitivamente se ha sentido como la Navidad \u00faltimamente! Damos la bienvenida a diciembre con todas las actividades de este fin de semana, como: Flavors of the World\u00a0Portugal en el Beach Club,\u2026","rel":"","context":"En \u00abAltos de Chavon @es\u00bb","block_context":{"text":"Altos de Chavon @es","link":"https:\/\/casadecampoliving.com\/category\/altos-de-chavon-es\/"},"img":{"alt_text":"bar monaco","src":"https:\/\/i0.wp.com\/casadecampoliving.com\/wp-content\/uploads\/2022\/10\/shutterstock_146992739-e1473674501938-1.jpg?fit=1000%2C645&ssl=1&resize=350%2C200","width":350,"height":200,"srcset":"https:\/\/i0.wp.com\/casadecampoliving.com\/wp-content\/uploads\/2022\/10\/shutterstock_146992739-e1473674501938-1.jpg?fit=1000%2C645&ssl=1&resize=350%2C200 1x, https:\/\/i0.wp.com\/casadecampoliving.com\/wp-content\/uploads\/2022\/10\/shutterstock_146992739-e1473674501938-1.jpg?fit=1000%2C645&ssl=1&resize=525%2C300 1.5x, https:\/\/i0.wp.com\/casadecampoliving.com\/wp-content\/uploads\/2022\/10\/shutterstock_146992739-e1473674501938-1.jpg?fit=1000%2C645&ssl=1&resize=700%2C400 2x"},"classes":[]},{"id":328425,"url":"https:\/\/casadecampoliving.com\/bar-monaco-soft-opening\/","url_meta":{"origin":350892,"position":1},"title":"Bar Monaco opens its doors to support Fundaci\u00f3n MIR","author":"Marlenys Guzm\u00e1n Casta\u00f1os","date":"7 Dic, 2016","format":false,"excerpt":"Bar Monaco has opened its doors! We were finally able to catch a glimpse of how this ambitious project is coming along. Last Friday December 2nd, Altos de Chav\u00f3n and the Casa de Campo community welcomed the\u00a0Formula One themed champagne bar, Bar Monaco! Bar Monaco's soft opening was blessed with\u2026","rel":"","context":"En \u00abAltos de Chavon\u00bb","block_context":{"text":"Altos de Chavon","link":"https:\/\/casadecampoliving.com\/tag\/altos-de-chavon\/"},"img":{"alt_text":"","src":"https:\/\/i0.wp.com\/casadecampoliving.com\/wp-content\/uploads\/2022\/10\/IMG_4788.jpg?fit=1000%2C667&ssl=1&resize=350%2C200","width":350,"height":200,"srcset":"https:\/\/i0.wp.com\/casadecampoliving.com\/wp-content\/uploads\/2022\/10\/IMG_4788.jpg?fit=1000%2C667&ssl=1&resize=350%2C200 1x, https:\/\/i0.wp.com\/casadecampoliving.com\/wp-content\/uploads\/2022\/10\/IMG_4788.jpg?fit=1000%2C667&ssl=1&resize=525%2C300 1.5x, https:\/\/i0.wp.com\/casadecampoliving.com\/wp-content\/uploads\/2022\/10\/IMG_4788.jpg?fit=1000%2C667&ssl=1&resize=700%2C400 2x"},"classes":[]},{"id":328412,"url":"https:\/\/casadecampoliving.com\/catch-glimpse-new-bar-monaco-whilst-support-fundacion-mir\/","url_meta":{"origin":350892,"position":2},"title":"Catch a glimpse of the new Bar Monaco and support the Fundaci\u00f3n MIR","author":"Marlenys Guzm\u00e1n Casta\u00f1os","date":"1 Dic, 2016","format":false,"excerpt":"Did anyone else see the morning\u2019s mist? \u2026 Not sure if it\u2019s the same for everyone but it has definitely felt like Christmas lately! Let\u2019s welcome December with all this weekend\u2019s activities, like:\u00a0Flavors of the World Portugal at\u00a0the Beach Club, Chinois\u2019 Peruvian buffet with guest Chef Freddy Padovani, and enjoying\u2026","rel":"","context":"En \u00abAltos de Chavon\u00bb","block_context":{"text":"Altos de Chavon","link":"https:\/\/casadecampoliving.com\/category\/altos-de-chavon\/"},"img":{"alt_text":"bar monaco","src":"https:\/\/i0.wp.com\/casadecampoliving.com\/wp-content\/uploads\/2022\/10\/shutterstock_146992739-e1473674501938-1.jpg?fit=1000%2C645&ssl=1&resize=350%2C200","width":350,"height":200,"srcset":"https:\/\/i0.wp.com\/casadecampoliving.com\/wp-content\/uploads\/2022\/10\/shutterstock_146992739-e1473674501938-1.jpg?fit=1000%2C645&ssl=1&resize=350%2C200 1x, https:\/\/i0.wp.com\/casadecampoliving.com\/wp-content\/uploads\/2022\/10\/shutterstock_146992739-e1473674501938-1.jpg?fit=1000%2C645&ssl=1&resize=525%2C300 1.5x, https:\/\/i0.wp.com\/casadecampoliving.com\/wp-content\/uploads\/2022\/10\/shutterstock_146992739-e1473674501938-1.jpg?fit=1000%2C645&ssl=1&resize=700%2C400 2x"},"classes":[]},{"id":350957,"url":"https:\/\/casadecampoliving.com\/es\/gran-apertura-de-bar-monaco-este-viernes-antes-del-concierto-de-enrique-iglesias\/","url_meta":{"origin":350892,"position":3},"title":"\u00a1GRAN APERTURA de Bar Monaco este viernes antes del concierto de Enrique Iglesias!","author":"Heather Lincoln","date":"27 Dic, 2016","format":false,"excerpt":"Ahora que la Navidad ha pasado, todos estamos listos para las pr\u00f3ximas fiestas. Una cuenta atr\u00e1s para el nuevo a\u00f1o ya ha comenzado en la mente de muchas personas, \u00a1y este a\u00f1o Casa de Campo tiene un nuevo restaurante en la ciudad! Pero antes de su gran fiesta de A\u00f1o\u2026","rel":"","context":"En \u00abAltos de Chavon @es\u00bb","block_context":{"text":"Altos de Chavon @es","link":"https:\/\/casadecampoliving.com\/category\/altos-de-chavon-es\/"},"img":{"alt_text":"Bar Monaco","src":"https:\/\/i0.wp.com\/casadecampoliving.com\/wp-content\/uploads\/2022\/10\/IMG_4755-1-e1482854282525.jpg?fit=1000%2C561&ssl=1&resize=350%2C200","width":350,"height":200,"srcset":"https:\/\/i0.wp.com\/casadecampoliving.com\/wp-content\/uploads\/2022\/10\/IMG_4755-1-e1482854282525.jpg?fit=1000%2C561&ssl=1&resize=350%2C200 1x, https:\/\/i0.wp.com\/casadecampoliving.com\/wp-content\/uploads\/2022\/10\/IMG_4755-1-e1482854282525.jpg?fit=1000%2C561&ssl=1&resize=525%2C300 1.5x, https:\/\/i0.wp.com\/casadecampoliving.com\/wp-content\/uploads\/2022\/10\/IMG_4755-1-e1482854282525.jpg?fit=1000%2C561&ssl=1&resize=700%2C400 2x"},"classes":[]},{"id":350484,"url":"https:\/\/casadecampoliving.com\/es\/conozca-el-nuevo-bar-monaco-que-abrira-en-diciembre-2016\/","url_meta":{"origin":350892,"position":4},"title":"Conozca el nuevo Bar Monaco, que abrir\u00e1 en diciembre 2016 en el antiguo establecimiento de Papa Jack\u2019s","author":"Carla Campos","date":"12 Sep, 2016","format":false,"excerpt":"Esta temporada navide\u00f1a en Casa de Campo promete ser emocionante, con nuevos establecimientos, como 30Sinco, sum\u00e1ndose a\u00a0la escena de restaurantes y vida nocturna. El mes pasado le informamos que Papa Jack\u00b4s hab\u00eda cerrado y vendido, y hoy les estamos presentando exclusivamente el Bar M\u00f3naco, el nuevo establecimiento que tomar\u00e1 su\u2026","rel":"","context":"En \u00abAltos de Chavon @es\u00bb","block_context":{"text":"Altos de Chavon @es","link":"https:\/\/casadecampoliving.com\/category\/altos-de-chavon-es\/"},"img":{"alt_text":"bar monaco","src":"https:\/\/i0.wp.com\/casadecampoliving.com\/wp-content\/uploads\/2022\/10\/shutterstock_132504284-e1473675534769.jpg?fit=1000%2C600&ssl=1&resize=350%2C200","width":350,"height":200,"srcset":"https:\/\/i0.wp.com\/casadecampoliving.com\/wp-content\/uploads\/2022\/10\/shutterstock_132504284-e1473675534769.jpg?fit=1000%2C600&ssl=1&resize=350%2C200 1x, https:\/\/i0.wp.com\/casadecampoliving.com\/wp-content\/uploads\/2022\/10\/shutterstock_132504284-e1473675534769.jpg?fit=1000%2C600&ssl=1&resize=525%2C300 1.5x, https:\/\/i0.wp.com\/casadecampoliving.com\/wp-content\/uploads\/2022\/10\/shutterstock_132504284-e1473675534769.jpg?fit=1000%2C600&ssl=1&resize=700%2C400 2x"},"classes":[]},{"id":350793,"url":"https:\/\/casadecampoliving.com\/es\/formula-uno-bar-monaco-en-altos-de-chavon\/","url_meta":{"origin":350892,"position":5},"title":"Conozca m\u00e1s de la Formula Uno justo a tiempo para la apertura del nuevo Bar Monaco en Altos de Chav\u00f3n","author":"Marlenys Guzm\u00e1n Casta\u00f1os","date":"10 Nov, 2016","format":false,"excerpt":"En esta temporada navide\u00f1a tenemos varias razones para celebrar y muchos lugares donde podemos hacerlo. Bar Monaco est\u00e1 abriendo sus puertas al p\u00fablico y dando a Altos de Chav\u00f3n un nuevo lugar con un nuevo concepto \u00a1que no podemos esperar a ver! Bar Monaco combina\u00a0estilo y moda con la necesidad\u2026","rel":"","context":"En \u00abAltos de Chavon @es\u00bb","block_context":{"text":"Altos de Chavon @es","link":"https:\/\/casadecampoliving.com\/category\/altos-de-chavon-es\/"},"img":{"alt_text":"","src":"https:\/\/i0.wp.com\/casadecampoliving.com\/wp-content\/uploads\/2022\/10\/shutterstock_317281754.jpg?fit=1000%2C667&ssl=1&resize=350%2C200","width":350,"height":200,"srcset":"https:\/\/i0.wp.com\/casadecampoliving.com\/wp-content\/uploads\/2022\/10\/shutterstock_317281754.jpg?fit=1000%2C667&ssl=1&resize=350%2C200 1x, https:\/\/i0.wp.com\/casadecampoliving.com\/wp-content\/uploads\/2022\/10\/shutterstock_317281754.jpg?fit=1000%2C667&ssl=1&resize=525%2C300 1.5x, https:\/\/i0.wp.com\/casadecampoliving.com\/wp-content\/uploads\/2022\/10\/shutterstock_317281754.jpg?fit=1000%2C667&ssl=1&resize=700%2C400 2x"},"classes":[]}],"jetpack_sharing_enabled":true,"_links":{"self":[{"href":"https:\/\/casadecampoliving.com\/es\/wp-json\/wp\/v2\/posts\/350892","targetHints":{"allow":["GET"]}}],"collection":[{"href":"https:\/\/casadecampoliving.com\/es\/wp-json\/wp\/v2\/posts"}],"about":[{"href":"https:\/\/casadecampoliving.com\/es\/wp-json\/wp\/v2\/types\/post"}],"author":[{"embeddable":true,"href":"https:\/\/casadecampoliving.com\/es\/wp-json\/wp\/v2\/users\/36682"}],"replies":[{"embeddable":true,"href":"https:\/\/casadecampoliving.com\/es\/wp-json\/wp\/v2\/comments?post=350892"}],"version-history":[{"count":2,"href":"https:\/\/casadecampoliving.com\/es\/wp-json\/wp\/v2\/posts\/350892\/revisions"}],"predecessor-version":[{"id":506754,"href":"https:\/\/casadecampoliving.com\/es\/wp-json\/wp\/v2\/posts\/350892\/revisions\/506754"}],"wp:featuredmedia":[{"embeddable":true,"href":"https:\/\/casadecampoliving.com\/es\/wp-json\/wp\/v2\/media\/314635"}],"wp:attachment":[{"href":"https:\/\/casadecampoliving.com\/es\/wp-json\/wp\/v2\/media?parent=350892"}],"wp:term":[{"taxonomy":"category","embeddable":true,"href":"https:\/\/casadecampoliving.com\/es\/wp-json\/wp\/v2\/categories?post=350892"},{"taxonomy":"post_tag","embeddable":true,"href":"https:\/\/casadecampoliving.com\/es\/wp-json\/wp\/v2\/tags?post=350892"},{"taxonomy":"newspack_spnsrs_tax","embeddable":true,"href":"https:\/\/casadecampoliving.com\/es\/wp-json\/wp\/v2\/newspack_spnsrs_tax?post=350892"}],"curies":[{"name":"wp","href":"https:\/\/api.w.org\/{rel}","templated":true}]}}