{"id":350859,"date":"2016-12-01T00:00:00","date_gmt":"2016-12-01T04:00:00","guid":{"rendered":"https:\/\/casadecampoliving.com\/felix-sanchez-vino-a-apoyar-el-3er-casa-de-campo-corre-para-el-hogar-del-nino\/"},"modified":"2022-11-10T10:01:36","modified_gmt":"2022-11-10T14:01:36","slug":"felix-sanchez-vino-a-apoyar-el-3er-casa-de-campo-corre-para-el-hogar-del-nino","status":"publish","type":"post","link":"https:\/\/casadecampoliving.com\/es\/felix-sanchez-vino-a-apoyar-el-3er-casa-de-campo-corre-para-el-hogar-del-nino\/","title":{"rendered":"Medallista ol\u00edmpico dominicano F\u00e9lix S\u00e1nchez vino a apoyar el 3er Casa de Campo Corre para el Hogar del Ni\u00f1o"},"content":{"rendered":"<p id=\"tw-target-text\" class=\"tw-data-text tw-ta tw-text-small\" dir=\"ltr\" data-placeholder=\"Translation\"><span lang=\"es\">El pasado domingo 27 de noviembre se celebr\u00f3 el 3er Casa de Campo Corre para el Hogar del Ni\u00f1o \u00a1y fue un gran \u00e9xito! Cientos de participantes vinieron a Casa de Campo para correr por\u00a0los ni\u00f1os y divertirse con amigos y familiares.<\/span><br \/>\n<!--more--><\/p>\n<p style=\"text-align: justify;\"><img data-recalc-dims=\"1\" loading=\"lazy\" decoding=\"async\" class=\"aligncenter size-full wp-image-129307\" src=\"https:\/\/i0.wp.com\/casadecampoliving.com\/wp-content\/uploads\/2022\/10\/DSC_0385-1.jpg?resize=1000%2C667&#038;ssl=1\" alt=\"dsc_0385\" width=\"1000\" height=\"667\" \/><\/p>\n<p id=\"tw-target-text\" class=\"tw-data-text tw-ta tw-text-small\" dir=\"ltr\" style=\"text-align: justify;\" data-placeholder=\"Translation\"><span lang=\"es\">Bien temprano en la ma\u00f1ana del domingo, a las 5:45 am, el punto de partida del marat\u00f3n, la entrada del Hotel Casa de Campo, se llen\u00f3 de corredores entusiastas y experimentados que estaban a punto de salir en las rutas del\u00a042K y 21K. A pesar de que hab\u00eda llovido la mayor parte de la semana, los corredores fueron bendecidos con un cielo despejado. Corredores de todo el pa\u00eds y miembros de nuestra comunidad vinieron a probar su resistencia y mostrar su apoyo a los ni\u00f1os del Hogar del Ni\u00f1o. Antes de cada carrera, los participantes calentaron con ejercicios aer\u00f3bicos.<\/span><\/p>\n<p style=\"text-align: justify;\"><img data-recalc-dims=\"1\" loading=\"lazy\" decoding=\"async\" class=\"aligncenter size-full wp-image-129305\" src=\"https:\/\/i0.wp.com\/casadecampoliving.com\/wp-content\/uploads\/2022\/10\/DSC_0263-2.jpg?resize=1000%2C667&#038;ssl=1\" alt=\"dsc_0263\" width=\"1000\" height=\"667\" \/><\/p>\n<p id=\"tw-target-text\" class=\"tw-data-text tw-ta tw-text-small\" dir=\"ltr\" style=\"text-align: justify;\" data-placeholder=\"Translation\"><span lang=\"es\">Xiomarita Men\u00e9ndez agradeci\u00f3 a todos los patrocinadores, corredores, contribuyentes y voluntarios por su continuo apoyo, y se\u00f1al\u00f3 que lo que m\u00e1s le<\/span><span lang=\"es\">\u00a0encanta de este evento es que nos une a todos por\u00a0una causa maravillosa. Un rato m\u00e1s tarde, los corredores de los 21k comenzaron a cruzar la l\u00ednea de meta, y a las 7 de la ma\u00f1ana los 10k y 5k salieron. Los estudiantes del Hogar del Ni\u00f1o tambi\u00e9n participaron en este evento, \u00a1e incluso una de ellos gan\u00f3 una de las carreras! Mar\u00eda Isabel Rodr\u00edguez fue la primera en cruzar la meta para la carrera de los 5k, mientras que otros de los estudiantes que participaron fueron Samuel Guzm\u00e1n y Daniel Castro, uno de los estudiantes con deficiencias auditivas del programa de integraci\u00f3n del Hogar.<\/span><\/p>\n<p style=\"text-align: justify;\"><img data-recalc-dims=\"1\" loading=\"lazy\" decoding=\"async\" class=\"aligncenter size-full wp-image-129309\" src=\"https:\/\/i0.wp.com\/casadecampoliving-wp.s3-accelerate.amazonaws.com\/2016\/12\/DSC_0200.jpg?resize=1000%2C667&#038;ssl=1\" alt=\"dsc_0200\" width=\"1000\" height=\"667\" \/><\/p>\n<p id=\"tw-target-text\" class=\"tw-data-text tw-ta tw-text-small\" dir=\"ltr\" style=\"text-align: justify;\" data-placeholder=\"Translation\"><span lang=\"es\">Por tercer a\u00f1o consecutivo, el comediante Carlos S\u00e1nchez (Carlos Comic) vino a animar a\u00a0todos durante\u00a0las carreras, al igual que la corredora Natasha M\u00e9ndez que volvi\u00f3 a correr el 21k. \u00a1Incluso vimos a F\u00e9lix S\u00e1nchez aqu\u00ed! El doble campe\u00f3n ol\u00edmpico de oro estaba aqu\u00ed posando para las\u00a0fotos con los aficionados y alentando a todos a lo largo de sus carreras. Kenny Grull\u00f3n, otro popular comediante dominicano, tambi\u00e9n form\u00f3 parte de la carrera en el 10k.<\/span><\/p>\n<p style=\"text-align: justify;\"><img data-recalc-dims=\"1\" loading=\"lazy\" decoding=\"async\" class=\"aligncenter size-full wp-image-129311\" src=\"https:\/\/i0.wp.com\/casadecampoliving.com\/wp-content\/uploads\/2022\/10\/DSC_1403.jpg?resize=1000%2C667&#038;ssl=1\" alt=\"dsc_1403\" width=\"1000\" height=\"667\" \/><\/p>\n<p id=\"tw-target-text\" class=\"tw-data-text tw-ta tw-text-small\" dir=\"ltr\" style=\"text-align: justify;\" data-placeholder=\"Translation\"><span lang=\"es\">En la l\u00ednea de meta, los corredores fueron recibidos por sus seres queridos y seguidores. Tomaron botellas de agua y fueron felicitadas por un trabajo bien hecho. Otra ronda de Zumba sigui\u00f3 y todos disfrutaron de bocadillos de Higueral, Pick.aria, Bello Grill y m\u00e1s. Adem\u00e1s, una estaci\u00f3n de recuperaci\u00f3n de HSS &#8211; Hospital para cirug\u00eda especial &#8211; fue creada donde los\u00a0corredores pod\u00edan ir a\u00a0estirar sus m\u00fasculos doloridos. M\u00e1s tarde la multitud disfrut\u00f3 de la ceremonia de entrega de premios llevada a cabo por Renata So\u00f1\u00e9, Carlos S\u00e1nchez, Xioma Men\u00e9ndez del Hogar del Ni\u00f1o, as\u00ed como Juan Vel\u00e1zquez, vice presidente administrativo de Costasur.<\/span><\/p>\n<p style=\"text-align: justify;\"><img data-recalc-dims=\"1\" loading=\"lazy\" decoding=\"async\" class=\"aligncenter size-full wp-image-129303\" src=\"https:\/\/i0.wp.com\/casadecampoliving.com\/wp-content\/uploads\/2022\/10\/DSC_0643.jpg?resize=1000%2C667&#038;ssl=1\" alt=\"dsc_0643\" width=\"1000\" height=\"667\" \/><\/p>\n<p id=\"tw-target-text\" class=\"tw-data-text tw-ta tw-text-small\" dir=\"ltr\" style=\"text-align: justify;\" data-placeholder=\"Translation\"><span lang=\"es\">\u00a1Fue un final estupendo para un d\u00eda incre\u00edble! A continuaci\u00f3n encontrar\u00e1 un video de Bryan de la Cruz que fue publicado en el Facebook del PBO que resume el d\u00eda y \u00a0como un gran GRACIAS a todos:<\/span><\/p>\n<p style=\"text-align: center;\"><iframe loading=\"lazy\" style=\"border: none; overflow: hidden;\" src=\"https:\/\/www.facebook.com\/plugins\/video.php?href=https%3A%2F%2Fwww.facebook.com%2FsoyPBO%2Fvideos%2F1048335925275386%2F&amp;show_text=0&amp;width=560\" width=\"560\" height=\"315\" frameborder=\"0\" scrolling=\"no\" allowfullscreen=\"allowfullscreen\" data-mce-fragment=\"1\"><\/iframe><\/p>\n<p id=\"tw-target-text\" class=\"tw-data-text tw-ta tw-text-small\" dir=\"ltr\" style=\"text-align: justify;\" data-placeholder=\"Translation\"><span lang=\"es\">\u00a1Nosotros en Casa de Campo Living tambi\u00e9n FELICITAMOS\u00a0a todos los corredores por su dedicaci\u00f3n y determinaci\u00f3n! El apoyo de todos y las donaciones van a una causa hermosa. Para aquellos que no tuvieron la oportunidad de participar, comun\u00edquese con el Hogar del Ni\u00f1o para conocer m\u00e1s de sus pr\u00f3ximos eventos\u00a0y maneras de ayudar, \u00a1e incluso puede comenzar a entrenar ahora para que podamos verlo el pr\u00f3ximo a\u00f1o! <\/span><\/p>\n<p class=\"tw-data-text tw-ta tw-text-small\" dir=\"ltr\" style=\"text-align: justify;\" data-placeholder=\"Translation\"><span lang=\"es\">Las siguientes im\u00e1genes fueron tomadas por Alejandro Heredia durante Casa de Campo Corre para el Hogar del Ni\u00f1o en Casa de Campo, el domingo 27 de noviembre:<\/span><\/p>\n<p>[nggallery id =2745]<\/p>\n","protected":false},"excerpt":{"rendered":"<p>El pasado domingo 27 de noviembre se celebr\u00f3 el 3er Casa de Campo Corre para el Hogar del Ni\u00f1o \u00a1y fue un gran \u00e9xito! Cientos de participantes vinieron a Casa de Campo para correr por\u00a0los ni\u00f1os y divertirse con amigos y familiares.<\/p>\n","protected":false},"author":36682,"featured_media":314262,"comment_status":"closed","ping_status":"closed","sticky":false,"template":"","format":"standard","meta":{"newspack_ads_suppress_ads":false,"newspack_popups_has_disabled_popups":false,"newspack_sponsor_sponsorship_scope":"","newspack_sponsor_native_byline_display":"inherit","newspack_sponsor_native_category_display":"inherit","newspack_sponsor_underwriter_style":"inherit","newspack_sponsor_underwriter_placement":"inherit","_newspack_byline_active":false,"_newspack_byline":"","newspack_hide_updated_date":false,"newspack_show_updated_date":false,"newspack_content_restriction_is_exempt":false,"newspack_featured_image_position":"","newspack_post_subtitle":"","newspack_article_summary_title":"Overview:","newspack_article_summary":"","_jetpack_memberships_contains_paid_content":false,"footnotes":"","jetpack_publicize_message":"","jetpack_publicize_feature_enabled":true,"jetpack_social_post_already_shared":false,"jetpack_social_options":{"image_generator_settings":{"template":"highway","default_image_id":0,"font":"","enabled":false},"version":2},"_wpas_customize_per_network":false},"categories":[2513,2525,14631,2522,2514,2516,14625,2521,2527],"tags":[23815,4484,14736],"newspack_spnsrs_tax":[],"class_list":["post-350859","post","type-post","status-publish","format-standard","has-post-thumbnail","hentry","category-celebridades-es","category-golf-deportes-es","category-estilo-de-vida","category-eventos-es","category-fundaciones-es","category-hogar-del-nino-es","category-noticias-locales","category-republica-dominicana-2","category-salud","tag-casa-de-campo-es-17","tag-el-hogar-del-nino","tag-featured-topview-es","entry"],"yoast_head":"<!-- This site is optimized with the Yoast SEO plugin v27.4 - https:\/\/yoast.com\/product\/yoast-seo-wordpress\/ -->\n<title>Medallista ol\u00edmpico dominicano F\u00e9lix S\u00e1nchez vino a apoyar el 3er Casa de Campo Corre para el Hogar del Ni\u00f1o | Casa de Campo Living<\/title>\n<meta name=\"description\" content=\"El pasado domingo 27 de noviembre se celebr\u00f3 el 3er Casa de Campo Corre para el Hogar del Ni\u00f1o \u00a1y fue un gran \u00e9xito! Cientos de participantes vinieron a\" \/>\n<meta name=\"robots\" content=\"index, follow, max-snippet:-1, max-image-preview:large, max-video-preview:-1\" \/>\n<link rel=\"canonical\" href=\"https:\/\/casadecampoliving.com\/es\/felix-sanchez-vino-a-apoyar-el-3er-casa-de-campo-corre-para-el-hogar-del-nino\/\" \/>\n<meta property=\"og:locale\" content=\"es_ES\" \/>\n<meta property=\"og:type\" content=\"article\" \/>\n<meta property=\"og:title\" content=\"Medallista ol\u00edmpico dominicano F\u00e9lix S\u00e1nchez vino a apoyar el 3er Casa de Campo Corre para el Hogar del Ni\u00f1o | Casa de Campo Living\" \/>\n<meta property=\"og:description\" content=\"El pasado domingo 27 de noviembre se celebr\u00f3 el 3er Casa de Campo Corre para el Hogar del Ni\u00f1o \u00a1y fue un gran \u00e9xito! Cientos de participantes vinieron a\" \/>\n<meta property=\"og:url\" content=\"https:\/\/casadecampoliving.com\/es\/felix-sanchez-vino-a-apoyar-el-3er-casa-de-campo-corre-para-el-hogar-del-nino\/\" \/>\n<meta property=\"og:site_name\" content=\"Casa de Campo Living\" \/>\n<meta property=\"article:publisher\" content=\"https:\/\/www.facebook.com\/casadecampoliving\" \/>\n<meta property=\"article:published_time\" content=\"2016-12-01T04:00:00+00:00\" \/>\n<meta property=\"article:modified_time\" content=\"2022-11-10T14:01:36+00:00\" \/>\n<meta property=\"og:image\" content=\"https:\/\/i0.wp.com\/casadecampoliving.com\/wp-content\/uploads\/2022\/10\/DSC_0495-1.jpg?fit=1000%2C667&ssl=1\" \/>\n\t<meta property=\"og:image:width\" content=\"1000\" \/>\n\t<meta property=\"og:image:height\" content=\"667\" \/>\n\t<meta property=\"og:image:type\" content=\"image\/jpeg\" \/>\n<meta name=\"author\" content=\"Marlenys Guzm\u00e1n Casta\u00f1os\" \/>\n<meta name=\"twitter:card\" content=\"summary_large_image\" \/>\n<meta name=\"twitter:creator\" content=\"@cdcliving\" \/>\n<meta name=\"twitter:site\" content=\"@cdcliving\" \/>\n<meta name=\"twitter:label1\" content=\"Escrito por\" \/>\n\t<meta name=\"twitter:data1\" content=\"Marlenys Guzm\u00e1n Casta\u00f1os\" \/>\n\t<meta name=\"twitter:label2\" content=\"Tiempo de lectura\" \/>\n\t<meta name=\"twitter:data2\" content=\"3 minutos\" \/>\n<script type=\"application\/ld+json\" class=\"yoast-schema-graph\">{\"@context\":\"https:\\\/\\\/schema.org\",\"@graph\":[{\"@type\":\"Article\",\"@id\":\"https:\\\/\\\/casadecampoliving.com\\\/es\\\/felix-sanchez-vino-a-apoyar-el-3er-casa-de-campo-corre-para-el-hogar-del-nino\\\/#article\",\"isPartOf\":{\"@id\":\"https:\\\/\\\/casadecampoliving.com\\\/es\\\/felix-sanchez-vino-a-apoyar-el-3er-casa-de-campo-corre-para-el-hogar-del-nino\\\/\"},\"author\":{\"name\":\"Marlenys Guzm\u00e1n Casta\u00f1os\",\"@id\":\"https:\\\/\\\/casadecampoliving.com\\\/es\\\/#\\\/schema\\\/person\\\/b6606bd87f9cec8f5903e2141cafda24\"},\"headline\":\"Medallista ol\u00edmpico dominicano F\u00e9lix S\u00e1nchez vino a apoyar el 3er Casa de Campo Corre para el Hogar del Ni\u00f1o\",\"datePublished\":\"2016-12-01T04:00:00+00:00\",\"dateModified\":\"2022-11-10T14:01:36+00:00\",\"mainEntityOfPage\":{\"@id\":\"https:\\\/\\\/casadecampoliving.com\\\/es\\\/felix-sanchez-vino-a-apoyar-el-3er-casa-de-campo-corre-para-el-hogar-del-nino\\\/\"},\"wordCount\":665,\"publisher\":{\"@id\":\"https:\\\/\\\/casadecampoliving.com\\\/es\\\/#organization\"},\"image\":{\"@id\":\"https:\\\/\\\/casadecampoliving.com\\\/es\\\/felix-sanchez-vino-a-apoyar-el-3er-casa-de-campo-corre-para-el-hogar-del-nino\\\/#primaryimage\"},\"thumbnailUrl\":\"https:\\\/\\\/i0.wp.com\\\/casadecampoliving.com\\\/wp-content\\\/uploads\\\/2022\\\/10\\\/DSC_0495-1.jpg?fit=1000%2C667&ssl=1\",\"keywords\":[\"Casa de Campo\",\"el hogar del nino\",\"Featured-TopView @es\"],\"articleSection\":[\"Celebridades\",\"Deportes\",\"Estilo de Vida\",\"Eventos\",\"Fundaciones\",\"Hogar del Ni\u00f1o @es\",\"Noticias Locales\",\"Rep\u00fablica Dominicana @es\",\"Salud\"],\"inLanguage\":\"es\"},{\"@type\":\"WebPage\",\"@id\":\"https:\\\/\\\/casadecampoliving.com\\\/es\\\/felix-sanchez-vino-a-apoyar-el-3er-casa-de-campo-corre-para-el-hogar-del-nino\\\/\",\"url\":\"https:\\\/\\\/casadecampoliving.com\\\/es\\\/felix-sanchez-vino-a-apoyar-el-3er-casa-de-campo-corre-para-el-hogar-del-nino\\\/\",\"name\":\"Medallista ol\u00edmpico dominicano F\u00e9lix S\u00e1nchez vino a apoyar el 3er Casa de Campo Corre para el Hogar del Ni\u00f1o | Casa de Campo Living\",\"isPartOf\":{\"@id\":\"https:\\\/\\\/casadecampoliving.com\\\/es\\\/#website\"},\"primaryImageOfPage\":{\"@id\":\"https:\\\/\\\/casadecampoliving.com\\\/es\\\/felix-sanchez-vino-a-apoyar-el-3er-casa-de-campo-corre-para-el-hogar-del-nino\\\/#primaryimage\"},\"image\":{\"@id\":\"https:\\\/\\\/casadecampoliving.com\\\/es\\\/felix-sanchez-vino-a-apoyar-el-3er-casa-de-campo-corre-para-el-hogar-del-nino\\\/#primaryimage\"},\"thumbnailUrl\":\"https:\\\/\\\/i0.wp.com\\\/casadecampoliving.com\\\/wp-content\\\/uploads\\\/2022\\\/10\\\/DSC_0495-1.jpg?fit=1000%2C667&ssl=1\",\"datePublished\":\"2016-12-01T04:00:00+00:00\",\"dateModified\":\"2022-11-10T14:01:36+00:00\",\"description\":\"El pasado domingo 27 de noviembre se celebr\u00f3 el 3er Casa de Campo Corre para el Hogar del Ni\u00f1o \u00a1y fue un gran \u00e9xito! Cientos de participantes vinieron a\",\"breadcrumb\":{\"@id\":\"https:\\\/\\\/casadecampoliving.com\\\/es\\\/felix-sanchez-vino-a-apoyar-el-3er-casa-de-campo-corre-para-el-hogar-del-nino\\\/#breadcrumb\"},\"inLanguage\":\"es\",\"potentialAction\":[{\"@type\":\"ReadAction\",\"target\":[\"https:\\\/\\\/casadecampoliving.com\\\/es\\\/felix-sanchez-vino-a-apoyar-el-3er-casa-de-campo-corre-para-el-hogar-del-nino\\\/\"]}]},{\"@type\":\"ImageObject\",\"inLanguage\":\"es\",\"@id\":\"https:\\\/\\\/casadecampoliving.com\\\/es\\\/felix-sanchez-vino-a-apoyar-el-3er-casa-de-campo-corre-para-el-hogar-del-nino\\\/#primaryimage\",\"url\":\"https:\\\/\\\/i0.wp.com\\\/casadecampoliving.com\\\/wp-content\\\/uploads\\\/2022\\\/10\\\/DSC_0495-1.jpg?fit=1000%2C667&ssl=1\",\"contentUrl\":\"https:\\\/\\\/i0.wp.com\\\/casadecampoliving.com\\\/wp-content\\\/uploads\\\/2022\\\/10\\\/DSC_0495-1.jpg?fit=1000%2C667&ssl=1\",\"width\":1000,\"height\":667},{\"@type\":\"BreadcrumbList\",\"@id\":\"https:\\\/\\\/casadecampoliving.com\\\/es\\\/felix-sanchez-vino-a-apoyar-el-3er-casa-de-campo-corre-para-el-hogar-del-nino\\\/#breadcrumb\",\"itemListElement\":[{\"@type\":\"ListItem\",\"position\":1,\"name\":\"Home\",\"item\":\"https:\\\/\\\/casadecampoliving.com\\\/es\\\/\"},{\"@type\":\"ListItem\",\"position\":2,\"name\":\"Medallista ol\u00edmpico dominicano F\u00e9lix S\u00e1nchez vino a apoyar el 3er Casa de Campo Corre para el Hogar del Ni\u00f1o\"}]},{\"@type\":\"WebSite\",\"@id\":\"https:\\\/\\\/casadecampoliving.com\\\/es\\\/#website\",\"url\":\"https:\\\/\\\/casadecampoliving.com\\\/es\\\/\",\"name\":\"Casa de Campo Living\",\"description\":\"Resort community news and resources.\",\"publisher\":{\"@id\":\"https:\\\/\\\/casadecampoliving.com\\\/es\\\/#organization\"},\"potentialAction\":[{\"@type\":\"SearchAction\",\"target\":{\"@type\":\"EntryPoint\",\"urlTemplate\":\"https:\\\/\\\/casadecampoliving.com\\\/es\\\/?s={search_term_string}\"},\"query-input\":{\"@type\":\"PropertyValueSpecification\",\"valueRequired\":true,\"valueName\":\"search_term_string\"}}],\"inLanguage\":\"es\"},{\"@type\":\"Organization\",\"@id\":\"https:\\\/\\\/casadecampoliving.com\\\/es\\\/#organization\",\"name\":\"Casa de Campo Living\",\"url\":\"https:\\\/\\\/casadecampoliving.com\\\/es\\\/\",\"logo\":{\"@type\":\"ImageObject\",\"inLanguage\":\"es\",\"@id\":\"https:\\\/\\\/casadecampoliving.com\\\/es\\\/#\\\/schema\\\/logo\\\/image\\\/\",\"url\":\"https:\\\/\\\/i0.wp.com\\\/casadecampoliving.com\\\/wp-content\\\/uploads\\\/2022\\\/07\\\/CDCLivingLogo_V1-white-sized.png?fit=800%2C214&ssl=1\",\"contentUrl\":\"https:\\\/\\\/i0.wp.com\\\/casadecampoliving.com\\\/wp-content\\\/uploads\\\/2022\\\/07\\\/CDCLivingLogo_V1-white-sized.png?fit=800%2C214&ssl=1\",\"width\":800,\"height\":214,\"caption\":\"Casa de Campo Living\"},\"image\":{\"@id\":\"https:\\\/\\\/casadecampoliving.com\\\/es\\\/#\\\/schema\\\/logo\\\/image\\\/\"},\"sameAs\":[\"https:\\\/\\\/www.facebook.com\\\/casadecampoliving\",\"https:\\\/\\\/x.com\\\/cdcliving\"]},{\"@type\":\"Person\",\"@id\":\"https:\\\/\\\/casadecampoliving.com\\\/es\\\/#\\\/schema\\\/person\\\/b6606bd87f9cec8f5903e2141cafda24\",\"name\":\"Marlenys Guzm\u00e1n Casta\u00f1os\",\"image\":{\"@type\":\"ImageObject\",\"inLanguage\":\"es\",\"@id\":\"https:\\\/\\\/secure.gravatar.com\\\/avatar\\\/72f3f86b8e6b3ec744201aeadf11d4a6055e8af194aecd9ad30ffff4437878ee?s=96&d=mm&r=g\",\"url\":\"https:\\\/\\\/secure.gravatar.com\\\/avatar\\\/72f3f86b8e6b3ec744201aeadf11d4a6055e8af194aecd9ad30ffff4437878ee?s=96&d=mm&r=g\",\"contentUrl\":\"https:\\\/\\\/secure.gravatar.com\\\/avatar\\\/72f3f86b8e6b3ec744201aeadf11d4a6055e8af194aecd9ad30ffff4437878ee?s=96&d=mm&r=g\",\"caption\":\"Marlenys Guzm\u00e1n Casta\u00f1os\"},\"url\":\"https:\\\/\\\/casadecampoliving.com\\\/es\\\/author\\\/mguzman\\\/\"}]}<\/script>\n<!-- \/ Yoast SEO plugin. -->","yoast_head_json":{"title":"Medallista ol\u00edmpico dominicano F\u00e9lix S\u00e1nchez vino a apoyar el 3er Casa de Campo Corre para el Hogar del Ni\u00f1o | Casa de Campo Living","description":"El pasado domingo 27 de noviembre se celebr\u00f3 el 3er Casa de Campo Corre para el Hogar del Ni\u00f1o \u00a1y fue un gran \u00e9xito! Cientos de participantes vinieron a","robots":{"index":"index","follow":"follow","max-snippet":"max-snippet:-1","max-image-preview":"max-image-preview:large","max-video-preview":"max-video-preview:-1"},"canonical":"https:\/\/casadecampoliving.com\/es\/felix-sanchez-vino-a-apoyar-el-3er-casa-de-campo-corre-para-el-hogar-del-nino\/","og_locale":"es_ES","og_type":"article","og_title":"Medallista ol\u00edmpico dominicano F\u00e9lix S\u00e1nchez vino a apoyar el 3er Casa de Campo Corre para el Hogar del Ni\u00f1o | Casa de Campo Living","og_description":"El pasado domingo 27 de noviembre se celebr\u00f3 el 3er Casa de Campo Corre para el Hogar del Ni\u00f1o \u00a1y fue un gran \u00e9xito! Cientos de participantes vinieron a","og_url":"https:\/\/casadecampoliving.com\/es\/felix-sanchez-vino-a-apoyar-el-3er-casa-de-campo-corre-para-el-hogar-del-nino\/","og_site_name":"Casa de Campo Living","article_publisher":"https:\/\/www.facebook.com\/casadecampoliving","article_published_time":"2016-12-01T04:00:00+00:00","article_modified_time":"2022-11-10T14:01:36+00:00","og_image":[{"width":1000,"height":667,"url":"https:\/\/i0.wp.com\/casadecampoliving.com\/wp-content\/uploads\/2022\/10\/DSC_0495-1.jpg?fit=1000%2C667&ssl=1","type":"image\/jpeg"}],"author":"Marlenys Guzm\u00e1n Casta\u00f1os","twitter_card":"summary_large_image","twitter_creator":"@cdcliving","twitter_site":"@cdcliving","twitter_misc":{"Escrito por":"Marlenys Guzm\u00e1n Casta\u00f1os","Tiempo de lectura":"3 minutos"},"schema":{"@context":"https:\/\/schema.org","@graph":[{"@type":"Article","@id":"https:\/\/casadecampoliving.com\/es\/felix-sanchez-vino-a-apoyar-el-3er-casa-de-campo-corre-para-el-hogar-del-nino\/#article","isPartOf":{"@id":"https:\/\/casadecampoliving.com\/es\/felix-sanchez-vino-a-apoyar-el-3er-casa-de-campo-corre-para-el-hogar-del-nino\/"},"author":{"name":"Marlenys Guzm\u00e1n Casta\u00f1os","@id":"https:\/\/casadecampoliving.com\/es\/#\/schema\/person\/b6606bd87f9cec8f5903e2141cafda24"},"headline":"Medallista ol\u00edmpico dominicano F\u00e9lix S\u00e1nchez vino a apoyar el 3er Casa de Campo Corre para el Hogar del Ni\u00f1o","datePublished":"2016-12-01T04:00:00+00:00","dateModified":"2022-11-10T14:01:36+00:00","mainEntityOfPage":{"@id":"https:\/\/casadecampoliving.com\/es\/felix-sanchez-vino-a-apoyar-el-3er-casa-de-campo-corre-para-el-hogar-del-nino\/"},"wordCount":665,"publisher":{"@id":"https:\/\/casadecampoliving.com\/es\/#organization"},"image":{"@id":"https:\/\/casadecampoliving.com\/es\/felix-sanchez-vino-a-apoyar-el-3er-casa-de-campo-corre-para-el-hogar-del-nino\/#primaryimage"},"thumbnailUrl":"https:\/\/i0.wp.com\/casadecampoliving.com\/wp-content\/uploads\/2022\/10\/DSC_0495-1.jpg?fit=1000%2C667&ssl=1","keywords":["Casa de Campo","el hogar del nino","Featured-TopView @es"],"articleSection":["Celebridades","Deportes","Estilo de Vida","Eventos","Fundaciones","Hogar del Ni\u00f1o @es","Noticias Locales","Rep\u00fablica Dominicana @es","Salud"],"inLanguage":"es"},{"@type":"WebPage","@id":"https:\/\/casadecampoliving.com\/es\/felix-sanchez-vino-a-apoyar-el-3er-casa-de-campo-corre-para-el-hogar-del-nino\/","url":"https:\/\/casadecampoliving.com\/es\/felix-sanchez-vino-a-apoyar-el-3er-casa-de-campo-corre-para-el-hogar-del-nino\/","name":"Medallista ol\u00edmpico dominicano F\u00e9lix S\u00e1nchez vino a apoyar el 3er Casa de Campo Corre para el Hogar del Ni\u00f1o | Casa de Campo Living","isPartOf":{"@id":"https:\/\/casadecampoliving.com\/es\/#website"},"primaryImageOfPage":{"@id":"https:\/\/casadecampoliving.com\/es\/felix-sanchez-vino-a-apoyar-el-3er-casa-de-campo-corre-para-el-hogar-del-nino\/#primaryimage"},"image":{"@id":"https:\/\/casadecampoliving.com\/es\/felix-sanchez-vino-a-apoyar-el-3er-casa-de-campo-corre-para-el-hogar-del-nino\/#primaryimage"},"thumbnailUrl":"https:\/\/i0.wp.com\/casadecampoliving.com\/wp-content\/uploads\/2022\/10\/DSC_0495-1.jpg?fit=1000%2C667&ssl=1","datePublished":"2016-12-01T04:00:00+00:00","dateModified":"2022-11-10T14:01:36+00:00","description":"El pasado domingo 27 de noviembre se celebr\u00f3 el 3er Casa de Campo Corre para el Hogar del Ni\u00f1o \u00a1y fue un gran \u00e9xito! Cientos de participantes vinieron a","breadcrumb":{"@id":"https:\/\/casadecampoliving.com\/es\/felix-sanchez-vino-a-apoyar-el-3er-casa-de-campo-corre-para-el-hogar-del-nino\/#breadcrumb"},"inLanguage":"es","potentialAction":[{"@type":"ReadAction","target":["https:\/\/casadecampoliving.com\/es\/felix-sanchez-vino-a-apoyar-el-3er-casa-de-campo-corre-para-el-hogar-del-nino\/"]}]},{"@type":"ImageObject","inLanguage":"es","@id":"https:\/\/casadecampoliving.com\/es\/felix-sanchez-vino-a-apoyar-el-3er-casa-de-campo-corre-para-el-hogar-del-nino\/#primaryimage","url":"https:\/\/i0.wp.com\/casadecampoliving.com\/wp-content\/uploads\/2022\/10\/DSC_0495-1.jpg?fit=1000%2C667&ssl=1","contentUrl":"https:\/\/i0.wp.com\/casadecampoliving.com\/wp-content\/uploads\/2022\/10\/DSC_0495-1.jpg?fit=1000%2C667&ssl=1","width":1000,"height":667},{"@type":"BreadcrumbList","@id":"https:\/\/casadecampoliving.com\/es\/felix-sanchez-vino-a-apoyar-el-3er-casa-de-campo-corre-para-el-hogar-del-nino\/#breadcrumb","itemListElement":[{"@type":"ListItem","position":1,"name":"Home","item":"https:\/\/casadecampoliving.com\/es\/"},{"@type":"ListItem","position":2,"name":"Medallista ol\u00edmpico dominicano F\u00e9lix S\u00e1nchez vino a apoyar el 3er Casa de Campo Corre para el Hogar del Ni\u00f1o"}]},{"@type":"WebSite","@id":"https:\/\/casadecampoliving.com\/es\/#website","url":"https:\/\/casadecampoliving.com\/es\/","name":"Casa de Campo Living","description":"Resort community news and resources.","publisher":{"@id":"https:\/\/casadecampoliving.com\/es\/#organization"},"potentialAction":[{"@type":"SearchAction","target":{"@type":"EntryPoint","urlTemplate":"https:\/\/casadecampoliving.com\/es\/?s={search_term_string}"},"query-input":{"@type":"PropertyValueSpecification","valueRequired":true,"valueName":"search_term_string"}}],"inLanguage":"es"},{"@type":"Organization","@id":"https:\/\/casadecampoliving.com\/es\/#organization","name":"Casa de Campo Living","url":"https:\/\/casadecampoliving.com\/es\/","logo":{"@type":"ImageObject","inLanguage":"es","@id":"https:\/\/casadecampoliving.com\/es\/#\/schema\/logo\/image\/","url":"https:\/\/i0.wp.com\/casadecampoliving.com\/wp-content\/uploads\/2022\/07\/CDCLivingLogo_V1-white-sized.png?fit=800%2C214&ssl=1","contentUrl":"https:\/\/i0.wp.com\/casadecampoliving.com\/wp-content\/uploads\/2022\/07\/CDCLivingLogo_V1-white-sized.png?fit=800%2C214&ssl=1","width":800,"height":214,"caption":"Casa de Campo Living"},"image":{"@id":"https:\/\/casadecampoliving.com\/es\/#\/schema\/logo\/image\/"},"sameAs":["https:\/\/www.facebook.com\/casadecampoliving","https:\/\/x.com\/cdcliving"]},{"@type":"Person","@id":"https:\/\/casadecampoliving.com\/es\/#\/schema\/person\/b6606bd87f9cec8f5903e2141cafda24","name":"Marlenys Guzm\u00e1n Casta\u00f1os","image":{"@type":"ImageObject","inLanguage":"es","@id":"https:\/\/secure.gravatar.com\/avatar\/72f3f86b8e6b3ec744201aeadf11d4a6055e8af194aecd9ad30ffff4437878ee?s=96&d=mm&r=g","url":"https:\/\/secure.gravatar.com\/avatar\/72f3f86b8e6b3ec744201aeadf11d4a6055e8af194aecd9ad30ffff4437878ee?s=96&d=mm&r=g","contentUrl":"https:\/\/secure.gravatar.com\/avatar\/72f3f86b8e6b3ec744201aeadf11d4a6055e8af194aecd9ad30ffff4437878ee?s=96&d=mm&r=g","caption":"Marlenys Guzm\u00e1n Casta\u00f1os"},"url":"https:\/\/casadecampoliving.com\/es\/author\/mguzman\/"}]}},"parsely":{"version":"1.1.0","canonical_url":"https:\/\/casadecampoliving.com\/es\/felix-sanchez-vino-a-apoyar-el-3er-casa-de-campo-corre-para-el-hogar-del-nino\/","smart_links":{"inbound":0,"outbound":0},"traffic_boost_suggestions_count":0,"meta":{"@context":"https:\/\/schema.org","@type":"NewsArticle","headline":"Medallista ol\u00edmpico dominicano F\u00e9lix S\u00e1nchez vino a apoyar el 3er Casa de Campo Corre para el Hogar del Ni\u00f1o","url":"http:\/\/casadecampoliving.com\/es\/felix-sanchez-vino-a-apoyar-el-3er-casa-de-campo-corre-para-el-hogar-del-nino\/","mainEntityOfPage":{"@type":"WebPage","@id":"http:\/\/casadecampoliving.com\/es\/felix-sanchez-vino-a-apoyar-el-3er-casa-de-campo-corre-para-el-hogar-del-nino\/"},"thumbnailUrl":"https:\/\/i0.wp.com\/casadecampoliving.com\/wp-content\/uploads\/2022\/10\/DSC_0495-1.jpg?resize=150%2C150&ssl=1","image":{"@type":"ImageObject","url":"https:\/\/i0.wp.com\/casadecampoliving.com\/wp-content\/uploads\/2022\/10\/DSC_0495-1.jpg?fit=1000%2C667&ssl=1"},"articleSection":"Celebridades","author":[{"@type":"Person","name":"Marlenys Guzm\u00e1n Casta\u00f1os"}],"creator":["Marlenys Guzm\u00e1n Casta\u00f1os"],"publisher":{"@type":"Organization","name":"Casa de Campo Living","logo":"https:\/\/casadecampoliving.com\/wp-content\/uploads\/2022\/07\/CDCLivingLogo_V1-white-sized.png"},"keywords":["casa de campo","el hogar del nino","featured-topview @es"],"dateCreated":"2016-12-01T04:00:00Z","datePublished":"2016-12-01T04:00:00Z","dateModified":"2022-11-10T14:01:36Z"},"rendered":"<script type=\"application\/ld+json\" class=\"wp-parsely-metadata\">{\"@context\":\"https:\\\/\\\/schema.org\",\"@type\":\"NewsArticle\",\"headline\":\"Medallista ol\\u00edmpico dominicano F\\u00e9lix S\\u00e1nchez vino a apoyar el 3er Casa de Campo Corre para el Hogar del Ni\\u00f1o\",\"url\":\"http:\\\/\\\/casadecampoliving.com\\\/es\\\/felix-sanchez-vino-a-apoyar-el-3er-casa-de-campo-corre-para-el-hogar-del-nino\\\/\",\"mainEntityOfPage\":{\"@type\":\"WebPage\",\"@id\":\"http:\\\/\\\/casadecampoliving.com\\\/es\\\/felix-sanchez-vino-a-apoyar-el-3er-casa-de-campo-corre-para-el-hogar-del-nino\\\/\"},\"thumbnailUrl\":\"https:\\\/\\\/i0.wp.com\\\/casadecampoliving.com\\\/wp-content\\\/uploads\\\/2022\\\/10\\\/DSC_0495-1.jpg?resize=150%2C150&ssl=1\",\"image\":{\"@type\":\"ImageObject\",\"url\":\"https:\\\/\\\/i0.wp.com\\\/casadecampoliving.com\\\/wp-content\\\/uploads\\\/2022\\\/10\\\/DSC_0495-1.jpg?fit=1000%2C667&ssl=1\"},\"articleSection\":\"Celebridades\",\"author\":[{\"@type\":\"Person\",\"name\":\"Marlenys Guzm\\u00e1n Casta\\u00f1os\"}],\"creator\":[\"Marlenys Guzm\\u00e1n Casta\\u00f1os\"],\"publisher\":{\"@type\":\"Organization\",\"name\":\"Casa de Campo Living\",\"logo\":\"https:\\\/\\\/casadecampoliving.com\\\/wp-content\\\/uploads\\\/2022\\\/07\\\/CDCLivingLogo_V1-white-sized.png\"},\"keywords\":[\"casa de campo\",\"el hogar del nino\",\"featured-topview @es\"],\"dateCreated\":\"2016-12-01T04:00:00Z\",\"datePublished\":\"2016-12-01T04:00:00Z\",\"dateModified\":\"2022-11-10T14:01:36Z\"}<\/script>","tracker_url":"https:\/\/cdn.parsely.com\/keys\/casadecampoliving.com\/p.js"},"jetpack_publicize_connections":[],"jetpack_featured_media_url":"https:\/\/i0.wp.com\/casadecampoliving.com\/wp-content\/uploads\/2022\/10\/DSC_0495-1.jpg?fit=1000%2C667&ssl=1","jetpack-related-posts":[{"id":433460,"url":"https:\/\/casadecampoliving.com\/es\/no-se-pierdan-el-increible-tributo-a-frank-sinatra-para-celebrar-el-40-aniversario-del-anfiteatro-altos-de-chavon\/","url_meta":{"origin":350859,"position":0},"title":"No se pierdan el incre\u00edble tributo a Frank Sinatra para celebrar el 40 aniversario del\u00a0Anfiteatro Altos de Chav\u00f3n","author":"Casa de Campo Living","date":"20 Oct, 2022","format":false,"excerpt":"Siendo uno de los escenarios m\u00e1s emblem\u00e1ticos del pa\u00eds, Casa de Campo Resort\u00ae & Villas celebra las cuatro d\u00e9cadas de aniversario de Altos de Chav\u00f3n con un tributo al gran Frank Sinatra, protagonizado por artistas invitados y una big band tal cual la que acompa\u00f1\u00f3 al artista hace 40 a\u00f1os\u2026","rel":"","context":"En \u00abUncategorized @es\u00bb","block_context":{"text":"Uncategorized @es","link":"https:\/\/casadecampoliving.com\/es\/category\/uncategorized-es\/"},"img":{"alt_text":"","src":"https:\/\/i0.wp.com\/casadecampoliving.com\/wp-content\/uploads\/2022\/10\/Tributo-Frank-Sinatra-Foto-Principal-Amaury-Sanchez-Danilo-Ginebra-Andres-Pichardo-y-Jose-Gabriel-Perez-.jpg?fit=1200%2C873&ssl=1&resize=350%2C200","width":350,"height":200,"srcset":"https:\/\/i0.wp.com\/casadecampoliving.com\/wp-content\/uploads\/2022\/10\/Tributo-Frank-Sinatra-Foto-Principal-Amaury-Sanchez-Danilo-Ginebra-Andres-Pichardo-y-Jose-Gabriel-Perez-.jpg?fit=1200%2C873&ssl=1&resize=350%2C200 1x, https:\/\/i0.wp.com\/casadecampoliving.com\/wp-content\/uploads\/2022\/10\/Tributo-Frank-Sinatra-Foto-Principal-Amaury-Sanchez-Danilo-Ginebra-Andres-Pichardo-y-Jose-Gabriel-Perez-.jpg?fit=1200%2C873&ssl=1&resize=525%2C300 1.5x, https:\/\/i0.wp.com\/casadecampoliving.com\/wp-content\/uploads\/2022\/10\/Tributo-Frank-Sinatra-Foto-Principal-Amaury-Sanchez-Danilo-Ginebra-Andres-Pichardo-y-Jose-Gabriel-Perez-.jpg?fit=1200%2C873&ssl=1&resize=700%2C400 2x, https:\/\/i0.wp.com\/casadecampoliving.com\/wp-content\/uploads\/2022\/10\/Tributo-Frank-Sinatra-Foto-Principal-Amaury-Sanchez-Danilo-Ginebra-Andres-Pichardo-y-Jose-Gabriel-Perez-.jpg?fit=1200%2C873&ssl=1&resize=1050%2C600 3x"},"classes":[]},{"id":352288,"url":"https:\/\/casadecampoliving.com\/es\/eres-partidario-del-casa-de-campo-corre\/","url_meta":{"origin":350859,"position":1},"title":"\u00bfEres partidario del Casa de Campo Corre?","author":"Heather Lincoln","date":"11 Dic, 2017","format":false,"excerpt":"Los corredores en las distancias de 21k y 42k del Casa de Campo Corre se levantaron temprano, justo antes de que saliera el sol, y se dirigieron a la l\u00ednea de salida de la carrera por el Hogar del Ni\u00f1o. El cuarto a\u00f1o consecutivo del marat\u00f3n cont\u00f3 con el apoyo\u2026","rel":"","context":"En \u00abRep\u00fablica Dominicana @es\u00bb","block_context":{"text":"Rep\u00fablica Dominicana @es","link":"https:\/\/casadecampoliving.com\/es\/category\/republica-dominicana-2\/"},"img":{"alt_text":"Casa de Campo Corre for the Hogar del Ni\u00f1o","src":"https:\/\/i0.wp.com\/casadecampoliving.com\/wp-content\/uploads\/2022\/10\/GRB06318-scaled.jpg?fit=1200%2C800&ssl=1&resize=350%2C200","width":350,"height":200,"srcset":"https:\/\/i0.wp.com\/casadecampoliving.com\/wp-content\/uploads\/2022\/10\/GRB06318-scaled.jpg?fit=1200%2C800&ssl=1&resize=350%2C200 1x, https:\/\/i0.wp.com\/casadecampoliving.com\/wp-content\/uploads\/2022\/10\/GRB06318-scaled.jpg?fit=1200%2C800&ssl=1&resize=525%2C300 1.5x, https:\/\/i0.wp.com\/casadecampoliving.com\/wp-content\/uploads\/2022\/10\/GRB06318-scaled.jpg?fit=1200%2C800&ssl=1&resize=700%2C400 2x, https:\/\/i0.wp.com\/casadecampoliving.com\/wp-content\/uploads\/2022\/10\/GRB06318-scaled.jpg?fit=1200%2C800&ssl=1&resize=1050%2C600 3x"},"classes":[]},{"id":350044,"url":"https:\/\/casadecampoliving.com\/es\/pbo-casa-de-campo-corre-2016\/","url_meta":{"origin":350859,"position":2},"title":"\u00a1El PBO anuncia Casa de Campo Corre por el Hogar del Ni\u00f1o 2016!","author":"Heather Lincoln","date":"25 Jun, 2016","format":false,"excerpt":"\u00a1Hey gente! PBO nos esta dando tiempo para prepararnos para el pr\u00f3ximo Casa de Campo Corre. No parece que ha pasado tanto tiempo desde CDC Corre 2015, pero si, \u00a1ya hace casi un a\u00f1o! El 3er evento anual se llevar\u00e1 a cabo el domingo 27 de noviembre y no podr\u00edamos\u2026","rel":"","context":"En \u00abRep\u00fablica Dominicana @es\u00bb","block_context":{"text":"Rep\u00fablica Dominicana @es","link":"https:\/\/casadecampoliving.com\/es\/category\/republica-dominicana-2\/"},"img":{"alt_text":"Featured Image Upcoming Casa de Campo Corre 2016","src":"https:\/\/i0.wp.com\/casadecampoliving.com\/wp-content\/uploads\/2022\/10\/Featured-Image-Upcoming-Casa-de-Campo-Corre-2016-1.jpg?fit=1000%2C600&ssl=1&resize=350%2C200","width":350,"height":200,"srcset":"https:\/\/i0.wp.com\/casadecampoliving.com\/wp-content\/uploads\/2022\/10\/Featured-Image-Upcoming-Casa-de-Campo-Corre-2016-1.jpg?fit=1000%2C600&ssl=1&resize=350%2C200 1x, https:\/\/i0.wp.com\/casadecampoliving.com\/wp-content\/uploads\/2022\/10\/Featured-Image-Upcoming-Casa-de-Campo-Corre-2016-1.jpg?fit=1000%2C600&ssl=1&resize=525%2C300 1.5x, https:\/\/i0.wp.com\/casadecampoliving.com\/wp-content\/uploads\/2022\/10\/Featured-Image-Upcoming-Casa-de-Campo-Corre-2016-1.jpg?fit=1000%2C600&ssl=1&resize=700%2C400 2x"},"classes":[]},{"id":348741,"url":"https:\/\/casadecampoliving.com\/es\/2ndo-casa-de-campo-corre-hogar-del-nino-fotos\/","url_meta":{"origin":350859,"position":3},"title":"2do Casa de Campo Corre por el Hogar del Ni\u00f1o fue todo un \u00e9xito &#8211; \u00a1FOTOS!","author":"Felix Guerrero","date":"7 Dic, 2015","format":false,"excerpt":"El pasado domingo, 29 de noviembre se llev\u00f3 a cabo el 2do marat\u00f3n anual Casa de Campo Corre por el Hogar del Ni\u00f1o, el cual cont\u00f3 con la participaci\u00f3n de m\u00e1s de 600 participantes,\u00a0quienes abarrotaron las calles de\u00a0Casa de Campo corriendo por\u00a0los ni\u00f1os y pasando un buen rato entre familiares\u2026","rel":"","context":"En \u00abCasa de Campo Living @es\u00bb","block_context":{"text":"Casa de Campo Living @es","link":"https:\/\/casadecampoliving.com\/category\/casa-de-campo-living-es\/"},"img":{"alt_text":"","src":"https:\/\/i0.wp.com\/casadecampoliving.com\/wp-content\/uploads\/2022\/10\/Casa-de-Campo-Corre-3-1.jpg?fit=800%2C534&ssl=1&resize=350%2C200","width":350,"height":200,"srcset":"https:\/\/i0.wp.com\/casadecampoliving.com\/wp-content\/uploads\/2022\/10\/Casa-de-Campo-Corre-3-1.jpg?fit=800%2C534&ssl=1&resize=350%2C200 1x, https:\/\/i0.wp.com\/casadecampoliving.com\/wp-content\/uploads\/2022\/10\/Casa-de-Campo-Corre-3-1.jpg?fit=800%2C534&ssl=1&resize=525%2C300 1.5x, https:\/\/i0.wp.com\/casadecampoliving.com\/wp-content\/uploads\/2022\/10\/Casa-de-Campo-Corre-3-1.jpg?fit=800%2C534&ssl=1&resize=700%2C400 2x"},"classes":[]},{"id":353007,"url":"https:\/\/casadecampoliving.com\/es\/el-casa-de-campo-corre-para-el-hogar-del-nino-2018-es-este-domingo\/","url_meta":{"origin":350859,"position":4},"title":"\u00a1El Casa de Campo Corre para el Hogar del Ni\u00f1o 2018 es este domingo!","author":"Casa de Campo Living","date":"22 Nov, 2018","format":false,"excerpt":"Ponte los zapatos para correr \u2026 \u00a1el Casa de Campo Corre para el Hogar del Ni\u00f1o es este domingo! Esperamos que todos est\u00e9n en buena forma para todo lo que el Patronato Ben\u00e9fico Oriental tiene para usted este domingo 25 de noviembre a partir de las 5:30 am. El evento\u2026","rel":"","context":"En \u00abDeportes\u00bb","block_context":{"text":"Deportes","link":"https:\/\/casadecampoliving.com\/es\/category\/golf-deportes-es\/"},"img":{"alt_text":"","src":"https:\/\/i0.wp.com\/casadecampoliving.com\/wp-content\/uploads\/2018\/11\/GRB06338-1.jpg?resize=350%2C200&ssl=1","width":350,"height":200,"srcset":"https:\/\/i0.wp.com\/casadecampoliving.com\/wp-content\/uploads\/2018\/11\/GRB06338-1.jpg?resize=350%2C200&ssl=1 1x, https:\/\/i0.wp.com\/casadecampoliving.com\/wp-content\/uploads\/2018\/11\/GRB06338-1.jpg?resize=525%2C300&ssl=1 1.5x, https:\/\/i0.wp.com\/casadecampoliving.com\/wp-content\/uploads\/2018\/11\/GRB06338-1.jpg?resize=700%2C400&ssl=1 2x"},"classes":[]},{"id":351880,"url":"https:\/\/casadecampoliving.com\/es\/reserven-la-fecha-para-casa-de-campo-corre-por-el-hogar-del-nino-2017\/","url_meta":{"origin":350859,"position":5},"title":"Reserven la fecha para Casa de Campo Corre por el Hogar del Ni\u00f1o 2017","author":"Marlenys Guzm\u00e1n Casta\u00f1os","date":"21 Ago, 2017","format":false,"excerpt":"Estamos seguros de que ya est\u00e1n entrenando para el pr\u00f3ximo Bayahibe 10k, lo cual es genial, \u00a1ya que el PBO ha fijado una fecha para el pr\u00f3ximo Casa de Campo Corre! El 4\u00ba evento anual se llevar\u00e1 a cabo el domingo 26 de noviembre, y no podr\u00edamos estar m\u00e1s emocionados\u2026","rel":"","context":"En \u00abRep\u00fablica Dominicana @es\u00bb","block_context":{"text":"Rep\u00fablica Dominicana @es","link":"https:\/\/casadecampoliving.com\/es\/category\/republica-dominicana-2\/"},"img":{"alt_text":"","src":"https:\/\/i0.wp.com\/casadecampoliving.com\/wp-content\/uploads\/2022\/10\/Casa-de-Campo-Corre-2017-Featured-1.jpg?fit=1000%2C600&ssl=1&resize=350%2C200","width":350,"height":200,"srcset":"https:\/\/i0.wp.com\/casadecampoliving.com\/wp-content\/uploads\/2022\/10\/Casa-de-Campo-Corre-2017-Featured-1.jpg?fit=1000%2C600&ssl=1&resize=350%2C200 1x, https:\/\/i0.wp.com\/casadecampoliving.com\/wp-content\/uploads\/2022\/10\/Casa-de-Campo-Corre-2017-Featured-1.jpg?fit=1000%2C600&ssl=1&resize=525%2C300 1.5x, https:\/\/i0.wp.com\/casadecampoliving.com\/wp-content\/uploads\/2022\/10\/Casa-de-Campo-Corre-2017-Featured-1.jpg?fit=1000%2C600&ssl=1&resize=700%2C400 2x"},"classes":[]}],"jetpack_sharing_enabled":true,"_links":{"self":[{"href":"https:\/\/casadecampoliving.com\/es\/wp-json\/wp\/v2\/posts\/350859","targetHints":{"allow":["GET"]}}],"collection":[{"href":"https:\/\/casadecampoliving.com\/es\/wp-json\/wp\/v2\/posts"}],"about":[{"href":"https:\/\/casadecampoliving.com\/es\/wp-json\/wp\/v2\/types\/post"}],"author":[{"embeddable":true,"href":"https:\/\/casadecampoliving.com\/es\/wp-json\/wp\/v2\/users\/36682"}],"replies":[{"embeddable":true,"href":"https:\/\/casadecampoliving.com\/es\/wp-json\/wp\/v2\/comments?post=350859"}],"version-history":[{"count":1,"href":"https:\/\/casadecampoliving.com\/es\/wp-json\/wp\/v2\/posts\/350859\/revisions"}],"predecessor-version":[{"id":350860,"href":"https:\/\/casadecampoliving.com\/es\/wp-json\/wp\/v2\/posts\/350859\/revisions\/350860"}],"wp:featuredmedia":[{"embeddable":true,"href":"https:\/\/casadecampoliving.com\/es\/wp-json\/wp\/v2\/media\/314262"}],"wp:attachment":[{"href":"https:\/\/casadecampoliving.com\/es\/wp-json\/wp\/v2\/media?parent=350859"}],"wp:term":[{"taxonomy":"category","embeddable":true,"href":"https:\/\/casadecampoliving.com\/es\/wp-json\/wp\/v2\/categories?post=350859"},{"taxonomy":"post_tag","embeddable":true,"href":"https:\/\/casadecampoliving.com\/es\/wp-json\/wp\/v2\/tags?post=350859"},{"taxonomy":"newspack_spnsrs_tax","embeddable":true,"href":"https:\/\/casadecampoliving.com\/es\/wp-json\/wp\/v2\/newspack_spnsrs_tax?post=350859"}],"curies":[{"name":"wp","href":"https:\/\/api.w.org\/{rel}","templated":true}]}}